{"id":99706,"date":"2022-03-21T03:00:57","date_gmt":"2022-03-21T02:00:57","guid":{"rendered":"https:\/\/www.cde.ual.es\/?p=99706"},"modified":"2022-03-22T13:24:06","modified_gmt":"2022-03-22T12:24:06","slug":"official-statements-regarding-the-situation-in-ukraine-v","status":"publish","type":"post","link":"https:\/\/www.cde.ual.es\/en\/official-statements-regarding-the-situation-in-ukraine-v\/","title":{"rendered":"Official statements regarding the situation in Ukraine (V)"},"content":{"rendered":"<p><img decoding=\"async\" class=\"aligncenter\" src=\"https:\/\/www.cde.ual.es\/wp-content\/uploads\/2022\/02\/Ucrania.jpg\" \/><\/p>\n<p class=\"ep-wysiwig_paragraph\" style=\"text-align: center;\"><strong>The European Documentation Center of Almeria collects in this entry the latest news, meetings and institutional statements regarding the situation between Ukraine and Russia. To consult all the content of each news item, we suggest to follow the indicated links.<\/strong><\/p>\n<h3>March 20<\/h3>\n<p>The European Union condemns in the strongest possible terms the behaviour of the Russian occupation troops and their proxies who are detaining, abducting\u00a0or kidnapping\u00a0Ukrainian journalists, civil society activists, local officials and other civilians in Ukrainian territories temporarily under the illegal and illegitimate control by the Russian Armed Forces.<\/p>\n<table style=\"width: 99.9988%; border-collapse: collapse; border-style: double; border-color: #001f7d;\" cellpadding=\"0,5\">\n<tbody>\n<tr>\n<td style=\"width: 100%;\"><a href=\"https:\/\/www.cde.ual.es\/en\/ukraine-statement-by-the-spokesperson-on-the-abductions-of-ukrainian-officials-and-citizens-by-russian-occupation-troops\/\" target=\"_blank\" rel=\"noopener\"><img decoding=\"async\" class=\"alignleft\" src=\"https:\/\/www.cde.ual.es\/wp-content\/uploads\/2022\/03\/Insignia_of_the_European_External_Action_Service.svg_.png\" alt=\"\" width=\"148\" height=\"148\" \/><\/a><\/p>\n<h4 class=\"entry-title\"><a href=\"https:\/\/www.cde.ual.es\/en\/ukraine-statement-by-the-spokesperson-on-the-abductions-of-ukrainian-officials-and-citizens-by-russian-occupation-troops\/\" target=\"_blank\" rel=\"noopener\">Ukraine: Statement by the Spokesperson on the abductions of Ukrainian officials and citizens by Russian occupation troops<br \/>\n<\/a><\/h4>\n<\/td>\n<\/tr>\n<\/tbody>\n<\/table>\n<h3>March 18<\/h3>\n<p>Millions of Ukrainians are seeking shelter in the European Union \u2013 torn from their families and country by Putin\u2019s bombs. The scenes of war are devastating. But the images of European citizens welcoming refugees show another picture \u2013 they show hope.<\/p>\n<table style=\"width: 99.9988%; border-collapse: collapse; border-style: double; border-color: #001f7d;\" cellpadding=\"0,5\">\n<tbody>\n<tr>\n<td style=\"width: 100%;\"><a href=\"https:\/\/www.cde.ual.es\/refugiados-de-ucrania-directrices-operativas-para-ayudar-a-los-estados-miembros-a-aplicar-la-directiva-sobre-proteccion-temporal\/\" target=\"_blank\" rel=\"noopener\"><img decoding=\"async\" class=\"alignleft\" src=\"https:\/\/www.cde.ual.es\/wp-content\/uploads\/2022\/03\/SUVZDLPYIZH5FJFOX7RFJP7ARA.jpg\" alt=\"\" width=\"148\" height=\"148\" \/><\/a><\/p>\n<h4 class=\"entry-title\"><a href=\"https:\/\/www.cde.ual.es\/refugiados-de-ucrania-directrices-operativas-para-ayudar-a-los-estados-miembros-a-aplicar-la-directiva-sobre-proteccion-temporal\/\" target=\"_blank\" rel=\"noopener\">Speech by President von der Leyen at the 8th Cohesion Forum<\/a><\/h4>\n<\/td>\n<\/tr>\n<\/tbody>\n<\/table>\n<p>Since the start of the Russian military invasion of Ukraine on 24 February, more than 3 million people have fled the country, with UN estimates suggesting that more than half of them are children. To respond to this unprecedented situation, the EU agreed in record time to activate the\u00a0<a href=\"https:\/\/eur-lex.europa.eu\/legal-content\/EN\/ALL\/?uri=CELEX%3A32001L0055\">Temporary Protection Directive<\/a>\u00a0to help people fleeing war in Ukraine. The Directive became immediately applicable on 4 March and now offers immediate protection and a clear legal status to millions of people.<\/p>\n<table style=\"width: 99.9988%; border-collapse: collapse; border-style: double; border-color: #001f7d;\" cellpadding=\"0,5\">\n<tbody>\n<tr>\n<td style=\"width: 100%;\"><a href=\"https:\/\/www.cde.ual.es\/en\/ukraine-refugees-operational-guidelines-to-support-member-states-in-applying-the-temporary-protection-directive\/\" target=\"_blank\" rel=\"noopener\"><img decoding=\"async\" class=\"alignleft\" src=\"https:\/\/www.cde.ual.es\/wp-content\/uploads\/2022\/03\/image1170x530cropped.jpg\" alt=\"\" width=\"148\" height=\"148\" \/><\/a><\/p>\n<h4 class=\"entry-title\"><a href=\"https:\/\/www.cde.ual.es\/en\/ukraine-refugees-operational-guidelines-to-support-member-states-in-applying-the-temporary-protection-directive\/\" target=\"_blank\" rel=\"noopener\">Ukraine refugees: Operational guidelines to support Member States in applying the Temporary Protection Directive<\/a><\/h4>\n<\/td>\n<\/tr>\n<\/tbody>\n<\/table>\n<h3>March 17<\/h3>\n<p>On Wednesday, the Committee of Ministers of the Council of Europe decided to cease the membership of the Russian Federation in the Council of Europe as from 16 March. The decision was taken based on Parliamentary\u00a0Assembly of the\u00a0Council of\u00a0Europe\u00a0(PACE)\u00a0unanimous opinion, adopted following Russia\u2019s grave violations of the Council of Europe\u00a0Statute in accordance with the\u00a0due procedures.<\/p>\n<table style=\"width: 99.9988%; border-collapse: collapse; border-style: double; border-color: #001f7d;\" cellpadding=\"0,5\">\n<tbody>\n<tr>\n<td style=\"width: 100%;\"><a href=\"https:\/\/www.cde.ual.es\/consejo-de-europa-declaracion-del-alto-representante-sobre-el-cese-de-la-adhesion-de-rusia\/\" target=\"_blank\" rel=\"noopener\"><img decoding=\"async\" class=\"alignleft\" src=\"https:\/\/www.cde.ual.es\/wp-content\/uploads\/2022\/03\/53220_018-.jpg\" alt=\"\" width=\"148\" height=\"148\" \/><\/a><\/p>\n<h4 class=\"entry-title\"><a href=\"https:\/\/www.cde.ual.es\/consejo-de-europa-declaracion-del-alto-representante-sobre-el-cese-de-la-adhesion-de-rusia\/\" target=\"_blank\" rel=\"noopener\">Council of Europe: Statement by the High Representative on the cessation of Russia&#8217;s membership<\/a><\/h4>\n<\/td>\n<\/tr>\n<\/tbody>\n<\/table>\n<p class=\"ecl-heading ecl-heading--h1 ecl-u-color-white\">Ministerial Joint Statement on the Russian Elites, Proxies, and Oligarchs Task Force by the European Commission, the United States, Australia, Canada, France, Germany, Italy, Japan and the United Kingdom<\/p>\n<table style=\"width: 99.9988%; border-collapse: collapse; border-style: double; border-color: #001f7d;\" cellpadding=\"0,5\">\n<tbody>\n<tr>\n<td style=\"width: 100%;\"><a href=\"https:\/\/www.cde.ual.es\/declaracion-conjunta-ministerial-sobre-el-grupo-de-trabajo-de-elites-apoderados-y-oligarcas-rusos\/\" target=\"_blank\" rel=\"noopener\"><img decoding=\"async\" class=\"alignleft\" src=\"https:\/\/www.cde.ual.es\/wp-content\/uploads\/2021\/03\/European_Commission.svg_.png\" alt=\"\" width=\"148\" height=\"148\" \/><\/a><\/p>\n<h4 class=\"entry-title\"><a href=\"https:\/\/www.cde.ual.es\/declaracion-conjunta-ministerial-sobre-el-grupo-de-trabajo-de-elites-apoderados-y-oligarcas-rusos\/\" target=\"_blank\" rel=\"noopener\">Ministerial Joint Statement on the Russian Elites, Proxies, and Oligarchs Task Force<\/a><\/h4>\n<\/td>\n<\/tr>\n<\/tbody>\n<\/table>\n<p>The Council adopted a decision on the signing of a status agreement between the EU and the Republic of Moldova regarding operational activities carried out by Frontex. The agreement will be signed today, so that Frontex operational support can be provided to Moldova as soon as possible under the provisional application of the agreement.<\/p>\n<table style=\"width: 99.9988%; border-collapse: collapse; border-style: double; border-color: #001f7d;\" cellpadding=\"0,5\">\n<tbody>\n<tr>\n<td style=\"width: 100%;\"><a href=\"https:\/\/www.cde.ual.es\/moldavia-el-consejo-adopta-la-decision-de-firmar-un-acuerdo-de-apoyo-operativo-de-frontex-ante-la-invasion-rusa-de-ucrania\/\" target=\"_blank\" rel=\"noopener\"><img decoding=\"async\" class=\"alignleft\" src=\"https:\/\/www.cde.ual.es\/wp-content\/uploads\/2020\/12\/european_council_38185339475.jpg\" alt=\"\" width=\"148\" height=\"148\" \/><\/a><\/p>\n<h4 class=\"entry-title\"><a href=\"https:\/\/www.cde.ual.es\/moldavia-el-consejo-adopta-la-decision-de-firmar-un-acuerdo-de-apoyo-operativo-de-frontex-ante-la-invasion-rusa-de-ucrania\/\" target=\"_blank\" rel=\"noopener\">Moldova: Council adopts decision to sign agreement for Frontex operational support in light of Russia&#8217;s invasion of Ukraine<\/a><\/h4>\n<\/td>\n<\/tr>\n<\/tbody>\n<\/table>\n<p>The European Commission&#8217;s\u00a0<strong>\u2018Freeze and Seize&#8217; Task Force<\/strong>, set up to ensure EU-level coordination to implement sanctions against listed Russian and Belarussian oligarchs, has now stepped up its action at international level.\u00a0 It will work alongside the newly established &#8216;Russian Elites, Proxies, and Oligarchs (REPO)&#8217; Task Force, under which the EU operates together with the G7 countries Canada, France, Germany, Italy, Japan, the United Kingdom and the United States, as well as Australia.<\/p>\n<table style=\"width: 99.9988%; border-collapse: collapse; border-style: double; border-color: #001f7d;\" cellpadding=\"0,5\">\n<tbody>\n<tr>\n<td style=\"width: 100%;\"><a href=\"https:\/\/www.cde.ual.es\/ejecucion-de-las-sanciones-contra-los-oligarcas-rusos-y-bielorrusos-incluidos-en-la-lista\/\" target=\"_blank\" rel=\"noopener\"><img decoding=\"async\" class=\"alignleft\" src=\"https:\/\/www.cde.ual.es\/wp-content\/uploads\/2020\/09\/comision-europea.jpg\" alt=\"\" width=\"148\" height=\"148\" \/><\/a><\/p>\n<h4 class=\"entry-title\"><a href=\"https:\/\/www.cde.ual.es\/ejecucion-de-las-sanciones-contra-los-oligarcas-rusos-y-bielorrusos-incluidos-en-la-lista\/\" target=\"_blank\" rel=\"noopener\">Enforcing sanctions against listed Russian and Belarussian oligarchs<\/a><\/h4>\n<\/td>\n<\/tr>\n<\/tbody>\n<\/table>\n<p>The European Union condemns in the strongest possible terms the Russian Armed Forces and their proxies continued targeting of Ukraine\u2019s civilian population and civilian infrastructure, as well as their siege of the city of Mariupol.<\/p>\n<table style=\"width: 99.9988%; border-collapse: collapse; border-style: double; border-color: #001f7d;\" cellpadding=\"0,5\">\n<tbody>\n<tr>\n<td style=\"width: 100%;\"><a href=\"https:\/\/www.cde.ual.es\/ucrania-declaracion-del-alto-representante-sobre-los-ataques-a-la-poblacion-civil-por-parte-de-rusia\/\" target=\"_blank\" rel=\"noopener\"><img decoding=\"async\" class=\"alignleft\" src=\"https:\/\/www.cde.ual.es\/wp-content\/uploads\/2019\/12\/borrell-personal-statement.jpg\" alt=\"\" width=\"148\" height=\"148\" \/><\/a><\/p>\n<h4 class=\"entry-title\"><a href=\"https:\/\/www.cde.ual.es\/ucrania-declaracion-del-alto-representante-sobre-los-ataques-a-la-poblacion-civil-por-parte-de-rusia\/\" target=\"_blank\" rel=\"noopener\">Ukraine: Statement by the High Representative on the targeting of civilians by Russia<\/a><\/h4>\n<\/td>\n<\/tr>\n<\/tbody>\n<\/table>\n<p>The German Foreign Minister Annalena Baerbock chaired a video conference of the G7 Foreign Ministers of Canada, France, Germany, Italy, Japan, the United Kingdom, and the United States of America, and the High Representative of the European Union.<\/p>\n<table style=\"width: 99.9988%; border-collapse: collapse; border-style: double; border-color: #001f7d;\" cellpadding=\"0,5\">\n<tbody>\n<tr>\n<td style=\"width: 100%;\"><a href=\"https:\/\/www.cde.ual.es\/g7-declaracion-del-presidente-sobre-la-convocatoria-de-ayer\/\" target=\"_blank\" rel=\"noopener\"><img decoding=\"async\" class=\"alignleft\" src=\"https:\/\/www.cde.ual.es\/wp-content\/uploads\/2022\/02\/268366195-Logo-G7.png\" alt=\"\" width=\"148\" height=\"148\" \/><\/a><\/p>\n<h4 class=\"entry-title\"><a href=\"https:\/\/www.cde.ual.es\/g7-declaracion-del-presidente-sobre-la-convocatoria-de-ayer\/\" target=\"_blank\" rel=\"noopener\">G7: Chair\u2019s Statement on yesterday\u2019s call<br \/>\n<\/a><\/h4>\n<\/td>\n<\/tr>\n<\/tbody>\n<\/table>\n<p>High Representative\/Vice-President Josep Borrell concluded his visit to three countries in the Western Balkans in Bosnia and Herzegovina on 16 March.<\/p>\n<p>The High Representative visited the EU Operation EUFOR Althea, received by COMEUFOR Major General Anton General Wessely.<\/p>\n<table style=\"width: 99.9988%; border-collapse: collapse; border-style: double; border-color: #001f7d;\" cellpadding=\"0,5\">\n<tbody>\n<tr>\n<td style=\"width: 100%;\"><a href=\"https:\/\/www.cde.ual.es\/bosnia-y-herzegovina-el-alto-representante-borrell-visito-sarajevo-para-confirmar-el-compromiso-inquebrantable-de-la-ue-con-la-paz-la-seguridad-y-la-estabilidad\/\" target=\"_blank\" rel=\"noopener\"><img decoding=\"async\" class=\"alignleft\" src=\"https:\/\/www.cde.ual.es\/wp-content\/uploads\/2022\/03\/008-BIH-Presidency-meeting-photo-Sulejman-Omerbasic-1024x682-1.jpg\" alt=\"\" width=\"148\" height=\"148\" \/><\/a><\/p>\n<h4 class=\"entry-title\"><a href=\"https:\/\/www.cde.ual.es\/bosnia-y-herzegovina-el-alto-representante-borrell-visito-sarajevo-para-confirmar-el-compromiso-inquebrantable-de-la-ue-con-la-paz-la-seguridad-y-la-estabilidad\/\" target=\"_blank\" rel=\"noopener\">Bosnia and Herzegovina: High Representative\/Vice-President Borrell visited Sarajevo to confirm EU\u2019s unwavering commitment to peace, safety and stability<\/a><\/h4>\n<\/td>\n<\/tr>\n<\/tbody>\n<\/table>\n<h3>March 14<\/h3>\n<div class=\"col-md-9 council-left-content-basic council-main-title\">\n<div class=\"padding-bottom-0 margin-bottom-20 no-bb\">\n<div class=\"col-md-9 council-left-content-basic council-main-title\">\n<div class=\"padding-bottom-0 margin-bottom-20 no-bb\">\n<p>Following up on the informal meeting of the EU heads of state and government on 10-11 March, the Council today decided to impose a fourth package of economic and individual sanctions in respect of Russia\u2019s military aggression against Ukraine.<\/p>\n<\/div>\n<\/div>\n<table style=\"width: 99.9988%; border-collapse: collapse; border-style: double; border-color: #001f7d;\" cellpadding=\"0,5\">\n<tbody>\n<tr>\n<td style=\"width: 100%;\"><a href=\"https:\/\/www.cde.ual.es\/en\/russias-military-aggression-against-ukraine-fourth-eu-package-of-sectoral-and-individual-measures\/\" target=\"_blank\" rel=\"noopener\"><img decoding=\"async\" class=\"alignleft\" src=\"https:\/\/www.cde.ual.es\/wp-content\/uploads\/2022\/03\/jb-meeting-24-jan-1.jpg\" alt=\"\" width=\"148\" height=\"148\" \/><\/a><\/p>\n<h4 class=\"entry-title\"><a href=\"https:\/\/www.cde.ual.es\/en\/russias-military-aggression-against-ukraine-fourth-eu-package-of-sectoral-and-individual-measures\/\" target=\"_blank\" rel=\"noopener\">Russia\u2019s military aggression against Ukraine: fourth EU package of sectoral and individual measures<br \/>\n<\/a><\/h4>\n<\/td>\n<\/tr>\n<\/tbody>\n<\/table>\n<\/div>\n<\/div>\n<div class=\"col-md-9 council-left-content-basic council-flexify\"><\/div>\n<p>&#8220;Exactly two years ago, in mid-March 2020, in the middle of the pandemic crisis we were taking important decisions. You may remember the first important decisions were taken exactly in mid-March by the ECB and the Commission on fiscal rules and on State-aid rules.<\/p>\n<p>Two years after we are facing a war on our border. So the first message from all of us, as Paschal said, is a message of support and of solidarity.&#8221;<\/p>\n<table style=\"width: 99.9988%; border-collapse: collapse; border-style: double; border-color: #001f7d;\" cellpadding=\"0,5\">\n<tbody>\n<tr>\n<td style=\"width: 100%;\"><a href=\"https:\/\/www.cde.ual.es\/en\/press-remarks-by-commissioner-gentiloni-at-the-eurogroup-press-conference\/\" target=\"_blank\" rel=\"noopener\"><img decoding=\"async\" class=\"alignleft\" src=\"https:\/\/www.cde.ual.es\/wp-content\/uploads\/2022\/03\/Hearing_with_Paolo_Gentiloni_candidate_commissioner_for_economy_48836479112.jpg\" alt=\"\" width=\"148\" height=\"148\" \/><\/a><\/p>\n<h4 class=\"entry-title\"><a href=\"https:\/\/www.cde.ual.es\/en\/press-remarks-by-commissioner-gentiloni-at-the-eurogroup-press-conference\/\" target=\"_blank\" rel=\"noopener\">Press remarks by Commissioner Gentiloni at the Eurogroup press conference<br \/>\n<\/a><\/h4>\n<\/td>\n<\/tr>\n<\/tbody>\n<\/table>\n<p>&#8220;My thoughts go first and foremost to the victims of Russia&#8217;s terrible aggression in Ukraine. The harrowing pictures of human suffering have touched us all. The European Union and our international partners have mobilised fully to support the people of Ukraine, to isolate Russia and to maximise the price that will be paid by Putin&#8217;s regime as they pursue their awful policies.&#8221;<\/p>\n<table style=\"width: 99.9988%; border-collapse: collapse; border-style: double; border-color: #001f7d;\" cellpadding=\"0,5\">\n<tbody>\n<tr>\n<td style=\"width: 100%;\"><a href=\"https:\/\/www.cde.ual.es\/en\/remarks-by-paschal-donohoe-following-the-eurogroup-meeting-of-14-march-2022\/\" target=\"_blank\" rel=\"noopener\"><img decoding=\"async\" class=\"alignleft\" src=\"https:\/\/www.cde.ual.es\/wp-content\/uploads\/2022\/03\/donohoe-scaled.jpg\" alt=\"\" width=\"148\" height=\"148\" \/><\/a><\/p>\n<h4 class=\"entry-title\"><a href=\"https:\/\/www.cde.ual.es\/en\/remarks-by-paschal-donohoe-following-the-eurogroup-meeting-of-14-march-2022\/\" target=\"_blank\" rel=\"noopener\">Remarks by Paschal Donohoe following the Eurogroup meeting of 14 March 2022<\/a><\/h4>\n<\/td>\n<\/tr>\n<\/tbody>\n<\/table>\n<p>&nbsp;<\/p>\n<hr \/>\n<h3>News and statements prior to March 7:<\/h3>\n<table style=\"width: 99.9988%; border-collapse: collapse; border-style: double; border-color: #001f7d;\" cellpadding=\"0,5\">\n<tbody>\n<tr>\n<td style=\"width: 100%;\"><a href=\"https:\/\/www.cde.ual.es\/declaraciones-institucionales-respecto-a-la-situacion-en-ucrania-ii\/\" target=\"_blank\" rel=\"noopener\"><img decoding=\"async\" class=\"alignleft\" src=\"https:\/\/www.cde.ual.es\/wp-content\/uploads\/2022\/02\/ucrania-eu-1-150x150.jpg\" alt=\"\" width=\"150\" height=\"150\" \/><\/a><\/p>\n<h4 class=\"entry-title\"><a href=\"https:\/\/www.cde.ual.es\/declaraciones-institucionales-respecto-a-la-situacion-en-ucrania-iii\/\" target=\"_blank\" rel=\"noopener\">Institutional statements regarding the situation in Ukraine (III) 28 February &#8211; 6 March<\/a><\/h4>\n<p>&nbsp;<\/td>\n<\/tr>\n<\/tbody>\n<\/table>\n<p>&nbsp;<\/p>\n<table style=\"width: 99.9988%; border-collapse: collapse; border-style: double; border-color: #001f7d;\" cellpadding=\"0,5\">\n<tbody>\n<tr>\n<td style=\"width: 100%;\"><a href=\"https:\/\/www.cde.ual.es\/declaraciones-institucionales-respecto-a-la-situacion-en-ucrania-ii\/\" target=\"_blank\" rel=\"noopener\"><img decoding=\"async\" class=\"alignleft\" src=\"https:\/\/www.cde.ual.es\/wp-content\/uploads\/2022\/02\/ucrania-eu-1-150x150.jpg\" alt=\"\" width=\"150\" height=\"150\" \/><\/a><\/p>\n<h4 class=\"entry-title\"><a href=\"https:\/\/www.cde.ual.es\/declaraciones-institucionales-respecto-a-la-situacion-en-ucrania-ii\/\" target=\"_blank\" rel=\"noopener\">Institutional statements regarding the situation in Ukraine (II) 21-27 February.<\/a><\/h4>\n<p>&nbsp;<\/td>\n<\/tr>\n<\/tbody>\n<\/table>\n<p>&nbsp;<\/p>\n<table style=\"width: 99.9988%; border-collapse: collapse; border-style: double; border-color: #001f7d;\" cellpadding=\"0,5\">\n<tbody>\n<tr>\n<td style=\"width: 100%;\"><a href=\"https:\/\/www.cde.ual.es\/declaraciones-institucionales-respecto-a-la-situacion-en-ucrania-i\/\" target=\"_blank\" rel=\"noopener\"><img decoding=\"async\" class=\"alignleft\" src=\"https:\/\/www.cde.ual.es\/wp-content\/uploads\/2022\/02\/ucrania-eu-1-150x150.jpg\" alt=\"\" width=\"150\" height=\"150\" \/><\/a><\/p>\n<h4 class=\"entry-title\"><a href=\"https:\/\/www.cde.ual.es\/declaraciones-institucionales-respecto-a-la-situacion-en-ucrania-i\/\" target=\"_blank\" rel=\"noopener\">Institutional statements regarding the situation in Ukraine (I) February 14-20<br \/>\n<\/a><\/h4>\n<\/td>\n<\/tr>\n<\/tbody>\n<\/table>\n<div class=\"col-md-9 council-left-content-basic council-flexify\">\n<div class=\"col-md-9 council-left-content-basic council-main-title\">\n<div class=\"padding-bottom-0 margin-bottom-20 no-bb\">\n<p class=\"entry-title\">\n<\/div>\n<\/div>\n<\/div>\n<div class=\"ep_gridrow ep-o_product\">\n<div class=\"ep_gridrow-content\">\n<div class=\"ep_gridcolumn ep-m_product\" data-view1200=\"12\" data-view1020=\"12\" data-view750=\"12\" data-view640=\"8\" data-view480=\"8\" data-view320=\"4\">\n<div class=\"ep_gridcolumn-content\">\n<div class=\"ep-a_text\">\n<hr \/>\n<h3>More information:<\/h3>\n<p><a href=\"https:\/\/www.cde.ual.es\/ultimas-declaraciones-institucionales-respecto-a-la-situacion-en-ucrania-ii\/\" target=\"_blank\" rel=\"noopener\"><strong>Latest official statements regarding the situation in Ukraine (I)<br \/>\n<\/strong><\/a><\/p>\n<p><strong><a href=\"https:\/\/www.cde.ual.es\/declaraciones-institucionales-respecto-a-la-situacion-en-ucrania-ii\/\" target=\"_blank\" rel=\"noopener\">\u00daltimas declaraciones institucionales respecto a la situaci\u00f3n en Ucrania (II)<\/a><\/strong><\/p>\n<p class=\"entry-title\"><a href=\"https:\/\/www.cde.ual.es\/en\/official-meetins-due-to-the-situation-in-ukraine\/\" target=\"_blank\" rel=\"noopener\">Official meetins due to the situation in Ukraine<\/a><\/p>\n<p class=\"entry-title\"><a href=\"https:\/\/www.cde.ual.es\/en\/eu-russia-crisis-spheres-of-influence-have-no-place-in-21st-century\/\" target=\"_blank\" rel=\"noopener\">EU-Russia Crisis: \u2018Spheres of influence\u2019 have no place in 21st century<\/a><\/p>\n<p class=\"entry-title\"><a href=\"https:\/\/www.cde.ual.es\/en\/disinformation-7-myths-about-the-russia-ukraine-conflict\/\" target=\"_blank\" rel=\"noopener\">Disinformation: 7 myths about the Russia-Ukraine conflict<\/a><\/p>\n<\/div>\n<\/div>\n<\/div>\n<\/div>\n<\/div>\n","protected":false},"excerpt":{"rendered":"<p>The European Documentation Center of Almeria collects in this entry the latest news, meetings and institutional statements regarding the situation between Ukraine and Russia. To consult all the content of each news item, we suggest to follow the indicated links. March 20 The European Union condemns in the strongest possible terms the behaviour of the [&hellip;]<\/p>\n","protected":false},"author":1,"featured_media":95890,"comment_status":"open","ping_status":"open","sticky":false,"template":"","format":"standard","meta":{"_acf_changed":false,"_relevanssi_hide_post":"","_relevanssi_hide_content":"","_relevanssi_pin_for_all":"","_relevanssi_pin_keywords":"","_relevanssi_unpin_keywords":"","_relevanssi_related_keywords":"","_relevanssi_related_include_ids":"","_relevanssi_related_exclude_ids":"","_relevanssi_related_no_append":"","_relevanssi_related_not_related":"","_relevanssi_related_posts":"","_relevanssi_noindex_reason":"","_monsterinsights_skip_tracking":false,"_monsterinsights_sitenote_active":false,"_monsterinsights_sitenote_note":"","_monsterinsights_sitenote_category":0,"_genesis_hide_title":false,"_genesis_hide_breadcrumbs":false,"_genesis_hide_singular_image":false,"_genesis_hide_footer_widgets":false,"_genesis_custom_body_class":"","_genesis_custom_post_class":"","_genesis_layout":"","footnotes":""},"categories":[4075,346,4078],"tags":[],"class_list":{"0":"post-99706","1":"post","2":"type-post","3":"status-publish","4":"format-standard","5":"has-post-thumbnail","7":"category-defence-security","8":"category-eu-news","9":"category-internat-safety-pol","10":"entry"},"acf":[],"yoast_head":"<!-- This site is optimized with the Yoast SEO plugin v27.5 - https:\/\/yoast.com\/product\/yoast-seo-wordpress\/ -->\n<title>Official statements regarding the situation in Ukraine (V) | CDE Almer\u00eda - Centro de Documentaci\u00f3n Europea - Universidad de Almer\u00eda<\/title>\n<meta name=\"robots\" content=\"index, follow, max-snippet:-1, max-image-preview:large, max-video-preview:-1\" \/>\n<link rel=\"canonical\" href=\"https:\/\/www.cde.ual.es\/en\/official-statements-regarding-the-situation-in-ukraine-v\/\" \/>\n<meta property=\"og:locale\" content=\"en_US\" \/>\n<meta property=\"og:type\" content=\"article\" \/>\n<meta property=\"og:title\" content=\"Official statements regarding the situation in Ukraine (V) | CDE Almer\u00eda - Centro de Documentaci\u00f3n Europea - Universidad de Almer\u00eda\" \/>\n<meta property=\"og:description\" content=\"The European Documentation Center of Almeria collects in this entry the latest news, meetings and institutional statements regarding the situation between Ukraine and Russia. To consult all the content of each news item, we suggest to follow the indicated links. March 20 The European Union condemns in the strongest possible terms the behaviour of the [&hellip;]\" \/>\n<meta property=\"og:url\" content=\"https:\/\/www.cde.ual.es\/en\/official-statements-regarding-the-situation-in-ukraine-v\/\" \/>\n<meta property=\"og:site_name\" content=\"CDE Almer\u00eda - Centro de Documentaci\u00f3n Europea - Universidad de Almer\u00eda\" \/>\n<meta property=\"article:publisher\" content=\"https:\/\/www.facebook.com\/cdeuniversidadalmeria\/\" \/>\n<meta property=\"article:published_time\" content=\"2022-03-21T02:00:57+00:00\" \/>\n<meta property=\"article:modified_time\" content=\"2022-03-22T12:24:06+00:00\" \/>\n<meta property=\"og:image\" content=\"https:\/\/www.cde.ual.es\/wp-content\/uploads\/2022\/02\/ucrania-eu-1.jpg\" \/>\n\t<meta property=\"og:image:width\" content=\"1800\" \/>\n\t<meta property=\"og:image:height\" content=\"1200\" \/>\n\t<meta property=\"og:image:type\" content=\"image\/jpeg\" \/>\n<meta name=\"author\" content=\"AdminCDE\" \/>\n<meta name=\"twitter:card\" content=\"summary_large_image\" \/>\n<meta name=\"twitter:creator\" content=\"@cdeualmeria\" \/>\n<meta name=\"twitter:site\" content=\"@cdeualmeria\" \/>\n<meta name=\"twitter:label1\" content=\"Written by\" \/>\n\t<meta name=\"twitter:data1\" content=\"AdminCDE\" \/>\n\t<meta name=\"twitter:label2\" content=\"Est. reading time\" \/>\n\t<meta name=\"twitter:data2\" content=\"12 minutes\" \/>\n<script type=\"application\/ld+json\" class=\"yoast-schema-graph\">{\"@context\":\"https:\\\/\\\/schema.org\",\"@graph\":[{\"@type\":\"Article\",\"@id\":\"https:\\\/\\\/www.cde.ual.es\\\/en\\\/official-statements-regarding-the-situation-in-ukraine-v\\\/#article\",\"isPartOf\":{\"@id\":\"https:\\\/\\\/www.cde.ual.es\\\/en\\\/official-statements-regarding-the-situation-in-ukraine-v\\\/\"},\"author\":{\"name\":\"AdminCDE\",\"@id\":\"https:\\\/\\\/www.cde.ual.es\\\/#\\\/schema\\\/person\\\/224ef08c8bcc005f319d2713ce37ee5f\"},\"headline\":\"Official statements regarding the situation in Ukraine (V)\",\"datePublished\":\"2022-03-21T02:00:57+00:00\",\"dateModified\":\"2022-03-22T12:24:06+00:00\",\"mainEntityOfPage\":{\"@id\":\"https:\\\/\\\/www.cde.ual.es\\\/en\\\/official-statements-regarding-the-situation-in-ukraine-v\\\/\"},\"wordCount\":988,\"commentCount\":0,\"publisher\":{\"@id\":\"https:\\\/\\\/www.cde.ual.es\\\/#organization\"},\"image\":{\"@id\":\"https:\\\/\\\/www.cde.ual.es\\\/en\\\/official-statements-regarding-the-situation-in-ukraine-v\\\/#primaryimage\"},\"thumbnailUrl\":\"https:\\\/\\\/www.cde.ual.es\\\/wp-content\\\/uploads\\\/2022\\\/02\\\/ucrania-eu-1.jpg\",\"articleSection\":[\"Defence &amp; Security\",\"EU News\",\"International Safety and Defence Politics\"],\"inLanguage\":\"en-US\",\"potentialAction\":[{\"@type\":\"CommentAction\",\"name\":\"Comment\",\"target\":[\"https:\\\/\\\/www.cde.ual.es\\\/en\\\/official-statements-regarding-the-situation-in-ukraine-v\\\/#respond\"]}]},{\"@type\":\"WebPage\",\"@id\":\"https:\\\/\\\/www.cde.ual.es\\\/en\\\/official-statements-regarding-the-situation-in-ukraine-v\\\/\",\"url\":\"https:\\\/\\\/www.cde.ual.es\\\/en\\\/official-statements-regarding-the-situation-in-ukraine-v\\\/\",\"name\":\"Official statements regarding the situation in Ukraine (V) | CDE Almer\u00eda - Centro de Documentaci\u00f3n Europea - Universidad de Almer\u00eda\",\"isPartOf\":{\"@id\":\"https:\\\/\\\/www.cde.ual.es\\\/#website\"},\"primaryImageOfPage\":{\"@id\":\"https:\\\/\\\/www.cde.ual.es\\\/en\\\/official-statements-regarding-the-situation-in-ukraine-v\\\/#primaryimage\"},\"image\":{\"@id\":\"https:\\\/\\\/www.cde.ual.es\\\/en\\\/official-statements-regarding-the-situation-in-ukraine-v\\\/#primaryimage\"},\"thumbnailUrl\":\"https:\\\/\\\/www.cde.ual.es\\\/wp-content\\\/uploads\\\/2022\\\/02\\\/ucrania-eu-1.jpg\",\"datePublished\":\"2022-03-21T02:00:57+00:00\",\"dateModified\":\"2022-03-22T12:24:06+00:00\",\"breadcrumb\":{\"@id\":\"https:\\\/\\\/www.cde.ual.es\\\/en\\\/official-statements-regarding-the-situation-in-ukraine-v\\\/#breadcrumb\"},\"inLanguage\":\"en-US\",\"potentialAction\":[{\"@type\":\"ReadAction\",\"target\":[\"https:\\\/\\\/www.cde.ual.es\\\/en\\\/official-statements-regarding-the-situation-in-ukraine-v\\\/\"]}]},{\"@type\":\"ImageObject\",\"inLanguage\":\"en-US\",\"@id\":\"https:\\\/\\\/www.cde.ual.es\\\/en\\\/official-statements-regarding-the-situation-in-ukraine-v\\\/#primaryimage\",\"url\":\"https:\\\/\\\/www.cde.ual.es\\\/wp-content\\\/uploads\\\/2022\\\/02\\\/ucrania-eu-1.jpg\",\"contentUrl\":\"https:\\\/\\\/www.cde.ual.es\\\/wp-content\\\/uploads\\\/2022\\\/02\\\/ucrania-eu-1.jpg\",\"width\":1800,\"height\":1200},{\"@type\":\"BreadcrumbList\",\"@id\":\"https:\\\/\\\/www.cde.ual.es\\\/en\\\/official-statements-regarding-the-situation-in-ukraine-v\\\/#breadcrumb\",\"itemListElement\":[{\"@type\":\"ListItem\",\"position\":1,\"name\":\"Inicio\",\"item\":\"https:\\\/\\\/www.cde.ual.es\\\/en\\\/\"},{\"@type\":\"ListItem\",\"position\":2,\"name\":\"EU News\",\"item\":\"https:\\\/\\\/www.cde.ual.es\\\/en\\\/category\\\/eu-news\\\/\"},{\"@type\":\"ListItem\",\"position\":3,\"name\":\"Defence &amp; Security\",\"item\":\"https:\\\/\\\/www.cde.ual.es\\\/en\\\/category\\\/eu-news\\\/defence-security\\\/\"},{\"@type\":\"ListItem\",\"position\":4,\"name\":\"International Safety and Defence Politics\",\"item\":\"https:\\\/\\\/www.cde.ual.es\\\/en\\\/category\\\/eu-news\\\/defence-security\\\/internat-safety-pol\\\/\"},{\"@type\":\"ListItem\",\"position\":5,\"name\":\"Official statements regarding the situation in Ukraine (V)\"}]},{\"@type\":\"WebSite\",\"@id\":\"https:\\\/\\\/www.cde.ual.es\\\/#website\",\"url\":\"https:\\\/\\\/www.cde.ual.es\\\/\",\"name\":\"CDE Almer\u00eda - Centro de Documentaci\u00f3n Europea - Universidad de Almer\u00eda\",\"description\":\"Centro de Documentaci\u00f3n Europea de la Universidad de Almer\u00eda\",\"publisher\":{\"@id\":\"https:\\\/\\\/www.cde.ual.es\\\/#organization\"},\"alternateName\":\"CDE Almer\u00eda\",\"potentialAction\":[{\"@type\":\"SearchAction\",\"target\":{\"@type\":\"EntryPoint\",\"urlTemplate\":\"https:\\\/\\\/www.cde.ual.es\\\/?s={search_term_string}\"},\"query-input\":{\"@type\":\"PropertyValueSpecification\",\"valueRequired\":true,\"valueName\":\"search_term_string\"}}],\"inLanguage\":\"en-US\"},{\"@type\":\"Organization\",\"@id\":\"https:\\\/\\\/www.cde.ual.es\\\/#organization\",\"name\":\"Centro de Documentaci\u00f3n Europea de Almer\u00eda\",\"url\":\"https:\\\/\\\/www.cde.ual.es\\\/\",\"logo\":{\"@type\":\"ImageObject\",\"inLanguage\":\"en-US\",\"@id\":\"https:\\\/\\\/www.cde.ual.es\\\/#\\\/schema\\\/logo\\\/image\\\/\",\"url\":\"https:\\\/\\\/www.cde.ual.es\\\/wp-content\\\/uploads\\\/2025\\\/07\\\/cde-logo-3.png\",\"contentUrl\":\"https:\\\/\\\/www.cde.ual.es\\\/wp-content\\\/uploads\\\/2025\\\/07\\\/cde-logo-3.png\",\"width\":1400,\"height\":300,\"caption\":\"Centro de Documentaci\u00f3n Europea de Almer\u00eda\"},\"image\":{\"@id\":\"https:\\\/\\\/www.cde.ual.es\\\/#\\\/schema\\\/logo\\\/image\\\/\"},\"sameAs\":[\"https:\\\/\\\/www.facebook.com\\\/cdeuniversidadalmeria\\\/\",\"https:\\\/\\\/x.com\\\/cdeualmeria\",\"https:\\\/\\\/www.tiktok.com\\\/@cdealmeria\",\"https:\\\/\\\/www.instagram.com\\\/cdealmeria\\\/\",\"https:\\\/\\\/www.linkedin.com\\\/in\\\/cde-almera-812b26a9\\\/\"]},{\"@type\":\"Person\",\"@id\":\"https:\\\/\\\/www.cde.ual.es\\\/#\\\/schema\\\/person\\\/224ef08c8bcc005f319d2713ce37ee5f\",\"name\":\"AdminCDE\",\"image\":{\"@type\":\"ImageObject\",\"inLanguage\":\"en-US\",\"@id\":\"https:\\\/\\\/secure.gravatar.com\\\/avatar\\\/a72d038d371f995cd13706fac32274b7952a52e8fb0a84b5f80c85426f2a98a8?s=96&d=mm&r=g\",\"url\":\"https:\\\/\\\/secure.gravatar.com\\\/avatar\\\/a72d038d371f995cd13706fac32274b7952a52e8fb0a84b5f80c85426f2a98a8?s=96&d=mm&r=g\",\"contentUrl\":\"https:\\\/\\\/secure.gravatar.com\\\/avatar\\\/a72d038d371f995cd13706fac32274b7952a52e8fb0a84b5f80c85426f2a98a8?s=96&d=mm&r=g\",\"caption\":\"AdminCDE\"}}]}<\/script>\n<!-- \/ Yoast SEO plugin. -->","yoast_head_json":{"title":"Official statements regarding the situation in Ukraine (V) | CDE Almer\u00eda - Centro de Documentaci\u00f3n Europea - Universidad de Almer\u00eda","robots":{"index":"index","follow":"follow","max-snippet":"max-snippet:-1","max-image-preview":"max-image-preview:large","max-video-preview":"max-video-preview:-1"},"canonical":"https:\/\/www.cde.ual.es\/en\/official-statements-regarding-the-situation-in-ukraine-v\/","og_locale":"en_US","og_type":"article","og_title":"Official statements regarding the situation in Ukraine (V) | CDE Almer\u00eda - Centro de Documentaci\u00f3n Europea - Universidad de Almer\u00eda","og_description":"The European Documentation Center of Almeria collects in this entry the latest news, meetings and institutional statements regarding the situation between Ukraine and Russia. To consult all the content of each news item, we suggest to follow the indicated links. March 20 The European Union condemns in the strongest possible terms the behaviour of the [&hellip;]","og_url":"https:\/\/www.cde.ual.es\/en\/official-statements-regarding-the-situation-in-ukraine-v\/","og_site_name":"CDE Almer\u00eda - Centro de Documentaci\u00f3n Europea - Universidad de Almer\u00eda","article_publisher":"https:\/\/www.facebook.com\/cdeuniversidadalmeria\/","article_published_time":"2022-03-21T02:00:57+00:00","article_modified_time":"2022-03-22T12:24:06+00:00","og_image":[{"width":1800,"height":1200,"url":"https:\/\/www.cde.ual.es\/wp-content\/uploads\/2022\/02\/ucrania-eu-1.jpg","type":"image\/jpeg"}],"author":"AdminCDE","twitter_card":"summary_large_image","twitter_creator":"@cdeualmeria","twitter_site":"@cdeualmeria","twitter_misc":{"Written by":"AdminCDE","Est. reading time":"12 minutes"},"schema":{"@context":"https:\/\/schema.org","@graph":[{"@type":"Article","@id":"https:\/\/www.cde.ual.es\/en\/official-statements-regarding-the-situation-in-ukraine-v\/#article","isPartOf":{"@id":"https:\/\/www.cde.ual.es\/en\/official-statements-regarding-the-situation-in-ukraine-v\/"},"author":{"name":"AdminCDE","@id":"https:\/\/www.cde.ual.es\/#\/schema\/person\/224ef08c8bcc005f319d2713ce37ee5f"},"headline":"Official statements regarding the situation in Ukraine (V)","datePublished":"2022-03-21T02:00:57+00:00","dateModified":"2022-03-22T12:24:06+00:00","mainEntityOfPage":{"@id":"https:\/\/www.cde.ual.es\/en\/official-statements-regarding-the-situation-in-ukraine-v\/"},"wordCount":988,"commentCount":0,"publisher":{"@id":"https:\/\/www.cde.ual.es\/#organization"},"image":{"@id":"https:\/\/www.cde.ual.es\/en\/official-statements-regarding-the-situation-in-ukraine-v\/#primaryimage"},"thumbnailUrl":"https:\/\/www.cde.ual.es\/wp-content\/uploads\/2022\/02\/ucrania-eu-1.jpg","articleSection":["Defence &amp; Security","EU News","International Safety and Defence Politics"],"inLanguage":"en-US","potentialAction":[{"@type":"CommentAction","name":"Comment","target":["https:\/\/www.cde.ual.es\/en\/official-statements-regarding-the-situation-in-ukraine-v\/#respond"]}]},{"@type":"WebPage","@id":"https:\/\/www.cde.ual.es\/en\/official-statements-regarding-the-situation-in-ukraine-v\/","url":"https:\/\/www.cde.ual.es\/en\/official-statements-regarding-the-situation-in-ukraine-v\/","name":"Official statements regarding the situation in Ukraine (V) | CDE Almer\u00eda - Centro de Documentaci\u00f3n Europea - Universidad de Almer\u00eda","isPartOf":{"@id":"https:\/\/www.cde.ual.es\/#website"},"primaryImageOfPage":{"@id":"https:\/\/www.cde.ual.es\/en\/official-statements-regarding-the-situation-in-ukraine-v\/#primaryimage"},"image":{"@id":"https:\/\/www.cde.ual.es\/en\/official-statements-regarding-the-situation-in-ukraine-v\/#primaryimage"},"thumbnailUrl":"https:\/\/www.cde.ual.es\/wp-content\/uploads\/2022\/02\/ucrania-eu-1.jpg","datePublished":"2022-03-21T02:00:57+00:00","dateModified":"2022-03-22T12:24:06+00:00","breadcrumb":{"@id":"https:\/\/www.cde.ual.es\/en\/official-statements-regarding-the-situation-in-ukraine-v\/#breadcrumb"},"inLanguage":"en-US","potentialAction":[{"@type":"ReadAction","target":["https:\/\/www.cde.ual.es\/en\/official-statements-regarding-the-situation-in-ukraine-v\/"]}]},{"@type":"ImageObject","inLanguage":"en-US","@id":"https:\/\/www.cde.ual.es\/en\/official-statements-regarding-the-situation-in-ukraine-v\/#primaryimage","url":"https:\/\/www.cde.ual.es\/wp-content\/uploads\/2022\/02\/ucrania-eu-1.jpg","contentUrl":"https:\/\/www.cde.ual.es\/wp-content\/uploads\/2022\/02\/ucrania-eu-1.jpg","width":1800,"height":1200},{"@type":"BreadcrumbList","@id":"https:\/\/www.cde.ual.es\/en\/official-statements-regarding-the-situation-in-ukraine-v\/#breadcrumb","itemListElement":[{"@type":"ListItem","position":1,"name":"Inicio","item":"https:\/\/www.cde.ual.es\/en\/"},{"@type":"ListItem","position":2,"name":"EU News","item":"https:\/\/www.cde.ual.es\/en\/category\/eu-news\/"},{"@type":"ListItem","position":3,"name":"Defence &amp; Security","item":"https:\/\/www.cde.ual.es\/en\/category\/eu-news\/defence-security\/"},{"@type":"ListItem","position":4,"name":"International Safety and Defence Politics","item":"https:\/\/www.cde.ual.es\/en\/category\/eu-news\/defence-security\/internat-safety-pol\/"},{"@type":"ListItem","position":5,"name":"Official statements regarding the situation in Ukraine (V)"}]},{"@type":"WebSite","@id":"https:\/\/www.cde.ual.es\/#website","url":"https:\/\/www.cde.ual.es\/","name":"CDE Almer\u00eda - Centro de Documentaci\u00f3n Europea - Universidad de Almer\u00eda","description":"Centro de Documentaci\u00f3n Europea de la Universidad de Almer\u00eda","publisher":{"@id":"https:\/\/www.cde.ual.es\/#organization"},"alternateName":"CDE Almer\u00eda","potentialAction":[{"@type":"SearchAction","target":{"@type":"EntryPoint","urlTemplate":"https:\/\/www.cde.ual.es\/?s={search_term_string}"},"query-input":{"@type":"PropertyValueSpecification","valueRequired":true,"valueName":"search_term_string"}}],"inLanguage":"en-US"},{"@type":"Organization","@id":"https:\/\/www.cde.ual.es\/#organization","name":"Centro de Documentaci\u00f3n Europea de Almer\u00eda","url":"https:\/\/www.cde.ual.es\/","logo":{"@type":"ImageObject","inLanguage":"en-US","@id":"https:\/\/www.cde.ual.es\/#\/schema\/logo\/image\/","url":"https:\/\/www.cde.ual.es\/wp-content\/uploads\/2025\/07\/cde-logo-3.png","contentUrl":"https:\/\/www.cde.ual.es\/wp-content\/uploads\/2025\/07\/cde-logo-3.png","width":1400,"height":300,"caption":"Centro de Documentaci\u00f3n Europea de Almer\u00eda"},"image":{"@id":"https:\/\/www.cde.ual.es\/#\/schema\/logo\/image\/"},"sameAs":["https:\/\/www.facebook.com\/cdeuniversidadalmeria\/","https:\/\/x.com\/cdeualmeria","https:\/\/www.tiktok.com\/@cdealmeria","https:\/\/www.instagram.com\/cdealmeria\/","https:\/\/www.linkedin.com\/in\/cde-almera-812b26a9\/"]},{"@type":"Person","@id":"https:\/\/www.cde.ual.es\/#\/schema\/person\/224ef08c8bcc005f319d2713ce37ee5f","name":"AdminCDE","image":{"@type":"ImageObject","inLanguage":"en-US","@id":"https:\/\/secure.gravatar.com\/avatar\/a72d038d371f995cd13706fac32274b7952a52e8fb0a84b5f80c85426f2a98a8?s=96&d=mm&r=g","url":"https:\/\/secure.gravatar.com\/avatar\/a72d038d371f995cd13706fac32274b7952a52e8fb0a84b5f80c85426f2a98a8?s=96&d=mm&r=g","contentUrl":"https:\/\/secure.gravatar.com\/avatar\/a72d038d371f995cd13706fac32274b7952a52e8fb0a84b5f80c85426f2a98a8?s=96&d=mm&r=g","caption":"AdminCDE"}}]}},"_links":{"self":[{"href":"https:\/\/www.cde.ual.es\/en\/wp-json\/wp\/v2\/posts\/99706","targetHints":{"allow":["GET"]}}],"collection":[{"href":"https:\/\/www.cde.ual.es\/en\/wp-json\/wp\/v2\/posts"}],"about":[{"href":"https:\/\/www.cde.ual.es\/en\/wp-json\/wp\/v2\/types\/post"}],"author":[{"embeddable":true,"href":"https:\/\/www.cde.ual.es\/en\/wp-json\/wp\/v2\/users\/1"}],"replies":[{"embeddable":true,"href":"https:\/\/www.cde.ual.es\/en\/wp-json\/wp\/v2\/comments?post=99706"}],"version-history":[{"count":0,"href":"https:\/\/www.cde.ual.es\/en\/wp-json\/wp\/v2\/posts\/99706\/revisions"}],"wp:featuredmedia":[{"embeddable":true,"href":"https:\/\/www.cde.ual.es\/en\/wp-json\/wp\/v2\/media\/95890"}],"wp:attachment":[{"href":"https:\/\/www.cde.ual.es\/en\/wp-json\/wp\/v2\/media?parent=99706"}],"wp:term":[{"taxonomy":"category","embeddable":true,"href":"https:\/\/www.cde.ual.es\/en\/wp-json\/wp\/v2\/categories?post=99706"},{"taxonomy":"post_tag","embeddable":true,"href":"https:\/\/www.cde.ual.es\/en\/wp-json\/wp\/v2\/tags?post=99706"}],"curies":[{"name":"wp","href":"https:\/\/api.w.org\/{rel}","templated":true}]}}