{"id":99661,"date":"2022-03-22T12:55:28","date_gmt":"2022-03-22T11:55:28","guid":{"rendered":"https:\/\/www.cde.ual.es\/?p=99661"},"modified":"2022-03-22T12:57:08","modified_gmt":"2022-03-22T11:57:08","slug":"parliament-organises-the-ukraine-solidarity-days","status":"publish","type":"post","link":"https:\/\/www.cde.ual.es\/en\/parliament-organises-the-ukraine-solidarity-days\/","title":{"rendered":"Parliament organises the Ukraine Solidarity Days"},"content":{"rendered":"<div class=\"ep_gridcolumn ep-m_product\" data-view1200=\"6\" data-view1020=\"6\" data-view750=\"10\" data-view640=\"6\" data-view480=\"8\" data-view320=\"4\">\n<div class=\"ep_gridcolumn-content\">\n<div class=\"ep-a_text ep-layout_chapo\">\n<p>From Monday to Thursday, Parliament is organising the \u201cUkraine Solidarity Days\u201d to show its support for Ukraine&#8217;s parliament following the Russian invasion.<\/p>\n<\/div>\n<\/div>\n<\/div>\n<div class=\"ep_gridcolumn ep-m_product\" data-view1200=\"6\" data-view1020=\"6\" data-view750=\"10\" data-view640=\"6\" data-view480=\"8\" data-view320=\"4\">\n<div class=\"ep_gridcolumn-content\">\n<div class=\"ep-a_text\">\n<p class=\"ep-wysiwig_paragraph\">While seeking to support Ukraine\u2019s Verkhovna Rada (parliament) in defending freedom, peace and democracy, the events taking place this week also aim to address the Ukrainian parliament\u2019s capacity to cope with the unprecedented challenges it is facing following Russia\u2019s assault. In addition, MEPs and invited speakers will elaborate on ways to preserve both the Verkovna Rada\u2019s political and institutional functioning.<\/p>\n<p class=\"ep-wysiwig_paragraph\">Different events organised to demonstrate solidarity with Ukraine will take place in the European Parliament in Brussels throughout the week.<\/p>\n<p class=\"ep-wysiwig_paragraph\">These include discussions on the political and humanitarian situation in Ukraine, as well as plenary debates. Participants expected to address MEPs, in-person or remotely, include Verkhovna Rada Speaker Ruslan Stefanchuk, European Commissioner for Crisis Management Janez Lenar\u010di\u010d and former European Parliament President Pat Cox.<\/p>\n<p class=\"ep-wysiwig_paragraph\">The Ukraine Solidarity Days also encompass outreach to young people and civil society in Ukraine, as well as reporting from and interaction with Sakharov Prize laureate Lorent Saleh from the Polish-Ukrainian border.<\/p>\n<p class=\"ep-wysiwig_paragraph\">More information on the sessions and timeslots is available in\u00a0<a href=\"https:\/\/europarl.europa.eu\/resources\/library\/media\/20220322RES25931\/20220322RES25931.pdf\" target=\"_blank\" rel=\"noopener\">the programme.<\/a><\/p>\n<p class=\"ep-wysiwig_paragraph\">The public events will be broadcast live via the <a href=\"https:\/\/multimedia.europarl.europa.eu\/en\/webstreaming\" target=\"_blank\" rel=\"noopener\">EP Multimedia Centre<\/a>.<\/p>\n<h4 class=\"ep-wysiwig_paragraph\"><strong>New website in cooperation with the\u00a0<\/strong><strong>Verkhovna Rada<\/strong><\/h4>\n<p class=\"ep-wysiwig_paragraph\">Two weeks ago, Parliament launched\u00a0<a href=\"https:\/\/ukraine.europarl.europa.eu\/en\/home.html\" target=\"_blank\" rel=\"noopener\">a new website<\/a>\u00a0in cooperation with the\u00a0<a href=\"https:\/\/www.rada.gov.ua\/en\" target=\"_blank\" rel=\"noopener\">Verkhovna Rada<\/a>, with information on how the EU has supported Ukraine since 2014. It provides the latest news, videos and podcasts, relevant legislation and resolutions to show how the EU is helping Ukraine. Content from the Ukrainian parliament could also be shared on the site.<\/p>\n<p class=\"ep-wysiwig_paragraph\">Actively supporting EU efforts to promote democracy and human rights in the world is one of Parliament&#8217;s core responsibilities.<\/p>\n<p><strong><a href=\"https:\/\/www.europarl.europa.eu\/news\/es\/press-room\/20220321IPR25910\/parliament-organises-the-ukraine-solidarity-days\">More information: European Parliament &#8211; Press release<\/a><\/strong><\/p>\n<\/div>\n<\/div>\n<\/div>\n","protected":false},"excerpt":{"rendered":"<p>From Monday to Thursday, Parliament is organising the \u201cUkraine Solidarity Days\u201d to show its support for Ukraine&#8217;s parliament following the Russian invasion. While seeking to support Ukraine\u2019s Verkhovna Rada (parliament) in defending freedom, peace and democracy, the events taking place this week also aim to address the Ukrainian parliament\u2019s capacity to cope with the unprecedented [&hellip;]<\/p>\n","protected":false},"author":101011,"featured_media":99664,"comment_status":"open","ping_status":"open","sticky":false,"template":"","format":"standard","meta":{"_acf_changed":false,"_relevanssi_hide_post":"","_relevanssi_hide_content":"","_relevanssi_pin_for_all":"","_relevanssi_pin_keywords":"","_relevanssi_unpin_keywords":"","_relevanssi_related_keywords":"","_relevanssi_related_include_ids":"","_relevanssi_related_exclude_ids":"","_relevanssi_related_no_append":"","_relevanssi_related_not_related":"","_relevanssi_related_posts":"","_relevanssi_noindex_reason":"","_monsterinsights_skip_tracking":false,"_monsterinsights_sitenote_active":false,"_monsterinsights_sitenote_note":"","_monsterinsights_sitenote_category":0,"_genesis_hide_title":false,"_genesis_hide_breadcrumbs":false,"_genesis_hide_singular_image":false,"_genesis_hide_footer_widgets":false,"_genesis_custom_body_class":"","_genesis_custom_post_class":"","_genesis_layout":"","footnotes":""},"categories":[4075,346,4078],"tags":[],"class_list":{"0":"post-99661","1":"post","2":"type-post","3":"status-publish","4":"format-standard","5":"has-post-thumbnail","7":"category-defence-security","8":"category-eu-news","9":"category-internat-safety-pol","10":"entry"},"acf":[],"yoast_head":"<!-- This site is optimized with the Yoast SEO plugin v27.5 - https:\/\/yoast.com\/product\/yoast-seo-wordpress\/ -->\n<title>Parliament organises the Ukraine Solidarity Days | CDE Almer\u00eda - Centro de Documentaci\u00f3n Europea - Universidad de Almer\u00eda<\/title>\n<meta name=\"robots\" content=\"index, follow, max-snippet:-1, max-image-preview:large, max-video-preview:-1\" \/>\n<link rel=\"canonical\" href=\"https:\/\/www.cde.ual.es\/en\/parliament-organises-the-ukraine-solidarity-days\/\" \/>\n<meta property=\"og:locale\" content=\"en_US\" \/>\n<meta property=\"og:type\" content=\"article\" \/>\n<meta property=\"og:title\" content=\"Parliament organises the Ukraine Solidarity Days | CDE Almer\u00eda - Centro de Documentaci\u00f3n Europea - Universidad de Almer\u00eda\" \/>\n<meta property=\"og:description\" content=\"From Monday to Thursday, Parliament is organising the \u201cUkraine Solidarity Days\u201d to show its support for Ukraine&#8217;s parliament following the Russian invasion. While seeking to support Ukraine\u2019s Verkhovna Rada (parliament) in defending freedom, peace and democracy, the events taking place this week also aim to address the Ukrainian parliament\u2019s capacity to cope with the unprecedented [&hellip;]\" \/>\n<meta property=\"og:url\" content=\"https:\/\/www.cde.ual.es\/en\/parliament-organises-the-ukraine-solidarity-days\/\" \/>\n<meta property=\"og:site_name\" content=\"CDE Almer\u00eda - Centro de Documentaci\u00f3n Europea - Universidad de Almer\u00eda\" \/>\n<meta property=\"article:publisher\" content=\"https:\/\/www.facebook.com\/cdeuniversidadalmeria\/\" \/>\n<meta property=\"article:published_time\" content=\"2022-03-22T11:55:28+00:00\" \/>\n<meta property=\"article:modified_time\" content=\"2022-03-22T11:57:08+00:00\" \/>\n<meta property=\"og:image\" content=\"https:\/\/www.cde.ual.es\/wp-content\/uploads\/2022\/03\/20220321PHT25903_original.jpg\" \/>\n\t<meta property=\"og:image:width\" content=\"1800\" \/>\n\t<meta property=\"og:image:height\" content=\"1200\" \/>\n\t<meta property=\"og:image:type\" content=\"image\/jpeg\" \/>\n<meta name=\"author\" content=\"BECA 2 CDE\" \/>\n<meta name=\"twitter:card\" content=\"summary_large_image\" \/>\n<meta name=\"twitter:creator\" content=\"@cdeualmeria\" \/>\n<meta name=\"twitter:site\" content=\"@cdeualmeria\" \/>\n<meta name=\"twitter:label1\" content=\"Written by\" \/>\n\t<meta name=\"twitter:data1\" content=\"BECA 2 CDE\" \/>\n\t<meta name=\"twitter:label2\" content=\"Est. reading time\" \/>\n\t<meta name=\"twitter:data2\" content=\"1 minute\" \/>\n<script type=\"application\/ld+json\" class=\"yoast-schema-graph\">{\"@context\":\"https:\\\/\\\/schema.org\",\"@graph\":[{\"@type\":\"Article\",\"@id\":\"https:\\\/\\\/www.cde.ual.es\\\/en\\\/parliament-organises-the-ukraine-solidarity-days\\\/#article\",\"isPartOf\":{\"@id\":\"https:\\\/\\\/www.cde.ual.es\\\/en\\\/parliament-organises-the-ukraine-solidarity-days\\\/\"},\"author\":{\"name\":\"BECA 2 CDE\",\"@id\":\"https:\\\/\\\/www.cde.ual.es\\\/#\\\/schema\\\/person\\\/ee46ebc19edfa19598c02cff83335acc\"},\"headline\":\"Parliament organises the Ukraine Solidarity Days\",\"datePublished\":\"2022-03-22T11:55:28+00:00\",\"dateModified\":\"2022-03-22T11:57:08+00:00\",\"mainEntityOfPage\":{\"@id\":\"https:\\\/\\\/www.cde.ual.es\\\/en\\\/parliament-organises-the-ukraine-solidarity-days\\\/\"},\"wordCount\":305,\"commentCount\":0,\"publisher\":{\"@id\":\"https:\\\/\\\/www.cde.ual.es\\\/#organization\"},\"image\":{\"@id\":\"https:\\\/\\\/www.cde.ual.es\\\/en\\\/parliament-organises-the-ukraine-solidarity-days\\\/#primaryimage\"},\"thumbnailUrl\":\"https:\\\/\\\/www.cde.ual.es\\\/wp-content\\\/uploads\\\/2022\\\/03\\\/20220321PHT25903_original.jpg\",\"articleSection\":[\"Defence &amp; Security\",\"EU News\",\"International Safety and Defence Politics\"],\"inLanguage\":\"en-US\",\"potentialAction\":[{\"@type\":\"CommentAction\",\"name\":\"Comment\",\"target\":[\"https:\\\/\\\/www.cde.ual.es\\\/en\\\/parliament-organises-the-ukraine-solidarity-days\\\/#respond\"]}]},{\"@type\":\"WebPage\",\"@id\":\"https:\\\/\\\/www.cde.ual.es\\\/en\\\/parliament-organises-the-ukraine-solidarity-days\\\/\",\"url\":\"https:\\\/\\\/www.cde.ual.es\\\/en\\\/parliament-organises-the-ukraine-solidarity-days\\\/\",\"name\":\"Parliament organises the Ukraine Solidarity Days | CDE Almer\u00eda - Centro de Documentaci\u00f3n Europea - Universidad de Almer\u00eda\",\"isPartOf\":{\"@id\":\"https:\\\/\\\/www.cde.ual.es\\\/#website\"},\"primaryImageOfPage\":{\"@id\":\"https:\\\/\\\/www.cde.ual.es\\\/en\\\/parliament-organises-the-ukraine-solidarity-days\\\/#primaryimage\"},\"image\":{\"@id\":\"https:\\\/\\\/www.cde.ual.es\\\/en\\\/parliament-organises-the-ukraine-solidarity-days\\\/#primaryimage\"},\"thumbnailUrl\":\"https:\\\/\\\/www.cde.ual.es\\\/wp-content\\\/uploads\\\/2022\\\/03\\\/20220321PHT25903_original.jpg\",\"datePublished\":\"2022-03-22T11:55:28+00:00\",\"dateModified\":\"2022-03-22T11:57:08+00:00\",\"breadcrumb\":{\"@id\":\"https:\\\/\\\/www.cde.ual.es\\\/en\\\/parliament-organises-the-ukraine-solidarity-days\\\/#breadcrumb\"},\"inLanguage\":\"en-US\",\"potentialAction\":[{\"@type\":\"ReadAction\",\"target\":[\"https:\\\/\\\/www.cde.ual.es\\\/en\\\/parliament-organises-the-ukraine-solidarity-days\\\/\"]}]},{\"@type\":\"ImageObject\",\"inLanguage\":\"en-US\",\"@id\":\"https:\\\/\\\/www.cde.ual.es\\\/en\\\/parliament-organises-the-ukraine-solidarity-days\\\/#primaryimage\",\"url\":\"https:\\\/\\\/www.cde.ual.es\\\/wp-content\\\/uploads\\\/2022\\\/03\\\/20220321PHT25903_original.jpg\",\"contentUrl\":\"https:\\\/\\\/www.cde.ual.es\\\/wp-content\\\/uploads\\\/2022\\\/03\\\/20220321PHT25903_original.jpg\",\"width\":1800,\"height\":1200,\"caption\":\"Ukrainian Flag is raised at the EP building in Brussels\"},{\"@type\":\"BreadcrumbList\",\"@id\":\"https:\\\/\\\/www.cde.ual.es\\\/en\\\/parliament-organises-the-ukraine-solidarity-days\\\/#breadcrumb\",\"itemListElement\":[{\"@type\":\"ListItem\",\"position\":1,\"name\":\"Inicio\",\"item\":\"https:\\\/\\\/www.cde.ual.es\\\/en\\\/\"},{\"@type\":\"ListItem\",\"position\":2,\"name\":\"EU News\",\"item\":\"https:\\\/\\\/www.cde.ual.es\\\/en\\\/category\\\/eu-news\\\/\"},{\"@type\":\"ListItem\",\"position\":3,\"name\":\"Defence &amp; Security\",\"item\":\"https:\\\/\\\/www.cde.ual.es\\\/en\\\/category\\\/eu-news\\\/defence-security\\\/\"},{\"@type\":\"ListItem\",\"position\":4,\"name\":\"International Safety and Defence Politics\",\"item\":\"https:\\\/\\\/www.cde.ual.es\\\/en\\\/category\\\/eu-news\\\/defence-security\\\/internat-safety-pol\\\/\"},{\"@type\":\"ListItem\",\"position\":5,\"name\":\"Parliament organises the Ukraine Solidarity Days\"}]},{\"@type\":\"WebSite\",\"@id\":\"https:\\\/\\\/www.cde.ual.es\\\/#website\",\"url\":\"https:\\\/\\\/www.cde.ual.es\\\/\",\"name\":\"CDE Almer\u00eda - Centro de Documentaci\u00f3n Europea - Universidad de Almer\u00eda\",\"description\":\"Centro de Documentaci\u00f3n Europea de la Universidad de Almer\u00eda\",\"publisher\":{\"@id\":\"https:\\\/\\\/www.cde.ual.es\\\/#organization\"},\"alternateName\":\"CDE Almer\u00eda\",\"potentialAction\":[{\"@type\":\"SearchAction\",\"target\":{\"@type\":\"EntryPoint\",\"urlTemplate\":\"https:\\\/\\\/www.cde.ual.es\\\/?s={search_term_string}\"},\"query-input\":{\"@type\":\"PropertyValueSpecification\",\"valueRequired\":true,\"valueName\":\"search_term_string\"}}],\"inLanguage\":\"en-US\"},{\"@type\":\"Organization\",\"@id\":\"https:\\\/\\\/www.cde.ual.es\\\/#organization\",\"name\":\"Centro de Documentaci\u00f3n Europea de Almer\u00eda\",\"url\":\"https:\\\/\\\/www.cde.ual.es\\\/\",\"logo\":{\"@type\":\"ImageObject\",\"inLanguage\":\"en-US\",\"@id\":\"https:\\\/\\\/www.cde.ual.es\\\/#\\\/schema\\\/logo\\\/image\\\/\",\"url\":\"https:\\\/\\\/www.cde.ual.es\\\/wp-content\\\/uploads\\\/2025\\\/07\\\/cde-logo-3.png\",\"contentUrl\":\"https:\\\/\\\/www.cde.ual.es\\\/wp-content\\\/uploads\\\/2025\\\/07\\\/cde-logo-3.png\",\"width\":1400,\"height\":300,\"caption\":\"Centro de Documentaci\u00f3n Europea de Almer\u00eda\"},\"image\":{\"@id\":\"https:\\\/\\\/www.cde.ual.es\\\/#\\\/schema\\\/logo\\\/image\\\/\"},\"sameAs\":[\"https:\\\/\\\/www.facebook.com\\\/cdeuniversidadalmeria\\\/\",\"https:\\\/\\\/x.com\\\/cdeualmeria\",\"https:\\\/\\\/www.tiktok.com\\\/@cdealmeria\",\"https:\\\/\\\/www.instagram.com\\\/cdealmeria\\\/\",\"https:\\\/\\\/www.linkedin.com\\\/in\\\/cde-almera-812b26a9\\\/\"]},{\"@type\":\"Person\",\"@id\":\"https:\\\/\\\/www.cde.ual.es\\\/#\\\/schema\\\/person\\\/ee46ebc19edfa19598c02cff83335acc\",\"name\":\"BECA 2 CDE\",\"image\":{\"@type\":\"ImageObject\",\"inLanguage\":\"en-US\",\"@id\":\"https:\\\/\\\/secure.gravatar.com\\\/avatar\\\/35a481bbc04bbd90e91bdfa3b0b5541036c222a49b9ad37b6889a2afcb5311a5?s=96&d=mm&r=g\",\"url\":\"https:\\\/\\\/secure.gravatar.com\\\/avatar\\\/35a481bbc04bbd90e91bdfa3b0b5541036c222a49b9ad37b6889a2afcb5311a5?s=96&d=mm&r=g\",\"contentUrl\":\"https:\\\/\\\/secure.gravatar.com\\\/avatar\\\/35a481bbc04bbd90e91bdfa3b0b5541036c222a49b9ad37b6889a2afcb5311a5?s=96&d=mm&r=g\",\"caption\":\"BECA 2 CDE\"},\"sameAs\":[\"http:\\\/\\\/www.cdealmeria.com\"]}]}<\/script>\n<!-- \/ Yoast SEO plugin. -->","yoast_head_json":{"title":"Parliament organises the Ukraine Solidarity Days | CDE Almer\u00eda - Centro de Documentaci\u00f3n Europea - Universidad de Almer\u00eda","robots":{"index":"index","follow":"follow","max-snippet":"max-snippet:-1","max-image-preview":"max-image-preview:large","max-video-preview":"max-video-preview:-1"},"canonical":"https:\/\/www.cde.ual.es\/en\/parliament-organises-the-ukraine-solidarity-days\/","og_locale":"en_US","og_type":"article","og_title":"Parliament organises the Ukraine Solidarity Days | CDE Almer\u00eda - Centro de Documentaci\u00f3n Europea - Universidad de Almer\u00eda","og_description":"From Monday to Thursday, Parliament is organising the \u201cUkraine Solidarity Days\u201d to show its support for Ukraine&#8217;s parliament following the Russian invasion. While seeking to support Ukraine\u2019s Verkhovna Rada (parliament) in defending freedom, peace and democracy, the events taking place this week also aim to address the Ukrainian parliament\u2019s capacity to cope with the unprecedented [&hellip;]","og_url":"https:\/\/www.cde.ual.es\/en\/parliament-organises-the-ukraine-solidarity-days\/","og_site_name":"CDE Almer\u00eda - Centro de Documentaci\u00f3n Europea - Universidad de Almer\u00eda","article_publisher":"https:\/\/www.facebook.com\/cdeuniversidadalmeria\/","article_published_time":"2022-03-22T11:55:28+00:00","article_modified_time":"2022-03-22T11:57:08+00:00","og_image":[{"width":1800,"height":1200,"url":"https:\/\/www.cde.ual.es\/wp-content\/uploads\/2022\/03\/20220321PHT25903_original.jpg","type":"image\/jpeg"}],"author":"BECA 2 CDE","twitter_card":"summary_large_image","twitter_creator":"@cdeualmeria","twitter_site":"@cdeualmeria","twitter_misc":{"Written by":"BECA 2 CDE","Est. reading time":"1 minute"},"schema":{"@context":"https:\/\/schema.org","@graph":[{"@type":"Article","@id":"https:\/\/www.cde.ual.es\/en\/parliament-organises-the-ukraine-solidarity-days\/#article","isPartOf":{"@id":"https:\/\/www.cde.ual.es\/en\/parliament-organises-the-ukraine-solidarity-days\/"},"author":{"name":"BECA 2 CDE","@id":"https:\/\/www.cde.ual.es\/#\/schema\/person\/ee46ebc19edfa19598c02cff83335acc"},"headline":"Parliament organises the Ukraine Solidarity Days","datePublished":"2022-03-22T11:55:28+00:00","dateModified":"2022-03-22T11:57:08+00:00","mainEntityOfPage":{"@id":"https:\/\/www.cde.ual.es\/en\/parliament-organises-the-ukraine-solidarity-days\/"},"wordCount":305,"commentCount":0,"publisher":{"@id":"https:\/\/www.cde.ual.es\/#organization"},"image":{"@id":"https:\/\/www.cde.ual.es\/en\/parliament-organises-the-ukraine-solidarity-days\/#primaryimage"},"thumbnailUrl":"https:\/\/www.cde.ual.es\/wp-content\/uploads\/2022\/03\/20220321PHT25903_original.jpg","articleSection":["Defence &amp; Security","EU News","International Safety and Defence Politics"],"inLanguage":"en-US","potentialAction":[{"@type":"CommentAction","name":"Comment","target":["https:\/\/www.cde.ual.es\/en\/parliament-organises-the-ukraine-solidarity-days\/#respond"]}]},{"@type":"WebPage","@id":"https:\/\/www.cde.ual.es\/en\/parliament-organises-the-ukraine-solidarity-days\/","url":"https:\/\/www.cde.ual.es\/en\/parliament-organises-the-ukraine-solidarity-days\/","name":"Parliament organises the Ukraine Solidarity Days | CDE Almer\u00eda - Centro de Documentaci\u00f3n Europea - Universidad de Almer\u00eda","isPartOf":{"@id":"https:\/\/www.cde.ual.es\/#website"},"primaryImageOfPage":{"@id":"https:\/\/www.cde.ual.es\/en\/parliament-organises-the-ukraine-solidarity-days\/#primaryimage"},"image":{"@id":"https:\/\/www.cde.ual.es\/en\/parliament-organises-the-ukraine-solidarity-days\/#primaryimage"},"thumbnailUrl":"https:\/\/www.cde.ual.es\/wp-content\/uploads\/2022\/03\/20220321PHT25903_original.jpg","datePublished":"2022-03-22T11:55:28+00:00","dateModified":"2022-03-22T11:57:08+00:00","breadcrumb":{"@id":"https:\/\/www.cde.ual.es\/en\/parliament-organises-the-ukraine-solidarity-days\/#breadcrumb"},"inLanguage":"en-US","potentialAction":[{"@type":"ReadAction","target":["https:\/\/www.cde.ual.es\/en\/parliament-organises-the-ukraine-solidarity-days\/"]}]},{"@type":"ImageObject","inLanguage":"en-US","@id":"https:\/\/www.cde.ual.es\/en\/parliament-organises-the-ukraine-solidarity-days\/#primaryimage","url":"https:\/\/www.cde.ual.es\/wp-content\/uploads\/2022\/03\/20220321PHT25903_original.jpg","contentUrl":"https:\/\/www.cde.ual.es\/wp-content\/uploads\/2022\/03\/20220321PHT25903_original.jpg","width":1800,"height":1200,"caption":"Ukrainian Flag is raised at the EP building in Brussels"},{"@type":"BreadcrumbList","@id":"https:\/\/www.cde.ual.es\/en\/parliament-organises-the-ukraine-solidarity-days\/#breadcrumb","itemListElement":[{"@type":"ListItem","position":1,"name":"Inicio","item":"https:\/\/www.cde.ual.es\/en\/"},{"@type":"ListItem","position":2,"name":"EU News","item":"https:\/\/www.cde.ual.es\/en\/category\/eu-news\/"},{"@type":"ListItem","position":3,"name":"Defence &amp; Security","item":"https:\/\/www.cde.ual.es\/en\/category\/eu-news\/defence-security\/"},{"@type":"ListItem","position":4,"name":"International Safety and Defence Politics","item":"https:\/\/www.cde.ual.es\/en\/category\/eu-news\/defence-security\/internat-safety-pol\/"},{"@type":"ListItem","position":5,"name":"Parliament organises the Ukraine Solidarity Days"}]},{"@type":"WebSite","@id":"https:\/\/www.cde.ual.es\/#website","url":"https:\/\/www.cde.ual.es\/","name":"CDE Almer\u00eda - Centro de Documentaci\u00f3n Europea - Universidad de Almer\u00eda","description":"Centro de Documentaci\u00f3n Europea de la Universidad de Almer\u00eda","publisher":{"@id":"https:\/\/www.cde.ual.es\/#organization"},"alternateName":"CDE Almer\u00eda","potentialAction":[{"@type":"SearchAction","target":{"@type":"EntryPoint","urlTemplate":"https:\/\/www.cde.ual.es\/?s={search_term_string}"},"query-input":{"@type":"PropertyValueSpecification","valueRequired":true,"valueName":"search_term_string"}}],"inLanguage":"en-US"},{"@type":"Organization","@id":"https:\/\/www.cde.ual.es\/#organization","name":"Centro de Documentaci\u00f3n Europea de Almer\u00eda","url":"https:\/\/www.cde.ual.es\/","logo":{"@type":"ImageObject","inLanguage":"en-US","@id":"https:\/\/www.cde.ual.es\/#\/schema\/logo\/image\/","url":"https:\/\/www.cde.ual.es\/wp-content\/uploads\/2025\/07\/cde-logo-3.png","contentUrl":"https:\/\/www.cde.ual.es\/wp-content\/uploads\/2025\/07\/cde-logo-3.png","width":1400,"height":300,"caption":"Centro de Documentaci\u00f3n Europea de Almer\u00eda"},"image":{"@id":"https:\/\/www.cde.ual.es\/#\/schema\/logo\/image\/"},"sameAs":["https:\/\/www.facebook.com\/cdeuniversidadalmeria\/","https:\/\/x.com\/cdeualmeria","https:\/\/www.tiktok.com\/@cdealmeria","https:\/\/www.instagram.com\/cdealmeria\/","https:\/\/www.linkedin.com\/in\/cde-almera-812b26a9\/"]},{"@type":"Person","@id":"https:\/\/www.cde.ual.es\/#\/schema\/person\/ee46ebc19edfa19598c02cff83335acc","name":"BECA 2 CDE","image":{"@type":"ImageObject","inLanguage":"en-US","@id":"https:\/\/secure.gravatar.com\/avatar\/35a481bbc04bbd90e91bdfa3b0b5541036c222a49b9ad37b6889a2afcb5311a5?s=96&d=mm&r=g","url":"https:\/\/secure.gravatar.com\/avatar\/35a481bbc04bbd90e91bdfa3b0b5541036c222a49b9ad37b6889a2afcb5311a5?s=96&d=mm&r=g","contentUrl":"https:\/\/secure.gravatar.com\/avatar\/35a481bbc04bbd90e91bdfa3b0b5541036c222a49b9ad37b6889a2afcb5311a5?s=96&d=mm&r=g","caption":"BECA 2 CDE"},"sameAs":["http:\/\/www.cdealmeria.com"]}]}},"_links":{"self":[{"href":"https:\/\/www.cde.ual.es\/en\/wp-json\/wp\/v2\/posts\/99661","targetHints":{"allow":["GET"]}}],"collection":[{"href":"https:\/\/www.cde.ual.es\/en\/wp-json\/wp\/v2\/posts"}],"about":[{"href":"https:\/\/www.cde.ual.es\/en\/wp-json\/wp\/v2\/types\/post"}],"author":[{"embeddable":true,"href":"https:\/\/www.cde.ual.es\/en\/wp-json\/wp\/v2\/users\/101011"}],"replies":[{"embeddable":true,"href":"https:\/\/www.cde.ual.es\/en\/wp-json\/wp\/v2\/comments?post=99661"}],"version-history":[{"count":0,"href":"https:\/\/www.cde.ual.es\/en\/wp-json\/wp\/v2\/posts\/99661\/revisions"}],"wp:featuredmedia":[{"embeddable":true,"href":"https:\/\/www.cde.ual.es\/en\/wp-json\/wp\/v2\/media\/99664"}],"wp:attachment":[{"href":"https:\/\/www.cde.ual.es\/en\/wp-json\/wp\/v2\/media?parent=99661"}],"wp:term":[{"taxonomy":"category","embeddable":true,"href":"https:\/\/www.cde.ual.es\/en\/wp-json\/wp\/v2\/categories?post=99661"},{"taxonomy":"post_tag","embeddable":true,"href":"https:\/\/www.cde.ual.es\/en\/wp-json\/wp\/v2\/tags?post=99661"}],"curies":[{"name":"wp","href":"https:\/\/api.w.org\/{rel}","templated":true}]}}