{"id":9928,"date":"2018-11-20T08:00:55","date_gmt":"2018-11-20T07:00:55","guid":{"rendered":"http:\/\/www.cde.ual.es\/?p=9928"},"modified":"2018-11-28T12:55:09","modified_gmt":"2018-11-28T11:55:09","slug":"cumbre-ue-sudafrica-fortalecimiento-de-la-asociacion-estrategica","status":"publish","type":"post","link":"https:\/\/www.cde.ual.es\/en\/cumbre-ue-sudafrica-fortalecimiento-de-la-asociacion-estrategica\/","title":{"rendered":"Cumbre UE-Sud\u00e1frica: fortalecimiento de la asociaci\u00f3n estrat\u00e9gica"},"content":{"rendered":"<h2 class=\"title\" style=\"text-align: center;\"><em>Cumbre UE-Sud\u00e1frica: fortalecimiento de la asociaci\u00f3n estrat\u00e9gica<\/em><\/h2>\n<p><a href=\"http:\/\/www.cde.ual.es\/wp-content\/uploads\/2018\/11\/agreement-black-business-943630.jpg\"><img decoding=\"async\" class=\"wp-image-9929 aligncenter\" src=\"http:\/\/www.cde.ual.es\/wp-content\/uploads\/2018\/11\/agreement-black-business-943630-300x200.jpg\" alt=\"\" width=\"339\" height=\"226\" \/><\/a><\/p>\n<div class=\"lead\">\n<p>La s\u00e9ptima Cumbre Uni\u00f3n Europea-Sud\u00e1frica tuvo lugar ayer, d\u00eda 15 de noviembre, en Bruselas.<\/p>\n<p>En ella, los l\u00edderes acordaron una serie de medidas para reforzar las relaciones bilaterales y regionales, centr\u00e1ndose en la implementaci\u00f3n de la Asociaci\u00f3n Estrat\u00e9gica UE-Sud\u00e1frica. Esto incluye la cooperaci\u00f3n econ\u00f3mica y comercial y la b\u00fasqueda del mejoramiento del clima de negocios y las oportunidades de inversi\u00f3n y creaci\u00f3n de empleos que sean de inter\u00e9s mutuo.<\/p>\n<p>Los l\u00edderes tambi\u00e9n discutieron los desaf\u00edos globales comunes, como el cambio clim\u00e1tico, la migraci\u00f3n, los derechos humanos, el compromiso de buscar una cooperaci\u00f3n estrecha tanto a nivel bilateral como a nivel mundial. Tambi\u00e9n se plantearon varias cuestiones de pol\u00edtica exterior y de seguridad, incluida la consolidaci\u00f3n y consolidaci\u00f3n de la paz, la seguridad y la democracia en el continente africano y en el plano multilateral. Los l\u00edderes finalmente se comprometieron a trabajar para lograr una pronta resoluci\u00f3n de los impedimentos comerciales que afectan los flujos comerciales fluidos.<\/p>\n<h5>Fortalecimiento de la asociaci\u00f3n estrat\u00e9gica<\/h5>\n<\/div>\n<div>Como culmen de la s\u00e9ptima Cumbre UE-Sud\u00e1frica, se procedi\u00f3 a firmar una <a href=\"https:\/\/www.consilium.europa.eu\/media\/36982\/eu-sa-final-statement.pdf\">Declaraci\u00f3n Conjunta<\/a>\u00a0emitida por los l\u00edderes , que describe, entre otros, algunos de los compromisos acordados.<\/div>\n<div>\n<h5>Avanzar el multilateralismo y la gobernanza basada en reglas.<\/h5>\n<p>Los l\u00edderes volvieron a comprometerse a trabajar juntos para apoyar el multilateralismo, la democracia y el orden global basado en normas, en particular en las Naciones Unidas y en los foros de comercio mundial. El pr\u00f3ximo mandato de Sud\u00e1frica como miembro electo del Consejo de Seguridad de las Naciones Unidas en 2019-2020 fue reconocido como una oportunidad para mejorar la cooperaci\u00f3n en materia de paz y seguridad. Como parte de su compromiso con una gobernanza mundial m\u00e1s fuerte, los l\u00edderes destacaron su apoyo al proceso de reforma de las Naciones Unidas, incluidos los esfuerzos por la reforma integral del Consejo de Seguridad de las Naciones Unidas y la revitalizaci\u00f3n del trabajo de la Asamblea General. Los l\u00edderes reiteraron su determinaci\u00f3n de promover el comercio libre, justo e inclusivo y el sistema de comercio multilateral basado en normas con la Organizaci\u00f3n Mundial de Comercio en su n\u00facleo y en beneficio de todos sus Miembros.<\/p>\n<h5>Cooperaci\u00f3n bilateral<\/h5>\n<p>Los l\u00edderes acordaron intensificar la colaboraci\u00f3n en \u00e1reas clave como el cambio clim\u00e1tico, los recursos naturales, la ciencia y la tecnolog\u00eda, la investigaci\u00f3n y la innovaci\u00f3n, el empleo, la educaci\u00f3n y la capacitaci\u00f3n, incluidas las habilidades digitales, la salud, la energ\u00eda, las pol\u00edticas macroecon\u00f3micas, los derechos humanos y la paz y la seguridad. La UE y Sud\u00e1frica, entre otros, explorar\u00e1n las oportunidades que brinda el Plan de Inversi\u00f3n Externa. En relaci\u00f3n con esto, los l\u00edderes se comprometieron a explorar oportunidades de inversi\u00f3n, asistencia t\u00e9cnica que incluye la preparaci\u00f3n del proyecto y la mejora de los climas de negocios e inversiones para promover el desarrollo sostenible. Los l\u00edderes acogieron con satisfacci\u00f3n la conclusi\u00f3n y la implementaci\u00f3n provisional en 2016 de la Comunidad de Desarrollo de \u00c1frica Meridional (SADC) UE &#8211; Acuerdo de Asociaci\u00f3n Econ\u00f3mica (EPA).<\/p>\n<p>Los l\u00edderes tambi\u00e9n se comprometieron a encontrar soluciones mutuamente aceptables para los impedimentos al comercio en agricultura, agroalimentaci\u00f3n y productos manufacturados. Acordaron trabajar para una pronta resoluci\u00f3n de estos impedimentos.<\/p>\n<h5>Cooperaci\u00f3n regional<\/h5>\n<p>Los l\u00edderes dieron la bienvenida a la nueva <a href=\"http:\/\/europa.eu\/rapid\/press-release_IP-18-5702_en.htm\">Alianza \u00c1frica-Europa para la Inversi\u00f3n y el Empleo Sostenibles<\/a> presentada por la Comisi\u00f3n Europea. Intercambiaron puntos de vista sobre asuntos de pol\u00edtica exterior y de seguridad, abordaron una serie de situaciones apremiantes en los vecindarios de la UE y Sud\u00e1frica, y se felicitaron por la contribuci\u00f3n de cada uno al fomento de la paz y la seguridad en sus respectivas regiones. Los l\u00edderes acordaron explorar oportunidades para mejorar la cooperaci\u00f3n en materia de paz y seguridad, prevenci\u00f3n de conflictos y mediaci\u00f3n.<\/p>\n<p>Los l\u00edderes confirmaron la resoluci\u00f3n com\u00fan de reformar la relaci\u00f3n futura entre la UE y los pa\u00edses del Grupo de Estados de \u00c1frica, el Caribe y el Pac\u00edfico. Con este fin, esperan con inter\u00e9s la conclusi\u00f3n exitosa de las negociaciones para un Acuerdo de Asociaci\u00f3n posterior a Coton\u00fa, que contribuir\u00e1 a alcanzar los objetivos tanto de la Agenda 2030 de las Naciones Unidas sobre Desarrollo Sostenible como de la visi\u00f3n a largo plazo para el continente africano &#8211; Agenda 2063.<\/p>\n<p>&nbsp;<\/p>\n<\/div>\n<h5>M\u00e1s informaci\u00f3n<\/h5>\n<p>Accede a la noticia completa <a href=\"http:\/\/europa.eu\/rapid\/press-release_IP-18-6368_en.htm\">aqu\u00ed<\/a><\/p>\n<p><a href=\"https:\/\/eeas.europa.eu\/headquarters\/headquarters-homepage\/53753\/eu-south-africa-strategic-partners_en\">Hoja informativa sobre las relaciones UE-Sud\u00e1frica.<\/a><\/p>\n<p><a href=\"https:\/\/www.consilium.europa.eu\/en\/meetings\/international-summit\/2018\/11\/15\/\">Sitio web de la cumbre UE-Sud\u00e1frica<\/a><\/p>\n<p><a href=\"http:\/\/ec.europa.eu\/trade\/policy\/countries-and-regions\/regions\/sadc\/\">Acuerdo de asociaci\u00f3n econ\u00f3mica: UE-Comunidad de Desarrollo del \u00c1frica Meridional<\/a><\/p>\n<p><a href=\"https:\/\/eeas.europa.eu\/delegations\/south-africa_en\">Delegaci\u00f3n de la Uni\u00f3n Europea en Sud\u00e1frica<\/a><\/p>\n","protected":false},"excerpt":{"rendered":"<p>Cumbre UE-Sud\u00e1frica: fortalecimiento de la asociaci\u00f3n estrat\u00e9gica La s\u00e9ptima Cumbre Uni\u00f3n Europea-Sud\u00e1frica tuvo lugar ayer, d\u00eda 15 de noviembre, en Bruselas. En ella, los l\u00edderes acordaron una serie de medidas para reforzar las relaciones bilaterales y regionales, centr\u00e1ndose en la implementaci\u00f3n de la Asociaci\u00f3n Estrat\u00e9gica UE-Sud\u00e1frica. Esto incluye la cooperaci\u00f3n econ\u00f3mica y comercial y la [&hellip;]<\/p>\n","protected":false},"author":101011,"featured_media":9929,"comment_status":"open","ping_status":"open","sticky":false,"template":"","format":"standard","meta":{"_acf_changed":false,"_relevanssi_hide_post":"","_relevanssi_hide_content":"","_relevanssi_pin_for_all":"","_relevanssi_pin_keywords":"","_relevanssi_unpin_keywords":"","_relevanssi_related_keywords":"","_relevanssi_related_include_ids":"","_relevanssi_related_exclude_ids":"","_relevanssi_related_no_append":"","_relevanssi_related_not_related":"","_relevanssi_related_posts":"","_relevanssi_noindex_reason":"","_monsterinsights_skip_tracking":false,"_monsterinsights_sitenote_active":false,"_monsterinsights_sitenote_note":"","_monsterinsights_sitenote_category":0,"_genesis_hide_title":false,"_genesis_hide_breadcrumbs":false,"_genesis_hide_singular_image":false,"_genesis_hide_footer_widgets":false,"_genesis_custom_body_class":"","_genesis_custom_post_class":"","_genesis_layout":"","footnotes":""},"categories":[96],"tags":[232,127,135],"class_list":{"0":"post-9928","1":"post","2":"type-post","3":"status-publish","4":"format-standard","5":"has-post-thumbnail","7":"category-noticias-ue","8":"tag-africa","9":"tag-cooperacion-internacional","10":"tag-union-europea","11":"entry"},"acf":[],"yoast_head":"<!-- This site is optimized with the Yoast SEO plugin v27.4 - https:\/\/yoast.com\/product\/yoast-seo-wordpress\/ -->\n<title>Cumbre UE-Sud\u00e1frica: fortalecimiento de la asociaci\u00f3n estrat\u00e9gica | CDE Almer\u00eda - Centro de Documentaci\u00f3n Europea - Universidad de Almer\u00eda<\/title>\n<meta name=\"robots\" content=\"index, follow, max-snippet:-1, max-image-preview:large, max-video-preview:-1\" \/>\n<link rel=\"canonical\" href=\"https:\/\/www.cde.ual.es\/en\/cumbre-ue-sudafrica-fortalecimiento-de-la-asociacion-estrategica\/\" \/>\n<meta property=\"og:locale\" content=\"en_US\" \/>\n<meta property=\"og:type\" content=\"article\" \/>\n<meta property=\"og:title\" content=\"Cumbre UE-Sud\u00e1frica: fortalecimiento de la asociaci\u00f3n estrat\u00e9gica | CDE Almer\u00eda - Centro de Documentaci\u00f3n Europea - Universidad de Almer\u00eda\" \/>\n<meta property=\"og:description\" content=\"Cumbre UE-Sud\u00e1frica: fortalecimiento de la asociaci\u00f3n estrat\u00e9gica La s\u00e9ptima Cumbre Uni\u00f3n Europea-Sud\u00e1frica tuvo lugar ayer, d\u00eda 15 de noviembre, en Bruselas. En ella, los l\u00edderes acordaron una serie de medidas para reforzar las relaciones bilaterales y regionales, centr\u00e1ndose en la implementaci\u00f3n de la Asociaci\u00f3n Estrat\u00e9gica UE-Sud\u00e1frica. Esto incluye la cooperaci\u00f3n econ\u00f3mica y comercial y la [&hellip;]\" \/>\n<meta property=\"og:url\" content=\"https:\/\/www.cde.ual.es\/en\/cumbre-ue-sudafrica-fortalecimiento-de-la-asociacion-estrategica\/\" \/>\n<meta property=\"og:site_name\" content=\"CDE Almer\u00eda - Centro de Documentaci\u00f3n Europea - Universidad de Almer\u00eda\" \/>\n<meta property=\"article:publisher\" content=\"https:\/\/www.facebook.com\/cdeuniversidadalmeria\/\" \/>\n<meta property=\"article:published_time\" content=\"2018-11-20T07:00:55+00:00\" \/>\n<meta property=\"article:modified_time\" content=\"2018-11-28T11:55:09+00:00\" \/>\n<meta property=\"og:image\" content=\"https:\/\/www.cde.ual.es\/wp-content\/uploads\/2018\/11\/agreement-black-business-943630-e1542357220839.jpg\" \/>\n\t<meta property=\"og:image:width\" content=\"600\" \/>\n\t<meta property=\"og:image:height\" content=\"401\" \/>\n\t<meta property=\"og:image:type\" content=\"image\/jpeg\" \/>\n<meta name=\"author\" content=\"BECA 2 CDE\" \/>\n<meta name=\"twitter:card\" content=\"summary_large_image\" \/>\n<meta name=\"twitter:creator\" content=\"@cdeualmeria\" \/>\n<meta name=\"twitter:site\" content=\"@cdeualmeria\" \/>\n<meta name=\"twitter:label1\" content=\"Written by\" \/>\n\t<meta name=\"twitter:data1\" content=\"BECA 2 CDE\" \/>\n\t<meta name=\"twitter:label2\" content=\"Est. reading time\" \/>\n\t<meta name=\"twitter:data2\" content=\"4 minutes\" \/>\n<script type=\"application\/ld+json\" class=\"yoast-schema-graph\">{\"@context\":\"https:\\\/\\\/schema.org\",\"@graph\":[{\"@type\":\"Article\",\"@id\":\"https:\\\/\\\/www.cde.ual.es\\\/en\\\/cumbre-ue-sudafrica-fortalecimiento-de-la-asociacion-estrategica\\\/#article\",\"isPartOf\":{\"@id\":\"https:\\\/\\\/www.cde.ual.es\\\/en\\\/cumbre-ue-sudafrica-fortalecimiento-de-la-asociacion-estrategica\\\/\"},\"author\":{\"name\":\"BECA 2 CDE\",\"@id\":\"https:\\\/\\\/www.cde.ual.es\\\/#\\\/schema\\\/person\\\/ee46ebc19edfa19598c02cff83335acc\"},\"headline\":\"Cumbre UE-Sud\u00e1frica: fortalecimiento de la asociaci\u00f3n estrat\u00e9gica\",\"datePublished\":\"2018-11-20T07:00:55+00:00\",\"dateModified\":\"2018-11-28T11:55:09+00:00\",\"mainEntityOfPage\":{\"@id\":\"https:\\\/\\\/www.cde.ual.es\\\/en\\\/cumbre-ue-sudafrica-fortalecimiento-de-la-asociacion-estrategica\\\/\"},\"wordCount\":846,\"commentCount\":0,\"publisher\":{\"@id\":\"https:\\\/\\\/www.cde.ual.es\\\/#organization\"},\"image\":{\"@id\":\"https:\\\/\\\/www.cde.ual.es\\\/en\\\/cumbre-ue-sudafrica-fortalecimiento-de-la-asociacion-estrategica\\\/#primaryimage\"},\"thumbnailUrl\":\"https:\\\/\\\/www.cde.ual.es\\\/wp-content\\\/uploads\\\/2018\\\/11\\\/agreement-black-business-943630-e1542357220839.jpg\",\"keywords\":[\"\u00c1frica\",\"Cooperaci\u00f3n Internacional\",\"Uni\u00f3n Europea\"],\"articleSection\":[\"Noticias UE\"],\"inLanguage\":\"en-US\",\"potentialAction\":[{\"@type\":\"CommentAction\",\"name\":\"Comment\",\"target\":[\"https:\\\/\\\/www.cde.ual.es\\\/en\\\/cumbre-ue-sudafrica-fortalecimiento-de-la-asociacion-estrategica\\\/#respond\"]}]},{\"@type\":\"WebPage\",\"@id\":\"https:\\\/\\\/www.cde.ual.es\\\/en\\\/cumbre-ue-sudafrica-fortalecimiento-de-la-asociacion-estrategica\\\/\",\"url\":\"https:\\\/\\\/www.cde.ual.es\\\/en\\\/cumbre-ue-sudafrica-fortalecimiento-de-la-asociacion-estrategica\\\/\",\"name\":\"Cumbre UE-Sud\u00e1frica: fortalecimiento de la asociaci\u00f3n estrat\u00e9gica | CDE Almer\u00eda - Centro de Documentaci\u00f3n Europea - Universidad de Almer\u00eda\",\"isPartOf\":{\"@id\":\"https:\\\/\\\/www.cde.ual.es\\\/#website\"},\"primaryImageOfPage\":{\"@id\":\"https:\\\/\\\/www.cde.ual.es\\\/en\\\/cumbre-ue-sudafrica-fortalecimiento-de-la-asociacion-estrategica\\\/#primaryimage\"},\"image\":{\"@id\":\"https:\\\/\\\/www.cde.ual.es\\\/en\\\/cumbre-ue-sudafrica-fortalecimiento-de-la-asociacion-estrategica\\\/#primaryimage\"},\"thumbnailUrl\":\"https:\\\/\\\/www.cde.ual.es\\\/wp-content\\\/uploads\\\/2018\\\/11\\\/agreement-black-business-943630-e1542357220839.jpg\",\"datePublished\":\"2018-11-20T07:00:55+00:00\",\"dateModified\":\"2018-11-28T11:55:09+00:00\",\"breadcrumb\":{\"@id\":\"https:\\\/\\\/www.cde.ual.es\\\/en\\\/cumbre-ue-sudafrica-fortalecimiento-de-la-asociacion-estrategica\\\/#breadcrumb\"},\"inLanguage\":\"en-US\",\"potentialAction\":[{\"@type\":\"ReadAction\",\"target\":[\"https:\\\/\\\/www.cde.ual.es\\\/en\\\/cumbre-ue-sudafrica-fortalecimiento-de-la-asociacion-estrategica\\\/\"]}]},{\"@type\":\"ImageObject\",\"inLanguage\":\"en-US\",\"@id\":\"https:\\\/\\\/www.cde.ual.es\\\/en\\\/cumbre-ue-sudafrica-fortalecimiento-de-la-asociacion-estrategica\\\/#primaryimage\",\"url\":\"https:\\\/\\\/www.cde.ual.es\\\/wp-content\\\/uploads\\\/2018\\\/11\\\/agreement-black-business-943630-e1542357220839.jpg\",\"contentUrl\":\"https:\\\/\\\/www.cde.ual.es\\\/wp-content\\\/uploads\\\/2018\\\/11\\\/agreement-black-business-943630-e1542357220839.jpg\",\"width\":600,\"height\":401},{\"@type\":\"BreadcrumbList\",\"@id\":\"https:\\\/\\\/www.cde.ual.es\\\/en\\\/cumbre-ue-sudafrica-fortalecimiento-de-la-asociacion-estrategica\\\/#breadcrumb\",\"itemListElement\":[{\"@type\":\"ListItem\",\"position\":1,\"name\":\"Inicio\",\"item\":\"https:\\\/\\\/www.cde.ual.es\\\/en\\\/\"},{\"@type\":\"ListItem\",\"position\":2,\"name\":\"EU News\",\"item\":\"https:\\\/\\\/www.cde.ual.es\\\/en\\\/category\\\/eu-news\\\/\"},{\"@type\":\"ListItem\",\"position\":3,\"name\":\"Cumbre UE-Sud\u00e1frica: fortalecimiento de la asociaci\u00f3n estrat\u00e9gica\"}]},{\"@type\":\"WebSite\",\"@id\":\"https:\\\/\\\/www.cde.ual.es\\\/#website\",\"url\":\"https:\\\/\\\/www.cde.ual.es\\\/\",\"name\":\"CDE Almer\u00eda - Centro de Documentaci\u00f3n Europea - Universidad de Almer\u00eda\",\"description\":\"Centro de Documentaci\u00f3n Europea de la Universidad de Almer\u00eda\",\"publisher\":{\"@id\":\"https:\\\/\\\/www.cde.ual.es\\\/#organization\"},\"alternateName\":\"CDE Almer\u00eda\",\"potentialAction\":[{\"@type\":\"SearchAction\",\"target\":{\"@type\":\"EntryPoint\",\"urlTemplate\":\"https:\\\/\\\/www.cde.ual.es\\\/?s={search_term_string}\"},\"query-input\":{\"@type\":\"PropertyValueSpecification\",\"valueRequired\":true,\"valueName\":\"search_term_string\"}}],\"inLanguage\":\"en-US\"},{\"@type\":\"Organization\",\"@id\":\"https:\\\/\\\/www.cde.ual.es\\\/#organization\",\"name\":\"Centro de Documentaci\u00f3n Europea de Almer\u00eda\",\"url\":\"https:\\\/\\\/www.cde.ual.es\\\/\",\"logo\":{\"@type\":\"ImageObject\",\"inLanguage\":\"en-US\",\"@id\":\"https:\\\/\\\/www.cde.ual.es\\\/#\\\/schema\\\/logo\\\/image\\\/\",\"url\":\"https:\\\/\\\/www.cde.ual.es\\\/wp-content\\\/uploads\\\/2025\\\/07\\\/cde-logo-3.png\",\"contentUrl\":\"https:\\\/\\\/www.cde.ual.es\\\/wp-content\\\/uploads\\\/2025\\\/07\\\/cde-logo-3.png\",\"width\":1400,\"height\":300,\"caption\":\"Centro de Documentaci\u00f3n Europea de Almer\u00eda\"},\"image\":{\"@id\":\"https:\\\/\\\/www.cde.ual.es\\\/#\\\/schema\\\/logo\\\/image\\\/\"},\"sameAs\":[\"https:\\\/\\\/www.facebook.com\\\/cdeuniversidadalmeria\\\/\",\"https:\\\/\\\/x.com\\\/cdeualmeria\",\"https:\\\/\\\/www.tiktok.com\\\/@cdealmeria\",\"https:\\\/\\\/www.instagram.com\\\/cdealmeria\\\/\",\"https:\\\/\\\/www.linkedin.com\\\/in\\\/cde-almera-812b26a9\\\/\"]},{\"@type\":\"Person\",\"@id\":\"https:\\\/\\\/www.cde.ual.es\\\/#\\\/schema\\\/person\\\/ee46ebc19edfa19598c02cff83335acc\",\"name\":\"BECA 2 CDE\",\"image\":{\"@type\":\"ImageObject\",\"inLanguage\":\"en-US\",\"@id\":\"https:\\\/\\\/secure.gravatar.com\\\/avatar\\\/35a481bbc04bbd90e91bdfa3b0b5541036c222a49b9ad37b6889a2afcb5311a5?s=96&d=mm&r=g\",\"url\":\"https:\\\/\\\/secure.gravatar.com\\\/avatar\\\/35a481bbc04bbd90e91bdfa3b0b5541036c222a49b9ad37b6889a2afcb5311a5?s=96&d=mm&r=g\",\"contentUrl\":\"https:\\\/\\\/secure.gravatar.com\\\/avatar\\\/35a481bbc04bbd90e91bdfa3b0b5541036c222a49b9ad37b6889a2afcb5311a5?s=96&d=mm&r=g\",\"caption\":\"BECA 2 CDE\"},\"sameAs\":[\"http:\\\/\\\/www.cdealmeria.com\"]}]}<\/script>\n<!-- \/ Yoast SEO plugin. -->","yoast_head_json":{"title":"Cumbre UE-Sud\u00e1frica: fortalecimiento de la asociaci\u00f3n estrat\u00e9gica | CDE Almer\u00eda - Centro de Documentaci\u00f3n Europea - Universidad de Almer\u00eda","robots":{"index":"index","follow":"follow","max-snippet":"max-snippet:-1","max-image-preview":"max-image-preview:large","max-video-preview":"max-video-preview:-1"},"canonical":"https:\/\/www.cde.ual.es\/en\/cumbre-ue-sudafrica-fortalecimiento-de-la-asociacion-estrategica\/","og_locale":"en_US","og_type":"article","og_title":"Cumbre UE-Sud\u00e1frica: fortalecimiento de la asociaci\u00f3n estrat\u00e9gica | CDE Almer\u00eda - Centro de Documentaci\u00f3n Europea - Universidad de Almer\u00eda","og_description":"Cumbre UE-Sud\u00e1frica: fortalecimiento de la asociaci\u00f3n estrat\u00e9gica La s\u00e9ptima Cumbre Uni\u00f3n Europea-Sud\u00e1frica tuvo lugar ayer, d\u00eda 15 de noviembre, en Bruselas. En ella, los l\u00edderes acordaron una serie de medidas para reforzar las relaciones bilaterales y regionales, centr\u00e1ndose en la implementaci\u00f3n de la Asociaci\u00f3n Estrat\u00e9gica UE-Sud\u00e1frica. Esto incluye la cooperaci\u00f3n econ\u00f3mica y comercial y la [&hellip;]","og_url":"https:\/\/www.cde.ual.es\/en\/cumbre-ue-sudafrica-fortalecimiento-de-la-asociacion-estrategica\/","og_site_name":"CDE Almer\u00eda - Centro de Documentaci\u00f3n Europea - Universidad de Almer\u00eda","article_publisher":"https:\/\/www.facebook.com\/cdeuniversidadalmeria\/","article_published_time":"2018-11-20T07:00:55+00:00","article_modified_time":"2018-11-28T11:55:09+00:00","og_image":[{"width":600,"height":401,"url":"https:\/\/www.cde.ual.es\/wp-content\/uploads\/2018\/11\/agreement-black-business-943630-e1542357220839.jpg","type":"image\/jpeg"}],"author":"BECA 2 CDE","twitter_card":"summary_large_image","twitter_creator":"@cdeualmeria","twitter_site":"@cdeualmeria","twitter_misc":{"Written by":"BECA 2 CDE","Est. reading time":"4 minutes"},"schema":{"@context":"https:\/\/schema.org","@graph":[{"@type":"Article","@id":"https:\/\/www.cde.ual.es\/en\/cumbre-ue-sudafrica-fortalecimiento-de-la-asociacion-estrategica\/#article","isPartOf":{"@id":"https:\/\/www.cde.ual.es\/en\/cumbre-ue-sudafrica-fortalecimiento-de-la-asociacion-estrategica\/"},"author":{"name":"BECA 2 CDE","@id":"https:\/\/www.cde.ual.es\/#\/schema\/person\/ee46ebc19edfa19598c02cff83335acc"},"headline":"Cumbre UE-Sud\u00e1frica: fortalecimiento de la asociaci\u00f3n estrat\u00e9gica","datePublished":"2018-11-20T07:00:55+00:00","dateModified":"2018-11-28T11:55:09+00:00","mainEntityOfPage":{"@id":"https:\/\/www.cde.ual.es\/en\/cumbre-ue-sudafrica-fortalecimiento-de-la-asociacion-estrategica\/"},"wordCount":846,"commentCount":0,"publisher":{"@id":"https:\/\/www.cde.ual.es\/#organization"},"image":{"@id":"https:\/\/www.cde.ual.es\/en\/cumbre-ue-sudafrica-fortalecimiento-de-la-asociacion-estrategica\/#primaryimage"},"thumbnailUrl":"https:\/\/www.cde.ual.es\/wp-content\/uploads\/2018\/11\/agreement-black-business-943630-e1542357220839.jpg","keywords":["\u00c1frica","Cooperaci\u00f3n Internacional","Uni\u00f3n Europea"],"articleSection":["Noticias UE"],"inLanguage":"en-US","potentialAction":[{"@type":"CommentAction","name":"Comment","target":["https:\/\/www.cde.ual.es\/en\/cumbre-ue-sudafrica-fortalecimiento-de-la-asociacion-estrategica\/#respond"]}]},{"@type":"WebPage","@id":"https:\/\/www.cde.ual.es\/en\/cumbre-ue-sudafrica-fortalecimiento-de-la-asociacion-estrategica\/","url":"https:\/\/www.cde.ual.es\/en\/cumbre-ue-sudafrica-fortalecimiento-de-la-asociacion-estrategica\/","name":"Cumbre UE-Sud\u00e1frica: fortalecimiento de la asociaci\u00f3n estrat\u00e9gica | CDE Almer\u00eda - Centro de Documentaci\u00f3n Europea - Universidad de Almer\u00eda","isPartOf":{"@id":"https:\/\/www.cde.ual.es\/#website"},"primaryImageOfPage":{"@id":"https:\/\/www.cde.ual.es\/en\/cumbre-ue-sudafrica-fortalecimiento-de-la-asociacion-estrategica\/#primaryimage"},"image":{"@id":"https:\/\/www.cde.ual.es\/en\/cumbre-ue-sudafrica-fortalecimiento-de-la-asociacion-estrategica\/#primaryimage"},"thumbnailUrl":"https:\/\/www.cde.ual.es\/wp-content\/uploads\/2018\/11\/agreement-black-business-943630-e1542357220839.jpg","datePublished":"2018-11-20T07:00:55+00:00","dateModified":"2018-11-28T11:55:09+00:00","breadcrumb":{"@id":"https:\/\/www.cde.ual.es\/en\/cumbre-ue-sudafrica-fortalecimiento-de-la-asociacion-estrategica\/#breadcrumb"},"inLanguage":"en-US","potentialAction":[{"@type":"ReadAction","target":["https:\/\/www.cde.ual.es\/en\/cumbre-ue-sudafrica-fortalecimiento-de-la-asociacion-estrategica\/"]}]},{"@type":"ImageObject","inLanguage":"en-US","@id":"https:\/\/www.cde.ual.es\/en\/cumbre-ue-sudafrica-fortalecimiento-de-la-asociacion-estrategica\/#primaryimage","url":"https:\/\/www.cde.ual.es\/wp-content\/uploads\/2018\/11\/agreement-black-business-943630-e1542357220839.jpg","contentUrl":"https:\/\/www.cde.ual.es\/wp-content\/uploads\/2018\/11\/agreement-black-business-943630-e1542357220839.jpg","width":600,"height":401},{"@type":"BreadcrumbList","@id":"https:\/\/www.cde.ual.es\/en\/cumbre-ue-sudafrica-fortalecimiento-de-la-asociacion-estrategica\/#breadcrumb","itemListElement":[{"@type":"ListItem","position":1,"name":"Inicio","item":"https:\/\/www.cde.ual.es\/en\/"},{"@type":"ListItem","position":2,"name":"EU News","item":"https:\/\/www.cde.ual.es\/en\/category\/eu-news\/"},{"@type":"ListItem","position":3,"name":"Cumbre UE-Sud\u00e1frica: fortalecimiento de la asociaci\u00f3n estrat\u00e9gica"}]},{"@type":"WebSite","@id":"https:\/\/www.cde.ual.es\/#website","url":"https:\/\/www.cde.ual.es\/","name":"CDE Almer\u00eda - Centro de Documentaci\u00f3n Europea - Universidad de Almer\u00eda","description":"Centro de Documentaci\u00f3n Europea de la Universidad de Almer\u00eda","publisher":{"@id":"https:\/\/www.cde.ual.es\/#organization"},"alternateName":"CDE Almer\u00eda","potentialAction":[{"@type":"SearchAction","target":{"@type":"EntryPoint","urlTemplate":"https:\/\/www.cde.ual.es\/?s={search_term_string}"},"query-input":{"@type":"PropertyValueSpecification","valueRequired":true,"valueName":"search_term_string"}}],"inLanguage":"en-US"},{"@type":"Organization","@id":"https:\/\/www.cde.ual.es\/#organization","name":"Centro de Documentaci\u00f3n Europea de Almer\u00eda","url":"https:\/\/www.cde.ual.es\/","logo":{"@type":"ImageObject","inLanguage":"en-US","@id":"https:\/\/www.cde.ual.es\/#\/schema\/logo\/image\/","url":"https:\/\/www.cde.ual.es\/wp-content\/uploads\/2025\/07\/cde-logo-3.png","contentUrl":"https:\/\/www.cde.ual.es\/wp-content\/uploads\/2025\/07\/cde-logo-3.png","width":1400,"height":300,"caption":"Centro de Documentaci\u00f3n Europea de Almer\u00eda"},"image":{"@id":"https:\/\/www.cde.ual.es\/#\/schema\/logo\/image\/"},"sameAs":["https:\/\/www.facebook.com\/cdeuniversidadalmeria\/","https:\/\/x.com\/cdeualmeria","https:\/\/www.tiktok.com\/@cdealmeria","https:\/\/www.instagram.com\/cdealmeria\/","https:\/\/www.linkedin.com\/in\/cde-almera-812b26a9\/"]},{"@type":"Person","@id":"https:\/\/www.cde.ual.es\/#\/schema\/person\/ee46ebc19edfa19598c02cff83335acc","name":"BECA 2 CDE","image":{"@type":"ImageObject","inLanguage":"en-US","@id":"https:\/\/secure.gravatar.com\/avatar\/35a481bbc04bbd90e91bdfa3b0b5541036c222a49b9ad37b6889a2afcb5311a5?s=96&d=mm&r=g","url":"https:\/\/secure.gravatar.com\/avatar\/35a481bbc04bbd90e91bdfa3b0b5541036c222a49b9ad37b6889a2afcb5311a5?s=96&d=mm&r=g","contentUrl":"https:\/\/secure.gravatar.com\/avatar\/35a481bbc04bbd90e91bdfa3b0b5541036c222a49b9ad37b6889a2afcb5311a5?s=96&d=mm&r=g","caption":"BECA 2 CDE"},"sameAs":["http:\/\/www.cdealmeria.com"]}]}},"_links":{"self":[{"href":"https:\/\/www.cde.ual.es\/en\/wp-json\/wp\/v2\/posts\/9928","targetHints":{"allow":["GET"]}}],"collection":[{"href":"https:\/\/www.cde.ual.es\/en\/wp-json\/wp\/v2\/posts"}],"about":[{"href":"https:\/\/www.cde.ual.es\/en\/wp-json\/wp\/v2\/types\/post"}],"author":[{"embeddable":true,"href":"https:\/\/www.cde.ual.es\/en\/wp-json\/wp\/v2\/users\/101011"}],"replies":[{"embeddable":true,"href":"https:\/\/www.cde.ual.es\/en\/wp-json\/wp\/v2\/comments?post=9928"}],"version-history":[{"count":0,"href":"https:\/\/www.cde.ual.es\/en\/wp-json\/wp\/v2\/posts\/9928\/revisions"}],"wp:featuredmedia":[{"embeddable":true,"href":"https:\/\/www.cde.ual.es\/en\/wp-json\/wp\/v2\/media\/9929"}],"wp:attachment":[{"href":"https:\/\/www.cde.ual.es\/en\/wp-json\/wp\/v2\/media?parent=9928"}],"wp:term":[{"taxonomy":"category","embeddable":true,"href":"https:\/\/www.cde.ual.es\/en\/wp-json\/wp\/v2\/categories?post=9928"},{"taxonomy":"post_tag","embeddable":true,"href":"https:\/\/www.cde.ual.es\/en\/wp-json\/wp\/v2\/tags?post=9928"}],"curies":[{"name":"wp","href":"https:\/\/api.w.org\/{rel}","templated":true}]}}