{"id":99275,"date":"2022-03-18T08:20:41","date_gmt":"2022-03-18T07:20:41","guid":{"rendered":"https:\/\/www.cde.ual.es\/?p=99275"},"modified":"2022-03-18T08:20:41","modified_gmt":"2022-03-18T07:20:41","slug":"council-of-europe-statement-by-the-high-representative-on-the-cessation-of-russias-membership","status":"publish","type":"post","link":"https:\/\/www.cde.ual.es\/en\/council-of-europe-statement-by-the-high-representative-on-the-cessation-of-russias-membership\/","title":{"rendered":"Council of Europe: Statement by the High Representative on the cessation of Russia&#8217;s membership"},"content":{"rendered":"<p>On Wednesday, the Committee of Ministers of the Council of Europe decided to cease the membership of the Russian Federation in the Council of Europe as from 16 March. The decision was taken based on Parliamentary\u00a0Assembly of the\u00a0Council of\u00a0Europe\u00a0(PACE)\u00a0unanimous opinion, adopted following Russia\u2019s grave violations of the Council of Europe\u00a0Statute in accordance with the\u00a0due procedures.<\/p>\n<p>With its unprovoked and unjustified aggression against Ukraine, a fellow member State of the Council of Europe, Russia\u00a0violated the fundamental principles of the Council of Europe Statute, the UN Charter and international law.<\/p>\n<p>We regret that the Russian Federation has failed to heed our calls to cease its military operations in Ukraine immediately and unconditionally.<\/p>\n<p>As a result of Russia\u2019s behaviour, Russian citizens will no longer benefit from the protections granted by the European Convention on Human Rights nor be able to take cases of\u00a0violation\u00a0of their human rights to the European Court of Human Rights.\u00a0This is highly concerning and yet another restriction of Russian citizens\u2019 rights.<\/p>\n<p>The European Union expresses its support for human rights defenders, democratic forces, free media and independent civil society in Russia. We urge the Russian Federation to\u00a0rapidly\u00a0return to compliance with human rights, international law and international humanitarian law.<\/p>\n<p><strong><a href=\"https:\/\/eeas.europa.eu\/headquarters\/headquarters-homepage\/112940\/council-europe-statement-high-representative-cessation-russias-membership_en\">More information: EEAS<\/a><\/strong><\/p>\n<hr \/>\n<h3 class=\"taglib-header \">The Russian Federation is excluded from the Council of Europe<\/h3>\n<div class=\"asset-full-content default-asset-publisher show-asset-title\">\n<div class=\"asset-user-actions\">In an extraordinary meeting on Wednesday, the <strong>Committee of Ministers<\/strong>\u00a0<a href=\"https:\/\/search.coe.int\/cm\/pages\/result_details.aspx?objectid=0900001680a5d7d9\">decided<\/a>, in the context of the procedure launched under Article 8 of the Statute of the Council of Europe, that the Russian Federation ceases to be a member of the Council of Europe as from today, after 26 years of membership.<\/div>\n<\/div>\n<p><b><u>For information:<\/u><\/b><\/p>\n<ul class=\"list1\">\n<li>On 15 March, the Parliamentary Assembly unanimously adopted an\u00a0<a href=\"https:\/\/pace.coe.int\/en\/files\/29885\/html\">Opinion<\/a>\u00a0which considered that the Russian Federation can no longer be a member State of the Organisation.<\/li>\n<li>On 15 March, the Government of the Russian Federation informed the Secretary General of its withdrawal from the Council of Europe in accordance with the\u00a0<a href=\"https:\/\/www.coe.int\/en\/web\/conventions\/full-list?module=treaty-detail&amp;treatynum=001\">Statute<\/a>\u00a0of the Council if Europe and of its intention to denounce the European Convention on Human Rights.<\/li>\n<li>On 10 March, the Committee of Ministers\u00a0<a href=\"https:\/\/search.coe.int\/cm\/Pages\/result_details.aspx?ObjectID=0900001680a5c619\">decided<\/a>\u00a0to consult the Parliamentary Assembly on potential further use of Article 8 of the Statute.<\/li>\n<li>On 25 February, following an exchange of views with the Parliamentary Assembly, the Committee of Ministers\u00a0<a href=\"https:\/\/search.coe.int\/cm\/Pages\/result_details.aspx?ObjectID=0900001680a5a360\">decided<\/a>\u00a0to launch the procedure provided by Article 8 of the Statute and agreed to suspend the Russian Federation from its rights of representation in the Council of Europe, in accordance with its relevant\u00a0<a href=\"https:\/\/search.coe.int\/cm\/pages\/result_details.aspx?objectid=0900001680a5b15f\">Resolution<\/a>\u00a0on legal and financial consequences on the suspension.<\/li>\n<\/ul>\n<p><span lang=\"EN-US\">Russia joined the Council of Europe on 28 February 1996.<\/span><\/p>\n<p><strong><a href=\"https:\/\/www.coe.int\/en\/web\/portal\/-\/the-russian-federation-is-excluded-from-the-council-of-europe\">More information: Council of Europe<\/a><\/strong><\/p>\n","protected":false},"excerpt":{"rendered":"<p>On Wednesday, the Committee of Ministers of the Council of Europe decided to cease the membership of the Russian Federation in the Council of Europe as from 16 March. The decision was taken based on Parliamentary\u00a0Assembly of the\u00a0Council of\u00a0Europe\u00a0(PACE)\u00a0unanimous opinion, adopted following Russia\u2019s grave violations of the Council of Europe\u00a0Statute in accordance with the\u00a0due procedures. [&hellip;]<\/p>\n","protected":false},"author":1,"featured_media":99276,"comment_status":"open","ping_status":"open","sticky":false,"template":"","format":"standard","meta":{"_acf_changed":false,"_relevanssi_hide_post":"","_relevanssi_hide_content":"","_relevanssi_pin_for_all":"","_relevanssi_pin_keywords":"","_relevanssi_unpin_keywords":"","_relevanssi_related_keywords":"","_relevanssi_related_include_ids":"","_relevanssi_related_exclude_ids":"","_relevanssi_related_no_append":"","_relevanssi_related_not_related":"","_relevanssi_related_posts":"","_relevanssi_noindex_reason":"","_monsterinsights_skip_tracking":false,"_monsterinsights_sitenote_active":false,"_monsterinsights_sitenote_note":"","_monsterinsights_sitenote_category":0,"_genesis_hide_title":false,"_genesis_hide_breadcrumbs":false,"_genesis_hide_singular_image":false,"_genesis_hide_footer_widgets":false,"_genesis_custom_body_class":"","_genesis_custom_post_class":"","_genesis_layout":"","footnotes":""},"categories":[4075,346,4078],"tags":[],"class_list":{"0":"post-99275","1":"post","2":"type-post","3":"status-publish","4":"format-standard","5":"has-post-thumbnail","7":"category-defence-security","8":"category-eu-news","9":"category-internat-safety-pol","10":"entry"},"acf":[],"yoast_head":"<!-- This site is optimized with the Yoast SEO plugin v27.5 - https:\/\/yoast.com\/product\/yoast-seo-wordpress\/ -->\n<title>Council of Europe: Statement by the High Representative on the cessation of Russia&#039;s membership | CDE Almer\u00eda - Centro de Documentaci\u00f3n Europea - Universidad de Almer\u00eda<\/title>\n<meta name=\"robots\" content=\"index, follow, max-snippet:-1, max-image-preview:large, max-video-preview:-1\" \/>\n<link rel=\"canonical\" href=\"https:\/\/www.cde.ual.es\/en\/council-of-europe-statement-by-the-high-representative-on-the-cessation-of-russias-membership\/\" \/>\n<meta property=\"og:locale\" content=\"en_US\" \/>\n<meta property=\"og:type\" content=\"article\" \/>\n<meta property=\"og:title\" content=\"Council of Europe: Statement by the High Representative on the cessation of Russia&#039;s membership | CDE Almer\u00eda - Centro de Documentaci\u00f3n Europea - Universidad de Almer\u00eda\" \/>\n<meta property=\"og:description\" content=\"On Wednesday, the Committee of Ministers of the Council of Europe decided to cease the membership of the Russian Federation in the Council of Europe as from 16 March. The decision was taken based on Parliamentary\u00a0Assembly of the\u00a0Council of\u00a0Europe\u00a0(PACE)\u00a0unanimous opinion, adopted following Russia\u2019s grave violations of the Council of Europe\u00a0Statute in accordance with the\u00a0due procedures. [&hellip;]\" \/>\n<meta property=\"og:url\" content=\"https:\/\/www.cde.ual.es\/en\/council-of-europe-statement-by-the-high-representative-on-the-cessation-of-russias-membership\/\" \/>\n<meta property=\"og:site_name\" content=\"CDE Almer\u00eda - Centro de Documentaci\u00f3n Europea - Universidad de Almer\u00eda\" \/>\n<meta property=\"article:publisher\" content=\"https:\/\/www.facebook.com\/cdeuniversidadalmeria\/\" \/>\n<meta property=\"article:published_time\" content=\"2022-03-18T07:20:41+00:00\" \/>\n<meta property=\"og:image\" content=\"https:\/\/www.cde.ual.es\/wp-content\/uploads\/2022\/03\/53220_018-.jpg\" \/>\n\t<meta property=\"og:image:width\" content=\"870\" \/>\n\t<meta property=\"og:image:height\" content=\"489\" \/>\n\t<meta property=\"og:image:type\" content=\"image\/jpeg\" \/>\n<meta name=\"author\" content=\"AdminCDE\" \/>\n<meta name=\"twitter:card\" content=\"summary_large_image\" \/>\n<meta name=\"twitter:creator\" content=\"@cdeualmeria\" \/>\n<meta name=\"twitter:site\" content=\"@cdeualmeria\" \/>\n<meta name=\"twitter:label1\" content=\"Written by\" \/>\n\t<meta name=\"twitter:data1\" content=\"AdminCDE\" \/>\n\t<meta name=\"twitter:label2\" content=\"Est. reading time\" \/>\n\t<meta name=\"twitter:data2\" content=\"2 minutes\" \/>\n<script type=\"application\/ld+json\" class=\"yoast-schema-graph\">{\"@context\":\"https:\\\/\\\/schema.org\",\"@graph\":[{\"@type\":\"Article\",\"@id\":\"https:\\\/\\\/www.cde.ual.es\\\/en\\\/council-of-europe-statement-by-the-high-representative-on-the-cessation-of-russias-membership\\\/#article\",\"isPartOf\":{\"@id\":\"https:\\\/\\\/www.cde.ual.es\\\/en\\\/council-of-europe-statement-by-the-high-representative-on-the-cessation-of-russias-membership\\\/\"},\"author\":{\"name\":\"AdminCDE\",\"@id\":\"https:\\\/\\\/www.cde.ual.es\\\/#\\\/schema\\\/person\\\/224ef08c8bcc005f319d2713ce37ee5f\"},\"headline\":\"Council of Europe: Statement by the High Representative on the cessation of Russia&#8217;s membership\",\"datePublished\":\"2022-03-18T07:20:41+00:00\",\"mainEntityOfPage\":{\"@id\":\"https:\\\/\\\/www.cde.ual.es\\\/en\\\/council-of-europe-statement-by-the-high-representative-on-the-cessation-of-russias-membership\\\/\"},\"wordCount\":449,\"commentCount\":0,\"publisher\":{\"@id\":\"https:\\\/\\\/www.cde.ual.es\\\/#organization\"},\"image\":{\"@id\":\"https:\\\/\\\/www.cde.ual.es\\\/en\\\/council-of-europe-statement-by-the-high-representative-on-the-cessation-of-russias-membership\\\/#primaryimage\"},\"thumbnailUrl\":\"https:\\\/\\\/www.cde.ual.es\\\/wp-content\\\/uploads\\\/2022\\\/03\\\/53220_018-.jpg\",\"articleSection\":[\"Defence &amp; Security\",\"EU News\",\"International Safety and Defence Politics\"],\"inLanguage\":\"en-US\",\"potentialAction\":[{\"@type\":\"CommentAction\",\"name\":\"Comment\",\"target\":[\"https:\\\/\\\/www.cde.ual.es\\\/en\\\/council-of-europe-statement-by-the-high-representative-on-the-cessation-of-russias-membership\\\/#respond\"]}]},{\"@type\":\"WebPage\",\"@id\":\"https:\\\/\\\/www.cde.ual.es\\\/en\\\/council-of-europe-statement-by-the-high-representative-on-the-cessation-of-russias-membership\\\/\",\"url\":\"https:\\\/\\\/www.cde.ual.es\\\/en\\\/council-of-europe-statement-by-the-high-representative-on-the-cessation-of-russias-membership\\\/\",\"name\":\"Council of Europe: Statement by the High Representative on the cessation of Russia's membership | CDE Almer\u00eda - Centro de Documentaci\u00f3n Europea - Universidad de Almer\u00eda\",\"isPartOf\":{\"@id\":\"https:\\\/\\\/www.cde.ual.es\\\/#website\"},\"primaryImageOfPage\":{\"@id\":\"https:\\\/\\\/www.cde.ual.es\\\/en\\\/council-of-europe-statement-by-the-high-representative-on-the-cessation-of-russias-membership\\\/#primaryimage\"},\"image\":{\"@id\":\"https:\\\/\\\/www.cde.ual.es\\\/en\\\/council-of-europe-statement-by-the-high-representative-on-the-cessation-of-russias-membership\\\/#primaryimage\"},\"thumbnailUrl\":\"https:\\\/\\\/www.cde.ual.es\\\/wp-content\\\/uploads\\\/2022\\\/03\\\/53220_018-.jpg\",\"datePublished\":\"2022-03-18T07:20:41+00:00\",\"breadcrumb\":{\"@id\":\"https:\\\/\\\/www.cde.ual.es\\\/en\\\/council-of-europe-statement-by-the-high-representative-on-the-cessation-of-russias-membership\\\/#breadcrumb\"},\"inLanguage\":\"en-US\",\"potentialAction\":[{\"@type\":\"ReadAction\",\"target\":[\"https:\\\/\\\/www.cde.ual.es\\\/en\\\/council-of-europe-statement-by-the-high-representative-on-the-cessation-of-russias-membership\\\/\"]}]},{\"@type\":\"ImageObject\",\"inLanguage\":\"en-US\",\"@id\":\"https:\\\/\\\/www.cde.ual.es\\\/en\\\/council-of-europe-statement-by-the-high-representative-on-the-cessation-of-russias-membership\\\/#primaryimage\",\"url\":\"https:\\\/\\\/www.cde.ual.es\\\/wp-content\\\/uploads\\\/2022\\\/03\\\/53220_018-.jpg\",\"contentUrl\":\"https:\\\/\\\/www.cde.ual.es\\\/wp-content\\\/uploads\\\/2022\\\/03\\\/53220_018-.jpg\",\"width\":870,\"height\":489},{\"@type\":\"BreadcrumbList\",\"@id\":\"https:\\\/\\\/www.cde.ual.es\\\/en\\\/council-of-europe-statement-by-the-high-representative-on-the-cessation-of-russias-membership\\\/#breadcrumb\",\"itemListElement\":[{\"@type\":\"ListItem\",\"position\":1,\"name\":\"Inicio\",\"item\":\"https:\\\/\\\/www.cde.ual.es\\\/en\\\/\"},{\"@type\":\"ListItem\",\"position\":2,\"name\":\"EU News\",\"item\":\"https:\\\/\\\/www.cde.ual.es\\\/en\\\/category\\\/eu-news\\\/\"},{\"@type\":\"ListItem\",\"position\":3,\"name\":\"Defence &amp; Security\",\"item\":\"https:\\\/\\\/www.cde.ual.es\\\/en\\\/category\\\/eu-news\\\/defence-security\\\/\"},{\"@type\":\"ListItem\",\"position\":4,\"name\":\"International Safety and Defence Politics\",\"item\":\"https:\\\/\\\/www.cde.ual.es\\\/en\\\/category\\\/eu-news\\\/defence-security\\\/internat-safety-pol\\\/\"},{\"@type\":\"ListItem\",\"position\":5,\"name\":\"Council of Europe: Statement by the High Representative on the cessation of Russia&#8217;s membership\"}]},{\"@type\":\"WebSite\",\"@id\":\"https:\\\/\\\/www.cde.ual.es\\\/#website\",\"url\":\"https:\\\/\\\/www.cde.ual.es\\\/\",\"name\":\"CDE Almer\u00eda - Centro de Documentaci\u00f3n Europea - Universidad de Almer\u00eda\",\"description\":\"Centro de Documentaci\u00f3n Europea de la Universidad de Almer\u00eda\",\"publisher\":{\"@id\":\"https:\\\/\\\/www.cde.ual.es\\\/#organization\"},\"alternateName\":\"CDE Almer\u00eda\",\"potentialAction\":[{\"@type\":\"SearchAction\",\"target\":{\"@type\":\"EntryPoint\",\"urlTemplate\":\"https:\\\/\\\/www.cde.ual.es\\\/?s={search_term_string}\"},\"query-input\":{\"@type\":\"PropertyValueSpecification\",\"valueRequired\":true,\"valueName\":\"search_term_string\"}}],\"inLanguage\":\"en-US\"},{\"@type\":\"Organization\",\"@id\":\"https:\\\/\\\/www.cde.ual.es\\\/#organization\",\"name\":\"Centro de Documentaci\u00f3n Europea de Almer\u00eda\",\"url\":\"https:\\\/\\\/www.cde.ual.es\\\/\",\"logo\":{\"@type\":\"ImageObject\",\"inLanguage\":\"en-US\",\"@id\":\"https:\\\/\\\/www.cde.ual.es\\\/#\\\/schema\\\/logo\\\/image\\\/\",\"url\":\"https:\\\/\\\/www.cde.ual.es\\\/wp-content\\\/uploads\\\/2025\\\/07\\\/cde-logo-3.png\",\"contentUrl\":\"https:\\\/\\\/www.cde.ual.es\\\/wp-content\\\/uploads\\\/2025\\\/07\\\/cde-logo-3.png\",\"width\":1400,\"height\":300,\"caption\":\"Centro de Documentaci\u00f3n Europea de Almer\u00eda\"},\"image\":{\"@id\":\"https:\\\/\\\/www.cde.ual.es\\\/#\\\/schema\\\/logo\\\/image\\\/\"},\"sameAs\":[\"https:\\\/\\\/www.facebook.com\\\/cdeuniversidadalmeria\\\/\",\"https:\\\/\\\/x.com\\\/cdeualmeria\",\"https:\\\/\\\/www.tiktok.com\\\/@cdealmeria\",\"https:\\\/\\\/www.instagram.com\\\/cdealmeria\\\/\",\"https:\\\/\\\/www.linkedin.com\\\/in\\\/cde-almera-812b26a9\\\/\"]},{\"@type\":\"Person\",\"@id\":\"https:\\\/\\\/www.cde.ual.es\\\/#\\\/schema\\\/person\\\/224ef08c8bcc005f319d2713ce37ee5f\",\"name\":\"AdminCDE\",\"image\":{\"@type\":\"ImageObject\",\"inLanguage\":\"en-US\",\"@id\":\"https:\\\/\\\/secure.gravatar.com\\\/avatar\\\/a72d038d371f995cd13706fac32274b7952a52e8fb0a84b5f80c85426f2a98a8?s=96&d=mm&r=g\",\"url\":\"https:\\\/\\\/secure.gravatar.com\\\/avatar\\\/a72d038d371f995cd13706fac32274b7952a52e8fb0a84b5f80c85426f2a98a8?s=96&d=mm&r=g\",\"contentUrl\":\"https:\\\/\\\/secure.gravatar.com\\\/avatar\\\/a72d038d371f995cd13706fac32274b7952a52e8fb0a84b5f80c85426f2a98a8?s=96&d=mm&r=g\",\"caption\":\"AdminCDE\"}}]}<\/script>\n<!-- \/ Yoast SEO plugin. -->","yoast_head_json":{"title":"Council of Europe: Statement by the High Representative on the cessation of Russia's membership | CDE Almer\u00eda - Centro de Documentaci\u00f3n Europea - Universidad de Almer\u00eda","robots":{"index":"index","follow":"follow","max-snippet":"max-snippet:-1","max-image-preview":"max-image-preview:large","max-video-preview":"max-video-preview:-1"},"canonical":"https:\/\/www.cde.ual.es\/en\/council-of-europe-statement-by-the-high-representative-on-the-cessation-of-russias-membership\/","og_locale":"en_US","og_type":"article","og_title":"Council of Europe: Statement by the High Representative on the cessation of Russia's membership | CDE Almer\u00eda - Centro de Documentaci\u00f3n Europea - Universidad de Almer\u00eda","og_description":"On Wednesday, the Committee of Ministers of the Council of Europe decided to cease the membership of the Russian Federation in the Council of Europe as from 16 March. The decision was taken based on Parliamentary\u00a0Assembly of the\u00a0Council of\u00a0Europe\u00a0(PACE)\u00a0unanimous opinion, adopted following Russia\u2019s grave violations of the Council of Europe\u00a0Statute in accordance with the\u00a0due procedures. [&hellip;]","og_url":"https:\/\/www.cde.ual.es\/en\/council-of-europe-statement-by-the-high-representative-on-the-cessation-of-russias-membership\/","og_site_name":"CDE Almer\u00eda - Centro de Documentaci\u00f3n Europea - Universidad de Almer\u00eda","article_publisher":"https:\/\/www.facebook.com\/cdeuniversidadalmeria\/","article_published_time":"2022-03-18T07:20:41+00:00","og_image":[{"width":870,"height":489,"url":"https:\/\/www.cde.ual.es\/wp-content\/uploads\/2022\/03\/53220_018-.jpg","type":"image\/jpeg"}],"author":"AdminCDE","twitter_card":"summary_large_image","twitter_creator":"@cdeualmeria","twitter_site":"@cdeualmeria","twitter_misc":{"Written by":"AdminCDE","Est. reading time":"2 minutes"},"schema":{"@context":"https:\/\/schema.org","@graph":[{"@type":"Article","@id":"https:\/\/www.cde.ual.es\/en\/council-of-europe-statement-by-the-high-representative-on-the-cessation-of-russias-membership\/#article","isPartOf":{"@id":"https:\/\/www.cde.ual.es\/en\/council-of-europe-statement-by-the-high-representative-on-the-cessation-of-russias-membership\/"},"author":{"name":"AdminCDE","@id":"https:\/\/www.cde.ual.es\/#\/schema\/person\/224ef08c8bcc005f319d2713ce37ee5f"},"headline":"Council of Europe: Statement by the High Representative on the cessation of Russia&#8217;s membership","datePublished":"2022-03-18T07:20:41+00:00","mainEntityOfPage":{"@id":"https:\/\/www.cde.ual.es\/en\/council-of-europe-statement-by-the-high-representative-on-the-cessation-of-russias-membership\/"},"wordCount":449,"commentCount":0,"publisher":{"@id":"https:\/\/www.cde.ual.es\/#organization"},"image":{"@id":"https:\/\/www.cde.ual.es\/en\/council-of-europe-statement-by-the-high-representative-on-the-cessation-of-russias-membership\/#primaryimage"},"thumbnailUrl":"https:\/\/www.cde.ual.es\/wp-content\/uploads\/2022\/03\/53220_018-.jpg","articleSection":["Defence &amp; Security","EU News","International Safety and Defence Politics"],"inLanguage":"en-US","potentialAction":[{"@type":"CommentAction","name":"Comment","target":["https:\/\/www.cde.ual.es\/en\/council-of-europe-statement-by-the-high-representative-on-the-cessation-of-russias-membership\/#respond"]}]},{"@type":"WebPage","@id":"https:\/\/www.cde.ual.es\/en\/council-of-europe-statement-by-the-high-representative-on-the-cessation-of-russias-membership\/","url":"https:\/\/www.cde.ual.es\/en\/council-of-europe-statement-by-the-high-representative-on-the-cessation-of-russias-membership\/","name":"Council of Europe: Statement by the High Representative on the cessation of Russia's membership | CDE Almer\u00eda - Centro de Documentaci\u00f3n Europea - Universidad de Almer\u00eda","isPartOf":{"@id":"https:\/\/www.cde.ual.es\/#website"},"primaryImageOfPage":{"@id":"https:\/\/www.cde.ual.es\/en\/council-of-europe-statement-by-the-high-representative-on-the-cessation-of-russias-membership\/#primaryimage"},"image":{"@id":"https:\/\/www.cde.ual.es\/en\/council-of-europe-statement-by-the-high-representative-on-the-cessation-of-russias-membership\/#primaryimage"},"thumbnailUrl":"https:\/\/www.cde.ual.es\/wp-content\/uploads\/2022\/03\/53220_018-.jpg","datePublished":"2022-03-18T07:20:41+00:00","breadcrumb":{"@id":"https:\/\/www.cde.ual.es\/en\/council-of-europe-statement-by-the-high-representative-on-the-cessation-of-russias-membership\/#breadcrumb"},"inLanguage":"en-US","potentialAction":[{"@type":"ReadAction","target":["https:\/\/www.cde.ual.es\/en\/council-of-europe-statement-by-the-high-representative-on-the-cessation-of-russias-membership\/"]}]},{"@type":"ImageObject","inLanguage":"en-US","@id":"https:\/\/www.cde.ual.es\/en\/council-of-europe-statement-by-the-high-representative-on-the-cessation-of-russias-membership\/#primaryimage","url":"https:\/\/www.cde.ual.es\/wp-content\/uploads\/2022\/03\/53220_018-.jpg","contentUrl":"https:\/\/www.cde.ual.es\/wp-content\/uploads\/2022\/03\/53220_018-.jpg","width":870,"height":489},{"@type":"BreadcrumbList","@id":"https:\/\/www.cde.ual.es\/en\/council-of-europe-statement-by-the-high-representative-on-the-cessation-of-russias-membership\/#breadcrumb","itemListElement":[{"@type":"ListItem","position":1,"name":"Inicio","item":"https:\/\/www.cde.ual.es\/en\/"},{"@type":"ListItem","position":2,"name":"EU News","item":"https:\/\/www.cde.ual.es\/en\/category\/eu-news\/"},{"@type":"ListItem","position":3,"name":"Defence &amp; Security","item":"https:\/\/www.cde.ual.es\/en\/category\/eu-news\/defence-security\/"},{"@type":"ListItem","position":4,"name":"International Safety and Defence Politics","item":"https:\/\/www.cde.ual.es\/en\/category\/eu-news\/defence-security\/internat-safety-pol\/"},{"@type":"ListItem","position":5,"name":"Council of Europe: Statement by the High Representative on the cessation of Russia&#8217;s membership"}]},{"@type":"WebSite","@id":"https:\/\/www.cde.ual.es\/#website","url":"https:\/\/www.cde.ual.es\/","name":"CDE Almer\u00eda - Centro de Documentaci\u00f3n Europea - Universidad de Almer\u00eda","description":"Centro de Documentaci\u00f3n Europea de la Universidad de Almer\u00eda","publisher":{"@id":"https:\/\/www.cde.ual.es\/#organization"},"alternateName":"CDE Almer\u00eda","potentialAction":[{"@type":"SearchAction","target":{"@type":"EntryPoint","urlTemplate":"https:\/\/www.cde.ual.es\/?s={search_term_string}"},"query-input":{"@type":"PropertyValueSpecification","valueRequired":true,"valueName":"search_term_string"}}],"inLanguage":"en-US"},{"@type":"Organization","@id":"https:\/\/www.cde.ual.es\/#organization","name":"Centro de Documentaci\u00f3n Europea de Almer\u00eda","url":"https:\/\/www.cde.ual.es\/","logo":{"@type":"ImageObject","inLanguage":"en-US","@id":"https:\/\/www.cde.ual.es\/#\/schema\/logo\/image\/","url":"https:\/\/www.cde.ual.es\/wp-content\/uploads\/2025\/07\/cde-logo-3.png","contentUrl":"https:\/\/www.cde.ual.es\/wp-content\/uploads\/2025\/07\/cde-logo-3.png","width":1400,"height":300,"caption":"Centro de Documentaci\u00f3n Europea de Almer\u00eda"},"image":{"@id":"https:\/\/www.cde.ual.es\/#\/schema\/logo\/image\/"},"sameAs":["https:\/\/www.facebook.com\/cdeuniversidadalmeria\/","https:\/\/x.com\/cdeualmeria","https:\/\/www.tiktok.com\/@cdealmeria","https:\/\/www.instagram.com\/cdealmeria\/","https:\/\/www.linkedin.com\/in\/cde-almera-812b26a9\/"]},{"@type":"Person","@id":"https:\/\/www.cde.ual.es\/#\/schema\/person\/224ef08c8bcc005f319d2713ce37ee5f","name":"AdminCDE","image":{"@type":"ImageObject","inLanguage":"en-US","@id":"https:\/\/secure.gravatar.com\/avatar\/a72d038d371f995cd13706fac32274b7952a52e8fb0a84b5f80c85426f2a98a8?s=96&d=mm&r=g","url":"https:\/\/secure.gravatar.com\/avatar\/a72d038d371f995cd13706fac32274b7952a52e8fb0a84b5f80c85426f2a98a8?s=96&d=mm&r=g","contentUrl":"https:\/\/secure.gravatar.com\/avatar\/a72d038d371f995cd13706fac32274b7952a52e8fb0a84b5f80c85426f2a98a8?s=96&d=mm&r=g","caption":"AdminCDE"}}]}},"_links":{"self":[{"href":"https:\/\/www.cde.ual.es\/en\/wp-json\/wp\/v2\/posts\/99275","targetHints":{"allow":["GET"]}}],"collection":[{"href":"https:\/\/www.cde.ual.es\/en\/wp-json\/wp\/v2\/posts"}],"about":[{"href":"https:\/\/www.cde.ual.es\/en\/wp-json\/wp\/v2\/types\/post"}],"author":[{"embeddable":true,"href":"https:\/\/www.cde.ual.es\/en\/wp-json\/wp\/v2\/users\/1"}],"replies":[{"embeddable":true,"href":"https:\/\/www.cde.ual.es\/en\/wp-json\/wp\/v2\/comments?post=99275"}],"version-history":[{"count":0,"href":"https:\/\/www.cde.ual.es\/en\/wp-json\/wp\/v2\/posts\/99275\/revisions"}],"wp:featuredmedia":[{"embeddable":true,"href":"https:\/\/www.cde.ual.es\/en\/wp-json\/wp\/v2\/media\/99276"}],"wp:attachment":[{"href":"https:\/\/www.cde.ual.es\/en\/wp-json\/wp\/v2\/media?parent=99275"}],"wp:term":[{"taxonomy":"category","embeddable":true,"href":"https:\/\/www.cde.ual.es\/en\/wp-json\/wp\/v2\/categories?post=99275"},{"taxonomy":"post_tag","embeddable":true,"href":"https:\/\/www.cde.ual.es\/en\/wp-json\/wp\/v2\/tags?post=99275"}],"curies":[{"name":"wp","href":"https:\/\/api.w.org\/{rel}","templated":true}]}}