{"id":99239,"date":"2022-03-18T07:57:35","date_gmt":"2022-03-18T06:57:35","guid":{"rendered":"https:\/\/www.cde.ual.es\/?p=99239"},"modified":"2022-03-18T07:57:35","modified_gmt":"2022-03-18T06:57:35","slug":"ukraines-defence-minister-tells-meps-the-country-needs-more-military-support","status":"publish","type":"post","link":"https:\/\/www.cde.ual.es\/en\/ukraines-defence-minister-tells-meps-the-country-needs-more-military-support\/","title":{"rendered":"Ukraine\u2019s Defence Minister tells MEPs the country needs more military support"},"content":{"rendered":"<div class=\"ep_gridcolumn ep-m_product\" data-view1200=\"6\" data-view1020=\"6\" data-view750=\"10\" data-view640=\"6\" data-view480=\"8\" data-view320=\"4\">\n<div class=\"ep_gridcolumn-content\">\n<div class=\"ep-a_text ep-layout_chapo\">\n<p>MEPs committed to pushing EU governments to do more to help Ukraine against Russia\u2019s aggression, in a debate with the Ukrainian Minister of Defence Oleksii Reznikov.<\/p>\n<\/div>\n<\/div>\n<\/div>\n<div class=\"ep_gridcolumn ep-m_product\" data-view1200=\"6\" data-view1020=\"6\" data-view750=\"10\" data-view640=\"6\" data-view480=\"8\" data-view320=\"4\">\n<div class=\"ep_gridcolumn-content\">\n<div class=\"ep-a_text\">\n<p class=\"ep-wysiwig_paragraph\">Ukrainian Minister of Defence Oleksii Reznikov told MEPs the EU should hit Russia with destructive, \u201cbiting\u201d sanctions that would paralyse its economy and force it to stop the aggression.<\/p>\n<p class=\"ep-wysiwig_paragraph\">Addressing MEPs remotely at a meeting of the Security and Defence Subcommittee, the Foreign Affairs Committee and the EU-Ukraine Delegation, Defence Minister Reznikov said that Ukraine is ready to use all of the EU\u2019s financial help very quickly. He urged EU countries to supply Ukraine with lethal weapons, without the constraints of red tape. He also called for a no-fly zone and asked: \u201cWhat higher level of escalation is necessary to see more action?\u201d<\/p>\n<p class=\"ep-wysiwig_paragraph\">MEPs, united in voicing their admiration for the heroism of the Ukrainian people, stressed they would support further packages of sanctions to bring Russia to the negotiating table. During the debate, MEPs asked Minister Reznikov about the involvement of countries politically close to Russia, like Kazakhstan or Armenia, and whether he thought Belarus might join the war. They also enquired how to start investigations into possible war crimes committed in Ukraine, so the perpetrators can be brought to justice.<\/p>\n<p class=\"ep-wysiwig_paragraph\">\u201cWe are not here to tell you what you should do, we are not here to tell you how you should fight; you have proven that no-one has to teach you anything. We are here to push our governments and the European Union to do more to support you, and we are committed to doing that. Because you are part of our European family\u201d, concluded the Chair of the Subcommittee on Security and Defence\u00a0<a href=\"https:\/\/www.europarl.europa.eu\/meps\/en\/197494\/NATHALIE_LOISEAU\/home\" target=\"_blank\" rel=\"noopener\">Nathalie Loiseau<\/a>\u00a0(Renew, FR).<\/p>\n<p class=\"ep-wysiwig_paragraph\">You can watch the video recording of the debate\u00a0<a href=\"https:\/\/multimedia.europarl.europa.eu\/en\/webstreaming\/d-ua_20220317-0900-COMMITTEE-SEDE-AFET\" target=\"_blank\" rel=\"noopener\">here<\/a><\/p>\n<h4 class=\"ep-wysiwig_paragraph\"><strong>Background<\/strong><\/h4>\n<p class=\"ep-wysiwig_paragraph\">In a\u00a0<a href=\"https:\/\/www.europarl.europa.eu\/doceo\/document\/TA-9-2022-0052_EN.html\" target=\"_blank\" rel=\"noopener\">resolution adopted on 1 March,<\/a>\u00a0Parliament condemned in the strongest possible terms Russia\u2019s illegal invasion of Ukraine and demanded the Kremlin end all military activities in the country and unconditionally withdraw all forces in respect of Ukraine\u2019s internationally recognised borders. MEPs called for broader restrictive measures aimed at strategically weakening Russia\u2019s economy and industrial base. The resolution also strongly supports the historic decision to allocate significant additional funding to provide Ukraine with defensive weapons through the\u00a0<a href=\"https:\/\/ec.europa.eu\/fpi\/what-we-do\/european-peace-facility_en\" target=\"_blank\" rel=\"noopener\">European Peace Facility<\/a>\u00a0and the provision of military equipment by member states.<\/p>\n<\/div>\n<p><strong><a href=\"https:\/\/www.europarl.europa.eu\/news\/es\/press-room\/20220314IPR25415\/ukraine-s-defence-minister-tells-meps-the-country-needs-more-military-support\">More information: European Parliament &#8211; Press release<\/a><\/strong><\/p>\n<\/div>\n<\/div>\n","protected":false},"excerpt":{"rendered":"<p>MEPs committed to pushing EU governments to do more to help Ukraine against Russia\u2019s aggression, in a debate with the Ukrainian Minister of Defence Oleksii Reznikov. Ukrainian Minister of Defence Oleksii Reznikov told MEPs the EU should hit Russia with destructive, \u201cbiting\u201d sanctions that would paralyse its economy and force it to stop the aggression. [&hellip;]<\/p>\n","protected":false},"author":1,"featured_media":38085,"comment_status":"open","ping_status":"open","sticky":false,"template":"","format":"standard","meta":{"_acf_changed":false,"_relevanssi_hide_post":"","_relevanssi_hide_content":"","_relevanssi_pin_for_all":"","_relevanssi_pin_keywords":"","_relevanssi_unpin_keywords":"","_relevanssi_related_keywords":"","_relevanssi_related_include_ids":"","_relevanssi_related_exclude_ids":"","_relevanssi_related_no_append":"","_relevanssi_related_not_related":"","_relevanssi_related_posts":"","_relevanssi_noindex_reason":"","_monsterinsights_skip_tracking":false,"_monsterinsights_sitenote_active":false,"_monsterinsights_sitenote_note":"","_monsterinsights_sitenote_category":0,"_genesis_hide_title":false,"_genesis_hide_breadcrumbs":false,"_genesis_hide_singular_image":false,"_genesis_hide_footer_widgets":false,"_genesis_custom_body_class":"","_genesis_custom_post_class":"","_genesis_layout":"","footnotes":""},"categories":[4075,346,4078],"tags":[],"class_list":{"0":"post-99239","1":"post","2":"type-post","3":"status-publish","4":"format-standard","5":"has-post-thumbnail","7":"category-defence-security","8":"category-eu-news","9":"category-internat-safety-pol","10":"entry"},"acf":[],"yoast_head":"<!-- This site is optimized with the Yoast SEO plugin v27.5 - https:\/\/yoast.com\/product\/yoast-seo-wordpress\/ -->\n<title>Ukraine\u2019s Defence Minister tells MEPs the country needs more military support | CDE Almer\u00eda - Centro de Documentaci\u00f3n Europea - Universidad de Almer\u00eda<\/title>\n<meta name=\"robots\" content=\"index, follow, max-snippet:-1, max-image-preview:large, max-video-preview:-1\" \/>\n<link rel=\"canonical\" href=\"https:\/\/www.cde.ual.es\/en\/ukraines-defence-minister-tells-meps-the-country-needs-more-military-support\/\" \/>\n<meta property=\"og:locale\" content=\"en_US\" \/>\n<meta property=\"og:type\" content=\"article\" \/>\n<meta property=\"og:title\" content=\"Ukraine\u2019s Defence Minister tells MEPs the country needs more military support | CDE Almer\u00eda - Centro de Documentaci\u00f3n Europea - Universidad de Almer\u00eda\" \/>\n<meta property=\"og:description\" content=\"MEPs committed to pushing EU governments to do more to help Ukraine against Russia\u2019s aggression, in a debate with the Ukrainian Minister of Defence Oleksii Reznikov. Ukrainian Minister of Defence Oleksii Reznikov told MEPs the EU should hit Russia with destructive, \u201cbiting\u201d sanctions that would paralyse its economy and force it to stop the aggression. [&hellip;]\" \/>\n<meta property=\"og:url\" content=\"https:\/\/www.cde.ual.es\/en\/ukraines-defence-minister-tells-meps-the-country-needs-more-military-support\/\" \/>\n<meta property=\"og:site_name\" content=\"CDE Almer\u00eda - Centro de Documentaci\u00f3n Europea - Universidad de Almer\u00eda\" \/>\n<meta property=\"article:publisher\" content=\"https:\/\/www.facebook.com\/cdeuniversidadalmeria\/\" \/>\n<meta property=\"article:published_time\" content=\"2022-03-18T06:57:35+00:00\" \/>\n<meta property=\"og:image\" content=\"https:\/\/www.cde.ual.es\/wp-content\/uploads\/2020\/03\/Parlamento2.png\" \/>\n\t<meta property=\"og:image:width\" content=\"755\" \/>\n\t<meta property=\"og:image:height\" content=\"461\" \/>\n\t<meta property=\"og:image:type\" content=\"image\/png\" \/>\n<meta name=\"author\" content=\"AdminCDE\" \/>\n<meta name=\"twitter:card\" content=\"summary_large_image\" \/>\n<meta name=\"twitter:creator\" content=\"@cdeualmeria\" \/>\n<meta name=\"twitter:site\" content=\"@cdeualmeria\" \/>\n<meta name=\"twitter:label1\" content=\"Written by\" \/>\n\t<meta name=\"twitter:data1\" content=\"AdminCDE\" \/>\n\t<meta name=\"twitter:label2\" content=\"Est. reading time\" \/>\n\t<meta name=\"twitter:data2\" content=\"2 minutes\" \/>\n<script type=\"application\/ld+json\" class=\"yoast-schema-graph\">{\"@context\":\"https:\\\/\\\/schema.org\",\"@graph\":[{\"@type\":\"Article\",\"@id\":\"https:\\\/\\\/www.cde.ual.es\\\/en\\\/ukraines-defence-minister-tells-meps-the-country-needs-more-military-support\\\/#article\",\"isPartOf\":{\"@id\":\"https:\\\/\\\/www.cde.ual.es\\\/en\\\/ukraines-defence-minister-tells-meps-the-country-needs-more-military-support\\\/\"},\"author\":{\"name\":\"AdminCDE\",\"@id\":\"https:\\\/\\\/www.cde.ual.es\\\/#\\\/schema\\\/person\\\/224ef08c8bcc005f319d2713ce37ee5f\"},\"headline\":\"Ukraine\u2019s Defence Minister tells MEPs the country needs more military support\",\"datePublished\":\"2022-03-18T06:57:35+00:00\",\"mainEntityOfPage\":{\"@id\":\"https:\\\/\\\/www.cde.ual.es\\\/en\\\/ukraines-defence-minister-tells-meps-the-country-needs-more-military-support\\\/\"},\"wordCount\":410,\"commentCount\":0,\"publisher\":{\"@id\":\"https:\\\/\\\/www.cde.ual.es\\\/#organization\"},\"image\":{\"@id\":\"https:\\\/\\\/www.cde.ual.es\\\/en\\\/ukraines-defence-minister-tells-meps-the-country-needs-more-military-support\\\/#primaryimage\"},\"thumbnailUrl\":\"https:\\\/\\\/www.cde.ual.es\\\/wp-content\\\/uploads\\\/2020\\\/03\\\/Parlamento2.png\",\"articleSection\":[\"Defence &amp; Security\",\"EU News\",\"International Safety and Defence Politics\"],\"inLanguage\":\"en-US\",\"potentialAction\":[{\"@type\":\"CommentAction\",\"name\":\"Comment\",\"target\":[\"https:\\\/\\\/www.cde.ual.es\\\/en\\\/ukraines-defence-minister-tells-meps-the-country-needs-more-military-support\\\/#respond\"]}]},{\"@type\":\"WebPage\",\"@id\":\"https:\\\/\\\/www.cde.ual.es\\\/en\\\/ukraines-defence-minister-tells-meps-the-country-needs-more-military-support\\\/\",\"url\":\"https:\\\/\\\/www.cde.ual.es\\\/en\\\/ukraines-defence-minister-tells-meps-the-country-needs-more-military-support\\\/\",\"name\":\"Ukraine\u2019s Defence Minister tells MEPs the country needs more military support | CDE Almer\u00eda - Centro de Documentaci\u00f3n Europea - Universidad de Almer\u00eda\",\"isPartOf\":{\"@id\":\"https:\\\/\\\/www.cde.ual.es\\\/#website\"},\"primaryImageOfPage\":{\"@id\":\"https:\\\/\\\/www.cde.ual.es\\\/en\\\/ukraines-defence-minister-tells-meps-the-country-needs-more-military-support\\\/#primaryimage\"},\"image\":{\"@id\":\"https:\\\/\\\/www.cde.ual.es\\\/en\\\/ukraines-defence-minister-tells-meps-the-country-needs-more-military-support\\\/#primaryimage\"},\"thumbnailUrl\":\"https:\\\/\\\/www.cde.ual.es\\\/wp-content\\\/uploads\\\/2020\\\/03\\\/Parlamento2.png\",\"datePublished\":\"2022-03-18T06:57:35+00:00\",\"breadcrumb\":{\"@id\":\"https:\\\/\\\/www.cde.ual.es\\\/en\\\/ukraines-defence-minister-tells-meps-the-country-needs-more-military-support\\\/#breadcrumb\"},\"inLanguage\":\"en-US\",\"potentialAction\":[{\"@type\":\"ReadAction\",\"target\":[\"https:\\\/\\\/www.cde.ual.es\\\/en\\\/ukraines-defence-minister-tells-meps-the-country-needs-more-military-support\\\/\"]}]},{\"@type\":\"ImageObject\",\"inLanguage\":\"en-US\",\"@id\":\"https:\\\/\\\/www.cde.ual.es\\\/en\\\/ukraines-defence-minister-tells-meps-the-country-needs-more-military-support\\\/#primaryimage\",\"url\":\"https:\\\/\\\/www.cde.ual.es\\\/wp-content\\\/uploads\\\/2020\\\/03\\\/Parlamento2.png\",\"contentUrl\":\"https:\\\/\\\/www.cde.ual.es\\\/wp-content\\\/uploads\\\/2020\\\/03\\\/Parlamento2.png\",\"width\":755,\"height\":461},{\"@type\":\"BreadcrumbList\",\"@id\":\"https:\\\/\\\/www.cde.ual.es\\\/en\\\/ukraines-defence-minister-tells-meps-the-country-needs-more-military-support\\\/#breadcrumb\",\"itemListElement\":[{\"@type\":\"ListItem\",\"position\":1,\"name\":\"Inicio\",\"item\":\"https:\\\/\\\/www.cde.ual.es\\\/en\\\/\"},{\"@type\":\"ListItem\",\"position\":2,\"name\":\"EU News\",\"item\":\"https:\\\/\\\/www.cde.ual.es\\\/en\\\/category\\\/eu-news\\\/\"},{\"@type\":\"ListItem\",\"position\":3,\"name\":\"Defence &amp; Security\",\"item\":\"https:\\\/\\\/www.cde.ual.es\\\/en\\\/category\\\/eu-news\\\/defence-security\\\/\"},{\"@type\":\"ListItem\",\"position\":4,\"name\":\"International Safety and Defence Politics\",\"item\":\"https:\\\/\\\/www.cde.ual.es\\\/en\\\/category\\\/eu-news\\\/defence-security\\\/internat-safety-pol\\\/\"},{\"@type\":\"ListItem\",\"position\":5,\"name\":\"Ukraine\u2019s Defence Minister tells MEPs the country needs more military support\"}]},{\"@type\":\"WebSite\",\"@id\":\"https:\\\/\\\/www.cde.ual.es\\\/#website\",\"url\":\"https:\\\/\\\/www.cde.ual.es\\\/\",\"name\":\"CDE Almer\u00eda - Centro de Documentaci\u00f3n Europea - Universidad de Almer\u00eda\",\"description\":\"Centro de Documentaci\u00f3n Europea de la Universidad de Almer\u00eda\",\"publisher\":{\"@id\":\"https:\\\/\\\/www.cde.ual.es\\\/#organization\"},\"alternateName\":\"CDE Almer\u00eda\",\"potentialAction\":[{\"@type\":\"SearchAction\",\"target\":{\"@type\":\"EntryPoint\",\"urlTemplate\":\"https:\\\/\\\/www.cde.ual.es\\\/?s={search_term_string}\"},\"query-input\":{\"@type\":\"PropertyValueSpecification\",\"valueRequired\":true,\"valueName\":\"search_term_string\"}}],\"inLanguage\":\"en-US\"},{\"@type\":\"Organization\",\"@id\":\"https:\\\/\\\/www.cde.ual.es\\\/#organization\",\"name\":\"Centro de Documentaci\u00f3n Europea de Almer\u00eda\",\"url\":\"https:\\\/\\\/www.cde.ual.es\\\/\",\"logo\":{\"@type\":\"ImageObject\",\"inLanguage\":\"en-US\",\"@id\":\"https:\\\/\\\/www.cde.ual.es\\\/#\\\/schema\\\/logo\\\/image\\\/\",\"url\":\"https:\\\/\\\/www.cde.ual.es\\\/wp-content\\\/uploads\\\/2025\\\/07\\\/cde-logo-3.png\",\"contentUrl\":\"https:\\\/\\\/www.cde.ual.es\\\/wp-content\\\/uploads\\\/2025\\\/07\\\/cde-logo-3.png\",\"width\":1400,\"height\":300,\"caption\":\"Centro de Documentaci\u00f3n Europea de Almer\u00eda\"},\"image\":{\"@id\":\"https:\\\/\\\/www.cde.ual.es\\\/#\\\/schema\\\/logo\\\/image\\\/\"},\"sameAs\":[\"https:\\\/\\\/www.facebook.com\\\/cdeuniversidadalmeria\\\/\",\"https:\\\/\\\/x.com\\\/cdeualmeria\",\"https:\\\/\\\/www.tiktok.com\\\/@cdealmeria\",\"https:\\\/\\\/www.instagram.com\\\/cdealmeria\\\/\",\"https:\\\/\\\/www.linkedin.com\\\/in\\\/cde-almera-812b26a9\\\/\"]},{\"@type\":\"Person\",\"@id\":\"https:\\\/\\\/www.cde.ual.es\\\/#\\\/schema\\\/person\\\/224ef08c8bcc005f319d2713ce37ee5f\",\"name\":\"AdminCDE\",\"image\":{\"@type\":\"ImageObject\",\"inLanguage\":\"en-US\",\"@id\":\"https:\\\/\\\/secure.gravatar.com\\\/avatar\\\/a72d038d371f995cd13706fac32274b7952a52e8fb0a84b5f80c85426f2a98a8?s=96&d=mm&r=g\",\"url\":\"https:\\\/\\\/secure.gravatar.com\\\/avatar\\\/a72d038d371f995cd13706fac32274b7952a52e8fb0a84b5f80c85426f2a98a8?s=96&d=mm&r=g\",\"contentUrl\":\"https:\\\/\\\/secure.gravatar.com\\\/avatar\\\/a72d038d371f995cd13706fac32274b7952a52e8fb0a84b5f80c85426f2a98a8?s=96&d=mm&r=g\",\"caption\":\"AdminCDE\"}}]}<\/script>\n<!-- \/ Yoast SEO plugin. -->","yoast_head_json":{"title":"Ukraine\u2019s Defence Minister tells MEPs the country needs more military support | CDE Almer\u00eda - Centro de Documentaci\u00f3n Europea - Universidad de Almer\u00eda","robots":{"index":"index","follow":"follow","max-snippet":"max-snippet:-1","max-image-preview":"max-image-preview:large","max-video-preview":"max-video-preview:-1"},"canonical":"https:\/\/www.cde.ual.es\/en\/ukraines-defence-minister-tells-meps-the-country-needs-more-military-support\/","og_locale":"en_US","og_type":"article","og_title":"Ukraine\u2019s Defence Minister tells MEPs the country needs more military support | CDE Almer\u00eda - Centro de Documentaci\u00f3n Europea - Universidad de Almer\u00eda","og_description":"MEPs committed to pushing EU governments to do more to help Ukraine against Russia\u2019s aggression, in a debate with the Ukrainian Minister of Defence Oleksii Reznikov. Ukrainian Minister of Defence Oleksii Reznikov told MEPs the EU should hit Russia with destructive, \u201cbiting\u201d sanctions that would paralyse its economy and force it to stop the aggression. [&hellip;]","og_url":"https:\/\/www.cde.ual.es\/en\/ukraines-defence-minister-tells-meps-the-country-needs-more-military-support\/","og_site_name":"CDE Almer\u00eda - Centro de Documentaci\u00f3n Europea - Universidad de Almer\u00eda","article_publisher":"https:\/\/www.facebook.com\/cdeuniversidadalmeria\/","article_published_time":"2022-03-18T06:57:35+00:00","og_image":[{"width":755,"height":461,"url":"https:\/\/www.cde.ual.es\/wp-content\/uploads\/2020\/03\/Parlamento2.png","type":"image\/png"}],"author":"AdminCDE","twitter_card":"summary_large_image","twitter_creator":"@cdeualmeria","twitter_site":"@cdeualmeria","twitter_misc":{"Written by":"AdminCDE","Est. reading time":"2 minutes"},"schema":{"@context":"https:\/\/schema.org","@graph":[{"@type":"Article","@id":"https:\/\/www.cde.ual.es\/en\/ukraines-defence-minister-tells-meps-the-country-needs-more-military-support\/#article","isPartOf":{"@id":"https:\/\/www.cde.ual.es\/en\/ukraines-defence-minister-tells-meps-the-country-needs-more-military-support\/"},"author":{"name":"AdminCDE","@id":"https:\/\/www.cde.ual.es\/#\/schema\/person\/224ef08c8bcc005f319d2713ce37ee5f"},"headline":"Ukraine\u2019s Defence Minister tells MEPs the country needs more military support","datePublished":"2022-03-18T06:57:35+00:00","mainEntityOfPage":{"@id":"https:\/\/www.cde.ual.es\/en\/ukraines-defence-minister-tells-meps-the-country-needs-more-military-support\/"},"wordCount":410,"commentCount":0,"publisher":{"@id":"https:\/\/www.cde.ual.es\/#organization"},"image":{"@id":"https:\/\/www.cde.ual.es\/en\/ukraines-defence-minister-tells-meps-the-country-needs-more-military-support\/#primaryimage"},"thumbnailUrl":"https:\/\/www.cde.ual.es\/wp-content\/uploads\/2020\/03\/Parlamento2.png","articleSection":["Defence &amp; Security","EU News","International Safety and Defence Politics"],"inLanguage":"en-US","potentialAction":[{"@type":"CommentAction","name":"Comment","target":["https:\/\/www.cde.ual.es\/en\/ukraines-defence-minister-tells-meps-the-country-needs-more-military-support\/#respond"]}]},{"@type":"WebPage","@id":"https:\/\/www.cde.ual.es\/en\/ukraines-defence-minister-tells-meps-the-country-needs-more-military-support\/","url":"https:\/\/www.cde.ual.es\/en\/ukraines-defence-minister-tells-meps-the-country-needs-more-military-support\/","name":"Ukraine\u2019s Defence Minister tells MEPs the country needs more military support | CDE Almer\u00eda - Centro de Documentaci\u00f3n Europea - Universidad de Almer\u00eda","isPartOf":{"@id":"https:\/\/www.cde.ual.es\/#website"},"primaryImageOfPage":{"@id":"https:\/\/www.cde.ual.es\/en\/ukraines-defence-minister-tells-meps-the-country-needs-more-military-support\/#primaryimage"},"image":{"@id":"https:\/\/www.cde.ual.es\/en\/ukraines-defence-minister-tells-meps-the-country-needs-more-military-support\/#primaryimage"},"thumbnailUrl":"https:\/\/www.cde.ual.es\/wp-content\/uploads\/2020\/03\/Parlamento2.png","datePublished":"2022-03-18T06:57:35+00:00","breadcrumb":{"@id":"https:\/\/www.cde.ual.es\/en\/ukraines-defence-minister-tells-meps-the-country-needs-more-military-support\/#breadcrumb"},"inLanguage":"en-US","potentialAction":[{"@type":"ReadAction","target":["https:\/\/www.cde.ual.es\/en\/ukraines-defence-minister-tells-meps-the-country-needs-more-military-support\/"]}]},{"@type":"ImageObject","inLanguage":"en-US","@id":"https:\/\/www.cde.ual.es\/en\/ukraines-defence-minister-tells-meps-the-country-needs-more-military-support\/#primaryimage","url":"https:\/\/www.cde.ual.es\/wp-content\/uploads\/2020\/03\/Parlamento2.png","contentUrl":"https:\/\/www.cde.ual.es\/wp-content\/uploads\/2020\/03\/Parlamento2.png","width":755,"height":461},{"@type":"BreadcrumbList","@id":"https:\/\/www.cde.ual.es\/en\/ukraines-defence-minister-tells-meps-the-country-needs-more-military-support\/#breadcrumb","itemListElement":[{"@type":"ListItem","position":1,"name":"Inicio","item":"https:\/\/www.cde.ual.es\/en\/"},{"@type":"ListItem","position":2,"name":"EU News","item":"https:\/\/www.cde.ual.es\/en\/category\/eu-news\/"},{"@type":"ListItem","position":3,"name":"Defence &amp; Security","item":"https:\/\/www.cde.ual.es\/en\/category\/eu-news\/defence-security\/"},{"@type":"ListItem","position":4,"name":"International Safety and Defence Politics","item":"https:\/\/www.cde.ual.es\/en\/category\/eu-news\/defence-security\/internat-safety-pol\/"},{"@type":"ListItem","position":5,"name":"Ukraine\u2019s Defence Minister tells MEPs the country needs more military support"}]},{"@type":"WebSite","@id":"https:\/\/www.cde.ual.es\/#website","url":"https:\/\/www.cde.ual.es\/","name":"CDE Almer\u00eda - Centro de Documentaci\u00f3n Europea - Universidad de Almer\u00eda","description":"Centro de Documentaci\u00f3n Europea de la Universidad de Almer\u00eda","publisher":{"@id":"https:\/\/www.cde.ual.es\/#organization"},"alternateName":"CDE Almer\u00eda","potentialAction":[{"@type":"SearchAction","target":{"@type":"EntryPoint","urlTemplate":"https:\/\/www.cde.ual.es\/?s={search_term_string}"},"query-input":{"@type":"PropertyValueSpecification","valueRequired":true,"valueName":"search_term_string"}}],"inLanguage":"en-US"},{"@type":"Organization","@id":"https:\/\/www.cde.ual.es\/#organization","name":"Centro de Documentaci\u00f3n Europea de Almer\u00eda","url":"https:\/\/www.cde.ual.es\/","logo":{"@type":"ImageObject","inLanguage":"en-US","@id":"https:\/\/www.cde.ual.es\/#\/schema\/logo\/image\/","url":"https:\/\/www.cde.ual.es\/wp-content\/uploads\/2025\/07\/cde-logo-3.png","contentUrl":"https:\/\/www.cde.ual.es\/wp-content\/uploads\/2025\/07\/cde-logo-3.png","width":1400,"height":300,"caption":"Centro de Documentaci\u00f3n Europea de Almer\u00eda"},"image":{"@id":"https:\/\/www.cde.ual.es\/#\/schema\/logo\/image\/"},"sameAs":["https:\/\/www.facebook.com\/cdeuniversidadalmeria\/","https:\/\/x.com\/cdeualmeria","https:\/\/www.tiktok.com\/@cdealmeria","https:\/\/www.instagram.com\/cdealmeria\/","https:\/\/www.linkedin.com\/in\/cde-almera-812b26a9\/"]},{"@type":"Person","@id":"https:\/\/www.cde.ual.es\/#\/schema\/person\/224ef08c8bcc005f319d2713ce37ee5f","name":"AdminCDE","image":{"@type":"ImageObject","inLanguage":"en-US","@id":"https:\/\/secure.gravatar.com\/avatar\/a72d038d371f995cd13706fac32274b7952a52e8fb0a84b5f80c85426f2a98a8?s=96&d=mm&r=g","url":"https:\/\/secure.gravatar.com\/avatar\/a72d038d371f995cd13706fac32274b7952a52e8fb0a84b5f80c85426f2a98a8?s=96&d=mm&r=g","contentUrl":"https:\/\/secure.gravatar.com\/avatar\/a72d038d371f995cd13706fac32274b7952a52e8fb0a84b5f80c85426f2a98a8?s=96&d=mm&r=g","caption":"AdminCDE"}}]}},"_links":{"self":[{"href":"https:\/\/www.cde.ual.es\/en\/wp-json\/wp\/v2\/posts\/99239","targetHints":{"allow":["GET"]}}],"collection":[{"href":"https:\/\/www.cde.ual.es\/en\/wp-json\/wp\/v2\/posts"}],"about":[{"href":"https:\/\/www.cde.ual.es\/en\/wp-json\/wp\/v2\/types\/post"}],"author":[{"embeddable":true,"href":"https:\/\/www.cde.ual.es\/en\/wp-json\/wp\/v2\/users\/1"}],"replies":[{"embeddable":true,"href":"https:\/\/www.cde.ual.es\/en\/wp-json\/wp\/v2\/comments?post=99239"}],"version-history":[{"count":0,"href":"https:\/\/www.cde.ual.es\/en\/wp-json\/wp\/v2\/posts\/99239\/revisions"}],"wp:featuredmedia":[{"embeddable":true,"href":"https:\/\/www.cde.ual.es\/en\/wp-json\/wp\/v2\/media\/38085"}],"wp:attachment":[{"href":"https:\/\/www.cde.ual.es\/en\/wp-json\/wp\/v2\/media?parent=99239"}],"wp:term":[{"taxonomy":"category","embeddable":true,"href":"https:\/\/www.cde.ual.es\/en\/wp-json\/wp\/v2\/categories?post=99239"},{"taxonomy":"post_tag","embeddable":true,"href":"https:\/\/www.cde.ual.es\/en\/wp-json\/wp\/v2\/tags?post=99239"}],"curies":[{"name":"wp","href":"https:\/\/api.w.org\/{rel}","templated":true}]}}