{"id":9918,"date":"2018-11-16T08:00:33","date_gmt":"2018-11-16T07:00:33","guid":{"rendered":"http:\/\/www.cde.ual.es\/?p=9918"},"modified":"2018-11-15T14:30:04","modified_gmt":"2018-11-15T13:30:04","slug":"ganador-del-premio-lux-mi-pelicula-va-sobre-una-mujer-que-quiere-salvar-el-mundo","status":"publish","type":"post","link":"https:\/\/www.cde.ual.es\/en\/ganador-del-premio-lux-mi-pelicula-va-sobre-una-mujer-que-quiere-salvar-el-mundo\/","title":{"rendered":"Ganador del Premio LUX: &#8220;Mi pel\u00edcula va sobre una mujer que quiere salvar el mundo&#8221;"},"content":{"rendered":"<p><a href=\"http:\/\/www.cde.ual.es\/wp-content\/uploads\/2018\/11\/Ganador-Premio-Lux.png\"><img decoding=\"async\" class=\"size-medium wp-image-9919 aligncenter\" src=\"http:\/\/www.cde.ual.es\/wp-content\/uploads\/2018\/11\/Ganador-Premio-Lux-300x201.png\" alt=\"\" width=\"300\" height=\"201\" srcset=\"https:\/\/www.cde.ual.es\/wp-content\/uploads\/2018\/11\/Ganador-Premio-Lux-300x201.png 300w, https:\/\/www.cde.ual.es\/wp-content\/uploads\/2018\/11\/Ganador-Premio-Lux.png 565w\" sizes=\"(max-width: 300px) 100vw, 300px\" \/><\/a><\/p>\n<p><em><strong>El director de la &#8220;La mujer de la monta\u00f1a&#8221; (&#8216;Woman at War&#8217;), Benedikt Erlingsson, cuenta en esta entrevista su visi\u00f3n sobre el cambio clim\u00e1tico y los retos que presenta la democracia.<\/strong><\/em><\/p>\n<p>&#8220;Va sobre la democracia, los medios de comunicaci\u00f3n, esta lucha por el medio ambiante y el derecho de las personas a actuar incluso sin rompen las reglas&#8221;. As\u00ed es como el director islandes describe su pel\u00edcula, &#8220;un thiriller independiente con mucha m\u00fasica&#8221;. Erlingsson aprovecha los paisajes naturales de su pa\u00eds para concienciar sobre la necesidad de hacer frente a los problemas medioambientales.<\/p>\n<h3><strong>Una cinta activista<\/strong><\/h3>\n<p>&#8220;Mi pel\u00edcula es tambi\u00e9n una llamada de atenci\u00f3n. Existe una cultura de negaci\u00f3n y de posponer los problemas. Es nuestro estilo de vida lo que tenemos que cambiar y se trata de un gran reto para nuestra generaci\u00f3n&#8221;, explica el cineasta en una\u00a0<a href=\"https:\/\/www.facebook.com\/europeanparliament\/videos\/1261773977319519\/\" target=\"_blank\" rel=\"noopener\">entrevista en directo para Facebook<\/a>\u00a0tras recibir el premio.<\/p>\n<p>&#8220;<a href=\"https:\/\/luxprize.eu\/news\/focus-woman-war\" target=\"_blank\" rel=\"noopener\">La mujer de la monta\u00f1a<\/a>&#8221; (<em>Kona fer \u00ed str\u00ed\u00f0<\/em>) cuenta la historia de Halla, una profesora de m\u00fasica que vive una doble vida como activista medioambiental apasionada. Mientras ella comienza a planear su operaci\u00f3n m\u00e1s audaz, sabotear una empresa de aluminio que est\u00e1 destruyendo el ecosistema local, descubre que su solicitud para adoptar a un ni\u00f1o no ha sido aceptada y hay una ni\u00f1a esper\u00e1ndola en Ucrania.<\/p>\n<p>En ese momento, la protagonista se enfrenta al dilema de c\u00f3mo conciliar su lucha ecologista con su gran deseo de ser madre. Encuentra la fuerza en la naturaleza y en las personas que apoyan su causa.<\/p>\n<h3><strong>&#8220;Las mujeres est\u00e1n siempre salvando el mundo&#8221;<\/strong><\/h3>\n<p>As\u00ed responde Benedikt Erlingsson a la pregunta de por qu\u00e9 eligi\u00f3 un personaje femenino (interpretado por Halld\u00f3ra Geirhar\u00f0sd\u00f3ttir) para protagonizar su pel\u00edcula. &#8220;A veces usan unas estrategias diferentes a las de los hombres. El mundo necesita ahorrar en estos d\u00edas, y en la batalla ambiental, las mujeres est\u00e1n a menudo al frente&#8221;, a\u00f1ade.<\/p>\n<h3><strong>Cine y debate pol\u00edtico<\/strong><\/h3>\n<p>El presidente Antonio Tajani recuerda, durante\u00a0<a href=\"http:\/\/www.europarl.europa.eu\/news\/es\/press-room\/20181106IPR18318\/la-mujer-de-la-montana-gana-el-premio-de-cine-lux-2018-del-parlamento-europeo\" target=\"_blank\" rel=\"noopener\">la entrega del premio en el pleno<\/a>, que las finalistas tratan tres temas clave para el futuro de Europa: los riesgos asociados a los nacionalismos extremos, la urgencia de actuar para salvar el planeta y la necesidad de encontrar respuestas coherentes y cohesivas al tema de la inmigraci\u00f3n. &#8220;Al ense\u00f1arnos puntos de vistas nuevos y personales sobre nuestra Europa, est\u00e1is contribuyendo significativamente al debate pol\u00edtico que tiene lugar cada d\u00eda en esta instituci\u00f3n&#8221;, a\u00f1ade.<\/p>\n<p>En la entrevista, Erlingsson reflexiona sobre las\u00a0<a href=\"https:\/\/www.thistimeimvoting.eu\/\" target=\"_blank\" rel=\"noopener\">elecciones europeas de mayo de 2019<\/a>:\u00a0 &#8220;Somos la \u00faltima generaci\u00f3n que puede hacer algo para atajar el cambio clim\u00e1tico. Si no lo hacemos, ser\u00e1 muy tarde para nuestros ni\u00f1os. Por este motivo tenemos que votar; el voto es uno de los mayores instrumentos que tenemos en nuestra lucha para salvar el mundo&#8221;.<\/p>\n<p><strong>Finalistas<\/strong><\/p>\n<p>Las cintas finalistas del premio LUX de cine 2018 fueron &#8220;Styx&#8221;, &#8220;El otro lado del todo&#8221; y &#8220;La mujer de la monta\u00f1a&#8221;. Descubra m\u00e1s sobre ellas y vea\u00a0<a href=\"http:\/\/www.europarl.europa.eu\/news\/es\/headlines\/eu-affairs\/20181011STO15880\/premio-de-cine-lux-descubra-las-peliculas-finalistas-en-su-cine-mas-cercano\" target=\"_blank\" rel=\"noopener\">cu\u00e1ndo puede verlas en su cine m\u00e1s cercano<\/a>.<\/p>\n<p><a href=\"https:\/\/luxprize.eu\/audience-mention\" target=\"_blank\" rel=\"noopener\">Elija su favorita<\/a>\u00a0y podr\u00e1 optar a presentar el premio del p\u00fablico que se conceder\u00e1 el a\u00f1o que viene en el festival de cine Karlovy Vary (Rep\u00fablica Checa).<\/p>\n<p><strong>Once a\u00f1os de apoyo al cine europeo<\/strong><\/p>\n<p>En los \u00faltimos once a\u00f1os, el Premio de Cine LUX ha contribuido a la promoci\u00f3n de m\u00e1s de un centenar de pel\u00edculas europeas. Ha costeado entre otras cosas la subtitulaci\u00f3n a los 24 idiomas oficiales de la UE para las tres finalistas de cada edici\u00f3n. Las pel\u00edculas ganadoras son adaptadas para discapacitados visuales y auditivos y reciben apoyo para su promoci\u00f3n internacional.<\/p>\n<h3>M\u00e1s informaci\u00f3n<\/h3>\n<ul class=\"ep_list\">\n<li>\n<div class=\"ep-p_text ep-layout_page\"><a title=\"Abrir en una nueva p\u00e1gina\" href=\"https:\/\/www.facebook.com\/europeanparliament\/videos\/1261773977319519\/\" target=\"_blank\" rel=\"noopener\"><span class=\"ep_name\">Entrevista en directo para Facebook con el ganador del LUX 2018<\/span><span class=\"ep_icon\">\u00a0<\/span><\/a><\/div>\n<\/li>\n<li>\n<div class=\"ep-p_text ep-layout_page\"><a title=\"Abrir en una nueva p\u00e1gina\" href=\"http:\/\/www.europarl.europa.eu\/news\/es\/headlines\/priorities\/premio-de-cine-lux-2018\"><span class=\"ep_name\">Selecci\u00f3n de art\u00edculos sobre el premio LUX de cine 2018<\/span><span class=\"ep_icon\">\u00a0<\/span><\/a><\/div>\n<\/li>\n<li>\n<div class=\"ep-p_text ep-layout_page\"><a title=\"Abrir en una nueva p\u00e1gina\" href=\"http:\/\/luxprize.eu\/home\" target=\"_blank\" rel=\"noopener\"><span class=\"ep_name\">P\u00e1gina web del premio LUX de cine<\/span><span class=\"ep_icon\">\u00a0<\/span><\/a><\/div>\n<\/li>\n<\/ul>\n<p>&nbsp;<\/p>\n","protected":false},"excerpt":{"rendered":"<p>El director de la &#8220;La mujer de la monta\u00f1a&#8221; (&#8216;Woman at War&#8217;), Benedikt Erlingsson, cuenta en esta entrevista su visi\u00f3n sobre el cambio clim\u00e1tico y los retos que presenta la democracia. &#8220;Va sobre la democracia, los medios de comunicaci\u00f3n, esta lucha por el medio ambiante y el derecho de las personas a actuar incluso sin [&hellip;]<\/p>\n","protected":false},"author":1,"featured_media":9919,"comment_status":"open","ping_status":"open","sticky":false,"template":"","format":"standard","meta":{"_acf_changed":false,"_relevanssi_hide_post":"","_relevanssi_hide_content":"","_relevanssi_pin_for_all":"","_relevanssi_pin_keywords":"","_relevanssi_unpin_keywords":"","_relevanssi_related_keywords":"","_relevanssi_related_include_ids":"","_relevanssi_related_exclude_ids":"","_relevanssi_related_no_append":"","_relevanssi_related_not_related":"","_relevanssi_related_posts":"","_relevanssi_noindex_reason":"","_monsterinsights_skip_tracking":false,"_monsterinsights_sitenote_active":false,"_monsterinsights_sitenote_note":"","_monsterinsights_sitenote_category":0,"_genesis_hide_title":false,"_genesis_hide_breadcrumbs":false,"_genesis_hide_singular_image":false,"_genesis_hide_footer_widgets":false,"_genesis_custom_body_class":"","_genesis_custom_post_class":"","_genesis_layout":"","footnotes":""},"categories":[136],"tags":[128],"class_list":{"0":"post-9918","1":"post","2":"type-post","3":"status-publish","4":"format-standard","5":"has-post-thumbnail","7":"category-convocatorias-y-premios-ue","8":"tag-cultura-educacion","9":"entry"},"acf":[],"yoast_head":"<!-- This site is optimized with the Yoast SEO plugin v27.5 - https:\/\/yoast.com\/product\/yoast-seo-wordpress\/ -->\n<title>Ganador del Premio LUX: &quot;Mi pel\u00edcula va sobre una mujer que quiere salvar el mundo&quot; | CDE Almer\u00eda - Centro de Documentaci\u00f3n Europea - Universidad de Almer\u00eda<\/title>\n<meta name=\"robots\" content=\"index, follow, max-snippet:-1, max-image-preview:large, max-video-preview:-1\" \/>\n<link rel=\"canonical\" href=\"https:\/\/www.cde.ual.es\/ganador-del-premio-lux-mi-pelicula-va-sobre-una-mujer-que-quiere-salvar-el-mundo\/\" \/>\n<meta property=\"og:locale\" content=\"en_US\" \/>\n<meta property=\"og:type\" content=\"article\" \/>\n<meta property=\"og:title\" content=\"Ganador del Premio LUX: &quot;Mi pel\u00edcula va sobre una mujer que quiere salvar el mundo&quot; | CDE Almer\u00eda - Centro de Documentaci\u00f3n Europea - Universidad de Almer\u00eda\" \/>\n<meta property=\"og:description\" content=\"El director de la &#8220;La mujer de la monta\u00f1a&#8221; (&#8216;Woman at War&#8217;), Benedikt Erlingsson, cuenta en esta entrevista su visi\u00f3n sobre el cambio clim\u00e1tico y los retos que presenta la democracia. &#8220;Va sobre la democracia, los medios de comunicaci\u00f3n, esta lucha por el medio ambiante y el derecho de las personas a actuar incluso sin [&hellip;]\" \/>\n<meta property=\"og:url\" content=\"https:\/\/www.cde.ual.es\/ganador-del-premio-lux-mi-pelicula-va-sobre-una-mujer-que-quiere-salvar-el-mundo\/\" \/>\n<meta property=\"og:site_name\" content=\"CDE Almer\u00eda - Centro de Documentaci\u00f3n Europea - Universidad de Almer\u00eda\" \/>\n<meta property=\"article:publisher\" content=\"https:\/\/www.facebook.com\/cdeuniversidadalmeria\/\" \/>\n<meta property=\"article:published_time\" content=\"2018-11-16T07:00:33+00:00\" \/>\n<meta property=\"og:image\" content=\"https:\/\/www.cde.ual.es\/wp-content\/uploads\/2018\/11\/Ganador-Premio-Lux.png\" \/>\n\t<meta property=\"og:image:width\" content=\"565\" \/>\n\t<meta property=\"og:image:height\" content=\"378\" \/>\n\t<meta property=\"og:image:type\" content=\"image\/png\" \/>\n<meta name=\"author\" content=\"AdminCDE\" \/>\n<meta name=\"twitter:card\" content=\"summary_large_image\" \/>\n<meta name=\"twitter:creator\" content=\"@cdeualmeria\" \/>\n<meta name=\"twitter:site\" content=\"@cdeualmeria\" \/>\n<meta name=\"twitter:label1\" content=\"Written by\" \/>\n\t<meta name=\"twitter:data1\" content=\"AdminCDE\" \/>\n\t<meta name=\"twitter:label2\" content=\"Est. reading time\" \/>\n\t<meta name=\"twitter:data2\" content=\"3 minutes\" \/>\n<script type=\"application\/ld+json\" class=\"yoast-schema-graph\">{\"@context\":\"https:\\\/\\\/schema.org\",\"@graph\":[{\"@type\":\"Article\",\"@id\":\"https:\\\/\\\/www.cde.ual.es\\\/ganador-del-premio-lux-mi-pelicula-va-sobre-una-mujer-que-quiere-salvar-el-mundo\\\/#article\",\"isPartOf\":{\"@id\":\"https:\\\/\\\/www.cde.ual.es\\\/ganador-del-premio-lux-mi-pelicula-va-sobre-una-mujer-que-quiere-salvar-el-mundo\\\/\"},\"author\":{\"name\":\"AdminCDE\",\"@id\":\"https:\\\/\\\/www.cde.ual.es\\\/#\\\/schema\\\/person\\\/224ef08c8bcc005f319d2713ce37ee5f\"},\"headline\":\"Ganador del Premio LUX: &#8220;Mi pel\u00edcula va sobre una mujer que quiere salvar el mundo&#8221;\",\"datePublished\":\"2018-11-16T07:00:33+00:00\",\"mainEntityOfPage\":{\"@id\":\"https:\\\/\\\/www.cde.ual.es\\\/ganador-del-premio-lux-mi-pelicula-va-sobre-una-mujer-que-quiere-salvar-el-mundo\\\/\"},\"wordCount\":689,\"commentCount\":0,\"publisher\":{\"@id\":\"https:\\\/\\\/www.cde.ual.es\\\/#organization\"},\"image\":{\"@id\":\"https:\\\/\\\/www.cde.ual.es\\\/ganador-del-premio-lux-mi-pelicula-va-sobre-una-mujer-que-quiere-salvar-el-mundo\\\/#primaryimage\"},\"thumbnailUrl\":\"https:\\\/\\\/www.cde.ual.es\\\/wp-content\\\/uploads\\\/2018\\\/11\\\/Ganador-Premio-Lux.png\",\"keywords\":[\"Cultura y Educaci\u00f3n\"],\"articleSection\":[\"Convocatorias y Premios UE\"],\"inLanguage\":\"en-US\",\"potentialAction\":[{\"@type\":\"CommentAction\",\"name\":\"Comment\",\"target\":[\"https:\\\/\\\/www.cde.ual.es\\\/ganador-del-premio-lux-mi-pelicula-va-sobre-una-mujer-que-quiere-salvar-el-mundo\\\/#respond\"]}]},{\"@type\":\"WebPage\",\"@id\":\"https:\\\/\\\/www.cde.ual.es\\\/ganador-del-premio-lux-mi-pelicula-va-sobre-una-mujer-que-quiere-salvar-el-mundo\\\/\",\"url\":\"https:\\\/\\\/www.cde.ual.es\\\/ganador-del-premio-lux-mi-pelicula-va-sobre-una-mujer-que-quiere-salvar-el-mundo\\\/\",\"name\":\"Ganador del Premio LUX: \\\"Mi pel\u00edcula va sobre una mujer que quiere salvar el mundo\\\" | CDE Almer\u00eda - Centro de Documentaci\u00f3n Europea - Universidad de Almer\u00eda\",\"isPartOf\":{\"@id\":\"https:\\\/\\\/www.cde.ual.es\\\/#website\"},\"primaryImageOfPage\":{\"@id\":\"https:\\\/\\\/www.cde.ual.es\\\/ganador-del-premio-lux-mi-pelicula-va-sobre-una-mujer-que-quiere-salvar-el-mundo\\\/#primaryimage\"},\"image\":{\"@id\":\"https:\\\/\\\/www.cde.ual.es\\\/ganador-del-premio-lux-mi-pelicula-va-sobre-una-mujer-que-quiere-salvar-el-mundo\\\/#primaryimage\"},\"thumbnailUrl\":\"https:\\\/\\\/www.cde.ual.es\\\/wp-content\\\/uploads\\\/2018\\\/11\\\/Ganador-Premio-Lux.png\",\"datePublished\":\"2018-11-16T07:00:33+00:00\",\"breadcrumb\":{\"@id\":\"https:\\\/\\\/www.cde.ual.es\\\/ganador-del-premio-lux-mi-pelicula-va-sobre-una-mujer-que-quiere-salvar-el-mundo\\\/#breadcrumb\"},\"inLanguage\":\"en-US\",\"potentialAction\":[{\"@type\":\"ReadAction\",\"target\":[\"https:\\\/\\\/www.cde.ual.es\\\/ganador-del-premio-lux-mi-pelicula-va-sobre-una-mujer-que-quiere-salvar-el-mundo\\\/\"]}]},{\"@type\":\"ImageObject\",\"inLanguage\":\"en-US\",\"@id\":\"https:\\\/\\\/www.cde.ual.es\\\/ganador-del-premio-lux-mi-pelicula-va-sobre-una-mujer-que-quiere-salvar-el-mundo\\\/#primaryimage\",\"url\":\"https:\\\/\\\/www.cde.ual.es\\\/wp-content\\\/uploads\\\/2018\\\/11\\\/Ganador-Premio-Lux.png\",\"contentUrl\":\"https:\\\/\\\/www.cde.ual.es\\\/wp-content\\\/uploads\\\/2018\\\/11\\\/Ganador-Premio-Lux.png\",\"width\":565,\"height\":378},{\"@type\":\"BreadcrumbList\",\"@id\":\"https:\\\/\\\/www.cde.ual.es\\\/ganador-del-premio-lux-mi-pelicula-va-sobre-una-mujer-que-quiere-salvar-el-mundo\\\/#breadcrumb\",\"itemListElement\":[{\"@type\":\"ListItem\",\"position\":1,\"name\":\"Inicio\",\"item\":\"https:\\\/\\\/www.cde.ual.es\\\/en\\\/\"},{\"@type\":\"ListItem\",\"position\":2,\"name\":\"Convocatorias y Premios UE\",\"item\":\"https:\\\/\\\/www.cde.ual.es\\\/category\\\/convocatorias-y-premios-ue\\\/\"},{\"@type\":\"ListItem\",\"position\":3,\"name\":\"Ganador del Premio LUX: \u00abMi pel\u00edcula va sobre una mujer que quiere salvar el mundo\u00bb\"}]},{\"@type\":\"WebSite\",\"@id\":\"https:\\\/\\\/www.cde.ual.es\\\/#website\",\"url\":\"https:\\\/\\\/www.cde.ual.es\\\/\",\"name\":\"CDE Almer\u00eda - Centro de Documentaci\u00f3n Europea - Universidad de Almer\u00eda\",\"description\":\"Centro de Documentaci\u00f3n Europea de la Universidad de Almer\u00eda\",\"publisher\":{\"@id\":\"https:\\\/\\\/www.cde.ual.es\\\/#organization\"},\"alternateName\":\"CDE Almer\u00eda\",\"potentialAction\":[{\"@type\":\"SearchAction\",\"target\":{\"@type\":\"EntryPoint\",\"urlTemplate\":\"https:\\\/\\\/www.cde.ual.es\\\/?s={search_term_string}\"},\"query-input\":{\"@type\":\"PropertyValueSpecification\",\"valueRequired\":true,\"valueName\":\"search_term_string\"}}],\"inLanguage\":\"en-US\"},{\"@type\":\"Organization\",\"@id\":\"https:\\\/\\\/www.cde.ual.es\\\/#organization\",\"name\":\"Centro de Documentaci\u00f3n Europea de Almer\u00eda\",\"url\":\"https:\\\/\\\/www.cde.ual.es\\\/\",\"logo\":{\"@type\":\"ImageObject\",\"inLanguage\":\"en-US\",\"@id\":\"https:\\\/\\\/www.cde.ual.es\\\/#\\\/schema\\\/logo\\\/image\\\/\",\"url\":\"https:\\\/\\\/www.cde.ual.es\\\/wp-content\\\/uploads\\\/2025\\\/07\\\/cde-logo-3.png\",\"contentUrl\":\"https:\\\/\\\/www.cde.ual.es\\\/wp-content\\\/uploads\\\/2025\\\/07\\\/cde-logo-3.png\",\"width\":1400,\"height\":300,\"caption\":\"Centro de Documentaci\u00f3n Europea de Almer\u00eda\"},\"image\":{\"@id\":\"https:\\\/\\\/www.cde.ual.es\\\/#\\\/schema\\\/logo\\\/image\\\/\"},\"sameAs\":[\"https:\\\/\\\/www.facebook.com\\\/cdeuniversidadalmeria\\\/\",\"https:\\\/\\\/x.com\\\/cdeualmeria\",\"https:\\\/\\\/www.tiktok.com\\\/@cdealmeria\",\"https:\\\/\\\/www.instagram.com\\\/cdealmeria\\\/\",\"https:\\\/\\\/www.linkedin.com\\\/in\\\/cde-almera-812b26a9\\\/\"]},{\"@type\":\"Person\",\"@id\":\"https:\\\/\\\/www.cde.ual.es\\\/#\\\/schema\\\/person\\\/224ef08c8bcc005f319d2713ce37ee5f\",\"name\":\"AdminCDE\",\"image\":{\"@type\":\"ImageObject\",\"inLanguage\":\"en-US\",\"@id\":\"https:\\\/\\\/secure.gravatar.com\\\/avatar\\\/a72d038d371f995cd13706fac32274b7952a52e8fb0a84b5f80c85426f2a98a8?s=96&d=mm&r=g\",\"url\":\"https:\\\/\\\/secure.gravatar.com\\\/avatar\\\/a72d038d371f995cd13706fac32274b7952a52e8fb0a84b5f80c85426f2a98a8?s=96&d=mm&r=g\",\"contentUrl\":\"https:\\\/\\\/secure.gravatar.com\\\/avatar\\\/a72d038d371f995cd13706fac32274b7952a52e8fb0a84b5f80c85426f2a98a8?s=96&d=mm&r=g\",\"caption\":\"AdminCDE\"}}]}<\/script>\n<!-- \/ Yoast SEO plugin. -->","yoast_head_json":{"title":"Ganador del Premio LUX: \"Mi pel\u00edcula va sobre una mujer que quiere salvar el mundo\" | CDE Almer\u00eda - Centro de Documentaci\u00f3n Europea - Universidad de Almer\u00eda","robots":{"index":"index","follow":"follow","max-snippet":"max-snippet:-1","max-image-preview":"max-image-preview:large","max-video-preview":"max-video-preview:-1"},"canonical":"https:\/\/www.cde.ual.es\/ganador-del-premio-lux-mi-pelicula-va-sobre-una-mujer-que-quiere-salvar-el-mundo\/","og_locale":"en_US","og_type":"article","og_title":"Ganador del Premio LUX: \"Mi pel\u00edcula va sobre una mujer que quiere salvar el mundo\" | CDE Almer\u00eda - Centro de Documentaci\u00f3n Europea - Universidad de Almer\u00eda","og_description":"El director de la &#8220;La mujer de la monta\u00f1a&#8221; (&#8216;Woman at War&#8217;), Benedikt Erlingsson, cuenta en esta entrevista su visi\u00f3n sobre el cambio clim\u00e1tico y los retos que presenta la democracia. &#8220;Va sobre la democracia, los medios de comunicaci\u00f3n, esta lucha por el medio ambiante y el derecho de las personas a actuar incluso sin [&hellip;]","og_url":"https:\/\/www.cde.ual.es\/ganador-del-premio-lux-mi-pelicula-va-sobre-una-mujer-que-quiere-salvar-el-mundo\/","og_site_name":"CDE Almer\u00eda - Centro de Documentaci\u00f3n Europea - Universidad de Almer\u00eda","article_publisher":"https:\/\/www.facebook.com\/cdeuniversidadalmeria\/","article_published_time":"2018-11-16T07:00:33+00:00","og_image":[{"width":565,"height":378,"url":"https:\/\/www.cde.ual.es\/wp-content\/uploads\/2018\/11\/Ganador-Premio-Lux.png","type":"image\/png"}],"author":"AdminCDE","twitter_card":"summary_large_image","twitter_creator":"@cdeualmeria","twitter_site":"@cdeualmeria","twitter_misc":{"Written by":"AdminCDE","Est. reading time":"3 minutes"},"schema":{"@context":"https:\/\/schema.org","@graph":[{"@type":"Article","@id":"https:\/\/www.cde.ual.es\/ganador-del-premio-lux-mi-pelicula-va-sobre-una-mujer-que-quiere-salvar-el-mundo\/#article","isPartOf":{"@id":"https:\/\/www.cde.ual.es\/ganador-del-premio-lux-mi-pelicula-va-sobre-una-mujer-que-quiere-salvar-el-mundo\/"},"author":{"name":"AdminCDE","@id":"https:\/\/www.cde.ual.es\/#\/schema\/person\/224ef08c8bcc005f319d2713ce37ee5f"},"headline":"Ganador del Premio LUX: &#8220;Mi pel\u00edcula va sobre una mujer que quiere salvar el mundo&#8221;","datePublished":"2018-11-16T07:00:33+00:00","mainEntityOfPage":{"@id":"https:\/\/www.cde.ual.es\/ganador-del-premio-lux-mi-pelicula-va-sobre-una-mujer-que-quiere-salvar-el-mundo\/"},"wordCount":689,"commentCount":0,"publisher":{"@id":"https:\/\/www.cde.ual.es\/#organization"},"image":{"@id":"https:\/\/www.cde.ual.es\/ganador-del-premio-lux-mi-pelicula-va-sobre-una-mujer-que-quiere-salvar-el-mundo\/#primaryimage"},"thumbnailUrl":"https:\/\/www.cde.ual.es\/wp-content\/uploads\/2018\/11\/Ganador-Premio-Lux.png","keywords":["Cultura y Educaci\u00f3n"],"articleSection":["Convocatorias y Premios UE"],"inLanguage":"en-US","potentialAction":[{"@type":"CommentAction","name":"Comment","target":["https:\/\/www.cde.ual.es\/ganador-del-premio-lux-mi-pelicula-va-sobre-una-mujer-que-quiere-salvar-el-mundo\/#respond"]}]},{"@type":"WebPage","@id":"https:\/\/www.cde.ual.es\/ganador-del-premio-lux-mi-pelicula-va-sobre-una-mujer-que-quiere-salvar-el-mundo\/","url":"https:\/\/www.cde.ual.es\/ganador-del-premio-lux-mi-pelicula-va-sobre-una-mujer-que-quiere-salvar-el-mundo\/","name":"Ganador del Premio LUX: \"Mi pel\u00edcula va sobre una mujer que quiere salvar el mundo\" | CDE Almer\u00eda - Centro de Documentaci\u00f3n Europea - Universidad de Almer\u00eda","isPartOf":{"@id":"https:\/\/www.cde.ual.es\/#website"},"primaryImageOfPage":{"@id":"https:\/\/www.cde.ual.es\/ganador-del-premio-lux-mi-pelicula-va-sobre-una-mujer-que-quiere-salvar-el-mundo\/#primaryimage"},"image":{"@id":"https:\/\/www.cde.ual.es\/ganador-del-premio-lux-mi-pelicula-va-sobre-una-mujer-que-quiere-salvar-el-mundo\/#primaryimage"},"thumbnailUrl":"https:\/\/www.cde.ual.es\/wp-content\/uploads\/2018\/11\/Ganador-Premio-Lux.png","datePublished":"2018-11-16T07:00:33+00:00","breadcrumb":{"@id":"https:\/\/www.cde.ual.es\/ganador-del-premio-lux-mi-pelicula-va-sobre-una-mujer-que-quiere-salvar-el-mundo\/#breadcrumb"},"inLanguage":"en-US","potentialAction":[{"@type":"ReadAction","target":["https:\/\/www.cde.ual.es\/ganador-del-premio-lux-mi-pelicula-va-sobre-una-mujer-que-quiere-salvar-el-mundo\/"]}]},{"@type":"ImageObject","inLanguage":"en-US","@id":"https:\/\/www.cde.ual.es\/ganador-del-premio-lux-mi-pelicula-va-sobre-una-mujer-que-quiere-salvar-el-mundo\/#primaryimage","url":"https:\/\/www.cde.ual.es\/wp-content\/uploads\/2018\/11\/Ganador-Premio-Lux.png","contentUrl":"https:\/\/www.cde.ual.es\/wp-content\/uploads\/2018\/11\/Ganador-Premio-Lux.png","width":565,"height":378},{"@type":"BreadcrumbList","@id":"https:\/\/www.cde.ual.es\/ganador-del-premio-lux-mi-pelicula-va-sobre-una-mujer-que-quiere-salvar-el-mundo\/#breadcrumb","itemListElement":[{"@type":"ListItem","position":1,"name":"Inicio","item":"https:\/\/www.cde.ual.es\/en\/"},{"@type":"ListItem","position":2,"name":"Convocatorias y Premios UE","item":"https:\/\/www.cde.ual.es\/category\/convocatorias-y-premios-ue\/"},{"@type":"ListItem","position":3,"name":"Ganador del Premio LUX: \u00abMi pel\u00edcula va sobre una mujer que quiere salvar el mundo\u00bb"}]},{"@type":"WebSite","@id":"https:\/\/www.cde.ual.es\/#website","url":"https:\/\/www.cde.ual.es\/","name":"CDE Almer\u00eda - Centro de Documentaci\u00f3n Europea - Universidad de Almer\u00eda","description":"Centro de Documentaci\u00f3n Europea de la Universidad de Almer\u00eda","publisher":{"@id":"https:\/\/www.cde.ual.es\/#organization"},"alternateName":"CDE Almer\u00eda","potentialAction":[{"@type":"SearchAction","target":{"@type":"EntryPoint","urlTemplate":"https:\/\/www.cde.ual.es\/?s={search_term_string}"},"query-input":{"@type":"PropertyValueSpecification","valueRequired":true,"valueName":"search_term_string"}}],"inLanguage":"en-US"},{"@type":"Organization","@id":"https:\/\/www.cde.ual.es\/#organization","name":"Centro de Documentaci\u00f3n Europea de Almer\u00eda","url":"https:\/\/www.cde.ual.es\/","logo":{"@type":"ImageObject","inLanguage":"en-US","@id":"https:\/\/www.cde.ual.es\/#\/schema\/logo\/image\/","url":"https:\/\/www.cde.ual.es\/wp-content\/uploads\/2025\/07\/cde-logo-3.png","contentUrl":"https:\/\/www.cde.ual.es\/wp-content\/uploads\/2025\/07\/cde-logo-3.png","width":1400,"height":300,"caption":"Centro de Documentaci\u00f3n Europea de Almer\u00eda"},"image":{"@id":"https:\/\/www.cde.ual.es\/#\/schema\/logo\/image\/"},"sameAs":["https:\/\/www.facebook.com\/cdeuniversidadalmeria\/","https:\/\/x.com\/cdeualmeria","https:\/\/www.tiktok.com\/@cdealmeria","https:\/\/www.instagram.com\/cdealmeria\/","https:\/\/www.linkedin.com\/in\/cde-almera-812b26a9\/"]},{"@type":"Person","@id":"https:\/\/www.cde.ual.es\/#\/schema\/person\/224ef08c8bcc005f319d2713ce37ee5f","name":"AdminCDE","image":{"@type":"ImageObject","inLanguage":"en-US","@id":"https:\/\/secure.gravatar.com\/avatar\/a72d038d371f995cd13706fac32274b7952a52e8fb0a84b5f80c85426f2a98a8?s=96&d=mm&r=g","url":"https:\/\/secure.gravatar.com\/avatar\/a72d038d371f995cd13706fac32274b7952a52e8fb0a84b5f80c85426f2a98a8?s=96&d=mm&r=g","contentUrl":"https:\/\/secure.gravatar.com\/avatar\/a72d038d371f995cd13706fac32274b7952a52e8fb0a84b5f80c85426f2a98a8?s=96&d=mm&r=g","caption":"AdminCDE"}}]}},"_links":{"self":[{"href":"https:\/\/www.cde.ual.es\/en\/wp-json\/wp\/v2\/posts\/9918","targetHints":{"allow":["GET"]}}],"collection":[{"href":"https:\/\/www.cde.ual.es\/en\/wp-json\/wp\/v2\/posts"}],"about":[{"href":"https:\/\/www.cde.ual.es\/en\/wp-json\/wp\/v2\/types\/post"}],"author":[{"embeddable":true,"href":"https:\/\/www.cde.ual.es\/en\/wp-json\/wp\/v2\/users\/1"}],"replies":[{"embeddable":true,"href":"https:\/\/www.cde.ual.es\/en\/wp-json\/wp\/v2\/comments?post=9918"}],"version-history":[{"count":0,"href":"https:\/\/www.cde.ual.es\/en\/wp-json\/wp\/v2\/posts\/9918\/revisions"}],"wp:featuredmedia":[{"embeddable":true,"href":"https:\/\/www.cde.ual.es\/en\/wp-json\/wp\/v2\/media\/9919"}],"wp:attachment":[{"href":"https:\/\/www.cde.ual.es\/en\/wp-json\/wp\/v2\/media?parent=9918"}],"wp:term":[{"taxonomy":"category","embeddable":true,"href":"https:\/\/www.cde.ual.es\/en\/wp-json\/wp\/v2\/categories?post=9918"},{"taxonomy":"post_tag","embeddable":true,"href":"https:\/\/www.cde.ual.es\/en\/wp-json\/wp\/v2\/tags?post=9918"}],"curies":[{"name":"wp","href":"https:\/\/api.w.org\/{rel}","templated":true}]}}