{"id":99082,"date":"2022-03-16T09:42:53","date_gmt":"2022-03-16T08:42:53","guid":{"rendered":"https:\/\/www.cde.ual.es\/?p=99082"},"modified":"2022-03-16T09:42:53","modified_gmt":"2022-03-16T08:42:53","slug":"north-macedonia-high-representative-vice-president-borrell-visited-skopje-to-discuss-eu-accession-and-consequences-of-aggression-against-ukraine","status":"publish","type":"post","link":"https:\/\/www.cde.ual.es\/en\/north-macedonia-high-representative-vice-president-borrell-visited-skopje-to-discuss-eu-accession-and-consequences-of-aggression-against-ukraine\/","title":{"rendered":"North Macedonia: High Representative\/Vice-President Borrell visited Skopje to discuss EU accession and consequences of aggression against Ukraine"},"content":{"rendered":"<p>High Representative\/Vice-President Josep Borrell started his visit to the Western Balkans in Skopje, North Macedonia on 13-14 March.<\/p>\n<p>The visit came against the backdrop of the barbaric aggression by Russia to Ukraine. In his meetings, High\u00a0 Representative Borrell expressed great appreciation to North Macedonia\u2019s clear condemnation of the Russian aggression and firm support for Ukraine and the Ukrainian people. The high representative welcomed North Macedonia 100% alignment with the EU\u2019s Common Foreign and Security Policy, including all sanctions on\u00a0 Russia.<\/p>\n<p>The High Representative confirmed to his interlocutors the EU\u2019s and his personal commitment to support a\u00a0democratic, prosperous and secure Western Balkans region whose future lies in the European Union.<\/p>\n<p>The High Representative met first with President Pendarovski. The President has been vocal in countering disinformation and toxic propaganda. The EU and the Western Balkans will step up cooperation on cyber security and the fight against disinformation. The High Representative informed he will propose to allocate new resources to enhance security and defence in the region.<\/p>\n<p>At the meeting with Prime Minister Kova\u010devski, the HRVP welcomed the new impetus between Sofia and\u00a0Skopje for reaching a mutually acceptable solution. As the High Representative said: \u201cIt is high time to resolve long standing bilateral issues and start as soon as possible the EU accession negotiations.\u201c At the meeting, also with Deputy Prime Ministers Maricikj and defence minister Petrovska, the High Representative and Prime Minister also discussed the economic situation in the country, energy and reforms. The High Representative stated that the EU stands by the region and work is ongoing on how to\u00a0 \u00a0integrate better and\u00a0involve more the region in EU initiatives to address the economic impact of the war, eventual future shocks and allow economic recovery.<\/p>\n<p>HRVP Borrell praised North Macedonia\u2019s alignment with all EU declarations and sanctions against Russia with Foreign Minister Osmani and expressed gratitude on the country\u2019s contribution to EU CSDP missions and\u00a0operations to Defence Minister Petrovska.<\/p>\n<p>The High Representative met with Speaker of the Parliament Xhaferi and representatives of the parliamentary parties. As former member of the Spanish Parliament and President of the European Parliament, the High Representative praised the role of the parliament in a democracy and asked political\u00a0representatives to work together across the political divide to move the country forward in these trying times.<\/p>\n<p>Finally, the High Representative met with representatives of civil society organisations and youth from the Western Balkans who, over the past year have contributed to the Conference on the Future of Europe. Participants provided the High Representative a handover of their work giving practical ideas on democracy, rule of law, green growth. They demonstrated the commitment of the people of the Western Balkans to build a peaceful, prosperous and united common continent. As the High Representative said to the participants: \u201cThe Western Balkans are an integral part of the future of Europe. Your future is our future.\u201d<\/p>\n<p><strong><a href=\"https:\/\/eeas.europa.eu\/headquarters\/headquarters-homepage\/112797\/north-macedonia-high-representativevice-president-borrell-visited-skopje-discuss-eu-accession_en\">More information: EEAS<\/a><\/strong><\/p>\n","protected":false},"excerpt":{"rendered":"<p>High Representative\/Vice-President Josep Borrell started his visit to the Western Balkans in Skopje, North Macedonia on 13-14 March. The visit came against the backdrop of the barbaric aggression by Russia to Ukraine. In his meetings, High\u00a0 Representative Borrell expressed great appreciation to North Macedonia\u2019s clear condemnation of the Russian aggression and firm support for Ukraine [&hellip;]<\/p>\n","protected":false},"author":1,"featured_media":99083,"comment_status":"open","ping_status":"open","sticky":false,"template":"","format":"standard","meta":{"_acf_changed":false,"_relevanssi_hide_post":"","_relevanssi_hide_content":"","_relevanssi_pin_for_all":"","_relevanssi_pin_keywords":"","_relevanssi_unpin_keywords":"","_relevanssi_related_keywords":"","_relevanssi_related_include_ids":"","_relevanssi_related_exclude_ids":"","_relevanssi_related_no_append":"","_relevanssi_related_not_related":"","_relevanssi_related_posts":"","_relevanssi_noindex_reason":"","_monsterinsights_skip_tracking":false,"_monsterinsights_sitenote_active":false,"_monsterinsights_sitenote_note":"","_monsterinsights_sitenote_category":0,"_genesis_hide_title":false,"_genesis_hide_breadcrumbs":false,"_genesis_hide_singular_image":false,"_genesis_hide_footer_widgets":false,"_genesis_custom_body_class":"","_genesis_custom_post_class":"","_genesis_layout":"","footnotes":""},"categories":[4075,346,4078],"tags":[],"class_list":{"0":"post-99082","1":"post","2":"type-post","3":"status-publish","4":"format-standard","5":"has-post-thumbnail","7":"category-defence-security","8":"category-eu-news","9":"category-internat-safety-pol","10":"entry"},"acf":[],"yoast_head":"<!-- This site is optimized with the Yoast SEO plugin v27.5 - https:\/\/yoast.com\/product\/yoast-seo-wordpress\/ -->\n<title>North Macedonia: High Representative\/Vice-President Borrell visited Skopje to discuss EU accession and consequences of aggression against Ukraine | CDE Almer\u00eda - Centro de Documentaci\u00f3n Europea - Universidad de Almer\u00eda<\/title>\n<meta name=\"robots\" content=\"index, follow, max-snippet:-1, max-image-preview:large, max-video-preview:-1\" \/>\n<link rel=\"canonical\" href=\"https:\/\/www.cde.ual.es\/en\/north-macedonia-high-representative-vice-president-borrell-visited-skopje-to-discuss-eu-accession-and-consequences-of-aggression-against-ukraine\/\" \/>\n<meta property=\"og:locale\" content=\"en_US\" \/>\n<meta property=\"og:type\" content=\"article\" \/>\n<meta property=\"og:title\" content=\"North Macedonia: High Representative\/Vice-President Borrell visited Skopje to discuss EU accession and consequences of aggression against Ukraine | CDE Almer\u00eda - Centro de Documentaci\u00f3n Europea - Universidad de Almer\u00eda\" \/>\n<meta property=\"og:description\" content=\"High Representative\/Vice-President Josep Borrell started his visit to the Western Balkans in Skopje, North Macedonia on 13-14 March. The visit came against the backdrop of the barbaric aggression by Russia to Ukraine. In his meetings, High\u00a0 Representative Borrell expressed great appreciation to North Macedonia\u2019s clear condemnation of the Russian aggression and firm support for Ukraine [&hellip;]\" \/>\n<meta property=\"og:url\" content=\"https:\/\/www.cde.ual.es\/en\/north-macedonia-high-representative-vice-president-borrell-visited-skopje-to-discuss-eu-accession-and-consequences-of-aggression-against-ukraine\/\" \/>\n<meta property=\"og:site_name\" content=\"CDE Almer\u00eda - Centro de Documentaci\u00f3n Europea - Universidad de Almer\u00eda\" \/>\n<meta property=\"article:publisher\" content=\"https:\/\/www.facebook.com\/cdeuniversidadalmeria\/\" \/>\n<meta property=\"article:published_time\" content=\"2022-03-16T08:42:53+00:00\" \/>\n<meta property=\"og:image\" content=\"https:\/\/www.cde.ual.es\/wp-content\/uploads\/2022\/03\/27bfa6b1-4c17-48da-8242-f07309dbc244-scaled.jpg\" \/>\n\t<meta property=\"og:image:width\" content=\"2560\" \/>\n\t<meta property=\"og:image:height\" content=\"1707\" \/>\n\t<meta property=\"og:image:type\" content=\"image\/jpeg\" \/>\n<meta name=\"author\" content=\"AdminCDE\" \/>\n<meta name=\"twitter:card\" content=\"summary_large_image\" \/>\n<meta name=\"twitter:creator\" content=\"@cdeualmeria\" \/>\n<meta name=\"twitter:site\" content=\"@cdeualmeria\" \/>\n<meta name=\"twitter:label1\" content=\"Written by\" \/>\n\t<meta name=\"twitter:data1\" content=\"AdminCDE\" \/>\n\t<meta name=\"twitter:label2\" content=\"Est. reading time\" \/>\n\t<meta name=\"twitter:data2\" content=\"2 minutes\" \/>\n<script type=\"application\/ld+json\" class=\"yoast-schema-graph\">{\"@context\":\"https:\\\/\\\/schema.org\",\"@graph\":[{\"@type\":\"Article\",\"@id\":\"https:\\\/\\\/www.cde.ual.es\\\/en\\\/north-macedonia-high-representative-vice-president-borrell-visited-skopje-to-discuss-eu-accession-and-consequences-of-aggression-against-ukraine\\\/#article\",\"isPartOf\":{\"@id\":\"https:\\\/\\\/www.cde.ual.es\\\/en\\\/north-macedonia-high-representative-vice-president-borrell-visited-skopje-to-discuss-eu-accession-and-consequences-of-aggression-against-ukraine\\\/\"},\"author\":{\"name\":\"AdminCDE\",\"@id\":\"https:\\\/\\\/www.cde.ual.es\\\/#\\\/schema\\\/person\\\/224ef08c8bcc005f319d2713ce37ee5f\"},\"headline\":\"North Macedonia: High Representative\\\/Vice-President Borrell visited Skopje to discuss EU accession and consequences of aggression against Ukraine\",\"datePublished\":\"2022-03-16T08:42:53+00:00\",\"mainEntityOfPage\":{\"@id\":\"https:\\\/\\\/www.cde.ual.es\\\/en\\\/north-macedonia-high-representative-vice-president-borrell-visited-skopje-to-discuss-eu-accession-and-consequences-of-aggression-against-ukraine\\\/\"},\"wordCount\":507,\"commentCount\":0,\"publisher\":{\"@id\":\"https:\\\/\\\/www.cde.ual.es\\\/#organization\"},\"image\":{\"@id\":\"https:\\\/\\\/www.cde.ual.es\\\/en\\\/north-macedonia-high-representative-vice-president-borrell-visited-skopje-to-discuss-eu-accession-and-consequences-of-aggression-against-ukraine\\\/#primaryimage\"},\"thumbnailUrl\":\"https:\\\/\\\/www.cde.ual.es\\\/wp-content\\\/uploads\\\/2022\\\/03\\\/27bfa6b1-4c17-48da-8242-f07309dbc244-scaled.jpg\",\"articleSection\":[\"Defence &amp; Security\",\"EU News\",\"International Safety and Defence Politics\"],\"inLanguage\":\"en-US\",\"potentialAction\":[{\"@type\":\"CommentAction\",\"name\":\"Comment\",\"target\":[\"https:\\\/\\\/www.cde.ual.es\\\/en\\\/north-macedonia-high-representative-vice-president-borrell-visited-skopje-to-discuss-eu-accession-and-consequences-of-aggression-against-ukraine\\\/#respond\"]}]},{\"@type\":\"WebPage\",\"@id\":\"https:\\\/\\\/www.cde.ual.es\\\/en\\\/north-macedonia-high-representative-vice-president-borrell-visited-skopje-to-discuss-eu-accession-and-consequences-of-aggression-against-ukraine\\\/\",\"url\":\"https:\\\/\\\/www.cde.ual.es\\\/en\\\/north-macedonia-high-representative-vice-president-borrell-visited-skopje-to-discuss-eu-accession-and-consequences-of-aggression-against-ukraine\\\/\",\"name\":\"North Macedonia: High Representative\\\/Vice-President Borrell visited Skopje to discuss EU accession and consequences of aggression against Ukraine | CDE Almer\u00eda - Centro de Documentaci\u00f3n Europea - Universidad de Almer\u00eda\",\"isPartOf\":{\"@id\":\"https:\\\/\\\/www.cde.ual.es\\\/#website\"},\"primaryImageOfPage\":{\"@id\":\"https:\\\/\\\/www.cde.ual.es\\\/en\\\/north-macedonia-high-representative-vice-president-borrell-visited-skopje-to-discuss-eu-accession-and-consequences-of-aggression-against-ukraine\\\/#primaryimage\"},\"image\":{\"@id\":\"https:\\\/\\\/www.cde.ual.es\\\/en\\\/north-macedonia-high-representative-vice-president-borrell-visited-skopje-to-discuss-eu-accession-and-consequences-of-aggression-against-ukraine\\\/#primaryimage\"},\"thumbnailUrl\":\"https:\\\/\\\/www.cde.ual.es\\\/wp-content\\\/uploads\\\/2022\\\/03\\\/27bfa6b1-4c17-48da-8242-f07309dbc244-scaled.jpg\",\"datePublished\":\"2022-03-16T08:42:53+00:00\",\"breadcrumb\":{\"@id\":\"https:\\\/\\\/www.cde.ual.es\\\/en\\\/north-macedonia-high-representative-vice-president-borrell-visited-skopje-to-discuss-eu-accession-and-consequences-of-aggression-against-ukraine\\\/#breadcrumb\"},\"inLanguage\":\"en-US\",\"potentialAction\":[{\"@type\":\"ReadAction\",\"target\":[\"https:\\\/\\\/www.cde.ual.es\\\/en\\\/north-macedonia-high-representative-vice-president-borrell-visited-skopje-to-discuss-eu-accession-and-consequences-of-aggression-against-ukraine\\\/\"]}]},{\"@type\":\"ImageObject\",\"inLanguage\":\"en-US\",\"@id\":\"https:\\\/\\\/www.cde.ual.es\\\/en\\\/north-macedonia-high-representative-vice-president-borrell-visited-skopje-to-discuss-eu-accession-and-consequences-of-aggression-against-ukraine\\\/#primaryimage\",\"url\":\"https:\\\/\\\/www.cde.ual.es\\\/wp-content\\\/uploads\\\/2022\\\/03\\\/27bfa6b1-4c17-48da-8242-f07309dbc244-scaled.jpg\",\"contentUrl\":\"https:\\\/\\\/www.cde.ual.es\\\/wp-content\\\/uploads\\\/2022\\\/03\\\/27bfa6b1-4c17-48da-8242-f07309dbc244-scaled.jpg\",\"width\":2560,\"height\":1707,\"caption\":\"Josep Borrell High Representative of the Union for Foreign Affairs and Security Policy shake hand with Stevo Pendarovski, President of North Macedonia in Skopje ,on his visit to North Macedonia on 14 March 2022\"},{\"@type\":\"BreadcrumbList\",\"@id\":\"https:\\\/\\\/www.cde.ual.es\\\/en\\\/north-macedonia-high-representative-vice-president-borrell-visited-skopje-to-discuss-eu-accession-and-consequences-of-aggression-against-ukraine\\\/#breadcrumb\",\"itemListElement\":[{\"@type\":\"ListItem\",\"position\":1,\"name\":\"Inicio\",\"item\":\"https:\\\/\\\/www.cde.ual.es\\\/en\\\/\"},{\"@type\":\"ListItem\",\"position\":2,\"name\":\"EU News\",\"item\":\"https:\\\/\\\/www.cde.ual.es\\\/en\\\/category\\\/eu-news\\\/\"},{\"@type\":\"ListItem\",\"position\":3,\"name\":\"Defence &amp; Security\",\"item\":\"https:\\\/\\\/www.cde.ual.es\\\/en\\\/category\\\/eu-news\\\/defence-security\\\/\"},{\"@type\":\"ListItem\",\"position\":4,\"name\":\"International Safety and Defence Politics\",\"item\":\"https:\\\/\\\/www.cde.ual.es\\\/en\\\/category\\\/eu-news\\\/defence-security\\\/internat-safety-pol\\\/\"},{\"@type\":\"ListItem\",\"position\":5,\"name\":\"North Macedonia: High Representative\\\/Vice-President Borrell visited Skopje to discuss EU accession and consequences of aggression against Ukraine\"}]},{\"@type\":\"WebSite\",\"@id\":\"https:\\\/\\\/www.cde.ual.es\\\/#website\",\"url\":\"https:\\\/\\\/www.cde.ual.es\\\/\",\"name\":\"CDE Almer\u00eda - Centro de Documentaci\u00f3n Europea - Universidad de Almer\u00eda\",\"description\":\"Centro de Documentaci\u00f3n Europea de la Universidad de Almer\u00eda\",\"publisher\":{\"@id\":\"https:\\\/\\\/www.cde.ual.es\\\/#organization\"},\"alternateName\":\"CDE Almer\u00eda\",\"potentialAction\":[{\"@type\":\"SearchAction\",\"target\":{\"@type\":\"EntryPoint\",\"urlTemplate\":\"https:\\\/\\\/www.cde.ual.es\\\/?s={search_term_string}\"},\"query-input\":{\"@type\":\"PropertyValueSpecification\",\"valueRequired\":true,\"valueName\":\"search_term_string\"}}],\"inLanguage\":\"en-US\"},{\"@type\":\"Organization\",\"@id\":\"https:\\\/\\\/www.cde.ual.es\\\/#organization\",\"name\":\"Centro de Documentaci\u00f3n Europea de Almer\u00eda\",\"url\":\"https:\\\/\\\/www.cde.ual.es\\\/\",\"logo\":{\"@type\":\"ImageObject\",\"inLanguage\":\"en-US\",\"@id\":\"https:\\\/\\\/www.cde.ual.es\\\/#\\\/schema\\\/logo\\\/image\\\/\",\"url\":\"https:\\\/\\\/www.cde.ual.es\\\/wp-content\\\/uploads\\\/2025\\\/07\\\/cde-logo-3.png\",\"contentUrl\":\"https:\\\/\\\/www.cde.ual.es\\\/wp-content\\\/uploads\\\/2025\\\/07\\\/cde-logo-3.png\",\"width\":1400,\"height\":300,\"caption\":\"Centro de Documentaci\u00f3n Europea de Almer\u00eda\"},\"image\":{\"@id\":\"https:\\\/\\\/www.cde.ual.es\\\/#\\\/schema\\\/logo\\\/image\\\/\"},\"sameAs\":[\"https:\\\/\\\/www.facebook.com\\\/cdeuniversidadalmeria\\\/\",\"https:\\\/\\\/x.com\\\/cdeualmeria\",\"https:\\\/\\\/www.tiktok.com\\\/@cdealmeria\",\"https:\\\/\\\/www.instagram.com\\\/cdealmeria\\\/\",\"https:\\\/\\\/www.linkedin.com\\\/in\\\/cde-almera-812b26a9\\\/\"]},{\"@type\":\"Person\",\"@id\":\"https:\\\/\\\/www.cde.ual.es\\\/#\\\/schema\\\/person\\\/224ef08c8bcc005f319d2713ce37ee5f\",\"name\":\"AdminCDE\",\"image\":{\"@type\":\"ImageObject\",\"inLanguage\":\"en-US\",\"@id\":\"https:\\\/\\\/secure.gravatar.com\\\/avatar\\\/a72d038d371f995cd13706fac32274b7952a52e8fb0a84b5f80c85426f2a98a8?s=96&d=mm&r=g\",\"url\":\"https:\\\/\\\/secure.gravatar.com\\\/avatar\\\/a72d038d371f995cd13706fac32274b7952a52e8fb0a84b5f80c85426f2a98a8?s=96&d=mm&r=g\",\"contentUrl\":\"https:\\\/\\\/secure.gravatar.com\\\/avatar\\\/a72d038d371f995cd13706fac32274b7952a52e8fb0a84b5f80c85426f2a98a8?s=96&d=mm&r=g\",\"caption\":\"AdminCDE\"}}]}<\/script>\n<!-- \/ Yoast SEO plugin. -->","yoast_head_json":{"title":"North Macedonia: High Representative\/Vice-President Borrell visited Skopje to discuss EU accession and consequences of aggression against Ukraine | CDE Almer\u00eda - Centro de Documentaci\u00f3n Europea - Universidad de Almer\u00eda","robots":{"index":"index","follow":"follow","max-snippet":"max-snippet:-1","max-image-preview":"max-image-preview:large","max-video-preview":"max-video-preview:-1"},"canonical":"https:\/\/www.cde.ual.es\/en\/north-macedonia-high-representative-vice-president-borrell-visited-skopje-to-discuss-eu-accession-and-consequences-of-aggression-against-ukraine\/","og_locale":"en_US","og_type":"article","og_title":"North Macedonia: High Representative\/Vice-President Borrell visited Skopje to discuss EU accession and consequences of aggression against Ukraine | CDE Almer\u00eda - Centro de Documentaci\u00f3n Europea - Universidad de Almer\u00eda","og_description":"High Representative\/Vice-President Josep Borrell started his visit to the Western Balkans in Skopje, North Macedonia on 13-14 March. The visit came against the backdrop of the barbaric aggression by Russia to Ukraine. In his meetings, High\u00a0 Representative Borrell expressed great appreciation to North Macedonia\u2019s clear condemnation of the Russian aggression and firm support for Ukraine [&hellip;]","og_url":"https:\/\/www.cde.ual.es\/en\/north-macedonia-high-representative-vice-president-borrell-visited-skopje-to-discuss-eu-accession-and-consequences-of-aggression-against-ukraine\/","og_site_name":"CDE Almer\u00eda - Centro de Documentaci\u00f3n Europea - Universidad de Almer\u00eda","article_publisher":"https:\/\/www.facebook.com\/cdeuniversidadalmeria\/","article_published_time":"2022-03-16T08:42:53+00:00","og_image":[{"width":2560,"height":1707,"url":"https:\/\/www.cde.ual.es\/wp-content\/uploads\/2022\/03\/27bfa6b1-4c17-48da-8242-f07309dbc244-scaled.jpg","type":"image\/jpeg"}],"author":"AdminCDE","twitter_card":"summary_large_image","twitter_creator":"@cdeualmeria","twitter_site":"@cdeualmeria","twitter_misc":{"Written by":"AdminCDE","Est. reading time":"2 minutes"},"schema":{"@context":"https:\/\/schema.org","@graph":[{"@type":"Article","@id":"https:\/\/www.cde.ual.es\/en\/north-macedonia-high-representative-vice-president-borrell-visited-skopje-to-discuss-eu-accession-and-consequences-of-aggression-against-ukraine\/#article","isPartOf":{"@id":"https:\/\/www.cde.ual.es\/en\/north-macedonia-high-representative-vice-president-borrell-visited-skopje-to-discuss-eu-accession-and-consequences-of-aggression-against-ukraine\/"},"author":{"name":"AdminCDE","@id":"https:\/\/www.cde.ual.es\/#\/schema\/person\/224ef08c8bcc005f319d2713ce37ee5f"},"headline":"North Macedonia: High Representative\/Vice-President Borrell visited Skopje to discuss EU accession and consequences of aggression against Ukraine","datePublished":"2022-03-16T08:42:53+00:00","mainEntityOfPage":{"@id":"https:\/\/www.cde.ual.es\/en\/north-macedonia-high-representative-vice-president-borrell-visited-skopje-to-discuss-eu-accession-and-consequences-of-aggression-against-ukraine\/"},"wordCount":507,"commentCount":0,"publisher":{"@id":"https:\/\/www.cde.ual.es\/#organization"},"image":{"@id":"https:\/\/www.cde.ual.es\/en\/north-macedonia-high-representative-vice-president-borrell-visited-skopje-to-discuss-eu-accession-and-consequences-of-aggression-against-ukraine\/#primaryimage"},"thumbnailUrl":"https:\/\/www.cde.ual.es\/wp-content\/uploads\/2022\/03\/27bfa6b1-4c17-48da-8242-f07309dbc244-scaled.jpg","articleSection":["Defence &amp; Security","EU News","International Safety and Defence Politics"],"inLanguage":"en-US","potentialAction":[{"@type":"CommentAction","name":"Comment","target":["https:\/\/www.cde.ual.es\/en\/north-macedonia-high-representative-vice-president-borrell-visited-skopje-to-discuss-eu-accession-and-consequences-of-aggression-against-ukraine\/#respond"]}]},{"@type":"WebPage","@id":"https:\/\/www.cde.ual.es\/en\/north-macedonia-high-representative-vice-president-borrell-visited-skopje-to-discuss-eu-accession-and-consequences-of-aggression-against-ukraine\/","url":"https:\/\/www.cde.ual.es\/en\/north-macedonia-high-representative-vice-president-borrell-visited-skopje-to-discuss-eu-accession-and-consequences-of-aggression-against-ukraine\/","name":"North Macedonia: High Representative\/Vice-President Borrell visited Skopje to discuss EU accession and consequences of aggression against Ukraine | CDE Almer\u00eda - Centro de Documentaci\u00f3n Europea - Universidad de Almer\u00eda","isPartOf":{"@id":"https:\/\/www.cde.ual.es\/#website"},"primaryImageOfPage":{"@id":"https:\/\/www.cde.ual.es\/en\/north-macedonia-high-representative-vice-president-borrell-visited-skopje-to-discuss-eu-accession-and-consequences-of-aggression-against-ukraine\/#primaryimage"},"image":{"@id":"https:\/\/www.cde.ual.es\/en\/north-macedonia-high-representative-vice-president-borrell-visited-skopje-to-discuss-eu-accession-and-consequences-of-aggression-against-ukraine\/#primaryimage"},"thumbnailUrl":"https:\/\/www.cde.ual.es\/wp-content\/uploads\/2022\/03\/27bfa6b1-4c17-48da-8242-f07309dbc244-scaled.jpg","datePublished":"2022-03-16T08:42:53+00:00","breadcrumb":{"@id":"https:\/\/www.cde.ual.es\/en\/north-macedonia-high-representative-vice-president-borrell-visited-skopje-to-discuss-eu-accession-and-consequences-of-aggression-against-ukraine\/#breadcrumb"},"inLanguage":"en-US","potentialAction":[{"@type":"ReadAction","target":["https:\/\/www.cde.ual.es\/en\/north-macedonia-high-representative-vice-president-borrell-visited-skopje-to-discuss-eu-accession-and-consequences-of-aggression-against-ukraine\/"]}]},{"@type":"ImageObject","inLanguage":"en-US","@id":"https:\/\/www.cde.ual.es\/en\/north-macedonia-high-representative-vice-president-borrell-visited-skopje-to-discuss-eu-accession-and-consequences-of-aggression-against-ukraine\/#primaryimage","url":"https:\/\/www.cde.ual.es\/wp-content\/uploads\/2022\/03\/27bfa6b1-4c17-48da-8242-f07309dbc244-scaled.jpg","contentUrl":"https:\/\/www.cde.ual.es\/wp-content\/uploads\/2022\/03\/27bfa6b1-4c17-48da-8242-f07309dbc244-scaled.jpg","width":2560,"height":1707,"caption":"Josep Borrell High Representative of the Union for Foreign Affairs and Security Policy shake hand with Stevo Pendarovski, President of North Macedonia in Skopje ,on his visit to North Macedonia on 14 March 2022"},{"@type":"BreadcrumbList","@id":"https:\/\/www.cde.ual.es\/en\/north-macedonia-high-representative-vice-president-borrell-visited-skopje-to-discuss-eu-accession-and-consequences-of-aggression-against-ukraine\/#breadcrumb","itemListElement":[{"@type":"ListItem","position":1,"name":"Inicio","item":"https:\/\/www.cde.ual.es\/en\/"},{"@type":"ListItem","position":2,"name":"EU News","item":"https:\/\/www.cde.ual.es\/en\/category\/eu-news\/"},{"@type":"ListItem","position":3,"name":"Defence &amp; Security","item":"https:\/\/www.cde.ual.es\/en\/category\/eu-news\/defence-security\/"},{"@type":"ListItem","position":4,"name":"International Safety and Defence Politics","item":"https:\/\/www.cde.ual.es\/en\/category\/eu-news\/defence-security\/internat-safety-pol\/"},{"@type":"ListItem","position":5,"name":"North Macedonia: High Representative\/Vice-President Borrell visited Skopje to discuss EU accession and consequences of aggression against Ukraine"}]},{"@type":"WebSite","@id":"https:\/\/www.cde.ual.es\/#website","url":"https:\/\/www.cde.ual.es\/","name":"CDE Almer\u00eda - Centro de Documentaci\u00f3n Europea - Universidad de Almer\u00eda","description":"Centro de Documentaci\u00f3n Europea de la Universidad de Almer\u00eda","publisher":{"@id":"https:\/\/www.cde.ual.es\/#organization"},"alternateName":"CDE Almer\u00eda","potentialAction":[{"@type":"SearchAction","target":{"@type":"EntryPoint","urlTemplate":"https:\/\/www.cde.ual.es\/?s={search_term_string}"},"query-input":{"@type":"PropertyValueSpecification","valueRequired":true,"valueName":"search_term_string"}}],"inLanguage":"en-US"},{"@type":"Organization","@id":"https:\/\/www.cde.ual.es\/#organization","name":"Centro de Documentaci\u00f3n Europea de Almer\u00eda","url":"https:\/\/www.cde.ual.es\/","logo":{"@type":"ImageObject","inLanguage":"en-US","@id":"https:\/\/www.cde.ual.es\/#\/schema\/logo\/image\/","url":"https:\/\/www.cde.ual.es\/wp-content\/uploads\/2025\/07\/cde-logo-3.png","contentUrl":"https:\/\/www.cde.ual.es\/wp-content\/uploads\/2025\/07\/cde-logo-3.png","width":1400,"height":300,"caption":"Centro de Documentaci\u00f3n Europea de Almer\u00eda"},"image":{"@id":"https:\/\/www.cde.ual.es\/#\/schema\/logo\/image\/"},"sameAs":["https:\/\/www.facebook.com\/cdeuniversidadalmeria\/","https:\/\/x.com\/cdeualmeria","https:\/\/www.tiktok.com\/@cdealmeria","https:\/\/www.instagram.com\/cdealmeria\/","https:\/\/www.linkedin.com\/in\/cde-almera-812b26a9\/"]},{"@type":"Person","@id":"https:\/\/www.cde.ual.es\/#\/schema\/person\/224ef08c8bcc005f319d2713ce37ee5f","name":"AdminCDE","image":{"@type":"ImageObject","inLanguage":"en-US","@id":"https:\/\/secure.gravatar.com\/avatar\/a72d038d371f995cd13706fac32274b7952a52e8fb0a84b5f80c85426f2a98a8?s=96&d=mm&r=g","url":"https:\/\/secure.gravatar.com\/avatar\/a72d038d371f995cd13706fac32274b7952a52e8fb0a84b5f80c85426f2a98a8?s=96&d=mm&r=g","contentUrl":"https:\/\/secure.gravatar.com\/avatar\/a72d038d371f995cd13706fac32274b7952a52e8fb0a84b5f80c85426f2a98a8?s=96&d=mm&r=g","caption":"AdminCDE"}}]}},"_links":{"self":[{"href":"https:\/\/www.cde.ual.es\/en\/wp-json\/wp\/v2\/posts\/99082","targetHints":{"allow":["GET"]}}],"collection":[{"href":"https:\/\/www.cde.ual.es\/en\/wp-json\/wp\/v2\/posts"}],"about":[{"href":"https:\/\/www.cde.ual.es\/en\/wp-json\/wp\/v2\/types\/post"}],"author":[{"embeddable":true,"href":"https:\/\/www.cde.ual.es\/en\/wp-json\/wp\/v2\/users\/1"}],"replies":[{"embeddable":true,"href":"https:\/\/www.cde.ual.es\/en\/wp-json\/wp\/v2\/comments?post=99082"}],"version-history":[{"count":0,"href":"https:\/\/www.cde.ual.es\/en\/wp-json\/wp\/v2\/posts\/99082\/revisions"}],"wp:featuredmedia":[{"embeddable":true,"href":"https:\/\/www.cde.ual.es\/en\/wp-json\/wp\/v2\/media\/99083"}],"wp:attachment":[{"href":"https:\/\/www.cde.ual.es\/en\/wp-json\/wp\/v2\/media?parent=99082"}],"wp:term":[{"taxonomy":"category","embeddable":true,"href":"https:\/\/www.cde.ual.es\/en\/wp-json\/wp\/v2\/categories?post=99082"},{"taxonomy":"post_tag","embeddable":true,"href":"https:\/\/www.cde.ual.es\/en\/wp-json\/wp\/v2\/tags?post=99082"}],"curies":[{"name":"wp","href":"https:\/\/api.w.org\/{rel}","templated":true}]}}