{"id":99041,"date":"2022-03-15T10:12:30","date_gmt":"2022-03-15T09:12:30","guid":{"rendered":"https:\/\/www.cde.ual.es\/?p=99041"},"modified":"2022-03-15T10:12:30","modified_gmt":"2022-03-15T09:12:30","slug":"russias-military-aggression-against-ukraine-fourth-eu-package-of-sectoral-and-individual-measures","status":"publish","type":"post","link":"https:\/\/www.cde.ual.es\/en\/russias-military-aggression-against-ukraine-fourth-eu-package-of-sectoral-and-individual-measures\/","title":{"rendered":"Russia\u2019s military aggression against Ukraine: fourth EU package of sectoral and individual measures"},"content":{"rendered":"<div class=\"col-md-9 council-left-content-basic council-main-title\">\n<div class=\"padding-bottom-0 margin-bottom-20 no-bb\">\n<h4>Russia\u2019s military aggression against Ukraine: fourth EU package of sectoral and individual measures<\/h4>\n<p>Following up on the informal meeting of the EU heads of state and government on 10-11 March, the Council today decided to impose a fourth package of economic and individual sanctions in respect of Russia\u2019s military aggression against Ukraine.<\/p>\n<\/div>\n<\/div>\n<div class=\"col-md-9 council-left-content-basic council-flexify\"><img decoding=\"async\" class=\"alignleft\" src=\"https:\/\/www.consilium.europa.eu\/media\/53987\/jb-meeting-24-jan.jpg\" alt=\"Josep Borrell, High Representative for Foreign Affairs and Security Policy\" width=\"155\" height=\"155\" \/><\/p>\n<div class=\"quote_txt\">\n<p>As President Putin\u2019s war against Ukrainian people continues, so does our resolve to support Ukraine and cripple the financing of Kremlin\u2019s war machinery. This fourth package of sanctions is another major blow to the economic and logistic base upon which Russia relies on to carry out the invasion of Ukraine. The aim of the sanctions is that President Putin stops this inhuman and senseless war.<\/p>\n<\/div>\n<div class=\"quote_txt\"><cite title=\"Josep Borrell, High Representative for Foreign Affairs and Security Policy\">Josep Borrell, High Representative for Foreign Affairs and Security Policy<\/cite><\/div>\n<p>The Council decided in particular to:<\/p>\n<ul>\n<li><strong>prohibit all transactions with certain state-owned enterprises<\/strong>,<\/li>\n<li><strong>prohibit<\/strong>\u00a0the provision of any\u00a0<strong>credit rating services<\/strong>, as well as access to any subscription services in relation to credit rating activities, to any Russian person or entity,<\/li>\n<li><strong>expand the list of persons\u00a0<\/strong>connected to Russia\u2019s defence and industrial base,\u00a0<strong>on whom<\/strong>\u00a0<strong>tighter<\/strong><strong>\u00a0export restrictions are imposed regarding dual-use goods<\/strong>\u00a0and goods and technology which might contribute to Russia\u2019s technological enhancement of its defence and security sector,<\/li>\n<li><strong>prohibit new investments in the Russian<\/strong>\u00a0<strong>energy sector<\/strong>, as well as a to introduce a comprehensive\u00a0<strong>export restriction<\/strong>\u00a0on equipment, technology and services for the energy industry,<\/li>\n<\/ul>\n<ul>\n<li>introduce further\u00a0<strong>trade restrictions<\/strong>\u00a0concerning\u00a0<strong>iron and steel<\/strong>, as well as\u00a0<strong>luxury goods<\/strong>.<\/li>\n<\/ul>\n<p>Furthermore, the Council decided sanction\u00a0<strong>key oligarchs<\/strong>,\u00a0<strong>lobbyist and<\/strong>\u00a0<strong>propagandists\u00a0<\/strong>pushing the Kremlin\u2019s narrative on the situation in Ukraine as well as\u00a0<strong>key<\/strong>\u00a0<strong>companies in the aviation, military and dual use, shipbuilding and machine building sectors.<\/strong><\/p>\n<h4>Statement in the WTO context<\/h4>\n<p>Separately, the Council gave a green light to the Commission to join, on behalf of the EU,\u00a0<strong>a plurilateral statement<\/strong>\u00a0on aggression by the Russian Federation against Ukraine with the support of Belarus, that is expected to be issued in the context of the\u00a0<strong>World Trade Organization<\/strong>\u00a0(WTO). Like other WTO Members that are to co-sponsor that statement, the EU confirms its readiness to take any actions that are considered necessary to protect our essential security interests. These may include actions in support of Ukraine, or actions to suspend concessions or other obligations with respect to the Russian Federation, such as the\u00a0<strong>suspension of most-favoured-nation treatment\u00a0<\/strong>to products and services of the Russian Federation. Furthermore, in light of\u00a0<strong>Belarus\u2019<\/strong>\u00a0material support to the actions of the Russian Federation, the EU considers that its<strong>\u00a0WTO accession process is to be suspended<\/strong>.<\/p>\n<p>Russia\u2019s unprovoked and unjustified military aggression against Ukraine grossly violates international law and the principles of the UN Charter and undermines European and global security and stability. It is inflicting unspeakable suffering on the Ukrainian population. Russia, and its accomplice Belarus, bear full responsibility for this war of aggression and those responsible will be held to account for their crimes, including for indiscriminately targeting civilians and civilian objects.<\/p>\n<p>The European Union demands that Russia ceases its military action and withdraws all forces and military equipment from the entire territory of Ukraine immediately and unconditionally, and fully respects Ukraine\u2019s territorial integrity, sovereignty and independence within its internationally recognised borders.<\/p>\n<p>The relevant legal acts will soon be published in the Official Journal.<\/p>\n<ul class=\"council-link-list padding-bottom-20\">\n<li><a class=\"\" title=\"EU restrictive measures in response to the crisis in Ukraine (background information)\" href=\"https:\/\/www.consilium.europa.eu\/es\/policies\/sanctions\/restrictive-measures-ukraine-crisis\/\">EU restrictive measures in response to the crisis in Ukraine (background information)<\/a><\/li>\n<li><a class=\"\" title=\"Statement of the heads of state or government, meeting in Versailles, on the Russian military aggression against Ukraine, 10 March 2022\" href=\"https:\/\/www.consilium.europa.eu\/es\/press\/press-releases\/2022\/03\/11\/statement-of-the-heads-of-state-or-government-on-the-russian-aggression-against-ukraine-10-03-2022\/\">Statement of the heads of state or government, meeting in Versailles, on the Russian military aggression against Ukraine, 10 March 2022<\/a><\/li>\n<li><a class=\"\" title=\"European Council conclusions, 24 February 2022\" href=\"https:\/\/www.consilium.europa.eu\/es\/press\/press-releases\/2022\/02\/24\/european-council-conclusions-24-february-2022\/\">European Council conclusions, 24 February 2022<\/a><\/li>\n<li><a class=\"\" title=\"Ukraine: Declaration by the High Representative on behalf of the European Union on the invasion of Ukraine by armed forces of the Russian Federation, 24 February 2022\" href=\"https:\/\/www.consilium.europa.eu\/es\/press\/press-releases\/2022\/02\/24\/ukraine-declaration-by-the-high-representative-on-behalf-of-the-european-union-on-the-invasion-of-ukraine-by-armed-forces-of-the-russian-federation\/\">Ukraine: Declaration by the High Representative on behalf of the European Union on the invasion of Ukraine by armed forces of the Russian Federation, 24 February 2022<\/a><\/li>\n<\/ul>\n<p><strong><a href=\"https:\/\/www.consilium.europa.eu\/es\/press\/press-releases\/2022\/03\/15\/russia-s-military-aggression-against-ukraine-fourth-eu-package-of-sectoral-and-individual-measures\/\">More information: European Council &#8211; Press release<\/a><\/strong><\/p>\n<\/div>\n","protected":false},"excerpt":{"rendered":"<p>Russia\u2019s military aggression against Ukraine: fourth EU package of sectoral and individual measures Following up on the informal meeting of the EU heads of state and government on 10-11 March, the Council today decided to impose a fourth package of economic and individual sanctions in respect of Russia\u2019s military aggression against Ukraine. As President Putin\u2019s [&hellip;]<\/p>\n","protected":false},"author":1,"featured_media":98774,"comment_status":"open","ping_status":"open","sticky":false,"template":"","format":"standard","meta":{"_acf_changed":false,"_relevanssi_hide_post":"","_relevanssi_hide_content":"","_relevanssi_pin_for_all":"","_relevanssi_pin_keywords":"","_relevanssi_unpin_keywords":"","_relevanssi_related_keywords":"","_relevanssi_related_include_ids":"","_relevanssi_related_exclude_ids":"","_relevanssi_related_no_append":"","_relevanssi_related_not_related":"","_relevanssi_related_posts":"","_relevanssi_noindex_reason":"","_monsterinsights_skip_tracking":false,"_monsterinsights_sitenote_active":false,"_monsterinsights_sitenote_note":"","_monsterinsights_sitenote_category":0,"_genesis_hide_title":false,"_genesis_hide_breadcrumbs":false,"_genesis_hide_singular_image":false,"_genesis_hide_footer_widgets":false,"_genesis_custom_body_class":"","_genesis_custom_post_class":"","_genesis_layout":"","footnotes":""},"categories":[4075,346,4078],"tags":[],"class_list":{"0":"post-99041","1":"post","2":"type-post","3":"status-publish","4":"format-standard","5":"has-post-thumbnail","7":"category-defence-security","8":"category-eu-news","9":"category-internat-safety-pol","10":"entry"},"acf":[],"yoast_head":"<!-- This site is optimized with the Yoast SEO plugin v27.5 - https:\/\/yoast.com\/product\/yoast-seo-wordpress\/ -->\n<title>Russia\u2019s military aggression against Ukraine: fourth EU package of sectoral and individual measures | CDE Almer\u00eda - Centro de Documentaci\u00f3n Europea - Universidad de Almer\u00eda<\/title>\n<meta name=\"robots\" content=\"index, follow, max-snippet:-1, max-image-preview:large, max-video-preview:-1\" \/>\n<link rel=\"canonical\" href=\"https:\/\/www.cde.ual.es\/en\/russias-military-aggression-against-ukraine-fourth-eu-package-of-sectoral-and-individual-measures\/\" \/>\n<meta property=\"og:locale\" content=\"en_US\" \/>\n<meta property=\"og:type\" content=\"article\" \/>\n<meta property=\"og:title\" content=\"Russia\u2019s military aggression against Ukraine: fourth EU package of sectoral and individual measures | CDE Almer\u00eda - Centro de Documentaci\u00f3n Europea - Universidad de Almer\u00eda\" \/>\n<meta property=\"og:description\" content=\"Russia\u2019s military aggression against Ukraine: fourth EU package of sectoral and individual measures Following up on the informal meeting of the EU heads of state and government on 10-11 March, the Council today decided to impose a fourth package of economic and individual sanctions in respect of Russia\u2019s military aggression against Ukraine. As President Putin\u2019s [&hellip;]\" \/>\n<meta property=\"og:url\" content=\"https:\/\/www.cde.ual.es\/en\/russias-military-aggression-against-ukraine-fourth-eu-package-of-sectoral-and-individual-measures\/\" \/>\n<meta property=\"og:site_name\" content=\"CDE Almer\u00eda - Centro de Documentaci\u00f3n Europea - Universidad de Almer\u00eda\" \/>\n<meta property=\"article:publisher\" content=\"https:\/\/www.facebook.com\/cdeuniversidadalmeria\/\" \/>\n<meta property=\"article:published_time\" content=\"2022-03-15T09:12:30+00:00\" \/>\n<meta property=\"og:image\" content=\"https:\/\/www.cde.ual.es\/wp-content\/uploads\/2022\/03\/jb-meeting-24-jan-1.jpg\" \/>\n\t<meta property=\"og:image:width\" content=\"2443\" \/>\n\t<meta property=\"og:image:height\" content=\"2443\" \/>\n\t<meta property=\"og:image:type\" content=\"image\/jpeg\" \/>\n<meta name=\"author\" content=\"AdminCDE\" \/>\n<meta name=\"twitter:card\" content=\"summary_large_image\" \/>\n<meta name=\"twitter:creator\" content=\"@cdeualmeria\" \/>\n<meta name=\"twitter:site\" content=\"@cdeualmeria\" \/>\n<meta name=\"twitter:label1\" content=\"Written by\" \/>\n\t<meta name=\"twitter:data1\" content=\"AdminCDE\" \/>\n\t<meta name=\"twitter:label2\" content=\"Est. reading time\" \/>\n\t<meta name=\"twitter:data2\" content=\"4 minutes\" \/>\n<script type=\"application\/ld+json\" class=\"yoast-schema-graph\">{\"@context\":\"https:\\\/\\\/schema.org\",\"@graph\":[{\"@type\":\"Article\",\"@id\":\"https:\\\/\\\/www.cde.ual.es\\\/en\\\/russias-military-aggression-against-ukraine-fourth-eu-package-of-sectoral-and-individual-measures\\\/#article\",\"isPartOf\":{\"@id\":\"https:\\\/\\\/www.cde.ual.es\\\/en\\\/russias-military-aggression-against-ukraine-fourth-eu-package-of-sectoral-and-individual-measures\\\/\"},\"author\":{\"name\":\"AdminCDE\",\"@id\":\"https:\\\/\\\/www.cde.ual.es\\\/#\\\/schema\\\/person\\\/224ef08c8bcc005f319d2713ce37ee5f\"},\"headline\":\"Russia\u2019s military aggression against Ukraine: fourth EU package of sectoral and individual measures\",\"datePublished\":\"2022-03-15T09:12:30+00:00\",\"mainEntityOfPage\":{\"@id\":\"https:\\\/\\\/www.cde.ual.es\\\/en\\\/russias-military-aggression-against-ukraine-fourth-eu-package-of-sectoral-and-individual-measures\\\/\"},\"wordCount\":638,\"commentCount\":0,\"publisher\":{\"@id\":\"https:\\\/\\\/www.cde.ual.es\\\/#organization\"},\"image\":{\"@id\":\"https:\\\/\\\/www.cde.ual.es\\\/en\\\/russias-military-aggression-against-ukraine-fourth-eu-package-of-sectoral-and-individual-measures\\\/#primaryimage\"},\"thumbnailUrl\":\"https:\\\/\\\/www.cde.ual.es\\\/wp-content\\\/uploads\\\/2022\\\/03\\\/jb-meeting-24-jan-1.jpg\",\"articleSection\":[\"Defence &amp; Security\",\"EU News\",\"International Safety and Defence Politics\"],\"inLanguage\":\"en-US\",\"potentialAction\":[{\"@type\":\"CommentAction\",\"name\":\"Comment\",\"target\":[\"https:\\\/\\\/www.cde.ual.es\\\/en\\\/russias-military-aggression-against-ukraine-fourth-eu-package-of-sectoral-and-individual-measures\\\/#respond\"]}]},{\"@type\":\"WebPage\",\"@id\":\"https:\\\/\\\/www.cde.ual.es\\\/en\\\/russias-military-aggression-against-ukraine-fourth-eu-package-of-sectoral-and-individual-measures\\\/\",\"url\":\"https:\\\/\\\/www.cde.ual.es\\\/en\\\/russias-military-aggression-against-ukraine-fourth-eu-package-of-sectoral-and-individual-measures\\\/\",\"name\":\"Russia\u2019s military aggression against Ukraine: fourth EU package of sectoral and individual measures | CDE Almer\u00eda - Centro de Documentaci\u00f3n Europea - Universidad de Almer\u00eda\",\"isPartOf\":{\"@id\":\"https:\\\/\\\/www.cde.ual.es\\\/#website\"},\"primaryImageOfPage\":{\"@id\":\"https:\\\/\\\/www.cde.ual.es\\\/en\\\/russias-military-aggression-against-ukraine-fourth-eu-package-of-sectoral-and-individual-measures\\\/#primaryimage\"},\"image\":{\"@id\":\"https:\\\/\\\/www.cde.ual.es\\\/en\\\/russias-military-aggression-against-ukraine-fourth-eu-package-of-sectoral-and-individual-measures\\\/#primaryimage\"},\"thumbnailUrl\":\"https:\\\/\\\/www.cde.ual.es\\\/wp-content\\\/uploads\\\/2022\\\/03\\\/jb-meeting-24-jan-1.jpg\",\"datePublished\":\"2022-03-15T09:12:30+00:00\",\"breadcrumb\":{\"@id\":\"https:\\\/\\\/www.cde.ual.es\\\/en\\\/russias-military-aggression-against-ukraine-fourth-eu-package-of-sectoral-and-individual-measures\\\/#breadcrumb\"},\"inLanguage\":\"en-US\",\"potentialAction\":[{\"@type\":\"ReadAction\",\"target\":[\"https:\\\/\\\/www.cde.ual.es\\\/en\\\/russias-military-aggression-against-ukraine-fourth-eu-package-of-sectoral-and-individual-measures\\\/\"]}]},{\"@type\":\"ImageObject\",\"inLanguage\":\"en-US\",\"@id\":\"https:\\\/\\\/www.cde.ual.es\\\/en\\\/russias-military-aggression-against-ukraine-fourth-eu-package-of-sectoral-and-individual-measures\\\/#primaryimage\",\"url\":\"https:\\\/\\\/www.cde.ual.es\\\/wp-content\\\/uploads\\\/2022\\\/03\\\/jb-meeting-24-jan-1.jpg\",\"contentUrl\":\"https:\\\/\\\/www.cde.ual.es\\\/wp-content\\\/uploads\\\/2022\\\/03\\\/jb-meeting-24-jan-1.jpg\",\"width\":2443,\"height\":2443},{\"@type\":\"BreadcrumbList\",\"@id\":\"https:\\\/\\\/www.cde.ual.es\\\/en\\\/russias-military-aggression-against-ukraine-fourth-eu-package-of-sectoral-and-individual-measures\\\/#breadcrumb\",\"itemListElement\":[{\"@type\":\"ListItem\",\"position\":1,\"name\":\"Inicio\",\"item\":\"https:\\\/\\\/www.cde.ual.es\\\/en\\\/\"},{\"@type\":\"ListItem\",\"position\":2,\"name\":\"EU News\",\"item\":\"https:\\\/\\\/www.cde.ual.es\\\/en\\\/category\\\/eu-news\\\/\"},{\"@type\":\"ListItem\",\"position\":3,\"name\":\"Defence &amp; Security\",\"item\":\"https:\\\/\\\/www.cde.ual.es\\\/en\\\/category\\\/eu-news\\\/defence-security\\\/\"},{\"@type\":\"ListItem\",\"position\":4,\"name\":\"International Safety and Defence Politics\",\"item\":\"https:\\\/\\\/www.cde.ual.es\\\/en\\\/category\\\/eu-news\\\/defence-security\\\/internat-safety-pol\\\/\"},{\"@type\":\"ListItem\",\"position\":5,\"name\":\"Russia\u2019s military aggression against Ukraine: fourth EU package of sectoral and individual measures\"}]},{\"@type\":\"WebSite\",\"@id\":\"https:\\\/\\\/www.cde.ual.es\\\/#website\",\"url\":\"https:\\\/\\\/www.cde.ual.es\\\/\",\"name\":\"CDE Almer\u00eda - Centro de Documentaci\u00f3n Europea - Universidad de Almer\u00eda\",\"description\":\"Centro de Documentaci\u00f3n Europea de la Universidad de Almer\u00eda\",\"publisher\":{\"@id\":\"https:\\\/\\\/www.cde.ual.es\\\/#organization\"},\"alternateName\":\"CDE Almer\u00eda\",\"potentialAction\":[{\"@type\":\"SearchAction\",\"target\":{\"@type\":\"EntryPoint\",\"urlTemplate\":\"https:\\\/\\\/www.cde.ual.es\\\/?s={search_term_string}\"},\"query-input\":{\"@type\":\"PropertyValueSpecification\",\"valueRequired\":true,\"valueName\":\"search_term_string\"}}],\"inLanguage\":\"en-US\"},{\"@type\":\"Organization\",\"@id\":\"https:\\\/\\\/www.cde.ual.es\\\/#organization\",\"name\":\"Centro de Documentaci\u00f3n Europea de Almer\u00eda\",\"url\":\"https:\\\/\\\/www.cde.ual.es\\\/\",\"logo\":{\"@type\":\"ImageObject\",\"inLanguage\":\"en-US\",\"@id\":\"https:\\\/\\\/www.cde.ual.es\\\/#\\\/schema\\\/logo\\\/image\\\/\",\"url\":\"https:\\\/\\\/www.cde.ual.es\\\/wp-content\\\/uploads\\\/2025\\\/07\\\/cde-logo-3.png\",\"contentUrl\":\"https:\\\/\\\/www.cde.ual.es\\\/wp-content\\\/uploads\\\/2025\\\/07\\\/cde-logo-3.png\",\"width\":1400,\"height\":300,\"caption\":\"Centro de Documentaci\u00f3n Europea de Almer\u00eda\"},\"image\":{\"@id\":\"https:\\\/\\\/www.cde.ual.es\\\/#\\\/schema\\\/logo\\\/image\\\/\"},\"sameAs\":[\"https:\\\/\\\/www.facebook.com\\\/cdeuniversidadalmeria\\\/\",\"https:\\\/\\\/x.com\\\/cdeualmeria\",\"https:\\\/\\\/www.tiktok.com\\\/@cdealmeria\",\"https:\\\/\\\/www.instagram.com\\\/cdealmeria\\\/\",\"https:\\\/\\\/www.linkedin.com\\\/in\\\/cde-almera-812b26a9\\\/\"]},{\"@type\":\"Person\",\"@id\":\"https:\\\/\\\/www.cde.ual.es\\\/#\\\/schema\\\/person\\\/224ef08c8bcc005f319d2713ce37ee5f\",\"name\":\"AdminCDE\",\"image\":{\"@type\":\"ImageObject\",\"inLanguage\":\"en-US\",\"@id\":\"https:\\\/\\\/secure.gravatar.com\\\/avatar\\\/a72d038d371f995cd13706fac32274b7952a52e8fb0a84b5f80c85426f2a98a8?s=96&d=mm&r=g\",\"url\":\"https:\\\/\\\/secure.gravatar.com\\\/avatar\\\/a72d038d371f995cd13706fac32274b7952a52e8fb0a84b5f80c85426f2a98a8?s=96&d=mm&r=g\",\"contentUrl\":\"https:\\\/\\\/secure.gravatar.com\\\/avatar\\\/a72d038d371f995cd13706fac32274b7952a52e8fb0a84b5f80c85426f2a98a8?s=96&d=mm&r=g\",\"caption\":\"AdminCDE\"}}]}<\/script>\n<!-- \/ Yoast SEO plugin. -->","yoast_head_json":{"title":"Russia\u2019s military aggression against Ukraine: fourth EU package of sectoral and individual measures | CDE Almer\u00eda - Centro de Documentaci\u00f3n Europea - Universidad de Almer\u00eda","robots":{"index":"index","follow":"follow","max-snippet":"max-snippet:-1","max-image-preview":"max-image-preview:large","max-video-preview":"max-video-preview:-1"},"canonical":"https:\/\/www.cde.ual.es\/en\/russias-military-aggression-against-ukraine-fourth-eu-package-of-sectoral-and-individual-measures\/","og_locale":"en_US","og_type":"article","og_title":"Russia\u2019s military aggression against Ukraine: fourth EU package of sectoral and individual measures | CDE Almer\u00eda - Centro de Documentaci\u00f3n Europea - Universidad de Almer\u00eda","og_description":"Russia\u2019s military aggression against Ukraine: fourth EU package of sectoral and individual measures Following up on the informal meeting of the EU heads of state and government on 10-11 March, the Council today decided to impose a fourth package of economic and individual sanctions in respect of Russia\u2019s military aggression against Ukraine. As President Putin\u2019s [&hellip;]","og_url":"https:\/\/www.cde.ual.es\/en\/russias-military-aggression-against-ukraine-fourth-eu-package-of-sectoral-and-individual-measures\/","og_site_name":"CDE Almer\u00eda - Centro de Documentaci\u00f3n Europea - Universidad de Almer\u00eda","article_publisher":"https:\/\/www.facebook.com\/cdeuniversidadalmeria\/","article_published_time":"2022-03-15T09:12:30+00:00","og_image":[{"width":2443,"height":2443,"url":"https:\/\/www.cde.ual.es\/wp-content\/uploads\/2022\/03\/jb-meeting-24-jan-1.jpg","type":"image\/jpeg"}],"author":"AdminCDE","twitter_card":"summary_large_image","twitter_creator":"@cdeualmeria","twitter_site":"@cdeualmeria","twitter_misc":{"Written by":"AdminCDE","Est. reading time":"4 minutes"},"schema":{"@context":"https:\/\/schema.org","@graph":[{"@type":"Article","@id":"https:\/\/www.cde.ual.es\/en\/russias-military-aggression-against-ukraine-fourth-eu-package-of-sectoral-and-individual-measures\/#article","isPartOf":{"@id":"https:\/\/www.cde.ual.es\/en\/russias-military-aggression-against-ukraine-fourth-eu-package-of-sectoral-and-individual-measures\/"},"author":{"name":"AdminCDE","@id":"https:\/\/www.cde.ual.es\/#\/schema\/person\/224ef08c8bcc005f319d2713ce37ee5f"},"headline":"Russia\u2019s military aggression against Ukraine: fourth EU package of sectoral and individual measures","datePublished":"2022-03-15T09:12:30+00:00","mainEntityOfPage":{"@id":"https:\/\/www.cde.ual.es\/en\/russias-military-aggression-against-ukraine-fourth-eu-package-of-sectoral-and-individual-measures\/"},"wordCount":638,"commentCount":0,"publisher":{"@id":"https:\/\/www.cde.ual.es\/#organization"},"image":{"@id":"https:\/\/www.cde.ual.es\/en\/russias-military-aggression-against-ukraine-fourth-eu-package-of-sectoral-and-individual-measures\/#primaryimage"},"thumbnailUrl":"https:\/\/www.cde.ual.es\/wp-content\/uploads\/2022\/03\/jb-meeting-24-jan-1.jpg","articleSection":["Defence &amp; Security","EU News","International Safety and Defence Politics"],"inLanguage":"en-US","potentialAction":[{"@type":"CommentAction","name":"Comment","target":["https:\/\/www.cde.ual.es\/en\/russias-military-aggression-against-ukraine-fourth-eu-package-of-sectoral-and-individual-measures\/#respond"]}]},{"@type":"WebPage","@id":"https:\/\/www.cde.ual.es\/en\/russias-military-aggression-against-ukraine-fourth-eu-package-of-sectoral-and-individual-measures\/","url":"https:\/\/www.cde.ual.es\/en\/russias-military-aggression-against-ukraine-fourth-eu-package-of-sectoral-and-individual-measures\/","name":"Russia\u2019s military aggression against Ukraine: fourth EU package of sectoral and individual measures | CDE Almer\u00eda - Centro de Documentaci\u00f3n Europea - Universidad de Almer\u00eda","isPartOf":{"@id":"https:\/\/www.cde.ual.es\/#website"},"primaryImageOfPage":{"@id":"https:\/\/www.cde.ual.es\/en\/russias-military-aggression-against-ukraine-fourth-eu-package-of-sectoral-and-individual-measures\/#primaryimage"},"image":{"@id":"https:\/\/www.cde.ual.es\/en\/russias-military-aggression-against-ukraine-fourth-eu-package-of-sectoral-and-individual-measures\/#primaryimage"},"thumbnailUrl":"https:\/\/www.cde.ual.es\/wp-content\/uploads\/2022\/03\/jb-meeting-24-jan-1.jpg","datePublished":"2022-03-15T09:12:30+00:00","breadcrumb":{"@id":"https:\/\/www.cde.ual.es\/en\/russias-military-aggression-against-ukraine-fourth-eu-package-of-sectoral-and-individual-measures\/#breadcrumb"},"inLanguage":"en-US","potentialAction":[{"@type":"ReadAction","target":["https:\/\/www.cde.ual.es\/en\/russias-military-aggression-against-ukraine-fourth-eu-package-of-sectoral-and-individual-measures\/"]}]},{"@type":"ImageObject","inLanguage":"en-US","@id":"https:\/\/www.cde.ual.es\/en\/russias-military-aggression-against-ukraine-fourth-eu-package-of-sectoral-and-individual-measures\/#primaryimage","url":"https:\/\/www.cde.ual.es\/wp-content\/uploads\/2022\/03\/jb-meeting-24-jan-1.jpg","contentUrl":"https:\/\/www.cde.ual.es\/wp-content\/uploads\/2022\/03\/jb-meeting-24-jan-1.jpg","width":2443,"height":2443},{"@type":"BreadcrumbList","@id":"https:\/\/www.cde.ual.es\/en\/russias-military-aggression-against-ukraine-fourth-eu-package-of-sectoral-and-individual-measures\/#breadcrumb","itemListElement":[{"@type":"ListItem","position":1,"name":"Inicio","item":"https:\/\/www.cde.ual.es\/en\/"},{"@type":"ListItem","position":2,"name":"EU News","item":"https:\/\/www.cde.ual.es\/en\/category\/eu-news\/"},{"@type":"ListItem","position":3,"name":"Defence &amp; Security","item":"https:\/\/www.cde.ual.es\/en\/category\/eu-news\/defence-security\/"},{"@type":"ListItem","position":4,"name":"International Safety and Defence Politics","item":"https:\/\/www.cde.ual.es\/en\/category\/eu-news\/defence-security\/internat-safety-pol\/"},{"@type":"ListItem","position":5,"name":"Russia\u2019s military aggression against Ukraine: fourth EU package of sectoral and individual measures"}]},{"@type":"WebSite","@id":"https:\/\/www.cde.ual.es\/#website","url":"https:\/\/www.cde.ual.es\/","name":"CDE Almer\u00eda - Centro de Documentaci\u00f3n Europea - Universidad de Almer\u00eda","description":"Centro de Documentaci\u00f3n Europea de la Universidad de Almer\u00eda","publisher":{"@id":"https:\/\/www.cde.ual.es\/#organization"},"alternateName":"CDE Almer\u00eda","potentialAction":[{"@type":"SearchAction","target":{"@type":"EntryPoint","urlTemplate":"https:\/\/www.cde.ual.es\/?s={search_term_string}"},"query-input":{"@type":"PropertyValueSpecification","valueRequired":true,"valueName":"search_term_string"}}],"inLanguage":"en-US"},{"@type":"Organization","@id":"https:\/\/www.cde.ual.es\/#organization","name":"Centro de Documentaci\u00f3n Europea de Almer\u00eda","url":"https:\/\/www.cde.ual.es\/","logo":{"@type":"ImageObject","inLanguage":"en-US","@id":"https:\/\/www.cde.ual.es\/#\/schema\/logo\/image\/","url":"https:\/\/www.cde.ual.es\/wp-content\/uploads\/2025\/07\/cde-logo-3.png","contentUrl":"https:\/\/www.cde.ual.es\/wp-content\/uploads\/2025\/07\/cde-logo-3.png","width":1400,"height":300,"caption":"Centro de Documentaci\u00f3n Europea de Almer\u00eda"},"image":{"@id":"https:\/\/www.cde.ual.es\/#\/schema\/logo\/image\/"},"sameAs":["https:\/\/www.facebook.com\/cdeuniversidadalmeria\/","https:\/\/x.com\/cdeualmeria","https:\/\/www.tiktok.com\/@cdealmeria","https:\/\/www.instagram.com\/cdealmeria\/","https:\/\/www.linkedin.com\/in\/cde-almera-812b26a9\/"]},{"@type":"Person","@id":"https:\/\/www.cde.ual.es\/#\/schema\/person\/224ef08c8bcc005f319d2713ce37ee5f","name":"AdminCDE","image":{"@type":"ImageObject","inLanguage":"en-US","@id":"https:\/\/secure.gravatar.com\/avatar\/a72d038d371f995cd13706fac32274b7952a52e8fb0a84b5f80c85426f2a98a8?s=96&d=mm&r=g","url":"https:\/\/secure.gravatar.com\/avatar\/a72d038d371f995cd13706fac32274b7952a52e8fb0a84b5f80c85426f2a98a8?s=96&d=mm&r=g","contentUrl":"https:\/\/secure.gravatar.com\/avatar\/a72d038d371f995cd13706fac32274b7952a52e8fb0a84b5f80c85426f2a98a8?s=96&d=mm&r=g","caption":"AdminCDE"}}]}},"_links":{"self":[{"href":"https:\/\/www.cde.ual.es\/en\/wp-json\/wp\/v2\/posts\/99041","targetHints":{"allow":["GET"]}}],"collection":[{"href":"https:\/\/www.cde.ual.es\/en\/wp-json\/wp\/v2\/posts"}],"about":[{"href":"https:\/\/www.cde.ual.es\/en\/wp-json\/wp\/v2\/types\/post"}],"author":[{"embeddable":true,"href":"https:\/\/www.cde.ual.es\/en\/wp-json\/wp\/v2\/users\/1"}],"replies":[{"embeddable":true,"href":"https:\/\/www.cde.ual.es\/en\/wp-json\/wp\/v2\/comments?post=99041"}],"version-history":[{"count":0,"href":"https:\/\/www.cde.ual.es\/en\/wp-json\/wp\/v2\/posts\/99041\/revisions"}],"wp:featuredmedia":[{"embeddable":true,"href":"https:\/\/www.cde.ual.es\/en\/wp-json\/wp\/v2\/media\/98774"}],"wp:attachment":[{"href":"https:\/\/www.cde.ual.es\/en\/wp-json\/wp\/v2\/media?parent=99041"}],"wp:term":[{"taxonomy":"category","embeddable":true,"href":"https:\/\/www.cde.ual.es\/en\/wp-json\/wp\/v2\/categories?post=99041"},{"taxonomy":"post_tag","embeddable":true,"href":"https:\/\/www.cde.ual.es\/en\/wp-json\/wp\/v2\/tags?post=99041"}],"curies":[{"name":"wp","href":"https:\/\/api.w.org\/{rel}","templated":true}]}}