{"id":99020,"date":"2022-03-14T09:39:18","date_gmt":"2022-03-14T08:39:18","guid":{"rendered":"https:\/\/www.cde.ual.es\/?p=99020"},"modified":"2022-03-15T09:39:40","modified_gmt":"2022-03-15T08:39:40","slug":"official-statements-regarding-the-situation-in-ukraine-iv","status":"publish","type":"post","link":"https:\/\/www.cde.ual.es\/en\/official-statements-regarding-the-situation-in-ukraine-iv\/","title":{"rendered":"Official statements regarding the situation in Ukraine (IV)"},"content":{"rendered":"<p><img decoding=\"async\" class=\"aligncenter\" src=\"https:\/\/www.cde.ual.es\/wp-content\/uploads\/2022\/02\/Ucrania.jpg\" \/><\/p>\n<p class=\"ep-wysiwig_paragraph\" style=\"text-align: center;\"><strong>The European Documentation Center of Almeria collects in this entry the latest news, meetings and institutional statements regarding the situation between Ukraine and Russia. To consult all the content of each news item, we suggest to follow the indicated links.<\/strong><\/p>\n<h3>March 10<\/h3>\n<p>&#8220;Two weeks ago Russia brought war back to Europe. Russia\u2019s unprovoked and unjustified military aggression against Ukraine grossly violates international law and the principles of the UN Charter and undermines European and global security and stability. It is inflicting unspeakable suffering on the Ukrainian population.&#8221;<\/p>\n<table style=\"width: 99.9988%; border-collapse: collapse; border-style: double; border-color: #001f7d;\" cellpadding=\"0,5\">\n<tbody>\n<tr>\n<td style=\"width: 100%;\"><a href=\"https:\/\/www.cde.ual.es\/en\/informal-meeting-of-heads-of-state-or-government-versailles-10-11-march-2022\/\" target=\"_blank\" rel=\"noopener\"><img decoding=\"async\" class=\"alignleft\" src=\"https:\/\/www.cde.ual.es\/wp-content\/uploads\/2022\/03\/versaille_summit_family_photo_hp-1024x577.jpg\" alt=\"\" width=\"148\" height=\"148\" \/><\/a><\/p>\n<h4 class=\"entry-title\"><a href=\"https:\/\/www.cde.ual.es\/en\/informal-meeting-of-heads-of-state-or-government-versailles-10-11-march-2022\/\" target=\"_blank\" rel=\"noopener\">Informal meeting of heads of state or government, Versailles, 10-11 March 2022<\/a><\/h4>\n<\/td>\n<\/tr>\n<\/tbody>\n<\/table>\n<h3>March 9<\/h3>\n<p>Following up on the restrictive measures adopted on 2 March in response to the involvement of Belarus in the unjustified and unprovoked Russian military aggression against Ukraine, and in view of the continued gravity of the situation, the Council today adopted additional sectoral measures targeting the\u00a0<strong>Belarusian financial sector<\/strong>.<\/p>\n<table style=\"width: 99.9988%; border-collapse: collapse; border-style: double; border-color: #001f7d;\" cellpadding=\"0,5\">\n<tbody>\n<tr>\n<td style=\"width: 100%;\"><a href=\"https:\/\/www.cde.ual.es\/en\/russias-military-aggression-against-ukraine-eu-agrees-new-sectoral-measures-targeting-belarus-and-russia\/\" target=\"_blank\" rel=\"noopener\"><img decoding=\"async\" class=\"alignleft\" src=\"https:\/\/www.consilium.europa.eu\/media\/53987\/jb-meeting-24-jan.jpg\" alt=\"\" width=\"148\" height=\"148\" \/><\/a><\/p>\n<h4 class=\"entry-title\"><a href=\"https:\/\/www.cde.ual.es\/en\/russias-military-aggression-against-ukraine-eu-agrees-new-sectoral-measures-targeting-belarus-and-russia\/\" target=\"_blank\" rel=\"noopener\">Russia\u2019s military aggression against Ukraine: EU agrees new sectoral measures targeting Belarus and Russia<\/a><\/h4>\n<\/td>\n<\/tr>\n<\/tbody>\n<\/table>\n<p>The Council decided to impose restrictive measures on an additional 160 individuals in respect of the ongoing unjustified and unprovoked Russian military aggression against Ukraine and of actions undermining or threatening the territorial integrity, sovereignty and independence of Ukraine.<\/p>\n<table style=\"width: 99.9988%; border-collapse: collapse; border-style: double; border-color: #001f7d;\" cellpadding=\"0,5\">\n<tbody>\n<tr>\n<td style=\"width: 100%;\"><a href=\"https:\/\/www.cde.ual.es\/la-ue-impone-medidas-restrictivas-a-160-personas-como-consecuencia-de-la-agresion-militar-de-rusia-contra-ucrania\/\" target=\"_blank\" rel=\"noopener\"><img decoding=\"async\" class=\"alignleft\" src=\"https:\/\/www.consilium.europa.eu\/media\/41992\/e9f50612-bda3-774a-9704-a12da0cf1379.jpg\" alt=\"\" width=\"148\" height=\"148\" \/><\/a><\/p>\n<h4 class=\"entry-title\"><a href=\"https:\/\/www.cde.ual.es\/la-ue-impone-medidas-restrictivas-a-160-personas-como-consecuencia-de-la-agresion-militar-de-rusia-contra-ucrania\/\" target=\"_blank\" rel=\"noopener\">EU imposes restrictive measures on 160 individuals as a consequence of Russia\u2019s military aggression against Ukraine<\/a><\/h4>\n<\/td>\n<\/tr>\n<\/tbody>\n<\/table>\n<p>Finland, Denmark, Iceland, Norway, Sweden and the European Union have condemned\u00a0in the\u00a0strongest possible terms\u00a0Russia\u2019s unprecedented military aggression against Ukraine.<\/p>\n<p>The Barents Euro-Arctic Council is built upon the Kirkenes Declaration of 1993, which states that \u201ccooperation in the Barents Euro-Arctic Region will contribute substantially to stability, progress, international peace and security in the area and in Europe as a whole, where partnership is now replacing the confrontation and division of the past\u201d.<\/p>\n<table style=\"width: 99.9988%; border-collapse: collapse; border-style: double; border-color: #001f7d;\" cellpadding=\"0,5\">\n<tbody>\n<tr>\n<td style=\"width: 100%;\"><a href=\"https:\/\/www.cde.ual.es\/en\/barents-euro-arctic-cooperation-joint-statement-of-the-european-union-finland-denmark-iceland-norway-and-sweden-on-suspending-activities-with-russia\/\" target=\"_blank\" rel=\"noopener\"><img decoding=\"async\" class=\"alignleft\" src=\"https:\/\/www.cde.ual.es\/wp-content\/uploads\/2022\/03\/Barents_Euro-Arctic_Council_Logo_png-768x454.png\" alt=\"\" width=\"201\" height=\"90\" \/><\/a><\/p>\n<h4 class=\"entry-title\"><a href=\"https:\/\/www.cde.ual.es\/en\/barents-euro-arctic-cooperation-joint-statement-of-the-european-union-finland-denmark-iceland-norway-and-sweden-on-suspending-activities-with-russia\/\" target=\"_blank\" rel=\"noopener\">Barents Euro-Arctic cooperation: Joint Statement of the European Union, Finland, Denmark, Iceland, Norway and Sweden on suspending activities with Russia<\/a><\/h4>\n<\/td>\n<\/tr>\n<\/tbody>\n<\/table>\n<h3>March 8<\/h3>\n<p>The European Union, Iceland and Norway have condemned in the strongest possible terms Russia&#8217;s unprecedented military aggression against Ukraine. By its unprovoked and unjustified military actions, Russia is grossly violating international law and undermining European and global security and stability. We have also condemned the involvement of Belarus in this aggression against Ukraine.<\/p>\n<table style=\"width: 99.9988%; border-collapse: collapse; border-style: double; border-color: #001f7d;\" cellpadding=\"0,5\">\n<tbody>\n<tr>\n<td style=\"width: 100%;\"><a href=\"https:\/\/www.cde.ual.es\/en\/northern-dimension-policy-joint-statement-by-the-european-union-iceland-and-norway-on-suspending-activities-with-russia-and-belarus\/\" target=\"_blank\" rel=\"noopener\"><img decoding=\"async\" class=\"alignleft\" src=\"https:\/\/www.cde.ual.es\/wp-content\/uploads\/2022\/03\/NDI-Policy-Brief-logo-jpeg-768x309-1.jpg\" alt=\"\" width=\"201\" height=\"90\" \/><\/a><\/p>\n<h4 class=\"entry-title\"><a href=\"https:\/\/www.cde.ual.es\/en\/northern-dimension-policy-joint-statement-by-the-european-union-iceland-and-norway-on-suspending-activities-with-russia-and-belarus\/\" target=\"_blank\" rel=\"noopener\">Northern Dimension Policy: Joint Statement by the European Union, Iceland and Norway on suspending activities with Russia and Belarus<\/a><\/h4>\n<\/td>\n<\/tr>\n<\/tbody>\n<\/table>\n<h3>March 7<\/h3>\n<div class=\"ep_gridcolumn ep-m_product\" data-view1200=\"6\" data-view1020=\"6\" data-view750=\"10\" data-view640=\"6\" data-view480=\"8\" data-view320=\"4\">\n<div class=\"ep_gridcolumn-content\">\n<div class=\"ep-a_text ep-layout_chapo\">\n<p>&#8220;We are witnessing how Russia\u2019s assault on Ukraine continues, and this assault painfully highlights why we need to pay more attention to foreign interference, and in particular to foreign disinformation and information manipulation. This poses a clear threat to our democracy, to our stability, to our security \u2013 and we need to address it.&#8221;<\/p>\n<table style=\"width: 99.9988%; border-collapse: collapse; border-style: double; border-color: #001f7d;\" cellpadding=\"0,5\">\n<tbody>\n<tr>\n<td style=\"width: 100%;\"><a href=\"https:\/\/www.cde.ual.es\/en\/disinformation-speech-by-high-representative-vice-president-josep-borrell-at-the-ep-debate\/\" target=\"_blank\" rel=\"noopener\"><img decoding=\"async\" class=\"alignleft\" src=\"https:\/\/www.cde.ual.es\/wp-content\/uploads\/2022\/03\/e235b4c9-8315-4efa-8294-774f398db276_16-9-discover-aspect-ratio_default_0.jpg\" alt=\"\" width=\"201\" height=\"90\" \/><\/a><\/p>\n<h4 class=\"entry-title\"><a href=\"https:\/\/www.cde.ual.es\/en\/disinformation-speech-by-high-representative-vice-president-josep-borrell-at-the-ep-debate\/\" target=\"_blank\" rel=\"noopener\">Disinformation: Speech by High Representative\/Vice-President Josep Borrell at the EP debate<\/a><\/h4>\n<\/td>\n<\/tr>\n<\/tbody>\n<\/table>\n<p>On March 7, EU High Representative for Foreign and Security Policy and Vice-President of the European Commission Josep Borrell spoke with Chinese State Councilor\/Foreign Minister Wang Yi. This was their second conversation since the start of Russia&#8217;s unprovoked and unjustified military invasion of Ukraine.<\/p>\n<table style=\"width: 99.9988%; border-collapse: collapse; border-style: double; border-color: #001f7d;\" cellpadding=\"0,5\">\n<tbody>\n<tr>\n<td style=\"width: 100%;\"><a href=\"https:\/\/www.cde.ual.es\/en\/china-high-representative-vice-president-borrell-spoke-to-the-state-councillor-foreign-minister-wang-yi\/\" target=\"_blank\" rel=\"noopener\"><img decoding=\"async\" class=\"alignleft\" src=\"https:\/\/www.cde.ual.es\/wp-content\/uploads\/2022\/03\/W020210717616559821859.jpg\" alt=\"\" width=\"201\" height=\"90\" \/><\/a><\/p>\n<h4 class=\"entry-title\"><a href=\"https:\/\/www.cde.ual.es\/en\/china-high-representative-vice-president-borrell-spoke-to-the-state-councillor-foreign-minister-wang-yi\/\" target=\"_blank\" rel=\"noopener\">China: High Representative\/Vice-President Borrell spoke to the State Councillor\/Foreign Minister Wang Yi<\/a><\/h4>\n<\/td>\n<\/tr>\n<\/tbody>\n<\/table>\n<p>&#8220;As you know, we already had three blunt sanctions packages, but now we have to make sure that there are no loopholes and that the effect of the sanctions is maximized. The sanctions in place are really blunt. We see the downward turbulence in the Russian economy. But in light of the evolving situation in Ukraine, the Kremlin&#8217;s recklessness with citizens &#8211; women, children, men &#8211; of course we are also working on other sanctions that may be justified.&#8221;<\/p>\n<table style=\"width: 99.9988%; border-collapse: collapse; border-style: double; border-color: #001f7d;\" cellpadding=\"0,5\">\n<tbody>\n<tr>\n<td style=\"width: 100%;\"><a href=\"https:\/\/www.cde.ual.es\/en\/statement-by-president-von-der-leyen-at-the-joint-press-conference-with-italian-prime-minister-draghi\/\" target=\"_blank\" rel=\"noopener\"><img decoding=\"async\" class=\"alignleft\" src=\"https:\/\/www.cde.ual.es\/wp-content\/uploads\/2022\/03\/vonderleyendraghi.png\" alt=\"\" width=\"201\" height=\"90\" \/><\/a><\/p>\n<h4 class=\"entry-title\"><a href=\"https:\/\/www.cde.ual.es\/en\/statement-by-president-von-der-leyen-at-the-joint-press-conference-with-italian-prime-minister-draghi\/\" target=\"_blank\" rel=\"noopener\">Statement by President von der Leyen at the joint press conference with Italian Prime Minister Draghi<\/a><\/h4>\n<\/td>\n<\/tr>\n<\/tbody>\n<\/table>\n<p>President Metsola called on the Russian authorities to free all anti-invasion peaceful protesters unjustly detained, at the opening of the plenary session in Strasbourg.<\/p>\n<\/div>\n<\/div>\n<\/div>\n<div class=\"ep_gridcolumn ep-m_product\" data-view1200=\"6\" data-view1020=\"6\" data-view750=\"10\" data-view640=\"6\" data-view480=\"8\" data-view320=\"4\">\n<div class=\"ep_gridcolumn-content\">\n<div class=\"ep-a_text\">\n<p class=\"ep-wysiwig_paragraph\">As the shelling of Ukraine continues unabated and the number of civilian casualties increases, President Metsola said: \u201cOur outrage grows with every shell that is fired, as does Ukraine\u2019s defiance and our people\u2019s solidarity\u201d.<\/p>\n<\/div>\n<\/div>\n<\/div>\n<table style=\"width: 99.9988%; border-collapse: collapse; border-style: double; border-color: #001f7d;\" cellpadding=\"0,5\">\n<tbody>\n<tr>\n<td style=\"width: 100%;\"><a href=\"https:\/\/www.cde.ual.es\/en\/president-metsola-asks-russia-to-free-protesters-truth-is-not-easily-suppressed\/\" target=\"_blank\" rel=\"noopener\"><img decoding=\"async\" class=\"alignleft\" src=\"https:\/\/www.cde.ual.es\/wp-content\/uploads\/2022\/03\/20220307PHT24933_original-1024x683.jpg\" alt=\"\" width=\"152\" height=\"101\" \/><\/a><\/p>\n<h4 class=\"entry-title\"><a href=\"https:\/\/www.cde.ual.es\/en\/president-metsola-asks-russia-to-free-protesters-truth-is-not-easily-suppressed\/\" target=\"_blank\" rel=\"noopener\">President Metsola asks Russia to free protesters: truth is not easily suppressed<\/a><\/h4>\n<\/td>\n<\/tr>\n<\/tbody>\n<\/table>\n<p>&nbsp;<\/p>\n<hr \/>\n<h3>News and statements prior to March 7:<\/h3>\n<table style=\"width: 99.9988%; border-collapse: collapse; border-style: double; border-color: #001f7d;\" cellpadding=\"0,5\">\n<tbody>\n<tr>\n<td style=\"width: 100%;\"><a href=\"https:\/\/www.cde.ual.es\/declaraciones-institucionales-respecto-a-la-situacion-en-ucrania-ii\/\" target=\"_blank\" rel=\"noopener\"><img decoding=\"async\" class=\"alignleft\" src=\"https:\/\/www.cde.ual.es\/wp-content\/uploads\/2022\/02\/ucrania-eu-1-150x150.jpg\" alt=\"\" width=\"150\" height=\"150\" \/><\/a><\/p>\n<h4 class=\"entry-title\"><a href=\"https:\/\/www.cde.ual.es\/declaraciones-institucionales-respecto-a-la-situacion-en-ucrania-iii\/\" target=\"_blank\" rel=\"noopener\">Institutional statements regarding the situation in Ukraine (III) 28 February &#8211; 6 March<\/a><\/h4>\n<p>&nbsp;<\/td>\n<\/tr>\n<\/tbody>\n<\/table>\n<p>&nbsp;<\/p>\n<table style=\"width: 99.9988%; border-collapse: collapse; border-style: double; border-color: #001f7d;\" cellpadding=\"0,5\">\n<tbody>\n<tr>\n<td style=\"width: 100%;\"><a href=\"https:\/\/www.cde.ual.es\/declaraciones-institucionales-respecto-a-la-situacion-en-ucrania-ii\/\" target=\"_blank\" rel=\"noopener\"><img decoding=\"async\" class=\"alignleft\" src=\"https:\/\/www.cde.ual.es\/wp-content\/uploads\/2022\/02\/ucrania-eu-1-150x150.jpg\" alt=\"\" width=\"150\" height=\"150\" \/><\/a><\/p>\n<h4 class=\"entry-title\"><a href=\"https:\/\/www.cde.ual.es\/declaraciones-institucionales-respecto-a-la-situacion-en-ucrania-ii\/\" target=\"_blank\" rel=\"noopener\">Institutional statements regarding the situation in Ukraine (II) 21-27 February.<\/a><\/h4>\n<p>&nbsp;<\/td>\n<\/tr>\n<\/tbody>\n<\/table>\n<p>&nbsp;<\/p>\n<table style=\"width: 99.9988%; border-collapse: collapse; border-style: double; border-color: #001f7d;\" cellpadding=\"0,5\">\n<tbody>\n<tr>\n<td style=\"width: 100%;\"><a href=\"https:\/\/www.cde.ual.es\/declaraciones-institucionales-respecto-a-la-situacion-en-ucrania-i\/\" target=\"_blank\" rel=\"noopener\"><img decoding=\"async\" class=\"alignleft\" src=\"https:\/\/www.cde.ual.es\/wp-content\/uploads\/2022\/02\/ucrania-eu-1-150x150.jpg\" alt=\"\" width=\"150\" height=\"150\" \/><\/a><\/p>\n<h4 class=\"entry-title\"><a href=\"https:\/\/www.cde.ual.es\/declaraciones-institucionales-respecto-a-la-situacion-en-ucrania-i\/\" target=\"_blank\" rel=\"noopener\">Institutional statements regarding the situation in Ukraine (I) February 14-20<br \/>\n<\/a><\/h4>\n<\/td>\n<\/tr>\n<\/tbody>\n<\/table>\n<div class=\"col-md-9 council-left-content-basic council-flexify\">\n<div class=\"col-md-9 council-left-content-basic council-main-title\">\n<div class=\"padding-bottom-0 margin-bottom-20 no-bb\">\n<p class=\"entry-title\">\n<\/div>\n<\/div>\n<\/div>\n<div class=\"ep_gridrow ep-o_product\">\n<div class=\"ep_gridrow-content\">\n<div class=\"ep_gridcolumn ep-m_product\" data-view1200=\"12\" data-view1020=\"12\" data-view750=\"12\" data-view640=\"8\" data-view480=\"8\" data-view320=\"4\">\n<div class=\"ep_gridcolumn-content\">\n<div class=\"ep-a_text\">\n<hr \/>\n<h3>More information:<\/h3>\n<p><a href=\"https:\/\/www.cde.ual.es\/ultimas-declaraciones-institucionales-respecto-a-la-situacion-en-ucrania-ii\/\" target=\"_blank\" rel=\"noopener\"><strong>Latest official statements regarding the situation in Ukraine (I)<br \/>\n<\/strong><\/a><\/p>\n<p><strong><a href=\"https:\/\/www.cde.ual.es\/declaraciones-institucionales-respecto-a-la-situacion-en-ucrania-ii\/\" target=\"_blank\" rel=\"noopener\">\u00daltimas declaraciones institucionales respecto a la situaci\u00f3n en Ucrania (II)<\/a><\/strong><\/p>\n<p class=\"entry-title\"><a href=\"https:\/\/www.cde.ual.es\/en\/official-meetins-due-to-the-situation-in-ukraine\/\" target=\"_blank\" rel=\"noopener\">Official meetins due to the situation in Ukraine<\/a><\/p>\n<p class=\"entry-title\"><a href=\"https:\/\/www.cde.ual.es\/en\/eu-russia-crisis-spheres-of-influence-have-no-place-in-21st-century\/\" target=\"_blank\" rel=\"noopener\">EU-Russia Crisis: \u2018Spheres of influence\u2019 have no place in 21st century<\/a><\/p>\n<p class=\"entry-title\"><a href=\"https:\/\/www.cde.ual.es\/en\/disinformation-7-myths-about-the-russia-ukraine-conflict\/\" target=\"_blank\" rel=\"noopener\">Disinformation: 7 myths about the Russia-Ukraine conflict<\/a><\/p>\n<\/div>\n<\/div>\n<\/div>\n<\/div>\n<\/div>\n","protected":false},"excerpt":{"rendered":"<p>The European Documentation Center of Almeria collects in this entry the latest news, meetings and institutional statements regarding the situation between Ukraine and Russia. To consult all the content of each news item, we suggest to follow the indicated links. March 10 &#8220;Two weeks ago Russia brought war back to Europe. Russia\u2019s unprovoked and unjustified [&hellip;]<\/p>\n","protected":false},"author":1,"featured_media":95126,"comment_status":"open","ping_status":"open","sticky":false,"template":"","format":"standard","meta":{"_acf_changed":false,"_relevanssi_hide_post":"","_relevanssi_hide_content":"","_relevanssi_pin_for_all":"","_relevanssi_pin_keywords":"","_relevanssi_unpin_keywords":"","_relevanssi_related_keywords":"","_relevanssi_related_include_ids":"","_relevanssi_related_exclude_ids":"","_relevanssi_related_no_append":"","_relevanssi_related_not_related":"","_relevanssi_related_posts":"","_relevanssi_noindex_reason":"","_monsterinsights_skip_tracking":false,"_monsterinsights_sitenote_active":false,"_monsterinsights_sitenote_note":"","_monsterinsights_sitenote_category":0,"_genesis_hide_title":false,"_genesis_hide_breadcrumbs":false,"_genesis_hide_singular_image":false,"_genesis_hide_footer_widgets":false,"_genesis_custom_body_class":"","_genesis_custom_post_class":"","_genesis_layout":"","footnotes":""},"categories":[4075,346,4078],"tags":[],"class_list":{"0":"post-99020","1":"post","2":"type-post","3":"status-publish","4":"format-standard","5":"has-post-thumbnail","7":"category-defence-security","8":"category-eu-news","9":"category-internat-safety-pol","10":"entry"},"acf":[],"yoast_head":"<!-- This site is optimized with the Yoast SEO plugin v27.5 - https:\/\/yoast.com\/product\/yoast-seo-wordpress\/ -->\n<title>Official statements regarding the situation in Ukraine (IV) | CDE Almer\u00eda - Centro de Documentaci\u00f3n Europea - Universidad de Almer\u00eda<\/title>\n<meta name=\"robots\" content=\"index, follow, max-snippet:-1, max-image-preview:large, max-video-preview:-1\" \/>\n<link rel=\"canonical\" href=\"https:\/\/www.cde.ual.es\/en\/official-statements-regarding-the-situation-in-ukraine-iv\/\" \/>\n<meta property=\"og:locale\" content=\"en_US\" \/>\n<meta property=\"og:type\" content=\"article\" \/>\n<meta property=\"og:title\" content=\"Official statements regarding the situation in Ukraine (IV) | CDE Almer\u00eda - Centro de Documentaci\u00f3n Europea - Universidad de Almer\u00eda\" \/>\n<meta property=\"og:description\" content=\"The European Documentation Center of Almeria collects in this entry the latest news, meetings and institutional statements regarding the situation between Ukraine and Russia. To consult all the content of each news item, we suggest to follow the indicated links. March 10 &#8220;Two weeks ago Russia brought war back to Europe. Russia\u2019s unprovoked and unjustified [&hellip;]\" \/>\n<meta property=\"og:url\" content=\"https:\/\/www.cde.ual.es\/en\/official-statements-regarding-the-situation-in-ukraine-iv\/\" \/>\n<meta property=\"og:site_name\" content=\"CDE Almer\u00eda - Centro de Documentaci\u00f3n Europea - Universidad de Almer\u00eda\" \/>\n<meta property=\"article:publisher\" content=\"https:\/\/www.facebook.com\/cdeuniversidadalmeria\/\" \/>\n<meta property=\"article:published_time\" content=\"2022-03-14T08:39:18+00:00\" \/>\n<meta property=\"article:modified_time\" content=\"2022-03-15T08:39:40+00:00\" \/>\n<meta property=\"og:image\" content=\"https:\/\/www.cde.ual.es\/wp-content\/uploads\/2022\/02\/ucrania-eu.jpg\" \/>\n\t<meta property=\"og:image:width\" content=\"1800\" \/>\n\t<meta property=\"og:image:height\" content=\"1200\" \/>\n\t<meta property=\"og:image:type\" content=\"image\/jpeg\" \/>\n<meta name=\"author\" content=\"AdminCDE\" \/>\n<meta name=\"twitter:card\" content=\"summary_large_image\" \/>\n<meta name=\"twitter:creator\" content=\"@cdeualmeria\" \/>\n<meta name=\"twitter:site\" content=\"@cdeualmeria\" \/>\n<meta name=\"twitter:label1\" content=\"Written by\" \/>\n\t<meta name=\"twitter:data1\" content=\"AdminCDE\" \/>\n\t<meta name=\"twitter:label2\" content=\"Est. reading time\" \/>\n\t<meta name=\"twitter:data2\" content=\"3 minutes\" \/>\n<script type=\"application\/ld+json\" class=\"yoast-schema-graph\">{\"@context\":\"https:\\\/\\\/schema.org\",\"@graph\":[{\"@type\":\"Article\",\"@id\":\"https:\\\/\\\/www.cde.ual.es\\\/en\\\/official-statements-regarding-the-situation-in-ukraine-iv\\\/#article\",\"isPartOf\":{\"@id\":\"https:\\\/\\\/www.cde.ual.es\\\/en\\\/official-statements-regarding-the-situation-in-ukraine-iv\\\/\"},\"author\":{\"name\":\"AdminCDE\",\"@id\":\"https:\\\/\\\/www.cde.ual.es\\\/#\\\/schema\\\/person\\\/224ef08c8bcc005f319d2713ce37ee5f\"},\"headline\":\"Official statements regarding the situation in Ukraine (IV)\",\"datePublished\":\"2022-03-14T08:39:18+00:00\",\"dateModified\":\"2022-03-15T08:39:40+00:00\",\"mainEntityOfPage\":{\"@id\":\"https:\\\/\\\/www.cde.ual.es\\\/en\\\/official-statements-regarding-the-situation-in-ukraine-iv\\\/\"},\"wordCount\":775,\"commentCount\":0,\"publisher\":{\"@id\":\"https:\\\/\\\/www.cde.ual.es\\\/#organization\"},\"image\":{\"@id\":\"https:\\\/\\\/www.cde.ual.es\\\/en\\\/official-statements-regarding-the-situation-in-ukraine-iv\\\/#primaryimage\"},\"thumbnailUrl\":\"https:\\\/\\\/www.cde.ual.es\\\/wp-content\\\/uploads\\\/2022\\\/02\\\/ucrania-eu.jpg\",\"articleSection\":[\"Defence &amp; Security\",\"EU News\",\"International Safety and Defence Politics\"],\"inLanguage\":\"en-US\",\"potentialAction\":[{\"@type\":\"CommentAction\",\"name\":\"Comment\",\"target\":[\"https:\\\/\\\/www.cde.ual.es\\\/en\\\/official-statements-regarding-the-situation-in-ukraine-iv\\\/#respond\"]}]},{\"@type\":\"WebPage\",\"@id\":\"https:\\\/\\\/www.cde.ual.es\\\/en\\\/official-statements-regarding-the-situation-in-ukraine-iv\\\/\",\"url\":\"https:\\\/\\\/www.cde.ual.es\\\/en\\\/official-statements-regarding-the-situation-in-ukraine-iv\\\/\",\"name\":\"Official statements regarding the situation in Ukraine (IV) | CDE Almer\u00eda - Centro de Documentaci\u00f3n Europea - Universidad de Almer\u00eda\",\"isPartOf\":{\"@id\":\"https:\\\/\\\/www.cde.ual.es\\\/#website\"},\"primaryImageOfPage\":{\"@id\":\"https:\\\/\\\/www.cde.ual.es\\\/en\\\/official-statements-regarding-the-situation-in-ukraine-iv\\\/#primaryimage\"},\"image\":{\"@id\":\"https:\\\/\\\/www.cde.ual.es\\\/en\\\/official-statements-regarding-the-situation-in-ukraine-iv\\\/#primaryimage\"},\"thumbnailUrl\":\"https:\\\/\\\/www.cde.ual.es\\\/wp-content\\\/uploads\\\/2022\\\/02\\\/ucrania-eu.jpg\",\"datePublished\":\"2022-03-14T08:39:18+00:00\",\"dateModified\":\"2022-03-15T08:39:40+00:00\",\"breadcrumb\":{\"@id\":\"https:\\\/\\\/www.cde.ual.es\\\/en\\\/official-statements-regarding-the-situation-in-ukraine-iv\\\/#breadcrumb\"},\"inLanguage\":\"en-US\",\"potentialAction\":[{\"@type\":\"ReadAction\",\"target\":[\"https:\\\/\\\/www.cde.ual.es\\\/en\\\/official-statements-regarding-the-situation-in-ukraine-iv\\\/\"]}]},{\"@type\":\"ImageObject\",\"inLanguage\":\"en-US\",\"@id\":\"https:\\\/\\\/www.cde.ual.es\\\/en\\\/official-statements-regarding-the-situation-in-ukraine-iv\\\/#primaryimage\",\"url\":\"https:\\\/\\\/www.cde.ual.es\\\/wp-content\\\/uploads\\\/2022\\\/02\\\/ucrania-eu.jpg\",\"contentUrl\":\"https:\\\/\\\/www.cde.ual.es\\\/wp-content\\\/uploads\\\/2022\\\/02\\\/ucrania-eu.jpg\",\"width\":1800,\"height\":1200},{\"@type\":\"BreadcrumbList\",\"@id\":\"https:\\\/\\\/www.cde.ual.es\\\/en\\\/official-statements-regarding-the-situation-in-ukraine-iv\\\/#breadcrumb\",\"itemListElement\":[{\"@type\":\"ListItem\",\"position\":1,\"name\":\"Inicio\",\"item\":\"https:\\\/\\\/www.cde.ual.es\\\/en\\\/\"},{\"@type\":\"ListItem\",\"position\":2,\"name\":\"EU News\",\"item\":\"https:\\\/\\\/www.cde.ual.es\\\/en\\\/category\\\/eu-news\\\/\"},{\"@type\":\"ListItem\",\"position\":3,\"name\":\"Defence &amp; Security\",\"item\":\"https:\\\/\\\/www.cde.ual.es\\\/en\\\/category\\\/eu-news\\\/defence-security\\\/\"},{\"@type\":\"ListItem\",\"position\":4,\"name\":\"International Safety and Defence Politics\",\"item\":\"https:\\\/\\\/www.cde.ual.es\\\/en\\\/category\\\/eu-news\\\/defence-security\\\/internat-safety-pol\\\/\"},{\"@type\":\"ListItem\",\"position\":5,\"name\":\"Official statements regarding the situation in Ukraine (IV)\"}]},{\"@type\":\"WebSite\",\"@id\":\"https:\\\/\\\/www.cde.ual.es\\\/#website\",\"url\":\"https:\\\/\\\/www.cde.ual.es\\\/\",\"name\":\"CDE Almer\u00eda - Centro de Documentaci\u00f3n Europea - Universidad de Almer\u00eda\",\"description\":\"Centro de Documentaci\u00f3n Europea de la Universidad de Almer\u00eda\",\"publisher\":{\"@id\":\"https:\\\/\\\/www.cde.ual.es\\\/#organization\"},\"alternateName\":\"CDE Almer\u00eda\",\"potentialAction\":[{\"@type\":\"SearchAction\",\"target\":{\"@type\":\"EntryPoint\",\"urlTemplate\":\"https:\\\/\\\/www.cde.ual.es\\\/?s={search_term_string}\"},\"query-input\":{\"@type\":\"PropertyValueSpecification\",\"valueRequired\":true,\"valueName\":\"search_term_string\"}}],\"inLanguage\":\"en-US\"},{\"@type\":\"Organization\",\"@id\":\"https:\\\/\\\/www.cde.ual.es\\\/#organization\",\"name\":\"Centro de Documentaci\u00f3n Europea de Almer\u00eda\",\"url\":\"https:\\\/\\\/www.cde.ual.es\\\/\",\"logo\":{\"@type\":\"ImageObject\",\"inLanguage\":\"en-US\",\"@id\":\"https:\\\/\\\/www.cde.ual.es\\\/#\\\/schema\\\/logo\\\/image\\\/\",\"url\":\"https:\\\/\\\/www.cde.ual.es\\\/wp-content\\\/uploads\\\/2025\\\/07\\\/cde-logo-3.png\",\"contentUrl\":\"https:\\\/\\\/www.cde.ual.es\\\/wp-content\\\/uploads\\\/2025\\\/07\\\/cde-logo-3.png\",\"width\":1400,\"height\":300,\"caption\":\"Centro de Documentaci\u00f3n Europea de Almer\u00eda\"},\"image\":{\"@id\":\"https:\\\/\\\/www.cde.ual.es\\\/#\\\/schema\\\/logo\\\/image\\\/\"},\"sameAs\":[\"https:\\\/\\\/www.facebook.com\\\/cdeuniversidadalmeria\\\/\",\"https:\\\/\\\/x.com\\\/cdeualmeria\",\"https:\\\/\\\/www.tiktok.com\\\/@cdealmeria\",\"https:\\\/\\\/www.instagram.com\\\/cdealmeria\\\/\",\"https:\\\/\\\/www.linkedin.com\\\/in\\\/cde-almera-812b26a9\\\/\"]},{\"@type\":\"Person\",\"@id\":\"https:\\\/\\\/www.cde.ual.es\\\/#\\\/schema\\\/person\\\/224ef08c8bcc005f319d2713ce37ee5f\",\"name\":\"AdminCDE\",\"image\":{\"@type\":\"ImageObject\",\"inLanguage\":\"en-US\",\"@id\":\"https:\\\/\\\/secure.gravatar.com\\\/avatar\\\/a72d038d371f995cd13706fac32274b7952a52e8fb0a84b5f80c85426f2a98a8?s=96&d=mm&r=g\",\"url\":\"https:\\\/\\\/secure.gravatar.com\\\/avatar\\\/a72d038d371f995cd13706fac32274b7952a52e8fb0a84b5f80c85426f2a98a8?s=96&d=mm&r=g\",\"contentUrl\":\"https:\\\/\\\/secure.gravatar.com\\\/avatar\\\/a72d038d371f995cd13706fac32274b7952a52e8fb0a84b5f80c85426f2a98a8?s=96&d=mm&r=g\",\"caption\":\"AdminCDE\"}}]}<\/script>\n<!-- \/ Yoast SEO plugin. -->","yoast_head_json":{"title":"Official statements regarding the situation in Ukraine (IV) | CDE Almer\u00eda - Centro de Documentaci\u00f3n Europea - Universidad de Almer\u00eda","robots":{"index":"index","follow":"follow","max-snippet":"max-snippet:-1","max-image-preview":"max-image-preview:large","max-video-preview":"max-video-preview:-1"},"canonical":"https:\/\/www.cde.ual.es\/en\/official-statements-regarding-the-situation-in-ukraine-iv\/","og_locale":"en_US","og_type":"article","og_title":"Official statements regarding the situation in Ukraine (IV) | CDE Almer\u00eda - Centro de Documentaci\u00f3n Europea - Universidad de Almer\u00eda","og_description":"The European Documentation Center of Almeria collects in this entry the latest news, meetings and institutional statements regarding the situation between Ukraine and Russia. To consult all the content of each news item, we suggest to follow the indicated links. March 10 &#8220;Two weeks ago Russia brought war back to Europe. Russia\u2019s unprovoked and unjustified [&hellip;]","og_url":"https:\/\/www.cde.ual.es\/en\/official-statements-regarding-the-situation-in-ukraine-iv\/","og_site_name":"CDE Almer\u00eda - Centro de Documentaci\u00f3n Europea - Universidad de Almer\u00eda","article_publisher":"https:\/\/www.facebook.com\/cdeuniversidadalmeria\/","article_published_time":"2022-03-14T08:39:18+00:00","article_modified_time":"2022-03-15T08:39:40+00:00","og_image":[{"width":1800,"height":1200,"url":"https:\/\/www.cde.ual.es\/wp-content\/uploads\/2022\/02\/ucrania-eu.jpg","type":"image\/jpeg"}],"author":"AdminCDE","twitter_card":"summary_large_image","twitter_creator":"@cdeualmeria","twitter_site":"@cdeualmeria","twitter_misc":{"Written by":"AdminCDE","Est. reading time":"3 minutes"},"schema":{"@context":"https:\/\/schema.org","@graph":[{"@type":"Article","@id":"https:\/\/www.cde.ual.es\/en\/official-statements-regarding-the-situation-in-ukraine-iv\/#article","isPartOf":{"@id":"https:\/\/www.cde.ual.es\/en\/official-statements-regarding-the-situation-in-ukraine-iv\/"},"author":{"name":"AdminCDE","@id":"https:\/\/www.cde.ual.es\/#\/schema\/person\/224ef08c8bcc005f319d2713ce37ee5f"},"headline":"Official statements regarding the situation in Ukraine (IV)","datePublished":"2022-03-14T08:39:18+00:00","dateModified":"2022-03-15T08:39:40+00:00","mainEntityOfPage":{"@id":"https:\/\/www.cde.ual.es\/en\/official-statements-regarding-the-situation-in-ukraine-iv\/"},"wordCount":775,"commentCount":0,"publisher":{"@id":"https:\/\/www.cde.ual.es\/#organization"},"image":{"@id":"https:\/\/www.cde.ual.es\/en\/official-statements-regarding-the-situation-in-ukraine-iv\/#primaryimage"},"thumbnailUrl":"https:\/\/www.cde.ual.es\/wp-content\/uploads\/2022\/02\/ucrania-eu.jpg","articleSection":["Defence &amp; Security","EU News","International Safety and Defence Politics"],"inLanguage":"en-US","potentialAction":[{"@type":"CommentAction","name":"Comment","target":["https:\/\/www.cde.ual.es\/en\/official-statements-regarding-the-situation-in-ukraine-iv\/#respond"]}]},{"@type":"WebPage","@id":"https:\/\/www.cde.ual.es\/en\/official-statements-regarding-the-situation-in-ukraine-iv\/","url":"https:\/\/www.cde.ual.es\/en\/official-statements-regarding-the-situation-in-ukraine-iv\/","name":"Official statements regarding the situation in Ukraine (IV) | CDE Almer\u00eda - Centro de Documentaci\u00f3n Europea - Universidad de Almer\u00eda","isPartOf":{"@id":"https:\/\/www.cde.ual.es\/#website"},"primaryImageOfPage":{"@id":"https:\/\/www.cde.ual.es\/en\/official-statements-regarding-the-situation-in-ukraine-iv\/#primaryimage"},"image":{"@id":"https:\/\/www.cde.ual.es\/en\/official-statements-regarding-the-situation-in-ukraine-iv\/#primaryimage"},"thumbnailUrl":"https:\/\/www.cde.ual.es\/wp-content\/uploads\/2022\/02\/ucrania-eu.jpg","datePublished":"2022-03-14T08:39:18+00:00","dateModified":"2022-03-15T08:39:40+00:00","breadcrumb":{"@id":"https:\/\/www.cde.ual.es\/en\/official-statements-regarding-the-situation-in-ukraine-iv\/#breadcrumb"},"inLanguage":"en-US","potentialAction":[{"@type":"ReadAction","target":["https:\/\/www.cde.ual.es\/en\/official-statements-regarding-the-situation-in-ukraine-iv\/"]}]},{"@type":"ImageObject","inLanguage":"en-US","@id":"https:\/\/www.cde.ual.es\/en\/official-statements-regarding-the-situation-in-ukraine-iv\/#primaryimage","url":"https:\/\/www.cde.ual.es\/wp-content\/uploads\/2022\/02\/ucrania-eu.jpg","contentUrl":"https:\/\/www.cde.ual.es\/wp-content\/uploads\/2022\/02\/ucrania-eu.jpg","width":1800,"height":1200},{"@type":"BreadcrumbList","@id":"https:\/\/www.cde.ual.es\/en\/official-statements-regarding-the-situation-in-ukraine-iv\/#breadcrumb","itemListElement":[{"@type":"ListItem","position":1,"name":"Inicio","item":"https:\/\/www.cde.ual.es\/en\/"},{"@type":"ListItem","position":2,"name":"EU News","item":"https:\/\/www.cde.ual.es\/en\/category\/eu-news\/"},{"@type":"ListItem","position":3,"name":"Defence &amp; Security","item":"https:\/\/www.cde.ual.es\/en\/category\/eu-news\/defence-security\/"},{"@type":"ListItem","position":4,"name":"International Safety and Defence Politics","item":"https:\/\/www.cde.ual.es\/en\/category\/eu-news\/defence-security\/internat-safety-pol\/"},{"@type":"ListItem","position":5,"name":"Official statements regarding the situation in Ukraine (IV)"}]},{"@type":"WebSite","@id":"https:\/\/www.cde.ual.es\/#website","url":"https:\/\/www.cde.ual.es\/","name":"CDE Almer\u00eda - Centro de Documentaci\u00f3n Europea - Universidad de Almer\u00eda","description":"Centro de Documentaci\u00f3n Europea de la Universidad de Almer\u00eda","publisher":{"@id":"https:\/\/www.cde.ual.es\/#organization"},"alternateName":"CDE Almer\u00eda","potentialAction":[{"@type":"SearchAction","target":{"@type":"EntryPoint","urlTemplate":"https:\/\/www.cde.ual.es\/?s={search_term_string}"},"query-input":{"@type":"PropertyValueSpecification","valueRequired":true,"valueName":"search_term_string"}}],"inLanguage":"en-US"},{"@type":"Organization","@id":"https:\/\/www.cde.ual.es\/#organization","name":"Centro de Documentaci\u00f3n Europea de Almer\u00eda","url":"https:\/\/www.cde.ual.es\/","logo":{"@type":"ImageObject","inLanguage":"en-US","@id":"https:\/\/www.cde.ual.es\/#\/schema\/logo\/image\/","url":"https:\/\/www.cde.ual.es\/wp-content\/uploads\/2025\/07\/cde-logo-3.png","contentUrl":"https:\/\/www.cde.ual.es\/wp-content\/uploads\/2025\/07\/cde-logo-3.png","width":1400,"height":300,"caption":"Centro de Documentaci\u00f3n Europea de Almer\u00eda"},"image":{"@id":"https:\/\/www.cde.ual.es\/#\/schema\/logo\/image\/"},"sameAs":["https:\/\/www.facebook.com\/cdeuniversidadalmeria\/","https:\/\/x.com\/cdeualmeria","https:\/\/www.tiktok.com\/@cdealmeria","https:\/\/www.instagram.com\/cdealmeria\/","https:\/\/www.linkedin.com\/in\/cde-almera-812b26a9\/"]},{"@type":"Person","@id":"https:\/\/www.cde.ual.es\/#\/schema\/person\/224ef08c8bcc005f319d2713ce37ee5f","name":"AdminCDE","image":{"@type":"ImageObject","inLanguage":"en-US","@id":"https:\/\/secure.gravatar.com\/avatar\/a72d038d371f995cd13706fac32274b7952a52e8fb0a84b5f80c85426f2a98a8?s=96&d=mm&r=g","url":"https:\/\/secure.gravatar.com\/avatar\/a72d038d371f995cd13706fac32274b7952a52e8fb0a84b5f80c85426f2a98a8?s=96&d=mm&r=g","contentUrl":"https:\/\/secure.gravatar.com\/avatar\/a72d038d371f995cd13706fac32274b7952a52e8fb0a84b5f80c85426f2a98a8?s=96&d=mm&r=g","caption":"AdminCDE"}}]}},"_links":{"self":[{"href":"https:\/\/www.cde.ual.es\/en\/wp-json\/wp\/v2\/posts\/99020","targetHints":{"allow":["GET"]}}],"collection":[{"href":"https:\/\/www.cde.ual.es\/en\/wp-json\/wp\/v2\/posts"}],"about":[{"href":"https:\/\/www.cde.ual.es\/en\/wp-json\/wp\/v2\/types\/post"}],"author":[{"embeddable":true,"href":"https:\/\/www.cde.ual.es\/en\/wp-json\/wp\/v2\/users\/1"}],"replies":[{"embeddable":true,"href":"https:\/\/www.cde.ual.es\/en\/wp-json\/wp\/v2\/comments?post=99020"}],"version-history":[{"count":0,"href":"https:\/\/www.cde.ual.es\/en\/wp-json\/wp\/v2\/posts\/99020\/revisions"}],"wp:featuredmedia":[{"embeddable":true,"href":"https:\/\/www.cde.ual.es\/en\/wp-json\/wp\/v2\/media\/95126"}],"wp:attachment":[{"href":"https:\/\/www.cde.ual.es\/en\/wp-json\/wp\/v2\/media?parent=99020"}],"wp:term":[{"taxonomy":"category","embeddable":true,"href":"https:\/\/www.cde.ual.es\/en\/wp-json\/wp\/v2\/categories?post=99020"},{"taxonomy":"post_tag","embeddable":true,"href":"https:\/\/www.cde.ual.es\/en\/wp-json\/wp\/v2\/tags?post=99020"}],"curies":[{"name":"wp","href":"https:\/\/api.w.org\/{rel}","templated":true}]}}