{"id":98981,"date":"2022-03-14T13:18:28","date_gmt":"2022-03-14T12:18:28","guid":{"rendered":"https:\/\/www.cde.ual.es\/?p=98981"},"modified":"2022-03-14T13:18:28","modified_gmt":"2022-03-14T12:18:28","slug":"european-parliament-launches-website-in-cooperation-with-ukrainian-parliament","status":"publish","type":"post","link":"https:\/\/www.cde.ual.es\/en\/european-parliament-launches-website-in-cooperation-with-ukrainian-parliament\/","title":{"rendered":"European Parliament launches website in cooperation with Ukrainian Parliament"},"content":{"rendered":"<div class=\"ep_gridcolumn ep-m_product\" data-view1200=\"6\" data-view1020=\"6\" data-view750=\"10\" data-view640=\"6\" data-view480=\"8\" data-view320=\"4\">\n<div class=\"ep_gridcolumn-content\">\n<div class=\"ep-a_text ep-layout_chapo\">\n<p>As a result of the cooperation with Ukraine\u2019s Verkhovna Rada in the field of democracy support, the new website shows how the EU has supported Ukraine since 2014.<\/p>\n<\/div>\n<\/div>\n<\/div>\n<div class=\"ep_gridcolumn ep-m_product\" data-view1200=\"6\" data-view1020=\"6\" data-view750=\"10\" data-view640=\"6\" data-view480=\"8\" data-view320=\"4\">\n<div class=\"ep_gridcolumn-content\">\n<div class=\"ep-a_text\">\n<p class=\"ep-wysiwig_paragraph\">\u201c<a href=\"https:\/\/ukraine.europarl.europa.eu\/en\/home.html\" target=\"_blank\" rel=\"noopener\">The EU stands with Ukraine<\/a>\u201d: the website (in English and Ukrainian) set up by Parliament, provides the latest news, videos and podcasts, relevant legislation and resolutions to show how the EU is helping Ukraine. Content from the Ukrainian Parliament could also be shared on the site. Actively supporting EU efforts to promote democracy and human rights in the world is one of Parliament&#8217;s core responsibilities.<\/p>\n<p class=\"ep-wysiwig_paragraph\">Following the Revolution of Dignity in 2014, the European Parliament engaged in an unprecedented level of cooperation with Ukraine\u2019s Verkhovna Rada (parliament) in the field of democracy support. In the framework of a\u00a0<a href=\"https:\/\/www.europarl.europa.eu\/cmsdata\/238320\/Memorandum%20of%20Understanding.pdf\" target=\"_blank\" rel=\"noopener\">Memorandum of Understanding<\/a>, renewed in 2021 by the EP President and the Rada\u2019s Speaker,\u00a0<a href=\"https:\/\/www.europarl.europa.eu\/globaldemocracysupport\/en\/parliaments\/priority-countries\" target=\"_blank\" rel=\"noopener\">regular exchanges and dialogues, study visits and support actions are taking place<\/a>, as well as cooperation in the fields of IT, cybersecurity and communication.<\/p>\n<p class=\"ep-wysiwig_paragraph\"><strong>Promoting privileged partnership, protecting Ukraine\u2019s sovereignty<\/strong><\/p>\n<p class=\"ep-wysiwig_paragraph\">Over the years, the EU and the European Parliament have consistently opposed Russian aggression against Ukraine. In a resolution adopted in December 2021,\u00a0<a href=\"https:\/\/www.europarl.europa.eu\/news\/en\/press-room\/20211210IPR19223\/russia-must-immediately-withdraw-its-forces-threatening-ukraine\" target=\"_blank\" rel=\"noopener\">MEPs called on Russia to withdraw its troops threatening Ukraine<\/a>\u00a0and said any aggression by Moscow must come at a high economic and political price. Parliament had already expressed grave concern about the large Russian military build-up at the border with Ukraine and in illegally occupied Crimea in a\u00a0<a href=\"https:\/\/www.europarl.europa.eu\/news\/en\/press-room\/20210422IPR02623\/russia-meps-deplore-military-build-up-attack-in-czechia-and-jailing-of-navalny\" target=\"_blank\" rel=\"noopener\">resolution adopted in April 2021<\/a>.<\/p>\n<p class=\"ep-wysiwig_paragraph\">In response to the Russian invasion of Ukraine, the EU adopted a broad range of sanctions that will have severe consequences for Russia. The European Parliament held an\u00a0<a href=\"https:\/\/www.europarl.europa.eu\/news\/en\/press-room\/20220227IPR24204\/the-russian-attack-on-ukraine-marks-a-new-era-for-europe-meps-say\" target=\"_blank\" rel=\"noopener\">extraordinary plenary session<\/a>\u00a0on 1 March, when Ukrainian President\u00a0<a href=\"https:\/\/multimedia.europarl.europa.eu\/video\/v_I219165\" target=\"_blank\" rel=\"noopener\">Volodymyr Zelenskyy<\/a>\u00a0addressed MEPs. Parliament expressed its unwavering support for Ukraine and\u00a0<a href=\"https:\/\/www.europarl.europa.eu\/news\/en\/press-room\/20220227IPR24205\/invasion-of-ukraine-meps-call-for-tougher-response-to-russia\" target=\"_blank\" rel=\"noopener\">called for further measures<\/a>.<\/p>\n<p class=\"ep-wysiwig_paragraph\"><strong>Association agreement<\/strong><\/p>\n<p class=\"ep-wysiwig_paragraph\">The EU and Ukraine already have an\u00a0<a href=\"https:\/\/www.europarl.europa.eu\/news\/en\/headlines\/priorities\/ukraine\/20140915IPR62504\/european-parliament-ratifies-eu-ukraine-association-agreement\" target=\"_blank\" rel=\"noopener\">Association agreement<\/a>\u00a0(AA) in place, as well as a Deep and Comprehensive Free Trade Agreement (DFCTA). The accord established political association and economic integration between the EU and Ukraine and provided for mutual free market access. Parliament\u2019s\u00a0<a href=\"https:\/\/www.europarl.europa.eu\/delegations\/en\/d-ua\/home\" target=\"_blank\" rel=\"noopener\">Delegation to the EU-Ukraine Parliamentary Association Committee<\/a>\u00a0also keeps regular contact with counterparts in the Verkhovna Rada to discuss the implementation of the AA and the DCFTA.<\/p>\n<p class=\"ep-wysiwig_paragraph\"><strong>Other support<\/strong><\/p>\n<p class=\"ep-wysiwig_paragraph\">There are\u00a0<a href=\"https:\/\/ec.europa.eu\/neighbourhood-enlargement\/sites\/near\/files\/eap_factsheet_ukraine.pdf\" target=\"_blank\" rel=\"noopener\">various EU initiatives<\/a>\u00a0to support Ukraine\u2019s economy, aid its green transition and help the country to reform. On 16 February 2022,\u00a0<a href=\"https:\/\/www.europarl.europa.eu\/news\/en\/press-room\/20220211IPR23122\/parliament-approves-EU1-2-billion-in-loans-to-ukraine\" target=\"_blank\" rel=\"noopener\">MEPs approved a \u20ac1.2 billion macro-financial loan<\/a>\u00a0to help Ukraine cover its external financing needs in 2022.<\/p>\n<p class=\"ep-wysiwig_paragraph\"><strong>Sakharov Prize<\/strong><\/p>\n<p class=\"ep-wysiwig_paragraph\">In 2018, Parliament awarded the Sakharov Prize for Freedom of Thought to\u00a0<a href=\"https:\/\/www.europarl.europa.eu\/news\/en\/headlines\/priorities\/sakharov-2018\" target=\"_blank\" rel=\"noopener\">Oleg Sentsov<\/a>, the Ukrainian film director and human rights activist.<\/p>\n<p><strong><a href=\"https:\/\/www.europarl.europa.eu\/news\/es\/press-room\/20220310IPR25208\/european-parliament-launches-website-in-cooperation-with-ukrainian-parliament\">More information: European Parliament &#8211; Press release<\/a><\/strong><\/p>\n<\/div>\n<\/div>\n<\/div>\n","protected":false},"excerpt":{"rendered":"<p>As a result of the cooperation with Ukraine\u2019s Verkhovna Rada in the field of democracy support, the new website shows how the EU has supported Ukraine since 2014. \u201cThe EU stands with Ukraine\u201d: the website (in English and Ukrainian) set up by Parliament, provides the latest news, videos and podcasts, relevant legislation and resolutions to [&hellip;]<\/p>\n","protected":false},"author":1,"featured_media":98982,"comment_status":"open","ping_status":"open","sticky":false,"template":"","format":"standard","meta":{"_acf_changed":false,"_relevanssi_hide_post":"","_relevanssi_hide_content":"","_relevanssi_pin_for_all":"","_relevanssi_pin_keywords":"","_relevanssi_unpin_keywords":"","_relevanssi_related_keywords":"","_relevanssi_related_include_ids":"","_relevanssi_related_exclude_ids":"","_relevanssi_related_no_append":"","_relevanssi_related_not_related":"","_relevanssi_related_posts":"","_relevanssi_noindex_reason":"","_monsterinsights_skip_tracking":false,"_monsterinsights_sitenote_active":false,"_monsterinsights_sitenote_note":"","_monsterinsights_sitenote_category":0,"_genesis_hide_title":false,"_genesis_hide_breadcrumbs":false,"_genesis_hide_singular_image":false,"_genesis_hide_footer_widgets":false,"_genesis_custom_body_class":"","_genesis_custom_post_class":"","_genesis_layout":"","footnotes":""},"categories":[4075,346,4078],"tags":[],"class_list":{"0":"post-98981","1":"post","2":"type-post","3":"status-publish","4":"format-standard","5":"has-post-thumbnail","7":"category-defence-security","8":"category-eu-news","9":"category-internat-safety-pol","10":"entry"},"acf":[],"yoast_head":"<!-- This site is optimized with the Yoast SEO plugin v27.5 - https:\/\/yoast.com\/product\/yoast-seo-wordpress\/ -->\n<title>European Parliament launches website in cooperation with Ukrainian Parliament | CDE Almer\u00eda - Centro de Documentaci\u00f3n Europea - Universidad de Almer\u00eda<\/title>\n<meta name=\"robots\" content=\"index, follow, max-snippet:-1, max-image-preview:large, max-video-preview:-1\" \/>\n<link rel=\"canonical\" href=\"https:\/\/www.cde.ual.es\/en\/european-parliament-launches-website-in-cooperation-with-ukrainian-parliament\/\" \/>\n<meta property=\"og:locale\" content=\"en_US\" \/>\n<meta property=\"og:type\" content=\"article\" \/>\n<meta property=\"og:title\" content=\"European Parliament launches website in cooperation with Ukrainian Parliament | CDE Almer\u00eda - Centro de Documentaci\u00f3n Europea - Universidad de Almer\u00eda\" \/>\n<meta property=\"og:description\" content=\"As a result of the cooperation with Ukraine\u2019s Verkhovna Rada in the field of democracy support, the new website shows how the EU has supported Ukraine since 2014. \u201cThe EU stands with Ukraine\u201d: the website (in English and Ukrainian) set up by Parliament, provides the latest news, videos and podcasts, relevant legislation and resolutions to [&hellip;]\" \/>\n<meta property=\"og:url\" content=\"https:\/\/www.cde.ual.es\/en\/european-parliament-launches-website-in-cooperation-with-ukrainian-parliament\/\" \/>\n<meta property=\"og:site_name\" content=\"CDE Almer\u00eda - Centro de Documentaci\u00f3n Europea - Universidad de Almer\u00eda\" \/>\n<meta property=\"article:publisher\" content=\"https:\/\/www.facebook.com\/cdeuniversidadalmeria\/\" \/>\n<meta property=\"article:published_time\" content=\"2022-03-14T12:18:28+00:00\" \/>\n<meta property=\"og:image\" content=\"https:\/\/www.cde.ual.es\/wp-content\/uploads\/2022\/03\/20140304PHT37515_original.jpg\" \/>\n\t<meta property=\"og:image:width\" content=\"1024\" \/>\n\t<meta property=\"og:image:height\" content=\"691\" \/>\n\t<meta property=\"og:image:type\" content=\"image\/jpeg\" \/>\n<meta name=\"author\" content=\"AdminCDE\" \/>\n<meta name=\"twitter:card\" content=\"summary_large_image\" \/>\n<meta name=\"twitter:creator\" content=\"@cdeualmeria\" \/>\n<meta name=\"twitter:site\" content=\"@cdeualmeria\" \/>\n<meta name=\"twitter:label1\" content=\"Written by\" \/>\n\t<meta name=\"twitter:data1\" content=\"AdminCDE\" \/>\n\t<meta name=\"twitter:label2\" content=\"Est. reading time\" \/>\n\t<meta name=\"twitter:data2\" content=\"3 minutes\" \/>\n<script type=\"application\/ld+json\" class=\"yoast-schema-graph\">{\"@context\":\"https:\\\/\\\/schema.org\",\"@graph\":[{\"@type\":\"Article\",\"@id\":\"https:\\\/\\\/www.cde.ual.es\\\/en\\\/european-parliament-launches-website-in-cooperation-with-ukrainian-parliament\\\/#article\",\"isPartOf\":{\"@id\":\"https:\\\/\\\/www.cde.ual.es\\\/en\\\/european-parliament-launches-website-in-cooperation-with-ukrainian-parliament\\\/\"},\"author\":{\"name\":\"AdminCDE\",\"@id\":\"https:\\\/\\\/www.cde.ual.es\\\/#\\\/schema\\\/person\\\/224ef08c8bcc005f319d2713ce37ee5f\"},\"headline\":\"European Parliament launches website in cooperation with Ukrainian Parliament\",\"datePublished\":\"2022-03-14T12:18:28+00:00\",\"mainEntityOfPage\":{\"@id\":\"https:\\\/\\\/www.cde.ual.es\\\/en\\\/european-parliament-launches-website-in-cooperation-with-ukrainian-parliament\\\/\"},\"wordCount\":451,\"commentCount\":0,\"publisher\":{\"@id\":\"https:\\\/\\\/www.cde.ual.es\\\/#organization\"},\"image\":{\"@id\":\"https:\\\/\\\/www.cde.ual.es\\\/en\\\/european-parliament-launches-website-in-cooperation-with-ukrainian-parliament\\\/#primaryimage\"},\"thumbnailUrl\":\"https:\\\/\\\/www.cde.ual.es\\\/wp-content\\\/uploads\\\/2022\\\/03\\\/20140304PHT37515_original.jpg\",\"articleSection\":[\"Defence &amp; Security\",\"EU News\",\"International Safety and Defence Politics\"],\"inLanguage\":\"en-US\",\"potentialAction\":[{\"@type\":\"CommentAction\",\"name\":\"Comment\",\"target\":[\"https:\\\/\\\/www.cde.ual.es\\\/en\\\/european-parliament-launches-website-in-cooperation-with-ukrainian-parliament\\\/#respond\"]}]},{\"@type\":\"WebPage\",\"@id\":\"https:\\\/\\\/www.cde.ual.es\\\/en\\\/european-parliament-launches-website-in-cooperation-with-ukrainian-parliament\\\/\",\"url\":\"https:\\\/\\\/www.cde.ual.es\\\/en\\\/european-parliament-launches-website-in-cooperation-with-ukrainian-parliament\\\/\",\"name\":\"European Parliament launches website in cooperation with Ukrainian Parliament | CDE Almer\u00eda - Centro de Documentaci\u00f3n Europea - Universidad de Almer\u00eda\",\"isPartOf\":{\"@id\":\"https:\\\/\\\/www.cde.ual.es\\\/#website\"},\"primaryImageOfPage\":{\"@id\":\"https:\\\/\\\/www.cde.ual.es\\\/en\\\/european-parliament-launches-website-in-cooperation-with-ukrainian-parliament\\\/#primaryimage\"},\"image\":{\"@id\":\"https:\\\/\\\/www.cde.ual.es\\\/en\\\/european-parliament-launches-website-in-cooperation-with-ukrainian-parliament\\\/#primaryimage\"},\"thumbnailUrl\":\"https:\\\/\\\/www.cde.ual.es\\\/wp-content\\\/uploads\\\/2022\\\/03\\\/20140304PHT37515_original.jpg\",\"datePublished\":\"2022-03-14T12:18:28+00:00\",\"breadcrumb\":{\"@id\":\"https:\\\/\\\/www.cde.ual.es\\\/en\\\/european-parliament-launches-website-in-cooperation-with-ukrainian-parliament\\\/#breadcrumb\"},\"inLanguage\":\"en-US\",\"potentialAction\":[{\"@type\":\"ReadAction\",\"target\":[\"https:\\\/\\\/www.cde.ual.es\\\/en\\\/european-parliament-launches-website-in-cooperation-with-ukrainian-parliament\\\/\"]}]},{\"@type\":\"ImageObject\",\"inLanguage\":\"en-US\",\"@id\":\"https:\\\/\\\/www.cde.ual.es\\\/en\\\/european-parliament-launches-website-in-cooperation-with-ukrainian-parliament\\\/#primaryimage\",\"url\":\"https:\\\/\\\/www.cde.ual.es\\\/wp-content\\\/uploads\\\/2022\\\/03\\\/20140304PHT37515_original.jpg\",\"contentUrl\":\"https:\\\/\\\/www.cde.ual.es\\\/wp-content\\\/uploads\\\/2022\\\/03\\\/20140304PHT37515_original.jpg\",\"width\":1024,\"height\":691,\"caption\":\"A Ukrainian flag flutters over Independence square during a mass rally of the opposition in Kiev on February 9, 2014. An estimated 70,000 pro-Western Ukrainians thronged the heart of Kiev on Sunday vowing never to give up their drive to oust President Viktor Yanukovych for his alliance with old master Russia. Wearing blue and yellow ribbons -- the colours of both Ukraine and the European Union -- the crowd sreceived a religious blessing before opposition leaders took to a podium on Independence Square in a bid to ratchet up pressure on Yanukovych to appoint a new pro-Western government. AFP PHOTO\\\/GENYA SAVILOV\"},{\"@type\":\"BreadcrumbList\",\"@id\":\"https:\\\/\\\/www.cde.ual.es\\\/en\\\/european-parliament-launches-website-in-cooperation-with-ukrainian-parliament\\\/#breadcrumb\",\"itemListElement\":[{\"@type\":\"ListItem\",\"position\":1,\"name\":\"Inicio\",\"item\":\"https:\\\/\\\/www.cde.ual.es\\\/en\\\/\"},{\"@type\":\"ListItem\",\"position\":2,\"name\":\"EU News\",\"item\":\"https:\\\/\\\/www.cde.ual.es\\\/en\\\/category\\\/eu-news\\\/\"},{\"@type\":\"ListItem\",\"position\":3,\"name\":\"Defence &amp; Security\",\"item\":\"https:\\\/\\\/www.cde.ual.es\\\/en\\\/category\\\/eu-news\\\/defence-security\\\/\"},{\"@type\":\"ListItem\",\"position\":4,\"name\":\"International Safety and Defence Politics\",\"item\":\"https:\\\/\\\/www.cde.ual.es\\\/en\\\/category\\\/eu-news\\\/defence-security\\\/internat-safety-pol\\\/\"},{\"@type\":\"ListItem\",\"position\":5,\"name\":\"European Parliament launches website in cooperation with Ukrainian Parliament\"}]},{\"@type\":\"WebSite\",\"@id\":\"https:\\\/\\\/www.cde.ual.es\\\/#website\",\"url\":\"https:\\\/\\\/www.cde.ual.es\\\/\",\"name\":\"CDE Almer\u00eda - Centro de Documentaci\u00f3n Europea - Universidad de Almer\u00eda\",\"description\":\"Centro de Documentaci\u00f3n Europea de la Universidad de Almer\u00eda\",\"publisher\":{\"@id\":\"https:\\\/\\\/www.cde.ual.es\\\/#organization\"},\"alternateName\":\"CDE Almer\u00eda\",\"potentialAction\":[{\"@type\":\"SearchAction\",\"target\":{\"@type\":\"EntryPoint\",\"urlTemplate\":\"https:\\\/\\\/www.cde.ual.es\\\/?s={search_term_string}\"},\"query-input\":{\"@type\":\"PropertyValueSpecification\",\"valueRequired\":true,\"valueName\":\"search_term_string\"}}],\"inLanguage\":\"en-US\"},{\"@type\":\"Organization\",\"@id\":\"https:\\\/\\\/www.cde.ual.es\\\/#organization\",\"name\":\"Centro de Documentaci\u00f3n Europea de Almer\u00eda\",\"url\":\"https:\\\/\\\/www.cde.ual.es\\\/\",\"logo\":{\"@type\":\"ImageObject\",\"inLanguage\":\"en-US\",\"@id\":\"https:\\\/\\\/www.cde.ual.es\\\/#\\\/schema\\\/logo\\\/image\\\/\",\"url\":\"https:\\\/\\\/www.cde.ual.es\\\/wp-content\\\/uploads\\\/2025\\\/07\\\/cde-logo-3.png\",\"contentUrl\":\"https:\\\/\\\/www.cde.ual.es\\\/wp-content\\\/uploads\\\/2025\\\/07\\\/cde-logo-3.png\",\"width\":1400,\"height\":300,\"caption\":\"Centro de Documentaci\u00f3n Europea de Almer\u00eda\"},\"image\":{\"@id\":\"https:\\\/\\\/www.cde.ual.es\\\/#\\\/schema\\\/logo\\\/image\\\/\"},\"sameAs\":[\"https:\\\/\\\/www.facebook.com\\\/cdeuniversidadalmeria\\\/\",\"https:\\\/\\\/x.com\\\/cdeualmeria\",\"https:\\\/\\\/www.tiktok.com\\\/@cdealmeria\",\"https:\\\/\\\/www.instagram.com\\\/cdealmeria\\\/\",\"https:\\\/\\\/www.linkedin.com\\\/in\\\/cde-almera-812b26a9\\\/\"]},{\"@type\":\"Person\",\"@id\":\"https:\\\/\\\/www.cde.ual.es\\\/#\\\/schema\\\/person\\\/224ef08c8bcc005f319d2713ce37ee5f\",\"name\":\"AdminCDE\",\"image\":{\"@type\":\"ImageObject\",\"inLanguage\":\"en-US\",\"@id\":\"https:\\\/\\\/secure.gravatar.com\\\/avatar\\\/a72d038d371f995cd13706fac32274b7952a52e8fb0a84b5f80c85426f2a98a8?s=96&d=mm&r=g\",\"url\":\"https:\\\/\\\/secure.gravatar.com\\\/avatar\\\/a72d038d371f995cd13706fac32274b7952a52e8fb0a84b5f80c85426f2a98a8?s=96&d=mm&r=g\",\"contentUrl\":\"https:\\\/\\\/secure.gravatar.com\\\/avatar\\\/a72d038d371f995cd13706fac32274b7952a52e8fb0a84b5f80c85426f2a98a8?s=96&d=mm&r=g\",\"caption\":\"AdminCDE\"}}]}<\/script>\n<!-- \/ Yoast SEO plugin. -->","yoast_head_json":{"title":"European Parliament launches website in cooperation with Ukrainian Parliament | CDE Almer\u00eda - Centro de Documentaci\u00f3n Europea - Universidad de Almer\u00eda","robots":{"index":"index","follow":"follow","max-snippet":"max-snippet:-1","max-image-preview":"max-image-preview:large","max-video-preview":"max-video-preview:-1"},"canonical":"https:\/\/www.cde.ual.es\/en\/european-parliament-launches-website-in-cooperation-with-ukrainian-parliament\/","og_locale":"en_US","og_type":"article","og_title":"European Parliament launches website in cooperation with Ukrainian Parliament | CDE Almer\u00eda - Centro de Documentaci\u00f3n Europea - Universidad de Almer\u00eda","og_description":"As a result of the cooperation with Ukraine\u2019s Verkhovna Rada in the field of democracy support, the new website shows how the EU has supported Ukraine since 2014. \u201cThe EU stands with Ukraine\u201d: the website (in English and Ukrainian) set up by Parliament, provides the latest news, videos and podcasts, relevant legislation and resolutions to [&hellip;]","og_url":"https:\/\/www.cde.ual.es\/en\/european-parliament-launches-website-in-cooperation-with-ukrainian-parliament\/","og_site_name":"CDE Almer\u00eda - Centro de Documentaci\u00f3n Europea - Universidad de Almer\u00eda","article_publisher":"https:\/\/www.facebook.com\/cdeuniversidadalmeria\/","article_published_time":"2022-03-14T12:18:28+00:00","og_image":[{"width":1024,"height":691,"url":"https:\/\/www.cde.ual.es\/wp-content\/uploads\/2022\/03\/20140304PHT37515_original.jpg","type":"image\/jpeg"}],"author":"AdminCDE","twitter_card":"summary_large_image","twitter_creator":"@cdeualmeria","twitter_site":"@cdeualmeria","twitter_misc":{"Written by":"AdminCDE","Est. reading time":"3 minutes"},"schema":{"@context":"https:\/\/schema.org","@graph":[{"@type":"Article","@id":"https:\/\/www.cde.ual.es\/en\/european-parliament-launches-website-in-cooperation-with-ukrainian-parliament\/#article","isPartOf":{"@id":"https:\/\/www.cde.ual.es\/en\/european-parliament-launches-website-in-cooperation-with-ukrainian-parliament\/"},"author":{"name":"AdminCDE","@id":"https:\/\/www.cde.ual.es\/#\/schema\/person\/224ef08c8bcc005f319d2713ce37ee5f"},"headline":"European Parliament launches website in cooperation with Ukrainian Parliament","datePublished":"2022-03-14T12:18:28+00:00","mainEntityOfPage":{"@id":"https:\/\/www.cde.ual.es\/en\/european-parliament-launches-website-in-cooperation-with-ukrainian-parliament\/"},"wordCount":451,"commentCount":0,"publisher":{"@id":"https:\/\/www.cde.ual.es\/#organization"},"image":{"@id":"https:\/\/www.cde.ual.es\/en\/european-parliament-launches-website-in-cooperation-with-ukrainian-parliament\/#primaryimage"},"thumbnailUrl":"https:\/\/www.cde.ual.es\/wp-content\/uploads\/2022\/03\/20140304PHT37515_original.jpg","articleSection":["Defence &amp; Security","EU News","International Safety and Defence Politics"],"inLanguage":"en-US","potentialAction":[{"@type":"CommentAction","name":"Comment","target":["https:\/\/www.cde.ual.es\/en\/european-parliament-launches-website-in-cooperation-with-ukrainian-parliament\/#respond"]}]},{"@type":"WebPage","@id":"https:\/\/www.cde.ual.es\/en\/european-parliament-launches-website-in-cooperation-with-ukrainian-parliament\/","url":"https:\/\/www.cde.ual.es\/en\/european-parliament-launches-website-in-cooperation-with-ukrainian-parliament\/","name":"European Parliament launches website in cooperation with Ukrainian Parliament | CDE Almer\u00eda - Centro de Documentaci\u00f3n Europea - Universidad de Almer\u00eda","isPartOf":{"@id":"https:\/\/www.cde.ual.es\/#website"},"primaryImageOfPage":{"@id":"https:\/\/www.cde.ual.es\/en\/european-parliament-launches-website-in-cooperation-with-ukrainian-parliament\/#primaryimage"},"image":{"@id":"https:\/\/www.cde.ual.es\/en\/european-parliament-launches-website-in-cooperation-with-ukrainian-parliament\/#primaryimage"},"thumbnailUrl":"https:\/\/www.cde.ual.es\/wp-content\/uploads\/2022\/03\/20140304PHT37515_original.jpg","datePublished":"2022-03-14T12:18:28+00:00","breadcrumb":{"@id":"https:\/\/www.cde.ual.es\/en\/european-parliament-launches-website-in-cooperation-with-ukrainian-parliament\/#breadcrumb"},"inLanguage":"en-US","potentialAction":[{"@type":"ReadAction","target":["https:\/\/www.cde.ual.es\/en\/european-parliament-launches-website-in-cooperation-with-ukrainian-parliament\/"]}]},{"@type":"ImageObject","inLanguage":"en-US","@id":"https:\/\/www.cde.ual.es\/en\/european-parliament-launches-website-in-cooperation-with-ukrainian-parliament\/#primaryimage","url":"https:\/\/www.cde.ual.es\/wp-content\/uploads\/2022\/03\/20140304PHT37515_original.jpg","contentUrl":"https:\/\/www.cde.ual.es\/wp-content\/uploads\/2022\/03\/20140304PHT37515_original.jpg","width":1024,"height":691,"caption":"A Ukrainian flag flutters over Independence square during a mass rally of the opposition in Kiev on February 9, 2014. An estimated 70,000 pro-Western Ukrainians thronged the heart of Kiev on Sunday vowing never to give up their drive to oust President Viktor Yanukovych for his alliance with old master Russia. Wearing blue and yellow ribbons -- the colours of both Ukraine and the European Union -- the crowd sreceived a religious blessing before opposition leaders took to a podium on Independence Square in a bid to ratchet up pressure on Yanukovych to appoint a new pro-Western government. AFP PHOTO\/GENYA SAVILOV"},{"@type":"BreadcrumbList","@id":"https:\/\/www.cde.ual.es\/en\/european-parliament-launches-website-in-cooperation-with-ukrainian-parliament\/#breadcrumb","itemListElement":[{"@type":"ListItem","position":1,"name":"Inicio","item":"https:\/\/www.cde.ual.es\/en\/"},{"@type":"ListItem","position":2,"name":"EU News","item":"https:\/\/www.cde.ual.es\/en\/category\/eu-news\/"},{"@type":"ListItem","position":3,"name":"Defence &amp; Security","item":"https:\/\/www.cde.ual.es\/en\/category\/eu-news\/defence-security\/"},{"@type":"ListItem","position":4,"name":"International Safety and Defence Politics","item":"https:\/\/www.cde.ual.es\/en\/category\/eu-news\/defence-security\/internat-safety-pol\/"},{"@type":"ListItem","position":5,"name":"European Parliament launches website in cooperation with Ukrainian Parliament"}]},{"@type":"WebSite","@id":"https:\/\/www.cde.ual.es\/#website","url":"https:\/\/www.cde.ual.es\/","name":"CDE Almer\u00eda - Centro de Documentaci\u00f3n Europea - Universidad de Almer\u00eda","description":"Centro de Documentaci\u00f3n Europea de la Universidad de Almer\u00eda","publisher":{"@id":"https:\/\/www.cde.ual.es\/#organization"},"alternateName":"CDE Almer\u00eda","potentialAction":[{"@type":"SearchAction","target":{"@type":"EntryPoint","urlTemplate":"https:\/\/www.cde.ual.es\/?s={search_term_string}"},"query-input":{"@type":"PropertyValueSpecification","valueRequired":true,"valueName":"search_term_string"}}],"inLanguage":"en-US"},{"@type":"Organization","@id":"https:\/\/www.cde.ual.es\/#organization","name":"Centro de Documentaci\u00f3n Europea de Almer\u00eda","url":"https:\/\/www.cde.ual.es\/","logo":{"@type":"ImageObject","inLanguage":"en-US","@id":"https:\/\/www.cde.ual.es\/#\/schema\/logo\/image\/","url":"https:\/\/www.cde.ual.es\/wp-content\/uploads\/2025\/07\/cde-logo-3.png","contentUrl":"https:\/\/www.cde.ual.es\/wp-content\/uploads\/2025\/07\/cde-logo-3.png","width":1400,"height":300,"caption":"Centro de Documentaci\u00f3n Europea de Almer\u00eda"},"image":{"@id":"https:\/\/www.cde.ual.es\/#\/schema\/logo\/image\/"},"sameAs":["https:\/\/www.facebook.com\/cdeuniversidadalmeria\/","https:\/\/x.com\/cdeualmeria","https:\/\/www.tiktok.com\/@cdealmeria","https:\/\/www.instagram.com\/cdealmeria\/","https:\/\/www.linkedin.com\/in\/cde-almera-812b26a9\/"]},{"@type":"Person","@id":"https:\/\/www.cde.ual.es\/#\/schema\/person\/224ef08c8bcc005f319d2713ce37ee5f","name":"AdminCDE","image":{"@type":"ImageObject","inLanguage":"en-US","@id":"https:\/\/secure.gravatar.com\/avatar\/a72d038d371f995cd13706fac32274b7952a52e8fb0a84b5f80c85426f2a98a8?s=96&d=mm&r=g","url":"https:\/\/secure.gravatar.com\/avatar\/a72d038d371f995cd13706fac32274b7952a52e8fb0a84b5f80c85426f2a98a8?s=96&d=mm&r=g","contentUrl":"https:\/\/secure.gravatar.com\/avatar\/a72d038d371f995cd13706fac32274b7952a52e8fb0a84b5f80c85426f2a98a8?s=96&d=mm&r=g","caption":"AdminCDE"}}]}},"_links":{"self":[{"href":"https:\/\/www.cde.ual.es\/en\/wp-json\/wp\/v2\/posts\/98981","targetHints":{"allow":["GET"]}}],"collection":[{"href":"https:\/\/www.cde.ual.es\/en\/wp-json\/wp\/v2\/posts"}],"about":[{"href":"https:\/\/www.cde.ual.es\/en\/wp-json\/wp\/v2\/types\/post"}],"author":[{"embeddable":true,"href":"https:\/\/www.cde.ual.es\/en\/wp-json\/wp\/v2\/users\/1"}],"replies":[{"embeddable":true,"href":"https:\/\/www.cde.ual.es\/en\/wp-json\/wp\/v2\/comments?post=98981"}],"version-history":[{"count":0,"href":"https:\/\/www.cde.ual.es\/en\/wp-json\/wp\/v2\/posts\/98981\/revisions"}],"wp:featuredmedia":[{"embeddable":true,"href":"https:\/\/www.cde.ual.es\/en\/wp-json\/wp\/v2\/media\/98982"}],"wp:attachment":[{"href":"https:\/\/www.cde.ual.es\/en\/wp-json\/wp\/v2\/media?parent=98981"}],"wp:term":[{"taxonomy":"category","embeddable":true,"href":"https:\/\/www.cde.ual.es\/en\/wp-json\/wp\/v2\/categories?post=98981"},{"taxonomy":"post_tag","embeddable":true,"href":"https:\/\/www.cde.ual.es\/en\/wp-json\/wp\/v2\/tags?post=98981"}],"curies":[{"name":"wp","href":"https:\/\/api.w.org\/{rel}","templated":true}]}}