{"id":98977,"date":"2022-03-15T03:00:40","date_gmt":"2022-03-15T02:00:40","guid":{"rendered":"https:\/\/www.cde.ual.es\/?p=98977"},"modified":"2022-03-14T13:12:39","modified_gmt":"2022-03-14T12:12:39","slug":"the-government-adopts-with-the-autonomous-communities-the-agreements-of-the-island-of-la-palma-to-give-a-united-response-to-the-impact-of-the-war-in-ukraine","status":"publish","type":"post","link":"https:\/\/www.cde.ual.es\/en\/the-government-adopts-with-the-autonomous-communities-the-agreements-of-the-island-of-la-palma-to-give-a-united-response-to-the-impact-of-the-war-in-ukraine\/","title":{"rendered":"The Government adopts with the Autonomous Communities the Agreements of the island of La Palma to give a united response to the impact of the war in Ukraine."},"content":{"rendered":"<p><img decoding=\"async\" class=\"aligncenter\" src=\"https:\/\/www.lamoncloa.gob.es\/multimedia\/fotos\/presidente\/PublishingImages\/2022\/130322-sanchez-conferenciapresidentes.png?RenditionID=33\" alt=\"13\/03\/2022. Foto de familia de la XXVI Conferencia de Presidentes. Foto de familia de la XXVI Conferencia de Presidentes\" width=\"499\" height=\"333\" \/><\/p>\n<p>The XXVI Conference of Presidents, chaired this Sunday by Pedro S\u00e1nchez on the island of La Palma, has adopted, with the agreement of all the autonomous communities and cities, the Agreements of the island of La Palma to give a unity response to the impact of the war in Ukraine after the military aggression of the Russian Federation.<\/p>\n<p>&#8220;Today Spain comes out stronger from this Conference of Presidents because we are more united&#8221;, stressed the spokesperson of the Government and Minister of Territorial Policy, Isabel Rodr\u00edguez, in relation to the unity and unanimous consensus of all the administrations to respond to the impact of the war in Ukraine.<\/p>\n<p>The meeting of the President of the Government with all the regional leaders has agreed to strengthen the cooperation mechanisms between the Executive and the autonomous communities around four main axes: humanitarian aid and reception of refugees, response to the rise in the price of energy, deployment of European funds and articulation of the National Response Plan to the consequences of the war in Ukraine, with the aim of strengthening and ensuring institutional cooperation to respond to the socio-economic consequences of the Russian invasion.<\/p>\n<p>In this way, the Conference of Presidents has expressed its unity, in support of the Executive, against the invasion of Ukraine and has taken the first step to achieve a comprehensive plan of response to the crisis, which will be implemented through the cooperation bodies. In this regard, the Minister Spokesperson stressed that the Spanish Government practices &#8220;co-governance out of conviction&#8221;.<\/p>\n<h4>Unity response with concrete measures<\/h4>\n<p>The XXVI Conference of Presidents has agreed to reinforce the cooperation between all the administrations to articulate the National Plan of Response to the consequences derived from this war, a dynamic plan open to dialogue with the social agents, the parliamentary groups and the autonomous communities.<\/p>\n<p>The Government has reaffirmed Spain&#8217;s energetic and unanimous condemnation of Russia&#8217;s aggression, as well as its unequivocal support for Ukraine. Likewise, the Executive has asked for institutional cooperation in relation to humanitarian aid and has committed itself to guarantee economic resources to the autonomous communities for the reception of people affected by the war. In this matter, there are already 5,400 places available in the state system and 12,800 in the autonomous communities and city councils.<\/p>\n<p>In the energy field, the Government has asked for the support of the autonomous communities for the proposal to unlink gas and electricity prices, in order to reduce energy dependence on Russia through gas interconnections and the promotion of green hydrogen and renewable energies.<\/p>\n<p>In fiscal matters, the Executive has underlined the fiscal effort carried out with the reduction of all taxes on electricity, which means between 10,000 and 12,000 million Euros until the end of the year in tax reductions and suspensions. In addition, the Government has expressed its willingness to continue talking with the autonomous communities on this matter.<\/p>\n<p>At the same time, the Conference has agreed to improve the functioning of technological services and cybersecurity, as well as to strengthen cooperation and collaboration with the autonomous communities in this area.<\/p>\n<h4>Acceleration of European funds as a basis for recovery<\/h4>\n<p>The execution of European funds has also been one of the central points of the XXVI Conference of Presidents. The Government has agreed with the Autonomous Communities to reduce and speed up the procedures and deadlines for the execution of projects for the development of renewable energies, energy efficiency or housing rehabilitation.<\/p>\n<p>The Executive has urged to leave aside the partisan struggle in the management of the European funds and to accelerate the execution of the already allocated funds, with the aim of consolidating the economic recovery and continuing on the path of job creation.<\/p>\n<h4>Commitment to the recovery of La Palma<\/h4>\n<p>The celebration of the XXVI Conference of Presidents is added to the Act of Homage to the Exemplary People of La Palma, organized by the Government and presided by Their Majesties the King and Queen of Spain this Saturday, March 12th, as a sign of the commitment of the Executive with the recovery of the Canary Island after the volcanic emergency caused by the eruption of the Cumbre Vieja volcano.<\/p>\n<p>The event was attended by His Majesty the King, Felipe VI, and the participation, on behalf of the Spanish Government, of the Vice-Presidents Nadia Calvi\u00f1o and Teresa Ribera and the Ministers Jos\u00e9 Manuel Albares, Mar\u00eda Jes\u00fas Montero, Fernando Grande-Marlaska, F\u00e9lix Bola\u00f1os, Isabel Rodr\u00edguez, Carolina Darias and Jos\u00e9 Luis Escriv\u00e1.<\/p>\n<p><strong><a href=\"https:\/\/www.lamoncloa.gob.es\/presidente\/actividades\/Paginas\/2022\/130322-sanchez-conferenciapresidentes.aspx\">More information: La Moncloa &#8211; Press release<\/a><\/strong><\/p>\n","protected":false},"excerpt":{"rendered":"<p>The XXVI Conference of Presidents, chaired this Sunday by Pedro S\u00e1nchez on the island of La Palma, has adopted, with the agreement of all the autonomous communities and cities, the Agreements of the island of La Palma to give a unity response to the impact of the war in Ukraine after the military aggression of [&hellip;]<\/p>\n","protected":false},"author":1,"featured_media":98975,"comment_status":"open","ping_status":"open","sticky":false,"template":"","format":"standard","meta":{"_acf_changed":false,"_relevanssi_hide_post":"","_relevanssi_hide_content":"","_relevanssi_pin_for_all":"","_relevanssi_pin_keywords":"","_relevanssi_unpin_keywords":"","_relevanssi_related_keywords":"","_relevanssi_related_include_ids":"","_relevanssi_related_exclude_ids":"","_relevanssi_related_no_append":"","_relevanssi_related_not_related":"","_relevanssi_related_posts":"","_relevanssi_noindex_reason":"","_monsterinsights_skip_tracking":false,"_monsterinsights_sitenote_active":false,"_monsterinsights_sitenote_note":"","_monsterinsights_sitenote_category":0,"_genesis_hide_title":false,"_genesis_hide_breadcrumbs":false,"_genesis_hide_singular_image":false,"_genesis_hide_footer_widgets":false,"_genesis_custom_body_class":"","_genesis_custom_post_class":"","_genesis_layout":"","footnotes":""},"categories":[346,4064,4065],"tags":[],"class_list":{"0":"post-98977","1":"post","2":"type-post","3":"status-publish","4":"format-standard","5":"has-post-thumbnail","7":"category-eu-news","8":"category-institutional","9":"category-international-pol-coop","10":"entry"},"acf":[],"yoast_head":"<!-- This site is optimized with the Yoast SEO plugin v27.5 - https:\/\/yoast.com\/product\/yoast-seo-wordpress\/ -->\n<title>The Government adopts with the Autonomous Communities the Agreements of the island of La Palma to give a united response to the impact of the war in Ukraine. | CDE Almer\u00eda - Centro de Documentaci\u00f3n Europea - Universidad de Almer\u00eda<\/title>\n<meta name=\"robots\" content=\"index, follow, max-snippet:-1, max-image-preview:large, max-video-preview:-1\" \/>\n<link rel=\"canonical\" href=\"https:\/\/www.cde.ual.es\/el-gobierno-adopta-con-las-ccaa-los-acuerdos-de-la-isla-de-la-palma-para-dar-una-respuesta-de-unidad-ante-el-impacto-de-la-guerra-en-ucrania\/\" \/>\n<meta property=\"og:locale\" content=\"en_US\" \/>\n<meta property=\"og:type\" content=\"article\" \/>\n<meta property=\"og:title\" content=\"The Government adopts with the Autonomous Communities the Agreements of the island of La Palma to give a united response to the impact of the war in Ukraine. | CDE Almer\u00eda - Centro de Documentaci\u00f3n Europea - Universidad de Almer\u00eda\" \/>\n<meta property=\"og:description\" content=\"The XXVI Conference of Presidents, chaired this Sunday by Pedro S\u00e1nchez on the island of La Palma, has adopted, with the agreement of all the autonomous communities and cities, the Agreements of the island of La Palma to give a unity response to the impact of the war in Ukraine after the military aggression of [&hellip;]\" \/>\n<meta property=\"og:url\" content=\"https:\/\/www.cde.ual.es\/el-gobierno-adopta-con-las-ccaa-los-acuerdos-de-la-isla-de-la-palma-para-dar-una-respuesta-de-unidad-ante-el-impacto-de-la-guerra-en-ucrania\/\" \/>\n<meta property=\"og:site_name\" content=\"CDE Almer\u00eda - Centro de Documentaci\u00f3n Europea - Universidad de Almer\u00eda\" \/>\n<meta property=\"article:publisher\" content=\"https:\/\/www.facebook.com\/cdeuniversidadalmeria\/\" \/>\n<meta property=\"article:published_time\" content=\"2022-03-15T02:00:40+00:00\" \/>\n<meta property=\"og:image\" content=\"https:\/\/www.cde.ual.es\/wp-content\/uploads\/2022\/03\/130322-sanchez-conferenciapresidentes.png\" \/>\n\t<meta property=\"og:image:width\" content=\"720\" \/>\n\t<meta property=\"og:image:height\" content=\"480\" \/>\n\t<meta property=\"og:image:type\" content=\"image\/png\" \/>\n<meta name=\"author\" content=\"AdminCDE\" \/>\n<meta name=\"twitter:card\" content=\"summary_large_image\" \/>\n<meta name=\"twitter:creator\" content=\"@cdeualmeria\" \/>\n<meta name=\"twitter:site\" content=\"@cdeualmeria\" \/>\n<meta name=\"twitter:label1\" content=\"Written by\" \/>\n\t<meta name=\"twitter:data1\" content=\"AdminCDE\" \/>\n\t<meta name=\"twitter:label2\" content=\"Est. reading time\" \/>\n\t<meta name=\"twitter:data2\" content=\"4 minutes\" \/>\n<script type=\"application\/ld+json\" class=\"yoast-schema-graph\">{\"@context\":\"https:\\\/\\\/schema.org\",\"@graph\":[{\"@type\":\"Article\",\"@id\":\"https:\\\/\\\/www.cde.ual.es\\\/el-gobierno-adopta-con-las-ccaa-los-acuerdos-de-la-isla-de-la-palma-para-dar-una-respuesta-de-unidad-ante-el-impacto-de-la-guerra-en-ucrania\\\/#article\",\"isPartOf\":{\"@id\":\"https:\\\/\\\/www.cde.ual.es\\\/el-gobierno-adopta-con-las-ccaa-los-acuerdos-de-la-isla-de-la-palma-para-dar-una-respuesta-de-unidad-ante-el-impacto-de-la-guerra-en-ucrania\\\/\"},\"author\":{\"name\":\"AdminCDE\",\"@id\":\"https:\\\/\\\/www.cde.ual.es\\\/#\\\/schema\\\/person\\\/224ef08c8bcc005f319d2713ce37ee5f\"},\"headline\":\"The Government adopts with the Autonomous Communities the Agreements of the island of La Palma to give a united response to the impact of the war in Ukraine.\",\"datePublished\":\"2022-03-15T02:00:40+00:00\",\"mainEntityOfPage\":{\"@id\":\"https:\\\/\\\/www.cde.ual.es\\\/el-gobierno-adopta-con-las-ccaa-los-acuerdos-de-la-isla-de-la-palma-para-dar-una-respuesta-de-unidad-ante-el-impacto-de-la-guerra-en-ucrania\\\/\"},\"wordCount\":784,\"commentCount\":0,\"publisher\":{\"@id\":\"https:\\\/\\\/www.cde.ual.es\\\/#organization\"},\"image\":{\"@id\":\"https:\\\/\\\/www.cde.ual.es\\\/el-gobierno-adopta-con-las-ccaa-los-acuerdos-de-la-isla-de-la-palma-para-dar-una-respuesta-de-unidad-ante-el-impacto-de-la-guerra-en-ucrania\\\/#primaryimage\"},\"thumbnailUrl\":\"https:\\\/\\\/www.cde.ual.es\\\/wp-content\\\/uploads\\\/2022\\\/03\\\/130322-sanchez-conferenciapresidentes.png\",\"articleSection\":[\"EU News\",\"Institutional Affairs\",\"International Politics and Cooperation\"],\"inLanguage\":\"en-US\",\"potentialAction\":[{\"@type\":\"CommentAction\",\"name\":\"Comment\",\"target\":[\"https:\\\/\\\/www.cde.ual.es\\\/el-gobierno-adopta-con-las-ccaa-los-acuerdos-de-la-isla-de-la-palma-para-dar-una-respuesta-de-unidad-ante-el-impacto-de-la-guerra-en-ucrania\\\/#respond\"]}]},{\"@type\":\"WebPage\",\"@id\":\"https:\\\/\\\/www.cde.ual.es\\\/el-gobierno-adopta-con-las-ccaa-los-acuerdos-de-la-isla-de-la-palma-para-dar-una-respuesta-de-unidad-ante-el-impacto-de-la-guerra-en-ucrania\\\/\",\"url\":\"https:\\\/\\\/www.cde.ual.es\\\/el-gobierno-adopta-con-las-ccaa-los-acuerdos-de-la-isla-de-la-palma-para-dar-una-respuesta-de-unidad-ante-el-impacto-de-la-guerra-en-ucrania\\\/\",\"name\":\"The Government adopts with the Autonomous Communities the Agreements of the island of La Palma to give a united response to the impact of the war in Ukraine. | CDE Almer\u00eda - Centro de Documentaci\u00f3n Europea - Universidad de Almer\u00eda\",\"isPartOf\":{\"@id\":\"https:\\\/\\\/www.cde.ual.es\\\/#website\"},\"primaryImageOfPage\":{\"@id\":\"https:\\\/\\\/www.cde.ual.es\\\/el-gobierno-adopta-con-las-ccaa-los-acuerdos-de-la-isla-de-la-palma-para-dar-una-respuesta-de-unidad-ante-el-impacto-de-la-guerra-en-ucrania\\\/#primaryimage\"},\"image\":{\"@id\":\"https:\\\/\\\/www.cde.ual.es\\\/el-gobierno-adopta-con-las-ccaa-los-acuerdos-de-la-isla-de-la-palma-para-dar-una-respuesta-de-unidad-ante-el-impacto-de-la-guerra-en-ucrania\\\/#primaryimage\"},\"thumbnailUrl\":\"https:\\\/\\\/www.cde.ual.es\\\/wp-content\\\/uploads\\\/2022\\\/03\\\/130322-sanchez-conferenciapresidentes.png\",\"datePublished\":\"2022-03-15T02:00:40+00:00\",\"breadcrumb\":{\"@id\":\"https:\\\/\\\/www.cde.ual.es\\\/el-gobierno-adopta-con-las-ccaa-los-acuerdos-de-la-isla-de-la-palma-para-dar-una-respuesta-de-unidad-ante-el-impacto-de-la-guerra-en-ucrania\\\/#breadcrumb\"},\"inLanguage\":\"en-US\",\"potentialAction\":[{\"@type\":\"ReadAction\",\"target\":[\"https:\\\/\\\/www.cde.ual.es\\\/el-gobierno-adopta-con-las-ccaa-los-acuerdos-de-la-isla-de-la-palma-para-dar-una-respuesta-de-unidad-ante-el-impacto-de-la-guerra-en-ucrania\\\/\"]}]},{\"@type\":\"ImageObject\",\"inLanguage\":\"en-US\",\"@id\":\"https:\\\/\\\/www.cde.ual.es\\\/el-gobierno-adopta-con-las-ccaa-los-acuerdos-de-la-isla-de-la-palma-para-dar-una-respuesta-de-unidad-ante-el-impacto-de-la-guerra-en-ucrania\\\/#primaryimage\",\"url\":\"https:\\\/\\\/www.cde.ual.es\\\/wp-content\\\/uploads\\\/2022\\\/03\\\/130322-sanchez-conferenciapresidentes.png\",\"contentUrl\":\"https:\\\/\\\/www.cde.ual.es\\\/wp-content\\\/uploads\\\/2022\\\/03\\\/130322-sanchez-conferenciapresidentes.png\",\"width\":720,\"height\":480},{\"@type\":\"BreadcrumbList\",\"@id\":\"https:\\\/\\\/www.cde.ual.es\\\/el-gobierno-adopta-con-las-ccaa-los-acuerdos-de-la-isla-de-la-palma-para-dar-una-respuesta-de-unidad-ante-el-impacto-de-la-guerra-en-ucrania\\\/#breadcrumb\",\"itemListElement\":[{\"@type\":\"ListItem\",\"position\":1,\"name\":\"Inicio\",\"item\":\"https:\\\/\\\/www.cde.ual.es\\\/en\\\/\"},{\"@type\":\"ListItem\",\"position\":2,\"name\":\"Noticias UE\",\"item\":\"https:\\\/\\\/www.cde.ual.es\\\/category\\\/noticias-ue\\\/\"},{\"@type\":\"ListItem\",\"position\":3,\"name\":\"Asuntos Institucionales\",\"item\":\"https:\\\/\\\/www.cde.ual.es\\\/category\\\/noticias-ue\\\/institucionales\\\/\"},{\"@type\":\"ListItem\",\"position\":4,\"name\":\"International Politics and Cooperation\",\"item\":\"https:\\\/\\\/www.cde.ual.es\\\/en\\\/category\\\/eu-news\\\/institutional\\\/international-pol-coop\\\/\"},{\"@type\":\"ListItem\",\"position\":5,\"name\":\"The Government adopts with the Autonomous Communities the Agreements of the island of La Palma to give a united response to the impact of the war in Ukraine.\"}]},{\"@type\":\"WebSite\",\"@id\":\"https:\\\/\\\/www.cde.ual.es\\\/#website\",\"url\":\"https:\\\/\\\/www.cde.ual.es\\\/\",\"name\":\"CDE Almer\u00eda - Centro de Documentaci\u00f3n Europea - Universidad de Almer\u00eda\",\"description\":\"Centro de Documentaci\u00f3n Europea de la Universidad de Almer\u00eda\",\"publisher\":{\"@id\":\"https:\\\/\\\/www.cde.ual.es\\\/#organization\"},\"alternateName\":\"CDE Almer\u00eda\",\"potentialAction\":[{\"@type\":\"SearchAction\",\"target\":{\"@type\":\"EntryPoint\",\"urlTemplate\":\"https:\\\/\\\/www.cde.ual.es\\\/?s={search_term_string}\"},\"query-input\":{\"@type\":\"PropertyValueSpecification\",\"valueRequired\":true,\"valueName\":\"search_term_string\"}}],\"inLanguage\":\"en-US\"},{\"@type\":\"Organization\",\"@id\":\"https:\\\/\\\/www.cde.ual.es\\\/#organization\",\"name\":\"Centro de Documentaci\u00f3n Europea de Almer\u00eda\",\"url\":\"https:\\\/\\\/www.cde.ual.es\\\/\",\"logo\":{\"@type\":\"ImageObject\",\"inLanguage\":\"en-US\",\"@id\":\"https:\\\/\\\/www.cde.ual.es\\\/#\\\/schema\\\/logo\\\/image\\\/\",\"url\":\"https:\\\/\\\/www.cde.ual.es\\\/wp-content\\\/uploads\\\/2025\\\/07\\\/cde-logo-3.png\",\"contentUrl\":\"https:\\\/\\\/www.cde.ual.es\\\/wp-content\\\/uploads\\\/2025\\\/07\\\/cde-logo-3.png\",\"width\":1400,\"height\":300,\"caption\":\"Centro de Documentaci\u00f3n Europea de Almer\u00eda\"},\"image\":{\"@id\":\"https:\\\/\\\/www.cde.ual.es\\\/#\\\/schema\\\/logo\\\/image\\\/\"},\"sameAs\":[\"https:\\\/\\\/www.facebook.com\\\/cdeuniversidadalmeria\\\/\",\"https:\\\/\\\/x.com\\\/cdeualmeria\",\"https:\\\/\\\/www.tiktok.com\\\/@cdealmeria\",\"https:\\\/\\\/www.instagram.com\\\/cdealmeria\\\/\",\"https:\\\/\\\/www.linkedin.com\\\/in\\\/cde-almera-812b26a9\\\/\"]},{\"@type\":\"Person\",\"@id\":\"https:\\\/\\\/www.cde.ual.es\\\/#\\\/schema\\\/person\\\/224ef08c8bcc005f319d2713ce37ee5f\",\"name\":\"AdminCDE\",\"image\":{\"@type\":\"ImageObject\",\"inLanguage\":\"en-US\",\"@id\":\"https:\\\/\\\/secure.gravatar.com\\\/avatar\\\/a72d038d371f995cd13706fac32274b7952a52e8fb0a84b5f80c85426f2a98a8?s=96&d=mm&r=g\",\"url\":\"https:\\\/\\\/secure.gravatar.com\\\/avatar\\\/a72d038d371f995cd13706fac32274b7952a52e8fb0a84b5f80c85426f2a98a8?s=96&d=mm&r=g\",\"contentUrl\":\"https:\\\/\\\/secure.gravatar.com\\\/avatar\\\/a72d038d371f995cd13706fac32274b7952a52e8fb0a84b5f80c85426f2a98a8?s=96&d=mm&r=g\",\"caption\":\"AdminCDE\"}}]}<\/script>\n<!-- \/ Yoast SEO plugin. -->","yoast_head_json":{"title":"The Government adopts with the Autonomous Communities the Agreements of the island of La Palma to give a united response to the impact of the war in Ukraine. | CDE Almer\u00eda - Centro de Documentaci\u00f3n Europea - Universidad de Almer\u00eda","robots":{"index":"index","follow":"follow","max-snippet":"max-snippet:-1","max-image-preview":"max-image-preview:large","max-video-preview":"max-video-preview:-1"},"canonical":"https:\/\/www.cde.ual.es\/el-gobierno-adopta-con-las-ccaa-los-acuerdos-de-la-isla-de-la-palma-para-dar-una-respuesta-de-unidad-ante-el-impacto-de-la-guerra-en-ucrania\/","og_locale":"en_US","og_type":"article","og_title":"The Government adopts with the Autonomous Communities the Agreements of the island of La Palma to give a united response to the impact of the war in Ukraine. | CDE Almer\u00eda - Centro de Documentaci\u00f3n Europea - Universidad de Almer\u00eda","og_description":"The XXVI Conference of Presidents, chaired this Sunday by Pedro S\u00e1nchez on the island of La Palma, has adopted, with the agreement of all the autonomous communities and cities, the Agreements of the island of La Palma to give a unity response to the impact of the war in Ukraine after the military aggression of [&hellip;]","og_url":"https:\/\/www.cde.ual.es\/el-gobierno-adopta-con-las-ccaa-los-acuerdos-de-la-isla-de-la-palma-para-dar-una-respuesta-de-unidad-ante-el-impacto-de-la-guerra-en-ucrania\/","og_site_name":"CDE Almer\u00eda - Centro de Documentaci\u00f3n Europea - Universidad de Almer\u00eda","article_publisher":"https:\/\/www.facebook.com\/cdeuniversidadalmeria\/","article_published_time":"2022-03-15T02:00:40+00:00","og_image":[{"width":720,"height":480,"url":"https:\/\/www.cde.ual.es\/wp-content\/uploads\/2022\/03\/130322-sanchez-conferenciapresidentes.png","type":"image\/png"}],"author":"AdminCDE","twitter_card":"summary_large_image","twitter_creator":"@cdeualmeria","twitter_site":"@cdeualmeria","twitter_misc":{"Written by":"AdminCDE","Est. reading time":"4 minutes"},"schema":{"@context":"https:\/\/schema.org","@graph":[{"@type":"Article","@id":"https:\/\/www.cde.ual.es\/el-gobierno-adopta-con-las-ccaa-los-acuerdos-de-la-isla-de-la-palma-para-dar-una-respuesta-de-unidad-ante-el-impacto-de-la-guerra-en-ucrania\/#article","isPartOf":{"@id":"https:\/\/www.cde.ual.es\/el-gobierno-adopta-con-las-ccaa-los-acuerdos-de-la-isla-de-la-palma-para-dar-una-respuesta-de-unidad-ante-el-impacto-de-la-guerra-en-ucrania\/"},"author":{"name":"AdminCDE","@id":"https:\/\/www.cde.ual.es\/#\/schema\/person\/224ef08c8bcc005f319d2713ce37ee5f"},"headline":"The Government adopts with the Autonomous Communities the Agreements of the island of La Palma to give a united response to the impact of the war in Ukraine.","datePublished":"2022-03-15T02:00:40+00:00","mainEntityOfPage":{"@id":"https:\/\/www.cde.ual.es\/el-gobierno-adopta-con-las-ccaa-los-acuerdos-de-la-isla-de-la-palma-para-dar-una-respuesta-de-unidad-ante-el-impacto-de-la-guerra-en-ucrania\/"},"wordCount":784,"commentCount":0,"publisher":{"@id":"https:\/\/www.cde.ual.es\/#organization"},"image":{"@id":"https:\/\/www.cde.ual.es\/el-gobierno-adopta-con-las-ccaa-los-acuerdos-de-la-isla-de-la-palma-para-dar-una-respuesta-de-unidad-ante-el-impacto-de-la-guerra-en-ucrania\/#primaryimage"},"thumbnailUrl":"https:\/\/www.cde.ual.es\/wp-content\/uploads\/2022\/03\/130322-sanchez-conferenciapresidentes.png","articleSection":["EU News","Institutional Affairs","International Politics and Cooperation"],"inLanguage":"en-US","potentialAction":[{"@type":"CommentAction","name":"Comment","target":["https:\/\/www.cde.ual.es\/el-gobierno-adopta-con-las-ccaa-los-acuerdos-de-la-isla-de-la-palma-para-dar-una-respuesta-de-unidad-ante-el-impacto-de-la-guerra-en-ucrania\/#respond"]}]},{"@type":"WebPage","@id":"https:\/\/www.cde.ual.es\/el-gobierno-adopta-con-las-ccaa-los-acuerdos-de-la-isla-de-la-palma-para-dar-una-respuesta-de-unidad-ante-el-impacto-de-la-guerra-en-ucrania\/","url":"https:\/\/www.cde.ual.es\/el-gobierno-adopta-con-las-ccaa-los-acuerdos-de-la-isla-de-la-palma-para-dar-una-respuesta-de-unidad-ante-el-impacto-de-la-guerra-en-ucrania\/","name":"The Government adopts with the Autonomous Communities the Agreements of the island of La Palma to give a united response to the impact of the war in Ukraine. | CDE Almer\u00eda - Centro de Documentaci\u00f3n Europea - Universidad de Almer\u00eda","isPartOf":{"@id":"https:\/\/www.cde.ual.es\/#website"},"primaryImageOfPage":{"@id":"https:\/\/www.cde.ual.es\/el-gobierno-adopta-con-las-ccaa-los-acuerdos-de-la-isla-de-la-palma-para-dar-una-respuesta-de-unidad-ante-el-impacto-de-la-guerra-en-ucrania\/#primaryimage"},"image":{"@id":"https:\/\/www.cde.ual.es\/el-gobierno-adopta-con-las-ccaa-los-acuerdos-de-la-isla-de-la-palma-para-dar-una-respuesta-de-unidad-ante-el-impacto-de-la-guerra-en-ucrania\/#primaryimage"},"thumbnailUrl":"https:\/\/www.cde.ual.es\/wp-content\/uploads\/2022\/03\/130322-sanchez-conferenciapresidentes.png","datePublished":"2022-03-15T02:00:40+00:00","breadcrumb":{"@id":"https:\/\/www.cde.ual.es\/el-gobierno-adopta-con-las-ccaa-los-acuerdos-de-la-isla-de-la-palma-para-dar-una-respuesta-de-unidad-ante-el-impacto-de-la-guerra-en-ucrania\/#breadcrumb"},"inLanguage":"en-US","potentialAction":[{"@type":"ReadAction","target":["https:\/\/www.cde.ual.es\/el-gobierno-adopta-con-las-ccaa-los-acuerdos-de-la-isla-de-la-palma-para-dar-una-respuesta-de-unidad-ante-el-impacto-de-la-guerra-en-ucrania\/"]}]},{"@type":"ImageObject","inLanguage":"en-US","@id":"https:\/\/www.cde.ual.es\/el-gobierno-adopta-con-las-ccaa-los-acuerdos-de-la-isla-de-la-palma-para-dar-una-respuesta-de-unidad-ante-el-impacto-de-la-guerra-en-ucrania\/#primaryimage","url":"https:\/\/www.cde.ual.es\/wp-content\/uploads\/2022\/03\/130322-sanchez-conferenciapresidentes.png","contentUrl":"https:\/\/www.cde.ual.es\/wp-content\/uploads\/2022\/03\/130322-sanchez-conferenciapresidentes.png","width":720,"height":480},{"@type":"BreadcrumbList","@id":"https:\/\/www.cde.ual.es\/el-gobierno-adopta-con-las-ccaa-los-acuerdos-de-la-isla-de-la-palma-para-dar-una-respuesta-de-unidad-ante-el-impacto-de-la-guerra-en-ucrania\/#breadcrumb","itemListElement":[{"@type":"ListItem","position":1,"name":"Inicio","item":"https:\/\/www.cde.ual.es\/en\/"},{"@type":"ListItem","position":2,"name":"Noticias UE","item":"https:\/\/www.cde.ual.es\/category\/noticias-ue\/"},{"@type":"ListItem","position":3,"name":"Asuntos Institucionales","item":"https:\/\/www.cde.ual.es\/category\/noticias-ue\/institucionales\/"},{"@type":"ListItem","position":4,"name":"International Politics and Cooperation","item":"https:\/\/www.cde.ual.es\/en\/category\/eu-news\/institutional\/international-pol-coop\/"},{"@type":"ListItem","position":5,"name":"The Government adopts with the Autonomous Communities the Agreements of the island of La Palma to give a united response to the impact of the war in Ukraine."}]},{"@type":"WebSite","@id":"https:\/\/www.cde.ual.es\/#website","url":"https:\/\/www.cde.ual.es\/","name":"CDE Almer\u00eda - Centro de Documentaci\u00f3n Europea - Universidad de Almer\u00eda","description":"Centro de Documentaci\u00f3n Europea de la Universidad de Almer\u00eda","publisher":{"@id":"https:\/\/www.cde.ual.es\/#organization"},"alternateName":"CDE Almer\u00eda","potentialAction":[{"@type":"SearchAction","target":{"@type":"EntryPoint","urlTemplate":"https:\/\/www.cde.ual.es\/?s={search_term_string}"},"query-input":{"@type":"PropertyValueSpecification","valueRequired":true,"valueName":"search_term_string"}}],"inLanguage":"en-US"},{"@type":"Organization","@id":"https:\/\/www.cde.ual.es\/#organization","name":"Centro de Documentaci\u00f3n Europea de Almer\u00eda","url":"https:\/\/www.cde.ual.es\/","logo":{"@type":"ImageObject","inLanguage":"en-US","@id":"https:\/\/www.cde.ual.es\/#\/schema\/logo\/image\/","url":"https:\/\/www.cde.ual.es\/wp-content\/uploads\/2025\/07\/cde-logo-3.png","contentUrl":"https:\/\/www.cde.ual.es\/wp-content\/uploads\/2025\/07\/cde-logo-3.png","width":1400,"height":300,"caption":"Centro de Documentaci\u00f3n Europea de Almer\u00eda"},"image":{"@id":"https:\/\/www.cde.ual.es\/#\/schema\/logo\/image\/"},"sameAs":["https:\/\/www.facebook.com\/cdeuniversidadalmeria\/","https:\/\/x.com\/cdeualmeria","https:\/\/www.tiktok.com\/@cdealmeria","https:\/\/www.instagram.com\/cdealmeria\/","https:\/\/www.linkedin.com\/in\/cde-almera-812b26a9\/"]},{"@type":"Person","@id":"https:\/\/www.cde.ual.es\/#\/schema\/person\/224ef08c8bcc005f319d2713ce37ee5f","name":"AdminCDE","image":{"@type":"ImageObject","inLanguage":"en-US","@id":"https:\/\/secure.gravatar.com\/avatar\/a72d038d371f995cd13706fac32274b7952a52e8fb0a84b5f80c85426f2a98a8?s=96&d=mm&r=g","url":"https:\/\/secure.gravatar.com\/avatar\/a72d038d371f995cd13706fac32274b7952a52e8fb0a84b5f80c85426f2a98a8?s=96&d=mm&r=g","contentUrl":"https:\/\/secure.gravatar.com\/avatar\/a72d038d371f995cd13706fac32274b7952a52e8fb0a84b5f80c85426f2a98a8?s=96&d=mm&r=g","caption":"AdminCDE"}}]}},"_links":{"self":[{"href":"https:\/\/www.cde.ual.es\/en\/wp-json\/wp\/v2\/posts\/98977","targetHints":{"allow":["GET"]}}],"collection":[{"href":"https:\/\/www.cde.ual.es\/en\/wp-json\/wp\/v2\/posts"}],"about":[{"href":"https:\/\/www.cde.ual.es\/en\/wp-json\/wp\/v2\/types\/post"}],"author":[{"embeddable":true,"href":"https:\/\/www.cde.ual.es\/en\/wp-json\/wp\/v2\/users\/1"}],"replies":[{"embeddable":true,"href":"https:\/\/www.cde.ual.es\/en\/wp-json\/wp\/v2\/comments?post=98977"}],"version-history":[{"count":0,"href":"https:\/\/www.cde.ual.es\/en\/wp-json\/wp\/v2\/posts\/98977\/revisions"}],"wp:featuredmedia":[{"embeddable":true,"href":"https:\/\/www.cde.ual.es\/en\/wp-json\/wp\/v2\/media\/98975"}],"wp:attachment":[{"href":"https:\/\/www.cde.ual.es\/en\/wp-json\/wp\/v2\/media?parent=98977"}],"wp:term":[{"taxonomy":"category","embeddable":true,"href":"https:\/\/www.cde.ual.es\/en\/wp-json\/wp\/v2\/categories?post=98977"},{"taxonomy":"post_tag","embeddable":true,"href":"https:\/\/www.cde.ual.es\/en\/wp-json\/wp\/v2\/tags?post=98977"}],"curies":[{"name":"wp","href":"https:\/\/api.w.org\/{rel}","templated":true}]}}