{"id":98927,"date":"2022-03-14T09:11:01","date_gmt":"2022-03-14T08:11:01","guid":{"rendered":"https:\/\/www.cde.ual.es\/?p=98927"},"modified":"2022-03-14T09:11:40","modified_gmt":"2022-03-14T08:11:40","slug":"declaration-by-the-high-representative-on-behalf-of-the-eu-on-the-alignment-of-certain-countries-concerning-restrictive-measures-directed-against-certain-persons-entities-and-bodies-in-view-of-the-si","status":"publish","type":"post","link":"https:\/\/www.cde.ual.es\/en\/declaration-by-the-high-representative-on-behalf-of-the-eu-on-the-alignment-of-certain-countries-concerning-restrictive-measures-directed-against-certain-persons-entities-and-bodies-in-view-of-the-si\/","title":{"rendered":"Declaration by the High Representative on behalf of the EU on the alignment of certain countries concerning restrictive measures directed against certain persons, entities and bodies in view of the situation in Ukraine"},"content":{"rendered":"<p>On 3 March 2022, the Council adopted Council Decision (CFSP) 2022\/376<sup>[1]<\/sup>.<\/p>\n<p>The Council extends the Decision until 6 March 2023. With regard to entries 1, 3, 7 and 9 in the Annex, the measures in Article 1 shall apply until 6 September 2022.<\/p>\n<p>The Annex is amended as set out in the Annex to this Decision.<\/p>\n<p>The Candidate Countries North Macedonia, Montenegro, Serbia and Albania<sup>[2]<\/sup>, the country of the Stabilisation and Association Process and potential candidate Bosnia and Herzegovina, and the EFTA countries Iceland, Liechtenstein and Norway, members of the European Economic Area, as well as Ukraine align themselves with this Council Decision.<\/p>\n<p>They will ensure that their national policies conform to this Council Decision.<\/p>\n<p>The European Union takes note of this commitment and welcomes it.<\/p>\n<p><strong><a href=\"https:\/\/www.consilium.europa.eu\/es\/press\/press-releases\/2022\/03\/12\/declaration-by-the-high-representative-on-behalf-of-the-eu-on-the-alignment-of-certain-countries-concerning-restrictive-measures-directed-against-certain-persons-entities-and-bodies-in-view-of-the-situation-in-ukraine\/\">More information: European Council &#8211; Press release<\/a><\/strong><\/p>\n<hr \/>\n<h3>Declaration by the High Representative on behalf of the EU on the alignment of certain countries concerning restrictive measures in view of the situation in Belarus<\/h3>\n<div class=\"col-md-9 council-left-content-basic council-flexify\">\n<p>On 2 March 2022, the Council adopted Council Decision (CFSP) 2022\/356<sup>[3]<\/sup>\u00a0amending Council Decision 2012\/642\/CFSP.<\/p>\n<p>The Council decided to take further restrictive measures in response to Belarus&#8217;s involvement in Russia&#8217;s aggression against Ukraine.<\/p>\n<p>The Candidate Countries North Macedonia, Montenegro and Albania<sup>[4]<\/sup>, the country of the Stabilisation and Association Process and potential candidate Bosnia and Herzegovina, and the EFTA countries Iceland, Liechtenstein and Norway, members of the European Economic Area, align themselves with this Council Decision.<\/p>\n<p>They will ensure that their national policies conform to this Council Decision.<\/p>\n<p>The European Union takes note of this commitment and welcomes it.<\/p>\n<p><strong><a href=\"https:\/\/www.consilium.europa.eu\/es\/press\/press-releases\/2022\/03\/12\/declaration-by-the-high-representative-on-behalf-of-the-eu-on-the-alignment-of-certain-countries-concerning-restrictive-measures-in-view-of-the-situation-in-belarus\/\">More information: European Council &#8211; Press release<\/a><\/strong><\/p>\n<\/div>\n<hr \/>\n<p><sup>[1]<\/sup>\u00a0Published on 03.03.2022 in the Official Journal of the European Union no. L 70, p. 7.<br \/>\n<sup>[2]<\/sup>\u00a0North Macedonia, Montenegro, Serbia and Albania continue to be part of the Stabilisation and Association Process.<\/p>\n<p><sup>[3]<\/sup>\u00a0Published on 02.03.2022 in the Official Journal of the European Union no. L 67, p.103<\/p>\n<p><sup>[4]<\/sup>\u00a0North Macedonia, Montenegro and Albania continue to be part of the Stabilisation and Association Process.<\/p>\n","protected":false},"excerpt":{"rendered":"<p>On 3 March 2022, the Council adopted Council Decision (CFSP) 2022\/376[1]. The Council extends the Decision until 6 March 2023. With regard to entries 1, 3, 7 and 9 in the Annex, the measures in Article 1 shall apply until 6 September 2022. The Annex is amended as set out in the Annex to this [&hellip;]<\/p>\n","protected":false},"author":1,"featured_media":95707,"comment_status":"open","ping_status":"open","sticky":false,"template":"","format":"standard","meta":{"_acf_changed":false,"_relevanssi_hide_post":"","_relevanssi_hide_content":"","_relevanssi_pin_for_all":"","_relevanssi_pin_keywords":"","_relevanssi_unpin_keywords":"","_relevanssi_related_keywords":"","_relevanssi_related_include_ids":"","_relevanssi_related_exclude_ids":"","_relevanssi_related_no_append":"","_relevanssi_related_not_related":"","_relevanssi_related_posts":"","_relevanssi_noindex_reason":"","_monsterinsights_skip_tracking":false,"_monsterinsights_sitenote_active":false,"_monsterinsights_sitenote_note":"","_monsterinsights_sitenote_category":0,"_genesis_hide_title":false,"_genesis_hide_breadcrumbs":false,"_genesis_hide_singular_image":false,"_genesis_hide_footer_widgets":false,"_genesis_custom_body_class":"","_genesis_custom_post_class":"","_genesis_layout":"","footnotes":""},"categories":[4075,346,4078],"tags":[],"class_list":{"0":"post-98927","1":"post","2":"type-post","3":"status-publish","4":"format-standard","5":"has-post-thumbnail","7":"category-defence-security","8":"category-eu-news","9":"category-internat-safety-pol","10":"entry"},"acf":[],"yoast_head":"<!-- This site is optimized with the Yoast SEO plugin v27.5 - https:\/\/yoast.com\/product\/yoast-seo-wordpress\/ -->\n<title>Declaration by the High Representative on behalf of the EU on the alignment of certain countries concerning restrictive measures directed against certain persons, entities and bodies in view of the situation in Ukraine | CDE Almer\u00eda - Centro de Documentaci\u00f3n Europea - Universidad de Almer\u00eda<\/title>\n<meta name=\"robots\" content=\"index, follow, max-snippet:-1, max-image-preview:large, max-video-preview:-1\" \/>\n<link rel=\"canonical\" href=\"https:\/\/www.cde.ual.es\/en\/declaration-by-the-high-representative-on-behalf-of-the-eu-on-the-alignment-of-certain-countries-concerning-restrictive-measures-directed-against-certain-persons-entities-and-bodies-in-view-of-the-si\/\" \/>\n<meta property=\"og:locale\" content=\"en_US\" \/>\n<meta property=\"og:type\" content=\"article\" \/>\n<meta property=\"og:title\" content=\"Declaration by the High Representative on behalf of the EU on the alignment of certain countries concerning restrictive measures directed against certain persons, entities and bodies in view of the situation in Ukraine | CDE Almer\u00eda - Centro de Documentaci\u00f3n Europea - Universidad de Almer\u00eda\" \/>\n<meta property=\"og:description\" content=\"On 3 March 2022, the Council adopted Council Decision (CFSP) 2022\/376[1]. The Council extends the Decision until 6 March 2023. With regard to entries 1, 3, 7 and 9 in the Annex, the measures in Article 1 shall apply until 6 September 2022. The Annex is amended as set out in the Annex to this [&hellip;]\" \/>\n<meta property=\"og:url\" content=\"https:\/\/www.cde.ual.es\/en\/declaration-by-the-high-representative-on-behalf-of-the-eu-on-the-alignment-of-certain-countries-concerning-restrictive-measures-directed-against-certain-persons-entities-and-bodies-in-view-of-the-si\/\" \/>\n<meta property=\"og:site_name\" content=\"CDE Almer\u00eda - Centro de Documentaci\u00f3n Europea - Universidad de Almer\u00eda\" \/>\n<meta property=\"article:publisher\" content=\"https:\/\/www.facebook.com\/cdeuniversidadalmeria\/\" \/>\n<meta property=\"article:published_time\" content=\"2022-03-14T08:11:01+00:00\" \/>\n<meta property=\"article:modified_time\" content=\"2022-03-14T08:11:40+00:00\" \/>\n<meta property=\"og:image\" content=\"https:\/\/www.cde.ual.es\/wp-content\/uploads\/2022\/02\/borrell2.jpg\" \/>\n\t<meta property=\"og:image:width\" content=\"750\" \/>\n\t<meta property=\"og:image:height\" content=\"562\" \/>\n\t<meta property=\"og:image:type\" content=\"image\/jpeg\" \/>\n<meta name=\"author\" content=\"AdminCDE\" \/>\n<meta name=\"twitter:card\" content=\"summary_large_image\" \/>\n<meta name=\"twitter:creator\" content=\"@cdeualmeria\" \/>\n<meta name=\"twitter:site\" content=\"@cdeualmeria\" \/>\n<meta name=\"twitter:label1\" content=\"Written by\" \/>\n\t<meta name=\"twitter:data1\" content=\"AdminCDE\" \/>\n\t<meta name=\"twitter:label2\" content=\"Est. reading time\" \/>\n\t<meta name=\"twitter:data2\" content=\"2 minutes\" \/>\n<script type=\"application\/ld+json\" class=\"yoast-schema-graph\">{\"@context\":\"https:\\\/\\\/schema.org\",\"@graph\":[{\"@type\":\"Article\",\"@id\":\"https:\\\/\\\/www.cde.ual.es\\\/en\\\/declaration-by-the-high-representative-on-behalf-of-the-eu-on-the-alignment-of-certain-countries-concerning-restrictive-measures-directed-against-certain-persons-entities-and-bodies-in-view-of-the-si\\\/#article\",\"isPartOf\":{\"@id\":\"https:\\\/\\\/www.cde.ual.es\\\/en\\\/declaration-by-the-high-representative-on-behalf-of-the-eu-on-the-alignment-of-certain-countries-concerning-restrictive-measures-directed-against-certain-persons-entities-and-bodies-in-view-of-the-si\\\/\"},\"author\":{\"name\":\"AdminCDE\",\"@id\":\"https:\\\/\\\/www.cde.ual.es\\\/#\\\/schema\\\/person\\\/224ef08c8bcc005f319d2713ce37ee5f\"},\"headline\":\"Declaration by the High Representative on behalf of the EU on the alignment of certain countries concerning restrictive measures directed against certain persons, entities and bodies in view of the situation in Ukraine\",\"datePublished\":\"2022-03-14T08:11:01+00:00\",\"dateModified\":\"2022-03-14T08:11:40+00:00\",\"mainEntityOfPage\":{\"@id\":\"https:\\\/\\\/www.cde.ual.es\\\/en\\\/declaration-by-the-high-representative-on-behalf-of-the-eu-on-the-alignment-of-certain-countries-concerning-restrictive-measures-directed-against-certain-persons-entities-and-bodies-in-view-of-the-si\\\/\"},\"wordCount\":341,\"commentCount\":0,\"publisher\":{\"@id\":\"https:\\\/\\\/www.cde.ual.es\\\/#organization\"},\"image\":{\"@id\":\"https:\\\/\\\/www.cde.ual.es\\\/en\\\/declaration-by-the-high-representative-on-behalf-of-the-eu-on-the-alignment-of-certain-countries-concerning-restrictive-measures-directed-against-certain-persons-entities-and-bodies-in-view-of-the-si\\\/#primaryimage\"},\"thumbnailUrl\":\"https:\\\/\\\/www.cde.ual.es\\\/wp-content\\\/uploads\\\/2022\\\/02\\\/borrell2.jpg\",\"articleSection\":[\"Defence &amp; Security\",\"EU News\",\"International Safety and Defence Politics\"],\"inLanguage\":\"en-US\",\"potentialAction\":[{\"@type\":\"CommentAction\",\"name\":\"Comment\",\"target\":[\"https:\\\/\\\/www.cde.ual.es\\\/en\\\/declaration-by-the-high-representative-on-behalf-of-the-eu-on-the-alignment-of-certain-countries-concerning-restrictive-measures-directed-against-certain-persons-entities-and-bodies-in-view-of-the-si\\\/#respond\"]}]},{\"@type\":\"WebPage\",\"@id\":\"https:\\\/\\\/www.cde.ual.es\\\/en\\\/declaration-by-the-high-representative-on-behalf-of-the-eu-on-the-alignment-of-certain-countries-concerning-restrictive-measures-directed-against-certain-persons-entities-and-bodies-in-view-of-the-si\\\/\",\"url\":\"https:\\\/\\\/www.cde.ual.es\\\/en\\\/declaration-by-the-high-representative-on-behalf-of-the-eu-on-the-alignment-of-certain-countries-concerning-restrictive-measures-directed-against-certain-persons-entities-and-bodies-in-view-of-the-si\\\/\",\"name\":\"Declaration by the High Representative on behalf of the EU on the alignment of certain countries concerning restrictive measures directed against certain persons, entities and bodies in view of the situation in Ukraine | CDE Almer\u00eda - Centro de Documentaci\u00f3n Europea - Universidad de Almer\u00eda\",\"isPartOf\":{\"@id\":\"https:\\\/\\\/www.cde.ual.es\\\/#website\"},\"primaryImageOfPage\":{\"@id\":\"https:\\\/\\\/www.cde.ual.es\\\/en\\\/declaration-by-the-high-representative-on-behalf-of-the-eu-on-the-alignment-of-certain-countries-concerning-restrictive-measures-directed-against-certain-persons-entities-and-bodies-in-view-of-the-si\\\/#primaryimage\"},\"image\":{\"@id\":\"https:\\\/\\\/www.cde.ual.es\\\/en\\\/declaration-by-the-high-representative-on-behalf-of-the-eu-on-the-alignment-of-certain-countries-concerning-restrictive-measures-directed-against-certain-persons-entities-and-bodies-in-view-of-the-si\\\/#primaryimage\"},\"thumbnailUrl\":\"https:\\\/\\\/www.cde.ual.es\\\/wp-content\\\/uploads\\\/2022\\\/02\\\/borrell2.jpg\",\"datePublished\":\"2022-03-14T08:11:01+00:00\",\"dateModified\":\"2022-03-14T08:11:40+00:00\",\"breadcrumb\":{\"@id\":\"https:\\\/\\\/www.cde.ual.es\\\/en\\\/declaration-by-the-high-representative-on-behalf-of-the-eu-on-the-alignment-of-certain-countries-concerning-restrictive-measures-directed-against-certain-persons-entities-and-bodies-in-view-of-the-si\\\/#breadcrumb\"},\"inLanguage\":\"en-US\",\"potentialAction\":[{\"@type\":\"ReadAction\",\"target\":[\"https:\\\/\\\/www.cde.ual.es\\\/en\\\/declaration-by-the-high-representative-on-behalf-of-the-eu-on-the-alignment-of-certain-countries-concerning-restrictive-measures-directed-against-certain-persons-entities-and-bodies-in-view-of-the-si\\\/\"]}]},{\"@type\":\"ImageObject\",\"inLanguage\":\"en-US\",\"@id\":\"https:\\\/\\\/www.cde.ual.es\\\/en\\\/declaration-by-the-high-representative-on-behalf-of-the-eu-on-the-alignment-of-certain-countries-concerning-restrictive-measures-directed-against-certain-persons-entities-and-bodies-in-view-of-the-si\\\/#primaryimage\",\"url\":\"https:\\\/\\\/www.cde.ual.es\\\/wp-content\\\/uploads\\\/2022\\\/02\\\/borrell2.jpg\",\"contentUrl\":\"https:\\\/\\\/www.cde.ual.es\\\/wp-content\\\/uploads\\\/2022\\\/02\\\/borrell2.jpg\",\"width\":750,\"height\":562,\"caption\":\"josep borrell\"},{\"@type\":\"BreadcrumbList\",\"@id\":\"https:\\\/\\\/www.cde.ual.es\\\/en\\\/declaration-by-the-high-representative-on-behalf-of-the-eu-on-the-alignment-of-certain-countries-concerning-restrictive-measures-directed-against-certain-persons-entities-and-bodies-in-view-of-the-si\\\/#breadcrumb\",\"itemListElement\":[{\"@type\":\"ListItem\",\"position\":1,\"name\":\"Inicio\",\"item\":\"https:\\\/\\\/www.cde.ual.es\\\/en\\\/\"},{\"@type\":\"ListItem\",\"position\":2,\"name\":\"EU News\",\"item\":\"https:\\\/\\\/www.cde.ual.es\\\/en\\\/category\\\/eu-news\\\/\"},{\"@type\":\"ListItem\",\"position\":3,\"name\":\"Defence &amp; Security\",\"item\":\"https:\\\/\\\/www.cde.ual.es\\\/en\\\/category\\\/eu-news\\\/defence-security\\\/\"},{\"@type\":\"ListItem\",\"position\":4,\"name\":\"International Safety and Defence Politics\",\"item\":\"https:\\\/\\\/www.cde.ual.es\\\/en\\\/category\\\/eu-news\\\/defence-security\\\/internat-safety-pol\\\/\"},{\"@type\":\"ListItem\",\"position\":5,\"name\":\"Declaration by the High Representative on behalf of the EU on the alignment of certain countries concerning restrictive measures directed against certain persons, entities and bodies in view of the situation in Ukraine\"}]},{\"@type\":\"WebSite\",\"@id\":\"https:\\\/\\\/www.cde.ual.es\\\/#website\",\"url\":\"https:\\\/\\\/www.cde.ual.es\\\/\",\"name\":\"CDE Almer\u00eda - Centro de Documentaci\u00f3n Europea - Universidad de Almer\u00eda\",\"description\":\"Centro de Documentaci\u00f3n Europea de la Universidad de Almer\u00eda\",\"publisher\":{\"@id\":\"https:\\\/\\\/www.cde.ual.es\\\/#organization\"},\"alternateName\":\"CDE Almer\u00eda\",\"potentialAction\":[{\"@type\":\"SearchAction\",\"target\":{\"@type\":\"EntryPoint\",\"urlTemplate\":\"https:\\\/\\\/www.cde.ual.es\\\/?s={search_term_string}\"},\"query-input\":{\"@type\":\"PropertyValueSpecification\",\"valueRequired\":true,\"valueName\":\"search_term_string\"}}],\"inLanguage\":\"en-US\"},{\"@type\":\"Organization\",\"@id\":\"https:\\\/\\\/www.cde.ual.es\\\/#organization\",\"name\":\"Centro de Documentaci\u00f3n Europea de Almer\u00eda\",\"url\":\"https:\\\/\\\/www.cde.ual.es\\\/\",\"logo\":{\"@type\":\"ImageObject\",\"inLanguage\":\"en-US\",\"@id\":\"https:\\\/\\\/www.cde.ual.es\\\/#\\\/schema\\\/logo\\\/image\\\/\",\"url\":\"https:\\\/\\\/www.cde.ual.es\\\/wp-content\\\/uploads\\\/2025\\\/07\\\/cde-logo-3.png\",\"contentUrl\":\"https:\\\/\\\/www.cde.ual.es\\\/wp-content\\\/uploads\\\/2025\\\/07\\\/cde-logo-3.png\",\"width\":1400,\"height\":300,\"caption\":\"Centro de Documentaci\u00f3n Europea de Almer\u00eda\"},\"image\":{\"@id\":\"https:\\\/\\\/www.cde.ual.es\\\/#\\\/schema\\\/logo\\\/image\\\/\"},\"sameAs\":[\"https:\\\/\\\/www.facebook.com\\\/cdeuniversidadalmeria\\\/\",\"https:\\\/\\\/x.com\\\/cdeualmeria\",\"https:\\\/\\\/www.tiktok.com\\\/@cdealmeria\",\"https:\\\/\\\/www.instagram.com\\\/cdealmeria\\\/\",\"https:\\\/\\\/www.linkedin.com\\\/in\\\/cde-almera-812b26a9\\\/\"]},{\"@type\":\"Person\",\"@id\":\"https:\\\/\\\/www.cde.ual.es\\\/#\\\/schema\\\/person\\\/224ef08c8bcc005f319d2713ce37ee5f\",\"name\":\"AdminCDE\",\"image\":{\"@type\":\"ImageObject\",\"inLanguage\":\"en-US\",\"@id\":\"https:\\\/\\\/secure.gravatar.com\\\/avatar\\\/a72d038d371f995cd13706fac32274b7952a52e8fb0a84b5f80c85426f2a98a8?s=96&d=mm&r=g\",\"url\":\"https:\\\/\\\/secure.gravatar.com\\\/avatar\\\/a72d038d371f995cd13706fac32274b7952a52e8fb0a84b5f80c85426f2a98a8?s=96&d=mm&r=g\",\"contentUrl\":\"https:\\\/\\\/secure.gravatar.com\\\/avatar\\\/a72d038d371f995cd13706fac32274b7952a52e8fb0a84b5f80c85426f2a98a8?s=96&d=mm&r=g\",\"caption\":\"AdminCDE\"}}]}<\/script>\n<!-- \/ Yoast SEO plugin. -->","yoast_head_json":{"title":"Declaration by the High Representative on behalf of the EU on the alignment of certain countries concerning restrictive measures directed against certain persons, entities and bodies in view of the situation in Ukraine | CDE Almer\u00eda - Centro de Documentaci\u00f3n Europea - Universidad de Almer\u00eda","robots":{"index":"index","follow":"follow","max-snippet":"max-snippet:-1","max-image-preview":"max-image-preview:large","max-video-preview":"max-video-preview:-1"},"canonical":"https:\/\/www.cde.ual.es\/en\/declaration-by-the-high-representative-on-behalf-of-the-eu-on-the-alignment-of-certain-countries-concerning-restrictive-measures-directed-against-certain-persons-entities-and-bodies-in-view-of-the-si\/","og_locale":"en_US","og_type":"article","og_title":"Declaration by the High Representative on behalf of the EU on the alignment of certain countries concerning restrictive measures directed against certain persons, entities and bodies in view of the situation in Ukraine | CDE Almer\u00eda - Centro de Documentaci\u00f3n Europea - Universidad de Almer\u00eda","og_description":"On 3 March 2022, the Council adopted Council Decision (CFSP) 2022\/376[1]. The Council extends the Decision until 6 March 2023. With regard to entries 1, 3, 7 and 9 in the Annex, the measures in Article 1 shall apply until 6 September 2022. The Annex is amended as set out in the Annex to this [&hellip;]","og_url":"https:\/\/www.cde.ual.es\/en\/declaration-by-the-high-representative-on-behalf-of-the-eu-on-the-alignment-of-certain-countries-concerning-restrictive-measures-directed-against-certain-persons-entities-and-bodies-in-view-of-the-si\/","og_site_name":"CDE Almer\u00eda - Centro de Documentaci\u00f3n Europea - Universidad de Almer\u00eda","article_publisher":"https:\/\/www.facebook.com\/cdeuniversidadalmeria\/","article_published_time":"2022-03-14T08:11:01+00:00","article_modified_time":"2022-03-14T08:11:40+00:00","og_image":[{"width":750,"height":562,"url":"https:\/\/www.cde.ual.es\/wp-content\/uploads\/2022\/02\/borrell2.jpg","type":"image\/jpeg"}],"author":"AdminCDE","twitter_card":"summary_large_image","twitter_creator":"@cdeualmeria","twitter_site":"@cdeualmeria","twitter_misc":{"Written by":"AdminCDE","Est. reading time":"2 minutes"},"schema":{"@context":"https:\/\/schema.org","@graph":[{"@type":"Article","@id":"https:\/\/www.cde.ual.es\/en\/declaration-by-the-high-representative-on-behalf-of-the-eu-on-the-alignment-of-certain-countries-concerning-restrictive-measures-directed-against-certain-persons-entities-and-bodies-in-view-of-the-si\/#article","isPartOf":{"@id":"https:\/\/www.cde.ual.es\/en\/declaration-by-the-high-representative-on-behalf-of-the-eu-on-the-alignment-of-certain-countries-concerning-restrictive-measures-directed-against-certain-persons-entities-and-bodies-in-view-of-the-si\/"},"author":{"name":"AdminCDE","@id":"https:\/\/www.cde.ual.es\/#\/schema\/person\/224ef08c8bcc005f319d2713ce37ee5f"},"headline":"Declaration by the High Representative on behalf of the EU on the alignment of certain countries concerning restrictive measures directed against certain persons, entities and bodies in view of the situation in Ukraine","datePublished":"2022-03-14T08:11:01+00:00","dateModified":"2022-03-14T08:11:40+00:00","mainEntityOfPage":{"@id":"https:\/\/www.cde.ual.es\/en\/declaration-by-the-high-representative-on-behalf-of-the-eu-on-the-alignment-of-certain-countries-concerning-restrictive-measures-directed-against-certain-persons-entities-and-bodies-in-view-of-the-si\/"},"wordCount":341,"commentCount":0,"publisher":{"@id":"https:\/\/www.cde.ual.es\/#organization"},"image":{"@id":"https:\/\/www.cde.ual.es\/en\/declaration-by-the-high-representative-on-behalf-of-the-eu-on-the-alignment-of-certain-countries-concerning-restrictive-measures-directed-against-certain-persons-entities-and-bodies-in-view-of-the-si\/#primaryimage"},"thumbnailUrl":"https:\/\/www.cde.ual.es\/wp-content\/uploads\/2022\/02\/borrell2.jpg","articleSection":["Defence &amp; Security","EU News","International Safety and Defence Politics"],"inLanguage":"en-US","potentialAction":[{"@type":"CommentAction","name":"Comment","target":["https:\/\/www.cde.ual.es\/en\/declaration-by-the-high-representative-on-behalf-of-the-eu-on-the-alignment-of-certain-countries-concerning-restrictive-measures-directed-against-certain-persons-entities-and-bodies-in-view-of-the-si\/#respond"]}]},{"@type":"WebPage","@id":"https:\/\/www.cde.ual.es\/en\/declaration-by-the-high-representative-on-behalf-of-the-eu-on-the-alignment-of-certain-countries-concerning-restrictive-measures-directed-against-certain-persons-entities-and-bodies-in-view-of-the-si\/","url":"https:\/\/www.cde.ual.es\/en\/declaration-by-the-high-representative-on-behalf-of-the-eu-on-the-alignment-of-certain-countries-concerning-restrictive-measures-directed-against-certain-persons-entities-and-bodies-in-view-of-the-si\/","name":"Declaration by the High Representative on behalf of the EU on the alignment of certain countries concerning restrictive measures directed against certain persons, entities and bodies in view of the situation in Ukraine | CDE Almer\u00eda - Centro de Documentaci\u00f3n Europea - Universidad de Almer\u00eda","isPartOf":{"@id":"https:\/\/www.cde.ual.es\/#website"},"primaryImageOfPage":{"@id":"https:\/\/www.cde.ual.es\/en\/declaration-by-the-high-representative-on-behalf-of-the-eu-on-the-alignment-of-certain-countries-concerning-restrictive-measures-directed-against-certain-persons-entities-and-bodies-in-view-of-the-si\/#primaryimage"},"image":{"@id":"https:\/\/www.cde.ual.es\/en\/declaration-by-the-high-representative-on-behalf-of-the-eu-on-the-alignment-of-certain-countries-concerning-restrictive-measures-directed-against-certain-persons-entities-and-bodies-in-view-of-the-si\/#primaryimage"},"thumbnailUrl":"https:\/\/www.cde.ual.es\/wp-content\/uploads\/2022\/02\/borrell2.jpg","datePublished":"2022-03-14T08:11:01+00:00","dateModified":"2022-03-14T08:11:40+00:00","breadcrumb":{"@id":"https:\/\/www.cde.ual.es\/en\/declaration-by-the-high-representative-on-behalf-of-the-eu-on-the-alignment-of-certain-countries-concerning-restrictive-measures-directed-against-certain-persons-entities-and-bodies-in-view-of-the-si\/#breadcrumb"},"inLanguage":"en-US","potentialAction":[{"@type":"ReadAction","target":["https:\/\/www.cde.ual.es\/en\/declaration-by-the-high-representative-on-behalf-of-the-eu-on-the-alignment-of-certain-countries-concerning-restrictive-measures-directed-against-certain-persons-entities-and-bodies-in-view-of-the-si\/"]}]},{"@type":"ImageObject","inLanguage":"en-US","@id":"https:\/\/www.cde.ual.es\/en\/declaration-by-the-high-representative-on-behalf-of-the-eu-on-the-alignment-of-certain-countries-concerning-restrictive-measures-directed-against-certain-persons-entities-and-bodies-in-view-of-the-si\/#primaryimage","url":"https:\/\/www.cde.ual.es\/wp-content\/uploads\/2022\/02\/borrell2.jpg","contentUrl":"https:\/\/www.cde.ual.es\/wp-content\/uploads\/2022\/02\/borrell2.jpg","width":750,"height":562,"caption":"josep borrell"},{"@type":"BreadcrumbList","@id":"https:\/\/www.cde.ual.es\/en\/declaration-by-the-high-representative-on-behalf-of-the-eu-on-the-alignment-of-certain-countries-concerning-restrictive-measures-directed-against-certain-persons-entities-and-bodies-in-view-of-the-si\/#breadcrumb","itemListElement":[{"@type":"ListItem","position":1,"name":"Inicio","item":"https:\/\/www.cde.ual.es\/en\/"},{"@type":"ListItem","position":2,"name":"EU News","item":"https:\/\/www.cde.ual.es\/en\/category\/eu-news\/"},{"@type":"ListItem","position":3,"name":"Defence &amp; Security","item":"https:\/\/www.cde.ual.es\/en\/category\/eu-news\/defence-security\/"},{"@type":"ListItem","position":4,"name":"International Safety and Defence Politics","item":"https:\/\/www.cde.ual.es\/en\/category\/eu-news\/defence-security\/internat-safety-pol\/"},{"@type":"ListItem","position":5,"name":"Declaration by the High Representative on behalf of the EU on the alignment of certain countries concerning restrictive measures directed against certain persons, entities and bodies in view of the situation in Ukraine"}]},{"@type":"WebSite","@id":"https:\/\/www.cde.ual.es\/#website","url":"https:\/\/www.cde.ual.es\/","name":"CDE Almer\u00eda - Centro de Documentaci\u00f3n Europea - Universidad de Almer\u00eda","description":"Centro de Documentaci\u00f3n Europea de la Universidad de Almer\u00eda","publisher":{"@id":"https:\/\/www.cde.ual.es\/#organization"},"alternateName":"CDE Almer\u00eda","potentialAction":[{"@type":"SearchAction","target":{"@type":"EntryPoint","urlTemplate":"https:\/\/www.cde.ual.es\/?s={search_term_string}"},"query-input":{"@type":"PropertyValueSpecification","valueRequired":true,"valueName":"search_term_string"}}],"inLanguage":"en-US"},{"@type":"Organization","@id":"https:\/\/www.cde.ual.es\/#organization","name":"Centro de Documentaci\u00f3n Europea de Almer\u00eda","url":"https:\/\/www.cde.ual.es\/","logo":{"@type":"ImageObject","inLanguage":"en-US","@id":"https:\/\/www.cde.ual.es\/#\/schema\/logo\/image\/","url":"https:\/\/www.cde.ual.es\/wp-content\/uploads\/2025\/07\/cde-logo-3.png","contentUrl":"https:\/\/www.cde.ual.es\/wp-content\/uploads\/2025\/07\/cde-logo-3.png","width":1400,"height":300,"caption":"Centro de Documentaci\u00f3n Europea de Almer\u00eda"},"image":{"@id":"https:\/\/www.cde.ual.es\/#\/schema\/logo\/image\/"},"sameAs":["https:\/\/www.facebook.com\/cdeuniversidadalmeria\/","https:\/\/x.com\/cdeualmeria","https:\/\/www.tiktok.com\/@cdealmeria","https:\/\/www.instagram.com\/cdealmeria\/","https:\/\/www.linkedin.com\/in\/cde-almera-812b26a9\/"]},{"@type":"Person","@id":"https:\/\/www.cde.ual.es\/#\/schema\/person\/224ef08c8bcc005f319d2713ce37ee5f","name":"AdminCDE","image":{"@type":"ImageObject","inLanguage":"en-US","@id":"https:\/\/secure.gravatar.com\/avatar\/a72d038d371f995cd13706fac32274b7952a52e8fb0a84b5f80c85426f2a98a8?s=96&d=mm&r=g","url":"https:\/\/secure.gravatar.com\/avatar\/a72d038d371f995cd13706fac32274b7952a52e8fb0a84b5f80c85426f2a98a8?s=96&d=mm&r=g","contentUrl":"https:\/\/secure.gravatar.com\/avatar\/a72d038d371f995cd13706fac32274b7952a52e8fb0a84b5f80c85426f2a98a8?s=96&d=mm&r=g","caption":"AdminCDE"}}]}},"_links":{"self":[{"href":"https:\/\/www.cde.ual.es\/en\/wp-json\/wp\/v2\/posts\/98927","targetHints":{"allow":["GET"]}}],"collection":[{"href":"https:\/\/www.cde.ual.es\/en\/wp-json\/wp\/v2\/posts"}],"about":[{"href":"https:\/\/www.cde.ual.es\/en\/wp-json\/wp\/v2\/types\/post"}],"author":[{"embeddable":true,"href":"https:\/\/www.cde.ual.es\/en\/wp-json\/wp\/v2\/users\/1"}],"replies":[{"embeddable":true,"href":"https:\/\/www.cde.ual.es\/en\/wp-json\/wp\/v2\/comments?post=98927"}],"version-history":[{"count":0,"href":"https:\/\/www.cde.ual.es\/en\/wp-json\/wp\/v2\/posts\/98927\/revisions"}],"wp:featuredmedia":[{"embeddable":true,"href":"https:\/\/www.cde.ual.es\/en\/wp-json\/wp\/v2\/media\/95707"}],"wp:attachment":[{"href":"https:\/\/www.cde.ual.es\/en\/wp-json\/wp\/v2\/media?parent=98927"}],"wp:term":[{"taxonomy":"category","embeddable":true,"href":"https:\/\/www.cde.ual.es\/en\/wp-json\/wp\/v2\/categories?post=98927"},{"taxonomy":"post_tag","embeddable":true,"href":"https:\/\/www.cde.ual.es\/en\/wp-json\/wp\/v2\/tags?post=98927"}],"curies":[{"name":"wp","href":"https:\/\/api.w.org\/{rel}","templated":true}]}}