{"id":98866,"date":"2022-03-11T08:00:59","date_gmt":"2022-03-11T07:00:59","guid":{"rendered":"https:\/\/www.cde.ual.es\/?p=98866"},"modified":"2022-03-11T08:00:59","modified_gmt":"2022-03-11T07:00:59","slug":"informal-meeting-of-heads-of-state-or-government-versailles-10-11-march-2022","status":"publish","type":"post","link":"https:\/\/www.cde.ual.es\/en\/informal-meeting-of-heads-of-state-or-government-versailles-10-11-march-2022\/","title":{"rendered":"Informal meeting of heads of state or government, Versailles, 10-11 March 2022"},"content":{"rendered":"<div class=\"col-md-9 council-left-content-basic council-main-title\">\n<div class=\"padding-bottom-0 margin-bottom-20 no-bb\">\n<h3><a href=\"https:\/\/www.cde.ual.es\/wp-content\/uploads\/2022\/03\/versaille_summit_family_photo_hp.jpg\"><img decoding=\"async\" class=\"size-large wp-image-98863 aligncenter\" src=\"https:\/\/www.cde.ual.es\/wp-content\/uploads\/2022\/03\/versaille_summit_family_photo_hp-1024x577.jpg\" alt=\"\" width=\"1024\" height=\"577\" srcset=\"https:\/\/www.cde.ual.es\/wp-content\/uploads\/2022\/03\/versaille_summit_family_photo_hp-1024x577.jpg 1024w, https:\/\/www.cde.ual.es\/wp-content\/uploads\/2022\/03\/versaille_summit_family_photo_hp-300x169.jpg 300w, https:\/\/www.cde.ual.es\/wp-content\/uploads\/2022\/03\/versaille_summit_family_photo_hp-768x433.jpg 768w, https:\/\/www.cde.ual.es\/wp-content\/uploads\/2022\/03\/versaille_summit_family_photo_hp.jpg 1151w\" sizes=\"(max-width: 1024px) 100vw, 1024px\" \/><\/a><\/h3>\n<div class=\"col-md-9 council-left-content-basic council-main-title\">\n<div class=\"padding-bottom-0 margin-bottom-20 no-bb\">\n<h3>Remarks by President Charles Michel before the informal meeting of heads of state or government in Versailles<\/h3>\n<\/div>\n<\/div>\n<p>This is a strategic summit. It is very important, today and tomorrow, to give a strong signal of the European Union\u2019s determination to act, in order to give us independence, and to avoid dependence in the future. To be very concrete, we propose to decide to phase out Russian gas.<\/p>\n<p>We\u00a0also\u00a0propose to take certain decisions regarding European defence. We\u00a0especially\u00a0propose to strengthen the European capabilities on defence and, of course, we will have a debate about the current tragic situation in Ukraine. Russia took the decision to launch a war against Ukraine. It is very important to remain united. I think that we took Russia by surprise because we were firm, we were strong, we were united. But it is not enough \u00a0We need to identify together what could be the following steps to have a positive influence, to reach a ceasefire\u00a0as soon as possible,\u00a0and to have real negotiations for a possible peace agreement.<\/p>\n<p>The goal is to identify what the concrete decisions\u00a0are\u00a0that we will take all together in the following weeks and months to make the EU more robust at the economic level, less dependent on Russian gas, and how we are able to strengthen our defence capabilities. And of course, this is a difficult moment because there is the war launched by Russia against Ukraine. We will discuss all the geopolitical consequences of this situation, and we will also discuss what our approach\u00a0will be.<\/p>\n<p><a href=\"https:\/\/www.consilium.europa.eu\/es\/press\/press-releases\/2022\/03\/10\/remarks-by-president-charles-michel-before-the-informal-meeting-of-heads-of-state-or-government-in-versailles\/\"><strong>More information: European Council &#8211; Statements and comments<\/strong><\/a><\/p>\n<hr \/>\n<div class=\"col-md-9 council-left-content-basic council-main-title\">\n<div class=\"padding-bottom-0 margin-bottom-20 no-bb\">\n<h3>Statement of the heads of state or government, meeting in Versailles, on the Russian military aggression against Ukraine, 10 March 2022<\/h3>\n<\/div>\n<\/div>\n<div class=\"col-md-9 council-left-content-basic council-flexify\">\n<p>1. Two weeks ago Russia brought war back to Europe. Russia\u2019s unprovoked and unjustified military aggression against Ukraine grossly violates international law and the principles of the UN Charter and undermines European and global security and stability. It is inflicting unspeakable suffering on the Ukrainian population. Russia, and its accomplice Belarus, bear full responsibility for this war of aggression and those responsible will be held to account for their crimes, including for indiscriminately targeting civilians and civilian objects. In this respect we welcome the decision of the prosecutor of the International Criminal Court to open an investigation. We call for the safety and security of Ukraine\u2019s nuclear facilities to be ensured immediately with the assistance of the International Atomic Energy Agency. We demand that Russia ceases its military action and withdraws all forces and military equipment from the entire territory of Ukraine immediately and unconditionally, and fully respects Ukraine\u2019s territorial integrity, sovereignty and independence within its internationally recognised borders.<\/p>\n<p>2. We commend the people of Ukraine for their courage in defending their country and our shared values of freedom and democracy. We will not leave them alone. The EU and its Member States will continue to provide coordinated political, financial, material and humanitarian support. We are committed to provide support for the reconstruction of a democratic Ukraine once the Russian onslaught has ceased. We are determined to increase even further our pressure on Russia and Belarus. We have adopted significant sanctions and remain ready to move quickly with further sanctions.<\/p>\n<p>3. Countless people are fleeing the war in Ukraine. We offer temporary protection to all war refugees from Ukraine. We commend European countries, notably at the borders with Ukraine, for showing immense solidarity in hosting Ukrainian war refugees. The EU and its Member States will continue to show solidarity and provide humanitarian, medical and financial support to all refugees and the countries hosting them. We call for funds to be made available without delay through a swift adoption of the proposal on Cohesion\u2019s Action for Refugees in Europe (CARE) and through ReactEU. We call on Russia to fully abide by its obligations under international humanitarian law. It must ensure safe and unhindered humanitarian access to the victims and internally displaced persons in Ukraine, and allow safe passage for those civilians who want to leave.<\/p>\n<p>4. The European Council acknowledged the European aspirations and the European choice of Ukraine, as stated in the Association Agreement. On 28 February 2022, exercising the right of Ukraine to choose its own destiny, the President of Ukraine submitted the application of Ukraine to become a member of the European Union. The Council has acted swiftly and invited the Commission to submit its opinion on this application in accordance with the relevant provisions of the Treaties. Pending this and without delay, we will further strengthen our bonds and deepen our partnership to support Ukraine in pursuing its European path. Ukraine belongs to our European family.<\/p>\n<p>5. The Council has invited the Commission to submit its opinions on the applications of the Republic of Moldova and Georgia.<\/p>\n<\/div>\n<\/div>\n<\/div>\n<div class=\"col-md-9 council-left-content-basic council-flexify\">\n<p><strong><a href=\"https:\/\/www.consilium.europa.eu\/es\/press\/press-releases\/2022\/03\/11\/statement-of-the-heads-of-state-or-government-on-the-russian-aggression-against-ukraine-10-03-2022\/\">More information: European Council &#8211; Statements and comments<\/a><\/strong><\/p>\n<p>&nbsp;<\/p>\n<\/div>\n","protected":false},"excerpt":{"rendered":"<p>Remarks by President Charles Michel before the informal meeting of heads of state or government in Versailles This is a strategic summit. It is very important, today and tomorrow, to give a strong signal of the European Union\u2019s determination to act, in order to give us independence, and to avoid dependence in the future. To [&hellip;]<\/p>\n","protected":false},"author":1,"featured_media":98864,"comment_status":"open","ping_status":"open","sticky":false,"template":"","format":"standard","meta":{"_acf_changed":false,"_relevanssi_hide_post":"","_relevanssi_hide_content":"","_relevanssi_pin_for_all":"","_relevanssi_pin_keywords":"","_relevanssi_unpin_keywords":"","_relevanssi_related_keywords":"","_relevanssi_related_include_ids":"","_relevanssi_related_exclude_ids":"","_relevanssi_related_no_append":"","_relevanssi_related_not_related":"","_relevanssi_related_posts":"","_relevanssi_noindex_reason":"","_monsterinsights_skip_tracking":false,"_monsterinsights_sitenote_active":false,"_monsterinsights_sitenote_note":"","_monsterinsights_sitenote_category":0,"_genesis_hide_title":false,"_genesis_hide_breadcrumbs":false,"_genesis_hide_singular_image":false,"_genesis_hide_footer_widgets":false,"_genesis_custom_body_class":"","_genesis_custom_post_class":"","_genesis_layout":"","footnotes":""},"categories":[4075,346,4078],"tags":[1217,2853,5005,5324,3368],"class_list":{"0":"post-98866","1":"post","2":"type-post","3":"status-publish","4":"format-standard","5":"has-post-thumbnail","7":"category-defence-security","8":"category-eu-news","9":"category-internat-safety-pol","10":"tag-europe","11":"tag-russia","12":"tag-ukraine","13":"tag-versailles","14":"tag-war","15":"entry"},"acf":[],"yoast_head":"<!-- This site is optimized with the Yoast SEO plugin v27.4 - https:\/\/yoast.com\/product\/yoast-seo-wordpress\/ -->\n<title>Informal meeting of heads of state or government, Versailles, 10-11 March 2022 | CDE Almer\u00eda - Centro de Documentaci\u00f3n Europea - Universidad de Almer\u00eda<\/title>\n<meta name=\"robots\" content=\"index, follow, max-snippet:-1, max-image-preview:large, max-video-preview:-1\" \/>\n<link rel=\"canonical\" href=\"https:\/\/www.cde.ual.es\/en\/informal-meeting-of-heads-of-state-or-government-versailles-10-11-march-2022\/\" \/>\n<meta property=\"og:locale\" content=\"en_US\" \/>\n<meta property=\"og:type\" content=\"article\" \/>\n<meta property=\"og:title\" content=\"Informal meeting of heads of state or government, Versailles, 10-11 March 2022 | CDE Almer\u00eda - Centro de Documentaci\u00f3n Europea - Universidad de Almer\u00eda\" \/>\n<meta property=\"og:description\" content=\"Remarks by President Charles Michel before the informal meeting of heads of state or government in Versailles This is a strategic summit. It is very important, today and tomorrow, to give a strong signal of the European Union\u2019s determination to act, in order to give us independence, and to avoid dependence in the future. To [&hellip;]\" \/>\n<meta property=\"og:url\" content=\"https:\/\/www.cde.ual.es\/en\/informal-meeting-of-heads-of-state-or-government-versailles-10-11-march-2022\/\" \/>\n<meta property=\"og:site_name\" content=\"CDE Almer\u00eda - Centro de Documentaci\u00f3n Europea - Universidad de Almer\u00eda\" \/>\n<meta property=\"article:publisher\" content=\"https:\/\/www.facebook.com\/cdeuniversidadalmeria\/\" \/>\n<meta property=\"article:published_time\" content=\"2022-03-11T07:00:59+00:00\" \/>\n<meta property=\"og:image\" content=\"https:\/\/www.cde.ual.es\/wp-content\/uploads\/2022\/03\/versaille_summit_family_photo_hp.jpg\" \/>\n\t<meta property=\"og:image:width\" content=\"1151\" \/>\n\t<meta property=\"og:image:height\" content=\"649\" \/>\n\t<meta property=\"og:image:type\" content=\"image\/jpeg\" \/>\n<meta name=\"author\" content=\"AdminCDE\" \/>\n<meta name=\"twitter:card\" content=\"summary_large_image\" \/>\n<meta name=\"twitter:creator\" content=\"@cdeualmeria\" \/>\n<meta name=\"twitter:site\" content=\"@cdeualmeria\" \/>\n<meta name=\"twitter:label1\" content=\"Written by\" \/>\n\t<meta name=\"twitter:data1\" content=\"AdminCDE\" \/>\n\t<meta name=\"twitter:label2\" content=\"Est. reading time\" \/>\n\t<meta name=\"twitter:data2\" content=\"4 minutes\" \/>\n<script type=\"application\/ld+json\" class=\"yoast-schema-graph\">{\"@context\":\"https:\\\/\\\/schema.org\",\"@graph\":[{\"@type\":\"Article\",\"@id\":\"https:\\\/\\\/www.cde.ual.es\\\/en\\\/informal-meeting-of-heads-of-state-or-government-versailles-10-11-march-2022\\\/#article\",\"isPartOf\":{\"@id\":\"https:\\\/\\\/www.cde.ual.es\\\/en\\\/informal-meeting-of-heads-of-state-or-government-versailles-10-11-march-2022\\\/\"},\"author\":{\"name\":\"AdminCDE\",\"@id\":\"https:\\\/\\\/www.cde.ual.es\\\/#\\\/schema\\\/person\\\/224ef08c8bcc005f319d2713ce37ee5f\"},\"headline\":\"Informal meeting of heads of state or government, Versailles, 10-11 March 2022\",\"datePublished\":\"2022-03-11T07:00:59+00:00\",\"mainEntityOfPage\":{\"@id\":\"https:\\\/\\\/www.cde.ual.es\\\/en\\\/informal-meeting-of-heads-of-state-or-government-versailles-10-11-march-2022\\\/\"},\"wordCount\":816,\"commentCount\":0,\"publisher\":{\"@id\":\"https:\\\/\\\/www.cde.ual.es\\\/#organization\"},\"image\":{\"@id\":\"https:\\\/\\\/www.cde.ual.es\\\/en\\\/informal-meeting-of-heads-of-state-or-government-versailles-10-11-march-2022\\\/#primaryimage\"},\"thumbnailUrl\":\"https:\\\/\\\/www.cde.ual.es\\\/wp-content\\\/uploads\\\/2022\\\/03\\\/versaille_summit_family_photo_hp.jpg\",\"keywords\":[\"Europe\",\"russia\",\"ukraine\",\"Versailles\",\"war\"],\"articleSection\":[\"Defence &amp; Security\",\"EU News\",\"International Safety and Defence Politics\"],\"inLanguage\":\"en-US\",\"potentialAction\":[{\"@type\":\"CommentAction\",\"name\":\"Comment\",\"target\":[\"https:\\\/\\\/www.cde.ual.es\\\/en\\\/informal-meeting-of-heads-of-state-or-government-versailles-10-11-march-2022\\\/#respond\"]}]},{\"@type\":\"WebPage\",\"@id\":\"https:\\\/\\\/www.cde.ual.es\\\/en\\\/informal-meeting-of-heads-of-state-or-government-versailles-10-11-march-2022\\\/\",\"url\":\"https:\\\/\\\/www.cde.ual.es\\\/en\\\/informal-meeting-of-heads-of-state-or-government-versailles-10-11-march-2022\\\/\",\"name\":\"Informal meeting of heads of state or government, Versailles, 10-11 March 2022 | CDE Almer\u00eda - Centro de Documentaci\u00f3n Europea - Universidad de Almer\u00eda\",\"isPartOf\":{\"@id\":\"https:\\\/\\\/www.cde.ual.es\\\/#website\"},\"primaryImageOfPage\":{\"@id\":\"https:\\\/\\\/www.cde.ual.es\\\/en\\\/informal-meeting-of-heads-of-state-or-government-versailles-10-11-march-2022\\\/#primaryimage\"},\"image\":{\"@id\":\"https:\\\/\\\/www.cde.ual.es\\\/en\\\/informal-meeting-of-heads-of-state-or-government-versailles-10-11-march-2022\\\/#primaryimage\"},\"thumbnailUrl\":\"https:\\\/\\\/www.cde.ual.es\\\/wp-content\\\/uploads\\\/2022\\\/03\\\/versaille_summit_family_photo_hp.jpg\",\"datePublished\":\"2022-03-11T07:00:59+00:00\",\"breadcrumb\":{\"@id\":\"https:\\\/\\\/www.cde.ual.es\\\/en\\\/informal-meeting-of-heads-of-state-or-government-versailles-10-11-march-2022\\\/#breadcrumb\"},\"inLanguage\":\"en-US\",\"potentialAction\":[{\"@type\":\"ReadAction\",\"target\":[\"https:\\\/\\\/www.cde.ual.es\\\/en\\\/informal-meeting-of-heads-of-state-or-government-versailles-10-11-march-2022\\\/\"]}]},{\"@type\":\"ImageObject\",\"inLanguage\":\"en-US\",\"@id\":\"https:\\\/\\\/www.cde.ual.es\\\/en\\\/informal-meeting-of-heads-of-state-or-government-versailles-10-11-march-2022\\\/#primaryimage\",\"url\":\"https:\\\/\\\/www.cde.ual.es\\\/wp-content\\\/uploads\\\/2022\\\/03\\\/versaille_summit_family_photo_hp.jpg\",\"contentUrl\":\"https:\\\/\\\/www.cde.ual.es\\\/wp-content\\\/uploads\\\/2022\\\/03\\\/versaille_summit_family_photo_hp.jpg\",\"width\":1151,\"height\":649},{\"@type\":\"BreadcrumbList\",\"@id\":\"https:\\\/\\\/www.cde.ual.es\\\/en\\\/informal-meeting-of-heads-of-state-or-government-versailles-10-11-march-2022\\\/#breadcrumb\",\"itemListElement\":[{\"@type\":\"ListItem\",\"position\":1,\"name\":\"Inicio\",\"item\":\"https:\\\/\\\/www.cde.ual.es\\\/en\\\/\"},{\"@type\":\"ListItem\",\"position\":2,\"name\":\"EU News\",\"item\":\"https:\\\/\\\/www.cde.ual.es\\\/en\\\/category\\\/eu-news\\\/\"},{\"@type\":\"ListItem\",\"position\":3,\"name\":\"Defence &amp; Security\",\"item\":\"https:\\\/\\\/www.cde.ual.es\\\/en\\\/category\\\/eu-news\\\/defence-security\\\/\"},{\"@type\":\"ListItem\",\"position\":4,\"name\":\"International Safety and Defence Politics\",\"item\":\"https:\\\/\\\/www.cde.ual.es\\\/en\\\/category\\\/eu-news\\\/defence-security\\\/internat-safety-pol\\\/\"},{\"@type\":\"ListItem\",\"position\":5,\"name\":\"Informal meeting of heads of state or government, Versailles, 10-11 March 2022\"}]},{\"@type\":\"WebSite\",\"@id\":\"https:\\\/\\\/www.cde.ual.es\\\/#website\",\"url\":\"https:\\\/\\\/www.cde.ual.es\\\/\",\"name\":\"CDE Almer\u00eda - Centro de Documentaci\u00f3n Europea - Universidad de Almer\u00eda\",\"description\":\"Centro de Documentaci\u00f3n Europea de la Universidad de Almer\u00eda\",\"publisher\":{\"@id\":\"https:\\\/\\\/www.cde.ual.es\\\/#organization\"},\"alternateName\":\"CDE Almer\u00eda\",\"potentialAction\":[{\"@type\":\"SearchAction\",\"target\":{\"@type\":\"EntryPoint\",\"urlTemplate\":\"https:\\\/\\\/www.cde.ual.es\\\/?s={search_term_string}\"},\"query-input\":{\"@type\":\"PropertyValueSpecification\",\"valueRequired\":true,\"valueName\":\"search_term_string\"}}],\"inLanguage\":\"en-US\"},{\"@type\":\"Organization\",\"@id\":\"https:\\\/\\\/www.cde.ual.es\\\/#organization\",\"name\":\"Centro de Documentaci\u00f3n Europea de Almer\u00eda\",\"url\":\"https:\\\/\\\/www.cde.ual.es\\\/\",\"logo\":{\"@type\":\"ImageObject\",\"inLanguage\":\"en-US\",\"@id\":\"https:\\\/\\\/www.cde.ual.es\\\/#\\\/schema\\\/logo\\\/image\\\/\",\"url\":\"https:\\\/\\\/www.cde.ual.es\\\/wp-content\\\/uploads\\\/2025\\\/07\\\/cde-logo-3.png\",\"contentUrl\":\"https:\\\/\\\/www.cde.ual.es\\\/wp-content\\\/uploads\\\/2025\\\/07\\\/cde-logo-3.png\",\"width\":1400,\"height\":300,\"caption\":\"Centro de Documentaci\u00f3n Europea de Almer\u00eda\"},\"image\":{\"@id\":\"https:\\\/\\\/www.cde.ual.es\\\/#\\\/schema\\\/logo\\\/image\\\/\"},\"sameAs\":[\"https:\\\/\\\/www.facebook.com\\\/cdeuniversidadalmeria\\\/\",\"https:\\\/\\\/x.com\\\/cdeualmeria\",\"https:\\\/\\\/www.tiktok.com\\\/@cdealmeria\",\"https:\\\/\\\/www.instagram.com\\\/cdealmeria\\\/\",\"https:\\\/\\\/www.linkedin.com\\\/in\\\/cde-almera-812b26a9\\\/\"]},{\"@type\":\"Person\",\"@id\":\"https:\\\/\\\/www.cde.ual.es\\\/#\\\/schema\\\/person\\\/224ef08c8bcc005f319d2713ce37ee5f\",\"name\":\"AdminCDE\",\"image\":{\"@type\":\"ImageObject\",\"inLanguage\":\"en-US\",\"@id\":\"https:\\\/\\\/secure.gravatar.com\\\/avatar\\\/a72d038d371f995cd13706fac32274b7952a52e8fb0a84b5f80c85426f2a98a8?s=96&d=mm&r=g\",\"url\":\"https:\\\/\\\/secure.gravatar.com\\\/avatar\\\/a72d038d371f995cd13706fac32274b7952a52e8fb0a84b5f80c85426f2a98a8?s=96&d=mm&r=g\",\"contentUrl\":\"https:\\\/\\\/secure.gravatar.com\\\/avatar\\\/a72d038d371f995cd13706fac32274b7952a52e8fb0a84b5f80c85426f2a98a8?s=96&d=mm&r=g\",\"caption\":\"AdminCDE\"}}]}<\/script>\n<!-- \/ Yoast SEO plugin. -->","yoast_head_json":{"title":"Informal meeting of heads of state or government, Versailles, 10-11 March 2022 | CDE Almer\u00eda - Centro de Documentaci\u00f3n Europea - Universidad de Almer\u00eda","robots":{"index":"index","follow":"follow","max-snippet":"max-snippet:-1","max-image-preview":"max-image-preview:large","max-video-preview":"max-video-preview:-1"},"canonical":"https:\/\/www.cde.ual.es\/en\/informal-meeting-of-heads-of-state-or-government-versailles-10-11-march-2022\/","og_locale":"en_US","og_type":"article","og_title":"Informal meeting of heads of state or government, Versailles, 10-11 March 2022 | CDE Almer\u00eda - Centro de Documentaci\u00f3n Europea - Universidad de Almer\u00eda","og_description":"Remarks by President Charles Michel before the informal meeting of heads of state or government in Versailles This is a strategic summit. It is very important, today and tomorrow, to give a strong signal of the European Union\u2019s determination to act, in order to give us independence, and to avoid dependence in the future. To [&hellip;]","og_url":"https:\/\/www.cde.ual.es\/en\/informal-meeting-of-heads-of-state-or-government-versailles-10-11-march-2022\/","og_site_name":"CDE Almer\u00eda - Centro de Documentaci\u00f3n Europea - Universidad de Almer\u00eda","article_publisher":"https:\/\/www.facebook.com\/cdeuniversidadalmeria\/","article_published_time":"2022-03-11T07:00:59+00:00","og_image":[{"width":1151,"height":649,"url":"https:\/\/www.cde.ual.es\/wp-content\/uploads\/2022\/03\/versaille_summit_family_photo_hp.jpg","type":"image\/jpeg"}],"author":"AdminCDE","twitter_card":"summary_large_image","twitter_creator":"@cdeualmeria","twitter_site":"@cdeualmeria","twitter_misc":{"Written by":"AdminCDE","Est. reading time":"4 minutes"},"schema":{"@context":"https:\/\/schema.org","@graph":[{"@type":"Article","@id":"https:\/\/www.cde.ual.es\/en\/informal-meeting-of-heads-of-state-or-government-versailles-10-11-march-2022\/#article","isPartOf":{"@id":"https:\/\/www.cde.ual.es\/en\/informal-meeting-of-heads-of-state-or-government-versailles-10-11-march-2022\/"},"author":{"name":"AdminCDE","@id":"https:\/\/www.cde.ual.es\/#\/schema\/person\/224ef08c8bcc005f319d2713ce37ee5f"},"headline":"Informal meeting of heads of state or government, Versailles, 10-11 March 2022","datePublished":"2022-03-11T07:00:59+00:00","mainEntityOfPage":{"@id":"https:\/\/www.cde.ual.es\/en\/informal-meeting-of-heads-of-state-or-government-versailles-10-11-march-2022\/"},"wordCount":816,"commentCount":0,"publisher":{"@id":"https:\/\/www.cde.ual.es\/#organization"},"image":{"@id":"https:\/\/www.cde.ual.es\/en\/informal-meeting-of-heads-of-state-or-government-versailles-10-11-march-2022\/#primaryimage"},"thumbnailUrl":"https:\/\/www.cde.ual.es\/wp-content\/uploads\/2022\/03\/versaille_summit_family_photo_hp.jpg","keywords":["Europe","russia","ukraine","Versailles","war"],"articleSection":["Defence &amp; Security","EU News","International Safety and Defence Politics"],"inLanguage":"en-US","potentialAction":[{"@type":"CommentAction","name":"Comment","target":["https:\/\/www.cde.ual.es\/en\/informal-meeting-of-heads-of-state-or-government-versailles-10-11-march-2022\/#respond"]}]},{"@type":"WebPage","@id":"https:\/\/www.cde.ual.es\/en\/informal-meeting-of-heads-of-state-or-government-versailles-10-11-march-2022\/","url":"https:\/\/www.cde.ual.es\/en\/informal-meeting-of-heads-of-state-or-government-versailles-10-11-march-2022\/","name":"Informal meeting of heads of state or government, Versailles, 10-11 March 2022 | CDE Almer\u00eda - Centro de Documentaci\u00f3n Europea - Universidad de Almer\u00eda","isPartOf":{"@id":"https:\/\/www.cde.ual.es\/#website"},"primaryImageOfPage":{"@id":"https:\/\/www.cde.ual.es\/en\/informal-meeting-of-heads-of-state-or-government-versailles-10-11-march-2022\/#primaryimage"},"image":{"@id":"https:\/\/www.cde.ual.es\/en\/informal-meeting-of-heads-of-state-or-government-versailles-10-11-march-2022\/#primaryimage"},"thumbnailUrl":"https:\/\/www.cde.ual.es\/wp-content\/uploads\/2022\/03\/versaille_summit_family_photo_hp.jpg","datePublished":"2022-03-11T07:00:59+00:00","breadcrumb":{"@id":"https:\/\/www.cde.ual.es\/en\/informal-meeting-of-heads-of-state-or-government-versailles-10-11-march-2022\/#breadcrumb"},"inLanguage":"en-US","potentialAction":[{"@type":"ReadAction","target":["https:\/\/www.cde.ual.es\/en\/informal-meeting-of-heads-of-state-or-government-versailles-10-11-march-2022\/"]}]},{"@type":"ImageObject","inLanguage":"en-US","@id":"https:\/\/www.cde.ual.es\/en\/informal-meeting-of-heads-of-state-or-government-versailles-10-11-march-2022\/#primaryimage","url":"https:\/\/www.cde.ual.es\/wp-content\/uploads\/2022\/03\/versaille_summit_family_photo_hp.jpg","contentUrl":"https:\/\/www.cde.ual.es\/wp-content\/uploads\/2022\/03\/versaille_summit_family_photo_hp.jpg","width":1151,"height":649},{"@type":"BreadcrumbList","@id":"https:\/\/www.cde.ual.es\/en\/informal-meeting-of-heads-of-state-or-government-versailles-10-11-march-2022\/#breadcrumb","itemListElement":[{"@type":"ListItem","position":1,"name":"Inicio","item":"https:\/\/www.cde.ual.es\/en\/"},{"@type":"ListItem","position":2,"name":"EU News","item":"https:\/\/www.cde.ual.es\/en\/category\/eu-news\/"},{"@type":"ListItem","position":3,"name":"Defence &amp; Security","item":"https:\/\/www.cde.ual.es\/en\/category\/eu-news\/defence-security\/"},{"@type":"ListItem","position":4,"name":"International Safety and Defence Politics","item":"https:\/\/www.cde.ual.es\/en\/category\/eu-news\/defence-security\/internat-safety-pol\/"},{"@type":"ListItem","position":5,"name":"Informal meeting of heads of state or government, Versailles, 10-11 March 2022"}]},{"@type":"WebSite","@id":"https:\/\/www.cde.ual.es\/#website","url":"https:\/\/www.cde.ual.es\/","name":"CDE Almer\u00eda - Centro de Documentaci\u00f3n Europea - Universidad de Almer\u00eda","description":"Centro de Documentaci\u00f3n Europea de la Universidad de Almer\u00eda","publisher":{"@id":"https:\/\/www.cde.ual.es\/#organization"},"alternateName":"CDE Almer\u00eda","potentialAction":[{"@type":"SearchAction","target":{"@type":"EntryPoint","urlTemplate":"https:\/\/www.cde.ual.es\/?s={search_term_string}"},"query-input":{"@type":"PropertyValueSpecification","valueRequired":true,"valueName":"search_term_string"}}],"inLanguage":"en-US"},{"@type":"Organization","@id":"https:\/\/www.cde.ual.es\/#organization","name":"Centro de Documentaci\u00f3n Europea de Almer\u00eda","url":"https:\/\/www.cde.ual.es\/","logo":{"@type":"ImageObject","inLanguage":"en-US","@id":"https:\/\/www.cde.ual.es\/#\/schema\/logo\/image\/","url":"https:\/\/www.cde.ual.es\/wp-content\/uploads\/2025\/07\/cde-logo-3.png","contentUrl":"https:\/\/www.cde.ual.es\/wp-content\/uploads\/2025\/07\/cde-logo-3.png","width":1400,"height":300,"caption":"Centro de Documentaci\u00f3n Europea de Almer\u00eda"},"image":{"@id":"https:\/\/www.cde.ual.es\/#\/schema\/logo\/image\/"},"sameAs":["https:\/\/www.facebook.com\/cdeuniversidadalmeria\/","https:\/\/x.com\/cdeualmeria","https:\/\/www.tiktok.com\/@cdealmeria","https:\/\/www.instagram.com\/cdealmeria\/","https:\/\/www.linkedin.com\/in\/cde-almera-812b26a9\/"]},{"@type":"Person","@id":"https:\/\/www.cde.ual.es\/#\/schema\/person\/224ef08c8bcc005f319d2713ce37ee5f","name":"AdminCDE","image":{"@type":"ImageObject","inLanguage":"en-US","@id":"https:\/\/secure.gravatar.com\/avatar\/a72d038d371f995cd13706fac32274b7952a52e8fb0a84b5f80c85426f2a98a8?s=96&d=mm&r=g","url":"https:\/\/secure.gravatar.com\/avatar\/a72d038d371f995cd13706fac32274b7952a52e8fb0a84b5f80c85426f2a98a8?s=96&d=mm&r=g","contentUrl":"https:\/\/secure.gravatar.com\/avatar\/a72d038d371f995cd13706fac32274b7952a52e8fb0a84b5f80c85426f2a98a8?s=96&d=mm&r=g","caption":"AdminCDE"}}]}},"_links":{"self":[{"href":"https:\/\/www.cde.ual.es\/en\/wp-json\/wp\/v2\/posts\/98866","targetHints":{"allow":["GET"]}}],"collection":[{"href":"https:\/\/www.cde.ual.es\/en\/wp-json\/wp\/v2\/posts"}],"about":[{"href":"https:\/\/www.cde.ual.es\/en\/wp-json\/wp\/v2\/types\/post"}],"author":[{"embeddable":true,"href":"https:\/\/www.cde.ual.es\/en\/wp-json\/wp\/v2\/users\/1"}],"replies":[{"embeddable":true,"href":"https:\/\/www.cde.ual.es\/en\/wp-json\/wp\/v2\/comments?post=98866"}],"version-history":[{"count":0,"href":"https:\/\/www.cde.ual.es\/en\/wp-json\/wp\/v2\/posts\/98866\/revisions"}],"wp:featuredmedia":[{"embeddable":true,"href":"https:\/\/www.cde.ual.es\/en\/wp-json\/wp\/v2\/media\/98864"}],"wp:attachment":[{"href":"https:\/\/www.cde.ual.es\/en\/wp-json\/wp\/v2\/media?parent=98866"}],"wp:term":[{"taxonomy":"category","embeddable":true,"href":"https:\/\/www.cde.ual.es\/en\/wp-json\/wp\/v2\/categories?post=98866"},{"taxonomy":"post_tag","embeddable":true,"href":"https:\/\/www.cde.ual.es\/en\/wp-json\/wp\/v2\/tags?post=98866"}],"curies":[{"name":"wp","href":"https:\/\/api.w.org\/{rel}","templated":true}]}}