{"id":98623,"date":"2022-03-08T08:14:08","date_gmt":"2022-03-08T07:14:08","guid":{"rendered":"https:\/\/www.cde.ual.es\/?p=98623"},"modified":"2022-03-08T08:14:08","modified_gmt":"2022-03-08T07:14:08","slug":"government-and-social-partners-agree-on-the-need-to-respond-with-unity-to-the-economic-impact-of-war-in-ukraine","status":"publish","type":"post","link":"https:\/\/www.cde.ual.es\/en\/government-and-social-partners-agree-on-the-need-to-respond-with-unity-to-the-economic-impact-of-war-in-ukraine\/","title":{"rendered":"Government and social partners agree on the need to respond with unity to the economic impact of war in Ukraine"},"content":{"rendered":"<p>The President of the Government, Pedro S\u00e1nchez, presided over a meeting at La Moncloa with the leaders of the CEOE and CEPYME, Antonio Garamendi and Gerardo Cuerva, and the general secretaries of the CC.OO. and UGT, Unai Sordo and Pepe \u00c1lvarez.<\/p>\n<p>The Chief Executive agreed with the social agents on the need to respond with maximum unity to the impact that the invasion of Ukraine will have on growth and activity.<\/p>\n<p>Mr. S\u00e1nchez has asked for the collaboration of employers and trade unions to promote the National Plan of Response to the Impact of the War, with measures to attend to the sectors most affected by this crisis, accelerate the energy transition and reinforce the resilience of our economy.<\/p>\n<p>The head of the Executive stressed that the mechanisms of social dialogue can help to distribute the impact of the conflict and allow for a faster recovery. Mr. S\u00e1nchez has raised with the social agents the need to reach an income pact, in order to provide stability and confidence to society as a whole, avoiding an inflationary spiral and reinforcing the economic recovery, job creation and the purchasing power of wages. Mr. S\u00e1nchez acknowledged the work done by employers and trade unions in the recent labor reform and encouraged them to reach a tripartite agreement to overcome the current situation.<\/p>\n<p>The President of the Government has conveyed to the social agents his concern for the current escalation of energy prices due to the impact it has on households and companies. During the meeting, the consequences of the conflict on the Spanish economy were discussed. On the one hand, the impact will be manifested through the reduction of trade flows with Russia or third countries linked to that country and, above all, through the increase in the prices of energy and raw materials.<\/p>\n<p>In order to mitigate the impact of the increase in the price of energy products on the Spanish economy, Mr. S\u00e1nchez stressed that work will be carried out in two areas: European and national. The Executive has already conveyed to the European Commission the urgency of adopting effective measures to reduce volatility and temporarily decouple gas and electricity prices.<\/p>\n<figure style=\"width: 503px\" class=\"wp-caption aligncenter\"><img decoding=\"async\" src=\"https:\/\/www.lamoncloa.gob.es\/multimedia\/fotos\/presidente\/PublishingImages\/2022\/070322-SanchezAgentesSociales2.jpg\" alt=\"\" width=\"503\" height=\"335\" \/><figcaption class=\"wp-caption-text\">Pool Moncloa \/ Fernando Calvo<\/figcaption><\/figure>\n<p>At the national level, S\u00e1nchez has detailed some of the new measures that will be implemented to mitigate the impact of high energy prices. In addition, he has asked the social agents for their help and collaboration to speed up the implementation of the Recovery, Transformation and Resilience Plan, promoting the energy transition and thus reinforcing strategic autonomy for the future. In the first half of the year, more than 24,000 million euros of calls for proposals linked to European funds will be resolved, both through the General State Administration and the autonomous communities.<\/p>\n<p>In addition, the President of the Government has informed the social agents about the evolution of the conflict and has detailed the sanctions imposed on Russia. Likewise, during the meeting, the importance of continuing to support the most vulnerable groups and of responding decisively to the humanitarian crisis, efficiently managing the reception of Ukrainian refugees, was also discussed.<\/p>\n<p>For their part, the social partners have shown their support to the Government in the response to the Russian aggression and their willingness to maintain an intense social dialogue, in order to cushion the economic impact and promote the effective deployment of the investments and reforms of the Recovery Plan.<\/p>\n<p>The meeting was also attended by the First Vice-President and Minister of Economic Affairs and Digital Transformation, Nadia Calvi\u00f1o; the Second Vice-President and Minister of Labor and Social Economy, Yolanda D\u00edaz; the Third Vice-President and Minister for Ecological Transition and the Demographic Challenge, Teresa Ribera; the Minister of Finance and Public Function, Mar\u00eda Jes\u00fas Montero; the Minister of Transport, Mobility and Urban Agenda, Raquel S\u00e1nchez; the Minister of Industry, Trade and Tourism, Reyes Maroto; the Minister of Agriculture, Fisheries and Food, Luis Planas; the Minister of Territorial Policy and Government Spokesperson, Isabel Rodr\u00edguez; the Minister of Science and Innovation, Diana Morant; the Minister of Inclusion, Social Security and Migration, Jos\u00e9 Luis Escriv\u00e1; and the Minister of Universities, Joan Subirats.<\/p>\n<p><strong><a href=\"https:\/\/www.lamoncloa.gob.es\/presidente\/actividades\/Paginas\/2022\/070322-sanchez_agentes_sociales.aspx\">More information: La Moncloa\u00a0\u00a0<\/a><\/strong><\/p>\n","protected":false},"excerpt":{"rendered":"<p>The President of the Government, Pedro S\u00e1nchez, presided over a meeting at La Moncloa with the leaders of the CEOE and CEPYME, Antonio Garamendi and Gerardo Cuerva, and the general secretaries of the CC.OO. and UGT, Unai Sordo and Pepe \u00c1lvarez. The Chief Executive agreed with the social agents on the need to respond with [&hellip;]<\/p>\n","protected":false},"author":1,"featured_media":98621,"comment_status":"open","ping_status":"open","sticky":false,"template":"","format":"standard","meta":{"_acf_changed":false,"_relevanssi_hide_post":"","_relevanssi_hide_content":"","_relevanssi_pin_for_all":"","_relevanssi_pin_keywords":"","_relevanssi_unpin_keywords":"","_relevanssi_related_keywords":"","_relevanssi_related_include_ids":"","_relevanssi_related_exclude_ids":"","_relevanssi_related_no_append":"","_relevanssi_related_not_related":"","_relevanssi_related_posts":"","_relevanssi_noindex_reason":"","_monsterinsights_skip_tracking":false,"_monsterinsights_sitenote_active":false,"_monsterinsights_sitenote_note":"","_monsterinsights_sitenote_category":0,"_genesis_hide_title":false,"_genesis_hide_breadcrumbs":false,"_genesis_hide_singular_image":false,"_genesis_hide_footer_widgets":false,"_genesis_custom_body_class":"","_genesis_custom_post_class":"","_genesis_layout":"","footnotes":""},"categories":[4075,346,4078],"tags":[],"class_list":{"0":"post-98623","1":"post","2":"type-post","3":"status-publish","4":"format-standard","5":"has-post-thumbnail","7":"category-defence-security","8":"category-eu-news","9":"category-internat-safety-pol","10":"entry"},"acf":[],"yoast_head":"<!-- This site is optimized with the Yoast SEO plugin v27.5 - https:\/\/yoast.com\/product\/yoast-seo-wordpress\/ -->\n<title>Government and social partners agree on the need to respond with unity to the economic impact of war in Ukraine | CDE Almer\u00eda - Centro de Documentaci\u00f3n Europea - Universidad de Almer\u00eda<\/title>\n<meta name=\"robots\" content=\"index, follow, max-snippet:-1, max-image-preview:large, max-video-preview:-1\" \/>\n<link rel=\"canonical\" href=\"https:\/\/www.cde.ual.es\/en\/government-and-social-partners-agree-on-the-need-to-respond-with-unity-to-the-economic-impact-of-war-in-ukraine\/\" \/>\n<meta property=\"og:locale\" content=\"en_US\" \/>\n<meta property=\"og:type\" content=\"article\" \/>\n<meta property=\"og:title\" content=\"Government and social partners agree on the need to respond with unity to the economic impact of war in Ukraine | CDE Almer\u00eda - Centro de Documentaci\u00f3n Europea - Universidad de Almer\u00eda\" \/>\n<meta property=\"og:description\" content=\"The President of the Government, Pedro S\u00e1nchez, presided over a meeting at La Moncloa with the leaders of the CEOE and CEPYME, Antonio Garamendi and Gerardo Cuerva, and the general secretaries of the CC.OO. and UGT, Unai Sordo and Pepe \u00c1lvarez. The Chief Executive agreed with the social agents on the need to respond with [&hellip;]\" \/>\n<meta property=\"og:url\" content=\"https:\/\/www.cde.ual.es\/en\/government-and-social-partners-agree-on-the-need-to-respond-with-unity-to-the-economic-impact-of-war-in-ukraine\/\" \/>\n<meta property=\"og:site_name\" content=\"CDE Almer\u00eda - Centro de Documentaci\u00f3n Europea - Universidad de Almer\u00eda\" \/>\n<meta property=\"article:publisher\" content=\"https:\/\/www.facebook.com\/cdeuniversidadalmeria\/\" \/>\n<meta property=\"article:published_time\" content=\"2022-03-08T07:14:08+00:00\" \/>\n<meta property=\"og:image\" content=\"https:\/\/www.cde.ual.es\/wp-content\/uploads\/2022\/03\/070322-SanchezAgentesSociales3.jpg\" \/>\n\t<meta property=\"og:image:width\" content=\"2000\" \/>\n\t<meta property=\"og:image:height\" content=\"1330\" \/>\n\t<meta property=\"og:image:type\" content=\"image\/jpeg\" \/>\n<meta name=\"author\" content=\"AdminCDE\" \/>\n<meta name=\"twitter:card\" content=\"summary_large_image\" \/>\n<meta name=\"twitter:creator\" content=\"@cdeualmeria\" \/>\n<meta name=\"twitter:site\" content=\"@cdeualmeria\" \/>\n<meta name=\"twitter:label1\" content=\"Written by\" \/>\n\t<meta name=\"twitter:data1\" content=\"AdminCDE\" \/>\n\t<meta name=\"twitter:label2\" content=\"Est. reading time\" \/>\n\t<meta name=\"twitter:data2\" content=\"4 minutes\" \/>\n<script type=\"application\/ld+json\" class=\"yoast-schema-graph\">{\"@context\":\"https:\\\/\\\/schema.org\",\"@graph\":[{\"@type\":\"Article\",\"@id\":\"https:\\\/\\\/www.cde.ual.es\\\/en\\\/government-and-social-partners-agree-on-the-need-to-respond-with-unity-to-the-economic-impact-of-war-in-ukraine\\\/#article\",\"isPartOf\":{\"@id\":\"https:\\\/\\\/www.cde.ual.es\\\/en\\\/government-and-social-partners-agree-on-the-need-to-respond-with-unity-to-the-economic-impact-of-war-in-ukraine\\\/\"},\"author\":{\"name\":\"AdminCDE\",\"@id\":\"https:\\\/\\\/www.cde.ual.es\\\/#\\\/schema\\\/person\\\/224ef08c8bcc005f319d2713ce37ee5f\"},\"headline\":\"Government and social partners agree on the need to respond with unity to the economic impact of war in Ukraine\",\"datePublished\":\"2022-03-08T07:14:08+00:00\",\"mainEntityOfPage\":{\"@id\":\"https:\\\/\\\/www.cde.ual.es\\\/en\\\/government-and-social-partners-agree-on-the-need-to-respond-with-unity-to-the-economic-impact-of-war-in-ukraine\\\/\"},\"wordCount\":727,\"commentCount\":0,\"publisher\":{\"@id\":\"https:\\\/\\\/www.cde.ual.es\\\/#organization\"},\"image\":{\"@id\":\"https:\\\/\\\/www.cde.ual.es\\\/en\\\/government-and-social-partners-agree-on-the-need-to-respond-with-unity-to-the-economic-impact-of-war-in-ukraine\\\/#primaryimage\"},\"thumbnailUrl\":\"https:\\\/\\\/www.cde.ual.es\\\/wp-content\\\/uploads\\\/2022\\\/03\\\/070322-SanchezAgentesSociales3.jpg\",\"articleSection\":[\"Defence &amp; Security\",\"EU News\",\"International Safety and Defence Politics\"],\"inLanguage\":\"en-US\",\"potentialAction\":[{\"@type\":\"CommentAction\",\"name\":\"Comment\",\"target\":[\"https:\\\/\\\/www.cde.ual.es\\\/en\\\/government-and-social-partners-agree-on-the-need-to-respond-with-unity-to-the-economic-impact-of-war-in-ukraine\\\/#respond\"]}]},{\"@type\":\"WebPage\",\"@id\":\"https:\\\/\\\/www.cde.ual.es\\\/en\\\/government-and-social-partners-agree-on-the-need-to-respond-with-unity-to-the-economic-impact-of-war-in-ukraine\\\/\",\"url\":\"https:\\\/\\\/www.cde.ual.es\\\/en\\\/government-and-social-partners-agree-on-the-need-to-respond-with-unity-to-the-economic-impact-of-war-in-ukraine\\\/\",\"name\":\"Government and social partners agree on the need to respond with unity to the economic impact of war in Ukraine | CDE Almer\u00eda - Centro de Documentaci\u00f3n Europea - Universidad de Almer\u00eda\",\"isPartOf\":{\"@id\":\"https:\\\/\\\/www.cde.ual.es\\\/#website\"},\"primaryImageOfPage\":{\"@id\":\"https:\\\/\\\/www.cde.ual.es\\\/en\\\/government-and-social-partners-agree-on-the-need-to-respond-with-unity-to-the-economic-impact-of-war-in-ukraine\\\/#primaryimage\"},\"image\":{\"@id\":\"https:\\\/\\\/www.cde.ual.es\\\/en\\\/government-and-social-partners-agree-on-the-need-to-respond-with-unity-to-the-economic-impact-of-war-in-ukraine\\\/#primaryimage\"},\"thumbnailUrl\":\"https:\\\/\\\/www.cde.ual.es\\\/wp-content\\\/uploads\\\/2022\\\/03\\\/070322-SanchezAgentesSociales3.jpg\",\"datePublished\":\"2022-03-08T07:14:08+00:00\",\"breadcrumb\":{\"@id\":\"https:\\\/\\\/www.cde.ual.es\\\/en\\\/government-and-social-partners-agree-on-the-need-to-respond-with-unity-to-the-economic-impact-of-war-in-ukraine\\\/#breadcrumb\"},\"inLanguage\":\"en-US\",\"potentialAction\":[{\"@type\":\"ReadAction\",\"target\":[\"https:\\\/\\\/www.cde.ual.es\\\/en\\\/government-and-social-partners-agree-on-the-need-to-respond-with-unity-to-the-economic-impact-of-war-in-ukraine\\\/\"]}]},{\"@type\":\"ImageObject\",\"inLanguage\":\"en-US\",\"@id\":\"https:\\\/\\\/www.cde.ual.es\\\/en\\\/government-and-social-partners-agree-on-the-need-to-respond-with-unity-to-the-economic-impact-of-war-in-ukraine\\\/#primaryimage\",\"url\":\"https:\\\/\\\/www.cde.ual.es\\\/wp-content\\\/uploads\\\/2022\\\/03\\\/070322-SanchezAgentesSociales3.jpg\",\"contentUrl\":\"https:\\\/\\\/www.cde.ual.es\\\/wp-content\\\/uploads\\\/2022\\\/03\\\/070322-SanchezAgentesSociales3.jpg\",\"width\":2000,\"height\":1330},{\"@type\":\"BreadcrumbList\",\"@id\":\"https:\\\/\\\/www.cde.ual.es\\\/en\\\/government-and-social-partners-agree-on-the-need-to-respond-with-unity-to-the-economic-impact-of-war-in-ukraine\\\/#breadcrumb\",\"itemListElement\":[{\"@type\":\"ListItem\",\"position\":1,\"name\":\"Inicio\",\"item\":\"https:\\\/\\\/www.cde.ual.es\\\/en\\\/\"},{\"@type\":\"ListItem\",\"position\":2,\"name\":\"EU News\",\"item\":\"https:\\\/\\\/www.cde.ual.es\\\/en\\\/category\\\/eu-news\\\/\"},{\"@type\":\"ListItem\",\"position\":3,\"name\":\"Defence &amp; Security\",\"item\":\"https:\\\/\\\/www.cde.ual.es\\\/en\\\/category\\\/eu-news\\\/defence-security\\\/\"},{\"@type\":\"ListItem\",\"position\":4,\"name\":\"International Safety and Defence Politics\",\"item\":\"https:\\\/\\\/www.cde.ual.es\\\/en\\\/category\\\/eu-news\\\/defence-security\\\/internat-safety-pol\\\/\"},{\"@type\":\"ListItem\",\"position\":5,\"name\":\"Government and social partners agree on the need to respond with unity to the economic impact of war in Ukraine\"}]},{\"@type\":\"WebSite\",\"@id\":\"https:\\\/\\\/www.cde.ual.es\\\/#website\",\"url\":\"https:\\\/\\\/www.cde.ual.es\\\/\",\"name\":\"CDE Almer\u00eda - Centro de Documentaci\u00f3n Europea - Universidad de Almer\u00eda\",\"description\":\"Centro de Documentaci\u00f3n Europea de la Universidad de Almer\u00eda\",\"publisher\":{\"@id\":\"https:\\\/\\\/www.cde.ual.es\\\/#organization\"},\"alternateName\":\"CDE Almer\u00eda\",\"potentialAction\":[{\"@type\":\"SearchAction\",\"target\":{\"@type\":\"EntryPoint\",\"urlTemplate\":\"https:\\\/\\\/www.cde.ual.es\\\/?s={search_term_string}\"},\"query-input\":{\"@type\":\"PropertyValueSpecification\",\"valueRequired\":true,\"valueName\":\"search_term_string\"}}],\"inLanguage\":\"en-US\"},{\"@type\":\"Organization\",\"@id\":\"https:\\\/\\\/www.cde.ual.es\\\/#organization\",\"name\":\"Centro de Documentaci\u00f3n Europea de Almer\u00eda\",\"url\":\"https:\\\/\\\/www.cde.ual.es\\\/\",\"logo\":{\"@type\":\"ImageObject\",\"inLanguage\":\"en-US\",\"@id\":\"https:\\\/\\\/www.cde.ual.es\\\/#\\\/schema\\\/logo\\\/image\\\/\",\"url\":\"https:\\\/\\\/www.cde.ual.es\\\/wp-content\\\/uploads\\\/2025\\\/07\\\/cde-logo-3.png\",\"contentUrl\":\"https:\\\/\\\/www.cde.ual.es\\\/wp-content\\\/uploads\\\/2025\\\/07\\\/cde-logo-3.png\",\"width\":1400,\"height\":300,\"caption\":\"Centro de Documentaci\u00f3n Europea de Almer\u00eda\"},\"image\":{\"@id\":\"https:\\\/\\\/www.cde.ual.es\\\/#\\\/schema\\\/logo\\\/image\\\/\"},\"sameAs\":[\"https:\\\/\\\/www.facebook.com\\\/cdeuniversidadalmeria\\\/\",\"https:\\\/\\\/x.com\\\/cdeualmeria\",\"https:\\\/\\\/www.tiktok.com\\\/@cdealmeria\",\"https:\\\/\\\/www.instagram.com\\\/cdealmeria\\\/\",\"https:\\\/\\\/www.linkedin.com\\\/in\\\/cde-almera-812b26a9\\\/\"]},{\"@type\":\"Person\",\"@id\":\"https:\\\/\\\/www.cde.ual.es\\\/#\\\/schema\\\/person\\\/224ef08c8bcc005f319d2713ce37ee5f\",\"name\":\"AdminCDE\",\"image\":{\"@type\":\"ImageObject\",\"inLanguage\":\"en-US\",\"@id\":\"https:\\\/\\\/secure.gravatar.com\\\/avatar\\\/a72d038d371f995cd13706fac32274b7952a52e8fb0a84b5f80c85426f2a98a8?s=96&d=mm&r=g\",\"url\":\"https:\\\/\\\/secure.gravatar.com\\\/avatar\\\/a72d038d371f995cd13706fac32274b7952a52e8fb0a84b5f80c85426f2a98a8?s=96&d=mm&r=g\",\"contentUrl\":\"https:\\\/\\\/secure.gravatar.com\\\/avatar\\\/a72d038d371f995cd13706fac32274b7952a52e8fb0a84b5f80c85426f2a98a8?s=96&d=mm&r=g\",\"caption\":\"AdminCDE\"}}]}<\/script>\n<!-- \/ Yoast SEO plugin. -->","yoast_head_json":{"title":"Government and social partners agree on the need to respond with unity to the economic impact of war in Ukraine | CDE Almer\u00eda - Centro de Documentaci\u00f3n Europea - Universidad de Almer\u00eda","robots":{"index":"index","follow":"follow","max-snippet":"max-snippet:-1","max-image-preview":"max-image-preview:large","max-video-preview":"max-video-preview:-1"},"canonical":"https:\/\/www.cde.ual.es\/en\/government-and-social-partners-agree-on-the-need-to-respond-with-unity-to-the-economic-impact-of-war-in-ukraine\/","og_locale":"en_US","og_type":"article","og_title":"Government and social partners agree on the need to respond with unity to the economic impact of war in Ukraine | CDE Almer\u00eda - Centro de Documentaci\u00f3n Europea - Universidad de Almer\u00eda","og_description":"The President of the Government, Pedro S\u00e1nchez, presided over a meeting at La Moncloa with the leaders of the CEOE and CEPYME, Antonio Garamendi and Gerardo Cuerva, and the general secretaries of the CC.OO. and UGT, Unai Sordo and Pepe \u00c1lvarez. The Chief Executive agreed with the social agents on the need to respond with [&hellip;]","og_url":"https:\/\/www.cde.ual.es\/en\/government-and-social-partners-agree-on-the-need-to-respond-with-unity-to-the-economic-impact-of-war-in-ukraine\/","og_site_name":"CDE Almer\u00eda - Centro de Documentaci\u00f3n Europea - Universidad de Almer\u00eda","article_publisher":"https:\/\/www.facebook.com\/cdeuniversidadalmeria\/","article_published_time":"2022-03-08T07:14:08+00:00","og_image":[{"width":2000,"height":1330,"url":"https:\/\/www.cde.ual.es\/wp-content\/uploads\/2022\/03\/070322-SanchezAgentesSociales3.jpg","type":"image\/jpeg"}],"author":"AdminCDE","twitter_card":"summary_large_image","twitter_creator":"@cdeualmeria","twitter_site":"@cdeualmeria","twitter_misc":{"Written by":"AdminCDE","Est. reading time":"4 minutes"},"schema":{"@context":"https:\/\/schema.org","@graph":[{"@type":"Article","@id":"https:\/\/www.cde.ual.es\/en\/government-and-social-partners-agree-on-the-need-to-respond-with-unity-to-the-economic-impact-of-war-in-ukraine\/#article","isPartOf":{"@id":"https:\/\/www.cde.ual.es\/en\/government-and-social-partners-agree-on-the-need-to-respond-with-unity-to-the-economic-impact-of-war-in-ukraine\/"},"author":{"name":"AdminCDE","@id":"https:\/\/www.cde.ual.es\/#\/schema\/person\/224ef08c8bcc005f319d2713ce37ee5f"},"headline":"Government and social partners agree on the need to respond with unity to the economic impact of war in Ukraine","datePublished":"2022-03-08T07:14:08+00:00","mainEntityOfPage":{"@id":"https:\/\/www.cde.ual.es\/en\/government-and-social-partners-agree-on-the-need-to-respond-with-unity-to-the-economic-impact-of-war-in-ukraine\/"},"wordCount":727,"commentCount":0,"publisher":{"@id":"https:\/\/www.cde.ual.es\/#organization"},"image":{"@id":"https:\/\/www.cde.ual.es\/en\/government-and-social-partners-agree-on-the-need-to-respond-with-unity-to-the-economic-impact-of-war-in-ukraine\/#primaryimage"},"thumbnailUrl":"https:\/\/www.cde.ual.es\/wp-content\/uploads\/2022\/03\/070322-SanchezAgentesSociales3.jpg","articleSection":["Defence &amp; Security","EU News","International Safety and Defence Politics"],"inLanguage":"en-US","potentialAction":[{"@type":"CommentAction","name":"Comment","target":["https:\/\/www.cde.ual.es\/en\/government-and-social-partners-agree-on-the-need-to-respond-with-unity-to-the-economic-impact-of-war-in-ukraine\/#respond"]}]},{"@type":"WebPage","@id":"https:\/\/www.cde.ual.es\/en\/government-and-social-partners-agree-on-the-need-to-respond-with-unity-to-the-economic-impact-of-war-in-ukraine\/","url":"https:\/\/www.cde.ual.es\/en\/government-and-social-partners-agree-on-the-need-to-respond-with-unity-to-the-economic-impact-of-war-in-ukraine\/","name":"Government and social partners agree on the need to respond with unity to the economic impact of war in Ukraine | CDE Almer\u00eda - Centro de Documentaci\u00f3n Europea - Universidad de Almer\u00eda","isPartOf":{"@id":"https:\/\/www.cde.ual.es\/#website"},"primaryImageOfPage":{"@id":"https:\/\/www.cde.ual.es\/en\/government-and-social-partners-agree-on-the-need-to-respond-with-unity-to-the-economic-impact-of-war-in-ukraine\/#primaryimage"},"image":{"@id":"https:\/\/www.cde.ual.es\/en\/government-and-social-partners-agree-on-the-need-to-respond-with-unity-to-the-economic-impact-of-war-in-ukraine\/#primaryimage"},"thumbnailUrl":"https:\/\/www.cde.ual.es\/wp-content\/uploads\/2022\/03\/070322-SanchezAgentesSociales3.jpg","datePublished":"2022-03-08T07:14:08+00:00","breadcrumb":{"@id":"https:\/\/www.cde.ual.es\/en\/government-and-social-partners-agree-on-the-need-to-respond-with-unity-to-the-economic-impact-of-war-in-ukraine\/#breadcrumb"},"inLanguage":"en-US","potentialAction":[{"@type":"ReadAction","target":["https:\/\/www.cde.ual.es\/en\/government-and-social-partners-agree-on-the-need-to-respond-with-unity-to-the-economic-impact-of-war-in-ukraine\/"]}]},{"@type":"ImageObject","inLanguage":"en-US","@id":"https:\/\/www.cde.ual.es\/en\/government-and-social-partners-agree-on-the-need-to-respond-with-unity-to-the-economic-impact-of-war-in-ukraine\/#primaryimage","url":"https:\/\/www.cde.ual.es\/wp-content\/uploads\/2022\/03\/070322-SanchezAgentesSociales3.jpg","contentUrl":"https:\/\/www.cde.ual.es\/wp-content\/uploads\/2022\/03\/070322-SanchezAgentesSociales3.jpg","width":2000,"height":1330},{"@type":"BreadcrumbList","@id":"https:\/\/www.cde.ual.es\/en\/government-and-social-partners-agree-on-the-need-to-respond-with-unity-to-the-economic-impact-of-war-in-ukraine\/#breadcrumb","itemListElement":[{"@type":"ListItem","position":1,"name":"Inicio","item":"https:\/\/www.cde.ual.es\/en\/"},{"@type":"ListItem","position":2,"name":"EU News","item":"https:\/\/www.cde.ual.es\/en\/category\/eu-news\/"},{"@type":"ListItem","position":3,"name":"Defence &amp; Security","item":"https:\/\/www.cde.ual.es\/en\/category\/eu-news\/defence-security\/"},{"@type":"ListItem","position":4,"name":"International Safety and Defence Politics","item":"https:\/\/www.cde.ual.es\/en\/category\/eu-news\/defence-security\/internat-safety-pol\/"},{"@type":"ListItem","position":5,"name":"Government and social partners agree on the need to respond with unity to the economic impact of war in Ukraine"}]},{"@type":"WebSite","@id":"https:\/\/www.cde.ual.es\/#website","url":"https:\/\/www.cde.ual.es\/","name":"CDE Almer\u00eda - Centro de Documentaci\u00f3n Europea - Universidad de Almer\u00eda","description":"Centro de Documentaci\u00f3n Europea de la Universidad de Almer\u00eda","publisher":{"@id":"https:\/\/www.cde.ual.es\/#organization"},"alternateName":"CDE Almer\u00eda","potentialAction":[{"@type":"SearchAction","target":{"@type":"EntryPoint","urlTemplate":"https:\/\/www.cde.ual.es\/?s={search_term_string}"},"query-input":{"@type":"PropertyValueSpecification","valueRequired":true,"valueName":"search_term_string"}}],"inLanguage":"en-US"},{"@type":"Organization","@id":"https:\/\/www.cde.ual.es\/#organization","name":"Centro de Documentaci\u00f3n Europea de Almer\u00eda","url":"https:\/\/www.cde.ual.es\/","logo":{"@type":"ImageObject","inLanguage":"en-US","@id":"https:\/\/www.cde.ual.es\/#\/schema\/logo\/image\/","url":"https:\/\/www.cde.ual.es\/wp-content\/uploads\/2025\/07\/cde-logo-3.png","contentUrl":"https:\/\/www.cde.ual.es\/wp-content\/uploads\/2025\/07\/cde-logo-3.png","width":1400,"height":300,"caption":"Centro de Documentaci\u00f3n Europea de Almer\u00eda"},"image":{"@id":"https:\/\/www.cde.ual.es\/#\/schema\/logo\/image\/"},"sameAs":["https:\/\/www.facebook.com\/cdeuniversidadalmeria\/","https:\/\/x.com\/cdeualmeria","https:\/\/www.tiktok.com\/@cdealmeria","https:\/\/www.instagram.com\/cdealmeria\/","https:\/\/www.linkedin.com\/in\/cde-almera-812b26a9\/"]},{"@type":"Person","@id":"https:\/\/www.cde.ual.es\/#\/schema\/person\/224ef08c8bcc005f319d2713ce37ee5f","name":"AdminCDE","image":{"@type":"ImageObject","inLanguage":"en-US","@id":"https:\/\/secure.gravatar.com\/avatar\/a72d038d371f995cd13706fac32274b7952a52e8fb0a84b5f80c85426f2a98a8?s=96&d=mm&r=g","url":"https:\/\/secure.gravatar.com\/avatar\/a72d038d371f995cd13706fac32274b7952a52e8fb0a84b5f80c85426f2a98a8?s=96&d=mm&r=g","contentUrl":"https:\/\/secure.gravatar.com\/avatar\/a72d038d371f995cd13706fac32274b7952a52e8fb0a84b5f80c85426f2a98a8?s=96&d=mm&r=g","caption":"AdminCDE"}}]}},"_links":{"self":[{"href":"https:\/\/www.cde.ual.es\/en\/wp-json\/wp\/v2\/posts\/98623","targetHints":{"allow":["GET"]}}],"collection":[{"href":"https:\/\/www.cde.ual.es\/en\/wp-json\/wp\/v2\/posts"}],"about":[{"href":"https:\/\/www.cde.ual.es\/en\/wp-json\/wp\/v2\/types\/post"}],"author":[{"embeddable":true,"href":"https:\/\/www.cde.ual.es\/en\/wp-json\/wp\/v2\/users\/1"}],"replies":[{"embeddable":true,"href":"https:\/\/www.cde.ual.es\/en\/wp-json\/wp\/v2\/comments?post=98623"}],"version-history":[{"count":0,"href":"https:\/\/www.cde.ual.es\/en\/wp-json\/wp\/v2\/posts\/98623\/revisions"}],"wp:featuredmedia":[{"embeddable":true,"href":"https:\/\/www.cde.ual.es\/en\/wp-json\/wp\/v2\/media\/98621"}],"wp:attachment":[{"href":"https:\/\/www.cde.ual.es\/en\/wp-json\/wp\/v2\/media?parent=98623"}],"wp:term":[{"taxonomy":"category","embeddable":true,"href":"https:\/\/www.cde.ual.es\/en\/wp-json\/wp\/v2\/categories?post=98623"},{"taxonomy":"post_tag","embeddable":true,"href":"https:\/\/www.cde.ual.es\/en\/wp-json\/wp\/v2\/tags?post=98623"}],"curies":[{"name":"wp","href":"https:\/\/api.w.org\/{rel}","templated":true}]}}