{"id":98589,"date":"2022-03-07T11:49:50","date_gmt":"2022-03-07T10:49:50","guid":{"rendered":"https:\/\/www.cde.ual.es\/?p=98589"},"modified":"2022-03-07T11:50:59","modified_gmt":"2022-03-07T10:50:59","slug":"ukraine-un-chief-calls-for-safe-passage-from-conflict-zones-rights-body-records-1123-civilian-casualties-who-outlines-health-concerns","status":"publish","type":"post","link":"https:\/\/www.cde.ual.es\/en\/ukraine-un-chief-calls-for-safe-passage-from-conflict-zones-rights-body-records-1123-civilian-casualties-who-outlines-health-concerns\/","title":{"rendered":"Ukraine: UN chief calls for safe passage from conflict zones, rights body records 1,123 civilian casualties, WHO outlines health concerns"},"content":{"rendered":"<p>UN chief Ant\u00f3nio Guterres called on Sunday for a pause in fighting to allow civilians to escape conflict zones in Ukraine, as the UN rights body (<a href=\"https:\/\/www.ohchr.org\/EN\/pages\/home.aspx\">OHCHR<\/a>) announced it had recorded 1,123 civilian casualties since the beginning of Russia\u2019s armed attack on the country.<\/p>\n<p>In a\u00a0<a href=\"https:\/\/twitter.com\/antonioguterres\/status\/1500507511975202823?s=20&amp;t=BZwjNsLeOXpEPxWnHZA2hw\">Tweet<\/a>, the UN Secretary-General declared that it is absolutely essential to establish a pause in the fighting that continues unabated in Ukraine, to allow for the safe passage of civilians from all conflict zones, and also to ensure that life-saving humanitarian aid, such as the\u00a0<a href=\"https:\/\/news.un.org\/en\/story\/2022\/03\/1113362\">UN supplies<\/a>\u00a0that began arriving on Saturday, can move in to help those who remain.<\/p>\n<p>Mr. Guterres singled out the cities of Mariupol, Kharkiv and Sumy as examples of hotspots where civilians are at particular risk. Attempts to allow some 200,000 civilians to safely leave Mariupol continue to be thwarted, with the International Committee of the Red Cross (ICRC) reporting \u201cdevastating scenes of human suffering\u201d in the city.<\/p>\n<p>The ICRC reported on Sunday that, whilst their teams remain on standby to help with the evacuation, they need security guarantees in order to operate. These guarantees have so far not been forthcoming, and the humanitarian organization called on the warring parties to agree to specific terms that would allow for safe passage out of the city.<\/p>\n<div class=\"dnd-widget-wrapper context-un_news_full_width type-image\">\n<div class=\"dnd-atom-rendered\">\n<picture><source srcset=\"\" media=\"(max-width : 992px)\" \/><source srcset=\"\" media=\"(max-width : 480px)\" \/><source srcset=\"https:\/\/global.unitednations.entermediadb.net\/assets\/mediadb\/services\/module\/asset\/downloads\/preset\/Libraries\/Production+Library\/05-03-2022_UNICEF_Ukraine-03.jpg\/image770x420cropped.jpg\" media=\"(max-width : 768px)\" \/><source srcset=\"https:\/\/global.unitednations.entermediadb.net\/assets\/mediadb\/services\/module\/asset\/downloads\/preset\/Libraries\/Production+Library\/05-03-2022_UNICEF_Ukraine-03.jpg\/image1170x530cropped.jpg\" media=\"(max-width : 1200px) \" \/><img decoding=\"async\" class=\"img-responsive aligncenter\" title=\"Destruction caused by a rocket in western Ukraine is captured on a cell phone image.\" src=\"https:\/\/global.unitednations.entermediadb.net\/assets\/mediadb\/services\/module\/asset\/downloads\/preset\/Libraries\/Production+Library\/05-03-2022_UNICEF_Ukraine-03.jpg\/image1170x530cropped.jpg\" alt=\"Destruction caused by a rocket in western Ukraine is captured on a cell phone image.\" width=\"501\" height=\"227\" \/><\/picture>\n<div class=\"field-name-field-scald-photo-credit field field-name-scald-authors field-type-taxonomy-term-reference field-label-hidden\" style=\"text-align: center;\"><span class=\"un-news-full-width scald-credit\">\u00a9 UNICEF\/Viktor Moskaliuk<\/span><\/div>\n<div class=\"field-name-field-scald-photo-caption field field-name-field-title field-type-text field-label-hidden\" style=\"text-align: center;\"><span class=\"un-news-full-width scald-caption\">Destruction caused by a rocket in western Ukraine is captured on a cell phone image.<\/span><\/div>\n<\/div>\n<\/div>\n<h2>Real fatality figures \u2018considerably higher\u2019 than recorded<\/h2>\n<p>The Office of the UN High Commissioner for Human Rights (<a class=\"word-link\" title=\"Office of the UN High Commissioner for Human Rights\" href=\"http:\/\/www.ohchr.org\/EN\/pages\/home.aspx\" target=\"_blank\" rel=\"noopener\">OHCHR<\/a>) warned on Sunday that the casualty figures it has reported \u2013 for the period between 04:00 local time on 24 February 2022, when the Russian Federation\u2019s armed attack against Ukraine started, to midnight on 5 March 2022 \u2013 are likely to be a considerable underestimate of the true numbers.<\/p>\n<p>OHCHR said that 1,123 civilian casualties in Ukraine have been verified: 364 killed, including 25 children, and 759 injured. Most of the casualties have been caused by the use of explosive weapons with a wide impact area, including shelling from heavy artillery and multi-launch rocket systems, and missile and air strikes.<\/p>\n<p>However, OHCHR believes that the real figures are considerably higher, especially in Government-controlled territory, and especially in recent days, as information from some locations where intense hostilities have been going on has been delayed and many reports are still pending corroboration. In the town of Volnovakha, for example, OHCHR is aware of allegations of hundreds of civilian casualties.<\/p>\n<div class=\"dnd-widget-wrapper context-un_news_full_width type-image\">\n<div class=\"dnd-atom-rendered\">\n<picture><source srcset=\"\" media=\"(max-width : 992px)\" \/><source srcset=\"\" media=\"(max-width : 480px)\" \/><source srcset=\"https:\/\/global.unitednations.entermediadb.net\/assets\/mediadb\/services\/module\/asset\/downloads\/preset\/Libraries\/Production+Library\/06-03-2022_UNICEF_Ukraine-01.jpg\/image770x420cropped.jpg\" media=\"(max-width : 768px)\" \/><source srcset=\"https:\/\/global.unitednations.entermediadb.net\/assets\/mediadb\/services\/module\/asset\/downloads\/preset\/Libraries\/Production+Library\/06-03-2022_UNICEF_Ukraine-01.jpg\/image1170x530cropped.jpg\" media=\"(max-width : 1200px) \" \/><img decoding=\"async\" class=\"img-responsive aligncenter\" title=\"On 5 March 2022 in western Ukraine, children and families make their way to the border to cross into Poland.\" src=\"https:\/\/global.unitednations.entermediadb.net\/assets\/mediadb\/services\/module\/asset\/downloads\/preset\/Libraries\/Production+Library\/06-03-2022_UNICEF_Ukraine-01.jpg\/image1170x530cropped.jpg\" alt=\"On 5 March 2022 in western Ukraine, children and families make their way to the border to cross into Poland.\" width=\"501\" height=\"227\" \/><\/picture>\n<div class=\"field-name-field-scald-photo-credit field field-name-scald-authors field-type-taxonomy-term-reference field-label-hidden\" style=\"text-align: center;\"><span class=\"un-news-full-width scald-credit\">\u00a9 UNICEF\/Viktor Moskaliuk<\/span><\/div>\n<div class=\"field-name-field-scald-photo-caption field field-name-field-title field-type-text field-label-hidden\" style=\"text-align: center;\"><span class=\"un-news-full-width scald-caption\">On 5 March 2022 in western Ukraine, children and families make their way to the border to cross into Poland.<\/span><\/div>\n<\/div>\n<\/div>\n<h2>\u2018Fastest-growing refugee crisis in Europe since WW2\u2019<\/h2>\n<p>The Ukraine conflict has created the fastest-growing refugee crisis since the Second World War, the head of the UN refugee agency (<a class=\"word-link\" title=\"UN High Commissioner for Refugees\" href=\"http:\/\/www.unhcr.org\/\" target=\"_blank\" rel=\"noopener\">UNHCR<\/a>), declared in a\u00a0<a href=\"https:\/\/twitter.com\/FilippoGrandi\/status\/1500395166624010249?s=20&amp;t=xWFhZ0HHrOslkcLu0PR4gQ\">Tweet\u00a0<\/a>on Sunday.<\/p>\n<p>Filippo Grandi, the UN High Commissioner for Refugees, noted that more than 1.5 million people have crossed into neighbouring countries in just 10 days.<\/p>\n<p>Mr. Grandi\u2019s comments follow\u00a0<a href=\"https:\/\/news.un.org\/en\/story\/2022\/03\/1113342\">warnings from the UN children\u2019s agency\u00a0<\/a>(<a class=\"word-link\" title=\"United Nations Children\u2019s Fund\" href=\"https:\/\/www.unicef.org\/\" target=\"_blank\" rel=\"noopener\">UNICEF<\/a>) on Friday of \u201cunprecedented\u201d numbers of children and families fleeing their homes, and humanitarian needs \u201cgrowing by the hour\u201d.<\/p>\n<h2>WHO releases priority healthcare concerns for Ukraine<\/h2>\n<p>The UN health agency (<a class=\"word-link\" title=\"World Health Organization\" href=\"http:\/\/www.who.int\/en\/\" target=\"_blank\" rel=\"noopener\">WHO<\/a>) released its first\u00a0<a href=\"https:\/\/www.who.int\/publications\/m\/item\/emergency-in-ukraine---situation-report-1\/\">Ukraine situation report\u00a0<\/a>on Saturday, outlining its health priorities for the country.<br \/>\nThese include mental health care, due to what the agency calls \u201csignificant stress due to acute conflict\u201d, and conflict-related trauma and injuries, exacerbated by lack of access to health facilities due to insecurity.<\/p>\n<p>WHO is also concerned about excess death from common illnesses, due to disruption in services, and acute maternal, new-born and child illnesses, as well as the spread of infectious diseases such as\u00a0<a class=\"word-link\" title=\"Coronavirus disease (COVID-19)\" href=\"https:\/\/www.un.org\/coronavirus\" target=\"_blank\" rel=\"noopener\">COVID-19<\/a>, measles, polio, TB, and HIV.<\/p>\n<p>Diarrhoeal diseases are also on the list of priorities, due to the widespread destruction of water and sanitation infrastructure, inadequate vaccination coverage, population movements, and crowding.<\/p>\n<p><strong><a href=\"https:\/\/news.un.org\/en\/story\/2022\/03\/1113372\">Source: United Nations &#8211; UN News<\/a><\/strong><\/p>\n<h4>More information:<\/h4>\n<p class=\"story-title\"><strong><a href=\"https:\/\/news.un.org\/en\/story\/2022\/03\/1113362\">Ukraine: Crisis envoy calls for \u2018humanitarian pause\u2019, urgent UN aid arrives, WHO condemns healthcare attacks<\/a><\/strong><\/p>\n<p><strong><a href=\"https:\/\/news.un.org\/en\/story\/2022\/03\/1113352\">WFP ramping up operations as hunger rises in Ukraine<\/a><\/strong><\/p>\n<div class=\"featured-media\">\n<div class=\"story-video-wrapper\">\n<p class=\"story-title\"><strong><a href=\"https:\/\/news.un.org\/en\/story\/2022\/03\/1113342\">\u2018Unprecedented\u2019 number of traumatized people flee Ukraine<\/a><\/strong><\/p>\n<p class=\"story-title\"><strong><a href=\"https:\/\/news.un.org\/en\/story\/2022\/03\/1113292\">Human Rights Council to establish Commission of Inquiry on Ukraine<\/a><\/strong><\/p>\n<div class=\"featured-media\"><picture><source srcset=\"\" media=\"(max-width : 992px)\" \/><source srcset=\"\" media=\"(max-width : 480px)\" \/><source srcset=\"https:\/\/global.unitednations.entermediadb.net\/assets\/mediadb\/services\/module\/asset\/downloads\/preset\/assets\/2018\/11\/06-11-2018-HRC_15359725155.jpg\/image770x420cropped.jpg\" media=\"(max-width : 768px)\" \/><source srcset=\"https:\/\/global.unitednations.entermediadb.net\/assets\/mediadb\/services\/module\/asset\/downloads\/preset\/assets\/2018\/11\/06-11-2018-HRC_15359725155.jpg\/image1170x530cropped.jpg\" media=\"(max-width : 1200px) \" \/><\/picture><\/div>\n<div class=\"featured-media\"><picture><source srcset=\"\" media=\"(max-width : 992px)\" \/><source srcset=\"\" media=\"(max-width : 480px)\" \/><source srcset=\"https:\/\/global.unitednations.entermediadb.net\/assets\/mediadb\/services\/module\/asset\/downloads\/preset\/Libraries\/Production+Library\/04-03-2022_WFP_Poland-2.jpg\/image770x420cropped.jpg\" media=\"(max-width : 768px)\" \/><source srcset=\"https:\/\/global.unitednations.entermediadb.net\/assets\/mediadb\/services\/module\/asset\/downloads\/preset\/Libraries\/Production+Library\/04-03-2022_WFP_Poland-2.jpg\/image1170x530cropped.jpg\" media=\"(max-width : 1200px) \" \/><\/picture><\/div>\n<div class=\"featured-media\"><picture><source srcset=\"\" media=\"(max-width : 992px)\" \/><source srcset=\"\" media=\"(max-width : 480px)\" \/><source srcset=\"https:\/\/global.unitednations.entermediadb.net\/assets\/mediadb\/services\/module\/asset\/downloads\/preset\/Libraries\/Production+Library\/04-03-2022_WFP_Poland-2_2.jpg\/image770x420cropped.jpg\" media=\"(max-width : 768px)\" \/><source srcset=\"https:\/\/global.unitednations.entermediadb.net\/assets\/mediadb\/services\/module\/asset\/downloads\/preset\/Libraries\/Production+Library\/04-03-2022_WFP_Poland-2_2.jpg\/image1170x530cropped.jpg\" media=\"(max-width : 1200px) \" \/><\/picture><\/div>\n<\/div>\n<\/div>\n","protected":false},"excerpt":{"rendered":"<p>UN chief Ant\u00f3nio Guterres called on Sunday for a pause in fighting to allow civilians to escape conflict zones in Ukraine, as the UN rights body (OHCHR) announced it had recorded 1,123 civilian casualties since the beginning of Russia\u2019s armed attack on the country. In a\u00a0Tweet, the UN Secretary-General declared that it is absolutely essential [&hellip;]<\/p>\n","protected":false},"author":1,"featured_media":98590,"comment_status":"open","ping_status":"open","sticky":false,"template":"","format":"standard","meta":{"_acf_changed":false,"_relevanssi_hide_post":"","_relevanssi_hide_content":"","_relevanssi_pin_for_all":"","_relevanssi_pin_keywords":"","_relevanssi_unpin_keywords":"","_relevanssi_related_keywords":"","_relevanssi_related_include_ids":"","_relevanssi_related_exclude_ids":"","_relevanssi_related_no_append":"","_relevanssi_related_not_related":"","_relevanssi_related_posts":"","_relevanssi_noindex_reason":"","_monsterinsights_skip_tracking":false,"_monsterinsights_sitenote_active":false,"_monsterinsights_sitenote_note":"","_monsterinsights_sitenote_category":0,"_genesis_hide_title":false,"_genesis_hide_breadcrumbs":false,"_genesis_hide_singular_image":false,"_genesis_hide_footer_widgets":false,"_genesis_custom_body_class":"","_genesis_custom_post_class":"","_genesis_layout":"","footnotes":""},"categories":[4075,346,4078],"tags":[],"class_list":{"0":"post-98589","1":"post","2":"type-post","3":"status-publish","4":"format-standard","5":"has-post-thumbnail","7":"category-defence-security","8":"category-eu-news","9":"category-internat-safety-pol","10":"entry"},"acf":[],"yoast_head":"<!-- This site is optimized with the Yoast SEO plugin v27.5 - https:\/\/yoast.com\/product\/yoast-seo-wordpress\/ -->\n<title>Ukraine: UN chief calls for safe passage from conflict zones, rights body records 1,123 civilian casualties, WHO outlines health concerns | CDE Almer\u00eda - Centro de Documentaci\u00f3n Europea - Universidad de Almer\u00eda<\/title>\n<meta name=\"robots\" content=\"index, follow, max-snippet:-1, max-image-preview:large, max-video-preview:-1\" \/>\n<link rel=\"canonical\" href=\"https:\/\/www.cde.ual.es\/en\/ukraine-un-chief-calls-for-safe-passage-from-conflict-zones-rights-body-records-1123-civilian-casualties-who-outlines-health-concerns\/\" \/>\n<meta property=\"og:locale\" content=\"en_US\" \/>\n<meta property=\"og:type\" content=\"article\" \/>\n<meta property=\"og:title\" content=\"Ukraine: UN chief calls for safe passage from conflict zones, rights body records 1,123 civilian casualties, WHO outlines health concerns | CDE Almer\u00eda - Centro de Documentaci\u00f3n Europea - Universidad de Almer\u00eda\" \/>\n<meta property=\"og:description\" content=\"UN chief Ant\u00f3nio Guterres called on Sunday for a pause in fighting to allow civilians to escape conflict zones in Ukraine, as the UN rights body (OHCHR) announced it had recorded 1,123 civilian casualties since the beginning of Russia\u2019s armed attack on the country. In a\u00a0Tweet, the UN Secretary-General declared that it is absolutely essential [&hellip;]\" \/>\n<meta property=\"og:url\" content=\"https:\/\/www.cde.ual.es\/en\/ukraine-un-chief-calls-for-safe-passage-from-conflict-zones-rights-body-records-1123-civilian-casualties-who-outlines-health-concerns\/\" \/>\n<meta property=\"og:site_name\" content=\"CDE Almer\u00eda - Centro de Documentaci\u00f3n Europea - Universidad de Almer\u00eda\" \/>\n<meta property=\"article:publisher\" content=\"https:\/\/www.facebook.com\/cdeuniversidadalmeria\/\" \/>\n<meta property=\"article:published_time\" content=\"2022-03-07T10:49:50+00:00\" \/>\n<meta property=\"article:modified_time\" content=\"2022-03-07T10:50:59+00:00\" \/>\n<meta property=\"og:image\" content=\"https:\/\/www.cde.ual.es\/wp-content\/uploads\/2022\/03\/image1170x530cropped-5.jpg\" \/>\n\t<meta property=\"og:image:width\" content=\"1170\" \/>\n\t<meta property=\"og:image:height\" content=\"530\" \/>\n\t<meta property=\"og:image:type\" content=\"image\/jpeg\" \/>\n<meta name=\"author\" content=\"AdminCDE\" \/>\n<meta name=\"twitter:card\" content=\"summary_large_image\" \/>\n<meta name=\"twitter:creator\" content=\"@cdeualmeria\" \/>\n<meta name=\"twitter:site\" content=\"@cdeualmeria\" \/>\n<meta name=\"twitter:label1\" content=\"Written by\" \/>\n\t<meta name=\"twitter:data1\" content=\"AdminCDE\" \/>\n\t<meta name=\"twitter:label2\" content=\"Est. reading time\" \/>\n\t<meta name=\"twitter:data2\" content=\"4 minutes\" \/>\n<script type=\"application\/ld+json\" class=\"yoast-schema-graph\">{\"@context\":\"https:\\\/\\\/schema.org\",\"@graph\":[{\"@type\":\"Article\",\"@id\":\"https:\\\/\\\/www.cde.ual.es\\\/en\\\/ukraine-un-chief-calls-for-safe-passage-from-conflict-zones-rights-body-records-1123-civilian-casualties-who-outlines-health-concerns\\\/#article\",\"isPartOf\":{\"@id\":\"https:\\\/\\\/www.cde.ual.es\\\/en\\\/ukraine-un-chief-calls-for-safe-passage-from-conflict-zones-rights-body-records-1123-civilian-casualties-who-outlines-health-concerns\\\/\"},\"author\":{\"name\":\"AdminCDE\",\"@id\":\"https:\\\/\\\/www.cde.ual.es\\\/#\\\/schema\\\/person\\\/224ef08c8bcc005f319d2713ce37ee5f\"},\"headline\":\"Ukraine: UN chief calls for safe passage from conflict zones, rights body records 1,123 civilian casualties, WHO outlines health concerns\",\"datePublished\":\"2022-03-07T10:49:50+00:00\",\"dateModified\":\"2022-03-07T10:50:59+00:00\",\"mainEntityOfPage\":{\"@id\":\"https:\\\/\\\/www.cde.ual.es\\\/en\\\/ukraine-un-chief-calls-for-safe-passage-from-conflict-zones-rights-body-records-1123-civilian-casualties-who-outlines-health-concerns\\\/\"},\"wordCount\":702,\"commentCount\":0,\"publisher\":{\"@id\":\"https:\\\/\\\/www.cde.ual.es\\\/#organization\"},\"image\":{\"@id\":\"https:\\\/\\\/www.cde.ual.es\\\/en\\\/ukraine-un-chief-calls-for-safe-passage-from-conflict-zones-rights-body-records-1123-civilian-casualties-who-outlines-health-concerns\\\/#primaryimage\"},\"thumbnailUrl\":\"https:\\\/\\\/www.cde.ual.es\\\/wp-content\\\/uploads\\\/2022\\\/03\\\/image1170x530cropped-5.jpg\",\"articleSection\":[\"Defence &amp; Security\",\"EU News\",\"International Safety and Defence Politics\"],\"inLanguage\":\"en-US\",\"potentialAction\":[{\"@type\":\"CommentAction\",\"name\":\"Comment\",\"target\":[\"https:\\\/\\\/www.cde.ual.es\\\/en\\\/ukraine-un-chief-calls-for-safe-passage-from-conflict-zones-rights-body-records-1123-civilian-casualties-who-outlines-health-concerns\\\/#respond\"]}]},{\"@type\":\"WebPage\",\"@id\":\"https:\\\/\\\/www.cde.ual.es\\\/en\\\/ukraine-un-chief-calls-for-safe-passage-from-conflict-zones-rights-body-records-1123-civilian-casualties-who-outlines-health-concerns\\\/\",\"url\":\"https:\\\/\\\/www.cde.ual.es\\\/en\\\/ukraine-un-chief-calls-for-safe-passage-from-conflict-zones-rights-body-records-1123-civilian-casualties-who-outlines-health-concerns\\\/\",\"name\":\"Ukraine: UN chief calls for safe passage from conflict zones, rights body records 1,123 civilian casualties, WHO outlines health concerns | CDE Almer\u00eda - Centro de Documentaci\u00f3n Europea - Universidad de Almer\u00eda\",\"isPartOf\":{\"@id\":\"https:\\\/\\\/www.cde.ual.es\\\/#website\"},\"primaryImageOfPage\":{\"@id\":\"https:\\\/\\\/www.cde.ual.es\\\/en\\\/ukraine-un-chief-calls-for-safe-passage-from-conflict-zones-rights-body-records-1123-civilian-casualties-who-outlines-health-concerns\\\/#primaryimage\"},\"image\":{\"@id\":\"https:\\\/\\\/www.cde.ual.es\\\/en\\\/ukraine-un-chief-calls-for-safe-passage-from-conflict-zones-rights-body-records-1123-civilian-casualties-who-outlines-health-concerns\\\/#primaryimage\"},\"thumbnailUrl\":\"https:\\\/\\\/www.cde.ual.es\\\/wp-content\\\/uploads\\\/2022\\\/03\\\/image1170x530cropped-5.jpg\",\"datePublished\":\"2022-03-07T10:49:50+00:00\",\"dateModified\":\"2022-03-07T10:50:59+00:00\",\"breadcrumb\":{\"@id\":\"https:\\\/\\\/www.cde.ual.es\\\/en\\\/ukraine-un-chief-calls-for-safe-passage-from-conflict-zones-rights-body-records-1123-civilian-casualties-who-outlines-health-concerns\\\/#breadcrumb\"},\"inLanguage\":\"en-US\",\"potentialAction\":[{\"@type\":\"ReadAction\",\"target\":[\"https:\\\/\\\/www.cde.ual.es\\\/en\\\/ukraine-un-chief-calls-for-safe-passage-from-conflict-zones-rights-body-records-1123-civilian-casualties-who-outlines-health-concerns\\\/\"]}]},{\"@type\":\"ImageObject\",\"inLanguage\":\"en-US\",\"@id\":\"https:\\\/\\\/www.cde.ual.es\\\/en\\\/ukraine-un-chief-calls-for-safe-passage-from-conflict-zones-rights-body-records-1123-civilian-casualties-who-outlines-health-concerns\\\/#primaryimage\",\"url\":\"https:\\\/\\\/www.cde.ual.es\\\/wp-content\\\/uploads\\\/2022\\\/03\\\/image1170x530cropped-5.jpg\",\"contentUrl\":\"https:\\\/\\\/www.cde.ual.es\\\/wp-content\\\/uploads\\\/2022\\\/03\\\/image1170x530cropped-5.jpg\",\"width\":1170,\"height\":530},{\"@type\":\"BreadcrumbList\",\"@id\":\"https:\\\/\\\/www.cde.ual.es\\\/en\\\/ukraine-un-chief-calls-for-safe-passage-from-conflict-zones-rights-body-records-1123-civilian-casualties-who-outlines-health-concerns\\\/#breadcrumb\",\"itemListElement\":[{\"@type\":\"ListItem\",\"position\":1,\"name\":\"Inicio\",\"item\":\"https:\\\/\\\/www.cde.ual.es\\\/en\\\/\"},{\"@type\":\"ListItem\",\"position\":2,\"name\":\"EU News\",\"item\":\"https:\\\/\\\/www.cde.ual.es\\\/en\\\/category\\\/eu-news\\\/\"},{\"@type\":\"ListItem\",\"position\":3,\"name\":\"Defence &amp; Security\",\"item\":\"https:\\\/\\\/www.cde.ual.es\\\/en\\\/category\\\/eu-news\\\/defence-security\\\/\"},{\"@type\":\"ListItem\",\"position\":4,\"name\":\"International Safety and Defence Politics\",\"item\":\"https:\\\/\\\/www.cde.ual.es\\\/en\\\/category\\\/eu-news\\\/defence-security\\\/internat-safety-pol\\\/\"},{\"@type\":\"ListItem\",\"position\":5,\"name\":\"Ukraine: UN chief calls for safe passage from conflict zones, rights body records 1,123 civilian casualties, WHO outlines health concerns\"}]},{\"@type\":\"WebSite\",\"@id\":\"https:\\\/\\\/www.cde.ual.es\\\/#website\",\"url\":\"https:\\\/\\\/www.cde.ual.es\\\/\",\"name\":\"CDE Almer\u00eda - Centro de Documentaci\u00f3n Europea - Universidad de Almer\u00eda\",\"description\":\"Centro de Documentaci\u00f3n Europea de la Universidad de Almer\u00eda\",\"publisher\":{\"@id\":\"https:\\\/\\\/www.cde.ual.es\\\/#organization\"},\"alternateName\":\"CDE Almer\u00eda\",\"potentialAction\":[{\"@type\":\"SearchAction\",\"target\":{\"@type\":\"EntryPoint\",\"urlTemplate\":\"https:\\\/\\\/www.cde.ual.es\\\/?s={search_term_string}\"},\"query-input\":{\"@type\":\"PropertyValueSpecification\",\"valueRequired\":true,\"valueName\":\"search_term_string\"}}],\"inLanguage\":\"en-US\"},{\"@type\":\"Organization\",\"@id\":\"https:\\\/\\\/www.cde.ual.es\\\/#organization\",\"name\":\"Centro de Documentaci\u00f3n Europea de Almer\u00eda\",\"url\":\"https:\\\/\\\/www.cde.ual.es\\\/\",\"logo\":{\"@type\":\"ImageObject\",\"inLanguage\":\"en-US\",\"@id\":\"https:\\\/\\\/www.cde.ual.es\\\/#\\\/schema\\\/logo\\\/image\\\/\",\"url\":\"https:\\\/\\\/www.cde.ual.es\\\/wp-content\\\/uploads\\\/2025\\\/07\\\/cde-logo-3.png\",\"contentUrl\":\"https:\\\/\\\/www.cde.ual.es\\\/wp-content\\\/uploads\\\/2025\\\/07\\\/cde-logo-3.png\",\"width\":1400,\"height\":300,\"caption\":\"Centro de Documentaci\u00f3n Europea de Almer\u00eda\"},\"image\":{\"@id\":\"https:\\\/\\\/www.cde.ual.es\\\/#\\\/schema\\\/logo\\\/image\\\/\"},\"sameAs\":[\"https:\\\/\\\/www.facebook.com\\\/cdeuniversidadalmeria\\\/\",\"https:\\\/\\\/x.com\\\/cdeualmeria\",\"https:\\\/\\\/www.tiktok.com\\\/@cdealmeria\",\"https:\\\/\\\/www.instagram.com\\\/cdealmeria\\\/\",\"https:\\\/\\\/www.linkedin.com\\\/in\\\/cde-almera-812b26a9\\\/\"]},{\"@type\":\"Person\",\"@id\":\"https:\\\/\\\/www.cde.ual.es\\\/#\\\/schema\\\/person\\\/224ef08c8bcc005f319d2713ce37ee5f\",\"name\":\"AdminCDE\",\"image\":{\"@type\":\"ImageObject\",\"inLanguage\":\"en-US\",\"@id\":\"https:\\\/\\\/secure.gravatar.com\\\/avatar\\\/a72d038d371f995cd13706fac32274b7952a52e8fb0a84b5f80c85426f2a98a8?s=96&d=mm&r=g\",\"url\":\"https:\\\/\\\/secure.gravatar.com\\\/avatar\\\/a72d038d371f995cd13706fac32274b7952a52e8fb0a84b5f80c85426f2a98a8?s=96&d=mm&r=g\",\"contentUrl\":\"https:\\\/\\\/secure.gravatar.com\\\/avatar\\\/a72d038d371f995cd13706fac32274b7952a52e8fb0a84b5f80c85426f2a98a8?s=96&d=mm&r=g\",\"caption\":\"AdminCDE\"}}]}<\/script>\n<!-- \/ Yoast SEO plugin. -->","yoast_head_json":{"title":"Ukraine: UN chief calls for safe passage from conflict zones, rights body records 1,123 civilian casualties, WHO outlines health concerns | CDE Almer\u00eda - Centro de Documentaci\u00f3n Europea - Universidad de Almer\u00eda","robots":{"index":"index","follow":"follow","max-snippet":"max-snippet:-1","max-image-preview":"max-image-preview:large","max-video-preview":"max-video-preview:-1"},"canonical":"https:\/\/www.cde.ual.es\/en\/ukraine-un-chief-calls-for-safe-passage-from-conflict-zones-rights-body-records-1123-civilian-casualties-who-outlines-health-concerns\/","og_locale":"en_US","og_type":"article","og_title":"Ukraine: UN chief calls for safe passage from conflict zones, rights body records 1,123 civilian casualties, WHO outlines health concerns | CDE Almer\u00eda - Centro de Documentaci\u00f3n Europea - Universidad de Almer\u00eda","og_description":"UN chief Ant\u00f3nio Guterres called on Sunday for a pause in fighting to allow civilians to escape conflict zones in Ukraine, as the UN rights body (OHCHR) announced it had recorded 1,123 civilian casualties since the beginning of Russia\u2019s armed attack on the country. In a\u00a0Tweet, the UN Secretary-General declared that it is absolutely essential [&hellip;]","og_url":"https:\/\/www.cde.ual.es\/en\/ukraine-un-chief-calls-for-safe-passage-from-conflict-zones-rights-body-records-1123-civilian-casualties-who-outlines-health-concerns\/","og_site_name":"CDE Almer\u00eda - Centro de Documentaci\u00f3n Europea - Universidad de Almer\u00eda","article_publisher":"https:\/\/www.facebook.com\/cdeuniversidadalmeria\/","article_published_time":"2022-03-07T10:49:50+00:00","article_modified_time":"2022-03-07T10:50:59+00:00","og_image":[{"width":1170,"height":530,"url":"https:\/\/www.cde.ual.es\/wp-content\/uploads\/2022\/03\/image1170x530cropped-5.jpg","type":"image\/jpeg"}],"author":"AdminCDE","twitter_card":"summary_large_image","twitter_creator":"@cdeualmeria","twitter_site":"@cdeualmeria","twitter_misc":{"Written by":"AdminCDE","Est. reading time":"4 minutes"},"schema":{"@context":"https:\/\/schema.org","@graph":[{"@type":"Article","@id":"https:\/\/www.cde.ual.es\/en\/ukraine-un-chief-calls-for-safe-passage-from-conflict-zones-rights-body-records-1123-civilian-casualties-who-outlines-health-concerns\/#article","isPartOf":{"@id":"https:\/\/www.cde.ual.es\/en\/ukraine-un-chief-calls-for-safe-passage-from-conflict-zones-rights-body-records-1123-civilian-casualties-who-outlines-health-concerns\/"},"author":{"name":"AdminCDE","@id":"https:\/\/www.cde.ual.es\/#\/schema\/person\/224ef08c8bcc005f319d2713ce37ee5f"},"headline":"Ukraine: UN chief calls for safe passage from conflict zones, rights body records 1,123 civilian casualties, WHO outlines health concerns","datePublished":"2022-03-07T10:49:50+00:00","dateModified":"2022-03-07T10:50:59+00:00","mainEntityOfPage":{"@id":"https:\/\/www.cde.ual.es\/en\/ukraine-un-chief-calls-for-safe-passage-from-conflict-zones-rights-body-records-1123-civilian-casualties-who-outlines-health-concerns\/"},"wordCount":702,"commentCount":0,"publisher":{"@id":"https:\/\/www.cde.ual.es\/#organization"},"image":{"@id":"https:\/\/www.cde.ual.es\/en\/ukraine-un-chief-calls-for-safe-passage-from-conflict-zones-rights-body-records-1123-civilian-casualties-who-outlines-health-concerns\/#primaryimage"},"thumbnailUrl":"https:\/\/www.cde.ual.es\/wp-content\/uploads\/2022\/03\/image1170x530cropped-5.jpg","articleSection":["Defence &amp; Security","EU News","International Safety and Defence Politics"],"inLanguage":"en-US","potentialAction":[{"@type":"CommentAction","name":"Comment","target":["https:\/\/www.cde.ual.es\/en\/ukraine-un-chief-calls-for-safe-passage-from-conflict-zones-rights-body-records-1123-civilian-casualties-who-outlines-health-concerns\/#respond"]}]},{"@type":"WebPage","@id":"https:\/\/www.cde.ual.es\/en\/ukraine-un-chief-calls-for-safe-passage-from-conflict-zones-rights-body-records-1123-civilian-casualties-who-outlines-health-concerns\/","url":"https:\/\/www.cde.ual.es\/en\/ukraine-un-chief-calls-for-safe-passage-from-conflict-zones-rights-body-records-1123-civilian-casualties-who-outlines-health-concerns\/","name":"Ukraine: UN chief calls for safe passage from conflict zones, rights body records 1,123 civilian casualties, WHO outlines health concerns | CDE Almer\u00eda - Centro de Documentaci\u00f3n Europea - Universidad de Almer\u00eda","isPartOf":{"@id":"https:\/\/www.cde.ual.es\/#website"},"primaryImageOfPage":{"@id":"https:\/\/www.cde.ual.es\/en\/ukraine-un-chief-calls-for-safe-passage-from-conflict-zones-rights-body-records-1123-civilian-casualties-who-outlines-health-concerns\/#primaryimage"},"image":{"@id":"https:\/\/www.cde.ual.es\/en\/ukraine-un-chief-calls-for-safe-passage-from-conflict-zones-rights-body-records-1123-civilian-casualties-who-outlines-health-concerns\/#primaryimage"},"thumbnailUrl":"https:\/\/www.cde.ual.es\/wp-content\/uploads\/2022\/03\/image1170x530cropped-5.jpg","datePublished":"2022-03-07T10:49:50+00:00","dateModified":"2022-03-07T10:50:59+00:00","breadcrumb":{"@id":"https:\/\/www.cde.ual.es\/en\/ukraine-un-chief-calls-for-safe-passage-from-conflict-zones-rights-body-records-1123-civilian-casualties-who-outlines-health-concerns\/#breadcrumb"},"inLanguage":"en-US","potentialAction":[{"@type":"ReadAction","target":["https:\/\/www.cde.ual.es\/en\/ukraine-un-chief-calls-for-safe-passage-from-conflict-zones-rights-body-records-1123-civilian-casualties-who-outlines-health-concerns\/"]}]},{"@type":"ImageObject","inLanguage":"en-US","@id":"https:\/\/www.cde.ual.es\/en\/ukraine-un-chief-calls-for-safe-passage-from-conflict-zones-rights-body-records-1123-civilian-casualties-who-outlines-health-concerns\/#primaryimage","url":"https:\/\/www.cde.ual.es\/wp-content\/uploads\/2022\/03\/image1170x530cropped-5.jpg","contentUrl":"https:\/\/www.cde.ual.es\/wp-content\/uploads\/2022\/03\/image1170x530cropped-5.jpg","width":1170,"height":530},{"@type":"BreadcrumbList","@id":"https:\/\/www.cde.ual.es\/en\/ukraine-un-chief-calls-for-safe-passage-from-conflict-zones-rights-body-records-1123-civilian-casualties-who-outlines-health-concerns\/#breadcrumb","itemListElement":[{"@type":"ListItem","position":1,"name":"Inicio","item":"https:\/\/www.cde.ual.es\/en\/"},{"@type":"ListItem","position":2,"name":"EU News","item":"https:\/\/www.cde.ual.es\/en\/category\/eu-news\/"},{"@type":"ListItem","position":3,"name":"Defence &amp; Security","item":"https:\/\/www.cde.ual.es\/en\/category\/eu-news\/defence-security\/"},{"@type":"ListItem","position":4,"name":"International Safety and Defence Politics","item":"https:\/\/www.cde.ual.es\/en\/category\/eu-news\/defence-security\/internat-safety-pol\/"},{"@type":"ListItem","position":5,"name":"Ukraine: UN chief calls for safe passage from conflict zones, rights body records 1,123 civilian casualties, WHO outlines health concerns"}]},{"@type":"WebSite","@id":"https:\/\/www.cde.ual.es\/#website","url":"https:\/\/www.cde.ual.es\/","name":"CDE Almer\u00eda - Centro de Documentaci\u00f3n Europea - Universidad de Almer\u00eda","description":"Centro de Documentaci\u00f3n Europea de la Universidad de Almer\u00eda","publisher":{"@id":"https:\/\/www.cde.ual.es\/#organization"},"alternateName":"CDE Almer\u00eda","potentialAction":[{"@type":"SearchAction","target":{"@type":"EntryPoint","urlTemplate":"https:\/\/www.cde.ual.es\/?s={search_term_string}"},"query-input":{"@type":"PropertyValueSpecification","valueRequired":true,"valueName":"search_term_string"}}],"inLanguage":"en-US"},{"@type":"Organization","@id":"https:\/\/www.cde.ual.es\/#organization","name":"Centro de Documentaci\u00f3n Europea de Almer\u00eda","url":"https:\/\/www.cde.ual.es\/","logo":{"@type":"ImageObject","inLanguage":"en-US","@id":"https:\/\/www.cde.ual.es\/#\/schema\/logo\/image\/","url":"https:\/\/www.cde.ual.es\/wp-content\/uploads\/2025\/07\/cde-logo-3.png","contentUrl":"https:\/\/www.cde.ual.es\/wp-content\/uploads\/2025\/07\/cde-logo-3.png","width":1400,"height":300,"caption":"Centro de Documentaci\u00f3n Europea de Almer\u00eda"},"image":{"@id":"https:\/\/www.cde.ual.es\/#\/schema\/logo\/image\/"},"sameAs":["https:\/\/www.facebook.com\/cdeuniversidadalmeria\/","https:\/\/x.com\/cdeualmeria","https:\/\/www.tiktok.com\/@cdealmeria","https:\/\/www.instagram.com\/cdealmeria\/","https:\/\/www.linkedin.com\/in\/cde-almera-812b26a9\/"]},{"@type":"Person","@id":"https:\/\/www.cde.ual.es\/#\/schema\/person\/224ef08c8bcc005f319d2713ce37ee5f","name":"AdminCDE","image":{"@type":"ImageObject","inLanguage":"en-US","@id":"https:\/\/secure.gravatar.com\/avatar\/a72d038d371f995cd13706fac32274b7952a52e8fb0a84b5f80c85426f2a98a8?s=96&d=mm&r=g","url":"https:\/\/secure.gravatar.com\/avatar\/a72d038d371f995cd13706fac32274b7952a52e8fb0a84b5f80c85426f2a98a8?s=96&d=mm&r=g","contentUrl":"https:\/\/secure.gravatar.com\/avatar\/a72d038d371f995cd13706fac32274b7952a52e8fb0a84b5f80c85426f2a98a8?s=96&d=mm&r=g","caption":"AdminCDE"}}]}},"_links":{"self":[{"href":"https:\/\/www.cde.ual.es\/en\/wp-json\/wp\/v2\/posts\/98589","targetHints":{"allow":["GET"]}}],"collection":[{"href":"https:\/\/www.cde.ual.es\/en\/wp-json\/wp\/v2\/posts"}],"about":[{"href":"https:\/\/www.cde.ual.es\/en\/wp-json\/wp\/v2\/types\/post"}],"author":[{"embeddable":true,"href":"https:\/\/www.cde.ual.es\/en\/wp-json\/wp\/v2\/users\/1"}],"replies":[{"embeddable":true,"href":"https:\/\/www.cde.ual.es\/en\/wp-json\/wp\/v2\/comments?post=98589"}],"version-history":[{"count":0,"href":"https:\/\/www.cde.ual.es\/en\/wp-json\/wp\/v2\/posts\/98589\/revisions"}],"wp:featuredmedia":[{"embeddable":true,"href":"https:\/\/www.cde.ual.es\/en\/wp-json\/wp\/v2\/media\/98590"}],"wp:attachment":[{"href":"https:\/\/www.cde.ual.es\/en\/wp-json\/wp\/v2\/media?parent=98589"}],"wp:term":[{"taxonomy":"category","embeddable":true,"href":"https:\/\/www.cde.ual.es\/en\/wp-json\/wp\/v2\/categories?post=98589"},{"taxonomy":"post_tag","embeddable":true,"href":"https:\/\/www.cde.ual.es\/en\/wp-json\/wp\/v2\/tags?post=98589"}],"curies":[{"name":"wp","href":"https:\/\/api.w.org\/{rel}","templated":true}]}}