{"id":9850,"date":"2018-11-14T08:41:14","date_gmt":"2018-11-14T07:41:14","guid":{"rendered":"http:\/\/www.cde.ual.es\/?p=9850"},"modified":"2018-11-14T08:41:14","modified_gmt":"2018-11-14T07:41:14","slug":"derechos-de-los-pasajeros-de-tren-nuevas-normas-para-proteger-a-los-viajeros-2","status":"publish","type":"post","link":"https:\/\/www.cde.ual.es\/en\/derechos-de-los-pasajeros-de-tren-nuevas-normas-para-proteger-a-los-viajeros-2\/","title":{"rendered":"Derechos de los pasajeros de tren: nuevas normas para proteger a los viajeros"},"content":{"rendered":"<p>T\u00edtulo:<span class=\"ep_name\">Derechos de los pasajeros de tren: nuevas normas para proteger a los viajeros<\/span><\/p>\n<p>Autor: <a class=\"site-subname\" title=\"Ir a Parlamento Europeo\" href=\"http:\/\/www.europarl.europa.eu\/portal\/es\"><span class=\"europarltv-link\">Parlamento Europeo<\/span><\/a><\/p>\n<p>Duraci\u00f3n: 01:47<\/p>\n<p>Resumen:\u00a0<span id=\"7\" tabindex=\"0\" title=\"Advance the video at the highlighted phrase\">El Parlamento quiere facilitar los viajes a las personas como Alexander<\/span><span id=\"8\" tabindex=\"0\" title=\"Advance the video at the highlighted phrase\">\u00a0simplificando el procedimiento.<\/span><span id=\"9\" tabindex=\"0\" title=\"Advance the video at the highlighted phrase\">\u00a0Es obvio que, en los aeropuertos, las personas con movilidad reducida\u00a0<\/span><span id=\"10\" tabindex=\"0\" title=\"Advance the video at the highlighted phrase\">reciben un trato especial hasta que ocupan su asiento en el avi\u00f3n.\u00a0<\/span><span id=\"11\" tabindex=\"0\" title=\"Advance the video at the highlighted phrase\">Nos gustar\u00eda introducir algo parecido en las estaciones de trenes.<\/span><span id=\"12\" tabindex=\"0\" title=\"Advance the video at the highlighted phrase\">\u00a0El Parlamento quiere mejorar los derechos de los pasajeros de tren, equipar\u00e1ndolos a las normas del transporte a\u00e9reo.<\/span><span id=\"13\" tabindex=\"0\" title=\"Advance the video at the highlighted phrase\">\u00a0Sobre todo en el caso de las indemnizaciones por retrasos.\u00a0<\/span><span id=\"14\" tabindex=\"0\" title=\"Advance the video at the highlighted phrase\">No vale la pena hacer cola en el mostrador de informaci\u00f3n<\/span><span id=\"15\" tabindex=\"0\" title=\"Advance the video at the highlighted phrase\">\u00a0solo para obtener el justificante de retraso y recibir 4,50 euros. Es una p\u00e9rdida de tiempo.<\/span><span id=\"16\" tabindex=\"0\" title=\"Advance the video at the highlighted phrase\">\u00a0Con las nuevas normas, los pasajeros podr\u00e1n reclamar el 50\u00a0% del coste de su billete\u00a0<\/span><span id=\"17\" tabindex=\"0\" title=\"Advance the video at the highlighted phrase\">por retrasos de entre una hora y una hora media.<\/span><span id=\"18\" tabindex=\"0\" title=\"Advance the video at the highlighted phrase\">\u00a0Un 75\u00a0% por retrasos de entre una hora y media y dos horas.\u00a0<\/span><span id=\"19\" tabindex=\"0\" title=\"Advance the video at the highlighted phrase\">Y el precio \u00edntegro del billete por retrasos superiores a dos horas.<\/span><span id=\"20\" tabindex=\"0\" title=\"Advance the video at the highlighted phrase\">\u00a0Esto duplica la indemnizaci\u00f3n actual.<\/span><span id=\"21\" tabindex=\"0\" title=\"Advance the video at the highlighted phrase\">\u00a0Tambi\u00e9n se incluyen medidas como la ventanilla \u00fanica para viajes con transbordos,<\/span><span id=\"22\" tabindex=\"0\" title=\"Advance the video at the highlighted phrase\">\u00a0mejor espacio de almacenamiento para bicicletas en trenes nuevos\u00a0<\/span><span id=\"23\" tabindex=\"0\" title=\"Advance the video at the highlighted phrase\">y procedimientos m\u00e1s claros de tramitaci\u00f3n de reclamaciones.<\/span><span id=\"24\" tabindex=\"0\" title=\"Advance the video at the highlighted phrase\">\u00a0Los eurodiputados quieren que las normas sean de aplicaci\u00f3n universal en toda la UE.<\/span><\/p>\n<p>Fecha de Publicaci\u00f3n: 08-11-2018<\/p>\n<p><iframe src=\"https:\/\/multimedia.europarl.europa.eu\/es\/meps-back-improved-rights-for-rail-passengers_N01-PUB-181018-RAIL_ev?p_p_state=pop_up&amp;lang=es&amp;autoplay=on\" width=\"560\" height=\"315\" frameborder=\"0\"><span data-mce-type=\"bookmark\" style=\"display: inline-block; width: 0px; overflow: hidden; line-height: 0;\" class=\"mce_SELRES_start\">\ufeff<\/span><\/iframe><\/p>\n","protected":false},"excerpt":{"rendered":"<p>T\u00edtulo:Derechos de los pasajeros de tren: nuevas normas para proteger a los viajeros Autor: Parlamento Europeo Duraci\u00f3n: 01:47 Resumen:\u00a0El Parlamento quiere facilitar los viajes a las personas como Alexander\u00a0simplificando el procedimiento.\u00a0Es obvio que, en los aeropuertos, las personas con movilidad reducida\u00a0reciben un trato especial hasta que ocupan su asiento en el avi\u00f3n.\u00a0Nos gustar\u00eda introducir algo [&hellip;]<\/p>\n","protected":false},"author":1,"featured_media":9851,"comment_status":"open","ping_status":"open","sticky":false,"template":"","format":"standard","meta":{"_acf_changed":false,"_relevanssi_hide_post":"","_relevanssi_hide_content":"","_relevanssi_pin_for_all":"","_relevanssi_pin_keywords":"","_relevanssi_unpin_keywords":"","_relevanssi_related_keywords":"","_relevanssi_related_include_ids":"","_relevanssi_related_exclude_ids":"","_relevanssi_related_no_append":"","_relevanssi_related_not_related":"","_relevanssi_related_posts":"","_relevanssi_noindex_reason":"","_monsterinsights_skip_tracking":false,"_monsterinsights_sitenote_active":false,"_monsterinsights_sitenote_note":"","_monsterinsights_sitenote_category":0,"_genesis_hide_title":false,"_genesis_hide_breadcrumbs":false,"_genesis_hide_singular_image":false,"_genesis_hide_footer_widgets":false,"_genesis_custom_body_class":"","_genesis_custom_post_class":"","_genesis_layout":"","footnotes":""},"categories":[125,115],"tags":[234,218],"class_list":{"0":"post-9850","1":"post","2":"type-post","3":"status-publish","4":"format-standard","5":"has-post-thumbnail","7":"category-mediateca-union-europea","8":"category-repositorio-mediateca","9":"tag-consumo","10":"tag-transporte","11":"entry"},"acf":[],"yoast_head":"<!-- This site is optimized with the Yoast SEO plugin v27.4 - https:\/\/yoast.com\/product\/yoast-seo-wordpress\/ -->\n<title>Derechos de los pasajeros de tren: nuevas normas para proteger a los viajeros | CDE Almer\u00eda - Centro de Documentaci\u00f3n Europea - Universidad de Almer\u00eda<\/title>\n<meta name=\"robots\" content=\"index, follow, max-snippet:-1, max-image-preview:large, max-video-preview:-1\" \/>\n<link rel=\"canonical\" href=\"https:\/\/www.cde.ual.es\/derechos-de-los-pasajeros-de-tren-nuevas-normas-para-proteger-a-los-viajeros-2\/\" \/>\n<meta property=\"og:locale\" content=\"en_US\" \/>\n<meta property=\"og:type\" content=\"article\" \/>\n<meta property=\"og:title\" content=\"Derechos de los pasajeros de tren: nuevas normas para proteger a los viajeros | CDE Almer\u00eda - Centro de Documentaci\u00f3n Europea - Universidad de Almer\u00eda\" \/>\n<meta property=\"og:description\" content=\"T\u00edtulo:Derechos de los pasajeros de tren: nuevas normas para proteger a los viajeros Autor: Parlamento Europeo Duraci\u00f3n: 01:47 Resumen:\u00a0El Parlamento quiere facilitar los viajes a las personas como Alexander\u00a0simplificando el procedimiento.\u00a0Es obvio que, en los aeropuertos, las personas con movilidad reducida\u00a0reciben un trato especial hasta que ocupan su asiento en el avi\u00f3n.\u00a0Nos gustar\u00eda introducir algo [&hellip;]\" \/>\n<meta property=\"og:url\" content=\"https:\/\/www.cde.ual.es\/derechos-de-los-pasajeros-de-tren-nuevas-normas-para-proteger-a-los-viajeros-2\/\" \/>\n<meta property=\"og:site_name\" content=\"CDE Almer\u00eda - Centro de Documentaci\u00f3n Europea - Universidad de Almer\u00eda\" \/>\n<meta property=\"article:publisher\" content=\"https:\/\/www.facebook.com\/cdeuniversidadalmeria\/\" \/>\n<meta property=\"article:published_time\" content=\"2018-11-14T07:41:14+00:00\" \/>\n<meta property=\"og:image\" content=\"https:\/\/www.cde.ual.es\/wp-content\/uploads\/2018\/11\/Derechos-pasajeros.png\" \/>\n\t<meta property=\"og:image:width\" content=\"907\" \/>\n\t<meta property=\"og:image:height\" content=\"502\" \/>\n\t<meta property=\"og:image:type\" content=\"image\/png\" \/>\n<meta name=\"author\" content=\"AdminCDE\" \/>\n<meta name=\"twitter:card\" content=\"summary_large_image\" \/>\n<meta name=\"twitter:creator\" content=\"@cdeualmeria\" \/>\n<meta name=\"twitter:site\" content=\"@cdeualmeria\" \/>\n<meta name=\"twitter:label1\" content=\"Written by\" \/>\n\t<meta name=\"twitter:data1\" content=\"AdminCDE\" \/>\n\t<meta name=\"twitter:label2\" content=\"Est. reading time\" \/>\n\t<meta name=\"twitter:data2\" content=\"1 minute\" \/>\n<script type=\"application\/ld+json\" class=\"yoast-schema-graph\">{\"@context\":\"https:\\\/\\\/schema.org\",\"@graph\":[{\"@type\":\"Article\",\"@id\":\"https:\\\/\\\/www.cde.ual.es\\\/derechos-de-los-pasajeros-de-tren-nuevas-normas-para-proteger-a-los-viajeros-2\\\/#article\",\"isPartOf\":{\"@id\":\"https:\\\/\\\/www.cde.ual.es\\\/derechos-de-los-pasajeros-de-tren-nuevas-normas-para-proteger-a-los-viajeros-2\\\/\"},\"author\":{\"name\":\"AdminCDE\",\"@id\":\"https:\\\/\\\/www.cde.ual.es\\\/#\\\/schema\\\/person\\\/224ef08c8bcc005f319d2713ce37ee5f\"},\"headline\":\"Derechos de los pasajeros de tren: nuevas normas para proteger a los viajeros\",\"datePublished\":\"2018-11-14T07:41:14+00:00\",\"mainEntityOfPage\":{\"@id\":\"https:\\\/\\\/www.cde.ual.es\\\/derechos-de-los-pasajeros-de-tren-nuevas-normas-para-proteger-a-los-viajeros-2\\\/\"},\"wordCount\":249,\"commentCount\":0,\"publisher\":{\"@id\":\"https:\\\/\\\/www.cde.ual.es\\\/#organization\"},\"image\":{\"@id\":\"https:\\\/\\\/www.cde.ual.es\\\/derechos-de-los-pasajeros-de-tren-nuevas-normas-para-proteger-a-los-viajeros-2\\\/#primaryimage\"},\"thumbnailUrl\":\"https:\\\/\\\/www.cde.ual.es\\\/wp-content\\\/uploads\\\/2018\\\/11\\\/Derechos-pasajeros.png\",\"keywords\":[\"Consumo\",\"Transporte\"],\"articleSection\":[\"Mediateca - Uni\u00f3n Europea\",\"Repositorio Mediateca\"],\"inLanguage\":\"en-US\",\"potentialAction\":[{\"@type\":\"CommentAction\",\"name\":\"Comment\",\"target\":[\"https:\\\/\\\/www.cde.ual.es\\\/derechos-de-los-pasajeros-de-tren-nuevas-normas-para-proteger-a-los-viajeros-2\\\/#respond\"]}]},{\"@type\":\"WebPage\",\"@id\":\"https:\\\/\\\/www.cde.ual.es\\\/derechos-de-los-pasajeros-de-tren-nuevas-normas-para-proteger-a-los-viajeros-2\\\/\",\"url\":\"https:\\\/\\\/www.cde.ual.es\\\/derechos-de-los-pasajeros-de-tren-nuevas-normas-para-proteger-a-los-viajeros-2\\\/\",\"name\":\"Derechos de los pasajeros de tren: nuevas normas para proteger a los viajeros | CDE Almer\u00eda - Centro de Documentaci\u00f3n Europea - Universidad de Almer\u00eda\",\"isPartOf\":{\"@id\":\"https:\\\/\\\/www.cde.ual.es\\\/#website\"},\"primaryImageOfPage\":{\"@id\":\"https:\\\/\\\/www.cde.ual.es\\\/derechos-de-los-pasajeros-de-tren-nuevas-normas-para-proteger-a-los-viajeros-2\\\/#primaryimage\"},\"image\":{\"@id\":\"https:\\\/\\\/www.cde.ual.es\\\/derechos-de-los-pasajeros-de-tren-nuevas-normas-para-proteger-a-los-viajeros-2\\\/#primaryimage\"},\"thumbnailUrl\":\"https:\\\/\\\/www.cde.ual.es\\\/wp-content\\\/uploads\\\/2018\\\/11\\\/Derechos-pasajeros.png\",\"datePublished\":\"2018-11-14T07:41:14+00:00\",\"breadcrumb\":{\"@id\":\"https:\\\/\\\/www.cde.ual.es\\\/derechos-de-los-pasajeros-de-tren-nuevas-normas-para-proteger-a-los-viajeros-2\\\/#breadcrumb\"},\"inLanguage\":\"en-US\",\"potentialAction\":[{\"@type\":\"ReadAction\",\"target\":[\"https:\\\/\\\/www.cde.ual.es\\\/derechos-de-los-pasajeros-de-tren-nuevas-normas-para-proteger-a-los-viajeros-2\\\/\"]}]},{\"@type\":\"ImageObject\",\"inLanguage\":\"en-US\",\"@id\":\"https:\\\/\\\/www.cde.ual.es\\\/derechos-de-los-pasajeros-de-tren-nuevas-normas-para-proteger-a-los-viajeros-2\\\/#primaryimage\",\"url\":\"https:\\\/\\\/www.cde.ual.es\\\/wp-content\\\/uploads\\\/2018\\\/11\\\/Derechos-pasajeros.png\",\"contentUrl\":\"https:\\\/\\\/www.cde.ual.es\\\/wp-content\\\/uploads\\\/2018\\\/11\\\/Derechos-pasajeros.png\",\"width\":907,\"height\":502},{\"@type\":\"BreadcrumbList\",\"@id\":\"https:\\\/\\\/www.cde.ual.es\\\/derechos-de-los-pasajeros-de-tren-nuevas-normas-para-proteger-a-los-viajeros-2\\\/#breadcrumb\",\"itemListElement\":[{\"@type\":\"ListItem\",\"position\":1,\"name\":\"Inicio\",\"item\":\"https:\\\/\\\/www.cde.ual.es\\\/en\\\/\"},{\"@type\":\"ListItem\",\"position\":2,\"name\":\"Repositorio Mediateca\",\"item\":\"https:\\\/\\\/www.cde.ual.es\\\/category\\\/repositorio-mediateca\\\/\"},{\"@type\":\"ListItem\",\"position\":3,\"name\":\"Mediateca - Uni\u00f3n Europea\",\"item\":\"https:\\\/\\\/www.cde.ual.es\\\/category\\\/repositorio-mediateca\\\/mediateca-union-europea\\\/\"},{\"@type\":\"ListItem\",\"position\":4,\"name\":\"Derechos de los pasajeros de tren: nuevas normas para proteger a los viajeros\"}]},{\"@type\":\"WebSite\",\"@id\":\"https:\\\/\\\/www.cde.ual.es\\\/#website\",\"url\":\"https:\\\/\\\/www.cde.ual.es\\\/\",\"name\":\"CDE Almer\u00eda - Centro de Documentaci\u00f3n Europea - Universidad de Almer\u00eda\",\"description\":\"Centro de Documentaci\u00f3n Europea de la Universidad de Almer\u00eda\",\"publisher\":{\"@id\":\"https:\\\/\\\/www.cde.ual.es\\\/#organization\"},\"alternateName\":\"CDE Almer\u00eda\",\"potentialAction\":[{\"@type\":\"SearchAction\",\"target\":{\"@type\":\"EntryPoint\",\"urlTemplate\":\"https:\\\/\\\/www.cde.ual.es\\\/?s={search_term_string}\"},\"query-input\":{\"@type\":\"PropertyValueSpecification\",\"valueRequired\":true,\"valueName\":\"search_term_string\"}}],\"inLanguage\":\"en-US\"},{\"@type\":\"Organization\",\"@id\":\"https:\\\/\\\/www.cde.ual.es\\\/#organization\",\"name\":\"Centro de Documentaci\u00f3n Europea de Almer\u00eda\",\"url\":\"https:\\\/\\\/www.cde.ual.es\\\/\",\"logo\":{\"@type\":\"ImageObject\",\"inLanguage\":\"en-US\",\"@id\":\"https:\\\/\\\/www.cde.ual.es\\\/#\\\/schema\\\/logo\\\/image\\\/\",\"url\":\"https:\\\/\\\/www.cde.ual.es\\\/wp-content\\\/uploads\\\/2025\\\/07\\\/cde-logo-3.png\",\"contentUrl\":\"https:\\\/\\\/www.cde.ual.es\\\/wp-content\\\/uploads\\\/2025\\\/07\\\/cde-logo-3.png\",\"width\":1400,\"height\":300,\"caption\":\"Centro de Documentaci\u00f3n Europea de Almer\u00eda\"},\"image\":{\"@id\":\"https:\\\/\\\/www.cde.ual.es\\\/#\\\/schema\\\/logo\\\/image\\\/\"},\"sameAs\":[\"https:\\\/\\\/www.facebook.com\\\/cdeuniversidadalmeria\\\/\",\"https:\\\/\\\/x.com\\\/cdeualmeria\",\"https:\\\/\\\/www.tiktok.com\\\/@cdealmeria\",\"https:\\\/\\\/www.instagram.com\\\/cdealmeria\\\/\",\"https:\\\/\\\/www.linkedin.com\\\/in\\\/cde-almera-812b26a9\\\/\"]},{\"@type\":\"Person\",\"@id\":\"https:\\\/\\\/www.cde.ual.es\\\/#\\\/schema\\\/person\\\/224ef08c8bcc005f319d2713ce37ee5f\",\"name\":\"AdminCDE\",\"image\":{\"@type\":\"ImageObject\",\"inLanguage\":\"en-US\",\"@id\":\"https:\\\/\\\/secure.gravatar.com\\\/avatar\\\/a72d038d371f995cd13706fac32274b7952a52e8fb0a84b5f80c85426f2a98a8?s=96&d=mm&r=g\",\"url\":\"https:\\\/\\\/secure.gravatar.com\\\/avatar\\\/a72d038d371f995cd13706fac32274b7952a52e8fb0a84b5f80c85426f2a98a8?s=96&d=mm&r=g\",\"contentUrl\":\"https:\\\/\\\/secure.gravatar.com\\\/avatar\\\/a72d038d371f995cd13706fac32274b7952a52e8fb0a84b5f80c85426f2a98a8?s=96&d=mm&r=g\",\"caption\":\"AdminCDE\"}}]}<\/script>\n<!-- \/ Yoast SEO plugin. -->","yoast_head_json":{"title":"Derechos de los pasajeros de tren: nuevas normas para proteger a los viajeros | CDE Almer\u00eda - Centro de Documentaci\u00f3n Europea - Universidad de Almer\u00eda","robots":{"index":"index","follow":"follow","max-snippet":"max-snippet:-1","max-image-preview":"max-image-preview:large","max-video-preview":"max-video-preview:-1"},"canonical":"https:\/\/www.cde.ual.es\/derechos-de-los-pasajeros-de-tren-nuevas-normas-para-proteger-a-los-viajeros-2\/","og_locale":"en_US","og_type":"article","og_title":"Derechos de los pasajeros de tren: nuevas normas para proteger a los viajeros | CDE Almer\u00eda - Centro de Documentaci\u00f3n Europea - Universidad de Almer\u00eda","og_description":"T\u00edtulo:Derechos de los pasajeros de tren: nuevas normas para proteger a los viajeros Autor: Parlamento Europeo Duraci\u00f3n: 01:47 Resumen:\u00a0El Parlamento quiere facilitar los viajes a las personas como Alexander\u00a0simplificando el procedimiento.\u00a0Es obvio que, en los aeropuertos, las personas con movilidad reducida\u00a0reciben un trato especial hasta que ocupan su asiento en el avi\u00f3n.\u00a0Nos gustar\u00eda introducir algo [&hellip;]","og_url":"https:\/\/www.cde.ual.es\/derechos-de-los-pasajeros-de-tren-nuevas-normas-para-proteger-a-los-viajeros-2\/","og_site_name":"CDE Almer\u00eda - Centro de Documentaci\u00f3n Europea - Universidad de Almer\u00eda","article_publisher":"https:\/\/www.facebook.com\/cdeuniversidadalmeria\/","article_published_time":"2018-11-14T07:41:14+00:00","og_image":[{"width":907,"height":502,"url":"https:\/\/www.cde.ual.es\/wp-content\/uploads\/2018\/11\/Derechos-pasajeros.png","type":"image\/png"}],"author":"AdminCDE","twitter_card":"summary_large_image","twitter_creator":"@cdeualmeria","twitter_site":"@cdeualmeria","twitter_misc":{"Written by":"AdminCDE","Est. reading time":"1 minute"},"schema":{"@context":"https:\/\/schema.org","@graph":[{"@type":"Article","@id":"https:\/\/www.cde.ual.es\/derechos-de-los-pasajeros-de-tren-nuevas-normas-para-proteger-a-los-viajeros-2\/#article","isPartOf":{"@id":"https:\/\/www.cde.ual.es\/derechos-de-los-pasajeros-de-tren-nuevas-normas-para-proteger-a-los-viajeros-2\/"},"author":{"name":"AdminCDE","@id":"https:\/\/www.cde.ual.es\/#\/schema\/person\/224ef08c8bcc005f319d2713ce37ee5f"},"headline":"Derechos de los pasajeros de tren: nuevas normas para proteger a los viajeros","datePublished":"2018-11-14T07:41:14+00:00","mainEntityOfPage":{"@id":"https:\/\/www.cde.ual.es\/derechos-de-los-pasajeros-de-tren-nuevas-normas-para-proteger-a-los-viajeros-2\/"},"wordCount":249,"commentCount":0,"publisher":{"@id":"https:\/\/www.cde.ual.es\/#organization"},"image":{"@id":"https:\/\/www.cde.ual.es\/derechos-de-los-pasajeros-de-tren-nuevas-normas-para-proteger-a-los-viajeros-2\/#primaryimage"},"thumbnailUrl":"https:\/\/www.cde.ual.es\/wp-content\/uploads\/2018\/11\/Derechos-pasajeros.png","keywords":["Consumo","Transporte"],"articleSection":["Mediateca - Uni\u00f3n Europea","Repositorio Mediateca"],"inLanguage":"en-US","potentialAction":[{"@type":"CommentAction","name":"Comment","target":["https:\/\/www.cde.ual.es\/derechos-de-los-pasajeros-de-tren-nuevas-normas-para-proteger-a-los-viajeros-2\/#respond"]}]},{"@type":"WebPage","@id":"https:\/\/www.cde.ual.es\/derechos-de-los-pasajeros-de-tren-nuevas-normas-para-proteger-a-los-viajeros-2\/","url":"https:\/\/www.cde.ual.es\/derechos-de-los-pasajeros-de-tren-nuevas-normas-para-proteger-a-los-viajeros-2\/","name":"Derechos de los pasajeros de tren: nuevas normas para proteger a los viajeros | CDE Almer\u00eda - Centro de Documentaci\u00f3n Europea - Universidad de Almer\u00eda","isPartOf":{"@id":"https:\/\/www.cde.ual.es\/#website"},"primaryImageOfPage":{"@id":"https:\/\/www.cde.ual.es\/derechos-de-los-pasajeros-de-tren-nuevas-normas-para-proteger-a-los-viajeros-2\/#primaryimage"},"image":{"@id":"https:\/\/www.cde.ual.es\/derechos-de-los-pasajeros-de-tren-nuevas-normas-para-proteger-a-los-viajeros-2\/#primaryimage"},"thumbnailUrl":"https:\/\/www.cde.ual.es\/wp-content\/uploads\/2018\/11\/Derechos-pasajeros.png","datePublished":"2018-11-14T07:41:14+00:00","breadcrumb":{"@id":"https:\/\/www.cde.ual.es\/derechos-de-los-pasajeros-de-tren-nuevas-normas-para-proteger-a-los-viajeros-2\/#breadcrumb"},"inLanguage":"en-US","potentialAction":[{"@type":"ReadAction","target":["https:\/\/www.cde.ual.es\/derechos-de-los-pasajeros-de-tren-nuevas-normas-para-proteger-a-los-viajeros-2\/"]}]},{"@type":"ImageObject","inLanguage":"en-US","@id":"https:\/\/www.cde.ual.es\/derechos-de-los-pasajeros-de-tren-nuevas-normas-para-proteger-a-los-viajeros-2\/#primaryimage","url":"https:\/\/www.cde.ual.es\/wp-content\/uploads\/2018\/11\/Derechos-pasajeros.png","contentUrl":"https:\/\/www.cde.ual.es\/wp-content\/uploads\/2018\/11\/Derechos-pasajeros.png","width":907,"height":502},{"@type":"BreadcrumbList","@id":"https:\/\/www.cde.ual.es\/derechos-de-los-pasajeros-de-tren-nuevas-normas-para-proteger-a-los-viajeros-2\/#breadcrumb","itemListElement":[{"@type":"ListItem","position":1,"name":"Inicio","item":"https:\/\/www.cde.ual.es\/en\/"},{"@type":"ListItem","position":2,"name":"Repositorio Mediateca","item":"https:\/\/www.cde.ual.es\/category\/repositorio-mediateca\/"},{"@type":"ListItem","position":3,"name":"Mediateca - Uni\u00f3n Europea","item":"https:\/\/www.cde.ual.es\/category\/repositorio-mediateca\/mediateca-union-europea\/"},{"@type":"ListItem","position":4,"name":"Derechos de los pasajeros de tren: nuevas normas para proteger a los viajeros"}]},{"@type":"WebSite","@id":"https:\/\/www.cde.ual.es\/#website","url":"https:\/\/www.cde.ual.es\/","name":"CDE Almer\u00eda - Centro de Documentaci\u00f3n Europea - Universidad de Almer\u00eda","description":"Centro de Documentaci\u00f3n Europea de la Universidad de Almer\u00eda","publisher":{"@id":"https:\/\/www.cde.ual.es\/#organization"},"alternateName":"CDE Almer\u00eda","potentialAction":[{"@type":"SearchAction","target":{"@type":"EntryPoint","urlTemplate":"https:\/\/www.cde.ual.es\/?s={search_term_string}"},"query-input":{"@type":"PropertyValueSpecification","valueRequired":true,"valueName":"search_term_string"}}],"inLanguage":"en-US"},{"@type":"Organization","@id":"https:\/\/www.cde.ual.es\/#organization","name":"Centro de Documentaci\u00f3n Europea de Almer\u00eda","url":"https:\/\/www.cde.ual.es\/","logo":{"@type":"ImageObject","inLanguage":"en-US","@id":"https:\/\/www.cde.ual.es\/#\/schema\/logo\/image\/","url":"https:\/\/www.cde.ual.es\/wp-content\/uploads\/2025\/07\/cde-logo-3.png","contentUrl":"https:\/\/www.cde.ual.es\/wp-content\/uploads\/2025\/07\/cde-logo-3.png","width":1400,"height":300,"caption":"Centro de Documentaci\u00f3n Europea de Almer\u00eda"},"image":{"@id":"https:\/\/www.cde.ual.es\/#\/schema\/logo\/image\/"},"sameAs":["https:\/\/www.facebook.com\/cdeuniversidadalmeria\/","https:\/\/x.com\/cdeualmeria","https:\/\/www.tiktok.com\/@cdealmeria","https:\/\/www.instagram.com\/cdealmeria\/","https:\/\/www.linkedin.com\/in\/cde-almera-812b26a9\/"]},{"@type":"Person","@id":"https:\/\/www.cde.ual.es\/#\/schema\/person\/224ef08c8bcc005f319d2713ce37ee5f","name":"AdminCDE","image":{"@type":"ImageObject","inLanguage":"en-US","@id":"https:\/\/secure.gravatar.com\/avatar\/a72d038d371f995cd13706fac32274b7952a52e8fb0a84b5f80c85426f2a98a8?s=96&d=mm&r=g","url":"https:\/\/secure.gravatar.com\/avatar\/a72d038d371f995cd13706fac32274b7952a52e8fb0a84b5f80c85426f2a98a8?s=96&d=mm&r=g","contentUrl":"https:\/\/secure.gravatar.com\/avatar\/a72d038d371f995cd13706fac32274b7952a52e8fb0a84b5f80c85426f2a98a8?s=96&d=mm&r=g","caption":"AdminCDE"}}]}},"_links":{"self":[{"href":"https:\/\/www.cde.ual.es\/en\/wp-json\/wp\/v2\/posts\/9850","targetHints":{"allow":["GET"]}}],"collection":[{"href":"https:\/\/www.cde.ual.es\/en\/wp-json\/wp\/v2\/posts"}],"about":[{"href":"https:\/\/www.cde.ual.es\/en\/wp-json\/wp\/v2\/types\/post"}],"author":[{"embeddable":true,"href":"https:\/\/www.cde.ual.es\/en\/wp-json\/wp\/v2\/users\/1"}],"replies":[{"embeddable":true,"href":"https:\/\/www.cde.ual.es\/en\/wp-json\/wp\/v2\/comments?post=9850"}],"version-history":[{"count":0,"href":"https:\/\/www.cde.ual.es\/en\/wp-json\/wp\/v2\/posts\/9850\/revisions"}],"wp:featuredmedia":[{"embeddable":true,"href":"https:\/\/www.cde.ual.es\/en\/wp-json\/wp\/v2\/media\/9851"}],"wp:attachment":[{"href":"https:\/\/www.cde.ual.es\/en\/wp-json\/wp\/v2\/media?parent=9850"}],"wp:term":[{"taxonomy":"category","embeddable":true,"href":"https:\/\/www.cde.ual.es\/en\/wp-json\/wp\/v2\/categories?post=9850"},{"taxonomy":"post_tag","embeddable":true,"href":"https:\/\/www.cde.ual.es\/en\/wp-json\/wp\/v2\/tags?post=9850"}],"curies":[{"name":"wp","href":"https:\/\/api.w.org\/{rel}","templated":true}]}}