{"id":98491,"date":"2022-02-16T03:00:16","date_gmt":"2022-02-16T02:00:16","guid":{"rendered":"https:\/\/www.cde.ual.es\/?p=98491"},"modified":"2022-03-04T12:46:45","modified_gmt":"2022-03-04T11:46:45","slug":"eu-and-spain-in-the-global-action-plan-against-covid-19","status":"publish","type":"post","link":"https:\/\/www.cde.ual.es\/en\/eu-and-spain-in-the-global-action-plan-against-covid-19\/","title":{"rendered":"EU and Spain in the global action plan against COVID-19"},"content":{"rendered":"<p><a href=\"https:\/\/www.cde.ual.es\/wp-content\/uploads\/2022\/02\/alexandre-lallemand-Pcs3mOL14Sk-unsplash-1-scaled.jpg\"><img decoding=\"async\" class=\"wp-image-96217 aligncenter\" src=\"https:\/\/www.cde.ual.es\/wp-content\/uploads\/2022\/02\/alexandre-lallemand-Pcs3mOL14Sk-unsplash-1-scaled.jpg\" alt=\"\" width=\"702\" height=\"458\" srcset=\"https:\/\/www.cde.ual.es\/wp-content\/uploads\/2022\/02\/alexandre-lallemand-Pcs3mOL14Sk-unsplash-1-scaled.jpg 2560w, https:\/\/www.cde.ual.es\/wp-content\/uploads\/2022\/02\/alexandre-lallemand-Pcs3mOL14Sk-unsplash-1-300x196.jpg 300w, https:\/\/www.cde.ual.es\/wp-content\/uploads\/2022\/02\/alexandre-lallemand-Pcs3mOL14Sk-unsplash-1-1024x668.jpg 1024w, https:\/\/www.cde.ual.es\/wp-content\/uploads\/2022\/02\/alexandre-lallemand-Pcs3mOL14Sk-unsplash-1-768x501.jpg 768w, https:\/\/www.cde.ual.es\/wp-content\/uploads\/2022\/02\/alexandre-lallemand-Pcs3mOL14Sk-unsplash-1-1536x1002.jpg 1536w, https:\/\/www.cde.ual.es\/wp-content\/uploads\/2022\/02\/alexandre-lallemand-Pcs3mOL14Sk-unsplash-1-2048x1336.jpg 2048w\" sizes=\"(max-width: 702px) 100vw, 702px\" \/><\/a><\/p>\n<p>In the COVID-19 Global Action Meeting, convened by US Secretary of State Blinken and gathering the EU, represented by Commissioner Urpilainen, and other partner countries, participants discussed yesterday a &#8216;COVID-19 Global Action Plan&#8217;.<\/p>\n<p>The objective is to help coordinate actions and mobilise resources in six priority areas in relation to the global COVID-19 response to bring an end to the pandemic by the end of 2022:\u00a0get shots in arms, bolster supply chain resilience, address information gaps, support health care workers, ensure availability of treatments and testing where it is most needed and strengthen the global health security architecture.<\/p>\n<p>The EU and its Member States, acting as Team Europe, have been at the forefront of efforts to address the pandemic globally and have committed to co-lead this Global Action Plan, in line with Team Europe&#8217;s ongoing response to the pandemic. The EU will continue to act in the six priority areas and, in particular, has offered to co-lead, together with its partners, actions to address vaccine hesitancy and combat misinformation, get vaccines into weapons, strengthen supply chain resilience and strengthen the global health security architecture.<\/p>\n<p>The Vice President of the Commission Josep <strong>Borrell\u00a0<\/strong>said:<\/p>\n<p>\u201c<em>We fully endorse the COVID-19 Global Action Plan presented today and are determined to play a leading role to ensure its successful implementation. With 1.8 billion doses of vaccines made in Europe delivered to 165 countries and 46 billion euros mobilised to tackle the health and socio-economic impact of the crisis, the EU has demonstrated its leadership and ability to make a decisive contribution to the fight against the COVID-19 pandemic. As there is still a long way to go, we are ready and willing to do more, together with our global partners<\/em>\u201d.<\/p>\n<p>Spain, for its part, offers its experience. It has been able to combine a high percentage of vaccination of its own population with being one of the main vaccine donors. It is also the second largest donor of vaccines in Latin America, and vaccines have also been distributed in Sub-Saharan Africa, the Southern Neighborhood and Asia.<\/p>\n<p>The Minister of Foreign Affairs, European Union and Cooperation, Jos\u00e9 Manuel Albares, reiterated Spain&#8217;s commitment to a united and multilateral response to the pandemic and to the objectives of vaccinating the world&#8217;s population at the ministerial meeting convened by the Secretary of State of the United States, Antony Blinken, to analyze the Global Priority Action Plan for the fight against COVID-19.<\/p>\n<p>The Foreign Minister offered Spain&#8217;s leadership in coordinating the donor response to COVID-19 in two lines of action, the fight against disinformation and support for health workers, and in two geographical regions: Latin America and the Caribbean and the Sahel.<\/p>\n<p>Finally, Minister Jos\u00e9 Manuel Albares stressed the need to reform the system of global health governance and to strengthen the leadership of the World Health Organization to prevent future pandemics.<\/p>\n<h4>Source<\/h4>\n<p><a href=\"https:\/\/bit.ly\/3Juuaph\" target=\"_blank\" rel=\"noopener\">European Commission<\/a><\/p>\n<p><a href=\"https:\/\/bit.ly\/3JNNGxl\" target=\"_blank\" rel=\"noopener\">Ministerio de Asuntos Exteriores, Uni\u00f3n Europea y Cooperaci\u00f3n<\/a><\/p>\n<h4>More information<\/h4>\n<table style=\"width: 99.9988%; border-collapse: collapse; border-style: double; border-color: #001f7d;\" cellpadding=\"0,5\">\n<tbody>\n<tr>\n<td style=\"width: 100%;\"><a href=\"https:\/\/www.cde.ual.es\/en-que-medida-estan-digitalizadas-las-empresas-de-la-ue\/\" target=\"_blank\" rel=\"noopener\"><img decoding=\"async\" class=\"alignleft\" src=\"https:\/\/www.cde.ual.es\/wp-content\/uploads\/2022\/02\/diana-polekhina-ZBstHWt9vLc-unsplash-scaled.jpg\" alt=\"\" width=\"201\" height=\"134\" \/><\/a><\/p>\n<h4 class=\"entry-title\"><a href=\"https:\/\/www.cde.ual.es\/en\/covid-19-research-and-public-health-eu-priorities\/\" target=\"_blank\" rel=\"noopener\">COVID-19 research and public health, EU priorities<\/a><\/h4>\n<\/td>\n<\/tr>\n<\/tbody>\n<\/table>\n<p>&nbsp;<\/p>\n","protected":false},"excerpt":{"rendered":"<p>In the COVID-19 Global Action Meeting, convened by US Secretary of State Blinken and gathering the EU, represented by Commissioner Urpilainen, and other partner countries, participants discussed yesterday a &#8216;COVID-19 Global Action Plan&#8217;. The objective is to help coordinate actions and mobilise resources in six priority areas in relation to the global COVID-19 response to [&hellip;]<\/p>\n","protected":false},"author":101011,"featured_media":96217,"comment_status":"open","ping_status":"open","sticky":false,"template":"","format":"standard","meta":{"_acf_changed":false,"_relevanssi_hide_post":"","_relevanssi_hide_content":"","_relevanssi_pin_for_all":"","_relevanssi_pin_keywords":"","_relevanssi_unpin_keywords":"","_relevanssi_related_keywords":"","_relevanssi_related_include_ids":"","_relevanssi_related_exclude_ids":"","_relevanssi_related_no_append":"","_relevanssi_related_not_related":"","_relevanssi_related_posts":"","_relevanssi_noindex_reason":"","_monsterinsights_skip_tracking":false,"_monsterinsights_sitenote_active":false,"_monsterinsights_sitenote_note":"","_monsterinsights_sitenote_category":0,"_genesis_hide_title":false,"_genesis_hide_breadcrumbs":false,"_genesis_hide_singular_image":false,"_genesis_hide_footer_widgets":false,"_genesis_custom_body_class":"","_genesis_custom_post_class":"","_genesis_layout":"","footnotes":""},"categories":[4093,346,4092],"tags":[1488,437],"class_list":{"0":"post-98491","1":"post","2":"type-post","3":"status-publish","4":"format-standard","5":"has-post-thumbnail","7":"category-diseases","8":"category-eu-news","9":"category-health","10":"tag-european-commission","11":"tag-health","12":"entry"},"acf":[],"yoast_head":"<!-- This site is optimized with the Yoast SEO plugin v27.4 - https:\/\/yoast.com\/product\/yoast-seo-wordpress\/ -->\n<title>EU and Spain in the global action plan against COVID-19 | CDE Almer\u00eda - Centro de Documentaci\u00f3n Europea - Universidad de Almer\u00eda<\/title>\n<meta name=\"robots\" content=\"index, follow, max-snippet:-1, max-image-preview:large, max-video-preview:-1\" \/>\n<link rel=\"canonical\" href=\"https:\/\/www.cde.ual.es\/en\/eu-and-spain-in-the-global-action-plan-against-covid-19\/\" \/>\n<meta property=\"og:locale\" content=\"en_US\" \/>\n<meta property=\"og:type\" content=\"article\" \/>\n<meta property=\"og:title\" content=\"EU and Spain in the global action plan against COVID-19 | CDE Almer\u00eda - Centro de Documentaci\u00f3n Europea - Universidad de Almer\u00eda\" \/>\n<meta property=\"og:description\" content=\"In the COVID-19 Global Action Meeting, convened by US Secretary of State Blinken and gathering the EU, represented by Commissioner Urpilainen, and other partner countries, participants discussed yesterday a &#8216;COVID-19 Global Action Plan&#8217;. The objective is to help coordinate actions and mobilise resources in six priority areas in relation to the global COVID-19 response to [&hellip;]\" \/>\n<meta property=\"og:url\" content=\"https:\/\/www.cde.ual.es\/en\/eu-and-spain-in-the-global-action-plan-against-covid-19\/\" \/>\n<meta property=\"og:site_name\" content=\"CDE Almer\u00eda - Centro de Documentaci\u00f3n Europea - Universidad de Almer\u00eda\" \/>\n<meta property=\"article:publisher\" content=\"https:\/\/www.facebook.com\/cdeuniversidadalmeria\/\" \/>\n<meta property=\"article:published_time\" content=\"2022-02-16T02:00:16+00:00\" \/>\n<meta property=\"article:modified_time\" content=\"2022-03-04T11:46:45+00:00\" \/>\n<meta property=\"og:image\" content=\"https:\/\/www.cde.ual.es\/wp-content\/uploads\/2022\/02\/alexandre-lallemand-Pcs3mOL14Sk-unsplash-1-scaled.jpg\" \/>\n\t<meta property=\"og:image:width\" content=\"2560\" \/>\n\t<meta property=\"og:image:height\" content=\"1670\" \/>\n\t<meta property=\"og:image:type\" content=\"image\/jpeg\" \/>\n<meta name=\"author\" content=\"BECA 2 CDE\" \/>\n<meta name=\"twitter:card\" content=\"summary_large_image\" \/>\n<meta name=\"twitter:creator\" content=\"@cdeualmeria\" \/>\n<meta name=\"twitter:site\" content=\"@cdeualmeria\" \/>\n<meta name=\"twitter:label1\" content=\"Written by\" \/>\n\t<meta name=\"twitter:data1\" content=\"BECA 2 CDE\" \/>\n\t<meta name=\"twitter:label2\" content=\"Est. reading time\" \/>\n\t<meta name=\"twitter:data2\" content=\"2 minutes\" \/>\n<script type=\"application\/ld+json\" class=\"yoast-schema-graph\">{\"@context\":\"https:\\\/\\\/schema.org\",\"@graph\":[{\"@type\":\"Article\",\"@id\":\"https:\\\/\\\/www.cde.ual.es\\\/en\\\/eu-and-spain-in-the-global-action-plan-against-covid-19\\\/#article\",\"isPartOf\":{\"@id\":\"https:\\\/\\\/www.cde.ual.es\\\/en\\\/eu-and-spain-in-the-global-action-plan-against-covid-19\\\/\"},\"author\":{\"name\":\"BECA 2 CDE\",\"@id\":\"https:\\\/\\\/www.cde.ual.es\\\/#\\\/schema\\\/person\\\/ee46ebc19edfa19598c02cff83335acc\"},\"headline\":\"EU and Spain in the global action plan against COVID-19\",\"datePublished\":\"2022-02-16T02:00:16+00:00\",\"dateModified\":\"2022-03-04T11:46:45+00:00\",\"mainEntityOfPage\":{\"@id\":\"https:\\\/\\\/www.cde.ual.es\\\/en\\\/eu-and-spain-in-the-global-action-plan-against-covid-19\\\/\"},\"wordCount\":507,\"commentCount\":0,\"publisher\":{\"@id\":\"https:\\\/\\\/www.cde.ual.es\\\/#organization\"},\"image\":{\"@id\":\"https:\\\/\\\/www.cde.ual.es\\\/en\\\/eu-and-spain-in-the-global-action-plan-against-covid-19\\\/#primaryimage\"},\"thumbnailUrl\":\"https:\\\/\\\/www.cde.ual.es\\\/wp-content\\\/uploads\\\/2022\\\/02\\\/alexandre-lallemand-Pcs3mOL14Sk-unsplash-1-scaled.jpg\",\"keywords\":[\"European Commission\",\"health\"],\"articleSection\":[\"Diseases\",\"EU News\",\"Health\"],\"inLanguage\":\"en-US\",\"potentialAction\":[{\"@type\":\"CommentAction\",\"name\":\"Comment\",\"target\":[\"https:\\\/\\\/www.cde.ual.es\\\/en\\\/eu-and-spain-in-the-global-action-plan-against-covid-19\\\/#respond\"]}]},{\"@type\":\"WebPage\",\"@id\":\"https:\\\/\\\/www.cde.ual.es\\\/en\\\/eu-and-spain-in-the-global-action-plan-against-covid-19\\\/\",\"url\":\"https:\\\/\\\/www.cde.ual.es\\\/en\\\/eu-and-spain-in-the-global-action-plan-against-covid-19\\\/\",\"name\":\"EU and Spain in the global action plan against COVID-19 | CDE Almer\u00eda - Centro de Documentaci\u00f3n Europea - Universidad de Almer\u00eda\",\"isPartOf\":{\"@id\":\"https:\\\/\\\/www.cde.ual.es\\\/#website\"},\"primaryImageOfPage\":{\"@id\":\"https:\\\/\\\/www.cde.ual.es\\\/en\\\/eu-and-spain-in-the-global-action-plan-against-covid-19\\\/#primaryimage\"},\"image\":{\"@id\":\"https:\\\/\\\/www.cde.ual.es\\\/en\\\/eu-and-spain-in-the-global-action-plan-against-covid-19\\\/#primaryimage\"},\"thumbnailUrl\":\"https:\\\/\\\/www.cde.ual.es\\\/wp-content\\\/uploads\\\/2022\\\/02\\\/alexandre-lallemand-Pcs3mOL14Sk-unsplash-1-scaled.jpg\",\"datePublished\":\"2022-02-16T02:00:16+00:00\",\"dateModified\":\"2022-03-04T11:46:45+00:00\",\"breadcrumb\":{\"@id\":\"https:\\\/\\\/www.cde.ual.es\\\/en\\\/eu-and-spain-in-the-global-action-plan-against-covid-19\\\/#breadcrumb\"},\"inLanguage\":\"en-US\",\"potentialAction\":[{\"@type\":\"ReadAction\",\"target\":[\"https:\\\/\\\/www.cde.ual.es\\\/en\\\/eu-and-spain-in-the-global-action-plan-against-covid-19\\\/\"]}]},{\"@type\":\"ImageObject\",\"inLanguage\":\"en-US\",\"@id\":\"https:\\\/\\\/www.cde.ual.es\\\/en\\\/eu-and-spain-in-the-global-action-plan-against-covid-19\\\/#primaryimage\",\"url\":\"https:\\\/\\\/www.cde.ual.es\\\/wp-content\\\/uploads\\\/2022\\\/02\\\/alexandre-lallemand-Pcs3mOL14Sk-unsplash-1-scaled.jpg\",\"contentUrl\":\"https:\\\/\\\/www.cde.ual.es\\\/wp-content\\\/uploads\\\/2022\\\/02\\\/alexandre-lallemand-Pcs3mOL14Sk-unsplash-1-scaled.jpg\",\"width\":2560,\"height\":1670},{\"@type\":\"BreadcrumbList\",\"@id\":\"https:\\\/\\\/www.cde.ual.es\\\/en\\\/eu-and-spain-in-the-global-action-plan-against-covid-19\\\/#breadcrumb\",\"itemListElement\":[{\"@type\":\"ListItem\",\"position\":1,\"name\":\"Inicio\",\"item\":\"https:\\\/\\\/www.cde.ual.es\\\/en\\\/\"},{\"@type\":\"ListItem\",\"position\":2,\"name\":\"EU News\",\"item\":\"https:\\\/\\\/www.cde.ual.es\\\/en\\\/category\\\/eu-news\\\/\"},{\"@type\":\"ListItem\",\"position\":3,\"name\":\"Health\",\"item\":\"https:\\\/\\\/www.cde.ual.es\\\/en\\\/category\\\/eu-news\\\/health\\\/\"},{\"@type\":\"ListItem\",\"position\":4,\"name\":\"Diseases\",\"item\":\"https:\\\/\\\/www.cde.ual.es\\\/en\\\/category\\\/eu-news\\\/health\\\/diseases\\\/\"},{\"@type\":\"ListItem\",\"position\":5,\"name\":\"EU and Spain in the global action plan against COVID-19\"}]},{\"@type\":\"WebSite\",\"@id\":\"https:\\\/\\\/www.cde.ual.es\\\/#website\",\"url\":\"https:\\\/\\\/www.cde.ual.es\\\/\",\"name\":\"CDE Almer\u00eda - Centro de Documentaci\u00f3n Europea - Universidad de Almer\u00eda\",\"description\":\"Centro de Documentaci\u00f3n Europea de la Universidad de Almer\u00eda\",\"publisher\":{\"@id\":\"https:\\\/\\\/www.cde.ual.es\\\/#organization\"},\"alternateName\":\"CDE Almer\u00eda\",\"potentialAction\":[{\"@type\":\"SearchAction\",\"target\":{\"@type\":\"EntryPoint\",\"urlTemplate\":\"https:\\\/\\\/www.cde.ual.es\\\/?s={search_term_string}\"},\"query-input\":{\"@type\":\"PropertyValueSpecification\",\"valueRequired\":true,\"valueName\":\"search_term_string\"}}],\"inLanguage\":\"en-US\"},{\"@type\":\"Organization\",\"@id\":\"https:\\\/\\\/www.cde.ual.es\\\/#organization\",\"name\":\"Centro de Documentaci\u00f3n Europea de Almer\u00eda\",\"url\":\"https:\\\/\\\/www.cde.ual.es\\\/\",\"logo\":{\"@type\":\"ImageObject\",\"inLanguage\":\"en-US\",\"@id\":\"https:\\\/\\\/www.cde.ual.es\\\/#\\\/schema\\\/logo\\\/image\\\/\",\"url\":\"https:\\\/\\\/www.cde.ual.es\\\/wp-content\\\/uploads\\\/2025\\\/07\\\/cde-logo-3.png\",\"contentUrl\":\"https:\\\/\\\/www.cde.ual.es\\\/wp-content\\\/uploads\\\/2025\\\/07\\\/cde-logo-3.png\",\"width\":1400,\"height\":300,\"caption\":\"Centro de Documentaci\u00f3n Europea de Almer\u00eda\"},\"image\":{\"@id\":\"https:\\\/\\\/www.cde.ual.es\\\/#\\\/schema\\\/logo\\\/image\\\/\"},\"sameAs\":[\"https:\\\/\\\/www.facebook.com\\\/cdeuniversidadalmeria\\\/\",\"https:\\\/\\\/x.com\\\/cdeualmeria\",\"https:\\\/\\\/www.tiktok.com\\\/@cdealmeria\",\"https:\\\/\\\/www.instagram.com\\\/cdealmeria\\\/\",\"https:\\\/\\\/www.linkedin.com\\\/in\\\/cde-almera-812b26a9\\\/\"]},{\"@type\":\"Person\",\"@id\":\"https:\\\/\\\/www.cde.ual.es\\\/#\\\/schema\\\/person\\\/ee46ebc19edfa19598c02cff83335acc\",\"name\":\"BECA 2 CDE\",\"image\":{\"@type\":\"ImageObject\",\"inLanguage\":\"en-US\",\"@id\":\"https:\\\/\\\/secure.gravatar.com\\\/avatar\\\/35a481bbc04bbd90e91bdfa3b0b5541036c222a49b9ad37b6889a2afcb5311a5?s=96&d=mm&r=g\",\"url\":\"https:\\\/\\\/secure.gravatar.com\\\/avatar\\\/35a481bbc04bbd90e91bdfa3b0b5541036c222a49b9ad37b6889a2afcb5311a5?s=96&d=mm&r=g\",\"contentUrl\":\"https:\\\/\\\/secure.gravatar.com\\\/avatar\\\/35a481bbc04bbd90e91bdfa3b0b5541036c222a49b9ad37b6889a2afcb5311a5?s=96&d=mm&r=g\",\"caption\":\"BECA 2 CDE\"},\"sameAs\":[\"http:\\\/\\\/www.cdealmeria.com\"]}]}<\/script>\n<!-- \/ Yoast SEO plugin. -->","yoast_head_json":{"title":"EU and Spain in the global action plan against COVID-19 | CDE Almer\u00eda - Centro de Documentaci\u00f3n Europea - Universidad de Almer\u00eda","robots":{"index":"index","follow":"follow","max-snippet":"max-snippet:-1","max-image-preview":"max-image-preview:large","max-video-preview":"max-video-preview:-1"},"canonical":"https:\/\/www.cde.ual.es\/en\/eu-and-spain-in-the-global-action-plan-against-covid-19\/","og_locale":"en_US","og_type":"article","og_title":"EU and Spain in the global action plan against COVID-19 | CDE Almer\u00eda - Centro de Documentaci\u00f3n Europea - Universidad de Almer\u00eda","og_description":"In the COVID-19 Global Action Meeting, convened by US Secretary of State Blinken and gathering the EU, represented by Commissioner Urpilainen, and other partner countries, participants discussed yesterday a &#8216;COVID-19 Global Action Plan&#8217;. The objective is to help coordinate actions and mobilise resources in six priority areas in relation to the global COVID-19 response to [&hellip;]","og_url":"https:\/\/www.cde.ual.es\/en\/eu-and-spain-in-the-global-action-plan-against-covid-19\/","og_site_name":"CDE Almer\u00eda - Centro de Documentaci\u00f3n Europea - Universidad de Almer\u00eda","article_publisher":"https:\/\/www.facebook.com\/cdeuniversidadalmeria\/","article_published_time":"2022-02-16T02:00:16+00:00","article_modified_time":"2022-03-04T11:46:45+00:00","og_image":[{"width":2560,"height":1670,"url":"https:\/\/www.cde.ual.es\/wp-content\/uploads\/2022\/02\/alexandre-lallemand-Pcs3mOL14Sk-unsplash-1-scaled.jpg","type":"image\/jpeg"}],"author":"BECA 2 CDE","twitter_card":"summary_large_image","twitter_creator":"@cdeualmeria","twitter_site":"@cdeualmeria","twitter_misc":{"Written by":"BECA 2 CDE","Est. reading time":"2 minutes"},"schema":{"@context":"https:\/\/schema.org","@graph":[{"@type":"Article","@id":"https:\/\/www.cde.ual.es\/en\/eu-and-spain-in-the-global-action-plan-against-covid-19\/#article","isPartOf":{"@id":"https:\/\/www.cde.ual.es\/en\/eu-and-spain-in-the-global-action-plan-against-covid-19\/"},"author":{"name":"BECA 2 CDE","@id":"https:\/\/www.cde.ual.es\/#\/schema\/person\/ee46ebc19edfa19598c02cff83335acc"},"headline":"EU and Spain in the global action plan against COVID-19","datePublished":"2022-02-16T02:00:16+00:00","dateModified":"2022-03-04T11:46:45+00:00","mainEntityOfPage":{"@id":"https:\/\/www.cde.ual.es\/en\/eu-and-spain-in-the-global-action-plan-against-covid-19\/"},"wordCount":507,"commentCount":0,"publisher":{"@id":"https:\/\/www.cde.ual.es\/#organization"},"image":{"@id":"https:\/\/www.cde.ual.es\/en\/eu-and-spain-in-the-global-action-plan-against-covid-19\/#primaryimage"},"thumbnailUrl":"https:\/\/www.cde.ual.es\/wp-content\/uploads\/2022\/02\/alexandre-lallemand-Pcs3mOL14Sk-unsplash-1-scaled.jpg","keywords":["European Commission","health"],"articleSection":["Diseases","EU News","Health"],"inLanguage":"en-US","potentialAction":[{"@type":"CommentAction","name":"Comment","target":["https:\/\/www.cde.ual.es\/en\/eu-and-spain-in-the-global-action-plan-against-covid-19\/#respond"]}]},{"@type":"WebPage","@id":"https:\/\/www.cde.ual.es\/en\/eu-and-spain-in-the-global-action-plan-against-covid-19\/","url":"https:\/\/www.cde.ual.es\/en\/eu-and-spain-in-the-global-action-plan-against-covid-19\/","name":"EU and Spain in the global action plan against COVID-19 | CDE Almer\u00eda - Centro de Documentaci\u00f3n Europea - Universidad de Almer\u00eda","isPartOf":{"@id":"https:\/\/www.cde.ual.es\/#website"},"primaryImageOfPage":{"@id":"https:\/\/www.cde.ual.es\/en\/eu-and-spain-in-the-global-action-plan-against-covid-19\/#primaryimage"},"image":{"@id":"https:\/\/www.cde.ual.es\/en\/eu-and-spain-in-the-global-action-plan-against-covid-19\/#primaryimage"},"thumbnailUrl":"https:\/\/www.cde.ual.es\/wp-content\/uploads\/2022\/02\/alexandre-lallemand-Pcs3mOL14Sk-unsplash-1-scaled.jpg","datePublished":"2022-02-16T02:00:16+00:00","dateModified":"2022-03-04T11:46:45+00:00","breadcrumb":{"@id":"https:\/\/www.cde.ual.es\/en\/eu-and-spain-in-the-global-action-plan-against-covid-19\/#breadcrumb"},"inLanguage":"en-US","potentialAction":[{"@type":"ReadAction","target":["https:\/\/www.cde.ual.es\/en\/eu-and-spain-in-the-global-action-plan-against-covid-19\/"]}]},{"@type":"ImageObject","inLanguage":"en-US","@id":"https:\/\/www.cde.ual.es\/en\/eu-and-spain-in-the-global-action-plan-against-covid-19\/#primaryimage","url":"https:\/\/www.cde.ual.es\/wp-content\/uploads\/2022\/02\/alexandre-lallemand-Pcs3mOL14Sk-unsplash-1-scaled.jpg","contentUrl":"https:\/\/www.cde.ual.es\/wp-content\/uploads\/2022\/02\/alexandre-lallemand-Pcs3mOL14Sk-unsplash-1-scaled.jpg","width":2560,"height":1670},{"@type":"BreadcrumbList","@id":"https:\/\/www.cde.ual.es\/en\/eu-and-spain-in-the-global-action-plan-against-covid-19\/#breadcrumb","itemListElement":[{"@type":"ListItem","position":1,"name":"Inicio","item":"https:\/\/www.cde.ual.es\/en\/"},{"@type":"ListItem","position":2,"name":"EU News","item":"https:\/\/www.cde.ual.es\/en\/category\/eu-news\/"},{"@type":"ListItem","position":3,"name":"Health","item":"https:\/\/www.cde.ual.es\/en\/category\/eu-news\/health\/"},{"@type":"ListItem","position":4,"name":"Diseases","item":"https:\/\/www.cde.ual.es\/en\/category\/eu-news\/health\/diseases\/"},{"@type":"ListItem","position":5,"name":"EU and Spain in the global action plan against COVID-19"}]},{"@type":"WebSite","@id":"https:\/\/www.cde.ual.es\/#website","url":"https:\/\/www.cde.ual.es\/","name":"CDE Almer\u00eda - Centro de Documentaci\u00f3n Europea - Universidad de Almer\u00eda","description":"Centro de Documentaci\u00f3n Europea de la Universidad de Almer\u00eda","publisher":{"@id":"https:\/\/www.cde.ual.es\/#organization"},"alternateName":"CDE Almer\u00eda","potentialAction":[{"@type":"SearchAction","target":{"@type":"EntryPoint","urlTemplate":"https:\/\/www.cde.ual.es\/?s={search_term_string}"},"query-input":{"@type":"PropertyValueSpecification","valueRequired":true,"valueName":"search_term_string"}}],"inLanguage":"en-US"},{"@type":"Organization","@id":"https:\/\/www.cde.ual.es\/#organization","name":"Centro de Documentaci\u00f3n Europea de Almer\u00eda","url":"https:\/\/www.cde.ual.es\/","logo":{"@type":"ImageObject","inLanguage":"en-US","@id":"https:\/\/www.cde.ual.es\/#\/schema\/logo\/image\/","url":"https:\/\/www.cde.ual.es\/wp-content\/uploads\/2025\/07\/cde-logo-3.png","contentUrl":"https:\/\/www.cde.ual.es\/wp-content\/uploads\/2025\/07\/cde-logo-3.png","width":1400,"height":300,"caption":"Centro de Documentaci\u00f3n Europea de Almer\u00eda"},"image":{"@id":"https:\/\/www.cde.ual.es\/#\/schema\/logo\/image\/"},"sameAs":["https:\/\/www.facebook.com\/cdeuniversidadalmeria\/","https:\/\/x.com\/cdeualmeria","https:\/\/www.tiktok.com\/@cdealmeria","https:\/\/www.instagram.com\/cdealmeria\/","https:\/\/www.linkedin.com\/in\/cde-almera-812b26a9\/"]},{"@type":"Person","@id":"https:\/\/www.cde.ual.es\/#\/schema\/person\/ee46ebc19edfa19598c02cff83335acc","name":"BECA 2 CDE","image":{"@type":"ImageObject","inLanguage":"en-US","@id":"https:\/\/secure.gravatar.com\/avatar\/35a481bbc04bbd90e91bdfa3b0b5541036c222a49b9ad37b6889a2afcb5311a5?s=96&d=mm&r=g","url":"https:\/\/secure.gravatar.com\/avatar\/35a481bbc04bbd90e91bdfa3b0b5541036c222a49b9ad37b6889a2afcb5311a5?s=96&d=mm&r=g","contentUrl":"https:\/\/secure.gravatar.com\/avatar\/35a481bbc04bbd90e91bdfa3b0b5541036c222a49b9ad37b6889a2afcb5311a5?s=96&d=mm&r=g","caption":"BECA 2 CDE"},"sameAs":["http:\/\/www.cdealmeria.com"]}]}},"_links":{"self":[{"href":"https:\/\/www.cde.ual.es\/en\/wp-json\/wp\/v2\/posts\/98491","targetHints":{"allow":["GET"]}}],"collection":[{"href":"https:\/\/www.cde.ual.es\/en\/wp-json\/wp\/v2\/posts"}],"about":[{"href":"https:\/\/www.cde.ual.es\/en\/wp-json\/wp\/v2\/types\/post"}],"author":[{"embeddable":true,"href":"https:\/\/www.cde.ual.es\/en\/wp-json\/wp\/v2\/users\/101011"}],"replies":[{"embeddable":true,"href":"https:\/\/www.cde.ual.es\/en\/wp-json\/wp\/v2\/comments?post=98491"}],"version-history":[{"count":0,"href":"https:\/\/www.cde.ual.es\/en\/wp-json\/wp\/v2\/posts\/98491\/revisions"}],"wp:featuredmedia":[{"embeddable":true,"href":"https:\/\/www.cde.ual.es\/en\/wp-json\/wp\/v2\/media\/96217"}],"wp:attachment":[{"href":"https:\/\/www.cde.ual.es\/en\/wp-json\/wp\/v2\/media?parent=98491"}],"wp:term":[{"taxonomy":"category","embeddable":true,"href":"https:\/\/www.cde.ual.es\/en\/wp-json\/wp\/v2\/categories?post=98491"},{"taxonomy":"post_tag","embeddable":true,"href":"https:\/\/www.cde.ual.es\/en\/wp-json\/wp\/v2\/tags?post=98491"}],"curies":[{"name":"wp","href":"https:\/\/api.w.org\/{rel}","templated":true}]}}