{"id":9810,"date":"2018-11-13T09:09:39","date_gmt":"2018-11-13T08:09:39","guid":{"rendered":"http:\/\/www.cde.ual.es\/?p=9810"},"modified":"2018-11-13T09:09:39","modified_gmt":"2018-11-13T08:09:39","slug":"tu-europa-tu-voz","status":"publish","type":"post","link":"https:\/\/www.cde.ual.es\/en\/tu-europa-tu-voz\/","title":{"rendered":"Tu Europa, tu voz"},"content":{"rendered":"<p style=\"text-align: center;\"><a href=\"http:\/\/www.cde.ual.es\/wp-content\/uploads\/2018\/11\/Tu-Europa-tu-voz.png\"><img decoding=\"async\" class=\"size-medium wp-image-9814 aligncenter\" src=\"http:\/\/www.cde.ual.es\/wp-content\/uploads\/2018\/11\/Tu-Europa-tu-voz-300x219.png\" alt=\"\" width=\"300\" height=\"219\" srcset=\"https:\/\/www.cde.ual.es\/wp-content\/uploads\/2018\/11\/Tu-Europa-tu-voz-300x219.png 300w, https:\/\/www.cde.ual.es\/wp-content\/uploads\/2018\/11\/Tu-Europa-tu-voz.png 610w\" sizes=\"(max-width: 300px) 100vw, 300px\" \/><\/a><\/p>\n<p><em><strong>Descubre la cultura europea viajando con tus compa\u00f1eros de clase.<\/strong><\/em><\/p>\n<h3>Informaci\u00f3n<\/h3>\n<p>El Comit\u00e9 Econ\u00f3mico y Social Europeo convoca la d\u00e9cima edici\u00f3n de &#8220;\u00a1Tu Europa, tu voz!&#8221; (YEYS por sus siglas en ingl\u00e9s). Esta nueva edici\u00f3n lleva el t\u00edtulo: \u201c\u00a1Tu Europa, tu voz! cumple diez a\u00f1os: vota por el futuro&#8221;, en referencia a las elecciones al Parlamento Europeo que se celebrar\u00e1n en 2019.<\/p>\n<h3>Contexto<\/h3>\n<p>&#8220;Tu Europa, tu voz&#8221; es un evento que re\u00fane a treinta y tres escuelas de todos los pa\u00edses europeos para debatir sobre las cuestiones de inter\u00e9s de los j\u00f3venes europeos. Se trata de una oportunidad \u00fanica para entender mejor el funcionamiento de la Uni\u00f3n y participar en un debate similar al de una asamblea, en un entorno multicultural.<\/p>\n<p>Tres estudiantes y un profesor de los centros seleccionados ser\u00e1n invitados a Bruselas los pr\u00f3ximos d\u00edas 21 y 22 de marzo de 2019 para conocer el Consejo Econ\u00f3mico y Social Europeo (CESE). Pide a tus profesores que completen el formulario de inscripci\u00f3n antes del pr\u00f3ximo d\u00eda 18 de noviembre 2018, y podr\u00e1n ser seleccionados para el debate y tus ideas ser\u00e1n parte de la agenda europea.<\/p>\n<h3>Requisitos<\/h3>\n<p>Cualquier escuela de secundaria o instituto de alguno de los 28 pa\u00edses miembros o de los cinco pa\u00edses candidatos puede inscribirse hasta el 18 de noviembre. Posteriormente se realizar\u00e1 un sorteo a trav\u00e9s del cual se seleccionar\u00e1 a las escuelas. El CESE correr\u00e1 con los gastos de viaje, alojamiento y comidas que se sirvan durante el evento para los participantes.<\/p>\n<h3>Periodo de inscripci\u00f3n<\/h3>\n<p>Del 08\/10\/2018 al 18\/11\/2018<\/p>\n<h3>M\u00e1s Informaci\u00f3n<\/h3>\n<p><a href=\"https:\/\/www.eesc.europa.eu\/es\/node\/64587\/tu-europa-tu-voz-cumple-diez-anos-vota-por-el-futuro\">Consejo Econ\u00f3mico y Social Europeo<\/a><\/p>\n","protected":false},"excerpt":{"rendered":"<p>Descubre la cultura europea viajando con tus compa\u00f1eros de clase. Informaci\u00f3n El Comit\u00e9 Econ\u00f3mico y Social Europeo convoca la d\u00e9cima edici\u00f3n de &#8220;\u00a1Tu Europa, tu voz!&#8221; (YEYS por sus siglas en ingl\u00e9s). Esta nueva edici\u00f3n lleva el t\u00edtulo: \u201c\u00a1Tu Europa, tu voz! cumple diez a\u00f1os: vota por el futuro&#8221;, en referencia a las elecciones al [&hellip;]<\/p>\n","protected":false},"author":1,"featured_media":9814,"comment_status":"open","ping_status":"open","sticky":false,"template":"","format":"standard","meta":{"_acf_changed":false,"_relevanssi_hide_post":"","_relevanssi_hide_content":"","_relevanssi_pin_for_all":"","_relevanssi_pin_keywords":"","_relevanssi_unpin_keywords":"","_relevanssi_related_keywords":"","_relevanssi_related_include_ids":"","_relevanssi_related_exclude_ids":"","_relevanssi_related_no_append":"","_relevanssi_related_not_related":"","_relevanssi_related_posts":"","_relevanssi_noindex_reason":"","_monsterinsights_skip_tracking":false,"_monsterinsights_sitenote_active":false,"_monsterinsights_sitenote_note":"","_monsterinsights_sitenote_category":0,"_genesis_hide_title":false,"_genesis_hide_breadcrumbs":false,"_genesis_hide_singular_image":false,"_genesis_hide_footer_widgets":false,"_genesis_custom_body_class":"","_genesis_custom_post_class":"","_genesis_layout":"","footnotes":""},"categories":[136],"tags":[128,135],"class_list":{"0":"post-9810","1":"post","2":"type-post","3":"status-publish","4":"format-standard","5":"has-post-thumbnail","7":"category-convocatorias-y-premios-ue","8":"tag-cultura-educacion","9":"tag-union-europea","10":"entry"},"acf":[],"yoast_head":"<!-- This site is optimized with the Yoast SEO plugin v27.4 - https:\/\/yoast.com\/product\/yoast-seo-wordpress\/ -->\n<title>Tu Europa, tu voz | CDE Almer\u00eda - Centro de Documentaci\u00f3n Europea - Universidad de Almer\u00eda<\/title>\n<meta name=\"robots\" content=\"index, follow, max-snippet:-1, max-image-preview:large, max-video-preview:-1\" \/>\n<link rel=\"canonical\" href=\"https:\/\/www.cde.ual.es\/tu-europa-tu-voz\/\" \/>\n<meta property=\"og:locale\" content=\"en_US\" \/>\n<meta property=\"og:type\" content=\"article\" \/>\n<meta property=\"og:title\" content=\"Tu Europa, tu voz | CDE Almer\u00eda - Centro de Documentaci\u00f3n Europea - Universidad de Almer\u00eda\" \/>\n<meta property=\"og:description\" content=\"Descubre la cultura europea viajando con tus compa\u00f1eros de clase. Informaci\u00f3n El Comit\u00e9 Econ\u00f3mico y Social Europeo convoca la d\u00e9cima edici\u00f3n de &#8220;\u00a1Tu Europa, tu voz!&#8221; (YEYS por sus siglas en ingl\u00e9s). Esta nueva edici\u00f3n lleva el t\u00edtulo: \u201c\u00a1Tu Europa, tu voz! cumple diez a\u00f1os: vota por el futuro&#8221;, en referencia a las elecciones al [&hellip;]\" \/>\n<meta property=\"og:url\" content=\"https:\/\/www.cde.ual.es\/tu-europa-tu-voz\/\" \/>\n<meta property=\"og:site_name\" content=\"CDE Almer\u00eda - Centro de Documentaci\u00f3n Europea - Universidad de Almer\u00eda\" \/>\n<meta property=\"article:publisher\" content=\"https:\/\/www.facebook.com\/cdeuniversidadalmeria\/\" \/>\n<meta property=\"article:published_time\" content=\"2018-11-13T08:09:39+00:00\" \/>\n<meta property=\"og:image\" content=\"https:\/\/www.cde.ual.es\/wp-content\/uploads\/2018\/11\/Tu-Europa-tu-voz.png\" \/>\n\t<meta property=\"og:image:width\" content=\"610\" \/>\n\t<meta property=\"og:image:height\" content=\"446\" \/>\n\t<meta property=\"og:image:type\" content=\"image\/png\" \/>\n<meta name=\"author\" content=\"AdminCDE\" \/>\n<meta name=\"twitter:card\" content=\"summary_large_image\" \/>\n<meta name=\"twitter:creator\" content=\"@cdeualmeria\" \/>\n<meta name=\"twitter:site\" content=\"@cdeualmeria\" \/>\n<meta name=\"twitter:label1\" content=\"Written by\" \/>\n\t<meta name=\"twitter:data1\" content=\"AdminCDE\" \/>\n\t<meta name=\"twitter:label2\" content=\"Est. reading time\" \/>\n\t<meta name=\"twitter:data2\" content=\"1 minute\" \/>\n<script type=\"application\/ld+json\" class=\"yoast-schema-graph\">{\"@context\":\"https:\\\/\\\/schema.org\",\"@graph\":[{\"@type\":\"Article\",\"@id\":\"https:\\\/\\\/www.cde.ual.es\\\/tu-europa-tu-voz\\\/#article\",\"isPartOf\":{\"@id\":\"https:\\\/\\\/www.cde.ual.es\\\/tu-europa-tu-voz\\\/\"},\"author\":{\"name\":\"AdminCDE\",\"@id\":\"https:\\\/\\\/www.cde.ual.es\\\/#\\\/schema\\\/person\\\/224ef08c8bcc005f319d2713ce37ee5f\"},\"headline\":\"Tu Europa, tu voz\",\"datePublished\":\"2018-11-13T08:09:39+00:00\",\"mainEntityOfPage\":{\"@id\":\"https:\\\/\\\/www.cde.ual.es\\\/tu-europa-tu-voz\\\/\"},\"wordCount\":287,\"commentCount\":0,\"publisher\":{\"@id\":\"https:\\\/\\\/www.cde.ual.es\\\/#organization\"},\"image\":{\"@id\":\"https:\\\/\\\/www.cde.ual.es\\\/tu-europa-tu-voz\\\/#primaryimage\"},\"thumbnailUrl\":\"https:\\\/\\\/www.cde.ual.es\\\/wp-content\\\/uploads\\\/2018\\\/11\\\/Tu-Europa-tu-voz.png\",\"keywords\":[\"Cultura y Educaci\u00f3n\",\"Uni\u00f3n Europea\"],\"articleSection\":[\"Convocatorias y Premios UE\"],\"inLanguage\":\"en-US\",\"potentialAction\":[{\"@type\":\"CommentAction\",\"name\":\"Comment\",\"target\":[\"https:\\\/\\\/www.cde.ual.es\\\/tu-europa-tu-voz\\\/#respond\"]}]},{\"@type\":\"WebPage\",\"@id\":\"https:\\\/\\\/www.cde.ual.es\\\/tu-europa-tu-voz\\\/\",\"url\":\"https:\\\/\\\/www.cde.ual.es\\\/tu-europa-tu-voz\\\/\",\"name\":\"Tu Europa, tu voz | CDE Almer\u00eda - Centro de Documentaci\u00f3n Europea - Universidad de Almer\u00eda\",\"isPartOf\":{\"@id\":\"https:\\\/\\\/www.cde.ual.es\\\/#website\"},\"primaryImageOfPage\":{\"@id\":\"https:\\\/\\\/www.cde.ual.es\\\/tu-europa-tu-voz\\\/#primaryimage\"},\"image\":{\"@id\":\"https:\\\/\\\/www.cde.ual.es\\\/tu-europa-tu-voz\\\/#primaryimage\"},\"thumbnailUrl\":\"https:\\\/\\\/www.cde.ual.es\\\/wp-content\\\/uploads\\\/2018\\\/11\\\/Tu-Europa-tu-voz.png\",\"datePublished\":\"2018-11-13T08:09:39+00:00\",\"breadcrumb\":{\"@id\":\"https:\\\/\\\/www.cde.ual.es\\\/tu-europa-tu-voz\\\/#breadcrumb\"},\"inLanguage\":\"en-US\",\"potentialAction\":[{\"@type\":\"ReadAction\",\"target\":[\"https:\\\/\\\/www.cde.ual.es\\\/tu-europa-tu-voz\\\/\"]}]},{\"@type\":\"ImageObject\",\"inLanguage\":\"en-US\",\"@id\":\"https:\\\/\\\/www.cde.ual.es\\\/tu-europa-tu-voz\\\/#primaryimage\",\"url\":\"https:\\\/\\\/www.cde.ual.es\\\/wp-content\\\/uploads\\\/2018\\\/11\\\/Tu-Europa-tu-voz.png\",\"contentUrl\":\"https:\\\/\\\/www.cde.ual.es\\\/wp-content\\\/uploads\\\/2018\\\/11\\\/Tu-Europa-tu-voz.png\",\"width\":610,\"height\":446},{\"@type\":\"BreadcrumbList\",\"@id\":\"https:\\\/\\\/www.cde.ual.es\\\/tu-europa-tu-voz\\\/#breadcrumb\",\"itemListElement\":[{\"@type\":\"ListItem\",\"position\":1,\"name\":\"Inicio\",\"item\":\"https:\\\/\\\/www.cde.ual.es\\\/en\\\/\"},{\"@type\":\"ListItem\",\"position\":2,\"name\":\"Convocatorias y Premios UE\",\"item\":\"https:\\\/\\\/www.cde.ual.es\\\/category\\\/convocatorias-y-premios-ue\\\/\"},{\"@type\":\"ListItem\",\"position\":3,\"name\":\"Tu Europa, tu voz\"}]},{\"@type\":\"WebSite\",\"@id\":\"https:\\\/\\\/www.cde.ual.es\\\/#website\",\"url\":\"https:\\\/\\\/www.cde.ual.es\\\/\",\"name\":\"CDE Almer\u00eda - Centro de Documentaci\u00f3n Europea - Universidad de Almer\u00eda\",\"description\":\"Centro de Documentaci\u00f3n Europea de la Universidad de Almer\u00eda\",\"publisher\":{\"@id\":\"https:\\\/\\\/www.cde.ual.es\\\/#organization\"},\"alternateName\":\"CDE Almer\u00eda\",\"potentialAction\":[{\"@type\":\"SearchAction\",\"target\":{\"@type\":\"EntryPoint\",\"urlTemplate\":\"https:\\\/\\\/www.cde.ual.es\\\/?s={search_term_string}\"},\"query-input\":{\"@type\":\"PropertyValueSpecification\",\"valueRequired\":true,\"valueName\":\"search_term_string\"}}],\"inLanguage\":\"en-US\"},{\"@type\":\"Organization\",\"@id\":\"https:\\\/\\\/www.cde.ual.es\\\/#organization\",\"name\":\"Centro de Documentaci\u00f3n Europea de Almer\u00eda\",\"url\":\"https:\\\/\\\/www.cde.ual.es\\\/\",\"logo\":{\"@type\":\"ImageObject\",\"inLanguage\":\"en-US\",\"@id\":\"https:\\\/\\\/www.cde.ual.es\\\/#\\\/schema\\\/logo\\\/image\\\/\",\"url\":\"https:\\\/\\\/www.cde.ual.es\\\/wp-content\\\/uploads\\\/2025\\\/07\\\/cde-logo-3.png\",\"contentUrl\":\"https:\\\/\\\/www.cde.ual.es\\\/wp-content\\\/uploads\\\/2025\\\/07\\\/cde-logo-3.png\",\"width\":1400,\"height\":300,\"caption\":\"Centro de Documentaci\u00f3n Europea de Almer\u00eda\"},\"image\":{\"@id\":\"https:\\\/\\\/www.cde.ual.es\\\/#\\\/schema\\\/logo\\\/image\\\/\"},\"sameAs\":[\"https:\\\/\\\/www.facebook.com\\\/cdeuniversidadalmeria\\\/\",\"https:\\\/\\\/x.com\\\/cdeualmeria\",\"https:\\\/\\\/www.tiktok.com\\\/@cdealmeria\",\"https:\\\/\\\/www.instagram.com\\\/cdealmeria\\\/\",\"https:\\\/\\\/www.linkedin.com\\\/in\\\/cde-almera-812b26a9\\\/\"]},{\"@type\":\"Person\",\"@id\":\"https:\\\/\\\/www.cde.ual.es\\\/#\\\/schema\\\/person\\\/224ef08c8bcc005f319d2713ce37ee5f\",\"name\":\"AdminCDE\",\"image\":{\"@type\":\"ImageObject\",\"inLanguage\":\"en-US\",\"@id\":\"https:\\\/\\\/secure.gravatar.com\\\/avatar\\\/a72d038d371f995cd13706fac32274b7952a52e8fb0a84b5f80c85426f2a98a8?s=96&d=mm&r=g\",\"url\":\"https:\\\/\\\/secure.gravatar.com\\\/avatar\\\/a72d038d371f995cd13706fac32274b7952a52e8fb0a84b5f80c85426f2a98a8?s=96&d=mm&r=g\",\"contentUrl\":\"https:\\\/\\\/secure.gravatar.com\\\/avatar\\\/a72d038d371f995cd13706fac32274b7952a52e8fb0a84b5f80c85426f2a98a8?s=96&d=mm&r=g\",\"caption\":\"AdminCDE\"}}]}<\/script>\n<!-- \/ Yoast SEO plugin. -->","yoast_head_json":{"title":"Tu Europa, tu voz | CDE Almer\u00eda - Centro de Documentaci\u00f3n Europea - Universidad de Almer\u00eda","robots":{"index":"index","follow":"follow","max-snippet":"max-snippet:-1","max-image-preview":"max-image-preview:large","max-video-preview":"max-video-preview:-1"},"canonical":"https:\/\/www.cde.ual.es\/tu-europa-tu-voz\/","og_locale":"en_US","og_type":"article","og_title":"Tu Europa, tu voz | CDE Almer\u00eda - Centro de Documentaci\u00f3n Europea - Universidad de Almer\u00eda","og_description":"Descubre la cultura europea viajando con tus compa\u00f1eros de clase. Informaci\u00f3n El Comit\u00e9 Econ\u00f3mico y Social Europeo convoca la d\u00e9cima edici\u00f3n de &#8220;\u00a1Tu Europa, tu voz!&#8221; (YEYS por sus siglas en ingl\u00e9s). Esta nueva edici\u00f3n lleva el t\u00edtulo: \u201c\u00a1Tu Europa, tu voz! cumple diez a\u00f1os: vota por el futuro&#8221;, en referencia a las elecciones al [&hellip;]","og_url":"https:\/\/www.cde.ual.es\/tu-europa-tu-voz\/","og_site_name":"CDE Almer\u00eda - Centro de Documentaci\u00f3n Europea - Universidad de Almer\u00eda","article_publisher":"https:\/\/www.facebook.com\/cdeuniversidadalmeria\/","article_published_time":"2018-11-13T08:09:39+00:00","og_image":[{"width":610,"height":446,"url":"https:\/\/www.cde.ual.es\/wp-content\/uploads\/2018\/11\/Tu-Europa-tu-voz.png","type":"image\/png"}],"author":"AdminCDE","twitter_card":"summary_large_image","twitter_creator":"@cdeualmeria","twitter_site":"@cdeualmeria","twitter_misc":{"Written by":"AdminCDE","Est. reading time":"1 minute"},"schema":{"@context":"https:\/\/schema.org","@graph":[{"@type":"Article","@id":"https:\/\/www.cde.ual.es\/tu-europa-tu-voz\/#article","isPartOf":{"@id":"https:\/\/www.cde.ual.es\/tu-europa-tu-voz\/"},"author":{"name":"AdminCDE","@id":"https:\/\/www.cde.ual.es\/#\/schema\/person\/224ef08c8bcc005f319d2713ce37ee5f"},"headline":"Tu Europa, tu voz","datePublished":"2018-11-13T08:09:39+00:00","mainEntityOfPage":{"@id":"https:\/\/www.cde.ual.es\/tu-europa-tu-voz\/"},"wordCount":287,"commentCount":0,"publisher":{"@id":"https:\/\/www.cde.ual.es\/#organization"},"image":{"@id":"https:\/\/www.cde.ual.es\/tu-europa-tu-voz\/#primaryimage"},"thumbnailUrl":"https:\/\/www.cde.ual.es\/wp-content\/uploads\/2018\/11\/Tu-Europa-tu-voz.png","keywords":["Cultura y Educaci\u00f3n","Uni\u00f3n Europea"],"articleSection":["Convocatorias y Premios UE"],"inLanguage":"en-US","potentialAction":[{"@type":"CommentAction","name":"Comment","target":["https:\/\/www.cde.ual.es\/tu-europa-tu-voz\/#respond"]}]},{"@type":"WebPage","@id":"https:\/\/www.cde.ual.es\/tu-europa-tu-voz\/","url":"https:\/\/www.cde.ual.es\/tu-europa-tu-voz\/","name":"Tu Europa, tu voz | CDE Almer\u00eda - Centro de Documentaci\u00f3n Europea - Universidad de Almer\u00eda","isPartOf":{"@id":"https:\/\/www.cde.ual.es\/#website"},"primaryImageOfPage":{"@id":"https:\/\/www.cde.ual.es\/tu-europa-tu-voz\/#primaryimage"},"image":{"@id":"https:\/\/www.cde.ual.es\/tu-europa-tu-voz\/#primaryimage"},"thumbnailUrl":"https:\/\/www.cde.ual.es\/wp-content\/uploads\/2018\/11\/Tu-Europa-tu-voz.png","datePublished":"2018-11-13T08:09:39+00:00","breadcrumb":{"@id":"https:\/\/www.cde.ual.es\/tu-europa-tu-voz\/#breadcrumb"},"inLanguage":"en-US","potentialAction":[{"@type":"ReadAction","target":["https:\/\/www.cde.ual.es\/tu-europa-tu-voz\/"]}]},{"@type":"ImageObject","inLanguage":"en-US","@id":"https:\/\/www.cde.ual.es\/tu-europa-tu-voz\/#primaryimage","url":"https:\/\/www.cde.ual.es\/wp-content\/uploads\/2018\/11\/Tu-Europa-tu-voz.png","contentUrl":"https:\/\/www.cde.ual.es\/wp-content\/uploads\/2018\/11\/Tu-Europa-tu-voz.png","width":610,"height":446},{"@type":"BreadcrumbList","@id":"https:\/\/www.cde.ual.es\/tu-europa-tu-voz\/#breadcrumb","itemListElement":[{"@type":"ListItem","position":1,"name":"Inicio","item":"https:\/\/www.cde.ual.es\/en\/"},{"@type":"ListItem","position":2,"name":"Convocatorias y Premios UE","item":"https:\/\/www.cde.ual.es\/category\/convocatorias-y-premios-ue\/"},{"@type":"ListItem","position":3,"name":"Tu Europa, tu voz"}]},{"@type":"WebSite","@id":"https:\/\/www.cde.ual.es\/#website","url":"https:\/\/www.cde.ual.es\/","name":"CDE Almer\u00eda - Centro de Documentaci\u00f3n Europea - Universidad de Almer\u00eda","description":"Centro de Documentaci\u00f3n Europea de la Universidad de Almer\u00eda","publisher":{"@id":"https:\/\/www.cde.ual.es\/#organization"},"alternateName":"CDE Almer\u00eda","potentialAction":[{"@type":"SearchAction","target":{"@type":"EntryPoint","urlTemplate":"https:\/\/www.cde.ual.es\/?s={search_term_string}"},"query-input":{"@type":"PropertyValueSpecification","valueRequired":true,"valueName":"search_term_string"}}],"inLanguage":"en-US"},{"@type":"Organization","@id":"https:\/\/www.cde.ual.es\/#organization","name":"Centro de Documentaci\u00f3n Europea de Almer\u00eda","url":"https:\/\/www.cde.ual.es\/","logo":{"@type":"ImageObject","inLanguage":"en-US","@id":"https:\/\/www.cde.ual.es\/#\/schema\/logo\/image\/","url":"https:\/\/www.cde.ual.es\/wp-content\/uploads\/2025\/07\/cde-logo-3.png","contentUrl":"https:\/\/www.cde.ual.es\/wp-content\/uploads\/2025\/07\/cde-logo-3.png","width":1400,"height":300,"caption":"Centro de Documentaci\u00f3n Europea de Almer\u00eda"},"image":{"@id":"https:\/\/www.cde.ual.es\/#\/schema\/logo\/image\/"},"sameAs":["https:\/\/www.facebook.com\/cdeuniversidadalmeria\/","https:\/\/x.com\/cdeualmeria","https:\/\/www.tiktok.com\/@cdealmeria","https:\/\/www.instagram.com\/cdealmeria\/","https:\/\/www.linkedin.com\/in\/cde-almera-812b26a9\/"]},{"@type":"Person","@id":"https:\/\/www.cde.ual.es\/#\/schema\/person\/224ef08c8bcc005f319d2713ce37ee5f","name":"AdminCDE","image":{"@type":"ImageObject","inLanguage":"en-US","@id":"https:\/\/secure.gravatar.com\/avatar\/a72d038d371f995cd13706fac32274b7952a52e8fb0a84b5f80c85426f2a98a8?s=96&d=mm&r=g","url":"https:\/\/secure.gravatar.com\/avatar\/a72d038d371f995cd13706fac32274b7952a52e8fb0a84b5f80c85426f2a98a8?s=96&d=mm&r=g","contentUrl":"https:\/\/secure.gravatar.com\/avatar\/a72d038d371f995cd13706fac32274b7952a52e8fb0a84b5f80c85426f2a98a8?s=96&d=mm&r=g","caption":"AdminCDE"}}]}},"_links":{"self":[{"href":"https:\/\/www.cde.ual.es\/en\/wp-json\/wp\/v2\/posts\/9810","targetHints":{"allow":["GET"]}}],"collection":[{"href":"https:\/\/www.cde.ual.es\/en\/wp-json\/wp\/v2\/posts"}],"about":[{"href":"https:\/\/www.cde.ual.es\/en\/wp-json\/wp\/v2\/types\/post"}],"author":[{"embeddable":true,"href":"https:\/\/www.cde.ual.es\/en\/wp-json\/wp\/v2\/users\/1"}],"replies":[{"embeddable":true,"href":"https:\/\/www.cde.ual.es\/en\/wp-json\/wp\/v2\/comments?post=9810"}],"version-history":[{"count":0,"href":"https:\/\/www.cde.ual.es\/en\/wp-json\/wp\/v2\/posts\/9810\/revisions"}],"wp:featuredmedia":[{"embeddable":true,"href":"https:\/\/www.cde.ual.es\/en\/wp-json\/wp\/v2\/media\/9814"}],"wp:attachment":[{"href":"https:\/\/www.cde.ual.es\/en\/wp-json\/wp\/v2\/media?parent=9810"}],"wp:term":[{"taxonomy":"category","embeddable":true,"href":"https:\/\/www.cde.ual.es\/en\/wp-json\/wp\/v2\/categories?post=9810"},{"taxonomy":"post_tag","embeddable":true,"href":"https:\/\/www.cde.ual.es\/en\/wp-json\/wp\/v2\/tags?post=9810"}],"curies":[{"name":"wp","href":"https:\/\/api.w.org\/{rel}","templated":true}]}}