{"id":9803,"date":"2018-11-13T09:02:29","date_gmt":"2018-11-13T08:02:29","guid":{"rendered":"http:\/\/www.cde.ual.es\/?p=9803"},"modified":"2018-11-13T09:02:29","modified_gmt":"2018-11-13T08:02:29","slug":"proyectos-de-cooperacion-europea","status":"publish","type":"post","link":"https:\/\/www.cde.ual.es\/en\/proyectos-de-cooperacion-europea\/","title":{"rendered":"Proyectos de Cooperaci\u00f3n Europea"},"content":{"rendered":"<p><a href=\"http:\/\/www.cde.ual.es\/wp-content\/uploads\/2018\/11\/Proyectos-Europeos.png\"><img decoding=\"async\" class=\"size-medium wp-image-9808 aligncenter\" src=\"http:\/\/www.cde.ual.es\/wp-content\/uploads\/2018\/11\/Proyectos-Europeos-300x161.png\" alt=\"\" width=\"300\" height=\"161\" srcset=\"https:\/\/www.cde.ual.es\/wp-content\/uploads\/2018\/11\/Proyectos-Europeos-300x161.png 300w, https:\/\/www.cde.ual.es\/wp-content\/uploads\/2018\/11\/Proyectos-Europeos-768x411.png 768w, https:\/\/www.cde.ual.es\/wp-content\/uploads\/2018\/11\/Proyectos-Europeos.png 947w\" sizes=\"(max-width: 300px) 100vw, 300px\" \/><\/a><\/p>\n<p><em><strong>La\u00a0convocatoria para Proyectos de Cooperaci\u00f3n Europea para el a\u00f1o 2019\u00a0est\u00e1 abierta hasta el pr\u00f3ximo\u00a011 de diciembre de 2018.<\/strong><\/em><\/p>\n<h3>Objetivos<\/h3>\n<p class=\"TableContents\" style=\"text-align: justify; text-justify: inter-ideograph; layout-grid-mode: char;\">Los principales objetivos del apoyo a los proyectos de Cooperaci\u00f3n Europea son: Fortalecer la capacidad de los sectores culturales y creativos; contribuir al desarrollo de la audiencia mediante la participaci\u00f3n en formas nuevas e innovadoras con audiencias y mejorar el acceso a trabajos culturales y creativos en la Uni\u00f3n y m\u00e1s all\u00e1 con un enfoque particular en ni\u00f1os, j\u00f3venes, personas con discapacidad y grupos subrepresentados; contribuir a la innovaci\u00f3n y la creatividad en el campo de la cultura.<\/p>\n<h3>Talleres<\/h3>\n<p>La oficina de Europa Creativa ha creado una serie de talleres en los que te har\u00e1 llegar diferente tipo de informaci\u00f3n que podr\u00e1 ayudarte a confeccionar tu futuro proyecto: conocer las nuevas prioridades del programa, celebraci\u00f3n de un taller sobre desarrollo de audiencias, d\u00f3nde\u00a0encontrar tus socios, etc.<\/p>\n<h3>Taller de Proyectos de Cooperaci\u00f3n Europea &#8220;\u00bfC\u00f3mo llego a mi p\u00fablico?&#8221;<\/h3>\n<p>Este taller ser\u00e1\u00a0impartido por\u00a0<b>Araceli Corbo<\/b>\u00a0(MUSAC &#8211; Museo de Arte Contempor\u00e1neo de Castilla y Le\u00f3n) y est\u00e1 destinado principalmente a organizaciones culturales interesadas en presentar su proyecto a la actual convocatoria de proyectos de cooperaci\u00f3n europea.\u00a0En \u00e9l,\u00a0se abordar\u00e1n\u00a0cuestiones pr\u00e1cticas para elaborar<b> estrategias de comunicaci\u00f3n<\/b>\u00a0y de\u00a0<b>desarrollo de audiencias<\/b>.<\/p>\n<h3>Las dos nuevas prioridades de la convocatoria de proyectos de cooperaci\u00f3n europea para 2019<\/h3>\n<p>A las presentes en convocatorias anteriores (movilidad transnacional, desarrollo de audiencias y formaci\u00f3n), se unen como prioridades, por un lado, el\u00a0fomento del \u00a0<strong>di\u00e1logo intercultural<\/strong>\u00a0y la\u00a0<strong>integraci\u00f3n<\/strong> de personas migrantes y refugiadas, y por otro,\u00a0sensibilizar sobre la historia y los <strong>valores comunes europeos<\/strong>\u00a0\u00a0y\u00a0reforzar el sentimiento de pertenencia a un <strong>patrimonio cultural<\/strong> y espacio europeo com\u00fan.<\/p>\n<h3>Plazo<\/h3>\n<p>La fecha l\u00edmite para la presentaci\u00f3n de propuestas es el 11 de diciembre (12.00 h franja horaria de Bruselas).<\/p>\n<h3>M\u00e1s informaci\u00f3n<\/h3>\n<p><a href=\"https:\/\/europacreativa.es\/cultura\/evento\/taller-de-capacitacion-cooperacion\/\">Taller<\/a><\/p>\n<p><a href=\"https:\/\/europacreativa.es\/cultura\/las-dos-nuevas-prioridades-que-recoge-la-convocatoria-de-proyectos-de-cooperacion-europea-para-2019\/\">Nuevas Prioridades<\/a><\/p>\n","protected":false},"excerpt":{"rendered":"<p>La\u00a0convocatoria para Proyectos de Cooperaci\u00f3n Europea para el a\u00f1o 2019\u00a0est\u00e1 abierta hasta el pr\u00f3ximo\u00a011 de diciembre de 2018. Objetivos Los principales objetivos del apoyo a los proyectos de Cooperaci\u00f3n Europea son: Fortalecer la capacidad de los sectores culturales y creativos; contribuir al desarrollo de la audiencia mediante la participaci\u00f3n en formas nuevas e innovadoras con [&hellip;]<\/p>\n","protected":false},"author":1,"featured_media":9808,"comment_status":"open","ping_status":"open","sticky":false,"template":"","format":"standard","meta":{"_acf_changed":false,"_relevanssi_hide_post":"","_relevanssi_hide_content":"","_relevanssi_pin_for_all":"","_relevanssi_pin_keywords":"","_relevanssi_unpin_keywords":"","_relevanssi_related_keywords":"","_relevanssi_related_include_ids":"","_relevanssi_related_exclude_ids":"","_relevanssi_related_no_append":"","_relevanssi_related_not_related":"","_relevanssi_related_posts":"","_relevanssi_noindex_reason":"","_monsterinsights_skip_tracking":false,"_monsterinsights_sitenote_active":false,"_monsterinsights_sitenote_note":"","_monsterinsights_sitenote_category":0,"_genesis_hide_title":false,"_genesis_hide_breadcrumbs":false,"_genesis_hide_singular_image":false,"_genesis_hide_footer_widgets":false,"_genesis_custom_body_class":"","_genesis_custom_post_class":"","_genesis_layout":"","footnotes":""},"categories":[136],"tags":[128,135],"class_list":{"0":"post-9803","1":"post","2":"type-post","3":"status-publish","4":"format-standard","5":"has-post-thumbnail","7":"category-convocatorias-y-premios-ue","8":"tag-cultura-educacion","9":"tag-union-europea","10":"entry"},"acf":[],"yoast_head":"<!-- This site is optimized with the Yoast SEO plugin v27.4 - https:\/\/yoast.com\/product\/yoast-seo-wordpress\/ -->\n<title>Proyectos de Cooperaci\u00f3n Europea | CDE Almer\u00eda - Centro de Documentaci\u00f3n Europea - Universidad de Almer\u00eda<\/title>\n<meta name=\"robots\" content=\"index, follow, max-snippet:-1, max-image-preview:large, max-video-preview:-1\" \/>\n<link rel=\"canonical\" href=\"https:\/\/www.cde.ual.es\/proyectos-de-cooperacion-europea\/\" \/>\n<meta property=\"og:locale\" content=\"en_US\" \/>\n<meta property=\"og:type\" content=\"article\" \/>\n<meta property=\"og:title\" content=\"Proyectos de Cooperaci\u00f3n Europea | CDE Almer\u00eda - Centro de Documentaci\u00f3n Europea - Universidad de Almer\u00eda\" \/>\n<meta property=\"og:description\" content=\"La\u00a0convocatoria para Proyectos de Cooperaci\u00f3n Europea para el a\u00f1o 2019\u00a0est\u00e1 abierta hasta el pr\u00f3ximo\u00a011 de diciembre de 2018. Objetivos Los principales objetivos del apoyo a los proyectos de Cooperaci\u00f3n Europea son: Fortalecer la capacidad de los sectores culturales y creativos; contribuir al desarrollo de la audiencia mediante la participaci\u00f3n en formas nuevas e innovadoras con [&hellip;]\" \/>\n<meta property=\"og:url\" content=\"https:\/\/www.cde.ual.es\/proyectos-de-cooperacion-europea\/\" \/>\n<meta property=\"og:site_name\" content=\"CDE Almer\u00eda - Centro de Documentaci\u00f3n Europea - Universidad de Almer\u00eda\" \/>\n<meta property=\"article:publisher\" content=\"https:\/\/www.facebook.com\/cdeuniversidadalmeria\/\" \/>\n<meta property=\"article:published_time\" content=\"2018-11-13T08:02:29+00:00\" \/>\n<meta property=\"og:image\" content=\"https:\/\/www.cde.ual.es\/wp-content\/uploads\/2018\/11\/Proyectos-Europeos.png\" \/>\n\t<meta property=\"og:image:width\" content=\"947\" \/>\n\t<meta property=\"og:image:height\" content=\"507\" \/>\n\t<meta property=\"og:image:type\" content=\"image\/png\" \/>\n<meta name=\"author\" content=\"AdminCDE\" \/>\n<meta name=\"twitter:card\" content=\"summary_large_image\" \/>\n<meta name=\"twitter:creator\" content=\"@cdeualmeria\" \/>\n<meta name=\"twitter:site\" content=\"@cdeualmeria\" \/>\n<meta name=\"twitter:label1\" content=\"Written by\" \/>\n\t<meta name=\"twitter:data1\" content=\"AdminCDE\" \/>\n\t<meta name=\"twitter:label2\" content=\"Est. reading time\" \/>\n\t<meta name=\"twitter:data2\" content=\"2 minutes\" \/>\n<script type=\"application\/ld+json\" class=\"yoast-schema-graph\">{\"@context\":\"https:\\\/\\\/schema.org\",\"@graph\":[{\"@type\":\"Article\",\"@id\":\"https:\\\/\\\/www.cde.ual.es\\\/proyectos-de-cooperacion-europea\\\/#article\",\"isPartOf\":{\"@id\":\"https:\\\/\\\/www.cde.ual.es\\\/proyectos-de-cooperacion-europea\\\/\"},\"author\":{\"name\":\"AdminCDE\",\"@id\":\"https:\\\/\\\/www.cde.ual.es\\\/#\\\/schema\\\/person\\\/224ef08c8bcc005f319d2713ce37ee5f\"},\"headline\":\"Proyectos de Cooperaci\u00f3n Europea\",\"datePublished\":\"2018-11-13T08:02:29+00:00\",\"mainEntityOfPage\":{\"@id\":\"https:\\\/\\\/www.cde.ual.es\\\/proyectos-de-cooperacion-europea\\\/\"},\"wordCount\":342,\"commentCount\":0,\"publisher\":{\"@id\":\"https:\\\/\\\/www.cde.ual.es\\\/#organization\"},\"image\":{\"@id\":\"https:\\\/\\\/www.cde.ual.es\\\/proyectos-de-cooperacion-europea\\\/#primaryimage\"},\"thumbnailUrl\":\"https:\\\/\\\/www.cde.ual.es\\\/wp-content\\\/uploads\\\/2018\\\/11\\\/Proyectos-Europeos.png\",\"keywords\":[\"Cultura y Educaci\u00f3n\",\"Uni\u00f3n Europea\"],\"articleSection\":[\"Convocatorias y Premios UE\"],\"inLanguage\":\"en-US\",\"potentialAction\":[{\"@type\":\"CommentAction\",\"name\":\"Comment\",\"target\":[\"https:\\\/\\\/www.cde.ual.es\\\/proyectos-de-cooperacion-europea\\\/#respond\"]}]},{\"@type\":\"WebPage\",\"@id\":\"https:\\\/\\\/www.cde.ual.es\\\/proyectos-de-cooperacion-europea\\\/\",\"url\":\"https:\\\/\\\/www.cde.ual.es\\\/proyectos-de-cooperacion-europea\\\/\",\"name\":\"Proyectos de Cooperaci\u00f3n Europea | CDE Almer\u00eda - Centro de Documentaci\u00f3n Europea - Universidad de Almer\u00eda\",\"isPartOf\":{\"@id\":\"https:\\\/\\\/www.cde.ual.es\\\/#website\"},\"primaryImageOfPage\":{\"@id\":\"https:\\\/\\\/www.cde.ual.es\\\/proyectos-de-cooperacion-europea\\\/#primaryimage\"},\"image\":{\"@id\":\"https:\\\/\\\/www.cde.ual.es\\\/proyectos-de-cooperacion-europea\\\/#primaryimage\"},\"thumbnailUrl\":\"https:\\\/\\\/www.cde.ual.es\\\/wp-content\\\/uploads\\\/2018\\\/11\\\/Proyectos-Europeos.png\",\"datePublished\":\"2018-11-13T08:02:29+00:00\",\"breadcrumb\":{\"@id\":\"https:\\\/\\\/www.cde.ual.es\\\/proyectos-de-cooperacion-europea\\\/#breadcrumb\"},\"inLanguage\":\"en-US\",\"potentialAction\":[{\"@type\":\"ReadAction\",\"target\":[\"https:\\\/\\\/www.cde.ual.es\\\/proyectos-de-cooperacion-europea\\\/\"]}]},{\"@type\":\"ImageObject\",\"inLanguage\":\"en-US\",\"@id\":\"https:\\\/\\\/www.cde.ual.es\\\/proyectos-de-cooperacion-europea\\\/#primaryimage\",\"url\":\"https:\\\/\\\/www.cde.ual.es\\\/wp-content\\\/uploads\\\/2018\\\/11\\\/Proyectos-Europeos.png\",\"contentUrl\":\"https:\\\/\\\/www.cde.ual.es\\\/wp-content\\\/uploads\\\/2018\\\/11\\\/Proyectos-Europeos.png\",\"width\":947,\"height\":507},{\"@type\":\"BreadcrumbList\",\"@id\":\"https:\\\/\\\/www.cde.ual.es\\\/proyectos-de-cooperacion-europea\\\/#breadcrumb\",\"itemListElement\":[{\"@type\":\"ListItem\",\"position\":1,\"name\":\"Inicio\",\"item\":\"https:\\\/\\\/www.cde.ual.es\\\/en\\\/\"},{\"@type\":\"ListItem\",\"position\":2,\"name\":\"Convocatorias y Premios UE\",\"item\":\"https:\\\/\\\/www.cde.ual.es\\\/category\\\/convocatorias-y-premios-ue\\\/\"},{\"@type\":\"ListItem\",\"position\":3,\"name\":\"Proyectos de Cooperaci\u00f3n Europea\"}]},{\"@type\":\"WebSite\",\"@id\":\"https:\\\/\\\/www.cde.ual.es\\\/#website\",\"url\":\"https:\\\/\\\/www.cde.ual.es\\\/\",\"name\":\"CDE Almer\u00eda - Centro de Documentaci\u00f3n Europea - Universidad de Almer\u00eda\",\"description\":\"Centro de Documentaci\u00f3n Europea de la Universidad de Almer\u00eda\",\"publisher\":{\"@id\":\"https:\\\/\\\/www.cde.ual.es\\\/#organization\"},\"alternateName\":\"CDE Almer\u00eda\",\"potentialAction\":[{\"@type\":\"SearchAction\",\"target\":{\"@type\":\"EntryPoint\",\"urlTemplate\":\"https:\\\/\\\/www.cde.ual.es\\\/?s={search_term_string}\"},\"query-input\":{\"@type\":\"PropertyValueSpecification\",\"valueRequired\":true,\"valueName\":\"search_term_string\"}}],\"inLanguage\":\"en-US\"},{\"@type\":\"Organization\",\"@id\":\"https:\\\/\\\/www.cde.ual.es\\\/#organization\",\"name\":\"Centro de Documentaci\u00f3n Europea de Almer\u00eda\",\"url\":\"https:\\\/\\\/www.cde.ual.es\\\/\",\"logo\":{\"@type\":\"ImageObject\",\"inLanguage\":\"en-US\",\"@id\":\"https:\\\/\\\/www.cde.ual.es\\\/#\\\/schema\\\/logo\\\/image\\\/\",\"url\":\"https:\\\/\\\/www.cde.ual.es\\\/wp-content\\\/uploads\\\/2025\\\/07\\\/cde-logo-3.png\",\"contentUrl\":\"https:\\\/\\\/www.cde.ual.es\\\/wp-content\\\/uploads\\\/2025\\\/07\\\/cde-logo-3.png\",\"width\":1400,\"height\":300,\"caption\":\"Centro de Documentaci\u00f3n Europea de Almer\u00eda\"},\"image\":{\"@id\":\"https:\\\/\\\/www.cde.ual.es\\\/#\\\/schema\\\/logo\\\/image\\\/\"},\"sameAs\":[\"https:\\\/\\\/www.facebook.com\\\/cdeuniversidadalmeria\\\/\",\"https:\\\/\\\/x.com\\\/cdeualmeria\",\"https:\\\/\\\/www.tiktok.com\\\/@cdealmeria\",\"https:\\\/\\\/www.instagram.com\\\/cdealmeria\\\/\",\"https:\\\/\\\/www.linkedin.com\\\/in\\\/cde-almera-812b26a9\\\/\"]},{\"@type\":\"Person\",\"@id\":\"https:\\\/\\\/www.cde.ual.es\\\/#\\\/schema\\\/person\\\/224ef08c8bcc005f319d2713ce37ee5f\",\"name\":\"AdminCDE\",\"image\":{\"@type\":\"ImageObject\",\"inLanguage\":\"en-US\",\"@id\":\"https:\\\/\\\/secure.gravatar.com\\\/avatar\\\/a72d038d371f995cd13706fac32274b7952a52e8fb0a84b5f80c85426f2a98a8?s=96&d=mm&r=g\",\"url\":\"https:\\\/\\\/secure.gravatar.com\\\/avatar\\\/a72d038d371f995cd13706fac32274b7952a52e8fb0a84b5f80c85426f2a98a8?s=96&d=mm&r=g\",\"contentUrl\":\"https:\\\/\\\/secure.gravatar.com\\\/avatar\\\/a72d038d371f995cd13706fac32274b7952a52e8fb0a84b5f80c85426f2a98a8?s=96&d=mm&r=g\",\"caption\":\"AdminCDE\"}}]}<\/script>\n<!-- \/ Yoast SEO plugin. -->","yoast_head_json":{"title":"Proyectos de Cooperaci\u00f3n Europea | CDE Almer\u00eda - Centro de Documentaci\u00f3n Europea - Universidad de Almer\u00eda","robots":{"index":"index","follow":"follow","max-snippet":"max-snippet:-1","max-image-preview":"max-image-preview:large","max-video-preview":"max-video-preview:-1"},"canonical":"https:\/\/www.cde.ual.es\/proyectos-de-cooperacion-europea\/","og_locale":"en_US","og_type":"article","og_title":"Proyectos de Cooperaci\u00f3n Europea | CDE Almer\u00eda - Centro de Documentaci\u00f3n Europea - Universidad de Almer\u00eda","og_description":"La\u00a0convocatoria para Proyectos de Cooperaci\u00f3n Europea para el a\u00f1o 2019\u00a0est\u00e1 abierta hasta el pr\u00f3ximo\u00a011 de diciembre de 2018. Objetivos Los principales objetivos del apoyo a los proyectos de Cooperaci\u00f3n Europea son: Fortalecer la capacidad de los sectores culturales y creativos; contribuir al desarrollo de la audiencia mediante la participaci\u00f3n en formas nuevas e innovadoras con [&hellip;]","og_url":"https:\/\/www.cde.ual.es\/proyectos-de-cooperacion-europea\/","og_site_name":"CDE Almer\u00eda - Centro de Documentaci\u00f3n Europea - Universidad de Almer\u00eda","article_publisher":"https:\/\/www.facebook.com\/cdeuniversidadalmeria\/","article_published_time":"2018-11-13T08:02:29+00:00","og_image":[{"width":947,"height":507,"url":"https:\/\/www.cde.ual.es\/wp-content\/uploads\/2018\/11\/Proyectos-Europeos.png","type":"image\/png"}],"author":"AdminCDE","twitter_card":"summary_large_image","twitter_creator":"@cdeualmeria","twitter_site":"@cdeualmeria","twitter_misc":{"Written by":"AdminCDE","Est. reading time":"2 minutes"},"schema":{"@context":"https:\/\/schema.org","@graph":[{"@type":"Article","@id":"https:\/\/www.cde.ual.es\/proyectos-de-cooperacion-europea\/#article","isPartOf":{"@id":"https:\/\/www.cde.ual.es\/proyectos-de-cooperacion-europea\/"},"author":{"name":"AdminCDE","@id":"https:\/\/www.cde.ual.es\/#\/schema\/person\/224ef08c8bcc005f319d2713ce37ee5f"},"headline":"Proyectos de Cooperaci\u00f3n Europea","datePublished":"2018-11-13T08:02:29+00:00","mainEntityOfPage":{"@id":"https:\/\/www.cde.ual.es\/proyectos-de-cooperacion-europea\/"},"wordCount":342,"commentCount":0,"publisher":{"@id":"https:\/\/www.cde.ual.es\/#organization"},"image":{"@id":"https:\/\/www.cde.ual.es\/proyectos-de-cooperacion-europea\/#primaryimage"},"thumbnailUrl":"https:\/\/www.cde.ual.es\/wp-content\/uploads\/2018\/11\/Proyectos-Europeos.png","keywords":["Cultura y Educaci\u00f3n","Uni\u00f3n Europea"],"articleSection":["Convocatorias y Premios UE"],"inLanguage":"en-US","potentialAction":[{"@type":"CommentAction","name":"Comment","target":["https:\/\/www.cde.ual.es\/proyectos-de-cooperacion-europea\/#respond"]}]},{"@type":"WebPage","@id":"https:\/\/www.cde.ual.es\/proyectos-de-cooperacion-europea\/","url":"https:\/\/www.cde.ual.es\/proyectos-de-cooperacion-europea\/","name":"Proyectos de Cooperaci\u00f3n Europea | CDE Almer\u00eda - Centro de Documentaci\u00f3n Europea - Universidad de Almer\u00eda","isPartOf":{"@id":"https:\/\/www.cde.ual.es\/#website"},"primaryImageOfPage":{"@id":"https:\/\/www.cde.ual.es\/proyectos-de-cooperacion-europea\/#primaryimage"},"image":{"@id":"https:\/\/www.cde.ual.es\/proyectos-de-cooperacion-europea\/#primaryimage"},"thumbnailUrl":"https:\/\/www.cde.ual.es\/wp-content\/uploads\/2018\/11\/Proyectos-Europeos.png","datePublished":"2018-11-13T08:02:29+00:00","breadcrumb":{"@id":"https:\/\/www.cde.ual.es\/proyectos-de-cooperacion-europea\/#breadcrumb"},"inLanguage":"en-US","potentialAction":[{"@type":"ReadAction","target":["https:\/\/www.cde.ual.es\/proyectos-de-cooperacion-europea\/"]}]},{"@type":"ImageObject","inLanguage":"en-US","@id":"https:\/\/www.cde.ual.es\/proyectos-de-cooperacion-europea\/#primaryimage","url":"https:\/\/www.cde.ual.es\/wp-content\/uploads\/2018\/11\/Proyectos-Europeos.png","contentUrl":"https:\/\/www.cde.ual.es\/wp-content\/uploads\/2018\/11\/Proyectos-Europeos.png","width":947,"height":507},{"@type":"BreadcrumbList","@id":"https:\/\/www.cde.ual.es\/proyectos-de-cooperacion-europea\/#breadcrumb","itemListElement":[{"@type":"ListItem","position":1,"name":"Inicio","item":"https:\/\/www.cde.ual.es\/en\/"},{"@type":"ListItem","position":2,"name":"Convocatorias y Premios UE","item":"https:\/\/www.cde.ual.es\/category\/convocatorias-y-premios-ue\/"},{"@type":"ListItem","position":3,"name":"Proyectos de Cooperaci\u00f3n Europea"}]},{"@type":"WebSite","@id":"https:\/\/www.cde.ual.es\/#website","url":"https:\/\/www.cde.ual.es\/","name":"CDE Almer\u00eda - Centro de Documentaci\u00f3n Europea - Universidad de Almer\u00eda","description":"Centro de Documentaci\u00f3n Europea de la Universidad de Almer\u00eda","publisher":{"@id":"https:\/\/www.cde.ual.es\/#organization"},"alternateName":"CDE Almer\u00eda","potentialAction":[{"@type":"SearchAction","target":{"@type":"EntryPoint","urlTemplate":"https:\/\/www.cde.ual.es\/?s={search_term_string}"},"query-input":{"@type":"PropertyValueSpecification","valueRequired":true,"valueName":"search_term_string"}}],"inLanguage":"en-US"},{"@type":"Organization","@id":"https:\/\/www.cde.ual.es\/#organization","name":"Centro de Documentaci\u00f3n Europea de Almer\u00eda","url":"https:\/\/www.cde.ual.es\/","logo":{"@type":"ImageObject","inLanguage":"en-US","@id":"https:\/\/www.cde.ual.es\/#\/schema\/logo\/image\/","url":"https:\/\/www.cde.ual.es\/wp-content\/uploads\/2025\/07\/cde-logo-3.png","contentUrl":"https:\/\/www.cde.ual.es\/wp-content\/uploads\/2025\/07\/cde-logo-3.png","width":1400,"height":300,"caption":"Centro de Documentaci\u00f3n Europea de Almer\u00eda"},"image":{"@id":"https:\/\/www.cde.ual.es\/#\/schema\/logo\/image\/"},"sameAs":["https:\/\/www.facebook.com\/cdeuniversidadalmeria\/","https:\/\/x.com\/cdeualmeria","https:\/\/www.tiktok.com\/@cdealmeria","https:\/\/www.instagram.com\/cdealmeria\/","https:\/\/www.linkedin.com\/in\/cde-almera-812b26a9\/"]},{"@type":"Person","@id":"https:\/\/www.cde.ual.es\/#\/schema\/person\/224ef08c8bcc005f319d2713ce37ee5f","name":"AdminCDE","image":{"@type":"ImageObject","inLanguage":"en-US","@id":"https:\/\/secure.gravatar.com\/avatar\/a72d038d371f995cd13706fac32274b7952a52e8fb0a84b5f80c85426f2a98a8?s=96&d=mm&r=g","url":"https:\/\/secure.gravatar.com\/avatar\/a72d038d371f995cd13706fac32274b7952a52e8fb0a84b5f80c85426f2a98a8?s=96&d=mm&r=g","contentUrl":"https:\/\/secure.gravatar.com\/avatar\/a72d038d371f995cd13706fac32274b7952a52e8fb0a84b5f80c85426f2a98a8?s=96&d=mm&r=g","caption":"AdminCDE"}}]}},"_links":{"self":[{"href":"https:\/\/www.cde.ual.es\/en\/wp-json\/wp\/v2\/posts\/9803","targetHints":{"allow":["GET"]}}],"collection":[{"href":"https:\/\/www.cde.ual.es\/en\/wp-json\/wp\/v2\/posts"}],"about":[{"href":"https:\/\/www.cde.ual.es\/en\/wp-json\/wp\/v2\/types\/post"}],"author":[{"embeddable":true,"href":"https:\/\/www.cde.ual.es\/en\/wp-json\/wp\/v2\/users\/1"}],"replies":[{"embeddable":true,"href":"https:\/\/www.cde.ual.es\/en\/wp-json\/wp\/v2\/comments?post=9803"}],"version-history":[{"count":0,"href":"https:\/\/www.cde.ual.es\/en\/wp-json\/wp\/v2\/posts\/9803\/revisions"}],"wp:featuredmedia":[{"embeddable":true,"href":"https:\/\/www.cde.ual.es\/en\/wp-json\/wp\/v2\/media\/9808"}],"wp:attachment":[{"href":"https:\/\/www.cde.ual.es\/en\/wp-json\/wp\/v2\/media?parent=9803"}],"wp:term":[{"taxonomy":"category","embeddable":true,"href":"https:\/\/www.cde.ual.es\/en\/wp-json\/wp\/v2\/categories?post=9803"},{"taxonomy":"post_tag","embeddable":true,"href":"https:\/\/www.cde.ual.es\/en\/wp-json\/wp\/v2\/tags?post=9803"}],"curies":[{"name":"wp","href":"https:\/\/api.w.org\/{rel}","templated":true}]}}