{"id":9794,"date":"2018-11-14T08:05:41","date_gmt":"2018-11-14T07:05:41","guid":{"rendered":"http:\/\/www.cde.ual.es\/?p=9794"},"modified":"2018-11-14T09:03:25","modified_gmt":"2018-11-14T08:03:25","slug":"eurobarometro-el-80-de-los-europeos-considera-que-la-calidad-de-vida-en-su-region-es-buena","status":"publish","type":"post","link":"https:\/\/www.cde.ual.es\/en\/eurobarometro-el-80-de-los-europeos-considera-que-la-calidad-de-vida-en-su-region-es-buena\/","title":{"rendered":"Eurobar\u00f3metro: el 80% de los europeos considera que la calidad de vida en su regi\u00f3n es buena"},"content":{"rendered":"<p style=\"text-align: center;\"><a href=\"http:\/\/www.cde.ual.es\/wp-content\/uploads\/2018\/11\/Eurobarometro.jpg\"><img decoding=\"async\" class=\"size-medium wp-image-9795 aligncenter\" src=\"http:\/\/www.cde.ual.es\/wp-content\/uploads\/2018\/11\/Eurobarometro-300x167.jpg\" alt=\"\" width=\"300\" height=\"167\" srcset=\"https:\/\/www.cde.ual.es\/wp-content\/uploads\/2018\/11\/Eurobarometro-300x167.jpg 300w, https:\/\/www.cde.ual.es\/wp-content\/uploads\/2018\/11\/Eurobarometro.jpg 454w\" sizes=\"(max-width: 300px) 100vw, 300px\" \/><\/a><\/p>\n<p><em><b>La pasada semana se hicieron p\u00fablicos los primeros resultados de un Eurobar\u00f3metro sobre \u201cla opini\u00f3n p\u00fablica en las regiones de la Uni\u00f3n Europea\u201d, basados en 62.000 encuestas realizadas en 204 regiones de los 28 Estados miembros<\/b><b>.<\/b><\/em><\/p>\n<p style=\"font-weight: 400;\">Cinco cuestiones a nivel regional fueron abordadas en la encuesta del\u00a0<a href=\"http:\/\/ec.europa.eu\/commfrontoffice\/publicopinion\/index.cfm\/survey\/getsurveydetail\/instruments\/flash\/surveyky\/2219\" data-saferedirecturl=\"https:\/\/www.google.com\/url?q=http:\/\/ec.europa.eu\/commfrontoffice\/publicopinion\/index.cfm\/survey\/getsurveydetail\/instruments\/flash\/surveyky\/2219&amp;source=gmail&amp;ust=1542179304823000&amp;usg=AFQjCNESIjR6Zj-kKKs5DNcfLb6w3jLw_g\">Eurobar\u00f3metro 472<\/a>, a saber,confianza en la UE y en los gobiernos nacionales, calidad de vida y optimismo sobre el futuro, situaci\u00f3n econ\u00f3mica, principales cuestiones a las que se enfrentan las regiones y representaci\u00f3n pol\u00edtica.<\/p>\n<h3>Resultados<\/h3>\n<p style=\"font-weight: 400;\">Los resultados muestran que a nivel regional el nivel de confianza en la Uni\u00f3n Europea supera al de los gobiernos nacionales (59% frente a un 42%), que la gran mayor\u00eda de los europeos considera que la calidad de vida en su regi\u00f3n es buena (80%) y que igualmente existe optimismo sobre el futuro (66%).<\/p>\n<p style=\"font-weight: 400;\">Cabe destacar el dato sobre la situaci\u00f3n econ\u00f3mica ya que el 65% de los encuestados considera que la situaci\u00f3n econ\u00f3mica en su regi\u00f3n es buena. En lo que respecta a los principales problemas que deben hacer frente sus respectivas regiones, se da prioridad a dos temas cruciales, la salud (34%) y el desempleo (30%).<\/p>\n<p style=\"font-weight: 400;\">Finalmente en respuesta a la pregunta sobre qu\u00e9 representante pol\u00edtico (Eurodiputados, Comisi\u00f3n Europea, representantes nacionales, regionales o locales) est\u00e1 mejor situado para explicar el impacto de las pol\u00edticas europeas en el d\u00eda a d\u00eda de los ciudadanos, el 25% de los encuestados considera mejor situados a los representantes regionales o locales, frente a un 20% que se decanta por los representantes nacionales.<\/p>\n<h3>M\u00e1s informaci\u00f3n<\/h3>\n<p style=\"font-weight: 400;\"><a href=\"http:\/\/ec.europa.eu\/commfrontoffice\/publicopinion\/index.cfm\/survey\/getsurveydetail\/instruments\/flash\/surveyky\/2219\" data-saferedirecturl=\"https:\/\/www.google.com\/url?q=http:\/\/ec.europa.eu\/commfrontoffice\/publicopinion\/index.cfm\/survey\/getsurveydetail\/instruments\/flash\/surveyky\/2219&amp;source=gmail&amp;ust=1542179304823000&amp;usg=AFQjCNESIjR6Zj-kKKs5DNcfLb6w3jLw_g\">Eurobar\u00f3metro 472<\/a><\/p>\n<p><a href=\"http:\/\/ec.europa.eu\/commfrontoffice\/publicopinion\/index.cfm\/Archive\/index\">Public Opinion<\/a><\/p>\n","protected":false},"excerpt":{"rendered":"<p>La pasada semana se hicieron p\u00fablicos los primeros resultados de un Eurobar\u00f3metro sobre \u201cla opini\u00f3n p\u00fablica en las regiones de la Uni\u00f3n Europea\u201d, basados en 62.000 encuestas realizadas en 204 regiones de los 28 Estados miembros. Cinco cuestiones a nivel regional fueron abordadas en la encuesta del\u00a0Eurobar\u00f3metro 472, a saber,confianza en la UE y en [&hellip;]<\/p>\n","protected":false},"author":1,"featured_media":9267,"comment_status":"open","ping_status":"open","sticky":false,"template":"","format":"standard","meta":{"_acf_changed":false,"_relevanssi_hide_post":"","_relevanssi_hide_content":"","_relevanssi_pin_for_all":"","_relevanssi_pin_keywords":"","_relevanssi_unpin_keywords":"","_relevanssi_related_keywords":"","_relevanssi_related_include_ids":"","_relevanssi_related_exclude_ids":"","_relevanssi_related_no_append":"","_relevanssi_related_not_related":"","_relevanssi_related_posts":"","_relevanssi_noindex_reason":"","_monsterinsights_skip_tracking":false,"_monsterinsights_sitenote_active":false,"_monsterinsights_sitenote_note":"","_monsterinsights_sitenote_category":0,"_genesis_hide_title":false,"_genesis_hide_breadcrumbs":false,"_genesis_hide_singular_image":false,"_genesis_hide_footer_widgets":false,"_genesis_custom_body_class":"","_genesis_custom_post_class":"","_genesis_layout":"","footnotes":""},"categories":[96],"tags":[229,126,135],"class_list":{"0":"post-9794","1":"post","2":"type-post","3":"status-publish","4":"format-standard","5":"has-post-thumbnail","7":"category-noticias-ue","8":"tag-estadisticas","9":"tag-competitividad-empresa","10":"tag-union-europea","11":"entry"},"acf":[],"yoast_head":"<!-- This site is optimized with the Yoast SEO plugin v27.4 - https:\/\/yoast.com\/product\/yoast-seo-wordpress\/ -->\n<title>Eurobar\u00f3metro: el 80% de los europeos considera que la calidad de vida en su regi\u00f3n es buena | CDE Almer\u00eda - Centro de Documentaci\u00f3n Europea - Universidad de Almer\u00eda<\/title>\n<meta name=\"robots\" content=\"index, follow, max-snippet:-1, max-image-preview:large, max-video-preview:-1\" \/>\n<link rel=\"canonical\" href=\"https:\/\/www.cde.ual.es\/eurobarometro-el-80-de-los-europeos-considera-que-la-calidad-de-vida-en-su-region-es-buena\/\" \/>\n<meta property=\"og:locale\" content=\"en_US\" \/>\n<meta property=\"og:type\" content=\"article\" \/>\n<meta property=\"og:title\" content=\"Eurobar\u00f3metro: el 80% de los europeos considera que la calidad de vida en su regi\u00f3n es buena | CDE Almer\u00eda - Centro de Documentaci\u00f3n Europea - Universidad de Almer\u00eda\" \/>\n<meta property=\"og:description\" content=\"La pasada semana se hicieron p\u00fablicos los primeros resultados de un Eurobar\u00f3metro sobre \u201cla opini\u00f3n p\u00fablica en las regiones de la Uni\u00f3n Europea\u201d, basados en 62.000 encuestas realizadas en 204 regiones de los 28 Estados miembros. Cinco cuestiones a nivel regional fueron abordadas en la encuesta del\u00a0Eurobar\u00f3metro 472, a saber,confianza en la UE y en [&hellip;]\" \/>\n<meta property=\"og:url\" content=\"https:\/\/www.cde.ual.es\/eurobarometro-el-80-de-los-europeos-considera-que-la-calidad-de-vida-en-su-region-es-buena\/\" \/>\n<meta property=\"og:site_name\" content=\"CDE Almer\u00eda - Centro de Documentaci\u00f3n Europea - Universidad de Almer\u00eda\" \/>\n<meta property=\"article:publisher\" content=\"https:\/\/www.facebook.com\/cdeuniversidadalmeria\/\" \/>\n<meta property=\"article:published_time\" content=\"2018-11-14T07:05:41+00:00\" \/>\n<meta property=\"article:modified_time\" content=\"2018-11-14T08:03:25+00:00\" \/>\n<meta property=\"og:image\" content=\"https:\/\/www.cde.ual.es\/wp-content\/uploads\/2018\/10\/Proyectos-cooperacion-europea.png\" \/>\n\t<meta property=\"og:image:width\" content=\"1097\" \/>\n\t<meta property=\"og:image:height\" content=\"555\" \/>\n\t<meta property=\"og:image:type\" content=\"image\/png\" \/>\n<meta name=\"author\" content=\"AdminCDE\" \/>\n<meta name=\"twitter:card\" content=\"summary_large_image\" \/>\n<meta name=\"twitter:creator\" content=\"@cdeualmeria\" \/>\n<meta name=\"twitter:site\" content=\"@cdeualmeria\" \/>\n<meta name=\"twitter:label1\" content=\"Written by\" \/>\n\t<meta name=\"twitter:data1\" content=\"AdminCDE\" \/>\n\t<meta name=\"twitter:label2\" content=\"Est. reading time\" \/>\n\t<meta name=\"twitter:data2\" content=\"1 minute\" \/>\n<script type=\"application\/ld+json\" class=\"yoast-schema-graph\">{\"@context\":\"https:\\\/\\\/schema.org\",\"@graph\":[{\"@type\":\"Article\",\"@id\":\"https:\\\/\\\/www.cde.ual.es\\\/eurobarometro-el-80-de-los-europeos-considera-que-la-calidad-de-vida-en-su-region-es-buena\\\/#article\",\"isPartOf\":{\"@id\":\"https:\\\/\\\/www.cde.ual.es\\\/eurobarometro-el-80-de-los-europeos-considera-que-la-calidad-de-vida-en-su-region-es-buena\\\/\"},\"author\":{\"name\":\"AdminCDE\",\"@id\":\"https:\\\/\\\/www.cde.ual.es\\\/#\\\/schema\\\/person\\\/224ef08c8bcc005f319d2713ce37ee5f\"},\"headline\":\"Eurobar\u00f3metro: el 80% de los europeos considera que la calidad de vida en su regi\u00f3n es buena\",\"datePublished\":\"2018-11-14T07:05:41+00:00\",\"dateModified\":\"2018-11-14T08:03:25+00:00\",\"mainEntityOfPage\":{\"@id\":\"https:\\\/\\\/www.cde.ual.es\\\/eurobarometro-el-80-de-los-europeos-considera-que-la-calidad-de-vida-en-su-region-es-buena\\\/\"},\"wordCount\":289,\"commentCount\":0,\"publisher\":{\"@id\":\"https:\\\/\\\/www.cde.ual.es\\\/#organization\"},\"image\":{\"@id\":\"https:\\\/\\\/www.cde.ual.es\\\/eurobarometro-el-80-de-los-europeos-considera-que-la-calidad-de-vida-en-su-region-es-buena\\\/#primaryimage\"},\"thumbnailUrl\":\"https:\\\/\\\/www.cde.ual.es\\\/wp-content\\\/uploads\\\/2018\\\/10\\\/Proyectos-cooperacion-europea.png\",\"keywords\":[\"Estad\u00edsticas\",\"Mercado en la Uni\u00f3n Europea\",\"Uni\u00f3n Europea\"],\"articleSection\":[\"Noticias UE\"],\"inLanguage\":\"en-US\",\"potentialAction\":[{\"@type\":\"CommentAction\",\"name\":\"Comment\",\"target\":[\"https:\\\/\\\/www.cde.ual.es\\\/eurobarometro-el-80-de-los-europeos-considera-que-la-calidad-de-vida-en-su-region-es-buena\\\/#respond\"]}]},{\"@type\":\"WebPage\",\"@id\":\"https:\\\/\\\/www.cde.ual.es\\\/eurobarometro-el-80-de-los-europeos-considera-que-la-calidad-de-vida-en-su-region-es-buena\\\/\",\"url\":\"https:\\\/\\\/www.cde.ual.es\\\/eurobarometro-el-80-de-los-europeos-considera-que-la-calidad-de-vida-en-su-region-es-buena\\\/\",\"name\":\"Eurobar\u00f3metro: el 80% de los europeos considera que la calidad de vida en su regi\u00f3n es buena | CDE Almer\u00eda - Centro de Documentaci\u00f3n Europea - Universidad de Almer\u00eda\",\"isPartOf\":{\"@id\":\"https:\\\/\\\/www.cde.ual.es\\\/#website\"},\"primaryImageOfPage\":{\"@id\":\"https:\\\/\\\/www.cde.ual.es\\\/eurobarometro-el-80-de-los-europeos-considera-que-la-calidad-de-vida-en-su-region-es-buena\\\/#primaryimage\"},\"image\":{\"@id\":\"https:\\\/\\\/www.cde.ual.es\\\/eurobarometro-el-80-de-los-europeos-considera-que-la-calidad-de-vida-en-su-region-es-buena\\\/#primaryimage\"},\"thumbnailUrl\":\"https:\\\/\\\/www.cde.ual.es\\\/wp-content\\\/uploads\\\/2018\\\/10\\\/Proyectos-cooperacion-europea.png\",\"datePublished\":\"2018-11-14T07:05:41+00:00\",\"dateModified\":\"2018-11-14T08:03:25+00:00\",\"breadcrumb\":{\"@id\":\"https:\\\/\\\/www.cde.ual.es\\\/eurobarometro-el-80-de-los-europeos-considera-que-la-calidad-de-vida-en-su-region-es-buena\\\/#breadcrumb\"},\"inLanguage\":\"en-US\",\"potentialAction\":[{\"@type\":\"ReadAction\",\"target\":[\"https:\\\/\\\/www.cde.ual.es\\\/eurobarometro-el-80-de-los-europeos-considera-que-la-calidad-de-vida-en-su-region-es-buena\\\/\"]}]},{\"@type\":\"ImageObject\",\"inLanguage\":\"en-US\",\"@id\":\"https:\\\/\\\/www.cde.ual.es\\\/eurobarometro-el-80-de-los-europeos-considera-que-la-calidad-de-vida-en-su-region-es-buena\\\/#primaryimage\",\"url\":\"https:\\\/\\\/www.cde.ual.es\\\/wp-content\\\/uploads\\\/2018\\\/10\\\/Proyectos-cooperacion-europea.png\",\"contentUrl\":\"https:\\\/\\\/www.cde.ual.es\\\/wp-content\\\/uploads\\\/2018\\\/10\\\/Proyectos-cooperacion-europea.png\",\"width\":1097,\"height\":555},{\"@type\":\"BreadcrumbList\",\"@id\":\"https:\\\/\\\/www.cde.ual.es\\\/eurobarometro-el-80-de-los-europeos-considera-que-la-calidad-de-vida-en-su-region-es-buena\\\/#breadcrumb\",\"itemListElement\":[{\"@type\":\"ListItem\",\"position\":1,\"name\":\"Inicio\",\"item\":\"https:\\\/\\\/www.cde.ual.es\\\/en\\\/\"},{\"@type\":\"ListItem\",\"position\":2,\"name\":\"Noticias UE\",\"item\":\"https:\\\/\\\/www.cde.ual.es\\\/category\\\/noticias-ue\\\/\"},{\"@type\":\"ListItem\",\"position\":3,\"name\":\"Eurobar\u00f3metro: el 80% de los europeos considera que la calidad de vida en su regi\u00f3n es buena\"}]},{\"@type\":\"WebSite\",\"@id\":\"https:\\\/\\\/www.cde.ual.es\\\/#website\",\"url\":\"https:\\\/\\\/www.cde.ual.es\\\/\",\"name\":\"CDE Almer\u00eda - Centro de Documentaci\u00f3n Europea - Universidad de Almer\u00eda\",\"description\":\"Centro de Documentaci\u00f3n Europea de la Universidad de Almer\u00eda\",\"publisher\":{\"@id\":\"https:\\\/\\\/www.cde.ual.es\\\/#organization\"},\"alternateName\":\"CDE Almer\u00eda\",\"potentialAction\":[{\"@type\":\"SearchAction\",\"target\":{\"@type\":\"EntryPoint\",\"urlTemplate\":\"https:\\\/\\\/www.cde.ual.es\\\/?s={search_term_string}\"},\"query-input\":{\"@type\":\"PropertyValueSpecification\",\"valueRequired\":true,\"valueName\":\"search_term_string\"}}],\"inLanguage\":\"en-US\"},{\"@type\":\"Organization\",\"@id\":\"https:\\\/\\\/www.cde.ual.es\\\/#organization\",\"name\":\"Centro de Documentaci\u00f3n Europea de Almer\u00eda\",\"url\":\"https:\\\/\\\/www.cde.ual.es\\\/\",\"logo\":{\"@type\":\"ImageObject\",\"inLanguage\":\"en-US\",\"@id\":\"https:\\\/\\\/www.cde.ual.es\\\/#\\\/schema\\\/logo\\\/image\\\/\",\"url\":\"https:\\\/\\\/www.cde.ual.es\\\/wp-content\\\/uploads\\\/2025\\\/07\\\/cde-logo-3.png\",\"contentUrl\":\"https:\\\/\\\/www.cde.ual.es\\\/wp-content\\\/uploads\\\/2025\\\/07\\\/cde-logo-3.png\",\"width\":1400,\"height\":300,\"caption\":\"Centro de Documentaci\u00f3n Europea de Almer\u00eda\"},\"image\":{\"@id\":\"https:\\\/\\\/www.cde.ual.es\\\/#\\\/schema\\\/logo\\\/image\\\/\"},\"sameAs\":[\"https:\\\/\\\/www.facebook.com\\\/cdeuniversidadalmeria\\\/\",\"https:\\\/\\\/x.com\\\/cdeualmeria\",\"https:\\\/\\\/www.tiktok.com\\\/@cdealmeria\",\"https:\\\/\\\/www.instagram.com\\\/cdealmeria\\\/\",\"https:\\\/\\\/www.linkedin.com\\\/in\\\/cde-almera-812b26a9\\\/\"]},{\"@type\":\"Person\",\"@id\":\"https:\\\/\\\/www.cde.ual.es\\\/#\\\/schema\\\/person\\\/224ef08c8bcc005f319d2713ce37ee5f\",\"name\":\"AdminCDE\",\"image\":{\"@type\":\"ImageObject\",\"inLanguage\":\"en-US\",\"@id\":\"https:\\\/\\\/secure.gravatar.com\\\/avatar\\\/a72d038d371f995cd13706fac32274b7952a52e8fb0a84b5f80c85426f2a98a8?s=96&d=mm&r=g\",\"url\":\"https:\\\/\\\/secure.gravatar.com\\\/avatar\\\/a72d038d371f995cd13706fac32274b7952a52e8fb0a84b5f80c85426f2a98a8?s=96&d=mm&r=g\",\"contentUrl\":\"https:\\\/\\\/secure.gravatar.com\\\/avatar\\\/a72d038d371f995cd13706fac32274b7952a52e8fb0a84b5f80c85426f2a98a8?s=96&d=mm&r=g\",\"caption\":\"AdminCDE\"}}]}<\/script>\n<!-- \/ Yoast SEO plugin. -->","yoast_head_json":{"title":"Eurobar\u00f3metro: el 80% de los europeos considera que la calidad de vida en su regi\u00f3n es buena | CDE Almer\u00eda - Centro de Documentaci\u00f3n Europea - Universidad de Almer\u00eda","robots":{"index":"index","follow":"follow","max-snippet":"max-snippet:-1","max-image-preview":"max-image-preview:large","max-video-preview":"max-video-preview:-1"},"canonical":"https:\/\/www.cde.ual.es\/eurobarometro-el-80-de-los-europeos-considera-que-la-calidad-de-vida-en-su-region-es-buena\/","og_locale":"en_US","og_type":"article","og_title":"Eurobar\u00f3metro: el 80% de los europeos considera que la calidad de vida en su regi\u00f3n es buena | CDE Almer\u00eda - Centro de Documentaci\u00f3n Europea - Universidad de Almer\u00eda","og_description":"La pasada semana se hicieron p\u00fablicos los primeros resultados de un Eurobar\u00f3metro sobre \u201cla opini\u00f3n p\u00fablica en las regiones de la Uni\u00f3n Europea\u201d, basados en 62.000 encuestas realizadas en 204 regiones de los 28 Estados miembros. Cinco cuestiones a nivel regional fueron abordadas en la encuesta del\u00a0Eurobar\u00f3metro 472, a saber,confianza en la UE y en [&hellip;]","og_url":"https:\/\/www.cde.ual.es\/eurobarometro-el-80-de-los-europeos-considera-que-la-calidad-de-vida-en-su-region-es-buena\/","og_site_name":"CDE Almer\u00eda - Centro de Documentaci\u00f3n Europea - Universidad de Almer\u00eda","article_publisher":"https:\/\/www.facebook.com\/cdeuniversidadalmeria\/","article_published_time":"2018-11-14T07:05:41+00:00","article_modified_time":"2018-11-14T08:03:25+00:00","og_image":[{"width":1097,"height":555,"url":"https:\/\/www.cde.ual.es\/wp-content\/uploads\/2018\/10\/Proyectos-cooperacion-europea.png","type":"image\/png"}],"author":"AdminCDE","twitter_card":"summary_large_image","twitter_creator":"@cdeualmeria","twitter_site":"@cdeualmeria","twitter_misc":{"Written by":"AdminCDE","Est. reading time":"1 minute"},"schema":{"@context":"https:\/\/schema.org","@graph":[{"@type":"Article","@id":"https:\/\/www.cde.ual.es\/eurobarometro-el-80-de-los-europeos-considera-que-la-calidad-de-vida-en-su-region-es-buena\/#article","isPartOf":{"@id":"https:\/\/www.cde.ual.es\/eurobarometro-el-80-de-los-europeos-considera-que-la-calidad-de-vida-en-su-region-es-buena\/"},"author":{"name":"AdminCDE","@id":"https:\/\/www.cde.ual.es\/#\/schema\/person\/224ef08c8bcc005f319d2713ce37ee5f"},"headline":"Eurobar\u00f3metro: el 80% de los europeos considera que la calidad de vida en su regi\u00f3n es buena","datePublished":"2018-11-14T07:05:41+00:00","dateModified":"2018-11-14T08:03:25+00:00","mainEntityOfPage":{"@id":"https:\/\/www.cde.ual.es\/eurobarometro-el-80-de-los-europeos-considera-que-la-calidad-de-vida-en-su-region-es-buena\/"},"wordCount":289,"commentCount":0,"publisher":{"@id":"https:\/\/www.cde.ual.es\/#organization"},"image":{"@id":"https:\/\/www.cde.ual.es\/eurobarometro-el-80-de-los-europeos-considera-que-la-calidad-de-vida-en-su-region-es-buena\/#primaryimage"},"thumbnailUrl":"https:\/\/www.cde.ual.es\/wp-content\/uploads\/2018\/10\/Proyectos-cooperacion-europea.png","keywords":["Estad\u00edsticas","Mercado en la Uni\u00f3n Europea","Uni\u00f3n Europea"],"articleSection":["Noticias UE"],"inLanguage":"en-US","potentialAction":[{"@type":"CommentAction","name":"Comment","target":["https:\/\/www.cde.ual.es\/eurobarometro-el-80-de-los-europeos-considera-que-la-calidad-de-vida-en-su-region-es-buena\/#respond"]}]},{"@type":"WebPage","@id":"https:\/\/www.cde.ual.es\/eurobarometro-el-80-de-los-europeos-considera-que-la-calidad-de-vida-en-su-region-es-buena\/","url":"https:\/\/www.cde.ual.es\/eurobarometro-el-80-de-los-europeos-considera-que-la-calidad-de-vida-en-su-region-es-buena\/","name":"Eurobar\u00f3metro: el 80% de los europeos considera que la calidad de vida en su regi\u00f3n es buena | CDE Almer\u00eda - Centro de Documentaci\u00f3n Europea - Universidad de Almer\u00eda","isPartOf":{"@id":"https:\/\/www.cde.ual.es\/#website"},"primaryImageOfPage":{"@id":"https:\/\/www.cde.ual.es\/eurobarometro-el-80-de-los-europeos-considera-que-la-calidad-de-vida-en-su-region-es-buena\/#primaryimage"},"image":{"@id":"https:\/\/www.cde.ual.es\/eurobarometro-el-80-de-los-europeos-considera-que-la-calidad-de-vida-en-su-region-es-buena\/#primaryimage"},"thumbnailUrl":"https:\/\/www.cde.ual.es\/wp-content\/uploads\/2018\/10\/Proyectos-cooperacion-europea.png","datePublished":"2018-11-14T07:05:41+00:00","dateModified":"2018-11-14T08:03:25+00:00","breadcrumb":{"@id":"https:\/\/www.cde.ual.es\/eurobarometro-el-80-de-los-europeos-considera-que-la-calidad-de-vida-en-su-region-es-buena\/#breadcrumb"},"inLanguage":"en-US","potentialAction":[{"@type":"ReadAction","target":["https:\/\/www.cde.ual.es\/eurobarometro-el-80-de-los-europeos-considera-que-la-calidad-de-vida-en-su-region-es-buena\/"]}]},{"@type":"ImageObject","inLanguage":"en-US","@id":"https:\/\/www.cde.ual.es\/eurobarometro-el-80-de-los-europeos-considera-que-la-calidad-de-vida-en-su-region-es-buena\/#primaryimage","url":"https:\/\/www.cde.ual.es\/wp-content\/uploads\/2018\/10\/Proyectos-cooperacion-europea.png","contentUrl":"https:\/\/www.cde.ual.es\/wp-content\/uploads\/2018\/10\/Proyectos-cooperacion-europea.png","width":1097,"height":555},{"@type":"BreadcrumbList","@id":"https:\/\/www.cde.ual.es\/eurobarometro-el-80-de-los-europeos-considera-que-la-calidad-de-vida-en-su-region-es-buena\/#breadcrumb","itemListElement":[{"@type":"ListItem","position":1,"name":"Inicio","item":"https:\/\/www.cde.ual.es\/en\/"},{"@type":"ListItem","position":2,"name":"Noticias UE","item":"https:\/\/www.cde.ual.es\/category\/noticias-ue\/"},{"@type":"ListItem","position":3,"name":"Eurobar\u00f3metro: el 80% de los europeos considera que la calidad de vida en su regi\u00f3n es buena"}]},{"@type":"WebSite","@id":"https:\/\/www.cde.ual.es\/#website","url":"https:\/\/www.cde.ual.es\/","name":"CDE Almer\u00eda - Centro de Documentaci\u00f3n Europea - Universidad de Almer\u00eda","description":"Centro de Documentaci\u00f3n Europea de la Universidad de Almer\u00eda","publisher":{"@id":"https:\/\/www.cde.ual.es\/#organization"},"alternateName":"CDE Almer\u00eda","potentialAction":[{"@type":"SearchAction","target":{"@type":"EntryPoint","urlTemplate":"https:\/\/www.cde.ual.es\/?s={search_term_string}"},"query-input":{"@type":"PropertyValueSpecification","valueRequired":true,"valueName":"search_term_string"}}],"inLanguage":"en-US"},{"@type":"Organization","@id":"https:\/\/www.cde.ual.es\/#organization","name":"Centro de Documentaci\u00f3n Europea de Almer\u00eda","url":"https:\/\/www.cde.ual.es\/","logo":{"@type":"ImageObject","inLanguage":"en-US","@id":"https:\/\/www.cde.ual.es\/#\/schema\/logo\/image\/","url":"https:\/\/www.cde.ual.es\/wp-content\/uploads\/2025\/07\/cde-logo-3.png","contentUrl":"https:\/\/www.cde.ual.es\/wp-content\/uploads\/2025\/07\/cde-logo-3.png","width":1400,"height":300,"caption":"Centro de Documentaci\u00f3n Europea de Almer\u00eda"},"image":{"@id":"https:\/\/www.cde.ual.es\/#\/schema\/logo\/image\/"},"sameAs":["https:\/\/www.facebook.com\/cdeuniversidadalmeria\/","https:\/\/x.com\/cdeualmeria","https:\/\/www.tiktok.com\/@cdealmeria","https:\/\/www.instagram.com\/cdealmeria\/","https:\/\/www.linkedin.com\/in\/cde-almera-812b26a9\/"]},{"@type":"Person","@id":"https:\/\/www.cde.ual.es\/#\/schema\/person\/224ef08c8bcc005f319d2713ce37ee5f","name":"AdminCDE","image":{"@type":"ImageObject","inLanguage":"en-US","@id":"https:\/\/secure.gravatar.com\/avatar\/a72d038d371f995cd13706fac32274b7952a52e8fb0a84b5f80c85426f2a98a8?s=96&d=mm&r=g","url":"https:\/\/secure.gravatar.com\/avatar\/a72d038d371f995cd13706fac32274b7952a52e8fb0a84b5f80c85426f2a98a8?s=96&d=mm&r=g","contentUrl":"https:\/\/secure.gravatar.com\/avatar\/a72d038d371f995cd13706fac32274b7952a52e8fb0a84b5f80c85426f2a98a8?s=96&d=mm&r=g","caption":"AdminCDE"}}]}},"_links":{"self":[{"href":"https:\/\/www.cde.ual.es\/en\/wp-json\/wp\/v2\/posts\/9794","targetHints":{"allow":["GET"]}}],"collection":[{"href":"https:\/\/www.cde.ual.es\/en\/wp-json\/wp\/v2\/posts"}],"about":[{"href":"https:\/\/www.cde.ual.es\/en\/wp-json\/wp\/v2\/types\/post"}],"author":[{"embeddable":true,"href":"https:\/\/www.cde.ual.es\/en\/wp-json\/wp\/v2\/users\/1"}],"replies":[{"embeddable":true,"href":"https:\/\/www.cde.ual.es\/en\/wp-json\/wp\/v2\/comments?post=9794"}],"version-history":[{"count":0,"href":"https:\/\/www.cde.ual.es\/en\/wp-json\/wp\/v2\/posts\/9794\/revisions"}],"wp:featuredmedia":[{"embeddable":true,"href":"https:\/\/www.cde.ual.es\/en\/wp-json\/wp\/v2\/media\/9267"}],"wp:attachment":[{"href":"https:\/\/www.cde.ual.es\/en\/wp-json\/wp\/v2\/media?parent=9794"}],"wp:term":[{"taxonomy":"category","embeddable":true,"href":"https:\/\/www.cde.ual.es\/en\/wp-json\/wp\/v2\/categories?post=9794"},{"taxonomy":"post_tag","embeddable":true,"href":"https:\/\/www.cde.ual.es\/en\/wp-json\/wp\/v2\/tags?post=9794"}],"curies":[{"name":"wp","href":"https:\/\/api.w.org\/{rel}","templated":true}]}}