{"id":97723,"date":"2022-02-27T03:00:20","date_gmt":"2022-02-27T02:00:20","guid":{"rendered":"https:\/\/www.cde.ual.es\/?p=97723"},"modified":"2022-02-28T13:07:33","modified_gmt":"2022-02-28T12:07:33","slug":"videoconferencia-informal-de-ministros-de-asuntos-exteriores-declaraciones-del-alto-representante-vicepresidente-josep-borrell","status":"publish","type":"post","link":"https:\/\/www.cde.ual.es\/en\/videoconferencia-informal-de-ministros-de-asuntos-exteriores-declaraciones-del-alto-representante-vicepresidente-josep-borrell\/","title":{"rendered":"Videoconferencia informal de Ministros de Asuntos Exteriores: Declaraciones del Alto Representante\/Vicepresidente Josep Borrell"},"content":{"rendered":"<p><strong>S\u00f3lo es aut\u00e9ntico el\u00a0texto pronunciado.\u00a0<\/strong><\/p>\n<p>Gracias a todos por asistir a esta conferencia de prensa tras la cuarta reuni\u00f3n de los Ministros de Asuntos Exteriores [de la UE] en una semana.<\/p>\n<p>Todo el mundo percibe que estamos en tiempos sin precedentes, que estamos viviendo un momento hist\u00f3rico. Y s\u00e9 que a menudo se abusa de la palabra &#8220;hist\u00f3rico&#8221;, pero \u00e9ste es ciertamente un momento hist\u00f3rico. Por dos razones.<\/p>\n<p>En primer lugar, porque es la primera vez desde el final de la Segunda Guerra Mundial que una potencia militar invade otro Estado soberano violando las normas internacionales. Y, en segundo lugar, porque los europeos han reaccionado de una manera que ha sorprendido a mucha gente -para empezar a los propios rusos- y se suele decir que los avances m\u00e1s importantes en la construcci\u00f3n europea se hacen a trav\u00e9s de la crisis, durante la crisis o debido a la crisis, y creo que quiz\u00e1 estemos en uno de esos momentos, en los que una crisis nos permite avanzar, [avanzar]. Y ha ca\u00eddo otro tab\u00fa estos d\u00edas, el tab\u00fa de que la Uni\u00f3n Europea no puede utilizar sus recursos para proporcionar armas a un pa\u00eds que est\u00e1 siendo agredido por otro.<\/p>\n<p>S\u00ed, son tiempos in\u00e9ditos. Porque la guerra ha vuelto a nuestras fronteras. Por eso es un momento decisivo para la historia europea, se ha pasado una p\u00e1gina de la historia y hemos estado trabajando sin descanso durante estos d\u00edas. Y me enorgullece ver que la Uni\u00f3n Europea ha sido capaz de mostrar su capacidad de entrega, de ayudar a sus vecinos con la idea de urgencia. Esto es bueno, ser capaz de cumplir con la idea de urgencia cuando uno de nuestros vecinos y socios est\u00e1 siendo invadido por Rusia.<\/p>\n<p>Durante el fin de semana, hemos estado trabajando muy duro y queremos tomar algunas decisiones que deber\u00edan estar en marcha, acordadas y [con] un Acta Legal que las aplique antes de ma\u00f1ana, cuando los Bancos Centrales vuelvan a trabajar.<\/p>\n<p>Esta ha sido una reuni\u00f3n informal, ya saben que no se toman decisiones espec\u00edficas ni acciones concretas. Proporciona acuerdos pol\u00edticos que se convertir\u00e1n en instrumentos jur\u00eddicos y decisiones precisas y concretas por procedimiento escrito en las pr\u00f3ximas horas.<\/p>\n<p>Pero el Consejo [de Asuntos Exteriores] ha dado su valoraci\u00f3n, su apoyo, su acuerdo pol\u00edtico para un paquete de apoyo a las fuerzas armadas ucranianas. Para las nuevas sanciones, para los compromisos diplom\u00e1ticos con el fin de aislar a Rusia, para las medidas de apoyo a Ucrania y a la regi\u00f3n, y las medidas para contrarrestar la desinformaci\u00f3n.<\/p>\n<p>Como hay una guerra en toda regla en Ucrania, y queremos hacer todo lo posible para apoyar a Ucrania, hemos decidido utilizar nuestras capacidades para proporcionar armas, armas letales, asistencia letal al ej\u00e9rcito ucraniano por un valor de 450 millones de euros de paquete de apoyo y 50 millones de euros m\u00e1s para los suministros no letales &#8211; [como] combustible y equipo de protecci\u00f3n.<\/p>\n<p>Todo ello estar\u00e1 cubierto por nuestro Fondo Europeo para la Paz y el fondo intergubernamental. Es la primera vez en la historia que lo haremos. Todo el mundo estuvo de acuerdo -o al menos no puso obst\u00e1culos- a esta decisi\u00f3n.<\/p>\n<p>Tambi\u00e9n quiero dar las gracias a Polonia, que se ha ofrecido a servir de centro log\u00edstico para el traslado de esta ayuda material a Ucrania. Porque ahora hemos aprobado la financiaci\u00f3n. Ma\u00f1ana, los Ministros de Defensa se reunir\u00e1n para coordinar c\u00f3mo convertimos esta financiaci\u00f3n en material y c\u00f3mo se transporta este material al frente, a las fuerzas armadas ucranianas que luchan contra la invasi\u00f3n rusa. Gracias a Polonia por servir de eje. Tambi\u00e9n trabajaremos para mejorar la ciberdefensa de Ucrania.<\/p>\n<p>En cuanto a las sanciones, hemos acordado aumentar [el n\u00famero] de personas y entidades que van a ser objeto de medidas restrictivas. La lista completa la terminar\u00e1 el Coreper y se publicar\u00e1 ma\u00f1ana.<\/p>\n<p>Esto incluye a oligarcas y empresarios rusos, cuya inclusi\u00f3n en la lista tiene un enorme impacto econ\u00f3mico, y a figuras pol\u00edticas que desempe\u00f1an papeles clave en el sistema de Putin en Rusia, tanto los que difunden propaganda como los militares.<\/p>\n<p>Adem\u00e1s, hemos decidido cerrar el espacio a\u00e9reo de la Uni\u00f3n Europea a los aviones rusos. Ni un solo avi\u00f3n ruso podr\u00e1 aterrizar o despegar de los aer\u00f3dromos de la Uni\u00f3n Europea.<\/p>\n<p>De conformidad con los acuerdos que la Presidenta [de la Comisi\u00f3n Europea, Ursula] von der Leyen ya anticip\u00f3 ayer tras trabajar con los miembros del G7, estamos tomando un paquete de medidas que el Consejo ha aprobado -con algunas dudas sobre el alcance- pero con pleno apoyo a estas medidas que realmente est\u00e1n paralizando el mercado financiero ruso. Estamos excluyendo a un cierto n\u00famero de bancos rusos de SWIFT &#8211; saben que esto era algo de lo que hemos estado hablando y ustedes, la prensa, han estado preguntando por ello durante d\u00edas. El otro d\u00eda se debati\u00f3 en el Consejo de la Uni\u00f3n Europea. En ese momento no hubo el consenso necesario, pero inmediatamente despu\u00e9s seguimos trabajando en ello, porque -como dijimos- todo est\u00e1 sobre la mesa. Hemos seguido con ello, trabajando con nuestros socios afines, porque una medida de este tipo tiene que tomarse en coordinaci\u00f3n con otros pa\u00edses -es dif\u00edcil tomar este tipo de medidas en solitario- y hemos llegado a un acuerdo para sacar de SWIFT a un cierto n\u00famero de bancos rusos e imponer medidas restrictivas que paralicen los activos del Banco Central ruso. M\u00e1s de la mitad, o cerca de la mitad, de las reservas financieras del Banco Central de Rusia ser\u00e1n congeladas gracias a esta medida. Porque est\u00e1n depositadas en bancos de los pa\u00edses del G7, y esto representa, m\u00e1s o menos, la mitad de las reservas del gobierno ruso. Esto ser\u00e1 congelado, y esto va a afectar mucho al sistema financiero de Rusia.<\/p>\n<p>Como he dicho, esto se est\u00e1 haciendo en coordinaci\u00f3n con nuestros socios internacionales con el claro mensaje de que los rusos que permitan la invasi\u00f3n de Ucrania tendr\u00e1n que pagar un precio muy alto por esta acci\u00f3n.<\/p>\n<p>Estamos persiguiendo la riqueza de la \u00e9lite de Putin, la gente que le apoya y se beneficia de este r\u00e9gimen. Y, adem\u00e1s de este nuevo paquete de sanciones, estamos avanzando en el trabajo sobre los reg\u00edmenes de sanciones dirigidos espec\u00edficamente a la corrupci\u00f3n, as\u00ed como a la manipulaci\u00f3n e interferencia de informaci\u00f3n extranjera.<\/p>\n<p>La tercera l\u00ednea de trabajo de los ministros [de Asuntos Exteriores] de hoy ha sido la de realizar esfuerzos diplom\u00e1ticos -ya est\u00e1n dando resultados, como han visto en la votaci\u00f3n del Consejo de Seguridad de Naciones Unidas, nadie apoya a Rusia- y trabajar para que la condena internacional y el aislamiento de Rusia sean lo m\u00e1s amplios posibles. Rusia ser\u00e1 aislada por la comunidad internacional.<\/p>\n<p>Uno de los resultados de nuestra labor diplom\u00e1tica colectiva fue la votaci\u00f3n en el Consejo de Seguridad de las Naciones Unidas y ahora lo ser\u00e1 la resoluci\u00f3n de la Asamblea General de las Naciones Unidas, que se espera para el mi\u00e9rcoles.<\/p>\n<p>Estamos llevando a cabo una intensa labor diplom\u00e1tica para aislar a Rusia lo m\u00e1ximo posible en las organizaciones internacionales y regionales.<\/p>\n<p>El Consejo de Europa ya ha suspendido el derecho de voto de Rusia. Las discusiones en el Banco Europeo de Reconstrucci\u00f3n y Desarrollo (BERD) est\u00e1n en marcha. Y el lunes habr\u00e1 un importante debate en el Consejo de Derechos Humanos de las Naciones Unidas en Ginebra. Seguiremos en esa l\u00ednea.<\/p>\n<p>La cuarta es apoyar a las personas afectadas por el conflicto, que necesitar\u00e1n ayuda humanitaria, a las personas que abandonan el pa\u00eds -no podemos llamarlos migrantes, son s\u00f3lo refugiados que buscan asilo, que escapan de la guerra-. Estamos muy preocupados por la dimensi\u00f3n humanitaria de esta tragedia, y tenemos que actuar r\u00e1pidamente para apoyar a estas personas y apoyar a los pa\u00edses que las recibir\u00e1n. Hemos activado nuestro Mecanismo de Protecci\u00f3n Civil de la UE y 18 Estados miembros est\u00e1n canalizando equipos humanitarios cr\u00edticos hacia Ucrania. Personas en Ucrania y personas que salen de Ucrania. Tendremos que enfrentarnos a una situaci\u00f3n dif\u00edcil, pero estamos preparados para ello. Veamos qu\u00e9 ocurre en los pr\u00f3ximos d\u00edas, pero ciertamente el n\u00famero de personas que abandonan Ucrania est\u00e1 aumentando.<\/p>\n<p>\u00daltimo punto que les interesar\u00e1, que trabajan en la industria de la informaci\u00f3n. Tenemos que hacer frente a la desinformaci\u00f3n. Tenemos que contrarrestar la narrativa controlada por el Estado ruso.<\/p>\n<p>Porque la desinformaci\u00f3n se est\u00e1 convirtiendo en algo masivo y ahora est\u00e1 pasando a ser propaganda de guerra en toda regla.<\/p>\n<p>Miren nuestros informes, miren el sitio web del [equipo] de Comunicaciones Estrat\u00e9gicas del Servicio Europeo de Acci\u00f3n Exterior, EUvsDisinfo(link is external), y ver\u00e1n c\u00f3mo los medios de comunicaci\u00f3n rusos describen lo que est\u00e1 sucediendo en Ucrania y c\u00f3mo est\u00e1n describiendo al Presidente [de Ucrania, Volodymyr] Zelenskyy.<\/p>\n<p>Tenemos que estar atentos a la manipulaci\u00f3n evidente, porque Putin no s\u00f3lo quiere conquistar el espacio, sino tambi\u00e9n la mente de la gente. Tenemos que luchar contra ello.<\/p>\n<p>Por ello, vamos a prohibir que Russia Today y Sputnik emitan en la Uni\u00f3n Europea. Porque son los campeones de la manipulaci\u00f3n informativa.<\/p>\n<p>Tambi\u00e9n hemos acordado reforzar nuestro apoyo a los medios de comunicaci\u00f3n independientes de Ucrania y Rusia.<\/p>\n<p>Por \u00faltimo, pero no menos importante, estamos preocupados por lo que pueda ocurrir en toda la regi\u00f3n. Tememos que Rusia no se detenga en Ucrania. La influencia rusa puede empezar a funcionar en los pa\u00edses vecinos, Moldavia y Georgia, y tambi\u00e9n tendr\u00e1 un impacto en los Balcanes Occidentales.<\/p>\n<p>Tenemos que prestar mucha atenci\u00f3n a lo que ocurre all\u00ed. Tengo previsto visitar Moldavia del mismo modo que visit\u00e9 Ucrania en los primeros d\u00edas de este a\u00f1o.<\/p>\n<p>Tenemos que permanecer atentos al impacto de la crisis en los Balcanes Occidentales y observar lo que est\u00e1 ocurriendo, las posiciones, la alineaci\u00f3n con nuestra pol\u00edtica exterior de los pa\u00edses de los Balcanes Occidentales que son candidatos a la Uni\u00f3n Europea.<\/p>\n<p>Para concluir, este es un momento decisivo para que la Uni\u00f3n Europea demuestre su liderazgo estrat\u00e9gico y global de forma unida. Actuar unidos y con rapidez. Tambi\u00e9n es una ocasi\u00f3n para reflexionar sobre lo que es la Uni\u00f3n Europea y lo que queremos que sea la Uni\u00f3n Europea, porque los retos a los que nos vamos a enfrentar como europeos van a aumentar. Tenemos que estar preparados para ello, por nosotros y por las generaciones futuras.<\/p>\n<p>A menudo decimos que la Uni\u00f3n Europea naci\u00f3 tras la Segunda Guerra Mundial, porque quer\u00edamos conseguir paz y prosperidad. Y tenemos paz y prosperidad. La Uni\u00f3n Europea es un proyecto de paz. Queremos seguir luchando por la paz, por nosotros y por la humanidad.<\/p>\n<p>Queremos mantener la paz en Europa, pero tenemos que estar preparados para defender esta paz. Lo que est\u00e1 ocurriendo en Ucrania ser\u00e1 un momento de despertar para la gente que cree que, s\u00f3lo unidos, los europeos podr\u00e1n afrontar los retos del futuro.<\/p>\n<p><strong><a href=\"https:\/\/eeas.europa.eu\/headquarters\/headquarters-homepage\/111758\/informal-videoconference-foreign-affairs-ministers-remarks-high-representativevice-president_en\" target=\"_blank\" rel=\"noopener\">M\u00e1s informaci\u00f3n: Servicio de Acci\u00f3n Exterior de la Uni\u00f3n Europea &#8211; Comunicado de prensa<\/a><\/strong><\/p>\n","protected":false},"excerpt":{"rendered":"<p>S\u00f3lo es aut\u00e9ntico el\u00a0texto pronunciado.\u00a0 Gracias a todos por asistir a esta conferencia de prensa tras la cuarta reuni\u00f3n de los Ministros de Asuntos Exteriores [de la UE] en una semana. Todo el mundo percibe que estamos en tiempos sin precedentes, que estamos viviendo un momento hist\u00f3rico. Y s\u00e9 que a menudo se abusa de [&hellip;]<\/p>\n","protected":false},"author":101012,"featured_media":97463,"comment_status":"open","ping_status":"open","sticky":false,"template":"","format":"standard","meta":{"_acf_changed":false,"_relevanssi_hide_post":"","_relevanssi_hide_content":"","_relevanssi_pin_for_all":"","_relevanssi_pin_keywords":"","_relevanssi_unpin_keywords":"","_relevanssi_related_keywords":"","_relevanssi_related_include_ids":"","_relevanssi_related_exclude_ids":"","_relevanssi_related_no_append":"","_relevanssi_related_not_related":"","_relevanssi_related_posts":"","_relevanssi_noindex_reason":"","_monsterinsights_skip_tracking":false,"_monsterinsights_sitenote_active":false,"_monsterinsights_sitenote_note":"","_monsterinsights_sitenote_category":0,"_genesis_hide_title":false,"_genesis_hide_breadcrumbs":false,"_genesis_hide_singular_image":false,"_genesis_hide_footer_widgets":false,"_genesis_custom_body_class":"","_genesis_custom_post_class":"","_genesis_layout":"","footnotes":""},"categories":[4009,96,4010],"tags":[2457,5275,5259,2855,5006],"class_list":{"0":"post-97723","1":"post","2":"type-post","3":"status-publish","4":"format-standard","5":"has-post-thumbnail","7":"category-defensa-seguridad","8":"category-noticias-ue","9":"category-poldef-segint","10":"tag-borrell-2","11":"tag-eeas-2","12":"tag-josep-borrell","13":"tag-rusia","14":"tag-ucrania","15":"entry"},"acf":[],"yoast_head":"<!-- This site is optimized with the Yoast SEO plugin v27.5 - https:\/\/yoast.com\/product\/yoast-seo-wordpress\/ -->\n<title>Videoconferencia informal de Ministros de Asuntos Exteriores: Declaraciones del Alto Representante\/Vicepresidente Josep Borrell | CDE Almer\u00eda - Centro de Documentaci\u00f3n Europea - Universidad de Almer\u00eda<\/title>\n<meta name=\"robots\" content=\"index, follow, max-snippet:-1, max-image-preview:large, max-video-preview:-1\" \/>\n<link rel=\"canonical\" href=\"https:\/\/www.cde.ual.es\/videoconferencia-informal-de-ministros-de-asuntos-exteriores-declaraciones-del-alto-representante-vicepresidente-josep-borrell\/\" \/>\n<meta property=\"og:locale\" content=\"en_US\" \/>\n<meta property=\"og:type\" content=\"article\" \/>\n<meta property=\"og:title\" content=\"Videoconferencia informal de Ministros de Asuntos Exteriores: Declaraciones del Alto Representante\/Vicepresidente Josep Borrell | CDE Almer\u00eda - Centro de Documentaci\u00f3n Europea - Universidad de Almer\u00eda\" \/>\n<meta property=\"og:description\" content=\"S\u00f3lo es aut\u00e9ntico el\u00a0texto pronunciado.\u00a0 Gracias a todos por asistir a esta conferencia de prensa tras la cuarta reuni\u00f3n de los Ministros de Asuntos Exteriores [de la UE] en una semana. Todo el mundo percibe que estamos en tiempos sin precedentes, que estamos viviendo un momento hist\u00f3rico. Y s\u00e9 que a menudo se abusa de [&hellip;]\" \/>\n<meta property=\"og:url\" content=\"https:\/\/www.cde.ual.es\/videoconferencia-informal-de-ministros-de-asuntos-exteriores-declaraciones-del-alto-representante-vicepresidente-josep-borrell\/\" \/>\n<meta property=\"og:site_name\" content=\"CDE Almer\u00eda - Centro de Documentaci\u00f3n Europea - Universidad de Almer\u00eda\" \/>\n<meta property=\"article:publisher\" content=\"https:\/\/www.facebook.com\/cdeuniversidadalmeria\/\" \/>\n<meta property=\"article:published_time\" content=\"2022-02-27T02:00:20+00:00\" \/>\n<meta property=\"article:modified_time\" content=\"2022-02-28T12:07:33+00:00\" \/>\n<meta property=\"og:image\" content=\"https:\/\/www.cde.ual.es\/wp-content\/uploads\/2022\/02\/451px-Josep_Borrell_Hearing_of_Josep_Borrell_High_Representative_Vice_President-designate_A_stronger_Europe_in_the_World_48859228793_cropped.jpg\" \/>\n\t<meta property=\"og:image:width\" content=\"451\" \/>\n\t<meta property=\"og:image:height\" content=\"600\" \/>\n\t<meta property=\"og:image:type\" content=\"image\/jpeg\" \/>\n<meta name=\"author\" content=\"BECACDE1\" \/>\n<meta name=\"twitter:card\" content=\"summary_large_image\" \/>\n<meta name=\"twitter:creator\" content=\"@cdeualmeria\" \/>\n<meta name=\"twitter:site\" content=\"@cdeualmeria\" \/>\n<meta name=\"twitter:label1\" content=\"Written by\" \/>\n\t<meta name=\"twitter:data1\" content=\"BECACDE1\" \/>\n\t<meta name=\"twitter:label2\" content=\"Est. reading time\" \/>\n\t<meta name=\"twitter:data2\" content=\"9 minutes\" \/>\n<script type=\"application\/ld+json\" class=\"yoast-schema-graph\">{\"@context\":\"https:\\\/\\\/schema.org\",\"@graph\":[{\"@type\":\"Article\",\"@id\":\"https:\\\/\\\/www.cde.ual.es\\\/videoconferencia-informal-de-ministros-de-asuntos-exteriores-declaraciones-del-alto-representante-vicepresidente-josep-borrell\\\/#article\",\"isPartOf\":{\"@id\":\"https:\\\/\\\/www.cde.ual.es\\\/videoconferencia-informal-de-ministros-de-asuntos-exteriores-declaraciones-del-alto-representante-vicepresidente-josep-borrell\\\/\"},\"author\":{\"name\":\"BECACDE1\",\"@id\":\"https:\\\/\\\/www.cde.ual.es\\\/#\\\/schema\\\/person\\\/bf2f837cf3353e2161fe1087adbd728f\"},\"headline\":\"Videoconferencia informal de Ministros de Asuntos Exteriores: Declaraciones del Alto Representante\\\/Vicepresidente Josep Borrell\",\"datePublished\":\"2022-02-27T02:00:20+00:00\",\"dateModified\":\"2022-02-28T12:07:33+00:00\",\"mainEntityOfPage\":{\"@id\":\"https:\\\/\\\/www.cde.ual.es\\\/videoconferencia-informal-de-ministros-de-asuntos-exteriores-declaraciones-del-alto-representante-vicepresidente-josep-borrell\\\/\"},\"wordCount\":1977,\"commentCount\":0,\"publisher\":{\"@id\":\"https:\\\/\\\/www.cde.ual.es\\\/#organization\"},\"image\":{\"@id\":\"https:\\\/\\\/www.cde.ual.es\\\/videoconferencia-informal-de-ministros-de-asuntos-exteriores-declaraciones-del-alto-representante-vicepresidente-josep-borrell\\\/#primaryimage\"},\"thumbnailUrl\":\"https:\\\/\\\/www.cde.ual.es\\\/wp-content\\\/uploads\\\/2022\\\/02\\\/451px-Josep_Borrell_Hearing_of_Josep_Borrell_High_Representative_Vice_President-designate_A_stronger_Europe_in_the_World_48859228793_cropped.jpg\",\"keywords\":[\"Borrell\",\"EEAS\",\"Josep Borrell\",\"rusia\",\"Ucrania\"],\"articleSection\":[\"Defensa y Seguridad\",\"Noticias UE\",\"Pol\u00edtica de Defensa y Seg. Internac.\"],\"inLanguage\":\"en-US\",\"potentialAction\":[{\"@type\":\"CommentAction\",\"name\":\"Comment\",\"target\":[\"https:\\\/\\\/www.cde.ual.es\\\/videoconferencia-informal-de-ministros-de-asuntos-exteriores-declaraciones-del-alto-representante-vicepresidente-josep-borrell\\\/#respond\"]}]},{\"@type\":\"WebPage\",\"@id\":\"https:\\\/\\\/www.cde.ual.es\\\/videoconferencia-informal-de-ministros-de-asuntos-exteriores-declaraciones-del-alto-representante-vicepresidente-josep-borrell\\\/\",\"url\":\"https:\\\/\\\/www.cde.ual.es\\\/videoconferencia-informal-de-ministros-de-asuntos-exteriores-declaraciones-del-alto-representante-vicepresidente-josep-borrell\\\/\",\"name\":\"Videoconferencia informal de Ministros de Asuntos Exteriores: Declaraciones del Alto Representante\\\/Vicepresidente Josep Borrell | CDE Almer\u00eda - Centro de Documentaci\u00f3n Europea - Universidad de Almer\u00eda\",\"isPartOf\":{\"@id\":\"https:\\\/\\\/www.cde.ual.es\\\/#website\"},\"primaryImageOfPage\":{\"@id\":\"https:\\\/\\\/www.cde.ual.es\\\/videoconferencia-informal-de-ministros-de-asuntos-exteriores-declaraciones-del-alto-representante-vicepresidente-josep-borrell\\\/#primaryimage\"},\"image\":{\"@id\":\"https:\\\/\\\/www.cde.ual.es\\\/videoconferencia-informal-de-ministros-de-asuntos-exteriores-declaraciones-del-alto-representante-vicepresidente-josep-borrell\\\/#primaryimage\"},\"thumbnailUrl\":\"https:\\\/\\\/www.cde.ual.es\\\/wp-content\\\/uploads\\\/2022\\\/02\\\/451px-Josep_Borrell_Hearing_of_Josep_Borrell_High_Representative_Vice_President-designate_A_stronger_Europe_in_the_World_48859228793_cropped.jpg\",\"datePublished\":\"2022-02-27T02:00:20+00:00\",\"dateModified\":\"2022-02-28T12:07:33+00:00\",\"breadcrumb\":{\"@id\":\"https:\\\/\\\/www.cde.ual.es\\\/videoconferencia-informal-de-ministros-de-asuntos-exteriores-declaraciones-del-alto-representante-vicepresidente-josep-borrell\\\/#breadcrumb\"},\"inLanguage\":\"en-US\",\"potentialAction\":[{\"@type\":\"ReadAction\",\"target\":[\"https:\\\/\\\/www.cde.ual.es\\\/videoconferencia-informal-de-ministros-de-asuntos-exteriores-declaraciones-del-alto-representante-vicepresidente-josep-borrell\\\/\"]}]},{\"@type\":\"ImageObject\",\"inLanguage\":\"en-US\",\"@id\":\"https:\\\/\\\/www.cde.ual.es\\\/videoconferencia-informal-de-ministros-de-asuntos-exteriores-declaraciones-del-alto-representante-vicepresidente-josep-borrell\\\/#primaryimage\",\"url\":\"https:\\\/\\\/www.cde.ual.es\\\/wp-content\\\/uploads\\\/2022\\\/02\\\/451px-Josep_Borrell_Hearing_of_Josep_Borrell_High_Representative_Vice_President-designate_A_stronger_Europe_in_the_World_48859228793_cropped.jpg\",\"contentUrl\":\"https:\\\/\\\/www.cde.ual.es\\\/wp-content\\\/uploads\\\/2022\\\/02\\\/451px-Josep_Borrell_Hearing_of_Josep_Borrell_High_Representative_Vice_President-designate_A_stronger_Europe_in_the_World_48859228793_cropped.jpg\",\"width\":451,\"height\":600},{\"@type\":\"BreadcrumbList\",\"@id\":\"https:\\\/\\\/www.cde.ual.es\\\/videoconferencia-informal-de-ministros-de-asuntos-exteriores-declaraciones-del-alto-representante-vicepresidente-josep-borrell\\\/#breadcrumb\",\"itemListElement\":[{\"@type\":\"ListItem\",\"position\":1,\"name\":\"Inicio\",\"item\":\"https:\\\/\\\/www.cde.ual.es\\\/en\\\/\"},{\"@type\":\"ListItem\",\"position\":2,\"name\":\"Noticias UE\",\"item\":\"https:\\\/\\\/www.cde.ual.es\\\/category\\\/noticias-ue\\\/\"},{\"@type\":\"ListItem\",\"position\":3,\"name\":\"Defensa y Seguridad\",\"item\":\"https:\\\/\\\/www.cde.ual.es\\\/category\\\/noticias-ue\\\/defensa-seguridad\\\/\"},{\"@type\":\"ListItem\",\"position\":4,\"name\":\"Pol\u00edtica de Defensa y Seg. Internac.\",\"item\":\"https:\\\/\\\/www.cde.ual.es\\\/category\\\/noticias-ue\\\/defensa-seguridad\\\/poldef-segint\\\/\"},{\"@type\":\"ListItem\",\"position\":5,\"name\":\"Videoconferencia informal de Ministros de Asuntos Exteriores: Declaraciones del Alto Representante\\\/Vicepresidente Josep Borrell\"}]},{\"@type\":\"WebSite\",\"@id\":\"https:\\\/\\\/www.cde.ual.es\\\/#website\",\"url\":\"https:\\\/\\\/www.cde.ual.es\\\/\",\"name\":\"CDE Almer\u00eda - Centro de Documentaci\u00f3n Europea - Universidad de Almer\u00eda\",\"description\":\"Centro de Documentaci\u00f3n Europea de la Universidad de Almer\u00eda\",\"publisher\":{\"@id\":\"https:\\\/\\\/www.cde.ual.es\\\/#organization\"},\"alternateName\":\"CDE Almer\u00eda\",\"potentialAction\":[{\"@type\":\"SearchAction\",\"target\":{\"@type\":\"EntryPoint\",\"urlTemplate\":\"https:\\\/\\\/www.cde.ual.es\\\/?s={search_term_string}\"},\"query-input\":{\"@type\":\"PropertyValueSpecification\",\"valueRequired\":true,\"valueName\":\"search_term_string\"}}],\"inLanguage\":\"en-US\"},{\"@type\":\"Organization\",\"@id\":\"https:\\\/\\\/www.cde.ual.es\\\/#organization\",\"name\":\"Centro de Documentaci\u00f3n Europea de Almer\u00eda\",\"url\":\"https:\\\/\\\/www.cde.ual.es\\\/\",\"logo\":{\"@type\":\"ImageObject\",\"inLanguage\":\"en-US\",\"@id\":\"https:\\\/\\\/www.cde.ual.es\\\/#\\\/schema\\\/logo\\\/image\\\/\",\"url\":\"https:\\\/\\\/www.cde.ual.es\\\/wp-content\\\/uploads\\\/2025\\\/07\\\/cde-logo-3.png\",\"contentUrl\":\"https:\\\/\\\/www.cde.ual.es\\\/wp-content\\\/uploads\\\/2025\\\/07\\\/cde-logo-3.png\",\"width\":1400,\"height\":300,\"caption\":\"Centro de Documentaci\u00f3n Europea de Almer\u00eda\"},\"image\":{\"@id\":\"https:\\\/\\\/www.cde.ual.es\\\/#\\\/schema\\\/logo\\\/image\\\/\"},\"sameAs\":[\"https:\\\/\\\/www.facebook.com\\\/cdeuniversidadalmeria\\\/\",\"https:\\\/\\\/x.com\\\/cdeualmeria\",\"https:\\\/\\\/www.tiktok.com\\\/@cdealmeria\",\"https:\\\/\\\/www.instagram.com\\\/cdealmeria\\\/\",\"https:\\\/\\\/www.linkedin.com\\\/in\\\/cde-almera-812b26a9\\\/\"]},{\"@type\":\"Person\",\"@id\":\"https:\\\/\\\/www.cde.ual.es\\\/#\\\/schema\\\/person\\\/bf2f837cf3353e2161fe1087adbd728f\",\"name\":\"BECACDE1\",\"image\":{\"@type\":\"ImageObject\",\"inLanguage\":\"en-US\",\"@id\":\"https:\\\/\\\/secure.gravatar.com\\\/avatar\\\/16a4c1e422b5dec818ee13eab3353b19db9cfd278cc10f9b0e1188a37671d9d4?s=96&d=mm&r=g\",\"url\":\"https:\\\/\\\/secure.gravatar.com\\\/avatar\\\/16a4c1e422b5dec818ee13eab3353b19db9cfd278cc10f9b0e1188a37671d9d4?s=96&d=mm&r=g\",\"contentUrl\":\"https:\\\/\\\/secure.gravatar.com\\\/avatar\\\/16a4c1e422b5dec818ee13eab3353b19db9cfd278cc10f9b0e1188a37671d9d4?s=96&d=mm&r=g\",\"caption\":\"BECACDE1\"},\"sameAs\":[\"http:\\\/\\\/www.cdealmeria.com\"]}]}<\/script>\n<!-- \/ Yoast SEO plugin. -->","yoast_head_json":{"title":"Videoconferencia informal de Ministros de Asuntos Exteriores: Declaraciones del Alto Representante\/Vicepresidente Josep Borrell | CDE Almer\u00eda - Centro de Documentaci\u00f3n Europea - Universidad de Almer\u00eda","robots":{"index":"index","follow":"follow","max-snippet":"max-snippet:-1","max-image-preview":"max-image-preview:large","max-video-preview":"max-video-preview:-1"},"canonical":"https:\/\/www.cde.ual.es\/videoconferencia-informal-de-ministros-de-asuntos-exteriores-declaraciones-del-alto-representante-vicepresidente-josep-borrell\/","og_locale":"en_US","og_type":"article","og_title":"Videoconferencia informal de Ministros de Asuntos Exteriores: Declaraciones del Alto Representante\/Vicepresidente Josep Borrell | CDE Almer\u00eda - Centro de Documentaci\u00f3n Europea - Universidad de Almer\u00eda","og_description":"S\u00f3lo es aut\u00e9ntico el\u00a0texto pronunciado.\u00a0 Gracias a todos por asistir a esta conferencia de prensa tras la cuarta reuni\u00f3n de los Ministros de Asuntos Exteriores [de la UE] en una semana. Todo el mundo percibe que estamos en tiempos sin precedentes, que estamos viviendo un momento hist\u00f3rico. Y s\u00e9 que a menudo se abusa de [&hellip;]","og_url":"https:\/\/www.cde.ual.es\/videoconferencia-informal-de-ministros-de-asuntos-exteriores-declaraciones-del-alto-representante-vicepresidente-josep-borrell\/","og_site_name":"CDE Almer\u00eda - Centro de Documentaci\u00f3n Europea - Universidad de Almer\u00eda","article_publisher":"https:\/\/www.facebook.com\/cdeuniversidadalmeria\/","article_published_time":"2022-02-27T02:00:20+00:00","article_modified_time":"2022-02-28T12:07:33+00:00","og_image":[{"width":451,"height":600,"url":"https:\/\/www.cde.ual.es\/wp-content\/uploads\/2022\/02\/451px-Josep_Borrell_Hearing_of_Josep_Borrell_High_Representative_Vice_President-designate_A_stronger_Europe_in_the_World_48859228793_cropped.jpg","type":"image\/jpeg"}],"author":"BECACDE1","twitter_card":"summary_large_image","twitter_creator":"@cdeualmeria","twitter_site":"@cdeualmeria","twitter_misc":{"Written by":"BECACDE1","Est. reading time":"9 minutes"},"schema":{"@context":"https:\/\/schema.org","@graph":[{"@type":"Article","@id":"https:\/\/www.cde.ual.es\/videoconferencia-informal-de-ministros-de-asuntos-exteriores-declaraciones-del-alto-representante-vicepresidente-josep-borrell\/#article","isPartOf":{"@id":"https:\/\/www.cde.ual.es\/videoconferencia-informal-de-ministros-de-asuntos-exteriores-declaraciones-del-alto-representante-vicepresidente-josep-borrell\/"},"author":{"name":"BECACDE1","@id":"https:\/\/www.cde.ual.es\/#\/schema\/person\/bf2f837cf3353e2161fe1087adbd728f"},"headline":"Videoconferencia informal de Ministros de Asuntos Exteriores: Declaraciones del Alto Representante\/Vicepresidente Josep Borrell","datePublished":"2022-02-27T02:00:20+00:00","dateModified":"2022-02-28T12:07:33+00:00","mainEntityOfPage":{"@id":"https:\/\/www.cde.ual.es\/videoconferencia-informal-de-ministros-de-asuntos-exteriores-declaraciones-del-alto-representante-vicepresidente-josep-borrell\/"},"wordCount":1977,"commentCount":0,"publisher":{"@id":"https:\/\/www.cde.ual.es\/#organization"},"image":{"@id":"https:\/\/www.cde.ual.es\/videoconferencia-informal-de-ministros-de-asuntos-exteriores-declaraciones-del-alto-representante-vicepresidente-josep-borrell\/#primaryimage"},"thumbnailUrl":"https:\/\/www.cde.ual.es\/wp-content\/uploads\/2022\/02\/451px-Josep_Borrell_Hearing_of_Josep_Borrell_High_Representative_Vice_President-designate_A_stronger_Europe_in_the_World_48859228793_cropped.jpg","keywords":["Borrell","EEAS","Josep Borrell","rusia","Ucrania"],"articleSection":["Defensa y Seguridad","Noticias UE","Pol\u00edtica de Defensa y Seg. Internac."],"inLanguage":"en-US","potentialAction":[{"@type":"CommentAction","name":"Comment","target":["https:\/\/www.cde.ual.es\/videoconferencia-informal-de-ministros-de-asuntos-exteriores-declaraciones-del-alto-representante-vicepresidente-josep-borrell\/#respond"]}]},{"@type":"WebPage","@id":"https:\/\/www.cde.ual.es\/videoconferencia-informal-de-ministros-de-asuntos-exteriores-declaraciones-del-alto-representante-vicepresidente-josep-borrell\/","url":"https:\/\/www.cde.ual.es\/videoconferencia-informal-de-ministros-de-asuntos-exteriores-declaraciones-del-alto-representante-vicepresidente-josep-borrell\/","name":"Videoconferencia informal de Ministros de Asuntos Exteriores: Declaraciones del Alto Representante\/Vicepresidente Josep Borrell | CDE Almer\u00eda - Centro de Documentaci\u00f3n Europea - Universidad de Almer\u00eda","isPartOf":{"@id":"https:\/\/www.cde.ual.es\/#website"},"primaryImageOfPage":{"@id":"https:\/\/www.cde.ual.es\/videoconferencia-informal-de-ministros-de-asuntos-exteriores-declaraciones-del-alto-representante-vicepresidente-josep-borrell\/#primaryimage"},"image":{"@id":"https:\/\/www.cde.ual.es\/videoconferencia-informal-de-ministros-de-asuntos-exteriores-declaraciones-del-alto-representante-vicepresidente-josep-borrell\/#primaryimage"},"thumbnailUrl":"https:\/\/www.cde.ual.es\/wp-content\/uploads\/2022\/02\/451px-Josep_Borrell_Hearing_of_Josep_Borrell_High_Representative_Vice_President-designate_A_stronger_Europe_in_the_World_48859228793_cropped.jpg","datePublished":"2022-02-27T02:00:20+00:00","dateModified":"2022-02-28T12:07:33+00:00","breadcrumb":{"@id":"https:\/\/www.cde.ual.es\/videoconferencia-informal-de-ministros-de-asuntos-exteriores-declaraciones-del-alto-representante-vicepresidente-josep-borrell\/#breadcrumb"},"inLanguage":"en-US","potentialAction":[{"@type":"ReadAction","target":["https:\/\/www.cde.ual.es\/videoconferencia-informal-de-ministros-de-asuntos-exteriores-declaraciones-del-alto-representante-vicepresidente-josep-borrell\/"]}]},{"@type":"ImageObject","inLanguage":"en-US","@id":"https:\/\/www.cde.ual.es\/videoconferencia-informal-de-ministros-de-asuntos-exteriores-declaraciones-del-alto-representante-vicepresidente-josep-borrell\/#primaryimage","url":"https:\/\/www.cde.ual.es\/wp-content\/uploads\/2022\/02\/451px-Josep_Borrell_Hearing_of_Josep_Borrell_High_Representative_Vice_President-designate_A_stronger_Europe_in_the_World_48859228793_cropped.jpg","contentUrl":"https:\/\/www.cde.ual.es\/wp-content\/uploads\/2022\/02\/451px-Josep_Borrell_Hearing_of_Josep_Borrell_High_Representative_Vice_President-designate_A_stronger_Europe_in_the_World_48859228793_cropped.jpg","width":451,"height":600},{"@type":"BreadcrumbList","@id":"https:\/\/www.cde.ual.es\/videoconferencia-informal-de-ministros-de-asuntos-exteriores-declaraciones-del-alto-representante-vicepresidente-josep-borrell\/#breadcrumb","itemListElement":[{"@type":"ListItem","position":1,"name":"Inicio","item":"https:\/\/www.cde.ual.es\/en\/"},{"@type":"ListItem","position":2,"name":"Noticias UE","item":"https:\/\/www.cde.ual.es\/category\/noticias-ue\/"},{"@type":"ListItem","position":3,"name":"Defensa y Seguridad","item":"https:\/\/www.cde.ual.es\/category\/noticias-ue\/defensa-seguridad\/"},{"@type":"ListItem","position":4,"name":"Pol\u00edtica de Defensa y Seg. Internac.","item":"https:\/\/www.cde.ual.es\/category\/noticias-ue\/defensa-seguridad\/poldef-segint\/"},{"@type":"ListItem","position":5,"name":"Videoconferencia informal de Ministros de Asuntos Exteriores: Declaraciones del Alto Representante\/Vicepresidente Josep Borrell"}]},{"@type":"WebSite","@id":"https:\/\/www.cde.ual.es\/#website","url":"https:\/\/www.cde.ual.es\/","name":"CDE Almer\u00eda - Centro de Documentaci\u00f3n Europea - Universidad de Almer\u00eda","description":"Centro de Documentaci\u00f3n Europea de la Universidad de Almer\u00eda","publisher":{"@id":"https:\/\/www.cde.ual.es\/#organization"},"alternateName":"CDE Almer\u00eda","potentialAction":[{"@type":"SearchAction","target":{"@type":"EntryPoint","urlTemplate":"https:\/\/www.cde.ual.es\/?s={search_term_string}"},"query-input":{"@type":"PropertyValueSpecification","valueRequired":true,"valueName":"search_term_string"}}],"inLanguage":"en-US"},{"@type":"Organization","@id":"https:\/\/www.cde.ual.es\/#organization","name":"Centro de Documentaci\u00f3n Europea de Almer\u00eda","url":"https:\/\/www.cde.ual.es\/","logo":{"@type":"ImageObject","inLanguage":"en-US","@id":"https:\/\/www.cde.ual.es\/#\/schema\/logo\/image\/","url":"https:\/\/www.cde.ual.es\/wp-content\/uploads\/2025\/07\/cde-logo-3.png","contentUrl":"https:\/\/www.cde.ual.es\/wp-content\/uploads\/2025\/07\/cde-logo-3.png","width":1400,"height":300,"caption":"Centro de Documentaci\u00f3n Europea de Almer\u00eda"},"image":{"@id":"https:\/\/www.cde.ual.es\/#\/schema\/logo\/image\/"},"sameAs":["https:\/\/www.facebook.com\/cdeuniversidadalmeria\/","https:\/\/x.com\/cdeualmeria","https:\/\/www.tiktok.com\/@cdealmeria","https:\/\/www.instagram.com\/cdealmeria\/","https:\/\/www.linkedin.com\/in\/cde-almera-812b26a9\/"]},{"@type":"Person","@id":"https:\/\/www.cde.ual.es\/#\/schema\/person\/bf2f837cf3353e2161fe1087adbd728f","name":"BECACDE1","image":{"@type":"ImageObject","inLanguage":"en-US","@id":"https:\/\/secure.gravatar.com\/avatar\/16a4c1e422b5dec818ee13eab3353b19db9cfd278cc10f9b0e1188a37671d9d4?s=96&d=mm&r=g","url":"https:\/\/secure.gravatar.com\/avatar\/16a4c1e422b5dec818ee13eab3353b19db9cfd278cc10f9b0e1188a37671d9d4?s=96&d=mm&r=g","contentUrl":"https:\/\/secure.gravatar.com\/avatar\/16a4c1e422b5dec818ee13eab3353b19db9cfd278cc10f9b0e1188a37671d9d4?s=96&d=mm&r=g","caption":"BECACDE1"},"sameAs":["http:\/\/www.cdealmeria.com"]}]}},"_links":{"self":[{"href":"https:\/\/www.cde.ual.es\/en\/wp-json\/wp\/v2\/posts\/97723","targetHints":{"allow":["GET"]}}],"collection":[{"href":"https:\/\/www.cde.ual.es\/en\/wp-json\/wp\/v2\/posts"}],"about":[{"href":"https:\/\/www.cde.ual.es\/en\/wp-json\/wp\/v2\/types\/post"}],"author":[{"embeddable":true,"href":"https:\/\/www.cde.ual.es\/en\/wp-json\/wp\/v2\/users\/101012"}],"replies":[{"embeddable":true,"href":"https:\/\/www.cde.ual.es\/en\/wp-json\/wp\/v2\/comments?post=97723"}],"version-history":[{"count":0,"href":"https:\/\/www.cde.ual.es\/en\/wp-json\/wp\/v2\/posts\/97723\/revisions"}],"wp:featuredmedia":[{"embeddable":true,"href":"https:\/\/www.cde.ual.es\/en\/wp-json\/wp\/v2\/media\/97463"}],"wp:attachment":[{"href":"https:\/\/www.cde.ual.es\/en\/wp-json\/wp\/v2\/media?parent=97723"}],"wp:term":[{"taxonomy":"category","embeddable":true,"href":"https:\/\/www.cde.ual.es\/en\/wp-json\/wp\/v2\/categories?post=97723"},{"taxonomy":"post_tag","embeddable":true,"href":"https:\/\/www.cde.ual.es\/en\/wp-json\/wp\/v2\/tags?post=97723"}],"curies":[{"name":"wp","href":"https:\/\/api.w.org\/{rel}","templated":true}]}}