{"id":97660,"date":"2022-02-22T03:00:02","date_gmt":"2022-02-22T02:00:02","guid":{"rendered":"https:\/\/www.cde.ual.es\/?p=97660"},"modified":"2022-02-25T16:56:13","modified_gmt":"2022-02-25T15:56:13","slug":"press-statement-by-president-von-der-leyen-on-the-eus-response-to-the-russian-aggression-against-ukraine-february-22","status":"publish","type":"post","link":"https:\/\/www.cde.ual.es\/en\/press-statement-by-president-von-der-leyen-on-the-eus-response-to-the-russian-aggression-against-ukraine-february-22\/","title":{"rendered":"Press statement by President von der Leyen on the EU&#8217;s response to the Russian aggression against Ukraine (February 22)"},"content":{"rendered":"<h3 style=\"text-align: center;\"><a href=\"https:\/\/www.cde.ual.es\/wp-content\/uploads\/2022\/02\/Official_Portrait_of_Ursula_von_der_Leyen-scaled.jpg\"><img decoding=\"async\" class=\" wp-image-95872 alignleft\" src=\"https:\/\/www.cde.ual.es\/wp-content\/uploads\/2022\/02\/Official_Portrait_of_Ursula_von_der_Leyen-683x1024.jpg\" alt=\"\" width=\"200\" height=\"300\" srcset=\"https:\/\/www.cde.ual.es\/wp-content\/uploads\/2022\/02\/Official_Portrait_of_Ursula_von_der_Leyen-683x1024.jpg 683w, https:\/\/www.cde.ual.es\/wp-content\/uploads\/2022\/02\/Official_Portrait_of_Ursula_von_der_Leyen-200x300.jpg 200w, https:\/\/www.cde.ual.es\/wp-content\/uploads\/2022\/02\/Official_Portrait_of_Ursula_von_der_Leyen-768x1151.jpg 768w, https:\/\/www.cde.ual.es\/wp-content\/uploads\/2022\/02\/Official_Portrait_of_Ursula_von_der_Leyen-1025x1536.jpg 1025w, https:\/\/www.cde.ual.es\/wp-content\/uploads\/2022\/02\/Official_Portrait_of_Ursula_von_der_Leyen-1367x2048.jpg 1367w, https:\/\/www.cde.ual.es\/wp-content\/uploads\/2022\/02\/Official_Portrait_of_Ursula_von_der_Leyen-scaled.jpg 1709w\" sizes=\"(max-width: 200px) 100vw, 200px\" \/><\/a><\/h3>\n<h3 style=\"text-align: center;\">President of the European Commission Ursula von der Leyen<\/h3>\n<div class=\"ecl-page-header\">\n<div class=\"ecl-container\">\n<div class=\"ecl-page-header__body\">\n<div class=\"ecl-page-header__title\">\n<h4>Press statement by President von der Leyen on the EU&#8217;s response to the Russian aggression against Ukraine (February 22)<\/h4>\n<p><strong>&#8220;Check against delivery&#8221;<\/strong><\/p>\n<p>Today, EU Member States have given their political agreement for a new package of sanctions against Russia. I welcome this. Russia&#8217;s decision to recognise the Ukrainian regions of Donetsk and Luhansk is illegal and completely unacceptable. The same is true for the decision to send troops to these regions. We cannot accept this. This decision violates the territorial integrity and sovereignty of Ukraine. Russia is not respecting its international obligations and it is violating core principles of international law. Russia has manufactured this crisis and is responsible for the current escalation. We will now quickly finalise the sanctions package. And we will coordinate closely with our partners, as we have done so far.<\/p>\n<p>This solid package contains a number of calibrated measures. It is a clear response to these violations of international law by the Kremlin. The sanctions directly target individuals and companies involved in these actions. They target banks that finance the Russian military apparatus and contribute to the destabilisation of Ukraine. We are also banning trade between the two breakaway regions and the EU \u2013 as we have done after the illegal annexation of Crimea in 2014. And finally, we are limiting the Russian government\u00b4s ability to raise capital on the EU&#8217;s financial markets. We will make it as difficult as possible for the Kremlin to pursue its aggressive policies.<\/p>\n<p>On Nord Stream 2, I think the German government is absolutely right. Nord Stream 2 has to be assessed in light of the security of energy supply for the whole of Europe. Because this crisis shows that Europe is still too dependent on Russian gas. We have to diversify our suppliers and massively invest in renewables. This is a strategic investment in our energy independence. Our action today is a response to Russia\u00b4s aggressive behaviour. If Russia continues to escalate this crisis that it has created, we are ready to take further action in response. The EU is united and acting fast.<\/p>\n<p><strong><a href=\"https:\/\/ec.europa.eu\/commission\/presscorner\/detail\/es\/statement_22_1286\">More information: European Commission &#8211; Press release<\/a><\/strong><\/p>\n<hr \/>\n<\/div>\n<\/div>\n<\/div>\n<\/div>\n<h3 class=\"ecl-heading ecl-heading--h1 ecl-u-color-white\" style=\"text-align: center;\">Statement by the Presidents of the European Commission and the European Council on Russian aggression against Ukraine (22 February)<\/h3>\n<p>The decision of the Russian Federation to recognise as independent entities and send Russian troops to certain areas of Ukraine&#8217;s Donetsk and Luhansk oblasts is illegal and unacceptable. It violates international law, Ukraine&#8217;s territorial integrity and sovereignty, Russia&#8217;s own international commitments and it further escalates the crisis.<\/p>\n<p>Both Presidents welcome the steadfast unity of Member States and their determination to react with robustness and speed to the illegal actions of Russia in close coordination with international partners.<\/p>\n<p>An informal meeting of EU Foreign Affairs Ministers chaired by the High Representative will take place\u00a0today at 4 pm. Following that, a first package of sanctions will be formally tabled later\u00a0this afternoon.<\/p>\n<p>Appropriate bodies will then meet to finalise the package without delay.<\/p>\n<p>The package contains proposals:<\/p>\n<ul>\n<li>to target those who were involved in the illegal decision,<\/li>\n<li>to target banks that are financing Russian military and other operations in those territories,<\/li>\n<li>to target the ability of the Russian state and government to access the EU&#8217;s capital and financial markets and services, to limit the financing of escalatory and aggressive policies,<\/li>\n<li>and to target trade from the two breakaway regions to and from the EU, to ensure that those responsible clearly feel the economic consequences of their illegal and aggressive actions.<\/li>\n<\/ul>\n<p>The EU has prepared and stands ready to adopt additional measures at a later stage if needed in the light of further developments.<\/p>\n<p>Both Presidents supported by the High Representative continue to follow closely developments on the ground\u00a0and consult with fellow EU leaders and international counterparts.<\/p>\n<p>The Union remains in full solidarity with Ukraine and united in support for its sovereignty and territorial integrity.<\/p>\n<p>We stand by and will continue to support Ukraine and its people.<\/p>\n<p><strong><a href=\"https:\/\/ec.europa.eu\/commission\/presscorner\/detail\/es\/statement_22_1281\">More information: European Commission<\/a><\/strong><\/p>\n<p><strong><a href=\"https:\/\/www.consilium.europa.eu\/es\/press\/press-releases\/2022\/02\/22\/statement-by-the-presidents-of-the-european-council-and-european-commission-on-russian-aggression-against-ukraine\/\">More information: European Council<\/a><\/strong><\/p>\n","protected":false},"excerpt":{"rendered":"<p>President of the European Commission Ursula von der Leyen Press statement by President von der Leyen on the EU&#8217;s response to the Russian aggression against Ukraine (February 22) &#8220;Check against delivery&#8221; Today, EU Member States have given their political agreement for a new package of sanctions against Russia. I welcome this. Russia&#8217;s decision to recognise [&hellip;]<\/p>\n","protected":false},"author":101012,"featured_media":95872,"comment_status":"open","ping_status":"open","sticky":false,"template":"","format":"standard","meta":{"_acf_changed":false,"_relevanssi_hide_post":"","_relevanssi_hide_content":"","_relevanssi_pin_for_all":"","_relevanssi_pin_keywords":"","_relevanssi_unpin_keywords":"","_relevanssi_related_keywords":"","_relevanssi_related_include_ids":"","_relevanssi_related_exclude_ids":"","_relevanssi_related_no_append":"","_relevanssi_related_not_related":"","_relevanssi_related_posts":"","_relevanssi_noindex_reason":"","_monsterinsights_skip_tracking":false,"_monsterinsights_sitenote_active":false,"_monsterinsights_sitenote_note":"","_monsterinsights_sitenote_category":0,"_genesis_hide_title":false,"_genesis_hide_breadcrumbs":false,"_genesis_hide_singular_image":false,"_genesis_hide_footer_widgets":false,"_genesis_custom_body_class":"","_genesis_custom_post_class":"","_genesis_layout":"","footnotes":""},"categories":[4075,346,4078],"tags":[],"class_list":{"0":"post-97660","1":"post","2":"type-post","3":"status-publish","4":"format-standard","5":"has-post-thumbnail","7":"category-defence-security","8":"category-eu-news","9":"category-internat-safety-pol","10":"entry"},"acf":[],"yoast_head":"<!-- This site is optimized with the Yoast SEO plugin v27.5 - https:\/\/yoast.com\/product\/yoast-seo-wordpress\/ -->\n<title>Press statement by President von der Leyen on the EU&#039;s response to the Russian aggression against Ukraine (February 22) | CDE Almer\u00eda - Centro de Documentaci\u00f3n Europea - Universidad de Almer\u00eda<\/title>\n<meta name=\"robots\" content=\"index, follow, max-snippet:-1, max-image-preview:large, max-video-preview:-1\" \/>\n<link rel=\"canonical\" href=\"https:\/\/www.cde.ual.es\/en\/press-statement-by-president-von-der-leyen-on-the-eus-response-to-the-russian-aggression-against-ukraine-february-22\/\" \/>\n<meta property=\"og:locale\" content=\"en_US\" \/>\n<meta property=\"og:type\" content=\"article\" \/>\n<meta property=\"og:title\" content=\"Press statement by President von der Leyen on the EU&#039;s response to the Russian aggression against Ukraine (February 22) | CDE Almer\u00eda - Centro de Documentaci\u00f3n Europea - Universidad de Almer\u00eda\" \/>\n<meta property=\"og:description\" content=\"President of the European Commission Ursula von der Leyen Press statement by President von der Leyen on the EU&#8217;s response to the Russian aggression against Ukraine (February 22) &#8220;Check against delivery&#8221; Today, EU Member States have given their political agreement for a new package of sanctions against Russia. I welcome this. Russia&#8217;s decision to recognise [&hellip;]\" \/>\n<meta property=\"og:url\" content=\"https:\/\/www.cde.ual.es\/en\/press-statement-by-president-von-der-leyen-on-the-eus-response-to-the-russian-aggression-against-ukraine-february-22\/\" \/>\n<meta property=\"og:site_name\" content=\"CDE Almer\u00eda - Centro de Documentaci\u00f3n Europea - Universidad de Almer\u00eda\" \/>\n<meta property=\"article:publisher\" content=\"https:\/\/www.facebook.com\/cdeuniversidadalmeria\/\" \/>\n<meta property=\"article:published_time\" content=\"2022-02-22T02:00:02+00:00\" \/>\n<meta property=\"article:modified_time\" content=\"2022-02-25T15:56:13+00:00\" \/>\n<meta property=\"og:image\" content=\"https:\/\/www.cde.ual.es\/wp-content\/uploads\/2022\/02\/Official_Portrait_of_Ursula_von_der_Leyen-scaled.jpg\" \/>\n\t<meta property=\"og:image:width\" content=\"1709\" \/>\n\t<meta property=\"og:image:height\" content=\"2560\" \/>\n\t<meta property=\"og:image:type\" content=\"image\/jpeg\" \/>\n<meta name=\"author\" content=\"BECACDE1\" \/>\n<meta name=\"twitter:card\" content=\"summary_large_image\" \/>\n<meta name=\"twitter:creator\" content=\"@cdeualmeria\" \/>\n<meta name=\"twitter:site\" content=\"@cdeualmeria\" \/>\n<meta name=\"twitter:label1\" content=\"Written by\" \/>\n\t<meta name=\"twitter:data1\" content=\"BECACDE1\" \/>\n\t<meta name=\"twitter:label2\" content=\"Est. reading time\" \/>\n\t<meta name=\"twitter:data2\" content=\"4 minutes\" \/>\n<script type=\"application\/ld+json\" class=\"yoast-schema-graph\">{\"@context\":\"https:\\\/\\\/schema.org\",\"@graph\":[{\"@type\":\"Article\",\"@id\":\"https:\\\/\\\/www.cde.ual.es\\\/en\\\/press-statement-by-president-von-der-leyen-on-the-eus-response-to-the-russian-aggression-against-ukraine-february-22\\\/#article\",\"isPartOf\":{\"@id\":\"https:\\\/\\\/www.cde.ual.es\\\/en\\\/press-statement-by-president-von-der-leyen-on-the-eus-response-to-the-russian-aggression-against-ukraine-february-22\\\/\"},\"author\":{\"name\":\"BECACDE1\",\"@id\":\"https:\\\/\\\/www.cde.ual.es\\\/#\\\/schema\\\/person\\\/bf2f837cf3353e2161fe1087adbd728f\"},\"headline\":\"Press statement by President von der Leyen on the EU&#8217;s response to the Russian aggression against Ukraine (February 22)\",\"datePublished\":\"2022-02-22T02:00:02+00:00\",\"dateModified\":\"2022-02-25T15:56:13+00:00\",\"mainEntityOfPage\":{\"@id\":\"https:\\\/\\\/www.cde.ual.es\\\/en\\\/press-statement-by-president-von-der-leyen-on-the-eus-response-to-the-russian-aggression-against-ukraine-february-22\\\/\"},\"wordCount\":696,\"commentCount\":0,\"publisher\":{\"@id\":\"https:\\\/\\\/www.cde.ual.es\\\/#organization\"},\"image\":{\"@id\":\"https:\\\/\\\/www.cde.ual.es\\\/en\\\/press-statement-by-president-von-der-leyen-on-the-eus-response-to-the-russian-aggression-against-ukraine-february-22\\\/#primaryimage\"},\"thumbnailUrl\":\"https:\\\/\\\/www.cde.ual.es\\\/wp-content\\\/uploads\\\/2022\\\/02\\\/Official_Portrait_of_Ursula_von_der_Leyen-scaled.jpg\",\"articleSection\":[\"Defence &amp; Security\",\"EU News\",\"International Safety and Defence Politics\"],\"inLanguage\":\"en-US\",\"potentialAction\":[{\"@type\":\"CommentAction\",\"name\":\"Comment\",\"target\":[\"https:\\\/\\\/www.cde.ual.es\\\/en\\\/press-statement-by-president-von-der-leyen-on-the-eus-response-to-the-russian-aggression-against-ukraine-february-22\\\/#respond\"]}]},{\"@type\":\"WebPage\",\"@id\":\"https:\\\/\\\/www.cde.ual.es\\\/en\\\/press-statement-by-president-von-der-leyen-on-the-eus-response-to-the-russian-aggression-against-ukraine-february-22\\\/\",\"url\":\"https:\\\/\\\/www.cde.ual.es\\\/en\\\/press-statement-by-president-von-der-leyen-on-the-eus-response-to-the-russian-aggression-against-ukraine-february-22\\\/\",\"name\":\"Press statement by President von der Leyen on the EU's response to the Russian aggression against Ukraine (February 22) | CDE Almer\u00eda - Centro de Documentaci\u00f3n Europea - Universidad de Almer\u00eda\",\"isPartOf\":{\"@id\":\"https:\\\/\\\/www.cde.ual.es\\\/#website\"},\"primaryImageOfPage\":{\"@id\":\"https:\\\/\\\/www.cde.ual.es\\\/en\\\/press-statement-by-president-von-der-leyen-on-the-eus-response-to-the-russian-aggression-against-ukraine-february-22\\\/#primaryimage\"},\"image\":{\"@id\":\"https:\\\/\\\/www.cde.ual.es\\\/en\\\/press-statement-by-president-von-der-leyen-on-the-eus-response-to-the-russian-aggression-against-ukraine-february-22\\\/#primaryimage\"},\"thumbnailUrl\":\"https:\\\/\\\/www.cde.ual.es\\\/wp-content\\\/uploads\\\/2022\\\/02\\\/Official_Portrait_of_Ursula_von_der_Leyen-scaled.jpg\",\"datePublished\":\"2022-02-22T02:00:02+00:00\",\"dateModified\":\"2022-02-25T15:56:13+00:00\",\"breadcrumb\":{\"@id\":\"https:\\\/\\\/www.cde.ual.es\\\/en\\\/press-statement-by-president-von-der-leyen-on-the-eus-response-to-the-russian-aggression-against-ukraine-february-22\\\/#breadcrumb\"},\"inLanguage\":\"en-US\",\"potentialAction\":[{\"@type\":\"ReadAction\",\"target\":[\"https:\\\/\\\/www.cde.ual.es\\\/en\\\/press-statement-by-president-von-der-leyen-on-the-eus-response-to-the-russian-aggression-against-ukraine-february-22\\\/\"]}]},{\"@type\":\"ImageObject\",\"inLanguage\":\"en-US\",\"@id\":\"https:\\\/\\\/www.cde.ual.es\\\/en\\\/press-statement-by-president-von-der-leyen-on-the-eus-response-to-the-russian-aggression-against-ukraine-february-22\\\/#primaryimage\",\"url\":\"https:\\\/\\\/www.cde.ual.es\\\/wp-content\\\/uploads\\\/2022\\\/02\\\/Official_Portrait_of_Ursula_von_der_Leyen-scaled.jpg\",\"contentUrl\":\"https:\\\/\\\/www.cde.ual.es\\\/wp-content\\\/uploads\\\/2022\\\/02\\\/Official_Portrait_of_Ursula_von_der_Leyen-scaled.jpg\",\"width\":1709,\"height\":2560},{\"@type\":\"BreadcrumbList\",\"@id\":\"https:\\\/\\\/www.cde.ual.es\\\/en\\\/press-statement-by-president-von-der-leyen-on-the-eus-response-to-the-russian-aggression-against-ukraine-february-22\\\/#breadcrumb\",\"itemListElement\":[{\"@type\":\"ListItem\",\"position\":1,\"name\":\"Inicio\",\"item\":\"https:\\\/\\\/www.cde.ual.es\\\/en\\\/\"},{\"@type\":\"ListItem\",\"position\":2,\"name\":\"EU News\",\"item\":\"https:\\\/\\\/www.cde.ual.es\\\/en\\\/category\\\/eu-news\\\/\"},{\"@type\":\"ListItem\",\"position\":3,\"name\":\"Defence &amp; Security\",\"item\":\"https:\\\/\\\/www.cde.ual.es\\\/en\\\/category\\\/eu-news\\\/defence-security\\\/\"},{\"@type\":\"ListItem\",\"position\":4,\"name\":\"International Safety and Defence Politics\",\"item\":\"https:\\\/\\\/www.cde.ual.es\\\/en\\\/category\\\/eu-news\\\/defence-security\\\/internat-safety-pol\\\/\"},{\"@type\":\"ListItem\",\"position\":5,\"name\":\"Press statement by President von der Leyen on the EU&#8217;s response to the Russian aggression against Ukraine (February 22)\"}]},{\"@type\":\"WebSite\",\"@id\":\"https:\\\/\\\/www.cde.ual.es\\\/#website\",\"url\":\"https:\\\/\\\/www.cde.ual.es\\\/\",\"name\":\"CDE Almer\u00eda - Centro de Documentaci\u00f3n Europea - Universidad de Almer\u00eda\",\"description\":\"Centro de Documentaci\u00f3n Europea de la Universidad de Almer\u00eda\",\"publisher\":{\"@id\":\"https:\\\/\\\/www.cde.ual.es\\\/#organization\"},\"alternateName\":\"CDE Almer\u00eda\",\"potentialAction\":[{\"@type\":\"SearchAction\",\"target\":{\"@type\":\"EntryPoint\",\"urlTemplate\":\"https:\\\/\\\/www.cde.ual.es\\\/?s={search_term_string}\"},\"query-input\":{\"@type\":\"PropertyValueSpecification\",\"valueRequired\":true,\"valueName\":\"search_term_string\"}}],\"inLanguage\":\"en-US\"},{\"@type\":\"Organization\",\"@id\":\"https:\\\/\\\/www.cde.ual.es\\\/#organization\",\"name\":\"Centro de Documentaci\u00f3n Europea de Almer\u00eda\",\"url\":\"https:\\\/\\\/www.cde.ual.es\\\/\",\"logo\":{\"@type\":\"ImageObject\",\"inLanguage\":\"en-US\",\"@id\":\"https:\\\/\\\/www.cde.ual.es\\\/#\\\/schema\\\/logo\\\/image\\\/\",\"url\":\"https:\\\/\\\/www.cde.ual.es\\\/wp-content\\\/uploads\\\/2025\\\/07\\\/cde-logo-3.png\",\"contentUrl\":\"https:\\\/\\\/www.cde.ual.es\\\/wp-content\\\/uploads\\\/2025\\\/07\\\/cde-logo-3.png\",\"width\":1400,\"height\":300,\"caption\":\"Centro de Documentaci\u00f3n Europea de Almer\u00eda\"},\"image\":{\"@id\":\"https:\\\/\\\/www.cde.ual.es\\\/#\\\/schema\\\/logo\\\/image\\\/\"},\"sameAs\":[\"https:\\\/\\\/www.facebook.com\\\/cdeuniversidadalmeria\\\/\",\"https:\\\/\\\/x.com\\\/cdeualmeria\",\"https:\\\/\\\/www.tiktok.com\\\/@cdealmeria\",\"https:\\\/\\\/www.instagram.com\\\/cdealmeria\\\/\",\"https:\\\/\\\/www.linkedin.com\\\/in\\\/cde-almera-812b26a9\\\/\"]},{\"@type\":\"Person\",\"@id\":\"https:\\\/\\\/www.cde.ual.es\\\/#\\\/schema\\\/person\\\/bf2f837cf3353e2161fe1087adbd728f\",\"name\":\"BECACDE1\",\"image\":{\"@type\":\"ImageObject\",\"inLanguage\":\"en-US\",\"@id\":\"https:\\\/\\\/secure.gravatar.com\\\/avatar\\\/16a4c1e422b5dec818ee13eab3353b19db9cfd278cc10f9b0e1188a37671d9d4?s=96&d=mm&r=g\",\"url\":\"https:\\\/\\\/secure.gravatar.com\\\/avatar\\\/16a4c1e422b5dec818ee13eab3353b19db9cfd278cc10f9b0e1188a37671d9d4?s=96&d=mm&r=g\",\"contentUrl\":\"https:\\\/\\\/secure.gravatar.com\\\/avatar\\\/16a4c1e422b5dec818ee13eab3353b19db9cfd278cc10f9b0e1188a37671d9d4?s=96&d=mm&r=g\",\"caption\":\"BECACDE1\"},\"sameAs\":[\"http:\\\/\\\/www.cdealmeria.com\"]}]}<\/script>\n<!-- \/ Yoast SEO plugin. -->","yoast_head_json":{"title":"Press statement by President von der Leyen on the EU's response to the Russian aggression against Ukraine (February 22) | CDE Almer\u00eda - Centro de Documentaci\u00f3n Europea - Universidad de Almer\u00eda","robots":{"index":"index","follow":"follow","max-snippet":"max-snippet:-1","max-image-preview":"max-image-preview:large","max-video-preview":"max-video-preview:-1"},"canonical":"https:\/\/www.cde.ual.es\/en\/press-statement-by-president-von-der-leyen-on-the-eus-response-to-the-russian-aggression-against-ukraine-february-22\/","og_locale":"en_US","og_type":"article","og_title":"Press statement by President von der Leyen on the EU's response to the Russian aggression against Ukraine (February 22) | CDE Almer\u00eda - Centro de Documentaci\u00f3n Europea - Universidad de Almer\u00eda","og_description":"President of the European Commission Ursula von der Leyen Press statement by President von der Leyen on the EU&#8217;s response to the Russian aggression against Ukraine (February 22) &#8220;Check against delivery&#8221; Today, EU Member States have given their political agreement for a new package of sanctions against Russia. I welcome this. Russia&#8217;s decision to recognise [&hellip;]","og_url":"https:\/\/www.cde.ual.es\/en\/press-statement-by-president-von-der-leyen-on-the-eus-response-to-the-russian-aggression-against-ukraine-february-22\/","og_site_name":"CDE Almer\u00eda - Centro de Documentaci\u00f3n Europea - Universidad de Almer\u00eda","article_publisher":"https:\/\/www.facebook.com\/cdeuniversidadalmeria\/","article_published_time":"2022-02-22T02:00:02+00:00","article_modified_time":"2022-02-25T15:56:13+00:00","og_image":[{"width":1709,"height":2560,"url":"https:\/\/www.cde.ual.es\/wp-content\/uploads\/2022\/02\/Official_Portrait_of_Ursula_von_der_Leyen-scaled.jpg","type":"image\/jpeg"}],"author":"BECACDE1","twitter_card":"summary_large_image","twitter_creator":"@cdeualmeria","twitter_site":"@cdeualmeria","twitter_misc":{"Written by":"BECACDE1","Est. reading time":"4 minutes"},"schema":{"@context":"https:\/\/schema.org","@graph":[{"@type":"Article","@id":"https:\/\/www.cde.ual.es\/en\/press-statement-by-president-von-der-leyen-on-the-eus-response-to-the-russian-aggression-against-ukraine-february-22\/#article","isPartOf":{"@id":"https:\/\/www.cde.ual.es\/en\/press-statement-by-president-von-der-leyen-on-the-eus-response-to-the-russian-aggression-against-ukraine-february-22\/"},"author":{"name":"BECACDE1","@id":"https:\/\/www.cde.ual.es\/#\/schema\/person\/bf2f837cf3353e2161fe1087adbd728f"},"headline":"Press statement by President von der Leyen on the EU&#8217;s response to the Russian aggression against Ukraine (February 22)","datePublished":"2022-02-22T02:00:02+00:00","dateModified":"2022-02-25T15:56:13+00:00","mainEntityOfPage":{"@id":"https:\/\/www.cde.ual.es\/en\/press-statement-by-president-von-der-leyen-on-the-eus-response-to-the-russian-aggression-against-ukraine-february-22\/"},"wordCount":696,"commentCount":0,"publisher":{"@id":"https:\/\/www.cde.ual.es\/#organization"},"image":{"@id":"https:\/\/www.cde.ual.es\/en\/press-statement-by-president-von-der-leyen-on-the-eus-response-to-the-russian-aggression-against-ukraine-february-22\/#primaryimage"},"thumbnailUrl":"https:\/\/www.cde.ual.es\/wp-content\/uploads\/2022\/02\/Official_Portrait_of_Ursula_von_der_Leyen-scaled.jpg","articleSection":["Defence &amp; Security","EU News","International Safety and Defence Politics"],"inLanguage":"en-US","potentialAction":[{"@type":"CommentAction","name":"Comment","target":["https:\/\/www.cde.ual.es\/en\/press-statement-by-president-von-der-leyen-on-the-eus-response-to-the-russian-aggression-against-ukraine-february-22\/#respond"]}]},{"@type":"WebPage","@id":"https:\/\/www.cde.ual.es\/en\/press-statement-by-president-von-der-leyen-on-the-eus-response-to-the-russian-aggression-against-ukraine-february-22\/","url":"https:\/\/www.cde.ual.es\/en\/press-statement-by-president-von-der-leyen-on-the-eus-response-to-the-russian-aggression-against-ukraine-february-22\/","name":"Press statement by President von der Leyen on the EU's response to the Russian aggression against Ukraine (February 22) | CDE Almer\u00eda - Centro de Documentaci\u00f3n Europea - Universidad de Almer\u00eda","isPartOf":{"@id":"https:\/\/www.cde.ual.es\/#website"},"primaryImageOfPage":{"@id":"https:\/\/www.cde.ual.es\/en\/press-statement-by-president-von-der-leyen-on-the-eus-response-to-the-russian-aggression-against-ukraine-february-22\/#primaryimage"},"image":{"@id":"https:\/\/www.cde.ual.es\/en\/press-statement-by-president-von-der-leyen-on-the-eus-response-to-the-russian-aggression-against-ukraine-february-22\/#primaryimage"},"thumbnailUrl":"https:\/\/www.cde.ual.es\/wp-content\/uploads\/2022\/02\/Official_Portrait_of_Ursula_von_der_Leyen-scaled.jpg","datePublished":"2022-02-22T02:00:02+00:00","dateModified":"2022-02-25T15:56:13+00:00","breadcrumb":{"@id":"https:\/\/www.cde.ual.es\/en\/press-statement-by-president-von-der-leyen-on-the-eus-response-to-the-russian-aggression-against-ukraine-february-22\/#breadcrumb"},"inLanguage":"en-US","potentialAction":[{"@type":"ReadAction","target":["https:\/\/www.cde.ual.es\/en\/press-statement-by-president-von-der-leyen-on-the-eus-response-to-the-russian-aggression-against-ukraine-february-22\/"]}]},{"@type":"ImageObject","inLanguage":"en-US","@id":"https:\/\/www.cde.ual.es\/en\/press-statement-by-president-von-der-leyen-on-the-eus-response-to-the-russian-aggression-against-ukraine-february-22\/#primaryimage","url":"https:\/\/www.cde.ual.es\/wp-content\/uploads\/2022\/02\/Official_Portrait_of_Ursula_von_der_Leyen-scaled.jpg","contentUrl":"https:\/\/www.cde.ual.es\/wp-content\/uploads\/2022\/02\/Official_Portrait_of_Ursula_von_der_Leyen-scaled.jpg","width":1709,"height":2560},{"@type":"BreadcrumbList","@id":"https:\/\/www.cde.ual.es\/en\/press-statement-by-president-von-der-leyen-on-the-eus-response-to-the-russian-aggression-against-ukraine-february-22\/#breadcrumb","itemListElement":[{"@type":"ListItem","position":1,"name":"Inicio","item":"https:\/\/www.cde.ual.es\/en\/"},{"@type":"ListItem","position":2,"name":"EU News","item":"https:\/\/www.cde.ual.es\/en\/category\/eu-news\/"},{"@type":"ListItem","position":3,"name":"Defence &amp; Security","item":"https:\/\/www.cde.ual.es\/en\/category\/eu-news\/defence-security\/"},{"@type":"ListItem","position":4,"name":"International Safety and Defence Politics","item":"https:\/\/www.cde.ual.es\/en\/category\/eu-news\/defence-security\/internat-safety-pol\/"},{"@type":"ListItem","position":5,"name":"Press statement by President von der Leyen on the EU&#8217;s response to the Russian aggression against Ukraine (February 22)"}]},{"@type":"WebSite","@id":"https:\/\/www.cde.ual.es\/#website","url":"https:\/\/www.cde.ual.es\/","name":"CDE Almer\u00eda - Centro de Documentaci\u00f3n Europea - Universidad de Almer\u00eda","description":"Centro de Documentaci\u00f3n Europea de la Universidad de Almer\u00eda","publisher":{"@id":"https:\/\/www.cde.ual.es\/#organization"},"alternateName":"CDE Almer\u00eda","potentialAction":[{"@type":"SearchAction","target":{"@type":"EntryPoint","urlTemplate":"https:\/\/www.cde.ual.es\/?s={search_term_string}"},"query-input":{"@type":"PropertyValueSpecification","valueRequired":true,"valueName":"search_term_string"}}],"inLanguage":"en-US"},{"@type":"Organization","@id":"https:\/\/www.cde.ual.es\/#organization","name":"Centro de Documentaci\u00f3n Europea de Almer\u00eda","url":"https:\/\/www.cde.ual.es\/","logo":{"@type":"ImageObject","inLanguage":"en-US","@id":"https:\/\/www.cde.ual.es\/#\/schema\/logo\/image\/","url":"https:\/\/www.cde.ual.es\/wp-content\/uploads\/2025\/07\/cde-logo-3.png","contentUrl":"https:\/\/www.cde.ual.es\/wp-content\/uploads\/2025\/07\/cde-logo-3.png","width":1400,"height":300,"caption":"Centro de Documentaci\u00f3n Europea de Almer\u00eda"},"image":{"@id":"https:\/\/www.cde.ual.es\/#\/schema\/logo\/image\/"},"sameAs":["https:\/\/www.facebook.com\/cdeuniversidadalmeria\/","https:\/\/x.com\/cdeualmeria","https:\/\/www.tiktok.com\/@cdealmeria","https:\/\/www.instagram.com\/cdealmeria\/","https:\/\/www.linkedin.com\/in\/cde-almera-812b26a9\/"]},{"@type":"Person","@id":"https:\/\/www.cde.ual.es\/#\/schema\/person\/bf2f837cf3353e2161fe1087adbd728f","name":"BECACDE1","image":{"@type":"ImageObject","inLanguage":"en-US","@id":"https:\/\/secure.gravatar.com\/avatar\/16a4c1e422b5dec818ee13eab3353b19db9cfd278cc10f9b0e1188a37671d9d4?s=96&d=mm&r=g","url":"https:\/\/secure.gravatar.com\/avatar\/16a4c1e422b5dec818ee13eab3353b19db9cfd278cc10f9b0e1188a37671d9d4?s=96&d=mm&r=g","contentUrl":"https:\/\/secure.gravatar.com\/avatar\/16a4c1e422b5dec818ee13eab3353b19db9cfd278cc10f9b0e1188a37671d9d4?s=96&d=mm&r=g","caption":"BECACDE1"},"sameAs":["http:\/\/www.cdealmeria.com"]}]}},"_links":{"self":[{"href":"https:\/\/www.cde.ual.es\/en\/wp-json\/wp\/v2\/posts\/97660","targetHints":{"allow":["GET"]}}],"collection":[{"href":"https:\/\/www.cde.ual.es\/en\/wp-json\/wp\/v2\/posts"}],"about":[{"href":"https:\/\/www.cde.ual.es\/en\/wp-json\/wp\/v2\/types\/post"}],"author":[{"embeddable":true,"href":"https:\/\/www.cde.ual.es\/en\/wp-json\/wp\/v2\/users\/101012"}],"replies":[{"embeddable":true,"href":"https:\/\/www.cde.ual.es\/en\/wp-json\/wp\/v2\/comments?post=97660"}],"version-history":[{"count":0,"href":"https:\/\/www.cde.ual.es\/en\/wp-json\/wp\/v2\/posts\/97660\/revisions"}],"wp:featuredmedia":[{"embeddable":true,"href":"https:\/\/www.cde.ual.es\/en\/wp-json\/wp\/v2\/media\/95872"}],"wp:attachment":[{"href":"https:\/\/www.cde.ual.es\/en\/wp-json\/wp\/v2\/media?parent=97660"}],"wp:term":[{"taxonomy":"category","embeddable":true,"href":"https:\/\/www.cde.ual.es\/en\/wp-json\/wp\/v2\/categories?post=97660"},{"taxonomy":"post_tag","embeddable":true,"href":"https:\/\/www.cde.ual.es\/en\/wp-json\/wp\/v2\/tags?post=97660"}],"curies":[{"name":"wp","href":"https:\/\/api.w.org\/{rel}","templated":true}]}}