{"id":9746,"date":"2018-11-09T09:16:27","date_gmt":"2018-11-09T08:16:27","guid":{"rendered":"http:\/\/www.cde.ual.es\/?p=9746"},"modified":"2018-11-09T09:16:27","modified_gmt":"2018-11-09T08:16:27","slug":"mantener-el-contacto-mas-barato-seguro-y-rapido","status":"publish","type":"post","link":"https:\/\/www.cde.ual.es\/en\/mantener-el-contacto-mas-barato-seguro-y-rapido\/","title":{"rendered":"Mantener el contacto: m\u00e1s barato, seguro y r\u00e1pido"},"content":{"rendered":"<p>T\u00edtulo:\u00a0Mantener el contacto: m\u00e1s barato, seguro y r\u00e1pido<\/p>\n<p>Autor:\u00a0<a class=\"site-subname\" title=\"Ir a Parlamento Europeo\" href=\"http:\/\/www.europarl.europa.eu\/portal\/es\"><span class=\"europarltv-link\">Parlamento Europeo<\/span><\/a><\/p>\n<p>Duraci\u00f3n: 01:20<\/p>\n<p>Resumen:\u00a0<span id=\"1\" tabindex=\"0\" title=\"Advance the video at the highlighted phrase\">El mundo va muy r\u00e1pido. Mantener el contacto es esencial.<\/span><span id=\"2\" tabindex=\"0\" title=\"Advance the video at the highlighted phrase\">\u00a0Pero no deber\u00eda costar un ojo de la cara\u00a0<\/span><span id=\"3\" tabindex=\"0\" title=\"Advance the video at the highlighted phrase\">y deber\u00eda ser posible en cualquier lugar.<\/span><span id=\"4\" tabindex=\"0\" title=\"Advance the video at the highlighted phrase\">\u00a0Por ello el Parlamento actualiza las normas de telecomunicaciones&#8230;\u00a0<\/span><span id=\"5\" tabindex=\"0\" title=\"Advance the video at the highlighted phrase\">Los eurodiputados quieren acabar con las llamadas caras en la UE.\u00a0<\/span><span id=\"6\" tabindex=\"0\" title=\"Advance the video at the highlighted phrase\">Desde mayo de 2019, las llamadas tendr\u00e1n un coste m\u00e1ximo de 19 c\u00e9ntimos,\u00a0<\/span><span id=\"7\" tabindex=\"0\" title=\"Advance the video at the highlighted phrase\">y los SMS de tan solo 6 c\u00e9ntimos.\u00a0<\/span><span id=\"8\" tabindex=\"0\" title=\"Advance the video at the highlighted phrase\">En muchos pa\u00edses de la Uni\u00f3n Europea<\/span><span id=\"9\" tabindex=\"0\" title=\"Advance the video at the highlighted phrase\">esto supondr\u00e1 una reducci\u00f3n considerable del coste.\u00a0<\/span><span id=\"10\" tabindex=\"0\" title=\"Advance the video at the highlighted phrase\">Es algo que estoy segura de que los consumidores europeos agradecer\u00e1n.<\/span><span id=\"11\" tabindex=\"0\" title=\"Advance the video at the highlighted phrase\">\u00a0Los clientes podr\u00e1n controlar su consumo telef\u00f3nico\u00a0<\/span><span id=\"12\" tabindex=\"0\" title=\"Advance the video at the highlighted phrase\">y su facturaci\u00f3n m\u00e1s f\u00e1cilmente.\u00a0<\/span><\/p>\n<p>Fecha de Publicaci\u00f3n: 08-11-2018<\/p>\n<p><iframe src=\"https:\/\/multimedia.europarl.europa.eu\/es\/keeping-in-touch-cheaper-safer-faster_N01-PUB-181109-TELE_ev?p_p_state=pop_up&amp;lang=es&amp;autoplay=on\" width=\"560\" height=\"315\" frameborder=\"0\"><span data-mce-type=\"bookmark\" style=\"display: inline-block; width: 0px; overflow: hidden; line-height: 0;\" class=\"mce_SELRES_start\">\ufeff<\/span><\/iframe><\/p>\n","protected":false},"excerpt":{"rendered":"<p>T\u00edtulo:\u00a0Mantener el contacto: m\u00e1s barato, seguro y r\u00e1pido Autor:\u00a0Parlamento Europeo Duraci\u00f3n: 01:20 Resumen:\u00a0El mundo va muy r\u00e1pido. Mantener el contacto es esencial.\u00a0Pero no deber\u00eda costar un ojo de la cara\u00a0y deber\u00eda ser posible en cualquier lugar.\u00a0Por ello el Parlamento actualiza las normas de telecomunicaciones&#8230;\u00a0Los eurodiputados quieren acabar con las llamadas caras en la UE.\u00a0Desde mayo [&hellip;]<\/p>\n","protected":false},"author":1,"featured_media":9747,"comment_status":"open","ping_status":"open","sticky":false,"template":"","format":"standard","meta":{"_acf_changed":false,"_relevanssi_hide_post":"","_relevanssi_hide_content":"","_relevanssi_pin_for_all":"","_relevanssi_pin_keywords":"","_relevanssi_unpin_keywords":"","_relevanssi_related_keywords":"","_relevanssi_related_include_ids":"","_relevanssi_related_exclude_ids":"","_relevanssi_related_no_append":"","_relevanssi_related_not_related":"","_relevanssi_related_posts":"","_relevanssi_noindex_reason":"","_monsterinsights_skip_tracking":false,"_monsterinsights_sitenote_active":false,"_monsterinsights_sitenote_note":"","_monsterinsights_sitenote_category":0,"_genesis_hide_title":false,"_genesis_hide_breadcrumbs":false,"_genesis_hide_singular_image":false,"_genesis_hide_footer_widgets":false,"_genesis_custom_body_class":"","_genesis_custom_post_class":"","_genesis_layout":"","footnotes":""},"categories":[119,115],"tags":[234,274,217],"class_list":{"0":"post-9746","1":"post","2":"type-post","3":"status-publish","4":"format-standard","5":"has-post-thumbnail","7":"category-mediateca-mercado-union-europea","8":"category-repositorio-mediateca","9":"tag-consumo","10":"tag-telefonia","11":"tag-tics","12":"entry"},"acf":[],"yoast_head":"<!-- This site is optimized with the Yoast SEO plugin v27.4 - https:\/\/yoast.com\/product\/yoast-seo-wordpress\/ -->\n<title>Mantener el contacto: m\u00e1s barato, seguro y r\u00e1pido | CDE Almer\u00eda - Centro de Documentaci\u00f3n Europea - Universidad de Almer\u00eda<\/title>\n<meta name=\"robots\" content=\"index, follow, max-snippet:-1, max-image-preview:large, max-video-preview:-1\" \/>\n<link rel=\"canonical\" href=\"https:\/\/www.cde.ual.es\/mantener-el-contacto-mas-barato-seguro-y-rapido\/\" \/>\n<meta property=\"og:locale\" content=\"en_US\" \/>\n<meta property=\"og:type\" content=\"article\" \/>\n<meta property=\"og:title\" content=\"Mantener el contacto: m\u00e1s barato, seguro y r\u00e1pido | CDE Almer\u00eda - Centro de Documentaci\u00f3n Europea - Universidad de Almer\u00eda\" \/>\n<meta property=\"og:description\" content=\"T\u00edtulo:\u00a0Mantener el contacto: m\u00e1s barato, seguro y r\u00e1pido Autor:\u00a0Parlamento Europeo Duraci\u00f3n: 01:20 Resumen:\u00a0El mundo va muy r\u00e1pido. Mantener el contacto es esencial.\u00a0Pero no deber\u00eda costar un ojo de la cara\u00a0y deber\u00eda ser posible en cualquier lugar.\u00a0Por ello el Parlamento actualiza las normas de telecomunicaciones&#8230;\u00a0Los eurodiputados quieren acabar con las llamadas caras en la UE.\u00a0Desde mayo [&hellip;]\" \/>\n<meta property=\"og:url\" content=\"https:\/\/www.cde.ual.es\/mantener-el-contacto-mas-barato-seguro-y-rapido\/\" \/>\n<meta property=\"og:site_name\" content=\"CDE Almer\u00eda - Centro de Documentaci\u00f3n Europea - Universidad de Almer\u00eda\" \/>\n<meta property=\"article:publisher\" content=\"https:\/\/www.facebook.com\/cdeuniversidadalmeria\/\" \/>\n<meta property=\"article:published_time\" content=\"2018-11-09T08:16:27+00:00\" \/>\n<meta property=\"og:image\" content=\"https:\/\/www.cde.ual.es\/wp-content\/uploads\/2018\/11\/Mantener-contacto-barato.png\" \/>\n\t<meta property=\"og:image:width\" content=\"914\" \/>\n\t<meta property=\"og:image:height\" content=\"514\" \/>\n\t<meta property=\"og:image:type\" content=\"image\/png\" \/>\n<meta name=\"author\" content=\"AdminCDE\" \/>\n<meta name=\"twitter:card\" content=\"summary_large_image\" \/>\n<meta name=\"twitter:creator\" content=\"@cdeualmeria\" \/>\n<meta name=\"twitter:site\" content=\"@cdeualmeria\" \/>\n<meta name=\"twitter:label1\" content=\"Written by\" \/>\n\t<meta name=\"twitter:data1\" content=\"AdminCDE\" \/>\n\t<meta name=\"twitter:label2\" content=\"Est. reading time\" \/>\n\t<meta name=\"twitter:data2\" content=\"1 minute\" \/>\n<script type=\"application\/ld+json\" class=\"yoast-schema-graph\">{\"@context\":\"https:\\\/\\\/schema.org\",\"@graph\":[{\"@type\":\"Article\",\"@id\":\"https:\\\/\\\/www.cde.ual.es\\\/mantener-el-contacto-mas-barato-seguro-y-rapido\\\/#article\",\"isPartOf\":{\"@id\":\"https:\\\/\\\/www.cde.ual.es\\\/mantener-el-contacto-mas-barato-seguro-y-rapido\\\/\"},\"author\":{\"name\":\"AdminCDE\",\"@id\":\"https:\\\/\\\/www.cde.ual.es\\\/#\\\/schema\\\/person\\\/224ef08c8bcc005f319d2713ce37ee5f\"},\"headline\":\"Mantener el contacto: m\u00e1s barato, seguro y r\u00e1pido\",\"datePublished\":\"2018-11-09T08:16:27+00:00\",\"mainEntityOfPage\":{\"@id\":\"https:\\\/\\\/www.cde.ual.es\\\/mantener-el-contacto-mas-barato-seguro-y-rapido\\\/\"},\"wordCount\":151,\"commentCount\":0,\"publisher\":{\"@id\":\"https:\\\/\\\/www.cde.ual.es\\\/#organization\"},\"image\":{\"@id\":\"https:\\\/\\\/www.cde.ual.es\\\/mantener-el-contacto-mas-barato-seguro-y-rapido\\\/#primaryimage\"},\"thumbnailUrl\":\"https:\\\/\\\/www.cde.ual.es\\\/wp-content\\\/uploads\\\/2018\\\/11\\\/Mantener-contacto-barato.png\",\"keywords\":[\"Consumo\",\"Telefon\u00eda\",\"TIcs\"],\"articleSection\":[\"Mediateca - Mercado en la Uni\u00f3n Europea\",\"Repositorio Mediateca\"],\"inLanguage\":\"en-US\",\"potentialAction\":[{\"@type\":\"CommentAction\",\"name\":\"Comment\",\"target\":[\"https:\\\/\\\/www.cde.ual.es\\\/mantener-el-contacto-mas-barato-seguro-y-rapido\\\/#respond\"]}]},{\"@type\":\"WebPage\",\"@id\":\"https:\\\/\\\/www.cde.ual.es\\\/mantener-el-contacto-mas-barato-seguro-y-rapido\\\/\",\"url\":\"https:\\\/\\\/www.cde.ual.es\\\/mantener-el-contacto-mas-barato-seguro-y-rapido\\\/\",\"name\":\"Mantener el contacto: m\u00e1s barato, seguro y r\u00e1pido | CDE Almer\u00eda - Centro de Documentaci\u00f3n Europea - Universidad de Almer\u00eda\",\"isPartOf\":{\"@id\":\"https:\\\/\\\/www.cde.ual.es\\\/#website\"},\"primaryImageOfPage\":{\"@id\":\"https:\\\/\\\/www.cde.ual.es\\\/mantener-el-contacto-mas-barato-seguro-y-rapido\\\/#primaryimage\"},\"image\":{\"@id\":\"https:\\\/\\\/www.cde.ual.es\\\/mantener-el-contacto-mas-barato-seguro-y-rapido\\\/#primaryimage\"},\"thumbnailUrl\":\"https:\\\/\\\/www.cde.ual.es\\\/wp-content\\\/uploads\\\/2018\\\/11\\\/Mantener-contacto-barato.png\",\"datePublished\":\"2018-11-09T08:16:27+00:00\",\"breadcrumb\":{\"@id\":\"https:\\\/\\\/www.cde.ual.es\\\/mantener-el-contacto-mas-barato-seguro-y-rapido\\\/#breadcrumb\"},\"inLanguage\":\"en-US\",\"potentialAction\":[{\"@type\":\"ReadAction\",\"target\":[\"https:\\\/\\\/www.cde.ual.es\\\/mantener-el-contacto-mas-barato-seguro-y-rapido\\\/\"]}]},{\"@type\":\"ImageObject\",\"inLanguage\":\"en-US\",\"@id\":\"https:\\\/\\\/www.cde.ual.es\\\/mantener-el-contacto-mas-barato-seguro-y-rapido\\\/#primaryimage\",\"url\":\"https:\\\/\\\/www.cde.ual.es\\\/wp-content\\\/uploads\\\/2018\\\/11\\\/Mantener-contacto-barato.png\",\"contentUrl\":\"https:\\\/\\\/www.cde.ual.es\\\/wp-content\\\/uploads\\\/2018\\\/11\\\/Mantener-contacto-barato.png\",\"width\":914,\"height\":514},{\"@type\":\"BreadcrumbList\",\"@id\":\"https:\\\/\\\/www.cde.ual.es\\\/mantener-el-contacto-mas-barato-seguro-y-rapido\\\/#breadcrumb\",\"itemListElement\":[{\"@type\":\"ListItem\",\"position\":1,\"name\":\"Inicio\",\"item\":\"https:\\\/\\\/www.cde.ual.es\\\/en\\\/\"},{\"@type\":\"ListItem\",\"position\":2,\"name\":\"Repositorio Mediateca\",\"item\":\"https:\\\/\\\/www.cde.ual.es\\\/category\\\/repositorio-mediateca\\\/\"},{\"@type\":\"ListItem\",\"position\":3,\"name\":\"Mediateca - Mercado en la Uni\u00f3n Europea\",\"item\":\"https:\\\/\\\/www.cde.ual.es\\\/category\\\/repositorio-mediateca\\\/mediateca-mercado-union-europea\\\/\"},{\"@type\":\"ListItem\",\"position\":4,\"name\":\"Mantener el contacto: m\u00e1s barato, seguro y r\u00e1pido\"}]},{\"@type\":\"WebSite\",\"@id\":\"https:\\\/\\\/www.cde.ual.es\\\/#website\",\"url\":\"https:\\\/\\\/www.cde.ual.es\\\/\",\"name\":\"CDE Almer\u00eda - Centro de Documentaci\u00f3n Europea - Universidad de Almer\u00eda\",\"description\":\"Centro de Documentaci\u00f3n Europea de la Universidad de Almer\u00eda\",\"publisher\":{\"@id\":\"https:\\\/\\\/www.cde.ual.es\\\/#organization\"},\"alternateName\":\"CDE Almer\u00eda\",\"potentialAction\":[{\"@type\":\"SearchAction\",\"target\":{\"@type\":\"EntryPoint\",\"urlTemplate\":\"https:\\\/\\\/www.cde.ual.es\\\/?s={search_term_string}\"},\"query-input\":{\"@type\":\"PropertyValueSpecification\",\"valueRequired\":true,\"valueName\":\"search_term_string\"}}],\"inLanguage\":\"en-US\"},{\"@type\":\"Organization\",\"@id\":\"https:\\\/\\\/www.cde.ual.es\\\/#organization\",\"name\":\"Centro de Documentaci\u00f3n Europea de Almer\u00eda\",\"url\":\"https:\\\/\\\/www.cde.ual.es\\\/\",\"logo\":{\"@type\":\"ImageObject\",\"inLanguage\":\"en-US\",\"@id\":\"https:\\\/\\\/www.cde.ual.es\\\/#\\\/schema\\\/logo\\\/image\\\/\",\"url\":\"https:\\\/\\\/www.cde.ual.es\\\/wp-content\\\/uploads\\\/2025\\\/07\\\/cde-logo-3.png\",\"contentUrl\":\"https:\\\/\\\/www.cde.ual.es\\\/wp-content\\\/uploads\\\/2025\\\/07\\\/cde-logo-3.png\",\"width\":1400,\"height\":300,\"caption\":\"Centro de Documentaci\u00f3n Europea de Almer\u00eda\"},\"image\":{\"@id\":\"https:\\\/\\\/www.cde.ual.es\\\/#\\\/schema\\\/logo\\\/image\\\/\"},\"sameAs\":[\"https:\\\/\\\/www.facebook.com\\\/cdeuniversidadalmeria\\\/\",\"https:\\\/\\\/x.com\\\/cdeualmeria\",\"https:\\\/\\\/www.tiktok.com\\\/@cdealmeria\",\"https:\\\/\\\/www.instagram.com\\\/cdealmeria\\\/\",\"https:\\\/\\\/www.linkedin.com\\\/in\\\/cde-almera-812b26a9\\\/\"]},{\"@type\":\"Person\",\"@id\":\"https:\\\/\\\/www.cde.ual.es\\\/#\\\/schema\\\/person\\\/224ef08c8bcc005f319d2713ce37ee5f\",\"name\":\"AdminCDE\",\"image\":{\"@type\":\"ImageObject\",\"inLanguage\":\"en-US\",\"@id\":\"https:\\\/\\\/secure.gravatar.com\\\/avatar\\\/a72d038d371f995cd13706fac32274b7952a52e8fb0a84b5f80c85426f2a98a8?s=96&d=mm&r=g\",\"url\":\"https:\\\/\\\/secure.gravatar.com\\\/avatar\\\/a72d038d371f995cd13706fac32274b7952a52e8fb0a84b5f80c85426f2a98a8?s=96&d=mm&r=g\",\"contentUrl\":\"https:\\\/\\\/secure.gravatar.com\\\/avatar\\\/a72d038d371f995cd13706fac32274b7952a52e8fb0a84b5f80c85426f2a98a8?s=96&d=mm&r=g\",\"caption\":\"AdminCDE\"}}]}<\/script>\n<!-- \/ Yoast SEO plugin. -->","yoast_head_json":{"title":"Mantener el contacto: m\u00e1s barato, seguro y r\u00e1pido | CDE Almer\u00eda - Centro de Documentaci\u00f3n Europea - Universidad de Almer\u00eda","robots":{"index":"index","follow":"follow","max-snippet":"max-snippet:-1","max-image-preview":"max-image-preview:large","max-video-preview":"max-video-preview:-1"},"canonical":"https:\/\/www.cde.ual.es\/mantener-el-contacto-mas-barato-seguro-y-rapido\/","og_locale":"en_US","og_type":"article","og_title":"Mantener el contacto: m\u00e1s barato, seguro y r\u00e1pido | CDE Almer\u00eda - Centro de Documentaci\u00f3n Europea - Universidad de Almer\u00eda","og_description":"T\u00edtulo:\u00a0Mantener el contacto: m\u00e1s barato, seguro y r\u00e1pido Autor:\u00a0Parlamento Europeo Duraci\u00f3n: 01:20 Resumen:\u00a0El mundo va muy r\u00e1pido. Mantener el contacto es esencial.\u00a0Pero no deber\u00eda costar un ojo de la cara\u00a0y deber\u00eda ser posible en cualquier lugar.\u00a0Por ello el Parlamento actualiza las normas de telecomunicaciones&#8230;\u00a0Los eurodiputados quieren acabar con las llamadas caras en la UE.\u00a0Desde mayo [&hellip;]","og_url":"https:\/\/www.cde.ual.es\/mantener-el-contacto-mas-barato-seguro-y-rapido\/","og_site_name":"CDE Almer\u00eda - Centro de Documentaci\u00f3n Europea - Universidad de Almer\u00eda","article_publisher":"https:\/\/www.facebook.com\/cdeuniversidadalmeria\/","article_published_time":"2018-11-09T08:16:27+00:00","og_image":[{"width":914,"height":514,"url":"https:\/\/www.cde.ual.es\/wp-content\/uploads\/2018\/11\/Mantener-contacto-barato.png","type":"image\/png"}],"author":"AdminCDE","twitter_card":"summary_large_image","twitter_creator":"@cdeualmeria","twitter_site":"@cdeualmeria","twitter_misc":{"Written by":"AdminCDE","Est. reading time":"1 minute"},"schema":{"@context":"https:\/\/schema.org","@graph":[{"@type":"Article","@id":"https:\/\/www.cde.ual.es\/mantener-el-contacto-mas-barato-seguro-y-rapido\/#article","isPartOf":{"@id":"https:\/\/www.cde.ual.es\/mantener-el-contacto-mas-barato-seguro-y-rapido\/"},"author":{"name":"AdminCDE","@id":"https:\/\/www.cde.ual.es\/#\/schema\/person\/224ef08c8bcc005f319d2713ce37ee5f"},"headline":"Mantener el contacto: m\u00e1s barato, seguro y r\u00e1pido","datePublished":"2018-11-09T08:16:27+00:00","mainEntityOfPage":{"@id":"https:\/\/www.cde.ual.es\/mantener-el-contacto-mas-barato-seguro-y-rapido\/"},"wordCount":151,"commentCount":0,"publisher":{"@id":"https:\/\/www.cde.ual.es\/#organization"},"image":{"@id":"https:\/\/www.cde.ual.es\/mantener-el-contacto-mas-barato-seguro-y-rapido\/#primaryimage"},"thumbnailUrl":"https:\/\/www.cde.ual.es\/wp-content\/uploads\/2018\/11\/Mantener-contacto-barato.png","keywords":["Consumo","Telefon\u00eda","TIcs"],"articleSection":["Mediateca - Mercado en la Uni\u00f3n Europea","Repositorio Mediateca"],"inLanguage":"en-US","potentialAction":[{"@type":"CommentAction","name":"Comment","target":["https:\/\/www.cde.ual.es\/mantener-el-contacto-mas-barato-seguro-y-rapido\/#respond"]}]},{"@type":"WebPage","@id":"https:\/\/www.cde.ual.es\/mantener-el-contacto-mas-barato-seguro-y-rapido\/","url":"https:\/\/www.cde.ual.es\/mantener-el-contacto-mas-barato-seguro-y-rapido\/","name":"Mantener el contacto: m\u00e1s barato, seguro y r\u00e1pido | CDE Almer\u00eda - Centro de Documentaci\u00f3n Europea - Universidad de Almer\u00eda","isPartOf":{"@id":"https:\/\/www.cde.ual.es\/#website"},"primaryImageOfPage":{"@id":"https:\/\/www.cde.ual.es\/mantener-el-contacto-mas-barato-seguro-y-rapido\/#primaryimage"},"image":{"@id":"https:\/\/www.cde.ual.es\/mantener-el-contacto-mas-barato-seguro-y-rapido\/#primaryimage"},"thumbnailUrl":"https:\/\/www.cde.ual.es\/wp-content\/uploads\/2018\/11\/Mantener-contacto-barato.png","datePublished":"2018-11-09T08:16:27+00:00","breadcrumb":{"@id":"https:\/\/www.cde.ual.es\/mantener-el-contacto-mas-barato-seguro-y-rapido\/#breadcrumb"},"inLanguage":"en-US","potentialAction":[{"@type":"ReadAction","target":["https:\/\/www.cde.ual.es\/mantener-el-contacto-mas-barato-seguro-y-rapido\/"]}]},{"@type":"ImageObject","inLanguage":"en-US","@id":"https:\/\/www.cde.ual.es\/mantener-el-contacto-mas-barato-seguro-y-rapido\/#primaryimage","url":"https:\/\/www.cde.ual.es\/wp-content\/uploads\/2018\/11\/Mantener-contacto-barato.png","contentUrl":"https:\/\/www.cde.ual.es\/wp-content\/uploads\/2018\/11\/Mantener-contacto-barato.png","width":914,"height":514},{"@type":"BreadcrumbList","@id":"https:\/\/www.cde.ual.es\/mantener-el-contacto-mas-barato-seguro-y-rapido\/#breadcrumb","itemListElement":[{"@type":"ListItem","position":1,"name":"Inicio","item":"https:\/\/www.cde.ual.es\/en\/"},{"@type":"ListItem","position":2,"name":"Repositorio Mediateca","item":"https:\/\/www.cde.ual.es\/category\/repositorio-mediateca\/"},{"@type":"ListItem","position":3,"name":"Mediateca - Mercado en la Uni\u00f3n Europea","item":"https:\/\/www.cde.ual.es\/category\/repositorio-mediateca\/mediateca-mercado-union-europea\/"},{"@type":"ListItem","position":4,"name":"Mantener el contacto: m\u00e1s barato, seguro y r\u00e1pido"}]},{"@type":"WebSite","@id":"https:\/\/www.cde.ual.es\/#website","url":"https:\/\/www.cde.ual.es\/","name":"CDE Almer\u00eda - Centro de Documentaci\u00f3n Europea - Universidad de Almer\u00eda","description":"Centro de Documentaci\u00f3n Europea de la Universidad de Almer\u00eda","publisher":{"@id":"https:\/\/www.cde.ual.es\/#organization"},"alternateName":"CDE Almer\u00eda","potentialAction":[{"@type":"SearchAction","target":{"@type":"EntryPoint","urlTemplate":"https:\/\/www.cde.ual.es\/?s={search_term_string}"},"query-input":{"@type":"PropertyValueSpecification","valueRequired":true,"valueName":"search_term_string"}}],"inLanguage":"en-US"},{"@type":"Organization","@id":"https:\/\/www.cde.ual.es\/#organization","name":"Centro de Documentaci\u00f3n Europea de Almer\u00eda","url":"https:\/\/www.cde.ual.es\/","logo":{"@type":"ImageObject","inLanguage":"en-US","@id":"https:\/\/www.cde.ual.es\/#\/schema\/logo\/image\/","url":"https:\/\/www.cde.ual.es\/wp-content\/uploads\/2025\/07\/cde-logo-3.png","contentUrl":"https:\/\/www.cde.ual.es\/wp-content\/uploads\/2025\/07\/cde-logo-3.png","width":1400,"height":300,"caption":"Centro de Documentaci\u00f3n Europea de Almer\u00eda"},"image":{"@id":"https:\/\/www.cde.ual.es\/#\/schema\/logo\/image\/"},"sameAs":["https:\/\/www.facebook.com\/cdeuniversidadalmeria\/","https:\/\/x.com\/cdeualmeria","https:\/\/www.tiktok.com\/@cdealmeria","https:\/\/www.instagram.com\/cdealmeria\/","https:\/\/www.linkedin.com\/in\/cde-almera-812b26a9\/"]},{"@type":"Person","@id":"https:\/\/www.cde.ual.es\/#\/schema\/person\/224ef08c8bcc005f319d2713ce37ee5f","name":"AdminCDE","image":{"@type":"ImageObject","inLanguage":"en-US","@id":"https:\/\/secure.gravatar.com\/avatar\/a72d038d371f995cd13706fac32274b7952a52e8fb0a84b5f80c85426f2a98a8?s=96&d=mm&r=g","url":"https:\/\/secure.gravatar.com\/avatar\/a72d038d371f995cd13706fac32274b7952a52e8fb0a84b5f80c85426f2a98a8?s=96&d=mm&r=g","contentUrl":"https:\/\/secure.gravatar.com\/avatar\/a72d038d371f995cd13706fac32274b7952a52e8fb0a84b5f80c85426f2a98a8?s=96&d=mm&r=g","caption":"AdminCDE"}}]}},"_links":{"self":[{"href":"https:\/\/www.cde.ual.es\/en\/wp-json\/wp\/v2\/posts\/9746","targetHints":{"allow":["GET"]}}],"collection":[{"href":"https:\/\/www.cde.ual.es\/en\/wp-json\/wp\/v2\/posts"}],"about":[{"href":"https:\/\/www.cde.ual.es\/en\/wp-json\/wp\/v2\/types\/post"}],"author":[{"embeddable":true,"href":"https:\/\/www.cde.ual.es\/en\/wp-json\/wp\/v2\/users\/1"}],"replies":[{"embeddable":true,"href":"https:\/\/www.cde.ual.es\/en\/wp-json\/wp\/v2\/comments?post=9746"}],"version-history":[{"count":0,"href":"https:\/\/www.cde.ual.es\/en\/wp-json\/wp\/v2\/posts\/9746\/revisions"}],"wp:featuredmedia":[{"embeddable":true,"href":"https:\/\/www.cde.ual.es\/en\/wp-json\/wp\/v2\/media\/9747"}],"wp:attachment":[{"href":"https:\/\/www.cde.ual.es\/en\/wp-json\/wp\/v2\/media?parent=9746"}],"wp:term":[{"taxonomy":"category","embeddable":true,"href":"https:\/\/www.cde.ual.es\/en\/wp-json\/wp\/v2\/categories?post=9746"},{"taxonomy":"post_tag","embeddable":true,"href":"https:\/\/www.cde.ual.es\/en\/wp-json\/wp\/v2\/tags?post=9746"}],"curies":[{"name":"wp","href":"https:\/\/api.w.org\/{rel}","templated":true}]}}