{"id":97317,"date":"2022-02-25T03:00:40","date_gmt":"2022-02-25T02:00:40","guid":{"rendered":"https:\/\/www.cde.ual.es\/?p=97317"},"modified":"2022-02-24T12:38:14","modified_gmt":"2022-02-24T11:38:14","slug":"do-you-know-what-the-european-tree-of-the-year-is-vote-for-your-favorite","status":"publish","type":"post","link":"https:\/\/www.cde.ual.es\/en\/do-you-know-what-the-european-tree-of-the-year-is-vote-for-your-favorite\/","title":{"rendered":"Do you know what the European Tree of the Year is? Vote for your favorite!"},"content":{"rendered":"<h4><a href=\"https:\/\/www.cde.ual.es\/wp-content\/uploads\/2022\/02\/150860a.jpg\"><img decoding=\"async\" class=\" wp-image-97305 aligncenter\" src=\"https:\/\/www.cde.ual.es\/wp-content\/uploads\/2022\/02\/150860a.jpg\" alt=\"\" width=\"700\" height=\"525\" srcset=\"https:\/\/www.cde.ual.es\/wp-content\/uploads\/2022\/02\/150860a.jpg 1100w, https:\/\/www.cde.ual.es\/wp-content\/uploads\/2022\/02\/150860a-300x225.jpg 300w, https:\/\/www.cde.ual.es\/wp-content\/uploads\/2022\/02\/150860a-1024x768.jpg 1024w, https:\/\/www.cde.ual.es\/wp-content\/uploads\/2022\/02\/150860a-768x576.jpg 768w\" sizes=\"(max-width: 700px) 100vw, 700px\" \/><\/a><\/h4>\n<h4>About the contest<\/h4>\n<p>The European Tree of the Year contest was established in 2011 as a continuation of the popular Tree of the Year contest, which has long been organized in the Czech Republic by the <a href=\"http:\/\/www.nadacepartnerstvi.cz\/Home\" target=\"_blank\" rel=\"noopener\">Alliance Foundation<\/a> (Nadace Partnerstv\u00ed). At the end of the national competitions, the winners participate in the European competition.<\/p>\n<p>Every year, online voting for the European Tree of the Year is organized by the Environmental Partnership Association (EPA), of which the Czech Environmental Partnership Foundation is a member.<\/p>\n<p>The aim of the European Tree of the Year is to highlight interesting old trees as an important natural and cultural heritage that we should cherish and protect. In the European Tree of the Year, unlike other competitions, it is not the beauty, size or age that is important, but the history and connection to people. We are looking for trees that have become an integral part of the wider community.<\/p>\n<p>The first European vote was organized in 2011. Since then, the number of countries involved in the contest has grown from 5 to 15. We are now helping to establish the contest in countries outside Europe.<\/p>\n<h4>Spanish Candidate: The Tree of Freedom<\/h4>\n<div class=\"text\">\n<p>This historic carballo was born with the Enlightenment. It witnessed in 1856 the Democratic Banquet of Conxo, a revolutionary act that claimed the ideals of the new Europe: Liberty, Equality and Fraternity. It was defended by Rosal\u00eda de Castro in a pioneering ecological denunciation in Spain. And the forest that houses it, at the foot of the Portuguese Pilgrimage Route, is today a botanical treasure chest, opened to the public in 2018 (with a great popular festival) after remaining inaccessible for more than a century.<\/p>\n<\/div>\n<div><a href=\"https:\/\/www.treeoftheyear.org\/Stromy\/Oak-of-Conxo-s-Banquet-Forest\" target=\"_blank\" rel=\"noopener\"><strong>\u00a1Vote!<\/strong><\/a><\/div>\n<div><\/div>\n","protected":false},"excerpt":{"rendered":"<p>About the contest The European Tree of the Year contest was established in 2011 as a continuation of the popular Tree of the Year contest, which has long been organized in the Czech Republic by the Alliance Foundation (Nadace Partnerstv\u00ed). At the end of the national competitions, the winners participate in the European competition. Every [&hellip;]<\/p>\n","protected":false},"author":101011,"featured_media":97306,"comment_status":"open","ping_status":"open","sticky":false,"template":"","format":"standard","meta":{"_acf_changed":false,"_relevanssi_hide_post":"","_relevanssi_hide_content":"","_relevanssi_pin_for_all":"","_relevanssi_pin_keywords":"","_relevanssi_unpin_keywords":"","_relevanssi_related_keywords":"","_relevanssi_related_include_ids":"","_relevanssi_related_exclude_ids":"","_relevanssi_related_no_append":"","_relevanssi_related_not_related":"","_relevanssi_related_posts":"","_relevanssi_noindex_reason":"","_monsterinsights_skip_tracking":false,"_monsterinsights_sitenote_active":false,"_monsterinsights_sitenote_note":"","_monsterinsights_sitenote_category":0,"_genesis_hide_title":false,"_genesis_hide_breadcrumbs":false,"_genesis_hide_singular_image":false,"_genesis_hide_footer_widgets":false,"_genesis_custom_body_class":"","_genesis_custom_post_class":"","_genesis_layout":"","footnotes":""},"categories":[4073,4071,346],"tags":[555,779,2897],"class_list":{"0":"post-97317","1":"post","2":"type-post","3":"status-publish","4":"format-standard","5":"has-post-thumbnail","7":"category-culture","8":"category-education-culture","9":"category-eu-news","10":"tag-contest","11":"tag-eu-en","12":"tag-tree","13":"entry"},"acf":[],"yoast_head":"<!-- This site is optimized with the Yoast SEO plugin v27.4 - https:\/\/yoast.com\/product\/yoast-seo-wordpress\/ -->\n<title>Do you know what the European Tree of the Year is? Vote for your favorite! | CDE Almer\u00eda - Centro de Documentaci\u00f3n Europea - Universidad de Almer\u00eda<\/title>\n<meta name=\"robots\" content=\"index, follow, max-snippet:-1, max-image-preview:large, max-video-preview:-1\" \/>\n<link rel=\"canonical\" href=\"https:\/\/www.cde.ual.es\/sabes-que-es-el-arbol-europeo-del-ano-vota-por-tu-favorito\/\" \/>\n<meta property=\"og:locale\" content=\"en_US\" \/>\n<meta property=\"og:type\" content=\"article\" \/>\n<meta property=\"og:title\" content=\"Do you know what the European Tree of the Year is? Vote for your favorite! | CDE Almer\u00eda - Centro de Documentaci\u00f3n Europea - Universidad de Almer\u00eda\" \/>\n<meta property=\"og:description\" content=\"About the contest The European Tree of the Year contest was established in 2011 as a continuation of the popular Tree of the Year contest, which has long been organized in the Czech Republic by the Alliance Foundation (Nadace Partnerstv\u00ed). At the end of the national competitions, the winners participate in the European competition. Every [&hellip;]\" \/>\n<meta property=\"og:url\" content=\"https:\/\/www.cde.ual.es\/sabes-que-es-el-arbol-europeo-del-ano-vota-por-tu-favorito\/\" \/>\n<meta property=\"og:site_name\" content=\"CDE Almer\u00eda - Centro de Documentaci\u00f3n Europea - Universidad de Almer\u00eda\" \/>\n<meta property=\"article:publisher\" content=\"https:\/\/www.facebook.com\/cdeuniversidadalmeria\/\" \/>\n<meta property=\"article:published_time\" content=\"2022-02-25T02:00:40+00:00\" \/>\n<meta property=\"og:image\" content=\"https:\/\/www.cde.ual.es\/wp-content\/uploads\/2022\/02\/150860a.jpg\" \/>\n\t<meta property=\"og:image:width\" content=\"1100\" \/>\n\t<meta property=\"og:image:height\" content=\"825\" \/>\n\t<meta property=\"og:image:type\" content=\"image\/jpeg\" \/>\n<meta name=\"author\" content=\"BECA 2 CDE\" \/>\n<meta name=\"twitter:card\" content=\"summary_large_image\" \/>\n<meta name=\"twitter:creator\" content=\"@cdeualmeria\" \/>\n<meta name=\"twitter:site\" content=\"@cdeualmeria\" \/>\n<meta name=\"twitter:label1\" content=\"Written by\" \/>\n\t<meta name=\"twitter:data1\" content=\"BECA 2 CDE\" \/>\n\t<meta name=\"twitter:label2\" content=\"Est. reading time\" \/>\n\t<meta name=\"twitter:data2\" content=\"1 minute\" \/>\n<script type=\"application\/ld+json\" class=\"yoast-schema-graph\">{\"@context\":\"https:\\\/\\\/schema.org\",\"@graph\":[{\"@type\":\"Article\",\"@id\":\"https:\\\/\\\/www.cde.ual.es\\\/sabes-que-es-el-arbol-europeo-del-ano-vota-por-tu-favorito\\\/#article\",\"isPartOf\":{\"@id\":\"https:\\\/\\\/www.cde.ual.es\\\/sabes-que-es-el-arbol-europeo-del-ano-vota-por-tu-favorito\\\/\"},\"author\":{\"name\":\"BECA 2 CDE\",\"@id\":\"https:\\\/\\\/www.cde.ual.es\\\/#\\\/schema\\\/person\\\/ee46ebc19edfa19598c02cff83335acc\"},\"headline\":\"Do you know what the European Tree of the Year is? Vote for your favorite!\",\"datePublished\":\"2022-02-25T02:00:40+00:00\",\"mainEntityOfPage\":{\"@id\":\"https:\\\/\\\/www.cde.ual.es\\\/sabes-que-es-el-arbol-europeo-del-ano-vota-por-tu-favorito\\\/\"},\"wordCount\":292,\"commentCount\":0,\"publisher\":{\"@id\":\"https:\\\/\\\/www.cde.ual.es\\\/#organization\"},\"image\":{\"@id\":\"https:\\\/\\\/www.cde.ual.es\\\/sabes-que-es-el-arbol-europeo-del-ano-vota-por-tu-favorito\\\/#primaryimage\"},\"thumbnailUrl\":\"https:\\\/\\\/www.cde.ual.es\\\/wp-content\\\/uploads\\\/2022\\\/02\\\/150860a.jpg\",\"keywords\":[\"Contest\",\"EU\",\"Tree\"],\"articleSection\":[\"Culture\",\"Education and Culture\",\"EU News\"],\"inLanguage\":\"en-US\",\"potentialAction\":[{\"@type\":\"CommentAction\",\"name\":\"Comment\",\"target\":[\"https:\\\/\\\/www.cde.ual.es\\\/sabes-que-es-el-arbol-europeo-del-ano-vota-por-tu-favorito\\\/#respond\"]}]},{\"@type\":\"WebPage\",\"@id\":\"https:\\\/\\\/www.cde.ual.es\\\/sabes-que-es-el-arbol-europeo-del-ano-vota-por-tu-favorito\\\/\",\"url\":\"https:\\\/\\\/www.cde.ual.es\\\/sabes-que-es-el-arbol-europeo-del-ano-vota-por-tu-favorito\\\/\",\"name\":\"Do you know what the European Tree of the Year is? Vote for your favorite! | CDE Almer\u00eda - Centro de Documentaci\u00f3n Europea - Universidad de Almer\u00eda\",\"isPartOf\":{\"@id\":\"https:\\\/\\\/www.cde.ual.es\\\/#website\"},\"primaryImageOfPage\":{\"@id\":\"https:\\\/\\\/www.cde.ual.es\\\/sabes-que-es-el-arbol-europeo-del-ano-vota-por-tu-favorito\\\/#primaryimage\"},\"image\":{\"@id\":\"https:\\\/\\\/www.cde.ual.es\\\/sabes-que-es-el-arbol-europeo-del-ano-vota-por-tu-favorito\\\/#primaryimage\"},\"thumbnailUrl\":\"https:\\\/\\\/www.cde.ual.es\\\/wp-content\\\/uploads\\\/2022\\\/02\\\/150860a.jpg\",\"datePublished\":\"2022-02-25T02:00:40+00:00\",\"breadcrumb\":{\"@id\":\"https:\\\/\\\/www.cde.ual.es\\\/sabes-que-es-el-arbol-europeo-del-ano-vota-por-tu-favorito\\\/#breadcrumb\"},\"inLanguage\":\"en-US\",\"potentialAction\":[{\"@type\":\"ReadAction\",\"target\":[\"https:\\\/\\\/www.cde.ual.es\\\/sabes-que-es-el-arbol-europeo-del-ano-vota-por-tu-favorito\\\/\"]}]},{\"@type\":\"ImageObject\",\"inLanguage\":\"en-US\",\"@id\":\"https:\\\/\\\/www.cde.ual.es\\\/sabes-que-es-el-arbol-europeo-del-ano-vota-por-tu-favorito\\\/#primaryimage\",\"url\":\"https:\\\/\\\/www.cde.ual.es\\\/wp-content\\\/uploads\\\/2022\\\/02\\\/150860a.jpg\",\"contentUrl\":\"https:\\\/\\\/www.cde.ual.es\\\/wp-content\\\/uploads\\\/2022\\\/02\\\/150860a.jpg\",\"width\":1100,\"height\":825},{\"@type\":\"BreadcrumbList\",\"@id\":\"https:\\\/\\\/www.cde.ual.es\\\/sabes-que-es-el-arbol-europeo-del-ano-vota-por-tu-favorito\\\/#breadcrumb\",\"itemListElement\":[{\"@type\":\"ListItem\",\"position\":1,\"name\":\"Inicio\",\"item\":\"https:\\\/\\\/www.cde.ual.es\\\/en\\\/\"},{\"@type\":\"ListItem\",\"position\":2,\"name\":\"Noticias UE\",\"item\":\"https:\\\/\\\/www.cde.ual.es\\\/category\\\/noticias-ue\\\/\"},{\"@type\":\"ListItem\",\"position\":3,\"name\":\"Cultura y Educaci\u00f3n\",\"item\":\"https:\\\/\\\/www.cde.ual.es\\\/category\\\/noticias-ue\\\/cultura-ed\\\/\"},{\"@type\":\"ListItem\",\"position\":4,\"name\":\"Culture\",\"item\":\"https:\\\/\\\/www.cde.ual.es\\\/en\\\/category\\\/eu-news\\\/education-culture\\\/culture\\\/\"},{\"@type\":\"ListItem\",\"position\":5,\"name\":\"Do you know what the European Tree of the Year is? Vote for your favorite!\"}]},{\"@type\":\"WebSite\",\"@id\":\"https:\\\/\\\/www.cde.ual.es\\\/#website\",\"url\":\"https:\\\/\\\/www.cde.ual.es\\\/\",\"name\":\"CDE Almer\u00eda - Centro de Documentaci\u00f3n Europea - Universidad de Almer\u00eda\",\"description\":\"Centro de Documentaci\u00f3n Europea de la Universidad de Almer\u00eda\",\"publisher\":{\"@id\":\"https:\\\/\\\/www.cde.ual.es\\\/#organization\"},\"alternateName\":\"CDE Almer\u00eda\",\"potentialAction\":[{\"@type\":\"SearchAction\",\"target\":{\"@type\":\"EntryPoint\",\"urlTemplate\":\"https:\\\/\\\/www.cde.ual.es\\\/?s={search_term_string}\"},\"query-input\":{\"@type\":\"PropertyValueSpecification\",\"valueRequired\":true,\"valueName\":\"search_term_string\"}}],\"inLanguage\":\"en-US\"},{\"@type\":\"Organization\",\"@id\":\"https:\\\/\\\/www.cde.ual.es\\\/#organization\",\"name\":\"Centro de Documentaci\u00f3n Europea de Almer\u00eda\",\"url\":\"https:\\\/\\\/www.cde.ual.es\\\/\",\"logo\":{\"@type\":\"ImageObject\",\"inLanguage\":\"en-US\",\"@id\":\"https:\\\/\\\/www.cde.ual.es\\\/#\\\/schema\\\/logo\\\/image\\\/\",\"url\":\"https:\\\/\\\/www.cde.ual.es\\\/wp-content\\\/uploads\\\/2025\\\/07\\\/cde-logo-3.png\",\"contentUrl\":\"https:\\\/\\\/www.cde.ual.es\\\/wp-content\\\/uploads\\\/2025\\\/07\\\/cde-logo-3.png\",\"width\":1400,\"height\":300,\"caption\":\"Centro de Documentaci\u00f3n Europea de Almer\u00eda\"},\"image\":{\"@id\":\"https:\\\/\\\/www.cde.ual.es\\\/#\\\/schema\\\/logo\\\/image\\\/\"},\"sameAs\":[\"https:\\\/\\\/www.facebook.com\\\/cdeuniversidadalmeria\\\/\",\"https:\\\/\\\/x.com\\\/cdeualmeria\",\"https:\\\/\\\/www.tiktok.com\\\/@cdealmeria\",\"https:\\\/\\\/www.instagram.com\\\/cdealmeria\\\/\",\"https:\\\/\\\/www.linkedin.com\\\/in\\\/cde-almera-812b26a9\\\/\"]},{\"@type\":\"Person\",\"@id\":\"https:\\\/\\\/www.cde.ual.es\\\/#\\\/schema\\\/person\\\/ee46ebc19edfa19598c02cff83335acc\",\"name\":\"BECA 2 CDE\",\"image\":{\"@type\":\"ImageObject\",\"inLanguage\":\"en-US\",\"@id\":\"https:\\\/\\\/secure.gravatar.com\\\/avatar\\\/35a481bbc04bbd90e91bdfa3b0b5541036c222a49b9ad37b6889a2afcb5311a5?s=96&d=mm&r=g\",\"url\":\"https:\\\/\\\/secure.gravatar.com\\\/avatar\\\/35a481bbc04bbd90e91bdfa3b0b5541036c222a49b9ad37b6889a2afcb5311a5?s=96&d=mm&r=g\",\"contentUrl\":\"https:\\\/\\\/secure.gravatar.com\\\/avatar\\\/35a481bbc04bbd90e91bdfa3b0b5541036c222a49b9ad37b6889a2afcb5311a5?s=96&d=mm&r=g\",\"caption\":\"BECA 2 CDE\"},\"sameAs\":[\"http:\\\/\\\/www.cdealmeria.com\"]}]}<\/script>\n<!-- \/ Yoast SEO plugin. -->","yoast_head_json":{"title":"Do you know what the European Tree of the Year is? Vote for your favorite! | CDE Almer\u00eda - Centro de Documentaci\u00f3n Europea - Universidad de Almer\u00eda","robots":{"index":"index","follow":"follow","max-snippet":"max-snippet:-1","max-image-preview":"max-image-preview:large","max-video-preview":"max-video-preview:-1"},"canonical":"https:\/\/www.cde.ual.es\/sabes-que-es-el-arbol-europeo-del-ano-vota-por-tu-favorito\/","og_locale":"en_US","og_type":"article","og_title":"Do you know what the European Tree of the Year is? Vote for your favorite! | CDE Almer\u00eda - Centro de Documentaci\u00f3n Europea - Universidad de Almer\u00eda","og_description":"About the contest The European Tree of the Year contest was established in 2011 as a continuation of the popular Tree of the Year contest, which has long been organized in the Czech Republic by the Alliance Foundation (Nadace Partnerstv\u00ed). At the end of the national competitions, the winners participate in the European competition. Every [&hellip;]","og_url":"https:\/\/www.cde.ual.es\/sabes-que-es-el-arbol-europeo-del-ano-vota-por-tu-favorito\/","og_site_name":"CDE Almer\u00eda - Centro de Documentaci\u00f3n Europea - Universidad de Almer\u00eda","article_publisher":"https:\/\/www.facebook.com\/cdeuniversidadalmeria\/","article_published_time":"2022-02-25T02:00:40+00:00","og_image":[{"width":1100,"height":825,"url":"https:\/\/www.cde.ual.es\/wp-content\/uploads\/2022\/02\/150860a.jpg","type":"image\/jpeg"}],"author":"BECA 2 CDE","twitter_card":"summary_large_image","twitter_creator":"@cdeualmeria","twitter_site":"@cdeualmeria","twitter_misc":{"Written by":"BECA 2 CDE","Est. reading time":"1 minute"},"schema":{"@context":"https:\/\/schema.org","@graph":[{"@type":"Article","@id":"https:\/\/www.cde.ual.es\/sabes-que-es-el-arbol-europeo-del-ano-vota-por-tu-favorito\/#article","isPartOf":{"@id":"https:\/\/www.cde.ual.es\/sabes-que-es-el-arbol-europeo-del-ano-vota-por-tu-favorito\/"},"author":{"name":"BECA 2 CDE","@id":"https:\/\/www.cde.ual.es\/#\/schema\/person\/ee46ebc19edfa19598c02cff83335acc"},"headline":"Do you know what the European Tree of the Year is? Vote for your favorite!","datePublished":"2022-02-25T02:00:40+00:00","mainEntityOfPage":{"@id":"https:\/\/www.cde.ual.es\/sabes-que-es-el-arbol-europeo-del-ano-vota-por-tu-favorito\/"},"wordCount":292,"commentCount":0,"publisher":{"@id":"https:\/\/www.cde.ual.es\/#organization"},"image":{"@id":"https:\/\/www.cde.ual.es\/sabes-que-es-el-arbol-europeo-del-ano-vota-por-tu-favorito\/#primaryimage"},"thumbnailUrl":"https:\/\/www.cde.ual.es\/wp-content\/uploads\/2022\/02\/150860a.jpg","keywords":["Contest","EU","Tree"],"articleSection":["Culture","Education and Culture","EU News"],"inLanguage":"en-US","potentialAction":[{"@type":"CommentAction","name":"Comment","target":["https:\/\/www.cde.ual.es\/sabes-que-es-el-arbol-europeo-del-ano-vota-por-tu-favorito\/#respond"]}]},{"@type":"WebPage","@id":"https:\/\/www.cde.ual.es\/sabes-que-es-el-arbol-europeo-del-ano-vota-por-tu-favorito\/","url":"https:\/\/www.cde.ual.es\/sabes-que-es-el-arbol-europeo-del-ano-vota-por-tu-favorito\/","name":"Do you know what the European Tree of the Year is? Vote for your favorite! | CDE Almer\u00eda - Centro de Documentaci\u00f3n Europea - Universidad de Almer\u00eda","isPartOf":{"@id":"https:\/\/www.cde.ual.es\/#website"},"primaryImageOfPage":{"@id":"https:\/\/www.cde.ual.es\/sabes-que-es-el-arbol-europeo-del-ano-vota-por-tu-favorito\/#primaryimage"},"image":{"@id":"https:\/\/www.cde.ual.es\/sabes-que-es-el-arbol-europeo-del-ano-vota-por-tu-favorito\/#primaryimage"},"thumbnailUrl":"https:\/\/www.cde.ual.es\/wp-content\/uploads\/2022\/02\/150860a.jpg","datePublished":"2022-02-25T02:00:40+00:00","breadcrumb":{"@id":"https:\/\/www.cde.ual.es\/sabes-que-es-el-arbol-europeo-del-ano-vota-por-tu-favorito\/#breadcrumb"},"inLanguage":"en-US","potentialAction":[{"@type":"ReadAction","target":["https:\/\/www.cde.ual.es\/sabes-que-es-el-arbol-europeo-del-ano-vota-por-tu-favorito\/"]}]},{"@type":"ImageObject","inLanguage":"en-US","@id":"https:\/\/www.cde.ual.es\/sabes-que-es-el-arbol-europeo-del-ano-vota-por-tu-favorito\/#primaryimage","url":"https:\/\/www.cde.ual.es\/wp-content\/uploads\/2022\/02\/150860a.jpg","contentUrl":"https:\/\/www.cde.ual.es\/wp-content\/uploads\/2022\/02\/150860a.jpg","width":1100,"height":825},{"@type":"BreadcrumbList","@id":"https:\/\/www.cde.ual.es\/sabes-que-es-el-arbol-europeo-del-ano-vota-por-tu-favorito\/#breadcrumb","itemListElement":[{"@type":"ListItem","position":1,"name":"Inicio","item":"https:\/\/www.cde.ual.es\/en\/"},{"@type":"ListItem","position":2,"name":"Noticias UE","item":"https:\/\/www.cde.ual.es\/category\/noticias-ue\/"},{"@type":"ListItem","position":3,"name":"Cultura y Educaci\u00f3n","item":"https:\/\/www.cde.ual.es\/category\/noticias-ue\/cultura-ed\/"},{"@type":"ListItem","position":4,"name":"Culture","item":"https:\/\/www.cde.ual.es\/en\/category\/eu-news\/education-culture\/culture\/"},{"@type":"ListItem","position":5,"name":"Do you know what the European Tree of the Year is? Vote for your favorite!"}]},{"@type":"WebSite","@id":"https:\/\/www.cde.ual.es\/#website","url":"https:\/\/www.cde.ual.es\/","name":"CDE Almer\u00eda - Centro de Documentaci\u00f3n Europea - Universidad de Almer\u00eda","description":"Centro de Documentaci\u00f3n Europea de la Universidad de Almer\u00eda","publisher":{"@id":"https:\/\/www.cde.ual.es\/#organization"},"alternateName":"CDE Almer\u00eda","potentialAction":[{"@type":"SearchAction","target":{"@type":"EntryPoint","urlTemplate":"https:\/\/www.cde.ual.es\/?s={search_term_string}"},"query-input":{"@type":"PropertyValueSpecification","valueRequired":true,"valueName":"search_term_string"}}],"inLanguage":"en-US"},{"@type":"Organization","@id":"https:\/\/www.cde.ual.es\/#organization","name":"Centro de Documentaci\u00f3n Europea de Almer\u00eda","url":"https:\/\/www.cde.ual.es\/","logo":{"@type":"ImageObject","inLanguage":"en-US","@id":"https:\/\/www.cde.ual.es\/#\/schema\/logo\/image\/","url":"https:\/\/www.cde.ual.es\/wp-content\/uploads\/2025\/07\/cde-logo-3.png","contentUrl":"https:\/\/www.cde.ual.es\/wp-content\/uploads\/2025\/07\/cde-logo-3.png","width":1400,"height":300,"caption":"Centro de Documentaci\u00f3n Europea de Almer\u00eda"},"image":{"@id":"https:\/\/www.cde.ual.es\/#\/schema\/logo\/image\/"},"sameAs":["https:\/\/www.facebook.com\/cdeuniversidadalmeria\/","https:\/\/x.com\/cdeualmeria","https:\/\/www.tiktok.com\/@cdealmeria","https:\/\/www.instagram.com\/cdealmeria\/","https:\/\/www.linkedin.com\/in\/cde-almera-812b26a9\/"]},{"@type":"Person","@id":"https:\/\/www.cde.ual.es\/#\/schema\/person\/ee46ebc19edfa19598c02cff83335acc","name":"BECA 2 CDE","image":{"@type":"ImageObject","inLanguage":"en-US","@id":"https:\/\/secure.gravatar.com\/avatar\/35a481bbc04bbd90e91bdfa3b0b5541036c222a49b9ad37b6889a2afcb5311a5?s=96&d=mm&r=g","url":"https:\/\/secure.gravatar.com\/avatar\/35a481bbc04bbd90e91bdfa3b0b5541036c222a49b9ad37b6889a2afcb5311a5?s=96&d=mm&r=g","contentUrl":"https:\/\/secure.gravatar.com\/avatar\/35a481bbc04bbd90e91bdfa3b0b5541036c222a49b9ad37b6889a2afcb5311a5?s=96&d=mm&r=g","caption":"BECA 2 CDE"},"sameAs":["http:\/\/www.cdealmeria.com"]}]}},"_links":{"self":[{"href":"https:\/\/www.cde.ual.es\/en\/wp-json\/wp\/v2\/posts\/97317","targetHints":{"allow":["GET"]}}],"collection":[{"href":"https:\/\/www.cde.ual.es\/en\/wp-json\/wp\/v2\/posts"}],"about":[{"href":"https:\/\/www.cde.ual.es\/en\/wp-json\/wp\/v2\/types\/post"}],"author":[{"embeddable":true,"href":"https:\/\/www.cde.ual.es\/en\/wp-json\/wp\/v2\/users\/101011"}],"replies":[{"embeddable":true,"href":"https:\/\/www.cde.ual.es\/en\/wp-json\/wp\/v2\/comments?post=97317"}],"version-history":[{"count":0,"href":"https:\/\/www.cde.ual.es\/en\/wp-json\/wp\/v2\/posts\/97317\/revisions"}],"wp:featuredmedia":[{"embeddable":true,"href":"https:\/\/www.cde.ual.es\/en\/wp-json\/wp\/v2\/media\/97306"}],"wp:attachment":[{"href":"https:\/\/www.cde.ual.es\/en\/wp-json\/wp\/v2\/media?parent=97317"}],"wp:term":[{"taxonomy":"category","embeddable":true,"href":"https:\/\/www.cde.ual.es\/en\/wp-json\/wp\/v2\/categories?post=97317"},{"taxonomy":"post_tag","embeddable":true,"href":"https:\/\/www.cde.ual.es\/en\/wp-json\/wp\/v2\/tags?post=97317"}],"curies":[{"name":"wp","href":"https:\/\/api.w.org\/{rel}","templated":true}]}}