{"id":9710,"date":"2018-11-09T08:49:09","date_gmt":"2018-11-09T07:49:09","guid":{"rendered":"http:\/\/www.cde.ual.es\/?p=9710"},"modified":"2018-11-09T08:49:09","modified_gmt":"2018-11-09T07:49:09","slug":"llamadas-mas-baratas-y-conectividad-5g-el-parlamento-vota-las-nuevas-reglas","status":"publish","type":"post","link":"https:\/\/www.cde.ual.es\/en\/llamadas-mas-baratas-y-conectividad-5g-el-parlamento-vota-las-nuevas-reglas\/","title":{"rendered":"Llamadas m\u00e1s baratas y conectividad 5G: el Parlamento vota las nuevas reglas"},"content":{"rendered":"<p><a href=\"http:\/\/www.cde.ual.es\/wp-content\/uploads\/2018\/11\/Llamadas-baratas.png\"><img decoding=\"async\" class=\"size-medium wp-image-9711 aligncenter\" src=\"http:\/\/www.cde.ual.es\/wp-content\/uploads\/2018\/11\/Llamadas-baratas-300x205.png\" alt=\"\" width=\"300\" height=\"205\" srcset=\"https:\/\/www.cde.ual.es\/wp-content\/uploads\/2018\/11\/Llamadas-baratas-300x205.png 300w, https:\/\/www.cde.ual.es\/wp-content\/uploads\/2018\/11\/Llamadas-baratas.png 762w\" sizes=\"(max-width: 300px) 100vw, 300px\" \/><\/a><\/p>\n<p><em><strong>El Parlamento Europeo quiere reducir el coste de las llamadas telef\u00f3nicas a otros pa\u00edses de la UE y mejorar las normas para fomentar la inversi\u00f3n en red de las empresas de telecomunicaciones.<\/strong><\/em><\/p>\n<h3><strong>M\u00e1s baratas y m\u00e1s r\u00e1pidas<\/strong><\/h3>\n<p>Las llamadas a otros pa\u00edses de la Uni\u00f3n Europea se limitar\u00e1n a 19 c\u00e9ntimos por minutos y el coste de los mensajes de texto ser\u00e1 de m\u00e1ximo 6 c\u00e9ntimos a partir del 15 de mayo de 2019, de acuerdo a las nuevas normas de telecomunicaciones que el Parlamento votar\u00e1 el 14 de noviembre.<\/p>\n<p>La reforma buscar tambi\u00e9n que los serviciones de telecomunicaciones sean m\u00e1s r\u00e1pidos, as\u00ed como fomentar la inversi\u00f3n necesaria para que la tecnolog\u00eda 5G est\u00e9 disponible en todas las ciudades europeas en 2020.<\/p>\n<p>La responsable de la propuesta, la\u00a0<a href=\"http:\/\/www.europarl.europa.eu\/meps\/es\/28390\/PILAR_DEL+CASTILLO+VERA\/home\" target=\"_blank\" rel=\"noopener\">eurodiputada espa\u00f1ola Pilar del Castillo Vera<\/a>, del Partido Popular Europeo, reconoci\u00f3 que las nuevas normas har\u00e1n que los servicios en l\u00ednea, como Skype y Whatsapp, sean &#8220;m\u00e1s transparentes y fiables&#8221;.<\/p>\n<p>&#8220;Desde la \u00faltima actualizaci\u00f3n, en 2009, el mercado de los servicios de comunicaciones electr\u00f3nicas ha cambiado de manera dr\u00e1stica. Han surgido nuevos actores como consecuencia de que los consumidores y las empresas conf\u00edan cada vez m\u00e1s en los servicios de datos y de acceso a internet. Con las nuevas reglas modernizamos el marco, al incluir a estos nuevos actores en su \u00e1mbito de aplicaci\u00f3n&#8221;, destac\u00f3 la eurodiputada.<\/p>\n<h3><strong>Protecci\u00f3n para los consumidores, inversi\u00f3n para las telecomunicaciones<\/strong><\/h3>\n<p>La reforma tiene como objetivo una mayor protecci\u00f3n de los consumidores a la hora, por ejemplo, de cambiar de compa\u00f1\u00eda y recibir compensaciones.<\/p>\n<p>Tambi\u00e9n habr\u00e1 nuevas medidas para estimular la inversi\u00f3n en redes de muy alta capacidad y para impulsar la conectividad m\u00f3vil, as\u00ed como la tecnolog\u00eda 5G.<\/p>\n<p>&#8220;Para los europeos la reforma significa una mayor conectividad, que es la condici\u00f3n previa para que Europa forme parte de la sociedad del gigabit. La industria 4.0, las ciudades inteligentes, la educaci\u00f3n, la investigaci\u00f3n o la salud m\u00f3vil son algunos de los ejemplos que explican crecimiento exponencial de la demanda de conexi\u00f3n de alta calidad, r\u00e1pida, segura y dominante&#8221;, coment\u00f3 la responsable de la propuesta.<\/p>\n<h3><strong>Alertas de emergencias en los m\u00f3viles<\/strong><\/h3>\n<p>Este paquete incluye un sistema obligatorio de alertas 112 para avisar a los ciudadanos a trav\u00e9s de mensajes de textos en el caso de que ocurran emergencias inminentes graves, como un ataque terrorista o una cat\u00e1strofe natural.<\/p>\n<h3 class=\"ep-p_text\"><span class=\"ep_name\">M\u00e1s informaci\u00f3n<\/span><\/h3>\n<ul class=\"ep_list\">\n<li>\n<div class=\"ep-p_text ep-layout_page\"><a title=\"Abrir en una nueva p\u00e1gina\" href=\"http:\/\/www.europarl.europa.eu\/news\/es\/press-room\/20180605IPR05051\/eu-telecoms-deal-fees-on-calls-across-eu-capped-by-2019-and-5g-network-by-2020\"><span class=\"ep_name\">Nota de prensa (6\/6\/2018): Acuerdo sobre las telecomunicaciones de la UE: costes de las llamadas en la UE limitados en 2019 y conexi\u00f3n 5G en 2021 (en ingl\u00e9s)<\/span><span class=\"ep_icon\">\u00a0<\/span><\/a><\/div>\n<\/li>\n<li>\n<div class=\"ep-p_text ep-layout_page\"><a title=\"Abrir en una nueva p\u00e1gina\" href=\"http:\/\/www.europarl.europa.eu\/news\/es\/headlines\/economy\/20170929STO85002\/tras-el-fin-del-roaming-el-pe-pide-llamadas-mas-baratas-entre-paises-de-la-ue\"><span class=\"ep_name\">Tras el fin del &#8220;roaming&#8221;, el Parlamento quiere abaratar las llamadas entre pa\u00edses de la UE<\/span><span class=\"ep_icon\">\u00a0<\/span><\/a><\/div>\n<\/li>\n<li>\n<div class=\"ep-p_text ep-layout_page\"><a title=\"Abrir en una nueva p\u00e1gina\" href=\"https:\/\/oeil.secure.europarl.europa.eu\/oeil\/popups\/ficheprocedure.do?reference=2016\/0288(COD)&amp;l=en\" target=\"_blank\" rel=\"noopener\"><span class=\"ep_name\">Procedimiento legislativo<\/span><span class=\"ep_icon\">\u00a0<\/span><\/a><\/div>\n<\/li>\n<li>\n<div class=\"ep-p_text ep-layout_pdf\"><a title=\"Read the PDF document\" href=\"http:\/\/www.europarl.europa.eu\/RegData\/etudes\/BRIE\/2016\/593562\/EPRS_BRI(2016)593562_EN.pdf\" target=\"_blank\" rel=\"noopener\"><span class=\"ep_name\">Estudio del Parlamento: El nuevo c\u00f3digo europeo de las comunicaciones electr\u00f3nicas (en ingl\u00e9s)<\/span><span class=\"ep_icon\">\u00a0<\/span><\/a><\/div>\n<\/li>\n<li>\n<div class=\"ep-p_text ep-layout_page\"><a title=\"Abrir en una nueva p\u00e1gina\" href=\"https:\/\/oeil.secure.europarl.europa.eu\/oeil\/popups\/ficheprocedure.do?reference=2016\/0286(COD)&amp;l=en\" target=\"_blank\" rel=\"noopener\"><span class=\"ep_name\">Procedimiento legislativo sobre el Organismo de Reguladores Europeos de Comunicaciones Electr\u00f3nicas (ORECE)<\/span><span class=\"ep_icon\">\u00a0<\/span><\/a><\/div>\n<\/li>\n<li>\n<div class=\"ep-p_text ep-layout_pdf\"><a title=\"Read the PDF document\" href=\"http:\/\/www.europarl.europa.eu\/RegData\/etudes\/BRIE\/2017\/593802\/EPRS_BRI(2017)593802_EN.pdf\" target=\"_blank\" rel=\"noopener\"><span class=\"ep_name\">Estudio del Parlamento sobre el Organismo de Reguladores Europeos de Comunicaciones Electr\u00f3nicas (ORECE)<\/span><span class=\"ep_icon\">\u00a0<\/span><\/a><\/div>\n<\/li>\n<li>\n<div class=\"ep-p_text ep-layout_page\"><a title=\"Abrir en una nueva p\u00e1gina\" href=\"http:\/\/www.europarl.europa.eu\/news\/es\/headlines\/economy\/20170612STO77250\/fin-de-los-recargos-por-usar-el-movil-en-otro-pais-de-la-ue\"><span class=\"ep_name\">Fin de los recargos por usar el m\u00f3vil en otro pa\u00eds de la UE<\/span><span class=\"ep_icon\">\u00a0<\/span><\/a><\/div>\n<\/li>\n<\/ul>\n","protected":false},"excerpt":{"rendered":"<p>El Parlamento Europeo quiere reducir el coste de las llamadas telef\u00f3nicas a otros pa\u00edses de la UE y mejorar las normas para fomentar la inversi\u00f3n en red de las empresas de telecomunicaciones. M\u00e1s baratas y m\u00e1s r\u00e1pidas Las llamadas a otros pa\u00edses de la Uni\u00f3n Europea se limitar\u00e1n a 19 c\u00e9ntimos por minutos y el [&hellip;]<\/p>\n","protected":false},"author":1,"featured_media":9711,"comment_status":"open","ping_status":"open","sticky":false,"template":"","format":"standard","meta":{"_acf_changed":false,"_relevanssi_hide_post":"","_relevanssi_hide_content":"","_relevanssi_pin_for_all":"","_relevanssi_pin_keywords":"","_relevanssi_unpin_keywords":"","_relevanssi_related_keywords":"","_relevanssi_related_include_ids":"","_relevanssi_related_exclude_ids":"","_relevanssi_related_no_append":"","_relevanssi_related_not_related":"","_relevanssi_related_posts":"","_relevanssi_noindex_reason":"","_monsterinsights_skip_tracking":false,"_monsterinsights_sitenote_active":false,"_monsterinsights_sitenote_note":"","_monsterinsights_sitenote_category":0,"_genesis_hide_title":false,"_genesis_hide_breadcrumbs":false,"_genesis_hide_singular_image":false,"_genesis_hide_footer_widgets":false,"_genesis_custom_body_class":"","_genesis_custom_post_class":"","_genesis_layout":"","footnotes":""},"categories":[96],"tags":[234,126,271,217],"class_list":{"0":"post-9710","1":"post","2":"type-post","3":"status-publish","4":"format-standard","5":"has-post-thumbnail","7":"category-noticias-ue","8":"tag-consumo","9":"tag-competitividad-empresa","10":"tag-telecomunicaciones","11":"tag-tics","12":"entry"},"acf":[],"yoast_head":"<!-- This site is optimized with the Yoast SEO plugin v27.4 - https:\/\/yoast.com\/product\/yoast-seo-wordpress\/ -->\n<title>Llamadas m\u00e1s baratas y conectividad 5G: el Parlamento vota las nuevas reglas | CDE Almer\u00eda - Centro de Documentaci\u00f3n Europea - Universidad de Almer\u00eda<\/title>\n<meta name=\"robots\" content=\"index, follow, max-snippet:-1, max-image-preview:large, max-video-preview:-1\" \/>\n<link rel=\"canonical\" href=\"https:\/\/www.cde.ual.es\/llamadas-mas-baratas-y-conectividad-5g-el-parlamento-vota-las-nuevas-reglas\/\" \/>\n<meta property=\"og:locale\" content=\"en_US\" \/>\n<meta property=\"og:type\" content=\"article\" \/>\n<meta property=\"og:title\" content=\"Llamadas m\u00e1s baratas y conectividad 5G: el Parlamento vota las nuevas reglas | CDE Almer\u00eda - Centro de Documentaci\u00f3n Europea - Universidad de Almer\u00eda\" \/>\n<meta property=\"og:description\" content=\"El Parlamento Europeo quiere reducir el coste de las llamadas telef\u00f3nicas a otros pa\u00edses de la UE y mejorar las normas para fomentar la inversi\u00f3n en red de las empresas de telecomunicaciones. M\u00e1s baratas y m\u00e1s r\u00e1pidas Las llamadas a otros pa\u00edses de la Uni\u00f3n Europea se limitar\u00e1n a 19 c\u00e9ntimos por minutos y el [&hellip;]\" \/>\n<meta property=\"og:url\" content=\"https:\/\/www.cde.ual.es\/llamadas-mas-baratas-y-conectividad-5g-el-parlamento-vota-las-nuevas-reglas\/\" \/>\n<meta property=\"og:site_name\" content=\"CDE Almer\u00eda - Centro de Documentaci\u00f3n Europea - Universidad de Almer\u00eda\" \/>\n<meta property=\"article:publisher\" content=\"https:\/\/www.facebook.com\/cdeuniversidadalmeria\/\" \/>\n<meta property=\"article:published_time\" content=\"2018-11-09T07:49:09+00:00\" \/>\n<meta property=\"og:image\" content=\"https:\/\/www.cde.ual.es\/wp-content\/uploads\/2018\/11\/Llamadas-baratas.png\" \/>\n\t<meta property=\"og:image:width\" content=\"762\" \/>\n\t<meta property=\"og:image:height\" content=\"521\" \/>\n\t<meta property=\"og:image:type\" content=\"image\/png\" \/>\n<meta name=\"author\" content=\"AdminCDE\" \/>\n<meta name=\"twitter:card\" content=\"summary_large_image\" \/>\n<meta name=\"twitter:creator\" content=\"@cdeualmeria\" \/>\n<meta name=\"twitter:site\" content=\"@cdeualmeria\" \/>\n<meta name=\"twitter:label1\" content=\"Written by\" \/>\n\t<meta name=\"twitter:data1\" content=\"AdminCDE\" \/>\n\t<meta name=\"twitter:label2\" content=\"Est. reading time\" \/>\n\t<meta name=\"twitter:data2\" content=\"3 minutes\" \/>\n<script type=\"application\/ld+json\" class=\"yoast-schema-graph\">{\"@context\":\"https:\\\/\\\/schema.org\",\"@graph\":[{\"@type\":\"Article\",\"@id\":\"https:\\\/\\\/www.cde.ual.es\\\/llamadas-mas-baratas-y-conectividad-5g-el-parlamento-vota-las-nuevas-reglas\\\/#article\",\"isPartOf\":{\"@id\":\"https:\\\/\\\/www.cde.ual.es\\\/llamadas-mas-baratas-y-conectividad-5g-el-parlamento-vota-las-nuevas-reglas\\\/\"},\"author\":{\"name\":\"AdminCDE\",\"@id\":\"https:\\\/\\\/www.cde.ual.es\\\/#\\\/schema\\\/person\\\/224ef08c8bcc005f319d2713ce37ee5f\"},\"headline\":\"Llamadas m\u00e1s baratas y conectividad 5G: el Parlamento vota las nuevas reglas\",\"datePublished\":\"2018-11-09T07:49:09+00:00\",\"mainEntityOfPage\":{\"@id\":\"https:\\\/\\\/www.cde.ual.es\\\/llamadas-mas-baratas-y-conectividad-5g-el-parlamento-vota-las-nuevas-reglas\\\/\"},\"wordCount\":546,\"commentCount\":0,\"publisher\":{\"@id\":\"https:\\\/\\\/www.cde.ual.es\\\/#organization\"},\"image\":{\"@id\":\"https:\\\/\\\/www.cde.ual.es\\\/llamadas-mas-baratas-y-conectividad-5g-el-parlamento-vota-las-nuevas-reglas\\\/#primaryimage\"},\"thumbnailUrl\":\"https:\\\/\\\/www.cde.ual.es\\\/wp-content\\\/uploads\\\/2018\\\/11\\\/Llamadas-baratas.png\",\"keywords\":[\"Consumo\",\"Mercado en la Uni\u00f3n Europea\",\"Telecomunicaciones\",\"TIcs\"],\"articleSection\":[\"Noticias UE\"],\"inLanguage\":\"en-US\",\"potentialAction\":[{\"@type\":\"CommentAction\",\"name\":\"Comment\",\"target\":[\"https:\\\/\\\/www.cde.ual.es\\\/llamadas-mas-baratas-y-conectividad-5g-el-parlamento-vota-las-nuevas-reglas\\\/#respond\"]}]},{\"@type\":\"WebPage\",\"@id\":\"https:\\\/\\\/www.cde.ual.es\\\/llamadas-mas-baratas-y-conectividad-5g-el-parlamento-vota-las-nuevas-reglas\\\/\",\"url\":\"https:\\\/\\\/www.cde.ual.es\\\/llamadas-mas-baratas-y-conectividad-5g-el-parlamento-vota-las-nuevas-reglas\\\/\",\"name\":\"Llamadas m\u00e1s baratas y conectividad 5G: el Parlamento vota las nuevas reglas | CDE Almer\u00eda - Centro de Documentaci\u00f3n Europea - Universidad de Almer\u00eda\",\"isPartOf\":{\"@id\":\"https:\\\/\\\/www.cde.ual.es\\\/#website\"},\"primaryImageOfPage\":{\"@id\":\"https:\\\/\\\/www.cde.ual.es\\\/llamadas-mas-baratas-y-conectividad-5g-el-parlamento-vota-las-nuevas-reglas\\\/#primaryimage\"},\"image\":{\"@id\":\"https:\\\/\\\/www.cde.ual.es\\\/llamadas-mas-baratas-y-conectividad-5g-el-parlamento-vota-las-nuevas-reglas\\\/#primaryimage\"},\"thumbnailUrl\":\"https:\\\/\\\/www.cde.ual.es\\\/wp-content\\\/uploads\\\/2018\\\/11\\\/Llamadas-baratas.png\",\"datePublished\":\"2018-11-09T07:49:09+00:00\",\"breadcrumb\":{\"@id\":\"https:\\\/\\\/www.cde.ual.es\\\/llamadas-mas-baratas-y-conectividad-5g-el-parlamento-vota-las-nuevas-reglas\\\/#breadcrumb\"},\"inLanguage\":\"en-US\",\"potentialAction\":[{\"@type\":\"ReadAction\",\"target\":[\"https:\\\/\\\/www.cde.ual.es\\\/llamadas-mas-baratas-y-conectividad-5g-el-parlamento-vota-las-nuevas-reglas\\\/\"]}]},{\"@type\":\"ImageObject\",\"inLanguage\":\"en-US\",\"@id\":\"https:\\\/\\\/www.cde.ual.es\\\/llamadas-mas-baratas-y-conectividad-5g-el-parlamento-vota-las-nuevas-reglas\\\/#primaryimage\",\"url\":\"https:\\\/\\\/www.cde.ual.es\\\/wp-content\\\/uploads\\\/2018\\\/11\\\/Llamadas-baratas.png\",\"contentUrl\":\"https:\\\/\\\/www.cde.ual.es\\\/wp-content\\\/uploads\\\/2018\\\/11\\\/Llamadas-baratas.png\",\"width\":762,\"height\":521},{\"@type\":\"BreadcrumbList\",\"@id\":\"https:\\\/\\\/www.cde.ual.es\\\/llamadas-mas-baratas-y-conectividad-5g-el-parlamento-vota-las-nuevas-reglas\\\/#breadcrumb\",\"itemListElement\":[{\"@type\":\"ListItem\",\"position\":1,\"name\":\"Inicio\",\"item\":\"https:\\\/\\\/www.cde.ual.es\\\/en\\\/\"},{\"@type\":\"ListItem\",\"position\":2,\"name\":\"Noticias UE\",\"item\":\"https:\\\/\\\/www.cde.ual.es\\\/category\\\/noticias-ue\\\/\"},{\"@type\":\"ListItem\",\"position\":3,\"name\":\"Llamadas m\u00e1s baratas y conectividad 5G: el Parlamento vota las nuevas reglas\"}]},{\"@type\":\"WebSite\",\"@id\":\"https:\\\/\\\/www.cde.ual.es\\\/#website\",\"url\":\"https:\\\/\\\/www.cde.ual.es\\\/\",\"name\":\"CDE Almer\u00eda - Centro de Documentaci\u00f3n Europea - Universidad de Almer\u00eda\",\"description\":\"Centro de Documentaci\u00f3n Europea de la Universidad de Almer\u00eda\",\"publisher\":{\"@id\":\"https:\\\/\\\/www.cde.ual.es\\\/#organization\"},\"alternateName\":\"CDE Almer\u00eda\",\"potentialAction\":[{\"@type\":\"SearchAction\",\"target\":{\"@type\":\"EntryPoint\",\"urlTemplate\":\"https:\\\/\\\/www.cde.ual.es\\\/?s={search_term_string}\"},\"query-input\":{\"@type\":\"PropertyValueSpecification\",\"valueRequired\":true,\"valueName\":\"search_term_string\"}}],\"inLanguage\":\"en-US\"},{\"@type\":\"Organization\",\"@id\":\"https:\\\/\\\/www.cde.ual.es\\\/#organization\",\"name\":\"Centro de Documentaci\u00f3n Europea de Almer\u00eda\",\"url\":\"https:\\\/\\\/www.cde.ual.es\\\/\",\"logo\":{\"@type\":\"ImageObject\",\"inLanguage\":\"en-US\",\"@id\":\"https:\\\/\\\/www.cde.ual.es\\\/#\\\/schema\\\/logo\\\/image\\\/\",\"url\":\"https:\\\/\\\/www.cde.ual.es\\\/wp-content\\\/uploads\\\/2025\\\/07\\\/cde-logo-3.png\",\"contentUrl\":\"https:\\\/\\\/www.cde.ual.es\\\/wp-content\\\/uploads\\\/2025\\\/07\\\/cde-logo-3.png\",\"width\":1400,\"height\":300,\"caption\":\"Centro de Documentaci\u00f3n Europea de Almer\u00eda\"},\"image\":{\"@id\":\"https:\\\/\\\/www.cde.ual.es\\\/#\\\/schema\\\/logo\\\/image\\\/\"},\"sameAs\":[\"https:\\\/\\\/www.facebook.com\\\/cdeuniversidadalmeria\\\/\",\"https:\\\/\\\/x.com\\\/cdeualmeria\",\"https:\\\/\\\/www.tiktok.com\\\/@cdealmeria\",\"https:\\\/\\\/www.instagram.com\\\/cdealmeria\\\/\",\"https:\\\/\\\/www.linkedin.com\\\/in\\\/cde-almera-812b26a9\\\/\"]},{\"@type\":\"Person\",\"@id\":\"https:\\\/\\\/www.cde.ual.es\\\/#\\\/schema\\\/person\\\/224ef08c8bcc005f319d2713ce37ee5f\",\"name\":\"AdminCDE\",\"image\":{\"@type\":\"ImageObject\",\"inLanguage\":\"en-US\",\"@id\":\"https:\\\/\\\/secure.gravatar.com\\\/avatar\\\/a72d038d371f995cd13706fac32274b7952a52e8fb0a84b5f80c85426f2a98a8?s=96&d=mm&r=g\",\"url\":\"https:\\\/\\\/secure.gravatar.com\\\/avatar\\\/a72d038d371f995cd13706fac32274b7952a52e8fb0a84b5f80c85426f2a98a8?s=96&d=mm&r=g\",\"contentUrl\":\"https:\\\/\\\/secure.gravatar.com\\\/avatar\\\/a72d038d371f995cd13706fac32274b7952a52e8fb0a84b5f80c85426f2a98a8?s=96&d=mm&r=g\",\"caption\":\"AdminCDE\"}}]}<\/script>\n<!-- \/ Yoast SEO plugin. -->","yoast_head_json":{"title":"Llamadas m\u00e1s baratas y conectividad 5G: el Parlamento vota las nuevas reglas | CDE Almer\u00eda - Centro de Documentaci\u00f3n Europea - Universidad de Almer\u00eda","robots":{"index":"index","follow":"follow","max-snippet":"max-snippet:-1","max-image-preview":"max-image-preview:large","max-video-preview":"max-video-preview:-1"},"canonical":"https:\/\/www.cde.ual.es\/llamadas-mas-baratas-y-conectividad-5g-el-parlamento-vota-las-nuevas-reglas\/","og_locale":"en_US","og_type":"article","og_title":"Llamadas m\u00e1s baratas y conectividad 5G: el Parlamento vota las nuevas reglas | CDE Almer\u00eda - Centro de Documentaci\u00f3n Europea - Universidad de Almer\u00eda","og_description":"El Parlamento Europeo quiere reducir el coste de las llamadas telef\u00f3nicas a otros pa\u00edses de la UE y mejorar las normas para fomentar la inversi\u00f3n en red de las empresas de telecomunicaciones. M\u00e1s baratas y m\u00e1s r\u00e1pidas Las llamadas a otros pa\u00edses de la Uni\u00f3n Europea se limitar\u00e1n a 19 c\u00e9ntimos por minutos y el [&hellip;]","og_url":"https:\/\/www.cde.ual.es\/llamadas-mas-baratas-y-conectividad-5g-el-parlamento-vota-las-nuevas-reglas\/","og_site_name":"CDE Almer\u00eda - Centro de Documentaci\u00f3n Europea - Universidad de Almer\u00eda","article_publisher":"https:\/\/www.facebook.com\/cdeuniversidadalmeria\/","article_published_time":"2018-11-09T07:49:09+00:00","og_image":[{"width":762,"height":521,"url":"https:\/\/www.cde.ual.es\/wp-content\/uploads\/2018\/11\/Llamadas-baratas.png","type":"image\/png"}],"author":"AdminCDE","twitter_card":"summary_large_image","twitter_creator":"@cdeualmeria","twitter_site":"@cdeualmeria","twitter_misc":{"Written by":"AdminCDE","Est. reading time":"3 minutes"},"schema":{"@context":"https:\/\/schema.org","@graph":[{"@type":"Article","@id":"https:\/\/www.cde.ual.es\/llamadas-mas-baratas-y-conectividad-5g-el-parlamento-vota-las-nuevas-reglas\/#article","isPartOf":{"@id":"https:\/\/www.cde.ual.es\/llamadas-mas-baratas-y-conectividad-5g-el-parlamento-vota-las-nuevas-reglas\/"},"author":{"name":"AdminCDE","@id":"https:\/\/www.cde.ual.es\/#\/schema\/person\/224ef08c8bcc005f319d2713ce37ee5f"},"headline":"Llamadas m\u00e1s baratas y conectividad 5G: el Parlamento vota las nuevas reglas","datePublished":"2018-11-09T07:49:09+00:00","mainEntityOfPage":{"@id":"https:\/\/www.cde.ual.es\/llamadas-mas-baratas-y-conectividad-5g-el-parlamento-vota-las-nuevas-reglas\/"},"wordCount":546,"commentCount":0,"publisher":{"@id":"https:\/\/www.cde.ual.es\/#organization"},"image":{"@id":"https:\/\/www.cde.ual.es\/llamadas-mas-baratas-y-conectividad-5g-el-parlamento-vota-las-nuevas-reglas\/#primaryimage"},"thumbnailUrl":"https:\/\/www.cde.ual.es\/wp-content\/uploads\/2018\/11\/Llamadas-baratas.png","keywords":["Consumo","Mercado en la Uni\u00f3n Europea","Telecomunicaciones","TIcs"],"articleSection":["Noticias UE"],"inLanguage":"en-US","potentialAction":[{"@type":"CommentAction","name":"Comment","target":["https:\/\/www.cde.ual.es\/llamadas-mas-baratas-y-conectividad-5g-el-parlamento-vota-las-nuevas-reglas\/#respond"]}]},{"@type":"WebPage","@id":"https:\/\/www.cde.ual.es\/llamadas-mas-baratas-y-conectividad-5g-el-parlamento-vota-las-nuevas-reglas\/","url":"https:\/\/www.cde.ual.es\/llamadas-mas-baratas-y-conectividad-5g-el-parlamento-vota-las-nuevas-reglas\/","name":"Llamadas m\u00e1s baratas y conectividad 5G: el Parlamento vota las nuevas reglas | CDE Almer\u00eda - Centro de Documentaci\u00f3n Europea - Universidad de Almer\u00eda","isPartOf":{"@id":"https:\/\/www.cde.ual.es\/#website"},"primaryImageOfPage":{"@id":"https:\/\/www.cde.ual.es\/llamadas-mas-baratas-y-conectividad-5g-el-parlamento-vota-las-nuevas-reglas\/#primaryimage"},"image":{"@id":"https:\/\/www.cde.ual.es\/llamadas-mas-baratas-y-conectividad-5g-el-parlamento-vota-las-nuevas-reglas\/#primaryimage"},"thumbnailUrl":"https:\/\/www.cde.ual.es\/wp-content\/uploads\/2018\/11\/Llamadas-baratas.png","datePublished":"2018-11-09T07:49:09+00:00","breadcrumb":{"@id":"https:\/\/www.cde.ual.es\/llamadas-mas-baratas-y-conectividad-5g-el-parlamento-vota-las-nuevas-reglas\/#breadcrumb"},"inLanguage":"en-US","potentialAction":[{"@type":"ReadAction","target":["https:\/\/www.cde.ual.es\/llamadas-mas-baratas-y-conectividad-5g-el-parlamento-vota-las-nuevas-reglas\/"]}]},{"@type":"ImageObject","inLanguage":"en-US","@id":"https:\/\/www.cde.ual.es\/llamadas-mas-baratas-y-conectividad-5g-el-parlamento-vota-las-nuevas-reglas\/#primaryimage","url":"https:\/\/www.cde.ual.es\/wp-content\/uploads\/2018\/11\/Llamadas-baratas.png","contentUrl":"https:\/\/www.cde.ual.es\/wp-content\/uploads\/2018\/11\/Llamadas-baratas.png","width":762,"height":521},{"@type":"BreadcrumbList","@id":"https:\/\/www.cde.ual.es\/llamadas-mas-baratas-y-conectividad-5g-el-parlamento-vota-las-nuevas-reglas\/#breadcrumb","itemListElement":[{"@type":"ListItem","position":1,"name":"Inicio","item":"https:\/\/www.cde.ual.es\/en\/"},{"@type":"ListItem","position":2,"name":"Noticias UE","item":"https:\/\/www.cde.ual.es\/category\/noticias-ue\/"},{"@type":"ListItem","position":3,"name":"Llamadas m\u00e1s baratas y conectividad 5G: el Parlamento vota las nuevas reglas"}]},{"@type":"WebSite","@id":"https:\/\/www.cde.ual.es\/#website","url":"https:\/\/www.cde.ual.es\/","name":"CDE Almer\u00eda - Centro de Documentaci\u00f3n Europea - Universidad de Almer\u00eda","description":"Centro de Documentaci\u00f3n Europea de la Universidad de Almer\u00eda","publisher":{"@id":"https:\/\/www.cde.ual.es\/#organization"},"alternateName":"CDE Almer\u00eda","potentialAction":[{"@type":"SearchAction","target":{"@type":"EntryPoint","urlTemplate":"https:\/\/www.cde.ual.es\/?s={search_term_string}"},"query-input":{"@type":"PropertyValueSpecification","valueRequired":true,"valueName":"search_term_string"}}],"inLanguage":"en-US"},{"@type":"Organization","@id":"https:\/\/www.cde.ual.es\/#organization","name":"Centro de Documentaci\u00f3n Europea de Almer\u00eda","url":"https:\/\/www.cde.ual.es\/","logo":{"@type":"ImageObject","inLanguage":"en-US","@id":"https:\/\/www.cde.ual.es\/#\/schema\/logo\/image\/","url":"https:\/\/www.cde.ual.es\/wp-content\/uploads\/2025\/07\/cde-logo-3.png","contentUrl":"https:\/\/www.cde.ual.es\/wp-content\/uploads\/2025\/07\/cde-logo-3.png","width":1400,"height":300,"caption":"Centro de Documentaci\u00f3n Europea de Almer\u00eda"},"image":{"@id":"https:\/\/www.cde.ual.es\/#\/schema\/logo\/image\/"},"sameAs":["https:\/\/www.facebook.com\/cdeuniversidadalmeria\/","https:\/\/x.com\/cdeualmeria","https:\/\/www.tiktok.com\/@cdealmeria","https:\/\/www.instagram.com\/cdealmeria\/","https:\/\/www.linkedin.com\/in\/cde-almera-812b26a9\/"]},{"@type":"Person","@id":"https:\/\/www.cde.ual.es\/#\/schema\/person\/224ef08c8bcc005f319d2713ce37ee5f","name":"AdminCDE","image":{"@type":"ImageObject","inLanguage":"en-US","@id":"https:\/\/secure.gravatar.com\/avatar\/a72d038d371f995cd13706fac32274b7952a52e8fb0a84b5f80c85426f2a98a8?s=96&d=mm&r=g","url":"https:\/\/secure.gravatar.com\/avatar\/a72d038d371f995cd13706fac32274b7952a52e8fb0a84b5f80c85426f2a98a8?s=96&d=mm&r=g","contentUrl":"https:\/\/secure.gravatar.com\/avatar\/a72d038d371f995cd13706fac32274b7952a52e8fb0a84b5f80c85426f2a98a8?s=96&d=mm&r=g","caption":"AdminCDE"}}]}},"_links":{"self":[{"href":"https:\/\/www.cde.ual.es\/en\/wp-json\/wp\/v2\/posts\/9710","targetHints":{"allow":["GET"]}}],"collection":[{"href":"https:\/\/www.cde.ual.es\/en\/wp-json\/wp\/v2\/posts"}],"about":[{"href":"https:\/\/www.cde.ual.es\/en\/wp-json\/wp\/v2\/types\/post"}],"author":[{"embeddable":true,"href":"https:\/\/www.cde.ual.es\/en\/wp-json\/wp\/v2\/users\/1"}],"replies":[{"embeddable":true,"href":"https:\/\/www.cde.ual.es\/en\/wp-json\/wp\/v2\/comments?post=9710"}],"version-history":[{"count":0,"href":"https:\/\/www.cde.ual.es\/en\/wp-json\/wp\/v2\/posts\/9710\/revisions"}],"wp:featuredmedia":[{"embeddable":true,"href":"https:\/\/www.cde.ual.es\/en\/wp-json\/wp\/v2\/media\/9711"}],"wp:attachment":[{"href":"https:\/\/www.cde.ual.es\/en\/wp-json\/wp\/v2\/media?parent=9710"}],"wp:term":[{"taxonomy":"category","embeddable":true,"href":"https:\/\/www.cde.ual.es\/en\/wp-json\/wp\/v2\/categories?post=9710"},{"taxonomy":"post_tag","embeddable":true,"href":"https:\/\/www.cde.ual.es\/en\/wp-json\/wp\/v2\/tags?post=9710"}],"curies":[{"name":"wp","href":"https:\/\/api.w.org\/{rel}","templated":true}]}}