{"id":9698,"date":"2018-11-09T08:15:35","date_gmt":"2018-11-09T07:15:35","guid":{"rendered":"http:\/\/www.cde.ual.es\/?p=9698"},"modified":"2018-11-08T13:31:49","modified_gmt":"2018-11-08T12:31:49","slug":"malaga-es-galardonada-en-la-categoria-de-accesibilidad-en-el-concurso-capital-europea-de-turismo-inteligente-de-la-comision-europea","status":"publish","type":"post","link":"https:\/\/www.cde.ual.es\/en\/malaga-es-galardonada-en-la-categoria-de-accesibilidad-en-el-concurso-capital-europea-de-turismo-inteligente-de-la-comision-europea\/","title":{"rendered":"M\u00e1laga es galardonada en la categor\u00eda de accesibilidad en el concurso  \u201cCapital Europea de Turismo Inteligente\u201d de la Comisi\u00f3n Europea"},"content":{"rendered":"<p><a href=\"http:\/\/www.cde.ual.es\/wp-content\/uploads\/2018\/11\/Capital-europea-turismo-inteligente.png\"><img decoding=\"async\" class=\"size-medium wp-image-9699 aligncenter\" src=\"http:\/\/www.cde.ual.es\/wp-content\/uploads\/2018\/11\/Capital-europea-turismo-inteligente-300x146.png\" alt=\"\" width=\"300\" height=\"146\" srcset=\"https:\/\/www.cde.ual.es\/wp-content\/uploads\/2018\/11\/Capital-europea-turismo-inteligente-300x146.png 300w, https:\/\/www.cde.ual.es\/wp-content\/uploads\/2018\/11\/Capital-europea-turismo-inteligente-768x373.png 768w, https:\/\/www.cde.ual.es\/wp-content\/uploads\/2018\/11\/Capital-europea-turismo-inteligente-1024x498.png 1024w, https:\/\/www.cde.ual.es\/wp-content\/uploads\/2018\/11\/Capital-europea-turismo-inteligente.png 1029w\" sizes=\"(max-width: 300px) 100vw, 300px\" \/><\/a><\/p>\n<p><b><span lang=\"ES-TRAD\">En el marco del D\u00eda Europeo del Turismo, celebrado el pasado 7 de noviembre en Bruselas, tuvo lugar la ceremonia de entrega de los premios de la primera edici\u00f3n del certamen \u201c<i>European Capital of Smart Tourism 2019\u201d,\u00a0<\/i>distinci\u00f3n europea de turismo inteligente de la Comisi\u00f3n Europea.<\/span><\/b><\/p>\n<h3>\u00bfQu\u00e9 es el\u00a0<span lang=\"ES-TRAD\"> \u201c<i>European Capital of Smart Tourism 2019\u201d?<\/i><\/span><\/h3>\n<p>La Capital Europea del Turismo Inteligente es un concurso que reconoce logros sobresalientes en cuatro categor\u00edas: en sostenibilidad, accesibilidad, digitalizaci\u00f3n, patrimonio cultural y creatividad de los destinos de ciudades europeas.<\/p>\n<h3>Premios<\/h3>\n<p style=\"font-weight: 400;\">A trav\u00e9s de dicho concurso,\u00a0lanzado el pasado mes de abril,\u00a0 la Comisi\u00f3n Europea ha querido otorgar el t\u00edtulo de \u201cCapital Europea del Turismo Inteligente 2019\u201d a las dos ciudades europeas con los enfoques m\u00e1s innovadores e inclusivos para su desarrollo tur\u00edstico. Lyon (Francia) y Helsinki (Finlandia) se han alzado con los dos t\u00edtulos, siendo la capital de la Costa del Sol la \u00fanica ciudad espa\u00f1ola premiada, dentro de la categor\u00eda de accesibilidad.<\/p>\n<p style=\"font-weight: 400;\">M\u00e1laga fue la ciudad que demostr\u00f3 las soluciones m\u00e1s inteligentes, innovadoras e inclusivas en accesibilidad tur\u00edstica, como el proyecto \u201cDisfruta en la Playa\u201d, de accesibilidad en la costa para personas con movilidad reducida, la adaptaci\u00f3n completa de su flota de autobuses urbanos o el proyecto \u201cM\u00e1laga Ciudad Accesible\u201d, que ofrece rutas culturales y tur\u00edsticas para todo tipo de audiencias.<\/p>\n<p style=\"font-weight: 400;\">Tras la ceremonia de premios se celebr\u00f3 una rueda de prensa en la Representaci\u00f3n de Espa\u00f1a ante la Uni\u00f3n Europea, a la que acudieron el Embajador Representante Permanente de Espa\u00f1a\u00a0ante la Uni\u00f3n Europea y el Consejero de Turismo en B\u00e9lgica, entre otras personalidades destacadas.<\/p>\n<h3>M\u00e1s informaci\u00f3n<\/h3>\n<p><a href=\"https:\/\/smarttourismcapital.eu\/\">SmatTourismCapital<\/a><\/p>\n","protected":false},"excerpt":{"rendered":"<p>En el marco del D\u00eda Europeo del Turismo, celebrado el pasado 7 de noviembre en Bruselas, tuvo lugar la ceremonia de entrega de los premios de la primera edici\u00f3n del certamen \u201cEuropean Capital of Smart Tourism 2019\u201d,\u00a0distinci\u00f3n europea de turismo inteligente de la Comisi\u00f3n Europea. \u00bfQu\u00e9 es el\u00a0 \u201cEuropean Capital of Smart Tourism 2019\u201d? La [&hellip;]<\/p>\n","protected":false},"author":1,"featured_media":9699,"comment_status":"open","ping_status":"open","sticky":false,"template":"","format":"standard","meta":{"_acf_changed":false,"_relevanssi_hide_post":"","_relevanssi_hide_content":"","_relevanssi_pin_for_all":"","_relevanssi_pin_keywords":"","_relevanssi_unpin_keywords":"","_relevanssi_related_keywords":"","_relevanssi_related_include_ids":"","_relevanssi_related_exclude_ids":"","_relevanssi_related_no_append":"","_relevanssi_related_not_related":"","_relevanssi_related_posts":"","_relevanssi_noindex_reason":"","_monsterinsights_skip_tracking":false,"_monsterinsights_sitenote_active":false,"_monsterinsights_sitenote_note":"","_monsterinsights_sitenote_category":0,"_genesis_hide_title":false,"_genesis_hide_breadcrumbs":false,"_genesis_hide_singular_image":false,"_genesis_hide_footer_widgets":false,"_genesis_custom_body_class":"","_genesis_custom_post_class":"","_genesis_layout":"","footnotes":""},"categories":[136],"tags":[270,269],"class_list":{"0":"post-9698","1":"post","2":"type-post","3":"status-publish","4":"format-standard","5":"has-post-thumbnail","7":"category-convocatorias-y-premios-ue","8":"tag-desarrollo-sostenible","9":"tag-turismo","10":"entry"},"acf":[],"yoast_head":"<!-- This site is optimized with the Yoast SEO plugin v27.5 - https:\/\/yoast.com\/product\/yoast-seo-wordpress\/ -->\n<title>M\u00e1laga es galardonada en la categor\u00eda de accesibilidad en el concurso \u201cCapital Europea de Turismo Inteligente\u201d de la Comisi\u00f3n Europea | CDE Almer\u00eda - Centro de Documentaci\u00f3n Europea - Universidad de Almer\u00eda<\/title>\n<meta name=\"robots\" content=\"index, follow, max-snippet:-1, max-image-preview:large, max-video-preview:-1\" \/>\n<link rel=\"canonical\" href=\"https:\/\/www.cde.ual.es\/malaga-es-galardonada-en-la-categoria-de-accesibilidad-en-el-concurso-capital-europea-de-turismo-inteligente-de-la-comision-europea\/\" \/>\n<meta property=\"og:locale\" content=\"en_US\" \/>\n<meta property=\"og:type\" content=\"article\" \/>\n<meta property=\"og:title\" content=\"M\u00e1laga es galardonada en la categor\u00eda de accesibilidad en el concurso \u201cCapital Europea de Turismo Inteligente\u201d de la Comisi\u00f3n Europea | CDE Almer\u00eda - Centro de Documentaci\u00f3n Europea - Universidad de Almer\u00eda\" \/>\n<meta property=\"og:description\" content=\"En el marco del D\u00eda Europeo del Turismo, celebrado el pasado 7 de noviembre en Bruselas, tuvo lugar la ceremonia de entrega de los premios de la primera edici\u00f3n del certamen \u201cEuropean Capital of Smart Tourism 2019\u201d,\u00a0distinci\u00f3n europea de turismo inteligente de la Comisi\u00f3n Europea. \u00bfQu\u00e9 es el\u00a0 \u201cEuropean Capital of Smart Tourism 2019\u201d? La [&hellip;]\" \/>\n<meta property=\"og:url\" content=\"https:\/\/www.cde.ual.es\/malaga-es-galardonada-en-la-categoria-de-accesibilidad-en-el-concurso-capital-europea-de-turismo-inteligente-de-la-comision-europea\/\" \/>\n<meta property=\"og:site_name\" content=\"CDE Almer\u00eda - Centro de Documentaci\u00f3n Europea - Universidad de Almer\u00eda\" \/>\n<meta property=\"article:publisher\" content=\"https:\/\/www.facebook.com\/cdeuniversidadalmeria\/\" \/>\n<meta property=\"article:published_time\" content=\"2018-11-09T07:15:35+00:00\" \/>\n<meta property=\"og:image\" content=\"https:\/\/www.cde.ual.es\/wp-content\/uploads\/2018\/11\/Capital-europea-turismo-inteligente.png\" \/>\n\t<meta property=\"og:image:width\" content=\"1029\" \/>\n\t<meta property=\"og:image:height\" content=\"500\" \/>\n\t<meta property=\"og:image:type\" content=\"image\/png\" \/>\n<meta name=\"author\" content=\"AdminCDE\" \/>\n<meta name=\"twitter:card\" content=\"summary_large_image\" \/>\n<meta name=\"twitter:creator\" content=\"@cdeualmeria\" \/>\n<meta name=\"twitter:site\" content=\"@cdeualmeria\" \/>\n<meta name=\"twitter:label1\" content=\"Written by\" \/>\n\t<meta name=\"twitter:data1\" content=\"AdminCDE\" \/>\n\t<meta name=\"twitter:label2\" content=\"Est. reading time\" \/>\n\t<meta name=\"twitter:data2\" content=\"1 minute\" \/>\n<script type=\"application\/ld+json\" class=\"yoast-schema-graph\">{\"@context\":\"https:\\\/\\\/schema.org\",\"@graph\":[{\"@type\":\"Article\",\"@id\":\"https:\\\/\\\/www.cde.ual.es\\\/malaga-es-galardonada-en-la-categoria-de-accesibilidad-en-el-concurso-capital-europea-de-turismo-inteligente-de-la-comision-europea\\\/#article\",\"isPartOf\":{\"@id\":\"https:\\\/\\\/www.cde.ual.es\\\/malaga-es-galardonada-en-la-categoria-de-accesibilidad-en-el-concurso-capital-europea-de-turismo-inteligente-de-la-comision-europea\\\/\"},\"author\":{\"name\":\"AdminCDE\",\"@id\":\"https:\\\/\\\/www.cde.ual.es\\\/#\\\/schema\\\/person\\\/224ef08c8bcc005f319d2713ce37ee5f\"},\"headline\":\"M\u00e1laga es galardonada en la categor\u00eda de accesibilidad en el concurso \u201cCapital Europea de Turismo Inteligente\u201d de la Comisi\u00f3n Europea\",\"datePublished\":\"2018-11-09T07:15:35+00:00\",\"mainEntityOfPage\":{\"@id\":\"https:\\\/\\\/www.cde.ual.es\\\/malaga-es-galardonada-en-la-categoria-de-accesibilidad-en-el-concurso-capital-europea-de-turismo-inteligente-de-la-comision-europea\\\/\"},\"wordCount\":313,\"commentCount\":0,\"publisher\":{\"@id\":\"https:\\\/\\\/www.cde.ual.es\\\/#organization\"},\"image\":{\"@id\":\"https:\\\/\\\/www.cde.ual.es\\\/malaga-es-galardonada-en-la-categoria-de-accesibilidad-en-el-concurso-capital-europea-de-turismo-inteligente-de-la-comision-europea\\\/#primaryimage\"},\"thumbnailUrl\":\"https:\\\/\\\/www.cde.ual.es\\\/wp-content\\\/uploads\\\/2018\\\/11\\\/Capital-europea-turismo-inteligente.png\",\"keywords\":[\"Desarrollo Sostenible\",\"Turismo\"],\"articleSection\":[\"Convocatorias y Premios UE\"],\"inLanguage\":\"en-US\",\"potentialAction\":[{\"@type\":\"CommentAction\",\"name\":\"Comment\",\"target\":[\"https:\\\/\\\/www.cde.ual.es\\\/malaga-es-galardonada-en-la-categoria-de-accesibilidad-en-el-concurso-capital-europea-de-turismo-inteligente-de-la-comision-europea\\\/#respond\"]}]},{\"@type\":\"WebPage\",\"@id\":\"https:\\\/\\\/www.cde.ual.es\\\/malaga-es-galardonada-en-la-categoria-de-accesibilidad-en-el-concurso-capital-europea-de-turismo-inteligente-de-la-comision-europea\\\/\",\"url\":\"https:\\\/\\\/www.cde.ual.es\\\/malaga-es-galardonada-en-la-categoria-de-accesibilidad-en-el-concurso-capital-europea-de-turismo-inteligente-de-la-comision-europea\\\/\",\"name\":\"M\u00e1laga es galardonada en la categor\u00eda de accesibilidad en el concurso \u201cCapital Europea de Turismo Inteligente\u201d de la Comisi\u00f3n Europea | CDE Almer\u00eda - Centro de Documentaci\u00f3n Europea - Universidad de Almer\u00eda\",\"isPartOf\":{\"@id\":\"https:\\\/\\\/www.cde.ual.es\\\/#website\"},\"primaryImageOfPage\":{\"@id\":\"https:\\\/\\\/www.cde.ual.es\\\/malaga-es-galardonada-en-la-categoria-de-accesibilidad-en-el-concurso-capital-europea-de-turismo-inteligente-de-la-comision-europea\\\/#primaryimage\"},\"image\":{\"@id\":\"https:\\\/\\\/www.cde.ual.es\\\/malaga-es-galardonada-en-la-categoria-de-accesibilidad-en-el-concurso-capital-europea-de-turismo-inteligente-de-la-comision-europea\\\/#primaryimage\"},\"thumbnailUrl\":\"https:\\\/\\\/www.cde.ual.es\\\/wp-content\\\/uploads\\\/2018\\\/11\\\/Capital-europea-turismo-inteligente.png\",\"datePublished\":\"2018-11-09T07:15:35+00:00\",\"breadcrumb\":{\"@id\":\"https:\\\/\\\/www.cde.ual.es\\\/malaga-es-galardonada-en-la-categoria-de-accesibilidad-en-el-concurso-capital-europea-de-turismo-inteligente-de-la-comision-europea\\\/#breadcrumb\"},\"inLanguage\":\"en-US\",\"potentialAction\":[{\"@type\":\"ReadAction\",\"target\":[\"https:\\\/\\\/www.cde.ual.es\\\/malaga-es-galardonada-en-la-categoria-de-accesibilidad-en-el-concurso-capital-europea-de-turismo-inteligente-de-la-comision-europea\\\/\"]}]},{\"@type\":\"ImageObject\",\"inLanguage\":\"en-US\",\"@id\":\"https:\\\/\\\/www.cde.ual.es\\\/malaga-es-galardonada-en-la-categoria-de-accesibilidad-en-el-concurso-capital-europea-de-turismo-inteligente-de-la-comision-europea\\\/#primaryimage\",\"url\":\"https:\\\/\\\/www.cde.ual.es\\\/wp-content\\\/uploads\\\/2018\\\/11\\\/Capital-europea-turismo-inteligente.png\",\"contentUrl\":\"https:\\\/\\\/www.cde.ual.es\\\/wp-content\\\/uploads\\\/2018\\\/11\\\/Capital-europea-turismo-inteligente.png\",\"width\":1029,\"height\":500},{\"@type\":\"BreadcrumbList\",\"@id\":\"https:\\\/\\\/www.cde.ual.es\\\/malaga-es-galardonada-en-la-categoria-de-accesibilidad-en-el-concurso-capital-europea-de-turismo-inteligente-de-la-comision-europea\\\/#breadcrumb\",\"itemListElement\":[{\"@type\":\"ListItem\",\"position\":1,\"name\":\"Inicio\",\"item\":\"https:\\\/\\\/www.cde.ual.es\\\/en\\\/\"},{\"@type\":\"ListItem\",\"position\":2,\"name\":\"Convocatorias y Premios UE\",\"item\":\"https:\\\/\\\/www.cde.ual.es\\\/category\\\/convocatorias-y-premios-ue\\\/\"},{\"@type\":\"ListItem\",\"position\":3,\"name\":\"M\u00e1laga es galardonada en la categor\u00eda de accesibilidad en el concurso \u201cCapital Europea de Turismo Inteligente\u201d de la Comisi\u00f3n Europea\"}]},{\"@type\":\"WebSite\",\"@id\":\"https:\\\/\\\/www.cde.ual.es\\\/#website\",\"url\":\"https:\\\/\\\/www.cde.ual.es\\\/\",\"name\":\"CDE Almer\u00eda - Centro de Documentaci\u00f3n Europea - Universidad de Almer\u00eda\",\"description\":\"Centro de Documentaci\u00f3n Europea de la Universidad de Almer\u00eda\",\"publisher\":{\"@id\":\"https:\\\/\\\/www.cde.ual.es\\\/#organization\"},\"alternateName\":\"CDE Almer\u00eda\",\"potentialAction\":[{\"@type\":\"SearchAction\",\"target\":{\"@type\":\"EntryPoint\",\"urlTemplate\":\"https:\\\/\\\/www.cde.ual.es\\\/?s={search_term_string}\"},\"query-input\":{\"@type\":\"PropertyValueSpecification\",\"valueRequired\":true,\"valueName\":\"search_term_string\"}}],\"inLanguage\":\"en-US\"},{\"@type\":\"Organization\",\"@id\":\"https:\\\/\\\/www.cde.ual.es\\\/#organization\",\"name\":\"Centro de Documentaci\u00f3n Europea de Almer\u00eda\",\"url\":\"https:\\\/\\\/www.cde.ual.es\\\/\",\"logo\":{\"@type\":\"ImageObject\",\"inLanguage\":\"en-US\",\"@id\":\"https:\\\/\\\/www.cde.ual.es\\\/#\\\/schema\\\/logo\\\/image\\\/\",\"url\":\"https:\\\/\\\/www.cde.ual.es\\\/wp-content\\\/uploads\\\/2025\\\/07\\\/cde-logo-3.png\",\"contentUrl\":\"https:\\\/\\\/www.cde.ual.es\\\/wp-content\\\/uploads\\\/2025\\\/07\\\/cde-logo-3.png\",\"width\":1400,\"height\":300,\"caption\":\"Centro de Documentaci\u00f3n Europea de Almer\u00eda\"},\"image\":{\"@id\":\"https:\\\/\\\/www.cde.ual.es\\\/#\\\/schema\\\/logo\\\/image\\\/\"},\"sameAs\":[\"https:\\\/\\\/www.facebook.com\\\/cdeuniversidadalmeria\\\/\",\"https:\\\/\\\/x.com\\\/cdeualmeria\",\"https:\\\/\\\/www.tiktok.com\\\/@cdealmeria\",\"https:\\\/\\\/www.instagram.com\\\/cdealmeria\\\/\",\"https:\\\/\\\/www.linkedin.com\\\/in\\\/cde-almera-812b26a9\\\/\"]},{\"@type\":\"Person\",\"@id\":\"https:\\\/\\\/www.cde.ual.es\\\/#\\\/schema\\\/person\\\/224ef08c8bcc005f319d2713ce37ee5f\",\"name\":\"AdminCDE\",\"image\":{\"@type\":\"ImageObject\",\"inLanguage\":\"en-US\",\"@id\":\"https:\\\/\\\/secure.gravatar.com\\\/avatar\\\/a72d038d371f995cd13706fac32274b7952a52e8fb0a84b5f80c85426f2a98a8?s=96&d=mm&r=g\",\"url\":\"https:\\\/\\\/secure.gravatar.com\\\/avatar\\\/a72d038d371f995cd13706fac32274b7952a52e8fb0a84b5f80c85426f2a98a8?s=96&d=mm&r=g\",\"contentUrl\":\"https:\\\/\\\/secure.gravatar.com\\\/avatar\\\/a72d038d371f995cd13706fac32274b7952a52e8fb0a84b5f80c85426f2a98a8?s=96&d=mm&r=g\",\"caption\":\"AdminCDE\"}}]}<\/script>\n<!-- \/ Yoast SEO plugin. -->","yoast_head_json":{"title":"M\u00e1laga es galardonada en la categor\u00eda de accesibilidad en el concurso \u201cCapital Europea de Turismo Inteligente\u201d de la Comisi\u00f3n Europea | CDE Almer\u00eda - Centro de Documentaci\u00f3n Europea - Universidad de Almer\u00eda","robots":{"index":"index","follow":"follow","max-snippet":"max-snippet:-1","max-image-preview":"max-image-preview:large","max-video-preview":"max-video-preview:-1"},"canonical":"https:\/\/www.cde.ual.es\/malaga-es-galardonada-en-la-categoria-de-accesibilidad-en-el-concurso-capital-europea-de-turismo-inteligente-de-la-comision-europea\/","og_locale":"en_US","og_type":"article","og_title":"M\u00e1laga es galardonada en la categor\u00eda de accesibilidad en el concurso \u201cCapital Europea de Turismo Inteligente\u201d de la Comisi\u00f3n Europea | CDE Almer\u00eda - Centro de Documentaci\u00f3n Europea - Universidad de Almer\u00eda","og_description":"En el marco del D\u00eda Europeo del Turismo, celebrado el pasado 7 de noviembre en Bruselas, tuvo lugar la ceremonia de entrega de los premios de la primera edici\u00f3n del certamen \u201cEuropean Capital of Smart Tourism 2019\u201d,\u00a0distinci\u00f3n europea de turismo inteligente de la Comisi\u00f3n Europea. \u00bfQu\u00e9 es el\u00a0 \u201cEuropean Capital of Smart Tourism 2019\u201d? La [&hellip;]","og_url":"https:\/\/www.cde.ual.es\/malaga-es-galardonada-en-la-categoria-de-accesibilidad-en-el-concurso-capital-europea-de-turismo-inteligente-de-la-comision-europea\/","og_site_name":"CDE Almer\u00eda - Centro de Documentaci\u00f3n Europea - Universidad de Almer\u00eda","article_publisher":"https:\/\/www.facebook.com\/cdeuniversidadalmeria\/","article_published_time":"2018-11-09T07:15:35+00:00","og_image":[{"width":1029,"height":500,"url":"https:\/\/www.cde.ual.es\/wp-content\/uploads\/2018\/11\/Capital-europea-turismo-inteligente.png","type":"image\/png"}],"author":"AdminCDE","twitter_card":"summary_large_image","twitter_creator":"@cdeualmeria","twitter_site":"@cdeualmeria","twitter_misc":{"Written by":"AdminCDE","Est. reading time":"1 minute"},"schema":{"@context":"https:\/\/schema.org","@graph":[{"@type":"Article","@id":"https:\/\/www.cde.ual.es\/malaga-es-galardonada-en-la-categoria-de-accesibilidad-en-el-concurso-capital-europea-de-turismo-inteligente-de-la-comision-europea\/#article","isPartOf":{"@id":"https:\/\/www.cde.ual.es\/malaga-es-galardonada-en-la-categoria-de-accesibilidad-en-el-concurso-capital-europea-de-turismo-inteligente-de-la-comision-europea\/"},"author":{"name":"AdminCDE","@id":"https:\/\/www.cde.ual.es\/#\/schema\/person\/224ef08c8bcc005f319d2713ce37ee5f"},"headline":"M\u00e1laga es galardonada en la categor\u00eda de accesibilidad en el concurso \u201cCapital Europea de Turismo Inteligente\u201d de la Comisi\u00f3n Europea","datePublished":"2018-11-09T07:15:35+00:00","mainEntityOfPage":{"@id":"https:\/\/www.cde.ual.es\/malaga-es-galardonada-en-la-categoria-de-accesibilidad-en-el-concurso-capital-europea-de-turismo-inteligente-de-la-comision-europea\/"},"wordCount":313,"commentCount":0,"publisher":{"@id":"https:\/\/www.cde.ual.es\/#organization"},"image":{"@id":"https:\/\/www.cde.ual.es\/malaga-es-galardonada-en-la-categoria-de-accesibilidad-en-el-concurso-capital-europea-de-turismo-inteligente-de-la-comision-europea\/#primaryimage"},"thumbnailUrl":"https:\/\/www.cde.ual.es\/wp-content\/uploads\/2018\/11\/Capital-europea-turismo-inteligente.png","keywords":["Desarrollo Sostenible","Turismo"],"articleSection":["Convocatorias y Premios UE"],"inLanguage":"en-US","potentialAction":[{"@type":"CommentAction","name":"Comment","target":["https:\/\/www.cde.ual.es\/malaga-es-galardonada-en-la-categoria-de-accesibilidad-en-el-concurso-capital-europea-de-turismo-inteligente-de-la-comision-europea\/#respond"]}]},{"@type":"WebPage","@id":"https:\/\/www.cde.ual.es\/malaga-es-galardonada-en-la-categoria-de-accesibilidad-en-el-concurso-capital-europea-de-turismo-inteligente-de-la-comision-europea\/","url":"https:\/\/www.cde.ual.es\/malaga-es-galardonada-en-la-categoria-de-accesibilidad-en-el-concurso-capital-europea-de-turismo-inteligente-de-la-comision-europea\/","name":"M\u00e1laga es galardonada en la categor\u00eda de accesibilidad en el concurso \u201cCapital Europea de Turismo Inteligente\u201d de la Comisi\u00f3n Europea | CDE Almer\u00eda - Centro de Documentaci\u00f3n Europea - Universidad de Almer\u00eda","isPartOf":{"@id":"https:\/\/www.cde.ual.es\/#website"},"primaryImageOfPage":{"@id":"https:\/\/www.cde.ual.es\/malaga-es-galardonada-en-la-categoria-de-accesibilidad-en-el-concurso-capital-europea-de-turismo-inteligente-de-la-comision-europea\/#primaryimage"},"image":{"@id":"https:\/\/www.cde.ual.es\/malaga-es-galardonada-en-la-categoria-de-accesibilidad-en-el-concurso-capital-europea-de-turismo-inteligente-de-la-comision-europea\/#primaryimage"},"thumbnailUrl":"https:\/\/www.cde.ual.es\/wp-content\/uploads\/2018\/11\/Capital-europea-turismo-inteligente.png","datePublished":"2018-11-09T07:15:35+00:00","breadcrumb":{"@id":"https:\/\/www.cde.ual.es\/malaga-es-galardonada-en-la-categoria-de-accesibilidad-en-el-concurso-capital-europea-de-turismo-inteligente-de-la-comision-europea\/#breadcrumb"},"inLanguage":"en-US","potentialAction":[{"@type":"ReadAction","target":["https:\/\/www.cde.ual.es\/malaga-es-galardonada-en-la-categoria-de-accesibilidad-en-el-concurso-capital-europea-de-turismo-inteligente-de-la-comision-europea\/"]}]},{"@type":"ImageObject","inLanguage":"en-US","@id":"https:\/\/www.cde.ual.es\/malaga-es-galardonada-en-la-categoria-de-accesibilidad-en-el-concurso-capital-europea-de-turismo-inteligente-de-la-comision-europea\/#primaryimage","url":"https:\/\/www.cde.ual.es\/wp-content\/uploads\/2018\/11\/Capital-europea-turismo-inteligente.png","contentUrl":"https:\/\/www.cde.ual.es\/wp-content\/uploads\/2018\/11\/Capital-europea-turismo-inteligente.png","width":1029,"height":500},{"@type":"BreadcrumbList","@id":"https:\/\/www.cde.ual.es\/malaga-es-galardonada-en-la-categoria-de-accesibilidad-en-el-concurso-capital-europea-de-turismo-inteligente-de-la-comision-europea\/#breadcrumb","itemListElement":[{"@type":"ListItem","position":1,"name":"Inicio","item":"https:\/\/www.cde.ual.es\/en\/"},{"@type":"ListItem","position":2,"name":"Convocatorias y Premios UE","item":"https:\/\/www.cde.ual.es\/category\/convocatorias-y-premios-ue\/"},{"@type":"ListItem","position":3,"name":"M\u00e1laga es galardonada en la categor\u00eda de accesibilidad en el concurso \u201cCapital Europea de Turismo Inteligente\u201d de la Comisi\u00f3n Europea"}]},{"@type":"WebSite","@id":"https:\/\/www.cde.ual.es\/#website","url":"https:\/\/www.cde.ual.es\/","name":"CDE Almer\u00eda - Centro de Documentaci\u00f3n Europea - Universidad de Almer\u00eda","description":"Centro de Documentaci\u00f3n Europea de la Universidad de Almer\u00eda","publisher":{"@id":"https:\/\/www.cde.ual.es\/#organization"},"alternateName":"CDE Almer\u00eda","potentialAction":[{"@type":"SearchAction","target":{"@type":"EntryPoint","urlTemplate":"https:\/\/www.cde.ual.es\/?s={search_term_string}"},"query-input":{"@type":"PropertyValueSpecification","valueRequired":true,"valueName":"search_term_string"}}],"inLanguage":"en-US"},{"@type":"Organization","@id":"https:\/\/www.cde.ual.es\/#organization","name":"Centro de Documentaci\u00f3n Europea de Almer\u00eda","url":"https:\/\/www.cde.ual.es\/","logo":{"@type":"ImageObject","inLanguage":"en-US","@id":"https:\/\/www.cde.ual.es\/#\/schema\/logo\/image\/","url":"https:\/\/www.cde.ual.es\/wp-content\/uploads\/2025\/07\/cde-logo-3.png","contentUrl":"https:\/\/www.cde.ual.es\/wp-content\/uploads\/2025\/07\/cde-logo-3.png","width":1400,"height":300,"caption":"Centro de Documentaci\u00f3n Europea de Almer\u00eda"},"image":{"@id":"https:\/\/www.cde.ual.es\/#\/schema\/logo\/image\/"},"sameAs":["https:\/\/www.facebook.com\/cdeuniversidadalmeria\/","https:\/\/x.com\/cdeualmeria","https:\/\/www.tiktok.com\/@cdealmeria","https:\/\/www.instagram.com\/cdealmeria\/","https:\/\/www.linkedin.com\/in\/cde-almera-812b26a9\/"]},{"@type":"Person","@id":"https:\/\/www.cde.ual.es\/#\/schema\/person\/224ef08c8bcc005f319d2713ce37ee5f","name":"AdminCDE","image":{"@type":"ImageObject","inLanguage":"en-US","@id":"https:\/\/secure.gravatar.com\/avatar\/a72d038d371f995cd13706fac32274b7952a52e8fb0a84b5f80c85426f2a98a8?s=96&d=mm&r=g","url":"https:\/\/secure.gravatar.com\/avatar\/a72d038d371f995cd13706fac32274b7952a52e8fb0a84b5f80c85426f2a98a8?s=96&d=mm&r=g","contentUrl":"https:\/\/secure.gravatar.com\/avatar\/a72d038d371f995cd13706fac32274b7952a52e8fb0a84b5f80c85426f2a98a8?s=96&d=mm&r=g","caption":"AdminCDE"}}]}},"_links":{"self":[{"href":"https:\/\/www.cde.ual.es\/en\/wp-json\/wp\/v2\/posts\/9698","targetHints":{"allow":["GET"]}}],"collection":[{"href":"https:\/\/www.cde.ual.es\/en\/wp-json\/wp\/v2\/posts"}],"about":[{"href":"https:\/\/www.cde.ual.es\/en\/wp-json\/wp\/v2\/types\/post"}],"author":[{"embeddable":true,"href":"https:\/\/www.cde.ual.es\/en\/wp-json\/wp\/v2\/users\/1"}],"replies":[{"embeddable":true,"href":"https:\/\/www.cde.ual.es\/en\/wp-json\/wp\/v2\/comments?post=9698"}],"version-history":[{"count":0,"href":"https:\/\/www.cde.ual.es\/en\/wp-json\/wp\/v2\/posts\/9698\/revisions"}],"wp:featuredmedia":[{"embeddable":true,"href":"https:\/\/www.cde.ual.es\/en\/wp-json\/wp\/v2\/media\/9699"}],"wp:attachment":[{"href":"https:\/\/www.cde.ual.es\/en\/wp-json\/wp\/v2\/media?parent=9698"}],"wp:term":[{"taxonomy":"category","embeddable":true,"href":"https:\/\/www.cde.ual.es\/en\/wp-json\/wp\/v2\/categories?post=9698"},{"taxonomy":"post_tag","embeddable":true,"href":"https:\/\/www.cde.ual.es\/en\/wp-json\/wp\/v2\/tags?post=9698"}],"curies":[{"name":"wp","href":"https:\/\/api.w.org\/{rel}","templated":true}]}}