{"id":96605,"date":"2022-02-21T03:00:41","date_gmt":"2022-02-21T02:00:41","guid":{"rendered":"https:\/\/www.cde.ual.es\/?p=96605"},"modified":"2022-02-18T14:08:43","modified_gmt":"2022-02-18T13:08:43","slug":"eu-african-union-summit","status":"publish","type":"post","link":"https:\/\/www.cde.ual.es\/en\/eu-african-union-summit\/","title":{"rendered":"EU-African Union Summit"},"content":{"rendered":"<p>The leaders of the EU and the African Union, as well as their respective member states, met in Brussels on February 17 and 18, 2022 for <strong>the sixth EU-African Union summit.<\/strong><\/p>\n<p><a href=\"https:\/\/www.cde.ual.es\/wp-content\/uploads\/2022\/02\/La-cumbre-de-la-UE-con-los-paises-de-Africa-en-Bruselas.jpg\"><img decoding=\"async\" class=\" wp-image-96467 aligncenter\" src=\"https:\/\/www.cde.ual.es\/wp-content\/uploads\/2022\/02\/La-cumbre-de-la-UE-con-los-paises-de-Africa-en-Bruselas.jpg\" alt=\"\" width=\"500\" height=\"333\" srcset=\"https:\/\/www.cde.ual.es\/wp-content\/uploads\/2022\/02\/La-cumbre-de-la-UE-con-los-paises-de-Africa-en-Bruselas.jpg 900w, https:\/\/www.cde.ual.es\/wp-content\/uploads\/2022\/02\/La-cumbre-de-la-UE-con-los-paises-de-Africa-en-Bruselas-300x200.jpg 300w, https:\/\/www.cde.ual.es\/wp-content\/uploads\/2022\/02\/La-cumbre-de-la-UE-con-los-paises-de-Africa-en-Bruselas-768x512.jpg 768w\" sizes=\"(max-width: 500px) 100vw, 500px\" \/><\/a><\/p>\n<p>The summit provides a unique opportunity to lay the foundations for a renewed and deeper <strong>EU-African Union partnership<\/strong>, with maximum political participation, based on trust and a clear understanding of mutual interests. Leaders are expected to deliberate on how to build <strong>greater prosperity<\/strong> between the two continents. The goal is to launch an ambitious <strong>Africa-Europe investment package<\/strong>, taking into account global challenges such as climate change and the current health crisis. They should also discuss tools and solutions to promote <strong>stability and security<\/strong> through a renewed peace and security architecture.<\/p>\n<h4>Source<\/h4>\n<p><a href=\"https:\/\/www.consilium.europa.eu\/en\/meetings\/international-summit\/2022\/02\/17-18\/\" target=\"_blank\" rel=\"noopener\">European Commission<\/a><\/p>\n<p>Cooperation with the African Union and national and regional organizations to support African drug regulators is a key pillar of the Team Europe initiative on local manufacturing and access to vaccines, medicines and health technologies in Africa. In this context, the European Union will assist the AMA through a comprehensive package of measures aimed at strengthening its capacity, in addition to a number of regional and national initiatives undertaken by France, Germany and Belgium to increase regulatory capacity in Rwanda, South Africa, Ghana and Senegal, among other countries.<\/p>\n<p>Commissioner for Health and Food Safety, Stella <strong>Kyriakides<\/strong>, said: <em>&#8220;Global solidarity and cooperation are the principles on which we must build the global health framework after COVID. Without them, we know that COVID-19 will not be defeated. At the heart of our work is strengthening the health systems and immunization capacities of the African continent. In partnership with African drug regulators, the European Medicines Agency, as a globally recognized regulatory agency, is building for the future.&#8221;<\/em><\/p>\n<h4>Source<\/h4>\n<p><a href=\"https:\/\/ec.europa.eu\/commission\/presscorner\/detail\/en\/ip_22_993\" target=\"_blank\" rel=\"noopener\">European Commission<\/a><\/p>\n<p>Private sector investment in Africa, essential to address the impact of COVID-19 and unlock sustainable growth, will be accelerated thanks to new financing totaling 62 million euros, confirmed today by EIB Global, the new specialized arm of the European Investment Bank.\u00a0 This announcement comes ahead of the first face-to-face Africa-Europe summit since the onset of the COVID-19 pandemic.<\/p>\n<p><strong>Accelerating investment in African technology start-ups<\/strong><\/p>\n<p>Through the Boost Africa initiative, EIB Global supports two of Africa&#8217;s leading technology investors: Atlantica Ventures and Janngo. This is a joint initiative with the <a href=\"https:\/\/www.afdb.org\/en\" target=\"_blank\" rel=\"noopener\">African Development Bank (AfDB)<\/a>, with financial support from the European Commission and the Secretariat of the Organization of African, Caribbean and Pacific States (ACP), under the 11th <a href=\"https:\/\/ec.europa.eu\/info\/strategy\/eu-budget\/eu-budget-news-events-and-publications\/documents\/european-development-fund_en\" target=\"_blank\" rel=\"noopener\">European Development Fund (EDF)<\/a>.<\/p>\n<p>The <a href=\"http:\/\/www.eib.org\/en\/press\/all\/2022-097-eur-12-5-million-eib-backing-for-african-tech-start-up-fund-atlantica\" target=\"_blank\" rel=\"noopener\">\u20ac12.5 million financing for Atlantica<\/a> will support \u20ac50 million in new investments in innovative technology start-ups across the continent and expand specialized venture capital funding for promising entrepreneurs.<\/p>\n<p><strong>Supporting private sector financing with leading local African banks.<\/strong><\/p>\n<p>Smallholder farmers in Malawi will be able to access <a href=\"http:\/\/www.eib.org\/en\/press\/all\/2022-100-eib-and-first-capital-bank-partner-to-provide-eur-12-5-million-investment-boost-for-smallholder-farmers-and-agricultural-companies-and-cooperative-across-malawi-backed-by-eu-support\" target=\"_blank\" rel=\"noopener\">\u20ac12.5 million in long-term agricultural financing from the EIB, in partnership with First Capital Bank and the European Union<\/a>.<\/p>\n<p>The new program, which also has an EU grant, is the latest in a regional agricultural financing initiative. It will enable Malawian farmers to modernize their equipment and meet the challenges arising from climate change.<\/p>\n<h4>Source<\/h4>\n<p><a href=\"https:\/\/www.eib.org\/en\/press\/all\/2022-094-eib-backs-african-private-sector-impacted-by-covid\" target=\"_blank\" rel=\"noopener\">EIB<\/a><\/p>\n","protected":false},"excerpt":{"rendered":"<p>The leaders of the EU and the African Union, as well as their respective member states, met in Brussels on February 17 and 18, 2022 for the sixth EU-African Union summit. The summit provides a unique opportunity to lay the foundations for a renewed and deeper EU-African Union partnership, with maximum political participation, based on [&hellip;]<\/p>\n","protected":false},"author":101011,"featured_media":96468,"comment_status":"open","ping_status":"open","sticky":false,"template":"","format":"standard","meta":{"_acf_changed":false,"_relevanssi_hide_post":"","_relevanssi_hide_content":"","_relevanssi_pin_for_all":"","_relevanssi_pin_keywords":"","_relevanssi_unpin_keywords":"","_relevanssi_related_keywords":"","_relevanssi_related_include_ids":"","_relevanssi_related_exclude_ids":"","_relevanssi_related_no_append":"","_relevanssi_related_not_related":"","_relevanssi_related_posts":"","_relevanssi_noindex_reason":"","_monsterinsights_skip_tracking":false,"_monsterinsights_sitenote_active":false,"_monsterinsights_sitenote_note":"","_monsterinsights_sitenote_category":0,"_genesis_hide_title":false,"_genesis_hide_breadcrumbs":false,"_genesis_hide_singular_image":false,"_genesis_hide_footer_widgets":false,"_genesis_custom_body_class":"","_genesis_custom_post_class":"","_genesis_layout":"","footnotes":""},"categories":[346,4064,4065],"tags":[2008,779,3586],"class_list":{"0":"post-96605","1":"post","2":"type-post","3":"status-publish","4":"format-standard","5":"has-post-thumbnail","7":"category-eu-news","8":"category-institutional","9":"category-international-pol-coop","10":"tag-african-union","11":"tag-eu-en","12":"tag-summit","13":"entry"},"acf":[],"yoast_head":"<!-- This site is optimized with the Yoast SEO plugin v27.4 - https:\/\/yoast.com\/product\/yoast-seo-wordpress\/ -->\n<title>EU-African Union Summit | CDE Almer\u00eda - Centro de Documentaci\u00f3n Europea - Universidad de Almer\u00eda<\/title>\n<meta name=\"robots\" content=\"index, follow, max-snippet:-1, max-image-preview:large, max-video-preview:-1\" \/>\n<link rel=\"canonical\" href=\"https:\/\/www.cde.ual.es\/cumbre-entre-la-ue-y-la-union-africana\/\" \/>\n<meta property=\"og:locale\" content=\"en_US\" \/>\n<meta property=\"og:type\" content=\"article\" \/>\n<meta property=\"og:title\" content=\"EU-African Union Summit | CDE Almer\u00eda - Centro de Documentaci\u00f3n Europea - Universidad de Almer\u00eda\" \/>\n<meta property=\"og:description\" content=\"The leaders of the EU and the African Union, as well as their respective member states, met in Brussels on February 17 and 18, 2022 for the sixth EU-African Union summit. The summit provides a unique opportunity to lay the foundations for a renewed and deeper EU-African Union partnership, with maximum political participation, based on [&hellip;]\" \/>\n<meta property=\"og:url\" content=\"https:\/\/www.cde.ual.es\/cumbre-entre-la-ue-y-la-union-africana\/\" \/>\n<meta property=\"og:site_name\" content=\"CDE Almer\u00eda - Centro de Documentaci\u00f3n Europea - Universidad de Almer\u00eda\" \/>\n<meta property=\"article:publisher\" content=\"https:\/\/www.facebook.com\/cdeuniversidadalmeria\/\" \/>\n<meta property=\"article:published_time\" content=\"2022-02-21T02:00:41+00:00\" \/>\n<meta property=\"og:image\" content=\"https:\/\/www.cde.ual.es\/wp-content\/uploads\/2022\/02\/La-cumbre-de-la-UE-con-los-paises-de-Africa-en-Bruselas.jpg\" \/>\n\t<meta property=\"og:image:width\" content=\"900\" \/>\n\t<meta property=\"og:image:height\" content=\"600\" \/>\n\t<meta property=\"og:image:type\" content=\"image\/jpeg\" \/>\n<meta name=\"author\" content=\"BECA 2 CDE\" \/>\n<meta name=\"twitter:card\" content=\"summary_large_image\" \/>\n<meta name=\"twitter:creator\" content=\"@cdeualmeria\" \/>\n<meta name=\"twitter:site\" content=\"@cdeualmeria\" \/>\n<meta name=\"twitter:label1\" content=\"Written by\" \/>\n\t<meta name=\"twitter:data1\" content=\"BECA 2 CDE\" \/>\n\t<meta name=\"twitter:label2\" content=\"Est. reading time\" \/>\n\t<meta name=\"twitter:data2\" content=\"3 minutes\" \/>\n<script type=\"application\/ld+json\" class=\"yoast-schema-graph\">{\"@context\":\"https:\\\/\\\/schema.org\",\"@graph\":[{\"@type\":\"Article\",\"@id\":\"https:\\\/\\\/www.cde.ual.es\\\/cumbre-entre-la-ue-y-la-union-africana\\\/#article\",\"isPartOf\":{\"@id\":\"https:\\\/\\\/www.cde.ual.es\\\/cumbre-entre-la-ue-y-la-union-africana\\\/\"},\"author\":{\"name\":\"BECA 2 CDE\",\"@id\":\"https:\\\/\\\/www.cde.ual.es\\\/#\\\/schema\\\/person\\\/ee46ebc19edfa19598c02cff83335acc\"},\"headline\":\"EU-African Union Summit\",\"datePublished\":\"2022-02-21T02:00:41+00:00\",\"mainEntityOfPage\":{\"@id\":\"https:\\\/\\\/www.cde.ual.es\\\/cumbre-entre-la-ue-y-la-union-africana\\\/\"},\"wordCount\":511,\"commentCount\":0,\"publisher\":{\"@id\":\"https:\\\/\\\/www.cde.ual.es\\\/#organization\"},\"image\":{\"@id\":\"https:\\\/\\\/www.cde.ual.es\\\/cumbre-entre-la-ue-y-la-union-africana\\\/#primaryimage\"},\"thumbnailUrl\":\"https:\\\/\\\/www.cde.ual.es\\\/wp-content\\\/uploads\\\/2022\\\/02\\\/La-cumbre-de-la-UE-con-los-paises-de-Africa-en-Bruselas.jpg\",\"keywords\":[\"African Union\",\"EU\",\"summit\"],\"articleSection\":[\"EU News\",\"Institutional Affairs\",\"International Politics and Cooperation\"],\"inLanguage\":\"en-US\",\"potentialAction\":[{\"@type\":\"CommentAction\",\"name\":\"Comment\",\"target\":[\"https:\\\/\\\/www.cde.ual.es\\\/cumbre-entre-la-ue-y-la-union-africana\\\/#respond\"]}]},{\"@type\":\"WebPage\",\"@id\":\"https:\\\/\\\/www.cde.ual.es\\\/cumbre-entre-la-ue-y-la-union-africana\\\/\",\"url\":\"https:\\\/\\\/www.cde.ual.es\\\/cumbre-entre-la-ue-y-la-union-africana\\\/\",\"name\":\"EU-African Union Summit | CDE Almer\u00eda - Centro de Documentaci\u00f3n Europea - Universidad de Almer\u00eda\",\"isPartOf\":{\"@id\":\"https:\\\/\\\/www.cde.ual.es\\\/#website\"},\"primaryImageOfPage\":{\"@id\":\"https:\\\/\\\/www.cde.ual.es\\\/cumbre-entre-la-ue-y-la-union-africana\\\/#primaryimage\"},\"image\":{\"@id\":\"https:\\\/\\\/www.cde.ual.es\\\/cumbre-entre-la-ue-y-la-union-africana\\\/#primaryimage\"},\"thumbnailUrl\":\"https:\\\/\\\/www.cde.ual.es\\\/wp-content\\\/uploads\\\/2022\\\/02\\\/La-cumbre-de-la-UE-con-los-paises-de-Africa-en-Bruselas.jpg\",\"datePublished\":\"2022-02-21T02:00:41+00:00\",\"breadcrumb\":{\"@id\":\"https:\\\/\\\/www.cde.ual.es\\\/cumbre-entre-la-ue-y-la-union-africana\\\/#breadcrumb\"},\"inLanguage\":\"en-US\",\"potentialAction\":[{\"@type\":\"ReadAction\",\"target\":[\"https:\\\/\\\/www.cde.ual.es\\\/cumbre-entre-la-ue-y-la-union-africana\\\/\"]}]},{\"@type\":\"ImageObject\",\"inLanguage\":\"en-US\",\"@id\":\"https:\\\/\\\/www.cde.ual.es\\\/cumbre-entre-la-ue-y-la-union-africana\\\/#primaryimage\",\"url\":\"https:\\\/\\\/www.cde.ual.es\\\/wp-content\\\/uploads\\\/2022\\\/02\\\/La-cumbre-de-la-UE-con-los-paises-de-Africa-en-Bruselas.jpg\",\"contentUrl\":\"https:\\\/\\\/www.cde.ual.es\\\/wp-content\\\/uploads\\\/2022\\\/02\\\/La-cumbre-de-la-UE-con-los-paises-de-Africa-en-Bruselas.jpg\",\"width\":900,\"height\":600},{\"@type\":\"BreadcrumbList\",\"@id\":\"https:\\\/\\\/www.cde.ual.es\\\/cumbre-entre-la-ue-y-la-union-africana\\\/#breadcrumb\",\"itemListElement\":[{\"@type\":\"ListItem\",\"position\":1,\"name\":\"Inicio\",\"item\":\"https:\\\/\\\/www.cde.ual.es\\\/en\\\/\"},{\"@type\":\"ListItem\",\"position\":2,\"name\":\"Noticias UE\",\"item\":\"https:\\\/\\\/www.cde.ual.es\\\/category\\\/noticias-ue\\\/\"},{\"@type\":\"ListItem\",\"position\":3,\"name\":\"Asuntos Institucionales\",\"item\":\"https:\\\/\\\/www.cde.ual.es\\\/category\\\/noticias-ue\\\/institucionales\\\/\"},{\"@type\":\"ListItem\",\"position\":4,\"name\":\"International Politics and Cooperation\",\"item\":\"https:\\\/\\\/www.cde.ual.es\\\/en\\\/category\\\/eu-news\\\/institutional\\\/international-pol-coop\\\/\"},{\"@type\":\"ListItem\",\"position\":5,\"name\":\"EU-African Union Summit\"}]},{\"@type\":\"WebSite\",\"@id\":\"https:\\\/\\\/www.cde.ual.es\\\/#website\",\"url\":\"https:\\\/\\\/www.cde.ual.es\\\/\",\"name\":\"CDE Almer\u00eda - Centro de Documentaci\u00f3n Europea - Universidad de Almer\u00eda\",\"description\":\"Centro de Documentaci\u00f3n Europea de la Universidad de Almer\u00eda\",\"publisher\":{\"@id\":\"https:\\\/\\\/www.cde.ual.es\\\/#organization\"},\"alternateName\":\"CDE Almer\u00eda\",\"potentialAction\":[{\"@type\":\"SearchAction\",\"target\":{\"@type\":\"EntryPoint\",\"urlTemplate\":\"https:\\\/\\\/www.cde.ual.es\\\/?s={search_term_string}\"},\"query-input\":{\"@type\":\"PropertyValueSpecification\",\"valueRequired\":true,\"valueName\":\"search_term_string\"}}],\"inLanguage\":\"en-US\"},{\"@type\":\"Organization\",\"@id\":\"https:\\\/\\\/www.cde.ual.es\\\/#organization\",\"name\":\"Centro de Documentaci\u00f3n Europea de Almer\u00eda\",\"url\":\"https:\\\/\\\/www.cde.ual.es\\\/\",\"logo\":{\"@type\":\"ImageObject\",\"inLanguage\":\"en-US\",\"@id\":\"https:\\\/\\\/www.cde.ual.es\\\/#\\\/schema\\\/logo\\\/image\\\/\",\"url\":\"https:\\\/\\\/www.cde.ual.es\\\/wp-content\\\/uploads\\\/2025\\\/07\\\/cde-logo-3.png\",\"contentUrl\":\"https:\\\/\\\/www.cde.ual.es\\\/wp-content\\\/uploads\\\/2025\\\/07\\\/cde-logo-3.png\",\"width\":1400,\"height\":300,\"caption\":\"Centro de Documentaci\u00f3n Europea de Almer\u00eda\"},\"image\":{\"@id\":\"https:\\\/\\\/www.cde.ual.es\\\/#\\\/schema\\\/logo\\\/image\\\/\"},\"sameAs\":[\"https:\\\/\\\/www.facebook.com\\\/cdeuniversidadalmeria\\\/\",\"https:\\\/\\\/x.com\\\/cdeualmeria\",\"https:\\\/\\\/www.tiktok.com\\\/@cdealmeria\",\"https:\\\/\\\/www.instagram.com\\\/cdealmeria\\\/\",\"https:\\\/\\\/www.linkedin.com\\\/in\\\/cde-almera-812b26a9\\\/\"]},{\"@type\":\"Person\",\"@id\":\"https:\\\/\\\/www.cde.ual.es\\\/#\\\/schema\\\/person\\\/ee46ebc19edfa19598c02cff83335acc\",\"name\":\"BECA 2 CDE\",\"image\":{\"@type\":\"ImageObject\",\"inLanguage\":\"en-US\",\"@id\":\"https:\\\/\\\/secure.gravatar.com\\\/avatar\\\/35a481bbc04bbd90e91bdfa3b0b5541036c222a49b9ad37b6889a2afcb5311a5?s=96&d=mm&r=g\",\"url\":\"https:\\\/\\\/secure.gravatar.com\\\/avatar\\\/35a481bbc04bbd90e91bdfa3b0b5541036c222a49b9ad37b6889a2afcb5311a5?s=96&d=mm&r=g\",\"contentUrl\":\"https:\\\/\\\/secure.gravatar.com\\\/avatar\\\/35a481bbc04bbd90e91bdfa3b0b5541036c222a49b9ad37b6889a2afcb5311a5?s=96&d=mm&r=g\",\"caption\":\"BECA 2 CDE\"},\"sameAs\":[\"http:\\\/\\\/www.cdealmeria.com\"]}]}<\/script>\n<!-- \/ Yoast SEO plugin. -->","yoast_head_json":{"title":"EU-African Union Summit | CDE Almer\u00eda - Centro de Documentaci\u00f3n Europea - Universidad de Almer\u00eda","robots":{"index":"index","follow":"follow","max-snippet":"max-snippet:-1","max-image-preview":"max-image-preview:large","max-video-preview":"max-video-preview:-1"},"canonical":"https:\/\/www.cde.ual.es\/cumbre-entre-la-ue-y-la-union-africana\/","og_locale":"en_US","og_type":"article","og_title":"EU-African Union Summit | CDE Almer\u00eda - Centro de Documentaci\u00f3n Europea - Universidad de Almer\u00eda","og_description":"The leaders of the EU and the African Union, as well as their respective member states, met in Brussels on February 17 and 18, 2022 for the sixth EU-African Union summit. The summit provides a unique opportunity to lay the foundations for a renewed and deeper EU-African Union partnership, with maximum political participation, based on [&hellip;]","og_url":"https:\/\/www.cde.ual.es\/cumbre-entre-la-ue-y-la-union-africana\/","og_site_name":"CDE Almer\u00eda - Centro de Documentaci\u00f3n Europea - Universidad de Almer\u00eda","article_publisher":"https:\/\/www.facebook.com\/cdeuniversidadalmeria\/","article_published_time":"2022-02-21T02:00:41+00:00","og_image":[{"width":900,"height":600,"url":"https:\/\/www.cde.ual.es\/wp-content\/uploads\/2022\/02\/La-cumbre-de-la-UE-con-los-paises-de-Africa-en-Bruselas.jpg","type":"image\/jpeg"}],"author":"BECA 2 CDE","twitter_card":"summary_large_image","twitter_creator":"@cdeualmeria","twitter_site":"@cdeualmeria","twitter_misc":{"Written by":"BECA 2 CDE","Est. reading time":"3 minutes"},"schema":{"@context":"https:\/\/schema.org","@graph":[{"@type":"Article","@id":"https:\/\/www.cde.ual.es\/cumbre-entre-la-ue-y-la-union-africana\/#article","isPartOf":{"@id":"https:\/\/www.cde.ual.es\/cumbre-entre-la-ue-y-la-union-africana\/"},"author":{"name":"BECA 2 CDE","@id":"https:\/\/www.cde.ual.es\/#\/schema\/person\/ee46ebc19edfa19598c02cff83335acc"},"headline":"EU-African Union Summit","datePublished":"2022-02-21T02:00:41+00:00","mainEntityOfPage":{"@id":"https:\/\/www.cde.ual.es\/cumbre-entre-la-ue-y-la-union-africana\/"},"wordCount":511,"commentCount":0,"publisher":{"@id":"https:\/\/www.cde.ual.es\/#organization"},"image":{"@id":"https:\/\/www.cde.ual.es\/cumbre-entre-la-ue-y-la-union-africana\/#primaryimage"},"thumbnailUrl":"https:\/\/www.cde.ual.es\/wp-content\/uploads\/2022\/02\/La-cumbre-de-la-UE-con-los-paises-de-Africa-en-Bruselas.jpg","keywords":["African Union","EU","summit"],"articleSection":["EU News","Institutional Affairs","International Politics and Cooperation"],"inLanguage":"en-US","potentialAction":[{"@type":"CommentAction","name":"Comment","target":["https:\/\/www.cde.ual.es\/cumbre-entre-la-ue-y-la-union-africana\/#respond"]}]},{"@type":"WebPage","@id":"https:\/\/www.cde.ual.es\/cumbre-entre-la-ue-y-la-union-africana\/","url":"https:\/\/www.cde.ual.es\/cumbre-entre-la-ue-y-la-union-africana\/","name":"EU-African Union Summit | CDE Almer\u00eda - Centro de Documentaci\u00f3n Europea - Universidad de Almer\u00eda","isPartOf":{"@id":"https:\/\/www.cde.ual.es\/#website"},"primaryImageOfPage":{"@id":"https:\/\/www.cde.ual.es\/cumbre-entre-la-ue-y-la-union-africana\/#primaryimage"},"image":{"@id":"https:\/\/www.cde.ual.es\/cumbre-entre-la-ue-y-la-union-africana\/#primaryimage"},"thumbnailUrl":"https:\/\/www.cde.ual.es\/wp-content\/uploads\/2022\/02\/La-cumbre-de-la-UE-con-los-paises-de-Africa-en-Bruselas.jpg","datePublished":"2022-02-21T02:00:41+00:00","breadcrumb":{"@id":"https:\/\/www.cde.ual.es\/cumbre-entre-la-ue-y-la-union-africana\/#breadcrumb"},"inLanguage":"en-US","potentialAction":[{"@type":"ReadAction","target":["https:\/\/www.cde.ual.es\/cumbre-entre-la-ue-y-la-union-africana\/"]}]},{"@type":"ImageObject","inLanguage":"en-US","@id":"https:\/\/www.cde.ual.es\/cumbre-entre-la-ue-y-la-union-africana\/#primaryimage","url":"https:\/\/www.cde.ual.es\/wp-content\/uploads\/2022\/02\/La-cumbre-de-la-UE-con-los-paises-de-Africa-en-Bruselas.jpg","contentUrl":"https:\/\/www.cde.ual.es\/wp-content\/uploads\/2022\/02\/La-cumbre-de-la-UE-con-los-paises-de-Africa-en-Bruselas.jpg","width":900,"height":600},{"@type":"BreadcrumbList","@id":"https:\/\/www.cde.ual.es\/cumbre-entre-la-ue-y-la-union-africana\/#breadcrumb","itemListElement":[{"@type":"ListItem","position":1,"name":"Inicio","item":"https:\/\/www.cde.ual.es\/en\/"},{"@type":"ListItem","position":2,"name":"Noticias UE","item":"https:\/\/www.cde.ual.es\/category\/noticias-ue\/"},{"@type":"ListItem","position":3,"name":"Asuntos Institucionales","item":"https:\/\/www.cde.ual.es\/category\/noticias-ue\/institucionales\/"},{"@type":"ListItem","position":4,"name":"International Politics and Cooperation","item":"https:\/\/www.cde.ual.es\/en\/category\/eu-news\/institutional\/international-pol-coop\/"},{"@type":"ListItem","position":5,"name":"EU-African Union Summit"}]},{"@type":"WebSite","@id":"https:\/\/www.cde.ual.es\/#website","url":"https:\/\/www.cde.ual.es\/","name":"CDE Almer\u00eda - Centro de Documentaci\u00f3n Europea - Universidad de Almer\u00eda","description":"Centro de Documentaci\u00f3n Europea de la Universidad de Almer\u00eda","publisher":{"@id":"https:\/\/www.cde.ual.es\/#organization"},"alternateName":"CDE Almer\u00eda","potentialAction":[{"@type":"SearchAction","target":{"@type":"EntryPoint","urlTemplate":"https:\/\/www.cde.ual.es\/?s={search_term_string}"},"query-input":{"@type":"PropertyValueSpecification","valueRequired":true,"valueName":"search_term_string"}}],"inLanguage":"en-US"},{"@type":"Organization","@id":"https:\/\/www.cde.ual.es\/#organization","name":"Centro de Documentaci\u00f3n Europea de Almer\u00eda","url":"https:\/\/www.cde.ual.es\/","logo":{"@type":"ImageObject","inLanguage":"en-US","@id":"https:\/\/www.cde.ual.es\/#\/schema\/logo\/image\/","url":"https:\/\/www.cde.ual.es\/wp-content\/uploads\/2025\/07\/cde-logo-3.png","contentUrl":"https:\/\/www.cde.ual.es\/wp-content\/uploads\/2025\/07\/cde-logo-3.png","width":1400,"height":300,"caption":"Centro de Documentaci\u00f3n Europea de Almer\u00eda"},"image":{"@id":"https:\/\/www.cde.ual.es\/#\/schema\/logo\/image\/"},"sameAs":["https:\/\/www.facebook.com\/cdeuniversidadalmeria\/","https:\/\/x.com\/cdeualmeria","https:\/\/www.tiktok.com\/@cdealmeria","https:\/\/www.instagram.com\/cdealmeria\/","https:\/\/www.linkedin.com\/in\/cde-almera-812b26a9\/"]},{"@type":"Person","@id":"https:\/\/www.cde.ual.es\/#\/schema\/person\/ee46ebc19edfa19598c02cff83335acc","name":"BECA 2 CDE","image":{"@type":"ImageObject","inLanguage":"en-US","@id":"https:\/\/secure.gravatar.com\/avatar\/35a481bbc04bbd90e91bdfa3b0b5541036c222a49b9ad37b6889a2afcb5311a5?s=96&d=mm&r=g","url":"https:\/\/secure.gravatar.com\/avatar\/35a481bbc04bbd90e91bdfa3b0b5541036c222a49b9ad37b6889a2afcb5311a5?s=96&d=mm&r=g","contentUrl":"https:\/\/secure.gravatar.com\/avatar\/35a481bbc04bbd90e91bdfa3b0b5541036c222a49b9ad37b6889a2afcb5311a5?s=96&d=mm&r=g","caption":"BECA 2 CDE"},"sameAs":["http:\/\/www.cdealmeria.com"]}]}},"_links":{"self":[{"href":"https:\/\/www.cde.ual.es\/en\/wp-json\/wp\/v2\/posts\/96605","targetHints":{"allow":["GET"]}}],"collection":[{"href":"https:\/\/www.cde.ual.es\/en\/wp-json\/wp\/v2\/posts"}],"about":[{"href":"https:\/\/www.cde.ual.es\/en\/wp-json\/wp\/v2\/types\/post"}],"author":[{"embeddable":true,"href":"https:\/\/www.cde.ual.es\/en\/wp-json\/wp\/v2\/users\/101011"}],"replies":[{"embeddable":true,"href":"https:\/\/www.cde.ual.es\/en\/wp-json\/wp\/v2\/comments?post=96605"}],"version-history":[{"count":0,"href":"https:\/\/www.cde.ual.es\/en\/wp-json\/wp\/v2\/posts\/96605\/revisions"}],"wp:featuredmedia":[{"embeddable":true,"href":"https:\/\/www.cde.ual.es\/en\/wp-json\/wp\/v2\/media\/96468"}],"wp:attachment":[{"href":"https:\/\/www.cde.ual.es\/en\/wp-json\/wp\/v2\/media?parent=96605"}],"wp:term":[{"taxonomy":"category","embeddable":true,"href":"https:\/\/www.cde.ual.es\/en\/wp-json\/wp\/v2\/categories?post=96605"},{"taxonomy":"post_tag","embeddable":true,"href":"https:\/\/www.cde.ual.es\/en\/wp-json\/wp\/v2\/tags?post=96605"}],"curies":[{"name":"wp","href":"https:\/\/api.w.org\/{rel}","templated":true}]}}