{"id":96343,"date":"2022-02-18T03:00:38","date_gmt":"2022-02-18T02:00:38","guid":{"rendered":"https:\/\/www.cde.ual.es\/?p=96343"},"modified":"2022-02-24T13:21:23","modified_gmt":"2022-02-24T12:21:23","slug":"russia-ukraine-crisis-debated-in-parliament","status":"publish","type":"post","link":"https:\/\/www.cde.ual.es\/en\/russia-ukraine-crisis-debated-in-parliament\/","title":{"rendered":"Russia-Ukraine crisis debated in Parliament"},"content":{"rendered":"<p><a href=\"https:\/\/www.cde.ual.es\/wp-content\/uploads\/2022\/02\/20220216PHT23407_original.jpg\"><img decoding=\"async\" class=\"aligncenter\" src=\"https:\/\/www.cde.ual.es\/wp-content\/uploads\/2022\/02\/20220216PHT23407_original-1024x1024.jpg\" alt=\"\" width=\"500\" height=\"500\" \/><\/a><\/p>\n<h3 class=\"ep-p_text\" style=\"text-align: center;\"><span class=\"ep_name\">Statement on Ukraine by European Parliament\u2019s leaders (February 24)<\/span><\/h3>\n<div class=\"ep_gridcolumn ep-m_product\" data-view1200=\"6\" data-view1020=\"6\" data-view750=\"10\" data-view640=\"6\" data-view480=\"8\" data-view320=\"4\">\n<div class=\"ep_gridcolumn-content\">\n<div class=\"ep-a_text ep-layout_chapo\">\n<p><strong>Parliament\u2019s President and group leaders adopted the following statement on Russia\u2019s military attack on Ukraine, and announced an extraordinary plenary session for next Tuesday.<\/strong><\/p>\n<\/div>\n<\/div>\n<\/div>\n<div class=\"ep_gridcolumn ep-m_product\" data-view1200=\"6\" data-view1020=\"6\" data-view750=\"10\" data-view640=\"6\" data-view480=\"8\" data-view320=\"4\">\n<div class=\"ep_gridcolumn-content\">\n<div class=\"ep-a_text\">\n<p class=\"ep-wysiwig_paragraph\">The European Parliament Conference of Presidents was convened by President Roberta Metsola this morning to discuss our response to Russia\u2019s invasion into Ukraine.<\/p>\n<p class=\"ep-wysiwig_paragraph\">An exchange of views was held with the President of the European Council Charles Michel and the President of the European Commission Ursula Von der Leyen.<\/p>\n<p class=\"ep-wysiwig_paragraph\">The Conference of Presidents condemned the Russian attack on Ukraine in the strongest possible terms. Ukraine is an independent and sovereign nation and its territorial integrity is non-negotiable. The invasion is unjustified and illegal. It is a threat to European and regional stability, as well as to the rules-based world order. The attack targets our model of democratic society. It cannot go unanswered.<\/p>\n<p class=\"ep-wysiwig_paragraph\">We remain firm in our unity, in our resolve and in our response to unprovoked Russian aggression. The European Parliament supports an unprecedented European and international response, including new and severe sanctions that will ensure the Kremlin will be held accountable for its actions.<\/p>\n<p class=\"ep-wysiwig_paragraph\">The Conference of Presidents expressed full solidarity and support for Ukraine and its people.<\/p>\n<p class=\"ep-wysiwig_paragraph\">It was agreed to organise an extraordinary plenary debate on Tuesday 1 March 2022.<\/p>\n<\/div>\n<\/div>\n<\/div>\n<div class=\"ep_gridcolumn ep-m_product\" data-view1200=\"6\" data-view1020=\"6\" data-view750=\"10\" data-view640=\"6\" data-view480=\"8\" data-view320=\"4\">\n<div class=\"ep_gridcolumn-content\">\n<div class=\"ep-a_text\">\n<p><strong><a href=\"https:\/\/www.europarl.europa.eu\/news\/es\/press-room\/20220224IPR24001\/declaracion-de-los-lideres-del-parlamento-europeo-sobre-ucrania\" target=\"_blank\" rel=\"noopener\">More information: European Parliament &#8211; Press releases<\/a><\/strong><\/p>\n<\/div>\n<\/div>\n<\/div>\n<hr \/>\n<p><strong>Russia\u2019s threats against Ukraine are a wake-up call for Europe, MEPs say. In a debate on EU-Russia relations, European security and Russia\u2019s military threat against Ukraine, MEPs called for a united response and voiced support for Ukraine.<\/strong><\/p>\n<h3>\u201cWhat might happen in Ukraine will mark the future of humankind\u201d<\/h3>\n<div>The EU must speak with one voice on foreign policy. MEPs call for a more effective EU foreign and security policy and a stronger defence capability to respond to threats, in two reports adopted on Thursday.<\/div>\n<div>\n<div class=\"ep_gridcolumn ep-m_product\" data-view1200=\"6\" data-view1020=\"6\" data-view750=\"10\" data-view640=\"6\" data-view480=\"8\" data-view320=\"4\">\n<div class=\"ep_gridcolumn-content\">\n<div class=\"ep-a_text\">\n<p class=\"ep-wysiwig_paragraph\">With growing instability in the world, the rise of authoritarianism and disinformation, the EU should take the lead in strengthening multilateral partnerships and in protecting and promoting democracy and human rights globally, stress MEPs in a report on the implementation of\u00a0<a href=\"https:\/\/www.europarl.europa.eu\/factsheets\/en\/sheet\/158\/foreign-policy-aims-instruments-and-achievements\" target=\"_blank\" rel=\"noopener\">Common Foreign and Security Policy<\/a>\u00a0adopted on Thursday by 474 votes in favour, 113 against and 102 abstentions.<\/p>\n<p class=\"ep-wysiwig_paragraph\">MEPs point out that in order to deal effectively with current international challenges, the EU has to act with one coherent voice. Decisions on foreign policy should no longer be taken by unanimity, as this gives a member state the right to veto a decision taken by all the others, but instead by <a href=\"https:\/\/www.europarl.europa.eu\/thinktank\/en\/document\/EPRS_BRI(2021)659451\" target=\"_blank\" rel=\"noopener\">qualified majority.<\/a><\/p>\n<p class=\"ep-wysiwig_paragraph\">The EU also needs to ensure its strategic sovereignty and be less dependent in key technological areas, critical infrastructure and supply chains, Parliament highlights.<\/p>\n<p class=\"ep-wysiwig_paragraph\"><strong>Call for increased military assistance to Ukraine<\/strong><\/p>\n<p class=\"ep-wysiwig_paragraph\">Both reports strongly condemn Russia\u2019s aggressive behaviour towards Ukraine.<\/p>\n<p class=\"ep-wysiwig_paragraph\">The text on the <a href=\"https:\/\/www.europarl.europa.eu\/factsheets\/en\/sheet\/159\/common-security-and-defence-policy\" target=\"_blank\" rel=\"noopener\">Common Security and Defence Policy<\/a>, adopted by 369 votes in favour, 197 against and 123 abstentions, calls for increased and credible military and security assistance to Ukraine, including by mobilising the\u00a0<a href=\"https:\/\/ec.europa.eu\/fpi\/what-we-do\/european-peace-facility_en\" target=\"_blank\" rel=\"noopener\">European Peace Facility<\/a>. MEPs also encourage the member states to increase their bilateral military and security assistance to Ukraine.<\/p>\n<p class=\"ep-wysiwig_paragraph\"><strong>Call for a more resilient European Union<\/strong><\/p>\n<p class=\"ep-wysiwig_paragraph\">Parliament also calls for a robust defence policy and a more resilient European Union that can counter threats such as terrorism, cyber-attacks, the exploitation of migration for political purposes and foreign interference. The EU should be able to respond firmly, <a href=\"https:\/\/www.europarl.europa.eu\/thinktank\/en\/document\/EPRS_BRI(2021)698057\" target=\"_blank\" rel=\"noopener\">alongside its partners, but also autonomously<\/a>\u00a0where necessary.<\/p>\n<p class=\"ep-wysiwig_paragraph\">Welcoming the launch of the work on the <a href=\"https:\/\/eeas.europa.eu\/headquarters\/headquarters-homepage\/89047\/towards-strategic-compass_en\" target=\"_blank\" rel=\"noopener\">Strategic Compass<\/a>\u00a0as an unprecedented strategic reflection, MEPs state that the Compass should constitute a major step towards a genuine European Defence Union.<\/p>\n<p class=\"ep-wysiwig_paragraph\">They also support creating a \u2018rapid entry capacity\u2019 with air, maritime and special forces that can be mobilised in a security emergency.<\/p>\n<p><strong><a href=\"https:\/\/www.europarl.europa.eu\/news\/es\/press-room\/20220210IPR23019\/the-eu-must-speak-with-one-voice-on-foreign-policy\" target=\"_blank\" rel=\"noopener\">Source: European Parliament &#8211; Press Release<\/a><\/strong><\/p>\n<\/div>\n<\/div>\n<\/div>\n<\/div>\n<hr \/>\n<div data-view1200=\"6\" data-view1020=\"6\" data-view750=\"10\" data-view640=\"6\" data-view480=\"8\" data-view320=\"4\">\n<h3 class=\"ep-p_text\"><span class=\"ep_name\">Russia\u2019s threats against Ukraine are a wake-up call for Europe, MEPs say<\/span><\/h3>\n<p>On Wednesday morning, MEPs took stock of the latest developments related to Russia\u2019s military threats against Ukraine in a plenary debate with European Council President Charles Michel, European Commission President Ursula von der Leyen and EU Foreign Policy Chief Josep Borrell.<\/p>\n<p>Opening the debate,\u00a0<a href=\"https:\/\/the-president.europarl.europa.eu\/en\" target=\"_blank\" rel=\"noopener\">Parliament President Roberta Metsola<\/a>\u00a0underlined how the European Parliament has repeatedly expressed solidarity with the people of Ukraine as they continue to face uncertainty and threats of Russian military aggression.<\/p>\n<p>\u201cWhat we are witnessing here is also a threat to peace in Europe\u201d, she added, whilst highlighting that Parliament later today will also vote to approve EUR 1.2 billion in financial assistance to Ukraine. She thanked the European Commission for its \u201ctimely proposal to support Ukraine\u2019s financial stability and resilience under the current difficult circumstances\u201d.<\/p>\n<p>European Council President Charles Michel underlined how the recent and unprecedented Russian military build-up along the Ukrainian border can only be seen as aggressive and threatening behaviour. He pointed out how these belligerent tactics not only threaten the stability and integrity of Ukraine but also peace and security in Europe and the rules-based international system.<\/p>\n<p>Mr Michel underscored that the EU is working continuously with its international partners and allies to de-escalate tensions, first and foremost through diplomacy, but also in preparing robust sanctions against Russia if its military aggression against Ukraine continues. In addition, he announced an initiative, as part of close coordination between the EU and Ukraine, of a donors\u2019 conference to further support the Ukrainian economy.<\/p>\n<table style=\"width: 99.9988%; border-collapse: collapse; border-style: double; border-color: #001f7d;\" cellpadding=\"0,5\">\n<tbody>\n<tr>\n<td style=\"width: 100%;\"><a href=\"https:\/\/www.cde.ual.es\/en\/external-action-and-defence-eu\/\" target=\"_blank\" rel=\"noopener\"><img decoding=\"async\" class=\"alignleft\" src=\"https:\/\/www.cde.ual.es\/wp-content\/uploads\/2022\/02\/ucrania-eu-1.jpg\" alt=\"\" width=\"201\" height=\"134\" \/><\/a><\/p>\n<h4 class=\"entry-title\"><a href=\"https:\/\/www.cde.ual.es\/en\/external-action-and-defence-eu\/\" target=\"_blank\" rel=\"noopener\">Latest official statements regarding the situation in Ukraine<\/a><\/h4>\n<p>&nbsp;<\/td>\n<\/tr>\n<\/tbody>\n<\/table>\n<p>\u201cThe idea of spheres of influence doesn\u2019t belong in the 21st century\u201d, said the President of the European Commission Ursula von der Leyen. Diplomacy has not spoken its last word yet, but now deeds have to follow, she said, referring to the latest signals coming from the Kremlin. NATO has not yet seen a reduction in Russian troops around Ukraine, she stressed.<\/p>\n<p>The Commission President also warned Russia not to weaponise the \u201cenergy issue\u201d. As the EU is bolstering other sources of energy, \u201dwe now are on the safe side for this winter\u201d, she pointed out, adding that the main lesson learnt for the EU is that it must diversify its energy sources to not be dependent on Russian gas. The European future lies in renewable energy, she concluded.<\/p>\n<p>\u201cWhat might happen in Ukraine will mark the future of humankind\u201d, warned EU High Representative Josep Borrell. \u201cIf the law of the strongest prevails, that would be a step backwards\u201d, he added. Mr Borrell also emphasised how the EU and its member states are facing the possibility of Russian military aggression in complete unity and considered that \u201cthis is one of the positive consequences of this crisis\u201d. He made clear that the EU is ready to negotiate for a diplomatic solution, but also prepared to act, with sanctions, if need be.<\/p>\n<p>Many MEPs highlighted how the current tensions are a wake-up call for the European Union, which must further develop its force of power to handle external pressure and ensure a strong response to outside threats, whilst maintaining peace and democracy as fundamental values and essential purpose. As such, they noted how the current Russian challenges create an opportunity to strengthen European unity.<\/p>\n<p>While expressing their continuous support and admiration for the Ukrainian people, faced with the threat of Russian aggression for years, many Members reiterated the need for both continued diplomacy vis-\u00e0-vis Moscow and the need to prepare tough sanctions against Russia. A lot must be on the sanctions table, including the Russia-to-Germany gas pipeline Nord Stream 2, some said.<\/p>\n<p>MEPs also pointed out that the reason for Russia\u2019s aggressiveness is not the expansion of NATO but rather the power of the values and attractiveness of democratic societies, which is scaring Russian President Vladimir Putin and the Kremlin. On another note, some MEPs also criticised the EU for being too ambiguous in its response to Russia, whilst others stressed that Europe needs to follow up its words with action in pushing back against Russian aggression.<\/p>\n<p>You can watch the plenary debate again\u00a0<a href=\"https:\/\/www.europarl.europa.eu\/plenary\/en\/vod.html?mode=chapter&amp;vodLanguage=EN&amp;vodId=9a412579-cb58-9b0e-7ec5-46f8b7751c81&amp;date=20220216\" target=\"_blank\" rel=\"noopener\">here<\/a>\u00a0(16.02.2022).<\/p>\n<table style=\"width: 99.9988%; border-collapse: collapse; border-style: double; border-color: #001f7d;\" cellpadding=\"0,5\">\n<tbody>\n<tr>\n<td style=\"width: 100%;\"><a href=\"https:\/\/www.cde.ual.es\/en\/what-is-the-eu-strategic-compass\/\" target=\"_blank\" rel=\"noopener\"><img decoding=\"async\" class=\"alignleft\" src=\"https:\/\/www.cde.ual.es\/wp-content\/uploads\/2020\/03\/defensa-300x169.png\" alt=\"\" width=\"201\" height=\"134\" \/><\/a><\/p>\n<h4 class=\"entry-title\"><a href=\"https:\/\/www.cde.ual.es\/en\/what-is-the-eu-strategic-compass\/\" target=\"_blank\" rel=\"noopener\">What is the EU Strategic Compass?<\/a><\/h4>\n<p>&nbsp;<\/td>\n<\/tr>\n<\/tbody>\n<\/table>\n<h3>Context<\/h3>\n<div class=\"ecl-page-header\">\n<div class=\"ecl-container\">\n<div class=\"ecl-page-header__body\">\n<div class=\"ecl-page-header__title\">\n<p class=\"ecl-heading ecl-heading--h1 ecl-u-color-white\"><strong>Commission unveils significant actions to contribute to European Defence, boost innovation and address strategic dependencies.<\/strong><\/p>\n<p>On February 15, the Commission put forward <a href=\"https:\/\/ec.europa.eu\/info\/files\/communication-commission-contribution-european-defence_en\">a number of Commission-led initiatives<\/a>\u00a0in areas critical for defence and security within the European Union. These comprise a Contribution to European defence, covering the full range of challenges, from the conventional defence industry and equipment on land, sea and air, to cyber, hybrid and space threats, military mobility and the relevance of climate change; and a\u00a0<a href=\"https:\/\/ec.europa.eu\/info\/files\/communication-roadmap-critical-technologies-security-and-defence_en\">roadmap on critical technologies for security and defence<\/a>. These new initiatives are concrete steps towards a more integrated and competitive European defence market, particularly by enhancing cooperation within the EU, thereby building scale, mastering costs and enhancing operational effectiveness. With its announcement today, the Commission provides input in the run-up to the\u00a0<a href=\"https:\/\/eeas.europa.eu\/headquarters\/headquarters-homepage\/106337\/towards-strategic-compass_en\">EU Strategic Compass on Security and Defence<\/a>.<\/p>\n<p>By using all available means in<strong>\u00a0<\/strong>an ever-evolving geopolitical and technological context, the Commission aims at strengthening the Union&#8217;s ability to counter fast-changing multi-layered threats.<\/p>\n<p>The Commission has, in particular, identified the following main new areas to further strengthen the competitiveness of the European defence market: <strong>explore how to further stimulate Member States investments in key strategic capabilities and critical enablers<\/strong> that are developed and\/or procured in European Union cooperative frameworks; <strong>further incentivise the joint procurement of defence capabilities developed in a collaborative way within the EU<\/strong>; <strong>call upon Member States to continue moving towards streamlined and more convergent arms exports control practices<\/strong>, in particular for defence capabilities developed in an EU cooperative framework.<\/p>\n<ul>\n<li><strong>Investments in defence research and capabilities and joint procurement<\/strong><\/li>\n<li><strong>Streamlined and more convergent export control practices<\/strong><\/li>\n<li><strong>Synergies between civilian and defence research and innovation and reducing strategic dependencies<\/strong><\/li>\n<li><strong>Strengthening the defence dimension of space at EU level<\/strong><\/li>\n<li><strong>Enhancing European resilience<\/strong><\/li>\n<\/ul>\n<table style=\"width: 99.9988%; border-collapse: collapse; border-style: double; border-color: #001f7d;\" cellpadding=\"0,5\">\n<tbody>\n<tr>\n<td style=\"width: 100%;\"><a href=\"https:\/\/www.cde.ual.es\/en\/horizon-europe-digital-aviation-technologies-for-emerging-global-threats\/\" target=\"_blank\" rel=\"noopener\"><img decoding=\"async\" class=\"alignleft\" src=\"https:\/\/www.cde.ual.es\/wp-content\/uploads\/2021\/12\/ashim-d-silva-pGcqw1ARGyg-unsplash-768x512.jpg\" alt=\"\" width=\"201\" height=\"134\" \/><\/a><\/p>\n<h4 class=\"entry-title\"><a href=\"https:\/\/www.cde.ual.es\/en\/horizon-europe-digital-aviation-technologies-for-emerging-global-threats\/\" target=\"_blank\" rel=\"noopener\">HORIZON EUROPE: Digital aviation technologies for emerging global threats<\/a><\/h4>\n<p>&nbsp;<\/td>\n<\/tr>\n<\/tbody>\n<\/table>\n<p>The\u00a0<a href=\"https:\/\/eeas.europa.eu\/headquarters\/headquarters-homepage\/106337\/towards-strategic-compass_en\">EU Strategic Compass for Security and Defence<\/a>\u00a0is a Council document, steered by the High Representative Josep\u00a0<strong>Borrell<\/strong>, that aims at providing Member States&#8217; common ambition to answer to the threats and challenges the EU is facing through concrete objectives and deliverables for the next 5-10 years. The Council should adopt it in March 2022.<\/p>\n<p>The roadmap on critical technologies for security and defence corresponds to a\u00a0<a href=\"https:\/\/www.consilium.europa.eu\/media\/48625\/2526-02-21-euco-statement-en.pdf\">request from the European Council of 25-26 February 2021<\/a>\u00a0to outline a path to boosting research, technology development and innovation and reducing the EU&#8217;s strategic dependencies in critical technologies and value chains for security and defence.<\/p>\n<p>The update of the\u00a0<a href=\"https:\/\/ec.europa.eu\/info\/files\/communication-updating-2020-new-industrial-strategy-building-stronger-single-market-europes-recovery_en\">2020 New Industrial Strategy: Building a stronger Single Market for Europe&#8217;s recovery<\/a>\u00a0in May 2021 confirmed that technological leadership remains an essential driver of the EU&#8217;s competitiveness and innovation, in particular for critical technologies. The\u00a0<u>Commission action plan on\u00a0<\/u><a href=\"https:\/\/ec.europa.eu\/info\/files\/action-plan-synergies-between-civil-defence-and-space-industries_en\">synergies between civil, defence and space industries<\/a>\u00a0of February 2021 recognised the growing importance of disruptive and enabling technologies originating in the civil domain for Europe&#8217;s future security and defence and the need to promote cross-fertilisation and synergies between civilian and defence technologies.<\/p>\n<h3><strong>More information<\/strong><\/h3>\n<p><strong><a href=\"https:\/\/www.europarl.europa.eu\/news\/es\/press-room\/20220210IPR23007\/la-amenaza-de-rusia-contra-ucrania-es-una-senal-de-alerta-para-europa\" target=\"_blank\" rel=\"noopener\">European Parliament &#8211; Press release<\/a><\/strong><\/p>\n<p><strong><a href=\"https:\/\/ec.europa.eu\/commission\/presscorner\/detail\/en\/ip_22_924\" target=\"_blank\" rel=\"noopener\">European Commission &#8211; Press release<\/a><\/strong><\/p>\n<\/div>\n<\/div>\n<\/div>\n<\/div>\n<\/div>\n","protected":false},"excerpt":{"rendered":"<p>Statement on Ukraine by European Parliament\u2019s leaders (February 24) Parliament\u2019s President and group leaders adopted the following statement on Russia\u2019s military attack on Ukraine, and announced an extraordinary plenary session for next Tuesday. The European Parliament Conference of Presidents was convened by President Roberta Metsola this morning to discuss our response to Russia\u2019s invasion into [&hellip;]<\/p>\n","protected":false},"author":1,"featured_media":96339,"comment_status":"open","ping_status":"open","sticky":false,"template":"","format":"standard","meta":{"_acf_changed":false,"_relevanssi_hide_post":"","_relevanssi_hide_content":"","_relevanssi_pin_for_all":"","_relevanssi_pin_keywords":"","_relevanssi_unpin_keywords":"","_relevanssi_related_keywords":"","_relevanssi_related_include_ids":"","_relevanssi_related_exclude_ids":"","_relevanssi_related_no_append":"","_relevanssi_related_not_related":"","_relevanssi_related_posts":"","_relevanssi_noindex_reason":"","_monsterinsights_skip_tracking":false,"_monsterinsights_sitenote_active":false,"_monsterinsights_sitenote_note":"","_monsterinsights_sitenote_category":0,"_genesis_hide_title":false,"_genesis_hide_breadcrumbs":false,"_genesis_hide_singular_image":false,"_genesis_hide_footer_widgets":false,"_genesis_custom_body_class":"","_genesis_custom_post_class":"","_genesis_layout":"","footnotes":""},"categories":[346,4064,4065],"tags":[2454,1588,2612,1217,5197,1123,2853,4244,5005,5196],"class_list":{"0":"post-96343","1":"post","2":"type-post","3":"status-publish","4":"format-standard","5":"has-post-thumbnail","7":"category-eu-news","8":"category-institutional","9":"category-international-pol-coop","10":"tag-borrell","11":"tag-crisis-en","12":"tag-debate-en","13":"tag-europe","14":"tag-michel-en","15":"tag-parliament","16":"tag-russia","17":"tag-statement","18":"tag-ukraine","19":"tag-von-der-leyen-en","20":"entry"},"acf":[],"yoast_head":"<!-- This site is optimized with the Yoast SEO plugin v27.4 - https:\/\/yoast.com\/product\/yoast-seo-wordpress\/ -->\n<title>Russia-Ukraine crisis debated in Parliament | CDE Almer\u00eda - Centro de Documentaci\u00f3n Europea - Universidad de Almer\u00eda<\/title>\n<meta name=\"robots\" content=\"index, follow, max-snippet:-1, max-image-preview:large, max-video-preview:-1\" \/>\n<link rel=\"canonical\" href=\"https:\/\/www.cde.ual.es\/en\/russia-ukraine-crisis-debated-in-parliament\/\" \/>\n<meta property=\"og:locale\" content=\"en_US\" \/>\n<meta property=\"og:type\" content=\"article\" \/>\n<meta property=\"og:title\" content=\"Russia-Ukraine crisis debated in Parliament | CDE Almer\u00eda - Centro de Documentaci\u00f3n Europea - Universidad de Almer\u00eda\" \/>\n<meta property=\"og:description\" content=\"Statement on Ukraine by European Parliament\u2019s leaders (February 24) Parliament\u2019s President and group leaders adopted the following statement on Russia\u2019s military attack on Ukraine, and announced an extraordinary plenary session for next Tuesday. The European Parliament Conference of Presidents was convened by President Roberta Metsola this morning to discuss our response to Russia\u2019s invasion into [&hellip;]\" \/>\n<meta property=\"og:url\" content=\"https:\/\/www.cde.ual.es\/en\/russia-ukraine-crisis-debated-in-parliament\/\" \/>\n<meta property=\"og:site_name\" content=\"CDE Almer\u00eda - Centro de Documentaci\u00f3n Europea - Universidad de Almer\u00eda\" \/>\n<meta property=\"article:publisher\" content=\"https:\/\/www.facebook.com\/cdeuniversidadalmeria\/\" \/>\n<meta property=\"article:published_time\" content=\"2022-02-18T02:00:38+00:00\" \/>\n<meta property=\"article:modified_time\" content=\"2022-02-24T12:21:23+00:00\" \/>\n<meta property=\"og:image\" content=\"https:\/\/www.cde.ual.es\/wp-content\/uploads\/2022\/02\/20220216PHT23407_original.jpg\" \/>\n\t<meta property=\"og:image:width\" content=\"1800\" \/>\n\t<meta property=\"og:image:height\" content=\"1800\" \/>\n\t<meta property=\"og:image:type\" content=\"image\/jpeg\" \/>\n<meta name=\"author\" content=\"AdminCDE\" \/>\n<meta name=\"twitter:card\" content=\"summary_large_image\" \/>\n<meta name=\"twitter:creator\" content=\"@cdeualmeria\" \/>\n<meta name=\"twitter:site\" content=\"@cdeualmeria\" \/>\n<meta name=\"twitter:label1\" content=\"Written by\" \/>\n\t<meta name=\"twitter:data1\" content=\"AdminCDE\" \/>\n\t<meta name=\"twitter:label2\" content=\"Est. reading time\" \/>\n\t<meta name=\"twitter:data2\" content=\"10 minutes\" \/>\n<script type=\"application\/ld+json\" class=\"yoast-schema-graph\">{\"@context\":\"https:\\\/\\\/schema.org\",\"@graph\":[{\"@type\":\"Article\",\"@id\":\"https:\\\/\\\/www.cde.ual.es\\\/en\\\/russia-ukraine-crisis-debated-in-parliament\\\/#article\",\"isPartOf\":{\"@id\":\"https:\\\/\\\/www.cde.ual.es\\\/en\\\/russia-ukraine-crisis-debated-in-parliament\\\/\"},\"author\":{\"name\":\"AdminCDE\",\"@id\":\"https:\\\/\\\/www.cde.ual.es\\\/#\\\/schema\\\/person\\\/224ef08c8bcc005f319d2713ce37ee5f\"},\"headline\":\"Russia-Ukraine crisis debated in Parliament\",\"datePublished\":\"2022-02-18T02:00:38+00:00\",\"dateModified\":\"2022-02-24T12:21:23+00:00\",\"mainEntityOfPage\":{\"@id\":\"https:\\\/\\\/www.cde.ual.es\\\/en\\\/russia-ukraine-crisis-debated-in-parliament\\\/\"},\"wordCount\":1841,\"commentCount\":0,\"publisher\":{\"@id\":\"https:\\\/\\\/www.cde.ual.es\\\/#organization\"},\"image\":{\"@id\":\"https:\\\/\\\/www.cde.ual.es\\\/en\\\/russia-ukraine-crisis-debated-in-parliament\\\/#primaryimage\"},\"thumbnailUrl\":\"https:\\\/\\\/www.cde.ual.es\\\/wp-content\\\/uploads\\\/2022\\\/02\\\/20220216PHT23407_original.jpg\",\"keywords\":[\"Borrell\",\"Crisis\",\"debate\",\"Europe\",\"Michel\",\"Parliament\",\"russia\",\"Statement\",\"ukraine\",\"Von der Leyen\"],\"articleSection\":[\"EU News\",\"Institutional Affairs\",\"International Politics and Cooperation\"],\"inLanguage\":\"en-US\",\"potentialAction\":[{\"@type\":\"CommentAction\",\"name\":\"Comment\",\"target\":[\"https:\\\/\\\/www.cde.ual.es\\\/en\\\/russia-ukraine-crisis-debated-in-parliament\\\/#respond\"]}]},{\"@type\":\"WebPage\",\"@id\":\"https:\\\/\\\/www.cde.ual.es\\\/en\\\/russia-ukraine-crisis-debated-in-parliament\\\/\",\"url\":\"https:\\\/\\\/www.cde.ual.es\\\/en\\\/russia-ukraine-crisis-debated-in-parliament\\\/\",\"name\":\"Russia-Ukraine crisis debated in Parliament | CDE Almer\u00eda - Centro de Documentaci\u00f3n Europea - Universidad de Almer\u00eda\",\"isPartOf\":{\"@id\":\"https:\\\/\\\/www.cde.ual.es\\\/#website\"},\"primaryImageOfPage\":{\"@id\":\"https:\\\/\\\/www.cde.ual.es\\\/en\\\/russia-ukraine-crisis-debated-in-parliament\\\/#primaryimage\"},\"image\":{\"@id\":\"https:\\\/\\\/www.cde.ual.es\\\/en\\\/russia-ukraine-crisis-debated-in-parliament\\\/#primaryimage\"},\"thumbnailUrl\":\"https:\\\/\\\/www.cde.ual.es\\\/wp-content\\\/uploads\\\/2022\\\/02\\\/20220216PHT23407_original.jpg\",\"datePublished\":\"2022-02-18T02:00:38+00:00\",\"dateModified\":\"2022-02-24T12:21:23+00:00\",\"breadcrumb\":{\"@id\":\"https:\\\/\\\/www.cde.ual.es\\\/en\\\/russia-ukraine-crisis-debated-in-parliament\\\/#breadcrumb\"},\"inLanguage\":\"en-US\",\"potentialAction\":[{\"@type\":\"ReadAction\",\"target\":[\"https:\\\/\\\/www.cde.ual.es\\\/en\\\/russia-ukraine-crisis-debated-in-parliament\\\/\"]}]},{\"@type\":\"ImageObject\",\"inLanguage\":\"en-US\",\"@id\":\"https:\\\/\\\/www.cde.ual.es\\\/en\\\/russia-ukraine-crisis-debated-in-parliament\\\/#primaryimage\",\"url\":\"https:\\\/\\\/www.cde.ual.es\\\/wp-content\\\/uploads\\\/2022\\\/02\\\/20220216PHT23407_original.jpg\",\"contentUrl\":\"https:\\\/\\\/www.cde.ual.es\\\/wp-content\\\/uploads\\\/2022\\\/02\\\/20220216PHT23407_original.jpg\",\"width\":1800,\"height\":1800},{\"@type\":\"BreadcrumbList\",\"@id\":\"https:\\\/\\\/www.cde.ual.es\\\/en\\\/russia-ukraine-crisis-debated-in-parliament\\\/#breadcrumb\",\"itemListElement\":[{\"@type\":\"ListItem\",\"position\":1,\"name\":\"Inicio\",\"item\":\"https:\\\/\\\/www.cde.ual.es\\\/en\\\/\"},{\"@type\":\"ListItem\",\"position\":2,\"name\":\"EU News\",\"item\":\"https:\\\/\\\/www.cde.ual.es\\\/en\\\/category\\\/eu-news\\\/\"},{\"@type\":\"ListItem\",\"position\":3,\"name\":\"Institutional Affairs\",\"item\":\"https:\\\/\\\/www.cde.ual.es\\\/en\\\/category\\\/eu-news\\\/institutional\\\/\"},{\"@type\":\"ListItem\",\"position\":4,\"name\":\"International Politics and Cooperation\",\"item\":\"https:\\\/\\\/www.cde.ual.es\\\/en\\\/category\\\/eu-news\\\/institutional\\\/international-pol-coop\\\/\"},{\"@type\":\"ListItem\",\"position\":5,\"name\":\"Russia-Ukraine crisis debated in Parliament\"}]},{\"@type\":\"WebSite\",\"@id\":\"https:\\\/\\\/www.cde.ual.es\\\/#website\",\"url\":\"https:\\\/\\\/www.cde.ual.es\\\/\",\"name\":\"CDE Almer\u00eda - Centro de Documentaci\u00f3n Europea - Universidad de Almer\u00eda\",\"description\":\"Centro de Documentaci\u00f3n Europea de la Universidad de Almer\u00eda\",\"publisher\":{\"@id\":\"https:\\\/\\\/www.cde.ual.es\\\/#organization\"},\"alternateName\":\"CDE Almer\u00eda\",\"potentialAction\":[{\"@type\":\"SearchAction\",\"target\":{\"@type\":\"EntryPoint\",\"urlTemplate\":\"https:\\\/\\\/www.cde.ual.es\\\/?s={search_term_string}\"},\"query-input\":{\"@type\":\"PropertyValueSpecification\",\"valueRequired\":true,\"valueName\":\"search_term_string\"}}],\"inLanguage\":\"en-US\"},{\"@type\":\"Organization\",\"@id\":\"https:\\\/\\\/www.cde.ual.es\\\/#organization\",\"name\":\"Centro de Documentaci\u00f3n Europea de Almer\u00eda\",\"url\":\"https:\\\/\\\/www.cde.ual.es\\\/\",\"logo\":{\"@type\":\"ImageObject\",\"inLanguage\":\"en-US\",\"@id\":\"https:\\\/\\\/www.cde.ual.es\\\/#\\\/schema\\\/logo\\\/image\\\/\",\"url\":\"https:\\\/\\\/www.cde.ual.es\\\/wp-content\\\/uploads\\\/2025\\\/07\\\/cde-logo-3.png\",\"contentUrl\":\"https:\\\/\\\/www.cde.ual.es\\\/wp-content\\\/uploads\\\/2025\\\/07\\\/cde-logo-3.png\",\"width\":1400,\"height\":300,\"caption\":\"Centro de Documentaci\u00f3n Europea de Almer\u00eda\"},\"image\":{\"@id\":\"https:\\\/\\\/www.cde.ual.es\\\/#\\\/schema\\\/logo\\\/image\\\/\"},\"sameAs\":[\"https:\\\/\\\/www.facebook.com\\\/cdeuniversidadalmeria\\\/\",\"https:\\\/\\\/x.com\\\/cdeualmeria\",\"https:\\\/\\\/www.tiktok.com\\\/@cdealmeria\",\"https:\\\/\\\/www.instagram.com\\\/cdealmeria\\\/\",\"https:\\\/\\\/www.linkedin.com\\\/in\\\/cde-almera-812b26a9\\\/\"]},{\"@type\":\"Person\",\"@id\":\"https:\\\/\\\/www.cde.ual.es\\\/#\\\/schema\\\/person\\\/224ef08c8bcc005f319d2713ce37ee5f\",\"name\":\"AdminCDE\",\"image\":{\"@type\":\"ImageObject\",\"inLanguage\":\"en-US\",\"@id\":\"https:\\\/\\\/secure.gravatar.com\\\/avatar\\\/a72d038d371f995cd13706fac32274b7952a52e8fb0a84b5f80c85426f2a98a8?s=96&d=mm&r=g\",\"url\":\"https:\\\/\\\/secure.gravatar.com\\\/avatar\\\/a72d038d371f995cd13706fac32274b7952a52e8fb0a84b5f80c85426f2a98a8?s=96&d=mm&r=g\",\"contentUrl\":\"https:\\\/\\\/secure.gravatar.com\\\/avatar\\\/a72d038d371f995cd13706fac32274b7952a52e8fb0a84b5f80c85426f2a98a8?s=96&d=mm&r=g\",\"caption\":\"AdminCDE\"}}]}<\/script>\n<!-- \/ Yoast SEO plugin. -->","yoast_head_json":{"title":"Russia-Ukraine crisis debated in Parliament | CDE Almer\u00eda - Centro de Documentaci\u00f3n Europea - Universidad de Almer\u00eda","robots":{"index":"index","follow":"follow","max-snippet":"max-snippet:-1","max-image-preview":"max-image-preview:large","max-video-preview":"max-video-preview:-1"},"canonical":"https:\/\/www.cde.ual.es\/en\/russia-ukraine-crisis-debated-in-parliament\/","og_locale":"en_US","og_type":"article","og_title":"Russia-Ukraine crisis debated in Parliament | CDE Almer\u00eda - Centro de Documentaci\u00f3n Europea - Universidad de Almer\u00eda","og_description":"Statement on Ukraine by European Parliament\u2019s leaders (February 24) Parliament\u2019s President and group leaders adopted the following statement on Russia\u2019s military attack on Ukraine, and announced an extraordinary plenary session for next Tuesday. The European Parliament Conference of Presidents was convened by President Roberta Metsola this morning to discuss our response to Russia\u2019s invasion into [&hellip;]","og_url":"https:\/\/www.cde.ual.es\/en\/russia-ukraine-crisis-debated-in-parliament\/","og_site_name":"CDE Almer\u00eda - Centro de Documentaci\u00f3n Europea - Universidad de Almer\u00eda","article_publisher":"https:\/\/www.facebook.com\/cdeuniversidadalmeria\/","article_published_time":"2022-02-18T02:00:38+00:00","article_modified_time":"2022-02-24T12:21:23+00:00","og_image":[{"width":1800,"height":1800,"url":"https:\/\/www.cde.ual.es\/wp-content\/uploads\/2022\/02\/20220216PHT23407_original.jpg","type":"image\/jpeg"}],"author":"AdminCDE","twitter_card":"summary_large_image","twitter_creator":"@cdeualmeria","twitter_site":"@cdeualmeria","twitter_misc":{"Written by":"AdminCDE","Est. reading time":"10 minutes"},"schema":{"@context":"https:\/\/schema.org","@graph":[{"@type":"Article","@id":"https:\/\/www.cde.ual.es\/en\/russia-ukraine-crisis-debated-in-parliament\/#article","isPartOf":{"@id":"https:\/\/www.cde.ual.es\/en\/russia-ukraine-crisis-debated-in-parliament\/"},"author":{"name":"AdminCDE","@id":"https:\/\/www.cde.ual.es\/#\/schema\/person\/224ef08c8bcc005f319d2713ce37ee5f"},"headline":"Russia-Ukraine crisis debated in Parliament","datePublished":"2022-02-18T02:00:38+00:00","dateModified":"2022-02-24T12:21:23+00:00","mainEntityOfPage":{"@id":"https:\/\/www.cde.ual.es\/en\/russia-ukraine-crisis-debated-in-parliament\/"},"wordCount":1841,"commentCount":0,"publisher":{"@id":"https:\/\/www.cde.ual.es\/#organization"},"image":{"@id":"https:\/\/www.cde.ual.es\/en\/russia-ukraine-crisis-debated-in-parliament\/#primaryimage"},"thumbnailUrl":"https:\/\/www.cde.ual.es\/wp-content\/uploads\/2022\/02\/20220216PHT23407_original.jpg","keywords":["Borrell","Crisis","debate","Europe","Michel","Parliament","russia","Statement","ukraine","Von der Leyen"],"articleSection":["EU News","Institutional Affairs","International Politics and Cooperation"],"inLanguage":"en-US","potentialAction":[{"@type":"CommentAction","name":"Comment","target":["https:\/\/www.cde.ual.es\/en\/russia-ukraine-crisis-debated-in-parliament\/#respond"]}]},{"@type":"WebPage","@id":"https:\/\/www.cde.ual.es\/en\/russia-ukraine-crisis-debated-in-parliament\/","url":"https:\/\/www.cde.ual.es\/en\/russia-ukraine-crisis-debated-in-parliament\/","name":"Russia-Ukraine crisis debated in Parliament | CDE Almer\u00eda - Centro de Documentaci\u00f3n Europea - Universidad de Almer\u00eda","isPartOf":{"@id":"https:\/\/www.cde.ual.es\/#website"},"primaryImageOfPage":{"@id":"https:\/\/www.cde.ual.es\/en\/russia-ukraine-crisis-debated-in-parliament\/#primaryimage"},"image":{"@id":"https:\/\/www.cde.ual.es\/en\/russia-ukraine-crisis-debated-in-parliament\/#primaryimage"},"thumbnailUrl":"https:\/\/www.cde.ual.es\/wp-content\/uploads\/2022\/02\/20220216PHT23407_original.jpg","datePublished":"2022-02-18T02:00:38+00:00","dateModified":"2022-02-24T12:21:23+00:00","breadcrumb":{"@id":"https:\/\/www.cde.ual.es\/en\/russia-ukraine-crisis-debated-in-parliament\/#breadcrumb"},"inLanguage":"en-US","potentialAction":[{"@type":"ReadAction","target":["https:\/\/www.cde.ual.es\/en\/russia-ukraine-crisis-debated-in-parliament\/"]}]},{"@type":"ImageObject","inLanguage":"en-US","@id":"https:\/\/www.cde.ual.es\/en\/russia-ukraine-crisis-debated-in-parliament\/#primaryimage","url":"https:\/\/www.cde.ual.es\/wp-content\/uploads\/2022\/02\/20220216PHT23407_original.jpg","contentUrl":"https:\/\/www.cde.ual.es\/wp-content\/uploads\/2022\/02\/20220216PHT23407_original.jpg","width":1800,"height":1800},{"@type":"BreadcrumbList","@id":"https:\/\/www.cde.ual.es\/en\/russia-ukraine-crisis-debated-in-parliament\/#breadcrumb","itemListElement":[{"@type":"ListItem","position":1,"name":"Inicio","item":"https:\/\/www.cde.ual.es\/en\/"},{"@type":"ListItem","position":2,"name":"EU News","item":"https:\/\/www.cde.ual.es\/en\/category\/eu-news\/"},{"@type":"ListItem","position":3,"name":"Institutional Affairs","item":"https:\/\/www.cde.ual.es\/en\/category\/eu-news\/institutional\/"},{"@type":"ListItem","position":4,"name":"International Politics and Cooperation","item":"https:\/\/www.cde.ual.es\/en\/category\/eu-news\/institutional\/international-pol-coop\/"},{"@type":"ListItem","position":5,"name":"Russia-Ukraine crisis debated in Parliament"}]},{"@type":"WebSite","@id":"https:\/\/www.cde.ual.es\/#website","url":"https:\/\/www.cde.ual.es\/","name":"CDE Almer\u00eda - Centro de Documentaci\u00f3n Europea - Universidad de Almer\u00eda","description":"Centro de Documentaci\u00f3n Europea de la Universidad de Almer\u00eda","publisher":{"@id":"https:\/\/www.cde.ual.es\/#organization"},"alternateName":"CDE Almer\u00eda","potentialAction":[{"@type":"SearchAction","target":{"@type":"EntryPoint","urlTemplate":"https:\/\/www.cde.ual.es\/?s={search_term_string}"},"query-input":{"@type":"PropertyValueSpecification","valueRequired":true,"valueName":"search_term_string"}}],"inLanguage":"en-US"},{"@type":"Organization","@id":"https:\/\/www.cde.ual.es\/#organization","name":"Centro de Documentaci\u00f3n Europea de Almer\u00eda","url":"https:\/\/www.cde.ual.es\/","logo":{"@type":"ImageObject","inLanguage":"en-US","@id":"https:\/\/www.cde.ual.es\/#\/schema\/logo\/image\/","url":"https:\/\/www.cde.ual.es\/wp-content\/uploads\/2025\/07\/cde-logo-3.png","contentUrl":"https:\/\/www.cde.ual.es\/wp-content\/uploads\/2025\/07\/cde-logo-3.png","width":1400,"height":300,"caption":"Centro de Documentaci\u00f3n Europea de Almer\u00eda"},"image":{"@id":"https:\/\/www.cde.ual.es\/#\/schema\/logo\/image\/"},"sameAs":["https:\/\/www.facebook.com\/cdeuniversidadalmeria\/","https:\/\/x.com\/cdeualmeria","https:\/\/www.tiktok.com\/@cdealmeria","https:\/\/www.instagram.com\/cdealmeria\/","https:\/\/www.linkedin.com\/in\/cde-almera-812b26a9\/"]},{"@type":"Person","@id":"https:\/\/www.cde.ual.es\/#\/schema\/person\/224ef08c8bcc005f319d2713ce37ee5f","name":"AdminCDE","image":{"@type":"ImageObject","inLanguage":"en-US","@id":"https:\/\/secure.gravatar.com\/avatar\/a72d038d371f995cd13706fac32274b7952a52e8fb0a84b5f80c85426f2a98a8?s=96&d=mm&r=g","url":"https:\/\/secure.gravatar.com\/avatar\/a72d038d371f995cd13706fac32274b7952a52e8fb0a84b5f80c85426f2a98a8?s=96&d=mm&r=g","contentUrl":"https:\/\/secure.gravatar.com\/avatar\/a72d038d371f995cd13706fac32274b7952a52e8fb0a84b5f80c85426f2a98a8?s=96&d=mm&r=g","caption":"AdminCDE"}}]}},"_links":{"self":[{"href":"https:\/\/www.cde.ual.es\/en\/wp-json\/wp\/v2\/posts\/96343","targetHints":{"allow":["GET"]}}],"collection":[{"href":"https:\/\/www.cde.ual.es\/en\/wp-json\/wp\/v2\/posts"}],"about":[{"href":"https:\/\/www.cde.ual.es\/en\/wp-json\/wp\/v2\/types\/post"}],"author":[{"embeddable":true,"href":"https:\/\/www.cde.ual.es\/en\/wp-json\/wp\/v2\/users\/1"}],"replies":[{"embeddable":true,"href":"https:\/\/www.cde.ual.es\/en\/wp-json\/wp\/v2\/comments?post=96343"}],"version-history":[{"count":0,"href":"https:\/\/www.cde.ual.es\/en\/wp-json\/wp\/v2\/posts\/96343\/revisions"}],"wp:featuredmedia":[{"embeddable":true,"href":"https:\/\/www.cde.ual.es\/en\/wp-json\/wp\/v2\/media\/96339"}],"wp:attachment":[{"href":"https:\/\/www.cde.ual.es\/en\/wp-json\/wp\/v2\/media?parent=96343"}],"wp:term":[{"taxonomy":"category","embeddable":true,"href":"https:\/\/www.cde.ual.es\/en\/wp-json\/wp\/v2\/categories?post=96343"},{"taxonomy":"post_tag","embeddable":true,"href":"https:\/\/www.cde.ual.es\/en\/wp-json\/wp\/v2\/tags?post=96343"}],"curies":[{"name":"wp","href":"https:\/\/api.w.org\/{rel}","templated":true}]}}