{"id":9631,"date":"2018-11-06T09:28:45","date_gmt":"2018-11-06T08:28:45","guid":{"rendered":"http:\/\/www.cde.ual.es\/?p=9631"},"modified":"2018-11-06T09:30:38","modified_gmt":"2018-11-06T08:30:38","slug":"reforzar-la-seguridad-en-el-espacio-schengen","status":"publish","type":"post","link":"https:\/\/www.cde.ual.es\/en\/reforzar-la-seguridad-en-el-espacio-schengen\/","title":{"rendered":"Reforzar la seguridad en el espacio Schengen"},"content":{"rendered":"<p>T\u00edtulo:\u00a0Reforzar la seguridad en el espacio Schengen<\/p>\n<p>Autor: Parlamento Europeo<\/p>\n<p>Resumen:\u00a0<span id=\"1\" class=\"\" tabindex=\"0\" title=\"Advance the video at the highlighted phrase\">La libre circulaci\u00f3n es uno de los principios fundamentales de la UE.<\/span><span id=\"2\" class=\"\" tabindex=\"0\" title=\"Advance the video at the highlighted phrase\">\u00a0Aunque los controles fronterizos han sido abolidos dentro del espacio Schengen,<\/span><span id=\"3\" class=\"\" tabindex=\"0\" title=\"Advance the video at the highlighted phrase\">\u00a0la UE sigue teniendo que combatir el terrorismo, la delincuencia transfronteriza y la inmigraci\u00f3n ilegal<\/span><span id=\"4\" class=\"\" tabindex=\"0\" title=\"Advance the video at the highlighted phrase\">\u00a0y debe garantizar la protecci\u00f3n de sus fronteras exteriores.<\/span><span id=\"5\" class=\"\" tabindex=\"0\" title=\"Advance the video at the highlighted phrase\">\u00a0De eso es de lo que trata el Sistema de Informaci\u00f3n de Schengen, o SIS.<\/span><span id=\"6\" class=\"\" tabindex=\"0\" title=\"Advance the video at the highlighted phrase\">\u00a0<\/span><\/p>\n<p>Duraci\u00f3n: 01:07<\/p>\n<p>Fecha de Publicaci\u00f3n: 13-11-2017<\/p>\n<p>&nbsp;<\/p>\n<p><a href=\"https:\/\/multimedia.europarl.europa.eu\/es\/strengthening-security-in-the-schengen-area_NO1-PUB-171113-SIS2_ev\"><img decoding=\"async\" class=\" wp-image-9633 aligncenter\" src=\"http:\/\/www.cde.ual.es\/wp-content\/uploads\/2018\/11\/Reforzar-la-Seguridad-en-el-Espacio-Schengen-300x170.png\" alt=\"\" width=\"399\" height=\"226\" \/><\/a><\/p>\n<p>&nbsp;<\/p>\n<p>&nbsp;<\/p>\n","protected":false},"excerpt":{"rendered":"<p>T\u00edtulo:\u00a0Reforzar la seguridad en el espacio Schengen Autor: Parlamento Europeo Resumen:\u00a0La libre circulaci\u00f3n es uno de los principios fundamentales de la UE.\u00a0Aunque los controles fronterizos han sido abolidos dentro del espacio Schengen,\u00a0la UE sigue teniendo que combatir el terrorismo, la delincuencia transfronteriza y la inmigraci\u00f3n ilegal\u00a0y debe garantizar la protecci\u00f3n de sus fronteras exteriores.\u00a0De eso [&hellip;]<\/p>\n","protected":false},"author":101011,"featured_media":9633,"comment_status":"open","ping_status":"open","sticky":false,"template":"","format":"standard","meta":{"_acf_changed":false,"_relevanssi_hide_post":"","_relevanssi_hide_content":"","_relevanssi_pin_for_all":"","_relevanssi_pin_keywords":"","_relevanssi_unpin_keywords":"","_relevanssi_related_keywords":"","_relevanssi_related_include_ids":"","_relevanssi_related_exclude_ids":"","_relevanssi_related_no_append":"","_relevanssi_related_not_related":"","_relevanssi_related_posts":"","_relevanssi_noindex_reason":"","_monsterinsights_skip_tracking":false,"_monsterinsights_sitenote_active":false,"_monsterinsights_sitenote_note":"","_monsterinsights_sitenote_category":0,"_genesis_hide_title":false,"_genesis_hide_breadcrumbs":false,"_genesis_hide_singular_image":false,"_genesis_hide_footer_widgets":false,"_genesis_custom_body_class":"","_genesis_custom_post_class":"","_genesis_layout":"","footnotes":""},"categories":[121,125,115],"tags":[],"class_list":{"0":"post-9631","1":"post","2":"type-post","3":"status-publish","4":"format-standard","5":"has-post-thumbnail","7":"category-mediateca-defensa-y-seguridad","8":"category-mediateca-union-europea","9":"category-repositorio-mediateca","10":"entry"},"acf":[],"yoast_head":"<!-- This site is optimized with the Yoast SEO plugin v27.4 - https:\/\/yoast.com\/product\/yoast-seo-wordpress\/ -->\n<title>Reforzar la seguridad en el espacio Schengen | CDE Almer\u00eda - Centro de Documentaci\u00f3n Europea - Universidad de Almer\u00eda<\/title>\n<meta name=\"robots\" content=\"index, follow, max-snippet:-1, max-image-preview:large, max-video-preview:-1\" \/>\n<link rel=\"canonical\" href=\"https:\/\/www.cde.ual.es\/reforzar-la-seguridad-en-el-espacio-schengen\/\" \/>\n<meta property=\"og:locale\" content=\"en_US\" \/>\n<meta property=\"og:type\" content=\"article\" \/>\n<meta property=\"og:title\" content=\"Reforzar la seguridad en el espacio Schengen | CDE Almer\u00eda - Centro de Documentaci\u00f3n Europea - Universidad de Almer\u00eda\" \/>\n<meta property=\"og:description\" content=\"T\u00edtulo:\u00a0Reforzar la seguridad en el espacio Schengen Autor: Parlamento Europeo Resumen:\u00a0La libre circulaci\u00f3n es uno de los principios fundamentales de la UE.\u00a0Aunque los controles fronterizos han sido abolidos dentro del espacio Schengen,\u00a0la UE sigue teniendo que combatir el terrorismo, la delincuencia transfronteriza y la inmigraci\u00f3n ilegal\u00a0y debe garantizar la protecci\u00f3n de sus fronteras exteriores.\u00a0De eso [&hellip;]\" \/>\n<meta property=\"og:url\" content=\"https:\/\/www.cde.ual.es\/reforzar-la-seguridad-en-el-espacio-schengen\/\" \/>\n<meta property=\"og:site_name\" content=\"CDE Almer\u00eda - Centro de Documentaci\u00f3n Europea - Universidad de Almer\u00eda\" \/>\n<meta property=\"article:publisher\" content=\"https:\/\/www.facebook.com\/cdeuniversidadalmeria\/\" \/>\n<meta property=\"article:published_time\" content=\"2018-11-06T08:28:45+00:00\" \/>\n<meta property=\"article:modified_time\" content=\"2018-11-06T08:30:38+00:00\" \/>\n<meta property=\"og:image\" content=\"https:\/\/www.cde.ual.es\/wp-content\/uploads\/2018\/11\/Reforzar-la-Seguridad-en-el-Espacio-Schengen-e1541492913298.png\" \/>\n\t<meta property=\"og:image:width\" content=\"650\" \/>\n\t<meta property=\"og:image:height\" content=\"368\" \/>\n\t<meta property=\"og:image:type\" content=\"image\/png\" \/>\n<meta name=\"author\" content=\"BECA 2 CDE\" \/>\n<meta name=\"twitter:card\" content=\"summary_large_image\" \/>\n<meta name=\"twitter:creator\" content=\"@cdeualmeria\" \/>\n<meta name=\"twitter:site\" content=\"@cdeualmeria\" \/>\n<meta name=\"twitter:label1\" content=\"Written by\" \/>\n\t<meta name=\"twitter:data1\" content=\"BECA 2 CDE\" \/>\n<script type=\"application\/ld+json\" class=\"yoast-schema-graph\">{\"@context\":\"https:\\\/\\\/schema.org\",\"@graph\":[{\"@type\":\"Article\",\"@id\":\"https:\\\/\\\/www.cde.ual.es\\\/reforzar-la-seguridad-en-el-espacio-schengen\\\/#article\",\"isPartOf\":{\"@id\":\"https:\\\/\\\/www.cde.ual.es\\\/reforzar-la-seguridad-en-el-espacio-schengen\\\/\"},\"author\":{\"name\":\"BECA 2 CDE\",\"@id\":\"https:\\\/\\\/www.cde.ual.es\\\/#\\\/schema\\\/person\\\/ee46ebc19edfa19598c02cff83335acc\"},\"headline\":\"Reforzar la seguridad en el espacio Schengen\",\"datePublished\":\"2018-11-06T08:28:45+00:00\",\"dateModified\":\"2018-11-06T08:30:38+00:00\",\"mainEntityOfPage\":{\"@id\":\"https:\\\/\\\/www.cde.ual.es\\\/reforzar-la-seguridad-en-el-espacio-schengen\\\/\"},\"wordCount\":97,\"commentCount\":0,\"publisher\":{\"@id\":\"https:\\\/\\\/www.cde.ual.es\\\/#organization\"},\"image\":{\"@id\":\"https:\\\/\\\/www.cde.ual.es\\\/reforzar-la-seguridad-en-el-espacio-schengen\\\/#primaryimage\"},\"thumbnailUrl\":\"https:\\\/\\\/www.cde.ual.es\\\/wp-content\\\/uploads\\\/2018\\\/11\\\/Reforzar-la-Seguridad-en-el-Espacio-Schengen-e1541492913298.png\",\"articleSection\":[\"Mediateca - Defensa y Seguridad\",\"Mediateca - Uni\u00f3n Europea\",\"Repositorio Mediateca\"],\"inLanguage\":\"en-US\",\"potentialAction\":[{\"@type\":\"CommentAction\",\"name\":\"Comment\",\"target\":[\"https:\\\/\\\/www.cde.ual.es\\\/reforzar-la-seguridad-en-el-espacio-schengen\\\/#respond\"]}]},{\"@type\":\"WebPage\",\"@id\":\"https:\\\/\\\/www.cde.ual.es\\\/reforzar-la-seguridad-en-el-espacio-schengen\\\/\",\"url\":\"https:\\\/\\\/www.cde.ual.es\\\/reforzar-la-seguridad-en-el-espacio-schengen\\\/\",\"name\":\"Reforzar la seguridad en el espacio Schengen | CDE Almer\u00eda - Centro de Documentaci\u00f3n Europea - Universidad de Almer\u00eda\",\"isPartOf\":{\"@id\":\"https:\\\/\\\/www.cde.ual.es\\\/#website\"},\"primaryImageOfPage\":{\"@id\":\"https:\\\/\\\/www.cde.ual.es\\\/reforzar-la-seguridad-en-el-espacio-schengen\\\/#primaryimage\"},\"image\":{\"@id\":\"https:\\\/\\\/www.cde.ual.es\\\/reforzar-la-seguridad-en-el-espacio-schengen\\\/#primaryimage\"},\"thumbnailUrl\":\"https:\\\/\\\/www.cde.ual.es\\\/wp-content\\\/uploads\\\/2018\\\/11\\\/Reforzar-la-Seguridad-en-el-Espacio-Schengen-e1541492913298.png\",\"datePublished\":\"2018-11-06T08:28:45+00:00\",\"dateModified\":\"2018-11-06T08:30:38+00:00\",\"breadcrumb\":{\"@id\":\"https:\\\/\\\/www.cde.ual.es\\\/reforzar-la-seguridad-en-el-espacio-schengen\\\/#breadcrumb\"},\"inLanguage\":\"en-US\",\"potentialAction\":[{\"@type\":\"ReadAction\",\"target\":[\"https:\\\/\\\/www.cde.ual.es\\\/reforzar-la-seguridad-en-el-espacio-schengen\\\/\"]}]},{\"@type\":\"ImageObject\",\"inLanguage\":\"en-US\",\"@id\":\"https:\\\/\\\/www.cde.ual.es\\\/reforzar-la-seguridad-en-el-espacio-schengen\\\/#primaryimage\",\"url\":\"https:\\\/\\\/www.cde.ual.es\\\/wp-content\\\/uploads\\\/2018\\\/11\\\/Reforzar-la-Seguridad-en-el-Espacio-Schengen-e1541492913298.png\",\"contentUrl\":\"https:\\\/\\\/www.cde.ual.es\\\/wp-content\\\/uploads\\\/2018\\\/11\\\/Reforzar-la-Seguridad-en-el-Espacio-Schengen-e1541492913298.png\",\"width\":650,\"height\":368},{\"@type\":\"BreadcrumbList\",\"@id\":\"https:\\\/\\\/www.cde.ual.es\\\/reforzar-la-seguridad-en-el-espacio-schengen\\\/#breadcrumb\",\"itemListElement\":[{\"@type\":\"ListItem\",\"position\":1,\"name\":\"Inicio\",\"item\":\"https:\\\/\\\/www.cde.ual.es\\\/en\\\/\"},{\"@type\":\"ListItem\",\"position\":2,\"name\":\"Repositorio Mediateca\",\"item\":\"https:\\\/\\\/www.cde.ual.es\\\/category\\\/repositorio-mediateca\\\/\"},{\"@type\":\"ListItem\",\"position\":3,\"name\":\"Mediateca - Defensa y Seguridad\",\"item\":\"https:\\\/\\\/www.cde.ual.es\\\/category\\\/repositorio-mediateca\\\/mediateca-defensa-y-seguridad\\\/\"},{\"@type\":\"ListItem\",\"position\":4,\"name\":\"Reforzar la seguridad en el espacio Schengen\"}]},{\"@type\":\"WebSite\",\"@id\":\"https:\\\/\\\/www.cde.ual.es\\\/#website\",\"url\":\"https:\\\/\\\/www.cde.ual.es\\\/\",\"name\":\"CDE Almer\u00eda - Centro de Documentaci\u00f3n Europea - Universidad de Almer\u00eda\",\"description\":\"Centro de Documentaci\u00f3n Europea de la Universidad de Almer\u00eda\",\"publisher\":{\"@id\":\"https:\\\/\\\/www.cde.ual.es\\\/#organization\"},\"alternateName\":\"CDE Almer\u00eda\",\"potentialAction\":[{\"@type\":\"SearchAction\",\"target\":{\"@type\":\"EntryPoint\",\"urlTemplate\":\"https:\\\/\\\/www.cde.ual.es\\\/?s={search_term_string}\"},\"query-input\":{\"@type\":\"PropertyValueSpecification\",\"valueRequired\":true,\"valueName\":\"search_term_string\"}}],\"inLanguage\":\"en-US\"},{\"@type\":\"Organization\",\"@id\":\"https:\\\/\\\/www.cde.ual.es\\\/#organization\",\"name\":\"Centro de Documentaci\u00f3n Europea de Almer\u00eda\",\"url\":\"https:\\\/\\\/www.cde.ual.es\\\/\",\"logo\":{\"@type\":\"ImageObject\",\"inLanguage\":\"en-US\",\"@id\":\"https:\\\/\\\/www.cde.ual.es\\\/#\\\/schema\\\/logo\\\/image\\\/\",\"url\":\"https:\\\/\\\/www.cde.ual.es\\\/wp-content\\\/uploads\\\/2025\\\/07\\\/cde-logo-3.png\",\"contentUrl\":\"https:\\\/\\\/www.cde.ual.es\\\/wp-content\\\/uploads\\\/2025\\\/07\\\/cde-logo-3.png\",\"width\":1400,\"height\":300,\"caption\":\"Centro de Documentaci\u00f3n Europea de Almer\u00eda\"},\"image\":{\"@id\":\"https:\\\/\\\/www.cde.ual.es\\\/#\\\/schema\\\/logo\\\/image\\\/\"},\"sameAs\":[\"https:\\\/\\\/www.facebook.com\\\/cdeuniversidadalmeria\\\/\",\"https:\\\/\\\/x.com\\\/cdeualmeria\",\"https:\\\/\\\/www.tiktok.com\\\/@cdealmeria\",\"https:\\\/\\\/www.instagram.com\\\/cdealmeria\\\/\",\"https:\\\/\\\/www.linkedin.com\\\/in\\\/cde-almera-812b26a9\\\/\"]},{\"@type\":\"Person\",\"@id\":\"https:\\\/\\\/www.cde.ual.es\\\/#\\\/schema\\\/person\\\/ee46ebc19edfa19598c02cff83335acc\",\"name\":\"BECA 2 CDE\",\"image\":{\"@type\":\"ImageObject\",\"inLanguage\":\"en-US\",\"@id\":\"https:\\\/\\\/secure.gravatar.com\\\/avatar\\\/35a481bbc04bbd90e91bdfa3b0b5541036c222a49b9ad37b6889a2afcb5311a5?s=96&d=mm&r=g\",\"url\":\"https:\\\/\\\/secure.gravatar.com\\\/avatar\\\/35a481bbc04bbd90e91bdfa3b0b5541036c222a49b9ad37b6889a2afcb5311a5?s=96&d=mm&r=g\",\"contentUrl\":\"https:\\\/\\\/secure.gravatar.com\\\/avatar\\\/35a481bbc04bbd90e91bdfa3b0b5541036c222a49b9ad37b6889a2afcb5311a5?s=96&d=mm&r=g\",\"caption\":\"BECA 2 CDE\"},\"sameAs\":[\"http:\\\/\\\/www.cdealmeria.com\"]}]}<\/script>\n<!-- \/ Yoast SEO plugin. -->","yoast_head_json":{"title":"Reforzar la seguridad en el espacio Schengen | CDE Almer\u00eda - Centro de Documentaci\u00f3n Europea - Universidad de Almer\u00eda","robots":{"index":"index","follow":"follow","max-snippet":"max-snippet:-1","max-image-preview":"max-image-preview:large","max-video-preview":"max-video-preview:-1"},"canonical":"https:\/\/www.cde.ual.es\/reforzar-la-seguridad-en-el-espacio-schengen\/","og_locale":"en_US","og_type":"article","og_title":"Reforzar la seguridad en el espacio Schengen | CDE Almer\u00eda - Centro de Documentaci\u00f3n Europea - Universidad de Almer\u00eda","og_description":"T\u00edtulo:\u00a0Reforzar la seguridad en el espacio Schengen Autor: Parlamento Europeo Resumen:\u00a0La libre circulaci\u00f3n es uno de los principios fundamentales de la UE.\u00a0Aunque los controles fronterizos han sido abolidos dentro del espacio Schengen,\u00a0la UE sigue teniendo que combatir el terrorismo, la delincuencia transfronteriza y la inmigraci\u00f3n ilegal\u00a0y debe garantizar la protecci\u00f3n de sus fronteras exteriores.\u00a0De eso [&hellip;]","og_url":"https:\/\/www.cde.ual.es\/reforzar-la-seguridad-en-el-espacio-schengen\/","og_site_name":"CDE Almer\u00eda - Centro de Documentaci\u00f3n Europea - Universidad de Almer\u00eda","article_publisher":"https:\/\/www.facebook.com\/cdeuniversidadalmeria\/","article_published_time":"2018-11-06T08:28:45+00:00","article_modified_time":"2018-11-06T08:30:38+00:00","og_image":[{"width":650,"height":368,"url":"https:\/\/www.cde.ual.es\/wp-content\/uploads\/2018\/11\/Reforzar-la-Seguridad-en-el-Espacio-Schengen-e1541492913298.png","type":"image\/png"}],"author":"BECA 2 CDE","twitter_card":"summary_large_image","twitter_creator":"@cdeualmeria","twitter_site":"@cdeualmeria","twitter_misc":{"Written by":"BECA 2 CDE"},"schema":{"@context":"https:\/\/schema.org","@graph":[{"@type":"Article","@id":"https:\/\/www.cde.ual.es\/reforzar-la-seguridad-en-el-espacio-schengen\/#article","isPartOf":{"@id":"https:\/\/www.cde.ual.es\/reforzar-la-seguridad-en-el-espacio-schengen\/"},"author":{"name":"BECA 2 CDE","@id":"https:\/\/www.cde.ual.es\/#\/schema\/person\/ee46ebc19edfa19598c02cff83335acc"},"headline":"Reforzar la seguridad en el espacio Schengen","datePublished":"2018-11-06T08:28:45+00:00","dateModified":"2018-11-06T08:30:38+00:00","mainEntityOfPage":{"@id":"https:\/\/www.cde.ual.es\/reforzar-la-seguridad-en-el-espacio-schengen\/"},"wordCount":97,"commentCount":0,"publisher":{"@id":"https:\/\/www.cde.ual.es\/#organization"},"image":{"@id":"https:\/\/www.cde.ual.es\/reforzar-la-seguridad-en-el-espacio-schengen\/#primaryimage"},"thumbnailUrl":"https:\/\/www.cde.ual.es\/wp-content\/uploads\/2018\/11\/Reforzar-la-Seguridad-en-el-Espacio-Schengen-e1541492913298.png","articleSection":["Mediateca - Defensa y Seguridad","Mediateca - Uni\u00f3n Europea","Repositorio Mediateca"],"inLanguage":"en-US","potentialAction":[{"@type":"CommentAction","name":"Comment","target":["https:\/\/www.cde.ual.es\/reforzar-la-seguridad-en-el-espacio-schengen\/#respond"]}]},{"@type":"WebPage","@id":"https:\/\/www.cde.ual.es\/reforzar-la-seguridad-en-el-espacio-schengen\/","url":"https:\/\/www.cde.ual.es\/reforzar-la-seguridad-en-el-espacio-schengen\/","name":"Reforzar la seguridad en el espacio Schengen | CDE Almer\u00eda - Centro de Documentaci\u00f3n Europea - Universidad de Almer\u00eda","isPartOf":{"@id":"https:\/\/www.cde.ual.es\/#website"},"primaryImageOfPage":{"@id":"https:\/\/www.cde.ual.es\/reforzar-la-seguridad-en-el-espacio-schengen\/#primaryimage"},"image":{"@id":"https:\/\/www.cde.ual.es\/reforzar-la-seguridad-en-el-espacio-schengen\/#primaryimage"},"thumbnailUrl":"https:\/\/www.cde.ual.es\/wp-content\/uploads\/2018\/11\/Reforzar-la-Seguridad-en-el-Espacio-Schengen-e1541492913298.png","datePublished":"2018-11-06T08:28:45+00:00","dateModified":"2018-11-06T08:30:38+00:00","breadcrumb":{"@id":"https:\/\/www.cde.ual.es\/reforzar-la-seguridad-en-el-espacio-schengen\/#breadcrumb"},"inLanguage":"en-US","potentialAction":[{"@type":"ReadAction","target":["https:\/\/www.cde.ual.es\/reforzar-la-seguridad-en-el-espacio-schengen\/"]}]},{"@type":"ImageObject","inLanguage":"en-US","@id":"https:\/\/www.cde.ual.es\/reforzar-la-seguridad-en-el-espacio-schengen\/#primaryimage","url":"https:\/\/www.cde.ual.es\/wp-content\/uploads\/2018\/11\/Reforzar-la-Seguridad-en-el-Espacio-Schengen-e1541492913298.png","contentUrl":"https:\/\/www.cde.ual.es\/wp-content\/uploads\/2018\/11\/Reforzar-la-Seguridad-en-el-Espacio-Schengen-e1541492913298.png","width":650,"height":368},{"@type":"BreadcrumbList","@id":"https:\/\/www.cde.ual.es\/reforzar-la-seguridad-en-el-espacio-schengen\/#breadcrumb","itemListElement":[{"@type":"ListItem","position":1,"name":"Inicio","item":"https:\/\/www.cde.ual.es\/en\/"},{"@type":"ListItem","position":2,"name":"Repositorio Mediateca","item":"https:\/\/www.cde.ual.es\/category\/repositorio-mediateca\/"},{"@type":"ListItem","position":3,"name":"Mediateca - Defensa y Seguridad","item":"https:\/\/www.cde.ual.es\/category\/repositorio-mediateca\/mediateca-defensa-y-seguridad\/"},{"@type":"ListItem","position":4,"name":"Reforzar la seguridad en el espacio Schengen"}]},{"@type":"WebSite","@id":"https:\/\/www.cde.ual.es\/#website","url":"https:\/\/www.cde.ual.es\/","name":"CDE Almer\u00eda - Centro de Documentaci\u00f3n Europea - Universidad de Almer\u00eda","description":"Centro de Documentaci\u00f3n Europea de la Universidad de Almer\u00eda","publisher":{"@id":"https:\/\/www.cde.ual.es\/#organization"},"alternateName":"CDE Almer\u00eda","potentialAction":[{"@type":"SearchAction","target":{"@type":"EntryPoint","urlTemplate":"https:\/\/www.cde.ual.es\/?s={search_term_string}"},"query-input":{"@type":"PropertyValueSpecification","valueRequired":true,"valueName":"search_term_string"}}],"inLanguage":"en-US"},{"@type":"Organization","@id":"https:\/\/www.cde.ual.es\/#organization","name":"Centro de Documentaci\u00f3n Europea de Almer\u00eda","url":"https:\/\/www.cde.ual.es\/","logo":{"@type":"ImageObject","inLanguage":"en-US","@id":"https:\/\/www.cde.ual.es\/#\/schema\/logo\/image\/","url":"https:\/\/www.cde.ual.es\/wp-content\/uploads\/2025\/07\/cde-logo-3.png","contentUrl":"https:\/\/www.cde.ual.es\/wp-content\/uploads\/2025\/07\/cde-logo-3.png","width":1400,"height":300,"caption":"Centro de Documentaci\u00f3n Europea de Almer\u00eda"},"image":{"@id":"https:\/\/www.cde.ual.es\/#\/schema\/logo\/image\/"},"sameAs":["https:\/\/www.facebook.com\/cdeuniversidadalmeria\/","https:\/\/x.com\/cdeualmeria","https:\/\/www.tiktok.com\/@cdealmeria","https:\/\/www.instagram.com\/cdealmeria\/","https:\/\/www.linkedin.com\/in\/cde-almera-812b26a9\/"]},{"@type":"Person","@id":"https:\/\/www.cde.ual.es\/#\/schema\/person\/ee46ebc19edfa19598c02cff83335acc","name":"BECA 2 CDE","image":{"@type":"ImageObject","inLanguage":"en-US","@id":"https:\/\/secure.gravatar.com\/avatar\/35a481bbc04bbd90e91bdfa3b0b5541036c222a49b9ad37b6889a2afcb5311a5?s=96&d=mm&r=g","url":"https:\/\/secure.gravatar.com\/avatar\/35a481bbc04bbd90e91bdfa3b0b5541036c222a49b9ad37b6889a2afcb5311a5?s=96&d=mm&r=g","contentUrl":"https:\/\/secure.gravatar.com\/avatar\/35a481bbc04bbd90e91bdfa3b0b5541036c222a49b9ad37b6889a2afcb5311a5?s=96&d=mm&r=g","caption":"BECA 2 CDE"},"sameAs":["http:\/\/www.cdealmeria.com"]}]}},"_links":{"self":[{"href":"https:\/\/www.cde.ual.es\/en\/wp-json\/wp\/v2\/posts\/9631","targetHints":{"allow":["GET"]}}],"collection":[{"href":"https:\/\/www.cde.ual.es\/en\/wp-json\/wp\/v2\/posts"}],"about":[{"href":"https:\/\/www.cde.ual.es\/en\/wp-json\/wp\/v2\/types\/post"}],"author":[{"embeddable":true,"href":"https:\/\/www.cde.ual.es\/en\/wp-json\/wp\/v2\/users\/101011"}],"replies":[{"embeddable":true,"href":"https:\/\/www.cde.ual.es\/en\/wp-json\/wp\/v2\/comments?post=9631"}],"version-history":[{"count":0,"href":"https:\/\/www.cde.ual.es\/en\/wp-json\/wp\/v2\/posts\/9631\/revisions"}],"wp:featuredmedia":[{"embeddable":true,"href":"https:\/\/www.cde.ual.es\/en\/wp-json\/wp\/v2\/media\/9633"}],"wp:attachment":[{"href":"https:\/\/www.cde.ual.es\/en\/wp-json\/wp\/v2\/media?parent=9631"}],"wp:term":[{"taxonomy":"category","embeddable":true,"href":"https:\/\/www.cde.ual.es\/en\/wp-json\/wp\/v2\/categories?post=9631"},{"taxonomy":"post_tag","embeddable":true,"href":"https:\/\/www.cde.ual.es\/en\/wp-json\/wp\/v2\/tags?post=9631"}],"curies":[{"name":"wp","href":"https:\/\/api.w.org\/{rel}","templated":true}]}}