{"id":9621,"date":"2018-11-06T08:47:14","date_gmt":"2018-11-06T07:47:14","guid":{"rendered":"http:\/\/www.cde.ual.es\/?p=9621"},"modified":"2018-11-06T08:47:14","modified_gmt":"2018-11-06T07:47:14","slug":"los-eurodiputados-exigen-la-rapida-adhesion-de-bulgaria-y-rumania-al-espacio-schengen","status":"publish","type":"post","link":"https:\/\/www.cde.ual.es\/en\/los-eurodiputados-exigen-la-rapida-adhesion-de-bulgaria-y-rumania-al-espacio-schengen\/","title":{"rendered":"Los eurodiputados exigen la r\u00e1pida adhesi\u00f3n de Bulgaria y Ruman\u00eda al espacio Schengen"},"content":{"rendered":"<h3 style=\"text-align: center;\"><em>Los eurodiputados exigen la r\u00e1pida adhesi\u00f3n de Bulgaria y Ruman\u00eda al espacio Schengen<\/em><\/h3>\n<p><a href=\"http:\/\/www.cde.ual.es\/wp-content\/uploads\/2018\/11\/Schengen-860x484.jpg\"><img decoding=\"async\" class=\"size-medium wp-image-9622 aligncenter\" src=\"http:\/\/www.cde.ual.es\/wp-content\/uploads\/2018\/11\/Schengen-860x484-300x169.jpg\" alt=\"\" width=\"300\" height=\"169\" \/><\/a><\/p>\n<p>Los ministros de la UE deber\u00edan admitir a Bulgaria y Ruman\u00eda en el \u00e1rea Schengen de control de fronteras tan pronto como sea posible, insta la Comisi\u00f3n de Libertades Civiles.<\/p>\n<p>Los eurodiputados reiteraron el lunes su llamamiento a los ministros de la UE para que tomen una decisi\u00f3n r\u00e1pida y afirmativa sobre la adhesi\u00f3n de Bulgaria y Ruman\u00eda como miembros de pleno derecho al espacio Schengen.<\/p>\n<p>Hacen hincapi\u00e9 en dos asuntos principales: la liberalizaci\u00f3n de los controles en las fronteras interiores mar y aire, no podr\u00edan ir seguidos de la detenci\u00f3n en las fronteras terrestres internas, ya que se plantear\u00edan una serie de riesgos que podr\u00edan afectar negativamente la futura ampliaci\u00f3n del \u00e1rea Schengen. Por lo tanto, la decisi\u00f3n debe tomarse en forma de un acto jur\u00eddico \u00fanico, dicen los diputados.<\/p>\n<p>De igual modo, los eurodiputados tambi\u00e9n piden a los ministros de la UE que decidan sobre la adhesi\u00f3n de Croacia a Schengen tan pronto como Croacia cumpla con los criterios requeridos.<\/p>\n<h4>Consecuencias negativas de los controles de las fronteras interiores.<\/h4>\n<p>Los eurodiputados del Comit\u00e9 de Libertades Civiles subrayan que el \u00e1rea Schengen es un acuerdo \u00fanico y uno de los mayores logros de la UE. El aplazamiento de la adhesi\u00f3n plena de Bulgaria y Ruman\u00eda ha tra\u00eddo consecuencias negativas no solo para los dos pa\u00edses, sino tambi\u00e9n para la UE en su conjunto.<\/p>\n<p>Los eurodiputados destacan que mantener los controles fronterizos internos o reintroducirlos en el \u00e1rea de Schengen socava la confianza de los ciudadanos en las instituciones europeas y la integraci\u00f3n. Tambi\u00e9n tiene un impacto econ\u00f3mico negativo en el mercado interno de la UE y en las exportaciones e importaciones desde y hacia Bulgaria y Ruman\u00eda.<\/p>\n<p>Tambi\u00e9n se destaca que la ampliaci\u00f3n del \u00e1rea de Schengen o la libre circulaci\u00f3n de los ciudadanos de la UE no deber\u00edan verse afectadas negativamente por las deficiencias de otras pol\u00edticas de la UE, como la pol\u00edtica de asilo y migraci\u00f3n.<\/p>\n<h4>Pr\u00f3ximos pasos<\/h4>\n<p>El <a href=\"http:\/\/www.europarl.europa.eu\/sides\/getDoc.do?pubRef=-\/\/EP\/\/NONSGML+COMPARL+PE-623.658+01+DOC+PDF+V0\/\/EN&amp;language=EN\">proyecto de informe<\/a> fue aprobado por 36 votos a favor de 4 y 1 abstenci\u00f3n. Se espera que la C\u00e1mara llena vote este informe no legislativo en diciembre.<\/p>\n<h4>Antecedentes<\/h4>\n<p>El Parlamento dio luz verde a Bulgaria y Ruman\u00eda para que se unieran al \u00e1rea Schengen en junio de 2011 y ha reiterado su posici\u00f3n varias veces despu\u00e9s de la resoluci\u00f3n legislativa. Actualmente, Bulgaria y Ruman\u00eda aplican parcialmente el acervo de Schengen y los controles se llevan a cabo en las fronteras de los dos pa\u00edses. La decisi\u00f3n final sobre si los dos pa\u00edses pueden formar parte del espacio Schengen debe ser tomada por un voto un\u00e1nime en el Consejo por los ministros de la UE.<\/p>\n<p>&nbsp;<\/p>\n<h5>M\u00e1s informaci\u00f3n<\/h5>\n<p>Accede a la noticia completa <a href=\"http:\/\/www.europarl.europa.eu\/news\/es\/press-room\/20181105IPR18252\/meps-demand-bulgaria-s-and-romania-s-swift-accession-to-schengen-area\">aqu\u00ed<\/a><\/p>\n<p><a href=\"http:\/\/www.europarl.europa.eu\/news\/es\/press-room\/20181105IPR18252\/meps-demand-bulgaria-s-and-romania-s-swift-accession-to-schengen-area\">Comit\u00e9 de Libertades Civiles, Justicia y Asuntos de Interior<\/a><\/p>\n","protected":false},"excerpt":{"rendered":"<p>Los eurodiputados exigen la r\u00e1pida adhesi\u00f3n de Bulgaria y Ruman\u00eda al espacio Schengen Los ministros de la UE deber\u00edan admitir a Bulgaria y Ruman\u00eda en el \u00e1rea Schengen de control de fronteras tan pronto como sea posible, insta la Comisi\u00f3n de Libertades Civiles. Los eurodiputados reiteraron el lunes su llamamiento a los ministros de la [&hellip;]<\/p>\n","protected":false},"author":101011,"featured_media":9622,"comment_status":"open","ping_status":"open","sticky":false,"template":"","format":"standard","meta":{"_acf_changed":false,"_relevanssi_hide_post":"","_relevanssi_hide_content":"","_relevanssi_pin_for_all":"","_relevanssi_pin_keywords":"","_relevanssi_unpin_keywords":"","_relevanssi_related_keywords":"","_relevanssi_related_include_ids":"","_relevanssi_related_exclude_ids":"","_relevanssi_related_no_append":"","_relevanssi_related_not_related":"","_relevanssi_related_posts":"","_relevanssi_noindex_reason":"","_monsterinsights_skip_tracking":false,"_monsterinsights_sitenote_active":false,"_monsterinsights_sitenote_note":"","_monsterinsights_sitenote_category":0,"_genesis_hide_title":false,"_genesis_hide_breadcrumbs":false,"_genesis_hide_singular_image":false,"_genesis_hide_footer_widgets":false,"_genesis_custom_body_class":"","_genesis_custom_post_class":"","_genesis_layout":"","footnotes":""},"categories":[96],"tags":[242,126,263,135],"class_list":{"0":"post-9621","1":"post","2":"type-post","3":"status-publish","4":"format-standard","5":"has-post-thumbnail","7":"category-noticias-ue","8":"tag-asuntos-internacionales","9":"tag-competitividad-empresa","10":"tag-schengen","11":"tag-union-europea","12":"entry"},"acf":[],"yoast_head":"<!-- This site is optimized with the Yoast SEO plugin v27.4 - https:\/\/yoast.com\/product\/yoast-seo-wordpress\/ -->\n<title>Los eurodiputados exigen la r\u00e1pida adhesi\u00f3n de Bulgaria y Ruman\u00eda al espacio Schengen | CDE Almer\u00eda - Centro de Documentaci\u00f3n Europea - Universidad de Almer\u00eda<\/title>\n<meta name=\"robots\" content=\"index, follow, max-snippet:-1, max-image-preview:large, max-video-preview:-1\" \/>\n<link rel=\"canonical\" href=\"https:\/\/www.cde.ual.es\/los-eurodiputados-exigen-la-rapida-adhesion-de-bulgaria-y-rumania-al-espacio-schengen\/\" \/>\n<meta property=\"og:locale\" content=\"en_US\" \/>\n<meta property=\"og:type\" content=\"article\" \/>\n<meta property=\"og:title\" content=\"Los eurodiputados exigen la r\u00e1pida adhesi\u00f3n de Bulgaria y Ruman\u00eda al espacio Schengen | CDE Almer\u00eda - Centro de Documentaci\u00f3n Europea - Universidad de Almer\u00eda\" \/>\n<meta property=\"og:description\" content=\"Los eurodiputados exigen la r\u00e1pida adhesi\u00f3n de Bulgaria y Ruman\u00eda al espacio Schengen Los ministros de la UE deber\u00edan admitir a Bulgaria y Ruman\u00eda en el \u00e1rea Schengen de control de fronteras tan pronto como sea posible, insta la Comisi\u00f3n de Libertades Civiles. Los eurodiputados reiteraron el lunes su llamamiento a los ministros de la [&hellip;]\" \/>\n<meta property=\"og:url\" content=\"https:\/\/www.cde.ual.es\/los-eurodiputados-exigen-la-rapida-adhesion-de-bulgaria-y-rumania-al-espacio-schengen\/\" \/>\n<meta property=\"og:site_name\" content=\"CDE Almer\u00eda - Centro de Documentaci\u00f3n Europea - Universidad de Almer\u00eda\" \/>\n<meta property=\"article:publisher\" content=\"https:\/\/www.facebook.com\/cdeuniversidadalmeria\/\" \/>\n<meta property=\"article:published_time\" content=\"2018-11-06T07:47:14+00:00\" \/>\n<meta property=\"og:image\" content=\"https:\/\/www.cde.ual.es\/wp-content\/uploads\/2018\/11\/Schengen-860x484-e1541490423590.jpg\" \/>\n\t<meta property=\"og:image:width\" content=\"600\" \/>\n\t<meta property=\"og:image:height\" content=\"338\" \/>\n\t<meta property=\"og:image:type\" content=\"image\/jpeg\" \/>\n<meta name=\"author\" content=\"BECA 2 CDE\" \/>\n<meta name=\"twitter:card\" content=\"summary_large_image\" \/>\n<meta name=\"twitter:creator\" content=\"@cdeualmeria\" \/>\n<meta name=\"twitter:site\" content=\"@cdeualmeria\" \/>\n<meta name=\"twitter:label1\" content=\"Written by\" \/>\n\t<meta name=\"twitter:data1\" content=\"BECA 2 CDE\" \/>\n\t<meta name=\"twitter:label2\" content=\"Est. reading time\" \/>\n\t<meta name=\"twitter:data2\" content=\"3 minutes\" \/>\n<script type=\"application\/ld+json\" class=\"yoast-schema-graph\">{\"@context\":\"https:\\\/\\\/schema.org\",\"@graph\":[{\"@type\":\"Article\",\"@id\":\"https:\\\/\\\/www.cde.ual.es\\\/los-eurodiputados-exigen-la-rapida-adhesion-de-bulgaria-y-rumania-al-espacio-schengen\\\/#article\",\"isPartOf\":{\"@id\":\"https:\\\/\\\/www.cde.ual.es\\\/los-eurodiputados-exigen-la-rapida-adhesion-de-bulgaria-y-rumania-al-espacio-schengen\\\/\"},\"author\":{\"name\":\"BECA 2 CDE\",\"@id\":\"https:\\\/\\\/www.cde.ual.es\\\/#\\\/schema\\\/person\\\/ee46ebc19edfa19598c02cff83335acc\"},\"headline\":\"Los eurodiputados exigen la r\u00e1pida adhesi\u00f3n de Bulgaria y Ruman\u00eda al espacio Schengen\",\"datePublished\":\"2018-11-06T07:47:14+00:00\",\"mainEntityOfPage\":{\"@id\":\"https:\\\/\\\/www.cde.ual.es\\\/los-eurodiputados-exigen-la-rapida-adhesion-de-bulgaria-y-rumania-al-espacio-schengen\\\/\"},\"wordCount\":530,\"commentCount\":0,\"publisher\":{\"@id\":\"https:\\\/\\\/www.cde.ual.es\\\/#organization\"},\"image\":{\"@id\":\"https:\\\/\\\/www.cde.ual.es\\\/los-eurodiputados-exigen-la-rapida-adhesion-de-bulgaria-y-rumania-al-espacio-schengen\\\/#primaryimage\"},\"thumbnailUrl\":\"https:\\\/\\\/www.cde.ual.es\\\/wp-content\\\/uploads\\\/2018\\\/11\\\/Schengen-860x484-e1541490423590.jpg\",\"keywords\":[\"Asuntos Internacionales\",\"Mercado en la Uni\u00f3n Europea\",\"Schengen\",\"Uni\u00f3n Europea\"],\"articleSection\":[\"Noticias UE\"],\"inLanguage\":\"en-US\",\"potentialAction\":[{\"@type\":\"CommentAction\",\"name\":\"Comment\",\"target\":[\"https:\\\/\\\/www.cde.ual.es\\\/los-eurodiputados-exigen-la-rapida-adhesion-de-bulgaria-y-rumania-al-espacio-schengen\\\/#respond\"]}]},{\"@type\":\"WebPage\",\"@id\":\"https:\\\/\\\/www.cde.ual.es\\\/los-eurodiputados-exigen-la-rapida-adhesion-de-bulgaria-y-rumania-al-espacio-schengen\\\/\",\"url\":\"https:\\\/\\\/www.cde.ual.es\\\/los-eurodiputados-exigen-la-rapida-adhesion-de-bulgaria-y-rumania-al-espacio-schengen\\\/\",\"name\":\"Los eurodiputados exigen la r\u00e1pida adhesi\u00f3n de Bulgaria y Ruman\u00eda al espacio Schengen | CDE Almer\u00eda - Centro de Documentaci\u00f3n Europea - Universidad de Almer\u00eda\",\"isPartOf\":{\"@id\":\"https:\\\/\\\/www.cde.ual.es\\\/#website\"},\"primaryImageOfPage\":{\"@id\":\"https:\\\/\\\/www.cde.ual.es\\\/los-eurodiputados-exigen-la-rapida-adhesion-de-bulgaria-y-rumania-al-espacio-schengen\\\/#primaryimage\"},\"image\":{\"@id\":\"https:\\\/\\\/www.cde.ual.es\\\/los-eurodiputados-exigen-la-rapida-adhesion-de-bulgaria-y-rumania-al-espacio-schengen\\\/#primaryimage\"},\"thumbnailUrl\":\"https:\\\/\\\/www.cde.ual.es\\\/wp-content\\\/uploads\\\/2018\\\/11\\\/Schengen-860x484-e1541490423590.jpg\",\"datePublished\":\"2018-11-06T07:47:14+00:00\",\"breadcrumb\":{\"@id\":\"https:\\\/\\\/www.cde.ual.es\\\/los-eurodiputados-exigen-la-rapida-adhesion-de-bulgaria-y-rumania-al-espacio-schengen\\\/#breadcrumb\"},\"inLanguage\":\"en-US\",\"potentialAction\":[{\"@type\":\"ReadAction\",\"target\":[\"https:\\\/\\\/www.cde.ual.es\\\/los-eurodiputados-exigen-la-rapida-adhesion-de-bulgaria-y-rumania-al-espacio-schengen\\\/\"]}]},{\"@type\":\"ImageObject\",\"inLanguage\":\"en-US\",\"@id\":\"https:\\\/\\\/www.cde.ual.es\\\/los-eurodiputados-exigen-la-rapida-adhesion-de-bulgaria-y-rumania-al-espacio-schengen\\\/#primaryimage\",\"url\":\"https:\\\/\\\/www.cde.ual.es\\\/wp-content\\\/uploads\\\/2018\\\/11\\\/Schengen-860x484-e1541490423590.jpg\",\"contentUrl\":\"https:\\\/\\\/www.cde.ual.es\\\/wp-content\\\/uploads\\\/2018\\\/11\\\/Schengen-860x484-e1541490423590.jpg\",\"width\":600,\"height\":338},{\"@type\":\"BreadcrumbList\",\"@id\":\"https:\\\/\\\/www.cde.ual.es\\\/los-eurodiputados-exigen-la-rapida-adhesion-de-bulgaria-y-rumania-al-espacio-schengen\\\/#breadcrumb\",\"itemListElement\":[{\"@type\":\"ListItem\",\"position\":1,\"name\":\"Inicio\",\"item\":\"https:\\\/\\\/www.cde.ual.es\\\/en\\\/\"},{\"@type\":\"ListItem\",\"position\":2,\"name\":\"EU News\",\"item\":\"https:\\\/\\\/www.cde.ual.es\\\/en\\\/category\\\/eu-news\\\/\"},{\"@type\":\"ListItem\",\"position\":3,\"name\":\"Los eurodiputados exigen la r\u00e1pida adhesi\u00f3n de Bulgaria y Ruman\u00eda al espacio Schengen\"}]},{\"@type\":\"WebSite\",\"@id\":\"https:\\\/\\\/www.cde.ual.es\\\/#website\",\"url\":\"https:\\\/\\\/www.cde.ual.es\\\/\",\"name\":\"CDE Almer\u00eda - Centro de Documentaci\u00f3n Europea - Universidad de Almer\u00eda\",\"description\":\"Centro de Documentaci\u00f3n Europea de la Universidad de Almer\u00eda\",\"publisher\":{\"@id\":\"https:\\\/\\\/www.cde.ual.es\\\/#organization\"},\"alternateName\":\"CDE Almer\u00eda\",\"potentialAction\":[{\"@type\":\"SearchAction\",\"target\":{\"@type\":\"EntryPoint\",\"urlTemplate\":\"https:\\\/\\\/www.cde.ual.es\\\/?s={search_term_string}\"},\"query-input\":{\"@type\":\"PropertyValueSpecification\",\"valueRequired\":true,\"valueName\":\"search_term_string\"}}],\"inLanguage\":\"en-US\"},{\"@type\":\"Organization\",\"@id\":\"https:\\\/\\\/www.cde.ual.es\\\/#organization\",\"name\":\"Centro de Documentaci\u00f3n Europea de Almer\u00eda\",\"url\":\"https:\\\/\\\/www.cde.ual.es\\\/\",\"logo\":{\"@type\":\"ImageObject\",\"inLanguage\":\"en-US\",\"@id\":\"https:\\\/\\\/www.cde.ual.es\\\/#\\\/schema\\\/logo\\\/image\\\/\",\"url\":\"https:\\\/\\\/www.cde.ual.es\\\/wp-content\\\/uploads\\\/2025\\\/07\\\/cde-logo-3.png\",\"contentUrl\":\"https:\\\/\\\/www.cde.ual.es\\\/wp-content\\\/uploads\\\/2025\\\/07\\\/cde-logo-3.png\",\"width\":1400,\"height\":300,\"caption\":\"Centro de Documentaci\u00f3n Europea de Almer\u00eda\"},\"image\":{\"@id\":\"https:\\\/\\\/www.cde.ual.es\\\/#\\\/schema\\\/logo\\\/image\\\/\"},\"sameAs\":[\"https:\\\/\\\/www.facebook.com\\\/cdeuniversidadalmeria\\\/\",\"https:\\\/\\\/x.com\\\/cdeualmeria\",\"https:\\\/\\\/www.tiktok.com\\\/@cdealmeria\",\"https:\\\/\\\/www.instagram.com\\\/cdealmeria\\\/\",\"https:\\\/\\\/www.linkedin.com\\\/in\\\/cde-almera-812b26a9\\\/\"]},{\"@type\":\"Person\",\"@id\":\"https:\\\/\\\/www.cde.ual.es\\\/#\\\/schema\\\/person\\\/ee46ebc19edfa19598c02cff83335acc\",\"name\":\"BECA 2 CDE\",\"image\":{\"@type\":\"ImageObject\",\"inLanguage\":\"en-US\",\"@id\":\"https:\\\/\\\/secure.gravatar.com\\\/avatar\\\/35a481bbc04bbd90e91bdfa3b0b5541036c222a49b9ad37b6889a2afcb5311a5?s=96&d=mm&r=g\",\"url\":\"https:\\\/\\\/secure.gravatar.com\\\/avatar\\\/35a481bbc04bbd90e91bdfa3b0b5541036c222a49b9ad37b6889a2afcb5311a5?s=96&d=mm&r=g\",\"contentUrl\":\"https:\\\/\\\/secure.gravatar.com\\\/avatar\\\/35a481bbc04bbd90e91bdfa3b0b5541036c222a49b9ad37b6889a2afcb5311a5?s=96&d=mm&r=g\",\"caption\":\"BECA 2 CDE\"},\"sameAs\":[\"http:\\\/\\\/www.cdealmeria.com\"]}]}<\/script>\n<!-- \/ Yoast SEO plugin. -->","yoast_head_json":{"title":"Los eurodiputados exigen la r\u00e1pida adhesi\u00f3n de Bulgaria y Ruman\u00eda al espacio Schengen | CDE Almer\u00eda - Centro de Documentaci\u00f3n Europea - Universidad de Almer\u00eda","robots":{"index":"index","follow":"follow","max-snippet":"max-snippet:-1","max-image-preview":"max-image-preview:large","max-video-preview":"max-video-preview:-1"},"canonical":"https:\/\/www.cde.ual.es\/los-eurodiputados-exigen-la-rapida-adhesion-de-bulgaria-y-rumania-al-espacio-schengen\/","og_locale":"en_US","og_type":"article","og_title":"Los eurodiputados exigen la r\u00e1pida adhesi\u00f3n de Bulgaria y Ruman\u00eda al espacio Schengen | CDE Almer\u00eda - Centro de Documentaci\u00f3n Europea - Universidad de Almer\u00eda","og_description":"Los eurodiputados exigen la r\u00e1pida adhesi\u00f3n de Bulgaria y Ruman\u00eda al espacio Schengen Los ministros de la UE deber\u00edan admitir a Bulgaria y Ruman\u00eda en el \u00e1rea Schengen de control de fronteras tan pronto como sea posible, insta la Comisi\u00f3n de Libertades Civiles. Los eurodiputados reiteraron el lunes su llamamiento a los ministros de la [&hellip;]","og_url":"https:\/\/www.cde.ual.es\/los-eurodiputados-exigen-la-rapida-adhesion-de-bulgaria-y-rumania-al-espacio-schengen\/","og_site_name":"CDE Almer\u00eda - Centro de Documentaci\u00f3n Europea - Universidad de Almer\u00eda","article_publisher":"https:\/\/www.facebook.com\/cdeuniversidadalmeria\/","article_published_time":"2018-11-06T07:47:14+00:00","og_image":[{"width":600,"height":338,"url":"https:\/\/www.cde.ual.es\/wp-content\/uploads\/2018\/11\/Schengen-860x484-e1541490423590.jpg","type":"image\/jpeg"}],"author":"BECA 2 CDE","twitter_card":"summary_large_image","twitter_creator":"@cdeualmeria","twitter_site":"@cdeualmeria","twitter_misc":{"Written by":"BECA 2 CDE","Est. reading time":"3 minutes"},"schema":{"@context":"https:\/\/schema.org","@graph":[{"@type":"Article","@id":"https:\/\/www.cde.ual.es\/los-eurodiputados-exigen-la-rapida-adhesion-de-bulgaria-y-rumania-al-espacio-schengen\/#article","isPartOf":{"@id":"https:\/\/www.cde.ual.es\/los-eurodiputados-exigen-la-rapida-adhesion-de-bulgaria-y-rumania-al-espacio-schengen\/"},"author":{"name":"BECA 2 CDE","@id":"https:\/\/www.cde.ual.es\/#\/schema\/person\/ee46ebc19edfa19598c02cff83335acc"},"headline":"Los eurodiputados exigen la r\u00e1pida adhesi\u00f3n de Bulgaria y Ruman\u00eda al espacio Schengen","datePublished":"2018-11-06T07:47:14+00:00","mainEntityOfPage":{"@id":"https:\/\/www.cde.ual.es\/los-eurodiputados-exigen-la-rapida-adhesion-de-bulgaria-y-rumania-al-espacio-schengen\/"},"wordCount":530,"commentCount":0,"publisher":{"@id":"https:\/\/www.cde.ual.es\/#organization"},"image":{"@id":"https:\/\/www.cde.ual.es\/los-eurodiputados-exigen-la-rapida-adhesion-de-bulgaria-y-rumania-al-espacio-schengen\/#primaryimage"},"thumbnailUrl":"https:\/\/www.cde.ual.es\/wp-content\/uploads\/2018\/11\/Schengen-860x484-e1541490423590.jpg","keywords":["Asuntos Internacionales","Mercado en la Uni\u00f3n Europea","Schengen","Uni\u00f3n Europea"],"articleSection":["Noticias UE"],"inLanguage":"en-US","potentialAction":[{"@type":"CommentAction","name":"Comment","target":["https:\/\/www.cde.ual.es\/los-eurodiputados-exigen-la-rapida-adhesion-de-bulgaria-y-rumania-al-espacio-schengen\/#respond"]}]},{"@type":"WebPage","@id":"https:\/\/www.cde.ual.es\/los-eurodiputados-exigen-la-rapida-adhesion-de-bulgaria-y-rumania-al-espacio-schengen\/","url":"https:\/\/www.cde.ual.es\/los-eurodiputados-exigen-la-rapida-adhesion-de-bulgaria-y-rumania-al-espacio-schengen\/","name":"Los eurodiputados exigen la r\u00e1pida adhesi\u00f3n de Bulgaria y Ruman\u00eda al espacio Schengen | CDE Almer\u00eda - Centro de Documentaci\u00f3n Europea - Universidad de Almer\u00eda","isPartOf":{"@id":"https:\/\/www.cde.ual.es\/#website"},"primaryImageOfPage":{"@id":"https:\/\/www.cde.ual.es\/los-eurodiputados-exigen-la-rapida-adhesion-de-bulgaria-y-rumania-al-espacio-schengen\/#primaryimage"},"image":{"@id":"https:\/\/www.cde.ual.es\/los-eurodiputados-exigen-la-rapida-adhesion-de-bulgaria-y-rumania-al-espacio-schengen\/#primaryimage"},"thumbnailUrl":"https:\/\/www.cde.ual.es\/wp-content\/uploads\/2018\/11\/Schengen-860x484-e1541490423590.jpg","datePublished":"2018-11-06T07:47:14+00:00","breadcrumb":{"@id":"https:\/\/www.cde.ual.es\/los-eurodiputados-exigen-la-rapida-adhesion-de-bulgaria-y-rumania-al-espacio-schengen\/#breadcrumb"},"inLanguage":"en-US","potentialAction":[{"@type":"ReadAction","target":["https:\/\/www.cde.ual.es\/los-eurodiputados-exigen-la-rapida-adhesion-de-bulgaria-y-rumania-al-espacio-schengen\/"]}]},{"@type":"ImageObject","inLanguage":"en-US","@id":"https:\/\/www.cde.ual.es\/los-eurodiputados-exigen-la-rapida-adhesion-de-bulgaria-y-rumania-al-espacio-schengen\/#primaryimage","url":"https:\/\/www.cde.ual.es\/wp-content\/uploads\/2018\/11\/Schengen-860x484-e1541490423590.jpg","contentUrl":"https:\/\/www.cde.ual.es\/wp-content\/uploads\/2018\/11\/Schengen-860x484-e1541490423590.jpg","width":600,"height":338},{"@type":"BreadcrumbList","@id":"https:\/\/www.cde.ual.es\/los-eurodiputados-exigen-la-rapida-adhesion-de-bulgaria-y-rumania-al-espacio-schengen\/#breadcrumb","itemListElement":[{"@type":"ListItem","position":1,"name":"Inicio","item":"https:\/\/www.cde.ual.es\/en\/"},{"@type":"ListItem","position":2,"name":"EU News","item":"https:\/\/www.cde.ual.es\/en\/category\/eu-news\/"},{"@type":"ListItem","position":3,"name":"Los eurodiputados exigen la r\u00e1pida adhesi\u00f3n de Bulgaria y Ruman\u00eda al espacio Schengen"}]},{"@type":"WebSite","@id":"https:\/\/www.cde.ual.es\/#website","url":"https:\/\/www.cde.ual.es\/","name":"CDE Almer\u00eda - Centro de Documentaci\u00f3n Europea - Universidad de Almer\u00eda","description":"Centro de Documentaci\u00f3n Europea de la Universidad de Almer\u00eda","publisher":{"@id":"https:\/\/www.cde.ual.es\/#organization"},"alternateName":"CDE Almer\u00eda","potentialAction":[{"@type":"SearchAction","target":{"@type":"EntryPoint","urlTemplate":"https:\/\/www.cde.ual.es\/?s={search_term_string}"},"query-input":{"@type":"PropertyValueSpecification","valueRequired":true,"valueName":"search_term_string"}}],"inLanguage":"en-US"},{"@type":"Organization","@id":"https:\/\/www.cde.ual.es\/#organization","name":"Centro de Documentaci\u00f3n Europea de Almer\u00eda","url":"https:\/\/www.cde.ual.es\/","logo":{"@type":"ImageObject","inLanguage":"en-US","@id":"https:\/\/www.cde.ual.es\/#\/schema\/logo\/image\/","url":"https:\/\/www.cde.ual.es\/wp-content\/uploads\/2025\/07\/cde-logo-3.png","contentUrl":"https:\/\/www.cde.ual.es\/wp-content\/uploads\/2025\/07\/cde-logo-3.png","width":1400,"height":300,"caption":"Centro de Documentaci\u00f3n Europea de Almer\u00eda"},"image":{"@id":"https:\/\/www.cde.ual.es\/#\/schema\/logo\/image\/"},"sameAs":["https:\/\/www.facebook.com\/cdeuniversidadalmeria\/","https:\/\/x.com\/cdeualmeria","https:\/\/www.tiktok.com\/@cdealmeria","https:\/\/www.instagram.com\/cdealmeria\/","https:\/\/www.linkedin.com\/in\/cde-almera-812b26a9\/"]},{"@type":"Person","@id":"https:\/\/www.cde.ual.es\/#\/schema\/person\/ee46ebc19edfa19598c02cff83335acc","name":"BECA 2 CDE","image":{"@type":"ImageObject","inLanguage":"en-US","@id":"https:\/\/secure.gravatar.com\/avatar\/35a481bbc04bbd90e91bdfa3b0b5541036c222a49b9ad37b6889a2afcb5311a5?s=96&d=mm&r=g","url":"https:\/\/secure.gravatar.com\/avatar\/35a481bbc04bbd90e91bdfa3b0b5541036c222a49b9ad37b6889a2afcb5311a5?s=96&d=mm&r=g","contentUrl":"https:\/\/secure.gravatar.com\/avatar\/35a481bbc04bbd90e91bdfa3b0b5541036c222a49b9ad37b6889a2afcb5311a5?s=96&d=mm&r=g","caption":"BECA 2 CDE"},"sameAs":["http:\/\/www.cdealmeria.com"]}]}},"_links":{"self":[{"href":"https:\/\/www.cde.ual.es\/en\/wp-json\/wp\/v2\/posts\/9621","targetHints":{"allow":["GET"]}}],"collection":[{"href":"https:\/\/www.cde.ual.es\/en\/wp-json\/wp\/v2\/posts"}],"about":[{"href":"https:\/\/www.cde.ual.es\/en\/wp-json\/wp\/v2\/types\/post"}],"author":[{"embeddable":true,"href":"https:\/\/www.cde.ual.es\/en\/wp-json\/wp\/v2\/users\/101011"}],"replies":[{"embeddable":true,"href":"https:\/\/www.cde.ual.es\/en\/wp-json\/wp\/v2\/comments?post=9621"}],"version-history":[{"count":0,"href":"https:\/\/www.cde.ual.es\/en\/wp-json\/wp\/v2\/posts\/9621\/revisions"}],"wp:featuredmedia":[{"embeddable":true,"href":"https:\/\/www.cde.ual.es\/en\/wp-json\/wp\/v2\/media\/9622"}],"wp:attachment":[{"href":"https:\/\/www.cde.ual.es\/en\/wp-json\/wp\/v2\/media?parent=9621"}],"wp:term":[{"taxonomy":"category","embeddable":true,"href":"https:\/\/www.cde.ual.es\/en\/wp-json\/wp\/v2\/categories?post=9621"},{"taxonomy":"post_tag","embeddable":true,"href":"https:\/\/www.cde.ual.es\/en\/wp-json\/wp\/v2\/tags?post=9621"}],"curies":[{"name":"wp","href":"https:\/\/api.w.org\/{rel}","templated":true}]}}