{"id":96189,"date":"2022-02-17T03:00:45","date_gmt":"2022-02-17T02:00:45","guid":{"rendered":"https:\/\/www.cde.ual.es\/?p=96189"},"modified":"2022-02-17T17:03:46","modified_gmt":"2022-02-17T16:03:46","slug":"petition-to-activate-drought-measures-in-spain","status":"publish","type":"post","link":"https:\/\/www.cde.ual.es\/en\/petition-to-activate-drought-measures-in-spain\/","title":{"rendered":"Petition to activate drought measures in Spain"},"content":{"rendered":"<p><a href=\"https:\/\/www.cde.ual.es\/wp-content\/uploads\/2022\/02\/14022022ministroconsultivo3_tcm30-585915-scaled.jpg\"><img decoding=\"async\" class=\" wp-image-96194 aligncenter\" src=\"https:\/\/www.cde.ual.es\/wp-content\/uploads\/2022\/02\/14022022ministroconsultivo3_tcm30-585915-1024x635.jpg\" alt=\"\" width=\"502\" height=\"311\" srcset=\"https:\/\/www.cde.ual.es\/wp-content\/uploads\/2022\/02\/14022022ministroconsultivo3_tcm30-585915-1024x635.jpg 1024w, https:\/\/www.cde.ual.es\/wp-content\/uploads\/2022\/02\/14022022ministroconsultivo3_tcm30-585915-300x186.jpg 300w, https:\/\/www.cde.ual.es\/wp-content\/uploads\/2022\/02\/14022022ministroconsultivo3_tcm30-585915-768x476.jpg 768w, https:\/\/www.cde.ual.es\/wp-content\/uploads\/2022\/02\/14022022ministroconsultivo3_tcm30-585915-1536x952.jpg 1536w, https:\/\/www.cde.ual.es\/wp-content\/uploads\/2022\/02\/14022022ministroconsultivo3_tcm30-585915-2048x1269.jpg 2048w\" sizes=\"(max-width: 502px) 100vw, 502px\" \/><\/a><\/p>\n<p><strong>Luis Planas Puchades, Minister of Agriculture, Fisheries and Food, transferred to the ministries of the Autonomous Communities the priority issues of Spain in the next Council of Ministers of Agriculture of the European Union (February 21): productions and consumption free of deforestation, reciprocity in trade agreements with third parties and measures to curb and mitigate the effects of drought.<\/strong><\/p>\n<p>The Minister understands that coherence must preside over the commercial relations of the EU, since imports with lower environmental standards than those of the EU neutralize the effects sought with the European Green Pact, with the consequent damage to the economic and social interests of European producers. He stressed that reciprocity is essential, although it must be applied in accordance with international law.<\/p>\n<table style=\"width: 99.9988%; border-collapse: collapse; border-style: double; border-color: #001f7d;\" cellpadding=\"0,5\">\n<tbody>\n<tr>\n<td style=\"width: 100%;\"><a href=\"https:\/\/www.cde.ual.es\/ficha\/assessment-of-second-cycle-preliminary-flood-risk-assessments-and-identification-of-areas-of-potential-significant-flood-risk-under-the-floods-directive-member-state-spain\/\" target=\"_blank\" rel=\"noopener\"><img decoding=\"async\" class=\"alignleft\" src=\"https:\/\/www.cde.ual.es\/wp-content\/uploads\/2022\/02\/Scond-Cycle-Spain-209x300.png\" alt=\"\" width=\"120\" height=\"173\" \/><\/a><\/p>\n<h4 class=\"entry-title\"><a href=\"https:\/\/www.cde.ual.es\/ficha\/assessment-of-second-cycle-preliminary-flood-risk-assessments-and-identification-of-areas-of-potential-significant-flood-risk-under-the-floods-directive-member-state-spain\/\" target=\"_blank\" rel=\"noopener\">Assessment of Second Cycle Preliminary Flood Risk Assessments and Identification of Areas of Potential Significant Flood Risk under the Floods Directive. Member State : Spain<\/a><\/h4>\n<p>&nbsp;<\/td>\n<\/tr>\n<\/tbody>\n<\/table>\n<p>Spain will make this request together with Portugal and demand measures such as the implementation of the force majeure clause in relation to certain provisions of the Common Agricultural Policy (CAP) or the implementation of measures to compensate farmers for the drought situation.<\/p>\n<p>The latter include the implementation of a temporary support instrument to make funds available for rural development to implement immediate aid, in the same way that was done to address the impact of the pandemic of covid or make use of the mechanisms contained in the Common Organization of Agricultural Markets.<\/p>\n<p>In addition, the Minister stressed that for Spain it is a priority to defend reciprocity in the European Union&#8217;s trade agreements with third countries.<\/p>\n<p>It is a question, he added, of guaranteeing that imported agricultural products comply with the same environmental, sanitary, animal welfare or phytosanitary requirements that must be met by the member states.<\/p>\n<table style=\"width: 99.9988%; border-collapse: collapse; border-style: double; border-color: #001f7d;\" cellpadding=\"0,5\">\n<tbody>\n<tr>\n<td style=\"width: 100%;\"><a href=\"https:\/\/www.cde.ual.es\/ficha\/infographic-the-future-of-eu-agricultural-policy-disponible-en-espanol\/\" target=\"_blank\" rel=\"noopener\"><img decoding=\"async\" class=\"alignleft\" src=\"https:\/\/www.cde.ual.es\/wp-content\/uploads\/2022\/02\/infografia-171x300.png\" alt=\"\" width=\"120\" height=\"211\" \/><\/a><\/p>\n<h4 class=\"entry-title\"><a href=\"https:\/\/www.cde.ual.es\/ficha\/infographic-the-future-of-eu-agricultural-policy-disponible-en-espanol\/\" target=\"_blank\" rel=\"noopener\">Infographic \u2013 The future of EU agricultural policy (Disponible en espa\u00f1ol)<br \/>\n<\/a><\/h4>\n<p>&nbsp;<\/td>\n<\/tr>\n<\/tbody>\n<\/table>\n<h3>Situation in Do\u00f1ana<\/h3>\n<p>According to the news published by EUROEFE on June 24, 2021 and the judgment of the Court of Justice of the European Union, Spain has failed to comply with several of its obligations to protect the Andalusian Natural Area of Do\u00f1ana, an area that includes three outstanding conservation areas of European importance according to the Community directive on habitats.<\/p>\n<p>More recently, the European Commission expressed its concern to Spain about the regulation of irrigation in the Do\u00f1ana area promoted by the Andalusian government and threatened to impose fines for measures that could aggravate the situation of the national park. Following the news of EUROEFE, the warning is contained in a letter, to which EFE has had access, signed by the Director General of Environment of the Community Executive, Florika Fink-Hooijer, and sent to the permanent ambassador to the European Union (EU), Marcos Alonso.<\/p>\n<p>In the letter, Brussels notes that the law promoted by the Andalusian government of Juan Manuel Moreno Bonilla would mean &#8220;in practice the regularization of up to 1,460 hectares of irrigated crops that do not have the relevant permits&#8221;.<\/p>\n<p>&#8220;Please convey to your authorities our deep concern about the possible repercussions that, if its processing is successful, such a proposal would have,&#8221; he continues, and then warn that &#8220;a new regularization of irrigated areas&#8221; would have the &#8220;risk&#8221; of causing a &#8220;call effect that generates greater adverse impacts.&#8221;<\/p>\n<table style=\"width: 99.9988%; border-collapse: collapse; border-style: double; border-color: #001f7d;\" cellpadding=\"0,5\">\n<tbody>\n<tr>\n<td style=\"width: 100%;\"><a href=\"https:\/\/www.cde.ual.es\/ficha\/infografia-el-futuro-de-la-politica-agricola-de-la-ue-available-in-english-2\/\" target=\"_blank\" rel=\"noopener\"><img decoding=\"async\" class=\"alignleft\" src=\"https:\/\/www.cde.ual.es\/wp-content\/uploads\/2022\/02\/guillaume-perigois-0NRkVddA2fw-unsplash-1-768x512.jpg\" alt=\"\" width=\"201\" height=\"134\" \/><\/a><\/p>\n<h4 class=\"entry-title\"><a href=\"https:\/\/www.cde.ual.es\/ficha\/infografia-el-futuro-de-la-politica-agricola-de-la-ue-available-in-english-2\/\" target=\"_blank\" rel=\"noopener\">February infringements package: key decisions related to Spain and Environmental matters<br \/>\n<\/a><\/h4>\n<p>&nbsp;<\/td>\n<\/tr>\n<\/tbody>\n<\/table>\n<h3>More information:<\/h3>\n<p><a href=\"https:\/\/www.mapa.gob.es\/es\/prensa\/ultimas-noticias\/deforestaci%C3%B3n-cuestiones-comerciales-y-sequ%C3%ADa-asuntos-m%C3%A1s-relevantes-del-pr%C3%B3ximo-consejo-de-ministro-de-agricultura-de-la-ue-\/tcm:30-585920\" target=\"_blank\" rel=\"noopener\">Ministry of Agriculture, Fisheries and Food &#8211; Deforestation, trade issues and drought, most relevant issues of the next Council of EU Agriculture Ministers.<\/a><br \/>\n<a href=\"https:\/\/euroefe.euractiv.es\/section\/agricultura-y-pesca\/news\/espana-pedira-a-la-ue-activar-medidas-para-paliar-los-efectos-de-la-sequia\/\" target=\"_blank\" rel=\"noopener\">EUROEFE &#8211; Spain will ask the EU to activate measures to mitigate the effects of drought<\/a><br \/>\n<a href=\"https:\/\/euroefe.euractiv.es\/section\/energia-y-medio-ambiente\/news\/bruselas-dispuesta-a-usar-todos-los-medios-disponibles-para-proteger-donana\/\" target=\"_blank\" rel=\"noopener\">Brussels, ready to use all available means to protect Do\u00f1ana<\/a><br \/>\n<a href=\"https:\/\/euroefe.euractiv.es\/section\/energia-y-medio-ambiente\/news\/bruselas-dispuesta-a-usar-todos-los-medios-disponibles-para-proteger-donana\/\" target=\"_blank\" rel=\"noopener\">Brussels threatens fines for the Andalusian law of irrigation in Do\u00f1ana<\/a><\/p>\n","protected":false},"excerpt":{"rendered":"<p>Luis Planas Puchades, Minister of Agriculture, Fisheries and Food, transferred to the ministries of the Autonomous Communities the priority issues of Spain in the next Council of Ministers of Agriculture of the European Union (February 21): productions and consumption free of deforestation, reciprocity in trade agreements with third parties and measures to curb and mitigate [&hellip;]<\/p>\n","protected":false},"author":1,"featured_media":96195,"comment_status":"open","ping_status":"open","sticky":false,"template":"","format":"standard","meta":{"_acf_changed":false,"_relevanssi_hide_post":"","_relevanssi_hide_content":"","_relevanssi_pin_for_all":"","_relevanssi_pin_keywords":"","_relevanssi_unpin_keywords":"","_relevanssi_related_keywords":"","_relevanssi_related_include_ids":"","_relevanssi_related_exclude_ids":"","_relevanssi_related_no_append":"","_relevanssi_related_not_related":"","_relevanssi_related_posts":"","_relevanssi_noindex_reason":"","_monsterinsights_skip_tracking":false,"_monsterinsights_sitenote_active":false,"_monsterinsights_sitenote_note":"","_monsterinsights_sitenote_category":0,"_genesis_hide_title":false,"_genesis_hide_breadcrumbs":false,"_genesis_hide_singular_image":false,"_genesis_hide_footer_widgets":false,"_genesis_custom_body_class":"","_genesis_custom_post_class":"","_genesis_layout":"","footnotes":""},"categories":[4085,346],"tags":[5190,402,779,743,613],"class_list":{"0":"post-96189","1":"post","2":"type-post","3":"status-publish","4":"format-standard","5":"has-post-thumbnail","7":"category-environment","8":"category-eu-news","9":"tag-drought","10":"tag-environment","11":"tag-eu-en","12":"tag-ue","13":"tag-water","14":"entry"},"acf":[],"yoast_head":"<!-- This site is optimized with the Yoast SEO plugin v27.5 - https:\/\/yoast.com\/product\/yoast-seo-wordpress\/ -->\n<title>Petition to activate drought measures in Spain | CDE Almer\u00eda - Centro de Documentaci\u00f3n Europea - Universidad de Almer\u00eda<\/title>\n<meta name=\"robots\" content=\"index, follow, max-snippet:-1, max-image-preview:large, max-video-preview:-1\" \/>\n<link rel=\"canonical\" href=\"https:\/\/www.cde.ual.es\/en\/petition-to-activate-drought-measures-in-spain\/\" \/>\n<meta property=\"og:locale\" content=\"en_US\" \/>\n<meta property=\"og:type\" content=\"article\" \/>\n<meta property=\"og:title\" content=\"Petition to activate drought measures in Spain | CDE Almer\u00eda - Centro de Documentaci\u00f3n Europea - Universidad de Almer\u00eda\" \/>\n<meta property=\"og:description\" content=\"Luis Planas Puchades, Minister of Agriculture, Fisheries and Food, transferred to the ministries of the Autonomous Communities the priority issues of Spain in the next Council of Ministers of Agriculture of the European Union (February 21): productions and consumption free of deforestation, reciprocity in trade agreements with third parties and measures to curb and mitigate [&hellip;]\" \/>\n<meta property=\"og:url\" content=\"https:\/\/www.cde.ual.es\/en\/petition-to-activate-drought-measures-in-spain\/\" \/>\n<meta property=\"og:site_name\" content=\"CDE Almer\u00eda - Centro de Documentaci\u00f3n Europea - Universidad de Almer\u00eda\" \/>\n<meta property=\"article:publisher\" content=\"https:\/\/www.facebook.com\/cdeuniversidadalmeria\/\" \/>\n<meta property=\"article:published_time\" content=\"2022-02-17T02:00:45+00:00\" \/>\n<meta property=\"article:modified_time\" content=\"2022-02-17T16:03:46+00:00\" \/>\n<meta property=\"og:image\" content=\"https:\/\/www.cde.ual.es\/wp-content\/uploads\/2022\/02\/14022022ministroconsultivo3_tcm30-585915-scaled.jpg\" \/>\n\t<meta property=\"og:image:width\" content=\"2560\" \/>\n\t<meta property=\"og:image:height\" content=\"1586\" \/>\n\t<meta property=\"og:image:type\" content=\"image\/jpeg\" \/>\n<meta name=\"author\" content=\"AdminCDE\" \/>\n<meta name=\"twitter:card\" content=\"summary_large_image\" \/>\n<meta name=\"twitter:creator\" content=\"@cdeualmeria\" \/>\n<meta name=\"twitter:site\" content=\"@cdeualmeria\" \/>\n<meta name=\"twitter:label1\" content=\"Written by\" \/>\n\t<meta name=\"twitter:data1\" content=\"AdminCDE\" \/>\n\t<meta name=\"twitter:label2\" content=\"Est. reading time\" \/>\n\t<meta name=\"twitter:data2\" content=\"4 minutes\" \/>\n<script type=\"application\/ld+json\" class=\"yoast-schema-graph\">{\"@context\":\"https:\\\/\\\/schema.org\",\"@graph\":[{\"@type\":\"Article\",\"@id\":\"https:\\\/\\\/www.cde.ual.es\\\/en\\\/petition-to-activate-drought-measures-in-spain\\\/#article\",\"isPartOf\":{\"@id\":\"https:\\\/\\\/www.cde.ual.es\\\/en\\\/petition-to-activate-drought-measures-in-spain\\\/\"},\"author\":{\"name\":\"AdminCDE\",\"@id\":\"https:\\\/\\\/www.cde.ual.es\\\/#\\\/schema\\\/person\\\/224ef08c8bcc005f319d2713ce37ee5f\"},\"headline\":\"Petition to activate drought measures in Spain\",\"datePublished\":\"2022-02-17T02:00:45+00:00\",\"dateModified\":\"2022-02-17T16:03:46+00:00\",\"mainEntityOfPage\":{\"@id\":\"https:\\\/\\\/www.cde.ual.es\\\/en\\\/petition-to-activate-drought-measures-in-spain\\\/\"},\"wordCount\":625,\"commentCount\":0,\"publisher\":{\"@id\":\"https:\\\/\\\/www.cde.ual.es\\\/#organization\"},\"image\":{\"@id\":\"https:\\\/\\\/www.cde.ual.es\\\/en\\\/petition-to-activate-drought-measures-in-spain\\\/#primaryimage\"},\"thumbnailUrl\":\"https:\\\/\\\/www.cde.ual.es\\\/wp-content\\\/uploads\\\/2022\\\/02\\\/14022022ministroconsultivo3_tcm30-585915-scaled.jpg\",\"keywords\":[\"drought\",\"Environment\",\"EU\",\"UE\",\"Water\"],\"articleSection\":[\"Environmental Affairs\",\"EU News\"],\"inLanguage\":\"en-US\",\"potentialAction\":[{\"@type\":\"CommentAction\",\"name\":\"Comment\",\"target\":[\"https:\\\/\\\/www.cde.ual.es\\\/en\\\/petition-to-activate-drought-measures-in-spain\\\/#respond\"]}]},{\"@type\":\"WebPage\",\"@id\":\"https:\\\/\\\/www.cde.ual.es\\\/en\\\/petition-to-activate-drought-measures-in-spain\\\/\",\"url\":\"https:\\\/\\\/www.cde.ual.es\\\/en\\\/petition-to-activate-drought-measures-in-spain\\\/\",\"name\":\"Petition to activate drought measures in Spain | CDE Almer\u00eda - Centro de Documentaci\u00f3n Europea - Universidad de Almer\u00eda\",\"isPartOf\":{\"@id\":\"https:\\\/\\\/www.cde.ual.es\\\/#website\"},\"primaryImageOfPage\":{\"@id\":\"https:\\\/\\\/www.cde.ual.es\\\/en\\\/petition-to-activate-drought-measures-in-spain\\\/#primaryimage\"},\"image\":{\"@id\":\"https:\\\/\\\/www.cde.ual.es\\\/en\\\/petition-to-activate-drought-measures-in-spain\\\/#primaryimage\"},\"thumbnailUrl\":\"https:\\\/\\\/www.cde.ual.es\\\/wp-content\\\/uploads\\\/2022\\\/02\\\/14022022ministroconsultivo3_tcm30-585915-scaled.jpg\",\"datePublished\":\"2022-02-17T02:00:45+00:00\",\"dateModified\":\"2022-02-17T16:03:46+00:00\",\"breadcrumb\":{\"@id\":\"https:\\\/\\\/www.cde.ual.es\\\/en\\\/petition-to-activate-drought-measures-in-spain\\\/#breadcrumb\"},\"inLanguage\":\"en-US\",\"potentialAction\":[{\"@type\":\"ReadAction\",\"target\":[\"https:\\\/\\\/www.cde.ual.es\\\/en\\\/petition-to-activate-drought-measures-in-spain\\\/\"]}]},{\"@type\":\"ImageObject\",\"inLanguage\":\"en-US\",\"@id\":\"https:\\\/\\\/www.cde.ual.es\\\/en\\\/petition-to-activate-drought-measures-in-spain\\\/#primaryimage\",\"url\":\"https:\\\/\\\/www.cde.ual.es\\\/wp-content\\\/uploads\\\/2022\\\/02\\\/14022022ministroconsultivo3_tcm30-585915-scaled.jpg\",\"contentUrl\":\"https:\\\/\\\/www.cde.ual.es\\\/wp-content\\\/uploads\\\/2022\\\/02\\\/14022022ministroconsultivo3_tcm30-585915-scaled.jpg\",\"width\":2560,\"height\":1586},{\"@type\":\"BreadcrumbList\",\"@id\":\"https:\\\/\\\/www.cde.ual.es\\\/en\\\/petition-to-activate-drought-measures-in-spain\\\/#breadcrumb\",\"itemListElement\":[{\"@type\":\"ListItem\",\"position\":1,\"name\":\"Inicio\",\"item\":\"https:\\\/\\\/www.cde.ual.es\\\/en\\\/\"},{\"@type\":\"ListItem\",\"position\":2,\"name\":\"EU News\",\"item\":\"https:\\\/\\\/www.cde.ual.es\\\/en\\\/category\\\/eu-news\\\/\"},{\"@type\":\"ListItem\",\"position\":3,\"name\":\"Environmental Affairs\",\"item\":\"https:\\\/\\\/www.cde.ual.es\\\/en\\\/category\\\/eu-news\\\/environment\\\/\"},{\"@type\":\"ListItem\",\"position\":4,\"name\":\"Petition to activate drought measures in Spain\"}]},{\"@type\":\"WebSite\",\"@id\":\"https:\\\/\\\/www.cde.ual.es\\\/#website\",\"url\":\"https:\\\/\\\/www.cde.ual.es\\\/\",\"name\":\"CDE Almer\u00eda - Centro de Documentaci\u00f3n Europea - Universidad de Almer\u00eda\",\"description\":\"Centro de Documentaci\u00f3n Europea de la Universidad de Almer\u00eda\",\"publisher\":{\"@id\":\"https:\\\/\\\/www.cde.ual.es\\\/#organization\"},\"alternateName\":\"CDE Almer\u00eda\",\"potentialAction\":[{\"@type\":\"SearchAction\",\"target\":{\"@type\":\"EntryPoint\",\"urlTemplate\":\"https:\\\/\\\/www.cde.ual.es\\\/?s={search_term_string}\"},\"query-input\":{\"@type\":\"PropertyValueSpecification\",\"valueRequired\":true,\"valueName\":\"search_term_string\"}}],\"inLanguage\":\"en-US\"},{\"@type\":\"Organization\",\"@id\":\"https:\\\/\\\/www.cde.ual.es\\\/#organization\",\"name\":\"Centro de Documentaci\u00f3n Europea de Almer\u00eda\",\"url\":\"https:\\\/\\\/www.cde.ual.es\\\/\",\"logo\":{\"@type\":\"ImageObject\",\"inLanguage\":\"en-US\",\"@id\":\"https:\\\/\\\/www.cde.ual.es\\\/#\\\/schema\\\/logo\\\/image\\\/\",\"url\":\"https:\\\/\\\/www.cde.ual.es\\\/wp-content\\\/uploads\\\/2025\\\/07\\\/cde-logo-3.png\",\"contentUrl\":\"https:\\\/\\\/www.cde.ual.es\\\/wp-content\\\/uploads\\\/2025\\\/07\\\/cde-logo-3.png\",\"width\":1400,\"height\":300,\"caption\":\"Centro de Documentaci\u00f3n Europea de Almer\u00eda\"},\"image\":{\"@id\":\"https:\\\/\\\/www.cde.ual.es\\\/#\\\/schema\\\/logo\\\/image\\\/\"},\"sameAs\":[\"https:\\\/\\\/www.facebook.com\\\/cdeuniversidadalmeria\\\/\",\"https:\\\/\\\/x.com\\\/cdeualmeria\",\"https:\\\/\\\/www.tiktok.com\\\/@cdealmeria\",\"https:\\\/\\\/www.instagram.com\\\/cdealmeria\\\/\",\"https:\\\/\\\/www.linkedin.com\\\/in\\\/cde-almera-812b26a9\\\/\"]},{\"@type\":\"Person\",\"@id\":\"https:\\\/\\\/www.cde.ual.es\\\/#\\\/schema\\\/person\\\/224ef08c8bcc005f319d2713ce37ee5f\",\"name\":\"AdminCDE\",\"image\":{\"@type\":\"ImageObject\",\"inLanguage\":\"en-US\",\"@id\":\"https:\\\/\\\/secure.gravatar.com\\\/avatar\\\/a72d038d371f995cd13706fac32274b7952a52e8fb0a84b5f80c85426f2a98a8?s=96&d=mm&r=g\",\"url\":\"https:\\\/\\\/secure.gravatar.com\\\/avatar\\\/a72d038d371f995cd13706fac32274b7952a52e8fb0a84b5f80c85426f2a98a8?s=96&d=mm&r=g\",\"contentUrl\":\"https:\\\/\\\/secure.gravatar.com\\\/avatar\\\/a72d038d371f995cd13706fac32274b7952a52e8fb0a84b5f80c85426f2a98a8?s=96&d=mm&r=g\",\"caption\":\"AdminCDE\"}}]}<\/script>\n<!-- \/ Yoast SEO plugin. -->","yoast_head_json":{"title":"Petition to activate drought measures in Spain | CDE Almer\u00eda - Centro de Documentaci\u00f3n Europea - Universidad de Almer\u00eda","robots":{"index":"index","follow":"follow","max-snippet":"max-snippet:-1","max-image-preview":"max-image-preview:large","max-video-preview":"max-video-preview:-1"},"canonical":"https:\/\/www.cde.ual.es\/en\/petition-to-activate-drought-measures-in-spain\/","og_locale":"en_US","og_type":"article","og_title":"Petition to activate drought measures in Spain | CDE Almer\u00eda - Centro de Documentaci\u00f3n Europea - Universidad de Almer\u00eda","og_description":"Luis Planas Puchades, Minister of Agriculture, Fisheries and Food, transferred to the ministries of the Autonomous Communities the priority issues of Spain in the next Council of Ministers of Agriculture of the European Union (February 21): productions and consumption free of deforestation, reciprocity in trade agreements with third parties and measures to curb and mitigate [&hellip;]","og_url":"https:\/\/www.cde.ual.es\/en\/petition-to-activate-drought-measures-in-spain\/","og_site_name":"CDE Almer\u00eda - Centro de Documentaci\u00f3n Europea - Universidad de Almer\u00eda","article_publisher":"https:\/\/www.facebook.com\/cdeuniversidadalmeria\/","article_published_time":"2022-02-17T02:00:45+00:00","article_modified_time":"2022-02-17T16:03:46+00:00","og_image":[{"width":2560,"height":1586,"url":"https:\/\/www.cde.ual.es\/wp-content\/uploads\/2022\/02\/14022022ministroconsultivo3_tcm30-585915-scaled.jpg","type":"image\/jpeg"}],"author":"AdminCDE","twitter_card":"summary_large_image","twitter_creator":"@cdeualmeria","twitter_site":"@cdeualmeria","twitter_misc":{"Written by":"AdminCDE","Est. reading time":"4 minutes"},"schema":{"@context":"https:\/\/schema.org","@graph":[{"@type":"Article","@id":"https:\/\/www.cde.ual.es\/en\/petition-to-activate-drought-measures-in-spain\/#article","isPartOf":{"@id":"https:\/\/www.cde.ual.es\/en\/petition-to-activate-drought-measures-in-spain\/"},"author":{"name":"AdminCDE","@id":"https:\/\/www.cde.ual.es\/#\/schema\/person\/224ef08c8bcc005f319d2713ce37ee5f"},"headline":"Petition to activate drought measures in Spain","datePublished":"2022-02-17T02:00:45+00:00","dateModified":"2022-02-17T16:03:46+00:00","mainEntityOfPage":{"@id":"https:\/\/www.cde.ual.es\/en\/petition-to-activate-drought-measures-in-spain\/"},"wordCount":625,"commentCount":0,"publisher":{"@id":"https:\/\/www.cde.ual.es\/#organization"},"image":{"@id":"https:\/\/www.cde.ual.es\/en\/petition-to-activate-drought-measures-in-spain\/#primaryimage"},"thumbnailUrl":"https:\/\/www.cde.ual.es\/wp-content\/uploads\/2022\/02\/14022022ministroconsultivo3_tcm30-585915-scaled.jpg","keywords":["drought","Environment","EU","UE","Water"],"articleSection":["Environmental Affairs","EU News"],"inLanguage":"en-US","potentialAction":[{"@type":"CommentAction","name":"Comment","target":["https:\/\/www.cde.ual.es\/en\/petition-to-activate-drought-measures-in-spain\/#respond"]}]},{"@type":"WebPage","@id":"https:\/\/www.cde.ual.es\/en\/petition-to-activate-drought-measures-in-spain\/","url":"https:\/\/www.cde.ual.es\/en\/petition-to-activate-drought-measures-in-spain\/","name":"Petition to activate drought measures in Spain | CDE Almer\u00eda - Centro de Documentaci\u00f3n Europea - Universidad de Almer\u00eda","isPartOf":{"@id":"https:\/\/www.cde.ual.es\/#website"},"primaryImageOfPage":{"@id":"https:\/\/www.cde.ual.es\/en\/petition-to-activate-drought-measures-in-spain\/#primaryimage"},"image":{"@id":"https:\/\/www.cde.ual.es\/en\/petition-to-activate-drought-measures-in-spain\/#primaryimage"},"thumbnailUrl":"https:\/\/www.cde.ual.es\/wp-content\/uploads\/2022\/02\/14022022ministroconsultivo3_tcm30-585915-scaled.jpg","datePublished":"2022-02-17T02:00:45+00:00","dateModified":"2022-02-17T16:03:46+00:00","breadcrumb":{"@id":"https:\/\/www.cde.ual.es\/en\/petition-to-activate-drought-measures-in-spain\/#breadcrumb"},"inLanguage":"en-US","potentialAction":[{"@type":"ReadAction","target":["https:\/\/www.cde.ual.es\/en\/petition-to-activate-drought-measures-in-spain\/"]}]},{"@type":"ImageObject","inLanguage":"en-US","@id":"https:\/\/www.cde.ual.es\/en\/petition-to-activate-drought-measures-in-spain\/#primaryimage","url":"https:\/\/www.cde.ual.es\/wp-content\/uploads\/2022\/02\/14022022ministroconsultivo3_tcm30-585915-scaled.jpg","contentUrl":"https:\/\/www.cde.ual.es\/wp-content\/uploads\/2022\/02\/14022022ministroconsultivo3_tcm30-585915-scaled.jpg","width":2560,"height":1586},{"@type":"BreadcrumbList","@id":"https:\/\/www.cde.ual.es\/en\/petition-to-activate-drought-measures-in-spain\/#breadcrumb","itemListElement":[{"@type":"ListItem","position":1,"name":"Inicio","item":"https:\/\/www.cde.ual.es\/en\/"},{"@type":"ListItem","position":2,"name":"EU News","item":"https:\/\/www.cde.ual.es\/en\/category\/eu-news\/"},{"@type":"ListItem","position":3,"name":"Environmental Affairs","item":"https:\/\/www.cde.ual.es\/en\/category\/eu-news\/environment\/"},{"@type":"ListItem","position":4,"name":"Petition to activate drought measures in Spain"}]},{"@type":"WebSite","@id":"https:\/\/www.cde.ual.es\/#website","url":"https:\/\/www.cde.ual.es\/","name":"CDE Almer\u00eda - Centro de Documentaci\u00f3n Europea - Universidad de Almer\u00eda","description":"Centro de Documentaci\u00f3n Europea de la Universidad de Almer\u00eda","publisher":{"@id":"https:\/\/www.cde.ual.es\/#organization"},"alternateName":"CDE Almer\u00eda","potentialAction":[{"@type":"SearchAction","target":{"@type":"EntryPoint","urlTemplate":"https:\/\/www.cde.ual.es\/?s={search_term_string}"},"query-input":{"@type":"PropertyValueSpecification","valueRequired":true,"valueName":"search_term_string"}}],"inLanguage":"en-US"},{"@type":"Organization","@id":"https:\/\/www.cde.ual.es\/#organization","name":"Centro de Documentaci\u00f3n Europea de Almer\u00eda","url":"https:\/\/www.cde.ual.es\/","logo":{"@type":"ImageObject","inLanguage":"en-US","@id":"https:\/\/www.cde.ual.es\/#\/schema\/logo\/image\/","url":"https:\/\/www.cde.ual.es\/wp-content\/uploads\/2025\/07\/cde-logo-3.png","contentUrl":"https:\/\/www.cde.ual.es\/wp-content\/uploads\/2025\/07\/cde-logo-3.png","width":1400,"height":300,"caption":"Centro de Documentaci\u00f3n Europea de Almer\u00eda"},"image":{"@id":"https:\/\/www.cde.ual.es\/#\/schema\/logo\/image\/"},"sameAs":["https:\/\/www.facebook.com\/cdeuniversidadalmeria\/","https:\/\/x.com\/cdeualmeria","https:\/\/www.tiktok.com\/@cdealmeria","https:\/\/www.instagram.com\/cdealmeria\/","https:\/\/www.linkedin.com\/in\/cde-almera-812b26a9\/"]},{"@type":"Person","@id":"https:\/\/www.cde.ual.es\/#\/schema\/person\/224ef08c8bcc005f319d2713ce37ee5f","name":"AdminCDE","image":{"@type":"ImageObject","inLanguage":"en-US","@id":"https:\/\/secure.gravatar.com\/avatar\/a72d038d371f995cd13706fac32274b7952a52e8fb0a84b5f80c85426f2a98a8?s=96&d=mm&r=g","url":"https:\/\/secure.gravatar.com\/avatar\/a72d038d371f995cd13706fac32274b7952a52e8fb0a84b5f80c85426f2a98a8?s=96&d=mm&r=g","contentUrl":"https:\/\/secure.gravatar.com\/avatar\/a72d038d371f995cd13706fac32274b7952a52e8fb0a84b5f80c85426f2a98a8?s=96&d=mm&r=g","caption":"AdminCDE"}}]}},"_links":{"self":[{"href":"https:\/\/www.cde.ual.es\/en\/wp-json\/wp\/v2\/posts\/96189","targetHints":{"allow":["GET"]}}],"collection":[{"href":"https:\/\/www.cde.ual.es\/en\/wp-json\/wp\/v2\/posts"}],"about":[{"href":"https:\/\/www.cde.ual.es\/en\/wp-json\/wp\/v2\/types\/post"}],"author":[{"embeddable":true,"href":"https:\/\/www.cde.ual.es\/en\/wp-json\/wp\/v2\/users\/1"}],"replies":[{"embeddable":true,"href":"https:\/\/www.cde.ual.es\/en\/wp-json\/wp\/v2\/comments?post=96189"}],"version-history":[{"count":0,"href":"https:\/\/www.cde.ual.es\/en\/wp-json\/wp\/v2\/posts\/96189\/revisions"}],"wp:featuredmedia":[{"embeddable":true,"href":"https:\/\/www.cde.ual.es\/en\/wp-json\/wp\/v2\/media\/96195"}],"wp:attachment":[{"href":"https:\/\/www.cde.ual.es\/en\/wp-json\/wp\/v2\/media?parent=96189"}],"wp:term":[{"taxonomy":"category","embeddable":true,"href":"https:\/\/www.cde.ual.es\/en\/wp-json\/wp\/v2\/categories?post=96189"},{"taxonomy":"post_tag","embeddable":true,"href":"https:\/\/www.cde.ual.es\/en\/wp-json\/wp\/v2\/tags?post=96189"}],"curies":[{"name":"wp","href":"https:\/\/api.w.org\/{rel}","templated":true}]}}