{"id":9616,"date":"2018-11-07T08:05:33","date_gmt":"2018-11-07T07:05:33","guid":{"rendered":"http:\/\/www.cde.ual.es\/?p=9616"},"modified":"2018-11-30T09:05:18","modified_gmt":"2018-11-30T08:05:18","slug":"ceia3-i-congreso-de-jovenes-investigadores-en-ciencias-agroalimentarias","status":"publish","type":"post","link":"https:\/\/www.cde.ual.es\/en\/ceia3-i-congreso-de-jovenes-investigadores-en-ciencias-agroalimentarias\/","title":{"rendered":"ceiA3: I Congreso de J\u00f3venes Investigadores en Ciencias Agroalimentarias"},"content":{"rendered":"<p><em><strong><a href=\"http:\/\/www.cde.ual.es\/wp-content\/uploads\/2018\/11\/congrso-J\u00f3venes-Investigadores.png\"><img decoding=\"async\" class=\"size-medium wp-image-9618 aligncenter\" src=\"http:\/\/www.cde.ual.es\/wp-content\/uploads\/2018\/11\/congrso-J\u00f3venes-Investigadores-300x179.png\" alt=\"\" width=\"300\" height=\"179\" srcset=\"https:\/\/www.cde.ual.es\/wp-content\/uploads\/2018\/11\/congrso-J\u00f3venes-Investigadores-300x179.png 300w, https:\/\/www.cde.ual.es\/wp-content\/uploads\/2018\/11\/congrso-J\u00f3venes-Investigadores-768x458.png 768w, https:\/\/www.cde.ual.es\/wp-content\/uploads\/2018\/11\/congrso-J\u00f3venes-Investigadores.png 791w\" sizes=\"(max-width: 300px) 100vw, 300px\" \/><\/a>\u00a0<\/strong><\/em><\/p>\n<p><em><strong>El 20 de diciembre de 2018 tendr\u00e1 lugar en la Universidad de Almer\u00eda\u00a0la celebraci\u00f3n del I Congreso de J\u00f3venes Investigadores en Ciencias Agroalimentarias.<\/strong><\/em><\/p>\n<p>El Congreso de J\u00f3venes Investigadores en Ciencias Agroalimentarias cuenta con el apoyo de la convocatoria de eventos 2018 del Campus de Excelencia Internacional Agroalimentario ceiA3 con financiaci\u00f3n de la Junta de Andaluc\u00eda a los Campus de Excelencia (PECA) y ha sido organizado por CIAIMBITAL &#8211; Centro de Investigaci\u00f3n en Agrosistemas Intensivos Mediterr\u00e1neos y Biotecnolog\u00eda Agroalimentaria de la Universidad de Almer\u00eda.<\/p>\n<h3>\u00bfPor qu\u00e9 un Congreso de estas caracter\u00edsticas?<\/h3>\n<p>En la actualidad no existe un congreso a nivel nacional dedicado especialmente a j\u00f3venes investigadores pre- y postdoctorales que realicen su investigaci\u00f3n en el \u00e1mbito de las Ciencias Agroalimentarias, por lo que estamos seguros de que este congreso podr\u00e1 posicionarse como una referencia en el apoyo y reconocimiento a nuestros j\u00f3venes investigadores en todas las \u00e1reas de conocimiento que conformamos las Ciencias Agroalimentarias.<\/p>\n<h3>Estructura<\/h3>\n<p>El Congreso de J\u00f3venes Investigadores en Ciencias Agroalimentarias est\u00e1 estructurado en cuatro paneles cient\u00edficos:<\/p>\n<blockquote><p>(1) Biotecnolog\u00eda agroalimentaria y de bioprocesos agroindustriales<br \/>\n(2) Seguridad y calidad alimentaria, qu\u00edmica agroambiental, nutrici\u00f3n y salud<br \/>\n(3) Agronom\u00eda, producci\u00f3n vegetal, ingenier\u00eda y sostenibilidad agr\u00edcola<br \/>\n(4) Comercializaci\u00f3n agroalimentaria, econom\u00eda agraria y derecho de la agroalimentaci\u00f3n<\/p><\/blockquote>\n<p>En cada uno de los paneles cient\u00edficos se seleccionar\u00e1n tres comunicaciones para su exposici\u00f3n oral en la modalidad predoctoral y tres comunicaciones en la modalidad postdoctoral, resultando en un total de 24 comunicaciones orales. Adem\u00e1s, se presentar\u00e1n 60 p\u00f3sters en los cuatro paneles cient\u00edficos del congreso.<\/p>\n<h3>Premios<\/h3>\n<p>Se entregar\u00e1 un premio a la mejor comunicaci\u00f3n oral en cada uno de los paneles cient\u00edficos, tanto en la modalidad predoctoral como postdoctoral, as\u00ed como un premio a la mejor comunicaci\u00f3n en forma de p\u00f3ster en cada uno de los cuatro paneles, diferenciando igualmente entre la modalidad pre- y postdoctoral, resultando en un total de 16 premios.<\/p>\n<p>El congreso editar\u00e1 un Libro de Actas con ISBN propio con el contenido de las exposiciones orales realizadas en el mismo.<\/p>\n<p>El Congreso de J\u00f3venes Investigadores en Ciencias Agroalimentarias sufragar\u00e1 los gastos de desplazamiento, alojamiento y manutenci\u00f3n de todos los investigadores pre- y postdoctorales seleccionados para realizar comunicaci\u00f3n oral al congreso. As\u00ed mismo, el congreso reembolsar\u00e1 los gastos de desplazamiento, alojamiento y manutenci\u00f3n de aquellos investigadores pre- y posdoctorales que obtengan premio en la modalidad de comunicaci\u00f3n en forma de p\u00f3ster en cualquiera de los paneles cient\u00edficos.<\/p>\n<h3>Inscripci\u00f3n<\/h3>\n<p>Los interesados podr\u00e1n inscribirse hasta el <strong>5 de diciembre<\/strong> de 2018 a trav\u00e9s de la p\u00e1gina web del congreso. Se emitir\u00e1 un certificado de asistencia al Congreso de J\u00f3venes Investigadores en Ciencias Agroalimentarias por parte de la organizaci\u00f3n del mismo.<\/p>\n<p>La cuota de inscripci\u00f3n al Congreso de J\u00f3venes Investigadores en Ciencias Agroalimentarias asciende a 100 \u20ac. Dicha cuota se encuentra totalmente becada por la organizaci\u00f3n del mismo durante esta primera edici\u00f3n del congreso, por lo que no se requiere ingreso alguno por parte de los investigadores inscritos. Los inscritos desde instituciones de investigaci\u00f3n y de educaci\u00f3n superior ajenas a la Universidad de Almer\u00eda obtendr\u00e1n una beca de desplazamiento por importe de 70 \u20ac, limitado a un cupo de 40 inscripciones por riguroso orden de inscripci\u00f3n.<\/p>\n<p>Creemos que el Congreso de J\u00f3venes Investigadores en Ciencias Agroalimentarias es una excelente oportunidad para la promoci\u00f3n del talento de nuestros j\u00f3venes investigadores, por lo que te invitamos personalmente si eres investigador pre- y postdoctoral a asistir y a contribuir con tus comunicaciones orales o en forma de p\u00f3ster, y a animar a los j\u00f3venes investigadores de tu Grupo de Investigaci\u00f3n a participar en el congreso.<\/p>\n<h3>M\u00e1s informaci\u00f3n<\/h3>\n<p><a href=\"https:\/\/drive.google.com\/file\/d\/1MFoUtYZk35XTq_aN-knJW2893oSOxo3w\/view?usp=sharing\" target=\"_blank\" rel=\"noopener\" data-saferedirecturl=\"https:\/\/www.google.com\/url?q=https:\/\/drive.google.com\/file\/d\/1MFoUtYZk35XTq_aN-knJW2893oSOxo3w\/view?usp%3Dsharing&amp;source=gmail&amp;ust=1541574839716000&amp;usg=AFQjCNFtZBUbSMdRypbMIFbiusoFtXbx6Q\">Tr\u00edptico<\/a><\/p>\n<p><a href=\"http:\/\/www.congresojovenesinvestigadoresagro.es\/\" target=\"_blank\" rel=\"noopener\" data-saferedirecturl=\"https:\/\/www.google.com\/url?q=http:\/\/www.congresojovenesinvestigadoresagro.es\/&amp;source=gmail&amp;ust=1541574839717000&amp;usg=AFQjCNGlir46irZq7cyUuSA3At5iFlR7kg\">Web Congreso<\/a><\/p>\n","protected":false},"excerpt":{"rendered":"<p>\u00a0 El 20 de diciembre de 2018 tendr\u00e1 lugar en la Universidad de Almer\u00eda\u00a0la celebraci\u00f3n del I Congreso de J\u00f3venes Investigadores en Ciencias Agroalimentarias. El Congreso de J\u00f3venes Investigadores en Ciencias Agroalimentarias cuenta con el apoyo de la convocatoria de eventos 2018 del Campus de Excelencia Internacional Agroalimentario ceiA3 con financiaci\u00f3n de la Junta de [&hellip;]<\/p>\n","protected":false},"author":1,"featured_media":9618,"comment_status":"open","ping_status":"open","sticky":false,"template":"","format":"standard","meta":{"_acf_changed":false,"_relevanssi_hide_post":"","_relevanssi_hide_content":"","_relevanssi_pin_for_all":"","_relevanssi_pin_keywords":"","_relevanssi_unpin_keywords":"","_relevanssi_related_keywords":"","_relevanssi_related_include_ids":"","_relevanssi_related_exclude_ids":"","_relevanssi_related_no_append":"","_relevanssi_related_not_related":"","_relevanssi_related_posts":"","_relevanssi_noindex_reason":"","_monsterinsights_skip_tracking":false,"_monsterinsights_sitenote_active":false,"_monsterinsights_sitenote_note":"","_monsterinsights_sitenote_category":0,"_genesis_hide_title":false,"_genesis_hide_breadcrumbs":false,"_genesis_hide_singular_image":false,"_genesis_hide_footer_widgets":false,"_genesis_custom_body_class":"","_genesis_custom_post_class":"","_genesis_layout":"","footnotes":""},"categories":[96],"tags":[113,132],"class_list":{"0":"post-9616","1":"post","2":"type-post","3":"status-publish","4":"format-standard","5":"has-post-thumbnail","7":"category-noticias-ue","8":"tag-agricultura","9":"tag-investigacion","10":"entry"},"acf":[],"yoast_head":"<!-- This site is optimized with the Yoast SEO plugin v27.4 - https:\/\/yoast.com\/product\/yoast-seo-wordpress\/ -->\n<title>ceiA3: I Congreso de J\u00f3venes Investigadores en Ciencias Agroalimentarias | CDE Almer\u00eda - Centro de Documentaci\u00f3n Europea - Universidad de Almer\u00eda<\/title>\n<meta name=\"robots\" content=\"index, follow, max-snippet:-1, max-image-preview:large, max-video-preview:-1\" \/>\n<link rel=\"canonical\" href=\"https:\/\/www.cde.ual.es\/ceia3-i-congreso-de-jovenes-investigadores-en-ciencias-agroalimentarias\/\" \/>\n<meta property=\"og:locale\" content=\"en_US\" \/>\n<meta property=\"og:type\" content=\"article\" \/>\n<meta property=\"og:title\" content=\"ceiA3: I Congreso de J\u00f3venes Investigadores en Ciencias Agroalimentarias | CDE Almer\u00eda - Centro de Documentaci\u00f3n Europea - Universidad de Almer\u00eda\" \/>\n<meta property=\"og:description\" content=\"\u00a0 El 20 de diciembre de 2018 tendr\u00e1 lugar en la Universidad de Almer\u00eda\u00a0la celebraci\u00f3n del I Congreso de J\u00f3venes Investigadores en Ciencias Agroalimentarias. El Congreso de J\u00f3venes Investigadores en Ciencias Agroalimentarias cuenta con el apoyo de la convocatoria de eventos 2018 del Campus de Excelencia Internacional Agroalimentario ceiA3 con financiaci\u00f3n de la Junta de [&hellip;]\" \/>\n<meta property=\"og:url\" content=\"https:\/\/www.cde.ual.es\/ceia3-i-congreso-de-jovenes-investigadores-en-ciencias-agroalimentarias\/\" \/>\n<meta property=\"og:site_name\" content=\"CDE Almer\u00eda - Centro de Documentaci\u00f3n Europea - Universidad de Almer\u00eda\" \/>\n<meta property=\"article:publisher\" content=\"https:\/\/www.facebook.com\/cdeuniversidadalmeria\/\" \/>\n<meta property=\"article:published_time\" content=\"2018-11-07T07:05:33+00:00\" \/>\n<meta property=\"article:modified_time\" content=\"2018-11-30T08:05:18+00:00\" \/>\n<meta property=\"og:image\" content=\"https:\/\/www.cde.ual.es\/wp-content\/uploads\/2018\/11\/congrso-J\u00f3venes-Investigadores.png\" \/>\n\t<meta property=\"og:image:width\" content=\"791\" \/>\n\t<meta property=\"og:image:height\" content=\"472\" \/>\n\t<meta property=\"og:image:type\" content=\"image\/png\" \/>\n<meta name=\"author\" content=\"AdminCDE\" \/>\n<meta name=\"twitter:card\" content=\"summary_large_image\" \/>\n<meta name=\"twitter:creator\" content=\"@cdeualmeria\" \/>\n<meta name=\"twitter:site\" content=\"@cdeualmeria\" \/>\n<meta name=\"twitter:label1\" content=\"Written by\" \/>\n\t<meta name=\"twitter:data1\" content=\"AdminCDE\" \/>\n\t<meta name=\"twitter:label2\" content=\"Est. reading time\" \/>\n\t<meta name=\"twitter:data2\" content=\"3 minutes\" \/>\n<script type=\"application\/ld+json\" class=\"yoast-schema-graph\">{\"@context\":\"https:\\\/\\\/schema.org\",\"@graph\":[{\"@type\":\"Article\",\"@id\":\"https:\\\/\\\/www.cde.ual.es\\\/ceia3-i-congreso-de-jovenes-investigadores-en-ciencias-agroalimentarias\\\/#article\",\"isPartOf\":{\"@id\":\"https:\\\/\\\/www.cde.ual.es\\\/ceia3-i-congreso-de-jovenes-investigadores-en-ciencias-agroalimentarias\\\/\"},\"author\":{\"name\":\"AdminCDE\",\"@id\":\"https:\\\/\\\/www.cde.ual.es\\\/#\\\/schema\\\/person\\\/224ef08c8bcc005f319d2713ce37ee5f\"},\"headline\":\"ceiA3: I Congreso de J\u00f3venes Investigadores en Ciencias Agroalimentarias\",\"datePublished\":\"2018-11-07T07:05:33+00:00\",\"dateModified\":\"2018-11-30T08:05:18+00:00\",\"mainEntityOfPage\":{\"@id\":\"https:\\\/\\\/www.cde.ual.es\\\/ceia3-i-congreso-de-jovenes-investigadores-en-ciencias-agroalimentarias\\\/\"},\"wordCount\":653,\"commentCount\":0,\"publisher\":{\"@id\":\"https:\\\/\\\/www.cde.ual.es\\\/#organization\"},\"image\":{\"@id\":\"https:\\\/\\\/www.cde.ual.es\\\/ceia3-i-congreso-de-jovenes-investigadores-en-ciencias-agroalimentarias\\\/#primaryimage\"},\"thumbnailUrl\":\"https:\\\/\\\/www.cde.ual.es\\\/wp-content\\\/uploads\\\/2018\\\/11\\\/congrso-J\u00f3venes-Investigadores.png\",\"keywords\":[\"Agricultura\",\"Investigaci\u00f3n\"],\"articleSection\":[\"Noticias UE\"],\"inLanguage\":\"en-US\",\"potentialAction\":[{\"@type\":\"CommentAction\",\"name\":\"Comment\",\"target\":[\"https:\\\/\\\/www.cde.ual.es\\\/ceia3-i-congreso-de-jovenes-investigadores-en-ciencias-agroalimentarias\\\/#respond\"]}]},{\"@type\":\"WebPage\",\"@id\":\"https:\\\/\\\/www.cde.ual.es\\\/ceia3-i-congreso-de-jovenes-investigadores-en-ciencias-agroalimentarias\\\/\",\"url\":\"https:\\\/\\\/www.cde.ual.es\\\/ceia3-i-congreso-de-jovenes-investigadores-en-ciencias-agroalimentarias\\\/\",\"name\":\"ceiA3: I Congreso de J\u00f3venes Investigadores en Ciencias Agroalimentarias | CDE Almer\u00eda - Centro de Documentaci\u00f3n Europea - Universidad de Almer\u00eda\",\"isPartOf\":{\"@id\":\"https:\\\/\\\/www.cde.ual.es\\\/#website\"},\"primaryImageOfPage\":{\"@id\":\"https:\\\/\\\/www.cde.ual.es\\\/ceia3-i-congreso-de-jovenes-investigadores-en-ciencias-agroalimentarias\\\/#primaryimage\"},\"image\":{\"@id\":\"https:\\\/\\\/www.cde.ual.es\\\/ceia3-i-congreso-de-jovenes-investigadores-en-ciencias-agroalimentarias\\\/#primaryimage\"},\"thumbnailUrl\":\"https:\\\/\\\/www.cde.ual.es\\\/wp-content\\\/uploads\\\/2018\\\/11\\\/congrso-J\u00f3venes-Investigadores.png\",\"datePublished\":\"2018-11-07T07:05:33+00:00\",\"dateModified\":\"2018-11-30T08:05:18+00:00\",\"breadcrumb\":{\"@id\":\"https:\\\/\\\/www.cde.ual.es\\\/ceia3-i-congreso-de-jovenes-investigadores-en-ciencias-agroalimentarias\\\/#breadcrumb\"},\"inLanguage\":\"en-US\",\"potentialAction\":[{\"@type\":\"ReadAction\",\"target\":[\"https:\\\/\\\/www.cde.ual.es\\\/ceia3-i-congreso-de-jovenes-investigadores-en-ciencias-agroalimentarias\\\/\"]}]},{\"@type\":\"ImageObject\",\"inLanguage\":\"en-US\",\"@id\":\"https:\\\/\\\/www.cde.ual.es\\\/ceia3-i-congreso-de-jovenes-investigadores-en-ciencias-agroalimentarias\\\/#primaryimage\",\"url\":\"https:\\\/\\\/www.cde.ual.es\\\/wp-content\\\/uploads\\\/2018\\\/11\\\/congrso-J\u00f3venes-Investigadores.png\",\"contentUrl\":\"https:\\\/\\\/www.cde.ual.es\\\/wp-content\\\/uploads\\\/2018\\\/11\\\/congrso-J\u00f3venes-Investigadores.png\",\"width\":791,\"height\":472},{\"@type\":\"BreadcrumbList\",\"@id\":\"https:\\\/\\\/www.cde.ual.es\\\/ceia3-i-congreso-de-jovenes-investigadores-en-ciencias-agroalimentarias\\\/#breadcrumb\",\"itemListElement\":[{\"@type\":\"ListItem\",\"position\":1,\"name\":\"Inicio\",\"item\":\"https:\\\/\\\/www.cde.ual.es\\\/en\\\/\"},{\"@type\":\"ListItem\",\"position\":2,\"name\":\"Noticias UE\",\"item\":\"https:\\\/\\\/www.cde.ual.es\\\/category\\\/noticias-ue\\\/\"},{\"@type\":\"ListItem\",\"position\":3,\"name\":\"ceiA3: I Congreso de J\u00f3venes Investigadores en Ciencias Agroalimentarias\"}]},{\"@type\":\"WebSite\",\"@id\":\"https:\\\/\\\/www.cde.ual.es\\\/#website\",\"url\":\"https:\\\/\\\/www.cde.ual.es\\\/\",\"name\":\"CDE Almer\u00eda - Centro de Documentaci\u00f3n Europea - Universidad de Almer\u00eda\",\"description\":\"Centro de Documentaci\u00f3n Europea de la Universidad de Almer\u00eda\",\"publisher\":{\"@id\":\"https:\\\/\\\/www.cde.ual.es\\\/#organization\"},\"alternateName\":\"CDE Almer\u00eda\",\"potentialAction\":[{\"@type\":\"SearchAction\",\"target\":{\"@type\":\"EntryPoint\",\"urlTemplate\":\"https:\\\/\\\/www.cde.ual.es\\\/?s={search_term_string}\"},\"query-input\":{\"@type\":\"PropertyValueSpecification\",\"valueRequired\":true,\"valueName\":\"search_term_string\"}}],\"inLanguage\":\"en-US\"},{\"@type\":\"Organization\",\"@id\":\"https:\\\/\\\/www.cde.ual.es\\\/#organization\",\"name\":\"Centro de Documentaci\u00f3n Europea de Almer\u00eda\",\"url\":\"https:\\\/\\\/www.cde.ual.es\\\/\",\"logo\":{\"@type\":\"ImageObject\",\"inLanguage\":\"en-US\",\"@id\":\"https:\\\/\\\/www.cde.ual.es\\\/#\\\/schema\\\/logo\\\/image\\\/\",\"url\":\"https:\\\/\\\/www.cde.ual.es\\\/wp-content\\\/uploads\\\/2025\\\/07\\\/cde-logo-3.png\",\"contentUrl\":\"https:\\\/\\\/www.cde.ual.es\\\/wp-content\\\/uploads\\\/2025\\\/07\\\/cde-logo-3.png\",\"width\":1400,\"height\":300,\"caption\":\"Centro de Documentaci\u00f3n Europea de Almer\u00eda\"},\"image\":{\"@id\":\"https:\\\/\\\/www.cde.ual.es\\\/#\\\/schema\\\/logo\\\/image\\\/\"},\"sameAs\":[\"https:\\\/\\\/www.facebook.com\\\/cdeuniversidadalmeria\\\/\",\"https:\\\/\\\/x.com\\\/cdeualmeria\",\"https:\\\/\\\/www.tiktok.com\\\/@cdealmeria\",\"https:\\\/\\\/www.instagram.com\\\/cdealmeria\\\/\",\"https:\\\/\\\/www.linkedin.com\\\/in\\\/cde-almera-812b26a9\\\/\"]},{\"@type\":\"Person\",\"@id\":\"https:\\\/\\\/www.cde.ual.es\\\/#\\\/schema\\\/person\\\/224ef08c8bcc005f319d2713ce37ee5f\",\"name\":\"AdminCDE\",\"image\":{\"@type\":\"ImageObject\",\"inLanguage\":\"en-US\",\"@id\":\"https:\\\/\\\/secure.gravatar.com\\\/avatar\\\/a72d038d371f995cd13706fac32274b7952a52e8fb0a84b5f80c85426f2a98a8?s=96&d=mm&r=g\",\"url\":\"https:\\\/\\\/secure.gravatar.com\\\/avatar\\\/a72d038d371f995cd13706fac32274b7952a52e8fb0a84b5f80c85426f2a98a8?s=96&d=mm&r=g\",\"contentUrl\":\"https:\\\/\\\/secure.gravatar.com\\\/avatar\\\/a72d038d371f995cd13706fac32274b7952a52e8fb0a84b5f80c85426f2a98a8?s=96&d=mm&r=g\",\"caption\":\"AdminCDE\"}}]}<\/script>\n<!-- \/ Yoast SEO plugin. -->","yoast_head_json":{"title":"ceiA3: I Congreso de J\u00f3venes Investigadores en Ciencias Agroalimentarias | CDE Almer\u00eda - Centro de Documentaci\u00f3n Europea - Universidad de Almer\u00eda","robots":{"index":"index","follow":"follow","max-snippet":"max-snippet:-1","max-image-preview":"max-image-preview:large","max-video-preview":"max-video-preview:-1"},"canonical":"https:\/\/www.cde.ual.es\/ceia3-i-congreso-de-jovenes-investigadores-en-ciencias-agroalimentarias\/","og_locale":"en_US","og_type":"article","og_title":"ceiA3: I Congreso de J\u00f3venes Investigadores en Ciencias Agroalimentarias | CDE Almer\u00eda - Centro de Documentaci\u00f3n Europea - Universidad de Almer\u00eda","og_description":"\u00a0 El 20 de diciembre de 2018 tendr\u00e1 lugar en la Universidad de Almer\u00eda\u00a0la celebraci\u00f3n del I Congreso de J\u00f3venes Investigadores en Ciencias Agroalimentarias. El Congreso de J\u00f3venes Investigadores en Ciencias Agroalimentarias cuenta con el apoyo de la convocatoria de eventos 2018 del Campus de Excelencia Internacional Agroalimentario ceiA3 con financiaci\u00f3n de la Junta de [&hellip;]","og_url":"https:\/\/www.cde.ual.es\/ceia3-i-congreso-de-jovenes-investigadores-en-ciencias-agroalimentarias\/","og_site_name":"CDE Almer\u00eda - Centro de Documentaci\u00f3n Europea - Universidad de Almer\u00eda","article_publisher":"https:\/\/www.facebook.com\/cdeuniversidadalmeria\/","article_published_time":"2018-11-07T07:05:33+00:00","article_modified_time":"2018-11-30T08:05:18+00:00","og_image":[{"width":791,"height":472,"url":"https:\/\/www.cde.ual.es\/wp-content\/uploads\/2018\/11\/congrso-J\u00f3venes-Investigadores.png","type":"image\/png"}],"author":"AdminCDE","twitter_card":"summary_large_image","twitter_creator":"@cdeualmeria","twitter_site":"@cdeualmeria","twitter_misc":{"Written by":"AdminCDE","Est. reading time":"3 minutes"},"schema":{"@context":"https:\/\/schema.org","@graph":[{"@type":"Article","@id":"https:\/\/www.cde.ual.es\/ceia3-i-congreso-de-jovenes-investigadores-en-ciencias-agroalimentarias\/#article","isPartOf":{"@id":"https:\/\/www.cde.ual.es\/ceia3-i-congreso-de-jovenes-investigadores-en-ciencias-agroalimentarias\/"},"author":{"name":"AdminCDE","@id":"https:\/\/www.cde.ual.es\/#\/schema\/person\/224ef08c8bcc005f319d2713ce37ee5f"},"headline":"ceiA3: I Congreso de J\u00f3venes Investigadores en Ciencias Agroalimentarias","datePublished":"2018-11-07T07:05:33+00:00","dateModified":"2018-11-30T08:05:18+00:00","mainEntityOfPage":{"@id":"https:\/\/www.cde.ual.es\/ceia3-i-congreso-de-jovenes-investigadores-en-ciencias-agroalimentarias\/"},"wordCount":653,"commentCount":0,"publisher":{"@id":"https:\/\/www.cde.ual.es\/#organization"},"image":{"@id":"https:\/\/www.cde.ual.es\/ceia3-i-congreso-de-jovenes-investigadores-en-ciencias-agroalimentarias\/#primaryimage"},"thumbnailUrl":"https:\/\/www.cde.ual.es\/wp-content\/uploads\/2018\/11\/congrso-J\u00f3venes-Investigadores.png","keywords":["Agricultura","Investigaci\u00f3n"],"articleSection":["Noticias UE"],"inLanguage":"en-US","potentialAction":[{"@type":"CommentAction","name":"Comment","target":["https:\/\/www.cde.ual.es\/ceia3-i-congreso-de-jovenes-investigadores-en-ciencias-agroalimentarias\/#respond"]}]},{"@type":"WebPage","@id":"https:\/\/www.cde.ual.es\/ceia3-i-congreso-de-jovenes-investigadores-en-ciencias-agroalimentarias\/","url":"https:\/\/www.cde.ual.es\/ceia3-i-congreso-de-jovenes-investigadores-en-ciencias-agroalimentarias\/","name":"ceiA3: I Congreso de J\u00f3venes Investigadores en Ciencias Agroalimentarias | CDE Almer\u00eda - Centro de Documentaci\u00f3n Europea - Universidad de Almer\u00eda","isPartOf":{"@id":"https:\/\/www.cde.ual.es\/#website"},"primaryImageOfPage":{"@id":"https:\/\/www.cde.ual.es\/ceia3-i-congreso-de-jovenes-investigadores-en-ciencias-agroalimentarias\/#primaryimage"},"image":{"@id":"https:\/\/www.cde.ual.es\/ceia3-i-congreso-de-jovenes-investigadores-en-ciencias-agroalimentarias\/#primaryimage"},"thumbnailUrl":"https:\/\/www.cde.ual.es\/wp-content\/uploads\/2018\/11\/congrso-J\u00f3venes-Investigadores.png","datePublished":"2018-11-07T07:05:33+00:00","dateModified":"2018-11-30T08:05:18+00:00","breadcrumb":{"@id":"https:\/\/www.cde.ual.es\/ceia3-i-congreso-de-jovenes-investigadores-en-ciencias-agroalimentarias\/#breadcrumb"},"inLanguage":"en-US","potentialAction":[{"@type":"ReadAction","target":["https:\/\/www.cde.ual.es\/ceia3-i-congreso-de-jovenes-investigadores-en-ciencias-agroalimentarias\/"]}]},{"@type":"ImageObject","inLanguage":"en-US","@id":"https:\/\/www.cde.ual.es\/ceia3-i-congreso-de-jovenes-investigadores-en-ciencias-agroalimentarias\/#primaryimage","url":"https:\/\/www.cde.ual.es\/wp-content\/uploads\/2018\/11\/congrso-J\u00f3venes-Investigadores.png","contentUrl":"https:\/\/www.cde.ual.es\/wp-content\/uploads\/2018\/11\/congrso-J\u00f3venes-Investigadores.png","width":791,"height":472},{"@type":"BreadcrumbList","@id":"https:\/\/www.cde.ual.es\/ceia3-i-congreso-de-jovenes-investigadores-en-ciencias-agroalimentarias\/#breadcrumb","itemListElement":[{"@type":"ListItem","position":1,"name":"Inicio","item":"https:\/\/www.cde.ual.es\/en\/"},{"@type":"ListItem","position":2,"name":"Noticias UE","item":"https:\/\/www.cde.ual.es\/category\/noticias-ue\/"},{"@type":"ListItem","position":3,"name":"ceiA3: I Congreso de J\u00f3venes Investigadores en Ciencias Agroalimentarias"}]},{"@type":"WebSite","@id":"https:\/\/www.cde.ual.es\/#website","url":"https:\/\/www.cde.ual.es\/","name":"CDE Almer\u00eda - Centro de Documentaci\u00f3n Europea - Universidad de Almer\u00eda","description":"Centro de Documentaci\u00f3n Europea de la Universidad de Almer\u00eda","publisher":{"@id":"https:\/\/www.cde.ual.es\/#organization"},"alternateName":"CDE Almer\u00eda","potentialAction":[{"@type":"SearchAction","target":{"@type":"EntryPoint","urlTemplate":"https:\/\/www.cde.ual.es\/?s={search_term_string}"},"query-input":{"@type":"PropertyValueSpecification","valueRequired":true,"valueName":"search_term_string"}}],"inLanguage":"en-US"},{"@type":"Organization","@id":"https:\/\/www.cde.ual.es\/#organization","name":"Centro de Documentaci\u00f3n Europea de Almer\u00eda","url":"https:\/\/www.cde.ual.es\/","logo":{"@type":"ImageObject","inLanguage":"en-US","@id":"https:\/\/www.cde.ual.es\/#\/schema\/logo\/image\/","url":"https:\/\/www.cde.ual.es\/wp-content\/uploads\/2025\/07\/cde-logo-3.png","contentUrl":"https:\/\/www.cde.ual.es\/wp-content\/uploads\/2025\/07\/cde-logo-3.png","width":1400,"height":300,"caption":"Centro de Documentaci\u00f3n Europea de Almer\u00eda"},"image":{"@id":"https:\/\/www.cde.ual.es\/#\/schema\/logo\/image\/"},"sameAs":["https:\/\/www.facebook.com\/cdeuniversidadalmeria\/","https:\/\/x.com\/cdeualmeria","https:\/\/www.tiktok.com\/@cdealmeria","https:\/\/www.instagram.com\/cdealmeria\/","https:\/\/www.linkedin.com\/in\/cde-almera-812b26a9\/"]},{"@type":"Person","@id":"https:\/\/www.cde.ual.es\/#\/schema\/person\/224ef08c8bcc005f319d2713ce37ee5f","name":"AdminCDE","image":{"@type":"ImageObject","inLanguage":"en-US","@id":"https:\/\/secure.gravatar.com\/avatar\/a72d038d371f995cd13706fac32274b7952a52e8fb0a84b5f80c85426f2a98a8?s=96&d=mm&r=g","url":"https:\/\/secure.gravatar.com\/avatar\/a72d038d371f995cd13706fac32274b7952a52e8fb0a84b5f80c85426f2a98a8?s=96&d=mm&r=g","contentUrl":"https:\/\/secure.gravatar.com\/avatar\/a72d038d371f995cd13706fac32274b7952a52e8fb0a84b5f80c85426f2a98a8?s=96&d=mm&r=g","caption":"AdminCDE"}}]}},"_links":{"self":[{"href":"https:\/\/www.cde.ual.es\/en\/wp-json\/wp\/v2\/posts\/9616","targetHints":{"allow":["GET"]}}],"collection":[{"href":"https:\/\/www.cde.ual.es\/en\/wp-json\/wp\/v2\/posts"}],"about":[{"href":"https:\/\/www.cde.ual.es\/en\/wp-json\/wp\/v2\/types\/post"}],"author":[{"embeddable":true,"href":"https:\/\/www.cde.ual.es\/en\/wp-json\/wp\/v2\/users\/1"}],"replies":[{"embeddable":true,"href":"https:\/\/www.cde.ual.es\/en\/wp-json\/wp\/v2\/comments?post=9616"}],"version-history":[{"count":0,"href":"https:\/\/www.cde.ual.es\/en\/wp-json\/wp\/v2\/posts\/9616\/revisions"}],"wp:featuredmedia":[{"embeddable":true,"href":"https:\/\/www.cde.ual.es\/en\/wp-json\/wp\/v2\/media\/9618"}],"wp:attachment":[{"href":"https:\/\/www.cde.ual.es\/en\/wp-json\/wp\/v2\/media?parent=9616"}],"wp:term":[{"taxonomy":"category","embeddable":true,"href":"https:\/\/www.cde.ual.es\/en\/wp-json\/wp\/v2\/categories?post=9616"},{"taxonomy":"post_tag","embeddable":true,"href":"https:\/\/www.cde.ual.es\/en\/wp-json\/wp\/v2\/tags?post=9616"}],"curies":[{"name":"wp","href":"https:\/\/api.w.org\/{rel}","templated":true}]}}