{"id":95839,"date":"2022-02-15T08:10:46","date_gmt":"2022-02-15T07:10:46","guid":{"rendered":"https:\/\/www.cde.ual.es\/?p=95839"},"modified":"2022-02-15T14:12:51","modified_gmt":"2022-02-15T13:12:51","slug":"lorenzo-natali-media-prize-2","status":"publish","type":"post","link":"https:\/\/www.cde.ual.es\/en\/lorenzo-natali-media-prize-2\/","title":{"rendered":"Lorenzo Natali Media Prize"},"content":{"rendered":"<h3><strong>Applications open on 15 February!<\/strong><\/h3>\n<p>For three decades, the Lorenzo Natali Media Prize (#NataliPrize) has honoured the courage of journalists whose stories shine a light on the common challenges facing our planet and its people. Celebrating its\u00a0<b>30th anniversary<\/b>\u00a0this year, the Lorenzo Natali Media Prize returns to support international partnerships and inspire a new generation of reporters.<\/p>\n<p>The #NataliPrize welcomes applications in written, audio and video formats in all languages from journalists across the globe. Journalists can submit applications in any language if a translation is provided in either English, French, Spanish, German or Portuguese.<\/p>\n<p>Applications for the 2022 Lorenzo Natali Media Prize open on\u00a0<b>15 February<\/b>\u00a0<b>2022<\/b>.<\/p>\n<h3 id=\"header-2312\" class=\"ecl-heading ecl-heading--h2 ecl-heading--paragraph\">The Prize at a Glance<\/h3>\n<p>The Lorenzo Natali Media Prize was launched in 1992 to honour courage in journalism. It rewards excellent reporting on the topics\u00a0of:<\/p>\n<ul>\n<li>inequality<\/li>\n<li>poverty eradication<\/li>\n<li>sustainable development<\/li>\n<li>environment, biodiversity, climate action<\/li>\n<li>digital<\/li>\n<li>jobs and employment<\/li>\n<li>education and skills development<\/li>\n<li>migration<\/li>\n<li>healthcare<\/li>\n<li>peace, democracy and human rights<\/li>\n<\/ul>\n<p>The #NataliPrize was created by the European Commission\u2019s Directorate-General for International Partnerships (DG INTPA), and named after Lorenzo Natali, a precursor to the international partnerships approach to global challenges impacting society.<\/p>\n<p>The #NataliPrize Community brings together like-minded individuals and entities who share a passion for the issue covered by the Lorenzo Natali. Gathering past winners, Grand Jury Members, strategic regional partners and ambassadors, the Community grows with each edition of the Lorenzo Natali Media Prize.<\/p>\n<ol>\n<li><strong>Grand Prize:\u00a0<\/strong>reporting published by a media based in one of the European Union\u2019s partner countries.<\/li>\n<li><strong>Europe Prize:<\/strong>\u00a0reporting published by a media based in the European Union (not including the United Kingdom).<\/li>\n<li><strong>Best Emerging Journalist Prize:<\/strong>\u00a0open to journalists under 30 whose reporting was published by a media based in the European Union (not including the United Kingdom) or in one of its partner countries<\/li>\n<\/ol>\n<p><strong>The winner in each category will receive \u20ac10,000<\/strong>. The winner of the Best Emerging Journalist category will also be offered a work experience opportunity with a media partner. Categories will not be awarded if quality is not met.<\/p>\n<p>The full list of eligible countries can be found\u00a0<a href=\"https:\/\/ec.europa.eu\/international-partnerships\/system\/files\/lnp-2022-eligible-countries.pdf\">here<\/a>.<\/p>\n<h3>More information:<\/h3>\n<p><a href=\"https:\/\/ec.europa.eu\/international-partnerships\/lnp_en\">European Commission<\/a><\/p>\n<p>&nbsp;<\/p>\n","protected":false},"excerpt":{"rendered":"<p>Applications open on 15 February! For three decades, the Lorenzo Natali Media Prize (#NataliPrize) has honoured the courage of journalists whose stories shine a light on the common challenges facing our planet and its people. Celebrating its\u00a030th anniversary\u00a0this year, the Lorenzo Natali Media Prize returns to support international partnerships and inspire a new generation of [&hellip;]<\/p>\n","protected":false},"author":101011,"featured_media":95837,"comment_status":"open","ping_status":"open","sticky":false,"template":"","format":"standard","meta":{"_acf_changed":false,"_relevanssi_hide_post":"","_relevanssi_hide_content":"","_relevanssi_pin_for_all":"","_relevanssi_pin_keywords":"","_relevanssi_unpin_keywords":"","_relevanssi_related_keywords":"","_relevanssi_related_include_ids":"","_relevanssi_related_exclude_ids":"","_relevanssi_related_no_append":"","_relevanssi_related_not_related":"","_relevanssi_related_posts":"","_relevanssi_noindex_reason":"","_monsterinsights_skip_tracking":false,"_monsterinsights_sitenote_active":false,"_monsterinsights_sitenote_note":"","_monsterinsights_sitenote_category":0,"_genesis_hide_title":false,"_genesis_hide_breadcrumbs":false,"_genesis_hide_singular_image":false,"_genesis_hide_footer_widgets":false,"_genesis_custom_body_class":"","_genesis_custom_post_class":"","_genesis_layout":"","footnotes":""},"categories":[366,4049,4263],"tags":[3197,1292],"class_list":{"0":"post-95839","1":"post","2":"type-post","3":"status-publish","4":"format-standard","5":"has-post-thumbnail","7":"category-eu-calls-and-awards","8":"category-eurodesk-en","9":"category-participating","10":"tag-journalist","11":"tag-prize","12":"entry"},"acf":[],"yoast_head":"<!-- This site is optimized with the Yoast SEO plugin v27.5 - https:\/\/yoast.com\/product\/yoast-seo-wordpress\/ -->\n<title>Lorenzo Natali Media Prize | CDE Almer\u00eda - Centro de Documentaci\u00f3n Europea - Universidad de Almer\u00eda<\/title>\n<meta name=\"robots\" content=\"index, follow, max-snippet:-1, max-image-preview:large, max-video-preview:-1\" \/>\n<link rel=\"canonical\" href=\"https:\/\/www.cde.ual.es\/en\/lorenzo-natali-media-prize-2\/\" \/>\n<meta property=\"og:locale\" content=\"en_US\" \/>\n<meta property=\"og:type\" content=\"article\" \/>\n<meta property=\"og:title\" content=\"Lorenzo Natali Media Prize | CDE Almer\u00eda - Centro de Documentaci\u00f3n Europea - Universidad de Almer\u00eda\" \/>\n<meta property=\"og:description\" content=\"Applications open on 15 February! For three decades, the Lorenzo Natali Media Prize (#NataliPrize) has honoured the courage of journalists whose stories shine a light on the common challenges facing our planet and its people. Celebrating its\u00a030th anniversary\u00a0this year, the Lorenzo Natali Media Prize returns to support international partnerships and inspire a new generation of [&hellip;]\" \/>\n<meta property=\"og:url\" content=\"https:\/\/www.cde.ual.es\/en\/lorenzo-natali-media-prize-2\/\" \/>\n<meta property=\"og:site_name\" content=\"CDE Almer\u00eda - Centro de Documentaci\u00f3n Europea - Universidad de Almer\u00eda\" \/>\n<meta property=\"article:publisher\" content=\"https:\/\/www.facebook.com\/cdeuniversidadalmeria\/\" \/>\n<meta property=\"article:published_time\" content=\"2022-02-15T07:10:46+00:00\" \/>\n<meta property=\"article:modified_time\" content=\"2022-02-15T13:12:51+00:00\" \/>\n<meta property=\"og:image\" content=\"https:\/\/www.cde.ual.es\/wp-content\/uploads\/2022\/02\/web-banner_1.jpg\" \/>\n\t<meta property=\"og:image:width\" content=\"1920\" \/>\n\t<meta property=\"og:image:height\" content=\"420\" \/>\n\t<meta property=\"og:image:type\" content=\"image\/jpeg\" \/>\n<meta name=\"author\" content=\"BECA 2 CDE\" \/>\n<meta name=\"twitter:card\" content=\"summary_large_image\" \/>\n<meta name=\"twitter:creator\" content=\"@cdeualmeria\" \/>\n<meta name=\"twitter:site\" content=\"@cdeualmeria\" \/>\n<meta name=\"twitter:label1\" content=\"Written by\" \/>\n\t<meta name=\"twitter:data1\" content=\"BECA 2 CDE\" \/>\n\t<meta name=\"twitter:label2\" content=\"Est. reading time\" \/>\n\t<meta name=\"twitter:data2\" content=\"2 minutes\" \/>\n<script type=\"application\/ld+json\" class=\"yoast-schema-graph\">{\"@context\":\"https:\\\/\\\/schema.org\",\"@graph\":[{\"@type\":\"Article\",\"@id\":\"https:\\\/\\\/www.cde.ual.es\\\/en\\\/lorenzo-natali-media-prize-2\\\/#article\",\"isPartOf\":{\"@id\":\"https:\\\/\\\/www.cde.ual.es\\\/en\\\/lorenzo-natali-media-prize-2\\\/\"},\"author\":{\"name\":\"BECA 2 CDE\",\"@id\":\"https:\\\/\\\/www.cde.ual.es\\\/#\\\/schema\\\/person\\\/ee46ebc19edfa19598c02cff83335acc\"},\"headline\":\"Lorenzo Natali Media Prize\",\"datePublished\":\"2022-02-15T07:10:46+00:00\",\"dateModified\":\"2022-02-15T13:12:51+00:00\",\"mainEntityOfPage\":{\"@id\":\"https:\\\/\\\/www.cde.ual.es\\\/en\\\/lorenzo-natali-media-prize-2\\\/\"},\"wordCount\":353,\"commentCount\":0,\"publisher\":{\"@id\":\"https:\\\/\\\/www.cde.ual.es\\\/#organization\"},\"image\":{\"@id\":\"https:\\\/\\\/www.cde.ual.es\\\/en\\\/lorenzo-natali-media-prize-2\\\/#primaryimage\"},\"thumbnailUrl\":\"https:\\\/\\\/www.cde.ual.es\\\/wp-content\\\/uploads\\\/2022\\\/02\\\/web-banner_1.jpg\",\"keywords\":[\"journalist\",\"Prize\"],\"articleSection\":[\"EU Calls and Awards\",\"Eurodesk\",\"Participating\"],\"inLanguage\":\"en-US\",\"potentialAction\":[{\"@type\":\"CommentAction\",\"name\":\"Comment\",\"target\":[\"https:\\\/\\\/www.cde.ual.es\\\/en\\\/lorenzo-natali-media-prize-2\\\/#respond\"]}]},{\"@type\":\"WebPage\",\"@id\":\"https:\\\/\\\/www.cde.ual.es\\\/en\\\/lorenzo-natali-media-prize-2\\\/\",\"url\":\"https:\\\/\\\/www.cde.ual.es\\\/en\\\/lorenzo-natali-media-prize-2\\\/\",\"name\":\"Lorenzo Natali Media Prize | CDE Almer\u00eda - Centro de Documentaci\u00f3n Europea - Universidad de Almer\u00eda\",\"isPartOf\":{\"@id\":\"https:\\\/\\\/www.cde.ual.es\\\/#website\"},\"primaryImageOfPage\":{\"@id\":\"https:\\\/\\\/www.cde.ual.es\\\/en\\\/lorenzo-natali-media-prize-2\\\/#primaryimage\"},\"image\":{\"@id\":\"https:\\\/\\\/www.cde.ual.es\\\/en\\\/lorenzo-natali-media-prize-2\\\/#primaryimage\"},\"thumbnailUrl\":\"https:\\\/\\\/www.cde.ual.es\\\/wp-content\\\/uploads\\\/2022\\\/02\\\/web-banner_1.jpg\",\"datePublished\":\"2022-02-15T07:10:46+00:00\",\"dateModified\":\"2022-02-15T13:12:51+00:00\",\"breadcrumb\":{\"@id\":\"https:\\\/\\\/www.cde.ual.es\\\/en\\\/lorenzo-natali-media-prize-2\\\/#breadcrumb\"},\"inLanguage\":\"en-US\",\"potentialAction\":[{\"@type\":\"ReadAction\",\"target\":[\"https:\\\/\\\/www.cde.ual.es\\\/en\\\/lorenzo-natali-media-prize-2\\\/\"]}]},{\"@type\":\"ImageObject\",\"inLanguage\":\"en-US\",\"@id\":\"https:\\\/\\\/www.cde.ual.es\\\/en\\\/lorenzo-natali-media-prize-2\\\/#primaryimage\",\"url\":\"https:\\\/\\\/www.cde.ual.es\\\/wp-content\\\/uploads\\\/2022\\\/02\\\/web-banner_1.jpg\",\"contentUrl\":\"https:\\\/\\\/www.cde.ual.es\\\/wp-content\\\/uploads\\\/2022\\\/02\\\/web-banner_1.jpg\",\"width\":1920,\"height\":420},{\"@type\":\"BreadcrumbList\",\"@id\":\"https:\\\/\\\/www.cde.ual.es\\\/en\\\/lorenzo-natali-media-prize-2\\\/#breadcrumb\",\"itemListElement\":[{\"@type\":\"ListItem\",\"position\":1,\"name\":\"Inicio\",\"item\":\"https:\\\/\\\/www.cde.ual.es\\\/en\\\/\"},{\"@type\":\"ListItem\",\"position\":2,\"name\":\"EU Calls and Awards\",\"item\":\"https:\\\/\\\/www.cde.ual.es\\\/en\\\/category\\\/eu-calls-and-awards\\\/\"},{\"@type\":\"ListItem\",\"position\":3,\"name\":\"Eurodesk\",\"item\":\"https:\\\/\\\/www.cde.ual.es\\\/en\\\/category\\\/eu-calls-and-awards\\\/eurodesk-en\\\/\"},{\"@type\":\"ListItem\",\"position\":4,\"name\":\"Participating\",\"item\":\"https:\\\/\\\/www.cde.ual.es\\\/en\\\/category\\\/eu-calls-and-awards\\\/eurodesk-en\\\/participating\\\/\"},{\"@type\":\"ListItem\",\"position\":5,\"name\":\"Lorenzo Natali Media Prize\"}]},{\"@type\":\"WebSite\",\"@id\":\"https:\\\/\\\/www.cde.ual.es\\\/#website\",\"url\":\"https:\\\/\\\/www.cde.ual.es\\\/\",\"name\":\"CDE Almer\u00eda - Centro de Documentaci\u00f3n Europea - Universidad de Almer\u00eda\",\"description\":\"Centro de Documentaci\u00f3n Europea de la Universidad de Almer\u00eda\",\"publisher\":{\"@id\":\"https:\\\/\\\/www.cde.ual.es\\\/#organization\"},\"alternateName\":\"CDE Almer\u00eda\",\"potentialAction\":[{\"@type\":\"SearchAction\",\"target\":{\"@type\":\"EntryPoint\",\"urlTemplate\":\"https:\\\/\\\/www.cde.ual.es\\\/?s={search_term_string}\"},\"query-input\":{\"@type\":\"PropertyValueSpecification\",\"valueRequired\":true,\"valueName\":\"search_term_string\"}}],\"inLanguage\":\"en-US\"},{\"@type\":\"Organization\",\"@id\":\"https:\\\/\\\/www.cde.ual.es\\\/#organization\",\"name\":\"Centro de Documentaci\u00f3n Europea de Almer\u00eda\",\"url\":\"https:\\\/\\\/www.cde.ual.es\\\/\",\"logo\":{\"@type\":\"ImageObject\",\"inLanguage\":\"en-US\",\"@id\":\"https:\\\/\\\/www.cde.ual.es\\\/#\\\/schema\\\/logo\\\/image\\\/\",\"url\":\"https:\\\/\\\/www.cde.ual.es\\\/wp-content\\\/uploads\\\/2025\\\/07\\\/cde-logo-3.png\",\"contentUrl\":\"https:\\\/\\\/www.cde.ual.es\\\/wp-content\\\/uploads\\\/2025\\\/07\\\/cde-logo-3.png\",\"width\":1400,\"height\":300,\"caption\":\"Centro de Documentaci\u00f3n Europea de Almer\u00eda\"},\"image\":{\"@id\":\"https:\\\/\\\/www.cde.ual.es\\\/#\\\/schema\\\/logo\\\/image\\\/\"},\"sameAs\":[\"https:\\\/\\\/www.facebook.com\\\/cdeuniversidadalmeria\\\/\",\"https:\\\/\\\/x.com\\\/cdeualmeria\",\"https:\\\/\\\/www.tiktok.com\\\/@cdealmeria\",\"https:\\\/\\\/www.instagram.com\\\/cdealmeria\\\/\",\"https:\\\/\\\/www.linkedin.com\\\/in\\\/cde-almera-812b26a9\\\/\"]},{\"@type\":\"Person\",\"@id\":\"https:\\\/\\\/www.cde.ual.es\\\/#\\\/schema\\\/person\\\/ee46ebc19edfa19598c02cff83335acc\",\"name\":\"BECA 2 CDE\",\"image\":{\"@type\":\"ImageObject\",\"inLanguage\":\"en-US\",\"@id\":\"https:\\\/\\\/secure.gravatar.com\\\/avatar\\\/35a481bbc04bbd90e91bdfa3b0b5541036c222a49b9ad37b6889a2afcb5311a5?s=96&d=mm&r=g\",\"url\":\"https:\\\/\\\/secure.gravatar.com\\\/avatar\\\/35a481bbc04bbd90e91bdfa3b0b5541036c222a49b9ad37b6889a2afcb5311a5?s=96&d=mm&r=g\",\"contentUrl\":\"https:\\\/\\\/secure.gravatar.com\\\/avatar\\\/35a481bbc04bbd90e91bdfa3b0b5541036c222a49b9ad37b6889a2afcb5311a5?s=96&d=mm&r=g\",\"caption\":\"BECA 2 CDE\"},\"sameAs\":[\"http:\\\/\\\/www.cdealmeria.com\"]}]}<\/script>\n<!-- \/ Yoast SEO plugin. -->","yoast_head_json":{"title":"Lorenzo Natali Media Prize | CDE Almer\u00eda - Centro de Documentaci\u00f3n Europea - Universidad de Almer\u00eda","robots":{"index":"index","follow":"follow","max-snippet":"max-snippet:-1","max-image-preview":"max-image-preview:large","max-video-preview":"max-video-preview:-1"},"canonical":"https:\/\/www.cde.ual.es\/en\/lorenzo-natali-media-prize-2\/","og_locale":"en_US","og_type":"article","og_title":"Lorenzo Natali Media Prize | CDE Almer\u00eda - Centro de Documentaci\u00f3n Europea - Universidad de Almer\u00eda","og_description":"Applications open on 15 February! For three decades, the Lorenzo Natali Media Prize (#NataliPrize) has honoured the courage of journalists whose stories shine a light on the common challenges facing our planet and its people. Celebrating its\u00a030th anniversary\u00a0this year, the Lorenzo Natali Media Prize returns to support international partnerships and inspire a new generation of [&hellip;]","og_url":"https:\/\/www.cde.ual.es\/en\/lorenzo-natali-media-prize-2\/","og_site_name":"CDE Almer\u00eda - Centro de Documentaci\u00f3n Europea - Universidad de Almer\u00eda","article_publisher":"https:\/\/www.facebook.com\/cdeuniversidadalmeria\/","article_published_time":"2022-02-15T07:10:46+00:00","article_modified_time":"2022-02-15T13:12:51+00:00","og_image":[{"width":1920,"height":420,"url":"https:\/\/www.cde.ual.es\/wp-content\/uploads\/2022\/02\/web-banner_1.jpg","type":"image\/jpeg"}],"author":"BECA 2 CDE","twitter_card":"summary_large_image","twitter_creator":"@cdeualmeria","twitter_site":"@cdeualmeria","twitter_misc":{"Written by":"BECA 2 CDE","Est. reading time":"2 minutes"},"schema":{"@context":"https:\/\/schema.org","@graph":[{"@type":"Article","@id":"https:\/\/www.cde.ual.es\/en\/lorenzo-natali-media-prize-2\/#article","isPartOf":{"@id":"https:\/\/www.cde.ual.es\/en\/lorenzo-natali-media-prize-2\/"},"author":{"name":"BECA 2 CDE","@id":"https:\/\/www.cde.ual.es\/#\/schema\/person\/ee46ebc19edfa19598c02cff83335acc"},"headline":"Lorenzo Natali Media Prize","datePublished":"2022-02-15T07:10:46+00:00","dateModified":"2022-02-15T13:12:51+00:00","mainEntityOfPage":{"@id":"https:\/\/www.cde.ual.es\/en\/lorenzo-natali-media-prize-2\/"},"wordCount":353,"commentCount":0,"publisher":{"@id":"https:\/\/www.cde.ual.es\/#organization"},"image":{"@id":"https:\/\/www.cde.ual.es\/en\/lorenzo-natali-media-prize-2\/#primaryimage"},"thumbnailUrl":"https:\/\/www.cde.ual.es\/wp-content\/uploads\/2022\/02\/web-banner_1.jpg","keywords":["journalist","Prize"],"articleSection":["EU Calls and Awards","Eurodesk","Participating"],"inLanguage":"en-US","potentialAction":[{"@type":"CommentAction","name":"Comment","target":["https:\/\/www.cde.ual.es\/en\/lorenzo-natali-media-prize-2\/#respond"]}]},{"@type":"WebPage","@id":"https:\/\/www.cde.ual.es\/en\/lorenzo-natali-media-prize-2\/","url":"https:\/\/www.cde.ual.es\/en\/lorenzo-natali-media-prize-2\/","name":"Lorenzo Natali Media Prize | CDE Almer\u00eda - Centro de Documentaci\u00f3n Europea - Universidad de Almer\u00eda","isPartOf":{"@id":"https:\/\/www.cde.ual.es\/#website"},"primaryImageOfPage":{"@id":"https:\/\/www.cde.ual.es\/en\/lorenzo-natali-media-prize-2\/#primaryimage"},"image":{"@id":"https:\/\/www.cde.ual.es\/en\/lorenzo-natali-media-prize-2\/#primaryimage"},"thumbnailUrl":"https:\/\/www.cde.ual.es\/wp-content\/uploads\/2022\/02\/web-banner_1.jpg","datePublished":"2022-02-15T07:10:46+00:00","dateModified":"2022-02-15T13:12:51+00:00","breadcrumb":{"@id":"https:\/\/www.cde.ual.es\/en\/lorenzo-natali-media-prize-2\/#breadcrumb"},"inLanguage":"en-US","potentialAction":[{"@type":"ReadAction","target":["https:\/\/www.cde.ual.es\/en\/lorenzo-natali-media-prize-2\/"]}]},{"@type":"ImageObject","inLanguage":"en-US","@id":"https:\/\/www.cde.ual.es\/en\/lorenzo-natali-media-prize-2\/#primaryimage","url":"https:\/\/www.cde.ual.es\/wp-content\/uploads\/2022\/02\/web-banner_1.jpg","contentUrl":"https:\/\/www.cde.ual.es\/wp-content\/uploads\/2022\/02\/web-banner_1.jpg","width":1920,"height":420},{"@type":"BreadcrumbList","@id":"https:\/\/www.cde.ual.es\/en\/lorenzo-natali-media-prize-2\/#breadcrumb","itemListElement":[{"@type":"ListItem","position":1,"name":"Inicio","item":"https:\/\/www.cde.ual.es\/en\/"},{"@type":"ListItem","position":2,"name":"EU Calls and Awards","item":"https:\/\/www.cde.ual.es\/en\/category\/eu-calls-and-awards\/"},{"@type":"ListItem","position":3,"name":"Eurodesk","item":"https:\/\/www.cde.ual.es\/en\/category\/eu-calls-and-awards\/eurodesk-en\/"},{"@type":"ListItem","position":4,"name":"Participating","item":"https:\/\/www.cde.ual.es\/en\/category\/eu-calls-and-awards\/eurodesk-en\/participating\/"},{"@type":"ListItem","position":5,"name":"Lorenzo Natali Media Prize"}]},{"@type":"WebSite","@id":"https:\/\/www.cde.ual.es\/#website","url":"https:\/\/www.cde.ual.es\/","name":"CDE Almer\u00eda - Centro de Documentaci\u00f3n Europea - Universidad de Almer\u00eda","description":"Centro de Documentaci\u00f3n Europea de la Universidad de Almer\u00eda","publisher":{"@id":"https:\/\/www.cde.ual.es\/#organization"},"alternateName":"CDE Almer\u00eda","potentialAction":[{"@type":"SearchAction","target":{"@type":"EntryPoint","urlTemplate":"https:\/\/www.cde.ual.es\/?s={search_term_string}"},"query-input":{"@type":"PropertyValueSpecification","valueRequired":true,"valueName":"search_term_string"}}],"inLanguage":"en-US"},{"@type":"Organization","@id":"https:\/\/www.cde.ual.es\/#organization","name":"Centro de Documentaci\u00f3n Europea de Almer\u00eda","url":"https:\/\/www.cde.ual.es\/","logo":{"@type":"ImageObject","inLanguage":"en-US","@id":"https:\/\/www.cde.ual.es\/#\/schema\/logo\/image\/","url":"https:\/\/www.cde.ual.es\/wp-content\/uploads\/2025\/07\/cde-logo-3.png","contentUrl":"https:\/\/www.cde.ual.es\/wp-content\/uploads\/2025\/07\/cde-logo-3.png","width":1400,"height":300,"caption":"Centro de Documentaci\u00f3n Europea de Almer\u00eda"},"image":{"@id":"https:\/\/www.cde.ual.es\/#\/schema\/logo\/image\/"},"sameAs":["https:\/\/www.facebook.com\/cdeuniversidadalmeria\/","https:\/\/x.com\/cdeualmeria","https:\/\/www.tiktok.com\/@cdealmeria","https:\/\/www.instagram.com\/cdealmeria\/","https:\/\/www.linkedin.com\/in\/cde-almera-812b26a9\/"]},{"@type":"Person","@id":"https:\/\/www.cde.ual.es\/#\/schema\/person\/ee46ebc19edfa19598c02cff83335acc","name":"BECA 2 CDE","image":{"@type":"ImageObject","inLanguage":"en-US","@id":"https:\/\/secure.gravatar.com\/avatar\/35a481bbc04bbd90e91bdfa3b0b5541036c222a49b9ad37b6889a2afcb5311a5?s=96&d=mm&r=g","url":"https:\/\/secure.gravatar.com\/avatar\/35a481bbc04bbd90e91bdfa3b0b5541036c222a49b9ad37b6889a2afcb5311a5?s=96&d=mm&r=g","contentUrl":"https:\/\/secure.gravatar.com\/avatar\/35a481bbc04bbd90e91bdfa3b0b5541036c222a49b9ad37b6889a2afcb5311a5?s=96&d=mm&r=g","caption":"BECA 2 CDE"},"sameAs":["http:\/\/www.cdealmeria.com"]}]}},"_links":{"self":[{"href":"https:\/\/www.cde.ual.es\/en\/wp-json\/wp\/v2\/posts\/95839","targetHints":{"allow":["GET"]}}],"collection":[{"href":"https:\/\/www.cde.ual.es\/en\/wp-json\/wp\/v2\/posts"}],"about":[{"href":"https:\/\/www.cde.ual.es\/en\/wp-json\/wp\/v2\/types\/post"}],"author":[{"embeddable":true,"href":"https:\/\/www.cde.ual.es\/en\/wp-json\/wp\/v2\/users\/101011"}],"replies":[{"embeddable":true,"href":"https:\/\/www.cde.ual.es\/en\/wp-json\/wp\/v2\/comments?post=95839"}],"version-history":[{"count":0,"href":"https:\/\/www.cde.ual.es\/en\/wp-json\/wp\/v2\/posts\/95839\/revisions"}],"wp:featuredmedia":[{"embeddable":true,"href":"https:\/\/www.cde.ual.es\/en\/wp-json\/wp\/v2\/media\/95837"}],"wp:attachment":[{"href":"https:\/\/www.cde.ual.es\/en\/wp-json\/wp\/v2\/media?parent=95839"}],"wp:term":[{"taxonomy":"category","embeddable":true,"href":"https:\/\/www.cde.ual.es\/en\/wp-json\/wp\/v2\/categories?post=95839"},{"taxonomy":"post_tag","embeddable":true,"href":"https:\/\/www.cde.ual.es\/en\/wp-json\/wp\/v2\/tags?post=95839"}],"curies":[{"name":"wp","href":"https:\/\/api.w.org\/{rel}","templated":true}]}}