{"id":9571,"date":"2018-11-02T09:04:10","date_gmt":"2018-11-02T08:04:10","guid":{"rendered":"http:\/\/www.cde.ual.es\/?p=9571"},"modified":"2018-11-02T09:06:40","modified_gmt":"2018-11-02T08:06:40","slug":"ninos-migrantes-lo-que-europa-hace-por-ti","status":"publish","type":"post","link":"https:\/\/www.cde.ual.es\/en\/ninos-migrantes-lo-que-europa-hace-por-ti\/","title":{"rendered":"Ni\u00f1os migrantes [lo que Europa hace por ti]"},"content":{"rendered":"<p><a href=\"http:\/\/www.cde.ual.es\/wp-content\/uploads\/2018\/11\/Ni\u00f1os-migrantes.png\"><img decoding=\"async\" class=\"size-medium wp-image-9574 aligncenter\" src=\"http:\/\/www.cde.ual.es\/wp-content\/uploads\/2018\/11\/Ni\u00f1os-migrantes-300x192.png\" alt=\"\" width=\"300\" height=\"192\" srcset=\"https:\/\/www.cde.ual.es\/wp-content\/uploads\/2018\/11\/Ni\u00f1os-migrantes-300x192.png 300w, https:\/\/www.cde.ual.es\/wp-content\/uploads\/2018\/11\/Ni\u00f1os-migrantes-768x491.png 768w, https:\/\/www.cde.ual.es\/wp-content\/uploads\/2018\/11\/Ni\u00f1os-migrantes.png 947w\" sizes=\"(max-width: 300px) 100vw, 300px\" \/><\/a><\/p>\n<p><em><strong>Los ni\u00f1os son particularmente vulnerables durante la migraci\u00f3n y necesitan una protecci\u00f3n cuidadosa contra los peligros del tr\u00e1fico y abuso de personas. <\/strong><\/em><\/p>\n<p>El n\u00famero de ni\u00f1os que llegan de terceros pa\u00edses a la UE ha aumentado significativamente, especialmente desde la crisis migratoria de 2015. Aproximadamente una de cada cuatro personas que actualmente buscan asilo en la UE son ni\u00f1os. En abril de 2017, la Comisi\u00f3n Europea propuso reforzar la protecci\u00f3n de todos los ni\u00f1os migrantes en todas las etapas del proceso migratorio, complementando los esfuerzos nacionales en esta \u00e1rea.<\/p>\n<h3>Medidas Propuestas<\/h3>\n<p>Las medidas propuestas incluyen:<\/p>\n<ul>\n<li>r\u00e1pida identificaci\u00f3n y protecci\u00f3n a la llegada<\/li>\n<li>Condiciones adecuadas de recepci\u00f3n para los ni\u00f1os<\/li>\n<li>determinaci\u00f3n r\u00e1pida del estado y tutela efectiva<\/li>\n<li>soluciones duraderas para la integraci\u00f3n temprana<\/li>\n<li>abordar las causas fundamentales y proteger a los ni\u00f1os en las rutas de los migrantes fuera de la UE<\/li>\n<\/ul>\n<h3>Reformas en el sistema Europeo<\/h3>\n<p>Las propuestas actuales para reformar el sistema europeo com\u00fan de asilo y fortalecer las fronteras de la UE contienen disposiciones espec\u00edficas sobre la protecci\u00f3n de los ni\u00f1os. Por ejemplo, se crear\u00e1 una nueva alerta de Schengen para los &#8220;ni\u00f1os desaparecidos&#8221; para que las autoridades puedan identificar dichos casos.<\/p>\n<h3>El papel de la Educaci\u00f3n<\/h3>\n<p>La educaci\u00f3n juega un papel esencial en la preparaci\u00f3n de los ni\u00f1os inmigrantes para participar en la sociedad y el mercado laboral. La Comisi\u00f3n Europea facilita el intercambio de buenas pr\u00e1cticas sobre integraci\u00f3n de migrantes y financia proyectos para promover la educaci\u00f3n inclusiva. Brindar oportunidades a los ni\u00f1os migrantes para que desarrollen plenamente su potencial es vital para el futuro crecimiento econ\u00f3mico y la cohesi\u00f3n social de la UE.<\/p>\n<h3>M\u00e1s informaci\u00f3n:<\/h3>\n<p><a href=\"https:\/\/eur-lex.europa.eu\/legal-content\/EN\/TXT\/?qid=1524055031459&amp;uri=CELEX:52017DC0211\">Comunicaci\u00f3n sobre acciones prioritarias necesarias para reforzar la protecci\u00f3n de todos los ni\u00f1os en migraci\u00f3n<\/a><\/p>\n<p><a href=\"https:\/\/epthinktank.eu\/2016\/01\/20\/unaccompanied-migrant-children-in-the-eu\/\">Ni\u00f1os migrantes no acompa\u00f1ados en la UE<\/a><\/p>\n<p><a href=\"http:\/\/www.europarl.europa.eu\/RegData\/etudes\/BRIE\/2016\/595853\/EPRS_BRI(2016)595853_EN.pdf\">La vulnerabilidad de los ni\u00f1os migrantes no acompa\u00f1ados y separados<\/a><\/p>\n","protected":false},"excerpt":{"rendered":"<p>Los ni\u00f1os son particularmente vulnerables durante la migraci\u00f3n y necesitan una protecci\u00f3n cuidadosa contra los peligros del tr\u00e1fico y abuso de personas. El n\u00famero de ni\u00f1os que llegan de terceros pa\u00edses a la UE ha aumentado significativamente, especialmente desde la crisis migratoria de 2015. Aproximadamente una de cada cuatro personas que actualmente buscan asilo en [&hellip;]<\/p>\n","protected":false},"author":1,"featured_media":9574,"comment_status":"open","ping_status":"open","sticky":false,"template":"","format":"standard","meta":{"_acf_changed":false,"_relevanssi_hide_post":"","_relevanssi_hide_content":"","_relevanssi_pin_for_all":"","_relevanssi_pin_keywords":"","_relevanssi_unpin_keywords":"","_relevanssi_related_keywords":"","_relevanssi_related_include_ids":"","_relevanssi_related_exclude_ids":"","_relevanssi_related_no_append":"","_relevanssi_related_not_related":"","_relevanssi_related_posts":"","_relevanssi_noindex_reason":"","_monsterinsights_skip_tracking":false,"_monsterinsights_sitenote_active":false,"_monsterinsights_sitenote_note":"","_monsterinsights_sitenote_category":0,"_genesis_hide_title":false,"_genesis_hide_breadcrumbs":false,"_genesis_hide_singular_image":false,"_genesis_hide_footer_widgets":false,"_genesis_custom_body_class":"","_genesis_custom_post_class":"","_genesis_layout":"","footnotes":""},"categories":[96],"tags":[183,135],"class_list":{"0":"post-9571","1":"post","2":"type-post","3":"status-publish","4":"format-standard","5":"has-post-thumbnail","7":"category-noticias-ue","8":"tag-migracion","9":"tag-union-europea","10":"entry"},"acf":[],"yoast_head":"<!-- This site is optimized with the Yoast SEO plugin v27.4 - https:\/\/yoast.com\/product\/yoast-seo-wordpress\/ -->\n<title>Ni\u00f1os migrantes [lo que Europa hace por ti] | CDE Almer\u00eda - Centro de Documentaci\u00f3n Europea - Universidad de Almer\u00eda<\/title>\n<meta name=\"robots\" content=\"index, follow, max-snippet:-1, max-image-preview:large, max-video-preview:-1\" \/>\n<link rel=\"canonical\" href=\"https:\/\/www.cde.ual.es\/ninos-migrantes-lo-que-europa-hace-por-ti\/\" \/>\n<meta property=\"og:locale\" content=\"en_US\" \/>\n<meta property=\"og:type\" content=\"article\" \/>\n<meta property=\"og:title\" content=\"Ni\u00f1os migrantes [lo que Europa hace por ti] | CDE Almer\u00eda - Centro de Documentaci\u00f3n Europea - Universidad de Almer\u00eda\" \/>\n<meta property=\"og:description\" content=\"Los ni\u00f1os son particularmente vulnerables durante la migraci\u00f3n y necesitan una protecci\u00f3n cuidadosa contra los peligros del tr\u00e1fico y abuso de personas. El n\u00famero de ni\u00f1os que llegan de terceros pa\u00edses a la UE ha aumentado significativamente, especialmente desde la crisis migratoria de 2015. Aproximadamente una de cada cuatro personas que actualmente buscan asilo en [&hellip;]\" \/>\n<meta property=\"og:url\" content=\"https:\/\/www.cde.ual.es\/ninos-migrantes-lo-que-europa-hace-por-ti\/\" \/>\n<meta property=\"og:site_name\" content=\"CDE Almer\u00eda - Centro de Documentaci\u00f3n Europea - Universidad de Almer\u00eda\" \/>\n<meta property=\"article:publisher\" content=\"https:\/\/www.facebook.com\/cdeuniversidadalmeria\/\" \/>\n<meta property=\"article:published_time\" content=\"2018-11-02T08:04:10+00:00\" \/>\n<meta property=\"article:modified_time\" content=\"2018-11-02T08:06:40+00:00\" \/>\n<meta property=\"og:image\" content=\"https:\/\/www.cde.ual.es\/wp-content\/uploads\/2018\/11\/Ni\u00f1os-migrantes.png\" \/>\n\t<meta property=\"og:image:width\" content=\"947\" \/>\n\t<meta property=\"og:image:height\" content=\"606\" \/>\n\t<meta property=\"og:image:type\" content=\"image\/png\" \/>\n<meta name=\"author\" content=\"AdminCDE\" \/>\n<meta name=\"twitter:card\" content=\"summary_large_image\" \/>\n<meta name=\"twitter:creator\" content=\"@cdeualmeria\" \/>\n<meta name=\"twitter:site\" content=\"@cdeualmeria\" \/>\n<meta name=\"twitter:label1\" content=\"Written by\" \/>\n\t<meta name=\"twitter:data1\" content=\"AdminCDE\" \/>\n\t<meta name=\"twitter:label2\" content=\"Est. reading time\" \/>\n\t<meta name=\"twitter:data2\" content=\"2 minutes\" \/>\n<script type=\"application\/ld+json\" class=\"yoast-schema-graph\">{\"@context\":\"https:\\\/\\\/schema.org\",\"@graph\":[{\"@type\":\"Article\",\"@id\":\"https:\\\/\\\/www.cde.ual.es\\\/ninos-migrantes-lo-que-europa-hace-por-ti\\\/#article\",\"isPartOf\":{\"@id\":\"https:\\\/\\\/www.cde.ual.es\\\/ninos-migrantes-lo-que-europa-hace-por-ti\\\/\"},\"author\":{\"name\":\"AdminCDE\",\"@id\":\"https:\\\/\\\/www.cde.ual.es\\\/#\\\/schema\\\/person\\\/224ef08c8bcc005f319d2713ce37ee5f\"},\"headline\":\"Ni\u00f1os migrantes [lo que Europa hace por ti]\",\"datePublished\":\"2018-11-02T08:04:10+00:00\",\"dateModified\":\"2018-11-02T08:06:40+00:00\",\"mainEntityOfPage\":{\"@id\":\"https:\\\/\\\/www.cde.ual.es\\\/ninos-migrantes-lo-que-europa-hace-por-ti\\\/\"},\"wordCount\":355,\"commentCount\":0,\"publisher\":{\"@id\":\"https:\\\/\\\/www.cde.ual.es\\\/#organization\"},\"image\":{\"@id\":\"https:\\\/\\\/www.cde.ual.es\\\/ninos-migrantes-lo-que-europa-hace-por-ti\\\/#primaryimage\"},\"thumbnailUrl\":\"https:\\\/\\\/www.cde.ual.es\\\/wp-content\\\/uploads\\\/2018\\\/11\\\/Ni\u00f1os-migrantes.png\",\"keywords\":[\"Migraci\u00f3n\",\"Uni\u00f3n Europea\"],\"articleSection\":[\"Noticias UE\"],\"inLanguage\":\"en-US\",\"potentialAction\":[{\"@type\":\"CommentAction\",\"name\":\"Comment\",\"target\":[\"https:\\\/\\\/www.cde.ual.es\\\/ninos-migrantes-lo-que-europa-hace-por-ti\\\/#respond\"]}]},{\"@type\":\"WebPage\",\"@id\":\"https:\\\/\\\/www.cde.ual.es\\\/ninos-migrantes-lo-que-europa-hace-por-ti\\\/\",\"url\":\"https:\\\/\\\/www.cde.ual.es\\\/ninos-migrantes-lo-que-europa-hace-por-ti\\\/\",\"name\":\"Ni\u00f1os migrantes [lo que Europa hace por ti] | CDE Almer\u00eda - Centro de Documentaci\u00f3n Europea - Universidad de Almer\u00eda\",\"isPartOf\":{\"@id\":\"https:\\\/\\\/www.cde.ual.es\\\/#website\"},\"primaryImageOfPage\":{\"@id\":\"https:\\\/\\\/www.cde.ual.es\\\/ninos-migrantes-lo-que-europa-hace-por-ti\\\/#primaryimage\"},\"image\":{\"@id\":\"https:\\\/\\\/www.cde.ual.es\\\/ninos-migrantes-lo-que-europa-hace-por-ti\\\/#primaryimage\"},\"thumbnailUrl\":\"https:\\\/\\\/www.cde.ual.es\\\/wp-content\\\/uploads\\\/2018\\\/11\\\/Ni\u00f1os-migrantes.png\",\"datePublished\":\"2018-11-02T08:04:10+00:00\",\"dateModified\":\"2018-11-02T08:06:40+00:00\",\"breadcrumb\":{\"@id\":\"https:\\\/\\\/www.cde.ual.es\\\/ninos-migrantes-lo-que-europa-hace-por-ti\\\/#breadcrumb\"},\"inLanguage\":\"en-US\",\"potentialAction\":[{\"@type\":\"ReadAction\",\"target\":[\"https:\\\/\\\/www.cde.ual.es\\\/ninos-migrantes-lo-que-europa-hace-por-ti\\\/\"]}]},{\"@type\":\"ImageObject\",\"inLanguage\":\"en-US\",\"@id\":\"https:\\\/\\\/www.cde.ual.es\\\/ninos-migrantes-lo-que-europa-hace-por-ti\\\/#primaryimage\",\"url\":\"https:\\\/\\\/www.cde.ual.es\\\/wp-content\\\/uploads\\\/2018\\\/11\\\/Ni\u00f1os-migrantes.png\",\"contentUrl\":\"https:\\\/\\\/www.cde.ual.es\\\/wp-content\\\/uploads\\\/2018\\\/11\\\/Ni\u00f1os-migrantes.png\",\"width\":947,\"height\":606},{\"@type\":\"BreadcrumbList\",\"@id\":\"https:\\\/\\\/www.cde.ual.es\\\/ninos-migrantes-lo-que-europa-hace-por-ti\\\/#breadcrumb\",\"itemListElement\":[{\"@type\":\"ListItem\",\"position\":1,\"name\":\"Inicio\",\"item\":\"https:\\\/\\\/www.cde.ual.es\\\/en\\\/\"},{\"@type\":\"ListItem\",\"position\":2,\"name\":\"Noticias UE\",\"item\":\"https:\\\/\\\/www.cde.ual.es\\\/category\\\/noticias-ue\\\/\"},{\"@type\":\"ListItem\",\"position\":3,\"name\":\"Ni\u00f1os migrantes [lo que Europa hace por ti]\"}]},{\"@type\":\"WebSite\",\"@id\":\"https:\\\/\\\/www.cde.ual.es\\\/#website\",\"url\":\"https:\\\/\\\/www.cde.ual.es\\\/\",\"name\":\"CDE Almer\u00eda - Centro de Documentaci\u00f3n Europea - Universidad de Almer\u00eda\",\"description\":\"Centro de Documentaci\u00f3n Europea de la Universidad de Almer\u00eda\",\"publisher\":{\"@id\":\"https:\\\/\\\/www.cde.ual.es\\\/#organization\"},\"alternateName\":\"CDE Almer\u00eda\",\"potentialAction\":[{\"@type\":\"SearchAction\",\"target\":{\"@type\":\"EntryPoint\",\"urlTemplate\":\"https:\\\/\\\/www.cde.ual.es\\\/?s={search_term_string}\"},\"query-input\":{\"@type\":\"PropertyValueSpecification\",\"valueRequired\":true,\"valueName\":\"search_term_string\"}}],\"inLanguage\":\"en-US\"},{\"@type\":\"Organization\",\"@id\":\"https:\\\/\\\/www.cde.ual.es\\\/#organization\",\"name\":\"Centro de Documentaci\u00f3n Europea de Almer\u00eda\",\"url\":\"https:\\\/\\\/www.cde.ual.es\\\/\",\"logo\":{\"@type\":\"ImageObject\",\"inLanguage\":\"en-US\",\"@id\":\"https:\\\/\\\/www.cde.ual.es\\\/#\\\/schema\\\/logo\\\/image\\\/\",\"url\":\"https:\\\/\\\/www.cde.ual.es\\\/wp-content\\\/uploads\\\/2025\\\/07\\\/cde-logo-3.png\",\"contentUrl\":\"https:\\\/\\\/www.cde.ual.es\\\/wp-content\\\/uploads\\\/2025\\\/07\\\/cde-logo-3.png\",\"width\":1400,\"height\":300,\"caption\":\"Centro de Documentaci\u00f3n Europea de Almer\u00eda\"},\"image\":{\"@id\":\"https:\\\/\\\/www.cde.ual.es\\\/#\\\/schema\\\/logo\\\/image\\\/\"},\"sameAs\":[\"https:\\\/\\\/www.facebook.com\\\/cdeuniversidadalmeria\\\/\",\"https:\\\/\\\/x.com\\\/cdeualmeria\",\"https:\\\/\\\/www.tiktok.com\\\/@cdealmeria\",\"https:\\\/\\\/www.instagram.com\\\/cdealmeria\\\/\",\"https:\\\/\\\/www.linkedin.com\\\/in\\\/cde-almera-812b26a9\\\/\"]},{\"@type\":\"Person\",\"@id\":\"https:\\\/\\\/www.cde.ual.es\\\/#\\\/schema\\\/person\\\/224ef08c8bcc005f319d2713ce37ee5f\",\"name\":\"AdminCDE\",\"image\":{\"@type\":\"ImageObject\",\"inLanguage\":\"en-US\",\"@id\":\"https:\\\/\\\/secure.gravatar.com\\\/avatar\\\/a72d038d371f995cd13706fac32274b7952a52e8fb0a84b5f80c85426f2a98a8?s=96&d=mm&r=g\",\"url\":\"https:\\\/\\\/secure.gravatar.com\\\/avatar\\\/a72d038d371f995cd13706fac32274b7952a52e8fb0a84b5f80c85426f2a98a8?s=96&d=mm&r=g\",\"contentUrl\":\"https:\\\/\\\/secure.gravatar.com\\\/avatar\\\/a72d038d371f995cd13706fac32274b7952a52e8fb0a84b5f80c85426f2a98a8?s=96&d=mm&r=g\",\"caption\":\"AdminCDE\"}}]}<\/script>\n<!-- \/ Yoast SEO plugin. -->","yoast_head_json":{"title":"Ni\u00f1os migrantes [lo que Europa hace por ti] | CDE Almer\u00eda - Centro de Documentaci\u00f3n Europea - Universidad de Almer\u00eda","robots":{"index":"index","follow":"follow","max-snippet":"max-snippet:-1","max-image-preview":"max-image-preview:large","max-video-preview":"max-video-preview:-1"},"canonical":"https:\/\/www.cde.ual.es\/ninos-migrantes-lo-que-europa-hace-por-ti\/","og_locale":"en_US","og_type":"article","og_title":"Ni\u00f1os migrantes [lo que Europa hace por ti] | CDE Almer\u00eda - Centro de Documentaci\u00f3n Europea - Universidad de Almer\u00eda","og_description":"Los ni\u00f1os son particularmente vulnerables durante la migraci\u00f3n y necesitan una protecci\u00f3n cuidadosa contra los peligros del tr\u00e1fico y abuso de personas. El n\u00famero de ni\u00f1os que llegan de terceros pa\u00edses a la UE ha aumentado significativamente, especialmente desde la crisis migratoria de 2015. Aproximadamente una de cada cuatro personas que actualmente buscan asilo en [&hellip;]","og_url":"https:\/\/www.cde.ual.es\/ninos-migrantes-lo-que-europa-hace-por-ti\/","og_site_name":"CDE Almer\u00eda - Centro de Documentaci\u00f3n Europea - Universidad de Almer\u00eda","article_publisher":"https:\/\/www.facebook.com\/cdeuniversidadalmeria\/","article_published_time":"2018-11-02T08:04:10+00:00","article_modified_time":"2018-11-02T08:06:40+00:00","og_image":[{"width":947,"height":606,"url":"https:\/\/www.cde.ual.es\/wp-content\/uploads\/2018\/11\/Ni\u00f1os-migrantes.png","type":"image\/png"}],"author":"AdminCDE","twitter_card":"summary_large_image","twitter_creator":"@cdeualmeria","twitter_site":"@cdeualmeria","twitter_misc":{"Written by":"AdminCDE","Est. reading time":"2 minutes"},"schema":{"@context":"https:\/\/schema.org","@graph":[{"@type":"Article","@id":"https:\/\/www.cde.ual.es\/ninos-migrantes-lo-que-europa-hace-por-ti\/#article","isPartOf":{"@id":"https:\/\/www.cde.ual.es\/ninos-migrantes-lo-que-europa-hace-por-ti\/"},"author":{"name":"AdminCDE","@id":"https:\/\/www.cde.ual.es\/#\/schema\/person\/224ef08c8bcc005f319d2713ce37ee5f"},"headline":"Ni\u00f1os migrantes [lo que Europa hace por ti]","datePublished":"2018-11-02T08:04:10+00:00","dateModified":"2018-11-02T08:06:40+00:00","mainEntityOfPage":{"@id":"https:\/\/www.cde.ual.es\/ninos-migrantes-lo-que-europa-hace-por-ti\/"},"wordCount":355,"commentCount":0,"publisher":{"@id":"https:\/\/www.cde.ual.es\/#organization"},"image":{"@id":"https:\/\/www.cde.ual.es\/ninos-migrantes-lo-que-europa-hace-por-ti\/#primaryimage"},"thumbnailUrl":"https:\/\/www.cde.ual.es\/wp-content\/uploads\/2018\/11\/Ni\u00f1os-migrantes.png","keywords":["Migraci\u00f3n","Uni\u00f3n Europea"],"articleSection":["Noticias UE"],"inLanguage":"en-US","potentialAction":[{"@type":"CommentAction","name":"Comment","target":["https:\/\/www.cde.ual.es\/ninos-migrantes-lo-que-europa-hace-por-ti\/#respond"]}]},{"@type":"WebPage","@id":"https:\/\/www.cde.ual.es\/ninos-migrantes-lo-que-europa-hace-por-ti\/","url":"https:\/\/www.cde.ual.es\/ninos-migrantes-lo-que-europa-hace-por-ti\/","name":"Ni\u00f1os migrantes [lo que Europa hace por ti] | CDE Almer\u00eda - Centro de Documentaci\u00f3n Europea - Universidad de Almer\u00eda","isPartOf":{"@id":"https:\/\/www.cde.ual.es\/#website"},"primaryImageOfPage":{"@id":"https:\/\/www.cde.ual.es\/ninos-migrantes-lo-que-europa-hace-por-ti\/#primaryimage"},"image":{"@id":"https:\/\/www.cde.ual.es\/ninos-migrantes-lo-que-europa-hace-por-ti\/#primaryimage"},"thumbnailUrl":"https:\/\/www.cde.ual.es\/wp-content\/uploads\/2018\/11\/Ni\u00f1os-migrantes.png","datePublished":"2018-11-02T08:04:10+00:00","dateModified":"2018-11-02T08:06:40+00:00","breadcrumb":{"@id":"https:\/\/www.cde.ual.es\/ninos-migrantes-lo-que-europa-hace-por-ti\/#breadcrumb"},"inLanguage":"en-US","potentialAction":[{"@type":"ReadAction","target":["https:\/\/www.cde.ual.es\/ninos-migrantes-lo-que-europa-hace-por-ti\/"]}]},{"@type":"ImageObject","inLanguage":"en-US","@id":"https:\/\/www.cde.ual.es\/ninos-migrantes-lo-que-europa-hace-por-ti\/#primaryimage","url":"https:\/\/www.cde.ual.es\/wp-content\/uploads\/2018\/11\/Ni\u00f1os-migrantes.png","contentUrl":"https:\/\/www.cde.ual.es\/wp-content\/uploads\/2018\/11\/Ni\u00f1os-migrantes.png","width":947,"height":606},{"@type":"BreadcrumbList","@id":"https:\/\/www.cde.ual.es\/ninos-migrantes-lo-que-europa-hace-por-ti\/#breadcrumb","itemListElement":[{"@type":"ListItem","position":1,"name":"Inicio","item":"https:\/\/www.cde.ual.es\/en\/"},{"@type":"ListItem","position":2,"name":"Noticias UE","item":"https:\/\/www.cde.ual.es\/category\/noticias-ue\/"},{"@type":"ListItem","position":3,"name":"Ni\u00f1os migrantes [lo que Europa hace por ti]"}]},{"@type":"WebSite","@id":"https:\/\/www.cde.ual.es\/#website","url":"https:\/\/www.cde.ual.es\/","name":"CDE Almer\u00eda - Centro de Documentaci\u00f3n Europea - Universidad de Almer\u00eda","description":"Centro de Documentaci\u00f3n Europea de la Universidad de Almer\u00eda","publisher":{"@id":"https:\/\/www.cde.ual.es\/#organization"},"alternateName":"CDE Almer\u00eda","potentialAction":[{"@type":"SearchAction","target":{"@type":"EntryPoint","urlTemplate":"https:\/\/www.cde.ual.es\/?s={search_term_string}"},"query-input":{"@type":"PropertyValueSpecification","valueRequired":true,"valueName":"search_term_string"}}],"inLanguage":"en-US"},{"@type":"Organization","@id":"https:\/\/www.cde.ual.es\/#organization","name":"Centro de Documentaci\u00f3n Europea de Almer\u00eda","url":"https:\/\/www.cde.ual.es\/","logo":{"@type":"ImageObject","inLanguage":"en-US","@id":"https:\/\/www.cde.ual.es\/#\/schema\/logo\/image\/","url":"https:\/\/www.cde.ual.es\/wp-content\/uploads\/2025\/07\/cde-logo-3.png","contentUrl":"https:\/\/www.cde.ual.es\/wp-content\/uploads\/2025\/07\/cde-logo-3.png","width":1400,"height":300,"caption":"Centro de Documentaci\u00f3n Europea de Almer\u00eda"},"image":{"@id":"https:\/\/www.cde.ual.es\/#\/schema\/logo\/image\/"},"sameAs":["https:\/\/www.facebook.com\/cdeuniversidadalmeria\/","https:\/\/x.com\/cdeualmeria","https:\/\/www.tiktok.com\/@cdealmeria","https:\/\/www.instagram.com\/cdealmeria\/","https:\/\/www.linkedin.com\/in\/cde-almera-812b26a9\/"]},{"@type":"Person","@id":"https:\/\/www.cde.ual.es\/#\/schema\/person\/224ef08c8bcc005f319d2713ce37ee5f","name":"AdminCDE","image":{"@type":"ImageObject","inLanguage":"en-US","@id":"https:\/\/secure.gravatar.com\/avatar\/a72d038d371f995cd13706fac32274b7952a52e8fb0a84b5f80c85426f2a98a8?s=96&d=mm&r=g","url":"https:\/\/secure.gravatar.com\/avatar\/a72d038d371f995cd13706fac32274b7952a52e8fb0a84b5f80c85426f2a98a8?s=96&d=mm&r=g","contentUrl":"https:\/\/secure.gravatar.com\/avatar\/a72d038d371f995cd13706fac32274b7952a52e8fb0a84b5f80c85426f2a98a8?s=96&d=mm&r=g","caption":"AdminCDE"}}]}},"_links":{"self":[{"href":"https:\/\/www.cde.ual.es\/en\/wp-json\/wp\/v2\/posts\/9571","targetHints":{"allow":["GET"]}}],"collection":[{"href":"https:\/\/www.cde.ual.es\/en\/wp-json\/wp\/v2\/posts"}],"about":[{"href":"https:\/\/www.cde.ual.es\/en\/wp-json\/wp\/v2\/types\/post"}],"author":[{"embeddable":true,"href":"https:\/\/www.cde.ual.es\/en\/wp-json\/wp\/v2\/users\/1"}],"replies":[{"embeddable":true,"href":"https:\/\/www.cde.ual.es\/en\/wp-json\/wp\/v2\/comments?post=9571"}],"version-history":[{"count":0,"href":"https:\/\/www.cde.ual.es\/en\/wp-json\/wp\/v2\/posts\/9571\/revisions"}],"wp:featuredmedia":[{"embeddable":true,"href":"https:\/\/www.cde.ual.es\/en\/wp-json\/wp\/v2\/media\/9574"}],"wp:attachment":[{"href":"https:\/\/www.cde.ual.es\/en\/wp-json\/wp\/v2\/media?parent=9571"}],"wp:term":[{"taxonomy":"category","embeddable":true,"href":"https:\/\/www.cde.ual.es\/en\/wp-json\/wp\/v2\/categories?post=9571"},{"taxonomy":"post_tag","embeddable":true,"href":"https:\/\/www.cde.ual.es\/en\/wp-json\/wp\/v2\/tags?post=9571"}],"curies":[{"name":"wp","href":"https:\/\/api.w.org\/{rel}","templated":true}]}}