{"id":9564,"date":"2018-11-02T08:48:58","date_gmt":"2018-11-02T07:48:58","guid":{"rendered":"http:\/\/www.cde.ual.es\/?p=9564"},"modified":"2018-11-02T08:50:39","modified_gmt":"2018-11-02T07:50:39","slug":"fecha-limite-extendida-para-euandme-graba-tu-proximo-cortometraje","status":"publish","type":"post","link":"https:\/\/www.cde.ual.es\/en\/fecha-limite-extendida-para-euandme-graba-tu-proximo-cortometraje\/","title":{"rendered":"Fecha l\u00edmite extendida para #EUANDME &#8211; \u00a1graba tu pr\u00f3ximo cortometraje!"},"content":{"rendered":"<h3 style=\"text-align: center;\"><em>\u00a1Todav\u00eda puedes participar en #EUandME y grabar el corto de tus sue\u00f1os!<\/em><\/h3>\n<p><a href=\"http:\/\/www.cde.ual.es\/wp-content\/uploads\/2018\/11\/action-adult-aperture-320617.jpg\"><img decoding=\"async\" class=\"size-medium wp-image-9566 aligncenter\" src=\"http:\/\/www.cde.ual.es\/wp-content\/uploads\/2018\/11\/action-adult-aperture-320617-300x200.jpg\" alt=\"\" width=\"300\" height=\"200\" \/><\/a><\/p>\n<p>\u00bfRecuerdas nuestra entrada <a href=\"http:\/\/www.cde.ual.es\/crees-que-tienes-lo-que-se-necesita-para-ser-un-director-de-cine\/\">&#8220;\u00bfCrees que tienes lo que se necesita para ser un director de cine?&#8221;\u00a0\u00a0<\/a>en\u00a0 la que te cont\u00e1bamos que pod\u00edas ganar 7,500 \u20ac y contar con la ayuda de un profesional para grabar tu propio corto?<\/p>\n<p>Si no es as\u00ed, \u00a1est\u00e1s de suerte! Si te apasiona el cine, tienes una idea que ronda tu cabeza y quieres hacerla realidad a trav\u00e9s de un corto, puedes ser uno de los 5 ganadores de #EUandME.<\/p>\n<p>Los organizadores est\u00e1n extendiendo el plazo para que puedas participar en este concurso de cortometrajes #EUANDME. Se anima a los j\u00f3venes cineastas a inscribirse hasta el <strong>7 de noviembre<\/strong> en cinco categor\u00edas diferentes para ganar<strong> \u20ac 7,500<\/strong>.<\/p>\n<p>La UE ofrece a los j\u00f3venes cineastas la oportunidad de realizar su propio cortometraje #EUandME. Cada uno de los cinco ganadores recibir\u00e1 una subvenci\u00f3n de 7.500 \u20ac, adem\u00e1s de la tutor\u00eda de un director europeo de primer nivel, para ayudarlos a dar vida a su idea.<\/p>\n<p>Los organizadores han recibido muchas solicitudes de toda Europa y decidieron extender el plazo hasta el 7 de noviembre para que puedan recibir m\u00e1s historias en todas las categor\u00edas, especialmente en Skills &amp; Business.<\/p>\n<h4>M\u00e1s informaci\u00f3n y c\u00f3mo participar<\/h4>\n<p>Para obtener m\u00e1s informaci\u00f3n y saber <a href=\"https:\/\/europa.eu\/euandme\/youngdirectors-form_en\">c\u00f3mo inscribirte<\/a>, visite el <a href=\"https:\/\/europa.eu\/euandme\/_en\">sitio web de #EUANDME<\/a>.<\/p>\n<p>Otras convocatorias y premios de la UE <a href=\"http:\/\/www.cde.ual.es\/category\/convocatorias-y-premios\/\">aqu\u00ed<\/a><\/p>\n<p>&nbsp;<\/p>\n","protected":false},"excerpt":{"rendered":"<p>\u00a1Todav\u00eda puedes participar en #EUandME y grabar el corto de tus sue\u00f1os! \u00bfRecuerdas nuestra entrada &#8220;\u00bfCrees que tienes lo que se necesita para ser un director de cine?&#8221;\u00a0\u00a0en\u00a0 la que te cont\u00e1bamos que pod\u00edas ganar 7,500 \u20ac y contar con la ayuda de un profesional para grabar tu propio corto? Si no es as\u00ed, \u00a1est\u00e1s [&hellip;]<\/p>\n","protected":false},"author":101011,"featured_media":9566,"comment_status":"open","ping_status":"open","sticky":false,"template":"","format":"standard","meta":{"_acf_changed":false,"_relevanssi_hide_post":"","_relevanssi_hide_content":"","_relevanssi_pin_for_all":"","_relevanssi_pin_keywords":"","_relevanssi_unpin_keywords":"","_relevanssi_related_keywords":"","_relevanssi_related_include_ids":"","_relevanssi_related_exclude_ids":"","_relevanssi_related_no_append":"","_relevanssi_related_not_related":"","_relevanssi_related_posts":"","_relevanssi_noindex_reason":"","_monsterinsights_skip_tracking":false,"_monsterinsights_sitenote_active":false,"_monsterinsights_sitenote_note":"","_monsterinsights_sitenote_category":0,"_genesis_hide_title":false,"_genesis_hide_breadcrumbs":false,"_genesis_hide_singular_image":false,"_genesis_hide_footer_widgets":false,"_genesis_custom_body_class":"","_genesis_custom_post_class":"","_genesis_layout":"","footnotes":""},"categories":[136],"tags":[247,195,160],"class_list":{"0":"post-9564","1":"post","2":"type-post","3":"status-publish","4":"format-standard","5":"has-post-thumbnail","7":"category-convocatorias-y-premios-ue","8":"tag-cine","9":"tag-concurso-juvenil","10":"tag-jovenes","11":"entry"},"acf":[],"yoast_head":"<!-- This site is optimized with the Yoast SEO plugin v27.5 - https:\/\/yoast.com\/product\/yoast-seo-wordpress\/ -->\n<title>Fecha l\u00edmite extendida para #EUANDME - \u00a1graba tu pr\u00f3ximo cortometraje! | CDE Almer\u00eda - Centro de Documentaci\u00f3n Europea - Universidad de Almer\u00eda<\/title>\n<meta name=\"robots\" content=\"index, follow, max-snippet:-1, max-image-preview:large, max-video-preview:-1\" \/>\n<link rel=\"canonical\" href=\"https:\/\/www.cde.ual.es\/fecha-limite-extendida-para-euandme-graba-tu-proximo-cortometraje\/\" \/>\n<meta property=\"og:locale\" content=\"en_US\" \/>\n<meta property=\"og:type\" content=\"article\" \/>\n<meta property=\"og:title\" content=\"Fecha l\u00edmite extendida para #EUANDME - \u00a1graba tu pr\u00f3ximo cortometraje! | CDE Almer\u00eda - Centro de Documentaci\u00f3n Europea - Universidad de Almer\u00eda\" \/>\n<meta property=\"og:description\" content=\"\u00a1Todav\u00eda puedes participar en #EUandME y grabar el corto de tus sue\u00f1os! \u00bfRecuerdas nuestra entrada &#8220;\u00bfCrees que tienes lo que se necesita para ser un director de cine?&#8221;\u00a0\u00a0en\u00a0 la que te cont\u00e1bamos que pod\u00edas ganar 7,500 \u20ac y contar con la ayuda de un profesional para grabar tu propio corto? Si no es as\u00ed, \u00a1est\u00e1s [&hellip;]\" \/>\n<meta property=\"og:url\" content=\"https:\/\/www.cde.ual.es\/fecha-limite-extendida-para-euandme-graba-tu-proximo-cortometraje\/\" \/>\n<meta property=\"og:site_name\" content=\"CDE Almer\u00eda - Centro de Documentaci\u00f3n Europea - Universidad de Almer\u00eda\" \/>\n<meta property=\"article:publisher\" content=\"https:\/\/www.facebook.com\/cdeuniversidadalmeria\/\" \/>\n<meta property=\"article:published_time\" content=\"2018-11-02T07:48:58+00:00\" \/>\n<meta property=\"article:modified_time\" content=\"2018-11-02T07:50:39+00:00\" \/>\n<meta property=\"og:image\" content=\"https:\/\/www.cde.ual.es\/wp-content\/uploads\/2018\/11\/action-adult-aperture-320617-e1541144659981.jpg\" \/>\n\t<meta property=\"og:image:width\" content=\"600\" \/>\n\t<meta property=\"og:image:height\" content=\"400\" \/>\n\t<meta property=\"og:image:type\" content=\"image\/jpeg\" \/>\n<meta name=\"author\" content=\"BECA 2 CDE\" \/>\n<meta name=\"twitter:card\" content=\"summary_large_image\" \/>\n<meta name=\"twitter:creator\" content=\"@cdeualmeria\" \/>\n<meta name=\"twitter:site\" content=\"@cdeualmeria\" \/>\n<meta name=\"twitter:label1\" content=\"Written by\" \/>\n\t<meta name=\"twitter:data1\" content=\"BECA 2 CDE\" \/>\n\t<meta name=\"twitter:label2\" content=\"Est. reading time\" \/>\n\t<meta name=\"twitter:data2\" content=\"1 minute\" \/>\n<script type=\"application\/ld+json\" class=\"yoast-schema-graph\">{\"@context\":\"https:\\\/\\\/schema.org\",\"@graph\":[{\"@type\":\"Article\",\"@id\":\"https:\\\/\\\/www.cde.ual.es\\\/fecha-limite-extendida-para-euandme-graba-tu-proximo-cortometraje\\\/#article\",\"isPartOf\":{\"@id\":\"https:\\\/\\\/www.cde.ual.es\\\/fecha-limite-extendida-para-euandme-graba-tu-proximo-cortometraje\\\/\"},\"author\":{\"name\":\"BECA 2 CDE\",\"@id\":\"https:\\\/\\\/www.cde.ual.es\\\/#\\\/schema\\\/person\\\/ee46ebc19edfa19598c02cff83335acc\"},\"headline\":\"Fecha l\u00edmite extendida para #EUANDME &#8211; \u00a1graba tu pr\u00f3ximo cortometraje!\",\"datePublished\":\"2018-11-02T07:48:58+00:00\",\"dateModified\":\"2018-11-02T07:50:39+00:00\",\"mainEntityOfPage\":{\"@id\":\"https:\\\/\\\/www.cde.ual.es\\\/fecha-limite-extendida-para-euandme-graba-tu-proximo-cortometraje\\\/\"},\"wordCount\":257,\"commentCount\":0,\"publisher\":{\"@id\":\"https:\\\/\\\/www.cde.ual.es\\\/#organization\"},\"image\":{\"@id\":\"https:\\\/\\\/www.cde.ual.es\\\/fecha-limite-extendida-para-euandme-graba-tu-proximo-cortometraje\\\/#primaryimage\"},\"thumbnailUrl\":\"https:\\\/\\\/www.cde.ual.es\\\/wp-content\\\/uploads\\\/2018\\\/11\\\/action-adult-aperture-320617-e1541144659981.jpg\",\"keywords\":[\"Cine\",\"Concurso juvenil\",\"j\u00f3venes\"],\"articleSection\":[\"Convocatorias y Premios UE\"],\"inLanguage\":\"en-US\",\"potentialAction\":[{\"@type\":\"CommentAction\",\"name\":\"Comment\",\"target\":[\"https:\\\/\\\/www.cde.ual.es\\\/fecha-limite-extendida-para-euandme-graba-tu-proximo-cortometraje\\\/#respond\"]}]},{\"@type\":\"WebPage\",\"@id\":\"https:\\\/\\\/www.cde.ual.es\\\/fecha-limite-extendida-para-euandme-graba-tu-proximo-cortometraje\\\/\",\"url\":\"https:\\\/\\\/www.cde.ual.es\\\/fecha-limite-extendida-para-euandme-graba-tu-proximo-cortometraje\\\/\",\"name\":\"Fecha l\u00edmite extendida para #EUANDME - \u00a1graba tu pr\u00f3ximo cortometraje! | CDE Almer\u00eda - Centro de Documentaci\u00f3n Europea - Universidad de Almer\u00eda\",\"isPartOf\":{\"@id\":\"https:\\\/\\\/www.cde.ual.es\\\/#website\"},\"primaryImageOfPage\":{\"@id\":\"https:\\\/\\\/www.cde.ual.es\\\/fecha-limite-extendida-para-euandme-graba-tu-proximo-cortometraje\\\/#primaryimage\"},\"image\":{\"@id\":\"https:\\\/\\\/www.cde.ual.es\\\/fecha-limite-extendida-para-euandme-graba-tu-proximo-cortometraje\\\/#primaryimage\"},\"thumbnailUrl\":\"https:\\\/\\\/www.cde.ual.es\\\/wp-content\\\/uploads\\\/2018\\\/11\\\/action-adult-aperture-320617-e1541144659981.jpg\",\"datePublished\":\"2018-11-02T07:48:58+00:00\",\"dateModified\":\"2018-11-02T07:50:39+00:00\",\"breadcrumb\":{\"@id\":\"https:\\\/\\\/www.cde.ual.es\\\/fecha-limite-extendida-para-euandme-graba-tu-proximo-cortometraje\\\/#breadcrumb\"},\"inLanguage\":\"en-US\",\"potentialAction\":[{\"@type\":\"ReadAction\",\"target\":[\"https:\\\/\\\/www.cde.ual.es\\\/fecha-limite-extendida-para-euandme-graba-tu-proximo-cortometraje\\\/\"]}]},{\"@type\":\"ImageObject\",\"inLanguage\":\"en-US\",\"@id\":\"https:\\\/\\\/www.cde.ual.es\\\/fecha-limite-extendida-para-euandme-graba-tu-proximo-cortometraje\\\/#primaryimage\",\"url\":\"https:\\\/\\\/www.cde.ual.es\\\/wp-content\\\/uploads\\\/2018\\\/11\\\/action-adult-aperture-320617-e1541144659981.jpg\",\"contentUrl\":\"https:\\\/\\\/www.cde.ual.es\\\/wp-content\\\/uploads\\\/2018\\\/11\\\/action-adult-aperture-320617-e1541144659981.jpg\",\"width\":600,\"height\":400},{\"@type\":\"BreadcrumbList\",\"@id\":\"https:\\\/\\\/www.cde.ual.es\\\/fecha-limite-extendida-para-euandme-graba-tu-proximo-cortometraje\\\/#breadcrumb\",\"itemListElement\":[{\"@type\":\"ListItem\",\"position\":1,\"name\":\"Inicio\",\"item\":\"https:\\\/\\\/www.cde.ual.es\\\/en\\\/\"},{\"@type\":\"ListItem\",\"position\":2,\"name\":\"Convocatorias y Premios UE\",\"item\":\"https:\\\/\\\/www.cde.ual.es\\\/category\\\/convocatorias-y-premios-ue\\\/\"},{\"@type\":\"ListItem\",\"position\":3,\"name\":\"Fecha l\u00edmite extendida para #EUANDME &#8211; \u00a1graba tu pr\u00f3ximo cortometraje!\"}]},{\"@type\":\"WebSite\",\"@id\":\"https:\\\/\\\/www.cde.ual.es\\\/#website\",\"url\":\"https:\\\/\\\/www.cde.ual.es\\\/\",\"name\":\"CDE Almer\u00eda - Centro de Documentaci\u00f3n Europea - Universidad de Almer\u00eda\",\"description\":\"Centro de Documentaci\u00f3n Europea de la Universidad de Almer\u00eda\",\"publisher\":{\"@id\":\"https:\\\/\\\/www.cde.ual.es\\\/#organization\"},\"alternateName\":\"CDE Almer\u00eda\",\"potentialAction\":[{\"@type\":\"SearchAction\",\"target\":{\"@type\":\"EntryPoint\",\"urlTemplate\":\"https:\\\/\\\/www.cde.ual.es\\\/?s={search_term_string}\"},\"query-input\":{\"@type\":\"PropertyValueSpecification\",\"valueRequired\":true,\"valueName\":\"search_term_string\"}}],\"inLanguage\":\"en-US\"},{\"@type\":\"Organization\",\"@id\":\"https:\\\/\\\/www.cde.ual.es\\\/#organization\",\"name\":\"Centro de Documentaci\u00f3n Europea de Almer\u00eda\",\"url\":\"https:\\\/\\\/www.cde.ual.es\\\/\",\"logo\":{\"@type\":\"ImageObject\",\"inLanguage\":\"en-US\",\"@id\":\"https:\\\/\\\/www.cde.ual.es\\\/#\\\/schema\\\/logo\\\/image\\\/\",\"url\":\"https:\\\/\\\/www.cde.ual.es\\\/wp-content\\\/uploads\\\/2025\\\/07\\\/cde-logo-3.png\",\"contentUrl\":\"https:\\\/\\\/www.cde.ual.es\\\/wp-content\\\/uploads\\\/2025\\\/07\\\/cde-logo-3.png\",\"width\":1400,\"height\":300,\"caption\":\"Centro de Documentaci\u00f3n Europea de Almer\u00eda\"},\"image\":{\"@id\":\"https:\\\/\\\/www.cde.ual.es\\\/#\\\/schema\\\/logo\\\/image\\\/\"},\"sameAs\":[\"https:\\\/\\\/www.facebook.com\\\/cdeuniversidadalmeria\\\/\",\"https:\\\/\\\/x.com\\\/cdeualmeria\",\"https:\\\/\\\/www.tiktok.com\\\/@cdealmeria\",\"https:\\\/\\\/www.instagram.com\\\/cdealmeria\\\/\",\"https:\\\/\\\/www.linkedin.com\\\/in\\\/cde-almera-812b26a9\\\/\"]},{\"@type\":\"Person\",\"@id\":\"https:\\\/\\\/www.cde.ual.es\\\/#\\\/schema\\\/person\\\/ee46ebc19edfa19598c02cff83335acc\",\"name\":\"BECA 2 CDE\",\"image\":{\"@type\":\"ImageObject\",\"inLanguage\":\"en-US\",\"@id\":\"https:\\\/\\\/secure.gravatar.com\\\/avatar\\\/35a481bbc04bbd90e91bdfa3b0b5541036c222a49b9ad37b6889a2afcb5311a5?s=96&d=mm&r=g\",\"url\":\"https:\\\/\\\/secure.gravatar.com\\\/avatar\\\/35a481bbc04bbd90e91bdfa3b0b5541036c222a49b9ad37b6889a2afcb5311a5?s=96&d=mm&r=g\",\"contentUrl\":\"https:\\\/\\\/secure.gravatar.com\\\/avatar\\\/35a481bbc04bbd90e91bdfa3b0b5541036c222a49b9ad37b6889a2afcb5311a5?s=96&d=mm&r=g\",\"caption\":\"BECA 2 CDE\"},\"sameAs\":[\"http:\\\/\\\/www.cdealmeria.com\"]}]}<\/script>\n<!-- \/ Yoast SEO plugin. -->","yoast_head_json":{"title":"Fecha l\u00edmite extendida para #EUANDME - \u00a1graba tu pr\u00f3ximo cortometraje! | CDE Almer\u00eda - Centro de Documentaci\u00f3n Europea - Universidad de Almer\u00eda","robots":{"index":"index","follow":"follow","max-snippet":"max-snippet:-1","max-image-preview":"max-image-preview:large","max-video-preview":"max-video-preview:-1"},"canonical":"https:\/\/www.cde.ual.es\/fecha-limite-extendida-para-euandme-graba-tu-proximo-cortometraje\/","og_locale":"en_US","og_type":"article","og_title":"Fecha l\u00edmite extendida para #EUANDME - \u00a1graba tu pr\u00f3ximo cortometraje! | CDE Almer\u00eda - Centro de Documentaci\u00f3n Europea - Universidad de Almer\u00eda","og_description":"\u00a1Todav\u00eda puedes participar en #EUandME y grabar el corto de tus sue\u00f1os! \u00bfRecuerdas nuestra entrada &#8220;\u00bfCrees que tienes lo que se necesita para ser un director de cine?&#8221;\u00a0\u00a0en\u00a0 la que te cont\u00e1bamos que pod\u00edas ganar 7,500 \u20ac y contar con la ayuda de un profesional para grabar tu propio corto? Si no es as\u00ed, \u00a1est\u00e1s [&hellip;]","og_url":"https:\/\/www.cde.ual.es\/fecha-limite-extendida-para-euandme-graba-tu-proximo-cortometraje\/","og_site_name":"CDE Almer\u00eda - Centro de Documentaci\u00f3n Europea - Universidad de Almer\u00eda","article_publisher":"https:\/\/www.facebook.com\/cdeuniversidadalmeria\/","article_published_time":"2018-11-02T07:48:58+00:00","article_modified_time":"2018-11-02T07:50:39+00:00","og_image":[{"width":600,"height":400,"url":"https:\/\/www.cde.ual.es\/wp-content\/uploads\/2018\/11\/action-adult-aperture-320617-e1541144659981.jpg","type":"image\/jpeg"}],"author":"BECA 2 CDE","twitter_card":"summary_large_image","twitter_creator":"@cdeualmeria","twitter_site":"@cdeualmeria","twitter_misc":{"Written by":"BECA 2 CDE","Est. reading time":"1 minute"},"schema":{"@context":"https:\/\/schema.org","@graph":[{"@type":"Article","@id":"https:\/\/www.cde.ual.es\/fecha-limite-extendida-para-euandme-graba-tu-proximo-cortometraje\/#article","isPartOf":{"@id":"https:\/\/www.cde.ual.es\/fecha-limite-extendida-para-euandme-graba-tu-proximo-cortometraje\/"},"author":{"name":"BECA 2 CDE","@id":"https:\/\/www.cde.ual.es\/#\/schema\/person\/ee46ebc19edfa19598c02cff83335acc"},"headline":"Fecha l\u00edmite extendida para #EUANDME &#8211; \u00a1graba tu pr\u00f3ximo cortometraje!","datePublished":"2018-11-02T07:48:58+00:00","dateModified":"2018-11-02T07:50:39+00:00","mainEntityOfPage":{"@id":"https:\/\/www.cde.ual.es\/fecha-limite-extendida-para-euandme-graba-tu-proximo-cortometraje\/"},"wordCount":257,"commentCount":0,"publisher":{"@id":"https:\/\/www.cde.ual.es\/#organization"},"image":{"@id":"https:\/\/www.cde.ual.es\/fecha-limite-extendida-para-euandme-graba-tu-proximo-cortometraje\/#primaryimage"},"thumbnailUrl":"https:\/\/www.cde.ual.es\/wp-content\/uploads\/2018\/11\/action-adult-aperture-320617-e1541144659981.jpg","keywords":["Cine","Concurso juvenil","j\u00f3venes"],"articleSection":["Convocatorias y Premios UE"],"inLanguage":"en-US","potentialAction":[{"@type":"CommentAction","name":"Comment","target":["https:\/\/www.cde.ual.es\/fecha-limite-extendida-para-euandme-graba-tu-proximo-cortometraje\/#respond"]}]},{"@type":"WebPage","@id":"https:\/\/www.cde.ual.es\/fecha-limite-extendida-para-euandme-graba-tu-proximo-cortometraje\/","url":"https:\/\/www.cde.ual.es\/fecha-limite-extendida-para-euandme-graba-tu-proximo-cortometraje\/","name":"Fecha l\u00edmite extendida para #EUANDME - \u00a1graba tu pr\u00f3ximo cortometraje! | CDE Almer\u00eda - Centro de Documentaci\u00f3n Europea - Universidad de Almer\u00eda","isPartOf":{"@id":"https:\/\/www.cde.ual.es\/#website"},"primaryImageOfPage":{"@id":"https:\/\/www.cde.ual.es\/fecha-limite-extendida-para-euandme-graba-tu-proximo-cortometraje\/#primaryimage"},"image":{"@id":"https:\/\/www.cde.ual.es\/fecha-limite-extendida-para-euandme-graba-tu-proximo-cortometraje\/#primaryimage"},"thumbnailUrl":"https:\/\/www.cde.ual.es\/wp-content\/uploads\/2018\/11\/action-adult-aperture-320617-e1541144659981.jpg","datePublished":"2018-11-02T07:48:58+00:00","dateModified":"2018-11-02T07:50:39+00:00","breadcrumb":{"@id":"https:\/\/www.cde.ual.es\/fecha-limite-extendida-para-euandme-graba-tu-proximo-cortometraje\/#breadcrumb"},"inLanguage":"en-US","potentialAction":[{"@type":"ReadAction","target":["https:\/\/www.cde.ual.es\/fecha-limite-extendida-para-euandme-graba-tu-proximo-cortometraje\/"]}]},{"@type":"ImageObject","inLanguage":"en-US","@id":"https:\/\/www.cde.ual.es\/fecha-limite-extendida-para-euandme-graba-tu-proximo-cortometraje\/#primaryimage","url":"https:\/\/www.cde.ual.es\/wp-content\/uploads\/2018\/11\/action-adult-aperture-320617-e1541144659981.jpg","contentUrl":"https:\/\/www.cde.ual.es\/wp-content\/uploads\/2018\/11\/action-adult-aperture-320617-e1541144659981.jpg","width":600,"height":400},{"@type":"BreadcrumbList","@id":"https:\/\/www.cde.ual.es\/fecha-limite-extendida-para-euandme-graba-tu-proximo-cortometraje\/#breadcrumb","itemListElement":[{"@type":"ListItem","position":1,"name":"Inicio","item":"https:\/\/www.cde.ual.es\/en\/"},{"@type":"ListItem","position":2,"name":"Convocatorias y Premios UE","item":"https:\/\/www.cde.ual.es\/category\/convocatorias-y-premios-ue\/"},{"@type":"ListItem","position":3,"name":"Fecha l\u00edmite extendida para #EUANDME &#8211; \u00a1graba tu pr\u00f3ximo cortometraje!"}]},{"@type":"WebSite","@id":"https:\/\/www.cde.ual.es\/#website","url":"https:\/\/www.cde.ual.es\/","name":"CDE Almer\u00eda - Centro de Documentaci\u00f3n Europea - Universidad de Almer\u00eda","description":"Centro de Documentaci\u00f3n Europea de la Universidad de Almer\u00eda","publisher":{"@id":"https:\/\/www.cde.ual.es\/#organization"},"alternateName":"CDE Almer\u00eda","potentialAction":[{"@type":"SearchAction","target":{"@type":"EntryPoint","urlTemplate":"https:\/\/www.cde.ual.es\/?s={search_term_string}"},"query-input":{"@type":"PropertyValueSpecification","valueRequired":true,"valueName":"search_term_string"}}],"inLanguage":"en-US"},{"@type":"Organization","@id":"https:\/\/www.cde.ual.es\/#organization","name":"Centro de Documentaci\u00f3n Europea de Almer\u00eda","url":"https:\/\/www.cde.ual.es\/","logo":{"@type":"ImageObject","inLanguage":"en-US","@id":"https:\/\/www.cde.ual.es\/#\/schema\/logo\/image\/","url":"https:\/\/www.cde.ual.es\/wp-content\/uploads\/2025\/07\/cde-logo-3.png","contentUrl":"https:\/\/www.cde.ual.es\/wp-content\/uploads\/2025\/07\/cde-logo-3.png","width":1400,"height":300,"caption":"Centro de Documentaci\u00f3n Europea de Almer\u00eda"},"image":{"@id":"https:\/\/www.cde.ual.es\/#\/schema\/logo\/image\/"},"sameAs":["https:\/\/www.facebook.com\/cdeuniversidadalmeria\/","https:\/\/x.com\/cdeualmeria","https:\/\/www.tiktok.com\/@cdealmeria","https:\/\/www.instagram.com\/cdealmeria\/","https:\/\/www.linkedin.com\/in\/cde-almera-812b26a9\/"]},{"@type":"Person","@id":"https:\/\/www.cde.ual.es\/#\/schema\/person\/ee46ebc19edfa19598c02cff83335acc","name":"BECA 2 CDE","image":{"@type":"ImageObject","inLanguage":"en-US","@id":"https:\/\/secure.gravatar.com\/avatar\/35a481bbc04bbd90e91bdfa3b0b5541036c222a49b9ad37b6889a2afcb5311a5?s=96&d=mm&r=g","url":"https:\/\/secure.gravatar.com\/avatar\/35a481bbc04bbd90e91bdfa3b0b5541036c222a49b9ad37b6889a2afcb5311a5?s=96&d=mm&r=g","contentUrl":"https:\/\/secure.gravatar.com\/avatar\/35a481bbc04bbd90e91bdfa3b0b5541036c222a49b9ad37b6889a2afcb5311a5?s=96&d=mm&r=g","caption":"BECA 2 CDE"},"sameAs":["http:\/\/www.cdealmeria.com"]}]}},"_links":{"self":[{"href":"https:\/\/www.cde.ual.es\/en\/wp-json\/wp\/v2\/posts\/9564","targetHints":{"allow":["GET"]}}],"collection":[{"href":"https:\/\/www.cde.ual.es\/en\/wp-json\/wp\/v2\/posts"}],"about":[{"href":"https:\/\/www.cde.ual.es\/en\/wp-json\/wp\/v2\/types\/post"}],"author":[{"embeddable":true,"href":"https:\/\/www.cde.ual.es\/en\/wp-json\/wp\/v2\/users\/101011"}],"replies":[{"embeddable":true,"href":"https:\/\/www.cde.ual.es\/en\/wp-json\/wp\/v2\/comments?post=9564"}],"version-history":[{"count":0,"href":"https:\/\/www.cde.ual.es\/en\/wp-json\/wp\/v2\/posts\/9564\/revisions"}],"wp:featuredmedia":[{"embeddable":true,"href":"https:\/\/www.cde.ual.es\/en\/wp-json\/wp\/v2\/media\/9566"}],"wp:attachment":[{"href":"https:\/\/www.cde.ual.es\/en\/wp-json\/wp\/v2\/media?parent=9564"}],"wp:term":[{"taxonomy":"category","embeddable":true,"href":"https:\/\/www.cde.ual.es\/en\/wp-json\/wp\/v2\/categories?post=9564"},{"taxonomy":"post_tag","embeddable":true,"href":"https:\/\/www.cde.ual.es\/en\/wp-json\/wp\/v2\/tags?post=9564"}],"curies":[{"name":"wp","href":"https:\/\/api.w.org\/{rel}","templated":true}]}}