{"id":9514,"date":"2018-10-30T15:21:17","date_gmt":"2018-10-30T14:21:17","guid":{"rendered":"http:\/\/www.cde.ual.es\/?p=9514"},"modified":"2018-10-30T15:21:17","modified_gmt":"2018-10-30T14:21:17","slug":"diseno-y-gestion-de-redes-y-actividades-de-creacion-para-sitios-del-sello-de-patrimonio-europeo","status":"publish","type":"post","link":"https:\/\/www.cde.ual.es\/en\/diseno-y-gestion-de-redes-y-actividades-de-creacion-para-sitios-del-sello-de-patrimonio-europeo\/","title":{"rendered":"Dise\u00f1o y gesti\u00f3n de redes y actividades de creaci\u00f3n para sitios del Sello de Patrimonio Europeo"},"content":{"rendered":"<p><a href=\"http:\/\/www.cde.ual.es\/wp-content\/uploads\/2018\/10\/Segovia.png\"><img decoding=\"async\" class=\"size-medium wp-image-9515 aligncenter\" src=\"http:\/\/www.cde.ual.es\/wp-content\/uploads\/2018\/10\/Segovia-300x252.png\" alt=\"\" width=\"300\" height=\"252\" srcset=\"https:\/\/www.cde.ual.es\/wp-content\/uploads\/2018\/10\/Segovia-300x252.png 300w, https:\/\/www.cde.ual.es\/wp-content\/uploads\/2018\/10\/Segovia.png 717w\" sizes=\"(max-width: 300px) 100vw, 300px\" \/><\/a><\/p>\n<p>La acci\u00f3n bajo esta convocatoria de propuestas debe contribuir a los objetivos generales de la <em><strong>Etiqueta del Patrimonio Europeo<\/strong><\/em> de &#8220;fortalecer el sentido de pertenencia de los ciudadanos europeos a la Uni\u00f3n, en particular el de los j\u00f3venes, basado en valores y elementos compartidos de la historia y cultura europeas. patrimonio cultural, as\u00ed como una apreciaci\u00f3n de la diversidad nacional y regional, y el fortalecimiento del di\u00e1logo intercultural &#8221;<\/p>\n<h3>Prop\u00f3sito de la Convocatoria<\/h3>\n<p>El prop\u00f3sito de esta convocatoria es seleccionar un coordinador (una entidad legal \u00fanica o un consorcio de organizaciones) para iniciar actividades de creaci\u00f3n de redes, capacidades e intercambio de mejores pr\u00e1cticas entre los sitios de SPE, y actividades de comunicaci\u00f3n y promoci\u00f3n para la acci\u00f3n, contribuyendo as\u00ed a los siguientes objetivos:<\/p>\n<ul>\n<li>Promover la creaci\u00f3n de redes para los sitios de SPE<\/li>\n<li>Alentar a los sitios a desarrollar proyectos conjuntos, tales como intercambios de j\u00f3venes y voluntariado, movilidad del personal, trabajo de comisariado conjunto, etc.<\/li>\n<li>Aumentar la capacidad de los sitios para actuar a nivel internacional, a trav\u00e9s de la capacitaci\u00f3n de los administradores de sitios y el intercambio de personal entre los sitios de SPE.<\/li>\n<li>Apoyar el desarrollo de programas educativos conjuntos y productos de marketing y turismo conjuntos.<\/li>\n<li>Mejorar la visibilidad de la acci\u00f3n de la UE y de los sitios de SPE.<\/li>\n<\/ul>\n<h3>Fecha l\u00edmite<\/h3>\n<p>03\/01\/2019 \u2013 13:00 Brussels time<\/p>\n<h3>Documentaci\u00f3n<\/h3>\n<ul>\n<li><a href=\"https:\/\/ec.europa.eu\/programmes\/creative-europe\/sites\/creative-europe\/files\/2018-s39-specifications_en.pdf\">Call for proposals<\/a><\/li>\n<li>\u200b\u200bAnnex 1) Application form including checklist of documents to be provided\u00a0<a href=\"https:\/\/ec.europa.eu\/programmes\/creative-europe\/sites\/creative-europe\/files\/2018-s39\/annex1_en.docx\">.docx<\/a>\u00a0<a href=\"https:\/\/ec.europa.eu\/programmes\/creative-europe\/sites\/creative-europe\/files\/2018-s39\/annex1_en.odt\">.odt<\/a>\u00a0<a href=\"https:\/\/ec.europa.eu\/programmes\/creative-europe\/sites\/creative-europe\/files\/2018-s39\/annex1_en.pdf\">.pdf<\/a><\/li>\n<li>Annex 2) Declaration on the honour:\u00a0<a href=\"https:\/\/ec.europa.eu\/programmes\/creative-europe\/sites\/creative-europe\/files\/2018-s39\/annex2_en.docx\">.docx<\/a>\u00a0<a href=\"https:\/\/ec.europa.eu\/programmes\/creative-europe\/sites\/creative-europe\/files\/2018-s39\/annex2_en.odt\">.odt<\/a>\u00a0<a href=\"https:\/\/ec.europa.eu\/programmes\/creative-europe\/sites\/creative-europe\/files\/2018-s39\/annex2_en.pdf\">.pdf<\/a><\/li>\n<li>Annex 3) Budget forms:\u00a0<a href=\"https:\/\/ec.europa.eu\/programmes\/creative-europe\/sites\/creative-europe\/files\/2018-s39\/annex3_en.doc\">.doc<\/a>\u00a0<a href=\"https:\/\/ec.europa.eu\/programmes\/creative-europe\/sites\/creative-europe\/files\/2018-s39\/annex3_en.odt\">.odt<\/a><a href=\"https:\/\/ec.europa.eu\/programmes\/creative-europe\/sites\/creative-europe\/files\/2018-s39\/annex3_en.pdf\">.pdf<\/a><\/li>\n<li>Annex 4) Model grant agreement: will be published later<\/li>\n<li>Annex 5) Financial statement:\u00a0<a href=\"https:\/\/ec.europa.eu\/programmes\/creative-europe\/sites\/creative-europe\/files\/2018-s39\/annex5_en.doc\">.doc<\/a>\u00a0<a href=\"https:\/\/ec.europa.eu\/programmes\/creative-europe\/sites\/creative-europe\/files\/2018-s39\/annex5_en.odt\">.odt<\/a>\u00a0<a href=\"https:\/\/ec.europa.eu\/programmes\/creative-europe\/sites\/creative-europe\/files\/2018-s39\/annex5_en.pdf\">.pdf<\/a><\/li>\n<li>Annex 6) List of supporting documents (list of invoices for the submission of final financial reports):\u00a0<a href=\"https:\/\/ec.europa.eu\/programmes\/creative-europe\/sites\/creative-europe\/files\/2018-s39\/annex06_en.xls\">.xls<\/a>\u00a0<a href=\"https:\/\/ec.europa.eu\/programmes\/creative-europe\/sites\/creative-europe\/files\/2018-s39\/annex06_en.pdf\">.pdf<\/a><\/li>\n<li>Annex 7) Methodology for evaluating financial capacity:\u00a0<a href=\"https:\/\/ec.europa.eu\/programmes\/creative-europe\/sites\/creative-europe\/files\/2018-s39\/annex7_en.docx\">.docx<\/a>\u00a0<a href=\"https:\/\/ec.europa.eu\/programmes\/creative-europe\/sites\/creative-europe\/files\/2018-s39\/annex7_en.odt\">.odt<\/a>\u00a0<a href=\"https:\/\/ec.europa.eu\/programmes\/creative-europe\/sites\/creative-europe\/files\/2018-s39\/annex7_en.pdf\">.pdf<\/a><\/li>\n<li>Annex 7bis) Form for economic and financial capacity analysis:\u00a0<a href=\"https:\/\/ec.europa.eu\/programmes\/creative-europe\/sites\/creative-europe\/files\/2018-s39-annex7b_en.xls\">.xls<\/a>\u00a0<a href=\"https:\/\/ec.europa.eu\/programmes\/creative-europe\/sites\/creative-europe\/files\/2018-s39-annex7b_en.pdf\">.<\/a><\/li>\n<\/ul>\n<h3>M\u00e1s informaci\u00f3n:<\/h3>\n<p><a href=\"https:\/\/ec.europa.eu\/programmes\/creative-europe\/calls\/eac-s39-2018\">Creative Europe<\/a><\/p>\n<p>&nbsp;<\/p>\n","protected":false},"excerpt":{"rendered":"<p>La acci\u00f3n bajo esta convocatoria de propuestas debe contribuir a los objetivos generales de la Etiqueta del Patrimonio Europeo de &#8220;fortalecer el sentido de pertenencia de los ciudadanos europeos a la Uni\u00f3n, en particular el de los j\u00f3venes, basado en valores y elementos compartidos de la historia y cultura europeas. patrimonio cultural, as\u00ed como una [&hellip;]<\/p>\n","protected":false},"author":1,"featured_media":9515,"comment_status":"open","ping_status":"open","sticky":false,"template":"","format":"standard","meta":{"_acf_changed":false,"_relevanssi_hide_post":"","_relevanssi_hide_content":"","_relevanssi_pin_for_all":"","_relevanssi_pin_keywords":"","_relevanssi_unpin_keywords":"","_relevanssi_related_keywords":"","_relevanssi_related_include_ids":"","_relevanssi_related_exclude_ids":"","_relevanssi_related_no_append":"","_relevanssi_related_not_related":"","_relevanssi_related_posts":"","_relevanssi_noindex_reason":"","_monsterinsights_skip_tracking":false,"_monsterinsights_sitenote_active":false,"_monsterinsights_sitenote_note":"","_monsterinsights_sitenote_category":0,"_genesis_hide_title":false,"_genesis_hide_breadcrumbs":false,"_genesis_hide_singular_image":false,"_genesis_hide_footer_widgets":false,"_genesis_custom_body_class":"","_genesis_custom_post_class":"","_genesis_layout":"","footnotes":""},"categories":[136],"tags":[128,182],"class_list":{"0":"post-9514","1":"post","2":"type-post","3":"status-publish","4":"format-standard","5":"has-post-thumbnail","7":"category-convocatorias-y-premios-ue","8":"tag-cultura-educacion","9":"tag-patrimonio-cultural","10":"entry"},"acf":[],"yoast_head":"<!-- This site is optimized with the Yoast SEO plugin v27.5 - https:\/\/yoast.com\/product\/yoast-seo-wordpress\/ -->\n<title>Dise\u00f1o y gesti\u00f3n de redes y actividades de creaci\u00f3n para sitios del Sello de Patrimonio Europeo | CDE Almer\u00eda - Centro de Documentaci\u00f3n Europea - Universidad de Almer\u00eda<\/title>\n<meta name=\"robots\" content=\"index, follow, max-snippet:-1, max-image-preview:large, max-video-preview:-1\" \/>\n<link rel=\"canonical\" href=\"https:\/\/www.cde.ual.es\/diseno-y-gestion-de-redes-y-actividades-de-creacion-para-sitios-del-sello-de-patrimonio-europeo\/\" \/>\n<meta property=\"og:locale\" content=\"en_US\" \/>\n<meta property=\"og:type\" content=\"article\" \/>\n<meta property=\"og:title\" content=\"Dise\u00f1o y gesti\u00f3n de redes y actividades de creaci\u00f3n para sitios del Sello de Patrimonio Europeo | CDE Almer\u00eda - Centro de Documentaci\u00f3n Europea - Universidad de Almer\u00eda\" \/>\n<meta property=\"og:description\" content=\"La acci\u00f3n bajo esta convocatoria de propuestas debe contribuir a los objetivos generales de la Etiqueta del Patrimonio Europeo de &#8220;fortalecer el sentido de pertenencia de los ciudadanos europeos a la Uni\u00f3n, en particular el de los j\u00f3venes, basado en valores y elementos compartidos de la historia y cultura europeas. patrimonio cultural, as\u00ed como una [&hellip;]\" \/>\n<meta property=\"og:url\" content=\"https:\/\/www.cde.ual.es\/diseno-y-gestion-de-redes-y-actividades-de-creacion-para-sitios-del-sello-de-patrimonio-europeo\/\" \/>\n<meta property=\"og:site_name\" content=\"CDE Almer\u00eda - Centro de Documentaci\u00f3n Europea - Universidad de Almer\u00eda\" \/>\n<meta property=\"article:publisher\" content=\"https:\/\/www.facebook.com\/cdeuniversidadalmeria\/\" \/>\n<meta property=\"article:published_time\" content=\"2018-10-30T14:21:17+00:00\" \/>\n<meta property=\"og:image\" content=\"https:\/\/www.cde.ual.es\/wp-content\/uploads\/2018\/10\/Segovia.png\" \/>\n\t<meta property=\"og:image:width\" content=\"717\" \/>\n\t<meta property=\"og:image:height\" content=\"602\" \/>\n\t<meta property=\"og:image:type\" content=\"image\/png\" \/>\n<meta name=\"author\" content=\"AdminCDE\" \/>\n<meta name=\"twitter:card\" content=\"summary_large_image\" \/>\n<meta name=\"twitter:creator\" content=\"@cdeualmeria\" \/>\n<meta name=\"twitter:site\" content=\"@cdeualmeria\" \/>\n<meta name=\"twitter:label1\" content=\"Written by\" \/>\n\t<meta name=\"twitter:data1\" content=\"AdminCDE\" \/>\n\t<meta name=\"twitter:label2\" content=\"Est. reading time\" \/>\n\t<meta name=\"twitter:data2\" content=\"2 minutes\" \/>\n<script type=\"application\/ld+json\" class=\"yoast-schema-graph\">{\"@context\":\"https:\\\/\\\/schema.org\",\"@graph\":[{\"@type\":\"Article\",\"@id\":\"https:\\\/\\\/www.cde.ual.es\\\/diseno-y-gestion-de-redes-y-actividades-de-creacion-para-sitios-del-sello-de-patrimonio-europeo\\\/#article\",\"isPartOf\":{\"@id\":\"https:\\\/\\\/www.cde.ual.es\\\/diseno-y-gestion-de-redes-y-actividades-de-creacion-para-sitios-del-sello-de-patrimonio-europeo\\\/\"},\"author\":{\"name\":\"AdminCDE\",\"@id\":\"https:\\\/\\\/www.cde.ual.es\\\/#\\\/schema\\\/person\\\/224ef08c8bcc005f319d2713ce37ee5f\"},\"headline\":\"Dise\u00f1o y gesti\u00f3n de redes y actividades de creaci\u00f3n para sitios del Sello de Patrimonio Europeo\",\"datePublished\":\"2018-10-30T14:21:17+00:00\",\"mainEntityOfPage\":{\"@id\":\"https:\\\/\\\/www.cde.ual.es\\\/diseno-y-gestion-de-redes-y-actividades-de-creacion-para-sitios-del-sello-de-patrimonio-europeo\\\/\"},\"wordCount\":346,\"commentCount\":0,\"publisher\":{\"@id\":\"https:\\\/\\\/www.cde.ual.es\\\/#organization\"},\"image\":{\"@id\":\"https:\\\/\\\/www.cde.ual.es\\\/diseno-y-gestion-de-redes-y-actividades-de-creacion-para-sitios-del-sello-de-patrimonio-europeo\\\/#primaryimage\"},\"thumbnailUrl\":\"https:\\\/\\\/www.cde.ual.es\\\/wp-content\\\/uploads\\\/2018\\\/10\\\/Segovia.png\",\"keywords\":[\"Cultura y Educaci\u00f3n\",\"Patrimonio Cultural\"],\"articleSection\":[\"Convocatorias y Premios UE\"],\"inLanguage\":\"en-US\",\"potentialAction\":[{\"@type\":\"CommentAction\",\"name\":\"Comment\",\"target\":[\"https:\\\/\\\/www.cde.ual.es\\\/diseno-y-gestion-de-redes-y-actividades-de-creacion-para-sitios-del-sello-de-patrimonio-europeo\\\/#respond\"]}]},{\"@type\":\"WebPage\",\"@id\":\"https:\\\/\\\/www.cde.ual.es\\\/diseno-y-gestion-de-redes-y-actividades-de-creacion-para-sitios-del-sello-de-patrimonio-europeo\\\/\",\"url\":\"https:\\\/\\\/www.cde.ual.es\\\/diseno-y-gestion-de-redes-y-actividades-de-creacion-para-sitios-del-sello-de-patrimonio-europeo\\\/\",\"name\":\"Dise\u00f1o y gesti\u00f3n de redes y actividades de creaci\u00f3n para sitios del Sello de Patrimonio Europeo | CDE Almer\u00eda - Centro de Documentaci\u00f3n Europea - Universidad de Almer\u00eda\",\"isPartOf\":{\"@id\":\"https:\\\/\\\/www.cde.ual.es\\\/#website\"},\"primaryImageOfPage\":{\"@id\":\"https:\\\/\\\/www.cde.ual.es\\\/diseno-y-gestion-de-redes-y-actividades-de-creacion-para-sitios-del-sello-de-patrimonio-europeo\\\/#primaryimage\"},\"image\":{\"@id\":\"https:\\\/\\\/www.cde.ual.es\\\/diseno-y-gestion-de-redes-y-actividades-de-creacion-para-sitios-del-sello-de-patrimonio-europeo\\\/#primaryimage\"},\"thumbnailUrl\":\"https:\\\/\\\/www.cde.ual.es\\\/wp-content\\\/uploads\\\/2018\\\/10\\\/Segovia.png\",\"datePublished\":\"2018-10-30T14:21:17+00:00\",\"breadcrumb\":{\"@id\":\"https:\\\/\\\/www.cde.ual.es\\\/diseno-y-gestion-de-redes-y-actividades-de-creacion-para-sitios-del-sello-de-patrimonio-europeo\\\/#breadcrumb\"},\"inLanguage\":\"en-US\",\"potentialAction\":[{\"@type\":\"ReadAction\",\"target\":[\"https:\\\/\\\/www.cde.ual.es\\\/diseno-y-gestion-de-redes-y-actividades-de-creacion-para-sitios-del-sello-de-patrimonio-europeo\\\/\"]}]},{\"@type\":\"ImageObject\",\"inLanguage\":\"en-US\",\"@id\":\"https:\\\/\\\/www.cde.ual.es\\\/diseno-y-gestion-de-redes-y-actividades-de-creacion-para-sitios-del-sello-de-patrimonio-europeo\\\/#primaryimage\",\"url\":\"https:\\\/\\\/www.cde.ual.es\\\/wp-content\\\/uploads\\\/2018\\\/10\\\/Segovia.png\",\"contentUrl\":\"https:\\\/\\\/www.cde.ual.es\\\/wp-content\\\/uploads\\\/2018\\\/10\\\/Segovia.png\",\"width\":717,\"height\":602},{\"@type\":\"BreadcrumbList\",\"@id\":\"https:\\\/\\\/www.cde.ual.es\\\/diseno-y-gestion-de-redes-y-actividades-de-creacion-para-sitios-del-sello-de-patrimonio-europeo\\\/#breadcrumb\",\"itemListElement\":[{\"@type\":\"ListItem\",\"position\":1,\"name\":\"Inicio\",\"item\":\"https:\\\/\\\/www.cde.ual.es\\\/en\\\/\"},{\"@type\":\"ListItem\",\"position\":2,\"name\":\"Convocatorias y Premios UE\",\"item\":\"https:\\\/\\\/www.cde.ual.es\\\/category\\\/convocatorias-y-premios-ue\\\/\"},{\"@type\":\"ListItem\",\"position\":3,\"name\":\"Dise\u00f1o y gesti\u00f3n de redes y actividades de creaci\u00f3n para sitios del Sello de Patrimonio Europeo\"}]},{\"@type\":\"WebSite\",\"@id\":\"https:\\\/\\\/www.cde.ual.es\\\/#website\",\"url\":\"https:\\\/\\\/www.cde.ual.es\\\/\",\"name\":\"CDE Almer\u00eda - Centro de Documentaci\u00f3n Europea - Universidad de Almer\u00eda\",\"description\":\"Centro de Documentaci\u00f3n Europea de la Universidad de Almer\u00eda\",\"publisher\":{\"@id\":\"https:\\\/\\\/www.cde.ual.es\\\/#organization\"},\"alternateName\":\"CDE Almer\u00eda\",\"potentialAction\":[{\"@type\":\"SearchAction\",\"target\":{\"@type\":\"EntryPoint\",\"urlTemplate\":\"https:\\\/\\\/www.cde.ual.es\\\/?s={search_term_string}\"},\"query-input\":{\"@type\":\"PropertyValueSpecification\",\"valueRequired\":true,\"valueName\":\"search_term_string\"}}],\"inLanguage\":\"en-US\"},{\"@type\":\"Organization\",\"@id\":\"https:\\\/\\\/www.cde.ual.es\\\/#organization\",\"name\":\"Centro de Documentaci\u00f3n Europea de Almer\u00eda\",\"url\":\"https:\\\/\\\/www.cde.ual.es\\\/\",\"logo\":{\"@type\":\"ImageObject\",\"inLanguage\":\"en-US\",\"@id\":\"https:\\\/\\\/www.cde.ual.es\\\/#\\\/schema\\\/logo\\\/image\\\/\",\"url\":\"https:\\\/\\\/www.cde.ual.es\\\/wp-content\\\/uploads\\\/2025\\\/07\\\/cde-logo-3.png\",\"contentUrl\":\"https:\\\/\\\/www.cde.ual.es\\\/wp-content\\\/uploads\\\/2025\\\/07\\\/cde-logo-3.png\",\"width\":1400,\"height\":300,\"caption\":\"Centro de Documentaci\u00f3n Europea de Almer\u00eda\"},\"image\":{\"@id\":\"https:\\\/\\\/www.cde.ual.es\\\/#\\\/schema\\\/logo\\\/image\\\/\"},\"sameAs\":[\"https:\\\/\\\/www.facebook.com\\\/cdeuniversidadalmeria\\\/\",\"https:\\\/\\\/x.com\\\/cdeualmeria\",\"https:\\\/\\\/www.tiktok.com\\\/@cdealmeria\",\"https:\\\/\\\/www.instagram.com\\\/cdealmeria\\\/\",\"https:\\\/\\\/www.linkedin.com\\\/in\\\/cde-almera-812b26a9\\\/\"]},{\"@type\":\"Person\",\"@id\":\"https:\\\/\\\/www.cde.ual.es\\\/#\\\/schema\\\/person\\\/224ef08c8bcc005f319d2713ce37ee5f\",\"name\":\"AdminCDE\",\"image\":{\"@type\":\"ImageObject\",\"inLanguage\":\"en-US\",\"@id\":\"https:\\\/\\\/secure.gravatar.com\\\/avatar\\\/a72d038d371f995cd13706fac32274b7952a52e8fb0a84b5f80c85426f2a98a8?s=96&d=mm&r=g\",\"url\":\"https:\\\/\\\/secure.gravatar.com\\\/avatar\\\/a72d038d371f995cd13706fac32274b7952a52e8fb0a84b5f80c85426f2a98a8?s=96&d=mm&r=g\",\"contentUrl\":\"https:\\\/\\\/secure.gravatar.com\\\/avatar\\\/a72d038d371f995cd13706fac32274b7952a52e8fb0a84b5f80c85426f2a98a8?s=96&d=mm&r=g\",\"caption\":\"AdminCDE\"}}]}<\/script>\n<!-- \/ Yoast SEO plugin. -->","yoast_head_json":{"title":"Dise\u00f1o y gesti\u00f3n de redes y actividades de creaci\u00f3n para sitios del Sello de Patrimonio Europeo | CDE Almer\u00eda - Centro de Documentaci\u00f3n Europea - Universidad de Almer\u00eda","robots":{"index":"index","follow":"follow","max-snippet":"max-snippet:-1","max-image-preview":"max-image-preview:large","max-video-preview":"max-video-preview:-1"},"canonical":"https:\/\/www.cde.ual.es\/diseno-y-gestion-de-redes-y-actividades-de-creacion-para-sitios-del-sello-de-patrimonio-europeo\/","og_locale":"en_US","og_type":"article","og_title":"Dise\u00f1o y gesti\u00f3n de redes y actividades de creaci\u00f3n para sitios del Sello de Patrimonio Europeo | CDE Almer\u00eda - Centro de Documentaci\u00f3n Europea - Universidad de Almer\u00eda","og_description":"La acci\u00f3n bajo esta convocatoria de propuestas debe contribuir a los objetivos generales de la Etiqueta del Patrimonio Europeo de &#8220;fortalecer el sentido de pertenencia de los ciudadanos europeos a la Uni\u00f3n, en particular el de los j\u00f3venes, basado en valores y elementos compartidos de la historia y cultura europeas. patrimonio cultural, as\u00ed como una [&hellip;]","og_url":"https:\/\/www.cde.ual.es\/diseno-y-gestion-de-redes-y-actividades-de-creacion-para-sitios-del-sello-de-patrimonio-europeo\/","og_site_name":"CDE Almer\u00eda - Centro de Documentaci\u00f3n Europea - Universidad de Almer\u00eda","article_publisher":"https:\/\/www.facebook.com\/cdeuniversidadalmeria\/","article_published_time":"2018-10-30T14:21:17+00:00","og_image":[{"width":717,"height":602,"url":"https:\/\/www.cde.ual.es\/wp-content\/uploads\/2018\/10\/Segovia.png","type":"image\/png"}],"author":"AdminCDE","twitter_card":"summary_large_image","twitter_creator":"@cdeualmeria","twitter_site":"@cdeualmeria","twitter_misc":{"Written by":"AdminCDE","Est. reading time":"2 minutes"},"schema":{"@context":"https:\/\/schema.org","@graph":[{"@type":"Article","@id":"https:\/\/www.cde.ual.es\/diseno-y-gestion-de-redes-y-actividades-de-creacion-para-sitios-del-sello-de-patrimonio-europeo\/#article","isPartOf":{"@id":"https:\/\/www.cde.ual.es\/diseno-y-gestion-de-redes-y-actividades-de-creacion-para-sitios-del-sello-de-patrimonio-europeo\/"},"author":{"name":"AdminCDE","@id":"https:\/\/www.cde.ual.es\/#\/schema\/person\/224ef08c8bcc005f319d2713ce37ee5f"},"headline":"Dise\u00f1o y gesti\u00f3n de redes y actividades de creaci\u00f3n para sitios del Sello de Patrimonio Europeo","datePublished":"2018-10-30T14:21:17+00:00","mainEntityOfPage":{"@id":"https:\/\/www.cde.ual.es\/diseno-y-gestion-de-redes-y-actividades-de-creacion-para-sitios-del-sello-de-patrimonio-europeo\/"},"wordCount":346,"commentCount":0,"publisher":{"@id":"https:\/\/www.cde.ual.es\/#organization"},"image":{"@id":"https:\/\/www.cde.ual.es\/diseno-y-gestion-de-redes-y-actividades-de-creacion-para-sitios-del-sello-de-patrimonio-europeo\/#primaryimage"},"thumbnailUrl":"https:\/\/www.cde.ual.es\/wp-content\/uploads\/2018\/10\/Segovia.png","keywords":["Cultura y Educaci\u00f3n","Patrimonio Cultural"],"articleSection":["Convocatorias y Premios UE"],"inLanguage":"en-US","potentialAction":[{"@type":"CommentAction","name":"Comment","target":["https:\/\/www.cde.ual.es\/diseno-y-gestion-de-redes-y-actividades-de-creacion-para-sitios-del-sello-de-patrimonio-europeo\/#respond"]}]},{"@type":"WebPage","@id":"https:\/\/www.cde.ual.es\/diseno-y-gestion-de-redes-y-actividades-de-creacion-para-sitios-del-sello-de-patrimonio-europeo\/","url":"https:\/\/www.cde.ual.es\/diseno-y-gestion-de-redes-y-actividades-de-creacion-para-sitios-del-sello-de-patrimonio-europeo\/","name":"Dise\u00f1o y gesti\u00f3n de redes y actividades de creaci\u00f3n para sitios del Sello de Patrimonio Europeo | CDE Almer\u00eda - Centro de Documentaci\u00f3n Europea - Universidad de Almer\u00eda","isPartOf":{"@id":"https:\/\/www.cde.ual.es\/#website"},"primaryImageOfPage":{"@id":"https:\/\/www.cde.ual.es\/diseno-y-gestion-de-redes-y-actividades-de-creacion-para-sitios-del-sello-de-patrimonio-europeo\/#primaryimage"},"image":{"@id":"https:\/\/www.cde.ual.es\/diseno-y-gestion-de-redes-y-actividades-de-creacion-para-sitios-del-sello-de-patrimonio-europeo\/#primaryimage"},"thumbnailUrl":"https:\/\/www.cde.ual.es\/wp-content\/uploads\/2018\/10\/Segovia.png","datePublished":"2018-10-30T14:21:17+00:00","breadcrumb":{"@id":"https:\/\/www.cde.ual.es\/diseno-y-gestion-de-redes-y-actividades-de-creacion-para-sitios-del-sello-de-patrimonio-europeo\/#breadcrumb"},"inLanguage":"en-US","potentialAction":[{"@type":"ReadAction","target":["https:\/\/www.cde.ual.es\/diseno-y-gestion-de-redes-y-actividades-de-creacion-para-sitios-del-sello-de-patrimonio-europeo\/"]}]},{"@type":"ImageObject","inLanguage":"en-US","@id":"https:\/\/www.cde.ual.es\/diseno-y-gestion-de-redes-y-actividades-de-creacion-para-sitios-del-sello-de-patrimonio-europeo\/#primaryimage","url":"https:\/\/www.cde.ual.es\/wp-content\/uploads\/2018\/10\/Segovia.png","contentUrl":"https:\/\/www.cde.ual.es\/wp-content\/uploads\/2018\/10\/Segovia.png","width":717,"height":602},{"@type":"BreadcrumbList","@id":"https:\/\/www.cde.ual.es\/diseno-y-gestion-de-redes-y-actividades-de-creacion-para-sitios-del-sello-de-patrimonio-europeo\/#breadcrumb","itemListElement":[{"@type":"ListItem","position":1,"name":"Inicio","item":"https:\/\/www.cde.ual.es\/en\/"},{"@type":"ListItem","position":2,"name":"Convocatorias y Premios UE","item":"https:\/\/www.cde.ual.es\/category\/convocatorias-y-premios-ue\/"},{"@type":"ListItem","position":3,"name":"Dise\u00f1o y gesti\u00f3n de redes y actividades de creaci\u00f3n para sitios del Sello de Patrimonio Europeo"}]},{"@type":"WebSite","@id":"https:\/\/www.cde.ual.es\/#website","url":"https:\/\/www.cde.ual.es\/","name":"CDE Almer\u00eda - Centro de Documentaci\u00f3n Europea - Universidad de Almer\u00eda","description":"Centro de Documentaci\u00f3n Europea de la Universidad de Almer\u00eda","publisher":{"@id":"https:\/\/www.cde.ual.es\/#organization"},"alternateName":"CDE Almer\u00eda","potentialAction":[{"@type":"SearchAction","target":{"@type":"EntryPoint","urlTemplate":"https:\/\/www.cde.ual.es\/?s={search_term_string}"},"query-input":{"@type":"PropertyValueSpecification","valueRequired":true,"valueName":"search_term_string"}}],"inLanguage":"en-US"},{"@type":"Organization","@id":"https:\/\/www.cde.ual.es\/#organization","name":"Centro de Documentaci\u00f3n Europea de Almer\u00eda","url":"https:\/\/www.cde.ual.es\/","logo":{"@type":"ImageObject","inLanguage":"en-US","@id":"https:\/\/www.cde.ual.es\/#\/schema\/logo\/image\/","url":"https:\/\/www.cde.ual.es\/wp-content\/uploads\/2025\/07\/cde-logo-3.png","contentUrl":"https:\/\/www.cde.ual.es\/wp-content\/uploads\/2025\/07\/cde-logo-3.png","width":1400,"height":300,"caption":"Centro de Documentaci\u00f3n Europea de Almer\u00eda"},"image":{"@id":"https:\/\/www.cde.ual.es\/#\/schema\/logo\/image\/"},"sameAs":["https:\/\/www.facebook.com\/cdeuniversidadalmeria\/","https:\/\/x.com\/cdeualmeria","https:\/\/www.tiktok.com\/@cdealmeria","https:\/\/www.instagram.com\/cdealmeria\/","https:\/\/www.linkedin.com\/in\/cde-almera-812b26a9\/"]},{"@type":"Person","@id":"https:\/\/www.cde.ual.es\/#\/schema\/person\/224ef08c8bcc005f319d2713ce37ee5f","name":"AdminCDE","image":{"@type":"ImageObject","inLanguage":"en-US","@id":"https:\/\/secure.gravatar.com\/avatar\/a72d038d371f995cd13706fac32274b7952a52e8fb0a84b5f80c85426f2a98a8?s=96&d=mm&r=g","url":"https:\/\/secure.gravatar.com\/avatar\/a72d038d371f995cd13706fac32274b7952a52e8fb0a84b5f80c85426f2a98a8?s=96&d=mm&r=g","contentUrl":"https:\/\/secure.gravatar.com\/avatar\/a72d038d371f995cd13706fac32274b7952a52e8fb0a84b5f80c85426f2a98a8?s=96&d=mm&r=g","caption":"AdminCDE"}}]}},"_links":{"self":[{"href":"https:\/\/www.cde.ual.es\/en\/wp-json\/wp\/v2\/posts\/9514","targetHints":{"allow":["GET"]}}],"collection":[{"href":"https:\/\/www.cde.ual.es\/en\/wp-json\/wp\/v2\/posts"}],"about":[{"href":"https:\/\/www.cde.ual.es\/en\/wp-json\/wp\/v2\/types\/post"}],"author":[{"embeddable":true,"href":"https:\/\/www.cde.ual.es\/en\/wp-json\/wp\/v2\/users\/1"}],"replies":[{"embeddable":true,"href":"https:\/\/www.cde.ual.es\/en\/wp-json\/wp\/v2\/comments?post=9514"}],"version-history":[{"count":0,"href":"https:\/\/www.cde.ual.es\/en\/wp-json\/wp\/v2\/posts\/9514\/revisions"}],"wp:featuredmedia":[{"embeddable":true,"href":"https:\/\/www.cde.ual.es\/en\/wp-json\/wp\/v2\/media\/9515"}],"wp:attachment":[{"href":"https:\/\/www.cde.ual.es\/en\/wp-json\/wp\/v2\/media?parent=9514"}],"wp:term":[{"taxonomy":"category","embeddable":true,"href":"https:\/\/www.cde.ual.es\/en\/wp-json\/wp\/v2\/categories?post=9514"},{"taxonomy":"post_tag","embeddable":true,"href":"https:\/\/www.cde.ual.es\/en\/wp-json\/wp\/v2\/tags?post=9514"}],"curies":[{"name":"wp","href":"https:\/\/api.w.org\/{rel}","templated":true}]}}