{"id":93801,"date":"2022-01-26T03:00:34","date_gmt":"2022-01-26T02:00:34","guid":{"rendered":"https:\/\/www.cde.ual.es\/?p=93801"},"modified":"2022-01-30T18:20:49","modified_gmt":"2022-01-30T17:20:49","slug":"xvi-premio-andaluz-de-investigacion-sobre-integracion-europea-de-la-riea","status":"publish","type":"post","link":"https:\/\/www.cde.ual.es\/en\/xvi-premio-andaluz-de-investigacion-sobre-integracion-europea-de-la-riea\/","title":{"rendered":"XVI Premio Andaluz de Investigaci\u00f3n sobre Integraci\u00f3n Europea de la RIEA"},"content":{"rendered":"<p><a href=\"https:\/\/www.cde.ual.es\/wp-content\/uploads\/2022\/01\/premio-2022-anuncio.gif\"><img decoding=\"async\" class=\"size-full wp-image-93802 aligncenter\" src=\"https:\/\/www.cde.ual.es\/wp-content\/uploads\/2022\/01\/premio-2022-anuncio.gif\" alt=\"\" width=\"300\" height=\"300\" \/><\/a><\/p>\n<p>La Red de Informaci\u00f3n Europea de Andaluc\u00eda convoca el \u201cXVI Premio Andaluz de Investigaci\u00f3n sobre Integraci\u00f3n Europea\u201d, en el marco de las actividades que realiza, con el objetivo de fomentar la investigaci\u00f3n sobre integraci\u00f3n europea y apoyar a los investigadores\/as que trabajan en temas relacionados con la Uni\u00f3n Europea.<\/p>\n<p>El Premio tiene por objeto promover la investigaci\u00f3n de trabajos sobre los distintos aspectos del proceso de integraci\u00f3n europea realizados por:<\/p>\n<ul>\n<li>Investigadores andaluces de universidades.<\/li>\n<li>Investigadores vinculados a centros de investigaci\u00f3n u otro tipo de entidades p\u00fablicas de Andaluc\u00eda.<\/li>\n<\/ul>\n<h3>Plazo de presentaci\u00f3n de trabajos<\/h3>\n<p>El plazo para la presentaci\u00f3n de los trabajos comenzar\u00e1 el\u00a0<strong>1 de febrero de 2022 y finalizar\u00e1 el 31 de marzo de 2022<\/strong>, ambos inclusive.<\/p>\n<p><strong>Fuente:\u00a0<\/strong><a href=\"http:\/\/www.andaluciaeuropa.com\/index.php?id=premio-2022\" target=\"_blank\" rel=\"noopener\">RIEA<\/a><\/p>\n<h4>M\u00e1s informaci\u00f3n:<\/h4>\n<p><a href=\"https:\/\/www.cde.ual.es\/ficha\/fichas-tecnicas-sobre-la-union-europea-octubre-de-2019\/\">Fichas t\u00e9cnicas sobre la Uni\u00f3n Europea. Octubre de 2019<\/a><\/p>\n<p><a href=\"https:\/\/www.cde.ual.es\/comienza-horizonte-europa-nuevo-programa-marco-de-investigacion-e-innovacion\/\">Comienza Horizonte Europa: nuevo Programa Marco de Investigaci\u00f3n e Innovaci\u00f3n<\/a><\/p>\n<p><a href=\"https:\/\/www.cde.ual.es\/premio-europeo-carlomagno-de-la-juventud-2\/\">Premio Europeo Carlomagno de la juventud<\/a><\/p>\n","protected":false},"excerpt":{"rendered":"<p>La Red de Informaci\u00f3n Europea de Andaluc\u00eda convoca el \u201cXVI Premio Andaluz de Investigaci\u00f3n sobre Integraci\u00f3n Europea\u201d, en el marco de las actividades que realiza, con el objetivo de fomentar la investigaci\u00f3n sobre integraci\u00f3n europea y apoyar a los investigadores\/as que trabajan en temas relacionados con la Uni\u00f3n Europea. El Premio tiene por objeto promover [&hellip;]<\/p>\n","protected":false},"author":101011,"featured_media":93802,"comment_status":"open","ping_status":"open","sticky":false,"template":"","format":"standard","meta":{"_acf_changed":false,"_relevanssi_hide_post":"","_relevanssi_hide_content":"","_relevanssi_pin_for_all":"","_relevanssi_pin_keywords":"","_relevanssi_unpin_keywords":"","_relevanssi_related_keywords":"","_relevanssi_related_include_ids":"","_relevanssi_related_exclude_ids":"","_relevanssi_related_no_append":"","_relevanssi_related_not_related":"","_relevanssi_related_posts":"","_relevanssi_noindex_reason":"","_monsterinsights_skip_tracking":false,"_monsterinsights_sitenote_active":false,"_monsterinsights_sitenote_note":"","_monsterinsights_sitenote_category":0,"_genesis_hide_title":false,"_genesis_hide_breadcrumbs":false,"_genesis_hide_singular_image":false,"_genesis_hide_footer_widgets":false,"_genesis_custom_body_class":"","_genesis_custom_post_class":"","_genesis_layout":"","footnotes":""},"categories":[114,4017,96],"tags":[132,1087],"class_list":{"0":"post-93801","1":"post","2":"type-post","3":"status-publish","4":"format-standard","5":"has-post-thumbnail","7":"category-actividades","8":"category-investigacion-innovacion","9":"category-noticias-ue","10":"tag-investigacion","11":"tag-riea","12":"entry"},"acf":[],"yoast_head":"<!-- This site is optimized with the Yoast SEO plugin v27.4 - https:\/\/yoast.com\/product\/yoast-seo-wordpress\/ -->\n<title>XVI Premio Andaluz de Investigaci\u00f3n sobre Integraci\u00f3n Europea de la RIEA | CDE Almer\u00eda - Centro de Documentaci\u00f3n Europea - Universidad de Almer\u00eda<\/title>\n<meta name=\"robots\" content=\"index, follow, max-snippet:-1, max-image-preview:large, max-video-preview:-1\" \/>\n<link rel=\"canonical\" href=\"https:\/\/www.cde.ual.es\/xvi-premio-andaluz-de-investigacion-sobre-integracion-europea-de-la-riea\/\" \/>\n<meta property=\"og:locale\" content=\"en_US\" \/>\n<meta property=\"og:type\" content=\"article\" \/>\n<meta property=\"og:title\" content=\"XVI Premio Andaluz de Investigaci\u00f3n sobre Integraci\u00f3n Europea de la RIEA | CDE Almer\u00eda - Centro de Documentaci\u00f3n Europea - Universidad de Almer\u00eda\" \/>\n<meta property=\"og:description\" content=\"La Red de Informaci\u00f3n Europea de Andaluc\u00eda convoca el \u201cXVI Premio Andaluz de Investigaci\u00f3n sobre Integraci\u00f3n Europea\u201d, en el marco de las actividades que realiza, con el objetivo de fomentar la investigaci\u00f3n sobre integraci\u00f3n europea y apoyar a los investigadores\/as que trabajan en temas relacionados con la Uni\u00f3n Europea. El Premio tiene por objeto promover [&hellip;]\" \/>\n<meta property=\"og:url\" content=\"https:\/\/www.cde.ual.es\/xvi-premio-andaluz-de-investigacion-sobre-integracion-europea-de-la-riea\/\" \/>\n<meta property=\"og:site_name\" content=\"CDE Almer\u00eda - Centro de Documentaci\u00f3n Europea - Universidad de Almer\u00eda\" \/>\n<meta property=\"article:publisher\" content=\"https:\/\/www.facebook.com\/cdeuniversidadalmeria\/\" \/>\n<meta property=\"article:published_time\" content=\"2022-01-26T02:00:34+00:00\" \/>\n<meta property=\"article:modified_time\" content=\"2022-01-30T17:20:49+00:00\" \/>\n<meta property=\"og:image\" content=\"https:\/\/www.cde.ual.es\/wp-content\/uploads\/2022\/01\/premio-2022-anuncio.gif\" \/>\n\t<meta property=\"og:image:width\" content=\"300\" \/>\n\t<meta property=\"og:image:height\" content=\"300\" \/>\n\t<meta property=\"og:image:type\" content=\"image\/gif\" \/>\n<meta name=\"author\" content=\"BECA 2 CDE\" \/>\n<meta name=\"twitter:card\" content=\"summary_large_image\" \/>\n<meta name=\"twitter:creator\" content=\"@cdeualmeria\" \/>\n<meta name=\"twitter:site\" content=\"@cdeualmeria\" \/>\n<meta name=\"twitter:label1\" content=\"Written by\" \/>\n\t<meta name=\"twitter:data1\" content=\"BECA 2 CDE\" \/>\n\t<meta name=\"twitter:label2\" content=\"Est. reading time\" \/>\n\t<meta name=\"twitter:data2\" content=\"1 minute\" \/>\n<script type=\"application\/ld+json\" class=\"yoast-schema-graph\">{\"@context\":\"https:\\\/\\\/schema.org\",\"@graph\":[{\"@type\":\"Article\",\"@id\":\"https:\\\/\\\/www.cde.ual.es\\\/xvi-premio-andaluz-de-investigacion-sobre-integracion-europea-de-la-riea\\\/#article\",\"isPartOf\":{\"@id\":\"https:\\\/\\\/www.cde.ual.es\\\/xvi-premio-andaluz-de-investigacion-sobre-integracion-europea-de-la-riea\\\/\"},\"author\":{\"name\":\"BECA 2 CDE\",\"@id\":\"https:\\\/\\\/www.cde.ual.es\\\/#\\\/schema\\\/person\\\/ee46ebc19edfa19598c02cff83335acc\"},\"headline\":\"XVI Premio Andaluz de Investigaci\u00f3n sobre Integraci\u00f3n Europea de la RIEA\",\"datePublished\":\"2022-01-26T02:00:34+00:00\",\"dateModified\":\"2022-01-30T17:20:49+00:00\",\"mainEntityOfPage\":{\"@id\":\"https:\\\/\\\/www.cde.ual.es\\\/xvi-premio-andaluz-de-investigacion-sobre-integracion-europea-de-la-riea\\\/\"},\"wordCount\":176,\"commentCount\":0,\"publisher\":{\"@id\":\"https:\\\/\\\/www.cde.ual.es\\\/#organization\"},\"image\":{\"@id\":\"https:\\\/\\\/www.cde.ual.es\\\/xvi-premio-andaluz-de-investigacion-sobre-integracion-europea-de-la-riea\\\/#primaryimage\"},\"thumbnailUrl\":\"https:\\\/\\\/www.cde.ual.es\\\/wp-content\\\/uploads\\\/2022\\\/01\\\/premio-2022-anuncio.gif\",\"keywords\":[\"Investigaci\u00f3n\",\"RIEA\"],\"articleSection\":[\"Actividades\",\"Investigaci\u00f3n e Innovaci\u00f3n\",\"Noticias UE\"],\"inLanguage\":\"en-US\",\"potentialAction\":[{\"@type\":\"CommentAction\",\"name\":\"Comment\",\"target\":[\"https:\\\/\\\/www.cde.ual.es\\\/xvi-premio-andaluz-de-investigacion-sobre-integracion-europea-de-la-riea\\\/#respond\"]}]},{\"@type\":\"WebPage\",\"@id\":\"https:\\\/\\\/www.cde.ual.es\\\/xvi-premio-andaluz-de-investigacion-sobre-integracion-europea-de-la-riea\\\/\",\"url\":\"https:\\\/\\\/www.cde.ual.es\\\/xvi-premio-andaluz-de-investigacion-sobre-integracion-europea-de-la-riea\\\/\",\"name\":\"XVI Premio Andaluz de Investigaci\u00f3n sobre Integraci\u00f3n Europea de la RIEA | CDE Almer\u00eda - Centro de Documentaci\u00f3n Europea - Universidad de Almer\u00eda\",\"isPartOf\":{\"@id\":\"https:\\\/\\\/www.cde.ual.es\\\/#website\"},\"primaryImageOfPage\":{\"@id\":\"https:\\\/\\\/www.cde.ual.es\\\/xvi-premio-andaluz-de-investigacion-sobre-integracion-europea-de-la-riea\\\/#primaryimage\"},\"image\":{\"@id\":\"https:\\\/\\\/www.cde.ual.es\\\/xvi-premio-andaluz-de-investigacion-sobre-integracion-europea-de-la-riea\\\/#primaryimage\"},\"thumbnailUrl\":\"https:\\\/\\\/www.cde.ual.es\\\/wp-content\\\/uploads\\\/2022\\\/01\\\/premio-2022-anuncio.gif\",\"datePublished\":\"2022-01-26T02:00:34+00:00\",\"dateModified\":\"2022-01-30T17:20:49+00:00\",\"breadcrumb\":{\"@id\":\"https:\\\/\\\/www.cde.ual.es\\\/xvi-premio-andaluz-de-investigacion-sobre-integracion-europea-de-la-riea\\\/#breadcrumb\"},\"inLanguage\":\"en-US\",\"potentialAction\":[{\"@type\":\"ReadAction\",\"target\":[\"https:\\\/\\\/www.cde.ual.es\\\/xvi-premio-andaluz-de-investigacion-sobre-integracion-europea-de-la-riea\\\/\"]}]},{\"@type\":\"ImageObject\",\"inLanguage\":\"en-US\",\"@id\":\"https:\\\/\\\/www.cde.ual.es\\\/xvi-premio-andaluz-de-investigacion-sobre-integracion-europea-de-la-riea\\\/#primaryimage\",\"url\":\"https:\\\/\\\/www.cde.ual.es\\\/wp-content\\\/uploads\\\/2022\\\/01\\\/premio-2022-anuncio.gif\",\"contentUrl\":\"https:\\\/\\\/www.cde.ual.es\\\/wp-content\\\/uploads\\\/2022\\\/01\\\/premio-2022-anuncio.gif\",\"width\":300,\"height\":300},{\"@type\":\"BreadcrumbList\",\"@id\":\"https:\\\/\\\/www.cde.ual.es\\\/xvi-premio-andaluz-de-investigacion-sobre-integracion-europea-de-la-riea\\\/#breadcrumb\",\"itemListElement\":[{\"@type\":\"ListItem\",\"position\":1,\"name\":\"Inicio\",\"item\":\"https:\\\/\\\/www.cde.ual.es\\\/en\\\/\"},{\"@type\":\"ListItem\",\"position\":2,\"name\":\"Noticias UE\",\"item\":\"https:\\\/\\\/www.cde.ual.es\\\/category\\\/noticias-ue\\\/\"},{\"@type\":\"ListItem\",\"position\":3,\"name\":\"Investigaci\u00f3n e Innovaci\u00f3n\",\"item\":\"https:\\\/\\\/www.cde.ual.es\\\/category\\\/noticias-ue\\\/investigacion-innovacion\\\/\"},{\"@type\":\"ListItem\",\"position\":4,\"name\":\"XVI Premio Andaluz de Investigaci\u00f3n sobre Integraci\u00f3n Europea de la RIEA\"}]},{\"@type\":\"WebSite\",\"@id\":\"https:\\\/\\\/www.cde.ual.es\\\/#website\",\"url\":\"https:\\\/\\\/www.cde.ual.es\\\/\",\"name\":\"CDE Almer\u00eda - Centro de Documentaci\u00f3n Europea - Universidad de Almer\u00eda\",\"description\":\"Centro de Documentaci\u00f3n Europea de la Universidad de Almer\u00eda\",\"publisher\":{\"@id\":\"https:\\\/\\\/www.cde.ual.es\\\/#organization\"},\"alternateName\":\"CDE Almer\u00eda\",\"potentialAction\":[{\"@type\":\"SearchAction\",\"target\":{\"@type\":\"EntryPoint\",\"urlTemplate\":\"https:\\\/\\\/www.cde.ual.es\\\/?s={search_term_string}\"},\"query-input\":{\"@type\":\"PropertyValueSpecification\",\"valueRequired\":true,\"valueName\":\"search_term_string\"}}],\"inLanguage\":\"en-US\"},{\"@type\":\"Organization\",\"@id\":\"https:\\\/\\\/www.cde.ual.es\\\/#organization\",\"name\":\"Centro de Documentaci\u00f3n Europea de Almer\u00eda\",\"url\":\"https:\\\/\\\/www.cde.ual.es\\\/\",\"logo\":{\"@type\":\"ImageObject\",\"inLanguage\":\"en-US\",\"@id\":\"https:\\\/\\\/www.cde.ual.es\\\/#\\\/schema\\\/logo\\\/image\\\/\",\"url\":\"https:\\\/\\\/www.cde.ual.es\\\/wp-content\\\/uploads\\\/2025\\\/07\\\/cde-logo-3.png\",\"contentUrl\":\"https:\\\/\\\/www.cde.ual.es\\\/wp-content\\\/uploads\\\/2025\\\/07\\\/cde-logo-3.png\",\"width\":1400,\"height\":300,\"caption\":\"Centro de Documentaci\u00f3n Europea de Almer\u00eda\"},\"image\":{\"@id\":\"https:\\\/\\\/www.cde.ual.es\\\/#\\\/schema\\\/logo\\\/image\\\/\"},\"sameAs\":[\"https:\\\/\\\/www.facebook.com\\\/cdeuniversidadalmeria\\\/\",\"https:\\\/\\\/x.com\\\/cdeualmeria\",\"https:\\\/\\\/www.tiktok.com\\\/@cdealmeria\",\"https:\\\/\\\/www.instagram.com\\\/cdealmeria\\\/\",\"https:\\\/\\\/www.linkedin.com\\\/in\\\/cde-almera-812b26a9\\\/\"]},{\"@type\":\"Person\",\"@id\":\"https:\\\/\\\/www.cde.ual.es\\\/#\\\/schema\\\/person\\\/ee46ebc19edfa19598c02cff83335acc\",\"name\":\"BECA 2 CDE\",\"image\":{\"@type\":\"ImageObject\",\"inLanguage\":\"en-US\",\"@id\":\"https:\\\/\\\/secure.gravatar.com\\\/avatar\\\/35a481bbc04bbd90e91bdfa3b0b5541036c222a49b9ad37b6889a2afcb5311a5?s=96&d=mm&r=g\",\"url\":\"https:\\\/\\\/secure.gravatar.com\\\/avatar\\\/35a481bbc04bbd90e91bdfa3b0b5541036c222a49b9ad37b6889a2afcb5311a5?s=96&d=mm&r=g\",\"contentUrl\":\"https:\\\/\\\/secure.gravatar.com\\\/avatar\\\/35a481bbc04bbd90e91bdfa3b0b5541036c222a49b9ad37b6889a2afcb5311a5?s=96&d=mm&r=g\",\"caption\":\"BECA 2 CDE\"},\"sameAs\":[\"http:\\\/\\\/www.cdealmeria.com\"]}]}<\/script>\n<!-- \/ Yoast SEO plugin. -->","yoast_head_json":{"title":"XVI Premio Andaluz de Investigaci\u00f3n sobre Integraci\u00f3n Europea de la RIEA | CDE Almer\u00eda - Centro de Documentaci\u00f3n Europea - Universidad de Almer\u00eda","robots":{"index":"index","follow":"follow","max-snippet":"max-snippet:-1","max-image-preview":"max-image-preview:large","max-video-preview":"max-video-preview:-1"},"canonical":"https:\/\/www.cde.ual.es\/xvi-premio-andaluz-de-investigacion-sobre-integracion-europea-de-la-riea\/","og_locale":"en_US","og_type":"article","og_title":"XVI Premio Andaluz de Investigaci\u00f3n sobre Integraci\u00f3n Europea de la RIEA | CDE Almer\u00eda - Centro de Documentaci\u00f3n Europea - Universidad de Almer\u00eda","og_description":"La Red de Informaci\u00f3n Europea de Andaluc\u00eda convoca el \u201cXVI Premio Andaluz de Investigaci\u00f3n sobre Integraci\u00f3n Europea\u201d, en el marco de las actividades que realiza, con el objetivo de fomentar la investigaci\u00f3n sobre integraci\u00f3n europea y apoyar a los investigadores\/as que trabajan en temas relacionados con la Uni\u00f3n Europea. El Premio tiene por objeto promover [&hellip;]","og_url":"https:\/\/www.cde.ual.es\/xvi-premio-andaluz-de-investigacion-sobre-integracion-europea-de-la-riea\/","og_site_name":"CDE Almer\u00eda - Centro de Documentaci\u00f3n Europea - Universidad de Almer\u00eda","article_publisher":"https:\/\/www.facebook.com\/cdeuniversidadalmeria\/","article_published_time":"2022-01-26T02:00:34+00:00","article_modified_time":"2022-01-30T17:20:49+00:00","og_image":[{"width":300,"height":300,"url":"https:\/\/www.cde.ual.es\/wp-content\/uploads\/2022\/01\/premio-2022-anuncio.gif","type":"image\/gif"}],"author":"BECA 2 CDE","twitter_card":"summary_large_image","twitter_creator":"@cdeualmeria","twitter_site":"@cdeualmeria","twitter_misc":{"Written by":"BECA 2 CDE","Est. reading time":"1 minute"},"schema":{"@context":"https:\/\/schema.org","@graph":[{"@type":"Article","@id":"https:\/\/www.cde.ual.es\/xvi-premio-andaluz-de-investigacion-sobre-integracion-europea-de-la-riea\/#article","isPartOf":{"@id":"https:\/\/www.cde.ual.es\/xvi-premio-andaluz-de-investigacion-sobre-integracion-europea-de-la-riea\/"},"author":{"name":"BECA 2 CDE","@id":"https:\/\/www.cde.ual.es\/#\/schema\/person\/ee46ebc19edfa19598c02cff83335acc"},"headline":"XVI Premio Andaluz de Investigaci\u00f3n sobre Integraci\u00f3n Europea de la RIEA","datePublished":"2022-01-26T02:00:34+00:00","dateModified":"2022-01-30T17:20:49+00:00","mainEntityOfPage":{"@id":"https:\/\/www.cde.ual.es\/xvi-premio-andaluz-de-investigacion-sobre-integracion-europea-de-la-riea\/"},"wordCount":176,"commentCount":0,"publisher":{"@id":"https:\/\/www.cde.ual.es\/#organization"},"image":{"@id":"https:\/\/www.cde.ual.es\/xvi-premio-andaluz-de-investigacion-sobre-integracion-europea-de-la-riea\/#primaryimage"},"thumbnailUrl":"https:\/\/www.cde.ual.es\/wp-content\/uploads\/2022\/01\/premio-2022-anuncio.gif","keywords":["Investigaci\u00f3n","RIEA"],"articleSection":["Actividades","Investigaci\u00f3n e Innovaci\u00f3n","Noticias UE"],"inLanguage":"en-US","potentialAction":[{"@type":"CommentAction","name":"Comment","target":["https:\/\/www.cde.ual.es\/xvi-premio-andaluz-de-investigacion-sobre-integracion-europea-de-la-riea\/#respond"]}]},{"@type":"WebPage","@id":"https:\/\/www.cde.ual.es\/xvi-premio-andaluz-de-investigacion-sobre-integracion-europea-de-la-riea\/","url":"https:\/\/www.cde.ual.es\/xvi-premio-andaluz-de-investigacion-sobre-integracion-europea-de-la-riea\/","name":"XVI Premio Andaluz de Investigaci\u00f3n sobre Integraci\u00f3n Europea de la RIEA | CDE Almer\u00eda - Centro de Documentaci\u00f3n Europea - Universidad de Almer\u00eda","isPartOf":{"@id":"https:\/\/www.cde.ual.es\/#website"},"primaryImageOfPage":{"@id":"https:\/\/www.cde.ual.es\/xvi-premio-andaluz-de-investigacion-sobre-integracion-europea-de-la-riea\/#primaryimage"},"image":{"@id":"https:\/\/www.cde.ual.es\/xvi-premio-andaluz-de-investigacion-sobre-integracion-europea-de-la-riea\/#primaryimage"},"thumbnailUrl":"https:\/\/www.cde.ual.es\/wp-content\/uploads\/2022\/01\/premio-2022-anuncio.gif","datePublished":"2022-01-26T02:00:34+00:00","dateModified":"2022-01-30T17:20:49+00:00","breadcrumb":{"@id":"https:\/\/www.cde.ual.es\/xvi-premio-andaluz-de-investigacion-sobre-integracion-europea-de-la-riea\/#breadcrumb"},"inLanguage":"en-US","potentialAction":[{"@type":"ReadAction","target":["https:\/\/www.cde.ual.es\/xvi-premio-andaluz-de-investigacion-sobre-integracion-europea-de-la-riea\/"]}]},{"@type":"ImageObject","inLanguage":"en-US","@id":"https:\/\/www.cde.ual.es\/xvi-premio-andaluz-de-investigacion-sobre-integracion-europea-de-la-riea\/#primaryimage","url":"https:\/\/www.cde.ual.es\/wp-content\/uploads\/2022\/01\/premio-2022-anuncio.gif","contentUrl":"https:\/\/www.cde.ual.es\/wp-content\/uploads\/2022\/01\/premio-2022-anuncio.gif","width":300,"height":300},{"@type":"BreadcrumbList","@id":"https:\/\/www.cde.ual.es\/xvi-premio-andaluz-de-investigacion-sobre-integracion-europea-de-la-riea\/#breadcrumb","itemListElement":[{"@type":"ListItem","position":1,"name":"Inicio","item":"https:\/\/www.cde.ual.es\/en\/"},{"@type":"ListItem","position":2,"name":"Noticias UE","item":"https:\/\/www.cde.ual.es\/category\/noticias-ue\/"},{"@type":"ListItem","position":3,"name":"Investigaci\u00f3n e Innovaci\u00f3n","item":"https:\/\/www.cde.ual.es\/category\/noticias-ue\/investigacion-innovacion\/"},{"@type":"ListItem","position":4,"name":"XVI Premio Andaluz de Investigaci\u00f3n sobre Integraci\u00f3n Europea de la RIEA"}]},{"@type":"WebSite","@id":"https:\/\/www.cde.ual.es\/#website","url":"https:\/\/www.cde.ual.es\/","name":"CDE Almer\u00eda - Centro de Documentaci\u00f3n Europea - Universidad de Almer\u00eda","description":"Centro de Documentaci\u00f3n Europea de la Universidad de Almer\u00eda","publisher":{"@id":"https:\/\/www.cde.ual.es\/#organization"},"alternateName":"CDE Almer\u00eda","potentialAction":[{"@type":"SearchAction","target":{"@type":"EntryPoint","urlTemplate":"https:\/\/www.cde.ual.es\/?s={search_term_string}"},"query-input":{"@type":"PropertyValueSpecification","valueRequired":true,"valueName":"search_term_string"}}],"inLanguage":"en-US"},{"@type":"Organization","@id":"https:\/\/www.cde.ual.es\/#organization","name":"Centro de Documentaci\u00f3n Europea de Almer\u00eda","url":"https:\/\/www.cde.ual.es\/","logo":{"@type":"ImageObject","inLanguage":"en-US","@id":"https:\/\/www.cde.ual.es\/#\/schema\/logo\/image\/","url":"https:\/\/www.cde.ual.es\/wp-content\/uploads\/2025\/07\/cde-logo-3.png","contentUrl":"https:\/\/www.cde.ual.es\/wp-content\/uploads\/2025\/07\/cde-logo-3.png","width":1400,"height":300,"caption":"Centro de Documentaci\u00f3n Europea de Almer\u00eda"},"image":{"@id":"https:\/\/www.cde.ual.es\/#\/schema\/logo\/image\/"},"sameAs":["https:\/\/www.facebook.com\/cdeuniversidadalmeria\/","https:\/\/x.com\/cdeualmeria","https:\/\/www.tiktok.com\/@cdealmeria","https:\/\/www.instagram.com\/cdealmeria\/","https:\/\/www.linkedin.com\/in\/cde-almera-812b26a9\/"]},{"@type":"Person","@id":"https:\/\/www.cde.ual.es\/#\/schema\/person\/ee46ebc19edfa19598c02cff83335acc","name":"BECA 2 CDE","image":{"@type":"ImageObject","inLanguage":"en-US","@id":"https:\/\/secure.gravatar.com\/avatar\/35a481bbc04bbd90e91bdfa3b0b5541036c222a49b9ad37b6889a2afcb5311a5?s=96&d=mm&r=g","url":"https:\/\/secure.gravatar.com\/avatar\/35a481bbc04bbd90e91bdfa3b0b5541036c222a49b9ad37b6889a2afcb5311a5?s=96&d=mm&r=g","contentUrl":"https:\/\/secure.gravatar.com\/avatar\/35a481bbc04bbd90e91bdfa3b0b5541036c222a49b9ad37b6889a2afcb5311a5?s=96&d=mm&r=g","caption":"BECA 2 CDE"},"sameAs":["http:\/\/www.cdealmeria.com"]}]}},"_links":{"self":[{"href":"https:\/\/www.cde.ual.es\/en\/wp-json\/wp\/v2\/posts\/93801","targetHints":{"allow":["GET"]}}],"collection":[{"href":"https:\/\/www.cde.ual.es\/en\/wp-json\/wp\/v2\/posts"}],"about":[{"href":"https:\/\/www.cde.ual.es\/en\/wp-json\/wp\/v2\/types\/post"}],"author":[{"embeddable":true,"href":"https:\/\/www.cde.ual.es\/en\/wp-json\/wp\/v2\/users\/101011"}],"replies":[{"embeddable":true,"href":"https:\/\/www.cde.ual.es\/en\/wp-json\/wp\/v2\/comments?post=93801"}],"version-history":[{"count":0,"href":"https:\/\/www.cde.ual.es\/en\/wp-json\/wp\/v2\/posts\/93801\/revisions"}],"wp:featuredmedia":[{"embeddable":true,"href":"https:\/\/www.cde.ual.es\/en\/wp-json\/wp\/v2\/media\/93802"}],"wp:attachment":[{"href":"https:\/\/www.cde.ual.es\/en\/wp-json\/wp\/v2\/media?parent=93801"}],"wp:term":[{"taxonomy":"category","embeddable":true,"href":"https:\/\/www.cde.ual.es\/en\/wp-json\/wp\/v2\/categories?post=93801"},{"taxonomy":"post_tag","embeddable":true,"href":"https:\/\/www.cde.ual.es\/en\/wp-json\/wp\/v2\/tags?post=93801"}],"curies":[{"name":"wp","href":"https:\/\/api.w.org\/{rel}","templated":true}]}}