{"id":9368,"date":"2018-10-29T08:30:09","date_gmt":"2018-10-29T07:30:09","guid":{"rendered":"http:\/\/www.cde.ual.es\/?p=9368"},"modified":"2018-10-26T08:37:06","modified_gmt":"2018-10-26T06:37:06","slug":"las-empresas-espanolas-piden-a-los-legisladores-europeos-que-tomen-medidas-para-asegurar-el-libre-comercio-como-fuente-de-crecimiento-economico","status":"publish","type":"post","link":"https:\/\/www.cde.ual.es\/en\/las-empresas-espanolas-piden-a-los-legisladores-europeos-que-tomen-medidas-para-asegurar-el-libre-comercio-como-fuente-de-crecimiento-economico\/","title":{"rendered":"Las empresas espa\u00f1olas piden a los legisladores europeos que tomen medidas para asegurar el libre comercio como fuente de crecimiento econ\u00f3mico"},"content":{"rendered":"<p style=\"text-align: center;\"><a href=\"http:\/\/www.cde.ual.es\/wp-content\/uploads\/2018\/10\/V-PArlamento-Europeo-Empresas.png\"><img decoding=\"async\" class=\"size-medium wp-image-9369 aligncenter\" src=\"http:\/\/www.cde.ual.es\/wp-content\/uploads\/2018\/10\/V-PArlamento-Europeo-Empresas-300x153.png\" alt=\"\" width=\"300\" height=\"153\" srcset=\"https:\/\/www.cde.ual.es\/wp-content\/uploads\/2018\/10\/V-PArlamento-Europeo-Empresas-300x153.png 300w, https:\/\/www.cde.ual.es\/wp-content\/uploads\/2018\/10\/V-PArlamento-Europeo-Empresas-768x391.png 768w, https:\/\/www.cde.ual.es\/wp-content\/uploads\/2018\/10\/V-PArlamento-Europeo-Empresas.png 801w\" sizes=\"(max-width: 300px) 100vw, 300px\" \/><\/a><\/p>\n<p><strong><em><span lang=\"ES-TRAD\">El \u00faltimo\u00a0<\/span><span lang=\"ES\"><a href=\"https:\/\/www.camara.es\/sala-de-prensa\/multimedia\/imagenes\/parlamento-europeo-de-las-empresas-2018\" target=\"_blank\" rel=\"noopener\" data-saferedirecturl=\"https:\/\/www.google.com\/url?q=https:\/\/www.camara.es\/sala-de-prensa\/multimedia\/imagenes\/parlamento-europeo-de-las-empresas-2018&amp;source=gmail&amp;ust=1540620474434000&amp;usg=AFQjCNHQ7xUy_dKwMbsdkk2mFSrbXKUxyQ\"><span lang=\"ES-TRAD\">Parlamento Europeo de Empresas (PEE)<\/span><\/a><\/span><span lang=\"ES-TRAD\">\u00a0de la presente legislatura, que reuni\u00f3 a m\u00e1s de 700 empresarios en el hemiciclo de Bruselas, envi\u00f3 un mensaje claro al debate sobre el futuro de Europa: la UE debe estar abierta a las empresas.<\/span><\/em><\/strong><\/p>\n<p style=\"font-weight: 400;\">El pasado 10 de octubre el Parlamento Europeo de Empresas celebr\u00f3 su V edici\u00f3n con el discurso de apertura \u201cNuevos Retos, Nuevas Oportunidades\u201d pronunciado por el presidente del Parlamento Europeo, Antonio Tajani. Durante el encuentro, legisladores y empresarios abordaron los desaf\u00edos a los que han de enfrentarse las empresas europeas hoy en d\u00eda; desde la escasez de mano de obra cualificada, hasta maximizar los beneficios de la pol\u00edtica comercial de la UE. Adem\u00e1s, analizaron las formas de aprovechar los nuevos retos que se plantean para garantizar que la UE siga estando &#8220;lista para los negocios&#8221;, fortalecida por un mercado \u00fanico y s\u00f3lido y con una econom\u00eda estable.<\/p>\n<p style=\"font-weight: 400;\">Para el reto de la cualificaci\u00f3n de la mano de obra, las empresas europeas subrayaron su voluntad de contribuir al desarrollo de programas educativos, con el objetivo de poder contratar personal con las capacidades necesarias y reducir el desajuste entre oferta y demanda en materia de competencias profesionales. Un problema que afecta a toda Europa que merece una respuesta coordinada.<\/p>\n<p style=\"font-weight: 400;\">Adem\u00e1s, advirtieron que la UE no debe bajar la guardia y debe realizar m\u00e1s esfuerzos para que las Peque\u00f1as y Medianas Empresas europeas puedan beneficiarse plenamente de los mercados abiertos. Esto se deber\u00eda aplicar tanto a las normas sustantivas de los acuerdos de libre comercio de la UE, como a facilitar a las PYMES el cumplimiento de las reglas de origen (RoO). As\u00ed, la comisaria Malmstr\u00f6m reafirm\u00f3 el compromiso de la UE de defender el multilateralismo, trabajar m\u00e1s para implementar los acuerdos y continuar con una ambiciosa agenda de negociaciones comerciales.<\/p>\n","protected":false},"excerpt":{"rendered":"<p>El \u00faltimo\u00a0Parlamento Europeo de Empresas (PEE)\u00a0de la presente legislatura, que reuni\u00f3 a m\u00e1s de 700 empresarios en el hemiciclo de Bruselas, envi\u00f3 un mensaje claro al debate sobre el futuro de Europa: la UE debe estar abierta a las empresas. El pasado 10 de octubre el Parlamento Europeo de Empresas celebr\u00f3 su V edici\u00f3n con [&hellip;]<\/p>\n","protected":false},"author":1,"featured_media":9369,"comment_status":"open","ping_status":"open","sticky":false,"template":"","format":"standard","meta":{"_acf_changed":false,"_relevanssi_hide_post":"","_relevanssi_hide_content":"","_relevanssi_pin_for_all":"","_relevanssi_pin_keywords":"","_relevanssi_unpin_keywords":"","_relevanssi_related_keywords":"","_relevanssi_related_include_ids":"","_relevanssi_related_exclude_ids":"","_relevanssi_related_no_append":"","_relevanssi_related_not_related":"","_relevanssi_related_posts":"","_relevanssi_noindex_reason":"","_monsterinsights_skip_tracking":false,"_monsterinsights_sitenote_active":false,"_monsterinsights_sitenote_note":"","_monsterinsights_sitenote_category":0,"_genesis_hide_title":false,"_genesis_hide_breadcrumbs":false,"_genesis_hide_singular_image":false,"_genesis_hide_footer_widgets":false,"_genesis_custom_body_class":"","_genesis_custom_post_class":"","_genesis_layout":"","footnotes":""},"categories":[96],"tags":[126,181],"class_list":{"0":"post-9368","1":"post","2":"type-post","3":"status-publish","4":"format-standard","5":"has-post-thumbnail","7":"category-noticias-ue","8":"tag-competitividad-empresa","9":"tag-pymes","10":"entry"},"acf":[],"yoast_head":"<!-- This site is optimized with the Yoast SEO plugin v27.4 - https:\/\/yoast.com\/product\/yoast-seo-wordpress\/ -->\n<title>Las empresas espa\u00f1olas piden a los legisladores europeos que tomen medidas para asegurar el libre comercio como fuente de crecimiento econ\u00f3mico | CDE Almer\u00eda - Centro de Documentaci\u00f3n Europea - Universidad de Almer\u00eda<\/title>\n<meta name=\"robots\" content=\"index, follow, max-snippet:-1, max-image-preview:large, max-video-preview:-1\" \/>\n<link rel=\"canonical\" href=\"https:\/\/www.cde.ual.es\/las-empresas-espanolas-piden-a-los-legisladores-europeos-que-tomen-medidas-para-asegurar-el-libre-comercio-como-fuente-de-crecimiento-economico\/\" \/>\n<meta property=\"og:locale\" content=\"en_US\" \/>\n<meta property=\"og:type\" content=\"article\" \/>\n<meta property=\"og:title\" content=\"Las empresas espa\u00f1olas piden a los legisladores europeos que tomen medidas para asegurar el libre comercio como fuente de crecimiento econ\u00f3mico | CDE Almer\u00eda - Centro de Documentaci\u00f3n Europea - Universidad de Almer\u00eda\" \/>\n<meta property=\"og:description\" content=\"El \u00faltimo\u00a0Parlamento Europeo de Empresas (PEE)\u00a0de la presente legislatura, que reuni\u00f3 a m\u00e1s de 700 empresarios en el hemiciclo de Bruselas, envi\u00f3 un mensaje claro al debate sobre el futuro de Europa: la UE debe estar abierta a las empresas. El pasado 10 de octubre el Parlamento Europeo de Empresas celebr\u00f3 su V edici\u00f3n con [&hellip;]\" \/>\n<meta property=\"og:url\" content=\"https:\/\/www.cde.ual.es\/las-empresas-espanolas-piden-a-los-legisladores-europeos-que-tomen-medidas-para-asegurar-el-libre-comercio-como-fuente-de-crecimiento-economico\/\" \/>\n<meta property=\"og:site_name\" content=\"CDE Almer\u00eda - Centro de Documentaci\u00f3n Europea - Universidad de Almer\u00eda\" \/>\n<meta property=\"article:publisher\" content=\"https:\/\/www.facebook.com\/cdeuniversidadalmeria\/\" \/>\n<meta property=\"article:published_time\" content=\"2018-10-29T07:30:09+00:00\" \/>\n<meta property=\"og:image\" content=\"https:\/\/www.cde.ual.es\/wp-content\/uploads\/2018\/10\/V-PArlamento-Europeo-Empresas.png\" \/>\n\t<meta property=\"og:image:width\" content=\"801\" \/>\n\t<meta property=\"og:image:height\" content=\"408\" \/>\n\t<meta property=\"og:image:type\" content=\"image\/png\" \/>\n<meta name=\"author\" content=\"AdminCDE\" \/>\n<meta name=\"twitter:card\" content=\"summary_large_image\" \/>\n<meta name=\"twitter:creator\" content=\"@cdeualmeria\" \/>\n<meta name=\"twitter:site\" content=\"@cdeualmeria\" \/>\n<meta name=\"twitter:label1\" content=\"Written by\" \/>\n\t<meta name=\"twitter:data1\" content=\"AdminCDE\" \/>\n\t<meta name=\"twitter:label2\" content=\"Est. reading time\" \/>\n\t<meta name=\"twitter:data2\" content=\"2 minutes\" \/>\n<script type=\"application\/ld+json\" class=\"yoast-schema-graph\">{\"@context\":\"https:\\\/\\\/schema.org\",\"@graph\":[{\"@type\":\"Article\",\"@id\":\"https:\\\/\\\/www.cde.ual.es\\\/las-empresas-espanolas-piden-a-los-legisladores-europeos-que-tomen-medidas-para-asegurar-el-libre-comercio-como-fuente-de-crecimiento-economico\\\/#article\",\"isPartOf\":{\"@id\":\"https:\\\/\\\/www.cde.ual.es\\\/las-empresas-espanolas-piden-a-los-legisladores-europeos-que-tomen-medidas-para-asegurar-el-libre-comercio-como-fuente-de-crecimiento-economico\\\/\"},\"author\":{\"name\":\"AdminCDE\",\"@id\":\"https:\\\/\\\/www.cde.ual.es\\\/#\\\/schema\\\/person\\\/224ef08c8bcc005f319d2713ce37ee5f\"},\"headline\":\"Las empresas espa\u00f1olas piden a los legisladores europeos que tomen medidas para asegurar el libre comercio como fuente de crecimiento econ\u00f3mico\",\"datePublished\":\"2018-10-29T07:30:09+00:00\",\"mainEntityOfPage\":{\"@id\":\"https:\\\/\\\/www.cde.ual.es\\\/las-empresas-espanolas-piden-a-los-legisladores-europeos-que-tomen-medidas-para-asegurar-el-libre-comercio-como-fuente-de-crecimiento-economico\\\/\"},\"wordCount\":336,\"commentCount\":0,\"publisher\":{\"@id\":\"https:\\\/\\\/www.cde.ual.es\\\/#organization\"},\"image\":{\"@id\":\"https:\\\/\\\/www.cde.ual.es\\\/las-empresas-espanolas-piden-a-los-legisladores-europeos-que-tomen-medidas-para-asegurar-el-libre-comercio-como-fuente-de-crecimiento-economico\\\/#primaryimage\"},\"thumbnailUrl\":\"https:\\\/\\\/www.cde.ual.es\\\/wp-content\\\/uploads\\\/2018\\\/10\\\/V-PArlamento-Europeo-Empresas.png\",\"keywords\":[\"Mercado en la Uni\u00f3n Europea\",\"PyMEs\"],\"articleSection\":[\"Noticias UE\"],\"inLanguage\":\"en-US\",\"potentialAction\":[{\"@type\":\"CommentAction\",\"name\":\"Comment\",\"target\":[\"https:\\\/\\\/www.cde.ual.es\\\/las-empresas-espanolas-piden-a-los-legisladores-europeos-que-tomen-medidas-para-asegurar-el-libre-comercio-como-fuente-de-crecimiento-economico\\\/#respond\"]}]},{\"@type\":\"WebPage\",\"@id\":\"https:\\\/\\\/www.cde.ual.es\\\/las-empresas-espanolas-piden-a-los-legisladores-europeos-que-tomen-medidas-para-asegurar-el-libre-comercio-como-fuente-de-crecimiento-economico\\\/\",\"url\":\"https:\\\/\\\/www.cde.ual.es\\\/las-empresas-espanolas-piden-a-los-legisladores-europeos-que-tomen-medidas-para-asegurar-el-libre-comercio-como-fuente-de-crecimiento-economico\\\/\",\"name\":\"Las empresas espa\u00f1olas piden a los legisladores europeos que tomen medidas para asegurar el libre comercio como fuente de crecimiento econ\u00f3mico | CDE Almer\u00eda - Centro de Documentaci\u00f3n Europea - Universidad de Almer\u00eda\",\"isPartOf\":{\"@id\":\"https:\\\/\\\/www.cde.ual.es\\\/#website\"},\"primaryImageOfPage\":{\"@id\":\"https:\\\/\\\/www.cde.ual.es\\\/las-empresas-espanolas-piden-a-los-legisladores-europeos-que-tomen-medidas-para-asegurar-el-libre-comercio-como-fuente-de-crecimiento-economico\\\/#primaryimage\"},\"image\":{\"@id\":\"https:\\\/\\\/www.cde.ual.es\\\/las-empresas-espanolas-piden-a-los-legisladores-europeos-que-tomen-medidas-para-asegurar-el-libre-comercio-como-fuente-de-crecimiento-economico\\\/#primaryimage\"},\"thumbnailUrl\":\"https:\\\/\\\/www.cde.ual.es\\\/wp-content\\\/uploads\\\/2018\\\/10\\\/V-PArlamento-Europeo-Empresas.png\",\"datePublished\":\"2018-10-29T07:30:09+00:00\",\"breadcrumb\":{\"@id\":\"https:\\\/\\\/www.cde.ual.es\\\/las-empresas-espanolas-piden-a-los-legisladores-europeos-que-tomen-medidas-para-asegurar-el-libre-comercio-como-fuente-de-crecimiento-economico\\\/#breadcrumb\"},\"inLanguage\":\"en-US\",\"potentialAction\":[{\"@type\":\"ReadAction\",\"target\":[\"https:\\\/\\\/www.cde.ual.es\\\/las-empresas-espanolas-piden-a-los-legisladores-europeos-que-tomen-medidas-para-asegurar-el-libre-comercio-como-fuente-de-crecimiento-economico\\\/\"]}]},{\"@type\":\"ImageObject\",\"inLanguage\":\"en-US\",\"@id\":\"https:\\\/\\\/www.cde.ual.es\\\/las-empresas-espanolas-piden-a-los-legisladores-europeos-que-tomen-medidas-para-asegurar-el-libre-comercio-como-fuente-de-crecimiento-economico\\\/#primaryimage\",\"url\":\"https:\\\/\\\/www.cde.ual.es\\\/wp-content\\\/uploads\\\/2018\\\/10\\\/V-PArlamento-Europeo-Empresas.png\",\"contentUrl\":\"https:\\\/\\\/www.cde.ual.es\\\/wp-content\\\/uploads\\\/2018\\\/10\\\/V-PArlamento-Europeo-Empresas.png\",\"width\":801,\"height\":408},{\"@type\":\"BreadcrumbList\",\"@id\":\"https:\\\/\\\/www.cde.ual.es\\\/las-empresas-espanolas-piden-a-los-legisladores-europeos-que-tomen-medidas-para-asegurar-el-libre-comercio-como-fuente-de-crecimiento-economico\\\/#breadcrumb\",\"itemListElement\":[{\"@type\":\"ListItem\",\"position\":1,\"name\":\"Inicio\",\"item\":\"https:\\\/\\\/www.cde.ual.es\\\/en\\\/\"},{\"@type\":\"ListItem\",\"position\":2,\"name\":\"Noticias UE\",\"item\":\"https:\\\/\\\/www.cde.ual.es\\\/category\\\/noticias-ue\\\/\"},{\"@type\":\"ListItem\",\"position\":3,\"name\":\"Las empresas espa\u00f1olas piden a los legisladores europeos que tomen medidas para asegurar el libre comercio como fuente de crecimiento econ\u00f3mico\"}]},{\"@type\":\"WebSite\",\"@id\":\"https:\\\/\\\/www.cde.ual.es\\\/#website\",\"url\":\"https:\\\/\\\/www.cde.ual.es\\\/\",\"name\":\"CDE Almer\u00eda - Centro de Documentaci\u00f3n Europea - Universidad de Almer\u00eda\",\"description\":\"Centro de Documentaci\u00f3n Europea de la Universidad de Almer\u00eda\",\"publisher\":{\"@id\":\"https:\\\/\\\/www.cde.ual.es\\\/#organization\"},\"alternateName\":\"CDE Almer\u00eda\",\"potentialAction\":[{\"@type\":\"SearchAction\",\"target\":{\"@type\":\"EntryPoint\",\"urlTemplate\":\"https:\\\/\\\/www.cde.ual.es\\\/?s={search_term_string}\"},\"query-input\":{\"@type\":\"PropertyValueSpecification\",\"valueRequired\":true,\"valueName\":\"search_term_string\"}}],\"inLanguage\":\"en-US\"},{\"@type\":\"Organization\",\"@id\":\"https:\\\/\\\/www.cde.ual.es\\\/#organization\",\"name\":\"Centro de Documentaci\u00f3n Europea de Almer\u00eda\",\"url\":\"https:\\\/\\\/www.cde.ual.es\\\/\",\"logo\":{\"@type\":\"ImageObject\",\"inLanguage\":\"en-US\",\"@id\":\"https:\\\/\\\/www.cde.ual.es\\\/#\\\/schema\\\/logo\\\/image\\\/\",\"url\":\"https:\\\/\\\/www.cde.ual.es\\\/wp-content\\\/uploads\\\/2025\\\/07\\\/cde-logo-3.png\",\"contentUrl\":\"https:\\\/\\\/www.cde.ual.es\\\/wp-content\\\/uploads\\\/2025\\\/07\\\/cde-logo-3.png\",\"width\":1400,\"height\":300,\"caption\":\"Centro de Documentaci\u00f3n Europea de Almer\u00eda\"},\"image\":{\"@id\":\"https:\\\/\\\/www.cde.ual.es\\\/#\\\/schema\\\/logo\\\/image\\\/\"},\"sameAs\":[\"https:\\\/\\\/www.facebook.com\\\/cdeuniversidadalmeria\\\/\",\"https:\\\/\\\/x.com\\\/cdeualmeria\",\"https:\\\/\\\/www.tiktok.com\\\/@cdealmeria\",\"https:\\\/\\\/www.instagram.com\\\/cdealmeria\\\/\",\"https:\\\/\\\/www.linkedin.com\\\/in\\\/cde-almera-812b26a9\\\/\"]},{\"@type\":\"Person\",\"@id\":\"https:\\\/\\\/www.cde.ual.es\\\/#\\\/schema\\\/person\\\/224ef08c8bcc005f319d2713ce37ee5f\",\"name\":\"AdminCDE\",\"image\":{\"@type\":\"ImageObject\",\"inLanguage\":\"en-US\",\"@id\":\"https:\\\/\\\/secure.gravatar.com\\\/avatar\\\/a72d038d371f995cd13706fac32274b7952a52e8fb0a84b5f80c85426f2a98a8?s=96&d=mm&r=g\",\"url\":\"https:\\\/\\\/secure.gravatar.com\\\/avatar\\\/a72d038d371f995cd13706fac32274b7952a52e8fb0a84b5f80c85426f2a98a8?s=96&d=mm&r=g\",\"contentUrl\":\"https:\\\/\\\/secure.gravatar.com\\\/avatar\\\/a72d038d371f995cd13706fac32274b7952a52e8fb0a84b5f80c85426f2a98a8?s=96&d=mm&r=g\",\"caption\":\"AdminCDE\"}}]}<\/script>\n<!-- \/ Yoast SEO plugin. -->","yoast_head_json":{"title":"Las empresas espa\u00f1olas piden a los legisladores europeos que tomen medidas para asegurar el libre comercio como fuente de crecimiento econ\u00f3mico | CDE Almer\u00eda - Centro de Documentaci\u00f3n Europea - Universidad de Almer\u00eda","robots":{"index":"index","follow":"follow","max-snippet":"max-snippet:-1","max-image-preview":"max-image-preview:large","max-video-preview":"max-video-preview:-1"},"canonical":"https:\/\/www.cde.ual.es\/las-empresas-espanolas-piden-a-los-legisladores-europeos-que-tomen-medidas-para-asegurar-el-libre-comercio-como-fuente-de-crecimiento-economico\/","og_locale":"en_US","og_type":"article","og_title":"Las empresas espa\u00f1olas piden a los legisladores europeos que tomen medidas para asegurar el libre comercio como fuente de crecimiento econ\u00f3mico | CDE Almer\u00eda - Centro de Documentaci\u00f3n Europea - Universidad de Almer\u00eda","og_description":"El \u00faltimo\u00a0Parlamento Europeo de Empresas (PEE)\u00a0de la presente legislatura, que reuni\u00f3 a m\u00e1s de 700 empresarios en el hemiciclo de Bruselas, envi\u00f3 un mensaje claro al debate sobre el futuro de Europa: la UE debe estar abierta a las empresas. El pasado 10 de octubre el Parlamento Europeo de Empresas celebr\u00f3 su V edici\u00f3n con [&hellip;]","og_url":"https:\/\/www.cde.ual.es\/las-empresas-espanolas-piden-a-los-legisladores-europeos-que-tomen-medidas-para-asegurar-el-libre-comercio-como-fuente-de-crecimiento-economico\/","og_site_name":"CDE Almer\u00eda - Centro de Documentaci\u00f3n Europea - Universidad de Almer\u00eda","article_publisher":"https:\/\/www.facebook.com\/cdeuniversidadalmeria\/","article_published_time":"2018-10-29T07:30:09+00:00","og_image":[{"width":801,"height":408,"url":"https:\/\/www.cde.ual.es\/wp-content\/uploads\/2018\/10\/V-PArlamento-Europeo-Empresas.png","type":"image\/png"}],"author":"AdminCDE","twitter_card":"summary_large_image","twitter_creator":"@cdeualmeria","twitter_site":"@cdeualmeria","twitter_misc":{"Written by":"AdminCDE","Est. reading time":"2 minutes"},"schema":{"@context":"https:\/\/schema.org","@graph":[{"@type":"Article","@id":"https:\/\/www.cde.ual.es\/las-empresas-espanolas-piden-a-los-legisladores-europeos-que-tomen-medidas-para-asegurar-el-libre-comercio-como-fuente-de-crecimiento-economico\/#article","isPartOf":{"@id":"https:\/\/www.cde.ual.es\/las-empresas-espanolas-piden-a-los-legisladores-europeos-que-tomen-medidas-para-asegurar-el-libre-comercio-como-fuente-de-crecimiento-economico\/"},"author":{"name":"AdminCDE","@id":"https:\/\/www.cde.ual.es\/#\/schema\/person\/224ef08c8bcc005f319d2713ce37ee5f"},"headline":"Las empresas espa\u00f1olas piden a los legisladores europeos que tomen medidas para asegurar el libre comercio como fuente de crecimiento econ\u00f3mico","datePublished":"2018-10-29T07:30:09+00:00","mainEntityOfPage":{"@id":"https:\/\/www.cde.ual.es\/las-empresas-espanolas-piden-a-los-legisladores-europeos-que-tomen-medidas-para-asegurar-el-libre-comercio-como-fuente-de-crecimiento-economico\/"},"wordCount":336,"commentCount":0,"publisher":{"@id":"https:\/\/www.cde.ual.es\/#organization"},"image":{"@id":"https:\/\/www.cde.ual.es\/las-empresas-espanolas-piden-a-los-legisladores-europeos-que-tomen-medidas-para-asegurar-el-libre-comercio-como-fuente-de-crecimiento-economico\/#primaryimage"},"thumbnailUrl":"https:\/\/www.cde.ual.es\/wp-content\/uploads\/2018\/10\/V-PArlamento-Europeo-Empresas.png","keywords":["Mercado en la Uni\u00f3n Europea","PyMEs"],"articleSection":["Noticias UE"],"inLanguage":"en-US","potentialAction":[{"@type":"CommentAction","name":"Comment","target":["https:\/\/www.cde.ual.es\/las-empresas-espanolas-piden-a-los-legisladores-europeos-que-tomen-medidas-para-asegurar-el-libre-comercio-como-fuente-de-crecimiento-economico\/#respond"]}]},{"@type":"WebPage","@id":"https:\/\/www.cde.ual.es\/las-empresas-espanolas-piden-a-los-legisladores-europeos-que-tomen-medidas-para-asegurar-el-libre-comercio-como-fuente-de-crecimiento-economico\/","url":"https:\/\/www.cde.ual.es\/las-empresas-espanolas-piden-a-los-legisladores-europeos-que-tomen-medidas-para-asegurar-el-libre-comercio-como-fuente-de-crecimiento-economico\/","name":"Las empresas espa\u00f1olas piden a los legisladores europeos que tomen medidas para asegurar el libre comercio como fuente de crecimiento econ\u00f3mico | CDE Almer\u00eda - Centro de Documentaci\u00f3n Europea - Universidad de Almer\u00eda","isPartOf":{"@id":"https:\/\/www.cde.ual.es\/#website"},"primaryImageOfPage":{"@id":"https:\/\/www.cde.ual.es\/las-empresas-espanolas-piden-a-los-legisladores-europeos-que-tomen-medidas-para-asegurar-el-libre-comercio-como-fuente-de-crecimiento-economico\/#primaryimage"},"image":{"@id":"https:\/\/www.cde.ual.es\/las-empresas-espanolas-piden-a-los-legisladores-europeos-que-tomen-medidas-para-asegurar-el-libre-comercio-como-fuente-de-crecimiento-economico\/#primaryimage"},"thumbnailUrl":"https:\/\/www.cde.ual.es\/wp-content\/uploads\/2018\/10\/V-PArlamento-Europeo-Empresas.png","datePublished":"2018-10-29T07:30:09+00:00","breadcrumb":{"@id":"https:\/\/www.cde.ual.es\/las-empresas-espanolas-piden-a-los-legisladores-europeos-que-tomen-medidas-para-asegurar-el-libre-comercio-como-fuente-de-crecimiento-economico\/#breadcrumb"},"inLanguage":"en-US","potentialAction":[{"@type":"ReadAction","target":["https:\/\/www.cde.ual.es\/las-empresas-espanolas-piden-a-los-legisladores-europeos-que-tomen-medidas-para-asegurar-el-libre-comercio-como-fuente-de-crecimiento-economico\/"]}]},{"@type":"ImageObject","inLanguage":"en-US","@id":"https:\/\/www.cde.ual.es\/las-empresas-espanolas-piden-a-los-legisladores-europeos-que-tomen-medidas-para-asegurar-el-libre-comercio-como-fuente-de-crecimiento-economico\/#primaryimage","url":"https:\/\/www.cde.ual.es\/wp-content\/uploads\/2018\/10\/V-PArlamento-Europeo-Empresas.png","contentUrl":"https:\/\/www.cde.ual.es\/wp-content\/uploads\/2018\/10\/V-PArlamento-Europeo-Empresas.png","width":801,"height":408},{"@type":"BreadcrumbList","@id":"https:\/\/www.cde.ual.es\/las-empresas-espanolas-piden-a-los-legisladores-europeos-que-tomen-medidas-para-asegurar-el-libre-comercio-como-fuente-de-crecimiento-economico\/#breadcrumb","itemListElement":[{"@type":"ListItem","position":1,"name":"Inicio","item":"https:\/\/www.cde.ual.es\/en\/"},{"@type":"ListItem","position":2,"name":"Noticias UE","item":"https:\/\/www.cde.ual.es\/category\/noticias-ue\/"},{"@type":"ListItem","position":3,"name":"Las empresas espa\u00f1olas piden a los legisladores europeos que tomen medidas para asegurar el libre comercio como fuente de crecimiento econ\u00f3mico"}]},{"@type":"WebSite","@id":"https:\/\/www.cde.ual.es\/#website","url":"https:\/\/www.cde.ual.es\/","name":"CDE Almer\u00eda - Centro de Documentaci\u00f3n Europea - Universidad de Almer\u00eda","description":"Centro de Documentaci\u00f3n Europea de la Universidad de Almer\u00eda","publisher":{"@id":"https:\/\/www.cde.ual.es\/#organization"},"alternateName":"CDE Almer\u00eda","potentialAction":[{"@type":"SearchAction","target":{"@type":"EntryPoint","urlTemplate":"https:\/\/www.cde.ual.es\/?s={search_term_string}"},"query-input":{"@type":"PropertyValueSpecification","valueRequired":true,"valueName":"search_term_string"}}],"inLanguage":"en-US"},{"@type":"Organization","@id":"https:\/\/www.cde.ual.es\/#organization","name":"Centro de Documentaci\u00f3n Europea de Almer\u00eda","url":"https:\/\/www.cde.ual.es\/","logo":{"@type":"ImageObject","inLanguage":"en-US","@id":"https:\/\/www.cde.ual.es\/#\/schema\/logo\/image\/","url":"https:\/\/www.cde.ual.es\/wp-content\/uploads\/2025\/07\/cde-logo-3.png","contentUrl":"https:\/\/www.cde.ual.es\/wp-content\/uploads\/2025\/07\/cde-logo-3.png","width":1400,"height":300,"caption":"Centro de Documentaci\u00f3n Europea de Almer\u00eda"},"image":{"@id":"https:\/\/www.cde.ual.es\/#\/schema\/logo\/image\/"},"sameAs":["https:\/\/www.facebook.com\/cdeuniversidadalmeria\/","https:\/\/x.com\/cdeualmeria","https:\/\/www.tiktok.com\/@cdealmeria","https:\/\/www.instagram.com\/cdealmeria\/","https:\/\/www.linkedin.com\/in\/cde-almera-812b26a9\/"]},{"@type":"Person","@id":"https:\/\/www.cde.ual.es\/#\/schema\/person\/224ef08c8bcc005f319d2713ce37ee5f","name":"AdminCDE","image":{"@type":"ImageObject","inLanguage":"en-US","@id":"https:\/\/secure.gravatar.com\/avatar\/a72d038d371f995cd13706fac32274b7952a52e8fb0a84b5f80c85426f2a98a8?s=96&d=mm&r=g","url":"https:\/\/secure.gravatar.com\/avatar\/a72d038d371f995cd13706fac32274b7952a52e8fb0a84b5f80c85426f2a98a8?s=96&d=mm&r=g","contentUrl":"https:\/\/secure.gravatar.com\/avatar\/a72d038d371f995cd13706fac32274b7952a52e8fb0a84b5f80c85426f2a98a8?s=96&d=mm&r=g","caption":"AdminCDE"}}]}},"_links":{"self":[{"href":"https:\/\/www.cde.ual.es\/en\/wp-json\/wp\/v2\/posts\/9368","targetHints":{"allow":["GET"]}}],"collection":[{"href":"https:\/\/www.cde.ual.es\/en\/wp-json\/wp\/v2\/posts"}],"about":[{"href":"https:\/\/www.cde.ual.es\/en\/wp-json\/wp\/v2\/types\/post"}],"author":[{"embeddable":true,"href":"https:\/\/www.cde.ual.es\/en\/wp-json\/wp\/v2\/users\/1"}],"replies":[{"embeddable":true,"href":"https:\/\/www.cde.ual.es\/en\/wp-json\/wp\/v2\/comments?post=9368"}],"version-history":[{"count":0,"href":"https:\/\/www.cde.ual.es\/en\/wp-json\/wp\/v2\/posts\/9368\/revisions"}],"wp:featuredmedia":[{"embeddable":true,"href":"https:\/\/www.cde.ual.es\/en\/wp-json\/wp\/v2\/media\/9369"}],"wp:attachment":[{"href":"https:\/\/www.cde.ual.es\/en\/wp-json\/wp\/v2\/media?parent=9368"}],"wp:term":[{"taxonomy":"category","embeddable":true,"href":"https:\/\/www.cde.ual.es\/en\/wp-json\/wp\/v2\/categories?post=9368"},{"taxonomy":"post_tag","embeddable":true,"href":"https:\/\/www.cde.ual.es\/en\/wp-json\/wp\/v2\/tags?post=9368"}],"curies":[{"name":"wp","href":"https:\/\/api.w.org\/{rel}","templated":true}]}}