{"id":9364,"date":"2018-10-26T08:28:35","date_gmt":"2018-10-26T06:28:35","guid":{"rendered":"http:\/\/www.cde.ual.es\/?p=9364"},"modified":"2018-11-14T13:58:21","modified_gmt":"2018-11-14T12:58:21","slug":"se-pone-en-marcha-selfie-la-nueva-herramienta-de-apoyo-a-la-ensenanza-y-el-aprendizaje-digital-en-las-escuelas","status":"publish","type":"post","link":"https:\/\/www.cde.ual.es\/en\/se-pone-en-marcha-selfie-la-nueva-herramienta-de-apoyo-a-la-ensenanza-y-el-aprendizaje-digital-en-las-escuelas\/","title":{"rendered":"Se pone en marcha SELFIE, la nueva herramienta de apoyo a la ense\u00f1anza y el aprendizaje digital en las escuelas"},"content":{"rendered":"<p><a href=\"http:\/\/www.cde.ual.es\/wp-content\/uploads\/2018\/10\/SELFIE.png\"><img decoding=\"async\" class=\"size-medium wp-image-9365 aligncenter\" src=\"http:\/\/www.cde.ual.es\/wp-content\/uploads\/2018\/10\/SELFIE-300x196.png\" alt=\"\" width=\"300\" height=\"196\" srcset=\"https:\/\/www.cde.ual.es\/wp-content\/uploads\/2018\/10\/SELFIE-300x196.png 300w, https:\/\/www.cde.ual.es\/wp-content\/uploads\/2018\/10\/SELFIE.png 515w\" sizes=\"(max-width: 300px) 100vw, 300px\" \/><\/a><\/p>\n<p style=\"font-weight: 400;\"><em><strong>La Comisi\u00f3n ha desarrollado una nueva herramienta para asistir a todos los colegios de la UE, Rusia, Georgia y Serbia en la evaluaci\u00f3n del uso de las tecnolog\u00edas digitales en las escuelas.\u00a0<\/strong><\/em><\/p>\n<h3>\u00bfQu\u00e9 es SELFIE?<\/h3>\n<p style=\"font-weight: 400;\"><a href=\"http:\/\/ec.europa.eu\/education\/node\/228_es\" data-saferedirecturl=\"https:\/\/www.google.com\/url?q=http:\/\/ec.europa.eu\/education\/node\/228_es&amp;source=gmail&amp;ust=1540620474434000&amp;usg=AFQjCNFLQA5qKltAapQ0NAJeCwodWBv4XQ\">SELFIE<\/a>\u00a0(cuyas siglas en ingles significan \u201creflexi\u00f3n personal sobre un aprendizaje efectivo mediante el fomento de la innovaci\u00f3n a trav\u00e9s de tecnolog\u00edas educativas\u201d) es una herramienta dise\u00f1ada para ayudar a los centros educativos a integrar las tecnolog\u00edas digitales en la docencia, el aprendizaje y la evaluaci\u00f3n del alumnado. Se trata de una de las 11 iniciativas del marco de la Comisi\u00f3n Europea relativo a la promoci\u00f3n del aprendizaje en la era digital en las instituciones educativas. Este\u00a0<a href=\"http:\/\/ec.europa.eu\/education\/education-in-the-eu\/digital-education-action-plan_en\" data-saferedirecturl=\"https:\/\/www.google.com\/url?q=http:\/\/ec.europa.eu\/education\/education-in-the-eu\/digital-education-action-plan_en&amp;source=gmail&amp;ust=1540620474434000&amp;usg=AFQjCNGqYvBGgEii9UiXaGd47jZBXKmPyQ\">Plan de Acci\u00f3n<\/a>\u00a0pretende potenciar las habilidades digitales en Europa y apoyar el uso innovador de las tecnolog\u00edas digitales en la ense\u00f1anza y el aprendizaje.<\/p>\n<p style=\"font-weight: 400;\">La herramienta ha sido desarrollada en colaboraci\u00f3n con un equipo de expertos de centros educativos, ministerios de educaci\u00f3n e instituciones de investigaci\u00f3n de toda Europa\u00a0<em>(como la European Training Foundation, El Centro Europeo para el Desarrollo de Formaci\u00f3n Vocacional (CEDEFOP) y el Instituto de la UNESCO para la Utilizaci\u00f3n de las tecnolog\u00edas de la Informaci\u00f3n en la Educaci\u00f3n)<\/em>. SELFIE re\u00fane de forma an\u00f3nima las opiniones del alumnado, profesorado y equipo directivo sobre el modo en que se utiliza la tecnolog\u00eda en el centro. La herramienta genera un informe (una instant\u00e1nea SELFIE) de los puntos fuertes y d\u00e9biles del centro, en relaci\u00f3n con el uso que realiza de las tecnolog\u00edas digitales para la docencia y el aprendizaje. La herramienta se puede personalizar y adaptar a cada centro y utilizar en momentos posteriores para evaluar los avances realizados y ajustar, en consecuencia, el plan de acci\u00f3n.<\/p>\n<h3>Caractet\u00edsticas<\/h3>\n<div class=\"container-fixed\"><\/div>\n<div class=\"container-fixed\">\n<div class=\"row\">\n<ul>\n<li>SELFIE implica a toda la comunidad educativa \u2013equipo directivo, profesorado y alumnado- en un proceso de 360 grados que abarca numerosos \u00e1mbitos de la pr\u00e1ctica escolar.<\/li>\n<li>\u00a0\u00a0SELFIE permite a todos los participantes responder a preguntas que se ajusten a su experiencia en calidad de alumnado, profesorado o miembros del equipo directivo.<\/li>\n<li>\u00a0SELFIE es gratuito. Las respuestas est\u00e1n anonimizadas y los datos son seguros.<\/li>\n<\/ul>\n<p>Podr\u00e1 realizar la evaluaci\u00f3n desde un ordenador, tableta o m\u00f3vil.<\/p>\n<p>Una vez finalizado el ejercicio de autoreflexi\u00f3n atrav\u00e9s de SELFIE, cada centro recibir\u00e1 un informe personalizado e interactivo con informaci\u00f3n detallada y una r\u00e1pida visi\u00f3n de conjunto sobre sus fortalezas y debilidades.<\/p>\n<\/div>\n<\/div>\n<h3>Antecedentes<\/h3>\n<p style=\"font-weight: 400;\">La primera versi\u00f3n de SELFIE fue probada el a\u00f1o pasado en 650 colegios de 14 pa\u00edses y gener\u00f3 unas 67.000 sugerencias sobre c\u00f3mo simplificar y mejorar la herramienta. Estas valoraciones se han tenido en cuenta para la versi\u00f3n que se pone en marcha ahora. S\u00f3lo en la UE y siempre con car\u00e1cter voluntario, la herramienta podr\u00e1 servir a unos 76.7 millones de estudiantes y a profesores de 250,000 colegios. En un principio, estar\u00e1 disponible en 24 idiomas, pero se est\u00e1 trabajando en a\u00f1adir m\u00e1s lenguas a lo largo del tiempo.<\/p>\n<h3>M\u00e1s informaci\u00f3n<\/h3>\n<p><a href=\"http:\/\/ec.europa.eu\/education\/node\/228_es\">Comisi\u00f3n Europea-Educaci\u00f3n y Formaci\u00f3n<\/a><\/p>\n<p><a href=\"http:\/\/ec.europa.eu\/education\/node\/228_es\">Digital Education Action Plan<\/a><\/p>\n<p>&nbsp;<\/p>\n<p>&nbsp;<\/p>\n<p>&nbsp;<\/p>\n","protected":false},"excerpt":{"rendered":"<p>La Comisi\u00f3n ha desarrollado una nueva herramienta para asistir a todos los colegios de la UE, Rusia, Georgia y Serbia en la evaluaci\u00f3n del uso de las tecnolog\u00edas digitales en las escuelas.\u00a0 \u00bfQu\u00e9 es SELFIE? SELFIE\u00a0(cuyas siglas en ingles significan \u201creflexi\u00f3n personal sobre un aprendizaje efectivo mediante el fomento de la innovaci\u00f3n a trav\u00e9s de [&hellip;]<\/p>\n","protected":false},"author":1,"featured_media":9365,"comment_status":"open","ping_status":"open","sticky":false,"template":"","format":"standard","meta":{"_acf_changed":false,"_relevanssi_hide_post":"","_relevanssi_hide_content":"","_relevanssi_pin_for_all":"","_relevanssi_pin_keywords":"","_relevanssi_unpin_keywords":"","_relevanssi_related_keywords":"","_relevanssi_related_include_ids":"","_relevanssi_related_exclude_ids":"","_relevanssi_related_no_append":"","_relevanssi_related_not_related":"","_relevanssi_related_posts":"","_relevanssi_noindex_reason":"","_monsterinsights_skip_tracking":false,"_monsterinsights_sitenote_active":false,"_monsterinsights_sitenote_note":"","_monsterinsights_sitenote_category":0,"_genesis_hide_title":false,"_genesis_hide_breadcrumbs":false,"_genesis_hide_singular_image":false,"_genesis_hide_footer_widgets":false,"_genesis_custom_body_class":"","_genesis_custom_post_class":"","_genesis_layout":"","footnotes":""},"categories":[96],"tags":[128,150],"class_list":{"0":"post-9364","1":"post","2":"type-post","3":"status-publish","4":"format-standard","5":"has-post-thumbnail","7":"category-noticias-ue","8":"tag-cultura-educacion","9":"tag-innovacion","10":"entry"},"acf":[],"yoast_head":"<!-- This site is optimized with the Yoast SEO plugin v27.5 - https:\/\/yoast.com\/product\/yoast-seo-wordpress\/ -->\n<title>Se pone en marcha SELFIE, la nueva herramienta de apoyo a la ense\u00f1anza y el aprendizaje digital en las escuelas | CDE Almer\u00eda - Centro de Documentaci\u00f3n Europea - Universidad de Almer\u00eda<\/title>\n<meta name=\"robots\" content=\"index, follow, max-snippet:-1, max-image-preview:large, max-video-preview:-1\" \/>\n<link rel=\"canonical\" href=\"https:\/\/www.cde.ual.es\/se-pone-en-marcha-selfie-la-nueva-herramienta-de-apoyo-a-la-ensenanza-y-el-aprendizaje-digital-en-las-escuelas\/\" \/>\n<meta property=\"og:locale\" content=\"en_US\" \/>\n<meta property=\"og:type\" content=\"article\" \/>\n<meta property=\"og:title\" content=\"Se pone en marcha SELFIE, la nueva herramienta de apoyo a la ense\u00f1anza y el aprendizaje digital en las escuelas | CDE Almer\u00eda - Centro de Documentaci\u00f3n Europea - Universidad de Almer\u00eda\" \/>\n<meta property=\"og:description\" content=\"La Comisi\u00f3n ha desarrollado una nueva herramienta para asistir a todos los colegios de la UE, Rusia, Georgia y Serbia en la evaluaci\u00f3n del uso de las tecnolog\u00edas digitales en las escuelas.\u00a0 \u00bfQu\u00e9 es SELFIE? SELFIE\u00a0(cuyas siglas en ingles significan \u201creflexi\u00f3n personal sobre un aprendizaje efectivo mediante el fomento de la innovaci\u00f3n a trav\u00e9s de [&hellip;]\" \/>\n<meta property=\"og:url\" content=\"https:\/\/www.cde.ual.es\/se-pone-en-marcha-selfie-la-nueva-herramienta-de-apoyo-a-la-ensenanza-y-el-aprendizaje-digital-en-las-escuelas\/\" \/>\n<meta property=\"og:site_name\" content=\"CDE Almer\u00eda - Centro de Documentaci\u00f3n Europea - Universidad de Almer\u00eda\" \/>\n<meta property=\"article:publisher\" content=\"https:\/\/www.facebook.com\/cdeuniversidadalmeria\/\" \/>\n<meta property=\"article:published_time\" content=\"2018-10-26T06:28:35+00:00\" \/>\n<meta property=\"article:modified_time\" content=\"2018-11-14T12:58:21+00:00\" \/>\n<meta property=\"og:image\" content=\"https:\/\/www.cde.ual.es\/wp-content\/uploads\/2018\/10\/SELFIE.png\" \/>\n\t<meta property=\"og:image:width\" content=\"515\" \/>\n\t<meta property=\"og:image:height\" content=\"336\" \/>\n\t<meta property=\"og:image:type\" content=\"image\/png\" \/>\n<meta name=\"author\" content=\"AdminCDE\" \/>\n<meta name=\"twitter:card\" content=\"summary_large_image\" \/>\n<meta name=\"twitter:creator\" content=\"@cdeualmeria\" \/>\n<meta name=\"twitter:site\" content=\"@cdeualmeria\" \/>\n<meta name=\"twitter:label1\" content=\"Written by\" \/>\n\t<meta name=\"twitter:data1\" content=\"AdminCDE\" \/>\n\t<meta name=\"twitter:label2\" content=\"Est. reading time\" \/>\n\t<meta name=\"twitter:data2\" content=\"3 minutes\" \/>\n<script type=\"application\/ld+json\" class=\"yoast-schema-graph\">{\"@context\":\"https:\\\/\\\/schema.org\",\"@graph\":[{\"@type\":\"Article\",\"@id\":\"https:\\\/\\\/www.cde.ual.es\\\/se-pone-en-marcha-selfie-la-nueva-herramienta-de-apoyo-a-la-ensenanza-y-el-aprendizaje-digital-en-las-escuelas\\\/#article\",\"isPartOf\":{\"@id\":\"https:\\\/\\\/www.cde.ual.es\\\/se-pone-en-marcha-selfie-la-nueva-herramienta-de-apoyo-a-la-ensenanza-y-el-aprendizaje-digital-en-las-escuelas\\\/\"},\"author\":{\"name\":\"AdminCDE\",\"@id\":\"https:\\\/\\\/www.cde.ual.es\\\/#\\\/schema\\\/person\\\/224ef08c8bcc005f319d2713ce37ee5f\"},\"headline\":\"Se pone en marcha SELFIE, la nueva herramienta de apoyo a la ense\u00f1anza y el aprendizaje digital en las escuelas\",\"datePublished\":\"2018-10-26T06:28:35+00:00\",\"dateModified\":\"2018-11-14T12:58:21+00:00\",\"mainEntityOfPage\":{\"@id\":\"https:\\\/\\\/www.cde.ual.es\\\/se-pone-en-marcha-selfie-la-nueva-herramienta-de-apoyo-a-la-ensenanza-y-el-aprendizaje-digital-en-las-escuelas\\\/\"},\"wordCount\":559,\"commentCount\":0,\"publisher\":{\"@id\":\"https:\\\/\\\/www.cde.ual.es\\\/#organization\"},\"image\":{\"@id\":\"https:\\\/\\\/www.cde.ual.es\\\/se-pone-en-marcha-selfie-la-nueva-herramienta-de-apoyo-a-la-ensenanza-y-el-aprendizaje-digital-en-las-escuelas\\\/#primaryimage\"},\"thumbnailUrl\":\"https:\\\/\\\/www.cde.ual.es\\\/wp-content\\\/uploads\\\/2018\\\/10\\\/SELFIE.png\",\"keywords\":[\"Cultura y Educaci\u00f3n\",\"Innovaci\u00f3n\"],\"articleSection\":[\"Noticias UE\"],\"inLanguage\":\"en-US\",\"potentialAction\":[{\"@type\":\"CommentAction\",\"name\":\"Comment\",\"target\":[\"https:\\\/\\\/www.cde.ual.es\\\/se-pone-en-marcha-selfie-la-nueva-herramienta-de-apoyo-a-la-ensenanza-y-el-aprendizaje-digital-en-las-escuelas\\\/#respond\"]}]},{\"@type\":\"WebPage\",\"@id\":\"https:\\\/\\\/www.cde.ual.es\\\/se-pone-en-marcha-selfie-la-nueva-herramienta-de-apoyo-a-la-ensenanza-y-el-aprendizaje-digital-en-las-escuelas\\\/\",\"url\":\"https:\\\/\\\/www.cde.ual.es\\\/se-pone-en-marcha-selfie-la-nueva-herramienta-de-apoyo-a-la-ensenanza-y-el-aprendizaje-digital-en-las-escuelas\\\/\",\"name\":\"Se pone en marcha SELFIE, la nueva herramienta de apoyo a la ense\u00f1anza y el aprendizaje digital en las escuelas | CDE Almer\u00eda - Centro de Documentaci\u00f3n Europea - Universidad de Almer\u00eda\",\"isPartOf\":{\"@id\":\"https:\\\/\\\/www.cde.ual.es\\\/#website\"},\"primaryImageOfPage\":{\"@id\":\"https:\\\/\\\/www.cde.ual.es\\\/se-pone-en-marcha-selfie-la-nueva-herramienta-de-apoyo-a-la-ensenanza-y-el-aprendizaje-digital-en-las-escuelas\\\/#primaryimage\"},\"image\":{\"@id\":\"https:\\\/\\\/www.cde.ual.es\\\/se-pone-en-marcha-selfie-la-nueva-herramienta-de-apoyo-a-la-ensenanza-y-el-aprendizaje-digital-en-las-escuelas\\\/#primaryimage\"},\"thumbnailUrl\":\"https:\\\/\\\/www.cde.ual.es\\\/wp-content\\\/uploads\\\/2018\\\/10\\\/SELFIE.png\",\"datePublished\":\"2018-10-26T06:28:35+00:00\",\"dateModified\":\"2018-11-14T12:58:21+00:00\",\"breadcrumb\":{\"@id\":\"https:\\\/\\\/www.cde.ual.es\\\/se-pone-en-marcha-selfie-la-nueva-herramienta-de-apoyo-a-la-ensenanza-y-el-aprendizaje-digital-en-las-escuelas\\\/#breadcrumb\"},\"inLanguage\":\"en-US\",\"potentialAction\":[{\"@type\":\"ReadAction\",\"target\":[\"https:\\\/\\\/www.cde.ual.es\\\/se-pone-en-marcha-selfie-la-nueva-herramienta-de-apoyo-a-la-ensenanza-y-el-aprendizaje-digital-en-las-escuelas\\\/\"]}]},{\"@type\":\"ImageObject\",\"inLanguage\":\"en-US\",\"@id\":\"https:\\\/\\\/www.cde.ual.es\\\/se-pone-en-marcha-selfie-la-nueva-herramienta-de-apoyo-a-la-ensenanza-y-el-aprendizaje-digital-en-las-escuelas\\\/#primaryimage\",\"url\":\"https:\\\/\\\/www.cde.ual.es\\\/wp-content\\\/uploads\\\/2018\\\/10\\\/SELFIE.png\",\"contentUrl\":\"https:\\\/\\\/www.cde.ual.es\\\/wp-content\\\/uploads\\\/2018\\\/10\\\/SELFIE.png\",\"width\":515,\"height\":336},{\"@type\":\"BreadcrumbList\",\"@id\":\"https:\\\/\\\/www.cde.ual.es\\\/se-pone-en-marcha-selfie-la-nueva-herramienta-de-apoyo-a-la-ensenanza-y-el-aprendizaje-digital-en-las-escuelas\\\/#breadcrumb\",\"itemListElement\":[{\"@type\":\"ListItem\",\"position\":1,\"name\":\"Inicio\",\"item\":\"https:\\\/\\\/www.cde.ual.es\\\/en\\\/\"},{\"@type\":\"ListItem\",\"position\":2,\"name\":\"Noticias UE\",\"item\":\"https:\\\/\\\/www.cde.ual.es\\\/category\\\/noticias-ue\\\/\"},{\"@type\":\"ListItem\",\"position\":3,\"name\":\"Se pone en marcha SELFIE, la nueva herramienta de apoyo a la ense\u00f1anza y el aprendizaje digital en las escuelas\"}]},{\"@type\":\"WebSite\",\"@id\":\"https:\\\/\\\/www.cde.ual.es\\\/#website\",\"url\":\"https:\\\/\\\/www.cde.ual.es\\\/\",\"name\":\"CDE Almer\u00eda - Centro de Documentaci\u00f3n Europea - Universidad de Almer\u00eda\",\"description\":\"Centro de Documentaci\u00f3n Europea de la Universidad de Almer\u00eda\",\"publisher\":{\"@id\":\"https:\\\/\\\/www.cde.ual.es\\\/#organization\"},\"alternateName\":\"CDE Almer\u00eda\",\"potentialAction\":[{\"@type\":\"SearchAction\",\"target\":{\"@type\":\"EntryPoint\",\"urlTemplate\":\"https:\\\/\\\/www.cde.ual.es\\\/?s={search_term_string}\"},\"query-input\":{\"@type\":\"PropertyValueSpecification\",\"valueRequired\":true,\"valueName\":\"search_term_string\"}}],\"inLanguage\":\"en-US\"},{\"@type\":\"Organization\",\"@id\":\"https:\\\/\\\/www.cde.ual.es\\\/#organization\",\"name\":\"Centro de Documentaci\u00f3n Europea de Almer\u00eda\",\"url\":\"https:\\\/\\\/www.cde.ual.es\\\/\",\"logo\":{\"@type\":\"ImageObject\",\"inLanguage\":\"en-US\",\"@id\":\"https:\\\/\\\/www.cde.ual.es\\\/#\\\/schema\\\/logo\\\/image\\\/\",\"url\":\"https:\\\/\\\/www.cde.ual.es\\\/wp-content\\\/uploads\\\/2025\\\/07\\\/cde-logo-3.png\",\"contentUrl\":\"https:\\\/\\\/www.cde.ual.es\\\/wp-content\\\/uploads\\\/2025\\\/07\\\/cde-logo-3.png\",\"width\":1400,\"height\":300,\"caption\":\"Centro de Documentaci\u00f3n Europea de Almer\u00eda\"},\"image\":{\"@id\":\"https:\\\/\\\/www.cde.ual.es\\\/#\\\/schema\\\/logo\\\/image\\\/\"},\"sameAs\":[\"https:\\\/\\\/www.facebook.com\\\/cdeuniversidadalmeria\\\/\",\"https:\\\/\\\/x.com\\\/cdeualmeria\",\"https:\\\/\\\/www.tiktok.com\\\/@cdealmeria\",\"https:\\\/\\\/www.instagram.com\\\/cdealmeria\\\/\",\"https:\\\/\\\/www.linkedin.com\\\/in\\\/cde-almera-812b26a9\\\/\"]},{\"@type\":\"Person\",\"@id\":\"https:\\\/\\\/www.cde.ual.es\\\/#\\\/schema\\\/person\\\/224ef08c8bcc005f319d2713ce37ee5f\",\"name\":\"AdminCDE\",\"image\":{\"@type\":\"ImageObject\",\"inLanguage\":\"en-US\",\"@id\":\"https:\\\/\\\/secure.gravatar.com\\\/avatar\\\/a72d038d371f995cd13706fac32274b7952a52e8fb0a84b5f80c85426f2a98a8?s=96&d=mm&r=g\",\"url\":\"https:\\\/\\\/secure.gravatar.com\\\/avatar\\\/a72d038d371f995cd13706fac32274b7952a52e8fb0a84b5f80c85426f2a98a8?s=96&d=mm&r=g\",\"contentUrl\":\"https:\\\/\\\/secure.gravatar.com\\\/avatar\\\/a72d038d371f995cd13706fac32274b7952a52e8fb0a84b5f80c85426f2a98a8?s=96&d=mm&r=g\",\"caption\":\"AdminCDE\"}}]}<\/script>\n<!-- \/ Yoast SEO plugin. -->","yoast_head_json":{"title":"Se pone en marcha SELFIE, la nueva herramienta de apoyo a la ense\u00f1anza y el aprendizaje digital en las escuelas | CDE Almer\u00eda - Centro de Documentaci\u00f3n Europea - Universidad de Almer\u00eda","robots":{"index":"index","follow":"follow","max-snippet":"max-snippet:-1","max-image-preview":"max-image-preview:large","max-video-preview":"max-video-preview:-1"},"canonical":"https:\/\/www.cde.ual.es\/se-pone-en-marcha-selfie-la-nueva-herramienta-de-apoyo-a-la-ensenanza-y-el-aprendizaje-digital-en-las-escuelas\/","og_locale":"en_US","og_type":"article","og_title":"Se pone en marcha SELFIE, la nueva herramienta de apoyo a la ense\u00f1anza y el aprendizaje digital en las escuelas | CDE Almer\u00eda - Centro de Documentaci\u00f3n Europea - Universidad de Almer\u00eda","og_description":"La Comisi\u00f3n ha desarrollado una nueva herramienta para asistir a todos los colegios de la UE, Rusia, Georgia y Serbia en la evaluaci\u00f3n del uso de las tecnolog\u00edas digitales en las escuelas.\u00a0 \u00bfQu\u00e9 es SELFIE? SELFIE\u00a0(cuyas siglas en ingles significan \u201creflexi\u00f3n personal sobre un aprendizaje efectivo mediante el fomento de la innovaci\u00f3n a trav\u00e9s de [&hellip;]","og_url":"https:\/\/www.cde.ual.es\/se-pone-en-marcha-selfie-la-nueva-herramienta-de-apoyo-a-la-ensenanza-y-el-aprendizaje-digital-en-las-escuelas\/","og_site_name":"CDE Almer\u00eda - Centro de Documentaci\u00f3n Europea - Universidad de Almer\u00eda","article_publisher":"https:\/\/www.facebook.com\/cdeuniversidadalmeria\/","article_published_time":"2018-10-26T06:28:35+00:00","article_modified_time":"2018-11-14T12:58:21+00:00","og_image":[{"width":515,"height":336,"url":"https:\/\/www.cde.ual.es\/wp-content\/uploads\/2018\/10\/SELFIE.png","type":"image\/png"}],"author":"AdminCDE","twitter_card":"summary_large_image","twitter_creator":"@cdeualmeria","twitter_site":"@cdeualmeria","twitter_misc":{"Written by":"AdminCDE","Est. reading time":"3 minutes"},"schema":{"@context":"https:\/\/schema.org","@graph":[{"@type":"Article","@id":"https:\/\/www.cde.ual.es\/se-pone-en-marcha-selfie-la-nueva-herramienta-de-apoyo-a-la-ensenanza-y-el-aprendizaje-digital-en-las-escuelas\/#article","isPartOf":{"@id":"https:\/\/www.cde.ual.es\/se-pone-en-marcha-selfie-la-nueva-herramienta-de-apoyo-a-la-ensenanza-y-el-aprendizaje-digital-en-las-escuelas\/"},"author":{"name":"AdminCDE","@id":"https:\/\/www.cde.ual.es\/#\/schema\/person\/224ef08c8bcc005f319d2713ce37ee5f"},"headline":"Se pone en marcha SELFIE, la nueva herramienta de apoyo a la ense\u00f1anza y el aprendizaje digital en las escuelas","datePublished":"2018-10-26T06:28:35+00:00","dateModified":"2018-11-14T12:58:21+00:00","mainEntityOfPage":{"@id":"https:\/\/www.cde.ual.es\/se-pone-en-marcha-selfie-la-nueva-herramienta-de-apoyo-a-la-ensenanza-y-el-aprendizaje-digital-en-las-escuelas\/"},"wordCount":559,"commentCount":0,"publisher":{"@id":"https:\/\/www.cde.ual.es\/#organization"},"image":{"@id":"https:\/\/www.cde.ual.es\/se-pone-en-marcha-selfie-la-nueva-herramienta-de-apoyo-a-la-ensenanza-y-el-aprendizaje-digital-en-las-escuelas\/#primaryimage"},"thumbnailUrl":"https:\/\/www.cde.ual.es\/wp-content\/uploads\/2018\/10\/SELFIE.png","keywords":["Cultura y Educaci\u00f3n","Innovaci\u00f3n"],"articleSection":["Noticias UE"],"inLanguage":"en-US","potentialAction":[{"@type":"CommentAction","name":"Comment","target":["https:\/\/www.cde.ual.es\/se-pone-en-marcha-selfie-la-nueva-herramienta-de-apoyo-a-la-ensenanza-y-el-aprendizaje-digital-en-las-escuelas\/#respond"]}]},{"@type":"WebPage","@id":"https:\/\/www.cde.ual.es\/se-pone-en-marcha-selfie-la-nueva-herramienta-de-apoyo-a-la-ensenanza-y-el-aprendizaje-digital-en-las-escuelas\/","url":"https:\/\/www.cde.ual.es\/se-pone-en-marcha-selfie-la-nueva-herramienta-de-apoyo-a-la-ensenanza-y-el-aprendizaje-digital-en-las-escuelas\/","name":"Se pone en marcha SELFIE, la nueva herramienta de apoyo a la ense\u00f1anza y el aprendizaje digital en las escuelas | CDE Almer\u00eda - Centro de Documentaci\u00f3n Europea - Universidad de Almer\u00eda","isPartOf":{"@id":"https:\/\/www.cde.ual.es\/#website"},"primaryImageOfPage":{"@id":"https:\/\/www.cde.ual.es\/se-pone-en-marcha-selfie-la-nueva-herramienta-de-apoyo-a-la-ensenanza-y-el-aprendizaje-digital-en-las-escuelas\/#primaryimage"},"image":{"@id":"https:\/\/www.cde.ual.es\/se-pone-en-marcha-selfie-la-nueva-herramienta-de-apoyo-a-la-ensenanza-y-el-aprendizaje-digital-en-las-escuelas\/#primaryimage"},"thumbnailUrl":"https:\/\/www.cde.ual.es\/wp-content\/uploads\/2018\/10\/SELFIE.png","datePublished":"2018-10-26T06:28:35+00:00","dateModified":"2018-11-14T12:58:21+00:00","breadcrumb":{"@id":"https:\/\/www.cde.ual.es\/se-pone-en-marcha-selfie-la-nueva-herramienta-de-apoyo-a-la-ensenanza-y-el-aprendizaje-digital-en-las-escuelas\/#breadcrumb"},"inLanguage":"en-US","potentialAction":[{"@type":"ReadAction","target":["https:\/\/www.cde.ual.es\/se-pone-en-marcha-selfie-la-nueva-herramienta-de-apoyo-a-la-ensenanza-y-el-aprendizaje-digital-en-las-escuelas\/"]}]},{"@type":"ImageObject","inLanguage":"en-US","@id":"https:\/\/www.cde.ual.es\/se-pone-en-marcha-selfie-la-nueva-herramienta-de-apoyo-a-la-ensenanza-y-el-aprendizaje-digital-en-las-escuelas\/#primaryimage","url":"https:\/\/www.cde.ual.es\/wp-content\/uploads\/2018\/10\/SELFIE.png","contentUrl":"https:\/\/www.cde.ual.es\/wp-content\/uploads\/2018\/10\/SELFIE.png","width":515,"height":336},{"@type":"BreadcrumbList","@id":"https:\/\/www.cde.ual.es\/se-pone-en-marcha-selfie-la-nueva-herramienta-de-apoyo-a-la-ensenanza-y-el-aprendizaje-digital-en-las-escuelas\/#breadcrumb","itemListElement":[{"@type":"ListItem","position":1,"name":"Inicio","item":"https:\/\/www.cde.ual.es\/en\/"},{"@type":"ListItem","position":2,"name":"Noticias UE","item":"https:\/\/www.cde.ual.es\/category\/noticias-ue\/"},{"@type":"ListItem","position":3,"name":"Se pone en marcha SELFIE, la nueva herramienta de apoyo a la ense\u00f1anza y el aprendizaje digital en las escuelas"}]},{"@type":"WebSite","@id":"https:\/\/www.cde.ual.es\/#website","url":"https:\/\/www.cde.ual.es\/","name":"CDE Almer\u00eda - Centro de Documentaci\u00f3n Europea - Universidad de Almer\u00eda","description":"Centro de Documentaci\u00f3n Europea de la Universidad de Almer\u00eda","publisher":{"@id":"https:\/\/www.cde.ual.es\/#organization"},"alternateName":"CDE Almer\u00eda","potentialAction":[{"@type":"SearchAction","target":{"@type":"EntryPoint","urlTemplate":"https:\/\/www.cde.ual.es\/?s={search_term_string}"},"query-input":{"@type":"PropertyValueSpecification","valueRequired":true,"valueName":"search_term_string"}}],"inLanguage":"en-US"},{"@type":"Organization","@id":"https:\/\/www.cde.ual.es\/#organization","name":"Centro de Documentaci\u00f3n Europea de Almer\u00eda","url":"https:\/\/www.cde.ual.es\/","logo":{"@type":"ImageObject","inLanguage":"en-US","@id":"https:\/\/www.cde.ual.es\/#\/schema\/logo\/image\/","url":"https:\/\/www.cde.ual.es\/wp-content\/uploads\/2025\/07\/cde-logo-3.png","contentUrl":"https:\/\/www.cde.ual.es\/wp-content\/uploads\/2025\/07\/cde-logo-3.png","width":1400,"height":300,"caption":"Centro de Documentaci\u00f3n Europea de Almer\u00eda"},"image":{"@id":"https:\/\/www.cde.ual.es\/#\/schema\/logo\/image\/"},"sameAs":["https:\/\/www.facebook.com\/cdeuniversidadalmeria\/","https:\/\/x.com\/cdeualmeria","https:\/\/www.tiktok.com\/@cdealmeria","https:\/\/www.instagram.com\/cdealmeria\/","https:\/\/www.linkedin.com\/in\/cde-almera-812b26a9\/"]},{"@type":"Person","@id":"https:\/\/www.cde.ual.es\/#\/schema\/person\/224ef08c8bcc005f319d2713ce37ee5f","name":"AdminCDE","image":{"@type":"ImageObject","inLanguage":"en-US","@id":"https:\/\/secure.gravatar.com\/avatar\/a72d038d371f995cd13706fac32274b7952a52e8fb0a84b5f80c85426f2a98a8?s=96&d=mm&r=g","url":"https:\/\/secure.gravatar.com\/avatar\/a72d038d371f995cd13706fac32274b7952a52e8fb0a84b5f80c85426f2a98a8?s=96&d=mm&r=g","contentUrl":"https:\/\/secure.gravatar.com\/avatar\/a72d038d371f995cd13706fac32274b7952a52e8fb0a84b5f80c85426f2a98a8?s=96&d=mm&r=g","caption":"AdminCDE"}}]}},"_links":{"self":[{"href":"https:\/\/www.cde.ual.es\/en\/wp-json\/wp\/v2\/posts\/9364","targetHints":{"allow":["GET"]}}],"collection":[{"href":"https:\/\/www.cde.ual.es\/en\/wp-json\/wp\/v2\/posts"}],"about":[{"href":"https:\/\/www.cde.ual.es\/en\/wp-json\/wp\/v2\/types\/post"}],"author":[{"embeddable":true,"href":"https:\/\/www.cde.ual.es\/en\/wp-json\/wp\/v2\/users\/1"}],"replies":[{"embeddable":true,"href":"https:\/\/www.cde.ual.es\/en\/wp-json\/wp\/v2\/comments?post=9364"}],"version-history":[{"count":0,"href":"https:\/\/www.cde.ual.es\/en\/wp-json\/wp\/v2\/posts\/9364\/revisions"}],"wp:featuredmedia":[{"embeddable":true,"href":"https:\/\/www.cde.ual.es\/en\/wp-json\/wp\/v2\/media\/9365"}],"wp:attachment":[{"href":"https:\/\/www.cde.ual.es\/en\/wp-json\/wp\/v2\/media?parent=9364"}],"wp:term":[{"taxonomy":"category","embeddable":true,"href":"https:\/\/www.cde.ual.es\/en\/wp-json\/wp\/v2\/categories?post=9364"},{"taxonomy":"post_tag","embeddable":true,"href":"https:\/\/www.cde.ual.es\/en\/wp-json\/wp\/v2\/tags?post=9364"}],"curies":[{"name":"wp","href":"https:\/\/api.w.org\/{rel}","templated":true}]}}