{"id":9345,"date":"2018-10-25T08:19:16","date_gmt":"2018-10-25T06:19:16","guid":{"rendered":"http:\/\/www.cde.ual.es\/?p=9345"},"modified":"2018-10-25T08:19:29","modified_gmt":"2018-10-25T06:19:29","slug":"erasmus-una-inversion-prevista-de-3-000-millones-de-euros-en-los-jovenes-europeos-y-en-la-creacion-de-universidades-europeas-en-2019","status":"publish","type":"post","link":"https:\/\/www.cde.ual.es\/en\/erasmus-una-inversion-prevista-de-3-000-millones-de-euros-en-los-jovenes-europeos-y-en-la-creacion-de-universidades-europeas-en-2019\/","title":{"rendered":"Erasmus+: Una inversi\u00f3n prevista de 3.000 millones de euros en los j\u00f3venes europeos y en la creaci\u00f3n de universidades europeas en 2019"},"content":{"rendered":"<p style=\"text-align: center;\"><a href=\"http:\/\/www.cde.ual.es\/wp-content\/uploads\/2018\/10\/Erasmus-.png\"><img decoding=\"async\" class=\"size-medium wp-image-9348 aligncenter\" src=\"http:\/\/www.cde.ual.es\/wp-content\/uploads\/2018\/10\/Erasmus--300x161.png\" alt=\"\" width=\"300\" height=\"161\" srcset=\"https:\/\/www.cde.ual.es\/wp-content\/uploads\/2018\/10\/Erasmus--300x161.png 300w, https:\/\/www.cde.ual.es\/wp-content\/uploads\/2018\/10\/Erasmus--768x411.png 768w, https:\/\/www.cde.ual.es\/wp-content\/uploads\/2018\/10\/Erasmus-.png 839w\" sizes=\"(max-width: 300px) 100vw, 300px\" \/><\/a><\/p>\n<p><em><strong><span lang=\"ES\">La Comisi\u00f3n ha publicado su\u00a0<\/span><span lang=\"FR\"><a href=\"https:\/\/eur-lex.europa.eu\/legal-content\/ES\/TXT\/HTML\/?uri=CELEX:C2018\/384\/04&amp;from=EN\" target=\"_blank\" rel=\"noopener\" data-saferedirecturl=\"https:\/\/www.google.com\/url?q=https:\/\/eur-lex.europa.eu\/legal-content\/ES\/TXT\/HTML\/?uri%3DCELEX:C2018\/384\/04%26from%3DEN&amp;source=gmail&amp;ust=1540469700246000&amp;usg=AFQjCNFnXIiYpew7WKLmDI7DQep5WtYKag\"><span lang=\"ES\">convocatoria de propuestas<\/span><\/a>\u00a0<\/span><span lang=\"ES\">para el programa Erasmus+ 2019. <\/span><\/strong><\/em><\/p>\n<p><span lang=\"ES\">De un presupuesto previsto de 3.000 millones de euros para el pr\u00f3ximo a\u00f1o, se han reservado 30 millones de euros para la nueva iniciativa\u00a0<\/span><span lang=\"FR\"><a href=\"https:\/\/ec.europa.eu\/education\/education-in-the-eu\/european-education-area\/european-universities-initiative_en\" target=\"_blank\" rel=\"noopener\" data-saferedirecturl=\"https:\/\/www.google.com\/url?q=https:\/\/ec.europa.eu\/education\/education-in-the-eu\/european-education-area\/european-universities-initiative_en&amp;source=gmail&amp;ust=1540469700246000&amp;usg=AFQjCNGv55IbMTVuqKo9yiCaVkfOeNlrsQ\"><span lang=\"ES\">Universidades Europeas<\/span><\/a><\/span><span lang=\"ES\">, que fue aprobada por los l\u00edderes de la UE en la\u00a0<\/span><span lang=\"FR\"><a href=\"https:\/\/www.consilium.europa.eu\/es\/meetings\/european-council\/2017\/11\/17\/\" target=\"_blank\" rel=\"noopener\" data-saferedirecturl=\"https:\/\/www.google.com\/url?q=https:\/\/www.consilium.europa.eu\/es\/meetings\/european-council\/2017\/11\/17\/&amp;source=gmail&amp;ust=1540469700246000&amp;usg=AFQjCNFP6sQUbT0DZtxcwHZPgXmIjU39IQ\"><span lang=\"ES\">Cumbre Social de Gotemburgo<\/span><\/a>\u00a0<\/span><span lang=\"ES\">del pasado mes de noviembre y se inscribe en el marco de la creaci\u00f3n de un\u00a0<\/span><span lang=\"FR\"><a href=\"http:\/\/ec.europa.eu\/education\/education-in-the-eu\/european-education-area_en\" target=\"_blank\" rel=\"noopener\" data-saferedirecturl=\"https:\/\/www.google.com\/url?q=http:\/\/ec.europa.eu\/education\/education-in-the-eu\/european-education-area_en&amp;source=gmail&amp;ust=1540469700246000&amp;usg=AFQjCNFUSBWZFRBY34y9mjF0VYh3eftwbA\"><span lang=\"ES\">Espacio Europeo de Educaci\u00f3n para 2025<\/span><\/a><\/span><span lang=\"ES\">.\u00a0<\/span><span lang=\"ES\">Tibor Navracsics, Comisario de Educaci\u00f3n, Cultura, Juventud y Deporte, ha declarado: &#8220;Un a\u00f1o despu\u00e9s, la Comisi\u00f3n Europea est\u00e1 cumpliendo el compromiso adquirido con los Estados miembros de construir un Espacio Europeo de Educaci\u00f3n para 2025. Trabajamos por una Europa en la que el aprendizaje, el estudio y la investigaci\u00f3n no est\u00e9n bloqueados por las fronteras. No existen barreras para la excelencia, la innovaci\u00f3n y la inclusi\u00f3n en la educaci\u00f3n. Las universidades europeas tienen un potencial real para transformar el panorama de la ense\u00f1anza superior en Europa y me enorgullece que les demos un fuerte impulso a trav\u00e9s del programa Erasmus+&#8221;. En paralelo a la convocatoria de propuestas, la Comisi\u00f3n ha publicado hoy la<\/span><span lang=\"FR\"><a href=\"https:\/\/ec.europa.eu\/programmes\/erasmus-plus\/resources\/programme-guide_es\" target=\"_blank\" rel=\"noopener\" data-saferedirecturl=\"https:\/\/www.google.com\/url?q=https:\/\/ec.europa.eu\/programmes\/erasmus-plus\/resources\/programme-guide_es&amp;source=gmail&amp;ust=1540469700246000&amp;usg=AFQjCNFA29pt2x-1luQqdX7VRJysXNHkMA\"><span lang=\"ES\">Gu\u00eda del Programa Erasmus +<\/span><\/a><\/span><span lang=\"ES\">,\u00a0<\/span><span lang=\"ES\">en todas las lenguas oficiales de la UE. En ella se proporciona a los solicitantes informaci\u00f3n detallada sobre todas las oportunidades disponibles para los estudiantes, los profesores, el personal y los becarios, y otros recursos a los que se puede acceder en Erasmus + 2019.<\/span><\/p>\n<h3>M\u00e1s informaci\u00f3n<\/h3>\n<p><span lang=\"ES\">Se ha publicado un\u00a0<\/span><span lang=\"FR\"><a href=\"http:\/\/europa.eu\/rapid\/press-release_IP-18-6170_en.htm\" target=\"_blank\" rel=\"noopener\" data-saferedirecturl=\"https:\/\/www.google.com\/url?q=http:\/\/europa.eu\/rapid\/press-release_IP-18-6170_en.htm&amp;source=gmail&amp;ust=1540469700246000&amp;usg=AFQjCNGE2E7j9HZAz_mObOIUBrFSUDdb-A\"><span lang=\"ES\">comunicado de prensa<\/span><\/a>\u00a0<\/span><span lang=\"ES\">con m\u00e1s detalles.<\/span><\/p>\n","protected":false},"excerpt":{"rendered":"<p>La Comisi\u00f3n ha publicado su\u00a0convocatoria de propuestas\u00a0para el programa Erasmus+ 2019. De un presupuesto previsto de 3.000 millones de euros para el pr\u00f3ximo a\u00f1o, se han reservado 30 millones de euros para la nueva iniciativa\u00a0Universidades Europeas, que fue aprobada por los l\u00edderes de la UE en la\u00a0Cumbre Social de Gotemburgo\u00a0del pasado mes de noviembre y [&hellip;]<\/p>\n","protected":false},"author":1,"featured_media":9348,"comment_status":"open","ping_status":"open","sticky":false,"template":"","format":"standard","meta":{"_acf_changed":false,"_relevanssi_hide_post":"","_relevanssi_hide_content":"","_relevanssi_pin_for_all":"","_relevanssi_pin_keywords":"","_relevanssi_unpin_keywords":"","_relevanssi_related_keywords":"","_relevanssi_related_include_ids":"","_relevanssi_related_exclude_ids":"","_relevanssi_related_no_append":"","_relevanssi_related_not_related":"","_relevanssi_related_posts":"","_relevanssi_noindex_reason":"","_monsterinsights_skip_tracking":false,"_monsterinsights_sitenote_active":false,"_monsterinsights_sitenote_note":"","_monsterinsights_sitenote_category":0,"_genesis_hide_title":false,"_genesis_hide_breadcrumbs":false,"_genesis_hide_singular_image":false,"_genesis_hide_footer_widgets":false,"_genesis_custom_body_class":"","_genesis_custom_post_class":"","_genesis_layout":"","footnotes":""},"categories":[96],"tags":[154,135],"class_list":{"0":"post-9345","1":"post","2":"type-post","3":"status-publish","4":"format-standard","5":"has-post-thumbnail","7":"category-noticias-ue","8":"tag-movilidad","9":"tag-union-europea","10":"entry"},"acf":[],"yoast_head":"<!-- This site is optimized with the Yoast SEO plugin v27.4 - https:\/\/yoast.com\/product\/yoast-seo-wordpress\/ -->\n<title>Erasmus+: Una inversi\u00f3n prevista de 3.000 millones de euros en los j\u00f3venes europeos y en la creaci\u00f3n de universidades europeas en 2019 | CDE Almer\u00eda - Centro de Documentaci\u00f3n Europea - Universidad de Almer\u00eda<\/title>\n<meta name=\"robots\" content=\"index, follow, max-snippet:-1, max-image-preview:large, max-video-preview:-1\" \/>\n<link rel=\"canonical\" href=\"https:\/\/www.cde.ual.es\/erasmus-una-inversion-prevista-de-3-000-millones-de-euros-en-los-jovenes-europeos-y-en-la-creacion-de-universidades-europeas-en-2019\/\" \/>\n<meta property=\"og:locale\" content=\"en_US\" \/>\n<meta property=\"og:type\" content=\"article\" \/>\n<meta property=\"og:title\" content=\"Erasmus+: Una inversi\u00f3n prevista de 3.000 millones de euros en los j\u00f3venes europeos y en la creaci\u00f3n de universidades europeas en 2019 | CDE Almer\u00eda - Centro de Documentaci\u00f3n Europea - Universidad de Almer\u00eda\" \/>\n<meta property=\"og:description\" content=\"La Comisi\u00f3n ha publicado su\u00a0convocatoria de propuestas\u00a0para el programa Erasmus+ 2019. De un presupuesto previsto de 3.000 millones de euros para el pr\u00f3ximo a\u00f1o, se han reservado 30 millones de euros para la nueva iniciativa\u00a0Universidades Europeas, que fue aprobada por los l\u00edderes de la UE en la\u00a0Cumbre Social de Gotemburgo\u00a0del pasado mes de noviembre y [&hellip;]\" \/>\n<meta property=\"og:url\" content=\"https:\/\/www.cde.ual.es\/erasmus-una-inversion-prevista-de-3-000-millones-de-euros-en-los-jovenes-europeos-y-en-la-creacion-de-universidades-europeas-en-2019\/\" \/>\n<meta property=\"og:site_name\" content=\"CDE Almer\u00eda - Centro de Documentaci\u00f3n Europea - Universidad de Almer\u00eda\" \/>\n<meta property=\"article:publisher\" content=\"https:\/\/www.facebook.com\/cdeuniversidadalmeria\/\" \/>\n<meta property=\"article:published_time\" content=\"2018-10-25T06:19:16+00:00\" \/>\n<meta property=\"article:modified_time\" content=\"2018-10-25T06:19:29+00:00\" \/>\n<meta property=\"og:image\" content=\"https:\/\/www.cde.ual.es\/wp-content\/uploads\/2018\/10\/Erasmus-.png\" \/>\n\t<meta property=\"og:image:width\" content=\"839\" \/>\n\t<meta property=\"og:image:height\" content=\"449\" \/>\n\t<meta property=\"og:image:type\" content=\"image\/png\" \/>\n<meta name=\"author\" content=\"AdminCDE\" \/>\n<meta name=\"twitter:card\" content=\"summary_large_image\" \/>\n<meta name=\"twitter:creator\" content=\"@cdeualmeria\" \/>\n<meta name=\"twitter:site\" content=\"@cdeualmeria\" \/>\n<meta name=\"twitter:label1\" content=\"Written by\" \/>\n\t<meta name=\"twitter:data1\" content=\"AdminCDE\" \/>\n\t<meta name=\"twitter:label2\" content=\"Est. reading time\" \/>\n\t<meta name=\"twitter:data2\" content=\"1 minute\" \/>\n<script type=\"application\/ld+json\" class=\"yoast-schema-graph\">{\"@context\":\"https:\\\/\\\/schema.org\",\"@graph\":[{\"@type\":\"Article\",\"@id\":\"https:\\\/\\\/www.cde.ual.es\\\/erasmus-una-inversion-prevista-de-3-000-millones-de-euros-en-los-jovenes-europeos-y-en-la-creacion-de-universidades-europeas-en-2019\\\/#article\",\"isPartOf\":{\"@id\":\"https:\\\/\\\/www.cde.ual.es\\\/erasmus-una-inversion-prevista-de-3-000-millones-de-euros-en-los-jovenes-europeos-y-en-la-creacion-de-universidades-europeas-en-2019\\\/\"},\"author\":{\"name\":\"AdminCDE\",\"@id\":\"https:\\\/\\\/www.cde.ual.es\\\/#\\\/schema\\\/person\\\/224ef08c8bcc005f319d2713ce37ee5f\"},\"headline\":\"Erasmus+: Una inversi\u00f3n prevista de 3.000 millones de euros en los j\u00f3venes europeos y en la creaci\u00f3n de universidades europeas en 2019\",\"datePublished\":\"2018-10-25T06:19:16+00:00\",\"dateModified\":\"2018-10-25T06:19:29+00:00\",\"mainEntityOfPage\":{\"@id\":\"https:\\\/\\\/www.cde.ual.es\\\/erasmus-una-inversion-prevista-de-3-000-millones-de-euros-en-los-jovenes-europeos-y-en-la-creacion-de-universidades-europeas-en-2019\\\/\"},\"wordCount\":290,\"commentCount\":0,\"publisher\":{\"@id\":\"https:\\\/\\\/www.cde.ual.es\\\/#organization\"},\"image\":{\"@id\":\"https:\\\/\\\/www.cde.ual.es\\\/erasmus-una-inversion-prevista-de-3-000-millones-de-euros-en-los-jovenes-europeos-y-en-la-creacion-de-universidades-europeas-en-2019\\\/#primaryimage\"},\"thumbnailUrl\":\"https:\\\/\\\/www.cde.ual.es\\\/wp-content\\\/uploads\\\/2018\\\/10\\\/Erasmus-.png\",\"keywords\":[\"Movilidad\",\"Uni\u00f3n Europea\"],\"articleSection\":[\"Noticias UE\"],\"inLanguage\":\"en-US\",\"potentialAction\":[{\"@type\":\"CommentAction\",\"name\":\"Comment\",\"target\":[\"https:\\\/\\\/www.cde.ual.es\\\/erasmus-una-inversion-prevista-de-3-000-millones-de-euros-en-los-jovenes-europeos-y-en-la-creacion-de-universidades-europeas-en-2019\\\/#respond\"]}]},{\"@type\":\"WebPage\",\"@id\":\"https:\\\/\\\/www.cde.ual.es\\\/erasmus-una-inversion-prevista-de-3-000-millones-de-euros-en-los-jovenes-europeos-y-en-la-creacion-de-universidades-europeas-en-2019\\\/\",\"url\":\"https:\\\/\\\/www.cde.ual.es\\\/erasmus-una-inversion-prevista-de-3-000-millones-de-euros-en-los-jovenes-europeos-y-en-la-creacion-de-universidades-europeas-en-2019\\\/\",\"name\":\"Erasmus+: Una inversi\u00f3n prevista de 3.000 millones de euros en los j\u00f3venes europeos y en la creaci\u00f3n de universidades europeas en 2019 | CDE Almer\u00eda - Centro de Documentaci\u00f3n Europea - Universidad de Almer\u00eda\",\"isPartOf\":{\"@id\":\"https:\\\/\\\/www.cde.ual.es\\\/#website\"},\"primaryImageOfPage\":{\"@id\":\"https:\\\/\\\/www.cde.ual.es\\\/erasmus-una-inversion-prevista-de-3-000-millones-de-euros-en-los-jovenes-europeos-y-en-la-creacion-de-universidades-europeas-en-2019\\\/#primaryimage\"},\"image\":{\"@id\":\"https:\\\/\\\/www.cde.ual.es\\\/erasmus-una-inversion-prevista-de-3-000-millones-de-euros-en-los-jovenes-europeos-y-en-la-creacion-de-universidades-europeas-en-2019\\\/#primaryimage\"},\"thumbnailUrl\":\"https:\\\/\\\/www.cde.ual.es\\\/wp-content\\\/uploads\\\/2018\\\/10\\\/Erasmus-.png\",\"datePublished\":\"2018-10-25T06:19:16+00:00\",\"dateModified\":\"2018-10-25T06:19:29+00:00\",\"breadcrumb\":{\"@id\":\"https:\\\/\\\/www.cde.ual.es\\\/erasmus-una-inversion-prevista-de-3-000-millones-de-euros-en-los-jovenes-europeos-y-en-la-creacion-de-universidades-europeas-en-2019\\\/#breadcrumb\"},\"inLanguage\":\"en-US\",\"potentialAction\":[{\"@type\":\"ReadAction\",\"target\":[\"https:\\\/\\\/www.cde.ual.es\\\/erasmus-una-inversion-prevista-de-3-000-millones-de-euros-en-los-jovenes-europeos-y-en-la-creacion-de-universidades-europeas-en-2019\\\/\"]}]},{\"@type\":\"ImageObject\",\"inLanguage\":\"en-US\",\"@id\":\"https:\\\/\\\/www.cde.ual.es\\\/erasmus-una-inversion-prevista-de-3-000-millones-de-euros-en-los-jovenes-europeos-y-en-la-creacion-de-universidades-europeas-en-2019\\\/#primaryimage\",\"url\":\"https:\\\/\\\/www.cde.ual.es\\\/wp-content\\\/uploads\\\/2018\\\/10\\\/Erasmus-.png\",\"contentUrl\":\"https:\\\/\\\/www.cde.ual.es\\\/wp-content\\\/uploads\\\/2018\\\/10\\\/Erasmus-.png\",\"width\":839,\"height\":449},{\"@type\":\"BreadcrumbList\",\"@id\":\"https:\\\/\\\/www.cde.ual.es\\\/erasmus-una-inversion-prevista-de-3-000-millones-de-euros-en-los-jovenes-europeos-y-en-la-creacion-de-universidades-europeas-en-2019\\\/#breadcrumb\",\"itemListElement\":[{\"@type\":\"ListItem\",\"position\":1,\"name\":\"Inicio\",\"item\":\"https:\\\/\\\/www.cde.ual.es\\\/en\\\/\"},{\"@type\":\"ListItem\",\"position\":2,\"name\":\"Noticias UE\",\"item\":\"https:\\\/\\\/www.cde.ual.es\\\/category\\\/noticias-ue\\\/\"},{\"@type\":\"ListItem\",\"position\":3,\"name\":\"Erasmus+: Una inversi\u00f3n prevista de 3.000 millones de euros en los j\u00f3venes europeos y en la creaci\u00f3n de universidades europeas en 2019\"}]},{\"@type\":\"WebSite\",\"@id\":\"https:\\\/\\\/www.cde.ual.es\\\/#website\",\"url\":\"https:\\\/\\\/www.cde.ual.es\\\/\",\"name\":\"CDE Almer\u00eda - Centro de Documentaci\u00f3n Europea - Universidad de Almer\u00eda\",\"description\":\"Centro de Documentaci\u00f3n Europea de la Universidad de Almer\u00eda\",\"publisher\":{\"@id\":\"https:\\\/\\\/www.cde.ual.es\\\/#organization\"},\"alternateName\":\"CDE Almer\u00eda\",\"potentialAction\":[{\"@type\":\"SearchAction\",\"target\":{\"@type\":\"EntryPoint\",\"urlTemplate\":\"https:\\\/\\\/www.cde.ual.es\\\/?s={search_term_string}\"},\"query-input\":{\"@type\":\"PropertyValueSpecification\",\"valueRequired\":true,\"valueName\":\"search_term_string\"}}],\"inLanguage\":\"en-US\"},{\"@type\":\"Organization\",\"@id\":\"https:\\\/\\\/www.cde.ual.es\\\/#organization\",\"name\":\"Centro de Documentaci\u00f3n Europea de Almer\u00eda\",\"url\":\"https:\\\/\\\/www.cde.ual.es\\\/\",\"logo\":{\"@type\":\"ImageObject\",\"inLanguage\":\"en-US\",\"@id\":\"https:\\\/\\\/www.cde.ual.es\\\/#\\\/schema\\\/logo\\\/image\\\/\",\"url\":\"https:\\\/\\\/www.cde.ual.es\\\/wp-content\\\/uploads\\\/2025\\\/07\\\/cde-logo-3.png\",\"contentUrl\":\"https:\\\/\\\/www.cde.ual.es\\\/wp-content\\\/uploads\\\/2025\\\/07\\\/cde-logo-3.png\",\"width\":1400,\"height\":300,\"caption\":\"Centro de Documentaci\u00f3n Europea de Almer\u00eda\"},\"image\":{\"@id\":\"https:\\\/\\\/www.cde.ual.es\\\/#\\\/schema\\\/logo\\\/image\\\/\"},\"sameAs\":[\"https:\\\/\\\/www.facebook.com\\\/cdeuniversidadalmeria\\\/\",\"https:\\\/\\\/x.com\\\/cdeualmeria\",\"https:\\\/\\\/www.tiktok.com\\\/@cdealmeria\",\"https:\\\/\\\/www.instagram.com\\\/cdealmeria\\\/\",\"https:\\\/\\\/www.linkedin.com\\\/in\\\/cde-almera-812b26a9\\\/\"]},{\"@type\":\"Person\",\"@id\":\"https:\\\/\\\/www.cde.ual.es\\\/#\\\/schema\\\/person\\\/224ef08c8bcc005f319d2713ce37ee5f\",\"name\":\"AdminCDE\",\"image\":{\"@type\":\"ImageObject\",\"inLanguage\":\"en-US\",\"@id\":\"https:\\\/\\\/secure.gravatar.com\\\/avatar\\\/a72d038d371f995cd13706fac32274b7952a52e8fb0a84b5f80c85426f2a98a8?s=96&d=mm&r=g\",\"url\":\"https:\\\/\\\/secure.gravatar.com\\\/avatar\\\/a72d038d371f995cd13706fac32274b7952a52e8fb0a84b5f80c85426f2a98a8?s=96&d=mm&r=g\",\"contentUrl\":\"https:\\\/\\\/secure.gravatar.com\\\/avatar\\\/a72d038d371f995cd13706fac32274b7952a52e8fb0a84b5f80c85426f2a98a8?s=96&d=mm&r=g\",\"caption\":\"AdminCDE\"}}]}<\/script>\n<!-- \/ Yoast SEO plugin. -->","yoast_head_json":{"title":"Erasmus+: Una inversi\u00f3n prevista de 3.000 millones de euros en los j\u00f3venes europeos y en la creaci\u00f3n de universidades europeas en 2019 | CDE Almer\u00eda - Centro de Documentaci\u00f3n Europea - Universidad de Almer\u00eda","robots":{"index":"index","follow":"follow","max-snippet":"max-snippet:-1","max-image-preview":"max-image-preview:large","max-video-preview":"max-video-preview:-1"},"canonical":"https:\/\/www.cde.ual.es\/erasmus-una-inversion-prevista-de-3-000-millones-de-euros-en-los-jovenes-europeos-y-en-la-creacion-de-universidades-europeas-en-2019\/","og_locale":"en_US","og_type":"article","og_title":"Erasmus+: Una inversi\u00f3n prevista de 3.000 millones de euros en los j\u00f3venes europeos y en la creaci\u00f3n de universidades europeas en 2019 | CDE Almer\u00eda - Centro de Documentaci\u00f3n Europea - Universidad de Almer\u00eda","og_description":"La Comisi\u00f3n ha publicado su\u00a0convocatoria de propuestas\u00a0para el programa Erasmus+ 2019. De un presupuesto previsto de 3.000 millones de euros para el pr\u00f3ximo a\u00f1o, se han reservado 30 millones de euros para la nueva iniciativa\u00a0Universidades Europeas, que fue aprobada por los l\u00edderes de la UE en la\u00a0Cumbre Social de Gotemburgo\u00a0del pasado mes de noviembre y [&hellip;]","og_url":"https:\/\/www.cde.ual.es\/erasmus-una-inversion-prevista-de-3-000-millones-de-euros-en-los-jovenes-europeos-y-en-la-creacion-de-universidades-europeas-en-2019\/","og_site_name":"CDE Almer\u00eda - Centro de Documentaci\u00f3n Europea - Universidad de Almer\u00eda","article_publisher":"https:\/\/www.facebook.com\/cdeuniversidadalmeria\/","article_published_time":"2018-10-25T06:19:16+00:00","article_modified_time":"2018-10-25T06:19:29+00:00","og_image":[{"width":839,"height":449,"url":"https:\/\/www.cde.ual.es\/wp-content\/uploads\/2018\/10\/Erasmus-.png","type":"image\/png"}],"author":"AdminCDE","twitter_card":"summary_large_image","twitter_creator":"@cdeualmeria","twitter_site":"@cdeualmeria","twitter_misc":{"Written by":"AdminCDE","Est. reading time":"1 minute"},"schema":{"@context":"https:\/\/schema.org","@graph":[{"@type":"Article","@id":"https:\/\/www.cde.ual.es\/erasmus-una-inversion-prevista-de-3-000-millones-de-euros-en-los-jovenes-europeos-y-en-la-creacion-de-universidades-europeas-en-2019\/#article","isPartOf":{"@id":"https:\/\/www.cde.ual.es\/erasmus-una-inversion-prevista-de-3-000-millones-de-euros-en-los-jovenes-europeos-y-en-la-creacion-de-universidades-europeas-en-2019\/"},"author":{"name":"AdminCDE","@id":"https:\/\/www.cde.ual.es\/#\/schema\/person\/224ef08c8bcc005f319d2713ce37ee5f"},"headline":"Erasmus+: Una inversi\u00f3n prevista de 3.000 millones de euros en los j\u00f3venes europeos y en la creaci\u00f3n de universidades europeas en 2019","datePublished":"2018-10-25T06:19:16+00:00","dateModified":"2018-10-25T06:19:29+00:00","mainEntityOfPage":{"@id":"https:\/\/www.cde.ual.es\/erasmus-una-inversion-prevista-de-3-000-millones-de-euros-en-los-jovenes-europeos-y-en-la-creacion-de-universidades-europeas-en-2019\/"},"wordCount":290,"commentCount":0,"publisher":{"@id":"https:\/\/www.cde.ual.es\/#organization"},"image":{"@id":"https:\/\/www.cde.ual.es\/erasmus-una-inversion-prevista-de-3-000-millones-de-euros-en-los-jovenes-europeos-y-en-la-creacion-de-universidades-europeas-en-2019\/#primaryimage"},"thumbnailUrl":"https:\/\/www.cde.ual.es\/wp-content\/uploads\/2018\/10\/Erasmus-.png","keywords":["Movilidad","Uni\u00f3n Europea"],"articleSection":["Noticias UE"],"inLanguage":"en-US","potentialAction":[{"@type":"CommentAction","name":"Comment","target":["https:\/\/www.cde.ual.es\/erasmus-una-inversion-prevista-de-3-000-millones-de-euros-en-los-jovenes-europeos-y-en-la-creacion-de-universidades-europeas-en-2019\/#respond"]}]},{"@type":"WebPage","@id":"https:\/\/www.cde.ual.es\/erasmus-una-inversion-prevista-de-3-000-millones-de-euros-en-los-jovenes-europeos-y-en-la-creacion-de-universidades-europeas-en-2019\/","url":"https:\/\/www.cde.ual.es\/erasmus-una-inversion-prevista-de-3-000-millones-de-euros-en-los-jovenes-europeos-y-en-la-creacion-de-universidades-europeas-en-2019\/","name":"Erasmus+: Una inversi\u00f3n prevista de 3.000 millones de euros en los j\u00f3venes europeos y en la creaci\u00f3n de universidades europeas en 2019 | CDE Almer\u00eda - Centro de Documentaci\u00f3n Europea - Universidad de Almer\u00eda","isPartOf":{"@id":"https:\/\/www.cde.ual.es\/#website"},"primaryImageOfPage":{"@id":"https:\/\/www.cde.ual.es\/erasmus-una-inversion-prevista-de-3-000-millones-de-euros-en-los-jovenes-europeos-y-en-la-creacion-de-universidades-europeas-en-2019\/#primaryimage"},"image":{"@id":"https:\/\/www.cde.ual.es\/erasmus-una-inversion-prevista-de-3-000-millones-de-euros-en-los-jovenes-europeos-y-en-la-creacion-de-universidades-europeas-en-2019\/#primaryimage"},"thumbnailUrl":"https:\/\/www.cde.ual.es\/wp-content\/uploads\/2018\/10\/Erasmus-.png","datePublished":"2018-10-25T06:19:16+00:00","dateModified":"2018-10-25T06:19:29+00:00","breadcrumb":{"@id":"https:\/\/www.cde.ual.es\/erasmus-una-inversion-prevista-de-3-000-millones-de-euros-en-los-jovenes-europeos-y-en-la-creacion-de-universidades-europeas-en-2019\/#breadcrumb"},"inLanguage":"en-US","potentialAction":[{"@type":"ReadAction","target":["https:\/\/www.cde.ual.es\/erasmus-una-inversion-prevista-de-3-000-millones-de-euros-en-los-jovenes-europeos-y-en-la-creacion-de-universidades-europeas-en-2019\/"]}]},{"@type":"ImageObject","inLanguage":"en-US","@id":"https:\/\/www.cde.ual.es\/erasmus-una-inversion-prevista-de-3-000-millones-de-euros-en-los-jovenes-europeos-y-en-la-creacion-de-universidades-europeas-en-2019\/#primaryimage","url":"https:\/\/www.cde.ual.es\/wp-content\/uploads\/2018\/10\/Erasmus-.png","contentUrl":"https:\/\/www.cde.ual.es\/wp-content\/uploads\/2018\/10\/Erasmus-.png","width":839,"height":449},{"@type":"BreadcrumbList","@id":"https:\/\/www.cde.ual.es\/erasmus-una-inversion-prevista-de-3-000-millones-de-euros-en-los-jovenes-europeos-y-en-la-creacion-de-universidades-europeas-en-2019\/#breadcrumb","itemListElement":[{"@type":"ListItem","position":1,"name":"Inicio","item":"https:\/\/www.cde.ual.es\/en\/"},{"@type":"ListItem","position":2,"name":"Noticias UE","item":"https:\/\/www.cde.ual.es\/category\/noticias-ue\/"},{"@type":"ListItem","position":3,"name":"Erasmus+: Una inversi\u00f3n prevista de 3.000 millones de euros en los j\u00f3venes europeos y en la creaci\u00f3n de universidades europeas en 2019"}]},{"@type":"WebSite","@id":"https:\/\/www.cde.ual.es\/#website","url":"https:\/\/www.cde.ual.es\/","name":"CDE Almer\u00eda - Centro de Documentaci\u00f3n Europea - Universidad de Almer\u00eda","description":"Centro de Documentaci\u00f3n Europea de la Universidad de Almer\u00eda","publisher":{"@id":"https:\/\/www.cde.ual.es\/#organization"},"alternateName":"CDE Almer\u00eda","potentialAction":[{"@type":"SearchAction","target":{"@type":"EntryPoint","urlTemplate":"https:\/\/www.cde.ual.es\/?s={search_term_string}"},"query-input":{"@type":"PropertyValueSpecification","valueRequired":true,"valueName":"search_term_string"}}],"inLanguage":"en-US"},{"@type":"Organization","@id":"https:\/\/www.cde.ual.es\/#organization","name":"Centro de Documentaci\u00f3n Europea de Almer\u00eda","url":"https:\/\/www.cde.ual.es\/","logo":{"@type":"ImageObject","inLanguage":"en-US","@id":"https:\/\/www.cde.ual.es\/#\/schema\/logo\/image\/","url":"https:\/\/www.cde.ual.es\/wp-content\/uploads\/2025\/07\/cde-logo-3.png","contentUrl":"https:\/\/www.cde.ual.es\/wp-content\/uploads\/2025\/07\/cde-logo-3.png","width":1400,"height":300,"caption":"Centro de Documentaci\u00f3n Europea de Almer\u00eda"},"image":{"@id":"https:\/\/www.cde.ual.es\/#\/schema\/logo\/image\/"},"sameAs":["https:\/\/www.facebook.com\/cdeuniversidadalmeria\/","https:\/\/x.com\/cdeualmeria","https:\/\/www.tiktok.com\/@cdealmeria","https:\/\/www.instagram.com\/cdealmeria\/","https:\/\/www.linkedin.com\/in\/cde-almera-812b26a9\/"]},{"@type":"Person","@id":"https:\/\/www.cde.ual.es\/#\/schema\/person\/224ef08c8bcc005f319d2713ce37ee5f","name":"AdminCDE","image":{"@type":"ImageObject","inLanguage":"en-US","@id":"https:\/\/secure.gravatar.com\/avatar\/a72d038d371f995cd13706fac32274b7952a52e8fb0a84b5f80c85426f2a98a8?s=96&d=mm&r=g","url":"https:\/\/secure.gravatar.com\/avatar\/a72d038d371f995cd13706fac32274b7952a52e8fb0a84b5f80c85426f2a98a8?s=96&d=mm&r=g","contentUrl":"https:\/\/secure.gravatar.com\/avatar\/a72d038d371f995cd13706fac32274b7952a52e8fb0a84b5f80c85426f2a98a8?s=96&d=mm&r=g","caption":"AdminCDE"}}]}},"_links":{"self":[{"href":"https:\/\/www.cde.ual.es\/en\/wp-json\/wp\/v2\/posts\/9345","targetHints":{"allow":["GET"]}}],"collection":[{"href":"https:\/\/www.cde.ual.es\/en\/wp-json\/wp\/v2\/posts"}],"about":[{"href":"https:\/\/www.cde.ual.es\/en\/wp-json\/wp\/v2\/types\/post"}],"author":[{"embeddable":true,"href":"https:\/\/www.cde.ual.es\/en\/wp-json\/wp\/v2\/users\/1"}],"replies":[{"embeddable":true,"href":"https:\/\/www.cde.ual.es\/en\/wp-json\/wp\/v2\/comments?post=9345"}],"version-history":[{"count":0,"href":"https:\/\/www.cde.ual.es\/en\/wp-json\/wp\/v2\/posts\/9345\/revisions"}],"wp:featuredmedia":[{"embeddable":true,"href":"https:\/\/www.cde.ual.es\/en\/wp-json\/wp\/v2\/media\/9348"}],"wp:attachment":[{"href":"https:\/\/www.cde.ual.es\/en\/wp-json\/wp\/v2\/media?parent=9345"}],"wp:term":[{"taxonomy":"category","embeddable":true,"href":"https:\/\/www.cde.ual.es\/en\/wp-json\/wp\/v2\/categories?post=9345"},{"taxonomy":"post_tag","embeddable":true,"href":"https:\/\/www.cde.ual.es\/en\/wp-json\/wp\/v2\/tags?post=9345"}],"curies":[{"name":"wp","href":"https:\/\/api.w.org\/{rel}","templated":true}]}}