{"id":93135,"date":"2022-02-01T03:30:07","date_gmt":"2022-02-01T02:30:07","guid":{"rendered":"https:\/\/www.cde.ual.es\/?p=93135"},"modified":"2022-02-01T11:12:21","modified_gmt":"2022-02-01T10:12:21","slug":"consejo-agricultura","status":"publish","type":"post","link":"https:\/\/www.cde.ual.es\/en\/consejo-agricultura\/","title":{"rendered":"What is the future of rural areas?"},"content":{"rendered":"<p>&nbsp;<\/p>\n<p dir=\"ltr\"><a href=\"https:\/\/www.cde.ual.es\/wp-content\/uploads\/2022\/01\/man_computer.jpg\"><img decoding=\"async\" class=\"size-full wp-image-94498 aligncenter\" src=\"https:\/\/www.cde.ual.es\/wp-content\/uploads\/2022\/01\/man_computer.jpg\" alt=\"\" width=\"700\" height=\"511\" srcset=\"https:\/\/www.cde.ual.es\/wp-content\/uploads\/2022\/01\/man_computer.jpg 700w, https:\/\/www.cde.ual.es\/wp-content\/uploads\/2022\/01\/man_computer-300x219.jpg 300w\" sizes=\"(max-width: 700px) 100vw, 700px\" \/><\/a><\/p>\n<p dir=\"ltr\"><strong>The European Commission&#8217;s long-term vision for the future of rural areas is a promising start but making it a reality will require political will from every level of government, stakeholders and citizens alike, the European Committee of the Regions warned on Wednesday. Rural areas account for almost 30% of the EU population and 80% of its territory, making them a vital part of Europe&#8217;s recovery and development<\/strong><\/p>\n<p dir=\"ltr\"><span lang=\"es-ES\">Europe&#8217;s rural areas account for 80% of the territory and 30% of Europe&#8217;s population. They face a wide variety of challenges, from an ageing population and low income levels to an increasing digital divide and the impact of climate change, all of them further exacerbated by the pandemic and its broader impact on society and the economy. The European Commission&#8217;s strategy for supporting the development and recovery of these key regions is the\u00a0<a href=\"https:\/\/www.cde.ual.es\/wp-admin\/post.php?post=76193&amp;action=edit&amp;lang=en&amp;admin_bar=1\"><strong>Long-term vision for rural areas<\/strong><\/a>\u00a0up to 2040 and the\u00a0<a href=\"https:\/\/www.cde.ual.es\/wp-admin\/post.php?post=75530&amp;action=edit&amp;lang=en&amp;admin_bar=1\"><strong>Rural Pact<\/strong><\/a>, an initiative that aims to engage citizens and political actors at EU, national, regional and local level to make rural areas and communities stronger, connected, resilient and prosperous.<\/span><\/p>\n<p dir=\"ltr\">As the institution that represents the million or more local and regional politicians across the EU, the <strong><a href=\"https:\/\/www.cde.ual.es\/wp-content\/uploads\/2021\/12\/QG0121327ENN.en_.pdf\">European Committee of the Regions (CoR)<\/a><\/strong> is a key player in ensuring that the long-term vision becomes a reality, making\u00a0<strong>rural territories stronger, better connected and more resilient for the benefit of the entire EU. But this will only be achieved by everyone working together \u2013 EU, national, regional and local authorities, stakeholders and citizens alike<\/strong><\/p>\n<p dir=\"ltr\">&#8220;<em><a href=\"https:\/\/www.cde.ual.es\/ficha\/infographic-the-future-of-eu-agricultural-policy-disponible-en-espanol\/\">Local and regional actors<\/a> are essential to implement the Rural Pact. Agriculture, mobility, digital connectivity and renewable energy are the strategic areas that must support rural development, given their potential to provide practical solutions and means of support to curb depopulation, facilitate generational renewal, and generate social and economic opportunities linked to the Green Deal. Women and young people must be at the centre of this process. We also believe that there is a need for a simplification of European funds, improvements in the way they are combined and a change towards a multiple-funds model that integrates rural areas in all policies<\/em>,&#8221; stated the rapporteur\u00a0<strong>Moreno Bonilla<\/strong>.<\/p>\n<p dir=\"ltr\">The\u00a0<a href=\"https:\/\/cor.europa.eu\/EN\/our-work\/Pages\/OpinionTimeline.aspx?opId=CDR-3533-2021\"><strong>opinion<\/strong><\/a>\u00a0adopted by the plenary highlighted the urgency of putting in place concrete proposals for immediate action &#8211; accompanied by resources and quantitative targets &#8211; to support the long-term vision and ensure its effective implementation. Moreover, CoR members called on all levels of government to align all future policy and legislative initiatives with rural needs and realities &#8211; a process called &#8220;rural proofing&#8221;<\/p>\n<p><a href=\"https:\/\/ec.europa.eu\/commission\/commissioners\/2019-2024\/suica_en\"><strong>Dubravka \u0160uica<\/strong><\/a>, the European Commission&#8217;s Vice-President for Democracy and Demography, joined the plenary debate on the future of rural areas in Europe together with Commissioner for Agriculture\u00a0<a href=\"https:\/\/ec.europa.eu\/commission\/commissioners\/2019-2024\/wojciechowski_en\"><strong>Janusz Wojciechowski<\/strong><\/a>. Vice-President\u00a0<strong>\u0160uica<\/strong>\u00a0underlined that the CoR is the first EU institution adopting a formal opinion on the long-term vision and pointed out that &#8220;<em>it is only by acting together that we can create a new momentum for rural areas, as attractive, vibrant and dynamic places. The Long Term Vision for Rural Areas calls for solutions designed for their specific needs and assets, with the involvement of regional and local authorities and local communities. The Rural Pact that we\u2019re building together will create the right framework for cooperation and contribute to achieving the shared goals of the long-term vision<\/em>.&#8221;<\/p>\n<p>Commissioner\u00a0<strong>Wojciechowski<\/strong>\u00a0highlighted that \u201c<em>the European Committee of the Regions is a key partner in delivering the long-term vision for rural areas. By coordinating regional voices from across Europe, the Committee will help to ensure that the complexity and variety of regional needs are addressed within the scope of the Vision. I look forward to working with the Committee over the coming years to develop the full potential of our rural areas.<\/em>\u201d<\/p>\n<p><strong>Background:<\/strong><\/p>\n<p>The European Commission adopted\u00a0<a href=\"https:\/\/ec.europa.eu\/info\/strategy\/priorities-2019-2024\/new-push-european-democracy\/long-term-vision-rural-areas_en\"><strong>its long-term vision for rural areas<\/strong><\/a>\u00a0on 30 June last year. The Communication outlines a strategy for making Europe&#8217;s rural areas stronger, connected, resilient and prosperous by 2040. Several actions are scheduled for 2021 and 2022. The long-term vision corresponds with major CoR&#8217;s demands, such as the call for a comprehensive rural agenda, an action plan, mainstreaming rural issues into all EU policies, introducing a rural proofing approach. Moreover, it is also meant to contribute to the Conference on the Future of Europe.<\/p>\n<p>On 20 December the European Commission launched the\u00a0<a href=\"https:\/\/ec.europa.eu\/regional_policy\/en\/newsroom\/news\/2021\/12\/20-12-2021-long-term-vision-for-rural-areas-launch-of-rural-pact\"><strong>Rural Pact<\/strong><\/a>, an initiative included in the long-term vision which aims to mobilise public authorities and stakeholders to act on the needs and aspirations of rural communities. It will provide a common framework to engage and cooperate between stakeholders at EU, national, regional and local level. The CoR will actively contribute to the Rural Pact and develop suggestions for the short-term and long-term implementation of the vision.<\/p>\n<p>The letter on the launch of the Pact sent by the European Commission can be found\u00a0<a href=\"https:\/\/ec.europa.eu\/info\/sites\/default\/files\/strategy\/strategy_documents\/documents\/launch-rural-pact-2021.pdf\"><strong>here<\/strong><\/a>.<\/p>\n<p>Since 2016, the European Committee of the Regions (CoR) has teamed up with the EP and stakeholders to raise awareness of the specific needs and potential of these areas. More information can be found on the\u00a0<a href=\"https:\/\/cor.europa.eu\/en\/our-work\/Pages\/nat.aspx\"><strong>Commission for Natural resources webpage<\/strong><\/a>\u00a0and on the CoR\u00a0<a href=\"https:\/\/cor.europa.eu\/en\/engage\/Pages\/cohesion.aspx\"><strong>webpage &#8220;Cohesion, our fundamental value&#8221;<\/strong><\/a>.<\/p>\n<p>&nbsp;<\/p>\n<p><b>Source:<\/b><a href=\"https:\/\/cor.europa.eu\/es\/news\/Pages\/recovery-rural-areas.aspx\" target=\"_blank\" rel=\"noopener\">European Committee of the Regions<\/a><\/p>\n<h4>More information:<\/h4>\n<p><a href=\"https:\/\/www.cde.ual.es\/press-conference-agriculture-and-fisheries-council-17-january-2022\/\">Agriculture and Fisheries Council, 17th January<\/a><\/p>\n<p class=\"entry-title\"><a href=\"https:\/\/www.cde.ual.es\/ficha\/infographic-the-future-of-eu-agricultural-policy-disponible-en-espanol\/\">Infographic \u2013 The future of EU agricultural policy<\/a><\/p>\n<p><a href=\"https:\/\/www.cde.ual.es\/wp-admin\/post.php?post=76193&amp;action=edit&amp;lang=en&amp;admin_bar=1\">European Documentation Center<\/a><\/p>\n<p><a href=\"https:\/\/www.cde.ual.es\/press-conference-agriculture-and-fisheries-council-17-january-2022\/\">Video: Press connference\u00a0 Agriculture and Fisheries Council17 January 2022<\/a><\/p>\n<p><a href=\"https:\/\/cor.europa.eu\/es\/news\/Pages\/Joint-action-plan-CoR-DG-Regio.aspx\">European Committee of the Regions\u00a0 and the European Commission<\/a><\/p>\n<p><a href=\"https:\/\/www.cde.ual.es\/en\/horizon-europe-smart-solutions-for-the-use-of-digital-technologies-for-farms\/\">HORIZON EUROPE: Smart solutions for the use of digital technologies for farms<\/a><\/p>\n","protected":false},"excerpt":{"rendered":"<p>&nbsp; The European Commission&#8217;s long-term vision for the future of rural areas is a promising start but making it a reality will require political will from every level of government, stakeholders and citizens alike, the European Committee of the Regions warned on Wednesday. Rural areas account for almost 30% of the EU population and 80% [&hellip;]<\/p>\n","protected":false},"author":101011,"featured_media":94499,"comment_status":"open","ping_status":"open","sticky":false,"template":"","format":"standard","meta":{"_acf_changed":false,"_relevanssi_hide_post":"","_relevanssi_hide_content":"","_relevanssi_pin_for_all":"","_relevanssi_pin_keywords":"","_relevanssi_unpin_keywords":"","_relevanssi_related_keywords":"","_relevanssi_related_include_ids":"","_relevanssi_related_exclude_ids":"","_relevanssi_related_no_append":"","_relevanssi_related_not_related":"","_relevanssi_related_posts":"","_relevanssi_noindex_reason":"","_monsterinsights_skip_tracking":false,"_monsterinsights_sitenote_active":false,"_monsterinsights_sitenote_note":"","_monsterinsights_sitenote_category":0,"_genesis_hide_title":false,"_genesis_hide_breadcrumbs":false,"_genesis_hide_singular_image":false,"_genesis_hide_footer_widgets":false,"_genesis_custom_body_class":"","_genesis_custom_post_class":"","_genesis_layout":"","footnotes":""},"categories":[4063,4061,346],"tags":[810,5107,5108,2491,5109,5110,5111],"class_list":{"0":"post-93135","1":"post","2":"type-post","3":"status-publish","4":"format-standard","5":"has-post-thumbnail","7":"category-agr-pol","8":"category-agr-liv-far-fish","9":"category-eu-news","10":"tag-agricultura-en","11":"tag-agricultura-en-2","12":"tag-comercio-en","13":"tag-consejo-europeo-en","14":"tag-consejo-europeo-en-2","15":"tag-pesca-en","16":"tag-prioridades-europeas-en","17":"entry"},"acf":[],"yoast_head":"<!-- This site is optimized with the Yoast SEO plugin v27.5 - https:\/\/yoast.com\/product\/yoast-seo-wordpress\/ -->\n<title>What is the future of rural areas? | CDE Almer\u00eda - Centro de Documentaci\u00f3n Europea - Universidad de Almer\u00eda<\/title>\n<meta name=\"robots\" content=\"index, follow, max-snippet:-1, max-image-preview:large, max-video-preview:-1\" \/>\n<link rel=\"canonical\" href=\"https:\/\/www.cde.ual.es\/en\/consejo-agricultura\/\" \/>\n<meta property=\"og:locale\" content=\"en_US\" \/>\n<meta property=\"og:type\" content=\"article\" \/>\n<meta property=\"og:title\" content=\"What is the future of rural areas? | CDE Almer\u00eda - Centro de Documentaci\u00f3n Europea - Universidad de Almer\u00eda\" \/>\n<meta property=\"og:description\" content=\"&nbsp; The European Commission&#8217;s long-term vision for the future of rural areas is a promising start but making it a reality will require political will from every level of government, stakeholders and citizens alike, the European Committee of the Regions warned on Wednesday. Rural areas account for almost 30% of the EU population and 80% [&hellip;]\" \/>\n<meta property=\"og:url\" content=\"https:\/\/www.cde.ual.es\/en\/consejo-agricultura\/\" \/>\n<meta property=\"og:site_name\" content=\"CDE Almer\u00eda - Centro de Documentaci\u00f3n Europea - Universidad de Almer\u00eda\" \/>\n<meta property=\"article:publisher\" content=\"https:\/\/www.facebook.com\/cdeuniversidadalmeria\/\" \/>\n<meta property=\"article:published_time\" content=\"2022-02-01T02:30:07+00:00\" \/>\n<meta property=\"article:modified_time\" content=\"2022-02-01T10:12:21+00:00\" \/>\n<meta property=\"og:image\" content=\"https:\/\/www.cde.ual.es\/wp-content\/uploads\/2022\/01\/man_computer.jpg\" \/>\n\t<meta property=\"og:image:width\" content=\"700\" \/>\n\t<meta property=\"og:image:height\" content=\"511\" \/>\n\t<meta property=\"og:image:type\" content=\"image\/jpeg\" \/>\n<meta name=\"author\" content=\"BECA 2 CDE\" \/>\n<meta name=\"twitter:card\" content=\"summary_large_image\" \/>\n<meta name=\"twitter:creator\" content=\"@cdeualmeria\" \/>\n<meta name=\"twitter:site\" content=\"@cdeualmeria\" \/>\n<meta name=\"twitter:label1\" content=\"Written by\" \/>\n\t<meta name=\"twitter:data1\" content=\"BECA 2 CDE\" \/>\n\t<meta name=\"twitter:label2\" content=\"Est. reading time\" \/>\n\t<meta name=\"twitter:data2\" content=\"5 minutes\" \/>\n<script type=\"application\/ld+json\" class=\"yoast-schema-graph\">{\"@context\":\"https:\\\/\\\/schema.org\",\"@graph\":[{\"@type\":\"Article\",\"@id\":\"https:\\\/\\\/www.cde.ual.es\\\/en\\\/consejo-agricultura\\\/#article\",\"isPartOf\":{\"@id\":\"https:\\\/\\\/www.cde.ual.es\\\/en\\\/consejo-agricultura\\\/\"},\"author\":{\"name\":\"BECA 2 CDE\",\"@id\":\"https:\\\/\\\/www.cde.ual.es\\\/#\\\/schema\\\/person\\\/ee46ebc19edfa19598c02cff83335acc\"},\"headline\":\"What is the future of rural areas?\",\"datePublished\":\"2022-02-01T02:30:07+00:00\",\"dateModified\":\"2022-02-01T10:12:21+00:00\",\"mainEntityOfPage\":{\"@id\":\"https:\\\/\\\/www.cde.ual.es\\\/en\\\/consejo-agricultura\\\/\"},\"wordCount\":912,\"commentCount\":0,\"publisher\":{\"@id\":\"https:\\\/\\\/www.cde.ual.es\\\/#organization\"},\"image\":{\"@id\":\"https:\\\/\\\/www.cde.ual.es\\\/en\\\/consejo-agricultura\\\/#primaryimage\"},\"thumbnailUrl\":\"https:\\\/\\\/www.cde.ual.es\\\/wp-content\\\/uploads\\\/2022\\\/01\\\/man_computer.jpg\",\"keywords\":[\"Agricultura\",\"Agricultura\",\"Comercio\",\"Consejo Europeo\",\"Consejo Europeo\",\"Pesca\",\"prioridades europeas\"],\"articleSection\":[\"Agricultural Policies\",\"Agriculture, Livestock Farming and Fisheries\",\"EU News\"],\"inLanguage\":\"en-US\",\"potentialAction\":[{\"@type\":\"CommentAction\",\"name\":\"Comment\",\"target\":[\"https:\\\/\\\/www.cde.ual.es\\\/en\\\/consejo-agricultura\\\/#respond\"]}]},{\"@type\":\"WebPage\",\"@id\":\"https:\\\/\\\/www.cde.ual.es\\\/en\\\/consejo-agricultura\\\/\",\"url\":\"https:\\\/\\\/www.cde.ual.es\\\/en\\\/consejo-agricultura\\\/\",\"name\":\"What is the future of rural areas? | CDE Almer\u00eda - Centro de Documentaci\u00f3n Europea - Universidad de Almer\u00eda\",\"isPartOf\":{\"@id\":\"https:\\\/\\\/www.cde.ual.es\\\/#website\"},\"primaryImageOfPage\":{\"@id\":\"https:\\\/\\\/www.cde.ual.es\\\/en\\\/consejo-agricultura\\\/#primaryimage\"},\"image\":{\"@id\":\"https:\\\/\\\/www.cde.ual.es\\\/en\\\/consejo-agricultura\\\/#primaryimage\"},\"thumbnailUrl\":\"https:\\\/\\\/www.cde.ual.es\\\/wp-content\\\/uploads\\\/2022\\\/01\\\/man_computer.jpg\",\"datePublished\":\"2022-02-01T02:30:07+00:00\",\"dateModified\":\"2022-02-01T10:12:21+00:00\",\"breadcrumb\":{\"@id\":\"https:\\\/\\\/www.cde.ual.es\\\/en\\\/consejo-agricultura\\\/#breadcrumb\"},\"inLanguage\":\"en-US\",\"potentialAction\":[{\"@type\":\"ReadAction\",\"target\":[\"https:\\\/\\\/www.cde.ual.es\\\/en\\\/consejo-agricultura\\\/\"]}]},{\"@type\":\"ImageObject\",\"inLanguage\":\"en-US\",\"@id\":\"https:\\\/\\\/www.cde.ual.es\\\/en\\\/consejo-agricultura\\\/#primaryimage\",\"url\":\"https:\\\/\\\/www.cde.ual.es\\\/wp-content\\\/uploads\\\/2022\\\/01\\\/man_computer.jpg\",\"contentUrl\":\"https:\\\/\\\/www.cde.ual.es\\\/wp-content\\\/uploads\\\/2022\\\/01\\\/man_computer.jpg\",\"width\":700,\"height\":511},{\"@type\":\"BreadcrumbList\",\"@id\":\"https:\\\/\\\/www.cde.ual.es\\\/en\\\/consejo-agricultura\\\/#breadcrumb\",\"itemListElement\":[{\"@type\":\"ListItem\",\"position\":1,\"name\":\"Inicio\",\"item\":\"https:\\\/\\\/www.cde.ual.es\\\/en\\\/\"},{\"@type\":\"ListItem\",\"position\":2,\"name\":\"EU News\",\"item\":\"https:\\\/\\\/www.cde.ual.es\\\/en\\\/category\\\/eu-news\\\/\"},{\"@type\":\"ListItem\",\"position\":3,\"name\":\"Agriculture, Livestock Farming and Fisheries\",\"item\":\"https:\\\/\\\/www.cde.ual.es\\\/en\\\/category\\\/eu-news\\\/agr-liv-far-fish\\\/\"},{\"@type\":\"ListItem\",\"position\":4,\"name\":\"Pol\u00edtica agraria\",\"item\":\"https:\\\/\\\/www.cde.ual.es\\\/category\\\/noticias-ue\\\/agri-gan-sil-pes\\\/politica-agraria\\\/\"},{\"@type\":\"ListItem\",\"position\":5,\"name\":\"What is the future of rural areas?\"}]},{\"@type\":\"WebSite\",\"@id\":\"https:\\\/\\\/www.cde.ual.es\\\/#website\",\"url\":\"https:\\\/\\\/www.cde.ual.es\\\/\",\"name\":\"CDE Almer\u00eda - Centro de Documentaci\u00f3n Europea - Universidad de Almer\u00eda\",\"description\":\"Centro de Documentaci\u00f3n Europea de la Universidad de Almer\u00eda\",\"publisher\":{\"@id\":\"https:\\\/\\\/www.cde.ual.es\\\/#organization\"},\"alternateName\":\"CDE Almer\u00eda\",\"potentialAction\":[{\"@type\":\"SearchAction\",\"target\":{\"@type\":\"EntryPoint\",\"urlTemplate\":\"https:\\\/\\\/www.cde.ual.es\\\/?s={search_term_string}\"},\"query-input\":{\"@type\":\"PropertyValueSpecification\",\"valueRequired\":true,\"valueName\":\"search_term_string\"}}],\"inLanguage\":\"en-US\"},{\"@type\":\"Organization\",\"@id\":\"https:\\\/\\\/www.cde.ual.es\\\/#organization\",\"name\":\"Centro de Documentaci\u00f3n Europea de Almer\u00eda\",\"url\":\"https:\\\/\\\/www.cde.ual.es\\\/\",\"logo\":{\"@type\":\"ImageObject\",\"inLanguage\":\"en-US\",\"@id\":\"https:\\\/\\\/www.cde.ual.es\\\/#\\\/schema\\\/logo\\\/image\\\/\",\"url\":\"https:\\\/\\\/www.cde.ual.es\\\/wp-content\\\/uploads\\\/2025\\\/07\\\/cde-logo-3.png\",\"contentUrl\":\"https:\\\/\\\/www.cde.ual.es\\\/wp-content\\\/uploads\\\/2025\\\/07\\\/cde-logo-3.png\",\"width\":1400,\"height\":300,\"caption\":\"Centro de Documentaci\u00f3n Europea de Almer\u00eda\"},\"image\":{\"@id\":\"https:\\\/\\\/www.cde.ual.es\\\/#\\\/schema\\\/logo\\\/image\\\/\"},\"sameAs\":[\"https:\\\/\\\/www.facebook.com\\\/cdeuniversidadalmeria\\\/\",\"https:\\\/\\\/x.com\\\/cdeualmeria\",\"https:\\\/\\\/www.tiktok.com\\\/@cdealmeria\",\"https:\\\/\\\/www.instagram.com\\\/cdealmeria\\\/\",\"https:\\\/\\\/www.linkedin.com\\\/in\\\/cde-almera-812b26a9\\\/\"]},{\"@type\":\"Person\",\"@id\":\"https:\\\/\\\/www.cde.ual.es\\\/#\\\/schema\\\/person\\\/ee46ebc19edfa19598c02cff83335acc\",\"name\":\"BECA 2 CDE\",\"image\":{\"@type\":\"ImageObject\",\"inLanguage\":\"en-US\",\"@id\":\"https:\\\/\\\/secure.gravatar.com\\\/avatar\\\/35a481bbc04bbd90e91bdfa3b0b5541036c222a49b9ad37b6889a2afcb5311a5?s=96&d=mm&r=g\",\"url\":\"https:\\\/\\\/secure.gravatar.com\\\/avatar\\\/35a481bbc04bbd90e91bdfa3b0b5541036c222a49b9ad37b6889a2afcb5311a5?s=96&d=mm&r=g\",\"contentUrl\":\"https:\\\/\\\/secure.gravatar.com\\\/avatar\\\/35a481bbc04bbd90e91bdfa3b0b5541036c222a49b9ad37b6889a2afcb5311a5?s=96&d=mm&r=g\",\"caption\":\"BECA 2 CDE\"},\"sameAs\":[\"http:\\\/\\\/www.cdealmeria.com\"]}]}<\/script>\n<!-- \/ Yoast SEO plugin. -->","yoast_head_json":{"title":"What is the future of rural areas? | CDE Almer\u00eda - Centro de Documentaci\u00f3n Europea - Universidad de Almer\u00eda","robots":{"index":"index","follow":"follow","max-snippet":"max-snippet:-1","max-image-preview":"max-image-preview:large","max-video-preview":"max-video-preview:-1"},"canonical":"https:\/\/www.cde.ual.es\/en\/consejo-agricultura\/","og_locale":"en_US","og_type":"article","og_title":"What is the future of rural areas? | CDE Almer\u00eda - Centro de Documentaci\u00f3n Europea - Universidad de Almer\u00eda","og_description":"&nbsp; The European Commission&#8217;s long-term vision for the future of rural areas is a promising start but making it a reality will require political will from every level of government, stakeholders and citizens alike, the European Committee of the Regions warned on Wednesday. Rural areas account for almost 30% of the EU population and 80% [&hellip;]","og_url":"https:\/\/www.cde.ual.es\/en\/consejo-agricultura\/","og_site_name":"CDE Almer\u00eda - Centro de Documentaci\u00f3n Europea - Universidad de Almer\u00eda","article_publisher":"https:\/\/www.facebook.com\/cdeuniversidadalmeria\/","article_published_time":"2022-02-01T02:30:07+00:00","article_modified_time":"2022-02-01T10:12:21+00:00","og_image":[{"width":700,"height":511,"url":"https:\/\/www.cde.ual.es\/wp-content\/uploads\/2022\/01\/man_computer.jpg","type":"image\/jpeg"}],"author":"BECA 2 CDE","twitter_card":"summary_large_image","twitter_creator":"@cdeualmeria","twitter_site":"@cdeualmeria","twitter_misc":{"Written by":"BECA 2 CDE","Est. reading time":"5 minutes"},"schema":{"@context":"https:\/\/schema.org","@graph":[{"@type":"Article","@id":"https:\/\/www.cde.ual.es\/en\/consejo-agricultura\/#article","isPartOf":{"@id":"https:\/\/www.cde.ual.es\/en\/consejo-agricultura\/"},"author":{"name":"BECA 2 CDE","@id":"https:\/\/www.cde.ual.es\/#\/schema\/person\/ee46ebc19edfa19598c02cff83335acc"},"headline":"What is the future of rural areas?","datePublished":"2022-02-01T02:30:07+00:00","dateModified":"2022-02-01T10:12:21+00:00","mainEntityOfPage":{"@id":"https:\/\/www.cde.ual.es\/en\/consejo-agricultura\/"},"wordCount":912,"commentCount":0,"publisher":{"@id":"https:\/\/www.cde.ual.es\/#organization"},"image":{"@id":"https:\/\/www.cde.ual.es\/en\/consejo-agricultura\/#primaryimage"},"thumbnailUrl":"https:\/\/www.cde.ual.es\/wp-content\/uploads\/2022\/01\/man_computer.jpg","keywords":["Agricultura","Agricultura","Comercio","Consejo Europeo","Consejo Europeo","Pesca","prioridades europeas"],"articleSection":["Agricultural Policies","Agriculture, Livestock Farming and Fisheries","EU News"],"inLanguage":"en-US","potentialAction":[{"@type":"CommentAction","name":"Comment","target":["https:\/\/www.cde.ual.es\/en\/consejo-agricultura\/#respond"]}]},{"@type":"WebPage","@id":"https:\/\/www.cde.ual.es\/en\/consejo-agricultura\/","url":"https:\/\/www.cde.ual.es\/en\/consejo-agricultura\/","name":"What is the future of rural areas? | CDE Almer\u00eda - Centro de Documentaci\u00f3n Europea - Universidad de Almer\u00eda","isPartOf":{"@id":"https:\/\/www.cde.ual.es\/#website"},"primaryImageOfPage":{"@id":"https:\/\/www.cde.ual.es\/en\/consejo-agricultura\/#primaryimage"},"image":{"@id":"https:\/\/www.cde.ual.es\/en\/consejo-agricultura\/#primaryimage"},"thumbnailUrl":"https:\/\/www.cde.ual.es\/wp-content\/uploads\/2022\/01\/man_computer.jpg","datePublished":"2022-02-01T02:30:07+00:00","dateModified":"2022-02-01T10:12:21+00:00","breadcrumb":{"@id":"https:\/\/www.cde.ual.es\/en\/consejo-agricultura\/#breadcrumb"},"inLanguage":"en-US","potentialAction":[{"@type":"ReadAction","target":["https:\/\/www.cde.ual.es\/en\/consejo-agricultura\/"]}]},{"@type":"ImageObject","inLanguage":"en-US","@id":"https:\/\/www.cde.ual.es\/en\/consejo-agricultura\/#primaryimage","url":"https:\/\/www.cde.ual.es\/wp-content\/uploads\/2022\/01\/man_computer.jpg","contentUrl":"https:\/\/www.cde.ual.es\/wp-content\/uploads\/2022\/01\/man_computer.jpg","width":700,"height":511},{"@type":"BreadcrumbList","@id":"https:\/\/www.cde.ual.es\/en\/consejo-agricultura\/#breadcrumb","itemListElement":[{"@type":"ListItem","position":1,"name":"Inicio","item":"https:\/\/www.cde.ual.es\/en\/"},{"@type":"ListItem","position":2,"name":"EU News","item":"https:\/\/www.cde.ual.es\/en\/category\/eu-news\/"},{"@type":"ListItem","position":3,"name":"Agriculture, Livestock Farming and Fisheries","item":"https:\/\/www.cde.ual.es\/en\/category\/eu-news\/agr-liv-far-fish\/"},{"@type":"ListItem","position":4,"name":"Pol\u00edtica agraria","item":"https:\/\/www.cde.ual.es\/category\/noticias-ue\/agri-gan-sil-pes\/politica-agraria\/"},{"@type":"ListItem","position":5,"name":"What is the future of rural areas?"}]},{"@type":"WebSite","@id":"https:\/\/www.cde.ual.es\/#website","url":"https:\/\/www.cde.ual.es\/","name":"CDE Almer\u00eda - Centro de Documentaci\u00f3n Europea - Universidad de Almer\u00eda","description":"Centro de Documentaci\u00f3n Europea de la Universidad de Almer\u00eda","publisher":{"@id":"https:\/\/www.cde.ual.es\/#organization"},"alternateName":"CDE Almer\u00eda","potentialAction":[{"@type":"SearchAction","target":{"@type":"EntryPoint","urlTemplate":"https:\/\/www.cde.ual.es\/?s={search_term_string}"},"query-input":{"@type":"PropertyValueSpecification","valueRequired":true,"valueName":"search_term_string"}}],"inLanguage":"en-US"},{"@type":"Organization","@id":"https:\/\/www.cde.ual.es\/#organization","name":"Centro de Documentaci\u00f3n Europea de Almer\u00eda","url":"https:\/\/www.cde.ual.es\/","logo":{"@type":"ImageObject","inLanguage":"en-US","@id":"https:\/\/www.cde.ual.es\/#\/schema\/logo\/image\/","url":"https:\/\/www.cde.ual.es\/wp-content\/uploads\/2025\/07\/cde-logo-3.png","contentUrl":"https:\/\/www.cde.ual.es\/wp-content\/uploads\/2025\/07\/cde-logo-3.png","width":1400,"height":300,"caption":"Centro de Documentaci\u00f3n Europea de Almer\u00eda"},"image":{"@id":"https:\/\/www.cde.ual.es\/#\/schema\/logo\/image\/"},"sameAs":["https:\/\/www.facebook.com\/cdeuniversidadalmeria\/","https:\/\/x.com\/cdeualmeria","https:\/\/www.tiktok.com\/@cdealmeria","https:\/\/www.instagram.com\/cdealmeria\/","https:\/\/www.linkedin.com\/in\/cde-almera-812b26a9\/"]},{"@type":"Person","@id":"https:\/\/www.cde.ual.es\/#\/schema\/person\/ee46ebc19edfa19598c02cff83335acc","name":"BECA 2 CDE","image":{"@type":"ImageObject","inLanguage":"en-US","@id":"https:\/\/secure.gravatar.com\/avatar\/35a481bbc04bbd90e91bdfa3b0b5541036c222a49b9ad37b6889a2afcb5311a5?s=96&d=mm&r=g","url":"https:\/\/secure.gravatar.com\/avatar\/35a481bbc04bbd90e91bdfa3b0b5541036c222a49b9ad37b6889a2afcb5311a5?s=96&d=mm&r=g","contentUrl":"https:\/\/secure.gravatar.com\/avatar\/35a481bbc04bbd90e91bdfa3b0b5541036c222a49b9ad37b6889a2afcb5311a5?s=96&d=mm&r=g","caption":"BECA 2 CDE"},"sameAs":["http:\/\/www.cdealmeria.com"]}]}},"_links":{"self":[{"href":"https:\/\/www.cde.ual.es\/en\/wp-json\/wp\/v2\/posts\/93135","targetHints":{"allow":["GET"]}}],"collection":[{"href":"https:\/\/www.cde.ual.es\/en\/wp-json\/wp\/v2\/posts"}],"about":[{"href":"https:\/\/www.cde.ual.es\/en\/wp-json\/wp\/v2\/types\/post"}],"author":[{"embeddable":true,"href":"https:\/\/www.cde.ual.es\/en\/wp-json\/wp\/v2\/users\/101011"}],"replies":[{"embeddable":true,"href":"https:\/\/www.cde.ual.es\/en\/wp-json\/wp\/v2\/comments?post=93135"}],"version-history":[{"count":0,"href":"https:\/\/www.cde.ual.es\/en\/wp-json\/wp\/v2\/posts\/93135\/revisions"}],"wp:featuredmedia":[{"embeddable":true,"href":"https:\/\/www.cde.ual.es\/en\/wp-json\/wp\/v2\/media\/94499"}],"wp:attachment":[{"href":"https:\/\/www.cde.ual.es\/en\/wp-json\/wp\/v2\/media?parent=93135"}],"wp:term":[{"taxonomy":"category","embeddable":true,"href":"https:\/\/www.cde.ual.es\/en\/wp-json\/wp\/v2\/categories?post=93135"},{"taxonomy":"post_tag","embeddable":true,"href":"https:\/\/www.cde.ual.es\/en\/wp-json\/wp\/v2\/tags?post=93135"}],"curies":[{"name":"wp","href":"https:\/\/api.w.org\/{rel}","templated":true}]}}