{"id":92520,"date":"2022-01-14T09:30:05","date_gmt":"2022-01-14T08:30:05","guid":{"rendered":"https:\/\/www.cde.ual.es\/?p=92520"},"modified":"2022-01-30T14:05:36","modified_gmt":"2022-01-30T13:05:36","slug":"ual-promotes-the-ibero-american-knowledge-space-through-international-telecollaboration","status":"publish","type":"post","link":"https:\/\/www.cde.ual.es\/en\/ual-promotes-the-ibero-american-knowledge-space-through-international-telecollaboration\/","title":{"rendered":"UAL promotes the Ibero-American Knowledge Space through international telecollaboration"},"content":{"rendered":"<p>On December 16, the First International Meeting of the Ibero-American Knowledge Space: Internationalization of the Curriculum through Telecollaboration, promoted by the International University of Andalusia (UNIA) and Grupo La R\u00e1bida, was held at the UAL. The UAL, the European Documentation Center of Almeria and the Faculty of Humanities also participated in the organization of this telematic event.<\/p>\n<p>This international meeting addresses the new scenario in which academic training is taking place, where it is essential to promote experiences and activities, both curricular and extracurricular, that favor international university coordination and involve a reorganization of the curriculum. In this sense, the objective of this meeting on Internationalization of the Curriculum and Telecollaboration was to contribute innovative ideas to promote Ibero-American inter-university cooperation through virtual teaching and the internationalization of the curriculum, and to serve as a meeting point for teachers, researchers and representatives of university institutions, whose experiences in the dynamics of internationalization &#8220;will help to design a solid structure for inter-university cooperation&#8221;.<\/p>\n<p>Arturo F. Chica, vice-rector of Internationalization of the UNIA, Diego Luis Valera, vice-rector of Research and Innovation of the UAL, and professors Jos\u00e9 Manuel de Amo and Ana Fe Gil Serra, members of the organizing committee, inaugurated the meeting. Osvaldo Cleger, professor of the School of Modern Languages at the Georgia Institute of Technology (USA), offered an interesting reflection on the new didactic challenges in the current university teaching activity through his lecture &#8216;Inverted class: hybrid learning spaces in a post-covid environment&#8217;.<\/p>\n<p><a href=\"https:\/\/www.cde.ual.es\/wp-content\/uploads\/2022\/01\/BeFunky-collage-scaled.jpg\"><img decoding=\"async\" class=\" wp-image-92455 aligncenter\" src=\"https:\/\/www.cde.ual.es\/wp-content\/uploads\/2022\/01\/BeFunky-collage-scaled.jpg\" alt=\"\" width=\"700\" height=\"656\" srcset=\"https:\/\/www.cde.ual.es\/wp-content\/uploads\/2022\/01\/BeFunky-collage-scaled.jpg 2560w, https:\/\/www.cde.ual.es\/wp-content\/uploads\/2022\/01\/BeFunky-collage-300x281.jpg 300w, https:\/\/www.cde.ual.es\/wp-content\/uploads\/2022\/01\/BeFunky-collage-1024x959.jpg 1024w, https:\/\/www.cde.ual.es\/wp-content\/uploads\/2022\/01\/BeFunky-collage-768x720.jpg 768w, https:\/\/www.cde.ual.es\/wp-content\/uploads\/2022\/01\/BeFunky-collage-1536x1439.jpg 1536w, https:\/\/www.cde.ual.es\/wp-content\/uploads\/2022\/01\/BeFunky-collage-2048x1919.jpg 2048w\" sizes=\"(max-width: 700px) 100vw, 700px\" \/><\/a><\/p>\n<p>The UAL presented some recent experiences in the field of telecollaboration and internationalization of the curriculum, such as the projects &#8220;HABLAMOS&#8221;, by Margarita Asensio (UAL) and Renad Al-Momani, from the University of Jordan, &#8220;TELE-T\u00c1NDEM&#8221;, by Saskia Kohlauf (UAL), Oliver Lachner from the National University of Mar del Plata (Argentina) and Francesca Angrisano from the Polytechnic School of Augsburg (Germany). Another example of good practices carried out at the UAL was the presentation &#8220;Proposals for internationalization in telecollaboration processes in IFRN (Brazil): the experience of teaching Brazilian Portuguese to the academic community of the University of Almeria&#8221;, by Samuel de Carvalho Lima and Girlene Moreira da Silva from the Instituto Federal de Educa\u00e7\u00e3o, Ci\u00eancia e Tecnologia do Rio Grande do Norte IFRN (Brazil).<\/p>\n<p><a href=\"https:\/\/www.cde.ual.es\/wp-content\/uploads\/2022\/01\/girlene-4.png\"><img decoding=\"async\" class=\" wp-image-92457 aligncenter\" src=\"https:\/\/www.cde.ual.es\/wp-content\/uploads\/2022\/01\/girlene-4.png\" alt=\"\" width=\"701\" height=\"345\" srcset=\"https:\/\/www.cde.ual.es\/wp-content\/uploads\/2022\/01\/girlene-4.png 1350w, https:\/\/www.cde.ual.es\/wp-content\/uploads\/2022\/01\/girlene-4-300x148.png 300w, https:\/\/www.cde.ual.es\/wp-content\/uploads\/2022\/01\/girlene-4-1024x504.png 1024w, https:\/\/www.cde.ual.es\/wp-content\/uploads\/2022\/01\/girlene-4-768x378.png 768w\" sizes=\"(max-width: 701px) 100vw, 701px\" \/><\/a><\/p>\n<p>Ana Fe Gil Serra, as director of the European Documentation Center of Almeria, presented the main results of the European pilot program Erasmus+Virtual Exchanges and its impact on European higher education and Emilio Pe\u00f1a, from the Foundation of the University of Almeria, presented the most significant results of the efforts made by Spanish universities to adapt their teaching activities to the needs arising during the pandemic.<\/p>\n<p>During the meeting, other examples of collaboration between Ibero-American universities were also presented, such as &#8216;Model for collaborative online learning based on the internationalization of the curriculum in Law and Economics. A methodological proposal for telematic university teaching in the context of Ibero-America&#8217;, by J. Ignacio Leo-Castela and &#8216;Is a virtual post-doctorate feasible: Reflections from the Ibero-American experience&#8217;, by Mr. Jos\u00e9 Antonio Fr\u00edas and Mr. Cr\u00edspulo Travieso Rodr\u00edguez, professors at the University of Salamanca.<\/p>\n<p>This international meeting closed with the round table discussion &#8216;Spain and Ibero-America: telecollaboration as a tool for the internationalization of the curriculum&#8217;, with the participation of Daniel Antenucci, former vice-rector of the Universidad Nacional Mar del Plata (Argentina) and Fernando T\u00e9llez, director of International Relations of the Fundaci\u00f3n Universitaria del \u00c1rea Andina (Colombia). This debate was moderated by Kevin Baldrich from UAL.<\/p>\n<p><strong>Source:<\/strong>\u00a0<a href=\"https:\/\/news.ual.es\/formacion\/la-ual-aboga-por-la-telecolaboracion-internacional-de-universidades-en-el-encuentro-espacio-iberoamericano\/\" target=\"_blank\" rel=\"noopener\">UAL News<\/a><\/p>\n<h4>More information:<\/h4>\n<p><a href=\"https:\/\/www.cde.ual.es\/ficha\/impact-of-covid-19-on-young-people-in-the-eu\/\">Impact of COVID-19 on young people in the EU<\/a><\/p>\n<p><a href=\"https:\/\/www.cde.ual.es\/ficha\/erasmus-virtual-exchanges-eve\/\">Erasmus+ virtual exchanges (EVE)<\/a><\/p>\n<p><a href=\"https:\/\/www.cde.ual.es\/ficha\/emergency-remote-schooling-during-covid-19-a-closer-look-at-european-families\/\">Emergency remote schooling during COVID-19. A closer look at European families<\/a><\/p>\n<p>&nbsp;<\/p>\n","protected":false},"excerpt":{"rendered":"<p>On December 16, the First International Meeting of the Ibero-American Knowledge Space: Internationalization of the Curriculum through Telecollaboration, promoted by the International University of Andalusia (UNIA) and Grupo La R\u00e1bida, was held at the UAL. The UAL, the European Documentation Center of Almeria and the Faculty of Humanities also participated in the organization of this [&hellip;]<\/p>\n","protected":false},"author":101011,"featured_media":92455,"comment_status":"open","ping_status":"open","sticky":false,"template":"","format":"standard","meta":{"_acf_changed":false,"_relevanssi_hide_post":"","_relevanssi_hide_content":"","_relevanssi_pin_for_all":"","_relevanssi_pin_keywords":"","_relevanssi_unpin_keywords":"","_relevanssi_related_keywords":"","_relevanssi_related_include_ids":"","_relevanssi_related_exclude_ids":"","_relevanssi_related_no_append":"","_relevanssi_related_not_related":"","_relevanssi_related_posts":"","_relevanssi_noindex_reason":"","_monsterinsights_skip_tracking":false,"_monsterinsights_sitenote_active":false,"_monsterinsights_sitenote_note":"","_monsterinsights_sitenote_category":0,"_genesis_hide_title":false,"_genesis_hide_breadcrumbs":false,"_genesis_hide_singular_image":false,"_genesis_hide_footer_widgets":false,"_genesis_custom_body_class":"","_genesis_custom_post_class":"","_genesis_layout":"","footnotes":""},"categories":[4071,346,4074],"tags":[],"class_list":{"0":"post-92520","1":"post","2":"type-post","3":"status-publish","4":"format-standard","5":"has-post-thumbnail","7":"category-education-culture","8":"category-eu-news","9":"category-teaching","10":"entry"},"acf":[],"yoast_head":"<!-- This site is optimized with the Yoast SEO plugin v27.5 - https:\/\/yoast.com\/product\/yoast-seo-wordpress\/ -->\n<title>UAL promotes the Ibero-American Knowledge Space through international telecollaboration | CDE Almer\u00eda - Centro de Documentaci\u00f3n Europea - Universidad de Almer\u00eda<\/title>\n<meta name=\"robots\" content=\"index, follow, max-snippet:-1, max-image-preview:large, max-video-preview:-1\" \/>\n<link rel=\"canonical\" href=\"https:\/\/www.cde.ual.es\/en\/ual-promotes-the-ibero-american-knowledge-space-through-international-telecollaboration\/\" \/>\n<meta property=\"og:locale\" content=\"en_US\" \/>\n<meta property=\"og:type\" content=\"article\" \/>\n<meta property=\"og:title\" content=\"UAL promotes the Ibero-American Knowledge Space through international telecollaboration | CDE Almer\u00eda - Centro de Documentaci\u00f3n Europea - Universidad de Almer\u00eda\" \/>\n<meta property=\"og:description\" content=\"On December 16, the First International Meeting of the Ibero-American Knowledge Space: Internationalization of the Curriculum through Telecollaboration, promoted by the International University of Andalusia (UNIA) and Grupo La R\u00e1bida, was held at the UAL. The UAL, the European Documentation Center of Almeria and the Faculty of Humanities also participated in the organization of this [&hellip;]\" \/>\n<meta property=\"og:url\" content=\"https:\/\/www.cde.ual.es\/en\/ual-promotes-the-ibero-american-knowledge-space-through-international-telecollaboration\/\" \/>\n<meta property=\"og:site_name\" content=\"CDE Almer\u00eda - Centro de Documentaci\u00f3n Europea - Universidad de Almer\u00eda\" \/>\n<meta property=\"article:publisher\" content=\"https:\/\/www.facebook.com\/cdeuniversidadalmeria\/\" \/>\n<meta property=\"article:published_time\" content=\"2022-01-14T08:30:05+00:00\" \/>\n<meta property=\"article:modified_time\" content=\"2022-01-30T13:05:36+00:00\" \/>\n<meta property=\"og:image\" content=\"https:\/\/www.cde.ual.es\/wp-content\/uploads\/2022\/01\/BeFunky-collage-scaled.jpg\" \/>\n\t<meta property=\"og:image:width\" content=\"2560\" \/>\n\t<meta property=\"og:image:height\" content=\"2398\" \/>\n\t<meta property=\"og:image:type\" content=\"image\/jpeg\" \/>\n<meta name=\"author\" content=\"BECA 2 CDE\" \/>\n<meta name=\"twitter:card\" content=\"summary_large_image\" \/>\n<meta name=\"twitter:creator\" content=\"@cdeualmeria\" \/>\n<meta name=\"twitter:site\" content=\"@cdeualmeria\" \/>\n<meta name=\"twitter:label1\" content=\"Written by\" \/>\n\t<meta name=\"twitter:data1\" content=\"BECA 2 CDE\" \/>\n\t<meta name=\"twitter:label2\" content=\"Est. reading time\" \/>\n\t<meta name=\"twitter:data2\" content=\"4 minutes\" \/>\n<script type=\"application\/ld+json\" class=\"yoast-schema-graph\">{\"@context\":\"https:\\\/\\\/schema.org\",\"@graph\":[{\"@type\":\"Article\",\"@id\":\"https:\\\/\\\/www.cde.ual.es\\\/en\\\/ual-promotes-the-ibero-american-knowledge-space-through-international-telecollaboration\\\/#article\",\"isPartOf\":{\"@id\":\"https:\\\/\\\/www.cde.ual.es\\\/en\\\/ual-promotes-the-ibero-american-knowledge-space-through-international-telecollaboration\\\/\"},\"author\":{\"name\":\"BECA 2 CDE\",\"@id\":\"https:\\\/\\\/www.cde.ual.es\\\/#\\\/schema\\\/person\\\/ee46ebc19edfa19598c02cff83335acc\"},\"headline\":\"UAL promotes the Ibero-American Knowledge Space through international telecollaboration\",\"datePublished\":\"2022-01-14T08:30:05+00:00\",\"dateModified\":\"2022-01-30T13:05:36+00:00\",\"mainEntityOfPage\":{\"@id\":\"https:\\\/\\\/www.cde.ual.es\\\/en\\\/ual-promotes-the-ibero-american-knowledge-space-through-international-telecollaboration\\\/\"},\"wordCount\":617,\"commentCount\":0,\"publisher\":{\"@id\":\"https:\\\/\\\/www.cde.ual.es\\\/#organization\"},\"image\":{\"@id\":\"https:\\\/\\\/www.cde.ual.es\\\/en\\\/ual-promotes-the-ibero-american-knowledge-space-through-international-telecollaboration\\\/#primaryimage\"},\"thumbnailUrl\":\"https:\\\/\\\/www.cde.ual.es\\\/wp-content\\\/uploads\\\/2022\\\/01\\\/BeFunky-collage-scaled.jpg\",\"articleSection\":[\"Education and Culture\",\"EU News\",\"Teaching and Education\"],\"inLanguage\":\"en-US\",\"potentialAction\":[{\"@type\":\"CommentAction\",\"name\":\"Comment\",\"target\":[\"https:\\\/\\\/www.cde.ual.es\\\/en\\\/ual-promotes-the-ibero-american-knowledge-space-through-international-telecollaboration\\\/#respond\"]}]},{\"@type\":\"WebPage\",\"@id\":\"https:\\\/\\\/www.cde.ual.es\\\/en\\\/ual-promotes-the-ibero-american-knowledge-space-through-international-telecollaboration\\\/\",\"url\":\"https:\\\/\\\/www.cde.ual.es\\\/en\\\/ual-promotes-the-ibero-american-knowledge-space-through-international-telecollaboration\\\/\",\"name\":\"UAL promotes the Ibero-American Knowledge Space through international telecollaboration | CDE Almer\u00eda - Centro de Documentaci\u00f3n Europea - Universidad de Almer\u00eda\",\"isPartOf\":{\"@id\":\"https:\\\/\\\/www.cde.ual.es\\\/#website\"},\"primaryImageOfPage\":{\"@id\":\"https:\\\/\\\/www.cde.ual.es\\\/en\\\/ual-promotes-the-ibero-american-knowledge-space-through-international-telecollaboration\\\/#primaryimage\"},\"image\":{\"@id\":\"https:\\\/\\\/www.cde.ual.es\\\/en\\\/ual-promotes-the-ibero-american-knowledge-space-through-international-telecollaboration\\\/#primaryimage\"},\"thumbnailUrl\":\"https:\\\/\\\/www.cde.ual.es\\\/wp-content\\\/uploads\\\/2022\\\/01\\\/BeFunky-collage-scaled.jpg\",\"datePublished\":\"2022-01-14T08:30:05+00:00\",\"dateModified\":\"2022-01-30T13:05:36+00:00\",\"breadcrumb\":{\"@id\":\"https:\\\/\\\/www.cde.ual.es\\\/en\\\/ual-promotes-the-ibero-american-knowledge-space-through-international-telecollaboration\\\/#breadcrumb\"},\"inLanguage\":\"en-US\",\"potentialAction\":[{\"@type\":\"ReadAction\",\"target\":[\"https:\\\/\\\/www.cde.ual.es\\\/en\\\/ual-promotes-the-ibero-american-knowledge-space-through-international-telecollaboration\\\/\"]}]},{\"@type\":\"ImageObject\",\"inLanguage\":\"en-US\",\"@id\":\"https:\\\/\\\/www.cde.ual.es\\\/en\\\/ual-promotes-the-ibero-american-knowledge-space-through-international-telecollaboration\\\/#primaryimage\",\"url\":\"https:\\\/\\\/www.cde.ual.es\\\/wp-content\\\/uploads\\\/2022\\\/01\\\/BeFunky-collage-scaled.jpg\",\"contentUrl\":\"https:\\\/\\\/www.cde.ual.es\\\/wp-content\\\/uploads\\\/2022\\\/01\\\/BeFunky-collage-scaled.jpg\",\"width\":2560,\"height\":2398},{\"@type\":\"BreadcrumbList\",\"@id\":\"https:\\\/\\\/www.cde.ual.es\\\/en\\\/ual-promotes-the-ibero-american-knowledge-space-through-international-telecollaboration\\\/#breadcrumb\",\"itemListElement\":[{\"@type\":\"ListItem\",\"position\":1,\"name\":\"Inicio\",\"item\":\"https:\\\/\\\/www.cde.ual.es\\\/en\\\/\"},{\"@type\":\"ListItem\",\"position\":2,\"name\":\"EU News\",\"item\":\"https:\\\/\\\/www.cde.ual.es\\\/en\\\/category\\\/eu-news\\\/\"},{\"@type\":\"ListItem\",\"position\":3,\"name\":\"Education and Culture\",\"item\":\"https:\\\/\\\/www.cde.ual.es\\\/en\\\/category\\\/eu-news\\\/education-culture\\\/\"},{\"@type\":\"ListItem\",\"position\":4,\"name\":\"Teaching and Education\",\"item\":\"https:\\\/\\\/www.cde.ual.es\\\/en\\\/category\\\/eu-news\\\/education-culture\\\/teaching\\\/\"},{\"@type\":\"ListItem\",\"position\":5,\"name\":\"UAL promotes the Ibero-American Knowledge Space through international telecollaboration\"}]},{\"@type\":\"WebSite\",\"@id\":\"https:\\\/\\\/www.cde.ual.es\\\/#website\",\"url\":\"https:\\\/\\\/www.cde.ual.es\\\/\",\"name\":\"CDE Almer\u00eda - Centro de Documentaci\u00f3n Europea - Universidad de Almer\u00eda\",\"description\":\"Centro de Documentaci\u00f3n Europea de la Universidad de Almer\u00eda\",\"publisher\":{\"@id\":\"https:\\\/\\\/www.cde.ual.es\\\/#organization\"},\"alternateName\":\"CDE Almer\u00eda\",\"potentialAction\":[{\"@type\":\"SearchAction\",\"target\":{\"@type\":\"EntryPoint\",\"urlTemplate\":\"https:\\\/\\\/www.cde.ual.es\\\/?s={search_term_string}\"},\"query-input\":{\"@type\":\"PropertyValueSpecification\",\"valueRequired\":true,\"valueName\":\"search_term_string\"}}],\"inLanguage\":\"en-US\"},{\"@type\":\"Organization\",\"@id\":\"https:\\\/\\\/www.cde.ual.es\\\/#organization\",\"name\":\"Centro de Documentaci\u00f3n Europea de Almer\u00eda\",\"url\":\"https:\\\/\\\/www.cde.ual.es\\\/\",\"logo\":{\"@type\":\"ImageObject\",\"inLanguage\":\"en-US\",\"@id\":\"https:\\\/\\\/www.cde.ual.es\\\/#\\\/schema\\\/logo\\\/image\\\/\",\"url\":\"https:\\\/\\\/www.cde.ual.es\\\/wp-content\\\/uploads\\\/2025\\\/07\\\/cde-logo-3.png\",\"contentUrl\":\"https:\\\/\\\/www.cde.ual.es\\\/wp-content\\\/uploads\\\/2025\\\/07\\\/cde-logo-3.png\",\"width\":1400,\"height\":300,\"caption\":\"Centro de Documentaci\u00f3n Europea de Almer\u00eda\"},\"image\":{\"@id\":\"https:\\\/\\\/www.cde.ual.es\\\/#\\\/schema\\\/logo\\\/image\\\/\"},\"sameAs\":[\"https:\\\/\\\/www.facebook.com\\\/cdeuniversidadalmeria\\\/\",\"https:\\\/\\\/x.com\\\/cdeualmeria\",\"https:\\\/\\\/www.tiktok.com\\\/@cdealmeria\",\"https:\\\/\\\/www.instagram.com\\\/cdealmeria\\\/\",\"https:\\\/\\\/www.linkedin.com\\\/in\\\/cde-almera-812b26a9\\\/\"]},{\"@type\":\"Person\",\"@id\":\"https:\\\/\\\/www.cde.ual.es\\\/#\\\/schema\\\/person\\\/ee46ebc19edfa19598c02cff83335acc\",\"name\":\"BECA 2 CDE\",\"image\":{\"@type\":\"ImageObject\",\"inLanguage\":\"en-US\",\"@id\":\"https:\\\/\\\/secure.gravatar.com\\\/avatar\\\/35a481bbc04bbd90e91bdfa3b0b5541036c222a49b9ad37b6889a2afcb5311a5?s=96&d=mm&r=g\",\"url\":\"https:\\\/\\\/secure.gravatar.com\\\/avatar\\\/35a481bbc04bbd90e91bdfa3b0b5541036c222a49b9ad37b6889a2afcb5311a5?s=96&d=mm&r=g\",\"contentUrl\":\"https:\\\/\\\/secure.gravatar.com\\\/avatar\\\/35a481bbc04bbd90e91bdfa3b0b5541036c222a49b9ad37b6889a2afcb5311a5?s=96&d=mm&r=g\",\"caption\":\"BECA 2 CDE\"},\"sameAs\":[\"http:\\\/\\\/www.cdealmeria.com\"]}]}<\/script>\n<!-- \/ Yoast SEO plugin. -->","yoast_head_json":{"title":"UAL promotes the Ibero-American Knowledge Space through international telecollaboration | CDE Almer\u00eda - Centro de Documentaci\u00f3n Europea - Universidad de Almer\u00eda","robots":{"index":"index","follow":"follow","max-snippet":"max-snippet:-1","max-image-preview":"max-image-preview:large","max-video-preview":"max-video-preview:-1"},"canonical":"https:\/\/www.cde.ual.es\/en\/ual-promotes-the-ibero-american-knowledge-space-through-international-telecollaboration\/","og_locale":"en_US","og_type":"article","og_title":"UAL promotes the Ibero-American Knowledge Space through international telecollaboration | CDE Almer\u00eda - Centro de Documentaci\u00f3n Europea - Universidad de Almer\u00eda","og_description":"On December 16, the First International Meeting of the Ibero-American Knowledge Space: Internationalization of the Curriculum through Telecollaboration, promoted by the International University of Andalusia (UNIA) and Grupo La R\u00e1bida, was held at the UAL. The UAL, the European Documentation Center of Almeria and the Faculty of Humanities also participated in the organization of this [&hellip;]","og_url":"https:\/\/www.cde.ual.es\/en\/ual-promotes-the-ibero-american-knowledge-space-through-international-telecollaboration\/","og_site_name":"CDE Almer\u00eda - Centro de Documentaci\u00f3n Europea - Universidad de Almer\u00eda","article_publisher":"https:\/\/www.facebook.com\/cdeuniversidadalmeria\/","article_published_time":"2022-01-14T08:30:05+00:00","article_modified_time":"2022-01-30T13:05:36+00:00","og_image":[{"width":2560,"height":2398,"url":"https:\/\/www.cde.ual.es\/wp-content\/uploads\/2022\/01\/BeFunky-collage-scaled.jpg","type":"image\/jpeg"}],"author":"BECA 2 CDE","twitter_card":"summary_large_image","twitter_creator":"@cdeualmeria","twitter_site":"@cdeualmeria","twitter_misc":{"Written by":"BECA 2 CDE","Est. reading time":"4 minutes"},"schema":{"@context":"https:\/\/schema.org","@graph":[{"@type":"Article","@id":"https:\/\/www.cde.ual.es\/en\/ual-promotes-the-ibero-american-knowledge-space-through-international-telecollaboration\/#article","isPartOf":{"@id":"https:\/\/www.cde.ual.es\/en\/ual-promotes-the-ibero-american-knowledge-space-through-international-telecollaboration\/"},"author":{"name":"BECA 2 CDE","@id":"https:\/\/www.cde.ual.es\/#\/schema\/person\/ee46ebc19edfa19598c02cff83335acc"},"headline":"UAL promotes the Ibero-American Knowledge Space through international telecollaboration","datePublished":"2022-01-14T08:30:05+00:00","dateModified":"2022-01-30T13:05:36+00:00","mainEntityOfPage":{"@id":"https:\/\/www.cde.ual.es\/en\/ual-promotes-the-ibero-american-knowledge-space-through-international-telecollaboration\/"},"wordCount":617,"commentCount":0,"publisher":{"@id":"https:\/\/www.cde.ual.es\/#organization"},"image":{"@id":"https:\/\/www.cde.ual.es\/en\/ual-promotes-the-ibero-american-knowledge-space-through-international-telecollaboration\/#primaryimage"},"thumbnailUrl":"https:\/\/www.cde.ual.es\/wp-content\/uploads\/2022\/01\/BeFunky-collage-scaled.jpg","articleSection":["Education and Culture","EU News","Teaching and Education"],"inLanguage":"en-US","potentialAction":[{"@type":"CommentAction","name":"Comment","target":["https:\/\/www.cde.ual.es\/en\/ual-promotes-the-ibero-american-knowledge-space-through-international-telecollaboration\/#respond"]}]},{"@type":"WebPage","@id":"https:\/\/www.cde.ual.es\/en\/ual-promotes-the-ibero-american-knowledge-space-through-international-telecollaboration\/","url":"https:\/\/www.cde.ual.es\/en\/ual-promotes-the-ibero-american-knowledge-space-through-international-telecollaboration\/","name":"UAL promotes the Ibero-American Knowledge Space through international telecollaboration | CDE Almer\u00eda - Centro de Documentaci\u00f3n Europea - Universidad de Almer\u00eda","isPartOf":{"@id":"https:\/\/www.cde.ual.es\/#website"},"primaryImageOfPage":{"@id":"https:\/\/www.cde.ual.es\/en\/ual-promotes-the-ibero-american-knowledge-space-through-international-telecollaboration\/#primaryimage"},"image":{"@id":"https:\/\/www.cde.ual.es\/en\/ual-promotes-the-ibero-american-knowledge-space-through-international-telecollaboration\/#primaryimage"},"thumbnailUrl":"https:\/\/www.cde.ual.es\/wp-content\/uploads\/2022\/01\/BeFunky-collage-scaled.jpg","datePublished":"2022-01-14T08:30:05+00:00","dateModified":"2022-01-30T13:05:36+00:00","breadcrumb":{"@id":"https:\/\/www.cde.ual.es\/en\/ual-promotes-the-ibero-american-knowledge-space-through-international-telecollaboration\/#breadcrumb"},"inLanguage":"en-US","potentialAction":[{"@type":"ReadAction","target":["https:\/\/www.cde.ual.es\/en\/ual-promotes-the-ibero-american-knowledge-space-through-international-telecollaboration\/"]}]},{"@type":"ImageObject","inLanguage":"en-US","@id":"https:\/\/www.cde.ual.es\/en\/ual-promotes-the-ibero-american-knowledge-space-through-international-telecollaboration\/#primaryimage","url":"https:\/\/www.cde.ual.es\/wp-content\/uploads\/2022\/01\/BeFunky-collage-scaled.jpg","contentUrl":"https:\/\/www.cde.ual.es\/wp-content\/uploads\/2022\/01\/BeFunky-collage-scaled.jpg","width":2560,"height":2398},{"@type":"BreadcrumbList","@id":"https:\/\/www.cde.ual.es\/en\/ual-promotes-the-ibero-american-knowledge-space-through-international-telecollaboration\/#breadcrumb","itemListElement":[{"@type":"ListItem","position":1,"name":"Inicio","item":"https:\/\/www.cde.ual.es\/en\/"},{"@type":"ListItem","position":2,"name":"EU News","item":"https:\/\/www.cde.ual.es\/en\/category\/eu-news\/"},{"@type":"ListItem","position":3,"name":"Education and Culture","item":"https:\/\/www.cde.ual.es\/en\/category\/eu-news\/education-culture\/"},{"@type":"ListItem","position":4,"name":"Teaching and Education","item":"https:\/\/www.cde.ual.es\/en\/category\/eu-news\/education-culture\/teaching\/"},{"@type":"ListItem","position":5,"name":"UAL promotes the Ibero-American Knowledge Space through international telecollaboration"}]},{"@type":"WebSite","@id":"https:\/\/www.cde.ual.es\/#website","url":"https:\/\/www.cde.ual.es\/","name":"CDE Almer\u00eda - Centro de Documentaci\u00f3n Europea - Universidad de Almer\u00eda","description":"Centro de Documentaci\u00f3n Europea de la Universidad de Almer\u00eda","publisher":{"@id":"https:\/\/www.cde.ual.es\/#organization"},"alternateName":"CDE Almer\u00eda","potentialAction":[{"@type":"SearchAction","target":{"@type":"EntryPoint","urlTemplate":"https:\/\/www.cde.ual.es\/?s={search_term_string}"},"query-input":{"@type":"PropertyValueSpecification","valueRequired":true,"valueName":"search_term_string"}}],"inLanguage":"en-US"},{"@type":"Organization","@id":"https:\/\/www.cde.ual.es\/#organization","name":"Centro de Documentaci\u00f3n Europea de Almer\u00eda","url":"https:\/\/www.cde.ual.es\/","logo":{"@type":"ImageObject","inLanguage":"en-US","@id":"https:\/\/www.cde.ual.es\/#\/schema\/logo\/image\/","url":"https:\/\/www.cde.ual.es\/wp-content\/uploads\/2025\/07\/cde-logo-3.png","contentUrl":"https:\/\/www.cde.ual.es\/wp-content\/uploads\/2025\/07\/cde-logo-3.png","width":1400,"height":300,"caption":"Centro de Documentaci\u00f3n Europea de Almer\u00eda"},"image":{"@id":"https:\/\/www.cde.ual.es\/#\/schema\/logo\/image\/"},"sameAs":["https:\/\/www.facebook.com\/cdeuniversidadalmeria\/","https:\/\/x.com\/cdeualmeria","https:\/\/www.tiktok.com\/@cdealmeria","https:\/\/www.instagram.com\/cdealmeria\/","https:\/\/www.linkedin.com\/in\/cde-almera-812b26a9\/"]},{"@type":"Person","@id":"https:\/\/www.cde.ual.es\/#\/schema\/person\/ee46ebc19edfa19598c02cff83335acc","name":"BECA 2 CDE","image":{"@type":"ImageObject","inLanguage":"en-US","@id":"https:\/\/secure.gravatar.com\/avatar\/35a481bbc04bbd90e91bdfa3b0b5541036c222a49b9ad37b6889a2afcb5311a5?s=96&d=mm&r=g","url":"https:\/\/secure.gravatar.com\/avatar\/35a481bbc04bbd90e91bdfa3b0b5541036c222a49b9ad37b6889a2afcb5311a5?s=96&d=mm&r=g","contentUrl":"https:\/\/secure.gravatar.com\/avatar\/35a481bbc04bbd90e91bdfa3b0b5541036c222a49b9ad37b6889a2afcb5311a5?s=96&d=mm&r=g","caption":"BECA 2 CDE"},"sameAs":["http:\/\/www.cdealmeria.com"]}]}},"_links":{"self":[{"href":"https:\/\/www.cde.ual.es\/en\/wp-json\/wp\/v2\/posts\/92520","targetHints":{"allow":["GET"]}}],"collection":[{"href":"https:\/\/www.cde.ual.es\/en\/wp-json\/wp\/v2\/posts"}],"about":[{"href":"https:\/\/www.cde.ual.es\/en\/wp-json\/wp\/v2\/types\/post"}],"author":[{"embeddable":true,"href":"https:\/\/www.cde.ual.es\/en\/wp-json\/wp\/v2\/users\/101011"}],"replies":[{"embeddable":true,"href":"https:\/\/www.cde.ual.es\/en\/wp-json\/wp\/v2\/comments?post=92520"}],"version-history":[{"count":0,"href":"https:\/\/www.cde.ual.es\/en\/wp-json\/wp\/v2\/posts\/92520\/revisions"}],"wp:featuredmedia":[{"embeddable":true,"href":"https:\/\/www.cde.ual.es\/en\/wp-json\/wp\/v2\/media\/92455"}],"wp:attachment":[{"href":"https:\/\/www.cde.ual.es\/en\/wp-json\/wp\/v2\/media?parent=92520"}],"wp:term":[{"taxonomy":"category","embeddable":true,"href":"https:\/\/www.cde.ual.es\/en\/wp-json\/wp\/v2\/categories?post=92520"},{"taxonomy":"post_tag","embeddable":true,"href":"https:\/\/www.cde.ual.es\/en\/wp-json\/wp\/v2\/tags?post=92520"}],"curies":[{"name":"wp","href":"https:\/\/api.w.org\/{rel}","templated":true}]}}