{"id":9176,"date":"2018-10-16T13:15:20","date_gmt":"2018-10-16T11:15:20","guid":{"rendered":"http:\/\/www.cde.ual.es\/?p=9176"},"modified":"2018-10-16T12:51:41","modified_gmt":"2018-10-16T10:51:41","slug":"monitor-de-educacion-y-formacion-2018","status":"publish","type":"post","link":"https:\/\/www.cde.ual.es\/en\/monitor-de-educacion-y-formacion-2018\/","title":{"rendered":"Monitor de Educaci\u00f3n y Formaci\u00f3n 2018"},"content":{"rendered":"<h3><a href=\"http:\/\/www.cde.ual.es\/wp-content\/uploads\/2018\/10\/alphabet-class-conceptual-301926.jpg\"><img decoding=\"async\" class=\" wp-image-9178 aligncenter\" src=\"http:\/\/www.cde.ual.es\/wp-content\/uploads\/2018\/10\/alphabet-class-conceptual-301926-300x200.jpg\" alt=\"\" width=\"335\" height=\"223\" \/><\/a><\/h3>\n<h3 style=\"text-align: center;\">La edici\u00f3n de 2018 del Monitor de Educaci\u00f3n y Formaci\u00f3n de la Comisi\u00f3n Europea, publicada hoy, encuentra que los Estados miembros han avanzado m\u00e1s hacia los objetivos de la UE establecidos para 2020.<\/h3>\n<p>La Comisi\u00f3n Europea apoya a los Estados miembros para garantizar que sus sistemas educativos funcionen. El Monitor, la publicaci\u00f3n anual m\u00e1s importante de la UE sobre educaci\u00f3n y formaci\u00f3n, es una parte importante de este trabajo. La educaci\u00f3n para la ciudadan\u00eda es el enfoque principal del informe de este a\u00f1o, y refleja el papel de la educaci\u00f3n en el fomento del compromiso, la inclusi\u00f3n y la comprensi\u00f3n de los derechos de los ciudadanos. Utilizando una serie de ejemplos, el Monitor encuentra que los Estados miembros est\u00e1n trabajando para garantizar que los j\u00f3venes aprendan c\u00f3mo funcionan nuestras democracias e instituciones y sobre los valores en los que se basa la Uni\u00f3n Europea. La \u00faltima edici\u00f3n del Monitor tambi\u00e9n muestra que los Estados miembros han avanzado m\u00e1s hacia los objetivos para reformar y modernizar los sistemas educativos que la UE se fij\u00f3 para 2020: alcanzar o acercarse a algunos de ellos.<\/p>\n<p>La edici\u00f3n de 2018 del Monitor de Educaci\u00f3n y Capacitaci\u00f3n muestra que, una vez m\u00e1s, los Estados miembros han avanzado hacia sus objetivos principales. Sin embargo, las diferencias entre y dentro de los pa\u00edses contin\u00faan, lo que demuestra que se necesitan m\u00e1s reformas. Este es particularmente el caso de las habilidades b\u00e1sicas, donde se requiere un mayor esfuerzo para garantizar que los j\u00f3venes aprendan a leer, escribir y hacer matem\u00e1ticas correctamente, una condici\u00f3n previa para que se conviertan en ciudadanos activos y responsables.<\/p>\n<p>La proporci\u00f3n de alumnos que abandonan la escuela sin un diploma cay\u00f3 a 10.6% en 2017, muy cercano al objetivo de menos del 10% para 2020. Esto, sin embargo, todav\u00eda significa que m\u00e1s de uno de cada diez alumnos se enfrentan a perspectivas dif\u00edciles, sobre si continuar con su educaci\u00f3n, la entrada al mercado laboral, e\u00a0 incluso debido a las pocas oportunidades disponibles para el aprendizaje de adultos.<\/p>\n<p>El porcentaje de aquellos que completaron la educaci\u00f3n terciaria aument\u00f3 a 39.9%, llegando casi a la meta del 40% acordada para 2020. Y el 95.5% de los ni\u00f1os de cuatro a\u00f1os o m\u00e1s participaron en la educaci\u00f3n y atenci\u00f3n de la primera infancia, un poco m\u00e1s que el objetivo del 95%.<\/p>\n<p>El Monitor tambi\u00e9n observa cu\u00e1nto gastan los Estados miembros en educaci\u00f3n, que es una inversi\u00f3n importante en el desarrollo econ\u00f3mico y social. En 2016, la financiaci\u00f3n p\u00fablica para la educaci\u00f3n aument\u00f3 un 0,5% en t\u00e9rminos reales en comparaci\u00f3n con el a\u00f1o anterior. Sin embargo, muchos Estados miembros siguen invirtiendo menos en educaci\u00f3n que antes de la crisis econ\u00f3mica, y trece Estados miembros gastaron menos en ello.<\/p>\n<h5>Antecedentes<\/h5>\n<p>El Monitor de Educaci\u00f3n y Formaci\u00f3n 2018 de la Comisi\u00f3n es la s\u00e9ptima edici\u00f3n de este informe anual que muestra c\u00f3mo los sistemas de educaci\u00f3n y formaci\u00f3n de la UE est\u00e1n evolucionando al reunir una amplia gama de pruebas. Mide el progreso de la UE en seis objetivos de Educaci\u00f3n y Formaci\u00f3n 2020. El an\u00e1lisis de los desaf\u00edos y tendencias de educaci\u00f3n registrados en el Monitor ayuda a informar el tratamiento de los problemas de educaci\u00f3n en el proceso anual del Semestre Europeo. Adem\u00e1s, ayudar\u00e1 a identificar d\u00f3nde deben destinarse los fondos de la UE para educaci\u00f3n, formaci\u00f3n y habilidades en el pr\u00f3ximo presupuesto a largo plazo de la UE.<\/p>\n<p>El Monitor analiza los principales desaf\u00edos para los sistemas educativos europeos y presenta pol\u00edticas que pueden hacerlos m\u00e1s sensibles a las necesidades de la sociedad y del mercado laboral. El informe comprende una comparaci\u00f3n entre pa\u00edses, 28 informes detallados de pa\u00edses y una p\u00e1gina web dedicada con datos e informaci\u00f3n adicionales.<\/p>\n<p>&nbsp;<\/p>\n<h5>M\u00e1s informaci\u00f3n<\/h5>\n<p>Accede a la noticia completa <a href=\"http:\/\/europa.eu\/rapid\/press-release_IP-18-6132_en.htm\">aqu\u00ed<\/a><\/p>\n<p><a href=\"http:\/\/ec.europa.eu\/education\/policy\/strategic-framework\/et-monitor_en\">Web del Monitor<\/a><\/p>\n<p>Ficha informativa: <a href=\"https:\/\/ec.europa.eu\/education\/resources-and-tools\/document-library\/education-and-training-monitor-factsheet-2018_es\">Monitor de Educaci\u00f3n y Formaci\u00f3n 2018<\/a><\/p>\n<p><a href=\"https:\/\/ec.europa.eu\/education\/resources-and-tools\/document-library\/education-and-training-monitor-country-analysis-volume-1-2018_es\">Informe &#8220;Monitor de Educaci\u00f3n y Formaci\u00f3n, an\u00e1lisis de pa\u00eds, volumen 1 2018.&#8221;<\/a><\/p>\n<p><a href=\"https:\/\/ec.europa.eu\/education\/resources-and-tools\/document-library\/education-and-training-monitor-country-analysis-volume-2-2018_es\">Informe &#8220;Monitor de Educaci\u00f3n y Formaci\u00f3n, an\u00e1lisis de pa\u00eds, volumen 2 2018.&#8221;<\/a><\/p>\n<p>&nbsp;<\/p>\n","protected":false},"excerpt":{"rendered":"<p>La edici\u00f3n de 2018 del Monitor de Educaci\u00f3n y Formaci\u00f3n de la Comisi\u00f3n Europea, publicada hoy, encuentra que los Estados miembros han avanzado m\u00e1s hacia los objetivos de la UE establecidos para 2020. La Comisi\u00f3n Europea apoya a los Estados miembros para garantizar que sus sistemas educativos funcionen. El Monitor, la publicaci\u00f3n anual m\u00e1s importante [&hellip;]<\/p>\n","protected":false},"author":101011,"featured_media":9178,"comment_status":"open","ping_status":"open","sticky":false,"template":"","format":"standard","meta":{"_acf_changed":false,"_relevanssi_hide_post":"","_relevanssi_hide_content":"","_relevanssi_pin_for_all":"","_relevanssi_pin_keywords":"","_relevanssi_unpin_keywords":"","_relevanssi_related_keywords":"","_relevanssi_related_include_ids":"","_relevanssi_related_exclude_ids":"","_relevanssi_related_no_append":"","_relevanssi_related_not_related":"","_relevanssi_related_posts":"","_relevanssi_noindex_reason":"","_monsterinsights_skip_tracking":false,"_monsterinsights_sitenote_active":false,"_monsterinsights_sitenote_note":"","_monsterinsights_sitenote_category":0,"_genesis_hide_title":false,"_genesis_hide_breadcrumbs":false,"_genesis_hide_singular_image":false,"_genesis_hide_footer_widgets":false,"_genesis_custom_body_class":"","_genesis_custom_post_class":"","_genesis_layout":"","footnotes":""},"categories":[96],"tags":[128],"class_list":{"0":"post-9176","1":"post","2":"type-post","3":"status-publish","4":"format-standard","5":"has-post-thumbnail","7":"category-noticias-ue","8":"tag-cultura-educacion","9":"entry"},"acf":[],"yoast_head":"<!-- This site is optimized with the Yoast SEO plugin v27.4 - https:\/\/yoast.com\/product\/yoast-seo-wordpress\/ -->\n<title>Monitor de Educaci\u00f3n y Formaci\u00f3n 2018 | CDE Almer\u00eda - Centro de Documentaci\u00f3n Europea - Universidad de Almer\u00eda<\/title>\n<meta name=\"robots\" content=\"index, follow, max-snippet:-1, max-image-preview:large, max-video-preview:-1\" \/>\n<link rel=\"canonical\" href=\"https:\/\/www.cde.ual.es\/monitor-de-educacion-y-formacion-2018\/\" \/>\n<meta property=\"og:locale\" content=\"en_US\" \/>\n<meta property=\"og:type\" content=\"article\" \/>\n<meta property=\"og:title\" content=\"Monitor de Educaci\u00f3n y Formaci\u00f3n 2018 | CDE Almer\u00eda - Centro de Documentaci\u00f3n Europea - Universidad de Almer\u00eda\" \/>\n<meta property=\"og:description\" content=\"La edici\u00f3n de 2018 del Monitor de Educaci\u00f3n y Formaci\u00f3n de la Comisi\u00f3n Europea, publicada hoy, encuentra que los Estados miembros han avanzado m\u00e1s hacia los objetivos de la UE establecidos para 2020. La Comisi\u00f3n Europea apoya a los Estados miembros para garantizar que sus sistemas educativos funcionen. El Monitor, la publicaci\u00f3n anual m\u00e1s importante [&hellip;]\" \/>\n<meta property=\"og:url\" content=\"https:\/\/www.cde.ual.es\/monitor-de-educacion-y-formacion-2018\/\" \/>\n<meta property=\"og:site_name\" content=\"CDE Almer\u00eda - Centro de Documentaci\u00f3n Europea - Universidad de Almer\u00eda\" \/>\n<meta property=\"article:publisher\" content=\"https:\/\/www.facebook.com\/cdeuniversidadalmeria\/\" \/>\n<meta property=\"article:published_time\" content=\"2018-10-16T11:15:20+00:00\" \/>\n<meta property=\"og:image\" content=\"https:\/\/www.cde.ual.es\/wp-content\/uploads\/2018\/10\/alphabet-class-conceptual-301926-e1578985446862.jpg\" \/>\n\t<meta property=\"og:image:width\" content=\"1400\" \/>\n\t<meta property=\"og:image:height\" content=\"934\" \/>\n\t<meta property=\"og:image:type\" content=\"image\/jpeg\" \/>\n<meta name=\"author\" content=\"BECA 2 CDE\" \/>\n<meta name=\"twitter:card\" content=\"summary_large_image\" \/>\n<meta name=\"twitter:creator\" content=\"@cdeualmeria\" \/>\n<meta name=\"twitter:site\" content=\"@cdeualmeria\" \/>\n<meta name=\"twitter:label1\" content=\"Written by\" \/>\n\t<meta name=\"twitter:data1\" content=\"BECA 2 CDE\" \/>\n\t<meta name=\"twitter:label2\" content=\"Est. reading time\" \/>\n\t<meta name=\"twitter:data2\" content=\"4 minutes\" \/>\n<script type=\"application\/ld+json\" class=\"yoast-schema-graph\">{\"@context\":\"https:\\\/\\\/schema.org\",\"@graph\":[{\"@type\":\"Article\",\"@id\":\"https:\\\/\\\/www.cde.ual.es\\\/monitor-de-educacion-y-formacion-2018\\\/#article\",\"isPartOf\":{\"@id\":\"https:\\\/\\\/www.cde.ual.es\\\/monitor-de-educacion-y-formacion-2018\\\/\"},\"author\":{\"name\":\"BECA 2 CDE\",\"@id\":\"https:\\\/\\\/www.cde.ual.es\\\/#\\\/schema\\\/person\\\/ee46ebc19edfa19598c02cff83335acc\"},\"headline\":\"Monitor de Educaci\u00f3n y Formaci\u00f3n 2018\",\"datePublished\":\"2018-10-16T11:15:20+00:00\",\"mainEntityOfPage\":{\"@id\":\"https:\\\/\\\/www.cde.ual.es\\\/monitor-de-educacion-y-formacion-2018\\\/\"},\"wordCount\":740,\"commentCount\":0,\"publisher\":{\"@id\":\"https:\\\/\\\/www.cde.ual.es\\\/#organization\"},\"image\":{\"@id\":\"https:\\\/\\\/www.cde.ual.es\\\/monitor-de-educacion-y-formacion-2018\\\/#primaryimage\"},\"thumbnailUrl\":\"https:\\\/\\\/www.cde.ual.es\\\/wp-content\\\/uploads\\\/2018\\\/10\\\/alphabet-class-conceptual-301926-e1578985446862.jpg\",\"keywords\":[\"Cultura y Educaci\u00f3n\"],\"articleSection\":[\"Noticias UE\"],\"inLanguage\":\"en-US\",\"potentialAction\":[{\"@type\":\"CommentAction\",\"name\":\"Comment\",\"target\":[\"https:\\\/\\\/www.cde.ual.es\\\/monitor-de-educacion-y-formacion-2018\\\/#respond\"]}]},{\"@type\":\"WebPage\",\"@id\":\"https:\\\/\\\/www.cde.ual.es\\\/monitor-de-educacion-y-formacion-2018\\\/\",\"url\":\"https:\\\/\\\/www.cde.ual.es\\\/monitor-de-educacion-y-formacion-2018\\\/\",\"name\":\"Monitor de Educaci\u00f3n y Formaci\u00f3n 2018 | CDE Almer\u00eda - Centro de Documentaci\u00f3n Europea - Universidad de Almer\u00eda\",\"isPartOf\":{\"@id\":\"https:\\\/\\\/www.cde.ual.es\\\/#website\"},\"primaryImageOfPage\":{\"@id\":\"https:\\\/\\\/www.cde.ual.es\\\/monitor-de-educacion-y-formacion-2018\\\/#primaryimage\"},\"image\":{\"@id\":\"https:\\\/\\\/www.cde.ual.es\\\/monitor-de-educacion-y-formacion-2018\\\/#primaryimage\"},\"thumbnailUrl\":\"https:\\\/\\\/www.cde.ual.es\\\/wp-content\\\/uploads\\\/2018\\\/10\\\/alphabet-class-conceptual-301926-e1578985446862.jpg\",\"datePublished\":\"2018-10-16T11:15:20+00:00\",\"breadcrumb\":{\"@id\":\"https:\\\/\\\/www.cde.ual.es\\\/monitor-de-educacion-y-formacion-2018\\\/#breadcrumb\"},\"inLanguage\":\"en-US\",\"potentialAction\":[{\"@type\":\"ReadAction\",\"target\":[\"https:\\\/\\\/www.cde.ual.es\\\/monitor-de-educacion-y-formacion-2018\\\/\"]}]},{\"@type\":\"ImageObject\",\"inLanguage\":\"en-US\",\"@id\":\"https:\\\/\\\/www.cde.ual.es\\\/monitor-de-educacion-y-formacion-2018\\\/#primaryimage\",\"url\":\"https:\\\/\\\/www.cde.ual.es\\\/wp-content\\\/uploads\\\/2018\\\/10\\\/alphabet-class-conceptual-301926-e1578985446862.jpg\",\"contentUrl\":\"https:\\\/\\\/www.cde.ual.es\\\/wp-content\\\/uploads\\\/2018\\\/10\\\/alphabet-class-conceptual-301926-e1578985446862.jpg\",\"width\":1400,\"height\":934,\"caption\":\"Educaci\u00f3n y formaci\u00f3n digital UE coronavirus\"},{\"@type\":\"BreadcrumbList\",\"@id\":\"https:\\\/\\\/www.cde.ual.es\\\/monitor-de-educacion-y-formacion-2018\\\/#breadcrumb\",\"itemListElement\":[{\"@type\":\"ListItem\",\"position\":1,\"name\":\"Inicio\",\"item\":\"https:\\\/\\\/www.cde.ual.es\\\/en\\\/\"},{\"@type\":\"ListItem\",\"position\":2,\"name\":\"Noticias UE\",\"item\":\"https:\\\/\\\/www.cde.ual.es\\\/category\\\/noticias-ue\\\/\"},{\"@type\":\"ListItem\",\"position\":3,\"name\":\"Monitor de Educaci\u00f3n y Formaci\u00f3n 2018\"}]},{\"@type\":\"WebSite\",\"@id\":\"https:\\\/\\\/www.cde.ual.es\\\/#website\",\"url\":\"https:\\\/\\\/www.cde.ual.es\\\/\",\"name\":\"CDE Almer\u00eda - Centro de Documentaci\u00f3n Europea - Universidad de Almer\u00eda\",\"description\":\"Centro de Documentaci\u00f3n Europea de la Universidad de Almer\u00eda\",\"publisher\":{\"@id\":\"https:\\\/\\\/www.cde.ual.es\\\/#organization\"},\"alternateName\":\"CDE Almer\u00eda\",\"potentialAction\":[{\"@type\":\"SearchAction\",\"target\":{\"@type\":\"EntryPoint\",\"urlTemplate\":\"https:\\\/\\\/www.cde.ual.es\\\/?s={search_term_string}\"},\"query-input\":{\"@type\":\"PropertyValueSpecification\",\"valueRequired\":true,\"valueName\":\"search_term_string\"}}],\"inLanguage\":\"en-US\"},{\"@type\":\"Organization\",\"@id\":\"https:\\\/\\\/www.cde.ual.es\\\/#organization\",\"name\":\"Centro de Documentaci\u00f3n Europea de Almer\u00eda\",\"url\":\"https:\\\/\\\/www.cde.ual.es\\\/\",\"logo\":{\"@type\":\"ImageObject\",\"inLanguage\":\"en-US\",\"@id\":\"https:\\\/\\\/www.cde.ual.es\\\/#\\\/schema\\\/logo\\\/image\\\/\",\"url\":\"https:\\\/\\\/www.cde.ual.es\\\/wp-content\\\/uploads\\\/2025\\\/07\\\/cde-logo-3.png\",\"contentUrl\":\"https:\\\/\\\/www.cde.ual.es\\\/wp-content\\\/uploads\\\/2025\\\/07\\\/cde-logo-3.png\",\"width\":1400,\"height\":300,\"caption\":\"Centro de Documentaci\u00f3n Europea de Almer\u00eda\"},\"image\":{\"@id\":\"https:\\\/\\\/www.cde.ual.es\\\/#\\\/schema\\\/logo\\\/image\\\/\"},\"sameAs\":[\"https:\\\/\\\/www.facebook.com\\\/cdeuniversidadalmeria\\\/\",\"https:\\\/\\\/x.com\\\/cdeualmeria\",\"https:\\\/\\\/www.tiktok.com\\\/@cdealmeria\",\"https:\\\/\\\/www.instagram.com\\\/cdealmeria\\\/\",\"https:\\\/\\\/www.linkedin.com\\\/in\\\/cde-almera-812b26a9\\\/\"]},{\"@type\":\"Person\",\"@id\":\"https:\\\/\\\/www.cde.ual.es\\\/#\\\/schema\\\/person\\\/ee46ebc19edfa19598c02cff83335acc\",\"name\":\"BECA 2 CDE\",\"image\":{\"@type\":\"ImageObject\",\"inLanguage\":\"en-US\",\"@id\":\"https:\\\/\\\/secure.gravatar.com\\\/avatar\\\/35a481bbc04bbd90e91bdfa3b0b5541036c222a49b9ad37b6889a2afcb5311a5?s=96&d=mm&r=g\",\"url\":\"https:\\\/\\\/secure.gravatar.com\\\/avatar\\\/35a481bbc04bbd90e91bdfa3b0b5541036c222a49b9ad37b6889a2afcb5311a5?s=96&d=mm&r=g\",\"contentUrl\":\"https:\\\/\\\/secure.gravatar.com\\\/avatar\\\/35a481bbc04bbd90e91bdfa3b0b5541036c222a49b9ad37b6889a2afcb5311a5?s=96&d=mm&r=g\",\"caption\":\"BECA 2 CDE\"},\"sameAs\":[\"http:\\\/\\\/www.cdealmeria.com\"]}]}<\/script>\n<!-- \/ Yoast SEO plugin. -->","yoast_head_json":{"title":"Monitor de Educaci\u00f3n y Formaci\u00f3n 2018 | CDE Almer\u00eda - Centro de Documentaci\u00f3n Europea - Universidad de Almer\u00eda","robots":{"index":"index","follow":"follow","max-snippet":"max-snippet:-1","max-image-preview":"max-image-preview:large","max-video-preview":"max-video-preview:-1"},"canonical":"https:\/\/www.cde.ual.es\/monitor-de-educacion-y-formacion-2018\/","og_locale":"en_US","og_type":"article","og_title":"Monitor de Educaci\u00f3n y Formaci\u00f3n 2018 | CDE Almer\u00eda - Centro de Documentaci\u00f3n Europea - Universidad de Almer\u00eda","og_description":"La edici\u00f3n de 2018 del Monitor de Educaci\u00f3n y Formaci\u00f3n de la Comisi\u00f3n Europea, publicada hoy, encuentra que los Estados miembros han avanzado m\u00e1s hacia los objetivos de la UE establecidos para 2020. La Comisi\u00f3n Europea apoya a los Estados miembros para garantizar que sus sistemas educativos funcionen. El Monitor, la publicaci\u00f3n anual m\u00e1s importante [&hellip;]","og_url":"https:\/\/www.cde.ual.es\/monitor-de-educacion-y-formacion-2018\/","og_site_name":"CDE Almer\u00eda - Centro de Documentaci\u00f3n Europea - Universidad de Almer\u00eda","article_publisher":"https:\/\/www.facebook.com\/cdeuniversidadalmeria\/","article_published_time":"2018-10-16T11:15:20+00:00","og_image":[{"width":1400,"height":934,"url":"https:\/\/www.cde.ual.es\/wp-content\/uploads\/2018\/10\/alphabet-class-conceptual-301926-e1578985446862.jpg","type":"image\/jpeg"}],"author":"BECA 2 CDE","twitter_card":"summary_large_image","twitter_creator":"@cdeualmeria","twitter_site":"@cdeualmeria","twitter_misc":{"Written by":"BECA 2 CDE","Est. reading time":"4 minutes"},"schema":{"@context":"https:\/\/schema.org","@graph":[{"@type":"Article","@id":"https:\/\/www.cde.ual.es\/monitor-de-educacion-y-formacion-2018\/#article","isPartOf":{"@id":"https:\/\/www.cde.ual.es\/monitor-de-educacion-y-formacion-2018\/"},"author":{"name":"BECA 2 CDE","@id":"https:\/\/www.cde.ual.es\/#\/schema\/person\/ee46ebc19edfa19598c02cff83335acc"},"headline":"Monitor de Educaci\u00f3n y Formaci\u00f3n 2018","datePublished":"2018-10-16T11:15:20+00:00","mainEntityOfPage":{"@id":"https:\/\/www.cde.ual.es\/monitor-de-educacion-y-formacion-2018\/"},"wordCount":740,"commentCount":0,"publisher":{"@id":"https:\/\/www.cde.ual.es\/#organization"},"image":{"@id":"https:\/\/www.cde.ual.es\/monitor-de-educacion-y-formacion-2018\/#primaryimage"},"thumbnailUrl":"https:\/\/www.cde.ual.es\/wp-content\/uploads\/2018\/10\/alphabet-class-conceptual-301926-e1578985446862.jpg","keywords":["Cultura y Educaci\u00f3n"],"articleSection":["Noticias UE"],"inLanguage":"en-US","potentialAction":[{"@type":"CommentAction","name":"Comment","target":["https:\/\/www.cde.ual.es\/monitor-de-educacion-y-formacion-2018\/#respond"]}]},{"@type":"WebPage","@id":"https:\/\/www.cde.ual.es\/monitor-de-educacion-y-formacion-2018\/","url":"https:\/\/www.cde.ual.es\/monitor-de-educacion-y-formacion-2018\/","name":"Monitor de Educaci\u00f3n y Formaci\u00f3n 2018 | CDE Almer\u00eda - Centro de Documentaci\u00f3n Europea - Universidad de Almer\u00eda","isPartOf":{"@id":"https:\/\/www.cde.ual.es\/#website"},"primaryImageOfPage":{"@id":"https:\/\/www.cde.ual.es\/monitor-de-educacion-y-formacion-2018\/#primaryimage"},"image":{"@id":"https:\/\/www.cde.ual.es\/monitor-de-educacion-y-formacion-2018\/#primaryimage"},"thumbnailUrl":"https:\/\/www.cde.ual.es\/wp-content\/uploads\/2018\/10\/alphabet-class-conceptual-301926-e1578985446862.jpg","datePublished":"2018-10-16T11:15:20+00:00","breadcrumb":{"@id":"https:\/\/www.cde.ual.es\/monitor-de-educacion-y-formacion-2018\/#breadcrumb"},"inLanguage":"en-US","potentialAction":[{"@type":"ReadAction","target":["https:\/\/www.cde.ual.es\/monitor-de-educacion-y-formacion-2018\/"]}]},{"@type":"ImageObject","inLanguage":"en-US","@id":"https:\/\/www.cde.ual.es\/monitor-de-educacion-y-formacion-2018\/#primaryimage","url":"https:\/\/www.cde.ual.es\/wp-content\/uploads\/2018\/10\/alphabet-class-conceptual-301926-e1578985446862.jpg","contentUrl":"https:\/\/www.cde.ual.es\/wp-content\/uploads\/2018\/10\/alphabet-class-conceptual-301926-e1578985446862.jpg","width":1400,"height":934,"caption":"Educaci\u00f3n y formaci\u00f3n digital UE coronavirus"},{"@type":"BreadcrumbList","@id":"https:\/\/www.cde.ual.es\/monitor-de-educacion-y-formacion-2018\/#breadcrumb","itemListElement":[{"@type":"ListItem","position":1,"name":"Inicio","item":"https:\/\/www.cde.ual.es\/en\/"},{"@type":"ListItem","position":2,"name":"Noticias UE","item":"https:\/\/www.cde.ual.es\/category\/noticias-ue\/"},{"@type":"ListItem","position":3,"name":"Monitor de Educaci\u00f3n y Formaci\u00f3n 2018"}]},{"@type":"WebSite","@id":"https:\/\/www.cde.ual.es\/#website","url":"https:\/\/www.cde.ual.es\/","name":"CDE Almer\u00eda - Centro de Documentaci\u00f3n Europea - Universidad de Almer\u00eda","description":"Centro de Documentaci\u00f3n Europea de la Universidad de Almer\u00eda","publisher":{"@id":"https:\/\/www.cde.ual.es\/#organization"},"alternateName":"CDE Almer\u00eda","potentialAction":[{"@type":"SearchAction","target":{"@type":"EntryPoint","urlTemplate":"https:\/\/www.cde.ual.es\/?s={search_term_string}"},"query-input":{"@type":"PropertyValueSpecification","valueRequired":true,"valueName":"search_term_string"}}],"inLanguage":"en-US"},{"@type":"Organization","@id":"https:\/\/www.cde.ual.es\/#organization","name":"Centro de Documentaci\u00f3n Europea de Almer\u00eda","url":"https:\/\/www.cde.ual.es\/","logo":{"@type":"ImageObject","inLanguage":"en-US","@id":"https:\/\/www.cde.ual.es\/#\/schema\/logo\/image\/","url":"https:\/\/www.cde.ual.es\/wp-content\/uploads\/2025\/07\/cde-logo-3.png","contentUrl":"https:\/\/www.cde.ual.es\/wp-content\/uploads\/2025\/07\/cde-logo-3.png","width":1400,"height":300,"caption":"Centro de Documentaci\u00f3n Europea de Almer\u00eda"},"image":{"@id":"https:\/\/www.cde.ual.es\/#\/schema\/logo\/image\/"},"sameAs":["https:\/\/www.facebook.com\/cdeuniversidadalmeria\/","https:\/\/x.com\/cdeualmeria","https:\/\/www.tiktok.com\/@cdealmeria","https:\/\/www.instagram.com\/cdealmeria\/","https:\/\/www.linkedin.com\/in\/cde-almera-812b26a9\/"]},{"@type":"Person","@id":"https:\/\/www.cde.ual.es\/#\/schema\/person\/ee46ebc19edfa19598c02cff83335acc","name":"BECA 2 CDE","image":{"@type":"ImageObject","inLanguage":"en-US","@id":"https:\/\/secure.gravatar.com\/avatar\/35a481bbc04bbd90e91bdfa3b0b5541036c222a49b9ad37b6889a2afcb5311a5?s=96&d=mm&r=g","url":"https:\/\/secure.gravatar.com\/avatar\/35a481bbc04bbd90e91bdfa3b0b5541036c222a49b9ad37b6889a2afcb5311a5?s=96&d=mm&r=g","contentUrl":"https:\/\/secure.gravatar.com\/avatar\/35a481bbc04bbd90e91bdfa3b0b5541036c222a49b9ad37b6889a2afcb5311a5?s=96&d=mm&r=g","caption":"BECA 2 CDE"},"sameAs":["http:\/\/www.cdealmeria.com"]}]}},"_links":{"self":[{"href":"https:\/\/www.cde.ual.es\/en\/wp-json\/wp\/v2\/posts\/9176","targetHints":{"allow":["GET"]}}],"collection":[{"href":"https:\/\/www.cde.ual.es\/en\/wp-json\/wp\/v2\/posts"}],"about":[{"href":"https:\/\/www.cde.ual.es\/en\/wp-json\/wp\/v2\/types\/post"}],"author":[{"embeddable":true,"href":"https:\/\/www.cde.ual.es\/en\/wp-json\/wp\/v2\/users\/101011"}],"replies":[{"embeddable":true,"href":"https:\/\/www.cde.ual.es\/en\/wp-json\/wp\/v2\/comments?post=9176"}],"version-history":[{"count":0,"href":"https:\/\/www.cde.ual.es\/en\/wp-json\/wp\/v2\/posts\/9176\/revisions"}],"wp:featuredmedia":[{"embeddable":true,"href":"https:\/\/www.cde.ual.es\/en\/wp-json\/wp\/v2\/media\/9178"}],"wp:attachment":[{"href":"https:\/\/www.cde.ual.es\/en\/wp-json\/wp\/v2\/media?parent=9176"}],"wp:term":[{"taxonomy":"category","embeddable":true,"href":"https:\/\/www.cde.ual.es\/en\/wp-json\/wp\/v2\/categories?post=9176"},{"taxonomy":"post_tag","embeddable":true,"href":"https:\/\/www.cde.ual.es\/en\/wp-json\/wp\/v2\/tags?post=9176"}],"curies":[{"name":"wp","href":"https:\/\/api.w.org\/{rel}","templated":true}]}}