{"id":9106,"date":"2018-10-16T08:48:11","date_gmt":"2018-10-16T06:48:11","guid":{"rendered":"http:\/\/www.cde.ual.es\/?p=9106"},"modified":"2018-10-15T09:31:29","modified_gmt":"2018-10-15T07:31:29","slug":"nuevas-medidas-de-proteccion-de-los-trabajadores-frente-a-las-sustancias-quimicas-cancerigenas","status":"publish","type":"post","link":"https:\/\/www.cde.ual.es\/en\/nuevas-medidas-de-proteccion-de-los-trabajadores-frente-a-las-sustancias-quimicas-cancerigenas\/","title":{"rendered":"Nuevas medidas de protecci\u00f3n de los trabajadores frente a las sustancias qu\u00edmicas cancer\u00edgenas"},"content":{"rendered":"<h3 style=\"text-align: center;\">Nuevas medidas de protecci\u00f3n de los trabajadores frente a las sustancias qu\u00edmicas cancer\u00edgenas<\/h3>\n<p>El Parlamento y la Comisi\u00f3n llegaron a un acuerdo la semana pasada sobre la\u00a0<a href=\"http:\/\/europa.eu\/rapid\/press-release_MEMO-17-4_en.htm\">segunda propuesta de la Comisi\u00f3n de ampliar la lista de sustancias qu\u00edmicas cancer\u00edgenas reconocidas en el lugar de trabajo<\/a>. Gracias a este acuerdo, la\u00a0<a href=\"http:\/\/eur-lex.europa.eu\/legal-content\/EN\/TXT\/HTML\/?uri=URISERV:c11137&amp;from=EN\">Directiva sobre agentes carcin\u00f3genos o mut\u00e1genos<\/a>\u00a0cubrir\u00e1 ocho sustancias qu\u00edmicas cancer\u00edgenas adicionales, incluidos los gases de los motores di\u00e9sel.<\/p>\n<p>Marianne\u00a0<strong>Thyssen<\/strong>, comisaria de Empleo, Asuntos Sociales, Capacidades y Movilidad Laboral, ha acogido con satisfacci\u00f3n el acuerdo:<\/p>\n<p><em>\u00abHoy hemos dado otro paso importante en la protecci\u00f3n de los trabajadores europeos frente al c\u00e1ncer profesional. El acuerdo alcanzado cubrir\u00e1 otras ocho sustancias qu\u00edmicas cancer\u00edgenas, incluidos los gases de los motores di\u00e9sel, lo que garantizar\u00e1 una mejor protecci\u00f3n para m\u00e1s de\u00a020 millones de trabajadores en Europa. Los trabajadores que se ver\u00e1n especialmente beneficiados ser\u00e1n los de la industria qu\u00edmica, metal\u00fargica y automovil\u00edstica, los conductores profesionales, los trabajadores de la construcci\u00f3n y los del sector almacenero y de infraestructura portuaria.&#8221;<\/em><\/p>\n<h5><strong>Pr\u00f3ximas etapas<\/strong><\/h5>\n<p>El acuerdo se someter\u00e1 a la aprobaci\u00f3n del Comit\u00e9 de Representantes Permanentes del Consejo (Coreper). Una vez que los representantes permanentes de los Estados miembros confirmen el acuerdo, este se someter\u00e1 a votaci\u00f3n en el Pleno del Parlamento Europeo.<\/p>\n<h5><strong>Antecedentes<\/strong><\/h5>\n<p>La lucha contra el c\u00e1ncer profesional, junto con la creaci\u00f3n de un lugar de trabajo m\u00e1s sano y m\u00e1s seguro, constituye una prioridad para esta Comisi\u00f3n y un principio fundamental de nuestro pilar europeo de derechos sociales. Los datos demuestran que este enfoque est\u00e1 justificado: el c\u00e1ncer, responsable del \u00a052\u00a0% de las muertes laborales, sigue siendo el mayor asesino silencioso del lugar de trabajo. Aunque la mayor\u00eda de los Estados miembros han establecido l\u00edmites de exposici\u00f3n nacionales a muchas sustancias qu\u00edmicas cancer\u00edgenas, algunos Estados miembros son menos exigentes. Esto significa que los trabajadores no gozan de la misma protecci\u00f3n en todo el mercado \u00fanico y que no existe igualdad de condiciones para las empresas.<\/p>\n<p>Puesto que el conocimiento cient\u00edfico sobre las sustancias qu\u00edmicas cancer\u00edgenas est\u00e1 en constante evoluci\u00f3n, la Comisi\u00f3n aboga por un proceso constante de actualizaci\u00f3n de la\u00a0<a href=\"http:\/\/eur-lex.europa.eu\/legal-content\/EN\/TXT\/HTML\/?uri=URISERV:c11137&amp;from=EN\">Directiva sobre agentes carcin\u00f3genos o mut\u00e1genos (Directiva\u00a02004\/37\/CE)<\/a>.<\/p>\n<p>La Comisi\u00f3n Juncker ha emprendido acciones decisivas para actualizar la legislaci\u00f3n relativa a la protecci\u00f3n de los trabajadores frente a las sustancias qu\u00edmicas cancer\u00edgenas. Lanz\u00f3 su\u00a0<a href=\"http:\/\/europa.eu\/rapid\/press-release_IP-16-1656_en.htm\">primera propuesta en mayo de\u00a02016<\/a>, que fue adoptada por los colegisladores y se plasm\u00f3 en la Directiva a finales de\u00a02017. El acuerdo provisional alcanzado hoy constituye una de las etapas finales en la fase de negociaci\u00f3n de la\u00a0<a href=\"http:\/\/europa.eu\/rapid\/press-release_IP-17-2_en.htm\">segunda propuesta, de enero de 2017<\/a>. En abril de\u00a02018, la Comisi\u00f3n present\u00f3 una\u00a0<a href=\"http:\/\/europa.eu\/rapid\/press-release_IP-18-2662_en.htm\">tercera propuesta dirigida a mejorar la protecci\u00f3n de los trabajadores frente a las sustancias cancer\u00edgenas<\/a>. La Directiva cubre actualmente veintid\u00f3s sustancias qu\u00edmicas cancer\u00edgenas, de las cuales veintiuna han sido a\u00f1adidas desde el comienzo del mandato de la actual Comisi\u00f3n.<\/p>\n<p>Estas iniciativas son parte de un esfuerzo m\u00e1s amplio de la Comisi\u00f3n para mejorar los est\u00e1ndares en materia de salud y seguridad en el lugar de trabajo en toda Europa. En este contexto, la Comisi\u00f3n inici\u00f3 en\u00a0<a href=\"http:\/\/europa.eu\/rapid\/press-release_IP-17-2_en.htm\">enero de 2017 un examen exhaustivo y la actualizaci\u00f3n de la legislaci\u00f3n vigente<\/a>.<\/p>\n<h5>M\u00e1s informaci\u00f3n<\/h5>\n<p>Accede a la noticia completa <a href=\"http:\/\/europa.eu\/rapid\/press-release_STATEMENT-18-6083_es.htm\">aqu\u00ed<\/a><\/p>\n<p>Documento:\u00a0<a href=\"http:\/\/www.cde.ual.es\/ficha\/sustitucion-de-las-sustancias-peligrosas-en-el-lugar-de-trabajo-2\/\">Sustituci\u00f3n de las sustancias peligrosas en el lugar de trabajo<\/a><\/p>\n<p><a href=\"https:\/\/osha.europa.eu\/es\">Agencia Europea de Seguridad y Salud en el Trabajo<\/a><\/p>\n","protected":false},"excerpt":{"rendered":"<p>Nuevas medidas de protecci\u00f3n de los trabajadores frente a las sustancias qu\u00edmicas cancer\u00edgenas El Parlamento y la Comisi\u00f3n llegaron a un acuerdo la semana pasada sobre la\u00a0segunda propuesta de la Comisi\u00f3n de ampliar la lista de sustancias qu\u00edmicas cancer\u00edgenas reconocidas en el lugar de trabajo. Gracias a este acuerdo, la\u00a0Directiva sobre agentes carcin\u00f3genos o mut\u00e1genos\u00a0cubrir\u00e1 [&hellip;]<\/p>\n","protected":false},"author":101011,"featured_media":9110,"comment_status":"open","ping_status":"open","sticky":false,"template":"","format":"standard","meta":{"_acf_changed":false,"_relevanssi_hide_post":"","_relevanssi_hide_content":"","_relevanssi_pin_for_all":"","_relevanssi_pin_keywords":"","_relevanssi_unpin_keywords":"","_relevanssi_related_keywords":"","_relevanssi_related_include_ids":"","_relevanssi_related_exclude_ids":"","_relevanssi_related_no_append":"","_relevanssi_related_not_related":"","_relevanssi_related_posts":"","_relevanssi_noindex_reason":"","_monsterinsights_skip_tracking":false,"_monsterinsights_sitenote_active":false,"_monsterinsights_sitenote_note":"","_monsterinsights_sitenote_category":0,"_genesis_hide_title":false,"_genesis_hide_breadcrumbs":false,"_genesis_hide_singular_image":false,"_genesis_hide_footer_widgets":false,"_genesis_custom_body_class":"","_genesis_custom_post_class":"","_genesis_layout":"","footnotes":""},"categories":[96],"tags":[129,172],"class_list":{"0":"post-9106","1":"post","2":"type-post","3":"status-publish","4":"format-standard","5":"has-post-thumbnail","7":"category-noticias-ue","8":"tag-seguridad-defensa","9":"tag-trabajo-y-empleo","10":"entry"},"acf":[],"yoast_head":"<!-- This site is optimized with the Yoast SEO plugin v27.5 - https:\/\/yoast.com\/product\/yoast-seo-wordpress\/ -->\n<title>Nuevas medidas de protecci\u00f3n de los trabajadores frente a las sustancias qu\u00edmicas cancer\u00edgenas | CDE Almer\u00eda - Centro de Documentaci\u00f3n Europea - Universidad de Almer\u00eda<\/title>\n<meta name=\"robots\" content=\"index, follow, max-snippet:-1, max-image-preview:large, max-video-preview:-1\" \/>\n<link rel=\"canonical\" href=\"https:\/\/www.cde.ual.es\/nuevas-medidas-de-proteccion-de-los-trabajadores-frente-a-las-sustancias-quimicas-cancerigenas\/\" \/>\n<meta property=\"og:locale\" content=\"en_US\" \/>\n<meta property=\"og:type\" content=\"article\" \/>\n<meta property=\"og:title\" content=\"Nuevas medidas de protecci\u00f3n de los trabajadores frente a las sustancias qu\u00edmicas cancer\u00edgenas | CDE Almer\u00eda - Centro de Documentaci\u00f3n Europea - Universidad de Almer\u00eda\" \/>\n<meta property=\"og:description\" content=\"Nuevas medidas de protecci\u00f3n de los trabajadores frente a las sustancias qu\u00edmicas cancer\u00edgenas El Parlamento y la Comisi\u00f3n llegaron a un acuerdo la semana pasada sobre la\u00a0segunda propuesta de la Comisi\u00f3n de ampliar la lista de sustancias qu\u00edmicas cancer\u00edgenas reconocidas en el lugar de trabajo. Gracias a este acuerdo, la\u00a0Directiva sobre agentes carcin\u00f3genos o mut\u00e1genos\u00a0cubrir\u00e1 [&hellip;]\" \/>\n<meta property=\"og:url\" content=\"https:\/\/www.cde.ual.es\/nuevas-medidas-de-proteccion-de-los-trabajadores-frente-a-las-sustancias-quimicas-cancerigenas\/\" \/>\n<meta property=\"og:site_name\" content=\"CDE Almer\u00eda - Centro de Documentaci\u00f3n Europea - Universidad de Almer\u00eda\" \/>\n<meta property=\"article:publisher\" content=\"https:\/\/www.facebook.com\/cdeuniversidadalmeria\/\" \/>\n<meta property=\"article:published_time\" content=\"2018-10-16T06:48:11+00:00\" \/>\n<meta property=\"og:image\" content=\"https:\/\/www.cde.ual.es\/wp-content\/uploads\/2018\/10\/OiRA_infographic_Toolkit-72.jpg\" \/>\n\t<meta property=\"og:image:width\" content=\"350\" \/>\n\t<meta property=\"og:image:height\" content=\"260\" \/>\n\t<meta property=\"og:image:type\" content=\"image\/jpeg\" \/>\n<meta name=\"author\" content=\"BECA 2 CDE\" \/>\n<meta name=\"twitter:card\" content=\"summary_large_image\" \/>\n<meta name=\"twitter:creator\" content=\"@cdeualmeria\" \/>\n<meta name=\"twitter:site\" content=\"@cdeualmeria\" \/>\n<meta name=\"twitter:label1\" content=\"Written by\" \/>\n\t<meta name=\"twitter:data1\" content=\"BECA 2 CDE\" \/>\n\t<meta name=\"twitter:label2\" content=\"Est. reading time\" \/>\n\t<meta name=\"twitter:data2\" content=\"3 minutes\" \/>\n<script type=\"application\/ld+json\" class=\"yoast-schema-graph\">{\"@context\":\"https:\\\/\\\/schema.org\",\"@graph\":[{\"@type\":\"Article\",\"@id\":\"https:\\\/\\\/www.cde.ual.es\\\/nuevas-medidas-de-proteccion-de-los-trabajadores-frente-a-las-sustancias-quimicas-cancerigenas\\\/#article\",\"isPartOf\":{\"@id\":\"https:\\\/\\\/www.cde.ual.es\\\/nuevas-medidas-de-proteccion-de-los-trabajadores-frente-a-las-sustancias-quimicas-cancerigenas\\\/\"},\"author\":{\"name\":\"BECA 2 CDE\",\"@id\":\"https:\\\/\\\/www.cde.ual.es\\\/#\\\/schema\\\/person\\\/ee46ebc19edfa19598c02cff83335acc\"},\"headline\":\"Nuevas medidas de protecci\u00f3n de los trabajadores frente a las sustancias qu\u00edmicas cancer\u00edgenas\",\"datePublished\":\"2018-10-16T06:48:11+00:00\",\"mainEntityOfPage\":{\"@id\":\"https:\\\/\\\/www.cde.ual.es\\\/nuevas-medidas-de-proteccion-de-los-trabajadores-frente-a-las-sustancias-quimicas-cancerigenas\\\/\"},\"wordCount\":635,\"commentCount\":0,\"publisher\":{\"@id\":\"https:\\\/\\\/www.cde.ual.es\\\/#organization\"},\"image\":{\"@id\":\"https:\\\/\\\/www.cde.ual.es\\\/nuevas-medidas-de-proteccion-de-los-trabajadores-frente-a-las-sustancias-quimicas-cancerigenas\\\/#primaryimage\"},\"thumbnailUrl\":\"https:\\\/\\\/www.cde.ual.es\\\/wp-content\\\/uploads\\\/2018\\\/10\\\/OiRA_infographic_Toolkit-72.jpg\",\"keywords\":[\"Seguridad y Defensa\",\"Trabajo y empleo\"],\"articleSection\":[\"Noticias UE\"],\"inLanguage\":\"en-US\",\"potentialAction\":[{\"@type\":\"CommentAction\",\"name\":\"Comment\",\"target\":[\"https:\\\/\\\/www.cde.ual.es\\\/nuevas-medidas-de-proteccion-de-los-trabajadores-frente-a-las-sustancias-quimicas-cancerigenas\\\/#respond\"]}]},{\"@type\":\"WebPage\",\"@id\":\"https:\\\/\\\/www.cde.ual.es\\\/nuevas-medidas-de-proteccion-de-los-trabajadores-frente-a-las-sustancias-quimicas-cancerigenas\\\/\",\"url\":\"https:\\\/\\\/www.cde.ual.es\\\/nuevas-medidas-de-proteccion-de-los-trabajadores-frente-a-las-sustancias-quimicas-cancerigenas\\\/\",\"name\":\"Nuevas medidas de protecci\u00f3n de los trabajadores frente a las sustancias qu\u00edmicas cancer\u00edgenas | CDE Almer\u00eda - Centro de Documentaci\u00f3n Europea - Universidad de Almer\u00eda\",\"isPartOf\":{\"@id\":\"https:\\\/\\\/www.cde.ual.es\\\/#website\"},\"primaryImageOfPage\":{\"@id\":\"https:\\\/\\\/www.cde.ual.es\\\/nuevas-medidas-de-proteccion-de-los-trabajadores-frente-a-las-sustancias-quimicas-cancerigenas\\\/#primaryimage\"},\"image\":{\"@id\":\"https:\\\/\\\/www.cde.ual.es\\\/nuevas-medidas-de-proteccion-de-los-trabajadores-frente-a-las-sustancias-quimicas-cancerigenas\\\/#primaryimage\"},\"thumbnailUrl\":\"https:\\\/\\\/www.cde.ual.es\\\/wp-content\\\/uploads\\\/2018\\\/10\\\/OiRA_infographic_Toolkit-72.jpg\",\"datePublished\":\"2018-10-16T06:48:11+00:00\",\"breadcrumb\":{\"@id\":\"https:\\\/\\\/www.cde.ual.es\\\/nuevas-medidas-de-proteccion-de-los-trabajadores-frente-a-las-sustancias-quimicas-cancerigenas\\\/#breadcrumb\"},\"inLanguage\":\"en-US\",\"potentialAction\":[{\"@type\":\"ReadAction\",\"target\":[\"https:\\\/\\\/www.cde.ual.es\\\/nuevas-medidas-de-proteccion-de-los-trabajadores-frente-a-las-sustancias-quimicas-cancerigenas\\\/\"]}]},{\"@type\":\"ImageObject\",\"inLanguage\":\"en-US\",\"@id\":\"https:\\\/\\\/www.cde.ual.es\\\/nuevas-medidas-de-proteccion-de-los-trabajadores-frente-a-las-sustancias-quimicas-cancerigenas\\\/#primaryimage\",\"url\":\"https:\\\/\\\/www.cde.ual.es\\\/wp-content\\\/uploads\\\/2018\\\/10\\\/OiRA_infographic_Toolkit-72.jpg\",\"contentUrl\":\"https:\\\/\\\/www.cde.ual.es\\\/wp-content\\\/uploads\\\/2018\\\/10\\\/OiRA_infographic_Toolkit-72.jpg\",\"width\":350,\"height\":260},{\"@type\":\"BreadcrumbList\",\"@id\":\"https:\\\/\\\/www.cde.ual.es\\\/nuevas-medidas-de-proteccion-de-los-trabajadores-frente-a-las-sustancias-quimicas-cancerigenas\\\/#breadcrumb\",\"itemListElement\":[{\"@type\":\"ListItem\",\"position\":1,\"name\":\"Inicio\",\"item\":\"https:\\\/\\\/www.cde.ual.es\\\/en\\\/\"},{\"@type\":\"ListItem\",\"position\":2,\"name\":\"Noticias UE\",\"item\":\"https:\\\/\\\/www.cde.ual.es\\\/category\\\/noticias-ue\\\/\"},{\"@type\":\"ListItem\",\"position\":3,\"name\":\"Nuevas medidas de protecci\u00f3n de los trabajadores frente a las sustancias qu\u00edmicas cancer\u00edgenas\"}]},{\"@type\":\"WebSite\",\"@id\":\"https:\\\/\\\/www.cde.ual.es\\\/#website\",\"url\":\"https:\\\/\\\/www.cde.ual.es\\\/\",\"name\":\"CDE Almer\u00eda - Centro de Documentaci\u00f3n Europea - Universidad de Almer\u00eda\",\"description\":\"Centro de Documentaci\u00f3n Europea de la Universidad de Almer\u00eda\",\"publisher\":{\"@id\":\"https:\\\/\\\/www.cde.ual.es\\\/#organization\"},\"alternateName\":\"CDE Almer\u00eda\",\"potentialAction\":[{\"@type\":\"SearchAction\",\"target\":{\"@type\":\"EntryPoint\",\"urlTemplate\":\"https:\\\/\\\/www.cde.ual.es\\\/?s={search_term_string}\"},\"query-input\":{\"@type\":\"PropertyValueSpecification\",\"valueRequired\":true,\"valueName\":\"search_term_string\"}}],\"inLanguage\":\"en-US\"},{\"@type\":\"Organization\",\"@id\":\"https:\\\/\\\/www.cde.ual.es\\\/#organization\",\"name\":\"Centro de Documentaci\u00f3n Europea de Almer\u00eda\",\"url\":\"https:\\\/\\\/www.cde.ual.es\\\/\",\"logo\":{\"@type\":\"ImageObject\",\"inLanguage\":\"en-US\",\"@id\":\"https:\\\/\\\/www.cde.ual.es\\\/#\\\/schema\\\/logo\\\/image\\\/\",\"url\":\"https:\\\/\\\/www.cde.ual.es\\\/wp-content\\\/uploads\\\/2025\\\/07\\\/cde-logo-3.png\",\"contentUrl\":\"https:\\\/\\\/www.cde.ual.es\\\/wp-content\\\/uploads\\\/2025\\\/07\\\/cde-logo-3.png\",\"width\":1400,\"height\":300,\"caption\":\"Centro de Documentaci\u00f3n Europea de Almer\u00eda\"},\"image\":{\"@id\":\"https:\\\/\\\/www.cde.ual.es\\\/#\\\/schema\\\/logo\\\/image\\\/\"},\"sameAs\":[\"https:\\\/\\\/www.facebook.com\\\/cdeuniversidadalmeria\\\/\",\"https:\\\/\\\/x.com\\\/cdeualmeria\",\"https:\\\/\\\/www.tiktok.com\\\/@cdealmeria\",\"https:\\\/\\\/www.instagram.com\\\/cdealmeria\\\/\",\"https:\\\/\\\/www.linkedin.com\\\/in\\\/cde-almera-812b26a9\\\/\"]},{\"@type\":\"Person\",\"@id\":\"https:\\\/\\\/www.cde.ual.es\\\/#\\\/schema\\\/person\\\/ee46ebc19edfa19598c02cff83335acc\",\"name\":\"BECA 2 CDE\",\"image\":{\"@type\":\"ImageObject\",\"inLanguage\":\"en-US\",\"@id\":\"https:\\\/\\\/secure.gravatar.com\\\/avatar\\\/35a481bbc04bbd90e91bdfa3b0b5541036c222a49b9ad37b6889a2afcb5311a5?s=96&d=mm&r=g\",\"url\":\"https:\\\/\\\/secure.gravatar.com\\\/avatar\\\/35a481bbc04bbd90e91bdfa3b0b5541036c222a49b9ad37b6889a2afcb5311a5?s=96&d=mm&r=g\",\"contentUrl\":\"https:\\\/\\\/secure.gravatar.com\\\/avatar\\\/35a481bbc04bbd90e91bdfa3b0b5541036c222a49b9ad37b6889a2afcb5311a5?s=96&d=mm&r=g\",\"caption\":\"BECA 2 CDE\"},\"sameAs\":[\"http:\\\/\\\/www.cdealmeria.com\"]}]}<\/script>\n<!-- \/ Yoast SEO plugin. -->","yoast_head_json":{"title":"Nuevas medidas de protecci\u00f3n de los trabajadores frente a las sustancias qu\u00edmicas cancer\u00edgenas | CDE Almer\u00eda - Centro de Documentaci\u00f3n Europea - Universidad de Almer\u00eda","robots":{"index":"index","follow":"follow","max-snippet":"max-snippet:-1","max-image-preview":"max-image-preview:large","max-video-preview":"max-video-preview:-1"},"canonical":"https:\/\/www.cde.ual.es\/nuevas-medidas-de-proteccion-de-los-trabajadores-frente-a-las-sustancias-quimicas-cancerigenas\/","og_locale":"en_US","og_type":"article","og_title":"Nuevas medidas de protecci\u00f3n de los trabajadores frente a las sustancias qu\u00edmicas cancer\u00edgenas | CDE Almer\u00eda - Centro de Documentaci\u00f3n Europea - Universidad de Almer\u00eda","og_description":"Nuevas medidas de protecci\u00f3n de los trabajadores frente a las sustancias qu\u00edmicas cancer\u00edgenas El Parlamento y la Comisi\u00f3n llegaron a un acuerdo la semana pasada sobre la\u00a0segunda propuesta de la Comisi\u00f3n de ampliar la lista de sustancias qu\u00edmicas cancer\u00edgenas reconocidas en el lugar de trabajo. Gracias a este acuerdo, la\u00a0Directiva sobre agentes carcin\u00f3genos o mut\u00e1genos\u00a0cubrir\u00e1 [&hellip;]","og_url":"https:\/\/www.cde.ual.es\/nuevas-medidas-de-proteccion-de-los-trabajadores-frente-a-las-sustancias-quimicas-cancerigenas\/","og_site_name":"CDE Almer\u00eda - Centro de Documentaci\u00f3n Europea - Universidad de Almer\u00eda","article_publisher":"https:\/\/www.facebook.com\/cdeuniversidadalmeria\/","article_published_time":"2018-10-16T06:48:11+00:00","og_image":[{"width":350,"height":260,"url":"https:\/\/www.cde.ual.es\/wp-content\/uploads\/2018\/10\/OiRA_infographic_Toolkit-72.jpg","type":"image\/jpeg"}],"author":"BECA 2 CDE","twitter_card":"summary_large_image","twitter_creator":"@cdeualmeria","twitter_site":"@cdeualmeria","twitter_misc":{"Written by":"BECA 2 CDE","Est. reading time":"3 minutes"},"schema":{"@context":"https:\/\/schema.org","@graph":[{"@type":"Article","@id":"https:\/\/www.cde.ual.es\/nuevas-medidas-de-proteccion-de-los-trabajadores-frente-a-las-sustancias-quimicas-cancerigenas\/#article","isPartOf":{"@id":"https:\/\/www.cde.ual.es\/nuevas-medidas-de-proteccion-de-los-trabajadores-frente-a-las-sustancias-quimicas-cancerigenas\/"},"author":{"name":"BECA 2 CDE","@id":"https:\/\/www.cde.ual.es\/#\/schema\/person\/ee46ebc19edfa19598c02cff83335acc"},"headline":"Nuevas medidas de protecci\u00f3n de los trabajadores frente a las sustancias qu\u00edmicas cancer\u00edgenas","datePublished":"2018-10-16T06:48:11+00:00","mainEntityOfPage":{"@id":"https:\/\/www.cde.ual.es\/nuevas-medidas-de-proteccion-de-los-trabajadores-frente-a-las-sustancias-quimicas-cancerigenas\/"},"wordCount":635,"commentCount":0,"publisher":{"@id":"https:\/\/www.cde.ual.es\/#organization"},"image":{"@id":"https:\/\/www.cde.ual.es\/nuevas-medidas-de-proteccion-de-los-trabajadores-frente-a-las-sustancias-quimicas-cancerigenas\/#primaryimage"},"thumbnailUrl":"https:\/\/www.cde.ual.es\/wp-content\/uploads\/2018\/10\/OiRA_infographic_Toolkit-72.jpg","keywords":["Seguridad y Defensa","Trabajo y empleo"],"articleSection":["Noticias UE"],"inLanguage":"en-US","potentialAction":[{"@type":"CommentAction","name":"Comment","target":["https:\/\/www.cde.ual.es\/nuevas-medidas-de-proteccion-de-los-trabajadores-frente-a-las-sustancias-quimicas-cancerigenas\/#respond"]}]},{"@type":"WebPage","@id":"https:\/\/www.cde.ual.es\/nuevas-medidas-de-proteccion-de-los-trabajadores-frente-a-las-sustancias-quimicas-cancerigenas\/","url":"https:\/\/www.cde.ual.es\/nuevas-medidas-de-proteccion-de-los-trabajadores-frente-a-las-sustancias-quimicas-cancerigenas\/","name":"Nuevas medidas de protecci\u00f3n de los trabajadores frente a las sustancias qu\u00edmicas cancer\u00edgenas | CDE Almer\u00eda - Centro de Documentaci\u00f3n Europea - Universidad de Almer\u00eda","isPartOf":{"@id":"https:\/\/www.cde.ual.es\/#website"},"primaryImageOfPage":{"@id":"https:\/\/www.cde.ual.es\/nuevas-medidas-de-proteccion-de-los-trabajadores-frente-a-las-sustancias-quimicas-cancerigenas\/#primaryimage"},"image":{"@id":"https:\/\/www.cde.ual.es\/nuevas-medidas-de-proteccion-de-los-trabajadores-frente-a-las-sustancias-quimicas-cancerigenas\/#primaryimage"},"thumbnailUrl":"https:\/\/www.cde.ual.es\/wp-content\/uploads\/2018\/10\/OiRA_infographic_Toolkit-72.jpg","datePublished":"2018-10-16T06:48:11+00:00","breadcrumb":{"@id":"https:\/\/www.cde.ual.es\/nuevas-medidas-de-proteccion-de-los-trabajadores-frente-a-las-sustancias-quimicas-cancerigenas\/#breadcrumb"},"inLanguage":"en-US","potentialAction":[{"@type":"ReadAction","target":["https:\/\/www.cde.ual.es\/nuevas-medidas-de-proteccion-de-los-trabajadores-frente-a-las-sustancias-quimicas-cancerigenas\/"]}]},{"@type":"ImageObject","inLanguage":"en-US","@id":"https:\/\/www.cde.ual.es\/nuevas-medidas-de-proteccion-de-los-trabajadores-frente-a-las-sustancias-quimicas-cancerigenas\/#primaryimage","url":"https:\/\/www.cde.ual.es\/wp-content\/uploads\/2018\/10\/OiRA_infographic_Toolkit-72.jpg","contentUrl":"https:\/\/www.cde.ual.es\/wp-content\/uploads\/2018\/10\/OiRA_infographic_Toolkit-72.jpg","width":350,"height":260},{"@type":"BreadcrumbList","@id":"https:\/\/www.cde.ual.es\/nuevas-medidas-de-proteccion-de-los-trabajadores-frente-a-las-sustancias-quimicas-cancerigenas\/#breadcrumb","itemListElement":[{"@type":"ListItem","position":1,"name":"Inicio","item":"https:\/\/www.cde.ual.es\/en\/"},{"@type":"ListItem","position":2,"name":"Noticias UE","item":"https:\/\/www.cde.ual.es\/category\/noticias-ue\/"},{"@type":"ListItem","position":3,"name":"Nuevas medidas de protecci\u00f3n de los trabajadores frente a las sustancias qu\u00edmicas cancer\u00edgenas"}]},{"@type":"WebSite","@id":"https:\/\/www.cde.ual.es\/#website","url":"https:\/\/www.cde.ual.es\/","name":"CDE Almer\u00eda - Centro de Documentaci\u00f3n Europea - Universidad de Almer\u00eda","description":"Centro de Documentaci\u00f3n Europea de la Universidad de Almer\u00eda","publisher":{"@id":"https:\/\/www.cde.ual.es\/#organization"},"alternateName":"CDE Almer\u00eda","potentialAction":[{"@type":"SearchAction","target":{"@type":"EntryPoint","urlTemplate":"https:\/\/www.cde.ual.es\/?s={search_term_string}"},"query-input":{"@type":"PropertyValueSpecification","valueRequired":true,"valueName":"search_term_string"}}],"inLanguage":"en-US"},{"@type":"Organization","@id":"https:\/\/www.cde.ual.es\/#organization","name":"Centro de Documentaci\u00f3n Europea de Almer\u00eda","url":"https:\/\/www.cde.ual.es\/","logo":{"@type":"ImageObject","inLanguage":"en-US","@id":"https:\/\/www.cde.ual.es\/#\/schema\/logo\/image\/","url":"https:\/\/www.cde.ual.es\/wp-content\/uploads\/2025\/07\/cde-logo-3.png","contentUrl":"https:\/\/www.cde.ual.es\/wp-content\/uploads\/2025\/07\/cde-logo-3.png","width":1400,"height":300,"caption":"Centro de Documentaci\u00f3n Europea de Almer\u00eda"},"image":{"@id":"https:\/\/www.cde.ual.es\/#\/schema\/logo\/image\/"},"sameAs":["https:\/\/www.facebook.com\/cdeuniversidadalmeria\/","https:\/\/x.com\/cdeualmeria","https:\/\/www.tiktok.com\/@cdealmeria","https:\/\/www.instagram.com\/cdealmeria\/","https:\/\/www.linkedin.com\/in\/cde-almera-812b26a9\/"]},{"@type":"Person","@id":"https:\/\/www.cde.ual.es\/#\/schema\/person\/ee46ebc19edfa19598c02cff83335acc","name":"BECA 2 CDE","image":{"@type":"ImageObject","inLanguage":"en-US","@id":"https:\/\/secure.gravatar.com\/avatar\/35a481bbc04bbd90e91bdfa3b0b5541036c222a49b9ad37b6889a2afcb5311a5?s=96&d=mm&r=g","url":"https:\/\/secure.gravatar.com\/avatar\/35a481bbc04bbd90e91bdfa3b0b5541036c222a49b9ad37b6889a2afcb5311a5?s=96&d=mm&r=g","contentUrl":"https:\/\/secure.gravatar.com\/avatar\/35a481bbc04bbd90e91bdfa3b0b5541036c222a49b9ad37b6889a2afcb5311a5?s=96&d=mm&r=g","caption":"BECA 2 CDE"},"sameAs":["http:\/\/www.cdealmeria.com"]}]}},"_links":{"self":[{"href":"https:\/\/www.cde.ual.es\/en\/wp-json\/wp\/v2\/posts\/9106","targetHints":{"allow":["GET"]}}],"collection":[{"href":"https:\/\/www.cde.ual.es\/en\/wp-json\/wp\/v2\/posts"}],"about":[{"href":"https:\/\/www.cde.ual.es\/en\/wp-json\/wp\/v2\/types\/post"}],"author":[{"embeddable":true,"href":"https:\/\/www.cde.ual.es\/en\/wp-json\/wp\/v2\/users\/101011"}],"replies":[{"embeddable":true,"href":"https:\/\/www.cde.ual.es\/en\/wp-json\/wp\/v2\/comments?post=9106"}],"version-history":[{"count":0,"href":"https:\/\/www.cde.ual.es\/en\/wp-json\/wp\/v2\/posts\/9106\/revisions"}],"wp:featuredmedia":[{"embeddable":true,"href":"https:\/\/www.cde.ual.es\/en\/wp-json\/wp\/v2\/media\/9110"}],"wp:attachment":[{"href":"https:\/\/www.cde.ual.es\/en\/wp-json\/wp\/v2\/media?parent=9106"}],"wp:term":[{"taxonomy":"category","embeddable":true,"href":"https:\/\/www.cde.ual.es\/en\/wp-json\/wp\/v2\/categories?post=9106"},{"taxonomy":"post_tag","embeddable":true,"href":"https:\/\/www.cde.ual.es\/en\/wp-json\/wp\/v2\/tags?post=9106"}],"curies":[{"name":"wp","href":"https:\/\/api.w.org\/{rel}","templated":true}]}}