{"id":9041,"date":"2018-10-11T08:55:23","date_gmt":"2018-10-11T06:55:23","guid":{"rendered":"http:\/\/www.cde.ual.es\/?p=9041"},"modified":"2018-10-11T08:55:23","modified_gmt":"2018-10-11T06:55:23","slug":"realidad-virtual-para-un-mejor-diagnostico-de-trastornos-mentales","status":"publish","type":"post","link":"https:\/\/www.cde.ual.es\/en\/realidad-virtual-para-un-mejor-diagnostico-de-trastornos-mentales\/","title":{"rendered":"Realidad virtual para un mejor diagn\u00f3stico de trastornos mentales"},"content":{"rendered":"<h3><a href=\"http:\/\/www.cde.ual.es\/wp-content\/uploads\/2018\/10\/14888011142950.jpg\"><img decoding=\"async\" class=\"size-medium wp-image-9042 aligncenter\" src=\"http:\/\/www.cde.ual.es\/wp-content\/uploads\/2018\/10\/14888011142950-300x199.jpg\" alt=\"\" width=\"300\" height=\"199\" srcset=\"https:\/\/www.cde.ual.es\/wp-content\/uploads\/2018\/10\/14888011142950-300x199.jpg 300w, https:\/\/www.cde.ual.es\/wp-content\/uploads\/2018\/10\/14888011142950.jpg 660w\" sizes=\"(max-width: 300px) 100vw, 300px\" \/><\/a><\/h3>\n<h3 class=\"teaser\" style=\"text-align: center;\">Nesplora Technology and Behaviour, una pyme espa\u00f1ola especializada en el an\u00e1lisis del comportamiento humano, nos recuerda el potencial de la Realidad Virtual (RV) con un innovador sistema para evaluar los trastornos mentales.<\/h3>\n<p>Independientemente de cu\u00e1l sea la enfermedad o el problema de salud, el diagn\u00f3stico nunca es una experiencia agradable para los pacientes. Si se sospecha de la existencia de un trastorno mental, por ejemplo, las personas afectadas deben someterse a controles y pruebas de todo tipo para determinar cu\u00e1l es su estado y las posibles opciones de tratamiento. Adem\u00e1s del temor a los resultados, esto a menudo es una experiencia desagradable y estresante.<\/p>\n<p>Entonces lleg\u00f3 Nesplora Technology and Behaviour y sus herramientas de valoraci\u00f3n de trastornos mentales basadas en la RV: un conjunto formado por unos auriculares y unas gafas de realidad virtual que permiten al paciente acceder a un entorno virtual. La reacci\u00f3n a los est\u00edmulos y la capacidad de llevar a cabo tareas espec\u00edficas en este entorno permitir\u00e1 obtener f\u00e1cilmente un diagn\u00f3stico, y ofrecer\u00e1 a los m\u00e9dicos informaci\u00f3n suficiente para escoger la mejor opci\u00f3n de tratamiento posible.<\/p>\n<p>Por un lado, las nuevas tecnolog\u00edas nos permiten evaluar los procesos cognitivos con una objetividad inalcanzable con las pruebas tradicionales realizadas con papel y l\u00e1piz. Sabemos lo que medimos en cada momento y lo registramos para su posterior interpretaci\u00f3n.<\/p>\n<p>M\u00e1s espec\u00edficamente, el valor a\u00f1adido de la RV es la validez ecol\u00f3gica que contribuye a la evaluaci\u00f3n neuropsicol\u00f3gica, es decir, la capacidad de una herramienta de reflejar el verdadero estado de un paciente en la vida real. Al evaluar las funciones cognitivas en un entorno que simula la vida real, podemos predecir de forma m\u00e1s precisa c\u00f3mo funciona el cerebro del paciente. Entonces permite transferir los resultados de una evaluaci\u00f3n objetiva a un entorno real.<\/p>\n<p>Hasta el momento han desarrollado y comercializado Nesplora Aula, una herramienta para ni\u00f1os de entre 6 y 16 a\u00f1os en un aula virtual.<\/p>\n<h5>M\u00e1s informaci\u00f3n<\/h5>\n<p>Accede a la noticia completa <a href=\"https:\/\/cordis.europa.eu\/news\/rcn\/130021_es.html?WT.mc_id=RSS-Feed&amp;WT.rss_f=news&amp;WT.rss_a=130021&amp;WT.rss_ev=a\">aqu\u00ed<\/a><\/p>\n<p><a href=\"https:\/\/nesplora.com\/es\/vrmind\">Sitio web del proyecto<\/a><\/p>\n","protected":false},"excerpt":{"rendered":"<p>Nesplora Technology and Behaviour, una pyme espa\u00f1ola especializada en el an\u00e1lisis del comportamiento humano, nos recuerda el potencial de la Realidad Virtual (RV) con un innovador sistema para evaluar los trastornos mentales. Independientemente de cu\u00e1l sea la enfermedad o el problema de salud, el diagn\u00f3stico nunca es una experiencia agradable para los pacientes. Si se [&hellip;]<\/p>\n","protected":false},"author":101011,"featured_media":9042,"comment_status":"open","ping_status":"open","sticky":false,"template":"","format":"standard","meta":{"_acf_changed":false,"_relevanssi_hide_post":"","_relevanssi_hide_content":"","_relevanssi_pin_for_all":"","_relevanssi_pin_keywords":"","_relevanssi_unpin_keywords":"","_relevanssi_related_keywords":"","_relevanssi_related_include_ids":"","_relevanssi_related_exclude_ids":"","_relevanssi_related_no_append":"","_relevanssi_related_not_related":"","_relevanssi_related_posts":"","_relevanssi_noindex_reason":"","_monsterinsights_skip_tracking":false,"_monsterinsights_sitenote_active":false,"_monsterinsights_sitenote_note":"","_monsterinsights_sitenote_category":0,"_genesis_hide_title":false,"_genesis_hide_breadcrumbs":false,"_genesis_hide_singular_image":false,"_genesis_hide_footer_widgets":false,"_genesis_custom_body_class":"","_genesis_custom_post_class":"","_genesis_layout":"","footnotes":""},"categories":[96],"tags":[132,140],"class_list":{"0":"post-9041","1":"post","2":"type-post","3":"status-publish","4":"format-standard","5":"has-post-thumbnail","7":"category-noticias-ue","8":"tag-investigacion","9":"tag-salud","10":"entry"},"acf":[],"yoast_head":"<!-- This site is optimized with the Yoast SEO plugin v27.5 - https:\/\/yoast.com\/product\/yoast-seo-wordpress\/ -->\n<title>Realidad virtual para un mejor diagn\u00f3stico de trastornos mentales | CDE Almer\u00eda - Centro de Documentaci\u00f3n Europea - Universidad de Almer\u00eda<\/title>\n<meta name=\"robots\" content=\"index, follow, max-snippet:-1, max-image-preview:large, max-video-preview:-1\" \/>\n<link rel=\"canonical\" href=\"https:\/\/www.cde.ual.es\/realidad-virtual-para-un-mejor-diagnostico-de-trastornos-mentales\/\" \/>\n<meta property=\"og:locale\" content=\"en_US\" \/>\n<meta property=\"og:type\" content=\"article\" \/>\n<meta property=\"og:title\" content=\"Realidad virtual para un mejor diagn\u00f3stico de trastornos mentales | CDE Almer\u00eda - Centro de Documentaci\u00f3n Europea - Universidad de Almer\u00eda\" \/>\n<meta property=\"og:description\" content=\"Nesplora Technology and Behaviour, una pyme espa\u00f1ola especializada en el an\u00e1lisis del comportamiento humano, nos recuerda el potencial de la Realidad Virtual (RV) con un innovador sistema para evaluar los trastornos mentales. Independientemente de cu\u00e1l sea la enfermedad o el problema de salud, el diagn\u00f3stico nunca es una experiencia agradable para los pacientes. Si se [&hellip;]\" \/>\n<meta property=\"og:url\" content=\"https:\/\/www.cde.ual.es\/realidad-virtual-para-un-mejor-diagnostico-de-trastornos-mentales\/\" \/>\n<meta property=\"og:site_name\" content=\"CDE Almer\u00eda - Centro de Documentaci\u00f3n Europea - Universidad de Almer\u00eda\" \/>\n<meta property=\"article:publisher\" content=\"https:\/\/www.facebook.com\/cdeuniversidadalmeria\/\" \/>\n<meta property=\"article:published_time\" content=\"2018-10-11T06:55:23+00:00\" \/>\n<meta property=\"og:image\" content=\"https:\/\/www.cde.ual.es\/wp-content\/uploads\/2018\/10\/14888011142950.jpg\" \/>\n\t<meta property=\"og:image:width\" content=\"660\" \/>\n\t<meta property=\"og:image:height\" content=\"438\" \/>\n\t<meta property=\"og:image:type\" content=\"image\/jpeg\" \/>\n<meta name=\"author\" content=\"BECA 2 CDE\" \/>\n<meta name=\"twitter:card\" content=\"summary_large_image\" \/>\n<meta name=\"twitter:creator\" content=\"@cdeualmeria\" \/>\n<meta name=\"twitter:site\" content=\"@cdeualmeria\" \/>\n<meta name=\"twitter:label1\" content=\"Written by\" \/>\n\t<meta name=\"twitter:data1\" content=\"BECA 2 CDE\" \/>\n\t<meta name=\"twitter:label2\" content=\"Est. reading time\" \/>\n\t<meta name=\"twitter:data2\" content=\"2 minutes\" \/>\n<script type=\"application\/ld+json\" class=\"yoast-schema-graph\">{\"@context\":\"https:\\\/\\\/schema.org\",\"@graph\":[{\"@type\":\"Article\",\"@id\":\"https:\\\/\\\/www.cde.ual.es\\\/realidad-virtual-para-un-mejor-diagnostico-de-trastornos-mentales\\\/#article\",\"isPartOf\":{\"@id\":\"https:\\\/\\\/www.cde.ual.es\\\/realidad-virtual-para-un-mejor-diagnostico-de-trastornos-mentales\\\/\"},\"author\":{\"name\":\"BECA 2 CDE\",\"@id\":\"https:\\\/\\\/www.cde.ual.es\\\/#\\\/schema\\\/person\\\/ee46ebc19edfa19598c02cff83335acc\"},\"headline\":\"Realidad virtual para un mejor diagn\u00f3stico de trastornos mentales\",\"datePublished\":\"2018-10-11T06:55:23+00:00\",\"mainEntityOfPage\":{\"@id\":\"https:\\\/\\\/www.cde.ual.es\\\/realidad-virtual-para-un-mejor-diagnostico-de-trastornos-mentales\\\/\"},\"wordCount\":368,\"commentCount\":0,\"publisher\":{\"@id\":\"https:\\\/\\\/www.cde.ual.es\\\/#organization\"},\"image\":{\"@id\":\"https:\\\/\\\/www.cde.ual.es\\\/realidad-virtual-para-un-mejor-diagnostico-de-trastornos-mentales\\\/#primaryimage\"},\"thumbnailUrl\":\"https:\\\/\\\/www.cde.ual.es\\\/wp-content\\\/uploads\\\/2018\\\/10\\\/14888011142950.jpg\",\"keywords\":[\"Investigaci\u00f3n\",\"Salud\"],\"articleSection\":[\"Noticias UE\"],\"inLanguage\":\"en-US\",\"potentialAction\":[{\"@type\":\"CommentAction\",\"name\":\"Comment\",\"target\":[\"https:\\\/\\\/www.cde.ual.es\\\/realidad-virtual-para-un-mejor-diagnostico-de-trastornos-mentales\\\/#respond\"]}]},{\"@type\":\"WebPage\",\"@id\":\"https:\\\/\\\/www.cde.ual.es\\\/realidad-virtual-para-un-mejor-diagnostico-de-trastornos-mentales\\\/\",\"url\":\"https:\\\/\\\/www.cde.ual.es\\\/realidad-virtual-para-un-mejor-diagnostico-de-trastornos-mentales\\\/\",\"name\":\"Realidad virtual para un mejor diagn\u00f3stico de trastornos mentales | CDE Almer\u00eda - Centro de Documentaci\u00f3n Europea - Universidad de Almer\u00eda\",\"isPartOf\":{\"@id\":\"https:\\\/\\\/www.cde.ual.es\\\/#website\"},\"primaryImageOfPage\":{\"@id\":\"https:\\\/\\\/www.cde.ual.es\\\/realidad-virtual-para-un-mejor-diagnostico-de-trastornos-mentales\\\/#primaryimage\"},\"image\":{\"@id\":\"https:\\\/\\\/www.cde.ual.es\\\/realidad-virtual-para-un-mejor-diagnostico-de-trastornos-mentales\\\/#primaryimage\"},\"thumbnailUrl\":\"https:\\\/\\\/www.cde.ual.es\\\/wp-content\\\/uploads\\\/2018\\\/10\\\/14888011142950.jpg\",\"datePublished\":\"2018-10-11T06:55:23+00:00\",\"breadcrumb\":{\"@id\":\"https:\\\/\\\/www.cde.ual.es\\\/realidad-virtual-para-un-mejor-diagnostico-de-trastornos-mentales\\\/#breadcrumb\"},\"inLanguage\":\"en-US\",\"potentialAction\":[{\"@type\":\"ReadAction\",\"target\":[\"https:\\\/\\\/www.cde.ual.es\\\/realidad-virtual-para-un-mejor-diagnostico-de-trastornos-mentales\\\/\"]}]},{\"@type\":\"ImageObject\",\"inLanguage\":\"en-US\",\"@id\":\"https:\\\/\\\/www.cde.ual.es\\\/realidad-virtual-para-un-mejor-diagnostico-de-trastornos-mentales\\\/#primaryimage\",\"url\":\"https:\\\/\\\/www.cde.ual.es\\\/wp-content\\\/uploads\\\/2018\\\/10\\\/14888011142950.jpg\",\"contentUrl\":\"https:\\\/\\\/www.cde.ual.es\\\/wp-content\\\/uploads\\\/2018\\\/10\\\/14888011142950.jpg\",\"width\":660,\"height\":438},{\"@type\":\"BreadcrumbList\",\"@id\":\"https:\\\/\\\/www.cde.ual.es\\\/realidad-virtual-para-un-mejor-diagnostico-de-trastornos-mentales\\\/#breadcrumb\",\"itemListElement\":[{\"@type\":\"ListItem\",\"position\":1,\"name\":\"Inicio\",\"item\":\"https:\\\/\\\/www.cde.ual.es\\\/en\\\/\"},{\"@type\":\"ListItem\",\"position\":2,\"name\":\"Noticias UE\",\"item\":\"https:\\\/\\\/www.cde.ual.es\\\/category\\\/noticias-ue\\\/\"},{\"@type\":\"ListItem\",\"position\":3,\"name\":\"Realidad virtual para un mejor diagn\u00f3stico de trastornos mentales\"}]},{\"@type\":\"WebSite\",\"@id\":\"https:\\\/\\\/www.cde.ual.es\\\/#website\",\"url\":\"https:\\\/\\\/www.cde.ual.es\\\/\",\"name\":\"CDE Almer\u00eda - Centro de Documentaci\u00f3n Europea - Universidad de Almer\u00eda\",\"description\":\"Centro de Documentaci\u00f3n Europea de la Universidad de Almer\u00eda\",\"publisher\":{\"@id\":\"https:\\\/\\\/www.cde.ual.es\\\/#organization\"},\"alternateName\":\"CDE Almer\u00eda\",\"potentialAction\":[{\"@type\":\"SearchAction\",\"target\":{\"@type\":\"EntryPoint\",\"urlTemplate\":\"https:\\\/\\\/www.cde.ual.es\\\/?s={search_term_string}\"},\"query-input\":{\"@type\":\"PropertyValueSpecification\",\"valueRequired\":true,\"valueName\":\"search_term_string\"}}],\"inLanguage\":\"en-US\"},{\"@type\":\"Organization\",\"@id\":\"https:\\\/\\\/www.cde.ual.es\\\/#organization\",\"name\":\"Centro de Documentaci\u00f3n Europea de Almer\u00eda\",\"url\":\"https:\\\/\\\/www.cde.ual.es\\\/\",\"logo\":{\"@type\":\"ImageObject\",\"inLanguage\":\"en-US\",\"@id\":\"https:\\\/\\\/www.cde.ual.es\\\/#\\\/schema\\\/logo\\\/image\\\/\",\"url\":\"https:\\\/\\\/www.cde.ual.es\\\/wp-content\\\/uploads\\\/2025\\\/07\\\/cde-logo-3.png\",\"contentUrl\":\"https:\\\/\\\/www.cde.ual.es\\\/wp-content\\\/uploads\\\/2025\\\/07\\\/cde-logo-3.png\",\"width\":1400,\"height\":300,\"caption\":\"Centro de Documentaci\u00f3n Europea de Almer\u00eda\"},\"image\":{\"@id\":\"https:\\\/\\\/www.cde.ual.es\\\/#\\\/schema\\\/logo\\\/image\\\/\"},\"sameAs\":[\"https:\\\/\\\/www.facebook.com\\\/cdeuniversidadalmeria\\\/\",\"https:\\\/\\\/x.com\\\/cdeualmeria\",\"https:\\\/\\\/www.tiktok.com\\\/@cdealmeria\",\"https:\\\/\\\/www.instagram.com\\\/cdealmeria\\\/\",\"https:\\\/\\\/www.linkedin.com\\\/in\\\/cde-almera-812b26a9\\\/\"]},{\"@type\":\"Person\",\"@id\":\"https:\\\/\\\/www.cde.ual.es\\\/#\\\/schema\\\/person\\\/ee46ebc19edfa19598c02cff83335acc\",\"name\":\"BECA 2 CDE\",\"image\":{\"@type\":\"ImageObject\",\"inLanguage\":\"en-US\",\"@id\":\"https:\\\/\\\/secure.gravatar.com\\\/avatar\\\/35a481bbc04bbd90e91bdfa3b0b5541036c222a49b9ad37b6889a2afcb5311a5?s=96&d=mm&r=g\",\"url\":\"https:\\\/\\\/secure.gravatar.com\\\/avatar\\\/35a481bbc04bbd90e91bdfa3b0b5541036c222a49b9ad37b6889a2afcb5311a5?s=96&d=mm&r=g\",\"contentUrl\":\"https:\\\/\\\/secure.gravatar.com\\\/avatar\\\/35a481bbc04bbd90e91bdfa3b0b5541036c222a49b9ad37b6889a2afcb5311a5?s=96&d=mm&r=g\",\"caption\":\"BECA 2 CDE\"},\"sameAs\":[\"http:\\\/\\\/www.cdealmeria.com\"]}]}<\/script>\n<!-- \/ Yoast SEO plugin. -->","yoast_head_json":{"title":"Realidad virtual para un mejor diagn\u00f3stico de trastornos mentales | CDE Almer\u00eda - Centro de Documentaci\u00f3n Europea - Universidad de Almer\u00eda","robots":{"index":"index","follow":"follow","max-snippet":"max-snippet:-1","max-image-preview":"max-image-preview:large","max-video-preview":"max-video-preview:-1"},"canonical":"https:\/\/www.cde.ual.es\/realidad-virtual-para-un-mejor-diagnostico-de-trastornos-mentales\/","og_locale":"en_US","og_type":"article","og_title":"Realidad virtual para un mejor diagn\u00f3stico de trastornos mentales | CDE Almer\u00eda - Centro de Documentaci\u00f3n Europea - Universidad de Almer\u00eda","og_description":"Nesplora Technology and Behaviour, una pyme espa\u00f1ola especializada en el an\u00e1lisis del comportamiento humano, nos recuerda el potencial de la Realidad Virtual (RV) con un innovador sistema para evaluar los trastornos mentales. Independientemente de cu\u00e1l sea la enfermedad o el problema de salud, el diagn\u00f3stico nunca es una experiencia agradable para los pacientes. Si se [&hellip;]","og_url":"https:\/\/www.cde.ual.es\/realidad-virtual-para-un-mejor-diagnostico-de-trastornos-mentales\/","og_site_name":"CDE Almer\u00eda - Centro de Documentaci\u00f3n Europea - Universidad de Almer\u00eda","article_publisher":"https:\/\/www.facebook.com\/cdeuniversidadalmeria\/","article_published_time":"2018-10-11T06:55:23+00:00","og_image":[{"width":660,"height":438,"url":"https:\/\/www.cde.ual.es\/wp-content\/uploads\/2018\/10\/14888011142950.jpg","type":"image\/jpeg"}],"author":"BECA 2 CDE","twitter_card":"summary_large_image","twitter_creator":"@cdeualmeria","twitter_site":"@cdeualmeria","twitter_misc":{"Written by":"BECA 2 CDE","Est. reading time":"2 minutes"},"schema":{"@context":"https:\/\/schema.org","@graph":[{"@type":"Article","@id":"https:\/\/www.cde.ual.es\/realidad-virtual-para-un-mejor-diagnostico-de-trastornos-mentales\/#article","isPartOf":{"@id":"https:\/\/www.cde.ual.es\/realidad-virtual-para-un-mejor-diagnostico-de-trastornos-mentales\/"},"author":{"name":"BECA 2 CDE","@id":"https:\/\/www.cde.ual.es\/#\/schema\/person\/ee46ebc19edfa19598c02cff83335acc"},"headline":"Realidad virtual para un mejor diagn\u00f3stico de trastornos mentales","datePublished":"2018-10-11T06:55:23+00:00","mainEntityOfPage":{"@id":"https:\/\/www.cde.ual.es\/realidad-virtual-para-un-mejor-diagnostico-de-trastornos-mentales\/"},"wordCount":368,"commentCount":0,"publisher":{"@id":"https:\/\/www.cde.ual.es\/#organization"},"image":{"@id":"https:\/\/www.cde.ual.es\/realidad-virtual-para-un-mejor-diagnostico-de-trastornos-mentales\/#primaryimage"},"thumbnailUrl":"https:\/\/www.cde.ual.es\/wp-content\/uploads\/2018\/10\/14888011142950.jpg","keywords":["Investigaci\u00f3n","Salud"],"articleSection":["Noticias UE"],"inLanguage":"en-US","potentialAction":[{"@type":"CommentAction","name":"Comment","target":["https:\/\/www.cde.ual.es\/realidad-virtual-para-un-mejor-diagnostico-de-trastornos-mentales\/#respond"]}]},{"@type":"WebPage","@id":"https:\/\/www.cde.ual.es\/realidad-virtual-para-un-mejor-diagnostico-de-trastornos-mentales\/","url":"https:\/\/www.cde.ual.es\/realidad-virtual-para-un-mejor-diagnostico-de-trastornos-mentales\/","name":"Realidad virtual para un mejor diagn\u00f3stico de trastornos mentales | CDE Almer\u00eda - Centro de Documentaci\u00f3n Europea - Universidad de Almer\u00eda","isPartOf":{"@id":"https:\/\/www.cde.ual.es\/#website"},"primaryImageOfPage":{"@id":"https:\/\/www.cde.ual.es\/realidad-virtual-para-un-mejor-diagnostico-de-trastornos-mentales\/#primaryimage"},"image":{"@id":"https:\/\/www.cde.ual.es\/realidad-virtual-para-un-mejor-diagnostico-de-trastornos-mentales\/#primaryimage"},"thumbnailUrl":"https:\/\/www.cde.ual.es\/wp-content\/uploads\/2018\/10\/14888011142950.jpg","datePublished":"2018-10-11T06:55:23+00:00","breadcrumb":{"@id":"https:\/\/www.cde.ual.es\/realidad-virtual-para-un-mejor-diagnostico-de-trastornos-mentales\/#breadcrumb"},"inLanguage":"en-US","potentialAction":[{"@type":"ReadAction","target":["https:\/\/www.cde.ual.es\/realidad-virtual-para-un-mejor-diagnostico-de-trastornos-mentales\/"]}]},{"@type":"ImageObject","inLanguage":"en-US","@id":"https:\/\/www.cde.ual.es\/realidad-virtual-para-un-mejor-diagnostico-de-trastornos-mentales\/#primaryimage","url":"https:\/\/www.cde.ual.es\/wp-content\/uploads\/2018\/10\/14888011142950.jpg","contentUrl":"https:\/\/www.cde.ual.es\/wp-content\/uploads\/2018\/10\/14888011142950.jpg","width":660,"height":438},{"@type":"BreadcrumbList","@id":"https:\/\/www.cde.ual.es\/realidad-virtual-para-un-mejor-diagnostico-de-trastornos-mentales\/#breadcrumb","itemListElement":[{"@type":"ListItem","position":1,"name":"Inicio","item":"https:\/\/www.cde.ual.es\/en\/"},{"@type":"ListItem","position":2,"name":"Noticias UE","item":"https:\/\/www.cde.ual.es\/category\/noticias-ue\/"},{"@type":"ListItem","position":3,"name":"Realidad virtual para un mejor diagn\u00f3stico de trastornos mentales"}]},{"@type":"WebSite","@id":"https:\/\/www.cde.ual.es\/#website","url":"https:\/\/www.cde.ual.es\/","name":"CDE Almer\u00eda - Centro de Documentaci\u00f3n Europea - Universidad de Almer\u00eda","description":"Centro de Documentaci\u00f3n Europea de la Universidad de Almer\u00eda","publisher":{"@id":"https:\/\/www.cde.ual.es\/#organization"},"alternateName":"CDE Almer\u00eda","potentialAction":[{"@type":"SearchAction","target":{"@type":"EntryPoint","urlTemplate":"https:\/\/www.cde.ual.es\/?s={search_term_string}"},"query-input":{"@type":"PropertyValueSpecification","valueRequired":true,"valueName":"search_term_string"}}],"inLanguage":"en-US"},{"@type":"Organization","@id":"https:\/\/www.cde.ual.es\/#organization","name":"Centro de Documentaci\u00f3n Europea de Almer\u00eda","url":"https:\/\/www.cde.ual.es\/","logo":{"@type":"ImageObject","inLanguage":"en-US","@id":"https:\/\/www.cde.ual.es\/#\/schema\/logo\/image\/","url":"https:\/\/www.cde.ual.es\/wp-content\/uploads\/2025\/07\/cde-logo-3.png","contentUrl":"https:\/\/www.cde.ual.es\/wp-content\/uploads\/2025\/07\/cde-logo-3.png","width":1400,"height":300,"caption":"Centro de Documentaci\u00f3n Europea de Almer\u00eda"},"image":{"@id":"https:\/\/www.cde.ual.es\/#\/schema\/logo\/image\/"},"sameAs":["https:\/\/www.facebook.com\/cdeuniversidadalmeria\/","https:\/\/x.com\/cdeualmeria","https:\/\/www.tiktok.com\/@cdealmeria","https:\/\/www.instagram.com\/cdealmeria\/","https:\/\/www.linkedin.com\/in\/cde-almera-812b26a9\/"]},{"@type":"Person","@id":"https:\/\/www.cde.ual.es\/#\/schema\/person\/ee46ebc19edfa19598c02cff83335acc","name":"BECA 2 CDE","image":{"@type":"ImageObject","inLanguage":"en-US","@id":"https:\/\/secure.gravatar.com\/avatar\/35a481bbc04bbd90e91bdfa3b0b5541036c222a49b9ad37b6889a2afcb5311a5?s=96&d=mm&r=g","url":"https:\/\/secure.gravatar.com\/avatar\/35a481bbc04bbd90e91bdfa3b0b5541036c222a49b9ad37b6889a2afcb5311a5?s=96&d=mm&r=g","contentUrl":"https:\/\/secure.gravatar.com\/avatar\/35a481bbc04bbd90e91bdfa3b0b5541036c222a49b9ad37b6889a2afcb5311a5?s=96&d=mm&r=g","caption":"BECA 2 CDE"},"sameAs":["http:\/\/www.cdealmeria.com"]}]}},"_links":{"self":[{"href":"https:\/\/www.cde.ual.es\/en\/wp-json\/wp\/v2\/posts\/9041","targetHints":{"allow":["GET"]}}],"collection":[{"href":"https:\/\/www.cde.ual.es\/en\/wp-json\/wp\/v2\/posts"}],"about":[{"href":"https:\/\/www.cde.ual.es\/en\/wp-json\/wp\/v2\/types\/post"}],"author":[{"embeddable":true,"href":"https:\/\/www.cde.ual.es\/en\/wp-json\/wp\/v2\/users\/101011"}],"replies":[{"embeddable":true,"href":"https:\/\/www.cde.ual.es\/en\/wp-json\/wp\/v2\/comments?post=9041"}],"version-history":[{"count":0,"href":"https:\/\/www.cde.ual.es\/en\/wp-json\/wp\/v2\/posts\/9041\/revisions"}],"wp:featuredmedia":[{"embeddable":true,"href":"https:\/\/www.cde.ual.es\/en\/wp-json\/wp\/v2\/media\/9042"}],"wp:attachment":[{"href":"https:\/\/www.cde.ual.es\/en\/wp-json\/wp\/v2\/media?parent=9041"}],"wp:term":[{"taxonomy":"category","embeddable":true,"href":"https:\/\/www.cde.ual.es\/en\/wp-json\/wp\/v2\/categories?post=9041"},{"taxonomy":"post_tag","embeddable":true,"href":"https:\/\/www.cde.ual.es\/en\/wp-json\/wp\/v2\/tags?post=9041"}],"curies":[{"name":"wp","href":"https:\/\/api.w.org\/{rel}","templated":true}]}}