{"id":9037,"date":"2018-10-15T09:00:45","date_gmt":"2018-10-15T07:00:45","guid":{"rendered":"http:\/\/www.cde.ual.es\/?p=9037"},"modified":"2018-10-11T14:26:54","modified_gmt":"2018-10-11T12:26:54","slug":"la-agencia-europea-de-control-de-la-pesca-efca-celebra-su-primera-decada-en-espana-vigo","status":"publish","type":"post","link":"https:\/\/www.cde.ual.es\/en\/la-agencia-europea-de-control-de-la-pesca-efca-celebra-su-primera-decada-en-espana-vigo\/","title":{"rendered":"La Agencia Europea de Control de la Pesca (EFCA)  celebra su primera d\u00e9cada en Espa\u00f1a (Vigo)"},"content":{"rendered":"<p style=\"text-align: center;\"><a href=\"http:\/\/www.cde.ual.es\/wp-content\/uploads\/2018\/10\/Agencia-Europea-Control-Maritimo.png\"><img decoding=\"async\" class=\"alignnone size-medium wp-image-9038\" src=\"http:\/\/www.cde.ual.es\/wp-content\/uploads\/2018\/10\/Agencia-Europea-Control-Maritimo-300x122.png\" alt=\"\" width=\"300\" height=\"122\" srcset=\"https:\/\/www.cde.ual.es\/wp-content\/uploads\/2018\/10\/Agencia-Europea-Control-Maritimo-300x122.png 300w, https:\/\/www.cde.ual.es\/wp-content\/uploads\/2018\/10\/Agencia-Europea-Control-Maritimo.png 749w\" sizes=\"(max-width: 300px) 100vw, 300px\" \/><\/a><\/p>\n<p style=\"font-weight: 400;\"><em><strong>La Agencia Europea de Control de la Pesca -EFCA, en sus siglas en ingl\u00e9s- celebra esta semana su primera d\u00e9cada en la ciudad de Vigo (Espa\u00f1a). El traslado de la Agencia desde Bruselas a su sede oficial en Vigo, de acuerdo a su Reglamento de creaci\u00f3n, tuvo lugar en julio de 2008.\u00a0<\/strong><\/em><\/p>\n<p style=\"font-weight: 400;\">La principal funci\u00f3n de EFCA es organizar la coordinaci\u00f3n operativa de las actividades de control e inspecci\u00f3n de la pesca de los Estados miembros y auspiciar la cooperaci\u00f3n entre ellos al objeto de cumplir las normas de la pol\u00edtica pesquera com\u00fan de la Uni\u00f3n Europea para garantizar que se apliquen de manera eficaz y uniforme.<\/p>\n<p style=\"font-weight: 400;\">Durante esta intensa d\u00e9cada, la Agencia ha demostrado su valor a\u00f1adido europeo, cumpliendo los objetivos por los que se ha guiado su trabajo.\u00a0La aportaci\u00f3n del trabajo de la Agencia radica en su contribuci\u00f3n a la igualdad de condiciones a nivel europeo en la industria pesquera, de manera que todos los estados cumplan con las obligaciones europeas, y todos en el sector reciban un trato equitativo donde quiera que est\u00e9n operando. Asimismo, al exigir el cumplimiento de las medidas de conservaci\u00f3n y de gesti\u00f3n vigentes, la Agencia contribuye a promover la pesca sostenible en beneficio de las generaciones presentes y futuras.<\/p>\n<h3 style=\"font-weight: 400;\"><strong>\u00bfCu\u00e1les han sido los principales hitos de la Agencia durante estos a\u00f1os?<\/strong><\/h3>\n<ul>\n<li style=\"font-weight: 400;\">En diez a\u00f1os, los planes de despliegue conjunto de EFCA (JDP, por sus siglas en ingl\u00e9s), el instrumento legal y operativo a trav\u00e9s del cual la Agencia organiza la coordinaci\u00f3n operativa, aumentaron su cobertura. En 2019, se abarcan pr\u00e1cticamente todas las especies reguladas de la UE, incluyendo pesquer\u00edas comerciales tanto demersales como pel\u00e1gicas, en aguas de la UE e internacionales.<\/li>\n<li style=\"font-weight: 400;\">EFCA ha prestado sus servicios apoyando a los Estados Miembros a trav\u00e9s de programas de capacitaci\u00f3n y gesti\u00f3n de riesgos, aunando activos e inteligencia, lo que ha llevado a una planificaci\u00f3n estrat\u00e9gica de las campa\u00f1as de control y garantizado la rentabilidad del despliegue de medios y esfuerzos de control.<\/li>\n<li style=\"font-weight: 400;\">EFCA ha sido reconocida como un mediador neutral capaz de estimular el debate y proporcionar un entorno para el intercambio de ideas y de soluciones t\u00e9cnicas en un \u00e1mbito en constante evoluci\u00f3n como es el control pesquero.<\/li>\n<li style=\"font-weight: 400;\">El \u00e9xito del modelo de cooperaci\u00f3n operativa de la EFCA, compartiendo activos e inteligencia y con equipos mixtos de inspectores, se ha ampliado con las operaciones polivalentes en cooperaci\u00f3n con Frontex y EMSA en apoyo de las autoridades nacionales que realizan funciones de guardacostas.<\/li>\n<li style=\"font-weight: 400;\">El desarrollo de procesos de gesti\u00f3n de riesgos, la vigilancia del cumplimiento, los procedimientos de inspecci\u00f3n armonizados, la asistencia al di\u00e1logo con la industria, la exploraci\u00f3n de la viabilidad de la supervisi\u00f3n electr\u00f3nica remota y el concepto operacional, como las acciones espec\u00edficas, han sido los bloques fundamentales del apoyo de EFCA a los Estados miembros y Comisi\u00f3n en la aplicaci\u00f3n de la obligaci\u00f3n de desembarque.<\/li>\n<li style=\"font-weight: 400;\">EFCA ha apoyado a la Comisi\u00f3n Europea en su dimensi\u00f3n internacional y especialmente en su lucha contra la pesca ilegal no reglamentada y no declarada (INDNR). El modelo de cooperaci\u00f3n iniciado por la Agencia para la UE inspir\u00f3 el programa europeo PESCAO para reforzar la gesti\u00f3n de la pesca y reducir la inseguridad alimentaria en \u00c1frica Occidental, con el trabajo de EFCA para la creaci\u00f3n de capacidad y formaci\u00f3n.<\/li>\n<li style=\"font-weight: 400;\">El proyecto piloto en el Estrecho de Sicilia demostr\u00f3 recientemente c\u00f3mo una mayor cooperaci\u00f3n entre los actores mediterr\u00e1neos es posible, allanando el camino para el establecimiento de un esquema de control internacional que materialice los compromisos pol\u00edticos asumidos en la declaraci\u00f3n de MedFish4ever. Un segundo proyecto piloto acaba de completarse, esta vez en el Mar Negro.<\/li>\n<li style=\"font-weight: 400;\">EFCA ha proporcionado herramientas tangibles, como la producci\u00f3n de manuales (programa formativo b\u00e1sico) y programas de capacitaci\u00f3n que han resultado cruciales para la armonizaci\u00f3n de las medidas de control de la pesca, la creaci\u00f3n de igualdad de condiciones y una mayor transparencia entre los Estados miembros.<\/li>\n<li style=\"font-weight: 400;\">Con 68 trabajadores en plantilla m\u00e1s sus familias viviendo en Vigo, EFCA ha echado ra\u00edces en el pa\u00eds y la ciudad que la alberga. Cada semana las formaciones y talleres organizados en EFCA traen a Vigo expertos y funcionarios que provienen de toda Europa y de otros pa\u00edses. EFCA tambi\u00e9n participa en iniciativas locales para llegar a sus ciudadanos, como fue el patrocinio de un mural de arte urbano y los talleres infantiles de sostenibilidad del oc\u00e9ano este verano 2018 en Vigo Seafest<\/li>\n<\/ul>\n<h3>M\u00e1s informaci\u00f3n<\/h3>\n<div id=\"header_text\" class=\"clearfix\"><a href=\"https:\/\/www.efca.europa.eu\/es\">EUROPEAN FISHERIES CONTROL AGENCY<\/a><\/div>\n<p style=\"font-weight: 400;\"><a href=\"https:\/\/www.efca.europa.eu\/es\">Noticias<\/a><\/p>\n<p style=\"font-weight: 400;\">\u00a0<a href=\"https:\/\/www.efca.europa.eu\/sites\/default\/files\/Annual%20Report%202017.pdf\" type=\"application\/pdf; length=6547978\">Annual Report 2017<\/a><\/p>\n<p><a href=\"https:\/\/www.efca.europa.eu\/sites\/default\/files\/EFCA%2C%20Promoting%20fisheries%20compliance%20%282018%29.pdf\" type=\"application\/pdf; length=6408281\">EFCA, Promoting fisheries compliance (2018).pdf<\/a><\/p>\n<p><a href=\"https:\/\/www.efca.europa.eu\/sites\/default\/files\/QV-AC-18-001-EN-N%20MWP%202018_PDF.pdf\" type=\"application\/pdf; length=6214645\">Multiannual Work Programme 2018 &#8211; 2020 and Work Programme 2018<\/a><\/p>\n","protected":false},"excerpt":{"rendered":"<p>La Agencia Europea de Control de la Pesca -EFCA, en sus siglas en ingl\u00e9s- celebra esta semana su primera d\u00e9cada en la ciudad de Vigo (Espa\u00f1a). El traslado de la Agencia desde Bruselas a su sede oficial en Vigo, de acuerdo a su Reglamento de creaci\u00f3n, tuvo lugar en julio de 2008.\u00a0 La principal funci\u00f3n [&hellip;]<\/p>\n","protected":false},"author":1,"featured_media":9083,"comment_status":"open","ping_status":"open","sticky":false,"template":"","format":"standard","meta":{"_acf_changed":false,"_relevanssi_hide_post":"","_relevanssi_hide_content":"","_relevanssi_pin_for_all":"","_relevanssi_pin_keywords":"","_relevanssi_unpin_keywords":"","_relevanssi_related_keywords":"","_relevanssi_related_include_ids":"","_relevanssi_related_exclude_ids":"","_relevanssi_related_no_append":"","_relevanssi_related_not_related":"","_relevanssi_related_posts":"","_relevanssi_noindex_reason":"","_monsterinsights_skip_tracking":false,"_monsterinsights_sitenote_active":false,"_monsterinsights_sitenote_note":"","_monsterinsights_sitenote_category":0,"_genesis_hide_title":false,"_genesis_hide_breadcrumbs":false,"_genesis_hide_singular_image":false,"_genesis_hide_footer_widgets":false,"_genesis_custom_body_class":"","_genesis_custom_post_class":"","_genesis_layout":"","footnotes":""},"categories":[96],"tags":[243],"class_list":{"0":"post-9037","1":"post","2":"type-post","3":"status-publish","4":"format-standard","5":"has-post-thumbnail","7":"category-noticias-ue","8":"tag-pesca","9":"entry"},"acf":[],"yoast_head":"<!-- This site is optimized with the Yoast SEO plugin v27.5 - https:\/\/yoast.com\/product\/yoast-seo-wordpress\/ -->\n<title>La Agencia Europea de Control de la Pesca (EFCA) celebra su primera d\u00e9cada en Espa\u00f1a (Vigo) | CDE Almer\u00eda - Centro de Documentaci\u00f3n Europea - Universidad de Almer\u00eda<\/title>\n<meta name=\"robots\" content=\"index, follow, max-snippet:-1, max-image-preview:large, max-video-preview:-1\" \/>\n<link rel=\"canonical\" href=\"https:\/\/www.cde.ual.es\/la-agencia-europea-de-control-de-la-pesca-efca-celebra-su-primera-decada-en-espana-vigo\/\" \/>\n<meta property=\"og:locale\" content=\"en_US\" \/>\n<meta property=\"og:type\" content=\"article\" \/>\n<meta property=\"og:title\" content=\"La Agencia Europea de Control de la Pesca (EFCA) celebra su primera d\u00e9cada en Espa\u00f1a (Vigo) | CDE Almer\u00eda - Centro de Documentaci\u00f3n Europea - Universidad de Almer\u00eda\" \/>\n<meta property=\"og:description\" content=\"La Agencia Europea de Control de la Pesca -EFCA, en sus siglas en ingl\u00e9s- celebra esta semana su primera d\u00e9cada en la ciudad de Vigo (Espa\u00f1a). El traslado de la Agencia desde Bruselas a su sede oficial en Vigo, de acuerdo a su Reglamento de creaci\u00f3n, tuvo lugar en julio de 2008.\u00a0 La principal funci\u00f3n [&hellip;]\" \/>\n<meta property=\"og:url\" content=\"https:\/\/www.cde.ual.es\/la-agencia-europea-de-control-de-la-pesca-efca-celebra-su-primera-decada-en-espana-vigo\/\" \/>\n<meta property=\"og:site_name\" content=\"CDE Almer\u00eda - Centro de Documentaci\u00f3n Europea - Universidad de Almer\u00eda\" \/>\n<meta property=\"article:publisher\" content=\"https:\/\/www.facebook.com\/cdeuniversidadalmeria\/\" \/>\n<meta property=\"article:published_time\" content=\"2018-10-15T07:00:45+00:00\" \/>\n<meta property=\"og:image\" content=\"https:\/\/www.cde.ual.es\/wp-content\/uploads\/2018\/10\/Agencia-Europea-Control-Pesca.png\" \/>\n\t<meta property=\"og:image:width\" content=\"913\" \/>\n\t<meta property=\"og:image:height\" content=\"525\" \/>\n\t<meta property=\"og:image:type\" content=\"image\/png\" \/>\n<meta name=\"author\" content=\"AdminCDE\" \/>\n<meta name=\"twitter:card\" content=\"summary_large_image\" \/>\n<meta name=\"twitter:creator\" content=\"@cdeualmeria\" \/>\n<meta name=\"twitter:site\" content=\"@cdeualmeria\" \/>\n<meta name=\"twitter:label1\" content=\"Written by\" \/>\n\t<meta name=\"twitter:data1\" content=\"AdminCDE\" \/>\n\t<meta name=\"twitter:label2\" content=\"Est. reading time\" \/>\n\t<meta name=\"twitter:data2\" content=\"4 minutes\" \/>\n<script type=\"application\/ld+json\" class=\"yoast-schema-graph\">{\"@context\":\"https:\\\/\\\/schema.org\",\"@graph\":[{\"@type\":\"Article\",\"@id\":\"https:\\\/\\\/www.cde.ual.es\\\/la-agencia-europea-de-control-de-la-pesca-efca-celebra-su-primera-decada-en-espana-vigo\\\/#article\",\"isPartOf\":{\"@id\":\"https:\\\/\\\/www.cde.ual.es\\\/la-agencia-europea-de-control-de-la-pesca-efca-celebra-su-primera-decada-en-espana-vigo\\\/\"},\"author\":{\"name\":\"AdminCDE\",\"@id\":\"https:\\\/\\\/www.cde.ual.es\\\/#\\\/schema\\\/person\\\/224ef08c8bcc005f319d2713ce37ee5f\"},\"headline\":\"La Agencia Europea de Control de la Pesca (EFCA) celebra su primera d\u00e9cada en Espa\u00f1a (Vigo)\",\"datePublished\":\"2018-10-15T07:00:45+00:00\",\"mainEntityOfPage\":{\"@id\":\"https:\\\/\\\/www.cde.ual.es\\\/la-agencia-europea-de-control-de-la-pesca-efca-celebra-su-primera-decada-en-espana-vigo\\\/\"},\"wordCount\":836,\"commentCount\":0,\"publisher\":{\"@id\":\"https:\\\/\\\/www.cde.ual.es\\\/#organization\"},\"image\":{\"@id\":\"https:\\\/\\\/www.cde.ual.es\\\/la-agencia-europea-de-control-de-la-pesca-efca-celebra-su-primera-decada-en-espana-vigo\\\/#primaryimage\"},\"thumbnailUrl\":\"https:\\\/\\\/www.cde.ual.es\\\/wp-content\\\/uploads\\\/2018\\\/10\\\/Agencia-Europea-Control-Pesca.png\",\"keywords\":[\"Pesca\"],\"articleSection\":[\"Noticias UE\"],\"inLanguage\":\"en-US\",\"potentialAction\":[{\"@type\":\"CommentAction\",\"name\":\"Comment\",\"target\":[\"https:\\\/\\\/www.cde.ual.es\\\/la-agencia-europea-de-control-de-la-pesca-efca-celebra-su-primera-decada-en-espana-vigo\\\/#respond\"]}]},{\"@type\":\"WebPage\",\"@id\":\"https:\\\/\\\/www.cde.ual.es\\\/la-agencia-europea-de-control-de-la-pesca-efca-celebra-su-primera-decada-en-espana-vigo\\\/\",\"url\":\"https:\\\/\\\/www.cde.ual.es\\\/la-agencia-europea-de-control-de-la-pesca-efca-celebra-su-primera-decada-en-espana-vigo\\\/\",\"name\":\"La Agencia Europea de Control de la Pesca (EFCA) celebra su primera d\u00e9cada en Espa\u00f1a (Vigo) | CDE Almer\u00eda - Centro de Documentaci\u00f3n Europea - Universidad de Almer\u00eda\",\"isPartOf\":{\"@id\":\"https:\\\/\\\/www.cde.ual.es\\\/#website\"},\"primaryImageOfPage\":{\"@id\":\"https:\\\/\\\/www.cde.ual.es\\\/la-agencia-europea-de-control-de-la-pesca-efca-celebra-su-primera-decada-en-espana-vigo\\\/#primaryimage\"},\"image\":{\"@id\":\"https:\\\/\\\/www.cde.ual.es\\\/la-agencia-europea-de-control-de-la-pesca-efca-celebra-su-primera-decada-en-espana-vigo\\\/#primaryimage\"},\"thumbnailUrl\":\"https:\\\/\\\/www.cde.ual.es\\\/wp-content\\\/uploads\\\/2018\\\/10\\\/Agencia-Europea-Control-Pesca.png\",\"datePublished\":\"2018-10-15T07:00:45+00:00\",\"breadcrumb\":{\"@id\":\"https:\\\/\\\/www.cde.ual.es\\\/la-agencia-europea-de-control-de-la-pesca-efca-celebra-su-primera-decada-en-espana-vigo\\\/#breadcrumb\"},\"inLanguage\":\"en-US\",\"potentialAction\":[{\"@type\":\"ReadAction\",\"target\":[\"https:\\\/\\\/www.cde.ual.es\\\/la-agencia-europea-de-control-de-la-pesca-efca-celebra-su-primera-decada-en-espana-vigo\\\/\"]}]},{\"@type\":\"ImageObject\",\"inLanguage\":\"en-US\",\"@id\":\"https:\\\/\\\/www.cde.ual.es\\\/la-agencia-europea-de-control-de-la-pesca-efca-celebra-su-primera-decada-en-espana-vigo\\\/#primaryimage\",\"url\":\"https:\\\/\\\/www.cde.ual.es\\\/wp-content\\\/uploads\\\/2018\\\/10\\\/Agencia-Europea-Control-Pesca.png\",\"contentUrl\":\"https:\\\/\\\/www.cde.ual.es\\\/wp-content\\\/uploads\\\/2018\\\/10\\\/Agencia-Europea-Control-Pesca.png\",\"width\":913,\"height\":525},{\"@type\":\"BreadcrumbList\",\"@id\":\"https:\\\/\\\/www.cde.ual.es\\\/la-agencia-europea-de-control-de-la-pesca-efca-celebra-su-primera-decada-en-espana-vigo\\\/#breadcrumb\",\"itemListElement\":[{\"@type\":\"ListItem\",\"position\":1,\"name\":\"Inicio\",\"item\":\"https:\\\/\\\/www.cde.ual.es\\\/en\\\/\"},{\"@type\":\"ListItem\",\"position\":2,\"name\":\"Noticias UE\",\"item\":\"https:\\\/\\\/www.cde.ual.es\\\/category\\\/noticias-ue\\\/\"},{\"@type\":\"ListItem\",\"position\":3,\"name\":\"La Agencia Europea de Control de la Pesca (EFCA) celebra su primera d\u00e9cada en Espa\u00f1a (Vigo)\"}]},{\"@type\":\"WebSite\",\"@id\":\"https:\\\/\\\/www.cde.ual.es\\\/#website\",\"url\":\"https:\\\/\\\/www.cde.ual.es\\\/\",\"name\":\"CDE Almer\u00eda - Centro de Documentaci\u00f3n Europea - Universidad de Almer\u00eda\",\"description\":\"Centro de Documentaci\u00f3n Europea de la Universidad de Almer\u00eda\",\"publisher\":{\"@id\":\"https:\\\/\\\/www.cde.ual.es\\\/#organization\"},\"alternateName\":\"CDE Almer\u00eda\",\"potentialAction\":[{\"@type\":\"SearchAction\",\"target\":{\"@type\":\"EntryPoint\",\"urlTemplate\":\"https:\\\/\\\/www.cde.ual.es\\\/?s={search_term_string}\"},\"query-input\":{\"@type\":\"PropertyValueSpecification\",\"valueRequired\":true,\"valueName\":\"search_term_string\"}}],\"inLanguage\":\"en-US\"},{\"@type\":\"Organization\",\"@id\":\"https:\\\/\\\/www.cde.ual.es\\\/#organization\",\"name\":\"Centro de Documentaci\u00f3n Europea de Almer\u00eda\",\"url\":\"https:\\\/\\\/www.cde.ual.es\\\/\",\"logo\":{\"@type\":\"ImageObject\",\"inLanguage\":\"en-US\",\"@id\":\"https:\\\/\\\/www.cde.ual.es\\\/#\\\/schema\\\/logo\\\/image\\\/\",\"url\":\"https:\\\/\\\/www.cde.ual.es\\\/wp-content\\\/uploads\\\/2025\\\/07\\\/cde-logo-3.png\",\"contentUrl\":\"https:\\\/\\\/www.cde.ual.es\\\/wp-content\\\/uploads\\\/2025\\\/07\\\/cde-logo-3.png\",\"width\":1400,\"height\":300,\"caption\":\"Centro de Documentaci\u00f3n Europea de Almer\u00eda\"},\"image\":{\"@id\":\"https:\\\/\\\/www.cde.ual.es\\\/#\\\/schema\\\/logo\\\/image\\\/\"},\"sameAs\":[\"https:\\\/\\\/www.facebook.com\\\/cdeuniversidadalmeria\\\/\",\"https:\\\/\\\/x.com\\\/cdeualmeria\",\"https:\\\/\\\/www.tiktok.com\\\/@cdealmeria\",\"https:\\\/\\\/www.instagram.com\\\/cdealmeria\\\/\",\"https:\\\/\\\/www.linkedin.com\\\/in\\\/cde-almera-812b26a9\\\/\"]},{\"@type\":\"Person\",\"@id\":\"https:\\\/\\\/www.cde.ual.es\\\/#\\\/schema\\\/person\\\/224ef08c8bcc005f319d2713ce37ee5f\",\"name\":\"AdminCDE\",\"image\":{\"@type\":\"ImageObject\",\"inLanguage\":\"en-US\",\"@id\":\"https:\\\/\\\/secure.gravatar.com\\\/avatar\\\/a72d038d371f995cd13706fac32274b7952a52e8fb0a84b5f80c85426f2a98a8?s=96&d=mm&r=g\",\"url\":\"https:\\\/\\\/secure.gravatar.com\\\/avatar\\\/a72d038d371f995cd13706fac32274b7952a52e8fb0a84b5f80c85426f2a98a8?s=96&d=mm&r=g\",\"contentUrl\":\"https:\\\/\\\/secure.gravatar.com\\\/avatar\\\/a72d038d371f995cd13706fac32274b7952a52e8fb0a84b5f80c85426f2a98a8?s=96&d=mm&r=g\",\"caption\":\"AdminCDE\"}}]}<\/script>\n<!-- \/ Yoast SEO plugin. -->","yoast_head_json":{"title":"La Agencia Europea de Control de la Pesca (EFCA) celebra su primera d\u00e9cada en Espa\u00f1a (Vigo) | CDE Almer\u00eda - Centro de Documentaci\u00f3n Europea - Universidad de Almer\u00eda","robots":{"index":"index","follow":"follow","max-snippet":"max-snippet:-1","max-image-preview":"max-image-preview:large","max-video-preview":"max-video-preview:-1"},"canonical":"https:\/\/www.cde.ual.es\/la-agencia-europea-de-control-de-la-pesca-efca-celebra-su-primera-decada-en-espana-vigo\/","og_locale":"en_US","og_type":"article","og_title":"La Agencia Europea de Control de la Pesca (EFCA) celebra su primera d\u00e9cada en Espa\u00f1a (Vigo) | CDE Almer\u00eda - Centro de Documentaci\u00f3n Europea - Universidad de Almer\u00eda","og_description":"La Agencia Europea de Control de la Pesca -EFCA, en sus siglas en ingl\u00e9s- celebra esta semana su primera d\u00e9cada en la ciudad de Vigo (Espa\u00f1a). El traslado de la Agencia desde Bruselas a su sede oficial en Vigo, de acuerdo a su Reglamento de creaci\u00f3n, tuvo lugar en julio de 2008.\u00a0 La principal funci\u00f3n [&hellip;]","og_url":"https:\/\/www.cde.ual.es\/la-agencia-europea-de-control-de-la-pesca-efca-celebra-su-primera-decada-en-espana-vigo\/","og_site_name":"CDE Almer\u00eda - Centro de Documentaci\u00f3n Europea - Universidad de Almer\u00eda","article_publisher":"https:\/\/www.facebook.com\/cdeuniversidadalmeria\/","article_published_time":"2018-10-15T07:00:45+00:00","og_image":[{"width":913,"height":525,"url":"https:\/\/www.cde.ual.es\/wp-content\/uploads\/2018\/10\/Agencia-Europea-Control-Pesca.png","type":"image\/png"}],"author":"AdminCDE","twitter_card":"summary_large_image","twitter_creator":"@cdeualmeria","twitter_site":"@cdeualmeria","twitter_misc":{"Written by":"AdminCDE","Est. reading time":"4 minutes"},"schema":{"@context":"https:\/\/schema.org","@graph":[{"@type":"Article","@id":"https:\/\/www.cde.ual.es\/la-agencia-europea-de-control-de-la-pesca-efca-celebra-su-primera-decada-en-espana-vigo\/#article","isPartOf":{"@id":"https:\/\/www.cde.ual.es\/la-agencia-europea-de-control-de-la-pesca-efca-celebra-su-primera-decada-en-espana-vigo\/"},"author":{"name":"AdminCDE","@id":"https:\/\/www.cde.ual.es\/#\/schema\/person\/224ef08c8bcc005f319d2713ce37ee5f"},"headline":"La Agencia Europea de Control de la Pesca (EFCA) celebra su primera d\u00e9cada en Espa\u00f1a (Vigo)","datePublished":"2018-10-15T07:00:45+00:00","mainEntityOfPage":{"@id":"https:\/\/www.cde.ual.es\/la-agencia-europea-de-control-de-la-pesca-efca-celebra-su-primera-decada-en-espana-vigo\/"},"wordCount":836,"commentCount":0,"publisher":{"@id":"https:\/\/www.cde.ual.es\/#organization"},"image":{"@id":"https:\/\/www.cde.ual.es\/la-agencia-europea-de-control-de-la-pesca-efca-celebra-su-primera-decada-en-espana-vigo\/#primaryimage"},"thumbnailUrl":"https:\/\/www.cde.ual.es\/wp-content\/uploads\/2018\/10\/Agencia-Europea-Control-Pesca.png","keywords":["Pesca"],"articleSection":["Noticias UE"],"inLanguage":"en-US","potentialAction":[{"@type":"CommentAction","name":"Comment","target":["https:\/\/www.cde.ual.es\/la-agencia-europea-de-control-de-la-pesca-efca-celebra-su-primera-decada-en-espana-vigo\/#respond"]}]},{"@type":"WebPage","@id":"https:\/\/www.cde.ual.es\/la-agencia-europea-de-control-de-la-pesca-efca-celebra-su-primera-decada-en-espana-vigo\/","url":"https:\/\/www.cde.ual.es\/la-agencia-europea-de-control-de-la-pesca-efca-celebra-su-primera-decada-en-espana-vigo\/","name":"La Agencia Europea de Control de la Pesca (EFCA) celebra su primera d\u00e9cada en Espa\u00f1a (Vigo) | CDE Almer\u00eda - Centro de Documentaci\u00f3n Europea - Universidad de Almer\u00eda","isPartOf":{"@id":"https:\/\/www.cde.ual.es\/#website"},"primaryImageOfPage":{"@id":"https:\/\/www.cde.ual.es\/la-agencia-europea-de-control-de-la-pesca-efca-celebra-su-primera-decada-en-espana-vigo\/#primaryimage"},"image":{"@id":"https:\/\/www.cde.ual.es\/la-agencia-europea-de-control-de-la-pesca-efca-celebra-su-primera-decada-en-espana-vigo\/#primaryimage"},"thumbnailUrl":"https:\/\/www.cde.ual.es\/wp-content\/uploads\/2018\/10\/Agencia-Europea-Control-Pesca.png","datePublished":"2018-10-15T07:00:45+00:00","breadcrumb":{"@id":"https:\/\/www.cde.ual.es\/la-agencia-europea-de-control-de-la-pesca-efca-celebra-su-primera-decada-en-espana-vigo\/#breadcrumb"},"inLanguage":"en-US","potentialAction":[{"@type":"ReadAction","target":["https:\/\/www.cde.ual.es\/la-agencia-europea-de-control-de-la-pesca-efca-celebra-su-primera-decada-en-espana-vigo\/"]}]},{"@type":"ImageObject","inLanguage":"en-US","@id":"https:\/\/www.cde.ual.es\/la-agencia-europea-de-control-de-la-pesca-efca-celebra-su-primera-decada-en-espana-vigo\/#primaryimage","url":"https:\/\/www.cde.ual.es\/wp-content\/uploads\/2018\/10\/Agencia-Europea-Control-Pesca.png","contentUrl":"https:\/\/www.cde.ual.es\/wp-content\/uploads\/2018\/10\/Agencia-Europea-Control-Pesca.png","width":913,"height":525},{"@type":"BreadcrumbList","@id":"https:\/\/www.cde.ual.es\/la-agencia-europea-de-control-de-la-pesca-efca-celebra-su-primera-decada-en-espana-vigo\/#breadcrumb","itemListElement":[{"@type":"ListItem","position":1,"name":"Inicio","item":"https:\/\/www.cde.ual.es\/en\/"},{"@type":"ListItem","position":2,"name":"Noticias UE","item":"https:\/\/www.cde.ual.es\/category\/noticias-ue\/"},{"@type":"ListItem","position":3,"name":"La Agencia Europea de Control de la Pesca (EFCA) celebra su primera d\u00e9cada en Espa\u00f1a (Vigo)"}]},{"@type":"WebSite","@id":"https:\/\/www.cde.ual.es\/#website","url":"https:\/\/www.cde.ual.es\/","name":"CDE Almer\u00eda - Centro de Documentaci\u00f3n Europea - Universidad de Almer\u00eda","description":"Centro de Documentaci\u00f3n Europea de la Universidad de Almer\u00eda","publisher":{"@id":"https:\/\/www.cde.ual.es\/#organization"},"alternateName":"CDE Almer\u00eda","potentialAction":[{"@type":"SearchAction","target":{"@type":"EntryPoint","urlTemplate":"https:\/\/www.cde.ual.es\/?s={search_term_string}"},"query-input":{"@type":"PropertyValueSpecification","valueRequired":true,"valueName":"search_term_string"}}],"inLanguage":"en-US"},{"@type":"Organization","@id":"https:\/\/www.cde.ual.es\/#organization","name":"Centro de Documentaci\u00f3n Europea de Almer\u00eda","url":"https:\/\/www.cde.ual.es\/","logo":{"@type":"ImageObject","inLanguage":"en-US","@id":"https:\/\/www.cde.ual.es\/#\/schema\/logo\/image\/","url":"https:\/\/www.cde.ual.es\/wp-content\/uploads\/2025\/07\/cde-logo-3.png","contentUrl":"https:\/\/www.cde.ual.es\/wp-content\/uploads\/2025\/07\/cde-logo-3.png","width":1400,"height":300,"caption":"Centro de Documentaci\u00f3n Europea de Almer\u00eda"},"image":{"@id":"https:\/\/www.cde.ual.es\/#\/schema\/logo\/image\/"},"sameAs":["https:\/\/www.facebook.com\/cdeuniversidadalmeria\/","https:\/\/x.com\/cdeualmeria","https:\/\/www.tiktok.com\/@cdealmeria","https:\/\/www.instagram.com\/cdealmeria\/","https:\/\/www.linkedin.com\/in\/cde-almera-812b26a9\/"]},{"@type":"Person","@id":"https:\/\/www.cde.ual.es\/#\/schema\/person\/224ef08c8bcc005f319d2713ce37ee5f","name":"AdminCDE","image":{"@type":"ImageObject","inLanguage":"en-US","@id":"https:\/\/secure.gravatar.com\/avatar\/a72d038d371f995cd13706fac32274b7952a52e8fb0a84b5f80c85426f2a98a8?s=96&d=mm&r=g","url":"https:\/\/secure.gravatar.com\/avatar\/a72d038d371f995cd13706fac32274b7952a52e8fb0a84b5f80c85426f2a98a8?s=96&d=mm&r=g","contentUrl":"https:\/\/secure.gravatar.com\/avatar\/a72d038d371f995cd13706fac32274b7952a52e8fb0a84b5f80c85426f2a98a8?s=96&d=mm&r=g","caption":"AdminCDE"}}]}},"_links":{"self":[{"href":"https:\/\/www.cde.ual.es\/en\/wp-json\/wp\/v2\/posts\/9037","targetHints":{"allow":["GET"]}}],"collection":[{"href":"https:\/\/www.cde.ual.es\/en\/wp-json\/wp\/v2\/posts"}],"about":[{"href":"https:\/\/www.cde.ual.es\/en\/wp-json\/wp\/v2\/types\/post"}],"author":[{"embeddable":true,"href":"https:\/\/www.cde.ual.es\/en\/wp-json\/wp\/v2\/users\/1"}],"replies":[{"embeddable":true,"href":"https:\/\/www.cde.ual.es\/en\/wp-json\/wp\/v2\/comments?post=9037"}],"version-history":[{"count":0,"href":"https:\/\/www.cde.ual.es\/en\/wp-json\/wp\/v2\/posts\/9037\/revisions"}],"wp:featuredmedia":[{"embeddable":true,"href":"https:\/\/www.cde.ual.es\/en\/wp-json\/wp\/v2\/media\/9083"}],"wp:attachment":[{"href":"https:\/\/www.cde.ual.es\/en\/wp-json\/wp\/v2\/media?parent=9037"}],"wp:term":[{"taxonomy":"category","embeddable":true,"href":"https:\/\/www.cde.ual.es\/en\/wp-json\/wp\/v2\/categories?post=9037"},{"taxonomy":"post_tag","embeddable":true,"href":"https:\/\/www.cde.ual.es\/en\/wp-json\/wp\/v2\/tags?post=9037"}],"curies":[{"name":"wp","href":"https:\/\/api.w.org\/{rel}","templated":true}]}}