{"id":9030,"date":"2018-10-11T09:25:38","date_gmt":"2018-10-11T07:25:38","guid":{"rendered":"http:\/\/www.cde.ual.es\/?p=9030"},"modified":"2018-10-10T10:39:01","modified_gmt":"2018-10-10T08:39:01","slug":"la-ue-se-reune-con-marruecos-para-hablar-de-inmigracion-y-terrorismo","status":"publish","type":"post","link":"https:\/\/www.cde.ual.es\/en\/la-ue-se-reune-con-marruecos-para-hablar-de-inmigracion-y-terrorismo\/","title":{"rendered":"La UE se re\u00fane con Marruecos para hablar de inmigraci\u00f3n y terrorismo"},"content":{"rendered":"<p><a href=\"http:\/\/www.cde.ual.es\/wp-content\/uploads\/2018\/10\/14699732w.jpg\"><img decoding=\"async\" class=\"size-medium wp-image-9031 aligncenter\" src=\"http:\/\/www.cde.ual.es\/wp-content\/uploads\/2018\/10\/14699732w-300x200.jpg\" alt=\"\" width=\"300\" height=\"200\" srcset=\"https:\/\/www.cde.ual.es\/wp-content\/uploads\/2018\/10\/14699732w-300x200.jpg 300w, https:\/\/www.cde.ual.es\/wp-content\/uploads\/2018\/10\/14699732w-768x513.jpg 768w, https:\/\/www.cde.ual.es\/wp-content\/uploads\/2018\/10\/14699732w.jpg 800w\" sizes=\"(max-width: 300px) 100vw, 300px\" \/><\/a><\/p>\n<h3 style=\"text-align: center;\">Marruecos participa en la cumbre del G6 para tratar temas de candente actualidad como la inmigraci\u00f3n ilegal y la lucha contra el terrorismo.<\/h3>\n<p>Los responsables de Interior de los seis mayores pa\u00edses de la Uni\u00f3n Europea (UE) y de Marruecos se reunieron a comienzos de semana en Lyon con dos comisarios europeos para hablar de inmigraci\u00f3n y de lucha antiterrorista, un tema para el que acude tambi\u00e9n el fiscal general de Estados Unidos, Jeff Sessions.<\/p>\n<p>El encuentro de los ministros de lo que se conoce como G6 (Francia, Alemania, Reino Unido, Espa\u00f1a, Italia y Polonia), al que se ha invitado al titular marroqu\u00ed, Abdelauafi Laftit, comienza con una cena de trabajo sobre los flujos migratorios.<\/p>\n<p class=\"canvas-atom canvas-text Mb(1.0em) Mb(0)--sm Mt(0.8em)--sm\" data-reactid=\"43\">La segunda jornada se inici\u00f3 con una reuni\u00f3n sobre la lucha contra el terrorismo, en particular c\u00f3mo afrontar el retorno a los pa\u00edses occidentales de combatientes, en la que estuvo presentes Jeff Sessions, a la que seguir\u00e1 una serie de entrevistas bilaterales. Por parte de la UE, estuvieron presentes los comisarios europeos de Migraciones, el griego Dimitris Avramopoulos, y de Seguridad, el brit\u00e1nico Julian King.<\/p>\n<h5 data-reactid=\"43\">M\u00e1s informaci\u00f3n<\/h5>\n<p data-reactid=\"43\">Accede a la noticia completa <a href=\"https:\/\/www.eleconomista.es\/legislacion\/noticias\/9438535\/10\/18\/Los-seis-grandes-de-la-UE-y-Marruecos-hablan-de-inmigracion-y-terrorismo.html\">aqu\u00ed<\/a><\/p>\n<p data-reactid=\"43\">La lucha contra el terrorismo en la <a href=\"https:\/\/www.consilium.europa.eu\/es\/policies\/fight-against-terrorism\/\">UE<\/a><\/p>\n","protected":false},"excerpt":{"rendered":"<p>Marruecos participa en la cumbre del G6 para tratar temas de candente actualidad como la inmigraci\u00f3n ilegal y la lucha contra el terrorismo. Los responsables de Interior de los seis mayores pa\u00edses de la Uni\u00f3n Europea (UE) y de Marruecos se reunieron a comienzos de semana en Lyon con dos comisarios europeos para hablar de [&hellip;]<\/p>\n","protected":false},"author":101011,"featured_media":9031,"comment_status":"open","ping_status":"open","sticky":false,"template":"","format":"standard","meta":{"_acf_changed":false,"_relevanssi_hide_post":"","_relevanssi_hide_content":"","_relevanssi_pin_for_all":"","_relevanssi_pin_keywords":"","_relevanssi_unpin_keywords":"","_relevanssi_related_keywords":"","_relevanssi_related_include_ids":"","_relevanssi_related_exclude_ids":"","_relevanssi_related_no_append":"","_relevanssi_related_not_related":"","_relevanssi_related_posts":"","_relevanssi_noindex_reason":"","_monsterinsights_skip_tracking":false,"_monsterinsights_sitenote_active":false,"_monsterinsights_sitenote_note":"","_monsterinsights_sitenote_category":0,"_genesis_hide_title":false,"_genesis_hide_breadcrumbs":false,"_genesis_hide_singular_image":false,"_genesis_hide_footer_widgets":false,"_genesis_custom_body_class":"","_genesis_custom_post_class":"","_genesis_layout":"","footnotes":""},"categories":[96],"tags":[242,143,214,171],"class_list":{"0":"post-9030","1":"post","2":"type-post","3":"status-publish","4":"format-standard","5":"has-post-thumbnail","7":"category-noticias-ue","8":"tag-asuntos-internacionales","9":"tag-inmigracion","10":"tag-marruecos","11":"tag-terrorismo","12":"entry"},"acf":[],"yoast_head":"<!-- This site is optimized with the Yoast SEO plugin v27.4 - https:\/\/yoast.com\/product\/yoast-seo-wordpress\/ -->\n<title>La UE se re\u00fane con Marruecos para hablar de inmigraci\u00f3n y terrorismo | CDE Almer\u00eda - Centro de Documentaci\u00f3n Europea - Universidad de Almer\u00eda<\/title>\n<meta name=\"robots\" content=\"index, follow, max-snippet:-1, max-image-preview:large, max-video-preview:-1\" \/>\n<link rel=\"canonical\" href=\"https:\/\/www.cde.ual.es\/en\/la-ue-se-reune-con-marruecos-para-hablar-de-inmigracion-y-terrorismo\/\" \/>\n<meta property=\"og:locale\" content=\"en_US\" \/>\n<meta property=\"og:type\" content=\"article\" \/>\n<meta property=\"og:title\" content=\"La UE se re\u00fane con Marruecos para hablar de inmigraci\u00f3n y terrorismo | CDE Almer\u00eda - Centro de Documentaci\u00f3n Europea - Universidad de Almer\u00eda\" \/>\n<meta property=\"og:description\" content=\"Marruecos participa en la cumbre del G6 para tratar temas de candente actualidad como la inmigraci\u00f3n ilegal y la lucha contra el terrorismo. Los responsables de Interior de los seis mayores pa\u00edses de la Uni\u00f3n Europea (UE) y de Marruecos se reunieron a comienzos de semana en Lyon con dos comisarios europeos para hablar de [&hellip;]\" \/>\n<meta property=\"og:url\" content=\"https:\/\/www.cde.ual.es\/en\/la-ue-se-reune-con-marruecos-para-hablar-de-inmigracion-y-terrorismo\/\" \/>\n<meta property=\"og:site_name\" content=\"CDE Almer\u00eda - Centro de Documentaci\u00f3n Europea - Universidad de Almer\u00eda\" \/>\n<meta property=\"article:publisher\" content=\"https:\/\/www.facebook.com\/cdeuniversidadalmeria\/\" \/>\n<meta property=\"article:published_time\" content=\"2018-10-11T07:25:38+00:00\" \/>\n<meta property=\"og:image\" content=\"https:\/\/www.cde.ual.es\/wp-content\/uploads\/2018\/10\/14699732w.jpg\" \/>\n\t<meta property=\"og:image:width\" content=\"800\" \/>\n\t<meta property=\"og:image:height\" content=\"534\" \/>\n\t<meta property=\"og:image:type\" content=\"image\/jpeg\" \/>\n<meta name=\"author\" content=\"BECA 2 CDE\" \/>\n<meta name=\"twitter:card\" content=\"summary_large_image\" \/>\n<meta name=\"twitter:creator\" content=\"@cdeualmeria\" \/>\n<meta name=\"twitter:site\" content=\"@cdeualmeria\" \/>\n<meta name=\"twitter:label1\" content=\"Written by\" \/>\n\t<meta name=\"twitter:data1\" content=\"BECA 2 CDE\" \/>\n\t<meta name=\"twitter:label2\" content=\"Est. reading time\" \/>\n\t<meta name=\"twitter:data2\" content=\"1 minute\" \/>\n<script type=\"application\/ld+json\" class=\"yoast-schema-graph\">{\"@context\":\"https:\\\/\\\/schema.org\",\"@graph\":[{\"@type\":\"Article\",\"@id\":\"https:\\\/\\\/www.cde.ual.es\\\/en\\\/la-ue-se-reune-con-marruecos-para-hablar-de-inmigracion-y-terrorismo\\\/#article\",\"isPartOf\":{\"@id\":\"https:\\\/\\\/www.cde.ual.es\\\/en\\\/la-ue-se-reune-con-marruecos-para-hablar-de-inmigracion-y-terrorismo\\\/\"},\"author\":{\"name\":\"BECA 2 CDE\",\"@id\":\"https:\\\/\\\/www.cde.ual.es\\\/#\\\/schema\\\/person\\\/ee46ebc19edfa19598c02cff83335acc\"},\"headline\":\"La UE se re\u00fane con Marruecos para hablar de inmigraci\u00f3n y terrorismo\",\"datePublished\":\"2018-10-11T07:25:38+00:00\",\"mainEntityOfPage\":{\"@id\":\"https:\\\/\\\/www.cde.ual.es\\\/en\\\/la-ue-se-reune-con-marruecos-para-hablar-de-inmigracion-y-terrorismo\\\/\"},\"wordCount\":222,\"commentCount\":0,\"publisher\":{\"@id\":\"https:\\\/\\\/www.cde.ual.es\\\/#organization\"},\"image\":{\"@id\":\"https:\\\/\\\/www.cde.ual.es\\\/en\\\/la-ue-se-reune-con-marruecos-para-hablar-de-inmigracion-y-terrorismo\\\/#primaryimage\"},\"thumbnailUrl\":\"https:\\\/\\\/www.cde.ual.es\\\/wp-content\\\/uploads\\\/2018\\\/10\\\/14699732w.jpg\",\"keywords\":[\"Asuntos Internacionales\",\"Inmigraci\u00f3n\",\"Marruecos\",\"Terrorismo\"],\"articleSection\":[\"Noticias UE\"],\"inLanguage\":\"en-US\",\"potentialAction\":[{\"@type\":\"CommentAction\",\"name\":\"Comment\",\"target\":[\"https:\\\/\\\/www.cde.ual.es\\\/en\\\/la-ue-se-reune-con-marruecos-para-hablar-de-inmigracion-y-terrorismo\\\/#respond\"]}]},{\"@type\":\"WebPage\",\"@id\":\"https:\\\/\\\/www.cde.ual.es\\\/en\\\/la-ue-se-reune-con-marruecos-para-hablar-de-inmigracion-y-terrorismo\\\/\",\"url\":\"https:\\\/\\\/www.cde.ual.es\\\/en\\\/la-ue-se-reune-con-marruecos-para-hablar-de-inmigracion-y-terrorismo\\\/\",\"name\":\"La UE se re\u00fane con Marruecos para hablar de inmigraci\u00f3n y terrorismo | CDE Almer\u00eda - Centro de Documentaci\u00f3n Europea - Universidad de Almer\u00eda\",\"isPartOf\":{\"@id\":\"https:\\\/\\\/www.cde.ual.es\\\/#website\"},\"primaryImageOfPage\":{\"@id\":\"https:\\\/\\\/www.cde.ual.es\\\/en\\\/la-ue-se-reune-con-marruecos-para-hablar-de-inmigracion-y-terrorismo\\\/#primaryimage\"},\"image\":{\"@id\":\"https:\\\/\\\/www.cde.ual.es\\\/en\\\/la-ue-se-reune-con-marruecos-para-hablar-de-inmigracion-y-terrorismo\\\/#primaryimage\"},\"thumbnailUrl\":\"https:\\\/\\\/www.cde.ual.es\\\/wp-content\\\/uploads\\\/2018\\\/10\\\/14699732w.jpg\",\"datePublished\":\"2018-10-11T07:25:38+00:00\",\"breadcrumb\":{\"@id\":\"https:\\\/\\\/www.cde.ual.es\\\/en\\\/la-ue-se-reune-con-marruecos-para-hablar-de-inmigracion-y-terrorismo\\\/#breadcrumb\"},\"inLanguage\":\"en-US\",\"potentialAction\":[{\"@type\":\"ReadAction\",\"target\":[\"https:\\\/\\\/www.cde.ual.es\\\/en\\\/la-ue-se-reune-con-marruecos-para-hablar-de-inmigracion-y-terrorismo\\\/\"]}]},{\"@type\":\"ImageObject\",\"inLanguage\":\"en-US\",\"@id\":\"https:\\\/\\\/www.cde.ual.es\\\/en\\\/la-ue-se-reune-con-marruecos-para-hablar-de-inmigracion-y-terrorismo\\\/#primaryimage\",\"url\":\"https:\\\/\\\/www.cde.ual.es\\\/wp-content\\\/uploads\\\/2018\\\/10\\\/14699732w.jpg\",\"contentUrl\":\"https:\\\/\\\/www.cde.ual.es\\\/wp-content\\\/uploads\\\/2018\\\/10\\\/14699732w.jpg\",\"width\":800,\"height\":534},{\"@type\":\"BreadcrumbList\",\"@id\":\"https:\\\/\\\/www.cde.ual.es\\\/en\\\/la-ue-se-reune-con-marruecos-para-hablar-de-inmigracion-y-terrorismo\\\/#breadcrumb\",\"itemListElement\":[{\"@type\":\"ListItem\",\"position\":1,\"name\":\"Inicio\",\"item\":\"https:\\\/\\\/www.cde.ual.es\\\/en\\\/\"},{\"@type\":\"ListItem\",\"position\":2,\"name\":\"EU News\",\"item\":\"https:\\\/\\\/www.cde.ual.es\\\/en\\\/category\\\/eu-news\\\/\"},{\"@type\":\"ListItem\",\"position\":3,\"name\":\"La UE se re\u00fane con Marruecos para hablar de inmigraci\u00f3n y terrorismo\"}]},{\"@type\":\"WebSite\",\"@id\":\"https:\\\/\\\/www.cde.ual.es\\\/#website\",\"url\":\"https:\\\/\\\/www.cde.ual.es\\\/\",\"name\":\"CDE Almer\u00eda - Centro de Documentaci\u00f3n Europea - Universidad de Almer\u00eda\",\"description\":\"Centro de Documentaci\u00f3n Europea de la Universidad de Almer\u00eda\",\"publisher\":{\"@id\":\"https:\\\/\\\/www.cde.ual.es\\\/#organization\"},\"alternateName\":\"CDE Almer\u00eda\",\"potentialAction\":[{\"@type\":\"SearchAction\",\"target\":{\"@type\":\"EntryPoint\",\"urlTemplate\":\"https:\\\/\\\/www.cde.ual.es\\\/?s={search_term_string}\"},\"query-input\":{\"@type\":\"PropertyValueSpecification\",\"valueRequired\":true,\"valueName\":\"search_term_string\"}}],\"inLanguage\":\"en-US\"},{\"@type\":\"Organization\",\"@id\":\"https:\\\/\\\/www.cde.ual.es\\\/#organization\",\"name\":\"Centro de Documentaci\u00f3n Europea de Almer\u00eda\",\"url\":\"https:\\\/\\\/www.cde.ual.es\\\/\",\"logo\":{\"@type\":\"ImageObject\",\"inLanguage\":\"en-US\",\"@id\":\"https:\\\/\\\/www.cde.ual.es\\\/#\\\/schema\\\/logo\\\/image\\\/\",\"url\":\"https:\\\/\\\/www.cde.ual.es\\\/wp-content\\\/uploads\\\/2025\\\/07\\\/cde-logo-3.png\",\"contentUrl\":\"https:\\\/\\\/www.cde.ual.es\\\/wp-content\\\/uploads\\\/2025\\\/07\\\/cde-logo-3.png\",\"width\":1400,\"height\":300,\"caption\":\"Centro de Documentaci\u00f3n Europea de Almer\u00eda\"},\"image\":{\"@id\":\"https:\\\/\\\/www.cde.ual.es\\\/#\\\/schema\\\/logo\\\/image\\\/\"},\"sameAs\":[\"https:\\\/\\\/www.facebook.com\\\/cdeuniversidadalmeria\\\/\",\"https:\\\/\\\/x.com\\\/cdeualmeria\",\"https:\\\/\\\/www.tiktok.com\\\/@cdealmeria\",\"https:\\\/\\\/www.instagram.com\\\/cdealmeria\\\/\",\"https:\\\/\\\/www.linkedin.com\\\/in\\\/cde-almera-812b26a9\\\/\"]},{\"@type\":\"Person\",\"@id\":\"https:\\\/\\\/www.cde.ual.es\\\/#\\\/schema\\\/person\\\/ee46ebc19edfa19598c02cff83335acc\",\"name\":\"BECA 2 CDE\",\"image\":{\"@type\":\"ImageObject\",\"inLanguage\":\"en-US\",\"@id\":\"https:\\\/\\\/secure.gravatar.com\\\/avatar\\\/35a481bbc04bbd90e91bdfa3b0b5541036c222a49b9ad37b6889a2afcb5311a5?s=96&d=mm&r=g\",\"url\":\"https:\\\/\\\/secure.gravatar.com\\\/avatar\\\/35a481bbc04bbd90e91bdfa3b0b5541036c222a49b9ad37b6889a2afcb5311a5?s=96&d=mm&r=g\",\"contentUrl\":\"https:\\\/\\\/secure.gravatar.com\\\/avatar\\\/35a481bbc04bbd90e91bdfa3b0b5541036c222a49b9ad37b6889a2afcb5311a5?s=96&d=mm&r=g\",\"caption\":\"BECA 2 CDE\"},\"sameAs\":[\"http:\\\/\\\/www.cdealmeria.com\"]}]}<\/script>\n<!-- \/ Yoast SEO plugin. -->","yoast_head_json":{"title":"La UE se re\u00fane con Marruecos para hablar de inmigraci\u00f3n y terrorismo | CDE Almer\u00eda - Centro de Documentaci\u00f3n Europea - Universidad de Almer\u00eda","robots":{"index":"index","follow":"follow","max-snippet":"max-snippet:-1","max-image-preview":"max-image-preview:large","max-video-preview":"max-video-preview:-1"},"canonical":"https:\/\/www.cde.ual.es\/en\/la-ue-se-reune-con-marruecos-para-hablar-de-inmigracion-y-terrorismo\/","og_locale":"en_US","og_type":"article","og_title":"La UE se re\u00fane con Marruecos para hablar de inmigraci\u00f3n y terrorismo | CDE Almer\u00eda - Centro de Documentaci\u00f3n Europea - Universidad de Almer\u00eda","og_description":"Marruecos participa en la cumbre del G6 para tratar temas de candente actualidad como la inmigraci\u00f3n ilegal y la lucha contra el terrorismo. Los responsables de Interior de los seis mayores pa\u00edses de la Uni\u00f3n Europea (UE) y de Marruecos se reunieron a comienzos de semana en Lyon con dos comisarios europeos para hablar de [&hellip;]","og_url":"https:\/\/www.cde.ual.es\/en\/la-ue-se-reune-con-marruecos-para-hablar-de-inmigracion-y-terrorismo\/","og_site_name":"CDE Almer\u00eda - Centro de Documentaci\u00f3n Europea - Universidad de Almer\u00eda","article_publisher":"https:\/\/www.facebook.com\/cdeuniversidadalmeria\/","article_published_time":"2018-10-11T07:25:38+00:00","og_image":[{"width":800,"height":534,"url":"https:\/\/www.cde.ual.es\/wp-content\/uploads\/2018\/10\/14699732w.jpg","type":"image\/jpeg"}],"author":"BECA 2 CDE","twitter_card":"summary_large_image","twitter_creator":"@cdeualmeria","twitter_site":"@cdeualmeria","twitter_misc":{"Written by":"BECA 2 CDE","Est. reading time":"1 minute"},"schema":{"@context":"https:\/\/schema.org","@graph":[{"@type":"Article","@id":"https:\/\/www.cde.ual.es\/en\/la-ue-se-reune-con-marruecos-para-hablar-de-inmigracion-y-terrorismo\/#article","isPartOf":{"@id":"https:\/\/www.cde.ual.es\/en\/la-ue-se-reune-con-marruecos-para-hablar-de-inmigracion-y-terrorismo\/"},"author":{"name":"BECA 2 CDE","@id":"https:\/\/www.cde.ual.es\/#\/schema\/person\/ee46ebc19edfa19598c02cff83335acc"},"headline":"La UE se re\u00fane con Marruecos para hablar de inmigraci\u00f3n y terrorismo","datePublished":"2018-10-11T07:25:38+00:00","mainEntityOfPage":{"@id":"https:\/\/www.cde.ual.es\/en\/la-ue-se-reune-con-marruecos-para-hablar-de-inmigracion-y-terrorismo\/"},"wordCount":222,"commentCount":0,"publisher":{"@id":"https:\/\/www.cde.ual.es\/#organization"},"image":{"@id":"https:\/\/www.cde.ual.es\/en\/la-ue-se-reune-con-marruecos-para-hablar-de-inmigracion-y-terrorismo\/#primaryimage"},"thumbnailUrl":"https:\/\/www.cde.ual.es\/wp-content\/uploads\/2018\/10\/14699732w.jpg","keywords":["Asuntos Internacionales","Inmigraci\u00f3n","Marruecos","Terrorismo"],"articleSection":["Noticias UE"],"inLanguage":"en-US","potentialAction":[{"@type":"CommentAction","name":"Comment","target":["https:\/\/www.cde.ual.es\/en\/la-ue-se-reune-con-marruecos-para-hablar-de-inmigracion-y-terrorismo\/#respond"]}]},{"@type":"WebPage","@id":"https:\/\/www.cde.ual.es\/en\/la-ue-se-reune-con-marruecos-para-hablar-de-inmigracion-y-terrorismo\/","url":"https:\/\/www.cde.ual.es\/en\/la-ue-se-reune-con-marruecos-para-hablar-de-inmigracion-y-terrorismo\/","name":"La UE se re\u00fane con Marruecos para hablar de inmigraci\u00f3n y terrorismo | CDE Almer\u00eda - Centro de Documentaci\u00f3n Europea - Universidad de Almer\u00eda","isPartOf":{"@id":"https:\/\/www.cde.ual.es\/#website"},"primaryImageOfPage":{"@id":"https:\/\/www.cde.ual.es\/en\/la-ue-se-reune-con-marruecos-para-hablar-de-inmigracion-y-terrorismo\/#primaryimage"},"image":{"@id":"https:\/\/www.cde.ual.es\/en\/la-ue-se-reune-con-marruecos-para-hablar-de-inmigracion-y-terrorismo\/#primaryimage"},"thumbnailUrl":"https:\/\/www.cde.ual.es\/wp-content\/uploads\/2018\/10\/14699732w.jpg","datePublished":"2018-10-11T07:25:38+00:00","breadcrumb":{"@id":"https:\/\/www.cde.ual.es\/en\/la-ue-se-reune-con-marruecos-para-hablar-de-inmigracion-y-terrorismo\/#breadcrumb"},"inLanguage":"en-US","potentialAction":[{"@type":"ReadAction","target":["https:\/\/www.cde.ual.es\/en\/la-ue-se-reune-con-marruecos-para-hablar-de-inmigracion-y-terrorismo\/"]}]},{"@type":"ImageObject","inLanguage":"en-US","@id":"https:\/\/www.cde.ual.es\/en\/la-ue-se-reune-con-marruecos-para-hablar-de-inmigracion-y-terrorismo\/#primaryimage","url":"https:\/\/www.cde.ual.es\/wp-content\/uploads\/2018\/10\/14699732w.jpg","contentUrl":"https:\/\/www.cde.ual.es\/wp-content\/uploads\/2018\/10\/14699732w.jpg","width":800,"height":534},{"@type":"BreadcrumbList","@id":"https:\/\/www.cde.ual.es\/en\/la-ue-se-reune-con-marruecos-para-hablar-de-inmigracion-y-terrorismo\/#breadcrumb","itemListElement":[{"@type":"ListItem","position":1,"name":"Inicio","item":"https:\/\/www.cde.ual.es\/en\/"},{"@type":"ListItem","position":2,"name":"EU News","item":"https:\/\/www.cde.ual.es\/en\/category\/eu-news\/"},{"@type":"ListItem","position":3,"name":"La UE se re\u00fane con Marruecos para hablar de inmigraci\u00f3n y terrorismo"}]},{"@type":"WebSite","@id":"https:\/\/www.cde.ual.es\/#website","url":"https:\/\/www.cde.ual.es\/","name":"CDE Almer\u00eda - Centro de Documentaci\u00f3n Europea - Universidad de Almer\u00eda","description":"Centro de Documentaci\u00f3n Europea de la Universidad de Almer\u00eda","publisher":{"@id":"https:\/\/www.cde.ual.es\/#organization"},"alternateName":"CDE Almer\u00eda","potentialAction":[{"@type":"SearchAction","target":{"@type":"EntryPoint","urlTemplate":"https:\/\/www.cde.ual.es\/?s={search_term_string}"},"query-input":{"@type":"PropertyValueSpecification","valueRequired":true,"valueName":"search_term_string"}}],"inLanguage":"en-US"},{"@type":"Organization","@id":"https:\/\/www.cde.ual.es\/#organization","name":"Centro de Documentaci\u00f3n Europea de Almer\u00eda","url":"https:\/\/www.cde.ual.es\/","logo":{"@type":"ImageObject","inLanguage":"en-US","@id":"https:\/\/www.cde.ual.es\/#\/schema\/logo\/image\/","url":"https:\/\/www.cde.ual.es\/wp-content\/uploads\/2025\/07\/cde-logo-3.png","contentUrl":"https:\/\/www.cde.ual.es\/wp-content\/uploads\/2025\/07\/cde-logo-3.png","width":1400,"height":300,"caption":"Centro de Documentaci\u00f3n Europea de Almer\u00eda"},"image":{"@id":"https:\/\/www.cde.ual.es\/#\/schema\/logo\/image\/"},"sameAs":["https:\/\/www.facebook.com\/cdeuniversidadalmeria\/","https:\/\/x.com\/cdeualmeria","https:\/\/www.tiktok.com\/@cdealmeria","https:\/\/www.instagram.com\/cdealmeria\/","https:\/\/www.linkedin.com\/in\/cde-almera-812b26a9\/"]},{"@type":"Person","@id":"https:\/\/www.cde.ual.es\/#\/schema\/person\/ee46ebc19edfa19598c02cff83335acc","name":"BECA 2 CDE","image":{"@type":"ImageObject","inLanguage":"en-US","@id":"https:\/\/secure.gravatar.com\/avatar\/35a481bbc04bbd90e91bdfa3b0b5541036c222a49b9ad37b6889a2afcb5311a5?s=96&d=mm&r=g","url":"https:\/\/secure.gravatar.com\/avatar\/35a481bbc04bbd90e91bdfa3b0b5541036c222a49b9ad37b6889a2afcb5311a5?s=96&d=mm&r=g","contentUrl":"https:\/\/secure.gravatar.com\/avatar\/35a481bbc04bbd90e91bdfa3b0b5541036c222a49b9ad37b6889a2afcb5311a5?s=96&d=mm&r=g","caption":"BECA 2 CDE"},"sameAs":["http:\/\/www.cdealmeria.com"]}]}},"_links":{"self":[{"href":"https:\/\/www.cde.ual.es\/en\/wp-json\/wp\/v2\/posts\/9030","targetHints":{"allow":["GET"]}}],"collection":[{"href":"https:\/\/www.cde.ual.es\/en\/wp-json\/wp\/v2\/posts"}],"about":[{"href":"https:\/\/www.cde.ual.es\/en\/wp-json\/wp\/v2\/types\/post"}],"author":[{"embeddable":true,"href":"https:\/\/www.cde.ual.es\/en\/wp-json\/wp\/v2\/users\/101011"}],"replies":[{"embeddable":true,"href":"https:\/\/www.cde.ual.es\/en\/wp-json\/wp\/v2\/comments?post=9030"}],"version-history":[{"count":0,"href":"https:\/\/www.cde.ual.es\/en\/wp-json\/wp\/v2\/posts\/9030\/revisions"}],"wp:featuredmedia":[{"embeddable":true,"href":"https:\/\/www.cde.ual.es\/en\/wp-json\/wp\/v2\/media\/9031"}],"wp:attachment":[{"href":"https:\/\/www.cde.ual.es\/en\/wp-json\/wp\/v2\/media?parent=9030"}],"wp:term":[{"taxonomy":"category","embeddable":true,"href":"https:\/\/www.cde.ual.es\/en\/wp-json\/wp\/v2\/categories?post=9030"},{"taxonomy":"post_tag","embeddable":true,"href":"https:\/\/www.cde.ual.es\/en\/wp-json\/wp\/v2\/tags?post=9030"}],"curies":[{"name":"wp","href":"https:\/\/api.w.org\/{rel}","templated":true}]}}