{"id":9025,"date":"2018-10-10T09:40:00","date_gmt":"2018-10-10T07:40:00","guid":{"rendered":"http:\/\/www.cde.ual.es\/?p=9025"},"modified":"2018-10-10T09:40:21","modified_gmt":"2018-10-10T07:40:21","slug":"la-comision-reunio-ayer-a-lideres-religiosos-para-hablar-de-el-futuro-de-europa-afrontar-las-dificultades-mediante-acciones-concretas","status":"publish","type":"post","link":"https:\/\/www.cde.ual.es\/en\/la-comision-reunio-ayer-a-lideres-religiosos-para-hablar-de-el-futuro-de-europa-afrontar-las-dificultades-mediante-acciones-concretas\/","title":{"rendered":"La Comisi\u00f3n reuni\u00f3 ayer a l\u00edderes religiosos para hablar de \u00abEl futuro de Europa: afrontar las dificultades mediante acciones concretas\u00bb"},"content":{"rendered":"<p><a href=\"http:\/\/www.cde.ual.es\/wp-content\/uploads\/2018\/10\/Futuro-Europa-religi\u00f3n-.png\"><img decoding=\"async\" class=\"size-medium wp-image-9026 aligncenter\" src=\"http:\/\/www.cde.ual.es\/wp-content\/uploads\/2018\/10\/Futuro-Europa-religi\u00f3n--300x198.png\" alt=\"\" width=\"300\" height=\"198\" srcset=\"https:\/\/www.cde.ual.es\/wp-content\/uploads\/2018\/10\/Futuro-Europa-religi\u00f3n--300x198.png 300w, https:\/\/www.cde.ual.es\/wp-content\/uploads\/2018\/10\/Futuro-Europa-religi\u00f3n--768x508.png 768w, https:\/\/www.cde.ual.es\/wp-content\/uploads\/2018\/10\/Futuro-Europa-religi\u00f3n-.png 797w\" sizes=\"(max-width: 300px) 100vw, 300px\" \/><\/a><\/p>\n<p><span lang=\"ES\"><em><strong>Frans Timmermans, vicepresidente primero de la Comisi\u00f3n Europea, se reuni\u00f3 el 9 de octubre con ocho representantes de organizaciones religiosas de toda Europa.<\/strong><\/em><u><\/u><u><\/u><\/span><\/p>\n<p><span lang=\"ES\">Los participantes abordaron el tema <em><strong>\u00abEl futuro de Europa: afrontar las dificultades mediante acciones concretas\u00bb<\/strong><\/em><u><\/u><u><\/u><\/span><\/p>\n<p><span lang=\"ES\">La reuni\u00f3n contin\u00faa la reuni\u00f3n de alto nivel con l\u00edderes religiosos celebrada el 7 de noviembre de 2017 y dedicada al futuro de Europa y a la manera en que se puede fomentar una Uni\u00f3n eficaz y basada en valores. La reuni\u00f3n de ayer se centr\u00f3 en los principales retos pol\u00edticos que esperan a Europa en el pr\u00f3ximo a\u00f1o y a las perspectivas de cara el futuro, despu\u00e9s de las elecciones al Parlamento Europeo. Los participantes han hablado concretamente de la manera en que la UE aborda la migraci\u00f3n, la integraci\u00f3n social y la sostenibilidad de nuestro modo de vida.<\/span><\/p>\n<h3><strong><span lang=\"ES\">Contexto<\/span><\/strong><u><\/u><u><\/u><\/h3>\n<p><span lang=\"ES\">La de ayer ha sido la 14\u00aa reuni\u00f3n anual de alto nivel con l\u00edderes religiosos organizada por la Comisi\u00f3n. Desde 2009, el di\u00e1logo con iglesias, religiones y organizaciones filos\u00f3ficas y no confesionales est\u00e1 consagrado en el Tratado de Lisboa (art\u00edculo\u00a017 del Tratado de Funcionamiento de la Uni\u00f3n Europea). El presidente Juncker ha confiado el di\u00e1logo al vicepresidente primero Timmermans.<u><\/u><u><\/u><\/span><\/p>\n<p><span lang=\"ES\">En anteriores reuniones, los participantes abordaron el futuro de Europa en relaci\u00f3n con una serie de retos a los que se enfrenta la Uni\u00f3n Europea, y en particular la migraci\u00f3n, el terrorismo y la integraci\u00f3n. A este respecto, tambi\u00e9n destacaron la necesidad de definir valores comunes que constituyan los cimientos de la Uni\u00f3n Europea y de encontrar formas concretas de poner en buen uso esos valores.<\/span><\/p>\n<h3><strong><span lang=\"ES\">M\u00e1s informaci\u00f3n<\/span><\/strong><u><\/u><u><\/u><\/h3>\n<p><span lang=\"ES\">M\u00e1s informaci\u00f3n sobre el futuro de Europa en el sitio web Europa:<u><\/u><u><\/u><\/span><\/p>\n<p><a href=\"https:\/\/ec.europa.eu\/commission\/white-paper-future-europe-reflections-and-scenarios-eu27_es\" target=\"_blank\" rel=\"noopener\" data-saferedirecturl=\"https:\/\/www.google.com\/url?q=https:\/\/ec.europa.eu\/commission\/white-paper-future-europe-reflections-and-scenarios-eu27_es&amp;source=gmail&amp;ust=1539241115083000&amp;usg=AFQjCNGKLDcHnoy3T8bky-0FoVnqsXfOig\"><span lang=\"ES\">https:\/\/ec.europa.eu\/<wbr \/>commission\/white-paper-future-<wbr \/>europe-reflections-and-<wbr \/>scenarios-eu27_es<\/span><\/a><u><\/u><u><\/u><\/p>\n<p><span lang=\"ES\">Di\u00e1logo de la Comisi\u00f3n Europea con las iglesias, las comunidades religiosas y las organizaciones filos\u00f3ficas y no confesionales en la p\u00e1gina de la DG Justicia sobre derechos fundamentales:<u><\/u><u><\/u><\/span><\/p>\n<p><a href=\"http:\/\/ec.europa.eu\/justice\/fundamental-rights\/dialogue\/index_en.htm\" target=\"_blank\" rel=\"noopener\" data-saferedirecturl=\"https:\/\/www.google.com\/url?q=http:\/\/ec.europa.eu\/justice\/fundamental-rights\/dialogue\/index_en.htm&amp;source=gmail&amp;ust=1539241115083000&amp;usg=AFQjCNG-5_OFPsSHIbBTRKv4MfqcHS7LUA\"><span lang=\"ES\">http:\/\/ec.europa.eu\/justice\/<wbr \/>fundamental-rights\/dialogue\/<wbr \/>index_en.htm<\/span><\/a><\/p>\n<h3 style=\"font-weight: 400;\"><strong>Lista de participantes en la reuni\u00f3n<\/strong><\/h3>\n<ul style=\"font-weight: 400;\">\n<li>ATHANASIOS, metropolitano de Acaya, representante permanente de la Iglesia de Grecia ante la Uni\u00f3n Europea<\/li>\n<li>Khalid BENHADDOU, im\u00e1n, mezquita de El Fath, Gante, B\u00e9lgica<\/li>\n<li>Mariano CROCIATA, obispo de Latina, vicepresidente primero de las Conferencias Episcopales de la Uni\u00f3n Europea (COMECE)<\/li>\n<li>Albert GUIGUI, gran rabino de Bruselas y representante permanente de la Conferencia de Rabinos Europeos<\/li>\n<li>Antoine HEROUARD, obispo auxiliar de Lille, presidente de la Comisi\u00f3n de Asuntos Sociales de las Conferencias Episcopales de la Uni\u00f3n Europea (COMECE)<\/li>\n<li>Robert INNES, obispo anglicano de Europa<\/li>\n<li>Frank JULY, obispo presidente de Wuerttemberg, Evangelische Kirche in Deutschland (EKD), presidente de la Comisi\u00f3n de la EKD sobre Europa<\/li>\n<li>Reverendo Christian KRIEGER, presidente de la Iglesia Reformada Protestante de Alsacia y Lorena, presidente de la Conferencia de Iglesias Europeas (CIE)<\/li>\n<\/ul>\n","protected":false},"excerpt":{"rendered":"<p>Frans Timmermans, vicepresidente primero de la Comisi\u00f3n Europea, se reuni\u00f3 el 9 de octubre con ocho representantes de organizaciones religiosas de toda Europa. Los participantes abordaron el tema \u00abEl futuro de Europa: afrontar las dificultades mediante acciones concretas\u00bb La reuni\u00f3n contin\u00faa la reuni\u00f3n de alto nivel con l\u00edderes religiosos celebrada el 7 de noviembre de [&hellip;]<\/p>\n","protected":false},"author":1,"featured_media":9026,"comment_status":"open","ping_status":"open","sticky":false,"template":"","format":"standard","meta":{"_acf_changed":false,"_relevanssi_hide_post":"","_relevanssi_hide_content":"","_relevanssi_pin_for_all":"","_relevanssi_pin_keywords":"","_relevanssi_unpin_keywords":"","_relevanssi_related_keywords":"","_relevanssi_related_include_ids":"","_relevanssi_related_exclude_ids":"","_relevanssi_related_no_append":"","_relevanssi_related_not_related":"","_relevanssi_related_posts":"","_relevanssi_noindex_reason":"","_monsterinsights_skip_tracking":false,"_monsterinsights_sitenote_active":false,"_monsterinsights_sitenote_note":"","_monsterinsights_sitenote_category":0,"_genesis_hide_title":false,"_genesis_hide_breadcrumbs":false,"_genesis_hide_singular_image":false,"_genesis_hide_footer_widgets":false,"_genesis_custom_body_class":"","_genesis_custom_post_class":"","_genesis_layout":"","footnotes":""},"categories":[96],"tags":[135],"class_list":{"0":"post-9025","1":"post","2":"type-post","3":"status-publish","4":"format-standard","5":"has-post-thumbnail","7":"category-noticias-ue","8":"tag-union-europea","9":"entry"},"acf":[],"yoast_head":"<!-- This site is optimized with the Yoast SEO plugin v27.4 - https:\/\/yoast.com\/product\/yoast-seo-wordpress\/ -->\n<title>La Comisi\u00f3n reuni\u00f3 ayer a l\u00edderes religiosos para hablar de \u00abEl futuro de Europa: afrontar las dificultades mediante acciones concretas\u00bb | CDE Almer\u00eda - Centro de Documentaci\u00f3n Europea - Universidad de Almer\u00eda<\/title>\n<meta name=\"robots\" content=\"index, follow, max-snippet:-1, max-image-preview:large, max-video-preview:-1\" \/>\n<link rel=\"canonical\" href=\"https:\/\/www.cde.ual.es\/la-comision-reunio-ayer-a-lideres-religiosos-para-hablar-de-el-futuro-de-europa-afrontar-las-dificultades-mediante-acciones-concretas\/\" \/>\n<meta property=\"og:locale\" content=\"en_US\" \/>\n<meta property=\"og:type\" content=\"article\" \/>\n<meta property=\"og:title\" content=\"La Comisi\u00f3n reuni\u00f3 ayer a l\u00edderes religiosos para hablar de \u00abEl futuro de Europa: afrontar las dificultades mediante acciones concretas\u00bb | CDE Almer\u00eda - Centro de Documentaci\u00f3n Europea - Universidad de Almer\u00eda\" \/>\n<meta property=\"og:description\" content=\"Frans Timmermans, vicepresidente primero de la Comisi\u00f3n Europea, se reuni\u00f3 el 9 de octubre con ocho representantes de organizaciones religiosas de toda Europa. Los participantes abordaron el tema \u00abEl futuro de Europa: afrontar las dificultades mediante acciones concretas\u00bb La reuni\u00f3n contin\u00faa la reuni\u00f3n de alto nivel con l\u00edderes religiosos celebrada el 7 de noviembre de [&hellip;]\" \/>\n<meta property=\"og:url\" content=\"https:\/\/www.cde.ual.es\/la-comision-reunio-ayer-a-lideres-religiosos-para-hablar-de-el-futuro-de-europa-afrontar-las-dificultades-mediante-acciones-concretas\/\" \/>\n<meta property=\"og:site_name\" content=\"CDE Almer\u00eda - Centro de Documentaci\u00f3n Europea - Universidad de Almer\u00eda\" \/>\n<meta property=\"article:publisher\" content=\"https:\/\/www.facebook.com\/cdeuniversidadalmeria\/\" \/>\n<meta property=\"article:published_time\" content=\"2018-10-10T07:40:00+00:00\" \/>\n<meta property=\"article:modified_time\" content=\"2018-10-10T07:40:21+00:00\" \/>\n<meta property=\"og:image\" content=\"https:\/\/www.cde.ual.es\/wp-content\/uploads\/2018\/10\/Futuro-Europa-religi\u00f3n-.png\" \/>\n\t<meta property=\"og:image:width\" content=\"797\" \/>\n\t<meta property=\"og:image:height\" content=\"527\" \/>\n\t<meta property=\"og:image:type\" content=\"image\/png\" \/>\n<meta name=\"author\" content=\"AdminCDE\" \/>\n<meta name=\"twitter:card\" content=\"summary_large_image\" \/>\n<meta name=\"twitter:creator\" content=\"@cdeualmeria\" \/>\n<meta name=\"twitter:site\" content=\"@cdeualmeria\" \/>\n<meta name=\"twitter:label1\" content=\"Written by\" \/>\n\t<meta name=\"twitter:data1\" content=\"AdminCDE\" \/>\n\t<meta name=\"twitter:label2\" content=\"Est. reading time\" \/>\n\t<meta name=\"twitter:data2\" content=\"2 minutes\" \/>\n<script type=\"application\/ld+json\" class=\"yoast-schema-graph\">{\"@context\":\"https:\\\/\\\/schema.org\",\"@graph\":[{\"@type\":\"Article\",\"@id\":\"https:\\\/\\\/www.cde.ual.es\\\/la-comision-reunio-ayer-a-lideres-religiosos-para-hablar-de-el-futuro-de-europa-afrontar-las-dificultades-mediante-acciones-concretas\\\/#article\",\"isPartOf\":{\"@id\":\"https:\\\/\\\/www.cde.ual.es\\\/la-comision-reunio-ayer-a-lideres-religiosos-para-hablar-de-el-futuro-de-europa-afrontar-las-dificultades-mediante-acciones-concretas\\\/\"},\"author\":{\"name\":\"AdminCDE\",\"@id\":\"https:\\\/\\\/www.cde.ual.es\\\/#\\\/schema\\\/person\\\/224ef08c8bcc005f319d2713ce37ee5f\"},\"headline\":\"La Comisi\u00f3n reuni\u00f3 ayer a l\u00edderes religiosos para hablar de \u00abEl futuro de Europa: afrontar las dificultades mediante acciones concretas\u00bb\",\"datePublished\":\"2018-10-10T07:40:00+00:00\",\"dateModified\":\"2018-10-10T07:40:21+00:00\",\"mainEntityOfPage\":{\"@id\":\"https:\\\/\\\/www.cde.ual.es\\\/la-comision-reunio-ayer-a-lideres-religiosos-para-hablar-de-el-futuro-de-europa-afrontar-las-dificultades-mediante-acciones-concretas\\\/\"},\"wordCount\":513,\"commentCount\":0,\"publisher\":{\"@id\":\"https:\\\/\\\/www.cde.ual.es\\\/#organization\"},\"image\":{\"@id\":\"https:\\\/\\\/www.cde.ual.es\\\/la-comision-reunio-ayer-a-lideres-religiosos-para-hablar-de-el-futuro-de-europa-afrontar-las-dificultades-mediante-acciones-concretas\\\/#primaryimage\"},\"thumbnailUrl\":\"https:\\\/\\\/www.cde.ual.es\\\/wp-content\\\/uploads\\\/2018\\\/10\\\/Futuro-Europa-religi\u00f3n-.png\",\"keywords\":[\"Uni\u00f3n Europea\"],\"articleSection\":[\"Noticias UE\"],\"inLanguage\":\"en-US\",\"potentialAction\":[{\"@type\":\"CommentAction\",\"name\":\"Comment\",\"target\":[\"https:\\\/\\\/www.cde.ual.es\\\/la-comision-reunio-ayer-a-lideres-religiosos-para-hablar-de-el-futuro-de-europa-afrontar-las-dificultades-mediante-acciones-concretas\\\/#respond\"]}]},{\"@type\":\"WebPage\",\"@id\":\"https:\\\/\\\/www.cde.ual.es\\\/la-comision-reunio-ayer-a-lideres-religiosos-para-hablar-de-el-futuro-de-europa-afrontar-las-dificultades-mediante-acciones-concretas\\\/\",\"url\":\"https:\\\/\\\/www.cde.ual.es\\\/la-comision-reunio-ayer-a-lideres-religiosos-para-hablar-de-el-futuro-de-europa-afrontar-las-dificultades-mediante-acciones-concretas\\\/\",\"name\":\"La Comisi\u00f3n reuni\u00f3 ayer a l\u00edderes religiosos para hablar de \u00abEl futuro de Europa: afrontar las dificultades mediante acciones concretas\u00bb | CDE Almer\u00eda - Centro de Documentaci\u00f3n Europea - Universidad de Almer\u00eda\",\"isPartOf\":{\"@id\":\"https:\\\/\\\/www.cde.ual.es\\\/#website\"},\"primaryImageOfPage\":{\"@id\":\"https:\\\/\\\/www.cde.ual.es\\\/la-comision-reunio-ayer-a-lideres-religiosos-para-hablar-de-el-futuro-de-europa-afrontar-las-dificultades-mediante-acciones-concretas\\\/#primaryimage\"},\"image\":{\"@id\":\"https:\\\/\\\/www.cde.ual.es\\\/la-comision-reunio-ayer-a-lideres-religiosos-para-hablar-de-el-futuro-de-europa-afrontar-las-dificultades-mediante-acciones-concretas\\\/#primaryimage\"},\"thumbnailUrl\":\"https:\\\/\\\/www.cde.ual.es\\\/wp-content\\\/uploads\\\/2018\\\/10\\\/Futuro-Europa-religi\u00f3n-.png\",\"datePublished\":\"2018-10-10T07:40:00+00:00\",\"dateModified\":\"2018-10-10T07:40:21+00:00\",\"breadcrumb\":{\"@id\":\"https:\\\/\\\/www.cde.ual.es\\\/la-comision-reunio-ayer-a-lideres-religiosos-para-hablar-de-el-futuro-de-europa-afrontar-las-dificultades-mediante-acciones-concretas\\\/#breadcrumb\"},\"inLanguage\":\"en-US\",\"potentialAction\":[{\"@type\":\"ReadAction\",\"target\":[\"https:\\\/\\\/www.cde.ual.es\\\/la-comision-reunio-ayer-a-lideres-religiosos-para-hablar-de-el-futuro-de-europa-afrontar-las-dificultades-mediante-acciones-concretas\\\/\"]}]},{\"@type\":\"ImageObject\",\"inLanguage\":\"en-US\",\"@id\":\"https:\\\/\\\/www.cde.ual.es\\\/la-comision-reunio-ayer-a-lideres-religiosos-para-hablar-de-el-futuro-de-europa-afrontar-las-dificultades-mediante-acciones-concretas\\\/#primaryimage\",\"url\":\"https:\\\/\\\/www.cde.ual.es\\\/wp-content\\\/uploads\\\/2018\\\/10\\\/Futuro-Europa-religi\u00f3n-.png\",\"contentUrl\":\"https:\\\/\\\/www.cde.ual.es\\\/wp-content\\\/uploads\\\/2018\\\/10\\\/Futuro-Europa-religi\u00f3n-.png\",\"width\":797,\"height\":527},{\"@type\":\"BreadcrumbList\",\"@id\":\"https:\\\/\\\/www.cde.ual.es\\\/la-comision-reunio-ayer-a-lideres-religiosos-para-hablar-de-el-futuro-de-europa-afrontar-las-dificultades-mediante-acciones-concretas\\\/#breadcrumb\",\"itemListElement\":[{\"@type\":\"ListItem\",\"position\":1,\"name\":\"Inicio\",\"item\":\"https:\\\/\\\/www.cde.ual.es\\\/en\\\/\"},{\"@type\":\"ListItem\",\"position\":2,\"name\":\"Noticias UE\",\"item\":\"https:\\\/\\\/www.cde.ual.es\\\/category\\\/noticias-ue\\\/\"},{\"@type\":\"ListItem\",\"position\":3,\"name\":\"La Comisi\u00f3n reuni\u00f3 ayer a l\u00edderes religiosos para hablar de \u00abEl futuro de Europa: afrontar las dificultades mediante acciones concretas\u00bb\"}]},{\"@type\":\"WebSite\",\"@id\":\"https:\\\/\\\/www.cde.ual.es\\\/#website\",\"url\":\"https:\\\/\\\/www.cde.ual.es\\\/\",\"name\":\"CDE Almer\u00eda - Centro de Documentaci\u00f3n Europea - Universidad de Almer\u00eda\",\"description\":\"Centro de Documentaci\u00f3n Europea de la Universidad de Almer\u00eda\",\"publisher\":{\"@id\":\"https:\\\/\\\/www.cde.ual.es\\\/#organization\"},\"alternateName\":\"CDE Almer\u00eda\",\"potentialAction\":[{\"@type\":\"SearchAction\",\"target\":{\"@type\":\"EntryPoint\",\"urlTemplate\":\"https:\\\/\\\/www.cde.ual.es\\\/?s={search_term_string}\"},\"query-input\":{\"@type\":\"PropertyValueSpecification\",\"valueRequired\":true,\"valueName\":\"search_term_string\"}}],\"inLanguage\":\"en-US\"},{\"@type\":\"Organization\",\"@id\":\"https:\\\/\\\/www.cde.ual.es\\\/#organization\",\"name\":\"Centro de Documentaci\u00f3n Europea de Almer\u00eda\",\"url\":\"https:\\\/\\\/www.cde.ual.es\\\/\",\"logo\":{\"@type\":\"ImageObject\",\"inLanguage\":\"en-US\",\"@id\":\"https:\\\/\\\/www.cde.ual.es\\\/#\\\/schema\\\/logo\\\/image\\\/\",\"url\":\"https:\\\/\\\/www.cde.ual.es\\\/wp-content\\\/uploads\\\/2025\\\/07\\\/cde-logo-3.png\",\"contentUrl\":\"https:\\\/\\\/www.cde.ual.es\\\/wp-content\\\/uploads\\\/2025\\\/07\\\/cde-logo-3.png\",\"width\":1400,\"height\":300,\"caption\":\"Centro de Documentaci\u00f3n Europea de Almer\u00eda\"},\"image\":{\"@id\":\"https:\\\/\\\/www.cde.ual.es\\\/#\\\/schema\\\/logo\\\/image\\\/\"},\"sameAs\":[\"https:\\\/\\\/www.facebook.com\\\/cdeuniversidadalmeria\\\/\",\"https:\\\/\\\/x.com\\\/cdeualmeria\",\"https:\\\/\\\/www.tiktok.com\\\/@cdealmeria\",\"https:\\\/\\\/www.instagram.com\\\/cdealmeria\\\/\",\"https:\\\/\\\/www.linkedin.com\\\/in\\\/cde-almera-812b26a9\\\/\"]},{\"@type\":\"Person\",\"@id\":\"https:\\\/\\\/www.cde.ual.es\\\/#\\\/schema\\\/person\\\/224ef08c8bcc005f319d2713ce37ee5f\",\"name\":\"AdminCDE\",\"image\":{\"@type\":\"ImageObject\",\"inLanguage\":\"en-US\",\"@id\":\"https:\\\/\\\/secure.gravatar.com\\\/avatar\\\/a72d038d371f995cd13706fac32274b7952a52e8fb0a84b5f80c85426f2a98a8?s=96&d=mm&r=g\",\"url\":\"https:\\\/\\\/secure.gravatar.com\\\/avatar\\\/a72d038d371f995cd13706fac32274b7952a52e8fb0a84b5f80c85426f2a98a8?s=96&d=mm&r=g\",\"contentUrl\":\"https:\\\/\\\/secure.gravatar.com\\\/avatar\\\/a72d038d371f995cd13706fac32274b7952a52e8fb0a84b5f80c85426f2a98a8?s=96&d=mm&r=g\",\"caption\":\"AdminCDE\"}}]}<\/script>\n<!-- \/ Yoast SEO plugin. -->","yoast_head_json":{"title":"La Comisi\u00f3n reuni\u00f3 ayer a l\u00edderes religiosos para hablar de \u00abEl futuro de Europa: afrontar las dificultades mediante acciones concretas\u00bb | CDE Almer\u00eda - Centro de Documentaci\u00f3n Europea - Universidad de Almer\u00eda","robots":{"index":"index","follow":"follow","max-snippet":"max-snippet:-1","max-image-preview":"max-image-preview:large","max-video-preview":"max-video-preview:-1"},"canonical":"https:\/\/www.cde.ual.es\/la-comision-reunio-ayer-a-lideres-religiosos-para-hablar-de-el-futuro-de-europa-afrontar-las-dificultades-mediante-acciones-concretas\/","og_locale":"en_US","og_type":"article","og_title":"La Comisi\u00f3n reuni\u00f3 ayer a l\u00edderes religiosos para hablar de \u00abEl futuro de Europa: afrontar las dificultades mediante acciones concretas\u00bb | CDE Almer\u00eda - Centro de Documentaci\u00f3n Europea - Universidad de Almer\u00eda","og_description":"Frans Timmermans, vicepresidente primero de la Comisi\u00f3n Europea, se reuni\u00f3 el 9 de octubre con ocho representantes de organizaciones religiosas de toda Europa. Los participantes abordaron el tema \u00abEl futuro de Europa: afrontar las dificultades mediante acciones concretas\u00bb La reuni\u00f3n contin\u00faa la reuni\u00f3n de alto nivel con l\u00edderes religiosos celebrada el 7 de noviembre de [&hellip;]","og_url":"https:\/\/www.cde.ual.es\/la-comision-reunio-ayer-a-lideres-religiosos-para-hablar-de-el-futuro-de-europa-afrontar-las-dificultades-mediante-acciones-concretas\/","og_site_name":"CDE Almer\u00eda - Centro de Documentaci\u00f3n Europea - Universidad de Almer\u00eda","article_publisher":"https:\/\/www.facebook.com\/cdeuniversidadalmeria\/","article_published_time":"2018-10-10T07:40:00+00:00","article_modified_time":"2018-10-10T07:40:21+00:00","og_image":[{"width":797,"height":527,"url":"https:\/\/www.cde.ual.es\/wp-content\/uploads\/2018\/10\/Futuro-Europa-religi\u00f3n-.png","type":"image\/png"}],"author":"AdminCDE","twitter_card":"summary_large_image","twitter_creator":"@cdeualmeria","twitter_site":"@cdeualmeria","twitter_misc":{"Written by":"AdminCDE","Est. reading time":"2 minutes"},"schema":{"@context":"https:\/\/schema.org","@graph":[{"@type":"Article","@id":"https:\/\/www.cde.ual.es\/la-comision-reunio-ayer-a-lideres-religiosos-para-hablar-de-el-futuro-de-europa-afrontar-las-dificultades-mediante-acciones-concretas\/#article","isPartOf":{"@id":"https:\/\/www.cde.ual.es\/la-comision-reunio-ayer-a-lideres-religiosos-para-hablar-de-el-futuro-de-europa-afrontar-las-dificultades-mediante-acciones-concretas\/"},"author":{"name":"AdminCDE","@id":"https:\/\/www.cde.ual.es\/#\/schema\/person\/224ef08c8bcc005f319d2713ce37ee5f"},"headline":"La Comisi\u00f3n reuni\u00f3 ayer a l\u00edderes religiosos para hablar de \u00abEl futuro de Europa: afrontar las dificultades mediante acciones concretas\u00bb","datePublished":"2018-10-10T07:40:00+00:00","dateModified":"2018-10-10T07:40:21+00:00","mainEntityOfPage":{"@id":"https:\/\/www.cde.ual.es\/la-comision-reunio-ayer-a-lideres-religiosos-para-hablar-de-el-futuro-de-europa-afrontar-las-dificultades-mediante-acciones-concretas\/"},"wordCount":513,"commentCount":0,"publisher":{"@id":"https:\/\/www.cde.ual.es\/#organization"},"image":{"@id":"https:\/\/www.cde.ual.es\/la-comision-reunio-ayer-a-lideres-religiosos-para-hablar-de-el-futuro-de-europa-afrontar-las-dificultades-mediante-acciones-concretas\/#primaryimage"},"thumbnailUrl":"https:\/\/www.cde.ual.es\/wp-content\/uploads\/2018\/10\/Futuro-Europa-religi\u00f3n-.png","keywords":["Uni\u00f3n Europea"],"articleSection":["Noticias UE"],"inLanguage":"en-US","potentialAction":[{"@type":"CommentAction","name":"Comment","target":["https:\/\/www.cde.ual.es\/la-comision-reunio-ayer-a-lideres-religiosos-para-hablar-de-el-futuro-de-europa-afrontar-las-dificultades-mediante-acciones-concretas\/#respond"]}]},{"@type":"WebPage","@id":"https:\/\/www.cde.ual.es\/la-comision-reunio-ayer-a-lideres-religiosos-para-hablar-de-el-futuro-de-europa-afrontar-las-dificultades-mediante-acciones-concretas\/","url":"https:\/\/www.cde.ual.es\/la-comision-reunio-ayer-a-lideres-religiosos-para-hablar-de-el-futuro-de-europa-afrontar-las-dificultades-mediante-acciones-concretas\/","name":"La Comisi\u00f3n reuni\u00f3 ayer a l\u00edderes religiosos para hablar de \u00abEl futuro de Europa: afrontar las dificultades mediante acciones concretas\u00bb | CDE Almer\u00eda - Centro de Documentaci\u00f3n Europea - Universidad de Almer\u00eda","isPartOf":{"@id":"https:\/\/www.cde.ual.es\/#website"},"primaryImageOfPage":{"@id":"https:\/\/www.cde.ual.es\/la-comision-reunio-ayer-a-lideres-religiosos-para-hablar-de-el-futuro-de-europa-afrontar-las-dificultades-mediante-acciones-concretas\/#primaryimage"},"image":{"@id":"https:\/\/www.cde.ual.es\/la-comision-reunio-ayer-a-lideres-religiosos-para-hablar-de-el-futuro-de-europa-afrontar-las-dificultades-mediante-acciones-concretas\/#primaryimage"},"thumbnailUrl":"https:\/\/www.cde.ual.es\/wp-content\/uploads\/2018\/10\/Futuro-Europa-religi\u00f3n-.png","datePublished":"2018-10-10T07:40:00+00:00","dateModified":"2018-10-10T07:40:21+00:00","breadcrumb":{"@id":"https:\/\/www.cde.ual.es\/la-comision-reunio-ayer-a-lideres-religiosos-para-hablar-de-el-futuro-de-europa-afrontar-las-dificultades-mediante-acciones-concretas\/#breadcrumb"},"inLanguage":"en-US","potentialAction":[{"@type":"ReadAction","target":["https:\/\/www.cde.ual.es\/la-comision-reunio-ayer-a-lideres-religiosos-para-hablar-de-el-futuro-de-europa-afrontar-las-dificultades-mediante-acciones-concretas\/"]}]},{"@type":"ImageObject","inLanguage":"en-US","@id":"https:\/\/www.cde.ual.es\/la-comision-reunio-ayer-a-lideres-religiosos-para-hablar-de-el-futuro-de-europa-afrontar-las-dificultades-mediante-acciones-concretas\/#primaryimage","url":"https:\/\/www.cde.ual.es\/wp-content\/uploads\/2018\/10\/Futuro-Europa-religi\u00f3n-.png","contentUrl":"https:\/\/www.cde.ual.es\/wp-content\/uploads\/2018\/10\/Futuro-Europa-religi\u00f3n-.png","width":797,"height":527},{"@type":"BreadcrumbList","@id":"https:\/\/www.cde.ual.es\/la-comision-reunio-ayer-a-lideres-religiosos-para-hablar-de-el-futuro-de-europa-afrontar-las-dificultades-mediante-acciones-concretas\/#breadcrumb","itemListElement":[{"@type":"ListItem","position":1,"name":"Inicio","item":"https:\/\/www.cde.ual.es\/en\/"},{"@type":"ListItem","position":2,"name":"Noticias UE","item":"https:\/\/www.cde.ual.es\/category\/noticias-ue\/"},{"@type":"ListItem","position":3,"name":"La Comisi\u00f3n reuni\u00f3 ayer a l\u00edderes religiosos para hablar de \u00abEl futuro de Europa: afrontar las dificultades mediante acciones concretas\u00bb"}]},{"@type":"WebSite","@id":"https:\/\/www.cde.ual.es\/#website","url":"https:\/\/www.cde.ual.es\/","name":"CDE Almer\u00eda - Centro de Documentaci\u00f3n Europea - Universidad de Almer\u00eda","description":"Centro de Documentaci\u00f3n Europea de la Universidad de Almer\u00eda","publisher":{"@id":"https:\/\/www.cde.ual.es\/#organization"},"alternateName":"CDE Almer\u00eda","potentialAction":[{"@type":"SearchAction","target":{"@type":"EntryPoint","urlTemplate":"https:\/\/www.cde.ual.es\/?s={search_term_string}"},"query-input":{"@type":"PropertyValueSpecification","valueRequired":true,"valueName":"search_term_string"}}],"inLanguage":"en-US"},{"@type":"Organization","@id":"https:\/\/www.cde.ual.es\/#organization","name":"Centro de Documentaci\u00f3n Europea de Almer\u00eda","url":"https:\/\/www.cde.ual.es\/","logo":{"@type":"ImageObject","inLanguage":"en-US","@id":"https:\/\/www.cde.ual.es\/#\/schema\/logo\/image\/","url":"https:\/\/www.cde.ual.es\/wp-content\/uploads\/2025\/07\/cde-logo-3.png","contentUrl":"https:\/\/www.cde.ual.es\/wp-content\/uploads\/2025\/07\/cde-logo-3.png","width":1400,"height":300,"caption":"Centro de Documentaci\u00f3n Europea de Almer\u00eda"},"image":{"@id":"https:\/\/www.cde.ual.es\/#\/schema\/logo\/image\/"},"sameAs":["https:\/\/www.facebook.com\/cdeuniversidadalmeria\/","https:\/\/x.com\/cdeualmeria","https:\/\/www.tiktok.com\/@cdealmeria","https:\/\/www.instagram.com\/cdealmeria\/","https:\/\/www.linkedin.com\/in\/cde-almera-812b26a9\/"]},{"@type":"Person","@id":"https:\/\/www.cde.ual.es\/#\/schema\/person\/224ef08c8bcc005f319d2713ce37ee5f","name":"AdminCDE","image":{"@type":"ImageObject","inLanguage":"en-US","@id":"https:\/\/secure.gravatar.com\/avatar\/a72d038d371f995cd13706fac32274b7952a52e8fb0a84b5f80c85426f2a98a8?s=96&d=mm&r=g","url":"https:\/\/secure.gravatar.com\/avatar\/a72d038d371f995cd13706fac32274b7952a52e8fb0a84b5f80c85426f2a98a8?s=96&d=mm&r=g","contentUrl":"https:\/\/secure.gravatar.com\/avatar\/a72d038d371f995cd13706fac32274b7952a52e8fb0a84b5f80c85426f2a98a8?s=96&d=mm&r=g","caption":"AdminCDE"}}]}},"_links":{"self":[{"href":"https:\/\/www.cde.ual.es\/en\/wp-json\/wp\/v2\/posts\/9025","targetHints":{"allow":["GET"]}}],"collection":[{"href":"https:\/\/www.cde.ual.es\/en\/wp-json\/wp\/v2\/posts"}],"about":[{"href":"https:\/\/www.cde.ual.es\/en\/wp-json\/wp\/v2\/types\/post"}],"author":[{"embeddable":true,"href":"https:\/\/www.cde.ual.es\/en\/wp-json\/wp\/v2\/users\/1"}],"replies":[{"embeddable":true,"href":"https:\/\/www.cde.ual.es\/en\/wp-json\/wp\/v2\/comments?post=9025"}],"version-history":[{"count":0,"href":"https:\/\/www.cde.ual.es\/en\/wp-json\/wp\/v2\/posts\/9025\/revisions"}],"wp:featuredmedia":[{"embeddable":true,"href":"https:\/\/www.cde.ual.es\/en\/wp-json\/wp\/v2\/media\/9026"}],"wp:attachment":[{"href":"https:\/\/www.cde.ual.es\/en\/wp-json\/wp\/v2\/media?parent=9025"}],"wp:term":[{"taxonomy":"category","embeddable":true,"href":"https:\/\/www.cde.ual.es\/en\/wp-json\/wp\/v2\/categories?post=9025"},{"taxonomy":"post_tag","embeddable":true,"href":"https:\/\/www.cde.ual.es\/en\/wp-json\/wp\/v2\/tags?post=9025"}],"curies":[{"name":"wp","href":"https:\/\/api.w.org\/{rel}","templated":true}]}}