{"id":90123,"date":"2022-02-03T03:00:52","date_gmt":"2022-02-03T02:00:52","guid":{"rendered":"https:\/\/www.cde.ual.es\/?p=90123"},"modified":"2022-02-03T08:16:38","modified_gmt":"2022-02-03T07:16:38","slug":"life-programme-circular-economy-and-quality-of-life","status":"publish","type":"post","link":"https:\/\/www.cde.ual.es\/en\/life-programme-circular-economy-and-quality-of-life\/","title":{"rendered":"LIFE Programme: Circular Economy and Quality of Life"},"content":{"rendered":"<h3><a href=\"https:\/\/www.cde.ual.es\/wp-content\/uploads\/2021\/12\/damian-barczak-s33zR6H33A4-unsplash-scaled-e1639728207674.jpg\"><img decoding=\"async\" class=\" wp-image-90134 aligncenter\" src=\"https:\/\/www.cde.ual.es\/wp-content\/uploads\/2021\/12\/damian-barczak-s33zR6H33A4-unsplash-scaled-e1639728207674-1024x755.jpg\" alt=\"\" width=\"499\" height=\"368\" srcset=\"https:\/\/www.cde.ual.es\/wp-content\/uploads\/2021\/12\/damian-barczak-s33zR6H33A4-unsplash-scaled-e1639728207674-1024x755.jpg 1024w, https:\/\/www.cde.ual.es\/wp-content\/uploads\/2021\/12\/damian-barczak-s33zR6H33A4-unsplash-scaled-e1639728207674-300x221.jpg 300w, https:\/\/www.cde.ual.es\/wp-content\/uploads\/2021\/12\/damian-barczak-s33zR6H33A4-unsplash-scaled-e1639728207674-768x567.jpg 768w, https:\/\/www.cde.ual.es\/wp-content\/uploads\/2021\/12\/damian-barczak-s33zR6H33A4-unsplash-scaled-e1639728207674-1536x1133.jpg 1536w, https:\/\/www.cde.ual.es\/wp-content\/uploads\/2021\/12\/damian-barczak-s33zR6H33A4-unsplash-scaled-e1639728207674.jpg 1708w\" sizes=\"(max-width: 499px) 100vw, 499px\" \/><\/a><\/h3>\n<h3><span class=\"topicdescriptionkind\">Objectives<\/span><\/h3>\n<p>The Commission has identified some specific needs to be addressed through dedicated calls (the so-called\u00a0<strong>Other Actions (OAs<\/strong>). They include, amongst others,\u00a0<strong>specific projects<\/strong>\u00a0addressing\u00a0<strong>specific needs<\/strong>\u00a0for the development and implementation of Union environmental or climate policy and legislation.<\/p>\n<p>The 3 topics under this call for proposals concerns\u00a0<strong>LIFE specific projects<\/strong>\u00a0<strong>addressing ad hoc Legislative and Policy Priorities\u00a0<\/strong>(<strong>PLP<\/strong>)<strong>.<\/strong><\/p>\n<p>Based on article 11 of the LIFE Regulation\u00a0<a href=\"https:\/\/eur-lex.europa.eu\/legal-content\/EN\/ALL\/?uri=CELEX:32021R0783\">2021\/783<\/a>\u00a0) the LIFE Multi Annual Work Programme 2021-2024 (COM(2021) 4997 final), includes the possibility to finance each year a limited number of specific projects designed to support specific needs for the development and implementation of Union environment policy and legislation.<\/p>\n<p>For reference, the LIFE projects, called in the past LIFE Regulation preparatory projects, are now called\u00a0<strong>specific projects<\/strong>\u00a0addressing ad hoc Legislative and Policy Priorities (PLP).<\/p>\n<p>Point 4.1.4 of the Multi Annual Work Programme indicates that under the so called Other Actions, additional projects responding to the Union legislative and policy priorities could be determined on annual basis, following a consultation with Member States.<\/p>\n<p>Once a year the Commission makes an inventory of the specific needs regarding the development and implementation of Union environmental or climate policy and legislation that need to be addressed during the following years and identifies among them the needs that could be addressed by specific projects.<\/p>\n<p>Before launching this annual call for proposals, the Member States received a draft list of the identified specific needs that could be addressed by those projects and were asked to comment. Based on these comments, the final list was established.<\/p>\n<h3>Scope<\/h3>\n<p>Under this call, the proposals may be submitted only to address the following specific needs.<\/p>\n<p>The proposed project under the\u00a0<strong>topic<\/strong><strong>\u00a0LIFE 2021-PREP-Environment<\/strong>\u00a0shall address the following specific needs identified by the Member States in the sub-programme\u00a0Circular Economy and Quality of LIFE<strong>.<\/strong><\/p>\n<p><strong>Specific project:<\/strong>\u00a0<strong>Improving traceability of exports of used textiles\/textile waste and Improving recycling of textile waste within the EU.<\/strong><\/p>\n<h3>Deadline<\/h3>\n<p>10 March 2022<\/p>\n<h3>More information<\/h3>\n<p><a href=\"https:\/\/ec.europa.eu\/info\/funding-tenders\/opportunities\/portal\/screen\/opportunities\/topic-details\/life-2021-prep-environment;callCode=null;freeTextSearchKeyword=;matchWholeText=true;typeCodes=1,2;statusCodes=31094502;programmePeriod=null;programCcm2Id=null;programDivisionCode=null;focusAreaCode=null;destination=null;mission=null;geographicalZonesCode=null;programmeDivisionProspect=null;startDateLte=null;startDateGte=null;crossCuttingPriorityCode=null;cpvCode=null;performanceOfDelivery=null;sortQuery=startDate;orderBy=desc;onlyTenders=false;topicListKey=topicSearchTablePageState\" target=\"_blank\" rel=\"noopener\">European Commission &#8211; Funding &amp; Tenders<\/a><\/p>\n","protected":false},"excerpt":{"rendered":"<p>Objectives The Commission has identified some specific needs to be addressed through dedicated calls (the so-called\u00a0Other Actions (OAs). They include, amongst others,\u00a0specific projects\u00a0addressing\u00a0specific needs\u00a0for the development and implementation of Union environmental or climate policy and legislation. The 3 topics under this call for proposals concerns\u00a0LIFE specific projects\u00a0addressing ad hoc Legislative and Policy Priorities\u00a0(PLP). Based on [&hellip;]<\/p>\n","protected":false},"author":1,"featured_media":90134,"comment_status":"open","ping_status":"open","sticky":false,"template":"","format":"standard","meta":{"_acf_changed":false,"_relevanssi_hide_post":"","_relevanssi_hide_content":"","_relevanssi_pin_for_all":"","_relevanssi_pin_keywords":"","_relevanssi_unpin_keywords":"","_relevanssi_related_keywords":"","_relevanssi_related_include_ids":"","_relevanssi_related_exclude_ids":"","_relevanssi_related_no_append":"","_relevanssi_related_not_related":"","_relevanssi_related_posts":"","_relevanssi_noindex_reason":"","_monsterinsights_skip_tracking":false,"_monsterinsights_sitenote_active":false,"_monsterinsights_sitenote_note":"","_monsterinsights_sitenote_category":0,"_genesis_hide_title":false,"_genesis_hide_breadcrumbs":false,"_genesis_hide_singular_image":false,"_genesis_hide_footer_widgets":false,"_genesis_custom_body_class":"","_genesis_custom_post_class":"","_genesis_layout":"","footnotes":""},"categories":[366,4060],"tags":[409,488,564,4862,433],"class_list":{"0":"post-90123","1":"post","2":"type-post","3":"status-publish","4":"format-standard","5":"has-post-thumbnail","7":"category-eu-calls-and-awards","8":"category-life-en","9":"tag-call","10":"tag-economy","11":"tag-life-en","12":"tag-quality-of-life","13":"tag-research","14":"entry"},"acf":[],"yoast_head":"<!-- This site is optimized with the Yoast SEO plugin v27.4 - https:\/\/yoast.com\/product\/yoast-seo-wordpress\/ -->\n<title>LIFE Programme: Circular Economy and Quality of Life | CDE Almer\u00eda - Centro de Documentaci\u00f3n Europea - Universidad de Almer\u00eda<\/title>\n<meta name=\"robots\" content=\"index, follow, max-snippet:-1, max-image-preview:large, max-video-preview:-1\" \/>\n<link rel=\"canonical\" href=\"https:\/\/www.cde.ual.es\/en\/life-programme-circular-economy-and-quality-of-life\/\" \/>\n<meta property=\"og:locale\" content=\"en_US\" \/>\n<meta property=\"og:type\" content=\"article\" \/>\n<meta property=\"og:title\" content=\"LIFE Programme: Circular Economy and Quality of Life | CDE Almer\u00eda - Centro de Documentaci\u00f3n Europea - Universidad de Almer\u00eda\" \/>\n<meta property=\"og:description\" content=\"Objectives The Commission has identified some specific needs to be addressed through dedicated calls (the so-called\u00a0Other Actions (OAs). They include, amongst others,\u00a0specific projects\u00a0addressing\u00a0specific needs\u00a0for the development and implementation of Union environmental or climate policy and legislation. The 3 topics under this call for proposals concerns\u00a0LIFE specific projects\u00a0addressing ad hoc Legislative and Policy Priorities\u00a0(PLP). Based on [&hellip;]\" \/>\n<meta property=\"og:url\" content=\"https:\/\/www.cde.ual.es\/en\/life-programme-circular-economy-and-quality-of-life\/\" \/>\n<meta property=\"og:site_name\" content=\"CDE Almer\u00eda - Centro de Documentaci\u00f3n Europea - Universidad de Almer\u00eda\" \/>\n<meta property=\"article:publisher\" content=\"https:\/\/www.facebook.com\/cdeuniversidadalmeria\/\" \/>\n<meta property=\"article:published_time\" content=\"2022-02-03T02:00:52+00:00\" \/>\n<meta property=\"article:modified_time\" content=\"2022-02-03T07:16:38+00:00\" \/>\n<meta property=\"og:image\" content=\"https:\/\/www.cde.ual.es\/wp-content\/uploads\/2021\/12\/damian-barczak-s33zR6H33A4-unsplash-scaled-e1639728207674.jpg\" \/>\n\t<meta property=\"og:image:width\" content=\"1708\" \/>\n\t<meta property=\"og:image:height\" content=\"1260\" \/>\n\t<meta property=\"og:image:type\" content=\"image\/jpeg\" \/>\n<meta name=\"author\" content=\"AdminCDE\" \/>\n<meta name=\"twitter:card\" content=\"summary_large_image\" \/>\n<meta name=\"twitter:creator\" content=\"@cdeualmeria\" \/>\n<meta name=\"twitter:site\" content=\"@cdeualmeria\" \/>\n<meta name=\"twitter:label1\" content=\"Written by\" \/>\n\t<meta name=\"twitter:data1\" content=\"AdminCDE\" \/>\n\t<meta name=\"twitter:label2\" content=\"Est. reading time\" \/>\n\t<meta name=\"twitter:data2\" content=\"2 minutes\" \/>\n<script type=\"application\/ld+json\" class=\"yoast-schema-graph\">{\"@context\":\"https:\\\/\\\/schema.org\",\"@graph\":[{\"@type\":\"Article\",\"@id\":\"https:\\\/\\\/www.cde.ual.es\\\/en\\\/life-programme-circular-economy-and-quality-of-life\\\/#article\",\"isPartOf\":{\"@id\":\"https:\\\/\\\/www.cde.ual.es\\\/en\\\/life-programme-circular-economy-and-quality-of-life\\\/\"},\"author\":{\"name\":\"AdminCDE\",\"@id\":\"https:\\\/\\\/www.cde.ual.es\\\/#\\\/schema\\\/person\\\/224ef08c8bcc005f319d2713ce37ee5f\"},\"headline\":\"LIFE Programme: Circular Economy and Quality of Life\",\"datePublished\":\"2022-02-03T02:00:52+00:00\",\"dateModified\":\"2022-02-03T07:16:38+00:00\",\"mainEntityOfPage\":{\"@id\":\"https:\\\/\\\/www.cde.ual.es\\\/en\\\/life-programme-circular-economy-and-quality-of-life\\\/\"},\"wordCount\":337,\"commentCount\":0,\"publisher\":{\"@id\":\"https:\\\/\\\/www.cde.ual.es\\\/#organization\"},\"image\":{\"@id\":\"https:\\\/\\\/www.cde.ual.es\\\/en\\\/life-programme-circular-economy-and-quality-of-life\\\/#primaryimage\"},\"thumbnailUrl\":\"https:\\\/\\\/www.cde.ual.es\\\/wp-content\\\/uploads\\\/2021\\\/12\\\/damian-barczak-s33zR6H33A4-unsplash-scaled-e1639728207674.jpg\",\"keywords\":[\"call\",\"Economy\",\"LIFE\",\"quality of life\",\"Research\"],\"articleSection\":[\"EU Calls and Awards\",\"LIFE\"],\"inLanguage\":\"en-US\",\"potentialAction\":[{\"@type\":\"CommentAction\",\"name\":\"Comment\",\"target\":[\"https:\\\/\\\/www.cde.ual.es\\\/en\\\/life-programme-circular-economy-and-quality-of-life\\\/#respond\"]}]},{\"@type\":\"WebPage\",\"@id\":\"https:\\\/\\\/www.cde.ual.es\\\/en\\\/life-programme-circular-economy-and-quality-of-life\\\/\",\"url\":\"https:\\\/\\\/www.cde.ual.es\\\/en\\\/life-programme-circular-economy-and-quality-of-life\\\/\",\"name\":\"LIFE Programme: Circular Economy and Quality of Life | CDE Almer\u00eda - Centro de Documentaci\u00f3n Europea - Universidad de Almer\u00eda\",\"isPartOf\":{\"@id\":\"https:\\\/\\\/www.cde.ual.es\\\/#website\"},\"primaryImageOfPage\":{\"@id\":\"https:\\\/\\\/www.cde.ual.es\\\/en\\\/life-programme-circular-economy-and-quality-of-life\\\/#primaryimage\"},\"image\":{\"@id\":\"https:\\\/\\\/www.cde.ual.es\\\/en\\\/life-programme-circular-economy-and-quality-of-life\\\/#primaryimage\"},\"thumbnailUrl\":\"https:\\\/\\\/www.cde.ual.es\\\/wp-content\\\/uploads\\\/2021\\\/12\\\/damian-barczak-s33zR6H33A4-unsplash-scaled-e1639728207674.jpg\",\"datePublished\":\"2022-02-03T02:00:52+00:00\",\"dateModified\":\"2022-02-03T07:16:38+00:00\",\"breadcrumb\":{\"@id\":\"https:\\\/\\\/www.cde.ual.es\\\/en\\\/life-programme-circular-economy-and-quality-of-life\\\/#breadcrumb\"},\"inLanguage\":\"en-US\",\"potentialAction\":[{\"@type\":\"ReadAction\",\"target\":[\"https:\\\/\\\/www.cde.ual.es\\\/en\\\/life-programme-circular-economy-and-quality-of-life\\\/\"]}]},{\"@type\":\"ImageObject\",\"inLanguage\":\"en-US\",\"@id\":\"https:\\\/\\\/www.cde.ual.es\\\/en\\\/life-programme-circular-economy-and-quality-of-life\\\/#primaryimage\",\"url\":\"https:\\\/\\\/www.cde.ual.es\\\/wp-content\\\/uploads\\\/2021\\\/12\\\/damian-barczak-s33zR6H33A4-unsplash-scaled-e1639728207674.jpg\",\"contentUrl\":\"https:\\\/\\\/www.cde.ual.es\\\/wp-content\\\/uploads\\\/2021\\\/12\\\/damian-barczak-s33zR6H33A4-unsplash-scaled-e1639728207674.jpg\",\"width\":1708,\"height\":1260},{\"@type\":\"BreadcrumbList\",\"@id\":\"https:\\\/\\\/www.cde.ual.es\\\/en\\\/life-programme-circular-economy-and-quality-of-life\\\/#breadcrumb\",\"itemListElement\":[{\"@type\":\"ListItem\",\"position\":1,\"name\":\"Inicio\",\"item\":\"https:\\\/\\\/www.cde.ual.es\\\/en\\\/\"},{\"@type\":\"ListItem\",\"position\":2,\"name\":\"EU Calls and Awards\",\"item\":\"https:\\\/\\\/www.cde.ual.es\\\/en\\\/category\\\/eu-calls-and-awards\\\/\"},{\"@type\":\"ListItem\",\"position\":3,\"name\":\"LIFE\",\"item\":\"https:\\\/\\\/www.cde.ual.es\\\/en\\\/category\\\/eu-calls-and-awards\\\/life-en\\\/\"},{\"@type\":\"ListItem\",\"position\":4,\"name\":\"LIFE Programme: Circular Economy and Quality of Life\"}]},{\"@type\":\"WebSite\",\"@id\":\"https:\\\/\\\/www.cde.ual.es\\\/#website\",\"url\":\"https:\\\/\\\/www.cde.ual.es\\\/\",\"name\":\"CDE Almer\u00eda - Centro de Documentaci\u00f3n Europea - Universidad de Almer\u00eda\",\"description\":\"Centro de Documentaci\u00f3n Europea de la Universidad de Almer\u00eda\",\"publisher\":{\"@id\":\"https:\\\/\\\/www.cde.ual.es\\\/#organization\"},\"alternateName\":\"CDE Almer\u00eda\",\"potentialAction\":[{\"@type\":\"SearchAction\",\"target\":{\"@type\":\"EntryPoint\",\"urlTemplate\":\"https:\\\/\\\/www.cde.ual.es\\\/?s={search_term_string}\"},\"query-input\":{\"@type\":\"PropertyValueSpecification\",\"valueRequired\":true,\"valueName\":\"search_term_string\"}}],\"inLanguage\":\"en-US\"},{\"@type\":\"Organization\",\"@id\":\"https:\\\/\\\/www.cde.ual.es\\\/#organization\",\"name\":\"Centro de Documentaci\u00f3n Europea de Almer\u00eda\",\"url\":\"https:\\\/\\\/www.cde.ual.es\\\/\",\"logo\":{\"@type\":\"ImageObject\",\"inLanguage\":\"en-US\",\"@id\":\"https:\\\/\\\/www.cde.ual.es\\\/#\\\/schema\\\/logo\\\/image\\\/\",\"url\":\"https:\\\/\\\/www.cde.ual.es\\\/wp-content\\\/uploads\\\/2025\\\/07\\\/cde-logo-3.png\",\"contentUrl\":\"https:\\\/\\\/www.cde.ual.es\\\/wp-content\\\/uploads\\\/2025\\\/07\\\/cde-logo-3.png\",\"width\":1400,\"height\":300,\"caption\":\"Centro de Documentaci\u00f3n Europea de Almer\u00eda\"},\"image\":{\"@id\":\"https:\\\/\\\/www.cde.ual.es\\\/#\\\/schema\\\/logo\\\/image\\\/\"},\"sameAs\":[\"https:\\\/\\\/www.facebook.com\\\/cdeuniversidadalmeria\\\/\",\"https:\\\/\\\/x.com\\\/cdeualmeria\",\"https:\\\/\\\/www.tiktok.com\\\/@cdealmeria\",\"https:\\\/\\\/www.instagram.com\\\/cdealmeria\\\/\",\"https:\\\/\\\/www.linkedin.com\\\/in\\\/cde-almera-812b26a9\\\/\"]},{\"@type\":\"Person\",\"@id\":\"https:\\\/\\\/www.cde.ual.es\\\/#\\\/schema\\\/person\\\/224ef08c8bcc005f319d2713ce37ee5f\",\"name\":\"AdminCDE\",\"image\":{\"@type\":\"ImageObject\",\"inLanguage\":\"en-US\",\"@id\":\"https:\\\/\\\/secure.gravatar.com\\\/avatar\\\/a72d038d371f995cd13706fac32274b7952a52e8fb0a84b5f80c85426f2a98a8?s=96&d=mm&r=g\",\"url\":\"https:\\\/\\\/secure.gravatar.com\\\/avatar\\\/a72d038d371f995cd13706fac32274b7952a52e8fb0a84b5f80c85426f2a98a8?s=96&d=mm&r=g\",\"contentUrl\":\"https:\\\/\\\/secure.gravatar.com\\\/avatar\\\/a72d038d371f995cd13706fac32274b7952a52e8fb0a84b5f80c85426f2a98a8?s=96&d=mm&r=g\",\"caption\":\"AdminCDE\"}}]}<\/script>\n<!-- \/ Yoast SEO plugin. -->","yoast_head_json":{"title":"LIFE Programme: Circular Economy and Quality of Life | CDE Almer\u00eda - Centro de Documentaci\u00f3n Europea - Universidad de Almer\u00eda","robots":{"index":"index","follow":"follow","max-snippet":"max-snippet:-1","max-image-preview":"max-image-preview:large","max-video-preview":"max-video-preview:-1"},"canonical":"https:\/\/www.cde.ual.es\/en\/life-programme-circular-economy-and-quality-of-life\/","og_locale":"en_US","og_type":"article","og_title":"LIFE Programme: Circular Economy and Quality of Life | CDE Almer\u00eda - Centro de Documentaci\u00f3n Europea - Universidad de Almer\u00eda","og_description":"Objectives The Commission has identified some specific needs to be addressed through dedicated calls (the so-called\u00a0Other Actions (OAs). They include, amongst others,\u00a0specific projects\u00a0addressing\u00a0specific needs\u00a0for the development and implementation of Union environmental or climate policy and legislation. The 3 topics under this call for proposals concerns\u00a0LIFE specific projects\u00a0addressing ad hoc Legislative and Policy Priorities\u00a0(PLP). Based on [&hellip;]","og_url":"https:\/\/www.cde.ual.es\/en\/life-programme-circular-economy-and-quality-of-life\/","og_site_name":"CDE Almer\u00eda - Centro de Documentaci\u00f3n Europea - Universidad de Almer\u00eda","article_publisher":"https:\/\/www.facebook.com\/cdeuniversidadalmeria\/","article_published_time":"2022-02-03T02:00:52+00:00","article_modified_time":"2022-02-03T07:16:38+00:00","og_image":[{"width":1708,"height":1260,"url":"https:\/\/www.cde.ual.es\/wp-content\/uploads\/2021\/12\/damian-barczak-s33zR6H33A4-unsplash-scaled-e1639728207674.jpg","type":"image\/jpeg"}],"author":"AdminCDE","twitter_card":"summary_large_image","twitter_creator":"@cdeualmeria","twitter_site":"@cdeualmeria","twitter_misc":{"Written by":"AdminCDE","Est. reading time":"2 minutes"},"schema":{"@context":"https:\/\/schema.org","@graph":[{"@type":"Article","@id":"https:\/\/www.cde.ual.es\/en\/life-programme-circular-economy-and-quality-of-life\/#article","isPartOf":{"@id":"https:\/\/www.cde.ual.es\/en\/life-programme-circular-economy-and-quality-of-life\/"},"author":{"name":"AdminCDE","@id":"https:\/\/www.cde.ual.es\/#\/schema\/person\/224ef08c8bcc005f319d2713ce37ee5f"},"headline":"LIFE Programme: Circular Economy and Quality of Life","datePublished":"2022-02-03T02:00:52+00:00","dateModified":"2022-02-03T07:16:38+00:00","mainEntityOfPage":{"@id":"https:\/\/www.cde.ual.es\/en\/life-programme-circular-economy-and-quality-of-life\/"},"wordCount":337,"commentCount":0,"publisher":{"@id":"https:\/\/www.cde.ual.es\/#organization"},"image":{"@id":"https:\/\/www.cde.ual.es\/en\/life-programme-circular-economy-and-quality-of-life\/#primaryimage"},"thumbnailUrl":"https:\/\/www.cde.ual.es\/wp-content\/uploads\/2021\/12\/damian-barczak-s33zR6H33A4-unsplash-scaled-e1639728207674.jpg","keywords":["call","Economy","LIFE","quality of life","Research"],"articleSection":["EU Calls and Awards","LIFE"],"inLanguage":"en-US","potentialAction":[{"@type":"CommentAction","name":"Comment","target":["https:\/\/www.cde.ual.es\/en\/life-programme-circular-economy-and-quality-of-life\/#respond"]}]},{"@type":"WebPage","@id":"https:\/\/www.cde.ual.es\/en\/life-programme-circular-economy-and-quality-of-life\/","url":"https:\/\/www.cde.ual.es\/en\/life-programme-circular-economy-and-quality-of-life\/","name":"LIFE Programme: Circular Economy and Quality of Life | CDE Almer\u00eda - Centro de Documentaci\u00f3n Europea - Universidad de Almer\u00eda","isPartOf":{"@id":"https:\/\/www.cde.ual.es\/#website"},"primaryImageOfPage":{"@id":"https:\/\/www.cde.ual.es\/en\/life-programme-circular-economy-and-quality-of-life\/#primaryimage"},"image":{"@id":"https:\/\/www.cde.ual.es\/en\/life-programme-circular-economy-and-quality-of-life\/#primaryimage"},"thumbnailUrl":"https:\/\/www.cde.ual.es\/wp-content\/uploads\/2021\/12\/damian-barczak-s33zR6H33A4-unsplash-scaled-e1639728207674.jpg","datePublished":"2022-02-03T02:00:52+00:00","dateModified":"2022-02-03T07:16:38+00:00","breadcrumb":{"@id":"https:\/\/www.cde.ual.es\/en\/life-programme-circular-economy-and-quality-of-life\/#breadcrumb"},"inLanguage":"en-US","potentialAction":[{"@type":"ReadAction","target":["https:\/\/www.cde.ual.es\/en\/life-programme-circular-economy-and-quality-of-life\/"]}]},{"@type":"ImageObject","inLanguage":"en-US","@id":"https:\/\/www.cde.ual.es\/en\/life-programme-circular-economy-and-quality-of-life\/#primaryimage","url":"https:\/\/www.cde.ual.es\/wp-content\/uploads\/2021\/12\/damian-barczak-s33zR6H33A4-unsplash-scaled-e1639728207674.jpg","contentUrl":"https:\/\/www.cde.ual.es\/wp-content\/uploads\/2021\/12\/damian-barczak-s33zR6H33A4-unsplash-scaled-e1639728207674.jpg","width":1708,"height":1260},{"@type":"BreadcrumbList","@id":"https:\/\/www.cde.ual.es\/en\/life-programme-circular-economy-and-quality-of-life\/#breadcrumb","itemListElement":[{"@type":"ListItem","position":1,"name":"Inicio","item":"https:\/\/www.cde.ual.es\/en\/"},{"@type":"ListItem","position":2,"name":"EU Calls and Awards","item":"https:\/\/www.cde.ual.es\/en\/category\/eu-calls-and-awards\/"},{"@type":"ListItem","position":3,"name":"LIFE","item":"https:\/\/www.cde.ual.es\/en\/category\/eu-calls-and-awards\/life-en\/"},{"@type":"ListItem","position":4,"name":"LIFE Programme: Circular Economy and Quality of Life"}]},{"@type":"WebSite","@id":"https:\/\/www.cde.ual.es\/#website","url":"https:\/\/www.cde.ual.es\/","name":"CDE Almer\u00eda - Centro de Documentaci\u00f3n Europea - Universidad de Almer\u00eda","description":"Centro de Documentaci\u00f3n Europea de la Universidad de Almer\u00eda","publisher":{"@id":"https:\/\/www.cde.ual.es\/#organization"},"alternateName":"CDE Almer\u00eda","potentialAction":[{"@type":"SearchAction","target":{"@type":"EntryPoint","urlTemplate":"https:\/\/www.cde.ual.es\/?s={search_term_string}"},"query-input":{"@type":"PropertyValueSpecification","valueRequired":true,"valueName":"search_term_string"}}],"inLanguage":"en-US"},{"@type":"Organization","@id":"https:\/\/www.cde.ual.es\/#organization","name":"Centro de Documentaci\u00f3n Europea de Almer\u00eda","url":"https:\/\/www.cde.ual.es\/","logo":{"@type":"ImageObject","inLanguage":"en-US","@id":"https:\/\/www.cde.ual.es\/#\/schema\/logo\/image\/","url":"https:\/\/www.cde.ual.es\/wp-content\/uploads\/2025\/07\/cde-logo-3.png","contentUrl":"https:\/\/www.cde.ual.es\/wp-content\/uploads\/2025\/07\/cde-logo-3.png","width":1400,"height":300,"caption":"Centro de Documentaci\u00f3n Europea de Almer\u00eda"},"image":{"@id":"https:\/\/www.cde.ual.es\/#\/schema\/logo\/image\/"},"sameAs":["https:\/\/www.facebook.com\/cdeuniversidadalmeria\/","https:\/\/x.com\/cdeualmeria","https:\/\/www.tiktok.com\/@cdealmeria","https:\/\/www.instagram.com\/cdealmeria\/","https:\/\/www.linkedin.com\/in\/cde-almera-812b26a9\/"]},{"@type":"Person","@id":"https:\/\/www.cde.ual.es\/#\/schema\/person\/224ef08c8bcc005f319d2713ce37ee5f","name":"AdminCDE","image":{"@type":"ImageObject","inLanguage":"en-US","@id":"https:\/\/secure.gravatar.com\/avatar\/a72d038d371f995cd13706fac32274b7952a52e8fb0a84b5f80c85426f2a98a8?s=96&d=mm&r=g","url":"https:\/\/secure.gravatar.com\/avatar\/a72d038d371f995cd13706fac32274b7952a52e8fb0a84b5f80c85426f2a98a8?s=96&d=mm&r=g","contentUrl":"https:\/\/secure.gravatar.com\/avatar\/a72d038d371f995cd13706fac32274b7952a52e8fb0a84b5f80c85426f2a98a8?s=96&d=mm&r=g","caption":"AdminCDE"}}]}},"_links":{"self":[{"href":"https:\/\/www.cde.ual.es\/en\/wp-json\/wp\/v2\/posts\/90123","targetHints":{"allow":["GET"]}}],"collection":[{"href":"https:\/\/www.cde.ual.es\/en\/wp-json\/wp\/v2\/posts"}],"about":[{"href":"https:\/\/www.cde.ual.es\/en\/wp-json\/wp\/v2\/types\/post"}],"author":[{"embeddable":true,"href":"https:\/\/www.cde.ual.es\/en\/wp-json\/wp\/v2\/users\/1"}],"replies":[{"embeddable":true,"href":"https:\/\/www.cde.ual.es\/en\/wp-json\/wp\/v2\/comments?post=90123"}],"version-history":[{"count":0,"href":"https:\/\/www.cde.ual.es\/en\/wp-json\/wp\/v2\/posts\/90123\/revisions"}],"wp:featuredmedia":[{"embeddable":true,"href":"https:\/\/www.cde.ual.es\/en\/wp-json\/wp\/v2\/media\/90134"}],"wp:attachment":[{"href":"https:\/\/www.cde.ual.es\/en\/wp-json\/wp\/v2\/media?parent=90123"}],"wp:term":[{"taxonomy":"category","embeddable":true,"href":"https:\/\/www.cde.ual.es\/en\/wp-json\/wp\/v2\/categories?post=90123"},{"taxonomy":"post_tag","embeddable":true,"href":"https:\/\/www.cde.ual.es\/en\/wp-json\/wp\/v2\/tags?post=90123"}],"curies":[{"name":"wp","href":"https:\/\/api.w.org\/{rel}","templated":true}]}}