{"id":89539,"date":"2021-12-13T19:51:12","date_gmt":"2021-12-13T18:51:12","guid":{"rendered":"https:\/\/www.cde.ual.es\/?p=89539"},"modified":"2021-12-13T19:52:57","modified_gmt":"2021-12-13T18:52:57","slug":"la-ual-despliega-una-gran-lona-de-solidaridad","status":"publish","type":"post","link":"https:\/\/www.cde.ual.es\/en\/la-ual-despliega-una-gran-lona-de-solidaridad\/","title":{"rendered":"La UAL despliega una gran lona de solidaridad"},"content":{"rendered":"<p>T\u00edtulo: La UAL despliega una gran lona de solidaridad<\/p>\n<p>Autor: Universidad de Almer\u00eda<\/p>\n<p>Duraci\u00f3n: 03:03<\/p>\n<p>Resumen: Decenas de estudiantes han visto en el campus universitario de La Ca\u00f1ada la instalaci\u00f3n de una carpa informativa sobre el programa UAL UNE, coincidiendo con el D\u00eda Internacional de la Solidaridad, conocido como &#8216;Giving Tuesday&#8217;.<\/p>\n<p>Fecha de Publicaci\u00f3n: 30-11-2021<\/p>\n<p><iframe title=\"La UAL despliega una gran lona de solidaridad\" width=\"500\" height=\"281\" src=\"https:\/\/www.youtube.com\/embed\/Ctu2qq5QAKg?feature=oembed\" frameborder=\"0\" allow=\"accelerometer; autoplay; clipboard-write; encrypted-media; gyroscope; picture-in-picture; web-share\" referrerpolicy=\"strict-origin-when-cross-origin\" allowfullscreen><\/iframe><\/p>\n","protected":false},"excerpt":{"rendered":"<p>T\u00edtulo: La UAL despliega una gran lona de solidaridad Autor: Universidad de Almer\u00eda Duraci\u00f3n: 03:03 Resumen: Decenas de estudiantes han visto en el campus universitario de La Ca\u00f1ada la instalaci\u00f3n de una carpa informativa sobre el programa UAL UNE, coincidiendo con el D\u00eda Internacional de la Solidaridad, conocido como &#8216;Giving Tuesday&#8217;. Fecha de Publicaci\u00f3n: 30-11-2021<\/p>\n","protected":false},"author":101011,"featured_media":89540,"comment_status":"open","ping_status":"open","sticky":false,"template":"","format":"standard","meta":{"_acf_changed":false,"_relevanssi_hide_post":"","_relevanssi_hide_content":"","_relevanssi_pin_for_all":"","_relevanssi_pin_keywords":"","_relevanssi_unpin_keywords":"","_relevanssi_related_keywords":"","_relevanssi_related_include_ids":"","_relevanssi_related_exclude_ids":"","_relevanssi_related_no_append":"","_relevanssi_related_not_related":"","_relevanssi_related_posts":"","_relevanssi_noindex_reason":"","_monsterinsights_skip_tracking":false,"_monsterinsights_sitenote_active":false,"_monsterinsights_sitenote_note":"","_monsterinsights_sitenote_category":0,"_genesis_hide_title":false,"_genesis_hide_breadcrumbs":false,"_genesis_hide_singular_image":false,"_genesis_hide_footer_widgets":false,"_genesis_custom_body_class":"","_genesis_custom_post_class":"","_genesis_layout":"","footnotes":""},"categories":[118,115],"tags":[4821,4822,4823,281,1630],"class_list":{"0":"post-89539","1":"post","2":"type-post","3":"status-publish","4":"format-standard","5":"has-post-thumbnail","7":"category-mediateca-cultura-y-educacion","8":"category-repositorio-mediateca","9":"tag-donaciones","10":"tag-patrocinio","11":"tag-programa-universitario","12":"tag-solidaridad","13":"tag-universidad-de-almeria","14":"entry"},"acf":[],"yoast_head":"<!-- This site is optimized with the Yoast SEO plugin v27.4 - https:\/\/yoast.com\/product\/yoast-seo-wordpress\/ -->\n<title>La UAL despliega una gran lona de solidaridad | CDE Almer\u00eda - Centro de Documentaci\u00f3n Europea - Universidad de Almer\u00eda<\/title>\n<meta name=\"robots\" content=\"index, follow, max-snippet:-1, max-image-preview:large, max-video-preview:-1\" \/>\n<link rel=\"canonical\" href=\"https:\/\/www.cde.ual.es\/la-ual-despliega-una-gran-lona-de-solidaridad\/\" \/>\n<meta property=\"og:locale\" content=\"en_US\" \/>\n<meta property=\"og:type\" content=\"article\" \/>\n<meta property=\"og:title\" content=\"La UAL despliega una gran lona de solidaridad | CDE Almer\u00eda - Centro de Documentaci\u00f3n Europea - Universidad de Almer\u00eda\" \/>\n<meta property=\"og:description\" content=\"T\u00edtulo: La UAL despliega una gran lona de solidaridad Autor: Universidad de Almer\u00eda Duraci\u00f3n: 03:03 Resumen: Decenas de estudiantes han visto en el campus universitario de La Ca\u00f1ada la instalaci\u00f3n de una carpa informativa sobre el programa UAL UNE, coincidiendo con el D\u00eda Internacional de la Solidaridad, conocido como &#8216;Giving Tuesday&#8217;. Fecha de Publicaci\u00f3n: 30-11-2021\" \/>\n<meta property=\"og:url\" content=\"https:\/\/www.cde.ual.es\/la-ual-despliega-una-gran-lona-de-solidaridad\/\" \/>\n<meta property=\"og:site_name\" content=\"CDE Almer\u00eda - Centro de Documentaci\u00f3n Europea - Universidad de Almer\u00eda\" \/>\n<meta property=\"article:publisher\" content=\"https:\/\/www.facebook.com\/cdeuniversidadalmeria\/\" \/>\n<meta property=\"article:published_time\" content=\"2021-12-13T18:51:12+00:00\" \/>\n<meta property=\"article:modified_time\" content=\"2021-12-13T18:52:57+00:00\" \/>\n<meta property=\"og:image\" content=\"https:\/\/www.cde.ual.es\/wp-content\/uploads\/2021\/12\/FOTO-NOVIEMBRE-30-2021-EVENTO-SOLIDARIO-UAL-UNE-1068x712-1.jpg\" \/>\n\t<meta property=\"og:image:width\" content=\"1068\" \/>\n\t<meta property=\"og:image:height\" content=\"712\" \/>\n\t<meta property=\"og:image:type\" content=\"image\/jpeg\" \/>\n<meta name=\"author\" content=\"BECA 2 CDE\" \/>\n<meta name=\"twitter:card\" content=\"summary_large_image\" \/>\n<meta name=\"twitter:creator\" content=\"@cdeualmeria\" \/>\n<meta name=\"twitter:site\" content=\"@cdeualmeria\" \/>\n<meta name=\"twitter:label1\" content=\"Written by\" \/>\n\t<meta name=\"twitter:data1\" content=\"BECA 2 CDE\" \/>\n<script type=\"application\/ld+json\" class=\"yoast-schema-graph\">{\"@context\":\"https:\\\/\\\/schema.org\",\"@graph\":[{\"@type\":\"Article\",\"@id\":\"https:\\\/\\\/www.cde.ual.es\\\/la-ual-despliega-una-gran-lona-de-solidaridad\\\/#article\",\"isPartOf\":{\"@id\":\"https:\\\/\\\/www.cde.ual.es\\\/la-ual-despliega-una-gran-lona-de-solidaridad\\\/\"},\"author\":{\"name\":\"BECA 2 CDE\",\"@id\":\"https:\\\/\\\/www.cde.ual.es\\\/#\\\/schema\\\/person\\\/ee46ebc19edfa19598c02cff83335acc\"},\"headline\":\"La UAL despliega una gran lona de solidaridad\",\"datePublished\":\"2021-12-13T18:51:12+00:00\",\"dateModified\":\"2021-12-13T18:52:57+00:00\",\"mainEntityOfPage\":{\"@id\":\"https:\\\/\\\/www.cde.ual.es\\\/la-ual-despliega-una-gran-lona-de-solidaridad\\\/\"},\"wordCount\":76,\"commentCount\":0,\"publisher\":{\"@id\":\"https:\\\/\\\/www.cde.ual.es\\\/#organization\"},\"image\":{\"@id\":\"https:\\\/\\\/www.cde.ual.es\\\/la-ual-despliega-una-gran-lona-de-solidaridad\\\/#primaryimage\"},\"thumbnailUrl\":\"https:\\\/\\\/www.cde.ual.es\\\/wp-content\\\/uploads\\\/2021\\\/12\\\/FOTO-NOVIEMBRE-30-2021-EVENTO-SOLIDARIO-UAL-UNE-1068x712-1.jpg\",\"keywords\":[\"donaciones\",\"patrocinio\",\"programa universitario\",\"Solidaridad\",\"Universidad de Almer\u00eda\"],\"articleSection\":[\"Mediateca - Cultura y Educaci\u00f3n\",\"Repositorio Mediateca\"],\"inLanguage\":\"en-US\",\"potentialAction\":[{\"@type\":\"CommentAction\",\"name\":\"Comment\",\"target\":[\"https:\\\/\\\/www.cde.ual.es\\\/la-ual-despliega-una-gran-lona-de-solidaridad\\\/#respond\"]}]},{\"@type\":\"WebPage\",\"@id\":\"https:\\\/\\\/www.cde.ual.es\\\/la-ual-despliega-una-gran-lona-de-solidaridad\\\/\",\"url\":\"https:\\\/\\\/www.cde.ual.es\\\/la-ual-despliega-una-gran-lona-de-solidaridad\\\/\",\"name\":\"La UAL despliega una gran lona de solidaridad | CDE Almer\u00eda - Centro de Documentaci\u00f3n Europea - Universidad de Almer\u00eda\",\"isPartOf\":{\"@id\":\"https:\\\/\\\/www.cde.ual.es\\\/#website\"},\"primaryImageOfPage\":{\"@id\":\"https:\\\/\\\/www.cde.ual.es\\\/la-ual-despliega-una-gran-lona-de-solidaridad\\\/#primaryimage\"},\"image\":{\"@id\":\"https:\\\/\\\/www.cde.ual.es\\\/la-ual-despliega-una-gran-lona-de-solidaridad\\\/#primaryimage\"},\"thumbnailUrl\":\"https:\\\/\\\/www.cde.ual.es\\\/wp-content\\\/uploads\\\/2021\\\/12\\\/FOTO-NOVIEMBRE-30-2021-EVENTO-SOLIDARIO-UAL-UNE-1068x712-1.jpg\",\"datePublished\":\"2021-12-13T18:51:12+00:00\",\"dateModified\":\"2021-12-13T18:52:57+00:00\",\"breadcrumb\":{\"@id\":\"https:\\\/\\\/www.cde.ual.es\\\/la-ual-despliega-una-gran-lona-de-solidaridad\\\/#breadcrumb\"},\"inLanguage\":\"en-US\",\"potentialAction\":[{\"@type\":\"ReadAction\",\"target\":[\"https:\\\/\\\/www.cde.ual.es\\\/la-ual-despliega-una-gran-lona-de-solidaridad\\\/\"]}]},{\"@type\":\"ImageObject\",\"inLanguage\":\"en-US\",\"@id\":\"https:\\\/\\\/www.cde.ual.es\\\/la-ual-despliega-una-gran-lona-de-solidaridad\\\/#primaryimage\",\"url\":\"https:\\\/\\\/www.cde.ual.es\\\/wp-content\\\/uploads\\\/2021\\\/12\\\/FOTO-NOVIEMBRE-30-2021-EVENTO-SOLIDARIO-UAL-UNE-1068x712-1.jpg\",\"contentUrl\":\"https:\\\/\\\/www.cde.ual.es\\\/wp-content\\\/uploads\\\/2021\\\/12\\\/FOTO-NOVIEMBRE-30-2021-EVENTO-SOLIDARIO-UAL-UNE-1068x712-1.jpg\",\"width\":1068,\"height\":712},{\"@type\":\"BreadcrumbList\",\"@id\":\"https:\\\/\\\/www.cde.ual.es\\\/la-ual-despliega-una-gran-lona-de-solidaridad\\\/#breadcrumb\",\"itemListElement\":[{\"@type\":\"ListItem\",\"position\":1,\"name\":\"Inicio\",\"item\":\"https:\\\/\\\/www.cde.ual.es\\\/en\\\/\"},{\"@type\":\"ListItem\",\"position\":2,\"name\":\"Repositorio Mediateca\",\"item\":\"https:\\\/\\\/www.cde.ual.es\\\/category\\\/repositorio-mediateca\\\/\"},{\"@type\":\"ListItem\",\"position\":3,\"name\":\"La UAL despliega una gran lona de solidaridad\"}]},{\"@type\":\"WebSite\",\"@id\":\"https:\\\/\\\/www.cde.ual.es\\\/#website\",\"url\":\"https:\\\/\\\/www.cde.ual.es\\\/\",\"name\":\"CDE Almer\u00eda - Centro de Documentaci\u00f3n Europea - Universidad de Almer\u00eda\",\"description\":\"Centro de Documentaci\u00f3n Europea de la Universidad de Almer\u00eda\",\"publisher\":{\"@id\":\"https:\\\/\\\/www.cde.ual.es\\\/#organization\"},\"alternateName\":\"CDE Almer\u00eda\",\"potentialAction\":[{\"@type\":\"SearchAction\",\"target\":{\"@type\":\"EntryPoint\",\"urlTemplate\":\"https:\\\/\\\/www.cde.ual.es\\\/?s={search_term_string}\"},\"query-input\":{\"@type\":\"PropertyValueSpecification\",\"valueRequired\":true,\"valueName\":\"search_term_string\"}}],\"inLanguage\":\"en-US\"},{\"@type\":\"Organization\",\"@id\":\"https:\\\/\\\/www.cde.ual.es\\\/#organization\",\"name\":\"Centro de Documentaci\u00f3n Europea de Almer\u00eda\",\"url\":\"https:\\\/\\\/www.cde.ual.es\\\/\",\"logo\":{\"@type\":\"ImageObject\",\"inLanguage\":\"en-US\",\"@id\":\"https:\\\/\\\/www.cde.ual.es\\\/#\\\/schema\\\/logo\\\/image\\\/\",\"url\":\"https:\\\/\\\/www.cde.ual.es\\\/wp-content\\\/uploads\\\/2025\\\/07\\\/cde-logo-3.png\",\"contentUrl\":\"https:\\\/\\\/www.cde.ual.es\\\/wp-content\\\/uploads\\\/2025\\\/07\\\/cde-logo-3.png\",\"width\":1400,\"height\":300,\"caption\":\"Centro de Documentaci\u00f3n Europea de Almer\u00eda\"},\"image\":{\"@id\":\"https:\\\/\\\/www.cde.ual.es\\\/#\\\/schema\\\/logo\\\/image\\\/\"},\"sameAs\":[\"https:\\\/\\\/www.facebook.com\\\/cdeuniversidadalmeria\\\/\",\"https:\\\/\\\/x.com\\\/cdeualmeria\",\"https:\\\/\\\/www.tiktok.com\\\/@cdealmeria\",\"https:\\\/\\\/www.instagram.com\\\/cdealmeria\\\/\",\"https:\\\/\\\/www.linkedin.com\\\/in\\\/cde-almera-812b26a9\\\/\"]},{\"@type\":\"Person\",\"@id\":\"https:\\\/\\\/www.cde.ual.es\\\/#\\\/schema\\\/person\\\/ee46ebc19edfa19598c02cff83335acc\",\"name\":\"BECA 2 CDE\",\"image\":{\"@type\":\"ImageObject\",\"inLanguage\":\"en-US\",\"@id\":\"https:\\\/\\\/secure.gravatar.com\\\/avatar\\\/35a481bbc04bbd90e91bdfa3b0b5541036c222a49b9ad37b6889a2afcb5311a5?s=96&d=mm&r=g\",\"url\":\"https:\\\/\\\/secure.gravatar.com\\\/avatar\\\/35a481bbc04bbd90e91bdfa3b0b5541036c222a49b9ad37b6889a2afcb5311a5?s=96&d=mm&r=g\",\"contentUrl\":\"https:\\\/\\\/secure.gravatar.com\\\/avatar\\\/35a481bbc04bbd90e91bdfa3b0b5541036c222a49b9ad37b6889a2afcb5311a5?s=96&d=mm&r=g\",\"caption\":\"BECA 2 CDE\"},\"sameAs\":[\"http:\\\/\\\/www.cdealmeria.com\"]}]}<\/script>\n<!-- \/ Yoast SEO plugin. -->","yoast_head_json":{"title":"La UAL despliega una gran lona de solidaridad | CDE Almer\u00eda - Centro de Documentaci\u00f3n Europea - Universidad de Almer\u00eda","robots":{"index":"index","follow":"follow","max-snippet":"max-snippet:-1","max-image-preview":"max-image-preview:large","max-video-preview":"max-video-preview:-1"},"canonical":"https:\/\/www.cde.ual.es\/la-ual-despliega-una-gran-lona-de-solidaridad\/","og_locale":"en_US","og_type":"article","og_title":"La UAL despliega una gran lona de solidaridad | CDE Almer\u00eda - Centro de Documentaci\u00f3n Europea - Universidad de Almer\u00eda","og_description":"T\u00edtulo: La UAL despliega una gran lona de solidaridad Autor: Universidad de Almer\u00eda Duraci\u00f3n: 03:03 Resumen: Decenas de estudiantes han visto en el campus universitario de La Ca\u00f1ada la instalaci\u00f3n de una carpa informativa sobre el programa UAL UNE, coincidiendo con el D\u00eda Internacional de la Solidaridad, conocido como &#8216;Giving Tuesday&#8217;. Fecha de Publicaci\u00f3n: 30-11-2021","og_url":"https:\/\/www.cde.ual.es\/la-ual-despliega-una-gran-lona-de-solidaridad\/","og_site_name":"CDE Almer\u00eda - Centro de Documentaci\u00f3n Europea - Universidad de Almer\u00eda","article_publisher":"https:\/\/www.facebook.com\/cdeuniversidadalmeria\/","article_published_time":"2021-12-13T18:51:12+00:00","article_modified_time":"2021-12-13T18:52:57+00:00","og_image":[{"width":1068,"height":712,"url":"https:\/\/www.cde.ual.es\/wp-content\/uploads\/2021\/12\/FOTO-NOVIEMBRE-30-2021-EVENTO-SOLIDARIO-UAL-UNE-1068x712-1.jpg","type":"image\/jpeg"}],"author":"BECA 2 CDE","twitter_card":"summary_large_image","twitter_creator":"@cdeualmeria","twitter_site":"@cdeualmeria","twitter_misc":{"Written by":"BECA 2 CDE"},"schema":{"@context":"https:\/\/schema.org","@graph":[{"@type":"Article","@id":"https:\/\/www.cde.ual.es\/la-ual-despliega-una-gran-lona-de-solidaridad\/#article","isPartOf":{"@id":"https:\/\/www.cde.ual.es\/la-ual-despliega-una-gran-lona-de-solidaridad\/"},"author":{"name":"BECA 2 CDE","@id":"https:\/\/www.cde.ual.es\/#\/schema\/person\/ee46ebc19edfa19598c02cff83335acc"},"headline":"La UAL despliega una gran lona de solidaridad","datePublished":"2021-12-13T18:51:12+00:00","dateModified":"2021-12-13T18:52:57+00:00","mainEntityOfPage":{"@id":"https:\/\/www.cde.ual.es\/la-ual-despliega-una-gran-lona-de-solidaridad\/"},"wordCount":76,"commentCount":0,"publisher":{"@id":"https:\/\/www.cde.ual.es\/#organization"},"image":{"@id":"https:\/\/www.cde.ual.es\/la-ual-despliega-una-gran-lona-de-solidaridad\/#primaryimage"},"thumbnailUrl":"https:\/\/www.cde.ual.es\/wp-content\/uploads\/2021\/12\/FOTO-NOVIEMBRE-30-2021-EVENTO-SOLIDARIO-UAL-UNE-1068x712-1.jpg","keywords":["donaciones","patrocinio","programa universitario","Solidaridad","Universidad de Almer\u00eda"],"articleSection":["Mediateca - Cultura y Educaci\u00f3n","Repositorio Mediateca"],"inLanguage":"en-US","potentialAction":[{"@type":"CommentAction","name":"Comment","target":["https:\/\/www.cde.ual.es\/la-ual-despliega-una-gran-lona-de-solidaridad\/#respond"]}]},{"@type":"WebPage","@id":"https:\/\/www.cde.ual.es\/la-ual-despliega-una-gran-lona-de-solidaridad\/","url":"https:\/\/www.cde.ual.es\/la-ual-despliega-una-gran-lona-de-solidaridad\/","name":"La UAL despliega una gran lona de solidaridad | CDE Almer\u00eda - Centro de Documentaci\u00f3n Europea - Universidad de Almer\u00eda","isPartOf":{"@id":"https:\/\/www.cde.ual.es\/#website"},"primaryImageOfPage":{"@id":"https:\/\/www.cde.ual.es\/la-ual-despliega-una-gran-lona-de-solidaridad\/#primaryimage"},"image":{"@id":"https:\/\/www.cde.ual.es\/la-ual-despliega-una-gran-lona-de-solidaridad\/#primaryimage"},"thumbnailUrl":"https:\/\/www.cde.ual.es\/wp-content\/uploads\/2021\/12\/FOTO-NOVIEMBRE-30-2021-EVENTO-SOLIDARIO-UAL-UNE-1068x712-1.jpg","datePublished":"2021-12-13T18:51:12+00:00","dateModified":"2021-12-13T18:52:57+00:00","breadcrumb":{"@id":"https:\/\/www.cde.ual.es\/la-ual-despliega-una-gran-lona-de-solidaridad\/#breadcrumb"},"inLanguage":"en-US","potentialAction":[{"@type":"ReadAction","target":["https:\/\/www.cde.ual.es\/la-ual-despliega-una-gran-lona-de-solidaridad\/"]}]},{"@type":"ImageObject","inLanguage":"en-US","@id":"https:\/\/www.cde.ual.es\/la-ual-despliega-una-gran-lona-de-solidaridad\/#primaryimage","url":"https:\/\/www.cde.ual.es\/wp-content\/uploads\/2021\/12\/FOTO-NOVIEMBRE-30-2021-EVENTO-SOLIDARIO-UAL-UNE-1068x712-1.jpg","contentUrl":"https:\/\/www.cde.ual.es\/wp-content\/uploads\/2021\/12\/FOTO-NOVIEMBRE-30-2021-EVENTO-SOLIDARIO-UAL-UNE-1068x712-1.jpg","width":1068,"height":712},{"@type":"BreadcrumbList","@id":"https:\/\/www.cde.ual.es\/la-ual-despliega-una-gran-lona-de-solidaridad\/#breadcrumb","itemListElement":[{"@type":"ListItem","position":1,"name":"Inicio","item":"https:\/\/www.cde.ual.es\/en\/"},{"@type":"ListItem","position":2,"name":"Repositorio Mediateca","item":"https:\/\/www.cde.ual.es\/category\/repositorio-mediateca\/"},{"@type":"ListItem","position":3,"name":"La UAL despliega una gran lona de solidaridad"}]},{"@type":"WebSite","@id":"https:\/\/www.cde.ual.es\/#website","url":"https:\/\/www.cde.ual.es\/","name":"CDE Almer\u00eda - Centro de Documentaci\u00f3n Europea - Universidad de Almer\u00eda","description":"Centro de Documentaci\u00f3n Europea de la Universidad de Almer\u00eda","publisher":{"@id":"https:\/\/www.cde.ual.es\/#organization"},"alternateName":"CDE Almer\u00eda","potentialAction":[{"@type":"SearchAction","target":{"@type":"EntryPoint","urlTemplate":"https:\/\/www.cde.ual.es\/?s={search_term_string}"},"query-input":{"@type":"PropertyValueSpecification","valueRequired":true,"valueName":"search_term_string"}}],"inLanguage":"en-US"},{"@type":"Organization","@id":"https:\/\/www.cde.ual.es\/#organization","name":"Centro de Documentaci\u00f3n Europea de Almer\u00eda","url":"https:\/\/www.cde.ual.es\/","logo":{"@type":"ImageObject","inLanguage":"en-US","@id":"https:\/\/www.cde.ual.es\/#\/schema\/logo\/image\/","url":"https:\/\/www.cde.ual.es\/wp-content\/uploads\/2025\/07\/cde-logo-3.png","contentUrl":"https:\/\/www.cde.ual.es\/wp-content\/uploads\/2025\/07\/cde-logo-3.png","width":1400,"height":300,"caption":"Centro de Documentaci\u00f3n Europea de Almer\u00eda"},"image":{"@id":"https:\/\/www.cde.ual.es\/#\/schema\/logo\/image\/"},"sameAs":["https:\/\/www.facebook.com\/cdeuniversidadalmeria\/","https:\/\/x.com\/cdeualmeria","https:\/\/www.tiktok.com\/@cdealmeria","https:\/\/www.instagram.com\/cdealmeria\/","https:\/\/www.linkedin.com\/in\/cde-almera-812b26a9\/"]},{"@type":"Person","@id":"https:\/\/www.cde.ual.es\/#\/schema\/person\/ee46ebc19edfa19598c02cff83335acc","name":"BECA 2 CDE","image":{"@type":"ImageObject","inLanguage":"en-US","@id":"https:\/\/secure.gravatar.com\/avatar\/35a481bbc04bbd90e91bdfa3b0b5541036c222a49b9ad37b6889a2afcb5311a5?s=96&d=mm&r=g","url":"https:\/\/secure.gravatar.com\/avatar\/35a481bbc04bbd90e91bdfa3b0b5541036c222a49b9ad37b6889a2afcb5311a5?s=96&d=mm&r=g","contentUrl":"https:\/\/secure.gravatar.com\/avatar\/35a481bbc04bbd90e91bdfa3b0b5541036c222a49b9ad37b6889a2afcb5311a5?s=96&d=mm&r=g","caption":"BECA 2 CDE"},"sameAs":["http:\/\/www.cdealmeria.com"]}]}},"_links":{"self":[{"href":"https:\/\/www.cde.ual.es\/en\/wp-json\/wp\/v2\/posts\/89539","targetHints":{"allow":["GET"]}}],"collection":[{"href":"https:\/\/www.cde.ual.es\/en\/wp-json\/wp\/v2\/posts"}],"about":[{"href":"https:\/\/www.cde.ual.es\/en\/wp-json\/wp\/v2\/types\/post"}],"author":[{"embeddable":true,"href":"https:\/\/www.cde.ual.es\/en\/wp-json\/wp\/v2\/users\/101011"}],"replies":[{"embeddable":true,"href":"https:\/\/www.cde.ual.es\/en\/wp-json\/wp\/v2\/comments?post=89539"}],"version-history":[{"count":0,"href":"https:\/\/www.cde.ual.es\/en\/wp-json\/wp\/v2\/posts\/89539\/revisions"}],"wp:featuredmedia":[{"embeddable":true,"href":"https:\/\/www.cde.ual.es\/en\/wp-json\/wp\/v2\/media\/89540"}],"wp:attachment":[{"href":"https:\/\/www.cde.ual.es\/en\/wp-json\/wp\/v2\/media?parent=89539"}],"wp:term":[{"taxonomy":"category","embeddable":true,"href":"https:\/\/www.cde.ual.es\/en\/wp-json\/wp\/v2\/categories?post=89539"},{"taxonomy":"post_tag","embeddable":true,"href":"https:\/\/www.cde.ual.es\/en\/wp-json\/wp\/v2\/tags?post=89539"}],"curies":[{"name":"wp","href":"https:\/\/api.w.org\/{rel}","templated":true}]}}